{"id":10481,"date":"2016-04-07T18:05:43","date_gmt":"2016-04-07T16:05:43","guid":{"rendered":"http:\/\/tierheim-moers.de\/Wordpress\/?p=10481"},"modified":"2016-05-04T23:07:52","modified_gmt":"2016-05-04T21:07:52","slug":"geschwister-vita-und-velvet","status":"publish","type":"post","link":"https:\/\/tierheim-moers.de\/Wordpress\/geschwister-vita-und-velvet\/","title":{"rendered":"Geschwister Vita und Velvet, zusammen oder zu einer anderen Jungkatze"},"content":{"rendered":"<p><a href=\"http:\/\/tierheim-moers.de\/Wordpress\/wp-content\/uploads\/2016\/04\/Vita-Velvet2.jpg\">Vita und Velvet <img decoding=\"async\" class=\"alignnone size-medium wp-image-10487\" alt=\"Vita, Velvet2\" src=\"http:\/\/tierheim-moers.de\/Wordpress\/wp-content\/uploads\/2016\/04\/Vita-Velvet2-300x129.jpg\" width=\"300\" height=\"129\" srcset=\"https:\/\/tierheim-moers.de\/Wordpress\/wp-content\/uploads\/2016\/04\/Vita-Velvet2-300x129.jpg 300w, https:\/\/tierheim-moers.de\/Wordpress\/wp-content\/uploads\/2016\/04\/Vita-Velvet2.jpg 399w\" sizes=\"(max-width: 300px) 100vw, 300px\" \/><\/a>Vita<img decoding=\"async\" class=\"alignnone size-full wp-image-10034\" alt=\"Vita\" src=\"http:\/\/tierheim-moers.de\/Wordpress\/wp-content\/uploads\/2016\/03\/Vita.jpg\" width=\"200\" height=\"168\" \/> <a href=\"http:\/\/tierheim-moers.de\/Wordpress\/wp-content\/uploads\/2016\/03\/Velvet.jpg\"><img decoding=\"async\" class=\"alignnone  wp-image-10032\" alt=\"Velvet\" src=\"http:\/\/tierheim-moers.de\/Wordpress\/wp-content\/uploads\/2016\/03\/Velvet.jpg\" width=\"202\" height=\"171\" \/>Velvet<\/a><img loading=\"lazy\" decoding=\"async\" class=\"alignnone size-medium wp-image-10448\" alt=\"IMG_6978 (Andere)\" src=\"http:\/\/tierheim-moers.de\/Wordpress\/wp-content\/uploads\/2016\/03\/IMG_6978-Andere-300x225.jpg\" width=\"300\" height=\"225\" srcset=\"https:\/\/tierheim-moers.de\/Wordpress\/wp-content\/uploads\/2016\/03\/IMG_6978-Andere-300x225.jpg 300w, https:\/\/tierheim-moers.de\/Wordpress\/wp-content\/uploads\/2016\/03\/IMG_6978-Andere.jpg 400w\" sizes=\"(max-width: 300px) 100vw, 300px\" \/> <a href=\"http:\/\/tierheim-moers.de\/Wordpress\/wp-content\/uploads\/2016\/03\/IMG_6977Velvet-Andere.jpg\"><img loading=\"lazy\" decoding=\"async\" class=\"alignnone size-medium wp-image-10447\" alt=\"IMG_6977Velvet (Andere)\" src=\"http:\/\/tierheim-moers.de\/Wordpress\/wp-content\/uploads\/2016\/03\/IMG_6977Velvet-Andere-300x225.jpg\" width=\"300\" height=\"225\" srcset=\"https:\/\/tierheim-moers.de\/Wordpress\/wp-content\/uploads\/2016\/03\/IMG_6977Velvet-Andere-300x225.jpg 300w, https:\/\/tierheim-moers.de\/Wordpress\/wp-content\/uploads\/2016\/03\/IMG_6977Velvet-Andere.jpg 400w\" sizes=\"(max-width: 300px) 100vw, 300px\" \/><\/a>Velvet<\/p>\n\n<table id=\"tablepress-6966U16\" class=\"tablepress tablepress-id-6966U16\">\n<tbody class=\"row-striping row-hover\">\n<tr class=\"row-1\">\n\t<td class=\"column-1\">Name des Tiers:<\/td><td class=\"column-2\">Vita und Velvet<\/td>\n<\/tr>\n<tr class=\"row-2\">\n\t<td class=\"column-1\">Bestandsnummer:<\/td><td class=\"column-2\">69 \u00dc 16<br \/>\n66 \u00dc 16<\/td>\n<\/tr>\n<tr class=\"row-3\">\n\t<td class=\"column-1\">Aufnahmegrund:<\/td><td class=\"column-2\">\u00dcbergabe<\/td>\n<\/tr>\n<tr class=\"row-4\">\n\t<td class=\"column-1\">Im Tierheim seit:<\/td><td class=\"column-2\">04.03.2016<\/td>\n<\/tr>\n<tr class=\"row-5\">\n\t<td class=\"column-1\">Rasse:<\/td><td class=\"column-2\">EKH<\/td>\n<\/tr>\n<tr class=\"row-6\">\n\t<td class=\"column-1\">Geschlecht:<\/td><td class=\"column-2\">beide weiblich<\/td>\n<\/tr>\n<tr class=\"row-7\">\n\t<td class=\"column-1\">Farbe\/Felll\u00e4nge:<\/td><td class=\"column-2\">getigert<br \/>\nschwarz<\/td>\n<\/tr>\n<tr class=\"row-8\">\n\t<td class=\"column-1\">Geburtsdatum:<\/td><td class=\"column-2\">ca. 06.2015<\/td>\n<\/tr>\n<tr class=\"row-9\">\n\t<td class=\"column-1\">Schulterh\u00f6he\/Gewicht:<\/td><td class=\"column-2\"><\/td>\n<\/tr>\n<tr class=\"row-10\">\n\t<td class=\"column-1\">Fundort\/Abgabegrund:<\/td><td class=\"column-2\"><\/td>\n<\/tr>\n<tr class=\"row-11\">\n\t<td class=\"column-1\">Tierbeschreibung:<\/td><td class=\"column-2\">Velvet ist sehr verschmust,<br \/>\nVita verspielt und noch etwas zur\u00fcckhaltend,<br \/>\nFreig\u00e4nger<\/td>\n<\/tr>\n<\/tbody>\n<\/table>\n\n<p>07.04.2016<\/p>\n<p>Vita und Velvet wurden auf einem Bauernhof ausgesetzt. Da der Landwirt schon mehrere eigene Katzen besitzt, hat er die beiden Geschwister\u00a0 zu uns gebracht.<\/p>\n<p>Anfangs sehr misstrauisch haben sie sich zu neugierigen, verspielten Jungkatzen gemausert. Unseren Pflegerinnen vertrauen sie,\u00a0 und diese k\u00f6nnen sie auch streicheln. Besonders Velvet, die schwarze, zierliche Sch\u00f6nheit, l\u00e4sst sich gerne streicheln und puscheln. Dabei rollert sie sich gen\u00fc\u00dflich und entspannt in tiefem Schnurren.<\/p>\n<p>Vita und Velvet m\u00f6chten gerne zu Zweit\u00a0 in ein ruhiges Zuhause ohne Kinder oder zu schon verst\u00e4ndigen Kindern umziehen. Sie k\u00f6nnten auch getrennt zu einer bereits vorhandenen Jundkatze dazukommen.\u00a0 Auch wenn sie sich zu\u00a0 Anfang in einem neuen Zuhause vielleicht wieder ein wenig sch\u00fcchterner zeigen sollten, werden sie mit Liebe, Zuwendung und Geduld bestimmt bald wieder richtige Schmusekatzen werden. Nach einer Eingew\u00f6hnungszeit sollten\u00a0 sie die M\u00f6glichkeit zum Freigang haben.<\/p>\n<p>&nbsp;<\/p>\n<div class=\"shariff shariff-align-flex-start shariff-widget-align-center\" data-url=\"https%3A%2F%2Ftierheim-moers.de%2FWordpress%2Fgeschwister-vita-und-velvet%2F\" data-timestamp=\"1462403272\" data-hidezero=\"1\" data-backendurl=\"https:\/\/tierheim-moers.de\/Wordpress\/wp-json\/shariff\/v1\/share_counts?\"><ul class=\"shariff-buttons theme-round orientation-horizontal buttonsize-small\"><li class=\"shariff-button facebook shariff-nocustomcolor\" style=\"background-color:#4273c8\"><a href=\"https:\/\/www.facebook.com\/sharer\/sharer.php?u=https%3A%2F%2Ftierheim-moers.de%2FWordpress%2Fgeschwister-vita-und-velvet%2F\" title=\"Bei Facebook teilen\" aria-label=\"Bei Facebook teilen\" role=\"button\" rel=\"nofollow\" class=\"shariff-link\" style=\"; background-color:#3b5998; color:#fff\" target=\"_blank\"><span class=\"shariff-icon\" style=\"\"><svg width=\"32px\" height=\"20px\" xmlns=\"http:\/\/www.w3.org\/2000\/svg\" viewBox=\"0 0 18 32\"><path fill=\"#3b5998\" d=\"M17.1 0.2v4.7h-2.8q-1.5 0-2.1 0.6t-0.5 1.9v3.4h5.2l-0.7 5.3h-4.5v13.6h-5.5v-13.6h-4.5v-5.3h4.5v-3.9q0-3.3 1.9-5.2t5-1.8q2.6 0 4.1 0.2z\"\/><\/svg><\/span><\/a><\/li><li class=\"shariff-button twitter shariff-nocustomcolor\" style=\"background-color:#595959\"><a href=\"https:\/\/twitter.com\/share?url=https%3A%2F%2Ftierheim-moers.de%2FWordpress%2Fgeschwister-vita-und-velvet%2F&text=Geschwister%20Vita%20und%20Velvet%2C%20zusammen%20oder%20zu%20einer%20anderen%20Jungkatze\" title=\"Bei X teilen\" aria-label=\"Bei X teilen\" role=\"button\" rel=\"noopener nofollow\" class=\"shariff-link\" style=\"; background-color:#000; color:#fff\" target=\"_blank\"><span class=\"shariff-icon\" style=\"\"><svg width=\"32px\" height=\"20px\" xmlns=\"http:\/\/www.w3.org\/2000\/svg\" viewBox=\"0 0 24 24\"><path fill=\"#000\" d=\"M14.258 10.152L23.176 0h-2.113l-7.747 8.813L7.133 0H0l9.352 13.328L0 23.973h2.113l8.176-9.309 6.531 9.309h7.133zm-2.895 3.293l-.949-1.328L2.875 1.56h3.246l6.086 8.523.945 1.328 7.91 11.078h-3.246zm0 0\"\/><\/svg><\/span><\/a><\/li><li class=\"shariff-button whatsapp shariff-nocustomcolor\" style=\"background-color:#5cbe4a\"><a href=\"https:\/\/api.whatsapp.com\/send?text=https%3A%2F%2Ftierheim-moers.de%2FWordpress%2Fgeschwister-vita-und-velvet%2F%20Geschwister%20Vita%20und%20Velvet%2C%20zusammen%20oder%20zu%20einer%20anderen%20Jungkatze\" title=\"Bei Whatsapp teilen\" aria-label=\"Bei Whatsapp teilen\" role=\"button\" rel=\"noopener nofollow\" class=\"shariff-link\" style=\"; background-color:#34af23; color:#fff\" target=\"_blank\"><span class=\"shariff-icon\" style=\"\"><svg width=\"32px\" height=\"20px\" xmlns=\"http:\/\/www.w3.org\/2000\/svg\" viewBox=\"0 0 32 32\"><path fill=\"#34af23\" d=\"M17.6 17.4q0.2 0 1.7 0.8t1.6 0.9q0 0.1 0 0.3 0 0.6-0.3 1.4-0.3 0.7-1.3 1.2t-1.8 0.5q-1 0-3.4-1.1-1.7-0.8-3-2.1t-2.6-3.3q-1.3-1.9-1.3-3.5v-0.1q0.1-1.6 1.3-2.8 0.4-0.4 0.9-0.4 0.1 0 0.3 0t0.3 0q0.3 0 0.5 0.1t0.3 0.5q0.1 0.4 0.6 1.6t0.4 1.3q0 0.4-0.6 1t-0.6 0.8q0 0.1 0.1 0.3 0.6 1.3 1.8 2.4 1 0.9 2.7 1.8 0.2 0.1 0.4 0.1 0.3 0 1-0.9t0.9-0.9zM14 26.9q2.3 0 4.3-0.9t3.6-2.4 2.4-3.6 0.9-4.3-0.9-4.3-2.4-3.6-3.6-2.4-4.3-0.9-4.3 0.9-3.6 2.4-2.4 3.6-0.9 4.3q0 3.6 2.1 6.6l-1.4 4.2 4.3-1.4q2.8 1.9 6.2 1.9zM14 2.2q2.7 0 5.2 1.1t4.3 2.9 2.9 4.3 1.1 5.2-1.1 5.2-2.9 4.3-4.3 2.9-5.2 1.1q-3.5 0-6.5-1.7l-7.4 2.4 2.4-7.2q-1.9-3.2-1.9-6.9 0-2.7 1.1-5.2t2.9-4.3 4.3-2.9 5.2-1.1z\"\/><\/svg><\/span><\/a><\/li><li class=\"shariff-button sms shariff-nocustomcolor shariff-mobile\" style=\"background-color:#d7d9d8\"><a href=\"sms:?&body=https%3A%2F%2Ftierheim-moers.de%2FWordpress%2Fgeschwister-vita-und-velvet%2F\" title=\"Per SMS teilen\" aria-label=\"Per SMS teilen\" role=\"button\" rel=\"noopener nofollow\" class=\"shariff-link\" style=\"; background-color:#a1e877; color:#fff\" target=\"_blank\"><span class=\"shariff-icon\" style=\"\"><svg xmlns=\"http:\/\/www.w3.org\/2000\/svg\" width=\"510\" height=\"510\" viewBox=\"0 0 510 510\"><path fill=\"#a1e877\" d=\"M459 0H51C23 0 0 23 0 51v459l102-102h357c28.1 0 51-22.9 51-51V51C510 23 487.1 0 459 0zM178.5 229.5h-51v-51h51V229.5zM280.5 229.5h-51v-51h51V229.5zM382.5 229.5h-51v-51h51V229.5z\"\/><\/svg><\/span><\/a><\/li><\/ul><\/div>","protected":false},"excerpt":{"rendered":"<p>Vita und Velvet Vita Velvet Velvet 07.04.2016 Vita und Velvet wurden auf einem Bauernhof ausgesetzt. Da der Landwirt schon mehrere eigene Katzen besitzt, hat er die beiden Geschwister\u00a0 zu uns gebracht. Anfangs sehr misstrauisch haben sie sich zu neugierigen, verspielten Jungkatzen gemausert. Unseren Pflegerinnen vertrauen sie,\u00a0 und diese k\u00f6nnen sie &#8230;<\/p>\n","protected":false},"author":4,"featured_media":10487,"comment_status":"closed","ping_status":"open","sticky":false,"template":"","format":"standard","meta":{"ngg_post_thumbnail":0,"footnotes":""},"categories":[1],"tags":[],"class_list":["post-10481","post","type-post","status-publish","format-standard","has-post-thumbnail","hentry","category-aktuell","column","threecol","has-thumbnail"],"yoast_head":"<!-- This site is optimized with the Yoast SEO plugin v24.6 - https:\/\/yoast.com\/wordpress\/plugins\/seo\/ -->\n<title>Geschwister Vita und Velvet, zusammen oder zu einer anderen Jungkatze | TIERHEIM MOERS<\/title>\n<meta name=\"robots\" content=\"index, follow, max-snippet:-1, max-image-preview:large, max-video-preview:-1\" \/>\n<link rel=\"canonical\" href=\"https:\/\/tierheim-moers.de\/Wordpress\/geschwister-vita-und-velvet\/\" \/>\n<meta property=\"og:locale\" content=\"de_DE\" \/>\n<meta property=\"og:type\" content=\"article\" \/>\n<meta property=\"og:title\" content=\"Geschwister Vita und Velvet, zusammen oder zu einer anderen Jungkatze | TIERHEIM MOERS\" \/>\n<meta property=\"og:description\" content=\"Vita und Velvet Vita Velvet Velvet 07.04.2016 Vita und Velvet wurden auf einem Bauernhof ausgesetzt. Da der Landwirt schon mehrere eigene Katzen &#8230;\" \/>\n<meta property=\"og:url\" content=\"https:\/\/tierheim-moers.de\/Wordpress\/geschwister-vita-und-velvet\/\" \/>\n<meta property=\"og:site_name\" content=\"TIERHEIM MOERS\" \/>\n<meta property=\"article:publisher\" content=\"https:\/\/de-de.facebook.com\/moers.tierheim\" \/>\n<meta property=\"article:published_time\" content=\"2016-04-07T16:05:43+00:00\" \/>\n<meta property=\"article:modified_time\" content=\"2016-05-04T21:07:52+00:00\" \/>\n<meta property=\"og:image\" content=\"https:\/\/tierheim-moers.de\/Wordpress\/wp-content\/uploads\/2016\/04\/Vita-Velvet2.jpg\" \/>\n\t<meta property=\"og:image:width\" content=\"399\" \/>\n\t<meta property=\"og:image:height\" content=\"172\" \/>\n\t<meta property=\"og:image:type\" content=\"image\/jpeg\" \/>\n<meta name=\"author\" content=\"Gisela Kuhnen\" \/>\n<meta name=\"twitter:card\" content=\"summary_large_image\" \/>\n<meta name=\"twitter:label1\" content=\"Verfasst von\" \/>\n\t<meta name=\"twitter:data1\" content=\"Gisela Kuhnen\" \/>\n\t<meta name=\"twitter:label2\" content=\"Gesch\u00e4tzte Lesezeit\" \/>\n\t<meta name=\"twitter:data2\" content=\"1\u00a0Minute\" \/>\n<script type=\"application\/ld+json\" class=\"yoast-schema-graph\">{\"@context\":\"https:\/\/schema.org\",\"@graph\":[{\"@type\":\"Article\",\"@id\":\"https:\/\/tierheim-moers.de\/Wordpress\/geschwister-vita-und-velvet\/#article\",\"isPartOf\":{\"@id\":\"https:\/\/tierheim-moers.de\/Wordpress\/geschwister-vita-und-velvet\/\"},\"author\":{\"name\":\"Gisela Kuhnen\",\"@id\":\"https:\/\/tierheim-moers.de\/Wordpress\/#\/schema\/person\/35ad410ed2d8620d4f57f813585b0d8e\"},\"headline\":\"Geschwister Vita und Velvet, zusammen oder zu einer anderen Jungkatze\",\"datePublished\":\"2016-04-07T16:05:43+00:00\",\"dateModified\":\"2016-05-04T21:07:52+00:00\",\"mainEntityOfPage\":{\"@id\":\"https:\/\/tierheim-moers.de\/Wordpress\/geschwister-vita-und-velvet\/\"},\"wordCount\":166,\"publisher\":{\"@id\":\"https:\/\/tierheim-moers.de\/Wordpress\/#organization\"},\"image\":{\"@id\":\"https:\/\/tierheim-moers.de\/Wordpress\/geschwister-vita-und-velvet\/#primaryimage\"},\"thumbnailUrl\":\"https:\/\/tierheim-moers.de\/Wordpress\/wp-content\/uploads\/2016\/04\/Vita-Velvet2.jpg\",\"articleSection\":[\"Aktuell\"],\"inLanguage\":\"de\"},{\"@type\":\"WebPage\",\"@id\":\"https:\/\/tierheim-moers.de\/Wordpress\/geschwister-vita-und-velvet\/\",\"url\":\"https:\/\/tierheim-moers.de\/Wordpress\/geschwister-vita-und-velvet\/\",\"name\":\"Geschwister Vita und Velvet, zusammen oder zu einer anderen Jungkatze | TIERHEIM MOERS\",\"isPartOf\":{\"@id\":\"https:\/\/tierheim-moers.de\/Wordpress\/#website\"},\"primaryImageOfPage\":{\"@id\":\"https:\/\/tierheim-moers.de\/Wordpress\/geschwister-vita-und-velvet\/#primaryimage\"},\"image\":{\"@id\":\"https:\/\/tierheim-moers.de\/Wordpress\/geschwister-vita-und-velvet\/#primaryimage\"},\"thumbnailUrl\":\"https:\/\/tierheim-moers.de\/Wordpress\/wp-content\/uploads\/2016\/04\/Vita-Velvet2.jpg\",\"datePublished\":\"2016-04-07T16:05:43+00:00\",\"dateModified\":\"2016-05-04T21:07:52+00:00\",\"breadcrumb\":{\"@id\":\"https:\/\/tierheim-moers.de\/Wordpress\/geschwister-vita-und-velvet\/#breadcrumb\"},\"inLanguage\":\"de\",\"potentialAction\":[{\"@type\":\"ReadAction\",\"target\":[\"https:\/\/tierheim-moers.de\/Wordpress\/geschwister-vita-und-velvet\/\"]}]},{\"@type\":\"ImageObject\",\"inLanguage\":\"de\",\"@id\":\"https:\/\/tierheim-moers.de\/Wordpress\/geschwister-vita-und-velvet\/#primaryimage\",\"url\":\"https:\/\/tierheim-moers.de\/Wordpress\/wp-content\/uploads\/2016\/04\/Vita-Velvet2.jpg\",\"contentUrl\":\"https:\/\/tierheim-moers.de\/Wordpress\/wp-content\/uploads\/2016\/04\/Vita-Velvet2.jpg\",\"width\":399,\"height\":172},{\"@type\":\"BreadcrumbList\",\"@id\":\"https:\/\/tierheim-moers.de\/Wordpress\/geschwister-vita-und-velvet\/#breadcrumb\",\"itemListElement\":[{\"@type\":\"ListItem\",\"position\":1,\"name\":\"Startseite\",\"item\":\"https:\/\/tierheim-moers.de\/Wordpress\/\"},{\"@type\":\"ListItem\",\"position\":2,\"name\":\"Geschwister Vita und Velvet, zusammen oder zu einer anderen Jungkatze\"}]},{\"@type\":\"WebSite\",\"@id\":\"https:\/\/tierheim-moers.de\/Wordpress\/#website\",\"url\":\"https:\/\/tierheim-moers.de\/Wordpress\/\",\"name\":\"Tierheim Moers\",\"description\":\"Tierheim | Hundepension | Tierschutz | Moers\",\"publisher\":{\"@id\":\"https:\/\/tierheim-moers.de\/Wordpress\/#organization\"},\"potentialAction\":[{\"@type\":\"SearchAction\",\"target\":{\"@type\":\"EntryPoint\",\"urlTemplate\":\"https:\/\/tierheim-moers.de\/Wordpress\/?s={search_term_string}\"},\"query-input\":{\"@type\":\"PropertyValueSpecification\",\"valueRequired\":true,\"valueName\":\"search_term_string\"}}],\"inLanguage\":\"de\"},{\"@type\":\"Organization\",\"@id\":\"https:\/\/tierheim-moers.de\/Wordpress\/#organization\",\"name\":\"Tierheim Moers\",\"url\":\"https:\/\/tierheim-moers.de\/Wordpress\/\",\"logo\":{\"@type\":\"ImageObject\",\"inLanguage\":\"de\",\"@id\":\"https:\/\/tierheim-moers.de\/Wordpress\/#\/schema\/logo\/image\/\",\"url\":\"https:\/\/tierheim-moers.de\/Wordpress\/wp-content\/uploads\/2014\/04\/Logo-TSV-Moers-V01-RGB-300.png\",\"contentUrl\":\"https:\/\/tierheim-moers.de\/Wordpress\/wp-content\/uploads\/2014\/04\/Logo-TSV-Moers-V01-RGB-300.png\",\"width\":1052,\"height\":1038,\"caption\":\"Tierheim Moers\"},\"image\":{\"@id\":\"https:\/\/tierheim-moers.de\/Wordpress\/#\/schema\/logo\/image\/\"},\"sameAs\":[\"https:\/\/de-de.facebook.com\/moers.tierheim\"]},{\"@type\":\"Person\",\"@id\":\"https:\/\/tierheim-moers.de\/Wordpress\/#\/schema\/person\/35ad410ed2d8620d4f57f813585b0d8e\",\"name\":\"Gisela Kuhnen\",\"image\":{\"@type\":\"ImageObject\",\"inLanguage\":\"de\",\"@id\":\"https:\/\/tierheim-moers.de\/Wordpress\/#\/schema\/person\/image\/\",\"url\":\"https:\/\/secure.gravatar.com\/avatar\/807ca84b4538291e2f5dc665ed240a0d4d7ab8f22360ec427a82fe926980b31a?s=96&d=mm&r=g\",\"contentUrl\":\"https:\/\/secure.gravatar.com\/avatar\/807ca84b4538291e2f5dc665ed240a0d4d7ab8f22360ec427a82fe926980b31a?s=96&d=mm&r=g\",\"caption\":\"Gisela Kuhnen\"},\"url\":\"https:\/\/tierheim-moers.de\/Wordpress\/author\/gisela-kuhnen\/\"}]}<\/script>\n<!-- \/ Yoast SEO plugin. -->","yoast_head_json":{"title":"Geschwister Vita und Velvet, zusammen oder zu einer anderen Jungkatze | TIERHEIM MOERS","robots":{"index":"index","follow":"follow","max-snippet":"max-snippet:-1","max-image-preview":"max-image-preview:large","max-video-preview":"max-video-preview:-1"},"canonical":"https:\/\/tierheim-moers.de\/Wordpress\/geschwister-vita-und-velvet\/","og_locale":"de_DE","og_type":"article","og_title":"Geschwister Vita und Velvet, zusammen oder zu einer anderen Jungkatze | TIERHEIM MOERS","og_description":"Vita und Velvet Vita Velvet Velvet 07.04.2016 Vita und Velvet wurden auf einem Bauernhof ausgesetzt. Da der Landwirt schon mehrere eigene Katzen &#8230;","og_url":"https:\/\/tierheim-moers.de\/Wordpress\/geschwister-vita-und-velvet\/","og_site_name":"TIERHEIM MOERS","article_publisher":"https:\/\/de-de.facebook.com\/moers.tierheim","article_published_time":"2016-04-07T16:05:43+00:00","article_modified_time":"2016-05-04T21:07:52+00:00","og_image":[{"width":399,"height":172,"url":"https:\/\/tierheim-moers.de\/Wordpress\/wp-content\/uploads\/2016\/04\/Vita-Velvet2.jpg","type":"image\/jpeg"}],"author":"Gisela Kuhnen","twitter_card":"summary_large_image","twitter_misc":{"Verfasst von":"Gisela Kuhnen","Gesch\u00e4tzte Lesezeit":"1\u00a0Minute"},"schema":{"@context":"https:\/\/schema.org","@graph":[{"@type":"Article","@id":"https:\/\/tierheim-moers.de\/Wordpress\/geschwister-vita-und-velvet\/#article","isPartOf":{"@id":"https:\/\/tierheim-moers.de\/Wordpress\/geschwister-vita-und-velvet\/"},"author":{"name":"Gisela Kuhnen","@id":"https:\/\/tierheim-moers.de\/Wordpress\/#\/schema\/person\/35ad410ed2d8620d4f57f813585b0d8e"},"headline":"Geschwister Vita und Velvet, zusammen oder zu einer anderen Jungkatze","datePublished":"2016-04-07T16:05:43+00:00","dateModified":"2016-05-04T21:07:52+00:00","mainEntityOfPage":{"@id":"https:\/\/tierheim-moers.de\/Wordpress\/geschwister-vita-und-velvet\/"},"wordCount":166,"publisher":{"@id":"https:\/\/tierheim-moers.de\/Wordpress\/#organization"},"image":{"@id":"https:\/\/tierheim-moers.de\/Wordpress\/geschwister-vita-und-velvet\/#primaryimage"},"thumbnailUrl":"https:\/\/tierheim-moers.de\/Wordpress\/wp-content\/uploads\/2016\/04\/Vita-Velvet2.jpg","articleSection":["Aktuell"],"inLanguage":"de"},{"@type":"WebPage","@id":"https:\/\/tierheim-moers.de\/Wordpress\/geschwister-vita-und-velvet\/","url":"https:\/\/tierheim-moers.de\/Wordpress\/geschwister-vita-und-velvet\/","name":"Geschwister Vita und Velvet, zusammen oder zu einer anderen Jungkatze | TIERHEIM MOERS","isPartOf":{"@id":"https:\/\/tierheim-moers.de\/Wordpress\/#website"},"primaryImageOfPage":{"@id":"https:\/\/tierheim-moers.de\/Wordpress\/geschwister-vita-und-velvet\/#primaryimage"},"image":{"@id":"https:\/\/tierheim-moers.de\/Wordpress\/geschwister-vita-und-velvet\/#primaryimage"},"thumbnailUrl":"https:\/\/tierheim-moers.de\/Wordpress\/wp-content\/uploads\/2016\/04\/Vita-Velvet2.jpg","datePublished":"2016-04-07T16:05:43+00:00","dateModified":"2016-05-04T21:07:52+00:00","breadcrumb":{"@id":"https:\/\/tierheim-moers.de\/Wordpress\/geschwister-vita-und-velvet\/#breadcrumb"},"inLanguage":"de","potentialAction":[{"@type":"ReadAction","target":["https:\/\/tierheim-moers.de\/Wordpress\/geschwister-vita-und-velvet\/"]}]},{"@type":"ImageObject","inLanguage":"de","@id":"https:\/\/tierheim-moers.de\/Wordpress\/geschwister-vita-und-velvet\/#primaryimage","url":"https:\/\/tierheim-moers.de\/Wordpress\/wp-content\/uploads\/2016\/04\/Vita-Velvet2.jpg","contentUrl":"https:\/\/tierheim-moers.de\/Wordpress\/wp-content\/uploads\/2016\/04\/Vita-Velvet2.jpg","width":399,"height":172},{"@type":"BreadcrumbList","@id":"https:\/\/tierheim-moers.de\/Wordpress\/geschwister-vita-und-velvet\/#breadcrumb","itemListElement":[{"@type":"ListItem","position":1,"name":"Startseite","item":"https:\/\/tierheim-moers.de\/Wordpress\/"},{"@type":"ListItem","position":2,"name":"Geschwister Vita und Velvet, zusammen oder zu einer anderen Jungkatze"}]},{"@type":"WebSite","@id":"https:\/\/tierheim-moers.de\/Wordpress\/#website","url":"https:\/\/tierheim-moers.de\/Wordpress\/","name":"Tierheim Moers","description":"Tierheim | Hundepension | Tierschutz | Moers","publisher":{"@id":"https:\/\/tierheim-moers.de\/Wordpress\/#organization"},"potentialAction":[{"@type":"SearchAction","target":{"@type":"EntryPoint","urlTemplate":"https:\/\/tierheim-moers.de\/Wordpress\/?s={search_term_string}"},"query-input":{"@type":"PropertyValueSpecification","valueRequired":true,"valueName":"search_term_string"}}],"inLanguage":"de"},{"@type":"Organization","@id":"https:\/\/tierheim-moers.de\/Wordpress\/#organization","name":"Tierheim Moers","url":"https:\/\/tierheim-moers.de\/Wordpress\/","logo":{"@type":"ImageObject","inLanguage":"de","@id":"https:\/\/tierheim-moers.de\/Wordpress\/#\/schema\/logo\/image\/","url":"https:\/\/tierheim-moers.de\/Wordpress\/wp-content\/uploads\/2014\/04\/Logo-TSV-Moers-V01-RGB-300.png","contentUrl":"https:\/\/tierheim-moers.de\/Wordpress\/wp-content\/uploads\/2014\/04\/Logo-TSV-Moers-V01-RGB-300.png","width":1052,"height":1038,"caption":"Tierheim Moers"},"image":{"@id":"https:\/\/tierheim-moers.de\/Wordpress\/#\/schema\/logo\/image\/"},"sameAs":["https:\/\/de-de.facebook.com\/moers.tierheim"]},{"@type":"Person","@id":"https:\/\/tierheim-moers.de\/Wordpress\/#\/schema\/person\/35ad410ed2d8620d4f57f813585b0d8e","name":"Gisela Kuhnen","image":{"@type":"ImageObject","inLanguage":"de","@id":"https:\/\/tierheim-moers.de\/Wordpress\/#\/schema\/person\/image\/","url":"https:\/\/secure.gravatar.com\/avatar\/807ca84b4538291e2f5dc665ed240a0d4d7ab8f22360ec427a82fe926980b31a?s=96&d=mm&r=g","contentUrl":"https:\/\/secure.gravatar.com\/avatar\/807ca84b4538291e2f5dc665ed240a0d4d7ab8f22360ec427a82fe926980b31a?s=96&d=mm&r=g","caption":"Gisela Kuhnen"},"url":"https:\/\/tierheim-moers.de\/Wordpress\/author\/gisela-kuhnen\/"}]}},"_links":{"self":[{"href":"https:\/\/tierheim-moers.de\/Wordpress\/wp-json\/wp\/v2\/posts\/10481","targetHints":{"allow":["GET"]}}],"collection":[{"href":"https:\/\/tierheim-moers.de\/Wordpress\/wp-json\/wp\/v2\/posts"}],"about":[{"href":"https:\/\/tierheim-moers.de\/Wordpress\/wp-json\/wp\/v2\/types\/post"}],"author":[{"embeddable":true,"href":"https:\/\/tierheim-moers.de\/Wordpress\/wp-json\/wp\/v2\/users\/4"}],"replies":[{"embeddable":true,"href":"https:\/\/tierheim-moers.de\/Wordpress\/wp-json\/wp\/v2\/comments?post=10481"}],"version-history":[{"count":8,"href":"https:\/\/tierheim-moers.de\/Wordpress\/wp-json\/wp\/v2\/posts\/10481\/revisions"}],"predecessor-version":[{"id":10548,"href":"https:\/\/tierheim-moers.de\/Wordpress\/wp-json\/wp\/v2\/posts\/10481\/revisions\/10548"}],"wp:featuredmedia":[{"embeddable":true,"href":"https:\/\/tierheim-moers.de\/Wordpress\/wp-json\/wp\/v2\/media\/10487"}],"wp:attachment":[{"href":"https:\/\/tierheim-moers.de\/Wordpress\/wp-json\/wp\/v2\/media?parent=10481"}],"wp:term":[{"taxonomy":"category","embeddable":true,"href":"https:\/\/tierheim-moers.de\/Wordpress\/wp-json\/wp\/v2\/categories?post=10481"},{"taxonomy":"post_tag","embeddable":true,"href":"https:\/\/tierheim-moers.de\/Wordpress\/wp-json\/wp\/v2\/tags?post=10481"}],"curies":[{"name":"wp","href":"https:\/\/api.w.org\/{rel}","templated":true}]}}