{"id":12317,"date":"2017-08-26T16:20:04","date_gmt":"2017-08-26T14:20:04","guid":{"rendered":"http:\/\/tierheim-moers.de\/Wordpress\/?p=12317"},"modified":"2017-08-29T15:13:33","modified_gmt":"2017-08-29T13:13:33","slug":"dusty-huebscher-bursche-mit-handicap","status":"publish","type":"post","link":"https:\/\/tierheim-moers.de\/Wordpress\/dusty-huebscher-bursche-mit-handicap\/","title":{"rendered":"Dusty &#8211; h\u00fcbscher Bursche mit kleinem Handicap, vermittelt 26.08.2017"},"content":{"rendered":"\n<table id=\"tablepress-291Ue16\" class=\"tablepress tablepress-id-291Ue16\">\n<tbody class=\"row-striping row-hover\">\n<tr class=\"row-1\">\n\t<td class=\"column-1\">Name des Tiers:<\/td><td class=\"column-2\">Dusty<\/td>\n<\/tr>\n<tr class=\"row-2\">\n\t<td class=\"column-1\">Bestandsnummer:<\/td><td class=\"column-2\">291_\u00dc_16<\/td>\n<\/tr>\n<tr class=\"row-3\">\n\t<td class=\"column-1\">Aufnahmegrund:<\/td><td class=\"column-2\">\u00dcbereignung durch Besitzer<\/td>\n<\/tr>\n<tr class=\"row-4\">\n\t<td class=\"column-1\">Im Tierheim seit:<\/td><td class=\"column-2\">06.09.2016<\/td>\n<\/tr>\n<tr class=\"row-5\">\n\t<td class=\"column-1\">Rasse:<\/td><td class=\"column-2\">Mischling<\/td>\n<\/tr>\n<tr class=\"row-6\">\n\t<td class=\"column-1\">Geschlecht:<\/td><td class=\"column-2\">m\u00e4nnlich<\/td>\n<\/tr>\n<tr class=\"row-7\">\n\t<td class=\"column-1\">Farbe\/Felll\u00e4nge:<\/td><td class=\"column-2\">braun-wei\u00df \/ Mittellang<\/td>\n<\/tr>\n<tr class=\"row-8\">\n\t<td class=\"column-1\">Geburtsdatum:<\/td><td class=\"column-2\">01.05.2013<\/td>\n<\/tr>\n<tr class=\"row-9\">\n\t<td class=\"column-1\">Schulterh\u00f6he\/Gewicht:<\/td><td class=\"column-2\"><\/td>\n<\/tr>\n<tr class=\"row-10\">\n\t<td class=\"column-1\">Fundort\/Abgabegrund:<\/td><td class=\"column-2\">Erkrankung der Besitzerin<\/td>\n<\/tr>\n<tr class=\"row-11\">\n\t<td class=\"column-1\">Tierbeschreibung:<\/td><td class=\"column-2\"><\/td>\n<\/tr>\n<\/tbody>\n<\/table>\n\n<p>Dusty ist ein dreij\u00e4hriger kleiner Mischlingsr\u00fcde, der mit seinem &#8220;Herzchen auf dem Kopf&#8221; alle um seine Pfoten wickelt.<\/p>\n<p><a href=\"http:\/\/tierheim-moers.de\/Wordpress\/wp-content\/uploads\/2016\/09\/dusty1.jpg\"><img fetchpriority=\"high\" decoding=\"async\" class=\"alignnone size-medium wp-image-12318\" src=\"http:\/\/tierheim-moers.de\/Wordpress\/wp-content\/uploads\/2016\/09\/dusty1-225x300.jpg\" alt=\"dusty1\" width=\"225\" height=\"300\" srcset=\"https:\/\/tierheim-moers.de\/Wordpress\/wp-content\/uploads\/2016\/09\/dusty1-225x300.jpg 225w, https:\/\/tierheim-moers.de\/Wordpress\/wp-content\/uploads\/2016\/09\/dusty1.jpg 500w\" sizes=\"(max-width: 225px) 100vw, 225px\" \/><\/a><\/p>\n<p>Er musste schwerenherzens aus gesundheitlichen Gr\u00fcnden von der Vorbesitzerin abgegeben werden. Dort hat er leider auch keine lange Zeit verbracht, verliert somit (mindestens) das dritte mal sein gewohntes Umfeld und seine Bezugspersonen. Nun suchen wir ein zu Hause F\u00dcR IMMER, denn dies hat NIEMAND verdient!<\/p>\n<p>Sein neues zu Hause sollte ebenerdig sein, denn Dusty hat leider eine alte Verletzung am Vorderlauf, die ihn f\u00fcr immer ein wenig beeintr\u00e4chtigen wird. Er kommt damit sehr gut klar, aber eine dauernde Belastung durch Treppenstufen m\u00f6chten wir ihm nicht zumuten.<\/p>\n<p><a href=\"http:\/\/tierheim-moers.de\/Wordpress\/wp-content\/uploads\/2016\/09\/dusty2.jpg\"><img decoding=\"async\" class=\"alignnone size-medium wp-image-12319\" src=\"http:\/\/tierheim-moers.de\/Wordpress\/wp-content\/uploads\/2016\/09\/dusty2-225x300.jpg\" alt=\"dusty2\" width=\"225\" height=\"300\" srcset=\"https:\/\/tierheim-moers.de\/Wordpress\/wp-content\/uploads\/2016\/09\/dusty2-225x300.jpg 225w, https:\/\/tierheim-moers.de\/Wordpress\/wp-content\/uploads\/2016\/09\/dusty2.jpg 500w\" sizes=\"(max-width: 225px) 100vw, 225px\" \/><\/a><\/p>\n<p>Wenn Dusty etwas nicht passt oder er sich eingeengt f\u00fchlt reagiert er ab und zu zickig. An diesem Verhalten muss unbedingt gearbeitet werden. Deshalb sollten Kinder bereits gr\u00f6\u00dfer und hundeerfahren sein.<\/p>\n<p>Mit Artgenossen versteht er sich sehr gut.<\/p>\n<p>UPDATE vom 26.09.2016:<\/p>\n<p>Leider haben wir keine guten Nachrichten. Dusty muss eventuell mehrfach operiert werden. Aufgrund der Fehlstellung des Vorderbeins und der Schmerzempfindlichkeit der H\u00fcfte, haben wir Dusty r\u00f6ntgen lassen. In diesem Rahmen wurde festgestellt dass er bereits seit sehr langer Zeit Schmerzen haben muss (was sein Verhalten erkl\u00e4rt!)<\/p>\n<p>Dusty hat einen alten Bruch im Vorderbein. Vermutlich ist dieser Bruch im Welpenalter passiert. Dieser wurde auch mit einer Platte versorgt. Leider wurde diese Platte (wie es eigentlich h\u00e4tte geschehen m\u00fcssen) nicht entfernt. Daher kam es zu einer Fehlstellung seines Vorderbeins. Zudem wurde festgestellt dass beide H\u00fcftk\u00f6pfe schwer defekt sind und eventuell entfernt werden m\u00fcssen. Hinzu kommt noch die unumg\u00e4ngliche Kastration, da sich ein Hoden im Bauchraum befindet.<\/p>\n<p>Die Vorbereitungen (Einholung von Meinungen der Fach\u00e4rzte, evtl.OP Termine, Organisation Physiotherapie, Suche einer geeigneten Pflegestelle usw.) sind im vollen Gange. Seitdem er Schmerzmittel erh\u00e4lt, zeigt er seinen wahren Charakter. Er baut langsam wieder Vertrauen zu Menschen auf, denn vorher waren\u00a0Ber\u00fchrungen f\u00fcr ihn\u00a0mit Schmerzen verbunden. Da ist es kein Wunder dass er diese mit Knurren vermeiden wollte. Nun\u00a0zeigt er sich auf der Wiese als sehr verspielt und schmusebed\u00fcrftig.<\/p>\n<p>Wir werden nun alles M\u00f6gliche tun um Dusty einen schmerzfreien Neustart ins Leben zu erm\u00f6glichen. Dies wird uns als Tierschutzverein, der auf Spenden angewiesen ist, wieder vor eine gro\u00dfe finanzielle Herausforderung stellen.<\/p>\n<p>Bitte helfen Sie uns die OP,- und Behandlungskosten zu stemmen, denn nur gemeinsam k\u00f6nnen wir weiterhin solche Schicksale in eine positive Zukunft lenken!<\/p>\n<p>Wir werden hier weiterhin alle Interessierten \u00fcber den Verlauf von Dusty informieren.<\/p>\n<p>UPDATE vom 27.10.2016:<\/p>\n<p>Nun haben wir uns drei Meinungen von erfahrenen Fach\u00e4rzten eingeholt. Diese sind einstimmig der Meinung Dusty mit diesen aufwendigen OP&#8217;s keinen Gefallen zu tun und seinen gesundheitlichen Verlauf eher zu verschlechtern.<\/p>\n<p>Nun\u00a0haben wir zusammen mit den \u00c4rzten \u00a0folgendem Therapieplan aufgestellt:<\/p>\n<p>Die Kastration (Hoden im Bauchraum) ist auf morgen (Freitag, 28.10.2016) datiert.<\/p>\n<p>Nach der Genesung der o.g. OP muss\u00a0er\u00a0stetig seine Muskulatur aufbauen und somit sein instabiles Knochenger\u00fcst durch die Muskelkraft so gut es geht unterst\u00fctzen. Dies m\u00f6chten wir durch sehr intensive und regelm\u00e4\u00dfige Spazierg\u00e4nge, Physiotherapie (Therapieplan wird noch erstellt) und gutes Futter erreichen.<\/p>\n<p>Wir hoffen ihn somit gut auf ein Leben im neuen zu Hause vorzubereiten, denn dies ist das oberste Ziel: EIN ZU HAUSE F\u00dcR IMMER!!!<\/p>\n<p>Er zeigt sich mittlerweile so lieb und dankbar f\u00fcr jede Aufmerksamkeit, arbeitet ganz toll mit und besticht hier alle mit seinem &#8220;herzigen&#8221; Wesen. Es ist Zeit ihm zu zeigen, dass sich seine positive Ver\u00e4nderung lohnt&#8230;vielleicht mit einem endg\u00fcltigen kuscheligem Pl\u00e4tzchen bei Ihnen??<\/p>\n<p>&nbsp;<\/p>\n<p>UPDATE 17.01.2017:<\/p>\n<p>Dusty macht gro\u00dfe Fortschritte. Er genie\u00dft jede Aufmerksamkeit und freut sich immer \u00fcber lange Spazierg\u00e4nge. Er arbeitet an sich und beginnt den Menschen wieder zu vertrauen.<\/p>\n<p>Mit seine k\u00f6rperlichen Handicaps kommt er gut zurecht.<\/p>\n<p>Nun ist es an der Zeit ihn in ein endg\u00fcltiges zu Hause zu entlassen&#8230;wer m\u00f6chte diesen tollen Kerl kennen lernen?<\/p>\n<p><a href=\"http:\/\/tierheim-moers.de\/Wordpress\/wp-content\/uploads\/2016\/10\/Dusty-traurig.jpg\"><img decoding=\"async\" class=\"alignnone size-medium wp-image-13937\" src=\"http:\/\/tierheim-moers.de\/Wordpress\/wp-content\/uploads\/2016\/10\/Dusty-traurig-300x212.jpg\" alt=\"\" width=\"300\" height=\"212\" srcset=\"https:\/\/tierheim-moers.de\/Wordpress\/wp-content\/uploads\/2016\/10\/Dusty-traurig-300x212.jpg 300w, https:\/\/tierheim-moers.de\/Wordpress\/wp-content\/uploads\/2016\/10\/Dusty-traurig.jpg 400w\" sizes=\"(max-width: 300px) 100vw, 300px\" \/><\/a><\/p>\n<p>&nbsp;<\/p>\n<p>UPDATE 10.02.2017:<\/p>\n<p>Dusty macht gro\u00dfe Fortschritte und tobt nun mit seinem &#8220;Tierheimkumpel&#8221; Speedy \u00fcber die Freilaufwiese.<\/p>\n<p><a href=\"http:\/\/tierheim-moers.de\/Wordpress\/wp-content\/uploads\/2017\/01\/Dusty7.jpg\"><img loading=\"lazy\" decoding=\"async\" class=\"alignnone size-medium wp-image-14161\" src=\"http:\/\/tierheim-moers.de\/Wordpress\/wp-content\/uploads\/2017\/01\/Dusty7-201x300.jpg\" alt=\"\" width=\"201\" height=\"300\" srcset=\"https:\/\/tierheim-moers.de\/Wordpress\/wp-content\/uploads\/2017\/01\/Dusty7-201x300.jpg 201w, https:\/\/tierheim-moers.de\/Wordpress\/wp-content\/uploads\/2017\/01\/Dusty7.jpg 500w\" sizes=\"(max-width: 201px) 100vw, 201px\" \/><\/a><\/p>\n<p>Mit seinem Handicap kommt er sehr gut zurecht und beginnt nun wieder Muskeln aufzubauen. Er ben\u00f6tigt keinerlei Medikamente.<\/p>\n<p><a href=\"http:\/\/tierheim-moers.de\/Wordpress\/wp-content\/uploads\/2017\/01\/Dusty8.jpg\"><img loading=\"lazy\" decoding=\"async\" class=\"alignnone size-medium wp-image-14162\" src=\"http:\/\/tierheim-moers.de\/Wordpress\/wp-content\/uploads\/2017\/01\/Dusty8-300x201.jpg\" alt=\"\" width=\"300\" height=\"201\" srcset=\"https:\/\/tierheim-moers.de\/Wordpress\/wp-content\/uploads\/2017\/01\/Dusty8-300x201.jpg 300w, https:\/\/tierheim-moers.de\/Wordpress\/wp-content\/uploads\/2017\/01\/Dusty8.jpg 500w\" sizes=\"(max-width: 300px) 100vw, 300px\" \/><\/a><\/p>\n<p>Er vertraut den Menschen immer mehr und entwickelt sich hier zu einer richtigen Schmusebacke.<\/p>\n<p>[cforms name=&#8221;Kontakt Hundevermittlung&#8221;]<\/p>\n<div class=\"shariff shariff-align-flex-start shariff-widget-align-center\" data-url=\"https%3A%2F%2Ftierheim-moers.de%2FWordpress%2Fdusty-huebscher-bursche-mit-handicap%2F\" data-timestamp=\"1504019613\" data-hidezero=\"1\" data-backendurl=\"https:\/\/tierheim-moers.de\/Wordpress\/wp-json\/shariff\/v1\/share_counts?\"><ul class=\"shariff-buttons theme-round orientation-horizontal buttonsize-small\"><li class=\"shariff-button facebook shariff-nocustomcolor\" style=\"background-color:#4273c8\"><a href=\"https:\/\/www.facebook.com\/sharer\/sharer.php?u=https%3A%2F%2Ftierheim-moers.de%2FWordpress%2Fdusty-huebscher-bursche-mit-handicap%2F\" title=\"Bei Facebook teilen\" aria-label=\"Bei Facebook teilen\" role=\"button\" rel=\"nofollow\" class=\"shariff-link\" style=\"; background-color:#3b5998; color:#fff\" target=\"_blank\"><span class=\"shariff-icon\" style=\"\"><svg width=\"32px\" height=\"20px\" xmlns=\"http:\/\/www.w3.org\/2000\/svg\" viewBox=\"0 0 18 32\"><path fill=\"#3b5998\" d=\"M17.1 0.2v4.7h-2.8q-1.5 0-2.1 0.6t-0.5 1.9v3.4h5.2l-0.7 5.3h-4.5v13.6h-5.5v-13.6h-4.5v-5.3h4.5v-3.9q0-3.3 1.9-5.2t5-1.8q2.6 0 4.1 0.2z\"\/><\/svg><\/span><\/a><\/li><li class=\"shariff-button twitter shariff-nocustomcolor\" style=\"background-color:#595959\"><a href=\"https:\/\/twitter.com\/share?url=https%3A%2F%2Ftierheim-moers.de%2FWordpress%2Fdusty-huebscher-bursche-mit-handicap%2F&text=Dusty%20%E2%80%93%20h%C3%BCbscher%20Bursche%20mit%20kleinem%20Handicap%2C%20vermittelt%2026.08.2017\" title=\"Bei X teilen\" aria-label=\"Bei X teilen\" role=\"button\" rel=\"noopener nofollow\" class=\"shariff-link\" style=\"; background-color:#000; color:#fff\" target=\"_blank\"><span class=\"shariff-icon\" style=\"\"><svg width=\"32px\" height=\"20px\" xmlns=\"http:\/\/www.w3.org\/2000\/svg\" viewBox=\"0 0 24 24\"><path fill=\"#000\" d=\"M14.258 10.152L23.176 0h-2.113l-7.747 8.813L7.133 0H0l9.352 13.328L0 23.973h2.113l8.176-9.309 6.531 9.309h7.133zm-2.895 3.293l-.949-1.328L2.875 1.56h3.246l6.086 8.523.945 1.328 7.91 11.078h-3.246zm0 0\"\/><\/svg><\/span><\/a><\/li><li class=\"shariff-button whatsapp shariff-nocustomcolor\" style=\"background-color:#5cbe4a\"><a href=\"https:\/\/api.whatsapp.com\/send?text=https%3A%2F%2Ftierheim-moers.de%2FWordpress%2Fdusty-huebscher-bursche-mit-handicap%2F%20Dusty%20%E2%80%93%20h%C3%BCbscher%20Bursche%20mit%20kleinem%20Handicap%2C%20vermittelt%2026.08.2017\" title=\"Bei Whatsapp teilen\" aria-label=\"Bei Whatsapp teilen\" role=\"button\" rel=\"noopener nofollow\" class=\"shariff-link\" style=\"; background-color:#34af23; color:#fff\" target=\"_blank\"><span class=\"shariff-icon\" style=\"\"><svg width=\"32px\" height=\"20px\" xmlns=\"http:\/\/www.w3.org\/2000\/svg\" viewBox=\"0 0 32 32\"><path fill=\"#34af23\" d=\"M17.6 17.4q0.2 0 1.7 0.8t1.6 0.9q0 0.1 0 0.3 0 0.6-0.3 1.4-0.3 0.7-1.3 1.2t-1.8 0.5q-1 0-3.4-1.1-1.7-0.8-3-2.1t-2.6-3.3q-1.3-1.9-1.3-3.5v-0.1q0.1-1.6 1.3-2.8 0.4-0.4 0.9-0.4 0.1 0 0.3 0t0.3 0q0.3 0 0.5 0.1t0.3 0.5q0.1 0.4 0.6 1.6t0.4 1.3q0 0.4-0.6 1t-0.6 0.8q0 0.1 0.1 0.3 0.6 1.3 1.8 2.4 1 0.9 2.7 1.8 0.2 0.1 0.4 0.1 0.3 0 1-0.9t0.9-0.9zM14 26.9q2.3 0 4.3-0.9t3.6-2.4 2.4-3.6 0.9-4.3-0.9-4.3-2.4-3.6-3.6-2.4-4.3-0.9-4.3 0.9-3.6 2.4-2.4 3.6-0.9 4.3q0 3.6 2.1 6.6l-1.4 4.2 4.3-1.4q2.8 1.9 6.2 1.9zM14 2.2q2.7 0 5.2 1.1t4.3 2.9 2.9 4.3 1.1 5.2-1.1 5.2-2.9 4.3-4.3 2.9-5.2 1.1q-3.5 0-6.5-1.7l-7.4 2.4 2.4-7.2q-1.9-3.2-1.9-6.9 0-2.7 1.1-5.2t2.9-4.3 4.3-2.9 5.2-1.1z\"\/><\/svg><\/span><\/a><\/li><li class=\"shariff-button sms shariff-nocustomcolor shariff-mobile\" style=\"background-color:#d7d9d8\"><a href=\"sms:?&body=https%3A%2F%2Ftierheim-moers.de%2FWordpress%2Fdusty-huebscher-bursche-mit-handicap%2F\" title=\"Per SMS teilen\" aria-label=\"Per SMS teilen\" role=\"button\" rel=\"noopener nofollow\" class=\"shariff-link\" style=\"; background-color:#a1e877; color:#fff\" target=\"_blank\"><span class=\"shariff-icon\" style=\"\"><svg xmlns=\"http:\/\/www.w3.org\/2000\/svg\" width=\"510\" height=\"510\" viewBox=\"0 0 510 510\"><path fill=\"#a1e877\" d=\"M459 0H51C23 0 0 23 0 51v459l102-102h357c28.1 0 51-22.9 51-51V51C510 23 487.1 0 459 0zM178.5 229.5h-51v-51h51V229.5zM280.5 229.5h-51v-51h51V229.5zM382.5 229.5h-51v-51h51V229.5z\"\/><\/svg><\/span><\/a><\/li><\/ul><\/div>","protected":false},"excerpt":{"rendered":"<p>Dusty ist ein dreij\u00e4hriger kleiner Mischlingsr\u00fcde, der mit seinem &#8220;Herzchen auf dem Kopf&#8221; alle um seine Pfoten wickelt. Er musste schwerenherzens aus gesundheitlichen Gr\u00fcnden von der Vorbesitzerin abgegeben werden. Dort hat er leider auch keine lange Zeit verbracht, verliert somit (mindestens) das dritte mal sein gewohntes Umfeld und seine Bezugspersonen. &#8230;<\/p>\n","protected":false},"author":6,"featured_media":14174,"comment_status":"closed","ping_status":"open","sticky":false,"template":"","format":"standard","meta":{"ngg_post_thumbnail":0,"footnotes":""},"categories":[10],"tags":[],"class_list":["post-12317","post","type-post","status-publish","format-standard","has-post-thumbnail","hentry","category-vermittelt","column","threecol","has-thumbnail"],"yoast_head":"<!-- This site is optimized with the Yoast SEO plugin v24.6 - https:\/\/yoast.com\/wordpress\/plugins\/seo\/ -->\n<title>Dusty - h\u00fcbscher Bursche mit kleinem Handicap, vermittelt 26.08.2017 | TIERHEIM MOERS<\/title>\n<meta name=\"robots\" content=\"index, follow, max-snippet:-1, max-image-preview:large, max-video-preview:-1\" \/>\n<link rel=\"canonical\" href=\"https:\/\/tierheim-moers.de\/Wordpress\/dusty-huebscher-bursche-mit-handicap\/\" \/>\n<meta property=\"og:locale\" content=\"de_DE\" \/>\n<meta property=\"og:type\" content=\"article\" \/>\n<meta property=\"og:title\" content=\"Dusty - h\u00fcbscher Bursche mit kleinem Handicap, vermittelt 26.08.2017 | TIERHEIM MOERS\" \/>\n<meta property=\"og:description\" content=\"Dusty ist ein dreij\u00e4hriger kleiner Mischlingsr\u00fcde, der mit seinem &#8220;Herzchen auf dem Kopf&#8221; alle um seine Pfoten wickelt. Er musste schwerenherzens aus &#8230;\" \/>\n<meta property=\"og:url\" content=\"https:\/\/tierheim-moers.de\/Wordpress\/dusty-huebscher-bursche-mit-handicap\/\" \/>\n<meta property=\"og:site_name\" content=\"TIERHEIM MOERS\" \/>\n<meta property=\"article:publisher\" content=\"https:\/\/de-de.facebook.com\/moers.tierheim\" \/>\n<meta property=\"article:published_time\" content=\"2017-08-26T14:20:04+00:00\" \/>\n<meta property=\"article:modified_time\" content=\"2017-08-29T13:13:33+00:00\" \/>\n<meta property=\"og:image\" content=\"https:\/\/tierheim-moers.de\/Wordpress\/wp-content\/uploads\/2017\/02\/Dusty8.jpg\" \/>\n\t<meta property=\"og:image:width\" content=\"500\" \/>\n\t<meta property=\"og:image:height\" content=\"335\" \/>\n\t<meta property=\"og:image:type\" content=\"image\/jpeg\" \/>\n<meta name=\"author\" content=\"Nicola Kreuzmann\" \/>\n<meta name=\"twitter:card\" content=\"summary_large_image\" \/>\n<meta name=\"twitter:label1\" content=\"Verfasst von\" \/>\n\t<meta name=\"twitter:data1\" content=\"Nicola Kreuzmann\" \/>\n\t<meta name=\"twitter:label2\" content=\"Gesch\u00e4tzte Lesezeit\" \/>\n\t<meta name=\"twitter:data2\" content=\"4\u00a0Minuten\" \/>\n<script type=\"application\/ld+json\" class=\"yoast-schema-graph\">{\"@context\":\"https:\/\/schema.org\",\"@graph\":[{\"@type\":\"Article\",\"@id\":\"https:\/\/tierheim-moers.de\/Wordpress\/dusty-huebscher-bursche-mit-handicap\/#article\",\"isPartOf\":{\"@id\":\"https:\/\/tierheim-moers.de\/Wordpress\/dusty-huebscher-bursche-mit-handicap\/\"},\"author\":{\"name\":\"Nicola Kreuzmann\",\"@id\":\"https:\/\/tierheim-moers.de\/Wordpress\/#\/schema\/person\/f37dc6ba0e6e5891edcac7b88a3fbaec\"},\"headline\":\"Dusty &#8211; h\u00fcbscher Bursche mit kleinem Handicap, vermittelt 26.08.2017\",\"datePublished\":\"2017-08-26T14:20:04+00:00\",\"dateModified\":\"2017-08-29T13:13:33+00:00\",\"mainEntityOfPage\":{\"@id\":\"https:\/\/tierheim-moers.de\/Wordpress\/dusty-huebscher-bursche-mit-handicap\/\"},\"wordCount\":729,\"publisher\":{\"@id\":\"https:\/\/tierheim-moers.de\/Wordpress\/#organization\"},\"image\":{\"@id\":\"https:\/\/tierheim-moers.de\/Wordpress\/dusty-huebscher-bursche-mit-handicap\/#primaryimage\"},\"thumbnailUrl\":\"https:\/\/tierheim-moers.de\/Wordpress\/wp-content\/uploads\/2017\/02\/Dusty8.jpg\",\"articleSection\":[\"Vermittelt\"],\"inLanguage\":\"de\"},{\"@type\":\"WebPage\",\"@id\":\"https:\/\/tierheim-moers.de\/Wordpress\/dusty-huebscher-bursche-mit-handicap\/\",\"url\":\"https:\/\/tierheim-moers.de\/Wordpress\/dusty-huebscher-bursche-mit-handicap\/\",\"name\":\"Dusty - h\u00fcbscher Bursche mit kleinem Handicap, vermittelt 26.08.2017 | TIERHEIM MOERS\",\"isPartOf\":{\"@id\":\"https:\/\/tierheim-moers.de\/Wordpress\/#website\"},\"primaryImageOfPage\":{\"@id\":\"https:\/\/tierheim-moers.de\/Wordpress\/dusty-huebscher-bursche-mit-handicap\/#primaryimage\"},\"image\":{\"@id\":\"https:\/\/tierheim-moers.de\/Wordpress\/dusty-huebscher-bursche-mit-handicap\/#primaryimage\"},\"thumbnailUrl\":\"https:\/\/tierheim-moers.de\/Wordpress\/wp-content\/uploads\/2017\/02\/Dusty8.jpg\",\"datePublished\":\"2017-08-26T14:20:04+00:00\",\"dateModified\":\"2017-08-29T13:13:33+00:00\",\"breadcrumb\":{\"@id\":\"https:\/\/tierheim-moers.de\/Wordpress\/dusty-huebscher-bursche-mit-handicap\/#breadcrumb\"},\"inLanguage\":\"de\",\"potentialAction\":[{\"@type\":\"ReadAction\",\"target\":[\"https:\/\/tierheim-moers.de\/Wordpress\/dusty-huebscher-bursche-mit-handicap\/\"]}]},{\"@type\":\"ImageObject\",\"inLanguage\":\"de\",\"@id\":\"https:\/\/tierheim-moers.de\/Wordpress\/dusty-huebscher-bursche-mit-handicap\/#primaryimage\",\"url\":\"https:\/\/tierheim-moers.de\/Wordpress\/wp-content\/uploads\/2017\/02\/Dusty8.jpg\",\"contentUrl\":\"https:\/\/tierheim-moers.de\/Wordpress\/wp-content\/uploads\/2017\/02\/Dusty8.jpg\",\"width\":500,\"height\":335},{\"@type\":\"BreadcrumbList\",\"@id\":\"https:\/\/tierheim-moers.de\/Wordpress\/dusty-huebscher-bursche-mit-handicap\/#breadcrumb\",\"itemListElement\":[{\"@type\":\"ListItem\",\"position\":1,\"name\":\"Startseite\",\"item\":\"https:\/\/tierheim-moers.de\/Wordpress\/\"},{\"@type\":\"ListItem\",\"position\":2,\"name\":\"Dusty &#8211; h\u00fcbscher Bursche mit kleinem Handicap, vermittelt 26.08.2017\"}]},{\"@type\":\"WebSite\",\"@id\":\"https:\/\/tierheim-moers.de\/Wordpress\/#website\",\"url\":\"https:\/\/tierheim-moers.de\/Wordpress\/\",\"name\":\"Tierheim Moers\",\"description\":\"Tierheim | Hundepension | Tierschutz | Moers\",\"publisher\":{\"@id\":\"https:\/\/tierheim-moers.de\/Wordpress\/#organization\"},\"potentialAction\":[{\"@type\":\"SearchAction\",\"target\":{\"@type\":\"EntryPoint\",\"urlTemplate\":\"https:\/\/tierheim-moers.de\/Wordpress\/?s={search_term_string}\"},\"query-input\":{\"@type\":\"PropertyValueSpecification\",\"valueRequired\":true,\"valueName\":\"search_term_string\"}}],\"inLanguage\":\"de\"},{\"@type\":\"Organization\",\"@id\":\"https:\/\/tierheim-moers.de\/Wordpress\/#organization\",\"name\":\"Tierheim Moers\",\"url\":\"https:\/\/tierheim-moers.de\/Wordpress\/\",\"logo\":{\"@type\":\"ImageObject\",\"inLanguage\":\"de\",\"@id\":\"https:\/\/tierheim-moers.de\/Wordpress\/#\/schema\/logo\/image\/\",\"url\":\"https:\/\/tierheim-moers.de\/Wordpress\/wp-content\/uploads\/2014\/04\/Logo-TSV-Moers-V01-RGB-300.png\",\"contentUrl\":\"https:\/\/tierheim-moers.de\/Wordpress\/wp-content\/uploads\/2014\/04\/Logo-TSV-Moers-V01-RGB-300.png\",\"width\":1052,\"height\":1038,\"caption\":\"Tierheim Moers\"},\"image\":{\"@id\":\"https:\/\/tierheim-moers.de\/Wordpress\/#\/schema\/logo\/image\/\"},\"sameAs\":[\"https:\/\/de-de.facebook.com\/moers.tierheim\"]},{\"@type\":\"Person\",\"@id\":\"https:\/\/tierheim-moers.de\/Wordpress\/#\/schema\/person\/f37dc6ba0e6e5891edcac7b88a3fbaec\",\"name\":\"Nicola Kreuzmann\",\"image\":{\"@type\":\"ImageObject\",\"inLanguage\":\"de\",\"@id\":\"https:\/\/tierheim-moers.de\/Wordpress\/#\/schema\/person\/image\/\",\"url\":\"https:\/\/secure.gravatar.com\/avatar\/645b3c5bd26d951cc2a80b8840ec358fafa6ebdea38447358ca90526d2145312?s=96&d=mm&r=g\",\"contentUrl\":\"https:\/\/secure.gravatar.com\/avatar\/645b3c5bd26d951cc2a80b8840ec358fafa6ebdea38447358ca90526d2145312?s=96&d=mm&r=g\",\"caption\":\"Nicola Kreuzmann\"},\"url\":\"https:\/\/tierheim-moers.de\/Wordpress\/author\/nicola-rossbach\/\"}]}<\/script>\n<!-- \/ Yoast SEO plugin. -->","yoast_head_json":{"title":"Dusty - h\u00fcbscher Bursche mit kleinem Handicap, vermittelt 26.08.2017 | TIERHEIM MOERS","robots":{"index":"index","follow":"follow","max-snippet":"max-snippet:-1","max-image-preview":"max-image-preview:large","max-video-preview":"max-video-preview:-1"},"canonical":"https:\/\/tierheim-moers.de\/Wordpress\/dusty-huebscher-bursche-mit-handicap\/","og_locale":"de_DE","og_type":"article","og_title":"Dusty - h\u00fcbscher Bursche mit kleinem Handicap, vermittelt 26.08.2017 | TIERHEIM MOERS","og_description":"Dusty ist ein dreij\u00e4hriger kleiner Mischlingsr\u00fcde, der mit seinem &#8220;Herzchen auf dem Kopf&#8221; alle um seine Pfoten wickelt. Er musste schwerenherzens aus &#8230;","og_url":"https:\/\/tierheim-moers.de\/Wordpress\/dusty-huebscher-bursche-mit-handicap\/","og_site_name":"TIERHEIM MOERS","article_publisher":"https:\/\/de-de.facebook.com\/moers.tierheim","article_published_time":"2017-08-26T14:20:04+00:00","article_modified_time":"2017-08-29T13:13:33+00:00","og_image":[{"width":500,"height":335,"url":"https:\/\/tierheim-moers.de\/Wordpress\/wp-content\/uploads\/2017\/02\/Dusty8.jpg","type":"image\/jpeg"}],"author":"Nicola Kreuzmann","twitter_card":"summary_large_image","twitter_misc":{"Verfasst von":"Nicola Kreuzmann","Gesch\u00e4tzte Lesezeit":"4\u00a0Minuten"},"schema":{"@context":"https:\/\/schema.org","@graph":[{"@type":"Article","@id":"https:\/\/tierheim-moers.de\/Wordpress\/dusty-huebscher-bursche-mit-handicap\/#article","isPartOf":{"@id":"https:\/\/tierheim-moers.de\/Wordpress\/dusty-huebscher-bursche-mit-handicap\/"},"author":{"name":"Nicola Kreuzmann","@id":"https:\/\/tierheim-moers.de\/Wordpress\/#\/schema\/person\/f37dc6ba0e6e5891edcac7b88a3fbaec"},"headline":"Dusty &#8211; h\u00fcbscher Bursche mit kleinem Handicap, vermittelt 26.08.2017","datePublished":"2017-08-26T14:20:04+00:00","dateModified":"2017-08-29T13:13:33+00:00","mainEntityOfPage":{"@id":"https:\/\/tierheim-moers.de\/Wordpress\/dusty-huebscher-bursche-mit-handicap\/"},"wordCount":729,"publisher":{"@id":"https:\/\/tierheim-moers.de\/Wordpress\/#organization"},"image":{"@id":"https:\/\/tierheim-moers.de\/Wordpress\/dusty-huebscher-bursche-mit-handicap\/#primaryimage"},"thumbnailUrl":"https:\/\/tierheim-moers.de\/Wordpress\/wp-content\/uploads\/2017\/02\/Dusty8.jpg","articleSection":["Vermittelt"],"inLanguage":"de"},{"@type":"WebPage","@id":"https:\/\/tierheim-moers.de\/Wordpress\/dusty-huebscher-bursche-mit-handicap\/","url":"https:\/\/tierheim-moers.de\/Wordpress\/dusty-huebscher-bursche-mit-handicap\/","name":"Dusty - h\u00fcbscher Bursche mit kleinem Handicap, vermittelt 26.08.2017 | TIERHEIM MOERS","isPartOf":{"@id":"https:\/\/tierheim-moers.de\/Wordpress\/#website"},"primaryImageOfPage":{"@id":"https:\/\/tierheim-moers.de\/Wordpress\/dusty-huebscher-bursche-mit-handicap\/#primaryimage"},"image":{"@id":"https:\/\/tierheim-moers.de\/Wordpress\/dusty-huebscher-bursche-mit-handicap\/#primaryimage"},"thumbnailUrl":"https:\/\/tierheim-moers.de\/Wordpress\/wp-content\/uploads\/2017\/02\/Dusty8.jpg","datePublished":"2017-08-26T14:20:04+00:00","dateModified":"2017-08-29T13:13:33+00:00","breadcrumb":{"@id":"https:\/\/tierheim-moers.de\/Wordpress\/dusty-huebscher-bursche-mit-handicap\/#breadcrumb"},"inLanguage":"de","potentialAction":[{"@type":"ReadAction","target":["https:\/\/tierheim-moers.de\/Wordpress\/dusty-huebscher-bursche-mit-handicap\/"]}]},{"@type":"ImageObject","inLanguage":"de","@id":"https:\/\/tierheim-moers.de\/Wordpress\/dusty-huebscher-bursche-mit-handicap\/#primaryimage","url":"https:\/\/tierheim-moers.de\/Wordpress\/wp-content\/uploads\/2017\/02\/Dusty8.jpg","contentUrl":"https:\/\/tierheim-moers.de\/Wordpress\/wp-content\/uploads\/2017\/02\/Dusty8.jpg","width":500,"height":335},{"@type":"BreadcrumbList","@id":"https:\/\/tierheim-moers.de\/Wordpress\/dusty-huebscher-bursche-mit-handicap\/#breadcrumb","itemListElement":[{"@type":"ListItem","position":1,"name":"Startseite","item":"https:\/\/tierheim-moers.de\/Wordpress\/"},{"@type":"ListItem","position":2,"name":"Dusty &#8211; h\u00fcbscher Bursche mit kleinem Handicap, vermittelt 26.08.2017"}]},{"@type":"WebSite","@id":"https:\/\/tierheim-moers.de\/Wordpress\/#website","url":"https:\/\/tierheim-moers.de\/Wordpress\/","name":"Tierheim Moers","description":"Tierheim | Hundepension | Tierschutz | Moers","publisher":{"@id":"https:\/\/tierheim-moers.de\/Wordpress\/#organization"},"potentialAction":[{"@type":"SearchAction","target":{"@type":"EntryPoint","urlTemplate":"https:\/\/tierheim-moers.de\/Wordpress\/?s={search_term_string}"},"query-input":{"@type":"PropertyValueSpecification","valueRequired":true,"valueName":"search_term_string"}}],"inLanguage":"de"},{"@type":"Organization","@id":"https:\/\/tierheim-moers.de\/Wordpress\/#organization","name":"Tierheim Moers","url":"https:\/\/tierheim-moers.de\/Wordpress\/","logo":{"@type":"ImageObject","inLanguage":"de","@id":"https:\/\/tierheim-moers.de\/Wordpress\/#\/schema\/logo\/image\/","url":"https:\/\/tierheim-moers.de\/Wordpress\/wp-content\/uploads\/2014\/04\/Logo-TSV-Moers-V01-RGB-300.png","contentUrl":"https:\/\/tierheim-moers.de\/Wordpress\/wp-content\/uploads\/2014\/04\/Logo-TSV-Moers-V01-RGB-300.png","width":1052,"height":1038,"caption":"Tierheim Moers"},"image":{"@id":"https:\/\/tierheim-moers.de\/Wordpress\/#\/schema\/logo\/image\/"},"sameAs":["https:\/\/de-de.facebook.com\/moers.tierheim"]},{"@type":"Person","@id":"https:\/\/tierheim-moers.de\/Wordpress\/#\/schema\/person\/f37dc6ba0e6e5891edcac7b88a3fbaec","name":"Nicola Kreuzmann","image":{"@type":"ImageObject","inLanguage":"de","@id":"https:\/\/tierheim-moers.de\/Wordpress\/#\/schema\/person\/image\/","url":"https:\/\/secure.gravatar.com\/avatar\/645b3c5bd26d951cc2a80b8840ec358fafa6ebdea38447358ca90526d2145312?s=96&d=mm&r=g","contentUrl":"https:\/\/secure.gravatar.com\/avatar\/645b3c5bd26d951cc2a80b8840ec358fafa6ebdea38447358ca90526d2145312?s=96&d=mm&r=g","caption":"Nicola Kreuzmann"},"url":"https:\/\/tierheim-moers.de\/Wordpress\/author\/nicola-rossbach\/"}]}},"_links":{"self":[{"href":"https:\/\/tierheim-moers.de\/Wordpress\/wp-json\/wp\/v2\/posts\/12317","targetHints":{"allow":["GET"]}}],"collection":[{"href":"https:\/\/tierheim-moers.de\/Wordpress\/wp-json\/wp\/v2\/posts"}],"about":[{"href":"https:\/\/tierheim-moers.de\/Wordpress\/wp-json\/wp\/v2\/types\/post"}],"author":[{"embeddable":true,"href":"https:\/\/tierheim-moers.de\/Wordpress\/wp-json\/wp\/v2\/users\/6"}],"replies":[{"embeddable":true,"href":"https:\/\/tierheim-moers.de\/Wordpress\/wp-json\/wp\/v2\/comments?post=12317"}],"version-history":[{"count":11,"href":"https:\/\/tierheim-moers.de\/Wordpress\/wp-json\/wp\/v2\/posts\/12317\/revisions"}],"predecessor-version":[{"id":16651,"href":"https:\/\/tierheim-moers.de\/Wordpress\/wp-json\/wp\/v2\/posts\/12317\/revisions\/16651"}],"wp:featuredmedia":[{"embeddable":true,"href":"https:\/\/tierheim-moers.de\/Wordpress\/wp-json\/wp\/v2\/media\/14174"}],"wp:attachment":[{"href":"https:\/\/tierheim-moers.de\/Wordpress\/wp-json\/wp\/v2\/media?parent=12317"}],"wp:term":[{"taxonomy":"category","embeddable":true,"href":"https:\/\/tierheim-moers.de\/Wordpress\/wp-json\/wp\/v2\/categories?post=12317"},{"taxonomy":"post_tag","embeddable":true,"href":"https:\/\/tierheim-moers.de\/Wordpress\/wp-json\/wp\/v2\/tags?post=12317"}],"curies":[{"name":"wp","href":"https:\/\/api.w.org\/{rel}","templated":true}]}}