{"id":13409,"date":"2017-01-02T13:27:03","date_gmt":"2017-01-02T11:27:03","guid":{"rendered":"http:\/\/tierheim-moers.de\/Wordpress\/?p=13409"},"modified":"2017-01-05T18:04:30","modified_gmt":"2017-01-05T16:04:30","slug":"paco-kleines-wollknaeul-sucht-anschluss","status":"publish","type":"post","link":"https:\/\/tierheim-moers.de\/Wordpress\/paco-kleines-wollknaeul-sucht-anschluss\/","title":{"rendered":"Paco &#8211; kleines Wollkn\u00e4ul sucht Anschlu\u00df, verm. 02.01.2017"},"content":{"rendered":"\n<table id=\"tablepress-369_R_16\" class=\"tablepress tablepress-id-369_R_16\">\n<tbody class=\"row-striping row-hover\">\n<tr class=\"row-1\">\n\t<td class=\"column-1\">Name des Tiers:<\/td><td class=\"column-2\">Paco<\/td>\n<\/tr>\n<tr class=\"row-2\">\n\t<td class=\"column-1\">Bestandsnummer:<\/td><td class=\"column-2\">369_R_16<\/td>\n<\/tr>\n<tr class=\"row-3\">\n\t<td class=\"column-1\">Aufnahmegrund:<\/td><td class=\"column-2\">\u00dcbereignung durch Besitzer<\/td>\n<\/tr>\n<tr class=\"row-4\">\n\t<td class=\"column-1\">Im Tierheim seit:<\/td><td class=\"column-2\">04.11.2016<\/td>\n<\/tr>\n<tr class=\"row-5\">\n\t<td class=\"column-1\">Rasse:<\/td><td class=\"column-2\">Tibet-Spaniel-Mischling<\/td>\n<\/tr>\n<tr class=\"row-6\">\n\t<td class=\"column-1\">Geschlecht:<\/td><td class=\"column-2\">m\u00e4nnlich<\/td>\n<\/tr>\n<tr class=\"row-7\">\n\t<td class=\"column-1\">Farbe\/Felll\u00e4nge:<\/td><td class=\"column-2\">schwarz<\/td>\n<\/tr>\n<tr class=\"row-8\">\n\t<td class=\"column-1\">Geburtsdatum:<\/td><td class=\"column-2\">12.07.2008<\/td>\n<\/tr>\n<tr class=\"row-9\">\n\t<td class=\"column-1\">Schulterh\u00f6he\/Gewicht:<\/td><td class=\"column-2\"><\/td>\n<\/tr>\n<tr class=\"row-10\">\n\t<td class=\"column-1\">Fundort\/Abgabegrund:<\/td><td class=\"column-2\">\u00dcbereignung durch Besitzer<\/td>\n<\/tr>\n<tr class=\"row-11\">\n\t<td class=\"column-1\">Tierbeschreibung:<\/td><td class=\"column-2\"><\/td>\n<\/tr>\n<\/tbody>\n<\/table>\n<!-- #tablepress-369_R_16 from cache -->\n<p>Paco ist ein kleiner Tibet-Spaniel-Mischling, der leider aus der vorigen Vermittlung zur\u00fcck ins Tierheim gebracht wurde. Leider wurden ihm dort &#8220;die Z\u00fcgel in die Hand (Pfoten) gegeben, womit er nicht so wirklich zurecht kam.\u00a0Er zeigte sich in dieser Situation als kleiner &#8220;Kontrollfreak&#8221;, der meint dass er alles regeln (und auch ma\u00dfregeln) muss.<\/p>\n<p><a href=\"http:\/\/tierheim-moers.de\/Wordpress\/wp-content\/uploads\/2016\/12\/Paco-grau1.jpg\"><img fetchpriority=\"high\" decoding=\"async\" class=\"alignnone size-medium wp-image-13410\" src=\"http:\/\/tierheim-moers.de\/Wordpress\/wp-content\/uploads\/2016\/12\/Paco-grau1-300x201.jpg\" alt=\"paco-grau1\" width=\"300\" height=\"201\" srcset=\"https:\/\/tierheim-moers.de\/Wordpress\/wp-content\/uploads\/2016\/12\/Paco-grau1-300x201.jpg 300w, https:\/\/tierheim-moers.de\/Wordpress\/wp-content\/uploads\/2016\/12\/Paco-grau1-768x515.jpg 768w, https:\/\/tierheim-moers.de\/Wordpress\/wp-content\/uploads\/2016\/12\/Paco-grau1-1024x687.jpg 1024w, https:\/\/tierheim-moers.de\/Wordpress\/wp-content\/uploads\/2016\/12\/Paco-grau1-600x403.jpg 600w, https:\/\/tierheim-moers.de\/Wordpress\/wp-content\/uploads\/2016\/12\/Paco-grau1-700x470.jpg 700w\" sizes=\"(max-width: 300px) 100vw, 300px\" \/><\/a><\/p>\n<p>Paco zeigt sich bei uns als liebenswerter kleiner Kerl. Er ist freundlich zu Menschen und Artgenossen. Er liebt seine t\u00e4glichen langen Spazierg\u00e4nge und die Spielstunden auf der Agilitywiese. In KEINER Situation zeigte er sich bisher als unsicher, launisch oder aggressiv.<\/p>\n<p><a href=\"http:\/\/tierheim-moers.de\/Wordpress\/wp-content\/uploads\/2016\/12\/Paco-grau2.jpg\"><img decoding=\"async\" class=\"alignnone size-medium wp-image-13412\" src=\"http:\/\/tierheim-moers.de\/Wordpress\/wp-content\/uploads\/2016\/12\/Paco-grau2-201x300.jpg\" alt=\"paco-grau2\" width=\"201\" height=\"300\" srcset=\"https:\/\/tierheim-moers.de\/Wordpress\/wp-content\/uploads\/2016\/12\/Paco-grau2-201x300.jpg 201w, https:\/\/tierheim-moers.de\/Wordpress\/wp-content\/uploads\/2016\/12\/Paco-grau2-768x1144.jpg 768w, https:\/\/tierheim-moers.de\/Wordpress\/wp-content\/uploads\/2016\/12\/Paco-grau2-687x1024.jpg 687w, https:\/\/tierheim-moers.de\/Wordpress\/wp-content\/uploads\/2016\/12\/Paco-grau2-600x894.jpg 600w, https:\/\/tierheim-moers.de\/Wordpress\/wp-content\/uploads\/2016\/12\/Paco-grau2-700x1043.jpg 700w\" sizes=\"(max-width: 201px) 100vw, 201px\" \/><\/a><\/p>\n<p>Dies zeigt uns, dass Paco ein zu Hause ben\u00f6tigt, wo die Menschen ihm den Weg zeigen und ihm nicht die &#8220;Z\u00fcgel&#8221; \u00fcbergeben, denn damit ist er \u00fcberfordert (wie im vorigen zu Hause).<\/p>\n<p><a href=\"http:\/\/tierheim-moers.de\/Wordpress\/wp-content\/uploads\/2016\/12\/Paco-grau3.jpg\"><img decoding=\"async\" class=\"alignnone size-medium wp-image-13415\" src=\"http:\/\/tierheim-moers.de\/Wordpress\/wp-content\/uploads\/2016\/12\/Paco-grau3-300x201.jpg\" alt=\"paco-grau3\" width=\"300\" height=\"201\" srcset=\"https:\/\/tierheim-moers.de\/Wordpress\/wp-content\/uploads\/2016\/12\/Paco-grau3-300x201.jpg 300w, https:\/\/tierheim-moers.de\/Wordpress\/wp-content\/uploads\/2016\/12\/Paco-grau3-768x515.jpg 768w, https:\/\/tierheim-moers.de\/Wordpress\/wp-content\/uploads\/2016\/12\/Paco-grau3-1024x687.jpg 1024w, https:\/\/tierheim-moers.de\/Wordpress\/wp-content\/uploads\/2016\/12\/Paco-grau3-600x403.jpg 600w, https:\/\/tierheim-moers.de\/Wordpress\/wp-content\/uploads\/2016\/12\/Paco-grau3-700x470.jpg 700w\" sizes=\"(max-width: 300px) 100vw, 300px\" \/><\/a><\/p>\n<div class=\"shariff shariff-align-flex-start shariff-widget-align-center\" data-url=\"https%3A%2F%2Ftierheim-moers.de%2FWordpress%2Fpaco-kleines-wollknaeul-sucht-anschluss%2F\" data-timestamp=\"1483639470\" data-hidezero=\"1\" data-backendurl=\"https:\/\/tierheim-moers.de\/Wordpress\/wp-json\/shariff\/v1\/share_counts?\"><ul class=\"shariff-buttons theme-round orientation-horizontal buttonsize-small\"><li class=\"shariff-button facebook shariff-nocustomcolor\" style=\"background-color:#4273c8\"><a href=\"https:\/\/www.facebook.com\/sharer\/sharer.php?u=https%3A%2F%2Ftierheim-moers.de%2FWordpress%2Fpaco-kleines-wollknaeul-sucht-anschluss%2F\" title=\"Bei Facebook teilen\" aria-label=\"Bei Facebook teilen\" role=\"button\" rel=\"nofollow\" class=\"shariff-link\" style=\"; background-color:#3b5998; color:#fff\" target=\"_blank\"><span class=\"shariff-icon\" style=\"\"><svg width=\"32px\" height=\"20px\" xmlns=\"http:\/\/www.w3.org\/2000\/svg\" viewBox=\"0 0 18 32\"><path fill=\"#3b5998\" d=\"M17.1 0.2v4.7h-2.8q-1.5 0-2.1 0.6t-0.5 1.9v3.4h5.2l-0.7 5.3h-4.5v13.6h-5.5v-13.6h-4.5v-5.3h4.5v-3.9q0-3.3 1.9-5.2t5-1.8q2.6 0 4.1 0.2z\"\/><\/svg><\/span><\/a><\/li><li class=\"shariff-button twitter shariff-nocustomcolor\" style=\"background-color:#595959\"><a href=\"https:\/\/twitter.com\/share?url=https%3A%2F%2Ftierheim-moers.de%2FWordpress%2Fpaco-kleines-wollknaeul-sucht-anschluss%2F&text=Paco%20%E2%80%93%20kleines%20Wollkn%C3%A4ul%20sucht%20Anschlu%C3%9F%2C%20verm.%2002.01.2017\" title=\"Bei X teilen\" aria-label=\"Bei X teilen\" role=\"button\" rel=\"noopener nofollow\" class=\"shariff-link\" style=\"; background-color:#000; color:#fff\" target=\"_blank\"><span class=\"shariff-icon\" style=\"\"><svg width=\"32px\" height=\"20px\" xmlns=\"http:\/\/www.w3.org\/2000\/svg\" viewBox=\"0 0 24 24\"><path fill=\"#000\" d=\"M14.258 10.152L23.176 0h-2.113l-7.747 8.813L7.133 0H0l9.352 13.328L0 23.973h2.113l8.176-9.309 6.531 9.309h7.133zm-2.895 3.293l-.949-1.328L2.875 1.56h3.246l6.086 8.523.945 1.328 7.91 11.078h-3.246zm0 0\"\/><\/svg><\/span><\/a><\/li><li class=\"shariff-button whatsapp shariff-nocustomcolor\" style=\"background-color:#5cbe4a\"><a href=\"https:\/\/api.whatsapp.com\/send?text=https%3A%2F%2Ftierheim-moers.de%2FWordpress%2Fpaco-kleines-wollknaeul-sucht-anschluss%2F%20Paco%20%E2%80%93%20kleines%20Wollkn%C3%A4ul%20sucht%20Anschlu%C3%9F%2C%20verm.%2002.01.2017\" title=\"Bei Whatsapp teilen\" aria-label=\"Bei Whatsapp teilen\" role=\"button\" rel=\"noopener nofollow\" class=\"shariff-link\" style=\"; background-color:#34af23; color:#fff\" target=\"_blank\"><span class=\"shariff-icon\" style=\"\"><svg width=\"32px\" height=\"20px\" xmlns=\"http:\/\/www.w3.org\/2000\/svg\" viewBox=\"0 0 32 32\"><path fill=\"#34af23\" d=\"M17.6 17.4q0.2 0 1.7 0.8t1.6 0.9q0 0.1 0 0.3 0 0.6-0.3 1.4-0.3 0.7-1.3 1.2t-1.8 0.5q-1 0-3.4-1.1-1.7-0.8-3-2.1t-2.6-3.3q-1.3-1.9-1.3-3.5v-0.1q0.1-1.6 1.3-2.8 0.4-0.4 0.9-0.4 0.1 0 0.3 0t0.3 0q0.3 0 0.5 0.1t0.3 0.5q0.1 0.4 0.6 1.6t0.4 1.3q0 0.4-0.6 1t-0.6 0.8q0 0.1 0.1 0.3 0.6 1.3 1.8 2.4 1 0.9 2.7 1.8 0.2 0.1 0.4 0.1 0.3 0 1-0.9t0.9-0.9zM14 26.9q2.3 0 4.3-0.9t3.6-2.4 2.4-3.6 0.9-4.3-0.9-4.3-2.4-3.6-3.6-2.4-4.3-0.9-4.3 0.9-3.6 2.4-2.4 3.6-0.9 4.3q0 3.6 2.1 6.6l-1.4 4.2 4.3-1.4q2.8 1.9 6.2 1.9zM14 2.2q2.7 0 5.2 1.1t4.3 2.9 2.9 4.3 1.1 5.2-1.1 5.2-2.9 4.3-4.3 2.9-5.2 1.1q-3.5 0-6.5-1.7l-7.4 2.4 2.4-7.2q-1.9-3.2-1.9-6.9 0-2.7 1.1-5.2t2.9-4.3 4.3-2.9 5.2-1.1z\"\/><\/svg><\/span><\/a><\/li><li class=\"shariff-button sms shariff-nocustomcolor shariff-mobile\" style=\"background-color:#d7d9d8\"><a href=\"sms:?&body=https%3A%2F%2Ftierheim-moers.de%2FWordpress%2Fpaco-kleines-wollknaeul-sucht-anschluss%2F\" title=\"Per SMS teilen\" aria-label=\"Per SMS teilen\" role=\"button\" rel=\"noopener nofollow\" class=\"shariff-link\" style=\"; background-color:#a1e877; color:#fff\" target=\"_blank\"><span class=\"shariff-icon\" style=\"\"><svg xmlns=\"http:\/\/www.w3.org\/2000\/svg\" width=\"510\" height=\"510\" viewBox=\"0 0 510 510\"><path fill=\"#a1e877\" d=\"M459 0H51C23 0 0 23 0 51v459l102-102h357c28.1 0 51-22.9 51-51V51C510 23 487.1 0 459 0zM178.5 229.5h-51v-51h51V229.5zM280.5 229.5h-51v-51h51V229.5zM382.5 229.5h-51v-51h51V229.5z\"\/><\/svg><\/span><\/a><\/li><\/ul><\/div>","protected":false},"excerpt":{"rendered":"<p>Paco ist ein kleiner Tibet-Spaniel-Mischling, der leider aus der vorigen Vermittlung zur\u00fcck ins Tierheim gebracht wurde. Leider wurden ihm dort &#8220;die Z\u00fcgel in die Hand (Pfoten) gegeben, womit er nicht so wirklich zurecht kam.\u00a0Er zeigte sich in dieser Situation als kleiner &#8220;Kontrollfreak&#8221;, der meint dass er alles regeln (und auch &#8230;<\/p>\n","protected":false},"author":6,"featured_media":13412,"comment_status":"closed","ping_status":"open","sticky":false,"template":"","format":"standard","meta":{"ngg_post_thumbnail":0,"footnotes":""},"categories":[10],"tags":[],"class_list":["post-13409","post","type-post","status-publish","format-standard","has-post-thumbnail","hentry","category-vermittelt","column","threecol","has-thumbnail"],"yoast_head":"<!-- This site is optimized with the Yoast SEO plugin v24.6 - https:\/\/yoast.com\/wordpress\/plugins\/seo\/ -->\n<title>Paco - kleines Wollkn\u00e4ul sucht Anschlu\u00df, verm. 02.01.2017 | TIERHEIM MOERS<\/title>\n<meta name=\"robots\" content=\"index, follow, max-snippet:-1, max-image-preview:large, max-video-preview:-1\" \/>\n<link rel=\"canonical\" href=\"https:\/\/tierheim-moers.de\/Wordpress\/paco-kleines-wollknaeul-sucht-anschluss\/\" \/>\n<meta property=\"og:locale\" content=\"de_DE\" \/>\n<meta property=\"og:type\" content=\"article\" \/>\n<meta property=\"og:title\" content=\"Paco - kleines Wollkn\u00e4ul sucht Anschlu\u00df, verm. 02.01.2017 | TIERHEIM MOERS\" \/>\n<meta property=\"og:description\" content=\"Paco ist ein kleiner Tibet-Spaniel-Mischling, der leider aus der vorigen Vermittlung zur\u00fcck ins Tierheim gebracht wurde. Leider wurden ihm dort &#8220;die Z\u00fcgel &#8230;\" \/>\n<meta property=\"og:url\" content=\"https:\/\/tierheim-moers.de\/Wordpress\/paco-kleines-wollknaeul-sucht-anschluss\/\" \/>\n<meta property=\"og:site_name\" content=\"TIERHEIM MOERS\" \/>\n<meta property=\"article:publisher\" content=\"https:\/\/de-de.facebook.com\/moers.tierheim\" \/>\n<meta property=\"article:published_time\" content=\"2017-01-02T11:27:03+00:00\" \/>\n<meta property=\"article:modified_time\" content=\"2017-01-05T16:04:30+00:00\" \/>\n<meta property=\"og:image\" content=\"https:\/\/tierheim-moers.de\/Wordpress\/wp-content\/uploads\/2016\/12\/Paco-grau2-687x1024.jpg\" \/>\n\t<meta property=\"og:image:width\" content=\"687\" \/>\n\t<meta property=\"og:image:height\" content=\"1024\" \/>\n\t<meta property=\"og:image:type\" content=\"image\/jpeg\" \/>\n<meta name=\"author\" content=\"Nicola Kreuzmann\" \/>\n<meta name=\"twitter:card\" content=\"summary_large_image\" \/>\n<meta name=\"twitter:label1\" content=\"Verfasst von\" \/>\n\t<meta name=\"twitter:data1\" content=\"Nicola Kreuzmann\" \/>\n\t<meta name=\"twitter:label2\" content=\"Gesch\u00e4tzte Lesezeit\" \/>\n\t<meta name=\"twitter:data2\" content=\"1\u00a0Minute\" \/>\n<script type=\"application\/ld+json\" class=\"yoast-schema-graph\">{\"@context\":\"https:\/\/schema.org\",\"@graph\":[{\"@type\":\"Article\",\"@id\":\"https:\/\/tierheim-moers.de\/Wordpress\/paco-kleines-wollknaeul-sucht-anschluss\/#article\",\"isPartOf\":{\"@id\":\"https:\/\/tierheim-moers.de\/Wordpress\/paco-kleines-wollknaeul-sucht-anschluss\/\"},\"author\":{\"name\":\"Nicola Kreuzmann\",\"@id\":\"https:\/\/tierheim-moers.de\/Wordpress\/#\/schema\/person\/f37dc6ba0e6e5891edcac7b88a3fbaec\"},\"headline\":\"Paco &#8211; kleines Wollkn\u00e4ul sucht Anschlu\u00df, verm. 02.01.2017\",\"datePublished\":\"2017-01-02T11:27:03+00:00\",\"dateModified\":\"2017-01-05T16:04:30+00:00\",\"mainEntityOfPage\":{\"@id\":\"https:\/\/tierheim-moers.de\/Wordpress\/paco-kleines-wollknaeul-sucht-anschluss\/\"},\"wordCount\":143,\"publisher\":{\"@id\":\"https:\/\/tierheim-moers.de\/Wordpress\/#organization\"},\"image\":{\"@id\":\"https:\/\/tierheim-moers.de\/Wordpress\/paco-kleines-wollknaeul-sucht-anschluss\/#primaryimage\"},\"thumbnailUrl\":\"https:\/\/tierheim-moers.de\/Wordpress\/wp-content\/uploads\/2016\/12\/Paco-grau2.jpg\",\"articleSection\":[\"Vermittelt\"],\"inLanguage\":\"de\"},{\"@type\":\"WebPage\",\"@id\":\"https:\/\/tierheim-moers.de\/Wordpress\/paco-kleines-wollknaeul-sucht-anschluss\/\",\"url\":\"https:\/\/tierheim-moers.de\/Wordpress\/paco-kleines-wollknaeul-sucht-anschluss\/\",\"name\":\"Paco - kleines Wollkn\u00e4ul sucht Anschlu\u00df, verm. 02.01.2017 | TIERHEIM MOERS\",\"isPartOf\":{\"@id\":\"https:\/\/tierheim-moers.de\/Wordpress\/#website\"},\"primaryImageOfPage\":{\"@id\":\"https:\/\/tierheim-moers.de\/Wordpress\/paco-kleines-wollknaeul-sucht-anschluss\/#primaryimage\"},\"image\":{\"@id\":\"https:\/\/tierheim-moers.de\/Wordpress\/paco-kleines-wollknaeul-sucht-anschluss\/#primaryimage\"},\"thumbnailUrl\":\"https:\/\/tierheim-moers.de\/Wordpress\/wp-content\/uploads\/2016\/12\/Paco-grau2.jpg\",\"datePublished\":\"2017-01-02T11:27:03+00:00\",\"dateModified\":\"2017-01-05T16:04:30+00:00\",\"breadcrumb\":{\"@id\":\"https:\/\/tierheim-moers.de\/Wordpress\/paco-kleines-wollknaeul-sucht-anschluss\/#breadcrumb\"},\"inLanguage\":\"de\",\"potentialAction\":[{\"@type\":\"ReadAction\",\"target\":[\"https:\/\/tierheim-moers.de\/Wordpress\/paco-kleines-wollknaeul-sucht-anschluss\/\"]}]},{\"@type\":\"ImageObject\",\"inLanguage\":\"de\",\"@id\":\"https:\/\/tierheim-moers.de\/Wordpress\/paco-kleines-wollknaeul-sucht-anschluss\/#primaryimage\",\"url\":\"https:\/\/tierheim-moers.de\/Wordpress\/wp-content\/uploads\/2016\/12\/Paco-grau2.jpg\",\"contentUrl\":\"https:\/\/tierheim-moers.de\/Wordpress\/wp-content\/uploads\/2016\/12\/Paco-grau2.jpg\",\"width\":3060,\"height\":4560},{\"@type\":\"BreadcrumbList\",\"@id\":\"https:\/\/tierheim-moers.de\/Wordpress\/paco-kleines-wollknaeul-sucht-anschluss\/#breadcrumb\",\"itemListElement\":[{\"@type\":\"ListItem\",\"position\":1,\"name\":\"Startseite\",\"item\":\"https:\/\/tierheim-moers.de\/Wordpress\/\"},{\"@type\":\"ListItem\",\"position\":2,\"name\":\"Paco &#8211; kleines Wollkn\u00e4ul sucht Anschlu\u00df, verm. 02.01.2017\"}]},{\"@type\":\"WebSite\",\"@id\":\"https:\/\/tierheim-moers.de\/Wordpress\/#website\",\"url\":\"https:\/\/tierheim-moers.de\/Wordpress\/\",\"name\":\"Tierheim Moers\",\"description\":\"Tierheim | Hundepension | Tierschutz | Moers\",\"publisher\":{\"@id\":\"https:\/\/tierheim-moers.de\/Wordpress\/#organization\"},\"potentialAction\":[{\"@type\":\"SearchAction\",\"target\":{\"@type\":\"EntryPoint\",\"urlTemplate\":\"https:\/\/tierheim-moers.de\/Wordpress\/?s={search_term_string}\"},\"query-input\":{\"@type\":\"PropertyValueSpecification\",\"valueRequired\":true,\"valueName\":\"search_term_string\"}}],\"inLanguage\":\"de\"},{\"@type\":\"Organization\",\"@id\":\"https:\/\/tierheim-moers.de\/Wordpress\/#organization\",\"name\":\"Tierheim Moers\",\"url\":\"https:\/\/tierheim-moers.de\/Wordpress\/\",\"logo\":{\"@type\":\"ImageObject\",\"inLanguage\":\"de\",\"@id\":\"https:\/\/tierheim-moers.de\/Wordpress\/#\/schema\/logo\/image\/\",\"url\":\"https:\/\/tierheim-moers.de\/Wordpress\/wp-content\/uploads\/2014\/04\/Logo-TSV-Moers-V01-RGB-300.png\",\"contentUrl\":\"https:\/\/tierheim-moers.de\/Wordpress\/wp-content\/uploads\/2014\/04\/Logo-TSV-Moers-V01-RGB-300.png\",\"width\":1052,\"height\":1038,\"caption\":\"Tierheim Moers\"},\"image\":{\"@id\":\"https:\/\/tierheim-moers.de\/Wordpress\/#\/schema\/logo\/image\/\"},\"sameAs\":[\"https:\/\/de-de.facebook.com\/moers.tierheim\"]},{\"@type\":\"Person\",\"@id\":\"https:\/\/tierheim-moers.de\/Wordpress\/#\/schema\/person\/f37dc6ba0e6e5891edcac7b88a3fbaec\",\"name\":\"Nicola Kreuzmann\",\"image\":{\"@type\":\"ImageObject\",\"inLanguage\":\"de\",\"@id\":\"https:\/\/tierheim-moers.de\/Wordpress\/#\/schema\/person\/image\/\",\"url\":\"https:\/\/secure.gravatar.com\/avatar\/645b3c5bd26d951cc2a80b8840ec358fafa6ebdea38447358ca90526d2145312?s=96&d=mm&r=g\",\"contentUrl\":\"https:\/\/secure.gravatar.com\/avatar\/645b3c5bd26d951cc2a80b8840ec358fafa6ebdea38447358ca90526d2145312?s=96&d=mm&r=g\",\"caption\":\"Nicola Kreuzmann\"},\"url\":\"https:\/\/tierheim-moers.de\/Wordpress\/author\/nicola-rossbach\/\"}]}<\/script>\n<!-- \/ Yoast SEO plugin. -->","yoast_head_json":{"title":"Paco - kleines Wollkn\u00e4ul sucht Anschlu\u00df, verm. 02.01.2017 | TIERHEIM MOERS","robots":{"index":"index","follow":"follow","max-snippet":"max-snippet:-1","max-image-preview":"max-image-preview:large","max-video-preview":"max-video-preview:-1"},"canonical":"https:\/\/tierheim-moers.de\/Wordpress\/paco-kleines-wollknaeul-sucht-anschluss\/","og_locale":"de_DE","og_type":"article","og_title":"Paco - kleines Wollkn\u00e4ul sucht Anschlu\u00df, verm. 02.01.2017 | TIERHEIM MOERS","og_description":"Paco ist ein kleiner Tibet-Spaniel-Mischling, der leider aus der vorigen Vermittlung zur\u00fcck ins Tierheim gebracht wurde. Leider wurden ihm dort &#8220;die Z\u00fcgel &#8230;","og_url":"https:\/\/tierheim-moers.de\/Wordpress\/paco-kleines-wollknaeul-sucht-anschluss\/","og_site_name":"TIERHEIM MOERS","article_publisher":"https:\/\/de-de.facebook.com\/moers.tierheim","article_published_time":"2017-01-02T11:27:03+00:00","article_modified_time":"2017-01-05T16:04:30+00:00","og_image":[{"width":687,"height":1024,"url":"https:\/\/tierheim-moers.de\/Wordpress\/wp-content\/uploads\/2016\/12\/Paco-grau2-687x1024.jpg","type":"image\/jpeg"}],"author":"Nicola Kreuzmann","twitter_card":"summary_large_image","twitter_misc":{"Verfasst von":"Nicola Kreuzmann","Gesch\u00e4tzte Lesezeit":"1\u00a0Minute"},"schema":{"@context":"https:\/\/schema.org","@graph":[{"@type":"Article","@id":"https:\/\/tierheim-moers.de\/Wordpress\/paco-kleines-wollknaeul-sucht-anschluss\/#article","isPartOf":{"@id":"https:\/\/tierheim-moers.de\/Wordpress\/paco-kleines-wollknaeul-sucht-anschluss\/"},"author":{"name":"Nicola Kreuzmann","@id":"https:\/\/tierheim-moers.de\/Wordpress\/#\/schema\/person\/f37dc6ba0e6e5891edcac7b88a3fbaec"},"headline":"Paco &#8211; kleines Wollkn\u00e4ul sucht Anschlu\u00df, verm. 02.01.2017","datePublished":"2017-01-02T11:27:03+00:00","dateModified":"2017-01-05T16:04:30+00:00","mainEntityOfPage":{"@id":"https:\/\/tierheim-moers.de\/Wordpress\/paco-kleines-wollknaeul-sucht-anschluss\/"},"wordCount":143,"publisher":{"@id":"https:\/\/tierheim-moers.de\/Wordpress\/#organization"},"image":{"@id":"https:\/\/tierheim-moers.de\/Wordpress\/paco-kleines-wollknaeul-sucht-anschluss\/#primaryimage"},"thumbnailUrl":"https:\/\/tierheim-moers.de\/Wordpress\/wp-content\/uploads\/2016\/12\/Paco-grau2.jpg","articleSection":["Vermittelt"],"inLanguage":"de"},{"@type":"WebPage","@id":"https:\/\/tierheim-moers.de\/Wordpress\/paco-kleines-wollknaeul-sucht-anschluss\/","url":"https:\/\/tierheim-moers.de\/Wordpress\/paco-kleines-wollknaeul-sucht-anschluss\/","name":"Paco - kleines Wollkn\u00e4ul sucht Anschlu\u00df, verm. 02.01.2017 | TIERHEIM MOERS","isPartOf":{"@id":"https:\/\/tierheim-moers.de\/Wordpress\/#website"},"primaryImageOfPage":{"@id":"https:\/\/tierheim-moers.de\/Wordpress\/paco-kleines-wollknaeul-sucht-anschluss\/#primaryimage"},"image":{"@id":"https:\/\/tierheim-moers.de\/Wordpress\/paco-kleines-wollknaeul-sucht-anschluss\/#primaryimage"},"thumbnailUrl":"https:\/\/tierheim-moers.de\/Wordpress\/wp-content\/uploads\/2016\/12\/Paco-grau2.jpg","datePublished":"2017-01-02T11:27:03+00:00","dateModified":"2017-01-05T16:04:30+00:00","breadcrumb":{"@id":"https:\/\/tierheim-moers.de\/Wordpress\/paco-kleines-wollknaeul-sucht-anschluss\/#breadcrumb"},"inLanguage":"de","potentialAction":[{"@type":"ReadAction","target":["https:\/\/tierheim-moers.de\/Wordpress\/paco-kleines-wollknaeul-sucht-anschluss\/"]}]},{"@type":"ImageObject","inLanguage":"de","@id":"https:\/\/tierheim-moers.de\/Wordpress\/paco-kleines-wollknaeul-sucht-anschluss\/#primaryimage","url":"https:\/\/tierheim-moers.de\/Wordpress\/wp-content\/uploads\/2016\/12\/Paco-grau2.jpg","contentUrl":"https:\/\/tierheim-moers.de\/Wordpress\/wp-content\/uploads\/2016\/12\/Paco-grau2.jpg","width":3060,"height":4560},{"@type":"BreadcrumbList","@id":"https:\/\/tierheim-moers.de\/Wordpress\/paco-kleines-wollknaeul-sucht-anschluss\/#breadcrumb","itemListElement":[{"@type":"ListItem","position":1,"name":"Startseite","item":"https:\/\/tierheim-moers.de\/Wordpress\/"},{"@type":"ListItem","position":2,"name":"Paco &#8211; kleines Wollkn\u00e4ul sucht Anschlu\u00df, verm. 02.01.2017"}]},{"@type":"WebSite","@id":"https:\/\/tierheim-moers.de\/Wordpress\/#website","url":"https:\/\/tierheim-moers.de\/Wordpress\/","name":"Tierheim Moers","description":"Tierheim | Hundepension | Tierschutz | Moers","publisher":{"@id":"https:\/\/tierheim-moers.de\/Wordpress\/#organization"},"potentialAction":[{"@type":"SearchAction","target":{"@type":"EntryPoint","urlTemplate":"https:\/\/tierheim-moers.de\/Wordpress\/?s={search_term_string}"},"query-input":{"@type":"PropertyValueSpecification","valueRequired":true,"valueName":"search_term_string"}}],"inLanguage":"de"},{"@type":"Organization","@id":"https:\/\/tierheim-moers.de\/Wordpress\/#organization","name":"Tierheim Moers","url":"https:\/\/tierheim-moers.de\/Wordpress\/","logo":{"@type":"ImageObject","inLanguage":"de","@id":"https:\/\/tierheim-moers.de\/Wordpress\/#\/schema\/logo\/image\/","url":"https:\/\/tierheim-moers.de\/Wordpress\/wp-content\/uploads\/2014\/04\/Logo-TSV-Moers-V01-RGB-300.png","contentUrl":"https:\/\/tierheim-moers.de\/Wordpress\/wp-content\/uploads\/2014\/04\/Logo-TSV-Moers-V01-RGB-300.png","width":1052,"height":1038,"caption":"Tierheim Moers"},"image":{"@id":"https:\/\/tierheim-moers.de\/Wordpress\/#\/schema\/logo\/image\/"},"sameAs":["https:\/\/de-de.facebook.com\/moers.tierheim"]},{"@type":"Person","@id":"https:\/\/tierheim-moers.de\/Wordpress\/#\/schema\/person\/f37dc6ba0e6e5891edcac7b88a3fbaec","name":"Nicola Kreuzmann","image":{"@type":"ImageObject","inLanguage":"de","@id":"https:\/\/tierheim-moers.de\/Wordpress\/#\/schema\/person\/image\/","url":"https:\/\/secure.gravatar.com\/avatar\/645b3c5bd26d951cc2a80b8840ec358fafa6ebdea38447358ca90526d2145312?s=96&d=mm&r=g","contentUrl":"https:\/\/secure.gravatar.com\/avatar\/645b3c5bd26d951cc2a80b8840ec358fafa6ebdea38447358ca90526d2145312?s=96&d=mm&r=g","caption":"Nicola Kreuzmann"},"url":"https:\/\/tierheim-moers.de\/Wordpress\/author\/nicola-rossbach\/"}]}},"_links":{"self":[{"href":"https:\/\/tierheim-moers.de\/Wordpress\/wp-json\/wp\/v2\/posts\/13409","targetHints":{"allow":["GET"]}}],"collection":[{"href":"https:\/\/tierheim-moers.de\/Wordpress\/wp-json\/wp\/v2\/posts"}],"about":[{"href":"https:\/\/tierheim-moers.de\/Wordpress\/wp-json\/wp\/v2\/types\/post"}],"author":[{"embeddable":true,"href":"https:\/\/tierheim-moers.de\/Wordpress\/wp-json\/wp\/v2\/users\/6"}],"replies":[{"embeddable":true,"href":"https:\/\/tierheim-moers.de\/Wordpress\/wp-json\/wp\/v2\/comments?post=13409"}],"version-history":[{"count":2,"href":"https:\/\/tierheim-moers.de\/Wordpress\/wp-json\/wp\/v2\/posts\/13409\/revisions"}],"predecessor-version":[{"id":13752,"href":"https:\/\/tierheim-moers.de\/Wordpress\/wp-json\/wp\/v2\/posts\/13409\/revisions\/13752"}],"wp:featuredmedia":[{"embeddable":true,"href":"https:\/\/tierheim-moers.de\/Wordpress\/wp-json\/wp\/v2\/media\/13412"}],"wp:attachment":[{"href":"https:\/\/tierheim-moers.de\/Wordpress\/wp-json\/wp\/v2\/media?parent=13409"}],"wp:term":[{"taxonomy":"category","embeddable":true,"href":"https:\/\/tierheim-moers.de\/Wordpress\/wp-json\/wp\/v2\/categories?post=13409"},{"taxonomy":"post_tag","embeddable":true,"href":"https:\/\/tierheim-moers.de\/Wordpress\/wp-json\/wp\/v2\/tags?post=13409"}],"curies":[{"name":"wp","href":"https:\/\/api.w.org\/{rel}","templated":true}]}}