{"id":13860,"date":"2017-01-10T23:26:01","date_gmt":"2017-01-10T21:26:01","guid":{"rendered":"http:\/\/tierheim-moers.de\/Wordpress\/?p=13860"},"modified":"2017-01-10T23:26:01","modified_gmt":"2017-01-10T21:26:01","slug":"gruesse-von-ben-jetzt-baily","status":"publish","type":"post","link":"https:\/\/tierheim-moers.de\/Wordpress\/gruesse-von-ben-jetzt-baily\/","title":{"rendered":"Gr\u00fc\u00dfe von Ben, jetzt Baily"},"content":{"rendered":"<p>R\u00fcckmeldung von Baily alias Ben<\/p>\n<p>Hallo ihr Lieben,<br \/>\nals aller erstes w\u00fcnsche ich euch ein frohes neues Jahr. Ich bin jetzt stolze 10 Monate alt und habe einen ordentlichen Schub gemacht. Bin nun \u00fcber 50 cm gro\u00df und 23 kg schwer. Ich bin in meinem neuen zu Hause gut angekommen und f\u00fchle mich echt wohl. Mit meinen anderen beiden Mitbewohnern (Milka und Diego) verstehe ich mich super. Ich habe mir zwar letztens von dem Kater Diego eine eingefangen \u2026aber\u2026ich wollte ihm auch sein Essen klauen\u2026und er ist noch verfressener als ich \ud83d\ude00 Mit dem Essen hat es sogar noch besser geklappt als mein Frauchen gedacht hatte. Ich schlinge nicht mehr alles schnell runter und den M\u00fcll musste auch nicht wegger\u00e4umt werden. Ich benehme mich zu Hause tadellos. Das zwischenzeitliche alleine bleiben muss ich jetzt noch \u00fcben. Es f\u00e4llt mir schwer, da ich zu meinem Frauchen angefangen habe eine Bindung aufzubauen. Aber das bekomme ich auch noch hin, da bin ich mir und mein Frauchen auch ziemlich sicher. Das habe ich auch beim Auto fahren bewiesen. Ich fahre nun sehr gerne Auto und bin \u00fcberall gerne dabei. Ich gehe nun auch von Dienstag bis Freitag arbeiten. Auf der Arbeit ist es ganz toll. Ich bekomme ganz viel Aufmerksamkeit und Streicheleinheiten und alle sind ganz nett zu mir. Besonders zu erw\u00e4hnen ist, dass ich nicht alleine als tierischer Mitarbeiter agiere. Ich habe dort noch mein hei\u00df und innig geliebtes M\u00e4dchen Billy, mit der ich die Pausen verbringe und durch den Garten tobe. Ich muss nur weiterhin an meiner Unsicherheit und meiner Angst arbeiten. Ich belle gelegentlich auf der Arbeit die Jugendlichen an, besonders die jungen M\u00e4nner. Die bereiten mir trotz Bestechung mit Leckerlis noch Angst. Generell bin ich noch ziemlich \u00e4ngstlich im Hinblick auf fremde Menschen, junge M\u00e4nner und andere eher gr\u00f6\u00dfere Hunde. Aber Begegnungen mit anderen Hunden sind schon etwas entspannter geworden. Durch die Hundetrainerin, die mich montags immer besuchen kommt, habe ich auch ein wenig gelernt wie man richtig an der Leine geht. Aber auch daran arbeite ich noch. Ich besuche auch seit kurzem die <a href=\"http:\/\/tierheim-moers.de\/Wordpress\/wp-content\/uploads\/2017\/01\/ben-Andere.png\"><img fetchpriority=\"high\" decoding=\"async\" class=\"alignnone size-medium wp-image-13862\" src=\"http:\/\/tierheim-moers.de\/Wordpress\/wp-content\/uploads\/2017\/01\/ben-Andere-300x180.png\" alt=\"\" width=\"300\" height=\"180\" srcset=\"https:\/\/tierheim-moers.de\/Wordpress\/wp-content\/uploads\/2017\/01\/ben-Andere-300x180.png 300w, https:\/\/tierheim-moers.de\/Wordpress\/wp-content\/uploads\/2017\/01\/ben-Andere-768x461.png 768w, https:\/\/tierheim-moers.de\/Wordpress\/wp-content\/uploads\/2017\/01\/ben-Andere-600x360.png 600w, https:\/\/tierheim-moers.de\/Wordpress\/wp-content\/uploads\/2017\/01\/ben-Andere-700x420.png 700w, https:\/\/tierheim-moers.de\/Wordpress\/wp-content\/uploads\/2017\/01\/ben-Andere.png 900w\" sizes=\"(max-width: 300px) 100vw, 300px\" \/><\/a>Junghundegruppe. Da lerne ich den Umgang mit anderen Hunden immer besser kennen\u2026. Ach ich habe ja noch gar nicht von meinem gro\u00dfen Bruder berichtet. Der wohnt in Krefeld. Mit Noah verstehe ich mich richtig gut und gehe gerne spazieren und spiele mit ihm. Silvester haben wir zusammen verbracht und gut \u00fcberstanden. Noah ist total cool und ein gutes Vorbild. Ich hatte Silvester gar keine Angst \uf04a<br \/>\nIch melde mich zwischenzeitlich nochmal bei euch\u2026<br \/>\nLiebe Gr\u00fc\u00dfe euer Baily<br \/>\nSpielen mit meinem gro\u00dfen Bruder Noah bei der Arbeit<\/p>\n<p>Bin ich nicht ein h\u00fcbscher Kerl \uf04a meine geliebte Arbeitskollegin Billy<\/p>\n<div class=\"shariff shariff-align-flex-start shariff-widget-align-center\" data-url=\"https%3A%2F%2Ftierheim-moers.de%2FWordpress%2Fgruesse-von-ben-jetzt-baily%2F\" data-timestamp=\"1484090761\" data-hidezero=\"1\" data-backendurl=\"https:\/\/tierheim-moers.de\/Wordpress\/wp-json\/shariff\/v1\/share_counts?\"><ul class=\"shariff-buttons theme-round orientation-horizontal buttonsize-small\"><li class=\"shariff-button facebook shariff-nocustomcolor\" style=\"background-color:#4273c8\"><a href=\"https:\/\/www.facebook.com\/sharer\/sharer.php?u=https%3A%2F%2Ftierheim-moers.de%2FWordpress%2Fgruesse-von-ben-jetzt-baily%2F\" title=\"Bei Facebook teilen\" aria-label=\"Bei Facebook teilen\" role=\"button\" rel=\"nofollow\" class=\"shariff-link\" style=\"; background-color:#3b5998; color:#fff\" target=\"_blank\"><span class=\"shariff-icon\" style=\"\"><svg width=\"32px\" height=\"20px\" xmlns=\"http:\/\/www.w3.org\/2000\/svg\" viewBox=\"0 0 18 32\"><path fill=\"#3b5998\" d=\"M17.1 0.2v4.7h-2.8q-1.5 0-2.1 0.6t-0.5 1.9v3.4h5.2l-0.7 5.3h-4.5v13.6h-5.5v-13.6h-4.5v-5.3h4.5v-3.9q0-3.3 1.9-5.2t5-1.8q2.6 0 4.1 0.2z\"\/><\/svg><\/span><\/a><\/li><li class=\"shariff-button twitter shariff-nocustomcolor\" style=\"background-color:#595959\"><a href=\"https:\/\/twitter.com\/share?url=https%3A%2F%2Ftierheim-moers.de%2FWordpress%2Fgruesse-von-ben-jetzt-baily%2F&text=Gr%C3%BC%C3%9Fe%20von%20Ben%2C%20jetzt%20Baily\" title=\"Bei X teilen\" aria-label=\"Bei X teilen\" role=\"button\" rel=\"noopener nofollow\" class=\"shariff-link\" style=\"; background-color:#000; color:#fff\" target=\"_blank\"><span class=\"shariff-icon\" style=\"\"><svg width=\"32px\" height=\"20px\" xmlns=\"http:\/\/www.w3.org\/2000\/svg\" viewBox=\"0 0 24 24\"><path fill=\"#000\" d=\"M14.258 10.152L23.176 0h-2.113l-7.747 8.813L7.133 0H0l9.352 13.328L0 23.973h2.113l8.176-9.309 6.531 9.309h7.133zm-2.895 3.293l-.949-1.328L2.875 1.56h3.246l6.086 8.523.945 1.328 7.91 11.078h-3.246zm0 0\"\/><\/svg><\/span><\/a><\/li><li class=\"shariff-button whatsapp shariff-nocustomcolor\" style=\"background-color:#5cbe4a\"><a href=\"https:\/\/api.whatsapp.com\/send?text=https%3A%2F%2Ftierheim-moers.de%2FWordpress%2Fgruesse-von-ben-jetzt-baily%2F%20Gr%C3%BC%C3%9Fe%20von%20Ben%2C%20jetzt%20Baily\" title=\"Bei Whatsapp teilen\" aria-label=\"Bei Whatsapp teilen\" role=\"button\" rel=\"noopener nofollow\" class=\"shariff-link\" style=\"; background-color:#34af23; color:#fff\" target=\"_blank\"><span class=\"shariff-icon\" style=\"\"><svg width=\"32px\" height=\"20px\" xmlns=\"http:\/\/www.w3.org\/2000\/svg\" viewBox=\"0 0 32 32\"><path fill=\"#34af23\" d=\"M17.6 17.4q0.2 0 1.7 0.8t1.6 0.9q0 0.1 0 0.3 0 0.6-0.3 1.4-0.3 0.7-1.3 1.2t-1.8 0.5q-1 0-3.4-1.1-1.7-0.8-3-2.1t-2.6-3.3q-1.3-1.9-1.3-3.5v-0.1q0.1-1.6 1.3-2.8 0.4-0.4 0.9-0.4 0.1 0 0.3 0t0.3 0q0.3 0 0.5 0.1t0.3 0.5q0.1 0.4 0.6 1.6t0.4 1.3q0 0.4-0.6 1t-0.6 0.8q0 0.1 0.1 0.3 0.6 1.3 1.8 2.4 1 0.9 2.7 1.8 0.2 0.1 0.4 0.1 0.3 0 1-0.9t0.9-0.9zM14 26.9q2.3 0 4.3-0.9t3.6-2.4 2.4-3.6 0.9-4.3-0.9-4.3-2.4-3.6-3.6-2.4-4.3-0.9-4.3 0.9-3.6 2.4-2.4 3.6-0.9 4.3q0 3.6 2.1 6.6l-1.4 4.2 4.3-1.4q2.8 1.9 6.2 1.9zM14 2.2q2.7 0 5.2 1.1t4.3 2.9 2.9 4.3 1.1 5.2-1.1 5.2-2.9 4.3-4.3 2.9-5.2 1.1q-3.5 0-6.5-1.7l-7.4 2.4 2.4-7.2q-1.9-3.2-1.9-6.9 0-2.7 1.1-5.2t2.9-4.3 4.3-2.9 5.2-1.1z\"\/><\/svg><\/span><\/a><\/li><li class=\"shariff-button sms shariff-nocustomcolor shariff-mobile\" style=\"background-color:#d7d9d8\"><a href=\"sms:?&body=https%3A%2F%2Ftierheim-moers.de%2FWordpress%2Fgruesse-von-ben-jetzt-baily%2F\" title=\"Per SMS teilen\" aria-label=\"Per SMS teilen\" role=\"button\" rel=\"noopener nofollow\" class=\"shariff-link\" style=\"; background-color:#a1e877; color:#fff\" target=\"_blank\"><span class=\"shariff-icon\" style=\"\"><svg xmlns=\"http:\/\/www.w3.org\/2000\/svg\" width=\"510\" height=\"510\" viewBox=\"0 0 510 510\"><path fill=\"#a1e877\" d=\"M459 0H51C23 0 0 23 0 51v459l102-102h357c28.1 0 51-22.9 51-51V51C510 23 487.1 0 459 0zM178.5 229.5h-51v-51h51V229.5zM280.5 229.5h-51v-51h51V229.5zM382.5 229.5h-51v-51h51V229.5z\"\/><\/svg><\/span><\/a><\/li><\/ul><\/div>","protected":false},"excerpt":{"rendered":"<p>R\u00fcckmeldung von Baily alias Ben Hallo ihr Lieben, als aller erstes w\u00fcnsche ich euch ein frohes neues Jahr. Ich bin jetzt stolze 10 Monate alt und habe einen ordentlichen Schub gemacht. Bin nun \u00fcber 50 cm gro\u00df und 23 kg schwer. Ich bin in meinem neuen zu Hause gut angekommen &#8230;<\/p>\n","protected":false},"author":4,"featured_media":13862,"comment_status":"closed","ping_status":"open","sticky":false,"template":"","format":"standard","meta":{"ngg_post_thumbnail":0,"footnotes":""},"categories":[32],"tags":[],"class_list":["post-13860","post","type-post","status-publish","format-standard","has-post-thumbnail","hentry","category-erfolgsgeschichten","column","threecol","has-thumbnail"],"yoast_head":"<!-- This site is optimized with the Yoast SEO plugin v24.6 - https:\/\/yoast.com\/wordpress\/plugins\/seo\/ -->\n<title>Gr\u00fc\u00dfe von Ben, jetzt Baily | TIERHEIM MOERS<\/title>\n<meta name=\"robots\" content=\"index, follow, max-snippet:-1, max-image-preview:large, max-video-preview:-1\" \/>\n<link rel=\"canonical\" href=\"https:\/\/tierheim-moers.de\/Wordpress\/gruesse-von-ben-jetzt-baily\/\" \/>\n<meta property=\"og:locale\" content=\"de_DE\" \/>\n<meta property=\"og:type\" content=\"article\" \/>\n<meta property=\"og:title\" content=\"Gr\u00fc\u00dfe von Ben, jetzt Baily | TIERHEIM MOERS\" \/>\n<meta property=\"og:description\" content=\"R\u00fcckmeldung von Baily alias Ben Hallo ihr Lieben, als aller erstes w\u00fcnsche ich euch ein frohes neues Jahr. Ich bin jetzt stolze &#8230;\" \/>\n<meta property=\"og:url\" content=\"https:\/\/tierheim-moers.de\/Wordpress\/gruesse-von-ben-jetzt-baily\/\" \/>\n<meta property=\"og:site_name\" content=\"TIERHEIM MOERS\" \/>\n<meta property=\"article:publisher\" content=\"https:\/\/de-de.facebook.com\/moers.tierheim\" \/>\n<meta property=\"article:published_time\" content=\"2017-01-10T21:26:01+00:00\" \/>\n<meta property=\"og:image\" content=\"https:\/\/tierheim-moers.de\/Wordpress\/wp-content\/uploads\/2017\/01\/ben-Andere.png\" \/>\n\t<meta property=\"og:image:width\" content=\"900\" \/>\n\t<meta property=\"og:image:height\" content=\"540\" \/>\n\t<meta property=\"og:image:type\" content=\"image\/png\" \/>\n<meta name=\"author\" content=\"Gisela Kuhnen\" \/>\n<meta name=\"twitter:card\" content=\"summary_large_image\" \/>\n<meta name=\"twitter:label1\" content=\"Verfasst von\" \/>\n\t<meta name=\"twitter:data1\" content=\"Gisela Kuhnen\" \/>\n\t<meta name=\"twitter:label2\" content=\"Gesch\u00e4tzte Lesezeit\" \/>\n\t<meta name=\"twitter:data2\" content=\"2\u00a0Minuten\" \/>\n<script type=\"application\/ld+json\" class=\"yoast-schema-graph\">{\"@context\":\"https:\/\/schema.org\",\"@graph\":[{\"@type\":\"Article\",\"@id\":\"https:\/\/tierheim-moers.de\/Wordpress\/gruesse-von-ben-jetzt-baily\/#article\",\"isPartOf\":{\"@id\":\"https:\/\/tierheim-moers.de\/Wordpress\/gruesse-von-ben-jetzt-baily\/\"},\"author\":{\"name\":\"Gisela Kuhnen\",\"@id\":\"https:\/\/tierheim-moers.de\/Wordpress\/#\/schema\/person\/35ad410ed2d8620d4f57f813585b0d8e\"},\"headline\":\"Gr\u00fc\u00dfe von Ben, jetzt Baily\",\"datePublished\":\"2017-01-10T21:26:01+00:00\",\"mainEntityOfPage\":{\"@id\":\"https:\/\/tierheim-moers.de\/Wordpress\/gruesse-von-ben-jetzt-baily\/\"},\"wordCount\":460,\"publisher\":{\"@id\":\"https:\/\/tierheim-moers.de\/Wordpress\/#organization\"},\"image\":{\"@id\":\"https:\/\/tierheim-moers.de\/Wordpress\/gruesse-von-ben-jetzt-baily\/#primaryimage\"},\"thumbnailUrl\":\"https:\/\/tierheim-moers.de\/Wordpress\/wp-content\/uploads\/2017\/01\/ben-Andere.png\",\"articleSection\":[\"Erfolgsgeschichten\"],\"inLanguage\":\"de\"},{\"@type\":\"WebPage\",\"@id\":\"https:\/\/tierheim-moers.de\/Wordpress\/gruesse-von-ben-jetzt-baily\/\",\"url\":\"https:\/\/tierheim-moers.de\/Wordpress\/gruesse-von-ben-jetzt-baily\/\",\"name\":\"Gr\u00fc\u00dfe von Ben, jetzt Baily | TIERHEIM MOERS\",\"isPartOf\":{\"@id\":\"https:\/\/tierheim-moers.de\/Wordpress\/#website\"},\"primaryImageOfPage\":{\"@id\":\"https:\/\/tierheim-moers.de\/Wordpress\/gruesse-von-ben-jetzt-baily\/#primaryimage\"},\"image\":{\"@id\":\"https:\/\/tierheim-moers.de\/Wordpress\/gruesse-von-ben-jetzt-baily\/#primaryimage\"},\"thumbnailUrl\":\"https:\/\/tierheim-moers.de\/Wordpress\/wp-content\/uploads\/2017\/01\/ben-Andere.png\",\"datePublished\":\"2017-01-10T21:26:01+00:00\",\"breadcrumb\":{\"@id\":\"https:\/\/tierheim-moers.de\/Wordpress\/gruesse-von-ben-jetzt-baily\/#breadcrumb\"},\"inLanguage\":\"de\",\"potentialAction\":[{\"@type\":\"ReadAction\",\"target\":[\"https:\/\/tierheim-moers.de\/Wordpress\/gruesse-von-ben-jetzt-baily\/\"]}]},{\"@type\":\"ImageObject\",\"inLanguage\":\"de\",\"@id\":\"https:\/\/tierheim-moers.de\/Wordpress\/gruesse-von-ben-jetzt-baily\/#primaryimage\",\"url\":\"https:\/\/tierheim-moers.de\/Wordpress\/wp-content\/uploads\/2017\/01\/ben-Andere.png\",\"contentUrl\":\"https:\/\/tierheim-moers.de\/Wordpress\/wp-content\/uploads\/2017\/01\/ben-Andere.png\",\"width\":900,\"height\":540},{\"@type\":\"BreadcrumbList\",\"@id\":\"https:\/\/tierheim-moers.de\/Wordpress\/gruesse-von-ben-jetzt-baily\/#breadcrumb\",\"itemListElement\":[{\"@type\":\"ListItem\",\"position\":1,\"name\":\"Startseite\",\"item\":\"https:\/\/tierheim-moers.de\/Wordpress\/\"},{\"@type\":\"ListItem\",\"position\":2,\"name\":\"Gr\u00fc\u00dfe von Ben, jetzt Baily\"}]},{\"@type\":\"WebSite\",\"@id\":\"https:\/\/tierheim-moers.de\/Wordpress\/#website\",\"url\":\"https:\/\/tierheim-moers.de\/Wordpress\/\",\"name\":\"Tierheim Moers\",\"description\":\"Tierheim | Hundepension | Tierschutz | Moers\",\"publisher\":{\"@id\":\"https:\/\/tierheim-moers.de\/Wordpress\/#organization\"},\"potentialAction\":[{\"@type\":\"SearchAction\",\"target\":{\"@type\":\"EntryPoint\",\"urlTemplate\":\"https:\/\/tierheim-moers.de\/Wordpress\/?s={search_term_string}\"},\"query-input\":{\"@type\":\"PropertyValueSpecification\",\"valueRequired\":true,\"valueName\":\"search_term_string\"}}],\"inLanguage\":\"de\"},{\"@type\":\"Organization\",\"@id\":\"https:\/\/tierheim-moers.de\/Wordpress\/#organization\",\"name\":\"Tierheim Moers\",\"url\":\"https:\/\/tierheim-moers.de\/Wordpress\/\",\"logo\":{\"@type\":\"ImageObject\",\"inLanguage\":\"de\",\"@id\":\"https:\/\/tierheim-moers.de\/Wordpress\/#\/schema\/logo\/image\/\",\"url\":\"https:\/\/tierheim-moers.de\/Wordpress\/wp-content\/uploads\/2014\/04\/Logo-TSV-Moers-V01-RGB-300.png\",\"contentUrl\":\"https:\/\/tierheim-moers.de\/Wordpress\/wp-content\/uploads\/2014\/04\/Logo-TSV-Moers-V01-RGB-300.png\",\"width\":1052,\"height\":1038,\"caption\":\"Tierheim Moers\"},\"image\":{\"@id\":\"https:\/\/tierheim-moers.de\/Wordpress\/#\/schema\/logo\/image\/\"},\"sameAs\":[\"https:\/\/de-de.facebook.com\/moers.tierheim\"]},{\"@type\":\"Person\",\"@id\":\"https:\/\/tierheim-moers.de\/Wordpress\/#\/schema\/person\/35ad410ed2d8620d4f57f813585b0d8e\",\"name\":\"Gisela Kuhnen\",\"image\":{\"@type\":\"ImageObject\",\"inLanguage\":\"de\",\"@id\":\"https:\/\/tierheim-moers.de\/Wordpress\/#\/schema\/person\/image\/\",\"url\":\"https:\/\/secure.gravatar.com\/avatar\/807ca84b4538291e2f5dc665ed240a0d4d7ab8f22360ec427a82fe926980b31a?s=96&d=mm&r=g\",\"contentUrl\":\"https:\/\/secure.gravatar.com\/avatar\/807ca84b4538291e2f5dc665ed240a0d4d7ab8f22360ec427a82fe926980b31a?s=96&d=mm&r=g\",\"caption\":\"Gisela Kuhnen\"},\"url\":\"https:\/\/tierheim-moers.de\/Wordpress\/author\/gisela-kuhnen\/\"}]}<\/script>\n<!-- \/ Yoast SEO plugin. -->","yoast_head_json":{"title":"Gr\u00fc\u00dfe von Ben, jetzt Baily | TIERHEIM MOERS","robots":{"index":"index","follow":"follow","max-snippet":"max-snippet:-1","max-image-preview":"max-image-preview:large","max-video-preview":"max-video-preview:-1"},"canonical":"https:\/\/tierheim-moers.de\/Wordpress\/gruesse-von-ben-jetzt-baily\/","og_locale":"de_DE","og_type":"article","og_title":"Gr\u00fc\u00dfe von Ben, jetzt Baily | TIERHEIM MOERS","og_description":"R\u00fcckmeldung von Baily alias Ben Hallo ihr Lieben, als aller erstes w\u00fcnsche ich euch ein frohes neues Jahr. Ich bin jetzt stolze &#8230;","og_url":"https:\/\/tierheim-moers.de\/Wordpress\/gruesse-von-ben-jetzt-baily\/","og_site_name":"TIERHEIM MOERS","article_publisher":"https:\/\/de-de.facebook.com\/moers.tierheim","article_published_time":"2017-01-10T21:26:01+00:00","og_image":[{"width":900,"height":540,"url":"https:\/\/tierheim-moers.de\/Wordpress\/wp-content\/uploads\/2017\/01\/ben-Andere.png","type":"image\/png"}],"author":"Gisela Kuhnen","twitter_card":"summary_large_image","twitter_misc":{"Verfasst von":"Gisela Kuhnen","Gesch\u00e4tzte Lesezeit":"2\u00a0Minuten"},"schema":{"@context":"https:\/\/schema.org","@graph":[{"@type":"Article","@id":"https:\/\/tierheim-moers.de\/Wordpress\/gruesse-von-ben-jetzt-baily\/#article","isPartOf":{"@id":"https:\/\/tierheim-moers.de\/Wordpress\/gruesse-von-ben-jetzt-baily\/"},"author":{"name":"Gisela Kuhnen","@id":"https:\/\/tierheim-moers.de\/Wordpress\/#\/schema\/person\/35ad410ed2d8620d4f57f813585b0d8e"},"headline":"Gr\u00fc\u00dfe von Ben, jetzt Baily","datePublished":"2017-01-10T21:26:01+00:00","mainEntityOfPage":{"@id":"https:\/\/tierheim-moers.de\/Wordpress\/gruesse-von-ben-jetzt-baily\/"},"wordCount":460,"publisher":{"@id":"https:\/\/tierheim-moers.de\/Wordpress\/#organization"},"image":{"@id":"https:\/\/tierheim-moers.de\/Wordpress\/gruesse-von-ben-jetzt-baily\/#primaryimage"},"thumbnailUrl":"https:\/\/tierheim-moers.de\/Wordpress\/wp-content\/uploads\/2017\/01\/ben-Andere.png","articleSection":["Erfolgsgeschichten"],"inLanguage":"de"},{"@type":"WebPage","@id":"https:\/\/tierheim-moers.de\/Wordpress\/gruesse-von-ben-jetzt-baily\/","url":"https:\/\/tierheim-moers.de\/Wordpress\/gruesse-von-ben-jetzt-baily\/","name":"Gr\u00fc\u00dfe von Ben, jetzt Baily | TIERHEIM MOERS","isPartOf":{"@id":"https:\/\/tierheim-moers.de\/Wordpress\/#website"},"primaryImageOfPage":{"@id":"https:\/\/tierheim-moers.de\/Wordpress\/gruesse-von-ben-jetzt-baily\/#primaryimage"},"image":{"@id":"https:\/\/tierheim-moers.de\/Wordpress\/gruesse-von-ben-jetzt-baily\/#primaryimage"},"thumbnailUrl":"https:\/\/tierheim-moers.de\/Wordpress\/wp-content\/uploads\/2017\/01\/ben-Andere.png","datePublished":"2017-01-10T21:26:01+00:00","breadcrumb":{"@id":"https:\/\/tierheim-moers.de\/Wordpress\/gruesse-von-ben-jetzt-baily\/#breadcrumb"},"inLanguage":"de","potentialAction":[{"@type":"ReadAction","target":["https:\/\/tierheim-moers.de\/Wordpress\/gruesse-von-ben-jetzt-baily\/"]}]},{"@type":"ImageObject","inLanguage":"de","@id":"https:\/\/tierheim-moers.de\/Wordpress\/gruesse-von-ben-jetzt-baily\/#primaryimage","url":"https:\/\/tierheim-moers.de\/Wordpress\/wp-content\/uploads\/2017\/01\/ben-Andere.png","contentUrl":"https:\/\/tierheim-moers.de\/Wordpress\/wp-content\/uploads\/2017\/01\/ben-Andere.png","width":900,"height":540},{"@type":"BreadcrumbList","@id":"https:\/\/tierheim-moers.de\/Wordpress\/gruesse-von-ben-jetzt-baily\/#breadcrumb","itemListElement":[{"@type":"ListItem","position":1,"name":"Startseite","item":"https:\/\/tierheim-moers.de\/Wordpress\/"},{"@type":"ListItem","position":2,"name":"Gr\u00fc\u00dfe von Ben, jetzt Baily"}]},{"@type":"WebSite","@id":"https:\/\/tierheim-moers.de\/Wordpress\/#website","url":"https:\/\/tierheim-moers.de\/Wordpress\/","name":"Tierheim Moers","description":"Tierheim | Hundepension | Tierschutz | Moers","publisher":{"@id":"https:\/\/tierheim-moers.de\/Wordpress\/#organization"},"potentialAction":[{"@type":"SearchAction","target":{"@type":"EntryPoint","urlTemplate":"https:\/\/tierheim-moers.de\/Wordpress\/?s={search_term_string}"},"query-input":{"@type":"PropertyValueSpecification","valueRequired":true,"valueName":"search_term_string"}}],"inLanguage":"de"},{"@type":"Organization","@id":"https:\/\/tierheim-moers.de\/Wordpress\/#organization","name":"Tierheim Moers","url":"https:\/\/tierheim-moers.de\/Wordpress\/","logo":{"@type":"ImageObject","inLanguage":"de","@id":"https:\/\/tierheim-moers.de\/Wordpress\/#\/schema\/logo\/image\/","url":"https:\/\/tierheim-moers.de\/Wordpress\/wp-content\/uploads\/2014\/04\/Logo-TSV-Moers-V01-RGB-300.png","contentUrl":"https:\/\/tierheim-moers.de\/Wordpress\/wp-content\/uploads\/2014\/04\/Logo-TSV-Moers-V01-RGB-300.png","width":1052,"height":1038,"caption":"Tierheim Moers"},"image":{"@id":"https:\/\/tierheim-moers.de\/Wordpress\/#\/schema\/logo\/image\/"},"sameAs":["https:\/\/de-de.facebook.com\/moers.tierheim"]},{"@type":"Person","@id":"https:\/\/tierheim-moers.de\/Wordpress\/#\/schema\/person\/35ad410ed2d8620d4f57f813585b0d8e","name":"Gisela Kuhnen","image":{"@type":"ImageObject","inLanguage":"de","@id":"https:\/\/tierheim-moers.de\/Wordpress\/#\/schema\/person\/image\/","url":"https:\/\/secure.gravatar.com\/avatar\/807ca84b4538291e2f5dc665ed240a0d4d7ab8f22360ec427a82fe926980b31a?s=96&d=mm&r=g","contentUrl":"https:\/\/secure.gravatar.com\/avatar\/807ca84b4538291e2f5dc665ed240a0d4d7ab8f22360ec427a82fe926980b31a?s=96&d=mm&r=g","caption":"Gisela Kuhnen"},"url":"https:\/\/tierheim-moers.de\/Wordpress\/author\/gisela-kuhnen\/"}]}},"_links":{"self":[{"href":"https:\/\/tierheim-moers.de\/Wordpress\/wp-json\/wp\/v2\/posts\/13860","targetHints":{"allow":["GET"]}}],"collection":[{"href":"https:\/\/tierheim-moers.de\/Wordpress\/wp-json\/wp\/v2\/posts"}],"about":[{"href":"https:\/\/tierheim-moers.de\/Wordpress\/wp-json\/wp\/v2\/types\/post"}],"author":[{"embeddable":true,"href":"https:\/\/tierheim-moers.de\/Wordpress\/wp-json\/wp\/v2\/users\/4"}],"replies":[{"embeddable":true,"href":"https:\/\/tierheim-moers.de\/Wordpress\/wp-json\/wp\/v2\/comments?post=13860"}],"version-history":[{"count":2,"href":"https:\/\/tierheim-moers.de\/Wordpress\/wp-json\/wp\/v2\/posts\/13860\/revisions"}],"predecessor-version":[{"id":13863,"href":"https:\/\/tierheim-moers.de\/Wordpress\/wp-json\/wp\/v2\/posts\/13860\/revisions\/13863"}],"wp:featuredmedia":[{"embeddable":true,"href":"https:\/\/tierheim-moers.de\/Wordpress\/wp-json\/wp\/v2\/media\/13862"}],"wp:attachment":[{"href":"https:\/\/tierheim-moers.de\/Wordpress\/wp-json\/wp\/v2\/media?parent=13860"}],"wp:term":[{"taxonomy":"category","embeddable":true,"href":"https:\/\/tierheim-moers.de\/Wordpress\/wp-json\/wp\/v2\/categories?post=13860"},{"taxonomy":"post_tag","embeddable":true,"href":"https:\/\/tierheim-moers.de\/Wordpress\/wp-json\/wp\/v2\/tags?post=13860"}],"curies":[{"name":"wp","href":"https:\/\/api.w.org\/{rel}","templated":true}]}}