{"id":14214,"date":"2017-02-13T15:02:21","date_gmt":"2017-02-13T13:02:21","guid":{"rendered":"http:\/\/tierheim-moers.de\/Wordpress\/?p=14214"},"modified":"2017-04-06T18:26:00","modified_gmt":"2017-04-06T16:26:00","slug":"jacko-lebt-sich-ein","status":"publish","type":"post","link":"https:\/\/tierheim-moers.de\/Wordpress\/jacko-lebt-sich-ein\/","title":{"rendered":"Jacko lebt sich ein"},"content":{"rendered":"<p>&nbsp;<\/p>\n<figure id=\"attachment_15004\" aria-describedby=\"caption-attachment-15004\" style=\"width: 223px\" class=\"wp-caption aligncenter\"><a href=\"http:\/\/tierheim-moers.de\/Wordpress\/wp-content\/uploads\/2017\/02\/jacko11.jpg\"><img fetchpriority=\"high\" decoding=\"async\" class=\"wp-image-15004 size-medium\" src=\"http:\/\/tierheim-moers.de\/Wordpress\/wp-content\/uploads\/2017\/02\/jacko11-223x300.jpg\" alt=\"\" width=\"223\" height=\"300\" srcset=\"https:\/\/tierheim-moers.de\/Wordpress\/wp-content\/uploads\/2017\/02\/jacko11-223x300.jpg 223w, https:\/\/tierheim-moers.de\/Wordpress\/wp-content\/uploads\/2017\/02\/jacko11-600x807.jpg 600w, https:\/\/tierheim-moers.de\/Wordpress\/wp-content\/uploads\/2017\/02\/jacko11-700x941.jpg 700w, https:\/\/tierheim-moers.de\/Wordpress\/wp-content\/uploads\/2017\/02\/jacko11.jpg 714w\" sizes=\"(max-width: 223px) 100vw, 223px\" \/><\/a><figcaption id=\"caption-attachment-15004\" class=\"wp-caption-text\">05.04.2017 Jacko der Pasc<\/figcaption><\/figure>\n<p>30.03.2017<\/p>\n<p><a href=\"http:\/\/tierheim-moers.de\/Wordpress\/wp-content\/uploads\/2017\/02\/jacko10.jpg\"><img decoding=\"async\" class=\"alignnone size-medium wp-image-14954\" src=\"http:\/\/tierheim-moers.de\/Wordpress\/wp-content\/uploads\/2017\/02\/jacko10-223x300.jpg\" alt=\"\" width=\"223\" height=\"300\" srcset=\"https:\/\/tierheim-moers.de\/Wordpress\/wp-content\/uploads\/2017\/02\/jacko10-223x300.jpg 223w, https:\/\/tierheim-moers.de\/Wordpress\/wp-content\/uploads\/2017\/02\/jacko10-600x807.jpg 600w, https:\/\/tierheim-moers.de\/Wordpress\/wp-content\/uploads\/2017\/02\/jacko10-700x941.jpg 700w, https:\/\/tierheim-moers.de\/Wordpress\/wp-content\/uploads\/2017\/02\/jacko10.jpg 714w\" sizes=\"(max-width: 223px) 100vw, 223px\" \/><\/a><\/p>\n<p><span id=\"fbPhotoSnowliftCaption\" class=\"fbPhotosPhotoCaption\" tabindex=\"0\" data-ft=\"{&quot;tn&quot;:&quot;K&quot;}\"><span class=\"hasCaption\">So sieht ein relaxter Jacko aus! Ich bin so gl\u00fccklich mit meinem S\u00fc\u00dfen. Bin froh, dass ich ihn beim Tierheim Moers gefunden und ihm eine Chance gegeben habe. Wei\u00df noch nur zu gut wie er \u00e4ngstlich in seinem K\u00f6rbchen im Schrank gelegen hat und am liebsten unsichtbar gewesen w\u00e4re.<\/span><\/span><\/p>\n<div id=\"fbPhotoSnowliftProductsTagList\" class=\"pts fbPhotoProductsTagList\"><\/div>\n<div id=\"fbPhotoSnowliftLegacyTagList\" class=\"pts fbPhotoLegacyTagList\"><\/div>\n<div id=\"fbPhotoSnowliftOwnerButtons\" class=\"mvm fbPhotosPhotoOwnerButtons stat_elem\"><\/div>\n<p>20.03.2017<\/p>\n<p><a href=\"http:\/\/tierheim-moers.de\/Wordpress\/wp-content\/uploads\/2017\/02\/jacko7.jpg\"><img decoding=\"async\" class=\"alignnone size-medium wp-image-14750\" src=\"http:\/\/tierheim-moers.de\/Wordpress\/wp-content\/uploads\/2017\/02\/jacko7-223x300.jpg\" alt=\"\" width=\"223\" height=\"300\" srcset=\"https:\/\/tierheim-moers.de\/Wordpress\/wp-content\/uploads\/2017\/02\/jacko7-223x300.jpg 223w, https:\/\/tierheim-moers.de\/Wordpress\/wp-content\/uploads\/2017\/02\/jacko7-600x807.jpg 600w, https:\/\/tierheim-moers.de\/Wordpress\/wp-content\/uploads\/2017\/02\/jacko7-700x941.jpg 700w, https:\/\/tierheim-moers.de\/Wordpress\/wp-content\/uploads\/2017\/02\/jacko7.jpg 714w\" sizes=\"(max-width: 223px) 100vw, 223px\" \/><span id=\"fbPhotoSnowliftCaption\" class=\"fbPhotosPhotoCaption\" tabindex=\"0\" data-ft=\"{&quot;tn&quot;:&quot;K&quot;}\"><span class=\"hasCaption\">Der super\u00e4ngstliche Jacko liegt sieben Wochen nach seinem Einzug hie<span class=\"text_exposed_show\">r neben mir auf der Couch und er f\u00fchlt sich sichtlich wohl! Ich bin stolz und gl\u00fccklich!<\/span><\/span><\/span><\/a><\/p>\n<p>15.03.2017<\/p>\n<p><a href=\"http:\/\/tierheim-moers.de\/Wordpress\/wp-content\/uploads\/2017\/02\/jacko8.jpg\"><img loading=\"lazy\" decoding=\"async\" class=\"alignnone size-medium wp-image-14751\" src=\"http:\/\/tierheim-moers.de\/Wordpress\/wp-content\/uploads\/2017\/02\/jacko8-223x300.jpg\" alt=\"\" width=\"223\" height=\"300\" srcset=\"https:\/\/tierheim-moers.de\/Wordpress\/wp-content\/uploads\/2017\/02\/jacko8-223x300.jpg 223w, https:\/\/tierheim-moers.de\/Wordpress\/wp-content\/uploads\/2017\/02\/jacko8-600x807.jpg 600w, https:\/\/tierheim-moers.de\/Wordpress\/wp-content\/uploads\/2017\/02\/jacko8-700x941.jpg 700w, https:\/\/tierheim-moers.de\/Wordpress\/wp-content\/uploads\/2017\/02\/jacko8.jpg 714w\" sizes=\"(max-width: 223px) 100vw, 223px\" \/><\/a><\/p>\n<p><span id=\"fbPhotoSnowliftCaption\" class=\"fbPhotosPhotoCaption\" tabindex=\"0\" data-ft=\"{&quot;tn&quot;:&quot;K&quot;}\"><span class=\"hasCaption\">Jacko steigert sich und beobachtet die Welt jetzt von oben auf dem Kratzbaum! Und es gibt so viel zu sehen, besonders im Garten!<\/span><\/span><\/p>\n<div id=\"fbPhotoSnowliftProductsTagList\" class=\"pts fbPhotoProductsTagList\"><\/div>\n<p>10.03.2017<\/p>\n<p><a href=\"http:\/\/tierheim-moers.de\/Wordpress\/wp-content\/uploads\/2017\/02\/jacko6.jpg\"><img loading=\"lazy\" decoding=\"async\" class=\"alignnone size-medium wp-image-14675\" src=\"http:\/\/tierheim-moers.de\/Wordpress\/wp-content\/uploads\/2017\/02\/jacko6-223x300.jpg\" alt=\"\" width=\"223\" height=\"300\" srcset=\"https:\/\/tierheim-moers.de\/Wordpress\/wp-content\/uploads\/2017\/02\/jacko6-223x300.jpg 223w, https:\/\/tierheim-moers.de\/Wordpress\/wp-content\/uploads\/2017\/02\/jacko6-600x807.jpg 600w, https:\/\/tierheim-moers.de\/Wordpress\/wp-content\/uploads\/2017\/02\/jacko6-700x941.jpg 700w, https:\/\/tierheim-moers.de\/Wordpress\/wp-content\/uploads\/2017\/02\/jacko6.jpg 714w\" sizes=\"(max-width: 223px) 100vw, 223px\" \/><\/a><\/p>\n<p><span id=\"fbPhotoSnowliftCaption\" class=\"fbPhotosPhotoCaption\" tabindex=\"0\" data-ft=\"{&quot;tn&quot;:&quot;K&quot;}\"><span class=\"hasCaption\">Jacko m\u00fcde nach dem spielen mit der Katzenangel!<\/span><\/span><\/p>\n<p><a href=\"http:\/\/tierheim-moers.de\/Wordpress\/wp-content\/uploads\/2017\/02\/jacko5.jpg\"><img loading=\"lazy\" decoding=\"async\" class=\"alignnone size-medium wp-image-14534\" src=\"http:\/\/tierheim-moers.de\/Wordpress\/wp-content\/uploads\/2017\/02\/jacko5-223x300.jpg\" alt=\"\" width=\"223\" height=\"300\" srcset=\"https:\/\/tierheim-moers.de\/Wordpress\/wp-content\/uploads\/2017\/02\/jacko5-223x300.jpg 223w, https:\/\/tierheim-moers.de\/Wordpress\/wp-content\/uploads\/2017\/02\/jacko5.jpg 293w\" sizes=\"(max-width: 223px) 100vw, 223px\" \/><\/a>05.03.2017<\/p>\n<p>02.03.2017<a href=\"http:\/\/tierheim-moers.de\/Wordpress\/wp-content\/uploads\/2017\/02\/jacko4.jpg\"><img loading=\"lazy\" decoding=\"async\" class=\"alignnone size-medium wp-image-14406\" src=\"http:\/\/tierheim-moers.de\/Wordpress\/wp-content\/uploads\/2017\/02\/jacko4-223x300.jpg\" alt=\"\" width=\"223\" height=\"300\" srcset=\"https:\/\/tierheim-moers.de\/Wordpress\/wp-content\/uploads\/2017\/02\/jacko4-223x300.jpg 223w, https:\/\/tierheim-moers.de\/Wordpress\/wp-content\/uploads\/2017\/02\/jacko4-600x807.jpg 600w, https:\/\/tierheim-moers.de\/Wordpress\/wp-content\/uploads\/2017\/02\/jacko4-700x941.jpg 700w, https:\/\/tierheim-moers.de\/Wordpress\/wp-content\/uploads\/2017\/02\/jacko4.jpg 714w\" sizes=\"(max-width: 223px) 100vw, 223px\" \/><\/a><\/p>\n<p><span id=\"fbPhotoSnowliftCaption\" class=\"fbPhotosPhotoCaption\" tabindex=\"0\" data-ft=\"{&quot;tn&quot;:&quot;K&quot;}\"><span class=\"hasCaption\"><br \/>\nJacko in seiner ganzen Pracht!<\/span><\/span><span id=\"fbPhotoSnowliftTagList\" class=\"fbPhotoTagList\"><span class=\"fcg\"> \u2014 <span class=\"ogTagItem\"><i class=\"_agk img sp_KIrwZjOGZ5q sx_428b2c\"><\/i>freudig<\/span><\/span><\/span><\/p>\n<p><span id=\"fbPhotoSnowliftCaption\" class=\"fbPhotosPhotoCaption\" tabindex=\"0\" data-ft=\"{&quot;tn&quot;:&quot;K&quot;}\"><span class=\"hasCaption\">18.02.2017<br \/>\n<\/span><\/span><\/p>\n<p><span id=\"fbPhotoSnowliftCaption\" class=\"fbPhotosPhotoCaption\" tabindex=\"0\" data-ft=\"{&quot;tn&quot;:&quot;K&quot;}\"><span class=\"hasCaption\">Jacko, dass erste Mal im G\u00e4stezimmer!<a href=\"http:\/\/tierheim-moers.de\/Wordpress\/wp-content\/uploads\/2017\/02\/jacko3.jpg\"><img loading=\"lazy\" decoding=\"async\" class=\"size-medium wp-image-14283 alignright\" src=\"http:\/\/tierheim-moers.de\/Wordpress\/wp-content\/uploads\/2017\/02\/jacko3-223x300.jpg\" alt=\"\" width=\"223\" height=\"300\" srcset=\"https:\/\/tierheim-moers.de\/Wordpress\/wp-content\/uploads\/2017\/02\/jacko3-223x300.jpg 223w, https:\/\/tierheim-moers.de\/Wordpress\/wp-content\/uploads\/2017\/02\/jacko3-600x807.jpg 600w, https:\/\/tierheim-moers.de\/Wordpress\/wp-content\/uploads\/2017\/02\/jacko3-700x941.jpg 700w, https:\/\/tierheim-moers.de\/Wordpress\/wp-content\/uploads\/2017\/02\/jacko3.jpg 714w\" sizes=\"(max-width: 223px) 100vw, 223px\" \/><\/a> Dort konnte ich ihn streicheln und auf den Arm nehmen! Er hat dabei geschnurrt! Kleine aber feine Fortschritte!<\/span><\/span><\/p>\n<div class=\"pts fbPhotoProductsTagList\"><\/div>\n<div class=\"pts fbPhotoProductsTagList\"><\/div>\n<div class=\"pts fbPhotoProductsTagList\"><\/div>\n<div class=\"pts fbPhotoProductsTagList\"><\/div>\n<div class=\"pts fbPhotoProductsTagList\"><\/div>\n<div class=\"pts fbPhotoProductsTagList\"><\/div>\n<div class=\"pts fbPhotoProductsTagList\"><\/div>\n<div id=\"fbPhotoSnowliftProductsTagList\" class=\"pts fbPhotoProductsTagList\">13.02.2017<\/div>\n<p><span id=\"fbPhotoSnowliftCaption\" class=\"fbPhotosPhotoCaption\" tabindex=\"0\" data-ft=\"{&quot;tn&quot;:&quot;K&quot;}\"><span class=\"hasCaption\"><a href=\"http:\/\/tierheim-moers.de\/Wordpress\/wp-content\/uploads\/2017\/02\/jacko.jpg\"><img loading=\"lazy\" decoding=\"async\" class=\"alignnone size-medium wp-image-14215\" src=\"http:\/\/tierheim-moers.de\/Wordpress\/wp-content\/uploads\/2017\/02\/jacko-223x300.jpg\" alt=\"\" width=\"223\" height=\"300\" srcset=\"https:\/\/tierheim-moers.de\/Wordpress\/wp-content\/uploads\/2017\/02\/jacko-223x300.jpg 223w, https:\/\/tierheim-moers.de\/Wordpress\/wp-content\/uploads\/2017\/02\/jacko-600x807.jpg 600w, https:\/\/tierheim-moers.de\/Wordpress\/wp-content\/uploads\/2017\/02\/jacko-700x941.jpg 700w, https:\/\/tierheim-moers.de\/Wordpress\/wp-content\/uploads\/2017\/02\/jacko.jpg 714w\" sizes=\"(max-width: 223px) 100vw, 223px\" \/><\/a> <a href=\"http:\/\/tierheim-moers.de\/Wordpress\/wp-content\/uploads\/2017\/02\/jacko2.jpg\"><img loading=\"lazy\" decoding=\"async\" class=\"size-medium wp-image-14216 alignright\" src=\"http:\/\/tierheim-moers.de\/Wordpress\/wp-content\/uploads\/2017\/02\/jacko2-223x300.jpg\" alt=\"\" width=\"223\" height=\"300\" srcset=\"https:\/\/tierheim-moers.de\/Wordpress\/wp-content\/uploads\/2017\/02\/jacko2-223x300.jpg 223w, https:\/\/tierheim-moers.de\/Wordpress\/wp-content\/uploads\/2017\/02\/jacko2-600x807.jpg 600w, https:\/\/tierheim-moers.de\/Wordpress\/wp-content\/uploads\/2017\/02\/jacko2-700x941.jpg 700w, https:\/\/tierheim-moers.de\/Wordpress\/wp-content\/uploads\/2017\/02\/jacko2.jpg 714w\" sizes=\"(max-width: 223px) 100vw, 223px\" \/><\/a><\/span><\/span><\/p>\n<p><span id=\"fbPhotoSnowliftCaption\" class=\"fbPhotosPhotoCaption\" tabindex=\"0\" data-ft=\"{&quot;tn&quot;:&quot;K&quot;}\"><span class=\"hasCaption\">Jacko macht kleine Fortschritte! Nachdem ich ihn jetzt schon ein paar Tage aus der Hand f\u00fcttere, darf ich ihn jetzt \u00fcberall anfassen ohne das er bei\u00dft. Er legt seinen Popo hoch, dr\u00fcckt seinen Kopf in meine Hand und legt sich auf die Seite so das ich seinen Bauch kraulen darf. Heute Nacht hat er auf einmal im Bad gelegen ist aber sofort abgehauen als ich rein gekommen bin. Jona kommt oft hoch mit zu Jacko. Dann schnurren die beiden um die Wette! Das wird noch mit Jacko, davon bin ich \u00fcberzeugt. Er braucht halt nur mehr Zeit!<\/span><\/span><\/p>\n<p>Sch\u00f6n von im zu h\u00f6ren. Vielen Dank.<\/p>\n<p>Euer Tierheimteam 13.02.2017<\/p>\n<div class=\"shariff shariff-align-flex-start shariff-widget-align-center\" data-url=\"https%3A%2F%2Ftierheim-moers.de%2FWordpress%2Fjacko-lebt-sich-ein%2F\" data-timestamp=\"1491503160\" data-hidezero=\"1\" data-backendurl=\"https:\/\/tierheim-moers.de\/Wordpress\/wp-json\/shariff\/v1\/share_counts?\"><ul class=\"shariff-buttons theme-round orientation-horizontal buttonsize-small\"><li class=\"shariff-button facebook shariff-nocustomcolor\" style=\"background-color:#4273c8\"><a href=\"https:\/\/www.facebook.com\/sharer\/sharer.php?u=https%3A%2F%2Ftierheim-moers.de%2FWordpress%2Fjacko-lebt-sich-ein%2F\" title=\"Bei Facebook teilen\" aria-label=\"Bei Facebook teilen\" role=\"button\" rel=\"nofollow\" class=\"shariff-link\" style=\"; background-color:#3b5998; color:#fff\" target=\"_blank\"><span class=\"shariff-icon\" style=\"\"><svg width=\"32px\" height=\"20px\" xmlns=\"http:\/\/www.w3.org\/2000\/svg\" viewBox=\"0 0 18 32\"><path fill=\"#3b5998\" d=\"M17.1 0.2v4.7h-2.8q-1.5 0-2.1 0.6t-0.5 1.9v3.4h5.2l-0.7 5.3h-4.5v13.6h-5.5v-13.6h-4.5v-5.3h4.5v-3.9q0-3.3 1.9-5.2t5-1.8q2.6 0 4.1 0.2z\"\/><\/svg><\/span><\/a><\/li><li class=\"shariff-button twitter shariff-nocustomcolor\" style=\"background-color:#595959\"><a href=\"https:\/\/twitter.com\/share?url=https%3A%2F%2Ftierheim-moers.de%2FWordpress%2Fjacko-lebt-sich-ein%2F&text=Jacko%20lebt%20sich%20ein\" title=\"Bei X teilen\" aria-label=\"Bei X teilen\" role=\"button\" rel=\"noopener nofollow\" class=\"shariff-link\" style=\"; background-color:#000; color:#fff\" target=\"_blank\"><span class=\"shariff-icon\" style=\"\"><svg width=\"32px\" height=\"20px\" xmlns=\"http:\/\/www.w3.org\/2000\/svg\" viewBox=\"0 0 24 24\"><path fill=\"#000\" d=\"M14.258 10.152L23.176 0h-2.113l-7.747 8.813L7.133 0H0l9.352 13.328L0 23.973h2.113l8.176-9.309 6.531 9.309h7.133zm-2.895 3.293l-.949-1.328L2.875 1.56h3.246l6.086 8.523.945 1.328 7.91 11.078h-3.246zm0 0\"\/><\/svg><\/span><\/a><\/li><li class=\"shariff-button whatsapp shariff-nocustomcolor\" style=\"background-color:#5cbe4a\"><a href=\"https:\/\/api.whatsapp.com\/send?text=https%3A%2F%2Ftierheim-moers.de%2FWordpress%2Fjacko-lebt-sich-ein%2F%20Jacko%20lebt%20sich%20ein\" title=\"Bei Whatsapp teilen\" aria-label=\"Bei Whatsapp teilen\" role=\"button\" rel=\"noopener nofollow\" class=\"shariff-link\" style=\"; background-color:#34af23; color:#fff\" target=\"_blank\"><span class=\"shariff-icon\" style=\"\"><svg width=\"32px\" height=\"20px\" xmlns=\"http:\/\/www.w3.org\/2000\/svg\" viewBox=\"0 0 32 32\"><path fill=\"#34af23\" d=\"M17.6 17.4q0.2 0 1.7 0.8t1.6 0.9q0 0.1 0 0.3 0 0.6-0.3 1.4-0.3 0.7-1.3 1.2t-1.8 0.5q-1 0-3.4-1.1-1.7-0.8-3-2.1t-2.6-3.3q-1.3-1.9-1.3-3.5v-0.1q0.1-1.6 1.3-2.8 0.4-0.4 0.9-0.4 0.1 0 0.3 0t0.3 0q0.3 0 0.5 0.1t0.3 0.5q0.1 0.4 0.6 1.6t0.4 1.3q0 0.4-0.6 1t-0.6 0.8q0 0.1 0.1 0.3 0.6 1.3 1.8 2.4 1 0.9 2.7 1.8 0.2 0.1 0.4 0.1 0.3 0 1-0.9t0.9-0.9zM14 26.9q2.3 0 4.3-0.9t3.6-2.4 2.4-3.6 0.9-4.3-0.9-4.3-2.4-3.6-3.6-2.4-4.3-0.9-4.3 0.9-3.6 2.4-2.4 3.6-0.9 4.3q0 3.6 2.1 6.6l-1.4 4.2 4.3-1.4q2.8 1.9 6.2 1.9zM14 2.2q2.7 0 5.2 1.1t4.3 2.9 2.9 4.3 1.1 5.2-1.1 5.2-2.9 4.3-4.3 2.9-5.2 1.1q-3.5 0-6.5-1.7l-7.4 2.4 2.4-7.2q-1.9-3.2-1.9-6.9 0-2.7 1.1-5.2t2.9-4.3 4.3-2.9 5.2-1.1z\"\/><\/svg><\/span><\/a><\/li><li class=\"shariff-button sms shariff-nocustomcolor shariff-mobile\" style=\"background-color:#d7d9d8\"><a href=\"sms:?&body=https%3A%2F%2Ftierheim-moers.de%2FWordpress%2Fjacko-lebt-sich-ein%2F\" title=\"Per SMS teilen\" aria-label=\"Per SMS teilen\" role=\"button\" rel=\"noopener nofollow\" class=\"shariff-link\" style=\"; background-color:#a1e877; color:#fff\" target=\"_blank\"><span class=\"shariff-icon\" style=\"\"><svg xmlns=\"http:\/\/www.w3.org\/2000\/svg\" width=\"510\" height=\"510\" viewBox=\"0 0 510 510\"><path fill=\"#a1e877\" d=\"M459 0H51C23 0 0 23 0 51v459l102-102h357c28.1 0 51-22.9 51-51V51C510 23 487.1 0 459 0zM178.5 229.5h-51v-51h51V229.5zM280.5 229.5h-51v-51h51V229.5zM382.5 229.5h-51v-51h51V229.5z\"\/><\/svg><\/span><\/a><\/li><\/ul><\/div>","protected":false},"excerpt":{"rendered":"<p>&nbsp; 30.03.2017 So sieht ein relaxter Jacko aus! Ich bin so gl\u00fccklich mit meinem S\u00fc\u00dfen. Bin froh, dass ich ihn beim Tierheim Moers gefunden und ihm eine Chance gegeben habe. Wei\u00df noch nur zu gut wie er \u00e4ngstlich in seinem K\u00f6rbchen im Schrank gelegen hat und am liebsten unsichtbar gewesen &#8230;<\/p>\n","protected":false},"author":4,"featured_media":14954,"comment_status":"closed","ping_status":"open","sticky":false,"template":"","format":"standard","meta":{"ngg_post_thumbnail":0,"footnotes":""},"categories":[32],"tags":[],"class_list":["post-14214","post","type-post","status-publish","format-standard","has-post-thumbnail","hentry","category-erfolgsgeschichten","column","threecol","has-thumbnail"],"yoast_head":"<!-- This site is optimized with the Yoast SEO plugin v24.6 - https:\/\/yoast.com\/wordpress\/plugins\/seo\/ -->\n<title>Jacko lebt sich ein | TIERHEIM MOERS<\/title>\n<meta name=\"robots\" content=\"index, follow, max-snippet:-1, max-image-preview:large, max-video-preview:-1\" \/>\n<link rel=\"canonical\" href=\"https:\/\/tierheim-moers.de\/Wordpress\/jacko-lebt-sich-ein\/\" \/>\n<meta property=\"og:locale\" content=\"de_DE\" \/>\n<meta property=\"og:type\" content=\"article\" \/>\n<meta property=\"og:title\" content=\"Jacko lebt sich ein | TIERHEIM MOERS\" \/>\n<meta property=\"og:description\" content=\"&nbsp; 30.03.2017 So sieht ein relaxter Jacko aus! Ich bin so gl\u00fccklich mit meinem S\u00fc\u00dfen. Bin froh, dass ich ihn beim Tierheim &#8230;\" \/>\n<meta property=\"og:url\" content=\"https:\/\/tierheim-moers.de\/Wordpress\/jacko-lebt-sich-ein\/\" \/>\n<meta property=\"og:site_name\" content=\"TIERHEIM MOERS\" \/>\n<meta property=\"article:publisher\" content=\"https:\/\/de-de.facebook.com\/moers.tierheim\" \/>\n<meta property=\"article:published_time\" content=\"2017-02-13T13:02:21+00:00\" \/>\n<meta property=\"article:modified_time\" content=\"2017-04-06T16:26:00+00:00\" \/>\n<meta property=\"og:image\" content=\"https:\/\/tierheim-moers.de\/Wordpress\/wp-content\/uploads\/2017\/02\/jacko10.jpg\" \/>\n\t<meta property=\"og:image:width\" content=\"714\" \/>\n\t<meta property=\"og:image:height\" content=\"960\" \/>\n\t<meta property=\"og:image:type\" content=\"image\/jpeg\" \/>\n<meta name=\"author\" content=\"Gisela Kuhnen\" \/>\n<meta name=\"twitter:card\" content=\"summary_large_image\" \/>\n<meta name=\"twitter:label1\" content=\"Verfasst von\" \/>\n\t<meta name=\"twitter:data1\" content=\"Gisela Kuhnen\" \/>\n\t<meta name=\"twitter:label2\" content=\"Gesch\u00e4tzte Lesezeit\" \/>\n\t<meta name=\"twitter:data2\" content=\"1\u00a0Minute\" \/>\n<script type=\"application\/ld+json\" class=\"yoast-schema-graph\">{\"@context\":\"https:\/\/schema.org\",\"@graph\":[{\"@type\":\"Article\",\"@id\":\"https:\/\/tierheim-moers.de\/Wordpress\/jacko-lebt-sich-ein\/#article\",\"isPartOf\":{\"@id\":\"https:\/\/tierheim-moers.de\/Wordpress\/jacko-lebt-sich-ein\/\"},\"author\":{\"name\":\"Gisela Kuhnen\",\"@id\":\"https:\/\/tierheim-moers.de\/Wordpress\/#\/schema\/person\/35ad410ed2d8620d4f57f813585b0d8e\"},\"headline\":\"Jacko lebt sich ein\",\"datePublished\":\"2017-02-13T13:02:21+00:00\",\"dateModified\":\"2017-04-06T16:26:00+00:00\",\"mainEntityOfPage\":{\"@id\":\"https:\/\/tierheim-moers.de\/Wordpress\/jacko-lebt-sich-ein\/\"},\"wordCount\":271,\"publisher\":{\"@id\":\"https:\/\/tierheim-moers.de\/Wordpress\/#organization\"},\"image\":{\"@id\":\"https:\/\/tierheim-moers.de\/Wordpress\/jacko-lebt-sich-ein\/#primaryimage\"},\"thumbnailUrl\":\"https:\/\/tierheim-moers.de\/Wordpress\/wp-content\/uploads\/2017\/02\/jacko10.jpg\",\"articleSection\":[\"Erfolgsgeschichten\"],\"inLanguage\":\"de\"},{\"@type\":\"WebPage\",\"@id\":\"https:\/\/tierheim-moers.de\/Wordpress\/jacko-lebt-sich-ein\/\",\"url\":\"https:\/\/tierheim-moers.de\/Wordpress\/jacko-lebt-sich-ein\/\",\"name\":\"Jacko lebt sich ein | TIERHEIM MOERS\",\"isPartOf\":{\"@id\":\"https:\/\/tierheim-moers.de\/Wordpress\/#website\"},\"primaryImageOfPage\":{\"@id\":\"https:\/\/tierheim-moers.de\/Wordpress\/jacko-lebt-sich-ein\/#primaryimage\"},\"image\":{\"@id\":\"https:\/\/tierheim-moers.de\/Wordpress\/jacko-lebt-sich-ein\/#primaryimage\"},\"thumbnailUrl\":\"https:\/\/tierheim-moers.de\/Wordpress\/wp-content\/uploads\/2017\/02\/jacko10.jpg\",\"datePublished\":\"2017-02-13T13:02:21+00:00\",\"dateModified\":\"2017-04-06T16:26:00+00:00\",\"breadcrumb\":{\"@id\":\"https:\/\/tierheim-moers.de\/Wordpress\/jacko-lebt-sich-ein\/#breadcrumb\"},\"inLanguage\":\"de\",\"potentialAction\":[{\"@type\":\"ReadAction\",\"target\":[\"https:\/\/tierheim-moers.de\/Wordpress\/jacko-lebt-sich-ein\/\"]}]},{\"@type\":\"ImageObject\",\"inLanguage\":\"de\",\"@id\":\"https:\/\/tierheim-moers.de\/Wordpress\/jacko-lebt-sich-ein\/#primaryimage\",\"url\":\"https:\/\/tierheim-moers.de\/Wordpress\/wp-content\/uploads\/2017\/02\/jacko10.jpg\",\"contentUrl\":\"https:\/\/tierheim-moers.de\/Wordpress\/wp-content\/uploads\/2017\/02\/jacko10.jpg\",\"width\":714,\"height\":960},{\"@type\":\"BreadcrumbList\",\"@id\":\"https:\/\/tierheim-moers.de\/Wordpress\/jacko-lebt-sich-ein\/#breadcrumb\",\"itemListElement\":[{\"@type\":\"ListItem\",\"position\":1,\"name\":\"Startseite\",\"item\":\"https:\/\/tierheim-moers.de\/Wordpress\/\"},{\"@type\":\"ListItem\",\"position\":2,\"name\":\"Jacko lebt sich ein\"}]},{\"@type\":\"WebSite\",\"@id\":\"https:\/\/tierheim-moers.de\/Wordpress\/#website\",\"url\":\"https:\/\/tierheim-moers.de\/Wordpress\/\",\"name\":\"Tierheim Moers\",\"description\":\"Tierheim | Hundepension | Tierschutz | Moers\",\"publisher\":{\"@id\":\"https:\/\/tierheim-moers.de\/Wordpress\/#organization\"},\"potentialAction\":[{\"@type\":\"SearchAction\",\"target\":{\"@type\":\"EntryPoint\",\"urlTemplate\":\"https:\/\/tierheim-moers.de\/Wordpress\/?s={search_term_string}\"},\"query-input\":{\"@type\":\"PropertyValueSpecification\",\"valueRequired\":true,\"valueName\":\"search_term_string\"}}],\"inLanguage\":\"de\"},{\"@type\":\"Organization\",\"@id\":\"https:\/\/tierheim-moers.de\/Wordpress\/#organization\",\"name\":\"Tierheim Moers\",\"url\":\"https:\/\/tierheim-moers.de\/Wordpress\/\",\"logo\":{\"@type\":\"ImageObject\",\"inLanguage\":\"de\",\"@id\":\"https:\/\/tierheim-moers.de\/Wordpress\/#\/schema\/logo\/image\/\",\"url\":\"https:\/\/tierheim-moers.de\/Wordpress\/wp-content\/uploads\/2014\/04\/Logo-TSV-Moers-V01-RGB-300.png\",\"contentUrl\":\"https:\/\/tierheim-moers.de\/Wordpress\/wp-content\/uploads\/2014\/04\/Logo-TSV-Moers-V01-RGB-300.png\",\"width\":1052,\"height\":1038,\"caption\":\"Tierheim Moers\"},\"image\":{\"@id\":\"https:\/\/tierheim-moers.de\/Wordpress\/#\/schema\/logo\/image\/\"},\"sameAs\":[\"https:\/\/de-de.facebook.com\/moers.tierheim\"]},{\"@type\":\"Person\",\"@id\":\"https:\/\/tierheim-moers.de\/Wordpress\/#\/schema\/person\/35ad410ed2d8620d4f57f813585b0d8e\",\"name\":\"Gisela Kuhnen\",\"image\":{\"@type\":\"ImageObject\",\"inLanguage\":\"de\",\"@id\":\"https:\/\/tierheim-moers.de\/Wordpress\/#\/schema\/person\/image\/\",\"url\":\"https:\/\/secure.gravatar.com\/avatar\/807ca84b4538291e2f5dc665ed240a0d4d7ab8f22360ec427a82fe926980b31a?s=96&d=mm&r=g\",\"contentUrl\":\"https:\/\/secure.gravatar.com\/avatar\/807ca84b4538291e2f5dc665ed240a0d4d7ab8f22360ec427a82fe926980b31a?s=96&d=mm&r=g\",\"caption\":\"Gisela Kuhnen\"},\"url\":\"https:\/\/tierheim-moers.de\/Wordpress\/author\/gisela-kuhnen\/\"}]}<\/script>\n<!-- \/ Yoast SEO plugin. -->","yoast_head_json":{"title":"Jacko lebt sich ein | TIERHEIM MOERS","robots":{"index":"index","follow":"follow","max-snippet":"max-snippet:-1","max-image-preview":"max-image-preview:large","max-video-preview":"max-video-preview:-1"},"canonical":"https:\/\/tierheim-moers.de\/Wordpress\/jacko-lebt-sich-ein\/","og_locale":"de_DE","og_type":"article","og_title":"Jacko lebt sich ein | TIERHEIM MOERS","og_description":"&nbsp; 30.03.2017 So sieht ein relaxter Jacko aus! Ich bin so gl\u00fccklich mit meinem S\u00fc\u00dfen. Bin froh, dass ich ihn beim Tierheim &#8230;","og_url":"https:\/\/tierheim-moers.de\/Wordpress\/jacko-lebt-sich-ein\/","og_site_name":"TIERHEIM MOERS","article_publisher":"https:\/\/de-de.facebook.com\/moers.tierheim","article_published_time":"2017-02-13T13:02:21+00:00","article_modified_time":"2017-04-06T16:26:00+00:00","og_image":[{"width":714,"height":960,"url":"https:\/\/tierheim-moers.de\/Wordpress\/wp-content\/uploads\/2017\/02\/jacko10.jpg","type":"image\/jpeg"}],"author":"Gisela Kuhnen","twitter_card":"summary_large_image","twitter_misc":{"Verfasst von":"Gisela Kuhnen","Gesch\u00e4tzte Lesezeit":"1\u00a0Minute"},"schema":{"@context":"https:\/\/schema.org","@graph":[{"@type":"Article","@id":"https:\/\/tierheim-moers.de\/Wordpress\/jacko-lebt-sich-ein\/#article","isPartOf":{"@id":"https:\/\/tierheim-moers.de\/Wordpress\/jacko-lebt-sich-ein\/"},"author":{"name":"Gisela Kuhnen","@id":"https:\/\/tierheim-moers.de\/Wordpress\/#\/schema\/person\/35ad410ed2d8620d4f57f813585b0d8e"},"headline":"Jacko lebt sich ein","datePublished":"2017-02-13T13:02:21+00:00","dateModified":"2017-04-06T16:26:00+00:00","mainEntityOfPage":{"@id":"https:\/\/tierheim-moers.de\/Wordpress\/jacko-lebt-sich-ein\/"},"wordCount":271,"publisher":{"@id":"https:\/\/tierheim-moers.de\/Wordpress\/#organization"},"image":{"@id":"https:\/\/tierheim-moers.de\/Wordpress\/jacko-lebt-sich-ein\/#primaryimage"},"thumbnailUrl":"https:\/\/tierheim-moers.de\/Wordpress\/wp-content\/uploads\/2017\/02\/jacko10.jpg","articleSection":["Erfolgsgeschichten"],"inLanguage":"de"},{"@type":"WebPage","@id":"https:\/\/tierheim-moers.de\/Wordpress\/jacko-lebt-sich-ein\/","url":"https:\/\/tierheim-moers.de\/Wordpress\/jacko-lebt-sich-ein\/","name":"Jacko lebt sich ein | TIERHEIM MOERS","isPartOf":{"@id":"https:\/\/tierheim-moers.de\/Wordpress\/#website"},"primaryImageOfPage":{"@id":"https:\/\/tierheim-moers.de\/Wordpress\/jacko-lebt-sich-ein\/#primaryimage"},"image":{"@id":"https:\/\/tierheim-moers.de\/Wordpress\/jacko-lebt-sich-ein\/#primaryimage"},"thumbnailUrl":"https:\/\/tierheim-moers.de\/Wordpress\/wp-content\/uploads\/2017\/02\/jacko10.jpg","datePublished":"2017-02-13T13:02:21+00:00","dateModified":"2017-04-06T16:26:00+00:00","breadcrumb":{"@id":"https:\/\/tierheim-moers.de\/Wordpress\/jacko-lebt-sich-ein\/#breadcrumb"},"inLanguage":"de","potentialAction":[{"@type":"ReadAction","target":["https:\/\/tierheim-moers.de\/Wordpress\/jacko-lebt-sich-ein\/"]}]},{"@type":"ImageObject","inLanguage":"de","@id":"https:\/\/tierheim-moers.de\/Wordpress\/jacko-lebt-sich-ein\/#primaryimage","url":"https:\/\/tierheim-moers.de\/Wordpress\/wp-content\/uploads\/2017\/02\/jacko10.jpg","contentUrl":"https:\/\/tierheim-moers.de\/Wordpress\/wp-content\/uploads\/2017\/02\/jacko10.jpg","width":714,"height":960},{"@type":"BreadcrumbList","@id":"https:\/\/tierheim-moers.de\/Wordpress\/jacko-lebt-sich-ein\/#breadcrumb","itemListElement":[{"@type":"ListItem","position":1,"name":"Startseite","item":"https:\/\/tierheim-moers.de\/Wordpress\/"},{"@type":"ListItem","position":2,"name":"Jacko lebt sich ein"}]},{"@type":"WebSite","@id":"https:\/\/tierheim-moers.de\/Wordpress\/#website","url":"https:\/\/tierheim-moers.de\/Wordpress\/","name":"Tierheim Moers","description":"Tierheim | Hundepension | Tierschutz | Moers","publisher":{"@id":"https:\/\/tierheim-moers.de\/Wordpress\/#organization"},"potentialAction":[{"@type":"SearchAction","target":{"@type":"EntryPoint","urlTemplate":"https:\/\/tierheim-moers.de\/Wordpress\/?s={search_term_string}"},"query-input":{"@type":"PropertyValueSpecification","valueRequired":true,"valueName":"search_term_string"}}],"inLanguage":"de"},{"@type":"Organization","@id":"https:\/\/tierheim-moers.de\/Wordpress\/#organization","name":"Tierheim Moers","url":"https:\/\/tierheim-moers.de\/Wordpress\/","logo":{"@type":"ImageObject","inLanguage":"de","@id":"https:\/\/tierheim-moers.de\/Wordpress\/#\/schema\/logo\/image\/","url":"https:\/\/tierheim-moers.de\/Wordpress\/wp-content\/uploads\/2014\/04\/Logo-TSV-Moers-V01-RGB-300.png","contentUrl":"https:\/\/tierheim-moers.de\/Wordpress\/wp-content\/uploads\/2014\/04\/Logo-TSV-Moers-V01-RGB-300.png","width":1052,"height":1038,"caption":"Tierheim Moers"},"image":{"@id":"https:\/\/tierheim-moers.de\/Wordpress\/#\/schema\/logo\/image\/"},"sameAs":["https:\/\/de-de.facebook.com\/moers.tierheim"]},{"@type":"Person","@id":"https:\/\/tierheim-moers.de\/Wordpress\/#\/schema\/person\/35ad410ed2d8620d4f57f813585b0d8e","name":"Gisela Kuhnen","image":{"@type":"ImageObject","inLanguage":"de","@id":"https:\/\/tierheim-moers.de\/Wordpress\/#\/schema\/person\/image\/","url":"https:\/\/secure.gravatar.com\/avatar\/807ca84b4538291e2f5dc665ed240a0d4d7ab8f22360ec427a82fe926980b31a?s=96&d=mm&r=g","contentUrl":"https:\/\/secure.gravatar.com\/avatar\/807ca84b4538291e2f5dc665ed240a0d4d7ab8f22360ec427a82fe926980b31a?s=96&d=mm&r=g","caption":"Gisela Kuhnen"},"url":"https:\/\/tierheim-moers.de\/Wordpress\/author\/gisela-kuhnen\/"}]}},"_links":{"self":[{"href":"https:\/\/tierheim-moers.de\/Wordpress\/wp-json\/wp\/v2\/posts\/14214","targetHints":{"allow":["GET"]}}],"collection":[{"href":"https:\/\/tierheim-moers.de\/Wordpress\/wp-json\/wp\/v2\/posts"}],"about":[{"href":"https:\/\/tierheim-moers.de\/Wordpress\/wp-json\/wp\/v2\/types\/post"}],"author":[{"embeddable":true,"href":"https:\/\/tierheim-moers.de\/Wordpress\/wp-json\/wp\/v2\/users\/4"}],"replies":[{"embeddable":true,"href":"https:\/\/tierheim-moers.de\/Wordpress\/wp-json\/wp\/v2\/comments?post=14214"}],"version-history":[{"count":10,"href":"https:\/\/tierheim-moers.de\/Wordpress\/wp-json\/wp\/v2\/posts\/14214\/revisions"}],"predecessor-version":[{"id":15006,"href":"https:\/\/tierheim-moers.de\/Wordpress\/wp-json\/wp\/v2\/posts\/14214\/revisions\/15006"}],"wp:featuredmedia":[{"embeddable":true,"href":"https:\/\/tierheim-moers.de\/Wordpress\/wp-json\/wp\/v2\/media\/14954"}],"wp:attachment":[{"href":"https:\/\/tierheim-moers.de\/Wordpress\/wp-json\/wp\/v2\/media?parent=14214"}],"wp:term":[{"taxonomy":"category","embeddable":true,"href":"https:\/\/tierheim-moers.de\/Wordpress\/wp-json\/wp\/v2\/categories?post=14214"},{"taxonomy":"post_tag","embeddable":true,"href":"https:\/\/tierheim-moers.de\/Wordpress\/wp-json\/wp\/v2\/tags?post=14214"}],"curies":[{"name":"wp","href":"https:\/\/api.w.org\/{rel}","templated":true}]}}