{"id":15106,"date":"2017-04-14T16:05:22","date_gmt":"2017-04-14T14:05:22","guid":{"rendered":"http:\/\/tierheim-moers.de\/Wordpress\/?p=15106"},"modified":"2017-06-17T20:58:47","modified_gmt":"2017-06-17T18:58:47","slug":"silva-wird-neugierig","status":"publish","type":"post","link":"https:\/\/tierheim-moers.de\/Wordpress\/silva-wird-neugierig\/","title":{"rendered":"Sonnenschein Silva, jetzt Cleo &#8211; neue Bilder &#8211;"},"content":{"rendered":"<p>15.06.2017<\/p>\n<p>Wir haben wieder ein paar neue Bilder von Silva, jetzt Cleo bekommen. Anlass ist ihr erster Geburtstag. Vielen Dank daf\u00fcr und herzlichen Gl\u00fcckwunsch auch von uns.<\/p>\n<p><a href=\"http:\/\/tierheim-moers.de\/Wordpress\/wp-content\/uploads\/2017\/04\/cleo4-Andere.jpg\"><img fetchpriority=\"high\" decoding=\"async\" class=\"alignnone size-medium wp-image-15839\" src=\"http:\/\/tierheim-moers.de\/Wordpress\/wp-content\/uploads\/2017\/04\/cleo4-Andere-300x225.jpg\" alt=\"\" width=\"300\" height=\"225\" srcset=\"https:\/\/tierheim-moers.de\/Wordpress\/wp-content\/uploads\/2017\/04\/cleo4-Andere-300x225.jpg 300w, https:\/\/tierheim-moers.de\/Wordpress\/wp-content\/uploads\/2017\/04\/cleo4-Andere-768x576.jpg 768w, https:\/\/tierheim-moers.de\/Wordpress\/wp-content\/uploads\/2017\/04\/cleo4-Andere-600x450.jpg 600w, https:\/\/tierheim-moers.de\/Wordpress\/wp-content\/uploads\/2017\/04\/cleo4-Andere-700x525.jpg 700w, https:\/\/tierheim-moers.de\/Wordpress\/wp-content\/uploads\/2017\/04\/cleo4-Andere.jpg 900w\" sizes=\"(max-width: 300px) 100vw, 300px\" \/><\/a> <a href=\"http:\/\/tierheim-moers.de\/Wordpress\/wp-content\/uploads\/2017\/04\/cleo5-Andere.jpg\"><img decoding=\"async\" class=\"alignnone size-medium wp-image-15840\" src=\"http:\/\/tierheim-moers.de\/Wordpress\/wp-content\/uploads\/2017\/04\/cleo5-Andere-300x232.jpg\" alt=\"\" width=\"300\" height=\"232\" srcset=\"https:\/\/tierheim-moers.de\/Wordpress\/wp-content\/uploads\/2017\/04\/cleo5-Andere-300x232.jpg 300w, https:\/\/tierheim-moers.de\/Wordpress\/wp-content\/uploads\/2017\/04\/cleo5-Andere-768x595.jpg 768w, https:\/\/tierheim-moers.de\/Wordpress\/wp-content\/uploads\/2017\/04\/cleo5-Andere-600x465.jpg 600w, https:\/\/tierheim-moers.de\/Wordpress\/wp-content\/uploads\/2017\/04\/cleo5-Andere-700x542.jpg 700w, https:\/\/tierheim-moers.de\/Wordpress\/wp-content\/uploads\/2017\/04\/cleo5-Andere.jpg 900w\" sizes=\"(max-width: 300px) 100vw, 300px\" \/><\/a> <a href=\"http:\/\/tierheim-moers.de\/Wordpress\/wp-content\/uploads\/2017\/04\/cleo7-Andere.jpg\"><img decoding=\"async\" class=\"alignnone size-medium wp-image-15841\" src=\"http:\/\/tierheim-moers.de\/Wordpress\/wp-content\/uploads\/2017\/04\/cleo7-Andere-300x228.jpg\" alt=\"\" width=\"300\" height=\"228\" srcset=\"https:\/\/tierheim-moers.de\/Wordpress\/wp-content\/uploads\/2017\/04\/cleo7-Andere-300x228.jpg 300w, https:\/\/tierheim-moers.de\/Wordpress\/wp-content\/uploads\/2017\/04\/cleo7-Andere-768x583.jpg 768w, https:\/\/tierheim-moers.de\/Wordpress\/wp-content\/uploads\/2017\/04\/cleo7-Andere-600x455.jpg 600w, https:\/\/tierheim-moers.de\/Wordpress\/wp-content\/uploads\/2017\/04\/cleo7-Andere-700x531.jpg 700w, https:\/\/tierheim-moers.de\/Wordpress\/wp-content\/uploads\/2017\/04\/cleo7-Andere.jpg 900w\" sizes=\"(max-width: 300px) 100vw, 300px\" \/><\/a> <a href=\"http:\/\/tierheim-moers.de\/Wordpress\/wp-content\/uploads\/2017\/04\/cleo8-Andere.jpg\"><img loading=\"lazy\" decoding=\"async\" class=\"alignnone size-medium wp-image-15842\" src=\"http:\/\/tierheim-moers.de\/Wordpress\/wp-content\/uploads\/2017\/04\/cleo8-Andere-300x210.jpg\" alt=\"\" width=\"300\" height=\"210\" srcset=\"https:\/\/tierheim-moers.de\/Wordpress\/wp-content\/uploads\/2017\/04\/cleo8-Andere-300x210.jpg 300w, https:\/\/tierheim-moers.de\/Wordpress\/wp-content\/uploads\/2017\/04\/cleo8-Andere-768x538.jpg 768w, https:\/\/tierheim-moers.de\/Wordpress\/wp-content\/uploads\/2017\/04\/cleo8-Andere-600x420.jpg 600w, https:\/\/tierheim-moers.de\/Wordpress\/wp-content\/uploads\/2017\/04\/cleo8-Andere-700x490.jpg 700w, https:\/\/tierheim-moers.de\/Wordpress\/wp-content\/uploads\/2017\/04\/cleo8-Andere.jpg 900w\" sizes=\"(max-width: 300px) 100vw, 300px\" \/><\/a> <a href=\"http:\/\/tierheim-moers.de\/Wordpress\/wp-content\/uploads\/2017\/04\/cleo10-Andere.jpg\"><img loading=\"lazy\" decoding=\"async\" class=\"alignnone size-medium wp-image-15843\" src=\"http:\/\/tierheim-moers.de\/Wordpress\/wp-content\/uploads\/2017\/04\/cleo10-Andere-300x236.jpg\" alt=\"\" width=\"300\" height=\"236\" srcset=\"https:\/\/tierheim-moers.de\/Wordpress\/wp-content\/uploads\/2017\/04\/cleo10-Andere-300x236.jpg 300w, https:\/\/tierheim-moers.de\/Wordpress\/wp-content\/uploads\/2017\/04\/cleo10-Andere-768x603.jpg 768w, https:\/\/tierheim-moers.de\/Wordpress\/wp-content\/uploads\/2017\/04\/cleo10-Andere-600x471.jpg 600w, https:\/\/tierheim-moers.de\/Wordpress\/wp-content\/uploads\/2017\/04\/cleo10-Andere-700x550.jpg 700w, https:\/\/tierheim-moers.de\/Wordpress\/wp-content\/uploads\/2017\/04\/cleo10-Andere.jpg 900w\" sizes=\"(max-width: 300px) 100vw, 300px\" \/><\/a><\/p>\n<p>Hier ein neuer Bericht von Cleo<\/p>\n<p><a href=\"http:\/\/tierheim-moers.de\/Wordpress\/wp-content\/uploads\/2017\/04\/cleo.jpg\"><img loading=\"lazy\" decoding=\"async\" class=\"alignnone size-medium wp-image-15437\" src=\"http:\/\/tierheim-moers.de\/Wordpress\/wp-content\/uploads\/2017\/04\/cleo-300x225.jpg\" alt=\"\" width=\"300\" height=\"225\" srcset=\"https:\/\/tierheim-moers.de\/Wordpress\/wp-content\/uploads\/2017\/04\/cleo-300x225.jpg 300w, https:\/\/tierheim-moers.de\/Wordpress\/wp-content\/uploads\/2017\/04\/cleo-768x576.jpg 768w, https:\/\/tierheim-moers.de\/Wordpress\/wp-content\/uploads\/2017\/04\/cleo-1024x768.jpg 1024w, https:\/\/tierheim-moers.de\/Wordpress\/wp-content\/uploads\/2017\/04\/cleo-600x450.jpg 600w, https:\/\/tierheim-moers.de\/Wordpress\/wp-content\/uploads\/2017\/04\/cleo-700x525.jpg 700w\" sizes=\"(max-width: 300px) 100vw, 300px\" \/><\/a> <a href=\"http:\/\/tierheim-moers.de\/Wordpress\/wp-content\/uploads\/2017\/04\/cleo1.jpg\"><img loading=\"lazy\" decoding=\"async\" class=\"alignnone size-medium wp-image-15438\" src=\"http:\/\/tierheim-moers.de\/Wordpress\/wp-content\/uploads\/2017\/04\/cleo1-300x209.jpg\" alt=\"\" width=\"300\" height=\"209\" srcset=\"https:\/\/tierheim-moers.de\/Wordpress\/wp-content\/uploads\/2017\/04\/cleo1-300x209.jpg 300w, https:\/\/tierheim-moers.de\/Wordpress\/wp-content\/uploads\/2017\/04\/cleo1-768x536.jpg 768w, https:\/\/tierheim-moers.de\/Wordpress\/wp-content\/uploads\/2017\/04\/cleo1-1024x714.jpg 1024w, https:\/\/tierheim-moers.de\/Wordpress\/wp-content\/uploads\/2017\/04\/cleo1-600x419.jpg 600w, https:\/\/tierheim-moers.de\/Wordpress\/wp-content\/uploads\/2017\/04\/cleo1-700x488.jpg 700w\" sizes=\"(max-width: 300px) 100vw, 300px\" \/><\/a> <a href=\"http:\/\/tierheim-moers.de\/Wordpress\/wp-content\/uploads\/2017\/04\/cleo3.jpg\"><img loading=\"lazy\" decoding=\"async\" class=\"alignnone size-medium wp-image-15439\" src=\"http:\/\/tierheim-moers.de\/Wordpress\/wp-content\/uploads\/2017\/04\/cleo3-300x200.jpg\" alt=\"\" width=\"300\" height=\"200\" srcset=\"https:\/\/tierheim-moers.de\/Wordpress\/wp-content\/uploads\/2017\/04\/cleo3-300x200.jpg 300w, https:\/\/tierheim-moers.de\/Wordpress\/wp-content\/uploads\/2017\/04\/cleo3-768x512.jpg 768w, https:\/\/tierheim-moers.de\/Wordpress\/wp-content\/uploads\/2017\/04\/cleo3-1024x683.jpg 1024w, https:\/\/tierheim-moers.de\/Wordpress\/wp-content\/uploads\/2017\/04\/cleo3-600x400.jpg 600w, https:\/\/tierheim-moers.de\/Wordpress\/wp-content\/uploads\/2017\/04\/cleo3-700x467.jpg 700w\" sizes=\"(max-width: 300px) 100vw, 300px\" \/><\/a><\/p>\n<p>Hallo zusammen,<\/p>\n<p>nat\u00fcrlich haben wir Bilder von unserer kleinen Lotte. Hatte vor l\u00e4ngerer Zeit ein Bild ins Heim geschickt, jetzt haben wir vier ausgew\u00e4hlt, die wir recht nett finden. Cleo geht es sehr gut, ist gesund und munter. Sie spielt uns weiterhin an die Wand, sehr s\u00fc\u00df! Cleo ist wie Sommer, einfach Sonne pur. Wir haben so ein liebes kleines Katzenm\u00e4dchen.<br \/>\nWir gr\u00fc\u00dfen Euch von Herzen und ich sage &#8220;bis die Tage&#8221;!<\/p>\n<p>Herzlichst,<\/p>\n<p>Katrin<\/p>\n<p>Sch\u00f6n, dass wir jetzt Fotos vom neuen Zuhause haben. Vielen Dank daf\u00fcr und weiterhin alles Liebe und Gute<\/p>\n<p>Euer Tierheimteam 18.05.2017<\/p>\n<figure id=\"attachment_14026\" aria-describedby=\"caption-attachment-14026\" style=\"width: 300px\" class=\"wp-caption alignnone\"><a href=\"http:\/\/tierheim-moers.de\/Wordpress\/wp-content\/uploads\/2016\/08\/silva-Andere.jpg\"><img loading=\"lazy\" decoding=\"async\" class=\"wp-image-14026 size-medium\" src=\"http:\/\/tierheim-moers.de\/Wordpress\/wp-content\/uploads\/2016\/08\/silva-Andere-300x169.jpg\" alt=\"\" width=\"300\" height=\"169\" srcset=\"https:\/\/tierheim-moers.de\/Wordpress\/wp-content\/uploads\/2016\/08\/silva-Andere-300x169.jpg 300w, https:\/\/tierheim-moers.de\/Wordpress\/wp-content\/uploads\/2016\/08\/silva-Andere-768x432.jpg 768w, https:\/\/tierheim-moers.de\/Wordpress\/wp-content\/uploads\/2016\/08\/silva-Andere-600x337.jpg 600w, https:\/\/tierheim-moers.de\/Wordpress\/wp-content\/uploads\/2016\/08\/silva-Andere-700x393.jpg 700w, https:\/\/tierheim-moers.de\/Wordpress\/wp-content\/uploads\/2016\/08\/silva-Andere.jpg 900w\" sizes=\"(max-width: 300px) 100vw, 300px\" \/><\/a><figcaption id=\"caption-attachment-14026\" class=\"wp-caption-text\">Hier noch ein Foto aus Tierheimtagen<\/figcaption><\/figure>\n<p class=\"ox-9cf929a816-msonormal\">Hallo liebes gesamtes Team,<\/p>\n<p class=\"ox-9cf929a816-msonormal\">\u00a0hier kommt ein erster kurzer Bericht \u00fcber unseren kleinen Haushaltsvorstand, der am Montag bei uns Einzug gehalten hat. Cleo ist wirklich ein ganz s\u00fc\u00dfer, sehr lieber und drolliger Fratz, der momentan noch sehr \u00e4ngstlich ist, jedoch von Stunde zu Stunde mutiger wird. Am Montag hat sie sich nur versteckt, nicht gefressen und getrunken, kein Katzenklo benutzt. Am Dienstag war ich aufgrund dessen sehr besorgt und habe unseren Tierarzt angerufen, der aber zur Gelassenheit riet. Genauso kam es auch, seit gestern Abend frisst und trinkt sie. Ebenfalls findet ihr Katzenklo Beachtung. Seit heute (zun\u00e4chst war ihr unser Fensterputzer suspekt) taut sie immer mehr auf. Sie hat bereits einige Pl\u00e4tzchen entdeckt, guckt raus, versteckt sich nicht in H\u00f6hlen, f\u00e4ngt an, zaghaft zu spielen, liebt es gestreichelt zu werden und ist ganz verz\u00fcckt, wenn man ihr Geschichten erz\u00e4hlt oder M\u00e4rchen vorliest. Wir sind hochverliebt in sie und sobald Cleo willens ist, sich fotografieren zu lassen, bekommt Ihr sofort ein Bild mit pers\u00f6nlicher Widmung.<\/p>\n<p class=\"ox-9cf929a816-msonormal\">\u00a0Ihr Lieben, Euch w\u00fcnschen wir entspannte Ostertage, hoffentlich sch\u00f6nes Wetter, genie\u00dft die bunten Farben, die der Fr\u00fchling hervorgezaubert hat und seid ganz lieb gegr\u00fc\u00dft!!!!<\/p>\n<p class=\"ox-9cf929a816-msonormal\">Ihr seht, jedwede M\u00fche und Arbeit, die Ihr auf Euch nehmt, lohnt sich zu 200 % !<\/p>\n<p class=\"ox-9cf929a816-msonormal\">\u00a0Herzlichst und bis bald,<\/p>\n<p class=\"ox-9cf929a816-msonormal\">\u00a0Katrin und Arend<\/p>\n<p class=\"ox-9cf929a816-msonormal\">\n<div class=\"shariff shariff-align-flex-start shariff-widget-align-center\" data-url=\"https%3A%2F%2Ftierheim-moers.de%2FWordpress%2Fsilva-wird-neugierig%2F\" data-timestamp=\"1497733127\" data-hidezero=\"1\" data-backendurl=\"https:\/\/tierheim-moers.de\/Wordpress\/wp-json\/shariff\/v1\/share_counts?\"><ul class=\"shariff-buttons theme-round orientation-horizontal buttonsize-small\"><li class=\"shariff-button facebook shariff-nocustomcolor\" style=\"background-color:#4273c8\"><a href=\"https:\/\/www.facebook.com\/sharer\/sharer.php?u=https%3A%2F%2Ftierheim-moers.de%2FWordpress%2Fsilva-wird-neugierig%2F\" title=\"Bei Facebook teilen\" aria-label=\"Bei Facebook teilen\" role=\"button\" rel=\"nofollow\" class=\"shariff-link\" style=\"; background-color:#3b5998; color:#fff\" target=\"_blank\"><span class=\"shariff-icon\" style=\"\"><svg width=\"32px\" height=\"20px\" xmlns=\"http:\/\/www.w3.org\/2000\/svg\" viewBox=\"0 0 18 32\"><path fill=\"#3b5998\" d=\"M17.1 0.2v4.7h-2.8q-1.5 0-2.1 0.6t-0.5 1.9v3.4h5.2l-0.7 5.3h-4.5v13.6h-5.5v-13.6h-4.5v-5.3h4.5v-3.9q0-3.3 1.9-5.2t5-1.8q2.6 0 4.1 0.2z\"\/><\/svg><\/span><\/a><\/li><li class=\"shariff-button twitter shariff-nocustomcolor\" style=\"background-color:#595959\"><a href=\"https:\/\/twitter.com\/share?url=https%3A%2F%2Ftierheim-moers.de%2FWordpress%2Fsilva-wird-neugierig%2F&text=Sonnenschein%20Silva%2C%20jetzt%20Cleo%20%E2%80%93%20neue%20Bilder%20%E2%80%93\" title=\"Bei X teilen\" aria-label=\"Bei X teilen\" role=\"button\" rel=\"noopener nofollow\" class=\"shariff-link\" style=\"; background-color:#000; color:#fff\" target=\"_blank\"><span class=\"shariff-icon\" style=\"\"><svg width=\"32px\" height=\"20px\" xmlns=\"http:\/\/www.w3.org\/2000\/svg\" viewBox=\"0 0 24 24\"><path fill=\"#000\" d=\"M14.258 10.152L23.176 0h-2.113l-7.747 8.813L7.133 0H0l9.352 13.328L0 23.973h2.113l8.176-9.309 6.531 9.309h7.133zm-2.895 3.293l-.949-1.328L2.875 1.56h3.246l6.086 8.523.945 1.328 7.91 11.078h-3.246zm0 0\"\/><\/svg><\/span><\/a><\/li><li class=\"shariff-button whatsapp shariff-nocustomcolor\" style=\"background-color:#5cbe4a\"><a href=\"https:\/\/api.whatsapp.com\/send?text=https%3A%2F%2Ftierheim-moers.de%2FWordpress%2Fsilva-wird-neugierig%2F%20Sonnenschein%20Silva%2C%20jetzt%20Cleo%20%E2%80%93%20neue%20Bilder%20%E2%80%93\" title=\"Bei Whatsapp teilen\" aria-label=\"Bei Whatsapp teilen\" role=\"button\" rel=\"noopener nofollow\" class=\"shariff-link\" style=\"; background-color:#34af23; color:#fff\" target=\"_blank\"><span class=\"shariff-icon\" style=\"\"><svg width=\"32px\" height=\"20px\" xmlns=\"http:\/\/www.w3.org\/2000\/svg\" viewBox=\"0 0 32 32\"><path fill=\"#34af23\" d=\"M17.6 17.4q0.2 0 1.7 0.8t1.6 0.9q0 0.1 0 0.3 0 0.6-0.3 1.4-0.3 0.7-1.3 1.2t-1.8 0.5q-1 0-3.4-1.1-1.7-0.8-3-2.1t-2.6-3.3q-1.3-1.9-1.3-3.5v-0.1q0.1-1.6 1.3-2.8 0.4-0.4 0.9-0.4 0.1 0 0.3 0t0.3 0q0.3 0 0.5 0.1t0.3 0.5q0.1 0.4 0.6 1.6t0.4 1.3q0 0.4-0.6 1t-0.6 0.8q0 0.1 0.1 0.3 0.6 1.3 1.8 2.4 1 0.9 2.7 1.8 0.2 0.1 0.4 0.1 0.3 0 1-0.9t0.9-0.9zM14 26.9q2.3 0 4.3-0.9t3.6-2.4 2.4-3.6 0.9-4.3-0.9-4.3-2.4-3.6-3.6-2.4-4.3-0.9-4.3 0.9-3.6 2.4-2.4 3.6-0.9 4.3q0 3.6 2.1 6.6l-1.4 4.2 4.3-1.4q2.8 1.9 6.2 1.9zM14 2.2q2.7 0 5.2 1.1t4.3 2.9 2.9 4.3 1.1 5.2-1.1 5.2-2.9 4.3-4.3 2.9-5.2 1.1q-3.5 0-6.5-1.7l-7.4 2.4 2.4-7.2q-1.9-3.2-1.9-6.9 0-2.7 1.1-5.2t2.9-4.3 4.3-2.9 5.2-1.1z\"\/><\/svg><\/span><\/a><\/li><li class=\"shariff-button sms shariff-nocustomcolor shariff-mobile\" style=\"background-color:#d7d9d8\"><a href=\"sms:?&body=https%3A%2F%2Ftierheim-moers.de%2FWordpress%2Fsilva-wird-neugierig%2F\" title=\"Per SMS teilen\" aria-label=\"Per SMS teilen\" role=\"button\" rel=\"noopener nofollow\" class=\"shariff-link\" style=\"; background-color:#a1e877; color:#fff\" target=\"_blank\"><span class=\"shariff-icon\" style=\"\"><svg xmlns=\"http:\/\/www.w3.org\/2000\/svg\" width=\"510\" height=\"510\" viewBox=\"0 0 510 510\"><path fill=\"#a1e877\" d=\"M459 0H51C23 0 0 23 0 51v459l102-102h357c28.1 0 51-22.9 51-51V51C510 23 487.1 0 459 0zM178.5 229.5h-51v-51h51V229.5zM280.5 229.5h-51v-51h51V229.5zM382.5 229.5h-51v-51h51V229.5z\"\/><\/svg><\/span><\/a><\/li><\/ul><\/div>","protected":false},"excerpt":{"rendered":"<p>15.06.2017 Wir haben wieder ein paar neue Bilder von Silva, jetzt Cleo bekommen. Anlass ist ihr erster Geburtstag. Vielen Dank daf\u00fcr und herzlichen Gl\u00fcckwunsch auch von uns. Hier ein neuer Bericht von Cleo Hallo zusammen, nat\u00fcrlich haben wir Bilder von unserer kleinen Lotte. Hatte vor l\u00e4ngerer Zeit ein Bild ins &#8230;<\/p>\n","protected":false},"author":4,"featured_media":15440,"comment_status":"closed","ping_status":"open","sticky":false,"template":"","format":"standard","meta":{"ngg_post_thumbnail":0,"footnotes":""},"categories":[32],"tags":[],"class_list":["post-15106","post","type-post","status-publish","format-standard","has-post-thumbnail","hentry","category-erfolgsgeschichten","column","threecol","has-thumbnail"],"yoast_head":"<!-- This site is optimized with the Yoast SEO plugin v24.6 - https:\/\/yoast.com\/wordpress\/plugins\/seo\/ -->\n<title>Sonnenschein Silva, jetzt Cleo - neue Bilder - | TIERHEIM MOERS<\/title>\n<meta name=\"robots\" content=\"index, follow, max-snippet:-1, max-image-preview:large, max-video-preview:-1\" \/>\n<link rel=\"canonical\" href=\"https:\/\/tierheim-moers.de\/Wordpress\/silva-wird-neugierig\/\" \/>\n<meta property=\"og:locale\" content=\"de_DE\" \/>\n<meta property=\"og:type\" content=\"article\" \/>\n<meta property=\"og:title\" content=\"Sonnenschein Silva, jetzt Cleo - neue Bilder - | TIERHEIM MOERS\" \/>\n<meta property=\"og:description\" content=\"15.06.2017 Wir haben wieder ein paar neue Bilder von Silva, jetzt Cleo bekommen. Anlass ist ihr erster Geburtstag. Vielen Dank daf\u00fcr und &#8230;\" \/>\n<meta property=\"og:url\" content=\"https:\/\/tierheim-moers.de\/Wordpress\/silva-wird-neugierig\/\" \/>\n<meta property=\"og:site_name\" content=\"TIERHEIM MOERS\" \/>\n<meta property=\"article:publisher\" content=\"https:\/\/de-de.facebook.com\/moers.tierheim\" \/>\n<meta property=\"article:published_time\" content=\"2017-04-14T14:05:22+00:00\" \/>\n<meta property=\"article:modified_time\" content=\"2017-06-17T18:58:47+00:00\" \/>\n<meta property=\"og:image\" content=\"https:\/\/tierheim-moers.de\/Wordpress\/wp-content\/uploads\/2017\/04\/cleo4.jpg\" \/>\n\t<meta property=\"og:image:width\" content=\"3072\" \/>\n\t<meta property=\"og:image:height\" content=\"2304\" \/>\n\t<meta property=\"og:image:type\" content=\"image\/jpeg\" \/>\n<meta name=\"author\" content=\"Gisela Kuhnen\" \/>\n<meta name=\"twitter:card\" content=\"summary_large_image\" \/>\n<meta name=\"twitter:label1\" content=\"Verfasst von\" \/>\n\t<meta name=\"twitter:data1\" content=\"Gisela Kuhnen\" \/>\n\t<meta name=\"twitter:label2\" content=\"Gesch\u00e4tzte Lesezeit\" \/>\n\t<meta name=\"twitter:data2\" content=\"2\u00a0Minuten\" \/>\n<script type=\"application\/ld+json\" class=\"yoast-schema-graph\">{\"@context\":\"https:\/\/schema.org\",\"@graph\":[{\"@type\":\"Article\",\"@id\":\"https:\/\/tierheim-moers.de\/Wordpress\/silva-wird-neugierig\/#article\",\"isPartOf\":{\"@id\":\"https:\/\/tierheim-moers.de\/Wordpress\/silva-wird-neugierig\/\"},\"author\":{\"name\":\"Gisela Kuhnen\",\"@id\":\"https:\/\/tierheim-moers.de\/Wordpress\/#\/schema\/person\/35ad410ed2d8620d4f57f813585b0d8e\"},\"headline\":\"Sonnenschein Silva, jetzt Cleo &#8211; neue Bilder &#8211;\",\"datePublished\":\"2017-04-14T14:05:22+00:00\",\"dateModified\":\"2017-06-17T18:58:47+00:00\",\"mainEntityOfPage\":{\"@id\":\"https:\/\/tierheim-moers.de\/Wordpress\/silva-wird-neugierig\/\"},\"wordCount\":380,\"publisher\":{\"@id\":\"https:\/\/tierheim-moers.de\/Wordpress\/#organization\"},\"image\":{\"@id\":\"https:\/\/tierheim-moers.de\/Wordpress\/silva-wird-neugierig\/#primaryimage\"},\"thumbnailUrl\":\"https:\/\/tierheim-moers.de\/Wordpress\/wp-content\/uploads\/2017\/04\/cleo4.jpg\",\"articleSection\":[\"Erfolgsgeschichten\"],\"inLanguage\":\"de\"},{\"@type\":\"WebPage\",\"@id\":\"https:\/\/tierheim-moers.de\/Wordpress\/silva-wird-neugierig\/\",\"url\":\"https:\/\/tierheim-moers.de\/Wordpress\/silva-wird-neugierig\/\",\"name\":\"Sonnenschein Silva, jetzt Cleo - neue Bilder - | TIERHEIM MOERS\",\"isPartOf\":{\"@id\":\"https:\/\/tierheim-moers.de\/Wordpress\/#website\"},\"primaryImageOfPage\":{\"@id\":\"https:\/\/tierheim-moers.de\/Wordpress\/silva-wird-neugierig\/#primaryimage\"},\"image\":{\"@id\":\"https:\/\/tierheim-moers.de\/Wordpress\/silva-wird-neugierig\/#primaryimage\"},\"thumbnailUrl\":\"https:\/\/tierheim-moers.de\/Wordpress\/wp-content\/uploads\/2017\/04\/cleo4.jpg\",\"datePublished\":\"2017-04-14T14:05:22+00:00\",\"dateModified\":\"2017-06-17T18:58:47+00:00\",\"breadcrumb\":{\"@id\":\"https:\/\/tierheim-moers.de\/Wordpress\/silva-wird-neugierig\/#breadcrumb\"},\"inLanguage\":\"de\",\"potentialAction\":[{\"@type\":\"ReadAction\",\"target\":[\"https:\/\/tierheim-moers.de\/Wordpress\/silva-wird-neugierig\/\"]}]},{\"@type\":\"ImageObject\",\"inLanguage\":\"de\",\"@id\":\"https:\/\/tierheim-moers.de\/Wordpress\/silva-wird-neugierig\/#primaryimage\",\"url\":\"https:\/\/tierheim-moers.de\/Wordpress\/wp-content\/uploads\/2017\/04\/cleo4.jpg\",\"contentUrl\":\"https:\/\/tierheim-moers.de\/Wordpress\/wp-content\/uploads\/2017\/04\/cleo4.jpg\",\"width\":3072,\"height\":2304},{\"@type\":\"BreadcrumbList\",\"@id\":\"https:\/\/tierheim-moers.de\/Wordpress\/silva-wird-neugierig\/#breadcrumb\",\"itemListElement\":[{\"@type\":\"ListItem\",\"position\":1,\"name\":\"Startseite\",\"item\":\"https:\/\/tierheim-moers.de\/Wordpress\/\"},{\"@type\":\"ListItem\",\"position\":2,\"name\":\"Sonnenschein Silva, jetzt Cleo &#8211; neue Bilder &#8211;\"}]},{\"@type\":\"WebSite\",\"@id\":\"https:\/\/tierheim-moers.de\/Wordpress\/#website\",\"url\":\"https:\/\/tierheim-moers.de\/Wordpress\/\",\"name\":\"Tierheim Moers\",\"description\":\"Tierheim | Hundepension | Tierschutz | Moers\",\"publisher\":{\"@id\":\"https:\/\/tierheim-moers.de\/Wordpress\/#organization\"},\"potentialAction\":[{\"@type\":\"SearchAction\",\"target\":{\"@type\":\"EntryPoint\",\"urlTemplate\":\"https:\/\/tierheim-moers.de\/Wordpress\/?s={search_term_string}\"},\"query-input\":{\"@type\":\"PropertyValueSpecification\",\"valueRequired\":true,\"valueName\":\"search_term_string\"}}],\"inLanguage\":\"de\"},{\"@type\":\"Organization\",\"@id\":\"https:\/\/tierheim-moers.de\/Wordpress\/#organization\",\"name\":\"Tierheim Moers\",\"url\":\"https:\/\/tierheim-moers.de\/Wordpress\/\",\"logo\":{\"@type\":\"ImageObject\",\"inLanguage\":\"de\",\"@id\":\"https:\/\/tierheim-moers.de\/Wordpress\/#\/schema\/logo\/image\/\",\"url\":\"https:\/\/tierheim-moers.de\/Wordpress\/wp-content\/uploads\/2014\/04\/Logo-TSV-Moers-V01-RGB-300.png\",\"contentUrl\":\"https:\/\/tierheim-moers.de\/Wordpress\/wp-content\/uploads\/2014\/04\/Logo-TSV-Moers-V01-RGB-300.png\",\"width\":1052,\"height\":1038,\"caption\":\"Tierheim Moers\"},\"image\":{\"@id\":\"https:\/\/tierheim-moers.de\/Wordpress\/#\/schema\/logo\/image\/\"},\"sameAs\":[\"https:\/\/de-de.facebook.com\/moers.tierheim\"]},{\"@type\":\"Person\",\"@id\":\"https:\/\/tierheim-moers.de\/Wordpress\/#\/schema\/person\/35ad410ed2d8620d4f57f813585b0d8e\",\"name\":\"Gisela Kuhnen\",\"image\":{\"@type\":\"ImageObject\",\"inLanguage\":\"de\",\"@id\":\"https:\/\/tierheim-moers.de\/Wordpress\/#\/schema\/person\/image\/\",\"url\":\"https:\/\/secure.gravatar.com\/avatar\/807ca84b4538291e2f5dc665ed240a0d4d7ab8f22360ec427a82fe926980b31a?s=96&d=mm&r=g\",\"contentUrl\":\"https:\/\/secure.gravatar.com\/avatar\/807ca84b4538291e2f5dc665ed240a0d4d7ab8f22360ec427a82fe926980b31a?s=96&d=mm&r=g\",\"caption\":\"Gisela Kuhnen\"},\"url\":\"https:\/\/tierheim-moers.de\/Wordpress\/author\/gisela-kuhnen\/\"}]}<\/script>\n<!-- \/ Yoast SEO plugin. -->","yoast_head_json":{"title":"Sonnenschein Silva, jetzt Cleo - neue Bilder - | TIERHEIM MOERS","robots":{"index":"index","follow":"follow","max-snippet":"max-snippet:-1","max-image-preview":"max-image-preview:large","max-video-preview":"max-video-preview:-1"},"canonical":"https:\/\/tierheim-moers.de\/Wordpress\/silva-wird-neugierig\/","og_locale":"de_DE","og_type":"article","og_title":"Sonnenschein Silva, jetzt Cleo - neue Bilder - | TIERHEIM MOERS","og_description":"15.06.2017 Wir haben wieder ein paar neue Bilder von Silva, jetzt Cleo bekommen. Anlass ist ihr erster Geburtstag. Vielen Dank daf\u00fcr und &#8230;","og_url":"https:\/\/tierheim-moers.de\/Wordpress\/silva-wird-neugierig\/","og_site_name":"TIERHEIM MOERS","article_publisher":"https:\/\/de-de.facebook.com\/moers.tierheim","article_published_time":"2017-04-14T14:05:22+00:00","article_modified_time":"2017-06-17T18:58:47+00:00","og_image":[{"width":3072,"height":2304,"url":"https:\/\/tierheim-moers.de\/Wordpress\/wp-content\/uploads\/2017\/04\/cleo4.jpg","type":"image\/jpeg"}],"author":"Gisela Kuhnen","twitter_card":"summary_large_image","twitter_misc":{"Verfasst von":"Gisela Kuhnen","Gesch\u00e4tzte Lesezeit":"2\u00a0Minuten"},"schema":{"@context":"https:\/\/schema.org","@graph":[{"@type":"Article","@id":"https:\/\/tierheim-moers.de\/Wordpress\/silva-wird-neugierig\/#article","isPartOf":{"@id":"https:\/\/tierheim-moers.de\/Wordpress\/silva-wird-neugierig\/"},"author":{"name":"Gisela Kuhnen","@id":"https:\/\/tierheim-moers.de\/Wordpress\/#\/schema\/person\/35ad410ed2d8620d4f57f813585b0d8e"},"headline":"Sonnenschein Silva, jetzt Cleo &#8211; neue Bilder &#8211;","datePublished":"2017-04-14T14:05:22+00:00","dateModified":"2017-06-17T18:58:47+00:00","mainEntityOfPage":{"@id":"https:\/\/tierheim-moers.de\/Wordpress\/silva-wird-neugierig\/"},"wordCount":380,"publisher":{"@id":"https:\/\/tierheim-moers.de\/Wordpress\/#organization"},"image":{"@id":"https:\/\/tierheim-moers.de\/Wordpress\/silva-wird-neugierig\/#primaryimage"},"thumbnailUrl":"https:\/\/tierheim-moers.de\/Wordpress\/wp-content\/uploads\/2017\/04\/cleo4.jpg","articleSection":["Erfolgsgeschichten"],"inLanguage":"de"},{"@type":"WebPage","@id":"https:\/\/tierheim-moers.de\/Wordpress\/silva-wird-neugierig\/","url":"https:\/\/tierheim-moers.de\/Wordpress\/silva-wird-neugierig\/","name":"Sonnenschein Silva, jetzt Cleo - neue Bilder - | TIERHEIM MOERS","isPartOf":{"@id":"https:\/\/tierheim-moers.de\/Wordpress\/#website"},"primaryImageOfPage":{"@id":"https:\/\/tierheim-moers.de\/Wordpress\/silva-wird-neugierig\/#primaryimage"},"image":{"@id":"https:\/\/tierheim-moers.de\/Wordpress\/silva-wird-neugierig\/#primaryimage"},"thumbnailUrl":"https:\/\/tierheim-moers.de\/Wordpress\/wp-content\/uploads\/2017\/04\/cleo4.jpg","datePublished":"2017-04-14T14:05:22+00:00","dateModified":"2017-06-17T18:58:47+00:00","breadcrumb":{"@id":"https:\/\/tierheim-moers.de\/Wordpress\/silva-wird-neugierig\/#breadcrumb"},"inLanguage":"de","potentialAction":[{"@type":"ReadAction","target":["https:\/\/tierheim-moers.de\/Wordpress\/silva-wird-neugierig\/"]}]},{"@type":"ImageObject","inLanguage":"de","@id":"https:\/\/tierheim-moers.de\/Wordpress\/silva-wird-neugierig\/#primaryimage","url":"https:\/\/tierheim-moers.de\/Wordpress\/wp-content\/uploads\/2017\/04\/cleo4.jpg","contentUrl":"https:\/\/tierheim-moers.de\/Wordpress\/wp-content\/uploads\/2017\/04\/cleo4.jpg","width":3072,"height":2304},{"@type":"BreadcrumbList","@id":"https:\/\/tierheim-moers.de\/Wordpress\/silva-wird-neugierig\/#breadcrumb","itemListElement":[{"@type":"ListItem","position":1,"name":"Startseite","item":"https:\/\/tierheim-moers.de\/Wordpress\/"},{"@type":"ListItem","position":2,"name":"Sonnenschein Silva, jetzt Cleo &#8211; neue Bilder &#8211;"}]},{"@type":"WebSite","@id":"https:\/\/tierheim-moers.de\/Wordpress\/#website","url":"https:\/\/tierheim-moers.de\/Wordpress\/","name":"Tierheim Moers","description":"Tierheim | Hundepension | Tierschutz | Moers","publisher":{"@id":"https:\/\/tierheim-moers.de\/Wordpress\/#organization"},"potentialAction":[{"@type":"SearchAction","target":{"@type":"EntryPoint","urlTemplate":"https:\/\/tierheim-moers.de\/Wordpress\/?s={search_term_string}"},"query-input":{"@type":"PropertyValueSpecification","valueRequired":true,"valueName":"search_term_string"}}],"inLanguage":"de"},{"@type":"Organization","@id":"https:\/\/tierheim-moers.de\/Wordpress\/#organization","name":"Tierheim Moers","url":"https:\/\/tierheim-moers.de\/Wordpress\/","logo":{"@type":"ImageObject","inLanguage":"de","@id":"https:\/\/tierheim-moers.de\/Wordpress\/#\/schema\/logo\/image\/","url":"https:\/\/tierheim-moers.de\/Wordpress\/wp-content\/uploads\/2014\/04\/Logo-TSV-Moers-V01-RGB-300.png","contentUrl":"https:\/\/tierheim-moers.de\/Wordpress\/wp-content\/uploads\/2014\/04\/Logo-TSV-Moers-V01-RGB-300.png","width":1052,"height":1038,"caption":"Tierheim Moers"},"image":{"@id":"https:\/\/tierheim-moers.de\/Wordpress\/#\/schema\/logo\/image\/"},"sameAs":["https:\/\/de-de.facebook.com\/moers.tierheim"]},{"@type":"Person","@id":"https:\/\/tierheim-moers.de\/Wordpress\/#\/schema\/person\/35ad410ed2d8620d4f57f813585b0d8e","name":"Gisela Kuhnen","image":{"@type":"ImageObject","inLanguage":"de","@id":"https:\/\/tierheim-moers.de\/Wordpress\/#\/schema\/person\/image\/","url":"https:\/\/secure.gravatar.com\/avatar\/807ca84b4538291e2f5dc665ed240a0d4d7ab8f22360ec427a82fe926980b31a?s=96&d=mm&r=g","contentUrl":"https:\/\/secure.gravatar.com\/avatar\/807ca84b4538291e2f5dc665ed240a0d4d7ab8f22360ec427a82fe926980b31a?s=96&d=mm&r=g","caption":"Gisela Kuhnen"},"url":"https:\/\/tierheim-moers.de\/Wordpress\/author\/gisela-kuhnen\/"}]}},"_links":{"self":[{"href":"https:\/\/tierheim-moers.de\/Wordpress\/wp-json\/wp\/v2\/posts\/15106","targetHints":{"allow":["GET"]}}],"collection":[{"href":"https:\/\/tierheim-moers.de\/Wordpress\/wp-json\/wp\/v2\/posts"}],"about":[{"href":"https:\/\/tierheim-moers.de\/Wordpress\/wp-json\/wp\/v2\/types\/post"}],"author":[{"embeddable":true,"href":"https:\/\/tierheim-moers.de\/Wordpress\/wp-json\/wp\/v2\/users\/4"}],"replies":[{"embeddable":true,"href":"https:\/\/tierheim-moers.de\/Wordpress\/wp-json\/wp\/v2\/comments?post=15106"}],"version-history":[{"count":5,"href":"https:\/\/tierheim-moers.de\/Wordpress\/wp-json\/wp\/v2\/posts\/15106\/revisions"}],"predecessor-version":[{"id":15844,"href":"https:\/\/tierheim-moers.de\/Wordpress\/wp-json\/wp\/v2\/posts\/15106\/revisions\/15844"}],"wp:featuredmedia":[{"embeddable":true,"href":"https:\/\/tierheim-moers.de\/Wordpress\/wp-json\/wp\/v2\/media\/15440"}],"wp:attachment":[{"href":"https:\/\/tierheim-moers.de\/Wordpress\/wp-json\/wp\/v2\/media?parent=15106"}],"wp:term":[{"taxonomy":"category","embeddable":true,"href":"https:\/\/tierheim-moers.de\/Wordpress\/wp-json\/wp\/v2\/categories?post=15106"},{"taxonomy":"post_tag","embeddable":true,"href":"https:\/\/tierheim-moers.de\/Wordpress\/wp-json\/wp\/v2\/tags?post=15106"}],"curies":[{"name":"wp","href":"https:\/\/api.w.org\/{rel}","templated":true}]}}