{"id":15207,"date":"2017-04-25T15:41:25","date_gmt":"2017-04-25T13:41:25","guid":{"rendered":"http:\/\/tierheim-moers.de\/Wordpress\/?p=15207"},"modified":"2017-04-25T17:55:17","modified_gmt":"2017-04-25T15:55:17","slug":"15207-2","status":"publish","type":"post","link":"https:\/\/tierheim-moers.de\/Wordpress\/15207-2\/","title":{"rendered":"Die Auftragserteilung &#8211; Tommy sorgt sich"},"content":{"rendered":"<p>Hallo Leute,<a href=\"http:\/\/tierheim-moers.de\/Wordpress\/wp-content\/uploads\/2017\/04\/Atreju-Kolumne4.jpg\"><img fetchpriority=\"high\" decoding=\"async\" class=\"size-medium wp-image-15202 alignright\" src=\"http:\/\/tierheim-moers.de\/Wordpress\/wp-content\/uploads\/2017\/04\/Atreju-Kolumne4-210x300.jpg\" alt=\"\" width=\"210\" height=\"300\" srcset=\"https:\/\/tierheim-moers.de\/Wordpress\/wp-content\/uploads\/2017\/04\/Atreju-Kolumne4-210x300.jpg 210w, https:\/\/tierheim-moers.de\/Wordpress\/wp-content\/uploads\/2017\/04\/Atreju-Kolumne4-768x1097.jpg 768w, https:\/\/tierheim-moers.de\/Wordpress\/wp-content\/uploads\/2017\/04\/Atreju-Kolumne4-717x1024.jpg 717w, https:\/\/tierheim-moers.de\/Wordpress\/wp-content\/uploads\/2017\/04\/Atreju-Kolumne4-600x857.jpg 600w, https:\/\/tierheim-moers.de\/Wordpress\/wp-content\/uploads\/2017\/04\/Atreju-Kolumne4-700x1000.jpg 700w\" sizes=\"(max-width: 210px) 100vw, 210px\" \/><\/a><br \/>\neigentlich wei\u00df ich gar nicht genau, was ich hier mache &#8230;<\/p>\n<p>Ich glaube, ich stelle mich erst einmal vor und erz\u00e4hle Euch dann, was mir vor einigen N\u00e4chten passiert ist. Mein Name ist Atreju; ich bin ein schwarzer Gro\u00dfspitz und wohne nun schon seit einiger Zeit im Moerser Tierheim. Der ein oder andere von Euch hat sicher schon von mir geh\u00f6rt oder mich vielleicht sogar mal gesehen. Ich bin ein stattlicher Kerl und eigentlich kommt niemand mal einfach so in meinen Zwinger &#8230; aber letztens in der Nacht &#8230; ich glaube es selber noch gar nicht &#8230;<\/p>\n<p>Ich lag sch\u00f6n auf meiner kuscheligen Decke und tr\u00e4umte gerade von einem riesigen Bauernhof, auf den ich aufpassen musste, da weckte mich ein Ger\u00e4usch auf. Ein wirklich kleines Ger\u00e4usch, aber es geh\u00f6rte nicht ins Hundehaus, weshalb ich sofort hellwach war. Ich sah mich um und &#8211; Ihr werdet es nicht glauben &#8211; da sa\u00df ein schwarzer Kater in meinem Zwinger. Normalerweise w\u00e4re ich sofort aufgesprungen und h\u00e4tte ihm erst einmal <a href=\"http:\/\/tierheim-moers.de\/Wordpress\/wp-content\/uploads\/2017\/04\/Atreju-Kolumne1.jpg\"><img decoding=\"async\" class=\"alignleft size-medium wp-image-15199\" src=\"http:\/\/tierheim-moers.de\/Wordpress\/wp-content\/uploads\/2017\/04\/Atreju-Kolumne1-300x210.jpg\" alt=\"\" width=\"300\" height=\"210\" srcset=\"https:\/\/tierheim-moers.de\/Wordpress\/wp-content\/uploads\/2017\/04\/Atreju-Kolumne1-300x210.jpg 300w, https:\/\/tierheim-moers.de\/Wordpress\/wp-content\/uploads\/2017\/04\/Atreju-Kolumne1-768x538.jpg 768w, https:\/\/tierheim-moers.de\/Wordpress\/wp-content\/uploads\/2017\/04\/Atreju-Kolumne1-1024x717.jpg 1024w, https:\/\/tierheim-moers.de\/Wordpress\/wp-content\/uploads\/2017\/04\/Atreju-Kolumne1-600x420.jpg 600w, https:\/\/tierheim-moers.de\/Wordpress\/wp-content\/uploads\/2017\/04\/Atreju-Kolumne1-700x490.jpg 700w\" sizes=\"(max-width: 300px) 100vw, 300px\" \/><\/a>nachdr\u00fccklich klar gemacht, wessen Zwinger das eigentlich ist, aber ich war vollkommen verwirrt &#8211; nicht nur, weil er da sa\u00df &#8230; nein, was viel eigenartiger war, war die Tatsache, dass ich ihn nicht riechen konnte &#8230; fast als w\u00e4re er gar nicht da. Ich traute meinen Sinnen nicht und als er dann noch sprach, war ich wirklich froh, dass ich eh schon lag&#8230;<\/p>\n<p>Er sagte, sein Name w\u00e4re Tommy und er h\u00e4tte fr\u00fcher auch im Tierheim gewohnt. Jedoch nicht wie die Meisten von uns nur f\u00fcr eine gewissen Zeit, sondern als Hofkater. Er h\u00e4tte auf alles aufgepasst und was viel wichtiger war, er war derjenige gewesen, der den Menschen au\u00dferhalb des Tierheims von uns Tierheimtieren, unserem Alltag und unseren Sorgen berichtet hatte. Das w\u00e4re au\u00dferordentlich wichtig <a href=\"http:\/\/tierheim-moers.de\/Wordpress\/wp-content\/uploads\/2014\/04\/Tommy.png\"><img decoding=\"async\" class=\"size-medium wp-image-6337 alignright\" src=\"http:\/\/tierheim-moers.de\/Wordpress\/wp-content\/uploads\/2014\/04\/Tommy-300x300.png\" alt=\"\" width=\"300\" height=\"300\" srcset=\"https:\/\/tierheim-moers.de\/Wordpress\/wp-content\/uploads\/2014\/04\/Tommy-300x300.png 300w, https:\/\/tierheim-moers.de\/Wordpress\/wp-content\/uploads\/2014\/04\/Tommy-150x150.png 150w, https:\/\/tierheim-moers.de\/Wordpress\/wp-content\/uploads\/2014\/04\/Tommy-268x268.png 268w, https:\/\/tierheim-moers.de\/Wordpress\/wp-content\/uploads\/2014\/04\/Tommy.png 403w\" sizes=\"(max-width: 300px) 100vw, 300px\" \/><\/a>gewesen und viele Menschen h\u00e4tten ihm zugeh\u00f6rt.<\/p>\n<p>Ich konnte gar nicht glauben, was er sagte &#8211; ich habe manchmal das Gef\u00fchl niemand interessiert sich f\u00fcr uns. Das sagte ich ihm auch, aber Tommy meinte, da w\u00fcrde ich vollkommen falsch liegen und es w\u00e4re traurig, dass ich dieses Gef\u00fchl h\u00e4tte.<\/p>\n<p>Er erz\u00e4hlte mir dann, dass er vor ein anderthalb Jahren leider umziehen musste &#8211; ans andere Ende der Regenbogenbr\u00fccke. Er h\u00e4tte noch eine Zeit lang versucht, den Kontakt zum Tierheim und den Menschen zu halten, aber jenseits der Regenbogenbr\u00fccke warteten so viele Aufgaben auf ihn, dass er das dann irgendwann nicht mehr geschafft hat.<\/p>\n<p>Stellt Euch mal vor, Tommy betreut alle schwarzen und schwarz-wei\u00dfen Katzen, die \u00fcber die Regenbogenbr\u00fccke kommen. Er hei\u00dft sie willkommen und begleitet sie, bis sie sich eingew\u00f6hnt haben. Das hat mich schon beeindruckt &#8211; das ist eine wichtige Aufgabe. Schien ein cooler Kerl zu sein dieser Tommy &#8230; f\u00fcr einen Kater halt. Dann wollte ich aber endlich wissen, was er eigentlich von mir wollte.<\/p>\n<p>Er erz\u00e4hlte mir, dass er vor einigen Wochen Shewa bei sich begr\u00fc\u00dft hat. Da w\u00e4re ihm seine alte Zeit im Tierheim wieder eingefallen und er h\u00e4tte uns ein wenig beobachtet und entt\u00e4uscht festgestellt, dass kein anderes Tier, seine Aufgaben im Tierheim fortgef\u00fchrt h\u00e4tte. Tommy beschloss, dass das so nicht bleiben durfte und dass er uns an diese wichtige Aufgabe erinnern musste. Urspr\u00fcnglich wollte er eine Katze ausw\u00e4hlen, aber dann hatte er mich gesehen und ich w\u00e4re so wachsam, scharfsinnig und schlau, dass er aus dem Bauch heraus <a href=\"http:\/\/tierheim-moers.de\/Wordpress\/wp-content\/uploads\/2017\/02\/IMG_1702-Shewa-Andere.jpg\"><img loading=\"lazy\" decoding=\"async\" class=\"size-medium wp-image-14339 alignright\" src=\"http:\/\/tierheim-moers.de\/Wordpress\/wp-content\/uploads\/2017\/02\/IMG_1702-Shewa-Andere-300x225.jpg\" alt=\"\" width=\"300\" height=\"225\" srcset=\"https:\/\/tierheim-moers.de\/Wordpress\/wp-content\/uploads\/2017\/02\/IMG_1702-Shewa-Andere-300x225.jpg 300w, https:\/\/tierheim-moers.de\/Wordpress\/wp-content\/uploads\/2017\/02\/IMG_1702-Shewa-Andere-768x576.jpg 768w, https:\/\/tierheim-moers.de\/Wordpress\/wp-content\/uploads\/2017\/02\/IMG_1702-Shewa-Andere-600x450.jpg 600w, https:\/\/tierheim-moers.de\/Wordpress\/wp-content\/uploads\/2017\/02\/IMG_1702-Shewa-Andere-700x525.jpg 700w, https:\/\/tierheim-moers.de\/Wordpress\/wp-content\/uploads\/2017\/02\/IMG_1702-Shewa-Andere.jpg 900w\" sizes=\"(max-width: 300px) 100vw, 300px\" \/><\/a>entschieden h\u00e4tte mich zu besuchen und mir vorzuschlagen, dass ich diese wichtige Aufgabe, den Menschen von uns und unserem Leben zu erz\u00e4hlen, \u00fcbernehmen sollte.<\/p>\n<p>Ich komme nicht umhin zu sagen, dass mich seine wirklich gute Beobachtungsgabe sehr beeindruckt hat und ein wenig geschmeichelt war ich schon auch &#8230; er ist ein wirklich cleverer Kater!<\/p>\n<p>So gebauchpinselt sagte ich ihm, dass ich das sehr gerne machen w\u00fcrde und dass ich eigentlich schon lange auf eine sinnvolle Aufgabe gewartet h\u00e4tte. Als Tommy das h\u00f6rte, stellten sich seine Schnurrhaare auf, seine Augen leuchteten und kurz bevor er verschwand sagte er noch: &#8220;Ich habe nichts anderes von Dir erwartet und Du wirst sehen, wenn Du den Menschen von Euch erz\u00e4hlst, merkst Du, dass sie sich wirklich f\u00fcr Euch interessieren und gar nicht genug h\u00f6ren k\u00f6nnen. Viel Erfolg und hol Dir Unterst\u00fctzung bei den anderen Tieren.&#8221;<\/p>\n<p>Da sa\u00df ich nun &#8230; mit einer gro\u00dfen Aufgabe und keiner Ahnung, was ich genau machen sollte.<\/p>\n<p>Inzwischen denke ich, dass Tommy recht hat &#8211; es ist wichtig, dass wir Tierheimtiere eine Stimme haben und meine Aufgabe ist es nun, sie zu nutzen.<\/p>\n<p>Von nun an werde ich die Dinge genau beobachten und werde auch meine Mitbewohner anh\u00f6ren &#8230; ja, auch die Katzen, damit ich Euch berichten kann und ihr so einen ganz anderen Einblick in unser Leben bekommt.<\/p>\n<p>Seid sicher, Leute: ab jetzt passt der Spitz auf!<br \/>\nEuer Atreju<\/p>\n<p><a href=\"http:\/\/tierheim-moers.de\/Wordpress\/wp-content\/uploads\/2017\/04\/Atreju-KolumneProfil.jpg\"><img loading=\"lazy\" decoding=\"async\" class=\"aligncenter size-large wp-image-15203\" src=\"http:\/\/tierheim-moers.de\/Wordpress\/wp-content\/uploads\/2017\/04\/Atreju-KolumneProfil-1024x1024.jpg\" alt=\"\" width=\"660\" height=\"660\" srcset=\"https:\/\/tierheim-moers.de\/Wordpress\/wp-content\/uploads\/2017\/04\/Atreju-KolumneProfil-1024x1024.jpg 1024w, https:\/\/tierheim-moers.de\/Wordpress\/wp-content\/uploads\/2017\/04\/Atreju-KolumneProfil-150x150.jpg 150w, https:\/\/tierheim-moers.de\/Wordpress\/wp-content\/uploads\/2017\/04\/Atreju-KolumneProfil-300x300.jpg 300w, https:\/\/tierheim-moers.de\/Wordpress\/wp-content\/uploads\/2017\/04\/Atreju-KolumneProfil-768x768.jpg 768w, https:\/\/tierheim-moers.de\/Wordpress\/wp-content\/uploads\/2017\/04\/Atreju-KolumneProfil-600x600.jpg 600w, https:\/\/tierheim-moers.de\/Wordpress\/wp-content\/uploads\/2017\/04\/Atreju-KolumneProfil-432x432.jpg 432w, https:\/\/tierheim-moers.de\/Wordpress\/wp-content\/uploads\/2017\/04\/Atreju-KolumneProfil-268x268.jpg 268w, https:\/\/tierheim-moers.de\/Wordpress\/wp-content\/uploads\/2017\/04\/Atreju-KolumneProfil-700x700.jpg 700w, https:\/\/tierheim-moers.de\/Wordpress\/wp-content\/uploads\/2017\/04\/Atreju-KolumneProfil-45x45.jpg 45w\" sizes=\"(max-width: 660px) 100vw, 660px\" \/><\/a><\/p>\n<div class=\"shariff shariff-align-flex-start shariff-widget-align-center\" data-url=\"https%3A%2F%2Ftierheim-moers.de%2FWordpress%2F15207-2%2F\" data-timestamp=\"1493142917\" data-hidezero=\"1\" data-backendurl=\"https:\/\/tierheim-moers.de\/Wordpress\/wp-json\/shariff\/v1\/share_counts?\"><ul class=\"shariff-buttons theme-round orientation-horizontal buttonsize-small\"><li class=\"shariff-button facebook shariff-nocustomcolor\" style=\"background-color:#4273c8\"><a href=\"https:\/\/www.facebook.com\/sharer\/sharer.php?u=https%3A%2F%2Ftierheim-moers.de%2FWordpress%2F15207-2%2F\" title=\"Bei Facebook teilen\" aria-label=\"Bei Facebook teilen\" role=\"button\" rel=\"nofollow\" class=\"shariff-link\" style=\"; background-color:#3b5998; color:#fff\" target=\"_blank\"><span class=\"shariff-icon\" style=\"\"><svg width=\"32px\" height=\"20px\" xmlns=\"http:\/\/www.w3.org\/2000\/svg\" viewBox=\"0 0 18 32\"><path fill=\"#3b5998\" d=\"M17.1 0.2v4.7h-2.8q-1.5 0-2.1 0.6t-0.5 1.9v3.4h5.2l-0.7 5.3h-4.5v13.6h-5.5v-13.6h-4.5v-5.3h4.5v-3.9q0-3.3 1.9-5.2t5-1.8q2.6 0 4.1 0.2z\"\/><\/svg><\/span><\/a><\/li><li class=\"shariff-button twitter shariff-nocustomcolor\" style=\"background-color:#595959\"><a href=\"https:\/\/twitter.com\/share?url=https%3A%2F%2Ftierheim-moers.de%2FWordpress%2F15207-2%2F&text=Die%20Auftragserteilung%20%E2%80%93%20Tommy%20sorgt%20sich\" title=\"Bei X teilen\" aria-label=\"Bei X teilen\" role=\"button\" rel=\"noopener nofollow\" class=\"shariff-link\" style=\"; background-color:#000; color:#fff\" target=\"_blank\"><span class=\"shariff-icon\" style=\"\"><svg width=\"32px\" height=\"20px\" xmlns=\"http:\/\/www.w3.org\/2000\/svg\" viewBox=\"0 0 24 24\"><path fill=\"#000\" d=\"M14.258 10.152L23.176 0h-2.113l-7.747 8.813L7.133 0H0l9.352 13.328L0 23.973h2.113l8.176-9.309 6.531 9.309h7.133zm-2.895 3.293l-.949-1.328L2.875 1.56h3.246l6.086 8.523.945 1.328 7.91 11.078h-3.246zm0 0\"\/><\/svg><\/span><\/a><\/li><li class=\"shariff-button whatsapp shariff-nocustomcolor\" style=\"background-color:#5cbe4a\"><a href=\"https:\/\/api.whatsapp.com\/send?text=https%3A%2F%2Ftierheim-moers.de%2FWordpress%2F15207-2%2F%20Die%20Auftragserteilung%20%E2%80%93%20Tommy%20sorgt%20sich\" title=\"Bei Whatsapp teilen\" aria-label=\"Bei Whatsapp teilen\" role=\"button\" rel=\"noopener nofollow\" class=\"shariff-link\" style=\"; background-color:#34af23; color:#fff\" target=\"_blank\"><span class=\"shariff-icon\" style=\"\"><svg width=\"32px\" height=\"20px\" xmlns=\"http:\/\/www.w3.org\/2000\/svg\" viewBox=\"0 0 32 32\"><path fill=\"#34af23\" d=\"M17.6 17.4q0.2 0 1.7 0.8t1.6 0.9q0 0.1 0 0.3 0 0.6-0.3 1.4-0.3 0.7-1.3 1.2t-1.8 0.5q-1 0-3.4-1.1-1.7-0.8-3-2.1t-2.6-3.3q-1.3-1.9-1.3-3.5v-0.1q0.1-1.6 1.3-2.8 0.4-0.4 0.9-0.4 0.1 0 0.3 0t0.3 0q0.3 0 0.5 0.1t0.3 0.5q0.1 0.4 0.6 1.6t0.4 1.3q0 0.4-0.6 1t-0.6 0.8q0 0.1 0.1 0.3 0.6 1.3 1.8 2.4 1 0.9 2.7 1.8 0.2 0.1 0.4 0.1 0.3 0 1-0.9t0.9-0.9zM14 26.9q2.3 0 4.3-0.9t3.6-2.4 2.4-3.6 0.9-4.3-0.9-4.3-2.4-3.6-3.6-2.4-4.3-0.9-4.3 0.9-3.6 2.4-2.4 3.6-0.9 4.3q0 3.6 2.1 6.6l-1.4 4.2 4.3-1.4q2.8 1.9 6.2 1.9zM14 2.2q2.7 0 5.2 1.1t4.3 2.9 2.9 4.3 1.1 5.2-1.1 5.2-2.9 4.3-4.3 2.9-5.2 1.1q-3.5 0-6.5-1.7l-7.4 2.4 2.4-7.2q-1.9-3.2-1.9-6.9 0-2.7 1.1-5.2t2.9-4.3 4.3-2.9 5.2-1.1z\"\/><\/svg><\/span><\/a><\/li><li class=\"shariff-button sms shariff-nocustomcolor shariff-mobile\" style=\"background-color:#d7d9d8\"><a href=\"sms:?&body=https%3A%2F%2Ftierheim-moers.de%2FWordpress%2F15207-2%2F\" title=\"Per SMS teilen\" aria-label=\"Per SMS teilen\" role=\"button\" rel=\"noopener nofollow\" class=\"shariff-link\" style=\"; background-color:#a1e877; color:#fff\" target=\"_blank\"><span class=\"shariff-icon\" style=\"\"><svg xmlns=\"http:\/\/www.w3.org\/2000\/svg\" width=\"510\" height=\"510\" viewBox=\"0 0 510 510\"><path fill=\"#a1e877\" d=\"M459 0H51C23 0 0 23 0 51v459l102-102h357c28.1 0 51-22.9 51-51V51C510 23 487.1 0 459 0zM178.5 229.5h-51v-51h51V229.5zM280.5 229.5h-51v-51h51V229.5zM382.5 229.5h-51v-51h51V229.5z\"\/><\/svg><\/span><\/a><\/li><\/ul><\/div>","protected":false},"excerpt":{"rendered":"<p>Hallo Leute, eigentlich wei\u00df ich gar nicht genau, was ich hier mache &#8230; Ich glaube, ich stelle mich erst einmal vor und erz\u00e4hle Euch dann, was mir vor einigen N\u00e4chten passiert ist. Mein Name ist Atreju; ich bin ein schwarzer Gro\u00dfspitz und wohne nun schon seit einiger Zeit im Moerser &#8230;<\/p>\n","protected":false},"author":3,"featured_media":15202,"comment_status":"closed","ping_status":"open","sticky":false,"template":"","format":"aside","meta":{"ngg_post_thumbnail":0,"footnotes":""},"categories":[38],"tags":[],"class_list":["post-15207","post","type-post","status-publish","format-aside","has-post-thumbnail","hentry","category-atrejus","post_format-post-format-aside","column","threecol","has-thumbnail"],"yoast_head":"<!-- This site is optimized with the Yoast SEO plugin v24.6 - https:\/\/yoast.com\/wordpress\/plugins\/seo\/ -->\n<title>Die Auftragserteilung - Tommy sorgt sich | TIERHEIM MOERS<\/title>\n<meta name=\"robots\" content=\"index, follow, max-snippet:-1, max-image-preview:large, max-video-preview:-1\" \/>\n<link rel=\"canonical\" href=\"https:\/\/tierheim-moers.de\/Wordpress\/15207-2\/\" \/>\n<meta property=\"og:locale\" content=\"de_DE\" \/>\n<meta property=\"og:type\" content=\"article\" \/>\n<meta property=\"og:title\" content=\"Die Auftragserteilung - Tommy sorgt sich | TIERHEIM MOERS\" \/>\n<meta property=\"og:description\" content=\"Hallo Leute, eigentlich wei\u00df ich gar nicht genau, was ich hier mache &#8230; Ich glaube, ich stelle mich erst einmal vor und erz\u00e4hle Euch dann, was mir vor einigen N\u00e4chten passiert ist. Mein Name ist Atreju; &#8230;\" \/>\n<meta property=\"og:url\" content=\"https:\/\/tierheim-moers.de\/Wordpress\/15207-2\/\" \/>\n<meta property=\"og:site_name\" content=\"TIERHEIM MOERS\" \/>\n<meta property=\"article:publisher\" content=\"https:\/\/de-de.facebook.com\/moers.tierheim\" \/>\n<meta property=\"article:published_time\" content=\"2017-04-25T13:41:25+00:00\" \/>\n<meta property=\"article:modified_time\" content=\"2017-04-25T15:55:17+00:00\" \/>\n<meta property=\"og:image\" content=\"https:\/\/tierheim-moers.de\/Wordpress\/wp-content\/uploads\/2017\/04\/Atreju-Kolumne4.jpg\" \/>\n\t<meta property=\"og:image:width\" content=\"2100\" \/>\n\t<meta property=\"og:image:height\" content=\"3000\" \/>\n\t<meta property=\"og:image:type\" content=\"image\/jpeg\" \/>\n<meta name=\"author\" content=\"tierheim2014\" \/>\n<meta name=\"twitter:card\" content=\"summary_large_image\" \/>\n<meta name=\"twitter:label1\" content=\"Verfasst von\" \/>\n\t<meta name=\"twitter:data1\" content=\"tierheim2014\" \/>\n\t<meta name=\"twitter:label2\" content=\"Gesch\u00e4tzte Lesezeit\" \/>\n\t<meta name=\"twitter:data2\" content=\"4\u00a0Minuten\" \/>\n<script type=\"application\/ld+json\" class=\"yoast-schema-graph\">{\"@context\":\"https:\/\/schema.org\",\"@graph\":[{\"@type\":\"Article\",\"@id\":\"https:\/\/tierheim-moers.de\/Wordpress\/15207-2\/#article\",\"isPartOf\":{\"@id\":\"https:\/\/tierheim-moers.de\/Wordpress\/15207-2\/\"},\"author\":{\"name\":\"tierheim2014\",\"@id\":\"https:\/\/tierheim-moers.de\/Wordpress\/#\/schema\/person\/bb66fcdf55ca8d06b229c0e748f4a4db\"},\"headline\":\"Die Auftragserteilung &#8211; Tommy sorgt sich\",\"datePublished\":\"2017-04-25T13:41:25+00:00\",\"dateModified\":\"2017-04-25T15:55:17+00:00\",\"mainEntityOfPage\":{\"@id\":\"https:\/\/tierheim-moers.de\/Wordpress\/15207-2\/\"},\"wordCount\":836,\"publisher\":{\"@id\":\"https:\/\/tierheim-moers.de\/Wordpress\/#organization\"},\"image\":{\"@id\":\"https:\/\/tierheim-moers.de\/Wordpress\/15207-2\/#primaryimage\"},\"thumbnailUrl\":\"https:\/\/tierheim-moers.de\/Wordpress\/wp-content\/uploads\/2017\/04\/Atreju-Kolumne4.jpg\",\"articleSection\":[\"Atreju's Logbuch\"],\"inLanguage\":\"de\"},{\"@type\":\"WebPage\",\"@id\":\"https:\/\/tierheim-moers.de\/Wordpress\/15207-2\/\",\"url\":\"https:\/\/tierheim-moers.de\/Wordpress\/15207-2\/\",\"name\":\"Die Auftragserteilung - Tommy sorgt sich | TIERHEIM MOERS\",\"isPartOf\":{\"@id\":\"https:\/\/tierheim-moers.de\/Wordpress\/#website\"},\"primaryImageOfPage\":{\"@id\":\"https:\/\/tierheim-moers.de\/Wordpress\/15207-2\/#primaryimage\"},\"image\":{\"@id\":\"https:\/\/tierheim-moers.de\/Wordpress\/15207-2\/#primaryimage\"},\"thumbnailUrl\":\"https:\/\/tierheim-moers.de\/Wordpress\/wp-content\/uploads\/2017\/04\/Atreju-Kolumne4.jpg\",\"datePublished\":\"2017-04-25T13:41:25+00:00\",\"dateModified\":\"2017-04-25T15:55:17+00:00\",\"breadcrumb\":{\"@id\":\"https:\/\/tierheim-moers.de\/Wordpress\/15207-2\/#breadcrumb\"},\"inLanguage\":\"de\",\"potentialAction\":[{\"@type\":\"ReadAction\",\"target\":[\"https:\/\/tierheim-moers.de\/Wordpress\/15207-2\/\"]}]},{\"@type\":\"ImageObject\",\"inLanguage\":\"de\",\"@id\":\"https:\/\/tierheim-moers.de\/Wordpress\/15207-2\/#primaryimage\",\"url\":\"https:\/\/tierheim-moers.de\/Wordpress\/wp-content\/uploads\/2017\/04\/Atreju-Kolumne4.jpg\",\"contentUrl\":\"https:\/\/tierheim-moers.de\/Wordpress\/wp-content\/uploads\/2017\/04\/Atreju-Kolumne4.jpg\",\"width\":2100,\"height\":3000},{\"@type\":\"BreadcrumbList\",\"@id\":\"https:\/\/tierheim-moers.de\/Wordpress\/15207-2\/#breadcrumb\",\"itemListElement\":[{\"@type\":\"ListItem\",\"position\":1,\"name\":\"Startseite\",\"item\":\"https:\/\/tierheim-moers.de\/Wordpress\/\"},{\"@type\":\"ListItem\",\"position\":2,\"name\":\"Die Auftragserteilung &#8211; Tommy sorgt sich\"}]},{\"@type\":\"WebSite\",\"@id\":\"https:\/\/tierheim-moers.de\/Wordpress\/#website\",\"url\":\"https:\/\/tierheim-moers.de\/Wordpress\/\",\"name\":\"Tierheim Moers\",\"description\":\"Tierheim | Hundepension | Tierschutz | Moers\",\"publisher\":{\"@id\":\"https:\/\/tierheim-moers.de\/Wordpress\/#organization\"},\"potentialAction\":[{\"@type\":\"SearchAction\",\"target\":{\"@type\":\"EntryPoint\",\"urlTemplate\":\"https:\/\/tierheim-moers.de\/Wordpress\/?s={search_term_string}\"},\"query-input\":{\"@type\":\"PropertyValueSpecification\",\"valueRequired\":true,\"valueName\":\"search_term_string\"}}],\"inLanguage\":\"de\"},{\"@type\":\"Organization\",\"@id\":\"https:\/\/tierheim-moers.de\/Wordpress\/#organization\",\"name\":\"Tierheim Moers\",\"url\":\"https:\/\/tierheim-moers.de\/Wordpress\/\",\"logo\":{\"@type\":\"ImageObject\",\"inLanguage\":\"de\",\"@id\":\"https:\/\/tierheim-moers.de\/Wordpress\/#\/schema\/logo\/image\/\",\"url\":\"https:\/\/tierheim-moers.de\/Wordpress\/wp-content\/uploads\/2014\/04\/Logo-TSV-Moers-V01-RGB-300.png\",\"contentUrl\":\"https:\/\/tierheim-moers.de\/Wordpress\/wp-content\/uploads\/2014\/04\/Logo-TSV-Moers-V01-RGB-300.png\",\"width\":1052,\"height\":1038,\"caption\":\"Tierheim Moers\"},\"image\":{\"@id\":\"https:\/\/tierheim-moers.de\/Wordpress\/#\/schema\/logo\/image\/\"},\"sameAs\":[\"https:\/\/de-de.facebook.com\/moers.tierheim\"]},{\"@type\":\"Person\",\"@id\":\"https:\/\/tierheim-moers.de\/Wordpress\/#\/schema\/person\/bb66fcdf55ca8d06b229c0e748f4a4db\",\"name\":\"tierheim2014\",\"image\":{\"@type\":\"ImageObject\",\"inLanguage\":\"de\",\"@id\":\"https:\/\/tierheim-moers.de\/Wordpress\/#\/schema\/person\/image\/\",\"url\":\"https:\/\/secure.gravatar.com\/avatar\/a11d93b0c6655bcc0a595174970baea60c3be93d07d0c82976034f22f0e26a03?s=96&d=mm&r=g\",\"contentUrl\":\"https:\/\/secure.gravatar.com\/avatar\/a11d93b0c6655bcc0a595174970baea60c3be93d07d0c82976034f22f0e26a03?s=96&d=mm&r=g\",\"caption\":\"tierheim2014\"},\"url\":\"https:\/\/tierheim-moers.de\/Wordpress\/author\/tierheim2014\/\"}]}<\/script>\n<!-- \/ Yoast SEO plugin. -->","yoast_head_json":{"title":"Die Auftragserteilung - Tommy sorgt sich | TIERHEIM MOERS","robots":{"index":"index","follow":"follow","max-snippet":"max-snippet:-1","max-image-preview":"max-image-preview:large","max-video-preview":"max-video-preview:-1"},"canonical":"https:\/\/tierheim-moers.de\/Wordpress\/15207-2\/","og_locale":"de_DE","og_type":"article","og_title":"Die Auftragserteilung - Tommy sorgt sich | TIERHEIM MOERS","og_description":"Hallo Leute, eigentlich wei\u00df ich gar nicht genau, was ich hier mache &#8230; Ich glaube, ich stelle mich erst einmal vor und erz\u00e4hle Euch dann, was mir vor einigen N\u00e4chten passiert ist. Mein Name ist Atreju; &#8230;","og_url":"https:\/\/tierheim-moers.de\/Wordpress\/15207-2\/","og_site_name":"TIERHEIM MOERS","article_publisher":"https:\/\/de-de.facebook.com\/moers.tierheim","article_published_time":"2017-04-25T13:41:25+00:00","article_modified_time":"2017-04-25T15:55:17+00:00","og_image":[{"width":2100,"height":3000,"url":"https:\/\/tierheim-moers.de\/Wordpress\/wp-content\/uploads\/2017\/04\/Atreju-Kolumne4.jpg","type":"image\/jpeg"}],"author":"tierheim2014","twitter_card":"summary_large_image","twitter_misc":{"Verfasst von":"tierheim2014","Gesch\u00e4tzte Lesezeit":"4\u00a0Minuten"},"schema":{"@context":"https:\/\/schema.org","@graph":[{"@type":"Article","@id":"https:\/\/tierheim-moers.de\/Wordpress\/15207-2\/#article","isPartOf":{"@id":"https:\/\/tierheim-moers.de\/Wordpress\/15207-2\/"},"author":{"name":"tierheim2014","@id":"https:\/\/tierheim-moers.de\/Wordpress\/#\/schema\/person\/bb66fcdf55ca8d06b229c0e748f4a4db"},"headline":"Die Auftragserteilung &#8211; Tommy sorgt sich","datePublished":"2017-04-25T13:41:25+00:00","dateModified":"2017-04-25T15:55:17+00:00","mainEntityOfPage":{"@id":"https:\/\/tierheim-moers.de\/Wordpress\/15207-2\/"},"wordCount":836,"publisher":{"@id":"https:\/\/tierheim-moers.de\/Wordpress\/#organization"},"image":{"@id":"https:\/\/tierheim-moers.de\/Wordpress\/15207-2\/#primaryimage"},"thumbnailUrl":"https:\/\/tierheim-moers.de\/Wordpress\/wp-content\/uploads\/2017\/04\/Atreju-Kolumne4.jpg","articleSection":["Atreju's Logbuch"],"inLanguage":"de"},{"@type":"WebPage","@id":"https:\/\/tierheim-moers.de\/Wordpress\/15207-2\/","url":"https:\/\/tierheim-moers.de\/Wordpress\/15207-2\/","name":"Die Auftragserteilung - Tommy sorgt sich | TIERHEIM MOERS","isPartOf":{"@id":"https:\/\/tierheim-moers.de\/Wordpress\/#website"},"primaryImageOfPage":{"@id":"https:\/\/tierheim-moers.de\/Wordpress\/15207-2\/#primaryimage"},"image":{"@id":"https:\/\/tierheim-moers.de\/Wordpress\/15207-2\/#primaryimage"},"thumbnailUrl":"https:\/\/tierheim-moers.de\/Wordpress\/wp-content\/uploads\/2017\/04\/Atreju-Kolumne4.jpg","datePublished":"2017-04-25T13:41:25+00:00","dateModified":"2017-04-25T15:55:17+00:00","breadcrumb":{"@id":"https:\/\/tierheim-moers.de\/Wordpress\/15207-2\/#breadcrumb"},"inLanguage":"de","potentialAction":[{"@type":"ReadAction","target":["https:\/\/tierheim-moers.de\/Wordpress\/15207-2\/"]}]},{"@type":"ImageObject","inLanguage":"de","@id":"https:\/\/tierheim-moers.de\/Wordpress\/15207-2\/#primaryimage","url":"https:\/\/tierheim-moers.de\/Wordpress\/wp-content\/uploads\/2017\/04\/Atreju-Kolumne4.jpg","contentUrl":"https:\/\/tierheim-moers.de\/Wordpress\/wp-content\/uploads\/2017\/04\/Atreju-Kolumne4.jpg","width":2100,"height":3000},{"@type":"BreadcrumbList","@id":"https:\/\/tierheim-moers.de\/Wordpress\/15207-2\/#breadcrumb","itemListElement":[{"@type":"ListItem","position":1,"name":"Startseite","item":"https:\/\/tierheim-moers.de\/Wordpress\/"},{"@type":"ListItem","position":2,"name":"Die Auftragserteilung &#8211; Tommy sorgt sich"}]},{"@type":"WebSite","@id":"https:\/\/tierheim-moers.de\/Wordpress\/#website","url":"https:\/\/tierheim-moers.de\/Wordpress\/","name":"Tierheim Moers","description":"Tierheim | Hundepension | Tierschutz | Moers","publisher":{"@id":"https:\/\/tierheim-moers.de\/Wordpress\/#organization"},"potentialAction":[{"@type":"SearchAction","target":{"@type":"EntryPoint","urlTemplate":"https:\/\/tierheim-moers.de\/Wordpress\/?s={search_term_string}"},"query-input":{"@type":"PropertyValueSpecification","valueRequired":true,"valueName":"search_term_string"}}],"inLanguage":"de"},{"@type":"Organization","@id":"https:\/\/tierheim-moers.de\/Wordpress\/#organization","name":"Tierheim Moers","url":"https:\/\/tierheim-moers.de\/Wordpress\/","logo":{"@type":"ImageObject","inLanguage":"de","@id":"https:\/\/tierheim-moers.de\/Wordpress\/#\/schema\/logo\/image\/","url":"https:\/\/tierheim-moers.de\/Wordpress\/wp-content\/uploads\/2014\/04\/Logo-TSV-Moers-V01-RGB-300.png","contentUrl":"https:\/\/tierheim-moers.de\/Wordpress\/wp-content\/uploads\/2014\/04\/Logo-TSV-Moers-V01-RGB-300.png","width":1052,"height":1038,"caption":"Tierheim Moers"},"image":{"@id":"https:\/\/tierheim-moers.de\/Wordpress\/#\/schema\/logo\/image\/"},"sameAs":["https:\/\/de-de.facebook.com\/moers.tierheim"]},{"@type":"Person","@id":"https:\/\/tierheim-moers.de\/Wordpress\/#\/schema\/person\/bb66fcdf55ca8d06b229c0e748f4a4db","name":"tierheim2014","image":{"@type":"ImageObject","inLanguage":"de","@id":"https:\/\/tierheim-moers.de\/Wordpress\/#\/schema\/person\/image\/","url":"https:\/\/secure.gravatar.com\/avatar\/a11d93b0c6655bcc0a595174970baea60c3be93d07d0c82976034f22f0e26a03?s=96&d=mm&r=g","contentUrl":"https:\/\/secure.gravatar.com\/avatar\/a11d93b0c6655bcc0a595174970baea60c3be93d07d0c82976034f22f0e26a03?s=96&d=mm&r=g","caption":"tierheim2014"},"url":"https:\/\/tierheim-moers.de\/Wordpress\/author\/tierheim2014\/"}]}},"_links":{"self":[{"href":"https:\/\/tierheim-moers.de\/Wordpress\/wp-json\/wp\/v2\/posts\/15207","targetHints":{"allow":["GET"]}}],"collection":[{"href":"https:\/\/tierheim-moers.de\/Wordpress\/wp-json\/wp\/v2\/posts"}],"about":[{"href":"https:\/\/tierheim-moers.de\/Wordpress\/wp-json\/wp\/v2\/types\/post"}],"author":[{"embeddable":true,"href":"https:\/\/tierheim-moers.de\/Wordpress\/wp-json\/wp\/v2\/users\/3"}],"replies":[{"embeddable":true,"href":"https:\/\/tierheim-moers.de\/Wordpress\/wp-json\/wp\/v2\/comments?post=15207"}],"version-history":[{"count":3,"href":"https:\/\/tierheim-moers.de\/Wordpress\/wp-json\/wp\/v2\/posts\/15207\/revisions"}],"predecessor-version":[{"id":15216,"href":"https:\/\/tierheim-moers.de\/Wordpress\/wp-json\/wp\/v2\/posts\/15207\/revisions\/15216"}],"wp:featuredmedia":[{"embeddable":true,"href":"https:\/\/tierheim-moers.de\/Wordpress\/wp-json\/wp\/v2\/media\/15202"}],"wp:attachment":[{"href":"https:\/\/tierheim-moers.de\/Wordpress\/wp-json\/wp\/v2\/media?parent=15207"}],"wp:term":[{"taxonomy":"category","embeddable":true,"href":"https:\/\/tierheim-moers.de\/Wordpress\/wp-json\/wp\/v2\/categories?post=15207"},{"taxonomy":"post_tag","embeddable":true,"href":"https:\/\/tierheim-moers.de\/Wordpress\/wp-json\/wp\/v2\/tags?post=15207"}],"curies":[{"name":"wp","href":"https:\/\/api.w.org\/{rel}","templated":true}]}}