{"id":15774,"date":"2018-01-10T21:18:33","date_gmt":"2018-01-10T19:18:33","guid":{"rendered":"http:\/\/tierheim-moers.de\/Wordpress\/?p=15774"},"modified":"2018-01-14T00:12:54","modified_gmt":"2018-01-13T22:12:54","slug":"pinkie-sucht-altersruhesitz-zusammen-mit-aki","status":"publish","type":"post","link":"https:\/\/tierheim-moers.de\/Wordpress\/pinkie-sucht-altersruhesitz-zusammen-mit-aki\/","title":{"rendered":"F\u00fcr Pinkie wird es Zeit zu gehen &#8230;.., vermittelt 10.01.2018"},"content":{"rendered":"<p>01.12.2017<\/p>\n<p>Pinkie ist gro\u00dfartig geworden! Wer h\u00e4tte gedacht, dass sie pl\u00f6tzlich so auftaut. Tats\u00e4chlich ist sie sogar viel verschmuster als Akie. Akies Kontaktaufnahme ist sehr zweckgebunden &#8211; man k\u00f6nnte auch sagen &#8220;leckerchenorientiert&#8221; &#8230; Pinkie dagegen ist noch ein bisschen zaghaft, genie\u00dft es dann aber in vollen Z\u00fcgen, gestreichelt zu werden. Das hat bei Pinkie ja gleich mehrere Vorteile: nat\u00fcrlich ist es immer sch\u00f6n, wenn die Katzen anfangen, sich wohl zu f\u00fchlen, aber da bei Pinkie der Begriff &#8220;Sorgenfell&#8221; eine sehr wortnahe Bedeutung hat, k\u00f6nnen wir sie nun jeden Tag ein kleines bisschen b\u00fcrsten &#8230; immer nur soviel, wie sie mitmacht.<a href=\"http:\/\/tierheim-moers.de\/Wordpress\/wp-content\/uploads\/2017\/10\/PinkieAkie3.jpg\"><img fetchpriority=\"high\" decoding=\"async\" class=\"alignnone size-medium wp-image-17817\" src=\"http:\/\/tierheim-moers.de\/Wordpress\/wp-content\/uploads\/2017\/10\/PinkieAkie3-300x210.jpg\" alt=\"\" width=\"300\" height=\"210\" srcset=\"https:\/\/tierheim-moers.de\/Wordpress\/wp-content\/uploads\/2017\/10\/PinkieAkie3-300x210.jpg 300w, https:\/\/tierheim-moers.de\/Wordpress\/wp-content\/uploads\/2017\/10\/PinkieAkie3-768x538.jpg 768w, https:\/\/tierheim-moers.de\/Wordpress\/wp-content\/uploads\/2017\/10\/PinkieAkie3-1024x717.jpg 1024w, https:\/\/tierheim-moers.de\/Wordpress\/wp-content\/uploads\/2017\/10\/PinkieAkie3-600x420.jpg 600w, https:\/\/tierheim-moers.de\/Wordpress\/wp-content\/uploads\/2017\/10\/PinkieAkie3-700x490.jpg 700w\" sizes=\"(max-width: 300px) 100vw, 300px\" \/><\/a><\/p>\n<p>Pinkie steckt mitten im Fellwechsel. Da sie sich aber bis vor kurzen nicht anfassen lassen wollte, sie selbst diese Pflege aber auch nicht mehr richtig vornehmen kann, sieht sie im Moment ziemlich abenteuerlich aus.\u00a0 Daher b\u00fcrsten wir sie nun t\u00e4glich mehrmals, solange sie es zul\u00e4sst. Es wird einige Zeit dauern, bis sie wieder ganz normal aussieht, aber es kommt ja bekanntlich nicht auf \u00c4\u00fc\u00dferlichkeiten an, sondern auf die inneren Werte, und die lernen wir gerade intensiv kennen.<\/p>\n<p>&nbsp;<\/p>\n<p>&nbsp;<\/p>\n<p><a href=\"http:\/\/tierheim-moers.de\/Wordpress\/wp-content\/uploads\/2017\/10\/PinkieAkie2.jpg\"><img decoding=\"async\" class=\"alignnone size-medium wp-image-17494\" src=\"http:\/\/tierheim-moers.de\/Wordpress\/wp-content\/uploads\/2017\/10\/PinkieAkie2-300x210.jpg\" alt=\"\" width=\"300\" height=\"210\" srcset=\"https:\/\/tierheim-moers.de\/Wordpress\/wp-content\/uploads\/2017\/10\/PinkieAkie2-300x210.jpg 300w, https:\/\/tierheim-moers.de\/Wordpress\/wp-content\/uploads\/2017\/10\/PinkieAkie2-768x538.jpg 768w, https:\/\/tierheim-moers.de\/Wordpress\/wp-content\/uploads\/2017\/10\/PinkieAkie2-1024x717.jpg 1024w, https:\/\/tierheim-moers.de\/Wordpress\/wp-content\/uploads\/2017\/10\/PinkieAkie2-600x420.jpg 600w, https:\/\/tierheim-moers.de\/Wordpress\/wp-content\/uploads\/2017\/10\/PinkieAkie2-700x490.jpg 700w\" sizes=\"(max-width: 300px) 100vw, 300px\" \/><\/a> <a href=\"http:\/\/tierheim-moers.de\/Wordpress\/wp-content\/uploads\/2017\/10\/PinkieAkie.jpg\"><img decoding=\"async\" class=\"alignnone size-medium wp-image-17493\" src=\"http:\/\/tierheim-moers.de\/Wordpress\/wp-content\/uploads\/2017\/10\/PinkieAkie-300x210.jpg\" alt=\"\" width=\"300\" height=\"210\" srcset=\"https:\/\/tierheim-moers.de\/Wordpress\/wp-content\/uploads\/2017\/10\/PinkieAkie-300x210.jpg 300w, https:\/\/tierheim-moers.de\/Wordpress\/wp-content\/uploads\/2017\/10\/PinkieAkie-768x538.jpg 768w, https:\/\/tierheim-moers.de\/Wordpress\/wp-content\/uploads\/2017\/10\/PinkieAkie-1024x717.jpg 1024w, https:\/\/tierheim-moers.de\/Wordpress\/wp-content\/uploads\/2017\/10\/PinkieAkie-600x420.jpg 600w, https:\/\/tierheim-moers.de\/Wordpress\/wp-content\/uploads\/2017\/10\/PinkieAkie-700x490.jpg 700w\" sizes=\"(max-width: 300px) 100vw, 300px\" \/><\/a><\/p>\n<p>Wir zwei geh\u00f6ren zusammen: meine Freundin Akie und ich<\/p>\n<p><a href=\"http:\/\/tierheim-moers.de\/Wordpress\/wp-content\/uploads\/2017\/10\/pinki10-Andere.jpeg\"><img loading=\"lazy\" decoding=\"async\" class=\"alignnone size-medium wp-image-17399\" src=\"http:\/\/tierheim-moers.de\/Wordpress\/wp-content\/uploads\/2017\/10\/pinki10-Andere-225x300.jpeg\" alt=\"\" width=\"225\" height=\"300\" srcset=\"https:\/\/tierheim-moers.de\/Wordpress\/wp-content\/uploads\/2017\/10\/pinki10-Andere-225x300.jpeg 225w, https:\/\/tierheim-moers.de\/Wordpress\/wp-content\/uploads\/2017\/10\/pinki10-Andere-600x800.jpeg 600w, https:\/\/tierheim-moers.de\/Wordpress\/wp-content\/uploads\/2017\/10\/pinki10-Andere.jpeg 675w\" sizes=\"(max-width: 225px) 100vw, 225px\" \/><\/a> <a href=\"http:\/\/tierheim-moers.de\/Wordpress\/wp-content\/uploads\/2017\/10\/pinki11-Andere.jpeg\"><img loading=\"lazy\" decoding=\"async\" class=\"alignnone size-medium wp-image-17400\" src=\"http:\/\/tierheim-moers.de\/Wordpress\/wp-content\/uploads\/2017\/10\/pinki11-Andere-300x225.jpeg\" alt=\"\" width=\"300\" height=\"225\" srcset=\"https:\/\/tierheim-moers.de\/Wordpress\/wp-content\/uploads\/2017\/10\/pinki11-Andere-300x225.jpeg 300w, https:\/\/tierheim-moers.de\/Wordpress\/wp-content\/uploads\/2017\/10\/pinki11-Andere-768x576.jpeg 768w, https:\/\/tierheim-moers.de\/Wordpress\/wp-content\/uploads\/2017\/10\/pinki11-Andere-600x450.jpeg 600w, https:\/\/tierheim-moers.de\/Wordpress\/wp-content\/uploads\/2017\/10\/pinki11-Andere-700x525.jpeg 700w, https:\/\/tierheim-moers.de\/Wordpress\/wp-content\/uploads\/2017\/10\/pinki11-Andere.jpeg 900w\" sizes=\"(max-width: 300px) 100vw, 300px\" \/><\/a><\/p>\n<p><a href=\"http:\/\/tierheim-moers.de\/Wordpress\/wp-content\/uploads\/2017\/06\/pinkie4-ausschnitt-Andere.jpg\"><img loading=\"lazy\" decoding=\"async\" class=\"alignnone size-medium wp-image-16626\" src=\"http:\/\/tierheim-moers.de\/Wordpress\/wp-content\/uploads\/2017\/06\/pinkie4-ausschnitt-Andere-300x200.jpg\" alt=\"\" width=\"300\" height=\"200\" srcset=\"https:\/\/tierheim-moers.de\/Wordpress\/wp-content\/uploads\/2017\/06\/pinkie4-ausschnitt-Andere-300x200.jpg 300w, https:\/\/tierheim-moers.de\/Wordpress\/wp-content\/uploads\/2017\/06\/pinkie4-ausschnitt-Andere-768x513.jpg 768w, https:\/\/tierheim-moers.de\/Wordpress\/wp-content\/uploads\/2017\/06\/pinkie4-ausschnitt-Andere-600x401.jpg 600w, https:\/\/tierheim-moers.de\/Wordpress\/wp-content\/uploads\/2017\/06\/pinkie4-ausschnitt-Andere-700x467.jpg 700w, https:\/\/tierheim-moers.de\/Wordpress\/wp-content\/uploads\/2017\/06\/pinkie4-ausschnitt-Andere.jpg 900w\" sizes=\"(max-width: 300px) 100vw, 300px\" \/><\/a><\/p>\n<p><a href=\"http:\/\/tierheim-moers.de\/Wordpress\/wp-content\/uploads\/2017\/06\/pinkie2.jpg\"><img loading=\"lazy\" decoding=\"async\" class=\"alignnone size-medium wp-image-16406\" src=\"http:\/\/tierheim-moers.de\/Wordpress\/wp-content\/uploads\/2017\/06\/pinkie2-300x169.jpg\" alt=\"\" width=\"300\" height=\"169\" srcset=\"https:\/\/tierheim-moers.de\/Wordpress\/wp-content\/uploads\/2017\/06\/pinkie2-300x169.jpg 300w, https:\/\/tierheim-moers.de\/Wordpress\/wp-content\/uploads\/2017\/06\/pinkie2-768x432.jpg 768w, https:\/\/tierheim-moers.de\/Wordpress\/wp-content\/uploads\/2017\/06\/pinkie2-1024x576.jpg 1024w, https:\/\/tierheim-moers.de\/Wordpress\/wp-content\/uploads\/2017\/06\/pinkie2-600x338.jpg 600w, https:\/\/tierheim-moers.de\/Wordpress\/wp-content\/uploads\/2017\/06\/pinkie2-700x393.jpg 700w\" sizes=\"(max-width: 300px) 100vw, 300px\" \/><\/a><\/p>\n<p><a href=\"http:\/\/tierheim-moers.de\/Wordpress\/wp-content\/uploads\/2017\/06\/IMG_1132-Anderepinkie.jpg\"><img loading=\"lazy\" decoding=\"async\" class=\"alignnone size-medium wp-image-15777\" src=\"http:\/\/tierheim-moers.de\/Wordpress\/wp-content\/uploads\/2017\/06\/IMG_1132-Anderepinkie-300x225.jpg\" alt=\"\" width=\"300\" height=\"225\" srcset=\"https:\/\/tierheim-moers.de\/Wordpress\/wp-content\/uploads\/2017\/06\/IMG_1132-Anderepinkie-300x225.jpg 300w, https:\/\/tierheim-moers.de\/Wordpress\/wp-content\/uploads\/2017\/06\/IMG_1132-Anderepinkie-768x576.jpg 768w, https:\/\/tierheim-moers.de\/Wordpress\/wp-content\/uploads\/2017\/06\/IMG_1132-Anderepinkie-600x450.jpg 600w, https:\/\/tierheim-moers.de\/Wordpress\/wp-content\/uploads\/2017\/06\/IMG_1132-Anderepinkie-700x525.jpg 700w, https:\/\/tierheim-moers.de\/Wordpress\/wp-content\/uploads\/2017\/06\/IMG_1132-Anderepinkie.jpg 900w\" sizes=\"(max-width: 300px) 100vw, 300px\" \/><\/a><a href=\"http:\/\/tierheim-moers.de\/Wordpress\/wp-content\/uploads\/2017\/06\/akie6.jpg\"><img loading=\"lazy\" decoding=\"async\" class=\"alignnone size-medium wp-image-16564\" src=\"http:\/\/tierheim-moers.de\/Wordpress\/wp-content\/uploads\/2017\/06\/akie6-300x300.jpg\" alt=\"\" width=\"300\" height=\"300\" srcset=\"https:\/\/tierheim-moers.de\/Wordpress\/wp-content\/uploads\/2017\/06\/akie6-300x300.jpg 300w, https:\/\/tierheim-moers.de\/Wordpress\/wp-content\/uploads\/2017\/06\/akie6-150x150.jpg 150w, https:\/\/tierheim-moers.de\/Wordpress\/wp-content\/uploads\/2017\/06\/akie6-768x768.jpg 768w, https:\/\/tierheim-moers.de\/Wordpress\/wp-content\/uploads\/2017\/06\/akie6-600x600.jpg 600w, https:\/\/tierheim-moers.de\/Wordpress\/wp-content\/uploads\/2017\/06\/akie6-432x432.jpg 432w, https:\/\/tierheim-moers.de\/Wordpress\/wp-content\/uploads\/2017\/06\/akie6-268x268.jpg 268w, https:\/\/tierheim-moers.de\/Wordpress\/wp-content\/uploads\/2017\/06\/akie6-700x700.jpg 700w, https:\/\/tierheim-moers.de\/Wordpress\/wp-content\/uploads\/2017\/06\/akie6-45x45.jpg 45w, https:\/\/tierheim-moers.de\/Wordpress\/wp-content\/uploads\/2017\/06\/akie6.jpg 960w\" sizes=\"(max-width: 300px) 100vw, 300px\" \/><\/a> Akie<\/p>\n\n<table id=\"tablepress-171U17\" class=\"tablepress tablepress-id-171U17\">\n<tbody class=\"row-striping row-hover\">\n<tr class=\"row-1\">\n\t<td class=\"column-1\">Name des Tiers:<\/td><td class=\"column-2\">Pinkie<\/td>\n<\/tr>\n<tr class=\"row-2\">\n\t<td class=\"column-1\">Bestandsnummer:<\/td><td class=\"column-2\">171 \u00dc 17<\/td>\n<\/tr>\n<tr class=\"row-3\">\n\t<td class=\"column-1\">Aufnahmegrund:<\/td><td class=\"column-2\">\u00dcbergabe<\/td>\n<\/tr>\n<tr class=\"row-4\">\n\t<td class=\"column-1\">Im Tierheim seit:<\/td><td class=\"column-2\">10.06.2017<\/td>\n<\/tr>\n<tr class=\"row-5\">\n\t<td class=\"column-1\">Rasse:<\/td><td class=\"column-2\">EKH<\/td>\n<\/tr>\n<tr class=\"row-6\">\n\t<td class=\"column-1\">Geschlecht:<\/td><td class=\"column-2\">weiblich, kastriert<\/td>\n<\/tr>\n<tr class=\"row-7\">\n\t<td class=\"column-1\">Farbe\/Felll\u00e4nge:<\/td><td class=\"column-2\">schwarz mit wei\u00df<\/td>\n<\/tr>\n<tr class=\"row-8\">\n\t<td class=\"column-1\">Geburtsdatum:<\/td><td class=\"column-2\">05.2000<\/td>\n<\/tr>\n<tr class=\"row-9\">\n\t<td class=\"column-1\">Schulterh\u00f6he\/Gewicht:<\/td><td class=\"column-2\"><\/td>\n<\/tr>\n<tr class=\"row-10\">\n\t<td class=\"column-1\">Fundort\/Abgabegrund:<\/td><td class=\"column-2\">Eigent\u00fcmerin verstorben<\/td>\n<\/tr>\n<tr class=\"row-11\">\n\t<td class=\"column-1\">Tierbeschreibung:<\/td><td class=\"column-2\">lieb und verschmust, ruhig, Freig\u00e4nger<\/td>\n<\/tr>\n<\/tbody>\n<\/table>\n<!-- #tablepress-171U17 from cache -->\n<p>24.10.2017<\/p>\n<p>&#8230;.. aber wohin. Bereits seit anfang Juni leben sie und Akie bei uns, und bis\u00a0 jetzt hat sich niemand getraut, eine 17-j\u00e4hrige Katze zu adoptieren. Die Angst, dass man sie vielleicht nicht mehr lange bei sich hat, scheint gro\u00df zu sein. Irgendwo muss es doch jemanden geben, der den Mut hat , einfach zu sagen: &#8221; Ja, ich wei\u00df, dass ich dich vielleicht nicht mehr lange haben werde, aber daf\u00fcr bist du jetzt in einem sch\u00f6nen, geborgenen Zuhause und kannst bei mir deine weiteren Tage ruhig verleben. Wie lange auch immer &#8230;.\u00a0 Und Akie darf dich begleiten &#8220;.<\/p>\n<p>13.07.2017<\/p>\n<p>Leider hat es f\u00fcr Pinkie mit ihrer Freundin Akie noch kein Happy-End gegeben. Dies ist besonders traurig, da es Pinkie mit ihrem fortgeschrittenen Alter nicht leicht f\u00e4llt, im Tierheim zu sein. Sie sitzt traurig in ihrer Unterkunft und schaut jeden hoffnungsvoll an. Obwohl Pinkie gesund ist und sich ihrem Alter entsprechend verh\u00e4lt, w\u00e4re ein sch\u00f6nes , geborgenes Zuhause f\u00fcr diese Maus einfach viel besser. Wer alte Katzen kennt, der wei\u00df, wie dankbar sie sind, wenn sie\u00a0 wieder von liebevollen Menschen umsorgt werden. Und Akie als junge Freundin dabei zu haben ist bestimmt f\u00fcr alle Seiten begl\u00fcckend.<\/p>\n<p>10.06.2017<\/p>\n<p>Die h\u00fcbsche alte Dame Pinkie und Aki, ihre Mitbewohnerin, haben ihre Dosen\u00f6ffnerin \u00fcberlebt. Daher muss\u00a0 sich Pinkie im doch schon recht hohen Alter von 17 Jahren und Akie mit gerade mal 5\u00a0 Jahren\u00a0 eine neue Bleibe suchen. W\u00e4hrend Pinkie schon bei uns eingetroffen ist, ist Aki etwas sch\u00fcchterner und muss erst noch \u00fcberredet werden, ihrer Gef\u00e4hrtin zu folgen. Seit dem Verlust ihrer Eigent\u00fcmerin im Januar lebten sie gemeinsam bei deren Sohn, dem jedoch einfach die Zeit f\u00fcr eine liebevolle Umsorgung der beiden\u00a0 fehlt. Pinkie und Aki suchen daher einen ruhigen Altersruhesitz mit der M\u00f6glichkeit zum Freigang, damit sie wie gewohnt auch hin und wieder noch\u00a0 Spazierg\u00e4nge in der Sonne machen k\u00f6nnen.<\/p>\n<p>[cforms name=&#8221;Kontakt Katzenvermittlung&#8221;]<\/p>\n<div class=\"shariff shariff-align-flex-start shariff-widget-align-center\" data-url=\"https%3A%2F%2Ftierheim-moers.de%2FWordpress%2Fpinkie-sucht-altersruhesitz-zusammen-mit-aki%2F\" data-timestamp=\"1515888774\" data-hidezero=\"1\" data-backendurl=\"https:\/\/tierheim-moers.de\/Wordpress\/wp-json\/shariff\/v1\/share_counts?\"><ul class=\"shariff-buttons theme-round orientation-horizontal buttonsize-small\"><li class=\"shariff-button facebook shariff-nocustomcolor\" style=\"background-color:#4273c8\"><a href=\"https:\/\/www.facebook.com\/sharer\/sharer.php?u=https%3A%2F%2Ftierheim-moers.de%2FWordpress%2Fpinkie-sucht-altersruhesitz-zusammen-mit-aki%2F\" title=\"Bei Facebook teilen\" aria-label=\"Bei Facebook teilen\" role=\"button\" rel=\"nofollow\" class=\"shariff-link\" style=\"; background-color:#3b5998; color:#fff\" target=\"_blank\"><span class=\"shariff-icon\" style=\"\"><svg width=\"32px\" height=\"20px\" xmlns=\"http:\/\/www.w3.org\/2000\/svg\" viewBox=\"0 0 18 32\"><path fill=\"#3b5998\" d=\"M17.1 0.2v4.7h-2.8q-1.5 0-2.1 0.6t-0.5 1.9v3.4h5.2l-0.7 5.3h-4.5v13.6h-5.5v-13.6h-4.5v-5.3h4.5v-3.9q0-3.3 1.9-5.2t5-1.8q2.6 0 4.1 0.2z\"\/><\/svg><\/span><\/a><\/li><li class=\"shariff-button twitter shariff-nocustomcolor\" style=\"background-color:#595959\"><a href=\"https:\/\/twitter.com\/share?url=https%3A%2F%2Ftierheim-moers.de%2FWordpress%2Fpinkie-sucht-altersruhesitz-zusammen-mit-aki%2F&text=F%C3%BCr%20Pinkie%20wird%20es%20Zeit%20zu%20gehen%20%E2%80%A6..%2C%20vermittelt%2010.01.2018\" title=\"Bei X teilen\" aria-label=\"Bei X teilen\" role=\"button\" rel=\"noopener nofollow\" class=\"shariff-link\" style=\"; background-color:#000; color:#fff\" target=\"_blank\"><span class=\"shariff-icon\" style=\"\"><svg width=\"32px\" height=\"20px\" xmlns=\"http:\/\/www.w3.org\/2000\/svg\" viewBox=\"0 0 24 24\"><path fill=\"#000\" d=\"M14.258 10.152L23.176 0h-2.113l-7.747 8.813L7.133 0H0l9.352 13.328L0 23.973h2.113l8.176-9.309 6.531 9.309h7.133zm-2.895 3.293l-.949-1.328L2.875 1.56h3.246l6.086 8.523.945 1.328 7.91 11.078h-3.246zm0 0\"\/><\/svg><\/span><\/a><\/li><li class=\"shariff-button whatsapp shariff-nocustomcolor\" style=\"background-color:#5cbe4a\"><a href=\"https:\/\/api.whatsapp.com\/send?text=https%3A%2F%2Ftierheim-moers.de%2FWordpress%2Fpinkie-sucht-altersruhesitz-zusammen-mit-aki%2F%20F%C3%BCr%20Pinkie%20wird%20es%20Zeit%20zu%20gehen%20%E2%80%A6..%2C%20vermittelt%2010.01.2018\" title=\"Bei Whatsapp teilen\" aria-label=\"Bei Whatsapp teilen\" role=\"button\" rel=\"noopener nofollow\" class=\"shariff-link\" style=\"; background-color:#34af23; color:#fff\" target=\"_blank\"><span class=\"shariff-icon\" style=\"\"><svg width=\"32px\" height=\"20px\" xmlns=\"http:\/\/www.w3.org\/2000\/svg\" viewBox=\"0 0 32 32\"><path fill=\"#34af23\" d=\"M17.6 17.4q0.2 0 1.7 0.8t1.6 0.9q0 0.1 0 0.3 0 0.6-0.3 1.4-0.3 0.7-1.3 1.2t-1.8 0.5q-1 0-3.4-1.1-1.7-0.8-3-2.1t-2.6-3.3q-1.3-1.9-1.3-3.5v-0.1q0.1-1.6 1.3-2.8 0.4-0.4 0.9-0.4 0.1 0 0.3 0t0.3 0q0.3 0 0.5 0.1t0.3 0.5q0.1 0.4 0.6 1.6t0.4 1.3q0 0.4-0.6 1t-0.6 0.8q0 0.1 0.1 0.3 0.6 1.3 1.8 2.4 1 0.9 2.7 1.8 0.2 0.1 0.4 0.1 0.3 0 1-0.9t0.9-0.9zM14 26.9q2.3 0 4.3-0.9t3.6-2.4 2.4-3.6 0.9-4.3-0.9-4.3-2.4-3.6-3.6-2.4-4.3-0.9-4.3 0.9-3.6 2.4-2.4 3.6-0.9 4.3q0 3.6 2.1 6.6l-1.4 4.2 4.3-1.4q2.8 1.9 6.2 1.9zM14 2.2q2.7 0 5.2 1.1t4.3 2.9 2.9 4.3 1.1 5.2-1.1 5.2-2.9 4.3-4.3 2.9-5.2 1.1q-3.5 0-6.5-1.7l-7.4 2.4 2.4-7.2q-1.9-3.2-1.9-6.9 0-2.7 1.1-5.2t2.9-4.3 4.3-2.9 5.2-1.1z\"\/><\/svg><\/span><\/a><\/li><li class=\"shariff-button sms shariff-nocustomcolor shariff-mobile\" style=\"background-color:#d7d9d8\"><a href=\"sms:?&body=https%3A%2F%2Ftierheim-moers.de%2FWordpress%2Fpinkie-sucht-altersruhesitz-zusammen-mit-aki%2F\" title=\"Per SMS teilen\" aria-label=\"Per SMS teilen\" role=\"button\" rel=\"noopener nofollow\" class=\"shariff-link\" style=\"; background-color:#a1e877; color:#fff\" target=\"_blank\"><span class=\"shariff-icon\" style=\"\"><svg xmlns=\"http:\/\/www.w3.org\/2000\/svg\" width=\"510\" height=\"510\" viewBox=\"0 0 510 510\"><path fill=\"#a1e877\" d=\"M459 0H51C23 0 0 23 0 51v459l102-102h357c28.1 0 51-22.9 51-51V51C510 23 487.1 0 459 0zM178.5 229.5h-51v-51h51V229.5zM280.5 229.5h-51v-51h51V229.5zM382.5 229.5h-51v-51h51V229.5z\"\/><\/svg><\/span><\/a><\/li><\/ul><\/div>","protected":false},"excerpt":{"rendered":"<p>01.12.2017 Pinkie ist gro\u00dfartig geworden! Wer h\u00e4tte gedacht, dass sie pl\u00f6tzlich so auftaut. Tats\u00e4chlich ist sie sogar viel verschmuster als Akie. Akies Kontaktaufnahme ist sehr zweckgebunden &#8211; man k\u00f6nnte auch sagen &#8220;leckerchenorientiert&#8221; &#8230; Pinkie dagegen ist noch ein bisschen zaghaft, genie\u00dft es dann aber in vollen Z\u00fcgen, gestreichelt zu werden. &#8230;<\/p>\n","protected":false},"author":4,"featured_media":16626,"comment_status":"closed","ping_status":"open","sticky":false,"template":"","format":"standard","meta":{"ngg_post_thumbnail":0,"footnotes":""},"categories":[10],"tags":[],"class_list":["post-15774","post","type-post","status-publish","format-standard","has-post-thumbnail","hentry","category-vermittelt","column","threecol","has-thumbnail"],"yoast_head":"<!-- This site is optimized with the Yoast SEO plugin v24.6 - https:\/\/yoast.com\/wordpress\/plugins\/seo\/ -->\n<title>F\u00fcr Pinkie wird es Zeit zu gehen ....., vermittelt 10.01.2018 | TIERHEIM MOERS<\/title>\n<meta name=\"robots\" content=\"index, follow, max-snippet:-1, max-image-preview:large, max-video-preview:-1\" \/>\n<link rel=\"canonical\" href=\"https:\/\/tierheim-moers.de\/Wordpress\/pinkie-sucht-altersruhesitz-zusammen-mit-aki\/\" \/>\n<meta property=\"og:locale\" content=\"de_DE\" \/>\n<meta property=\"og:type\" content=\"article\" \/>\n<meta property=\"og:title\" content=\"F\u00fcr Pinkie wird es Zeit zu gehen ....., vermittelt 10.01.2018 | TIERHEIM MOERS\" \/>\n<meta property=\"og:description\" content=\"01.12.2017 Pinkie ist gro\u00dfartig geworden! Wer h\u00e4tte gedacht, dass sie pl\u00f6tzlich so auftaut. Tats\u00e4chlich ist sie sogar viel verschmuster als Akie. Akies &#8230;\" \/>\n<meta property=\"og:url\" content=\"https:\/\/tierheim-moers.de\/Wordpress\/pinkie-sucht-altersruhesitz-zusammen-mit-aki\/\" \/>\n<meta property=\"og:site_name\" content=\"TIERHEIM MOERS\" \/>\n<meta property=\"article:publisher\" content=\"https:\/\/de-de.facebook.com\/moers.tierheim\" \/>\n<meta property=\"article:published_time\" content=\"2018-01-10T19:18:33+00:00\" \/>\n<meta property=\"article:modified_time\" content=\"2018-01-13T22:12:54+00:00\" \/>\n<meta property=\"og:image\" content=\"https:\/\/tierheim-moers.de\/Wordpress\/wp-content\/uploads\/2017\/06\/pinkie4-ausschnitt-Andere.jpg\" \/>\n\t<meta property=\"og:image:width\" content=\"900\" \/>\n\t<meta property=\"og:image:height\" content=\"601\" \/>\n\t<meta property=\"og:image:type\" content=\"image\/jpeg\" \/>\n<meta name=\"author\" content=\"Gisela Kuhnen\" \/>\n<meta name=\"twitter:card\" content=\"summary_large_image\" \/>\n<meta name=\"twitter:label1\" content=\"Verfasst von\" \/>\n\t<meta name=\"twitter:data1\" content=\"Gisela Kuhnen\" \/>\n\t<meta name=\"twitter:label2\" content=\"Gesch\u00e4tzte Lesezeit\" \/>\n\t<meta name=\"twitter:data2\" content=\"3\u00a0Minuten\" \/>\n<script type=\"application\/ld+json\" class=\"yoast-schema-graph\">{\"@context\":\"https:\/\/schema.org\",\"@graph\":[{\"@type\":\"Article\",\"@id\":\"https:\/\/tierheim-moers.de\/Wordpress\/pinkie-sucht-altersruhesitz-zusammen-mit-aki\/#article\",\"isPartOf\":{\"@id\":\"https:\/\/tierheim-moers.de\/Wordpress\/pinkie-sucht-altersruhesitz-zusammen-mit-aki\/\"},\"author\":{\"name\":\"Gisela Kuhnen\",\"@id\":\"https:\/\/tierheim-moers.de\/Wordpress\/#\/schema\/person\/35ad410ed2d8620d4f57f813585b0d8e\"},\"headline\":\"F\u00fcr Pinkie wird es Zeit zu gehen &#8230;.., vermittelt 10.01.2018\",\"datePublished\":\"2018-01-10T19:18:33+00:00\",\"dateModified\":\"2018-01-13T22:12:54+00:00\",\"mainEntityOfPage\":{\"@id\":\"https:\/\/tierheim-moers.de\/Wordpress\/pinkie-sucht-altersruhesitz-zusammen-mit-aki\/\"},\"wordCount\":536,\"publisher\":{\"@id\":\"https:\/\/tierheim-moers.de\/Wordpress\/#organization\"},\"image\":{\"@id\":\"https:\/\/tierheim-moers.de\/Wordpress\/pinkie-sucht-altersruhesitz-zusammen-mit-aki\/#primaryimage\"},\"thumbnailUrl\":\"https:\/\/tierheim-moers.de\/Wordpress\/wp-content\/uploads\/2017\/06\/pinkie4-ausschnitt-Andere.jpg\",\"articleSection\":[\"Vermittelt\"],\"inLanguage\":\"de\"},{\"@type\":\"WebPage\",\"@id\":\"https:\/\/tierheim-moers.de\/Wordpress\/pinkie-sucht-altersruhesitz-zusammen-mit-aki\/\",\"url\":\"https:\/\/tierheim-moers.de\/Wordpress\/pinkie-sucht-altersruhesitz-zusammen-mit-aki\/\",\"name\":\"F\u00fcr Pinkie wird es Zeit zu gehen ....., vermittelt 10.01.2018 | TIERHEIM MOERS\",\"isPartOf\":{\"@id\":\"https:\/\/tierheim-moers.de\/Wordpress\/#website\"},\"primaryImageOfPage\":{\"@id\":\"https:\/\/tierheim-moers.de\/Wordpress\/pinkie-sucht-altersruhesitz-zusammen-mit-aki\/#primaryimage\"},\"image\":{\"@id\":\"https:\/\/tierheim-moers.de\/Wordpress\/pinkie-sucht-altersruhesitz-zusammen-mit-aki\/#primaryimage\"},\"thumbnailUrl\":\"https:\/\/tierheim-moers.de\/Wordpress\/wp-content\/uploads\/2017\/06\/pinkie4-ausschnitt-Andere.jpg\",\"datePublished\":\"2018-01-10T19:18:33+00:00\",\"dateModified\":\"2018-01-13T22:12:54+00:00\",\"breadcrumb\":{\"@id\":\"https:\/\/tierheim-moers.de\/Wordpress\/pinkie-sucht-altersruhesitz-zusammen-mit-aki\/#breadcrumb\"},\"inLanguage\":\"de\",\"potentialAction\":[{\"@type\":\"ReadAction\",\"target\":[\"https:\/\/tierheim-moers.de\/Wordpress\/pinkie-sucht-altersruhesitz-zusammen-mit-aki\/\"]}]},{\"@type\":\"ImageObject\",\"inLanguage\":\"de\",\"@id\":\"https:\/\/tierheim-moers.de\/Wordpress\/pinkie-sucht-altersruhesitz-zusammen-mit-aki\/#primaryimage\",\"url\":\"https:\/\/tierheim-moers.de\/Wordpress\/wp-content\/uploads\/2017\/06\/pinkie4-ausschnitt-Andere.jpg\",\"contentUrl\":\"https:\/\/tierheim-moers.de\/Wordpress\/wp-content\/uploads\/2017\/06\/pinkie4-ausschnitt-Andere.jpg\",\"width\":900,\"height\":601},{\"@type\":\"BreadcrumbList\",\"@id\":\"https:\/\/tierheim-moers.de\/Wordpress\/pinkie-sucht-altersruhesitz-zusammen-mit-aki\/#breadcrumb\",\"itemListElement\":[{\"@type\":\"ListItem\",\"position\":1,\"name\":\"Startseite\",\"item\":\"https:\/\/tierheim-moers.de\/Wordpress\/\"},{\"@type\":\"ListItem\",\"position\":2,\"name\":\"F\u00fcr Pinkie wird es Zeit zu gehen &#8230;.., vermittelt 10.01.2018\"}]},{\"@type\":\"WebSite\",\"@id\":\"https:\/\/tierheim-moers.de\/Wordpress\/#website\",\"url\":\"https:\/\/tierheim-moers.de\/Wordpress\/\",\"name\":\"Tierheim Moers\",\"description\":\"Tierheim | Hundepension | Tierschutz | Moers\",\"publisher\":{\"@id\":\"https:\/\/tierheim-moers.de\/Wordpress\/#organization\"},\"potentialAction\":[{\"@type\":\"SearchAction\",\"target\":{\"@type\":\"EntryPoint\",\"urlTemplate\":\"https:\/\/tierheim-moers.de\/Wordpress\/?s={search_term_string}\"},\"query-input\":{\"@type\":\"PropertyValueSpecification\",\"valueRequired\":true,\"valueName\":\"search_term_string\"}}],\"inLanguage\":\"de\"},{\"@type\":\"Organization\",\"@id\":\"https:\/\/tierheim-moers.de\/Wordpress\/#organization\",\"name\":\"Tierheim Moers\",\"url\":\"https:\/\/tierheim-moers.de\/Wordpress\/\",\"logo\":{\"@type\":\"ImageObject\",\"inLanguage\":\"de\",\"@id\":\"https:\/\/tierheim-moers.de\/Wordpress\/#\/schema\/logo\/image\/\",\"url\":\"https:\/\/tierheim-moers.de\/Wordpress\/wp-content\/uploads\/2014\/04\/Logo-TSV-Moers-V01-RGB-300.png\",\"contentUrl\":\"https:\/\/tierheim-moers.de\/Wordpress\/wp-content\/uploads\/2014\/04\/Logo-TSV-Moers-V01-RGB-300.png\",\"width\":1052,\"height\":1038,\"caption\":\"Tierheim Moers\"},\"image\":{\"@id\":\"https:\/\/tierheim-moers.de\/Wordpress\/#\/schema\/logo\/image\/\"},\"sameAs\":[\"https:\/\/de-de.facebook.com\/moers.tierheim\"]},{\"@type\":\"Person\",\"@id\":\"https:\/\/tierheim-moers.de\/Wordpress\/#\/schema\/person\/35ad410ed2d8620d4f57f813585b0d8e\",\"name\":\"Gisela Kuhnen\",\"image\":{\"@type\":\"ImageObject\",\"inLanguage\":\"de\",\"@id\":\"https:\/\/tierheim-moers.de\/Wordpress\/#\/schema\/person\/image\/\",\"url\":\"https:\/\/secure.gravatar.com\/avatar\/807ca84b4538291e2f5dc665ed240a0d4d7ab8f22360ec427a82fe926980b31a?s=96&d=mm&r=g\",\"contentUrl\":\"https:\/\/secure.gravatar.com\/avatar\/807ca84b4538291e2f5dc665ed240a0d4d7ab8f22360ec427a82fe926980b31a?s=96&d=mm&r=g\",\"caption\":\"Gisela Kuhnen\"},\"url\":\"https:\/\/tierheim-moers.de\/Wordpress\/author\/gisela-kuhnen\/\"}]}<\/script>\n<!-- \/ Yoast SEO plugin. -->","yoast_head_json":{"title":"F\u00fcr Pinkie wird es Zeit zu gehen ....., vermittelt 10.01.2018 | TIERHEIM MOERS","robots":{"index":"index","follow":"follow","max-snippet":"max-snippet:-1","max-image-preview":"max-image-preview:large","max-video-preview":"max-video-preview:-1"},"canonical":"https:\/\/tierheim-moers.de\/Wordpress\/pinkie-sucht-altersruhesitz-zusammen-mit-aki\/","og_locale":"de_DE","og_type":"article","og_title":"F\u00fcr Pinkie wird es Zeit zu gehen ....., vermittelt 10.01.2018 | TIERHEIM MOERS","og_description":"01.12.2017 Pinkie ist gro\u00dfartig geworden! Wer h\u00e4tte gedacht, dass sie pl\u00f6tzlich so auftaut. Tats\u00e4chlich ist sie sogar viel verschmuster als Akie. Akies &#8230;","og_url":"https:\/\/tierheim-moers.de\/Wordpress\/pinkie-sucht-altersruhesitz-zusammen-mit-aki\/","og_site_name":"TIERHEIM MOERS","article_publisher":"https:\/\/de-de.facebook.com\/moers.tierheim","article_published_time":"2018-01-10T19:18:33+00:00","article_modified_time":"2018-01-13T22:12:54+00:00","og_image":[{"width":900,"height":601,"url":"https:\/\/tierheim-moers.de\/Wordpress\/wp-content\/uploads\/2017\/06\/pinkie4-ausschnitt-Andere.jpg","type":"image\/jpeg"}],"author":"Gisela Kuhnen","twitter_card":"summary_large_image","twitter_misc":{"Verfasst von":"Gisela Kuhnen","Gesch\u00e4tzte Lesezeit":"3\u00a0Minuten"},"schema":{"@context":"https:\/\/schema.org","@graph":[{"@type":"Article","@id":"https:\/\/tierheim-moers.de\/Wordpress\/pinkie-sucht-altersruhesitz-zusammen-mit-aki\/#article","isPartOf":{"@id":"https:\/\/tierheim-moers.de\/Wordpress\/pinkie-sucht-altersruhesitz-zusammen-mit-aki\/"},"author":{"name":"Gisela Kuhnen","@id":"https:\/\/tierheim-moers.de\/Wordpress\/#\/schema\/person\/35ad410ed2d8620d4f57f813585b0d8e"},"headline":"F\u00fcr Pinkie wird es Zeit zu gehen &#8230;.., vermittelt 10.01.2018","datePublished":"2018-01-10T19:18:33+00:00","dateModified":"2018-01-13T22:12:54+00:00","mainEntityOfPage":{"@id":"https:\/\/tierheim-moers.de\/Wordpress\/pinkie-sucht-altersruhesitz-zusammen-mit-aki\/"},"wordCount":536,"publisher":{"@id":"https:\/\/tierheim-moers.de\/Wordpress\/#organization"},"image":{"@id":"https:\/\/tierheim-moers.de\/Wordpress\/pinkie-sucht-altersruhesitz-zusammen-mit-aki\/#primaryimage"},"thumbnailUrl":"https:\/\/tierheim-moers.de\/Wordpress\/wp-content\/uploads\/2017\/06\/pinkie4-ausschnitt-Andere.jpg","articleSection":["Vermittelt"],"inLanguage":"de"},{"@type":"WebPage","@id":"https:\/\/tierheim-moers.de\/Wordpress\/pinkie-sucht-altersruhesitz-zusammen-mit-aki\/","url":"https:\/\/tierheim-moers.de\/Wordpress\/pinkie-sucht-altersruhesitz-zusammen-mit-aki\/","name":"F\u00fcr Pinkie wird es Zeit zu gehen ....., vermittelt 10.01.2018 | TIERHEIM MOERS","isPartOf":{"@id":"https:\/\/tierheim-moers.de\/Wordpress\/#website"},"primaryImageOfPage":{"@id":"https:\/\/tierheim-moers.de\/Wordpress\/pinkie-sucht-altersruhesitz-zusammen-mit-aki\/#primaryimage"},"image":{"@id":"https:\/\/tierheim-moers.de\/Wordpress\/pinkie-sucht-altersruhesitz-zusammen-mit-aki\/#primaryimage"},"thumbnailUrl":"https:\/\/tierheim-moers.de\/Wordpress\/wp-content\/uploads\/2017\/06\/pinkie4-ausschnitt-Andere.jpg","datePublished":"2018-01-10T19:18:33+00:00","dateModified":"2018-01-13T22:12:54+00:00","breadcrumb":{"@id":"https:\/\/tierheim-moers.de\/Wordpress\/pinkie-sucht-altersruhesitz-zusammen-mit-aki\/#breadcrumb"},"inLanguage":"de","potentialAction":[{"@type":"ReadAction","target":["https:\/\/tierheim-moers.de\/Wordpress\/pinkie-sucht-altersruhesitz-zusammen-mit-aki\/"]}]},{"@type":"ImageObject","inLanguage":"de","@id":"https:\/\/tierheim-moers.de\/Wordpress\/pinkie-sucht-altersruhesitz-zusammen-mit-aki\/#primaryimage","url":"https:\/\/tierheim-moers.de\/Wordpress\/wp-content\/uploads\/2017\/06\/pinkie4-ausschnitt-Andere.jpg","contentUrl":"https:\/\/tierheim-moers.de\/Wordpress\/wp-content\/uploads\/2017\/06\/pinkie4-ausschnitt-Andere.jpg","width":900,"height":601},{"@type":"BreadcrumbList","@id":"https:\/\/tierheim-moers.de\/Wordpress\/pinkie-sucht-altersruhesitz-zusammen-mit-aki\/#breadcrumb","itemListElement":[{"@type":"ListItem","position":1,"name":"Startseite","item":"https:\/\/tierheim-moers.de\/Wordpress\/"},{"@type":"ListItem","position":2,"name":"F\u00fcr Pinkie wird es Zeit zu gehen &#8230;.., vermittelt 10.01.2018"}]},{"@type":"WebSite","@id":"https:\/\/tierheim-moers.de\/Wordpress\/#website","url":"https:\/\/tierheim-moers.de\/Wordpress\/","name":"Tierheim Moers","description":"Tierheim | Hundepension | Tierschutz | Moers","publisher":{"@id":"https:\/\/tierheim-moers.de\/Wordpress\/#organization"},"potentialAction":[{"@type":"SearchAction","target":{"@type":"EntryPoint","urlTemplate":"https:\/\/tierheim-moers.de\/Wordpress\/?s={search_term_string}"},"query-input":{"@type":"PropertyValueSpecification","valueRequired":true,"valueName":"search_term_string"}}],"inLanguage":"de"},{"@type":"Organization","@id":"https:\/\/tierheim-moers.de\/Wordpress\/#organization","name":"Tierheim Moers","url":"https:\/\/tierheim-moers.de\/Wordpress\/","logo":{"@type":"ImageObject","inLanguage":"de","@id":"https:\/\/tierheim-moers.de\/Wordpress\/#\/schema\/logo\/image\/","url":"https:\/\/tierheim-moers.de\/Wordpress\/wp-content\/uploads\/2014\/04\/Logo-TSV-Moers-V01-RGB-300.png","contentUrl":"https:\/\/tierheim-moers.de\/Wordpress\/wp-content\/uploads\/2014\/04\/Logo-TSV-Moers-V01-RGB-300.png","width":1052,"height":1038,"caption":"Tierheim Moers"},"image":{"@id":"https:\/\/tierheim-moers.de\/Wordpress\/#\/schema\/logo\/image\/"},"sameAs":["https:\/\/de-de.facebook.com\/moers.tierheim"]},{"@type":"Person","@id":"https:\/\/tierheim-moers.de\/Wordpress\/#\/schema\/person\/35ad410ed2d8620d4f57f813585b0d8e","name":"Gisela Kuhnen","image":{"@type":"ImageObject","inLanguage":"de","@id":"https:\/\/tierheim-moers.de\/Wordpress\/#\/schema\/person\/image\/","url":"https:\/\/secure.gravatar.com\/avatar\/807ca84b4538291e2f5dc665ed240a0d4d7ab8f22360ec427a82fe926980b31a?s=96&d=mm&r=g","contentUrl":"https:\/\/secure.gravatar.com\/avatar\/807ca84b4538291e2f5dc665ed240a0d4d7ab8f22360ec427a82fe926980b31a?s=96&d=mm&r=g","caption":"Gisela Kuhnen"},"url":"https:\/\/tierheim-moers.de\/Wordpress\/author\/gisela-kuhnen\/"}]}},"_links":{"self":[{"href":"https:\/\/tierheim-moers.de\/Wordpress\/wp-json\/wp\/v2\/posts\/15774","targetHints":{"allow":["GET"]}}],"collection":[{"href":"https:\/\/tierheim-moers.de\/Wordpress\/wp-json\/wp\/v2\/posts"}],"about":[{"href":"https:\/\/tierheim-moers.de\/Wordpress\/wp-json\/wp\/v2\/types\/post"}],"author":[{"embeddable":true,"href":"https:\/\/tierheim-moers.de\/Wordpress\/wp-json\/wp\/v2\/users\/4"}],"replies":[{"embeddable":true,"href":"https:\/\/tierheim-moers.de\/Wordpress\/wp-json\/wp\/v2\/comments?post=15774"}],"version-history":[{"count":21,"href":"https:\/\/tierheim-moers.de\/Wordpress\/wp-json\/wp\/v2\/posts\/15774\/revisions"}],"predecessor-version":[{"id":18147,"href":"https:\/\/tierheim-moers.de\/Wordpress\/wp-json\/wp\/v2\/posts\/15774\/revisions\/18147"}],"wp:featuredmedia":[{"embeddable":true,"href":"https:\/\/tierheim-moers.de\/Wordpress\/wp-json\/wp\/v2\/media\/16626"}],"wp:attachment":[{"href":"https:\/\/tierheim-moers.de\/Wordpress\/wp-json\/wp\/v2\/media?parent=15774"}],"wp:term":[{"taxonomy":"category","embeddable":true,"href":"https:\/\/tierheim-moers.de\/Wordpress\/wp-json\/wp\/v2\/categories?post=15774"},{"taxonomy":"post_tag","embeddable":true,"href":"https:\/\/tierheim-moers.de\/Wordpress\/wp-json\/wp\/v2\/tags?post=15774"}],"curies":[{"name":"wp","href":"https:\/\/api.w.org\/{rel}","templated":true}]}}