{"id":15953,"date":"2017-06-28T11:10:01","date_gmt":"2017-06-28T09:10:01","guid":{"rendered":"http:\/\/tierheim-moers.de\/Wordpress\/?p=15953"},"modified":"2017-06-28T11:10:34","modified_gmt":"2017-06-28T09:10:34","slug":"annaeherung-zwischen-spitz-und-katz","status":"publish","type":"post","link":"https:\/\/tierheim-moers.de\/Wordpress\/annaeherung-zwischen-spitz-und-katz\/","title":{"rendered":"Ann\u00e4herung zwischen Spitz und Katz&#8217;"},"content":{"rendered":"<p>Hallo Leute,<\/p>\n<p>die letzten Wochen waren sehr nervenaufreibend f\u00fcr mich. Nicht in meinen schlimmsten Tr\u00e4umen h\u00e4tte ich mir vorstellen k\u00f6nnen, mich von einem Kater als &#8220;dummer Hund&#8221; bezeichnen zu lassen &#8230; und selbst in meinem allerschlimmsten Albtraum h\u00e4tte ich mir nicht <a href=\"http:\/\/tierheim-moers.de\/Wordpress\/wp-content\/uploads\/2016\/07\/Atreju-KolumneProfil.jpg\"><img fetchpriority=\"high\" decoding=\"async\" class=\"size-medium wp-image-15220 alignright\" src=\"http:\/\/tierheim-moers.de\/Wordpress\/wp-content\/uploads\/2016\/07\/Atreju-KolumneProfil-300x300.jpg\" alt=\"\" width=\"300\" height=\"300\" srcset=\"https:\/\/tierheim-moers.de\/Wordpress\/wp-content\/uploads\/2016\/07\/Atreju-KolumneProfil-300x300.jpg 300w, https:\/\/tierheim-moers.de\/Wordpress\/wp-content\/uploads\/2016\/07\/Atreju-KolumneProfil-150x150.jpg 150w, https:\/\/tierheim-moers.de\/Wordpress\/wp-content\/uploads\/2016\/07\/Atreju-KolumneProfil-768x768.jpg 768w, https:\/\/tierheim-moers.de\/Wordpress\/wp-content\/uploads\/2016\/07\/Atreju-KolumneProfil-1024x1024.jpg 1024w, https:\/\/tierheim-moers.de\/Wordpress\/wp-content\/uploads\/2016\/07\/Atreju-KolumneProfil-600x600.jpg 600w, https:\/\/tierheim-moers.de\/Wordpress\/wp-content\/uploads\/2016\/07\/Atreju-KolumneProfil-432x432.jpg 432w, https:\/\/tierheim-moers.de\/Wordpress\/wp-content\/uploads\/2016\/07\/Atreju-KolumneProfil-268x268.jpg 268w, https:\/\/tierheim-moers.de\/Wordpress\/wp-content\/uploads\/2016\/07\/Atreju-KolumneProfil-700x700.jpg 700w, https:\/\/tierheim-moers.de\/Wordpress\/wp-content\/uploads\/2016\/07\/Atreju-KolumneProfil-45x45.jpg 45w\" sizes=\"(max-width: 300px) 100vw, 300px\" \/><\/a>eingestanden, dass der Kater irgendwie Recht haben k\u00f6nnte. Aber was soll ich sagen? Genau so ist es passiert! Ich fange mal lieber von vorne an &#8230;<\/p>\n<p>Mein letzter Bericht endete ja mit der kleinen Beichte, dass ich es noch nicht geschafft hatte, Kontakt zu den Katzen aufzunehmen, und dem Versprechen, dass ich das \u00e4ndern wollte. Es ist mein Naturell, dass ich Aufgaben sehr ernst nehme; also habe ich Tag f\u00fcr Tag beim Spaziergang oder auf der Wiese Augen und Ohren offen gehalten, um endlich mal einen unserer Katzenhausbewohner mit einem Gassig\u00e4nger zu treffen. Nichts und niemanden habe ich getroffen &#8230; keine Katze auf dem Spaziergang &#8230; nie! Ich sehe wirklich jeden Hund fast t\u00e4glich au\u00dferhalb des Hundehauses &#8230; sogar die Hunde aus der n\u00e4heren Umgebung trifft man regelm\u00e4\u00dfig &#8230; aber nicht EINE Katze! Was haben die nur f\u00fcr Gassig\u00e4nger, habe ich mich gefragt. Ich war schon ganz aufgel\u00f6st und ratlos, wie ich jemals die Samtpfoten mit ins Boot holen sollte. Es ging sogar so weit, dass meine Gassig\u00e4ngerin bei den Pflegerinnen geklagt hat, dass ich so unaufmerksam w\u00e4re und sie gar nicht w\u00fcsste, was mit mit los sei. Ich war doch gar nicht unaufmerksam &#8211; im Gegenteil: ich war zu 100 % aufmerksam: ich habe die Katzen gesucht!<\/p>\n<p>Ich war kurz vor der Verzweiflung, als eines Tages Hofkater Joshi zum Hundehaus reinschaute und fragte: &#8220;Sag mal, was suchst Du eigentlich? Du benimmst Dich ja in letzter Zeit wie ein <a href=\"http:\/\/tierheim-moers.de\/Wordpress\/wp-content\/uploads\/2017\/01\/IMG_0556joshi-Andere.jpg\"><img decoding=\"async\" class=\"alignleft size-medium wp-image-14304\" src=\"http:\/\/tierheim-moers.de\/Wordpress\/wp-content\/uploads\/2017\/01\/IMG_0556joshi-Andere-300x225.jpg\" alt=\"\" width=\"300\" height=\"225\" srcset=\"https:\/\/tierheim-moers.de\/Wordpress\/wp-content\/uploads\/2017\/01\/IMG_0556joshi-Andere-300x225.jpg 300w, https:\/\/tierheim-moers.de\/Wordpress\/wp-content\/uploads\/2017\/01\/IMG_0556joshi-Andere-768x576.jpg 768w, https:\/\/tierheim-moers.de\/Wordpress\/wp-content\/uploads\/2017\/01\/IMG_0556joshi-Andere-600x450.jpg 600w, https:\/\/tierheim-moers.de\/Wordpress\/wp-content\/uploads\/2017\/01\/IMG_0556joshi-Andere-700x525.jpg 700w, https:\/\/tierheim-moers.de\/Wordpress\/wp-content\/uploads\/2017\/01\/IMG_0556joshi-Andere.jpg 900w\" sizes=\"(max-width: 300px) 100vw, 300px\" \/><\/a>aufgescheuchtes Huhn!&#8221; Mir war klar, dass Joshi wahrscheinlich meine einzige Chance war, endlich zu erfahren, wann die Katzen Gassi gehen und ich erz\u00e4hlte ihm von meiner Not. Und da ist es passiert! Er bezeichnete mich als dummen Hund und w\u00e4lzte sich vor Lachen auf dem Boden. Ich war kurz davor, so richtig sauer zu werden, aber da erkl\u00e4rte Joshi mir, dass Katzen nicht Gassi gehen; und dass sie auch keine Gassig\u00e4nger sondern Kuschelpartner haben. Jetzt wurde mir einiges klar und ganz kurz huschte der Gedanke &#8220;ich dummer Hund&#8221; durch meinen Kopf, aber wirklich nur ganz kurz und da will ich auch gar nicht n\u00e4her drauf eingehen.<\/p>\n<p>Joshi fand mein Anliegen, Euch von uns Tierheimtieren zu berichten, auch wirklich wichtig und versprach mir, die Katzenhausbewohner einzuweihen. Ab jetzt brauchte ich nur darauf warten, dass meine Gassig\u00e4ngerin mal ein Pl\u00e4uschchen in der N\u00e4he der Au\u00dfengehege h\u00e4lt und endlich w\u00fcrde ich auch von den Katzen berichten k\u00f6nnen. Wieder einmal meinten es die Umst\u00e4nde gut mit mir, weil meine Gassig\u00e4ngerin auf die Idee kam, dass ich mal lernen sollte, <a href=\"http:\/\/tierheim-moers.de\/Wordpress\/wp-content\/uploads\/2017\/06\/Joshi.jpg\"><img decoding=\"async\" class=\"alignright size-thumbnail wp-image-15958\" src=\"http:\/\/tierheim-moers.de\/Wordpress\/wp-content\/uploads\/2017\/06\/Joshi-150x150.jpg\" alt=\"\" width=\"150\" height=\"150\" srcset=\"https:\/\/tierheim-moers.de\/Wordpress\/wp-content\/uploads\/2017\/06\/Joshi-150x150.jpg 150w, https:\/\/tierheim-moers.de\/Wordpress\/wp-content\/uploads\/2017\/06\/Joshi-432x432.jpg 432w, https:\/\/tierheim-moers.de\/Wordpress\/wp-content\/uploads\/2017\/06\/Joshi-268x268.jpg 268w, https:\/\/tierheim-moers.de\/Wordpress\/wp-content\/uploads\/2017\/06\/Joshi-45x45.jpg 45w\" sizes=\"(max-width: 150px) 100vw, 150px\" \/><\/a>mich in der N\u00e4he von Katzen anst\u00e4ndig zu verhalten. Was soll ich sagen &#8211; besser konnte es nicht laufen. Und endlich war sie auch wieder zufrieden mit mir, weil ich das ja so toll machte &#8230; ich will Euch da mal etwas anvertrauen: Ihr Menschen versteht uns nicht immer so richtig gut. Aber wenn man einen unterschiedlichen Antrieb jedoch das gleiche Ziel hat, sind am Ende alle immer zufrieden.<\/p>\n<p>Endlich war es soweit! Ich hatte Kontakt zu den Katzen. Der erste, der mit mir sprach war der rote Kater Balou &#8211; ein sehr selbstbewusster Kerl. Er erz\u00e4hlte mir, dass immer mehrere Katzen in einem Zimmer mit Au\u00dfengehege wohnen. Seine Zimmergenossen sind Henry und Buffy. In jedem Zimmer gibt es mehrere Futterstellen, mehrere Toiletten und ganz viele <a href=\"http:\/\/tierheim-moers.de\/Wordpress\/wp-content\/uploads\/2017\/06\/BaloumitHenry.jpg\"><img loading=\"lazy\" decoding=\"async\" class=\"alignleft size-medium wp-image-15955\" src=\"http:\/\/tierheim-moers.de\/Wordpress\/wp-content\/uploads\/2017\/06\/BaloumitHenry-300x210.jpg\" alt=\"\" width=\"300\" height=\"210\" srcset=\"https:\/\/tierheim-moers.de\/Wordpress\/wp-content\/uploads\/2017\/06\/BaloumitHenry-300x210.jpg 300w, https:\/\/tierheim-moers.de\/Wordpress\/wp-content\/uploads\/2017\/06\/BaloumitHenry-768x538.jpg 768w, https:\/\/tierheim-moers.de\/Wordpress\/wp-content\/uploads\/2017\/06\/BaloumitHenry-1024x717.jpg 1024w, https:\/\/tierheim-moers.de\/Wordpress\/wp-content\/uploads\/2017\/06\/BaloumitHenry-600x420.jpg 600w, https:\/\/tierheim-moers.de\/Wordpress\/wp-content\/uploads\/2017\/06\/BaloumitHenry-700x490.jpg 700w\" sizes=\"(max-width: 300px) 100vw, 300px\" \/><\/a>Schlafm\u00f6glichkeiten, so dass sich auch zwei Katzen, die sich nicht so toll finden, aus dem Weg gehen k\u00f6nnen. Am spannendsten fand ich das mit dem Futter! Die haben wirklich immer Futter zu Verf\u00fcgung. Das finde ich sehr unfair &#8211; wir Hunde bekommen nur eine Mahlzeit und fertig &#8230; das versteh einer&#8230;<\/p>\n<p>&nbsp;<\/p>\n<p>W\u00e4hrend wir so plauschten, wurde mir klar: auch wenn Hund und Katze recht verschieden sind, wir alle hier haben eine gro\u00dfe Gemeinsamkeit. Wir sind alle Tierheimtiere und warten auf Menschen und ein Zuhause, dass zu uns passt. Schlie\u00dflich sind wir doch hier, weil unser altes Zuhause ja irgendwie nicht passte.<\/p>\n<p>Balou erz\u00e4hlte dann so ein bisschen \u00fcber die einzelnen Bewohner im Katzenhaus und wie bei uns Hunden, sind da viele unterschiedliche Charaktere. Manche sind offen und begegnen Besuchern direkt freundlich und verschmust. Solche Katzen finden ganz schnell ein Zuhause und Balou meint, es macht fast keinen Sinn, sie n\u00e4her kennen zu lernen, weil sie so bald wieder weg sind. Es gibt aber auch die Anderen, die zur\u00fcckhaltend, abweisend oder entt\u00e4uscht sind. Daf\u00fcr m\u00fcssen besondere Menschen kommen &#8211; Menschen, die an sie glauben und die sich nicht davon abschrecken lassen, dass das Zusammenleben anfangs schwierig ist. Er sagte, seine Mitbewohnerin Buffy w\u00e4re ein bisschen so, aber im Nachbarraum &#8211; das Geschwisterpaar Lilly und Pitti w\u00e4re noch viel extremer. Die meisten Besucher sehen sie nicht einmal. Und manchmal, wenn Pitti doch mal zu sehen ist, faucht er schon, nur wenn jemand den Raum betritt. Aber er ist nicht gef\u00e4hrlich oder b\u00f6se &#8230; es ist bald mehr wie ein Test &#8230; ein Test, um festzustellen, ob ein Mensch durch seine Fassade durchsieht und seiner Zuneigung w\u00fcrdig ist. Allerdings kann so ein Test recht lange dauern &#8230;<\/p>\n<p>In diesem Moment empfand ich eine Seelenverwandschaft zu einem Kater, den ich gar nicht kannte. Ich bin auch sehr abweisend &#8230; ich mag keine fremden Menschen um mich herum &#8230; aber aus einem fremden Menschen kann ja auch ein vertrauter Mensch werden, wenn er sich Zeit und Ruhe nimmt. Meine Gassig\u00e4ngerin sagt immer, ich w\u00e4re ein gro\u00dfartiger Hund, wenn ich erst einmal &#8220;Ja&#8221; gesagt habe. Ich h\u00f6re das sehr gerne, wedele dann immer mit meiner Rute und versuche ihr mal zart \u00fcber die Nase zu lecken &#8230; aber das ist ja ein anderes Thema.<\/p>\n<div id='gallery-1' class='gallery galleryid-15953 gallery-columns-4 gallery-size-thumbnail'><figure class='gallery-item'>\n\t\t\t<div class='gallery-icon landscape'>\n\t\t\t\t<a rel='attachment' href='https:\/\/tierheim-moers.de\/Wordpress\/annaeherung-zwischen-spitz-und-katz\/pitti\/'><img loading=\"lazy\" decoding=\"async\" width=\"150\" height=\"150\" src=\"https:\/\/tierheim-moers.de\/Wordpress\/wp-content\/uploads\/2017\/06\/Pitti-150x150.jpg\" class=\"attachment-thumbnail size-thumbnail\" alt=\"\" aria-describedby=\"gallery-1-15960\" srcset=\"https:\/\/tierheim-moers.de\/Wordpress\/wp-content\/uploads\/2017\/06\/Pitti-150x150.jpg 150w, https:\/\/tierheim-moers.de\/Wordpress\/wp-content\/uploads\/2017\/06\/Pitti-432x432.jpg 432w, https:\/\/tierheim-moers.de\/Wordpress\/wp-content\/uploads\/2017\/06\/Pitti-268x268.jpg 268w, https:\/\/tierheim-moers.de\/Wordpress\/wp-content\/uploads\/2017\/06\/Pitti-45x45.jpg 45w\" sizes=\"(max-width: 150px) 100vw, 150px\" \/><\/a>\n\t\t\t<\/div>\n\t\t\t\t<figcaption class='wp-caption-text gallery-caption' id='gallery-1-15960'>\n\t\t\t\tPitti\n\t\t\t\t<\/figcaption><\/figure><figure class='gallery-item'>\n\t\t\t<div class='gallery-icon portrait'>\n\t\t\t\t<a rel='attachment' href='https:\/\/tierheim-moers.de\/Wordpress\/annaeherung-zwischen-spitz-und-katz\/lilly-2\/'><img loading=\"lazy\" decoding=\"async\" width=\"150\" height=\"150\" src=\"https:\/\/tierheim-moers.de\/Wordpress\/wp-content\/uploads\/2017\/06\/Lilly-150x150.jpg\" class=\"attachment-thumbnail size-thumbnail\" alt=\"\" aria-describedby=\"gallery-1-15959\" srcset=\"https:\/\/tierheim-moers.de\/Wordpress\/wp-content\/uploads\/2017\/06\/Lilly-150x150.jpg 150w, https:\/\/tierheim-moers.de\/Wordpress\/wp-content\/uploads\/2017\/06\/Lilly-432x432.jpg 432w, https:\/\/tierheim-moers.de\/Wordpress\/wp-content\/uploads\/2017\/06\/Lilly-268x268.jpg 268w, https:\/\/tierheim-moers.de\/Wordpress\/wp-content\/uploads\/2017\/06\/Lilly-45x45.jpg 45w\" sizes=\"(max-width: 150px) 100vw, 150px\" \/><\/a>\n\t\t\t<\/div>\n\t\t\t\t<figcaption class='wp-caption-text gallery-caption' id='gallery-1-15959'>\n\t\t\t\tLilly\n\t\t\t\t<\/figcaption><\/figure><figure class='gallery-item'>\n\t\t\t<div class='gallery-icon landscape'>\n\t\t\t\t<a rel='attachment' href='https:\/\/tierheim-moers.de\/Wordpress\/annaeherung-zwischen-spitz-und-katz\/camillapaula\/'><img loading=\"lazy\" decoding=\"async\" width=\"150\" height=\"150\" src=\"https:\/\/tierheim-moers.de\/Wordpress\/wp-content\/uploads\/2017\/06\/CamillaPaula-150x150.jpg\" class=\"attachment-thumbnail size-thumbnail\" alt=\"\" aria-describedby=\"gallery-1-15957\" srcset=\"https:\/\/tierheim-moers.de\/Wordpress\/wp-content\/uploads\/2017\/06\/CamillaPaula-150x150.jpg 150w, https:\/\/tierheim-moers.de\/Wordpress\/wp-content\/uploads\/2017\/06\/CamillaPaula-432x432.jpg 432w, https:\/\/tierheim-moers.de\/Wordpress\/wp-content\/uploads\/2017\/06\/CamillaPaula-268x268.jpg 268w, https:\/\/tierheim-moers.de\/Wordpress\/wp-content\/uploads\/2017\/06\/CamillaPaula-45x45.jpg 45w\" sizes=\"(max-width: 150px) 100vw, 150px\" \/><\/a>\n\t\t\t<\/div>\n\t\t\t\t<figcaption class='wp-caption-text gallery-caption' id='gallery-1-15957'>\n\t\t\t\tCamilla &#038; Paula\n\t\t\t\t<\/figcaption><\/figure><figure class='gallery-item'>\n\t\t\t<div class='gallery-icon landscape'>\n\t\t\t\t<a rel='attachment' href='https:\/\/tierheim-moers.de\/Wordpress\/annaeherung-zwischen-spitz-und-katz\/buffy-3\/'><img loading=\"lazy\" decoding=\"async\" width=\"150\" height=\"150\" src=\"https:\/\/tierheim-moers.de\/Wordpress\/wp-content\/uploads\/2017\/06\/Buffy-150x150.jpg\" class=\"attachment-thumbnail size-thumbnail\" alt=\"\" aria-describedby=\"gallery-1-15956\" srcset=\"https:\/\/tierheim-moers.de\/Wordpress\/wp-content\/uploads\/2017\/06\/Buffy-150x150.jpg 150w, https:\/\/tierheim-moers.de\/Wordpress\/wp-content\/uploads\/2017\/06\/Buffy-432x432.jpg 432w, https:\/\/tierheim-moers.de\/Wordpress\/wp-content\/uploads\/2017\/06\/Buffy-268x268.jpg 268w, https:\/\/tierheim-moers.de\/Wordpress\/wp-content\/uploads\/2017\/06\/Buffy-45x45.jpg 45w\" sizes=\"(max-width: 150px) 100vw, 150px\" \/><\/a>\n\t\t\t<\/div>\n\t\t\t\t<figcaption class='wp-caption-text gallery-caption' id='gallery-1-15956'>\n\t\t\t\tBuffy bei uns&#8230;\n\t\t\t\t<\/figcaption><\/figure>\n\t\t<\/div>\n\n<p>Nur mal so f\u00fcrs Protokoll: ich werde kein richtiger Katzenfreund mehr werden, aber hier im Tierheim m\u00fcssen wir doch zusammen halten und Balou hat mir einen wirklich spannenden Einblick in die Tierheimkatzenwelt gew\u00e4hrt. Da sind schon ein zwei Sachen, die uns vereinen und \u00fcber die ich noch ein wenig nachdenken muss.<\/p>\n<p>F\u00fcr die Zukunft kann ich aber erst einmal mit gutem Gewissen sagen: das Tierheimnetzwerk steht und ab jetzt passt nicht nur der Spitz auf sondern ALLE halten Augen und Ohren offen, was es zu berichten gibt.<\/p>\n<p>Joshi, der den Stein ja quasi ins Rollen gebracht hat, ist \u00fcbrigens nicht mehr hier. Der alte Haudegen hat den Hofkatzen Camilla und Paula das Leben echt schwer gemacht und hat ein tolles Zuhause auf einem Hof gefunden.<\/p>\n<p>Es gab auch noch ein paar kuriose Dackelgeschichten in den letzten Wochen, aber davon erz\u00e4hle ich Euch beim n\u00e4chsten Mal &#8230; jetzt muss ich mich erst einmal ausruhen.<\/p>\n<p>Euer Atreju<\/p>\n<div class=\"shariff shariff-align-flex-start shariff-widget-align-center\" data-url=\"https%3A%2F%2Ftierheim-moers.de%2FWordpress%2Fannaeherung-zwischen-spitz-und-katz%2F\" data-timestamp=\"1498648234\" data-hidezero=\"1\" data-backendurl=\"https:\/\/tierheim-moers.de\/Wordpress\/wp-json\/shariff\/v1\/share_counts?\"><ul class=\"shariff-buttons theme-round orientation-horizontal buttonsize-small\"><li class=\"shariff-button facebook shariff-nocustomcolor\" style=\"background-color:#4273c8\"><a href=\"https:\/\/www.facebook.com\/sharer\/sharer.php?u=https%3A%2F%2Ftierheim-moers.de%2FWordpress%2Fannaeherung-zwischen-spitz-und-katz%2F\" title=\"Bei Facebook teilen\" aria-label=\"Bei Facebook teilen\" role=\"button\" rel=\"nofollow\" class=\"shariff-link\" style=\"; background-color:#3b5998; color:#fff\" target=\"_blank\"><span class=\"shariff-icon\" style=\"\"><svg width=\"32px\" height=\"20px\" xmlns=\"http:\/\/www.w3.org\/2000\/svg\" viewBox=\"0 0 18 32\"><path fill=\"#3b5998\" d=\"M17.1 0.2v4.7h-2.8q-1.5 0-2.1 0.6t-0.5 1.9v3.4h5.2l-0.7 5.3h-4.5v13.6h-5.5v-13.6h-4.5v-5.3h4.5v-3.9q0-3.3 1.9-5.2t5-1.8q2.6 0 4.1 0.2z\"\/><\/svg><\/span><\/a><\/li><li class=\"shariff-button twitter shariff-nocustomcolor\" style=\"background-color:#595959\"><a href=\"https:\/\/twitter.com\/share?url=https%3A%2F%2Ftierheim-moers.de%2FWordpress%2Fannaeherung-zwischen-spitz-und-katz%2F&text=Ann%C3%A4herung%20zwischen%20Spitz%20und%20Katz%E2%80%99\" title=\"Bei X teilen\" aria-label=\"Bei X teilen\" role=\"button\" rel=\"noopener nofollow\" class=\"shariff-link\" style=\"; background-color:#000; color:#fff\" target=\"_blank\"><span class=\"shariff-icon\" style=\"\"><svg width=\"32px\" height=\"20px\" xmlns=\"http:\/\/www.w3.org\/2000\/svg\" viewBox=\"0 0 24 24\"><path fill=\"#000\" d=\"M14.258 10.152L23.176 0h-2.113l-7.747 8.813L7.133 0H0l9.352 13.328L0 23.973h2.113l8.176-9.309 6.531 9.309h7.133zm-2.895 3.293l-.949-1.328L2.875 1.56h3.246l6.086 8.523.945 1.328 7.91 11.078h-3.246zm0 0\"\/><\/svg><\/span><\/a><\/li><li class=\"shariff-button whatsapp shariff-nocustomcolor\" style=\"background-color:#5cbe4a\"><a href=\"https:\/\/api.whatsapp.com\/send?text=https%3A%2F%2Ftierheim-moers.de%2FWordpress%2Fannaeherung-zwischen-spitz-und-katz%2F%20Ann%C3%A4herung%20zwischen%20Spitz%20und%20Katz%E2%80%99\" title=\"Bei Whatsapp teilen\" aria-label=\"Bei Whatsapp teilen\" role=\"button\" rel=\"noopener nofollow\" class=\"shariff-link\" style=\"; background-color:#34af23; color:#fff\" target=\"_blank\"><span class=\"shariff-icon\" style=\"\"><svg width=\"32px\" height=\"20px\" xmlns=\"http:\/\/www.w3.org\/2000\/svg\" viewBox=\"0 0 32 32\"><path fill=\"#34af23\" d=\"M17.6 17.4q0.2 0 1.7 0.8t1.6 0.9q0 0.1 0 0.3 0 0.6-0.3 1.4-0.3 0.7-1.3 1.2t-1.8 0.5q-1 0-3.4-1.1-1.7-0.8-3-2.1t-2.6-3.3q-1.3-1.9-1.3-3.5v-0.1q0.1-1.6 1.3-2.8 0.4-0.4 0.9-0.4 0.1 0 0.3 0t0.3 0q0.3 0 0.5 0.1t0.3 0.5q0.1 0.4 0.6 1.6t0.4 1.3q0 0.4-0.6 1t-0.6 0.8q0 0.1 0.1 0.3 0.6 1.3 1.8 2.4 1 0.9 2.7 1.8 0.2 0.1 0.4 0.1 0.3 0 1-0.9t0.9-0.9zM14 26.9q2.3 0 4.3-0.9t3.6-2.4 2.4-3.6 0.9-4.3-0.9-4.3-2.4-3.6-3.6-2.4-4.3-0.9-4.3 0.9-3.6 2.4-2.4 3.6-0.9 4.3q0 3.6 2.1 6.6l-1.4 4.2 4.3-1.4q2.8 1.9 6.2 1.9zM14 2.2q2.7 0 5.2 1.1t4.3 2.9 2.9 4.3 1.1 5.2-1.1 5.2-2.9 4.3-4.3 2.9-5.2 1.1q-3.5 0-6.5-1.7l-7.4 2.4 2.4-7.2q-1.9-3.2-1.9-6.9 0-2.7 1.1-5.2t2.9-4.3 4.3-2.9 5.2-1.1z\"\/><\/svg><\/span><\/a><\/li><li class=\"shariff-button sms shariff-nocustomcolor shariff-mobile\" style=\"background-color:#d7d9d8\"><a href=\"sms:?&body=https%3A%2F%2Ftierheim-moers.de%2FWordpress%2Fannaeherung-zwischen-spitz-und-katz%2F\" title=\"Per SMS teilen\" aria-label=\"Per SMS teilen\" role=\"button\" rel=\"noopener nofollow\" class=\"shariff-link\" style=\"; background-color:#a1e877; color:#fff\" target=\"_blank\"><span class=\"shariff-icon\" style=\"\"><svg xmlns=\"http:\/\/www.w3.org\/2000\/svg\" width=\"510\" height=\"510\" viewBox=\"0 0 510 510\"><path fill=\"#a1e877\" d=\"M459 0H51C23 0 0 23 0 51v459l102-102h357c28.1 0 51-22.9 51-51V51C510 23 487.1 0 459 0zM178.5 229.5h-51v-51h51V229.5zM280.5 229.5h-51v-51h51V229.5zM382.5 229.5h-51v-51h51V229.5z\"\/><\/svg><\/span><\/a><\/li><\/ul><\/div>","protected":false},"excerpt":{"rendered":"<p>Hallo Leute, die letzten Wochen waren sehr nervenaufreibend f\u00fcr mich. Nicht in meinen schlimmsten Tr\u00e4umen h\u00e4tte ich mir vorstellen k\u00f6nnen, mich von einem Kater als &#8220;dummer Hund&#8221; bezeichnen zu lassen &#8230; und selbst in meinem allerschlimmsten Albtraum h\u00e4tte ich mir nicht eingestanden, dass der Kater irgendwie Recht haben k\u00f6nnte. Aber &#8230;<\/p>\n","protected":false},"author":3,"featured_media":15936,"comment_status":"closed","ping_status":"open","sticky":false,"template":"","format":"aside","meta":{"ngg_post_thumbnail":0,"footnotes":""},"categories":[1,38],"tags":[],"class_list":["post-15953","post","type-post","status-publish","format-aside","has-post-thumbnail","hentry","category-aktuell","category-atrejus","post_format-post-format-aside","column","threecol","has-thumbnail"],"yoast_head":"<!-- This site is optimized with the Yoast SEO plugin v24.6 - https:\/\/yoast.com\/wordpress\/plugins\/seo\/ -->\n<title>Ann\u00e4herung zwischen Spitz und Katz&#039; | TIERHEIM MOERS<\/title>\n<meta name=\"robots\" content=\"index, follow, max-snippet:-1, max-image-preview:large, max-video-preview:-1\" \/>\n<link rel=\"canonical\" href=\"https:\/\/tierheim-moers.de\/Wordpress\/annaeherung-zwischen-spitz-und-katz\/\" \/>\n<meta property=\"og:locale\" content=\"de_DE\" \/>\n<meta property=\"og:type\" content=\"article\" \/>\n<meta property=\"og:title\" content=\"Ann\u00e4herung zwischen Spitz und Katz&#039; | TIERHEIM MOERS\" \/>\n<meta property=\"og:description\" content=\"Hallo Leute, die letzten Wochen waren sehr nervenaufreibend f\u00fcr mich. Nicht in meinen schlimmsten Tr\u00e4umen h\u00e4tte ich mir vorstellen k\u00f6nnen, mich von einem Kater als &#8220;dummer Hund&#8221; bezeichnen zu lassen &#8230; und selbst in meinem allerschlimmsten &#8230;\" \/>\n<meta property=\"og:url\" content=\"https:\/\/tierheim-moers.de\/Wordpress\/annaeherung-zwischen-spitz-und-katz\/\" \/>\n<meta property=\"og:site_name\" content=\"TIERHEIM MOERS\" \/>\n<meta property=\"article:publisher\" content=\"https:\/\/de-de.facebook.com\/moers.tierheim\" \/>\n<meta property=\"article:published_time\" content=\"2017-06-28T09:10:01+00:00\" \/>\n<meta property=\"article:modified_time\" content=\"2017-06-28T09:10:34+00:00\" \/>\n<meta property=\"og:image\" content=\"https:\/\/tierheim-moers.de\/Wordpress\/wp-content\/uploads\/2017\/05\/Babies-Leyla.jpg\" \/>\n\t<meta property=\"og:image:width\" content=\"3000\" \/>\n\t<meta property=\"og:image:height\" content=\"2100\" \/>\n\t<meta property=\"og:image:type\" content=\"image\/jpeg\" \/>\n<meta name=\"author\" content=\"tierheim2014\" \/>\n<meta name=\"twitter:card\" content=\"summary_large_image\" \/>\n<meta name=\"twitter:label1\" content=\"Verfasst von\" \/>\n\t<meta name=\"twitter:data1\" content=\"tierheim2014\" \/>\n\t<meta name=\"twitter:label2\" content=\"Gesch\u00e4tzte Lesezeit\" \/>\n\t<meta name=\"twitter:data2\" content=\"6\u00a0Minuten\" \/>\n<script type=\"application\/ld+json\" class=\"yoast-schema-graph\">{\"@context\":\"https:\/\/schema.org\",\"@graph\":[{\"@type\":\"Article\",\"@id\":\"https:\/\/tierheim-moers.de\/Wordpress\/annaeherung-zwischen-spitz-und-katz\/#article\",\"isPartOf\":{\"@id\":\"https:\/\/tierheim-moers.de\/Wordpress\/annaeherung-zwischen-spitz-und-katz\/\"},\"author\":{\"name\":\"tierheim2014\",\"@id\":\"https:\/\/tierheim-moers.de\/Wordpress\/#\/schema\/person\/bb66fcdf55ca8d06b229c0e748f4a4db\"},\"headline\":\"Ann\u00e4herung zwischen Spitz und Katz&#8217;\",\"datePublished\":\"2017-06-28T09:10:01+00:00\",\"dateModified\":\"2017-06-28T09:10:34+00:00\",\"mainEntityOfPage\":{\"@id\":\"https:\/\/tierheim-moers.de\/Wordpress\/annaeherung-zwischen-spitz-und-katz\/\"},\"wordCount\":1170,\"publisher\":{\"@id\":\"https:\/\/tierheim-moers.de\/Wordpress\/#organization\"},\"image\":{\"@id\":\"https:\/\/tierheim-moers.de\/Wordpress\/annaeherung-zwischen-spitz-und-katz\/#primaryimage\"},\"thumbnailUrl\":\"https:\/\/tierheim-moers.de\/Wordpress\/wp-content\/uploads\/2017\/05\/Babies-Leyla.jpg\",\"articleSection\":[\"Aktuell\",\"Atreju's Logbuch\"],\"inLanguage\":\"de\"},{\"@type\":\"WebPage\",\"@id\":\"https:\/\/tierheim-moers.de\/Wordpress\/annaeherung-zwischen-spitz-und-katz\/\",\"url\":\"https:\/\/tierheim-moers.de\/Wordpress\/annaeherung-zwischen-spitz-und-katz\/\",\"name\":\"Ann\u00e4herung zwischen Spitz und Katz' | TIERHEIM MOERS\",\"isPartOf\":{\"@id\":\"https:\/\/tierheim-moers.de\/Wordpress\/#website\"},\"primaryImageOfPage\":{\"@id\":\"https:\/\/tierheim-moers.de\/Wordpress\/annaeherung-zwischen-spitz-und-katz\/#primaryimage\"},\"image\":{\"@id\":\"https:\/\/tierheim-moers.de\/Wordpress\/annaeherung-zwischen-spitz-und-katz\/#primaryimage\"},\"thumbnailUrl\":\"https:\/\/tierheim-moers.de\/Wordpress\/wp-content\/uploads\/2017\/05\/Babies-Leyla.jpg\",\"datePublished\":\"2017-06-28T09:10:01+00:00\",\"dateModified\":\"2017-06-28T09:10:34+00:00\",\"breadcrumb\":{\"@id\":\"https:\/\/tierheim-moers.de\/Wordpress\/annaeherung-zwischen-spitz-und-katz\/#breadcrumb\"},\"inLanguage\":\"de\",\"potentialAction\":[{\"@type\":\"ReadAction\",\"target\":[\"https:\/\/tierheim-moers.de\/Wordpress\/annaeherung-zwischen-spitz-und-katz\/\"]}]},{\"@type\":\"ImageObject\",\"inLanguage\":\"de\",\"@id\":\"https:\/\/tierheim-moers.de\/Wordpress\/annaeherung-zwischen-spitz-und-katz\/#primaryimage\",\"url\":\"https:\/\/tierheim-moers.de\/Wordpress\/wp-content\/uploads\/2017\/05\/Babies-Leyla.jpg\",\"contentUrl\":\"https:\/\/tierheim-moers.de\/Wordpress\/wp-content\/uploads\/2017\/05\/Babies-Leyla.jpg\",\"width\":3000,\"height\":2100},{\"@type\":\"BreadcrumbList\",\"@id\":\"https:\/\/tierheim-moers.de\/Wordpress\/annaeherung-zwischen-spitz-und-katz\/#breadcrumb\",\"itemListElement\":[{\"@type\":\"ListItem\",\"position\":1,\"name\":\"Startseite\",\"item\":\"https:\/\/tierheim-moers.de\/Wordpress\/\"},{\"@type\":\"ListItem\",\"position\":2,\"name\":\"Ann\u00e4herung zwischen Spitz und Katz&#8217;\"}]},{\"@type\":\"WebSite\",\"@id\":\"https:\/\/tierheim-moers.de\/Wordpress\/#website\",\"url\":\"https:\/\/tierheim-moers.de\/Wordpress\/\",\"name\":\"Tierheim Moers\",\"description\":\"Tierheim | Hundepension | Tierschutz | Moers\",\"publisher\":{\"@id\":\"https:\/\/tierheim-moers.de\/Wordpress\/#organization\"},\"potentialAction\":[{\"@type\":\"SearchAction\",\"target\":{\"@type\":\"EntryPoint\",\"urlTemplate\":\"https:\/\/tierheim-moers.de\/Wordpress\/?s={search_term_string}\"},\"query-input\":{\"@type\":\"PropertyValueSpecification\",\"valueRequired\":true,\"valueName\":\"search_term_string\"}}],\"inLanguage\":\"de\"},{\"@type\":\"Organization\",\"@id\":\"https:\/\/tierheim-moers.de\/Wordpress\/#organization\",\"name\":\"Tierheim Moers\",\"url\":\"https:\/\/tierheim-moers.de\/Wordpress\/\",\"logo\":{\"@type\":\"ImageObject\",\"inLanguage\":\"de\",\"@id\":\"https:\/\/tierheim-moers.de\/Wordpress\/#\/schema\/logo\/image\/\",\"url\":\"https:\/\/tierheim-moers.de\/Wordpress\/wp-content\/uploads\/2014\/04\/Logo-TSV-Moers-V01-RGB-300.png\",\"contentUrl\":\"https:\/\/tierheim-moers.de\/Wordpress\/wp-content\/uploads\/2014\/04\/Logo-TSV-Moers-V01-RGB-300.png\",\"width\":1052,\"height\":1038,\"caption\":\"Tierheim Moers\"},\"image\":{\"@id\":\"https:\/\/tierheim-moers.de\/Wordpress\/#\/schema\/logo\/image\/\"},\"sameAs\":[\"https:\/\/de-de.facebook.com\/moers.tierheim\"]},{\"@type\":\"Person\",\"@id\":\"https:\/\/tierheim-moers.de\/Wordpress\/#\/schema\/person\/bb66fcdf55ca8d06b229c0e748f4a4db\",\"name\":\"tierheim2014\",\"image\":{\"@type\":\"ImageObject\",\"inLanguage\":\"de\",\"@id\":\"https:\/\/tierheim-moers.de\/Wordpress\/#\/schema\/person\/image\/\",\"url\":\"https:\/\/secure.gravatar.com\/avatar\/a11d93b0c6655bcc0a595174970baea60c3be93d07d0c82976034f22f0e26a03?s=96&d=mm&r=g\",\"contentUrl\":\"https:\/\/secure.gravatar.com\/avatar\/a11d93b0c6655bcc0a595174970baea60c3be93d07d0c82976034f22f0e26a03?s=96&d=mm&r=g\",\"caption\":\"tierheim2014\"},\"url\":\"https:\/\/tierheim-moers.de\/Wordpress\/author\/tierheim2014\/\"}]}<\/script>\n<!-- \/ Yoast SEO plugin. -->","yoast_head_json":{"title":"Ann\u00e4herung zwischen Spitz und Katz' | TIERHEIM MOERS","robots":{"index":"index","follow":"follow","max-snippet":"max-snippet:-1","max-image-preview":"max-image-preview:large","max-video-preview":"max-video-preview:-1"},"canonical":"https:\/\/tierheim-moers.de\/Wordpress\/annaeherung-zwischen-spitz-und-katz\/","og_locale":"de_DE","og_type":"article","og_title":"Ann\u00e4herung zwischen Spitz und Katz' | TIERHEIM MOERS","og_description":"Hallo Leute, die letzten Wochen waren sehr nervenaufreibend f\u00fcr mich. Nicht in meinen schlimmsten Tr\u00e4umen h\u00e4tte ich mir vorstellen k\u00f6nnen, mich von einem Kater als &#8220;dummer Hund&#8221; bezeichnen zu lassen &#8230; und selbst in meinem allerschlimmsten &#8230;","og_url":"https:\/\/tierheim-moers.de\/Wordpress\/annaeherung-zwischen-spitz-und-katz\/","og_site_name":"TIERHEIM MOERS","article_publisher":"https:\/\/de-de.facebook.com\/moers.tierheim","article_published_time":"2017-06-28T09:10:01+00:00","article_modified_time":"2017-06-28T09:10:34+00:00","og_image":[{"width":3000,"height":2100,"url":"https:\/\/tierheim-moers.de\/Wordpress\/wp-content\/uploads\/2017\/05\/Babies-Leyla.jpg","type":"image\/jpeg"}],"author":"tierheim2014","twitter_card":"summary_large_image","twitter_misc":{"Verfasst von":"tierheim2014","Gesch\u00e4tzte Lesezeit":"6\u00a0Minuten"},"schema":{"@context":"https:\/\/schema.org","@graph":[{"@type":"Article","@id":"https:\/\/tierheim-moers.de\/Wordpress\/annaeherung-zwischen-spitz-und-katz\/#article","isPartOf":{"@id":"https:\/\/tierheim-moers.de\/Wordpress\/annaeherung-zwischen-spitz-und-katz\/"},"author":{"name":"tierheim2014","@id":"https:\/\/tierheim-moers.de\/Wordpress\/#\/schema\/person\/bb66fcdf55ca8d06b229c0e748f4a4db"},"headline":"Ann\u00e4herung zwischen Spitz und Katz&#8217;","datePublished":"2017-06-28T09:10:01+00:00","dateModified":"2017-06-28T09:10:34+00:00","mainEntityOfPage":{"@id":"https:\/\/tierheim-moers.de\/Wordpress\/annaeherung-zwischen-spitz-und-katz\/"},"wordCount":1170,"publisher":{"@id":"https:\/\/tierheim-moers.de\/Wordpress\/#organization"},"image":{"@id":"https:\/\/tierheim-moers.de\/Wordpress\/annaeherung-zwischen-spitz-und-katz\/#primaryimage"},"thumbnailUrl":"https:\/\/tierheim-moers.de\/Wordpress\/wp-content\/uploads\/2017\/05\/Babies-Leyla.jpg","articleSection":["Aktuell","Atreju's Logbuch"],"inLanguage":"de"},{"@type":"WebPage","@id":"https:\/\/tierheim-moers.de\/Wordpress\/annaeherung-zwischen-spitz-und-katz\/","url":"https:\/\/tierheim-moers.de\/Wordpress\/annaeherung-zwischen-spitz-und-katz\/","name":"Ann\u00e4herung zwischen Spitz und Katz' | TIERHEIM MOERS","isPartOf":{"@id":"https:\/\/tierheim-moers.de\/Wordpress\/#website"},"primaryImageOfPage":{"@id":"https:\/\/tierheim-moers.de\/Wordpress\/annaeherung-zwischen-spitz-und-katz\/#primaryimage"},"image":{"@id":"https:\/\/tierheim-moers.de\/Wordpress\/annaeherung-zwischen-spitz-und-katz\/#primaryimage"},"thumbnailUrl":"https:\/\/tierheim-moers.de\/Wordpress\/wp-content\/uploads\/2017\/05\/Babies-Leyla.jpg","datePublished":"2017-06-28T09:10:01+00:00","dateModified":"2017-06-28T09:10:34+00:00","breadcrumb":{"@id":"https:\/\/tierheim-moers.de\/Wordpress\/annaeherung-zwischen-spitz-und-katz\/#breadcrumb"},"inLanguage":"de","potentialAction":[{"@type":"ReadAction","target":["https:\/\/tierheim-moers.de\/Wordpress\/annaeherung-zwischen-spitz-und-katz\/"]}]},{"@type":"ImageObject","inLanguage":"de","@id":"https:\/\/tierheim-moers.de\/Wordpress\/annaeherung-zwischen-spitz-und-katz\/#primaryimage","url":"https:\/\/tierheim-moers.de\/Wordpress\/wp-content\/uploads\/2017\/05\/Babies-Leyla.jpg","contentUrl":"https:\/\/tierheim-moers.de\/Wordpress\/wp-content\/uploads\/2017\/05\/Babies-Leyla.jpg","width":3000,"height":2100},{"@type":"BreadcrumbList","@id":"https:\/\/tierheim-moers.de\/Wordpress\/annaeherung-zwischen-spitz-und-katz\/#breadcrumb","itemListElement":[{"@type":"ListItem","position":1,"name":"Startseite","item":"https:\/\/tierheim-moers.de\/Wordpress\/"},{"@type":"ListItem","position":2,"name":"Ann\u00e4herung zwischen Spitz und Katz&#8217;"}]},{"@type":"WebSite","@id":"https:\/\/tierheim-moers.de\/Wordpress\/#website","url":"https:\/\/tierheim-moers.de\/Wordpress\/","name":"Tierheim Moers","description":"Tierheim | Hundepension | Tierschutz | Moers","publisher":{"@id":"https:\/\/tierheim-moers.de\/Wordpress\/#organization"},"potentialAction":[{"@type":"SearchAction","target":{"@type":"EntryPoint","urlTemplate":"https:\/\/tierheim-moers.de\/Wordpress\/?s={search_term_string}"},"query-input":{"@type":"PropertyValueSpecification","valueRequired":true,"valueName":"search_term_string"}}],"inLanguage":"de"},{"@type":"Organization","@id":"https:\/\/tierheim-moers.de\/Wordpress\/#organization","name":"Tierheim Moers","url":"https:\/\/tierheim-moers.de\/Wordpress\/","logo":{"@type":"ImageObject","inLanguage":"de","@id":"https:\/\/tierheim-moers.de\/Wordpress\/#\/schema\/logo\/image\/","url":"https:\/\/tierheim-moers.de\/Wordpress\/wp-content\/uploads\/2014\/04\/Logo-TSV-Moers-V01-RGB-300.png","contentUrl":"https:\/\/tierheim-moers.de\/Wordpress\/wp-content\/uploads\/2014\/04\/Logo-TSV-Moers-V01-RGB-300.png","width":1052,"height":1038,"caption":"Tierheim Moers"},"image":{"@id":"https:\/\/tierheim-moers.de\/Wordpress\/#\/schema\/logo\/image\/"},"sameAs":["https:\/\/de-de.facebook.com\/moers.tierheim"]},{"@type":"Person","@id":"https:\/\/tierheim-moers.de\/Wordpress\/#\/schema\/person\/bb66fcdf55ca8d06b229c0e748f4a4db","name":"tierheim2014","image":{"@type":"ImageObject","inLanguage":"de","@id":"https:\/\/tierheim-moers.de\/Wordpress\/#\/schema\/person\/image\/","url":"https:\/\/secure.gravatar.com\/avatar\/a11d93b0c6655bcc0a595174970baea60c3be93d07d0c82976034f22f0e26a03?s=96&d=mm&r=g","contentUrl":"https:\/\/secure.gravatar.com\/avatar\/a11d93b0c6655bcc0a595174970baea60c3be93d07d0c82976034f22f0e26a03?s=96&d=mm&r=g","caption":"tierheim2014"},"url":"https:\/\/tierheim-moers.de\/Wordpress\/author\/tierheim2014\/"}]}},"_links":{"self":[{"href":"https:\/\/tierheim-moers.de\/Wordpress\/wp-json\/wp\/v2\/posts\/15953","targetHints":{"allow":["GET"]}}],"collection":[{"href":"https:\/\/tierheim-moers.de\/Wordpress\/wp-json\/wp\/v2\/posts"}],"about":[{"href":"https:\/\/tierheim-moers.de\/Wordpress\/wp-json\/wp\/v2\/types\/post"}],"author":[{"embeddable":true,"href":"https:\/\/tierheim-moers.de\/Wordpress\/wp-json\/wp\/v2\/users\/3"}],"replies":[{"embeddable":true,"href":"https:\/\/tierheim-moers.de\/Wordpress\/wp-json\/wp\/v2\/comments?post=15953"}],"version-history":[{"count":2,"href":"https:\/\/tierheim-moers.de\/Wordpress\/wp-json\/wp\/v2\/posts\/15953\/revisions"}],"predecessor-version":[{"id":15962,"href":"https:\/\/tierheim-moers.de\/Wordpress\/wp-json\/wp\/v2\/posts\/15953\/revisions\/15962"}],"wp:featuredmedia":[{"embeddable":true,"href":"https:\/\/tierheim-moers.de\/Wordpress\/wp-json\/wp\/v2\/media\/15936"}],"wp:attachment":[{"href":"https:\/\/tierheim-moers.de\/Wordpress\/wp-json\/wp\/v2\/media?parent=15953"}],"wp:term":[{"taxonomy":"category","embeddable":true,"href":"https:\/\/tierheim-moers.de\/Wordpress\/wp-json\/wp\/v2\/categories?post=15953"},{"taxonomy":"post_tag","embeddable":true,"href":"https:\/\/tierheim-moers.de\/Wordpress\/wp-json\/wp\/v2\/tags?post=15953"}],"curies":[{"name":"wp","href":"https:\/\/api.w.org\/{rel}","templated":true}]}}