{"id":16944,"date":"2017-09-23T10:03:52","date_gmt":"2017-09-23T08:03:52","guid":{"rendered":"http:\/\/tierheim-moers.de\/Wordpress\/?p=16944"},"modified":"2017-09-23T10:03:52","modified_gmt":"2017-09-23T08:03:52","slug":"ein-spitz-in-eigener-sache","status":"publish","type":"post","link":"https:\/\/tierheim-moers.de\/Wordpress\/ein-spitz-in-eigener-sache\/","title":{"rendered":"Ein Spitz in eigener Sache&#8230;"},"content":{"rendered":"<p>Hallo Freunde,<\/p>\n<p>ach &#8211; was wollte ich nicht alles f\u00fcr Euch in Erfahrung bringen, um interessante Neuigkeiten aus dem Tierheim zu berichten &#8230; aber dieses Mal werde ich fast nur \u00fcber mich selbst schreiben. In den letzten Wochen war ich sehr mit mir besch\u00e4ftigt, weil es mir nicht so gut ging &#8230;<a href=\"http:\/\/tierheim-moers.de\/Wordpress\/wp-content\/uploads\/2017\/09\/Atreju_Box.jpg\"><img fetchpriority=\"high\" decoding=\"async\" class=\"alignright size-full wp-image-16945\" src=\"http:\/\/tierheim-moers.de\/Wordpress\/wp-content\/uploads\/2017\/09\/Atreju_Box.jpg\" alt=\"\" width=\"3264\" height=\"1836\" srcset=\"https:\/\/tierheim-moers.de\/Wordpress\/wp-content\/uploads\/2017\/09\/Atreju_Box.jpg 3264w, https:\/\/tierheim-moers.de\/Wordpress\/wp-content\/uploads\/2017\/09\/Atreju_Box-300x169.jpg 300w, https:\/\/tierheim-moers.de\/Wordpress\/wp-content\/uploads\/2017\/09\/Atreju_Box-768x432.jpg 768w, https:\/\/tierheim-moers.de\/Wordpress\/wp-content\/uploads\/2017\/09\/Atreju_Box-1024x576.jpg 1024w, https:\/\/tierheim-moers.de\/Wordpress\/wp-content\/uploads\/2017\/09\/Atreju_Box-600x338.jpg 600w, https:\/\/tierheim-moers.de\/Wordpress\/wp-content\/uploads\/2017\/09\/Atreju_Box-700x393.jpg 700w\" sizes=\"(max-width: 3264px) 100vw, 3264px\" \/><\/a><\/p>\n<p>Ich wei\u00df gar nicht genau, wie es eigentlich angefangen hat &#8230; aber so richtig gut gef\u00fchlt habe ich mich nicht. Fast noch, bevor ich das selber wirklich gemerkt habe, haben meine Menschen aus dem Tierheim schon dar\u00fcber gesprochen. Bald fielen so Bemerkungen wie &#8220;da m\u00fcssen wir auf jeden Fall einen Termin machen&#8221; und ich dachte noch &#8220;Klasse, da bekomme ich bestimmt extra Leckerchen und Streicheleinheiten&#8221; &#8230; das w\u00e4re auch definitiv die Medizin meiner Wahl gewesen, aber irgendwie kam alles ganz anders&#8230;<\/p>\n<p>Eines sch\u00f6nen Vormittags, als ich noch dachte, dass wir entspannt spazieren gehen w\u00fcrden, sollte ich statt dessen ins Tierheim Auto springen. Ich war schon irritiert, habe das aber vorbildlich gemacht. Ein kleiner Teil von mir hoffte auch noch, dass dort vielleicht die erwarteten extra Leckerchen w\u00e4ren, aber dummerweise kam es genau anders herum &#8230; das Auto fuhr los und ich beobachtete ganz genau, wie alles an uns vorbei rauschte und statt Leckerchen rein kam das Fr\u00fchst\u00fcck wieder raus &#8230; ich kann n\u00e4mlich nicht ganz so gut im Auto mitfahren.<\/p>\n<p><a href=\"http:\/\/tierheim-moers.de\/Wordpress\/wp-content\/uploads\/2017\/09\/Atreju_Tierklinik.jpg\"><img decoding=\"async\" class=\"alignleft size-medium wp-image-16947\" src=\"http:\/\/tierheim-moers.de\/Wordpress\/wp-content\/uploads\/2017\/09\/Atreju_Tierklinik-169x300.jpg\" alt=\"\" width=\"169\" height=\"300\" srcset=\"https:\/\/tierheim-moers.de\/Wordpress\/wp-content\/uploads\/2017\/09\/Atreju_Tierklinik-169x300.jpg 169w, https:\/\/tierheim-moers.de\/Wordpress\/wp-content\/uploads\/2017\/09\/Atreju_Tierklinik-768x1365.jpg 768w, https:\/\/tierheim-moers.de\/Wordpress\/wp-content\/uploads\/2017\/09\/Atreju_Tierklinik-576x1024.jpg 576w, https:\/\/tierheim-moers.de\/Wordpress\/wp-content\/uploads\/2017\/09\/Atreju_Tierklinik-600x1067.jpg 600w, https:\/\/tierheim-moers.de\/Wordpress\/wp-content\/uploads\/2017\/09\/Atreju_Tierklinik-700x1244.jpg 700w, https:\/\/tierheim-moers.de\/Wordpress\/wp-content\/uploads\/2017\/09\/Atreju_Tierklinik.jpg 1836w\" sizes=\"(max-width: 169px) 100vw, 169px\" \/><\/a>An der Stelle war der Tag f\u00fcr mich eigentlich schon gelaufen und ich dachte, dass es wohl kaum schlimmer kommen k\u00f6nnte, aber Ihr glaubt ja nicht, was noch alles passiert ist. Das Auto stoppte irgendwann und bevor wir ein mir vollkommen fremdes Geb\u00e4ude betraten, wurde mir noch so ein komisches Plastikteil \u00fcber meine Schnauze gezogen. Bisher kannte ich das nur, weil ich dadurch auch schon einmal Leckerchen bekommen habe, aber ich musste es noch nie wirklich auflassen. Das hat mich ziemlich gest\u00f6rt. Sie meinten das w\u00e4re zur Sicherheit &#8230; verstanden habe ich das aber nicht, ich war ja schlie\u00dflich nicht in Gefahr.<\/p>\n<p>Nun denn &#8230; mit Plastikteil \u00fcber der Nase ging es in einen Raum, in dem auch noch unbekannte Menschen warteten und als w\u00e4re das nicht schon genug, wurde ich auch noch auf einen Tisch gehoben! Das war wirklich der Gipfel des Unfassbaren &#8211; jeder, der mich kennt, wei\u00df, wie wichtig mir fester Boden unter meinen Pfoten ist. Ab da habe ich auch nichts mehr mit bekommen &#8230; r\u00fcckwirkend wei\u00df ich jetzt auch, dass ich da beim Tierarzt war und wirklich wichtige Informationen bekommen h\u00e4tte, wenn ich zugeh\u00f6rt h\u00e4tte, aber ich war so aufgeregt, dass das N\u00e4chste, was ich wahr genommen habe, die k\u00f6stlich duftende Leberwurst war, die der Mann mir vor die Nase hielt. Einen kurzen Moment dachte ich noch &#8220;endlich einer, der es drauf hat und mir die extra Leckerchen gibt&#8221; aber dann war ich doch einfach froh, dass wir wieder da raus konnten. Wir fuhren zur\u00fcck zum Tierheim und da musste ich mich dann auch erst einmal von der ganzen Aufregung erholen.<\/p>\n<p>Ein paar Tage passierte dann gar nichts besonderes, bis ich irgendwann so ein paar Wortfetzen aufgeschnappt habe &#8220;die Ergebnisse sind da&#8221;, &#8220;Futter umstellen&#8221;, &#8220;bekommt Tabletten&#8221; &#8230; das hat mich zun\u00e4chst nicht weiter beunruhigt bis &#8230; ja bis &#8230; zur n\u00e4chsten F\u00fctterung. In freudiger Erwartung sehe ich meine Mahlzeit kommen, wedele fr\u00f6hlich mit dem Schwanz, die Sch\u00fcssel wird hingestellt und nach Bruchteilen von Sekunden meldet meine Nase &#8220;igitt, was ist das &#8211; auf keinen Fall fressen!&#8221;. Entsetzt habe ich zu meiner Tierpflegerin geschaut, aber die sagte nur: &#8220;Atreju, du bist krank! Du bekommst fettreduzierte Schonkost. I\u00df mal &#8211; das ist gut f\u00fcr Dich.&#8221;<a href=\"http:\/\/tierheim-moers.de\/Wordpress\/wp-content\/uploads\/2017\/09\/Atreju_Wiese.jpg\"><img decoding=\"async\" class=\"aligncenter size-full wp-image-16948\" src=\"http:\/\/tierheim-moers.de\/Wordpress\/wp-content\/uploads\/2017\/09\/Atreju_Wiese.jpg\" alt=\"\" width=\"3264\" height=\"1836\" srcset=\"https:\/\/tierheim-moers.de\/Wordpress\/wp-content\/uploads\/2017\/09\/Atreju_Wiese.jpg 3264w, https:\/\/tierheim-moers.de\/Wordpress\/wp-content\/uploads\/2017\/09\/Atreju_Wiese-300x169.jpg 300w, https:\/\/tierheim-moers.de\/Wordpress\/wp-content\/uploads\/2017\/09\/Atreju_Wiese-768x432.jpg 768w, https:\/\/tierheim-moers.de\/Wordpress\/wp-content\/uploads\/2017\/09\/Atreju_Wiese-1024x576.jpg 1024w, https:\/\/tierheim-moers.de\/Wordpress\/wp-content\/uploads\/2017\/09\/Atreju_Wiese-600x338.jpg 600w, https:\/\/tierheim-moers.de\/Wordpress\/wp-content\/uploads\/2017\/09\/Atreju_Wiese-700x393.jpg 700w\" sizes=\"(max-width: 3264px) 100vw, 3264px\" \/><\/a><\/p>\n<p>Gut f\u00fcr mich? Habt Ihr da mal dran gerochen? Das war doch kein Futter f\u00fcr einen gestandenen Hund! Ihr Menschen redet doch viel \u00fcber Ern\u00e4hrung &#8230; Fett ist ein Geschmackstr\u00e4ger! Was mir da vorgesetzt wurde, war ungenie\u00dfbar! Ich habe dann doch mal vorsichtig probiert &#8230; das war wie geschreddertes Papier! Was immer ich auch haben sollte, davon konnte doch kein Hund gesund werden! Selten habe ich mir so sehr gew\u00fcnscht, reden zu k\u00f6nnen, wie in diesem Moment.<\/p>\n<p>Okay, eins nach dem anderen &#8230; ich gebe zu, dass sich wirklich alle sehr gut um mich k\u00fcmmern und nat\u00fcrlich habe ich auch gesp\u00fcrt, dass sie sich viele Gedanken um mich machen &#8211; ich habe ja auch gesp\u00fcrt, dass es mir nicht richtig gut ging &#8211; und ich wei\u00df das alles auch sehr zu sch\u00e4tzen und habe zur Zeit alle ein bisschen mehr lieb als sonst &#8230; aber beim Fressen h\u00f6rt der Spa\u00df dann auch auf!<\/p>\n<p>Es passierten dann noch ganz viele Sachen &#8211; es w\u00fcrde wirklich zu weit f\u00fchren, alles genau zu erz\u00e4hlen. Ich musste wieder Auto fahren (hat aber besser geklappt), kam in ein anderes, fremdes Geb\u00e4ude &#8211; da gab es nicht einmal Leberwurst &#8211; und musste dort sogar ein paar Stunden ohne meine Menschen bleiben, aber ich kann mich auch gar nicht an viel erinnern. Es wurde auch eine Videokamera in meinem Zwinger installiert &#8211; das ist aber ganz gut, weil jeden<a href=\"http:\/\/tierheim-moers.de\/Wordpress\/wp-content\/uploads\/2017\/09\/Atreju_online.jpg\"><img loading=\"lazy\" decoding=\"async\" class=\"alignright wp-image-16946 size-medium\" src=\"http:\/\/tierheim-moers.de\/Wordpress\/wp-content\/uploads\/2017\/09\/Atreju_online-300x169.jpg\" alt=\"\" width=\"300\" height=\"169\" srcset=\"https:\/\/tierheim-moers.de\/Wordpress\/wp-content\/uploads\/2017\/09\/Atreju_online-300x169.jpg 300w, https:\/\/tierheim-moers.de\/Wordpress\/wp-content\/uploads\/2017\/09\/Atreju_online-768x432.jpg 768w, https:\/\/tierheim-moers.de\/Wordpress\/wp-content\/uploads\/2017\/09\/Atreju_online-1024x576.jpg 1024w, https:\/\/tierheim-moers.de\/Wordpress\/wp-content\/uploads\/2017\/09\/Atreju_online-600x338.jpg 600w, https:\/\/tierheim-moers.de\/Wordpress\/wp-content\/uploads\/2017\/09\/Atreju_online-700x393.jpg 700w\" sizes=\"(max-width: 300px) 100vw, 300px\" \/><\/a> Tag jemand bei mir sitzt und die Daten ausliest.<\/p>\n<p>In aller erster Linie war ich damit besch\u00e4ftigt, allen verst\u00e4ndlich zu machen, dass etwas mit meinem Futter passieren musste. Es hat einige Zeit gedauert, aber schlussendlich haben sie mich verstanden und ein Futter gefunden, mit dem wir alle zufrieden waren. Soll ich euch was verraten? Es wurde sogar f\u00fcr mich gekocht &#8230; H\u00e4hnchenfleisch &#8230; das mag ich so richtig gerne &#8230;<\/p>\n<p>Die letzten Wochen waren wirklich verwirrend &#8211; nicht nur f\u00fcr mich. Und Ihr werdet sicher jetzt sagen: &#8220;Konntest Du denn nicht mal zuh\u00f6ren, Atreju? Damit wir auch wissen, was Dir fehlt &#8230;&#8221; und damit habt Ihr vollkommen recht, ich \u00e4rgere mich jetzt auch, dass ich immer auf die falschen Dinge geachtet habe und am Ende nicht schlauer war als vorher &#8230; aber ich w\u00e4re ja nicht Euer Atreju, wenn ich das Problem nicht gel\u00f6st h\u00e4tte &#8230; ich habe recherchiert, die Ohren offen gehalten, Menschengespr\u00e4che belauscht und ich bin mir zu 99,9 % sicher, dass ich jetzt wei\u00df, was mir fehlt: ich habe die M\u00e4nnergrippe!! Nach allem, was ich geh\u00f6rt habe, ist das die einzig plausible Erkl\u00e4rung. Und noch immer bin ich \u00fcberzeugt &#8211; mit extra Leckerchen und Streicheleinheiten bekommen wir das in den Griff.<\/p>\n<p>Eine Neuigkeit habe ich aber noch f\u00fcr Euch: Danilo hat ein Zuhause gefunden! Viele von Euch werden wissen, dass wir nicht das waren, was man Freunde nennen w\u00fcrde, aber am Ende <a href=\"http:\/\/tierheim-moers.de\/Wordpress\/wp-content\/uploads\/2017\/09\/Danilo.jpg\"><img loading=\"lazy\" decoding=\"async\" class=\"alignleft size-medium wp-image-16949\" src=\"http:\/\/tierheim-moers.de\/Wordpress\/wp-content\/uploads\/2017\/09\/Danilo-225x300.jpg\" alt=\"\" width=\"225\" height=\"300\" srcset=\"https:\/\/tierheim-moers.de\/Wordpress\/wp-content\/uploads\/2017\/09\/Danilo-225x300.jpg 225w, https:\/\/tierheim-moers.de\/Wordpress\/wp-content\/uploads\/2017\/09\/Danilo-768x1024.jpg 768w, https:\/\/tierheim-moers.de\/Wordpress\/wp-content\/uploads\/2017\/09\/Danilo-600x800.jpg 600w, https:\/\/tierheim-moers.de\/Wordpress\/wp-content\/uploads\/2017\/09\/Danilo-700x933.jpg 700w, https:\/\/tierheim-moers.de\/Wordpress\/wp-content\/uploads\/2017\/09\/Danilo.jpg 1200w\" sizes=\"(max-width: 225px) 100vw, 225px\" \/><\/a>halten wir Tierheimhunde zusammen und ich freue mich f\u00fcr ihn!<\/p>\n<p>So Ihr Lieben &#8230; ich nehme weiter brav meine Tabletten, damit es mir stetig besser geht, und verspreche Euch, dass ich beim n\u00e4chsten Mal nicht nur \u00fcber mich schreibe.<\/p>\n<p>W\u00fcnscht mir bis dahin &#8220;Gute Besserung&#8221; und denkt an mich<\/p>\n<p>Euer Atreju<\/p>\n<div class=\"shariff shariff-align-flex-start shariff-widget-align-center\" data-url=\"https%3A%2F%2Ftierheim-moers.de%2FWordpress%2Fein-spitz-in-eigener-sache%2F\" data-timestamp=\"1506161032\" data-hidezero=\"1\" data-backendurl=\"https:\/\/tierheim-moers.de\/Wordpress\/wp-json\/shariff\/v1\/share_counts?\"><ul class=\"shariff-buttons theme-round orientation-horizontal buttonsize-small\"><li class=\"shariff-button facebook shariff-nocustomcolor\" style=\"background-color:#4273c8\"><a href=\"https:\/\/www.facebook.com\/sharer\/sharer.php?u=https%3A%2F%2Ftierheim-moers.de%2FWordpress%2Fein-spitz-in-eigener-sache%2F\" title=\"Bei Facebook teilen\" aria-label=\"Bei Facebook teilen\" role=\"button\" rel=\"nofollow\" class=\"shariff-link\" style=\"; background-color:#3b5998; color:#fff\" target=\"_blank\"><span class=\"shariff-icon\" style=\"\"><svg width=\"32px\" height=\"20px\" xmlns=\"http:\/\/www.w3.org\/2000\/svg\" viewBox=\"0 0 18 32\"><path fill=\"#3b5998\" d=\"M17.1 0.2v4.7h-2.8q-1.5 0-2.1 0.6t-0.5 1.9v3.4h5.2l-0.7 5.3h-4.5v13.6h-5.5v-13.6h-4.5v-5.3h4.5v-3.9q0-3.3 1.9-5.2t5-1.8q2.6 0 4.1 0.2z\"\/><\/svg><\/span><\/a><\/li><li class=\"shariff-button twitter shariff-nocustomcolor\" style=\"background-color:#595959\"><a href=\"https:\/\/twitter.com\/share?url=https%3A%2F%2Ftierheim-moers.de%2FWordpress%2Fein-spitz-in-eigener-sache%2F&text=Ein%20Spitz%20in%20eigener%20Sache%E2%80%A6\" title=\"Bei X teilen\" aria-label=\"Bei X teilen\" role=\"button\" rel=\"noopener nofollow\" class=\"shariff-link\" style=\"; background-color:#000; color:#fff\" target=\"_blank\"><span class=\"shariff-icon\" style=\"\"><svg width=\"32px\" height=\"20px\" xmlns=\"http:\/\/www.w3.org\/2000\/svg\" viewBox=\"0 0 24 24\"><path fill=\"#000\" d=\"M14.258 10.152L23.176 0h-2.113l-7.747 8.813L7.133 0H0l9.352 13.328L0 23.973h2.113l8.176-9.309 6.531 9.309h7.133zm-2.895 3.293l-.949-1.328L2.875 1.56h3.246l6.086 8.523.945 1.328 7.91 11.078h-3.246zm0 0\"\/><\/svg><\/span><\/a><\/li><li class=\"shariff-button whatsapp shariff-nocustomcolor\" style=\"background-color:#5cbe4a\"><a href=\"https:\/\/api.whatsapp.com\/send?text=https%3A%2F%2Ftierheim-moers.de%2FWordpress%2Fein-spitz-in-eigener-sache%2F%20Ein%20Spitz%20in%20eigener%20Sache%E2%80%A6\" title=\"Bei Whatsapp teilen\" aria-label=\"Bei Whatsapp teilen\" role=\"button\" rel=\"noopener nofollow\" class=\"shariff-link\" style=\"; background-color:#34af23; color:#fff\" target=\"_blank\"><span class=\"shariff-icon\" style=\"\"><svg width=\"32px\" height=\"20px\" xmlns=\"http:\/\/www.w3.org\/2000\/svg\" viewBox=\"0 0 32 32\"><path fill=\"#34af23\" d=\"M17.6 17.4q0.2 0 1.7 0.8t1.6 0.9q0 0.1 0 0.3 0 0.6-0.3 1.4-0.3 0.7-1.3 1.2t-1.8 0.5q-1 0-3.4-1.1-1.7-0.8-3-2.1t-2.6-3.3q-1.3-1.9-1.3-3.5v-0.1q0.1-1.6 1.3-2.8 0.4-0.4 0.9-0.4 0.1 0 0.3 0t0.3 0q0.3 0 0.5 0.1t0.3 0.5q0.1 0.4 0.6 1.6t0.4 1.3q0 0.4-0.6 1t-0.6 0.8q0 0.1 0.1 0.3 0.6 1.3 1.8 2.4 1 0.9 2.7 1.8 0.2 0.1 0.4 0.1 0.3 0 1-0.9t0.9-0.9zM14 26.9q2.3 0 4.3-0.9t3.6-2.4 2.4-3.6 0.9-4.3-0.9-4.3-2.4-3.6-3.6-2.4-4.3-0.9-4.3 0.9-3.6 2.4-2.4 3.6-0.9 4.3q0 3.6 2.1 6.6l-1.4 4.2 4.3-1.4q2.8 1.9 6.2 1.9zM14 2.2q2.7 0 5.2 1.1t4.3 2.9 2.9 4.3 1.1 5.2-1.1 5.2-2.9 4.3-4.3 2.9-5.2 1.1q-3.5 0-6.5-1.7l-7.4 2.4 2.4-7.2q-1.9-3.2-1.9-6.9 0-2.7 1.1-5.2t2.9-4.3 4.3-2.9 5.2-1.1z\"\/><\/svg><\/span><\/a><\/li><li class=\"shariff-button sms shariff-nocustomcolor shariff-mobile\" style=\"background-color:#d7d9d8\"><a href=\"sms:?&body=https%3A%2F%2Ftierheim-moers.de%2FWordpress%2Fein-spitz-in-eigener-sache%2F\" title=\"Per SMS teilen\" aria-label=\"Per SMS teilen\" role=\"button\" rel=\"noopener nofollow\" class=\"shariff-link\" style=\"; background-color:#a1e877; color:#fff\" target=\"_blank\"><span class=\"shariff-icon\" style=\"\"><svg xmlns=\"http:\/\/www.w3.org\/2000\/svg\" width=\"510\" height=\"510\" viewBox=\"0 0 510 510\"><path fill=\"#a1e877\" d=\"M459 0H51C23 0 0 23 0 51v459l102-102h357c28.1 0 51-22.9 51-51V51C510 23 487.1 0 459 0zM178.5 229.5h-51v-51h51V229.5zM280.5 229.5h-51v-51h51V229.5zM382.5 229.5h-51v-51h51V229.5z\"\/><\/svg><\/span><\/a><\/li><\/ul><\/div>","protected":false},"excerpt":{"rendered":"<p>Hallo Freunde, ach &#8211; was wollte ich nicht alles f\u00fcr Euch in Erfahrung bringen, um interessante Neuigkeiten aus dem Tierheim zu berichten &#8230; aber dieses Mal werde ich fast nur \u00fcber mich selbst schreiben. In den letzten Wochen war ich sehr mit mir besch\u00e4ftigt, weil es mir nicht so gut &#8230;<\/p>\n","protected":false},"author":3,"featured_media":16945,"comment_status":"closed","ping_status":"open","sticky":false,"template":"","format":"aside","meta":{"ngg_post_thumbnail":0,"footnotes":""},"categories":[1,38],"tags":[],"class_list":["post-16944","post","type-post","status-publish","format-aside","has-post-thumbnail","hentry","category-aktuell","category-atrejus","post_format-post-format-aside","column","threecol","has-thumbnail"],"yoast_head":"<!-- This site is optimized with the Yoast SEO plugin v24.6 - https:\/\/yoast.com\/wordpress\/plugins\/seo\/ -->\n<title>Ein Spitz in eigener Sache... | TIERHEIM MOERS<\/title>\n<meta name=\"robots\" content=\"index, follow, max-snippet:-1, max-image-preview:large, max-video-preview:-1\" \/>\n<link rel=\"canonical\" href=\"https:\/\/tierheim-moers.de\/Wordpress\/ein-spitz-in-eigener-sache\/\" \/>\n<meta property=\"og:locale\" content=\"de_DE\" \/>\n<meta property=\"og:type\" content=\"article\" \/>\n<meta property=\"og:title\" content=\"Ein Spitz in eigener Sache... | TIERHEIM MOERS\" \/>\n<meta property=\"og:description\" content=\"Hallo Freunde, ach &#8211; was wollte ich nicht alles f\u00fcr Euch in Erfahrung bringen, um interessante Neuigkeiten aus dem Tierheim zu berichten &#8230; aber dieses Mal werde ich fast nur \u00fcber mich selbst schreiben. In den &#8230;\" \/>\n<meta property=\"og:url\" content=\"https:\/\/tierheim-moers.de\/Wordpress\/ein-spitz-in-eigener-sache\/\" \/>\n<meta property=\"og:site_name\" content=\"TIERHEIM MOERS\" \/>\n<meta property=\"article:publisher\" content=\"https:\/\/de-de.facebook.com\/moers.tierheim\" \/>\n<meta property=\"article:published_time\" content=\"2017-09-23T08:03:52+00:00\" \/>\n<meta property=\"og:image\" content=\"https:\/\/tierheim-moers.de\/Wordpress\/wp-content\/uploads\/2017\/09\/Atreju_Box-1024x576.jpg\" \/>\n\t<meta property=\"og:image:width\" content=\"1024\" \/>\n\t<meta property=\"og:image:height\" content=\"576\" \/>\n\t<meta property=\"og:image:type\" content=\"image\/jpeg\" \/>\n<meta name=\"author\" content=\"tierheim2014\" \/>\n<meta name=\"twitter:card\" content=\"summary_large_image\" \/>\n<meta name=\"twitter:label1\" content=\"Verfasst von\" \/>\n\t<meta name=\"twitter:data1\" content=\"tierheim2014\" \/>\n\t<meta name=\"twitter:label2\" content=\"Gesch\u00e4tzte Lesezeit\" \/>\n\t<meta name=\"twitter:data2\" content=\"6\u00a0Minuten\" \/>\n<script type=\"application\/ld+json\" class=\"yoast-schema-graph\">{\"@context\":\"https:\/\/schema.org\",\"@graph\":[{\"@type\":\"Article\",\"@id\":\"https:\/\/tierheim-moers.de\/Wordpress\/ein-spitz-in-eigener-sache\/#article\",\"isPartOf\":{\"@id\":\"https:\/\/tierheim-moers.de\/Wordpress\/ein-spitz-in-eigener-sache\/\"},\"author\":{\"name\":\"tierheim2014\",\"@id\":\"https:\/\/tierheim-moers.de\/Wordpress\/#\/schema\/person\/bb66fcdf55ca8d06b229c0e748f4a4db\"},\"headline\":\"Ein Spitz in eigener Sache&#8230;\",\"datePublished\":\"2017-09-23T08:03:52+00:00\",\"mainEntityOfPage\":{\"@id\":\"https:\/\/tierheim-moers.de\/Wordpress\/ein-spitz-in-eigener-sache\/\"},\"wordCount\":1155,\"publisher\":{\"@id\":\"https:\/\/tierheim-moers.de\/Wordpress\/#organization\"},\"image\":{\"@id\":\"https:\/\/tierheim-moers.de\/Wordpress\/ein-spitz-in-eigener-sache\/#primaryimage\"},\"thumbnailUrl\":\"https:\/\/tierheim-moers.de\/Wordpress\/wp-content\/uploads\/2017\/09\/Atreju_Box.jpg\",\"articleSection\":[\"Aktuell\",\"Atreju's Logbuch\"],\"inLanguage\":\"de\"},{\"@type\":\"WebPage\",\"@id\":\"https:\/\/tierheim-moers.de\/Wordpress\/ein-spitz-in-eigener-sache\/\",\"url\":\"https:\/\/tierheim-moers.de\/Wordpress\/ein-spitz-in-eigener-sache\/\",\"name\":\"Ein Spitz in eigener Sache... | TIERHEIM MOERS\",\"isPartOf\":{\"@id\":\"https:\/\/tierheim-moers.de\/Wordpress\/#website\"},\"primaryImageOfPage\":{\"@id\":\"https:\/\/tierheim-moers.de\/Wordpress\/ein-spitz-in-eigener-sache\/#primaryimage\"},\"image\":{\"@id\":\"https:\/\/tierheim-moers.de\/Wordpress\/ein-spitz-in-eigener-sache\/#primaryimage\"},\"thumbnailUrl\":\"https:\/\/tierheim-moers.de\/Wordpress\/wp-content\/uploads\/2017\/09\/Atreju_Box.jpg\",\"datePublished\":\"2017-09-23T08:03:52+00:00\",\"breadcrumb\":{\"@id\":\"https:\/\/tierheim-moers.de\/Wordpress\/ein-spitz-in-eigener-sache\/#breadcrumb\"},\"inLanguage\":\"de\",\"potentialAction\":[{\"@type\":\"ReadAction\",\"target\":[\"https:\/\/tierheim-moers.de\/Wordpress\/ein-spitz-in-eigener-sache\/\"]}]},{\"@type\":\"ImageObject\",\"inLanguage\":\"de\",\"@id\":\"https:\/\/tierheim-moers.de\/Wordpress\/ein-spitz-in-eigener-sache\/#primaryimage\",\"url\":\"https:\/\/tierheim-moers.de\/Wordpress\/wp-content\/uploads\/2017\/09\/Atreju_Box.jpg\",\"contentUrl\":\"https:\/\/tierheim-moers.de\/Wordpress\/wp-content\/uploads\/2017\/09\/Atreju_Box.jpg\",\"width\":3264,\"height\":1836},{\"@type\":\"BreadcrumbList\",\"@id\":\"https:\/\/tierheim-moers.de\/Wordpress\/ein-spitz-in-eigener-sache\/#breadcrumb\",\"itemListElement\":[{\"@type\":\"ListItem\",\"position\":1,\"name\":\"Startseite\",\"item\":\"https:\/\/tierheim-moers.de\/Wordpress\/\"},{\"@type\":\"ListItem\",\"position\":2,\"name\":\"Ein Spitz in eigener Sache&#8230;\"}]},{\"@type\":\"WebSite\",\"@id\":\"https:\/\/tierheim-moers.de\/Wordpress\/#website\",\"url\":\"https:\/\/tierheim-moers.de\/Wordpress\/\",\"name\":\"Tierheim Moers\",\"description\":\"Tierheim | Hundepension | Tierschutz | Moers\",\"publisher\":{\"@id\":\"https:\/\/tierheim-moers.de\/Wordpress\/#organization\"},\"potentialAction\":[{\"@type\":\"SearchAction\",\"target\":{\"@type\":\"EntryPoint\",\"urlTemplate\":\"https:\/\/tierheim-moers.de\/Wordpress\/?s={search_term_string}\"},\"query-input\":{\"@type\":\"PropertyValueSpecification\",\"valueRequired\":true,\"valueName\":\"search_term_string\"}}],\"inLanguage\":\"de\"},{\"@type\":\"Organization\",\"@id\":\"https:\/\/tierheim-moers.de\/Wordpress\/#organization\",\"name\":\"Tierheim Moers\",\"url\":\"https:\/\/tierheim-moers.de\/Wordpress\/\",\"logo\":{\"@type\":\"ImageObject\",\"inLanguage\":\"de\",\"@id\":\"https:\/\/tierheim-moers.de\/Wordpress\/#\/schema\/logo\/image\/\",\"url\":\"https:\/\/tierheim-moers.de\/Wordpress\/wp-content\/uploads\/2014\/04\/Logo-TSV-Moers-V01-RGB-300.png\",\"contentUrl\":\"https:\/\/tierheim-moers.de\/Wordpress\/wp-content\/uploads\/2014\/04\/Logo-TSV-Moers-V01-RGB-300.png\",\"width\":1052,\"height\":1038,\"caption\":\"Tierheim Moers\"},\"image\":{\"@id\":\"https:\/\/tierheim-moers.de\/Wordpress\/#\/schema\/logo\/image\/\"},\"sameAs\":[\"https:\/\/de-de.facebook.com\/moers.tierheim\"]},{\"@type\":\"Person\",\"@id\":\"https:\/\/tierheim-moers.de\/Wordpress\/#\/schema\/person\/bb66fcdf55ca8d06b229c0e748f4a4db\",\"name\":\"tierheim2014\",\"image\":{\"@type\":\"ImageObject\",\"inLanguage\":\"de\",\"@id\":\"https:\/\/tierheim-moers.de\/Wordpress\/#\/schema\/person\/image\/\",\"url\":\"https:\/\/secure.gravatar.com\/avatar\/a11d93b0c6655bcc0a595174970baea60c3be93d07d0c82976034f22f0e26a03?s=96&d=mm&r=g\",\"contentUrl\":\"https:\/\/secure.gravatar.com\/avatar\/a11d93b0c6655bcc0a595174970baea60c3be93d07d0c82976034f22f0e26a03?s=96&d=mm&r=g\",\"caption\":\"tierheim2014\"},\"url\":\"https:\/\/tierheim-moers.de\/Wordpress\/author\/tierheim2014\/\"}]}<\/script>\n<!-- \/ Yoast SEO plugin. -->","yoast_head_json":{"title":"Ein Spitz in eigener Sache... | TIERHEIM MOERS","robots":{"index":"index","follow":"follow","max-snippet":"max-snippet:-1","max-image-preview":"max-image-preview:large","max-video-preview":"max-video-preview:-1"},"canonical":"https:\/\/tierheim-moers.de\/Wordpress\/ein-spitz-in-eigener-sache\/","og_locale":"de_DE","og_type":"article","og_title":"Ein Spitz in eigener Sache... | TIERHEIM MOERS","og_description":"Hallo Freunde, ach &#8211; was wollte ich nicht alles f\u00fcr Euch in Erfahrung bringen, um interessante Neuigkeiten aus dem Tierheim zu berichten &#8230; aber dieses Mal werde ich fast nur \u00fcber mich selbst schreiben. In den &#8230;","og_url":"https:\/\/tierheim-moers.de\/Wordpress\/ein-spitz-in-eigener-sache\/","og_site_name":"TIERHEIM MOERS","article_publisher":"https:\/\/de-de.facebook.com\/moers.tierheim","article_published_time":"2017-09-23T08:03:52+00:00","og_image":[{"width":1024,"height":576,"url":"https:\/\/tierheim-moers.de\/Wordpress\/wp-content\/uploads\/2017\/09\/Atreju_Box-1024x576.jpg","type":"image\/jpeg"}],"author":"tierheim2014","twitter_card":"summary_large_image","twitter_misc":{"Verfasst von":"tierheim2014","Gesch\u00e4tzte Lesezeit":"6\u00a0Minuten"},"schema":{"@context":"https:\/\/schema.org","@graph":[{"@type":"Article","@id":"https:\/\/tierheim-moers.de\/Wordpress\/ein-spitz-in-eigener-sache\/#article","isPartOf":{"@id":"https:\/\/tierheim-moers.de\/Wordpress\/ein-spitz-in-eigener-sache\/"},"author":{"name":"tierheim2014","@id":"https:\/\/tierheim-moers.de\/Wordpress\/#\/schema\/person\/bb66fcdf55ca8d06b229c0e748f4a4db"},"headline":"Ein Spitz in eigener Sache&#8230;","datePublished":"2017-09-23T08:03:52+00:00","mainEntityOfPage":{"@id":"https:\/\/tierheim-moers.de\/Wordpress\/ein-spitz-in-eigener-sache\/"},"wordCount":1155,"publisher":{"@id":"https:\/\/tierheim-moers.de\/Wordpress\/#organization"},"image":{"@id":"https:\/\/tierheim-moers.de\/Wordpress\/ein-spitz-in-eigener-sache\/#primaryimage"},"thumbnailUrl":"https:\/\/tierheim-moers.de\/Wordpress\/wp-content\/uploads\/2017\/09\/Atreju_Box.jpg","articleSection":["Aktuell","Atreju's Logbuch"],"inLanguage":"de"},{"@type":"WebPage","@id":"https:\/\/tierheim-moers.de\/Wordpress\/ein-spitz-in-eigener-sache\/","url":"https:\/\/tierheim-moers.de\/Wordpress\/ein-spitz-in-eigener-sache\/","name":"Ein Spitz in eigener Sache... | TIERHEIM MOERS","isPartOf":{"@id":"https:\/\/tierheim-moers.de\/Wordpress\/#website"},"primaryImageOfPage":{"@id":"https:\/\/tierheim-moers.de\/Wordpress\/ein-spitz-in-eigener-sache\/#primaryimage"},"image":{"@id":"https:\/\/tierheim-moers.de\/Wordpress\/ein-spitz-in-eigener-sache\/#primaryimage"},"thumbnailUrl":"https:\/\/tierheim-moers.de\/Wordpress\/wp-content\/uploads\/2017\/09\/Atreju_Box.jpg","datePublished":"2017-09-23T08:03:52+00:00","breadcrumb":{"@id":"https:\/\/tierheim-moers.de\/Wordpress\/ein-spitz-in-eigener-sache\/#breadcrumb"},"inLanguage":"de","potentialAction":[{"@type":"ReadAction","target":["https:\/\/tierheim-moers.de\/Wordpress\/ein-spitz-in-eigener-sache\/"]}]},{"@type":"ImageObject","inLanguage":"de","@id":"https:\/\/tierheim-moers.de\/Wordpress\/ein-spitz-in-eigener-sache\/#primaryimage","url":"https:\/\/tierheim-moers.de\/Wordpress\/wp-content\/uploads\/2017\/09\/Atreju_Box.jpg","contentUrl":"https:\/\/tierheim-moers.de\/Wordpress\/wp-content\/uploads\/2017\/09\/Atreju_Box.jpg","width":3264,"height":1836},{"@type":"BreadcrumbList","@id":"https:\/\/tierheim-moers.de\/Wordpress\/ein-spitz-in-eigener-sache\/#breadcrumb","itemListElement":[{"@type":"ListItem","position":1,"name":"Startseite","item":"https:\/\/tierheim-moers.de\/Wordpress\/"},{"@type":"ListItem","position":2,"name":"Ein Spitz in eigener Sache&#8230;"}]},{"@type":"WebSite","@id":"https:\/\/tierheim-moers.de\/Wordpress\/#website","url":"https:\/\/tierheim-moers.de\/Wordpress\/","name":"Tierheim Moers","description":"Tierheim | Hundepension | Tierschutz | Moers","publisher":{"@id":"https:\/\/tierheim-moers.de\/Wordpress\/#organization"},"potentialAction":[{"@type":"SearchAction","target":{"@type":"EntryPoint","urlTemplate":"https:\/\/tierheim-moers.de\/Wordpress\/?s={search_term_string}"},"query-input":{"@type":"PropertyValueSpecification","valueRequired":true,"valueName":"search_term_string"}}],"inLanguage":"de"},{"@type":"Organization","@id":"https:\/\/tierheim-moers.de\/Wordpress\/#organization","name":"Tierheim Moers","url":"https:\/\/tierheim-moers.de\/Wordpress\/","logo":{"@type":"ImageObject","inLanguage":"de","@id":"https:\/\/tierheim-moers.de\/Wordpress\/#\/schema\/logo\/image\/","url":"https:\/\/tierheim-moers.de\/Wordpress\/wp-content\/uploads\/2014\/04\/Logo-TSV-Moers-V01-RGB-300.png","contentUrl":"https:\/\/tierheim-moers.de\/Wordpress\/wp-content\/uploads\/2014\/04\/Logo-TSV-Moers-V01-RGB-300.png","width":1052,"height":1038,"caption":"Tierheim Moers"},"image":{"@id":"https:\/\/tierheim-moers.de\/Wordpress\/#\/schema\/logo\/image\/"},"sameAs":["https:\/\/de-de.facebook.com\/moers.tierheim"]},{"@type":"Person","@id":"https:\/\/tierheim-moers.de\/Wordpress\/#\/schema\/person\/bb66fcdf55ca8d06b229c0e748f4a4db","name":"tierheim2014","image":{"@type":"ImageObject","inLanguage":"de","@id":"https:\/\/tierheim-moers.de\/Wordpress\/#\/schema\/person\/image\/","url":"https:\/\/secure.gravatar.com\/avatar\/a11d93b0c6655bcc0a595174970baea60c3be93d07d0c82976034f22f0e26a03?s=96&d=mm&r=g","contentUrl":"https:\/\/secure.gravatar.com\/avatar\/a11d93b0c6655bcc0a595174970baea60c3be93d07d0c82976034f22f0e26a03?s=96&d=mm&r=g","caption":"tierheim2014"},"url":"https:\/\/tierheim-moers.de\/Wordpress\/author\/tierheim2014\/"}]}},"_links":{"self":[{"href":"https:\/\/tierheim-moers.de\/Wordpress\/wp-json\/wp\/v2\/posts\/16944","targetHints":{"allow":["GET"]}}],"collection":[{"href":"https:\/\/tierheim-moers.de\/Wordpress\/wp-json\/wp\/v2\/posts"}],"about":[{"href":"https:\/\/tierheim-moers.de\/Wordpress\/wp-json\/wp\/v2\/types\/post"}],"author":[{"embeddable":true,"href":"https:\/\/tierheim-moers.de\/Wordpress\/wp-json\/wp\/v2\/users\/3"}],"replies":[{"embeddable":true,"href":"https:\/\/tierheim-moers.de\/Wordpress\/wp-json\/wp\/v2\/comments?post=16944"}],"version-history":[{"count":1,"href":"https:\/\/tierheim-moers.de\/Wordpress\/wp-json\/wp\/v2\/posts\/16944\/revisions"}],"predecessor-version":[{"id":16950,"href":"https:\/\/tierheim-moers.de\/Wordpress\/wp-json\/wp\/v2\/posts\/16944\/revisions\/16950"}],"wp:featuredmedia":[{"embeddable":true,"href":"https:\/\/tierheim-moers.de\/Wordpress\/wp-json\/wp\/v2\/media\/16945"}],"wp:attachment":[{"href":"https:\/\/tierheim-moers.de\/Wordpress\/wp-json\/wp\/v2\/media?parent=16944"}],"wp:term":[{"taxonomy":"category","embeddable":true,"href":"https:\/\/tierheim-moers.de\/Wordpress\/wp-json\/wp\/v2\/categories?post=16944"},{"taxonomy":"post_tag","embeddable":true,"href":"https:\/\/tierheim-moers.de\/Wordpress\/wp-json\/wp\/v2\/tags?post=16944"}],"curies":[{"name":"wp","href":"https:\/\/api.w.org\/{rel}","templated":true}]}}