{"id":17541,"date":"2017-11-04T19:32:43","date_gmt":"2017-11-04T17:32:43","guid":{"rendered":"http:\/\/tierheim-moers.de\/Wordpress\/?p=17541"},"modified":"2017-11-06T16:13:53","modified_gmt":"2017-11-06T14:13:53","slug":"moritz-ist-jetzt-ganz-zu-hause","status":"publish","type":"post","link":"https:\/\/tierheim-moers.de\/Wordpress\/moritz-ist-jetzt-ganz-zu-hause\/","title":{"rendered":"Moritz ist jetzt ganz zu Hause"},"content":{"rendered":"<p><a href=\"http:\/\/tierheim-moers.de\/Wordpress\/wp-content\/uploads\/2017\/11\/moritz-sept.-2017-2.jpg\"><img fetchpriority=\"high\" decoding=\"async\" class=\"alignnone size-medium wp-image-17542\" src=\"http:\/\/tierheim-moers.de\/Wordpress\/wp-content\/uploads\/2017\/11\/moritz-sept.-2017-2-300x300.jpg\" alt=\"\" width=\"300\" height=\"300\" srcset=\"https:\/\/tierheim-moers.de\/Wordpress\/wp-content\/uploads\/2017\/11\/moritz-sept.-2017-2-300x300.jpg 300w, https:\/\/tierheim-moers.de\/Wordpress\/wp-content\/uploads\/2017\/11\/moritz-sept.-2017-2-150x150.jpg 150w, https:\/\/tierheim-moers.de\/Wordpress\/wp-content\/uploads\/2017\/11\/moritz-sept.-2017-2-768x768.jpg 768w, https:\/\/tierheim-moers.de\/Wordpress\/wp-content\/uploads\/2017\/11\/moritz-sept.-2017-2-600x600.jpg 600w, https:\/\/tierheim-moers.de\/Wordpress\/wp-content\/uploads\/2017\/11\/moritz-sept.-2017-2-432x432.jpg 432w, https:\/\/tierheim-moers.de\/Wordpress\/wp-content\/uploads\/2017\/11\/moritz-sept.-2017-2-268x268.jpg 268w, https:\/\/tierheim-moers.de\/Wordpress\/wp-content\/uploads\/2017\/11\/moritz-sept.-2017-2-700x700.jpg 700w, https:\/\/tierheim-moers.de\/Wordpress\/wp-content\/uploads\/2017\/11\/moritz-sept.-2017-2-45x45.jpg 45w, https:\/\/tierheim-moers.de\/Wordpress\/wp-content\/uploads\/2017\/11\/moritz-sept.-2017-2.jpg 960w\" sizes=\"(max-width: 300px) 100vw, 300px\" \/><\/a><\/p>\n<p><span id=\"fbPhotoSnowliftCaption\" class=\"fbPhotosPhotoCaption\" tabindex=\"0\" data-ft=\"{&quot;tn&quot;:&quot;K&quot;}\"><span class=\"hasCaption\">Ende August ist Moritz in sein Forever Home gezogen. Moritz war bei uns im Tierheim eher ein H\u00f6hlenkater und auch in der ersten Zeit in seinem neuen Zuhause, hat er sich alles erst einmal in Ruhe angeschaut.<br \/>\nSeine Dosen\u00f6ffner hatten sehr viel Verst\u00e4ndnis f\u00fcr ihn und haben ihm die Zeit gegeben.<br \/>\nAuf den Fotos sieht man deutlich, dass er nun vollkommen angekommen ist und sich rundum wohl f\u00fchlt:<\/span><\/span><\/p>\n<p>&#8220;M<span class=\"text_exposed_show\">oritz hat sich bei uns sehr gut eingelebt. Er ist sehr anh\u00e4nglich und fordert viel Zuneigung und Aufmerksamkeit. Er macht uns sehr viel Freude. <span class=\"_5mfr _47e3\"><img decoding=\"async\" class=\"img\" src=\"https:\/\/www.facebook.com\/images\/emoji.php\/v9\/fce\/1\/16\/1f600.png\" alt=\"\" width=\"16\" height=\"16\" \/><span class=\"_7oe\">&#x1f600;<\/span><\/span>&#8220;<\/span><\/p>\n<p><span class=\" UFICommentActorAndBody\"><span class=\"\"><span class=\" UFICommentActorName\" dir=\"ltr\">Annemarie B.:<\/span><\/span><\/span><\/p>\n<p><span class=\" UFICommentActorAndBody\"> <span data-ft=\"{&quot;tn&quot;:&quot;K&quot;}\"><span class=\"UFICommentBody\">Am tollsten findet Moritz den Garten, da er fr\u00fcher wohl Wohnungskatze war. Fr\u00fch morgens sitzt er schon vor der Katzenklappe und will raus, da er gerne sein Gesch\u00e4ft dort macht. Auch das Wasser aus dem Fischteich muss gut schmecken<span class=\"_47e3 _5mfr\"><img decoding=\"async\" class=\"img\" src=\"https:\/\/www.facebook.com\/images\/emoji.php\/v9\/fd0\/1\/16\/1f602.png\" alt=\"\" width=\"16\" height=\"16\" \/><span class=\"_7oe\">&#x1f602;<\/span><\/span> und Fische beobachten ist auch super. Mal sehen, wann er den ersten Fisch f\u00e4ngt<span class=\"_47e3 _5mfr\"><img loading=\"lazy\" decoding=\"async\" class=\"img\" src=\"https:\/\/www.facebook.com\/images\/emoji.php\/v9\/fab\/1\/16\/1f630.png\" alt=\"\" width=\"16\" height=\"16\" \/><span class=\"_7oe\">&#x1f630;<\/span><\/span>.<br \/>\nMit seinen 10 Jahren hat er alles schnell gelernt und f\u00fchlt sich rundherum wohl<span class=\"_47e3 _5mfr\"><img decoding=\"async\" class=\"img\" src=\"https:\/\/www.facebook.com\/images\/emoji.php\/v9\/fce\/1\/16\/1f600.png\" alt=\"\" width=\"16\" height=\"16\" \/><\/span><\/span><\/span><\/span><\/p>\n<p>Wir freuen uns wirklich f\u00fcr jeden unserer Sch\u00fctzlinge, der ein neues Zuhause findet, aber ein kleiner Extrastein f\u00e4llt uns immer vom Herzen, wenn so eine zur\u00fcckhaltende Samtpfote, wie auch Moritz es war, verst\u00e4ndnis- und liebevolle Dosen\u00f6ffner findet und wieder Wurzeln schlagen darf.<\/p>\n<p>Tierheimteam 04.11.2017<\/p>\n<div class=\"shariff shariff-align-flex-start shariff-widget-align-center\" data-url=\"https%3A%2F%2Ftierheim-moers.de%2FWordpress%2Fmoritz-ist-jetzt-ganz-zu-hause%2F\" data-timestamp=\"1509984833\" data-hidezero=\"1\" data-backendurl=\"https:\/\/tierheim-moers.de\/Wordpress\/wp-json\/shariff\/v1\/share_counts?\"><ul class=\"shariff-buttons theme-round orientation-horizontal buttonsize-small\"><li class=\"shariff-button facebook shariff-nocustomcolor\" style=\"background-color:#4273c8\"><a href=\"https:\/\/www.facebook.com\/sharer\/sharer.php?u=https%3A%2F%2Ftierheim-moers.de%2FWordpress%2Fmoritz-ist-jetzt-ganz-zu-hause%2F\" title=\"Bei Facebook teilen\" aria-label=\"Bei Facebook teilen\" role=\"button\" rel=\"nofollow\" class=\"shariff-link\" style=\"; background-color:#3b5998; color:#fff\" target=\"_blank\"><span class=\"shariff-icon\" style=\"\"><svg width=\"32px\" height=\"20px\" xmlns=\"http:\/\/www.w3.org\/2000\/svg\" viewBox=\"0 0 18 32\"><path fill=\"#3b5998\" d=\"M17.1 0.2v4.7h-2.8q-1.5 0-2.1 0.6t-0.5 1.9v3.4h5.2l-0.7 5.3h-4.5v13.6h-5.5v-13.6h-4.5v-5.3h4.5v-3.9q0-3.3 1.9-5.2t5-1.8q2.6 0 4.1 0.2z\"\/><\/svg><\/span><\/a><\/li><li class=\"shariff-button twitter shariff-nocustomcolor\" style=\"background-color:#595959\"><a href=\"https:\/\/twitter.com\/share?url=https%3A%2F%2Ftierheim-moers.de%2FWordpress%2Fmoritz-ist-jetzt-ganz-zu-hause%2F&text=Moritz%20ist%20jetzt%20ganz%20zu%20Hause\" title=\"Bei X teilen\" aria-label=\"Bei X teilen\" role=\"button\" rel=\"noopener nofollow\" class=\"shariff-link\" style=\"; background-color:#000; color:#fff\" target=\"_blank\"><span class=\"shariff-icon\" style=\"\"><svg width=\"32px\" height=\"20px\" xmlns=\"http:\/\/www.w3.org\/2000\/svg\" viewBox=\"0 0 24 24\"><path fill=\"#000\" d=\"M14.258 10.152L23.176 0h-2.113l-7.747 8.813L7.133 0H0l9.352 13.328L0 23.973h2.113l8.176-9.309 6.531 9.309h7.133zm-2.895 3.293l-.949-1.328L2.875 1.56h3.246l6.086 8.523.945 1.328 7.91 11.078h-3.246zm0 0\"\/><\/svg><\/span><\/a><\/li><li class=\"shariff-button whatsapp shariff-nocustomcolor\" style=\"background-color:#5cbe4a\"><a href=\"https:\/\/api.whatsapp.com\/send?text=https%3A%2F%2Ftierheim-moers.de%2FWordpress%2Fmoritz-ist-jetzt-ganz-zu-hause%2F%20Moritz%20ist%20jetzt%20ganz%20zu%20Hause\" title=\"Bei Whatsapp teilen\" aria-label=\"Bei Whatsapp teilen\" role=\"button\" rel=\"noopener nofollow\" class=\"shariff-link\" style=\"; background-color:#34af23; color:#fff\" target=\"_blank\"><span class=\"shariff-icon\" style=\"\"><svg width=\"32px\" height=\"20px\" xmlns=\"http:\/\/www.w3.org\/2000\/svg\" viewBox=\"0 0 32 32\"><path fill=\"#34af23\" d=\"M17.6 17.4q0.2 0 1.7 0.8t1.6 0.9q0 0.1 0 0.3 0 0.6-0.3 1.4-0.3 0.7-1.3 1.2t-1.8 0.5q-1 0-3.4-1.1-1.7-0.8-3-2.1t-2.6-3.3q-1.3-1.9-1.3-3.5v-0.1q0.1-1.6 1.3-2.8 0.4-0.4 0.9-0.4 0.1 0 0.3 0t0.3 0q0.3 0 0.5 0.1t0.3 0.5q0.1 0.4 0.6 1.6t0.4 1.3q0 0.4-0.6 1t-0.6 0.8q0 0.1 0.1 0.3 0.6 1.3 1.8 2.4 1 0.9 2.7 1.8 0.2 0.1 0.4 0.1 0.3 0 1-0.9t0.9-0.9zM14 26.9q2.3 0 4.3-0.9t3.6-2.4 2.4-3.6 0.9-4.3-0.9-4.3-2.4-3.6-3.6-2.4-4.3-0.9-4.3 0.9-3.6 2.4-2.4 3.6-0.9 4.3q0 3.6 2.1 6.6l-1.4 4.2 4.3-1.4q2.8 1.9 6.2 1.9zM14 2.2q2.7 0 5.2 1.1t4.3 2.9 2.9 4.3 1.1 5.2-1.1 5.2-2.9 4.3-4.3 2.9-5.2 1.1q-3.5 0-6.5-1.7l-7.4 2.4 2.4-7.2q-1.9-3.2-1.9-6.9 0-2.7 1.1-5.2t2.9-4.3 4.3-2.9 5.2-1.1z\"\/><\/svg><\/span><\/a><\/li><li class=\"shariff-button sms shariff-nocustomcolor shariff-mobile\" style=\"background-color:#d7d9d8\"><a href=\"sms:?&body=https%3A%2F%2Ftierheim-moers.de%2FWordpress%2Fmoritz-ist-jetzt-ganz-zu-hause%2F\" title=\"Per SMS teilen\" aria-label=\"Per SMS teilen\" role=\"button\" rel=\"noopener nofollow\" class=\"shariff-link\" style=\"; background-color:#a1e877; color:#fff\" target=\"_blank\"><span class=\"shariff-icon\" style=\"\"><svg xmlns=\"http:\/\/www.w3.org\/2000\/svg\" width=\"510\" height=\"510\" viewBox=\"0 0 510 510\"><path fill=\"#a1e877\" d=\"M459 0H51C23 0 0 23 0 51v459l102-102h357c28.1 0 51-22.9 51-51V51C510 23 487.1 0 459 0zM178.5 229.5h-51v-51h51V229.5zM280.5 229.5h-51v-51h51V229.5zM382.5 229.5h-51v-51h51V229.5z\"\/><\/svg><\/span><\/a><\/li><\/ul><\/div>","protected":false},"excerpt":{"rendered":"<p>Ende August ist Moritz in sein Forever Home gezogen. Moritz war bei uns im Tierheim eher ein H\u00f6hlenkater und auch in der ersten Zeit in seinem neuen Zuhause, hat er sich alles erst einmal in Ruhe angeschaut. Seine Dosen\u00f6ffner hatten sehr viel Verst\u00e4ndnis f\u00fcr ihn und haben ihm die Zeit &#8230;<\/p>\n","protected":false},"author":4,"featured_media":17542,"comment_status":"closed","ping_status":"open","sticky":false,"template":"","format":"standard","meta":{"ngg_post_thumbnail":0,"footnotes":""},"categories":[32],"tags":[],"class_list":["post-17541","post","type-post","status-publish","format-standard","has-post-thumbnail","hentry","category-erfolgsgeschichten","column","threecol","has-thumbnail"],"yoast_head":"<!-- This site is optimized with the Yoast SEO plugin v24.6 - https:\/\/yoast.com\/wordpress\/plugins\/seo\/ -->\n<title>Moritz ist jetzt ganz zu Hause | TIERHEIM MOERS<\/title>\n<meta name=\"robots\" content=\"index, follow, max-snippet:-1, max-image-preview:large, max-video-preview:-1\" \/>\n<link rel=\"canonical\" href=\"https:\/\/tierheim-moers.de\/Wordpress\/moritz-ist-jetzt-ganz-zu-hause\/\" \/>\n<meta property=\"og:locale\" content=\"de_DE\" \/>\n<meta property=\"og:type\" content=\"article\" \/>\n<meta property=\"og:title\" content=\"Moritz ist jetzt ganz zu Hause | TIERHEIM MOERS\" \/>\n<meta property=\"og:description\" content=\"Ende August ist Moritz in sein Forever Home gezogen. Moritz war bei uns im Tierheim eher ein H\u00f6hlenkater und auch in der &#8230;\" \/>\n<meta property=\"og:url\" content=\"https:\/\/tierheim-moers.de\/Wordpress\/moritz-ist-jetzt-ganz-zu-hause\/\" \/>\n<meta property=\"og:site_name\" content=\"TIERHEIM MOERS\" \/>\n<meta property=\"article:publisher\" content=\"https:\/\/de-de.facebook.com\/moers.tierheim\" \/>\n<meta property=\"article:published_time\" content=\"2017-11-04T17:32:43+00:00\" \/>\n<meta property=\"article:modified_time\" content=\"2017-11-06T14:13:53+00:00\" \/>\n<meta property=\"og:image\" content=\"https:\/\/tierheim-moers.de\/Wordpress\/wp-content\/uploads\/2017\/11\/moritz-sept.-2017-2.jpg\" \/>\n\t<meta property=\"og:image:width\" content=\"960\" \/>\n\t<meta property=\"og:image:height\" content=\"960\" \/>\n\t<meta property=\"og:image:type\" content=\"image\/jpeg\" \/>\n<meta name=\"author\" content=\"Gisela Kuhnen\" \/>\n<meta name=\"twitter:card\" content=\"summary_large_image\" \/>\n<meta name=\"twitter:label1\" content=\"Verfasst von\" \/>\n\t<meta name=\"twitter:data1\" content=\"Gisela Kuhnen\" \/>\n\t<meta name=\"twitter:label2\" content=\"Gesch\u00e4tzte Lesezeit\" \/>\n\t<meta name=\"twitter:data2\" content=\"1\u00a0Minute\" \/>\n<script type=\"application\/ld+json\" class=\"yoast-schema-graph\">{\"@context\":\"https:\/\/schema.org\",\"@graph\":[{\"@type\":\"Article\",\"@id\":\"https:\/\/tierheim-moers.de\/Wordpress\/moritz-ist-jetzt-ganz-zu-hause\/#article\",\"isPartOf\":{\"@id\":\"https:\/\/tierheim-moers.de\/Wordpress\/moritz-ist-jetzt-ganz-zu-hause\/\"},\"author\":{\"name\":\"Gisela Kuhnen\",\"@id\":\"https:\/\/tierheim-moers.de\/Wordpress\/#\/schema\/person\/35ad410ed2d8620d4f57f813585b0d8e\"},\"headline\":\"Moritz ist jetzt ganz zu Hause\",\"datePublished\":\"2017-11-04T17:32:43+00:00\",\"dateModified\":\"2017-11-06T14:13:53+00:00\",\"mainEntityOfPage\":{\"@id\":\"https:\/\/tierheim-moers.de\/Wordpress\/moritz-ist-jetzt-ganz-zu-hause\/\"},\"wordCount\":232,\"publisher\":{\"@id\":\"https:\/\/tierheim-moers.de\/Wordpress\/#organization\"},\"image\":{\"@id\":\"https:\/\/tierheim-moers.de\/Wordpress\/moritz-ist-jetzt-ganz-zu-hause\/#primaryimage\"},\"thumbnailUrl\":\"https:\/\/tierheim-moers.de\/Wordpress\/wp-content\/uploads\/2017\/11\/moritz-sept.-2017-2.jpg\",\"articleSection\":[\"Erfolgsgeschichten\"],\"inLanguage\":\"de\"},{\"@type\":\"WebPage\",\"@id\":\"https:\/\/tierheim-moers.de\/Wordpress\/moritz-ist-jetzt-ganz-zu-hause\/\",\"url\":\"https:\/\/tierheim-moers.de\/Wordpress\/moritz-ist-jetzt-ganz-zu-hause\/\",\"name\":\"Moritz ist jetzt ganz zu Hause | TIERHEIM MOERS\",\"isPartOf\":{\"@id\":\"https:\/\/tierheim-moers.de\/Wordpress\/#website\"},\"primaryImageOfPage\":{\"@id\":\"https:\/\/tierheim-moers.de\/Wordpress\/moritz-ist-jetzt-ganz-zu-hause\/#primaryimage\"},\"image\":{\"@id\":\"https:\/\/tierheim-moers.de\/Wordpress\/moritz-ist-jetzt-ganz-zu-hause\/#primaryimage\"},\"thumbnailUrl\":\"https:\/\/tierheim-moers.de\/Wordpress\/wp-content\/uploads\/2017\/11\/moritz-sept.-2017-2.jpg\",\"datePublished\":\"2017-11-04T17:32:43+00:00\",\"dateModified\":\"2017-11-06T14:13:53+00:00\",\"breadcrumb\":{\"@id\":\"https:\/\/tierheim-moers.de\/Wordpress\/moritz-ist-jetzt-ganz-zu-hause\/#breadcrumb\"},\"inLanguage\":\"de\",\"potentialAction\":[{\"@type\":\"ReadAction\",\"target\":[\"https:\/\/tierheim-moers.de\/Wordpress\/moritz-ist-jetzt-ganz-zu-hause\/\"]}]},{\"@type\":\"ImageObject\",\"inLanguage\":\"de\",\"@id\":\"https:\/\/tierheim-moers.de\/Wordpress\/moritz-ist-jetzt-ganz-zu-hause\/#primaryimage\",\"url\":\"https:\/\/tierheim-moers.de\/Wordpress\/wp-content\/uploads\/2017\/11\/moritz-sept.-2017-2.jpg\",\"contentUrl\":\"https:\/\/tierheim-moers.de\/Wordpress\/wp-content\/uploads\/2017\/11\/moritz-sept.-2017-2.jpg\",\"width\":960,\"height\":960},{\"@type\":\"BreadcrumbList\",\"@id\":\"https:\/\/tierheim-moers.de\/Wordpress\/moritz-ist-jetzt-ganz-zu-hause\/#breadcrumb\",\"itemListElement\":[{\"@type\":\"ListItem\",\"position\":1,\"name\":\"Startseite\",\"item\":\"https:\/\/tierheim-moers.de\/Wordpress\/\"},{\"@type\":\"ListItem\",\"position\":2,\"name\":\"Moritz ist jetzt ganz zu Hause\"}]},{\"@type\":\"WebSite\",\"@id\":\"https:\/\/tierheim-moers.de\/Wordpress\/#website\",\"url\":\"https:\/\/tierheim-moers.de\/Wordpress\/\",\"name\":\"Tierheim Moers\",\"description\":\"Tierheim | Hundepension | Tierschutz | Moers\",\"publisher\":{\"@id\":\"https:\/\/tierheim-moers.de\/Wordpress\/#organization\"},\"potentialAction\":[{\"@type\":\"SearchAction\",\"target\":{\"@type\":\"EntryPoint\",\"urlTemplate\":\"https:\/\/tierheim-moers.de\/Wordpress\/?s={search_term_string}\"},\"query-input\":{\"@type\":\"PropertyValueSpecification\",\"valueRequired\":true,\"valueName\":\"search_term_string\"}}],\"inLanguage\":\"de\"},{\"@type\":\"Organization\",\"@id\":\"https:\/\/tierheim-moers.de\/Wordpress\/#organization\",\"name\":\"Tierheim Moers\",\"url\":\"https:\/\/tierheim-moers.de\/Wordpress\/\",\"logo\":{\"@type\":\"ImageObject\",\"inLanguage\":\"de\",\"@id\":\"https:\/\/tierheim-moers.de\/Wordpress\/#\/schema\/logo\/image\/\",\"url\":\"https:\/\/tierheim-moers.de\/Wordpress\/wp-content\/uploads\/2014\/04\/Logo-TSV-Moers-V01-RGB-300.png\",\"contentUrl\":\"https:\/\/tierheim-moers.de\/Wordpress\/wp-content\/uploads\/2014\/04\/Logo-TSV-Moers-V01-RGB-300.png\",\"width\":1052,\"height\":1038,\"caption\":\"Tierheim Moers\"},\"image\":{\"@id\":\"https:\/\/tierheim-moers.de\/Wordpress\/#\/schema\/logo\/image\/\"},\"sameAs\":[\"https:\/\/de-de.facebook.com\/moers.tierheim\"]},{\"@type\":\"Person\",\"@id\":\"https:\/\/tierheim-moers.de\/Wordpress\/#\/schema\/person\/35ad410ed2d8620d4f57f813585b0d8e\",\"name\":\"Gisela Kuhnen\",\"image\":{\"@type\":\"ImageObject\",\"inLanguage\":\"de\",\"@id\":\"https:\/\/tierheim-moers.de\/Wordpress\/#\/schema\/person\/image\/\",\"url\":\"https:\/\/secure.gravatar.com\/avatar\/807ca84b4538291e2f5dc665ed240a0d4d7ab8f22360ec427a82fe926980b31a?s=96&d=mm&r=g\",\"contentUrl\":\"https:\/\/secure.gravatar.com\/avatar\/807ca84b4538291e2f5dc665ed240a0d4d7ab8f22360ec427a82fe926980b31a?s=96&d=mm&r=g\",\"caption\":\"Gisela Kuhnen\"},\"url\":\"https:\/\/tierheim-moers.de\/Wordpress\/author\/gisela-kuhnen\/\"}]}<\/script>\n<!-- \/ Yoast SEO plugin. -->","yoast_head_json":{"title":"Moritz ist jetzt ganz zu Hause | TIERHEIM MOERS","robots":{"index":"index","follow":"follow","max-snippet":"max-snippet:-1","max-image-preview":"max-image-preview:large","max-video-preview":"max-video-preview:-1"},"canonical":"https:\/\/tierheim-moers.de\/Wordpress\/moritz-ist-jetzt-ganz-zu-hause\/","og_locale":"de_DE","og_type":"article","og_title":"Moritz ist jetzt ganz zu Hause | TIERHEIM MOERS","og_description":"Ende August ist Moritz in sein Forever Home gezogen. Moritz war bei uns im Tierheim eher ein H\u00f6hlenkater und auch in der &#8230;","og_url":"https:\/\/tierheim-moers.de\/Wordpress\/moritz-ist-jetzt-ganz-zu-hause\/","og_site_name":"TIERHEIM MOERS","article_publisher":"https:\/\/de-de.facebook.com\/moers.tierheim","article_published_time":"2017-11-04T17:32:43+00:00","article_modified_time":"2017-11-06T14:13:53+00:00","og_image":[{"width":960,"height":960,"url":"https:\/\/tierheim-moers.de\/Wordpress\/wp-content\/uploads\/2017\/11\/moritz-sept.-2017-2.jpg","type":"image\/jpeg"}],"author":"Gisela Kuhnen","twitter_card":"summary_large_image","twitter_misc":{"Verfasst von":"Gisela Kuhnen","Gesch\u00e4tzte Lesezeit":"1\u00a0Minute"},"schema":{"@context":"https:\/\/schema.org","@graph":[{"@type":"Article","@id":"https:\/\/tierheim-moers.de\/Wordpress\/moritz-ist-jetzt-ganz-zu-hause\/#article","isPartOf":{"@id":"https:\/\/tierheim-moers.de\/Wordpress\/moritz-ist-jetzt-ganz-zu-hause\/"},"author":{"name":"Gisela Kuhnen","@id":"https:\/\/tierheim-moers.de\/Wordpress\/#\/schema\/person\/35ad410ed2d8620d4f57f813585b0d8e"},"headline":"Moritz ist jetzt ganz zu Hause","datePublished":"2017-11-04T17:32:43+00:00","dateModified":"2017-11-06T14:13:53+00:00","mainEntityOfPage":{"@id":"https:\/\/tierheim-moers.de\/Wordpress\/moritz-ist-jetzt-ganz-zu-hause\/"},"wordCount":232,"publisher":{"@id":"https:\/\/tierheim-moers.de\/Wordpress\/#organization"},"image":{"@id":"https:\/\/tierheim-moers.de\/Wordpress\/moritz-ist-jetzt-ganz-zu-hause\/#primaryimage"},"thumbnailUrl":"https:\/\/tierheim-moers.de\/Wordpress\/wp-content\/uploads\/2017\/11\/moritz-sept.-2017-2.jpg","articleSection":["Erfolgsgeschichten"],"inLanguage":"de"},{"@type":"WebPage","@id":"https:\/\/tierheim-moers.de\/Wordpress\/moritz-ist-jetzt-ganz-zu-hause\/","url":"https:\/\/tierheim-moers.de\/Wordpress\/moritz-ist-jetzt-ganz-zu-hause\/","name":"Moritz ist jetzt ganz zu Hause | TIERHEIM MOERS","isPartOf":{"@id":"https:\/\/tierheim-moers.de\/Wordpress\/#website"},"primaryImageOfPage":{"@id":"https:\/\/tierheim-moers.de\/Wordpress\/moritz-ist-jetzt-ganz-zu-hause\/#primaryimage"},"image":{"@id":"https:\/\/tierheim-moers.de\/Wordpress\/moritz-ist-jetzt-ganz-zu-hause\/#primaryimage"},"thumbnailUrl":"https:\/\/tierheim-moers.de\/Wordpress\/wp-content\/uploads\/2017\/11\/moritz-sept.-2017-2.jpg","datePublished":"2017-11-04T17:32:43+00:00","dateModified":"2017-11-06T14:13:53+00:00","breadcrumb":{"@id":"https:\/\/tierheim-moers.de\/Wordpress\/moritz-ist-jetzt-ganz-zu-hause\/#breadcrumb"},"inLanguage":"de","potentialAction":[{"@type":"ReadAction","target":["https:\/\/tierheim-moers.de\/Wordpress\/moritz-ist-jetzt-ganz-zu-hause\/"]}]},{"@type":"ImageObject","inLanguage":"de","@id":"https:\/\/tierheim-moers.de\/Wordpress\/moritz-ist-jetzt-ganz-zu-hause\/#primaryimage","url":"https:\/\/tierheim-moers.de\/Wordpress\/wp-content\/uploads\/2017\/11\/moritz-sept.-2017-2.jpg","contentUrl":"https:\/\/tierheim-moers.de\/Wordpress\/wp-content\/uploads\/2017\/11\/moritz-sept.-2017-2.jpg","width":960,"height":960},{"@type":"BreadcrumbList","@id":"https:\/\/tierheim-moers.de\/Wordpress\/moritz-ist-jetzt-ganz-zu-hause\/#breadcrumb","itemListElement":[{"@type":"ListItem","position":1,"name":"Startseite","item":"https:\/\/tierheim-moers.de\/Wordpress\/"},{"@type":"ListItem","position":2,"name":"Moritz ist jetzt ganz zu Hause"}]},{"@type":"WebSite","@id":"https:\/\/tierheim-moers.de\/Wordpress\/#website","url":"https:\/\/tierheim-moers.de\/Wordpress\/","name":"Tierheim Moers","description":"Tierheim | Hundepension | Tierschutz | Moers","publisher":{"@id":"https:\/\/tierheim-moers.de\/Wordpress\/#organization"},"potentialAction":[{"@type":"SearchAction","target":{"@type":"EntryPoint","urlTemplate":"https:\/\/tierheim-moers.de\/Wordpress\/?s={search_term_string}"},"query-input":{"@type":"PropertyValueSpecification","valueRequired":true,"valueName":"search_term_string"}}],"inLanguage":"de"},{"@type":"Organization","@id":"https:\/\/tierheim-moers.de\/Wordpress\/#organization","name":"Tierheim Moers","url":"https:\/\/tierheim-moers.de\/Wordpress\/","logo":{"@type":"ImageObject","inLanguage":"de","@id":"https:\/\/tierheim-moers.de\/Wordpress\/#\/schema\/logo\/image\/","url":"https:\/\/tierheim-moers.de\/Wordpress\/wp-content\/uploads\/2014\/04\/Logo-TSV-Moers-V01-RGB-300.png","contentUrl":"https:\/\/tierheim-moers.de\/Wordpress\/wp-content\/uploads\/2014\/04\/Logo-TSV-Moers-V01-RGB-300.png","width":1052,"height":1038,"caption":"Tierheim Moers"},"image":{"@id":"https:\/\/tierheim-moers.de\/Wordpress\/#\/schema\/logo\/image\/"},"sameAs":["https:\/\/de-de.facebook.com\/moers.tierheim"]},{"@type":"Person","@id":"https:\/\/tierheim-moers.de\/Wordpress\/#\/schema\/person\/35ad410ed2d8620d4f57f813585b0d8e","name":"Gisela Kuhnen","image":{"@type":"ImageObject","inLanguage":"de","@id":"https:\/\/tierheim-moers.de\/Wordpress\/#\/schema\/person\/image\/","url":"https:\/\/secure.gravatar.com\/avatar\/807ca84b4538291e2f5dc665ed240a0d4d7ab8f22360ec427a82fe926980b31a?s=96&d=mm&r=g","contentUrl":"https:\/\/secure.gravatar.com\/avatar\/807ca84b4538291e2f5dc665ed240a0d4d7ab8f22360ec427a82fe926980b31a?s=96&d=mm&r=g","caption":"Gisela Kuhnen"},"url":"https:\/\/tierheim-moers.de\/Wordpress\/author\/gisela-kuhnen\/"}]}},"_links":{"self":[{"href":"https:\/\/tierheim-moers.de\/Wordpress\/wp-json\/wp\/v2\/posts\/17541","targetHints":{"allow":["GET"]}}],"collection":[{"href":"https:\/\/tierheim-moers.de\/Wordpress\/wp-json\/wp\/v2\/posts"}],"about":[{"href":"https:\/\/tierheim-moers.de\/Wordpress\/wp-json\/wp\/v2\/types\/post"}],"author":[{"embeddable":true,"href":"https:\/\/tierheim-moers.de\/Wordpress\/wp-json\/wp\/v2\/users\/4"}],"replies":[{"embeddable":true,"href":"https:\/\/tierheim-moers.de\/Wordpress\/wp-json\/wp\/v2\/comments?post=17541"}],"version-history":[{"count":3,"href":"https:\/\/tierheim-moers.de\/Wordpress\/wp-json\/wp\/v2\/posts\/17541\/revisions"}],"predecessor-version":[{"id":17565,"href":"https:\/\/tierheim-moers.de\/Wordpress\/wp-json\/wp\/v2\/posts\/17541\/revisions\/17565"}],"wp:featuredmedia":[{"embeddable":true,"href":"https:\/\/tierheim-moers.de\/Wordpress\/wp-json\/wp\/v2\/media\/17542"}],"wp:attachment":[{"href":"https:\/\/tierheim-moers.de\/Wordpress\/wp-json\/wp\/v2\/media?parent=17541"}],"wp:term":[{"taxonomy":"category","embeddable":true,"href":"https:\/\/tierheim-moers.de\/Wordpress\/wp-json\/wp\/v2\/categories?post=17541"},{"taxonomy":"post_tag","embeddable":true,"href":"https:\/\/tierheim-moers.de\/Wordpress\/wp-json\/wp\/v2\/tags?post=17541"}],"curies":[{"name":"wp","href":"https:\/\/api.w.org\/{rel}","templated":true}]}}