{"id":17669,"date":"2017-11-14T11:53:02","date_gmt":"2017-11-14T09:53:02","guid":{"rendered":"http:\/\/tierheim-moers.de\/Wordpress\/?p=17669"},"modified":"2017-11-14T11:55:05","modified_gmt":"2017-11-14T09:55:05","slug":"ein-spitz-rekrutiert-verstaerkung","status":"publish","type":"post","link":"https:\/\/tierheim-moers.de\/Wordpress\/ein-spitz-rekrutiert-verstaerkung\/","title":{"rendered":"Ein Spitz rekrutiert Verst\u00e4rkung&#8230;"},"content":{"rendered":"<p><a href=\"http:\/\/tierheim-moers.de\/Wordpress\/wp-content\/uploads\/2017\/11\/20171015_121547.jpg\"><img fetchpriority=\"high\" decoding=\"async\" class=\"alignright wp-image-17670 \" src=\"http:\/\/tierheim-moers.de\/Wordpress\/wp-content\/uploads\/2017\/11\/20171015_121547-576x1024.jpg\" alt=\"\" width=\"274\" height=\"477\" \/><\/a><\/p>\n<p>Hallo Freunde,<\/p>\n<p>es hat dieses Mal etwas l\u00e4nger gedauert, bis Ihr wieder von mir h\u00f6rt &#8230; das lag an zwei Sachen: zum einen habe ich es etwas ruhiger angehen lassen, damit ich wirklich gesund werden kann und zu anderen musste ich feststellen, dass es hier von der Wiese aus doch etwas schwieriger ist alles im Blick zu halten.<\/p>\n<p>&nbsp;<\/p>\n<p>Wie dem auch sei &#8230; es geht mir inzwischen wieder richtig gut und denjenigen unter Euch, die sich nach meinem letzten Bericht Sorgen gemacht haben, ich k\u00f6nnte hier futtertechnisch nicht gut versorgt werden, kann ich sagen: alles super! Die Unstimmigkeiten bez\u00fcglich meines Futters sind Schnee von gestern &#8211; ich bin vollauf zufrieden.<\/p>\n<p>Das soll aber auch schon genug von mir sein &#8211; schlie\u00dflich habe ich zuletzt ja fast nur von mir erz\u00e4hlt. Ich finde mich zwar ganz passabel, aber so selbstverliebt bin ich dann nun auch nicht &#8230;<\/p>\n<div id='gallery-1' class='gallery galleryid-17669 gallery-columns-4 gallery-size-thumbnail'><figure class='gallery-item'>\n\t\t\t<div class='gallery-icon landscape'>\n\t\t\t\t<a rel='attachment' href='https:\/\/tierheim-moers.de\/Wordpress\/speedy-quirliger-schatz-sucht-aktive-menschen\/speedy-zunge\/'><img decoding=\"async\" width=\"150\" height=\"150\" src=\"https:\/\/tierheim-moers.de\/Wordpress\/wp-content\/uploads\/2017\/02\/Speedy-Zunge-150x150.jpg\" class=\"attachment-thumbnail size-thumbnail\" alt=\"\" srcset=\"https:\/\/tierheim-moers.de\/Wordpress\/wp-content\/uploads\/2017\/02\/Speedy-Zunge-150x150.jpg 150w, https:\/\/tierheim-moers.de\/Wordpress\/wp-content\/uploads\/2017\/02\/Speedy-Zunge-300x300.jpg 300w, https:\/\/tierheim-moers.de\/Wordpress\/wp-content\/uploads\/2017\/02\/Speedy-Zunge-768x768.jpg 768w, https:\/\/tierheim-moers.de\/Wordpress\/wp-content\/uploads\/2017\/02\/Speedy-Zunge-1024x1024.jpg 1024w, https:\/\/tierheim-moers.de\/Wordpress\/wp-content\/uploads\/2017\/02\/Speedy-Zunge-600x600.jpg 600w, https:\/\/tierheim-moers.de\/Wordpress\/wp-content\/uploads\/2017\/02\/Speedy-Zunge-432x432.jpg 432w, https:\/\/tierheim-moers.de\/Wordpress\/wp-content\/uploads\/2017\/02\/Speedy-Zunge-268x268.jpg 268w, https:\/\/tierheim-moers.de\/Wordpress\/wp-content\/uploads\/2017\/02\/Speedy-Zunge-700x700.jpg 700w, https:\/\/tierheim-moers.de\/Wordpress\/wp-content\/uploads\/2017\/02\/Speedy-Zunge-45x45.jpg 45w, https:\/\/tierheim-moers.de\/Wordpress\/wp-content\/uploads\/2017\/02\/Speedy-Zunge.jpg 1050w\" sizes=\"(max-width: 150px) 100vw, 150px\" \/><\/a>\n\t\t\t<\/div><\/figure><figure class='gallery-item'>\n\t\t\t<div class='gallery-icon landscape'>\n\t\t\t\t<a rel='attachment' href='https:\/\/tierheim-moers.de\/Wordpress\/speedy-quirliger-schatz-sucht-aktive-menschen\/speedy-rennt\/'><img decoding=\"async\" width=\"150\" height=\"150\" src=\"https:\/\/tierheim-moers.de\/Wordpress\/wp-content\/uploads\/2017\/02\/Speedy-rennt-150x150.jpg\" class=\"attachment-thumbnail size-thumbnail\" alt=\"\" srcset=\"https:\/\/tierheim-moers.de\/Wordpress\/wp-content\/uploads\/2017\/02\/Speedy-rennt-150x150.jpg 150w, https:\/\/tierheim-moers.de\/Wordpress\/wp-content\/uploads\/2017\/02\/Speedy-rennt-300x300.jpg 300w, https:\/\/tierheim-moers.de\/Wordpress\/wp-content\/uploads\/2017\/02\/Speedy-rennt-432x432.jpg 432w, https:\/\/tierheim-moers.de\/Wordpress\/wp-content\/uploads\/2017\/02\/Speedy-rennt-268x268.jpg 268w, https:\/\/tierheim-moers.de\/Wordpress\/wp-content\/uploads\/2017\/02\/Speedy-rennt-45x45.jpg 45w, https:\/\/tierheim-moers.de\/Wordpress\/wp-content\/uploads\/2017\/02\/Speedy-rennt.jpg 500w\" sizes=\"(max-width: 150px) 100vw, 150px\" \/><\/a>\n\t\t\t<\/div><\/figure><figure class='gallery-item'>\n\t\t\t<div class='gallery-icon portrait'>\n\t\t\t\t<a rel='attachment' href='https:\/\/tierheim-moers.de\/Wordpress\/danilo-ruhiger-kamerad-sucht-ruhiges-zu-hause\/danilo-ii\/'><img loading=\"lazy\" decoding=\"async\" width=\"150\" height=\"150\" src=\"https:\/\/tierheim-moers.de\/Wordpress\/wp-content\/uploads\/2016\/07\/Danilo-II-150x150.jpg\" class=\"attachment-thumbnail size-thumbnail\" alt=\"\" srcset=\"https:\/\/tierheim-moers.de\/Wordpress\/wp-content\/uploads\/2016\/07\/Danilo-II-150x150.jpg 150w, https:\/\/tierheim-moers.de\/Wordpress\/wp-content\/uploads\/2016\/07\/Danilo-II-268x268.jpg 268w\" sizes=\"(max-width: 150px) 100vw, 150px\" \/><\/a>\n\t\t\t<\/div><\/figure><figure class='gallery-item'>\n\t\t\t<div class='gallery-icon portrait'>\n\t\t\t\t<a rel='attachment' href='https:\/\/tierheim-moers.de\/Wordpress\/ein-spitz-in-eigener-sache\/danilo\/'><img loading=\"lazy\" decoding=\"async\" width=\"150\" height=\"150\" src=\"https:\/\/tierheim-moers.de\/Wordpress\/wp-content\/uploads\/2017\/09\/Danilo-150x150.jpg\" class=\"attachment-thumbnail size-thumbnail\" alt=\"\" srcset=\"https:\/\/tierheim-moers.de\/Wordpress\/wp-content\/uploads\/2017\/09\/Danilo-150x150.jpg 150w, https:\/\/tierheim-moers.de\/Wordpress\/wp-content\/uploads\/2017\/09\/Danilo-432x432.jpg 432w, https:\/\/tierheim-moers.de\/Wordpress\/wp-content\/uploads\/2017\/09\/Danilo-268x268.jpg 268w, https:\/\/tierheim-moers.de\/Wordpress\/wp-content\/uploads\/2017\/09\/Danilo-45x45.jpg 45w\" sizes=\"(max-width: 150px) 100vw, 150px\" \/><\/a>\n\t\t\t<\/div><\/figure>\n\t\t<\/div>\n\n<p>Bei uns auf der Wiese ist es ruhig geworden. Kurz nachdem Danilo ausgezogen ist, hat auch Speedy ein Zuhause gefunden. Jetzt sind nur noch Brian und ich auf der Wiese. Das macht uns <a href=\"http:\/\/tierheim-moers.de\/Wordpress\/wp-content\/uploads\/2015\/09\/Brian_Fluss-II.jpg\"><img loading=\"lazy\" decoding=\"async\" class=\"alignleft size-medium wp-image-9484\" src=\"http:\/\/tierheim-moers.de\/Wordpress\/wp-content\/uploads\/2015\/09\/Brian_Fluss-II-225x300.jpg\" alt=\"\" width=\"225\" height=\"300\" srcset=\"https:\/\/tierheim-moers.de\/Wordpress\/wp-content\/uploads\/2015\/09\/Brian_Fluss-II-225x300.jpg 225w, https:\/\/tierheim-moers.de\/Wordpress\/wp-content\/uploads\/2015\/09\/Brian_Fluss-II.jpg 450w\" sizes=\"(max-width: 225px) 100vw, 225px\" \/><\/a>aber gar nichts, wir zwei haben das hier absolut unter Kontrolle. Was allerdings f\u00fcr mich sehr hilfreich war, war der Umstand, dass auch die Hofkatze Paula manchmal hier ihre Runden dreht. Mir war sehr schnell klar, dass sie mir helfen k\u00f6nnte, mehr Informationen zu bekommen &#8230; schlie\u00dflich bewegt sie sich ganz frei im Tierheim und sie geht sogar ins Katzenhaus.<\/p>\n<p>Ich habe also aufgepasst und, als sie mal wieder \u00fcber die Wiese schlich, habe ich gerufen: &#8220;Hey, Miezekatze, komm doch mal her!&#8221; &#8211; Ihr braucht nichts sagen, mir wurde auch recht schnell klar gemacht, dass das keine angemessene Anrede f\u00fcr eine Katze war. &#8211; Paula guckte ziemlich grimmig, kam aber n\u00e4her und fragte: &#8220;Was willst du schwarzes Fellmonster? Hast Du was Leckeres f\u00fcr mich?&#8221; Ich war irritiert \u00fcber diese Frage und als h\u00f6flicher Hund (der ich tief in mir drin wirklich bin) habe ich nat\u00fcrlich geantwortet. Ich wei\u00df ja nicht einmal, was Katzen lecker finden, geschweige denn, dass ich etwas in meinem Zwinger h\u00e4tte. Kaum war das ausgesprochen, war Paula auch schon weg &#8211; ich kam gar nicht dazu, sie zu bitten, mir mehr \u00fcber Katzen und das Katzenhaus zu erz\u00e4hlen.<\/p>\n<p>So konnte das nichts werden! Es schien, als br\u00e4uchte ich eine andere Vorgehensweise &#8230;<\/p>\n<p>Bei Paulas n\u00e4chstem Besuch auf der Wiese rief ich dann: &#8220;Hey, Paula, hast Du so was schon mal gesehen?&#8221; Das war clever &#8230; mir war n\u00e4mlich eingefallen, dass Katzen sehr neugierig sind &#8230; sie kam auch sofort und mit hoch aufgestelltem Schwanz (wollte sie mir drohen oder was sollte das) und zitternden Schnurrhaaren fragte sie immer wieder: &#8220;Was denn? Was ist da denn?&#8221; Jetzt wusste ich ja, ich muss sofort zum Punkt kommen und darf meine Zeit nicht mit \u00fcberfl\u00fcssigen Antworten vertr\u00f6deln. Ich sagte ihr, dass ich gerne mehr \u00fcber Katzen wissen <a href=\"http:\/\/tierheim-moers.de\/Wordpress\/wp-content\/uploads\/2017\/11\/FB-Paula.jpg\"><img loading=\"lazy\" decoding=\"async\" class=\"alignright size-medium wp-image-17671\" src=\"http:\/\/tierheim-moers.de\/Wordpress\/wp-content\/uploads\/2017\/11\/FB-Paula-300x300.jpg\" alt=\"\" width=\"300\" height=\"300\" srcset=\"https:\/\/tierheim-moers.de\/Wordpress\/wp-content\/uploads\/2017\/11\/FB-Paula-300x300.jpg 300w, https:\/\/tierheim-moers.de\/Wordpress\/wp-content\/uploads\/2017\/11\/FB-Paula-150x150.jpg 150w, https:\/\/tierheim-moers.de\/Wordpress\/wp-content\/uploads\/2017\/11\/FB-Paula-768x768.jpg 768w, https:\/\/tierheim-moers.de\/Wordpress\/wp-content\/uploads\/2017\/11\/FB-Paula-1024x1024.jpg 1024w, https:\/\/tierheim-moers.de\/Wordpress\/wp-content\/uploads\/2017\/11\/FB-Paula-600x600.jpg 600w, https:\/\/tierheim-moers.de\/Wordpress\/wp-content\/uploads\/2017\/11\/FB-Paula-432x432.jpg 432w, https:\/\/tierheim-moers.de\/Wordpress\/wp-content\/uploads\/2017\/11\/FB-Paula-268x268.jpg 268w, https:\/\/tierheim-moers.de\/Wordpress\/wp-content\/uploads\/2017\/11\/FB-Paula-700x700.jpg 700w, https:\/\/tierheim-moers.de\/Wordpress\/wp-content\/uploads\/2017\/11\/FB-Paula-45x45.jpg 45w\" sizes=\"(max-width: 300px) 100vw, 300px\" \/><\/a>w\u00fcrde und auch gerne h\u00f6ren w\u00fcrde, was im Katzenhaus so los ist und ob sie mir dabei nicht helfen k\u00f6nnte. Sie schien geschmeichelt, entspannte, nahm endlich den Schwanz runter, putzte sich ausgiebig und dann erz\u00e4hlte sie endlich &#8230; die ganze Nacht hat sie mir alles m\u00f6gliche erz\u00e4hlt und erkl\u00e4rt. Am n\u00e4chsten Morgen hatten meine Tierpfleger schon Sorge, dass es mir nicht gut geht, weil ich so m\u00fcde war &#8230; sie konnten ja auch nicht wissen, dass ich nicht geschlafen hatte.<\/p>\n<p>Ich konnte mir weder alles merken, noch kann ich Euch alles wiedergeben, was Paula erz\u00e4hlt hat. Ich will mal versuchen, das f\u00fcr Euch ein wenig zusammen zu fassen &#8211; oder habt Ihr die ganze Nacht Zeit?<\/p>\n<p>Ich habe ja immer gedacht, alle Katzen sind flauschig, suchen sich einen Menschen aus und *zack* haben sie ein neues Zuhause. Paula sagte, dass ich da vollkommen falsch liege &#8211; nat\u00fcrlich sind Katzen flauschig, aber so schnell suchen sie sich keinen Menschen aus. Eigentlich wollen sie erst sicher sein, dass ein Mensch &#8220;es wert&#8221; ist, dass sie ihm ihre Aufmerksamkeit und Zuneigung schenken. Und Ihr k\u00f6nnt Euch sicher denken, was das braucht &#8230; richtig &#8230; das braucht sehr viel Zeit. Und wisst Ihr wie viel Zeit das braucht? Ich habe gedacht, na ja dann kommt ein Interessent halt 2 &#8211; 3 Mal und gut ist &#8230; da hat Paula laut gelacht &#8230; manche Katzen nehmen sich Wochen oder Monate, ehe sie sich zug\u00e4nglich zeigen.<\/p>\n<p>Jetzt ist mir nat\u00fcrlich klar, warum manche von ihnen echt lange bei uns sind. Das hat mich schon ein bisschen traurig gemacht und ich habe die Vermutung ge\u00e4u\u00dfert, dass dann wohl einige Katzen immer bei uns bleiben. Aber Paula meinte, Geduld w\u00e4re eine Tugend (Katzen sind Ansitzj\u00e4ger &#8211; wusstet Ihr das?) und zahlt sich am Ende fast immer aus. Irgendwann kommt f\u00fcr jede Samtpfote der passende Mensch &#8230; und dann, wenn es passt, wenn ein Mensch soviel Geduld und R\u00fccksichtnahme hat, dass er eine besonders skeptische Katze f\u00fcr sich gewinnen kann, dann ist das auch etwas ganz besonderes. Paula sagte noch etwas sehr e<a href=\"http:\/\/tierheim-moers.de\/Wordpress\/wp-content\/uploads\/2017\/11\/PinkieAkie.jpg\"><img loading=\"lazy\" decoding=\"async\" class=\"alignright size-medium wp-image-17673\" src=\"http:\/\/tierheim-moers.de\/Wordpress\/wp-content\/uploads\/2017\/11\/PinkieAkie-300x210.jpg\" alt=\"\" width=\"300\" height=\"210\" srcset=\"https:\/\/tierheim-moers.de\/Wordpress\/wp-content\/uploads\/2017\/11\/PinkieAkie-300x210.jpg 300w, https:\/\/tierheim-moers.de\/Wordpress\/wp-content\/uploads\/2017\/11\/PinkieAkie-768x538.jpg 768w, https:\/\/tierheim-moers.de\/Wordpress\/wp-content\/uploads\/2017\/11\/PinkieAkie-1024x717.jpg 1024w, https:\/\/tierheim-moers.de\/Wordpress\/wp-content\/uploads\/2017\/11\/PinkieAkie-600x420.jpg 600w, https:\/\/tierheim-moers.de\/Wordpress\/wp-content\/uploads\/2017\/11\/PinkieAkie-700x490.jpg 700w\" sizes=\"(max-width: 300px) 100vw, 300px\" \/><\/a>rgreifendes &#8230; sie sagte, dass die Qualit\u00e4t einer Beziehung sich nicht nach der Dauer, sondern nach der Intensit\u00e4t, der Tiefe und dem F\u00fcreinander bemisst. &#8211; Das hatte was! Ich war sehr beeindruckt!<\/p>\n<p>Sie hat mir von Pinkie und Akie erz\u00e4hlt. Zwei Katzenfreundinnen, die nun auch schon \u00fcber f\u00fcnf Monate bei uns sind. Paula sagte, dass beide sehr zur\u00fcckgezogen sind und lange Zeit gar keinen Kontakt zugelassen haben (inzwischen ist Akie wohl schon etwas aufgetaut und sogar Pinkie hat sich zuletzt von einer Tierpflegerin streicheln lassen). Was aber noch viel schwieriger ist an der Situation, ist, dass Pinkie schon 17 Jahre alt ist. Da muss sich wirklich ein Mensch finden, der sich zur\u00fcckstellt und dessen Wunsch es ist, diesen zwei Katzen etwas Gutes zu tun.<\/p>\n<p><a href=\"http:\/\/tierheim-moers.de\/Wordpress\/wp-content\/uploads\/2017\/11\/FB-Sunny2.jpg\"><img loading=\"lazy\" decoding=\"async\" class=\"alignleft size-medium wp-image-17672\" src=\"http:\/\/tierheim-moers.de\/Wordpress\/wp-content\/uploads\/2017\/11\/FB-Sunny2-300x300.jpg\" alt=\"\" width=\"300\" height=\"300\" srcset=\"https:\/\/tierheim-moers.de\/Wordpress\/wp-content\/uploads\/2017\/11\/FB-Sunny2-300x300.jpg 300w, https:\/\/tierheim-moers.de\/Wordpress\/wp-content\/uploads\/2017\/11\/FB-Sunny2-150x150.jpg 150w, https:\/\/tierheim-moers.de\/Wordpress\/wp-content\/uploads\/2017\/11\/FB-Sunny2-768x768.jpg 768w, https:\/\/tierheim-moers.de\/Wordpress\/wp-content\/uploads\/2017\/11\/FB-Sunny2-1024x1024.jpg 1024w, https:\/\/tierheim-moers.de\/Wordpress\/wp-content\/uploads\/2017\/11\/FB-Sunny2-600x600.jpg 600w, https:\/\/tierheim-moers.de\/Wordpress\/wp-content\/uploads\/2017\/11\/FB-Sunny2-432x432.jpg 432w, https:\/\/tierheim-moers.de\/Wordpress\/wp-content\/uploads\/2017\/11\/FB-Sunny2-268x268.jpg 268w, https:\/\/tierheim-moers.de\/Wordpress\/wp-content\/uploads\/2017\/11\/FB-Sunny2-700x700.jpg 700w, https:\/\/tierheim-moers.de\/Wordpress\/wp-content\/uploads\/2017\/11\/FB-Sunny2-45x45.jpg 45w\" sizes=\"(max-width: 300px) 100vw, 300px\" \/><\/a>Oder auch Sunny &#8211; sie ist auch schon drei Monate im Tierheim und sitzt nur im Schrank! Da braucht man ja nicht nur einen Menschen mit einem gro\u00dfen Herz f\u00fcr Katzen &#8230; der Mensch muss ja auch einen Schrank haben &#8230;<\/p>\n<p>&nbsp;<\/p>\n<p>Ich k\u00f6nnte die Liste noch lange weiter f\u00fchren, aber ich glaube die eigentliche Aussage ist klar: Wer ein Tier zu sich holt, sollte dies machen, weil er ein respektvolles Mit- und F\u00fcreinander anstrebt. Denn wenn man auch die vielleicht nicht so sch\u00f6nen oder unerw\u00fcnschten Seiten an seinem Vierbeiner akzeptiert, dann findet man das, was so viele suchen: echte Freundschaft!<\/p>\n<p>Paula hat mir versprochen, mich auf dem Laufenden zu halten &#8230; und das gleiche mache ich nat\u00fcrlich mit Euch.<\/p>\n<p>Bis demn\u00e4chst<\/p>\n<p>Euer Atreju<\/p>\n<div class=\"shariff shariff-align-flex-start shariff-widget-align-center\" data-url=\"https%3A%2F%2Ftierheim-moers.de%2FWordpress%2Fein-spitz-rekrutiert-verstaerkung%2F\" data-timestamp=\"1510660505\" data-hidezero=\"1\" data-backendurl=\"https:\/\/tierheim-moers.de\/Wordpress\/wp-json\/shariff\/v1\/share_counts?\"><ul class=\"shariff-buttons theme-round orientation-horizontal buttonsize-small\"><li class=\"shariff-button facebook shariff-nocustomcolor\" style=\"background-color:#4273c8\"><a href=\"https:\/\/www.facebook.com\/sharer\/sharer.php?u=https%3A%2F%2Ftierheim-moers.de%2FWordpress%2Fein-spitz-rekrutiert-verstaerkung%2F\" title=\"Bei Facebook teilen\" aria-label=\"Bei Facebook teilen\" role=\"button\" rel=\"nofollow\" class=\"shariff-link\" style=\"; background-color:#3b5998; color:#fff\" target=\"_blank\"><span class=\"shariff-icon\" style=\"\"><svg width=\"32px\" height=\"20px\" xmlns=\"http:\/\/www.w3.org\/2000\/svg\" viewBox=\"0 0 18 32\"><path fill=\"#3b5998\" d=\"M17.1 0.2v4.7h-2.8q-1.5 0-2.1 0.6t-0.5 1.9v3.4h5.2l-0.7 5.3h-4.5v13.6h-5.5v-13.6h-4.5v-5.3h4.5v-3.9q0-3.3 1.9-5.2t5-1.8q2.6 0 4.1 0.2z\"\/><\/svg><\/span><\/a><\/li><li class=\"shariff-button twitter shariff-nocustomcolor\" style=\"background-color:#595959\"><a href=\"https:\/\/twitter.com\/share?url=https%3A%2F%2Ftierheim-moers.de%2FWordpress%2Fein-spitz-rekrutiert-verstaerkung%2F&text=Ein%20Spitz%20rekrutiert%20Verst%C3%A4rkung%E2%80%A6\" title=\"Bei X teilen\" aria-label=\"Bei X teilen\" role=\"button\" rel=\"noopener nofollow\" class=\"shariff-link\" style=\"; background-color:#000; color:#fff\" target=\"_blank\"><span class=\"shariff-icon\" style=\"\"><svg width=\"32px\" height=\"20px\" xmlns=\"http:\/\/www.w3.org\/2000\/svg\" viewBox=\"0 0 24 24\"><path fill=\"#000\" d=\"M14.258 10.152L23.176 0h-2.113l-7.747 8.813L7.133 0H0l9.352 13.328L0 23.973h2.113l8.176-9.309 6.531 9.309h7.133zm-2.895 3.293l-.949-1.328L2.875 1.56h3.246l6.086 8.523.945 1.328 7.91 11.078h-3.246zm0 0\"\/><\/svg><\/span><\/a><\/li><li class=\"shariff-button whatsapp shariff-nocustomcolor\" style=\"background-color:#5cbe4a\"><a href=\"https:\/\/api.whatsapp.com\/send?text=https%3A%2F%2Ftierheim-moers.de%2FWordpress%2Fein-spitz-rekrutiert-verstaerkung%2F%20Ein%20Spitz%20rekrutiert%20Verst%C3%A4rkung%E2%80%A6\" title=\"Bei Whatsapp teilen\" aria-label=\"Bei Whatsapp teilen\" role=\"button\" rel=\"noopener nofollow\" class=\"shariff-link\" style=\"; background-color:#34af23; color:#fff\" target=\"_blank\"><span class=\"shariff-icon\" style=\"\"><svg width=\"32px\" height=\"20px\" xmlns=\"http:\/\/www.w3.org\/2000\/svg\" viewBox=\"0 0 32 32\"><path fill=\"#34af23\" d=\"M17.6 17.4q0.2 0 1.7 0.8t1.6 0.9q0 0.1 0 0.3 0 0.6-0.3 1.4-0.3 0.7-1.3 1.2t-1.8 0.5q-1 0-3.4-1.1-1.7-0.8-3-2.1t-2.6-3.3q-1.3-1.9-1.3-3.5v-0.1q0.1-1.6 1.3-2.8 0.4-0.4 0.9-0.4 0.1 0 0.3 0t0.3 0q0.3 0 0.5 0.1t0.3 0.5q0.1 0.4 0.6 1.6t0.4 1.3q0 0.4-0.6 1t-0.6 0.8q0 0.1 0.1 0.3 0.6 1.3 1.8 2.4 1 0.9 2.7 1.8 0.2 0.1 0.4 0.1 0.3 0 1-0.9t0.9-0.9zM14 26.9q2.3 0 4.3-0.9t3.6-2.4 2.4-3.6 0.9-4.3-0.9-4.3-2.4-3.6-3.6-2.4-4.3-0.9-4.3 0.9-3.6 2.4-2.4 3.6-0.9 4.3q0 3.6 2.1 6.6l-1.4 4.2 4.3-1.4q2.8 1.9 6.2 1.9zM14 2.2q2.7 0 5.2 1.1t4.3 2.9 2.9 4.3 1.1 5.2-1.1 5.2-2.9 4.3-4.3 2.9-5.2 1.1q-3.5 0-6.5-1.7l-7.4 2.4 2.4-7.2q-1.9-3.2-1.9-6.9 0-2.7 1.1-5.2t2.9-4.3 4.3-2.9 5.2-1.1z\"\/><\/svg><\/span><\/a><\/li><li class=\"shariff-button sms shariff-nocustomcolor shariff-mobile\" style=\"background-color:#d7d9d8\"><a href=\"sms:?&body=https%3A%2F%2Ftierheim-moers.de%2FWordpress%2Fein-spitz-rekrutiert-verstaerkung%2F\" title=\"Per SMS teilen\" aria-label=\"Per SMS teilen\" role=\"button\" rel=\"noopener nofollow\" class=\"shariff-link\" style=\"; background-color:#a1e877; color:#fff\" target=\"_blank\"><span class=\"shariff-icon\" style=\"\"><svg xmlns=\"http:\/\/www.w3.org\/2000\/svg\" width=\"510\" height=\"510\" viewBox=\"0 0 510 510\"><path fill=\"#a1e877\" d=\"M459 0H51C23 0 0 23 0 51v459l102-102h357c28.1 0 51-22.9 51-51V51C510 23 487.1 0 459 0zM178.5 229.5h-51v-51h51V229.5zM280.5 229.5h-51v-51h51V229.5zM382.5 229.5h-51v-51h51V229.5z\"\/><\/svg><\/span><\/a><\/li><\/ul><\/div>","protected":false},"excerpt":{"rendered":"<p>Hallo Freunde, es hat dieses Mal etwas l\u00e4nger gedauert, bis Ihr wieder von mir h\u00f6rt &#8230; das lag an zwei Sachen: zum einen habe ich es etwas ruhiger angehen lassen, damit ich wirklich gesund werden kann und zu anderen musste ich feststellen, dass es hier von der Wiese aus doch &#8230;<\/p>\n","protected":false},"author":3,"featured_media":17670,"comment_status":"closed","ping_status":"open","sticky":false,"template":"","format":"aside","meta":{"ngg_post_thumbnail":0,"footnotes":""},"categories":[1,38],"tags":[],"class_list":["post-17669","post","type-post","status-publish","format-aside","has-post-thumbnail","hentry","category-aktuell","category-atrejus","post_format-post-format-aside","column","threecol","has-thumbnail"],"yoast_head":"<!-- This site is optimized with the Yoast SEO plugin v24.6 - https:\/\/yoast.com\/wordpress\/plugins\/seo\/ -->\n<title>Ein Spitz rekrutiert Verst\u00e4rkung... | TIERHEIM MOERS<\/title>\n<meta name=\"robots\" content=\"index, follow, max-snippet:-1, max-image-preview:large, max-video-preview:-1\" \/>\n<link rel=\"canonical\" href=\"https:\/\/tierheim-moers.de\/Wordpress\/ein-spitz-rekrutiert-verstaerkung\/\" \/>\n<meta property=\"og:locale\" content=\"de_DE\" \/>\n<meta property=\"og:type\" content=\"article\" \/>\n<meta property=\"og:title\" content=\"Ein Spitz rekrutiert Verst\u00e4rkung... | TIERHEIM MOERS\" \/>\n<meta property=\"og:description\" content=\"Hallo Freunde, es hat dieses Mal etwas l\u00e4nger gedauert, bis Ihr wieder von mir h\u00f6rt &#8230; das lag an zwei Sachen: zum einen habe ich es etwas ruhiger angehen lassen, damit ich wirklich gesund werden kann &#8230;\" \/>\n<meta property=\"og:url\" content=\"https:\/\/tierheim-moers.de\/Wordpress\/ein-spitz-rekrutiert-verstaerkung\/\" \/>\n<meta property=\"og:site_name\" content=\"TIERHEIM MOERS\" \/>\n<meta property=\"article:publisher\" content=\"https:\/\/de-de.facebook.com\/moers.tierheim\" \/>\n<meta property=\"article:published_time\" content=\"2017-11-14T09:53:02+00:00\" \/>\n<meta property=\"article:modified_time\" content=\"2017-11-14T09:55:05+00:00\" \/>\n<meta property=\"og:image\" content=\"https:\/\/tierheim-moers.de\/Wordpress\/wp-content\/uploads\/2017\/11\/20171015_121547.jpg\" \/>\n\t<meta property=\"og:image:width\" content=\"1836\" \/>\n\t<meta property=\"og:image:height\" content=\"3264\" \/>\n\t<meta property=\"og:image:type\" content=\"image\/jpeg\" \/>\n<meta name=\"author\" content=\"tierheim2014\" \/>\n<meta name=\"twitter:card\" content=\"summary_large_image\" \/>\n<meta name=\"twitter:label1\" content=\"Verfasst von\" \/>\n\t<meta name=\"twitter:data1\" content=\"tierheim2014\" \/>\n\t<meta name=\"twitter:label2\" content=\"Gesch\u00e4tzte Lesezeit\" \/>\n\t<meta name=\"twitter:data2\" content=\"6\u00a0Minuten\" \/>\n<script type=\"application\/ld+json\" class=\"yoast-schema-graph\">{\"@context\":\"https:\/\/schema.org\",\"@graph\":[{\"@type\":\"Article\",\"@id\":\"https:\/\/tierheim-moers.de\/Wordpress\/ein-spitz-rekrutiert-verstaerkung\/#article\",\"isPartOf\":{\"@id\":\"https:\/\/tierheim-moers.de\/Wordpress\/ein-spitz-rekrutiert-verstaerkung\/\"},\"author\":{\"name\":\"tierheim2014\",\"@id\":\"https:\/\/tierheim-moers.de\/Wordpress\/#\/schema\/person\/bb66fcdf55ca8d06b229c0e748f4a4db\"},\"headline\":\"Ein Spitz rekrutiert Verst\u00e4rkung&#8230;\",\"datePublished\":\"2017-11-14T09:53:02+00:00\",\"dateModified\":\"2017-11-14T09:55:05+00:00\",\"mainEntityOfPage\":{\"@id\":\"https:\/\/tierheim-moers.de\/Wordpress\/ein-spitz-rekrutiert-verstaerkung\/\"},\"wordCount\":1116,\"publisher\":{\"@id\":\"https:\/\/tierheim-moers.de\/Wordpress\/#organization\"},\"image\":{\"@id\":\"https:\/\/tierheim-moers.de\/Wordpress\/ein-spitz-rekrutiert-verstaerkung\/#primaryimage\"},\"thumbnailUrl\":\"https:\/\/tierheim-moers.de\/Wordpress\/wp-content\/uploads\/2017\/11\/20171015_121547.jpg\",\"articleSection\":[\"Aktuell\",\"Atreju's Logbuch\"],\"inLanguage\":\"de\"},{\"@type\":\"WebPage\",\"@id\":\"https:\/\/tierheim-moers.de\/Wordpress\/ein-spitz-rekrutiert-verstaerkung\/\",\"url\":\"https:\/\/tierheim-moers.de\/Wordpress\/ein-spitz-rekrutiert-verstaerkung\/\",\"name\":\"Ein Spitz rekrutiert Verst\u00e4rkung... | TIERHEIM MOERS\",\"isPartOf\":{\"@id\":\"https:\/\/tierheim-moers.de\/Wordpress\/#website\"},\"primaryImageOfPage\":{\"@id\":\"https:\/\/tierheim-moers.de\/Wordpress\/ein-spitz-rekrutiert-verstaerkung\/#primaryimage\"},\"image\":{\"@id\":\"https:\/\/tierheim-moers.de\/Wordpress\/ein-spitz-rekrutiert-verstaerkung\/#primaryimage\"},\"thumbnailUrl\":\"https:\/\/tierheim-moers.de\/Wordpress\/wp-content\/uploads\/2017\/11\/20171015_121547.jpg\",\"datePublished\":\"2017-11-14T09:53:02+00:00\",\"dateModified\":\"2017-11-14T09:55:05+00:00\",\"breadcrumb\":{\"@id\":\"https:\/\/tierheim-moers.de\/Wordpress\/ein-spitz-rekrutiert-verstaerkung\/#breadcrumb\"},\"inLanguage\":\"de\",\"potentialAction\":[{\"@type\":\"ReadAction\",\"target\":[\"https:\/\/tierheim-moers.de\/Wordpress\/ein-spitz-rekrutiert-verstaerkung\/\"]}]},{\"@type\":\"ImageObject\",\"inLanguage\":\"de\",\"@id\":\"https:\/\/tierheim-moers.de\/Wordpress\/ein-spitz-rekrutiert-verstaerkung\/#primaryimage\",\"url\":\"https:\/\/tierheim-moers.de\/Wordpress\/wp-content\/uploads\/2017\/11\/20171015_121547.jpg\",\"contentUrl\":\"https:\/\/tierheim-moers.de\/Wordpress\/wp-content\/uploads\/2017\/11\/20171015_121547.jpg\",\"width\":1836,\"height\":3264},{\"@type\":\"BreadcrumbList\",\"@id\":\"https:\/\/tierheim-moers.de\/Wordpress\/ein-spitz-rekrutiert-verstaerkung\/#breadcrumb\",\"itemListElement\":[{\"@type\":\"ListItem\",\"position\":1,\"name\":\"Startseite\",\"item\":\"https:\/\/tierheim-moers.de\/Wordpress\/\"},{\"@type\":\"ListItem\",\"position\":2,\"name\":\"Ein Spitz rekrutiert Verst\u00e4rkung&#8230;\"}]},{\"@type\":\"WebSite\",\"@id\":\"https:\/\/tierheim-moers.de\/Wordpress\/#website\",\"url\":\"https:\/\/tierheim-moers.de\/Wordpress\/\",\"name\":\"Tierheim Moers\",\"description\":\"Tierheim | Hundepension | Tierschutz | Moers\",\"publisher\":{\"@id\":\"https:\/\/tierheim-moers.de\/Wordpress\/#organization\"},\"potentialAction\":[{\"@type\":\"SearchAction\",\"target\":{\"@type\":\"EntryPoint\",\"urlTemplate\":\"https:\/\/tierheim-moers.de\/Wordpress\/?s={search_term_string}\"},\"query-input\":{\"@type\":\"PropertyValueSpecification\",\"valueRequired\":true,\"valueName\":\"search_term_string\"}}],\"inLanguage\":\"de\"},{\"@type\":\"Organization\",\"@id\":\"https:\/\/tierheim-moers.de\/Wordpress\/#organization\",\"name\":\"Tierheim Moers\",\"url\":\"https:\/\/tierheim-moers.de\/Wordpress\/\",\"logo\":{\"@type\":\"ImageObject\",\"inLanguage\":\"de\",\"@id\":\"https:\/\/tierheim-moers.de\/Wordpress\/#\/schema\/logo\/image\/\",\"url\":\"https:\/\/tierheim-moers.de\/Wordpress\/wp-content\/uploads\/2014\/04\/Logo-TSV-Moers-V01-RGB-300.png\",\"contentUrl\":\"https:\/\/tierheim-moers.de\/Wordpress\/wp-content\/uploads\/2014\/04\/Logo-TSV-Moers-V01-RGB-300.png\",\"width\":1052,\"height\":1038,\"caption\":\"Tierheim Moers\"},\"image\":{\"@id\":\"https:\/\/tierheim-moers.de\/Wordpress\/#\/schema\/logo\/image\/\"},\"sameAs\":[\"https:\/\/de-de.facebook.com\/moers.tierheim\"]},{\"@type\":\"Person\",\"@id\":\"https:\/\/tierheim-moers.de\/Wordpress\/#\/schema\/person\/bb66fcdf55ca8d06b229c0e748f4a4db\",\"name\":\"tierheim2014\",\"image\":{\"@type\":\"ImageObject\",\"inLanguage\":\"de\",\"@id\":\"https:\/\/tierheim-moers.de\/Wordpress\/#\/schema\/person\/image\/\",\"url\":\"https:\/\/secure.gravatar.com\/avatar\/a11d93b0c6655bcc0a595174970baea60c3be93d07d0c82976034f22f0e26a03?s=96&d=mm&r=g\",\"contentUrl\":\"https:\/\/secure.gravatar.com\/avatar\/a11d93b0c6655bcc0a595174970baea60c3be93d07d0c82976034f22f0e26a03?s=96&d=mm&r=g\",\"caption\":\"tierheim2014\"},\"url\":\"https:\/\/tierheim-moers.de\/Wordpress\/author\/tierheim2014\/\"}]}<\/script>\n<!-- \/ Yoast SEO plugin. -->","yoast_head_json":{"title":"Ein Spitz rekrutiert Verst\u00e4rkung... | TIERHEIM MOERS","robots":{"index":"index","follow":"follow","max-snippet":"max-snippet:-1","max-image-preview":"max-image-preview:large","max-video-preview":"max-video-preview:-1"},"canonical":"https:\/\/tierheim-moers.de\/Wordpress\/ein-spitz-rekrutiert-verstaerkung\/","og_locale":"de_DE","og_type":"article","og_title":"Ein Spitz rekrutiert Verst\u00e4rkung... | TIERHEIM MOERS","og_description":"Hallo Freunde, es hat dieses Mal etwas l\u00e4nger gedauert, bis Ihr wieder von mir h\u00f6rt &#8230; das lag an zwei Sachen: zum einen habe ich es etwas ruhiger angehen lassen, damit ich wirklich gesund werden kann &#8230;","og_url":"https:\/\/tierheim-moers.de\/Wordpress\/ein-spitz-rekrutiert-verstaerkung\/","og_site_name":"TIERHEIM MOERS","article_publisher":"https:\/\/de-de.facebook.com\/moers.tierheim","article_published_time":"2017-11-14T09:53:02+00:00","article_modified_time":"2017-11-14T09:55:05+00:00","og_image":[{"width":1836,"height":3264,"url":"https:\/\/tierheim-moers.de\/Wordpress\/wp-content\/uploads\/2017\/11\/20171015_121547.jpg","type":"image\/jpeg"}],"author":"tierheim2014","twitter_card":"summary_large_image","twitter_misc":{"Verfasst von":"tierheim2014","Gesch\u00e4tzte Lesezeit":"6\u00a0Minuten"},"schema":{"@context":"https:\/\/schema.org","@graph":[{"@type":"Article","@id":"https:\/\/tierheim-moers.de\/Wordpress\/ein-spitz-rekrutiert-verstaerkung\/#article","isPartOf":{"@id":"https:\/\/tierheim-moers.de\/Wordpress\/ein-spitz-rekrutiert-verstaerkung\/"},"author":{"name":"tierheim2014","@id":"https:\/\/tierheim-moers.de\/Wordpress\/#\/schema\/person\/bb66fcdf55ca8d06b229c0e748f4a4db"},"headline":"Ein Spitz rekrutiert Verst\u00e4rkung&#8230;","datePublished":"2017-11-14T09:53:02+00:00","dateModified":"2017-11-14T09:55:05+00:00","mainEntityOfPage":{"@id":"https:\/\/tierheim-moers.de\/Wordpress\/ein-spitz-rekrutiert-verstaerkung\/"},"wordCount":1116,"publisher":{"@id":"https:\/\/tierheim-moers.de\/Wordpress\/#organization"},"image":{"@id":"https:\/\/tierheim-moers.de\/Wordpress\/ein-spitz-rekrutiert-verstaerkung\/#primaryimage"},"thumbnailUrl":"https:\/\/tierheim-moers.de\/Wordpress\/wp-content\/uploads\/2017\/11\/20171015_121547.jpg","articleSection":["Aktuell","Atreju's Logbuch"],"inLanguage":"de"},{"@type":"WebPage","@id":"https:\/\/tierheim-moers.de\/Wordpress\/ein-spitz-rekrutiert-verstaerkung\/","url":"https:\/\/tierheim-moers.de\/Wordpress\/ein-spitz-rekrutiert-verstaerkung\/","name":"Ein Spitz rekrutiert Verst\u00e4rkung... | TIERHEIM MOERS","isPartOf":{"@id":"https:\/\/tierheim-moers.de\/Wordpress\/#website"},"primaryImageOfPage":{"@id":"https:\/\/tierheim-moers.de\/Wordpress\/ein-spitz-rekrutiert-verstaerkung\/#primaryimage"},"image":{"@id":"https:\/\/tierheim-moers.de\/Wordpress\/ein-spitz-rekrutiert-verstaerkung\/#primaryimage"},"thumbnailUrl":"https:\/\/tierheim-moers.de\/Wordpress\/wp-content\/uploads\/2017\/11\/20171015_121547.jpg","datePublished":"2017-11-14T09:53:02+00:00","dateModified":"2017-11-14T09:55:05+00:00","breadcrumb":{"@id":"https:\/\/tierheim-moers.de\/Wordpress\/ein-spitz-rekrutiert-verstaerkung\/#breadcrumb"},"inLanguage":"de","potentialAction":[{"@type":"ReadAction","target":["https:\/\/tierheim-moers.de\/Wordpress\/ein-spitz-rekrutiert-verstaerkung\/"]}]},{"@type":"ImageObject","inLanguage":"de","@id":"https:\/\/tierheim-moers.de\/Wordpress\/ein-spitz-rekrutiert-verstaerkung\/#primaryimage","url":"https:\/\/tierheim-moers.de\/Wordpress\/wp-content\/uploads\/2017\/11\/20171015_121547.jpg","contentUrl":"https:\/\/tierheim-moers.de\/Wordpress\/wp-content\/uploads\/2017\/11\/20171015_121547.jpg","width":1836,"height":3264},{"@type":"BreadcrumbList","@id":"https:\/\/tierheim-moers.de\/Wordpress\/ein-spitz-rekrutiert-verstaerkung\/#breadcrumb","itemListElement":[{"@type":"ListItem","position":1,"name":"Startseite","item":"https:\/\/tierheim-moers.de\/Wordpress\/"},{"@type":"ListItem","position":2,"name":"Ein Spitz rekrutiert Verst\u00e4rkung&#8230;"}]},{"@type":"WebSite","@id":"https:\/\/tierheim-moers.de\/Wordpress\/#website","url":"https:\/\/tierheim-moers.de\/Wordpress\/","name":"Tierheim Moers","description":"Tierheim | Hundepension | Tierschutz | Moers","publisher":{"@id":"https:\/\/tierheim-moers.de\/Wordpress\/#organization"},"potentialAction":[{"@type":"SearchAction","target":{"@type":"EntryPoint","urlTemplate":"https:\/\/tierheim-moers.de\/Wordpress\/?s={search_term_string}"},"query-input":{"@type":"PropertyValueSpecification","valueRequired":true,"valueName":"search_term_string"}}],"inLanguage":"de"},{"@type":"Organization","@id":"https:\/\/tierheim-moers.de\/Wordpress\/#organization","name":"Tierheim Moers","url":"https:\/\/tierheim-moers.de\/Wordpress\/","logo":{"@type":"ImageObject","inLanguage":"de","@id":"https:\/\/tierheim-moers.de\/Wordpress\/#\/schema\/logo\/image\/","url":"https:\/\/tierheim-moers.de\/Wordpress\/wp-content\/uploads\/2014\/04\/Logo-TSV-Moers-V01-RGB-300.png","contentUrl":"https:\/\/tierheim-moers.de\/Wordpress\/wp-content\/uploads\/2014\/04\/Logo-TSV-Moers-V01-RGB-300.png","width":1052,"height":1038,"caption":"Tierheim Moers"},"image":{"@id":"https:\/\/tierheim-moers.de\/Wordpress\/#\/schema\/logo\/image\/"},"sameAs":["https:\/\/de-de.facebook.com\/moers.tierheim"]},{"@type":"Person","@id":"https:\/\/tierheim-moers.de\/Wordpress\/#\/schema\/person\/bb66fcdf55ca8d06b229c0e748f4a4db","name":"tierheim2014","image":{"@type":"ImageObject","inLanguage":"de","@id":"https:\/\/tierheim-moers.de\/Wordpress\/#\/schema\/person\/image\/","url":"https:\/\/secure.gravatar.com\/avatar\/a11d93b0c6655bcc0a595174970baea60c3be93d07d0c82976034f22f0e26a03?s=96&d=mm&r=g","contentUrl":"https:\/\/secure.gravatar.com\/avatar\/a11d93b0c6655bcc0a595174970baea60c3be93d07d0c82976034f22f0e26a03?s=96&d=mm&r=g","caption":"tierheim2014"},"url":"https:\/\/tierheim-moers.de\/Wordpress\/author\/tierheim2014\/"}]}},"_links":{"self":[{"href":"https:\/\/tierheim-moers.de\/Wordpress\/wp-json\/wp\/v2\/posts\/17669","targetHints":{"allow":["GET"]}}],"collection":[{"href":"https:\/\/tierheim-moers.de\/Wordpress\/wp-json\/wp\/v2\/posts"}],"about":[{"href":"https:\/\/tierheim-moers.de\/Wordpress\/wp-json\/wp\/v2\/types\/post"}],"author":[{"embeddable":true,"href":"https:\/\/tierheim-moers.de\/Wordpress\/wp-json\/wp\/v2\/users\/3"}],"replies":[{"embeddable":true,"href":"https:\/\/tierheim-moers.de\/Wordpress\/wp-json\/wp\/v2\/comments?post=17669"}],"version-history":[{"count":4,"href":"https:\/\/tierheim-moers.de\/Wordpress\/wp-json\/wp\/v2\/posts\/17669\/revisions"}],"predecessor-version":[{"id":17677,"href":"https:\/\/tierheim-moers.de\/Wordpress\/wp-json\/wp\/v2\/posts\/17669\/revisions\/17677"}],"wp:featuredmedia":[{"embeddable":true,"href":"https:\/\/tierheim-moers.de\/Wordpress\/wp-json\/wp\/v2\/media\/17670"}],"wp:attachment":[{"href":"https:\/\/tierheim-moers.de\/Wordpress\/wp-json\/wp\/v2\/media?parent=17669"}],"wp:term":[{"taxonomy":"category","embeddable":true,"href":"https:\/\/tierheim-moers.de\/Wordpress\/wp-json\/wp\/v2\/categories?post=17669"},{"taxonomy":"post_tag","embeddable":true,"href":"https:\/\/tierheim-moers.de\/Wordpress\/wp-json\/wp\/v2\/tags?post=17669"}],"curies":[{"name":"wp","href":"https:\/\/api.w.org\/{rel}","templated":true}]}}