{"id":18502,"date":"2018-02-12T11:55:35","date_gmt":"2018-02-12T09:55:35","guid":{"rendered":"http:\/\/tierheim-moers.de\/Wordpress\/?p=18502"},"modified":"2018-05-03T21:33:19","modified_gmt":"2018-05-03T19:33:19","slug":"gruesse-vom-krankenlager","status":"publish","type":"post","link":"https:\/\/tierheim-moers.de\/Wordpress\/gruesse-vom-krankenlager\/","title":{"rendered":"Gr\u00fc\u00dfe vom Krankenlager"},"content":{"rendered":"<p>So &#8230; nun sitze ich hier und schicke Euch Gr\u00fc\u00dfe aus der Zwangspause.<\/p>\n<p>Ihr wollt wissen, was passiert ist? Ich kann Euch sagen: das will ich auch! Zumindest kann ich Euch die Geschichte mal so erz\u00e4hlen, wie ich sie nun erlebt habe:<\/p>\n<p>Es stand schon einige Zeit fest, dass ich mal zum Zahnarzt m\u00fcsste. Nat\u00fcrlich war das keine <a href=\"http:\/\/tierheim-moers.de\/Wordpress\/wp-content\/uploads\/2018\/02\/PaulaQuarant\u00e4ne.jpg\"><img fetchpriority=\"high\" decoding=\"async\" class=\"alignright size-medium wp-image-18508\" src=\"http:\/\/tierheim-moers.de\/Wordpress\/wp-content\/uploads\/2018\/02\/PaulaQuarant\u00e4ne-300x300.jpg\" alt=\"\" width=\"300\" height=\"300\" srcset=\"https:\/\/tierheim-moers.de\/Wordpress\/wp-content\/uploads\/2018\/02\/PaulaQuarant\u00e4ne-300x300.jpg 300w, https:\/\/tierheim-moers.de\/Wordpress\/wp-content\/uploads\/2018\/02\/PaulaQuarant\u00e4ne-150x150.jpg 150w, https:\/\/tierheim-moers.de\/Wordpress\/wp-content\/uploads\/2018\/02\/PaulaQuarant\u00e4ne-768x768.jpg 768w, https:\/\/tierheim-moers.de\/Wordpress\/wp-content\/uploads\/2018\/02\/PaulaQuarant\u00e4ne-1024x1024.jpg 1024w, https:\/\/tierheim-moers.de\/Wordpress\/wp-content\/uploads\/2018\/02\/PaulaQuarant\u00e4ne-600x600.jpg 600w, https:\/\/tierheim-moers.de\/Wordpress\/wp-content\/uploads\/2018\/02\/PaulaQuarant\u00e4ne-432x432.jpg 432w, https:\/\/tierheim-moers.de\/Wordpress\/wp-content\/uploads\/2018\/02\/PaulaQuarant\u00e4ne-268x268.jpg 268w, https:\/\/tierheim-moers.de\/Wordpress\/wp-content\/uploads\/2018\/02\/PaulaQuarant\u00e4ne-700x700.jpg 700w, https:\/\/tierheim-moers.de\/Wordpress\/wp-content\/uploads\/2018\/02\/PaulaQuarant\u00e4ne-45x45.jpg 45w\" sizes=\"(max-width: 300px) 100vw, 300px\" \/><\/a>Information, \u00fcber die ich mich gefreut h\u00e4tte &#8230; aber anders herum &#8211; wieder besser kauen k\u00f6nnen, war auch nicht die schlechteste Perspektive. Vergangene Woche haben meine Mitarbeiter gesagt: &#8220;Paula, Du gehst jetzt zum Zahnarzt. Mach Dir keine Sorgen &#8211; wir k\u00fcmmern uns hier um alles!&#8221; Keine Sorgen machen &#8230; die sind lustig &#8230; sicher wei\u00df ich, dass sie immer alles ordentlich und gewissenhaft machen und ich mich jederzeit auf sie verlassen kann, aber so ganz mag ich die Kontrolle ja nicht aus den Pfoten geben.<\/p>\n<p>Als Hotelmanagerin bin ich halt f\u00fcr alles verantwortlich &#8211; da kann man nicht so einfach ausfallen. K\u00fcrzlich habe ich mich sogar selbst um den Wareneingang gek\u00fcmmert &#8230; ach, ich glaube Ihr nennt das anders &#8230; bei Euch hei\u00dft das Spenden. Aber wie auch immer &#8211; sogar diese Lieferungen \u00fcberwache ich regelm\u00e4\u00dfig. Zum Gl\u00fcck kann ich da auch sagen, dass unsere Lieferanten sehr gewissenhaft und zuverl\u00e4ssig sind. Sogar auf ganz besondere Bestellungen wird umgehend reagiert. Vergangenes Jahr <a href=\"http:\/\/tierheim-moers.de\/Wordpress\/wp-content\/uploads\/2018\/02\/IMG-20180127-WA0016.jpg\"><img decoding=\"async\" class=\"alignright size-medium wp-image-18503\" src=\"http:\/\/tierheim-moers.de\/Wordpress\/wp-content\/uploads\/2018\/02\/IMG-20180127-WA0016-300x225.jpg\" alt=\"\" width=\"300\" height=\"225\" srcset=\"https:\/\/tierheim-moers.de\/Wordpress\/wp-content\/uploads\/2018\/02\/IMG-20180127-WA0016-300x225.jpg 300w, https:\/\/tierheim-moers.de\/Wordpress\/wp-content\/uploads\/2018\/02\/IMG-20180127-WA0016-768x576.jpg 768w, https:\/\/tierheim-moers.de\/Wordpress\/wp-content\/uploads\/2018\/02\/IMG-20180127-WA0016.jpg 1024w, https:\/\/tierheim-moers.de\/Wordpress\/wp-content\/uploads\/2018\/02\/IMG-20180127-WA0016-600x450.jpg 600w, https:\/\/tierheim-moers.de\/Wordpress\/wp-content\/uploads\/2018\/02\/IMG-20180127-WA0016-700x525.jpg 700w\" sizes=\"(max-width: 300px) 100vw, 300px\" \/><\/a>hatten wir ja pl\u00f6tzlich ziemlich viele Kitten und gar nicht so viel Kittenfutter. Da haben wir ganz spontan Kittenfutter bestellt und es wurde so schnell und reichlich geliefert, dass wirklich alle gut versorgt werden konnten. An dieser Stelle einfach mal ein Danke Sch\u00f6n an unsere tollen Lieferanten!<\/p>\n<p>Mit dieser ganzen Verantwortung, die auf meinen Katzenschultern lastet, kann man die Dinge nicht einfach laufen lassen. Sogar die Bauaufsicht f\u00fcr den neuen Hoteltrakt f\u00fcr die Hunde obliegt mir. Auch da kontrolliere ich die Materialien und mache jede Nacht (tags\u00fcber komme ich da gar nicht zu) eine Baustellenbegehung. Stellt Euch mal vor, niemand hat da ein Auge drauf und am Ende <a href=\"http:\/\/tierheim-moers.de\/Wordpress\/wp-content\/uploads\/2018\/02\/PaulaBauaufsicht.jpg\"><img decoding=\"async\" class=\"alignright size-medium wp-image-18507\" src=\"http:\/\/tierheim-moers.de\/Wordpress\/wp-content\/uploads\/2018\/02\/PaulaBauaufsicht-300x300.jpg\" alt=\"\" width=\"300\" height=\"300\" srcset=\"https:\/\/tierheim-moers.de\/Wordpress\/wp-content\/uploads\/2018\/02\/PaulaBauaufsicht-300x300.jpg 300w, https:\/\/tierheim-moers.de\/Wordpress\/wp-content\/uploads\/2018\/02\/PaulaBauaufsicht-150x150.jpg 150w, https:\/\/tierheim-moers.de\/Wordpress\/wp-content\/uploads\/2018\/02\/PaulaBauaufsicht-768x768.jpg 768w, https:\/\/tierheim-moers.de\/Wordpress\/wp-content\/uploads\/2018\/02\/PaulaBauaufsicht-1024x1024.jpg 1024w, https:\/\/tierheim-moers.de\/Wordpress\/wp-content\/uploads\/2018\/02\/PaulaBauaufsicht-600x600.jpg 600w, https:\/\/tierheim-moers.de\/Wordpress\/wp-content\/uploads\/2018\/02\/PaulaBauaufsicht-432x432.jpg 432w, https:\/\/tierheim-moers.de\/Wordpress\/wp-content\/uploads\/2018\/02\/PaulaBauaufsicht-268x268.jpg 268w, https:\/\/tierheim-moers.de\/Wordpress\/wp-content\/uploads\/2018\/02\/PaulaBauaufsicht-700x700.jpg 700w, https:\/\/tierheim-moers.de\/Wordpress\/wp-content\/uploads\/2018\/02\/PaulaBauaufsicht-45x45.jpg 45w\" sizes=\"(max-width: 300px) 100vw, 300px\" \/><\/a>m\u00fcssten die Hunde sich durch eine Katzenklappe quetschen &#8230; ich will ja nicht sagen, dass meine Aufsichtsfunktion wichtiger w\u00e4re als der eigentliche Bau, aber zu untersch\u00e4tzen ist diese Kontrolle keinesfalls!<\/p>\n<p>Ich komme vom Thema ab &#8230; wie gesagt, vergangene Woche war also nun mein Zahnarzttermin. Was mir vorher niemand gesagt hatte, war, dass ich schon am Tag vor dem Termin aus dem Verkehr gezogen w\u00fcrde &#8230; ich wurde in den Spezial-Wellness-Bereich gebracht. In diesen Bereich kommen G\u00e4ste (allerdings nur G\u00e4ste des Katzenhauses), die besondere Bed\u00fcrfnisse haben. Die Zimmer sind nicht so gro\u00df, daf\u00fcr sind die B\u00f6den wohltuend beheizt, man bekommt sein Futter a\u00b4la Carte nicht vom Buffett und genie\u00dft wirklich viel Ruhe und Aufmerksamkeit. Ich glaube in Eurer Sprache nennt man diesen Bereich Quarant\u00e4ne. Soweit &#8211; so gut &#8230; meine a \u00b4la Carte Mahlzeit fiel dann aus! Irgendjemand sagte etwas von n\u00fcchtern aber ich f\u00fcrchte, man hat mich einfach vergessen.<\/p>\n<p>Am n\u00e4chsten Morgen wurde ich dann zum Zahnarzt gebracht und ab da wei\u00df ich leider nicht mehr so viel. Ein kleiner Pieks und ich fiel in einen tiefen Schlaf &#8230; als ich wieder aufwachte, war das erste, was ich bemerkt habe, ein komisches Gef\u00fchl am Bauch. Ich war noch sehr m\u00fcde und es kostete mich viel Konzentration, dieses Gef\u00fchl weiter zu erkunden &#8230; ich konnte es auch gar nicht glauben, aber offensichtlich war da eine Art Verband und darunter eine Naht &#8230; am Bauch &#8230; wo hatten die mich nur hin gebracht, dass da jemand die Z\u00e4hne im Bauch sucht ? K\u00f6nnt Ihr Euch meine Panik und mein Entsetzen vorstellen? War ich entf\u00fchrt worden und in den F\u00e4ngen der Organmafia?<\/p>\n<p>Die bleierne M\u00fcdigkeit ergriff wieder Besitz von mir und ich fiel in einen traumlosen Schlaf &#8211; zum Gl\u00fcck &#8230; sonst h\u00e4tten mich sicher Alptr\u00e4ume verfolgt.<\/p>\n<p>Irgendwann h\u00f6rte ich vertraute Stimmen und bekam mit, wie ich nach einer weiteren Autofahrt wieder ein Zimmer im Spezial-Wellness-Bereich bekam. Zum Gl\u00fcck hatten sie mich gesucht, gefunden und mit nach Hause genommen &#8230; auf alles andere w\u00fcrden sich sicher noch Antworten finden. Aber jetzt, wo ich mich in Sicherheit wu\u00dfte, wollte ich mich erst einmal <a href=\"http:\/\/tierheim-moers.de\/Wordpress\/wp-content\/uploads\/2018\/02\/PaulaQuarant\u00e4ne2.jpg\"><img loading=\"lazy\" decoding=\"async\" class=\"alignright size-medium wp-image-18509\" src=\"http:\/\/tierheim-moers.de\/Wordpress\/wp-content\/uploads\/2018\/02\/PaulaQuarant\u00e4ne2-300x300.jpg\" alt=\"\" width=\"300\" height=\"300\" srcset=\"https:\/\/tierheim-moers.de\/Wordpress\/wp-content\/uploads\/2018\/02\/PaulaQuarant\u00e4ne2-300x300.jpg 300w, https:\/\/tierheim-moers.de\/Wordpress\/wp-content\/uploads\/2018\/02\/PaulaQuarant\u00e4ne2-150x150.jpg 150w, https:\/\/tierheim-moers.de\/Wordpress\/wp-content\/uploads\/2018\/02\/PaulaQuarant\u00e4ne2-768x768.jpg 768w, https:\/\/tierheim-moers.de\/Wordpress\/wp-content\/uploads\/2018\/02\/PaulaQuarant\u00e4ne2-1024x1024.jpg 1024w, https:\/\/tierheim-moers.de\/Wordpress\/wp-content\/uploads\/2018\/02\/PaulaQuarant\u00e4ne2-600x600.jpg 600w, https:\/\/tierheim-moers.de\/Wordpress\/wp-content\/uploads\/2018\/02\/PaulaQuarant\u00e4ne2-432x432.jpg 432w, https:\/\/tierheim-moers.de\/Wordpress\/wp-content\/uploads\/2018\/02\/PaulaQuarant\u00e4ne2-268x268.jpg 268w, https:\/\/tierheim-moers.de\/Wordpress\/wp-content\/uploads\/2018\/02\/PaulaQuarant\u00e4ne2-700x700.jpg 700w, https:\/\/tierheim-moers.de\/Wordpress\/wp-content\/uploads\/2018\/02\/PaulaQuarant\u00e4ne2-45x45.jpg 45w\" sizes=\"(max-width: 300px) 100vw, 300px\" \/><\/a>weiter ausruhen.<\/p>\n<p>Nachdem ich mich gr\u00fcndlich ausgeschlafen hatte, sah alles gar nicht mehr so schlimm aus. Mir war auch aufgefallen, dass die Z\u00e4hne sich besser anf\u00fchlten und tats\u00e4chlich schien auch nichts in mir zu fehlen &#8211; jedenfalls nichts, was mir aufgefallen w\u00e4re. Ich bekam eine wunderbare &#8211; wenn auch zu kleine &#8211; a \u00b4la Carte Mahlzeit, jede Menge Streicheleinheiten und niemand schien besonders aufgeregt \u00fcber das, was passiert war. Also beschloss ich, allen Gespr\u00e4chen aufmerksam zu lauschen, damit auch ich endlich erfahren sollte, was denn da nun eigentlich passiert war. Auf die Antworten zu meinen Fragen musste ich auch gar nicht lange warten: meine Z\u00e4hne wurden gar nicht im Bauch gesucht &#8211; der Doc wusste doch ganz genau, wo sie sich befanden &#8211; aber es stellte ich heraus, dass ich einen Nabelbruch hatte und damit der nicht zu Komplikationen f\u00fchren w\u00fcrde, hat man das direkt operiert. Im Nachhinein fand ich das sehr umsichtig &#8211; schlie\u00dflich w\u00e4re es kaum eine Option gewesen, dass ich ein zweites Mal ausfalle.<\/p>\n<p>Jetzt hat man mir &#8220;Zwangs-Wellness&#8221; verordnet &#8230; ich muss noch ein bisschen hier bleiben und nachdem ich anfangs doch sehr ungehalten dar\u00fcber war, habe ich irgendwann zu mir gesagt: &#8220;Ach, Paula, genie\u00dfe die Zeit einfach &#8211; irgendwie hast Du Dir das auch mal verdient&#8221; &#8230; als ich dann noch ein Baldriankissen bekam, war ich die Entspannung selbst.<\/p>\n<p>Bei soviel Ruhe hat man auch unwillk\u00fcrlich Zeit zum Nachdenken. Ein paar Gedanken m\u00f6chte ich mit Euch teilen:<\/p>\n<p>Mein Hotel f\u00fcr tempor\u00e4r hilfebed\u00fcrftige Tiere ist ja eine Zwischenstation. Unsere G\u00e4ste sollen <a href=\"http:\/\/tierheim-moers.de\/Wordpress\/wp-content\/uploads\/2018\/02\/Kitten2.jpg\"><img loading=\"lazy\" decoding=\"async\" class=\"size-medium wp-image-18505 alignleft\" src=\"http:\/\/tierheim-moers.de\/Wordpress\/wp-content\/uploads\/2018\/02\/Kitten2-300x300.jpg\" alt=\"\" width=\"300\" height=\"300\" srcset=\"https:\/\/tierheim-moers.de\/Wordpress\/wp-content\/uploads\/2018\/02\/Kitten2-300x300.jpg 300w, https:\/\/tierheim-moers.de\/Wordpress\/wp-content\/uploads\/2018\/02\/Kitten2-150x150.jpg 150w, https:\/\/tierheim-moers.de\/Wordpress\/wp-content\/uploads\/2018\/02\/Kitten2-768x768.jpg 768w, https:\/\/tierheim-moers.de\/Wordpress\/wp-content\/uploads\/2018\/02\/Kitten2-1024x1024.jpg 1024w, https:\/\/tierheim-moers.de\/Wordpress\/wp-content\/uploads\/2018\/02\/Kitten2-600x600.jpg 600w, https:\/\/tierheim-moers.de\/Wordpress\/wp-content\/uploads\/2018\/02\/Kitten2-432x432.jpg 432w, https:\/\/tierheim-moers.de\/Wordpress\/wp-content\/uploads\/2018\/02\/Kitten2-268x268.jpg 268w, https:\/\/tierheim-moers.de\/Wordpress\/wp-content\/uploads\/2018\/02\/Kitten2-700x700.jpg 700w, https:\/\/tierheim-moers.de\/Wordpress\/wp-content\/uploads\/2018\/02\/Kitten2-45x45.jpg 45w\" sizes=\"(max-width: 300px) 100vw, 300px\" \/><\/a> vom Hotel in ein passendes Zuhause ziehen. Deshalb kommen auch immer viele Besucher, die ein Zuhause anbieten m\u00f6chten. Besonders im Katzenhaus fragen doch sehr viele nach Kitten. Nat\u00fcrlich kann auch ich nachvollziehen, dass so ein Katzen-Baby Euch Zweibeiner besonders ber\u00fchrt, dass es der Wunsch ist, ein Katzen-Baby beim Gro\u00dfwerden zu begleiten und so die maximal m\u00f6gliche Zeit des Zusammenseins auszukosten. Aber alle unsere G\u00e4ste suchen ein Zuhause und alle werden durch ihre Pers\u00f6nlichkeit in dem passenden Zuhause eine solche Bereicherung sein &#8230; das ist gar keine Frage des Alters!<\/p>\n<p>Und nat\u00fcrlich gibt es auch eine Kehrseite der Medaille &#8230; die Kitten, die bei uns landen kommen nicht aus einem beh\u00fcteten Zuhause &#8211; nein, es sind h\u00e4ufig die Nachkommen <a href=\"http:\/\/tierheim-moers.de\/Wordpress\/wp-content\/uploads\/2018\/02\/Kitten.jpg\"><img loading=\"lazy\" decoding=\"async\" class=\"alignleft size-medium wp-image-18504\" src=\"http:\/\/tierheim-moers.de\/Wordpress\/wp-content\/uploads\/2018\/02\/Kitten-300x300.jpg\" alt=\"\" width=\"300\" height=\"300\" srcset=\"https:\/\/tierheim-moers.de\/Wordpress\/wp-content\/uploads\/2018\/02\/Kitten-300x300.jpg 300w, https:\/\/tierheim-moers.de\/Wordpress\/wp-content\/uploads\/2018\/02\/Kitten-150x150.jpg 150w, https:\/\/tierheim-moers.de\/Wordpress\/wp-content\/uploads\/2018\/02\/Kitten-768x768.jpg 768w, https:\/\/tierheim-moers.de\/Wordpress\/wp-content\/uploads\/2018\/02\/Kitten-1024x1024.jpg 1024w, https:\/\/tierheim-moers.de\/Wordpress\/wp-content\/uploads\/2018\/02\/Kitten-600x600.jpg 600w, https:\/\/tierheim-moers.de\/Wordpress\/wp-content\/uploads\/2018\/02\/Kitten-432x432.jpg 432w, https:\/\/tierheim-moers.de\/Wordpress\/wp-content\/uploads\/2018\/02\/Kitten-268x268.jpg 268w, https:\/\/tierheim-moers.de\/Wordpress\/wp-content\/uploads\/2018\/02\/Kitten-700x700.jpg 700w, https:\/\/tierheim-moers.de\/Wordpress\/wp-content\/uploads\/2018\/02\/Kitten-45x45.jpg 45w\" sizes=\"(max-width: 300px) 100vw, 300px\" \/><\/a>freilebender Katzen. Und was das in der Konsequenz hei\u00dft m\u00fcssen wir immer wieder aufs Neue schmerzlich erfahren: h\u00e4ufig ist schon die Mutter krank und so ist es logisch, dass auch die Kleinen, deren Abwehrkr\u00e4fte noch so schwach sind, erkranken. Jedes Jahr k\u00e4mpfen wir, um kranken Kitten in ein gesundes Leben zu verhelfen. Der Aufwand und die Emotionen die dahinter stehen, sieht man nicht mehr, wenn dann ein K\u00e4tzchen unser Hotel verl\u00e4sst. Und man sieht auch nicht die armen W\u00fcrmchen, die es nicht schaffen und in unseren Armen sterben. Ich kann Euch versichern: meine Leute k\u00e4mpfen f\u00fcr die Kleinen, als w\u00e4ren sie selbst die Katzenmamis, aber manchmal ist es ein Kampf gegen Windm\u00fchlen.<\/p>\n<p>Die L\u00f6sung w\u00e4re so einfach &#8211; sie hei\u00dft: Kastrieren und Impfen. Man erreicht nat\u00fcrlich mal nicht so eben, alle freilebenden Katzen, aber jede Katze, die ein Zuhause hat, zu einem Hof geh\u00f6rt oder von jemandem gef\u00fcttert wird, sollte kastriert und geimpft werden!<\/p>\n<p>Manchmal h\u00f6re ich, wie jemand sagt: &#8220;Was denn &#8230; ich habe doch einen Kater &#8211; soll er doch seinen Spa\u00df haben &#8230; habe ich ja nichts mit zu tun&#8221;. Ich kann gar nicht so laut fauchen oder meinen Fell so hoch aufstellen, wie mich so etwas aufregt.<\/p>\n<p>Wer auch immer einer Katze ein Zuhause schenkt, sollte diese Tiere doch so sehr lieben, dass er sich auch um die Artgenossen des eigenen Vierbeiners sorgt &#8230; und wer schon einmal ein krankes Kitten hat sterben sehen, der wei\u00df, dass das mit Spa\u00df \u00fcberhaupt nichts zu tun hat.<\/p>\n<p>Wenn mein Hotel Job mal nicht mehr so aufwendig sein sollte, dann gehe ich in die Politik. Und ich werde mich f\u00fcr zwei gro\u00dfe Themen einsetzen:<\/p>\n<ol>\n<li>Kastrations-, Kennzeichnungs- und Impfpflicht f\u00fcr alle Katzen.<\/li>\n<li>Katzenmilch f\u00fcr alle<\/li>\n<\/ol>\n<p>Zu dem zweiten Punkt habe ich noch eine Anmerkung &#8230; ich hatte ja eingangs unsere Lieferanten gelobt .. ich habe keine Ahnung, ob ich auch dem Spezial-Wellness-Bereich Bestellungen aufgeben kann, aber ich versuche es einfach mal:<\/p>\n<p>Ich bestelle hiermit Katzenmilch in ausreichender Menge! &#8230; oder auch ein bisschen mehr<\/p>\n<p>Oh &#8230; jetzt bin ich mal gespannt, ob das klappt &#8230;<\/p>\n<p>Bis dahin w\u00fcnsche ich Euch alles Gute<\/p>\n<p>Eure Paula<\/p>\n<div class=\"shariff shariff-align-flex-start shariff-widget-align-center\" data-url=\"https%3A%2F%2Ftierheim-moers.de%2FWordpress%2Fgruesse-vom-krankenlager%2F\" data-timestamp=\"1525383199\" data-hidezero=\"1\" data-backendurl=\"https:\/\/tierheim-moers.de\/Wordpress\/wp-json\/shariff\/v1\/share_counts?\"><ul class=\"shariff-buttons theme-round orientation-horizontal buttonsize-small\"><li class=\"shariff-button facebook shariff-nocustomcolor\" style=\"background-color:#4273c8\"><a href=\"https:\/\/www.facebook.com\/sharer\/sharer.php?u=https%3A%2F%2Ftierheim-moers.de%2FWordpress%2Fgruesse-vom-krankenlager%2F\" title=\"Bei Facebook teilen\" aria-label=\"Bei Facebook teilen\" role=\"button\" rel=\"nofollow\" class=\"shariff-link\" style=\"; background-color:#3b5998; color:#fff\" target=\"_blank\"><span class=\"shariff-icon\" style=\"\"><svg width=\"32px\" height=\"20px\" xmlns=\"http:\/\/www.w3.org\/2000\/svg\" viewBox=\"0 0 18 32\"><path fill=\"#3b5998\" d=\"M17.1 0.2v4.7h-2.8q-1.5 0-2.1 0.6t-0.5 1.9v3.4h5.2l-0.7 5.3h-4.5v13.6h-5.5v-13.6h-4.5v-5.3h4.5v-3.9q0-3.3 1.9-5.2t5-1.8q2.6 0 4.1 0.2z\"\/><\/svg><\/span><\/a><\/li><li class=\"shariff-button twitter shariff-nocustomcolor\" style=\"background-color:#595959\"><a href=\"https:\/\/twitter.com\/share?url=https%3A%2F%2Ftierheim-moers.de%2FWordpress%2Fgruesse-vom-krankenlager%2F&text=Gr%C3%BC%C3%9Fe%20vom%20Krankenlager\" title=\"Bei X teilen\" aria-label=\"Bei X teilen\" role=\"button\" rel=\"noopener nofollow\" class=\"shariff-link\" style=\"; background-color:#000; color:#fff\" target=\"_blank\"><span class=\"shariff-icon\" style=\"\"><svg width=\"32px\" height=\"20px\" xmlns=\"http:\/\/www.w3.org\/2000\/svg\" viewBox=\"0 0 24 24\"><path fill=\"#000\" d=\"M14.258 10.152L23.176 0h-2.113l-7.747 8.813L7.133 0H0l9.352 13.328L0 23.973h2.113l8.176-9.309 6.531 9.309h7.133zm-2.895 3.293l-.949-1.328L2.875 1.56h3.246l6.086 8.523.945 1.328 7.91 11.078h-3.246zm0 0\"\/><\/svg><\/span><\/a><\/li><li class=\"shariff-button whatsapp shariff-nocustomcolor\" style=\"background-color:#5cbe4a\"><a href=\"https:\/\/api.whatsapp.com\/send?text=https%3A%2F%2Ftierheim-moers.de%2FWordpress%2Fgruesse-vom-krankenlager%2F%20Gr%C3%BC%C3%9Fe%20vom%20Krankenlager\" title=\"Bei Whatsapp teilen\" aria-label=\"Bei Whatsapp teilen\" role=\"button\" rel=\"noopener nofollow\" class=\"shariff-link\" style=\"; background-color:#34af23; color:#fff\" target=\"_blank\"><span class=\"shariff-icon\" style=\"\"><svg width=\"32px\" height=\"20px\" xmlns=\"http:\/\/www.w3.org\/2000\/svg\" viewBox=\"0 0 32 32\"><path fill=\"#34af23\" d=\"M17.6 17.4q0.2 0 1.7 0.8t1.6 0.9q0 0.1 0 0.3 0 0.6-0.3 1.4-0.3 0.7-1.3 1.2t-1.8 0.5q-1 0-3.4-1.1-1.7-0.8-3-2.1t-2.6-3.3q-1.3-1.9-1.3-3.5v-0.1q0.1-1.6 1.3-2.8 0.4-0.4 0.9-0.4 0.1 0 0.3 0t0.3 0q0.3 0 0.5 0.1t0.3 0.5q0.1 0.4 0.6 1.6t0.4 1.3q0 0.4-0.6 1t-0.6 0.8q0 0.1 0.1 0.3 0.6 1.3 1.8 2.4 1 0.9 2.7 1.8 0.2 0.1 0.4 0.1 0.3 0 1-0.9t0.9-0.9zM14 26.9q2.3 0 4.3-0.9t3.6-2.4 2.4-3.6 0.9-4.3-0.9-4.3-2.4-3.6-3.6-2.4-4.3-0.9-4.3 0.9-3.6 2.4-2.4 3.6-0.9 4.3q0 3.6 2.1 6.6l-1.4 4.2 4.3-1.4q2.8 1.9 6.2 1.9zM14 2.2q2.7 0 5.2 1.1t4.3 2.9 2.9 4.3 1.1 5.2-1.1 5.2-2.9 4.3-4.3 2.9-5.2 1.1q-3.5 0-6.5-1.7l-7.4 2.4 2.4-7.2q-1.9-3.2-1.9-6.9 0-2.7 1.1-5.2t2.9-4.3 4.3-2.9 5.2-1.1z\"\/><\/svg><\/span><\/a><\/li><li class=\"shariff-button sms shariff-nocustomcolor shariff-mobile\" style=\"background-color:#d7d9d8\"><a href=\"sms:?&body=https%3A%2F%2Ftierheim-moers.de%2FWordpress%2Fgruesse-vom-krankenlager%2F\" title=\"Per SMS teilen\" aria-label=\"Per SMS teilen\" role=\"button\" rel=\"noopener nofollow\" class=\"shariff-link\" style=\"; background-color:#a1e877; color:#fff\" target=\"_blank\"><span class=\"shariff-icon\" style=\"\"><svg xmlns=\"http:\/\/www.w3.org\/2000\/svg\" width=\"510\" height=\"510\" viewBox=\"0 0 510 510\"><path fill=\"#a1e877\" d=\"M459 0H51C23 0 0 23 0 51v459l102-102h357c28.1 0 51-22.9 51-51V51C510 23 487.1 0 459 0zM178.5 229.5h-51v-51h51V229.5zM280.5 229.5h-51v-51h51V229.5zM382.5 229.5h-51v-51h51V229.5z\"\/><\/svg><\/span><\/a><\/li><\/ul><\/div>","protected":false},"excerpt":{"rendered":"<p>So &#8230; nun sitze ich hier und schicke Euch Gr\u00fc\u00dfe aus der Zwangspause. Ihr wollt wissen, was passiert ist? Ich kann Euch sagen: das will ich auch! Zumindest kann ich Euch die Geschichte mal so erz\u00e4hlen, wie ich sie nun erlebt habe: Es stand schon einige Zeit fest, dass ich &#8230;<\/p>\n","protected":false},"author":3,"featured_media":18508,"comment_status":"closed","ping_status":"open","sticky":false,"template":"","format":"standard","meta":{"ngg_post_thumbnail":0,"footnotes":""},"categories":[38,42],"tags":[],"class_list":["post-18502","post","type-post","status-publish","format-standard","has-post-thumbnail","hentry","category-atrejus","category-paulas","column","threecol","has-thumbnail"],"yoast_head":"<!-- This site is optimized with the Yoast SEO plugin v24.6 - https:\/\/yoast.com\/wordpress\/plugins\/seo\/ -->\n<title>Gr\u00fc\u00dfe vom Krankenlager | TIERHEIM MOERS<\/title>\n<meta name=\"robots\" content=\"index, follow, max-snippet:-1, max-image-preview:large, max-video-preview:-1\" \/>\n<link rel=\"canonical\" href=\"https:\/\/tierheim-moers.de\/Wordpress\/gruesse-vom-krankenlager\/\" \/>\n<meta property=\"og:locale\" content=\"de_DE\" \/>\n<meta property=\"og:type\" content=\"article\" \/>\n<meta property=\"og:title\" content=\"Gr\u00fc\u00dfe vom Krankenlager | TIERHEIM MOERS\" \/>\n<meta property=\"og:description\" content=\"So &#8230; nun sitze ich hier und schicke Euch Gr\u00fc\u00dfe aus der Zwangspause. Ihr wollt wissen, was passiert ist? Ich kann Euch &#8230;\" \/>\n<meta property=\"og:url\" content=\"https:\/\/tierheim-moers.de\/Wordpress\/gruesse-vom-krankenlager\/\" \/>\n<meta property=\"og:site_name\" content=\"TIERHEIM MOERS\" \/>\n<meta property=\"article:publisher\" content=\"https:\/\/de-de.facebook.com\/moers.tierheim\" \/>\n<meta property=\"article:published_time\" content=\"2018-02-12T09:55:35+00:00\" \/>\n<meta property=\"article:modified_time\" content=\"2018-05-03T19:33:19+00:00\" \/>\n<meta property=\"og:image\" content=\"https:\/\/tierheim-moers.de\/Wordpress\/wp-content\/uploads\/2018\/02\/PaulaQuarant\u00e4ne.jpg\" \/>\n\t<meta property=\"og:image:width\" content=\"2100\" \/>\n\t<meta property=\"og:image:height\" content=\"2100\" \/>\n\t<meta property=\"og:image:type\" content=\"image\/jpeg\" \/>\n<meta name=\"author\" content=\"tierheim2014\" \/>\n<meta name=\"twitter:card\" content=\"summary_large_image\" \/>\n<meta name=\"twitter:label1\" content=\"Verfasst von\" \/>\n\t<meta name=\"twitter:data1\" content=\"tierheim2014\" \/>\n\t<meta name=\"twitter:label2\" content=\"Gesch\u00e4tzte Lesezeit\" \/>\n\t<meta name=\"twitter:data2\" content=\"7\u00a0Minuten\" \/>\n<script type=\"application\/ld+json\" class=\"yoast-schema-graph\">{\"@context\":\"https:\/\/schema.org\",\"@graph\":[{\"@type\":\"Article\",\"@id\":\"https:\/\/tierheim-moers.de\/Wordpress\/gruesse-vom-krankenlager\/#article\",\"isPartOf\":{\"@id\":\"https:\/\/tierheim-moers.de\/Wordpress\/gruesse-vom-krankenlager\/\"},\"author\":{\"name\":\"tierheim2014\",\"@id\":\"https:\/\/tierheim-moers.de\/Wordpress\/#\/schema\/person\/bb66fcdf55ca8d06b229c0e748f4a4db\"},\"headline\":\"Gr\u00fc\u00dfe vom Krankenlager\",\"datePublished\":\"2018-02-12T09:55:35+00:00\",\"dateModified\":\"2018-05-03T19:33:19+00:00\",\"mainEntityOfPage\":{\"@id\":\"https:\/\/tierheim-moers.de\/Wordpress\/gruesse-vom-krankenlager\/\"},\"wordCount\":1481,\"publisher\":{\"@id\":\"https:\/\/tierheim-moers.de\/Wordpress\/#organization\"},\"image\":{\"@id\":\"https:\/\/tierheim-moers.de\/Wordpress\/gruesse-vom-krankenlager\/#primaryimage\"},\"thumbnailUrl\":\"https:\/\/tierheim-moers.de\/Wordpress\/wp-content\/uploads\/2018\/02\/PaulaQuarant\u00e4ne.jpg\",\"articleSection\":[\"Atreju's Logbuch\",\"Paulas Blickwinkel\"],\"inLanguage\":\"de\"},{\"@type\":\"WebPage\",\"@id\":\"https:\/\/tierheim-moers.de\/Wordpress\/gruesse-vom-krankenlager\/\",\"url\":\"https:\/\/tierheim-moers.de\/Wordpress\/gruesse-vom-krankenlager\/\",\"name\":\"Gr\u00fc\u00dfe vom Krankenlager | TIERHEIM MOERS\",\"isPartOf\":{\"@id\":\"https:\/\/tierheim-moers.de\/Wordpress\/#website\"},\"primaryImageOfPage\":{\"@id\":\"https:\/\/tierheim-moers.de\/Wordpress\/gruesse-vom-krankenlager\/#primaryimage\"},\"image\":{\"@id\":\"https:\/\/tierheim-moers.de\/Wordpress\/gruesse-vom-krankenlager\/#primaryimage\"},\"thumbnailUrl\":\"https:\/\/tierheim-moers.de\/Wordpress\/wp-content\/uploads\/2018\/02\/PaulaQuarant\u00e4ne.jpg\",\"datePublished\":\"2018-02-12T09:55:35+00:00\",\"dateModified\":\"2018-05-03T19:33:19+00:00\",\"breadcrumb\":{\"@id\":\"https:\/\/tierheim-moers.de\/Wordpress\/gruesse-vom-krankenlager\/#breadcrumb\"},\"inLanguage\":\"de\",\"potentialAction\":[{\"@type\":\"ReadAction\",\"target\":[\"https:\/\/tierheim-moers.de\/Wordpress\/gruesse-vom-krankenlager\/\"]}]},{\"@type\":\"ImageObject\",\"inLanguage\":\"de\",\"@id\":\"https:\/\/tierheim-moers.de\/Wordpress\/gruesse-vom-krankenlager\/#primaryimage\",\"url\":\"https:\/\/tierheim-moers.de\/Wordpress\/wp-content\/uploads\/2018\/02\/PaulaQuarant\u00e4ne.jpg\",\"contentUrl\":\"https:\/\/tierheim-moers.de\/Wordpress\/wp-content\/uploads\/2018\/02\/PaulaQuarant\u00e4ne.jpg\",\"width\":2100,\"height\":2100},{\"@type\":\"BreadcrumbList\",\"@id\":\"https:\/\/tierheim-moers.de\/Wordpress\/gruesse-vom-krankenlager\/#breadcrumb\",\"itemListElement\":[{\"@type\":\"ListItem\",\"position\":1,\"name\":\"Startseite\",\"item\":\"https:\/\/tierheim-moers.de\/Wordpress\/\"},{\"@type\":\"ListItem\",\"position\":2,\"name\":\"Gr\u00fc\u00dfe vom Krankenlager\"}]},{\"@type\":\"WebSite\",\"@id\":\"https:\/\/tierheim-moers.de\/Wordpress\/#website\",\"url\":\"https:\/\/tierheim-moers.de\/Wordpress\/\",\"name\":\"Tierheim Moers\",\"description\":\"Tierheim | Hundepension | Tierschutz | Moers\",\"publisher\":{\"@id\":\"https:\/\/tierheim-moers.de\/Wordpress\/#organization\"},\"potentialAction\":[{\"@type\":\"SearchAction\",\"target\":{\"@type\":\"EntryPoint\",\"urlTemplate\":\"https:\/\/tierheim-moers.de\/Wordpress\/?s={search_term_string}\"},\"query-input\":{\"@type\":\"PropertyValueSpecification\",\"valueRequired\":true,\"valueName\":\"search_term_string\"}}],\"inLanguage\":\"de\"},{\"@type\":\"Organization\",\"@id\":\"https:\/\/tierheim-moers.de\/Wordpress\/#organization\",\"name\":\"Tierheim Moers\",\"url\":\"https:\/\/tierheim-moers.de\/Wordpress\/\",\"logo\":{\"@type\":\"ImageObject\",\"inLanguage\":\"de\",\"@id\":\"https:\/\/tierheim-moers.de\/Wordpress\/#\/schema\/logo\/image\/\",\"url\":\"https:\/\/tierheim-moers.de\/Wordpress\/wp-content\/uploads\/2014\/04\/Logo-TSV-Moers-V01-RGB-300.png\",\"contentUrl\":\"https:\/\/tierheim-moers.de\/Wordpress\/wp-content\/uploads\/2014\/04\/Logo-TSV-Moers-V01-RGB-300.png\",\"width\":1052,\"height\":1038,\"caption\":\"Tierheim Moers\"},\"image\":{\"@id\":\"https:\/\/tierheim-moers.de\/Wordpress\/#\/schema\/logo\/image\/\"},\"sameAs\":[\"https:\/\/de-de.facebook.com\/moers.tierheim\"]},{\"@type\":\"Person\",\"@id\":\"https:\/\/tierheim-moers.de\/Wordpress\/#\/schema\/person\/bb66fcdf55ca8d06b229c0e748f4a4db\",\"name\":\"tierheim2014\",\"image\":{\"@type\":\"ImageObject\",\"inLanguage\":\"de\",\"@id\":\"https:\/\/tierheim-moers.de\/Wordpress\/#\/schema\/person\/image\/\",\"url\":\"https:\/\/secure.gravatar.com\/avatar\/a11d93b0c6655bcc0a595174970baea60c3be93d07d0c82976034f22f0e26a03?s=96&d=mm&r=g\",\"contentUrl\":\"https:\/\/secure.gravatar.com\/avatar\/a11d93b0c6655bcc0a595174970baea60c3be93d07d0c82976034f22f0e26a03?s=96&d=mm&r=g\",\"caption\":\"tierheim2014\"},\"url\":\"https:\/\/tierheim-moers.de\/Wordpress\/author\/tierheim2014\/\"}]}<\/script>\n<!-- \/ Yoast SEO plugin. -->","yoast_head_json":{"title":"Gr\u00fc\u00dfe vom Krankenlager | TIERHEIM MOERS","robots":{"index":"index","follow":"follow","max-snippet":"max-snippet:-1","max-image-preview":"max-image-preview:large","max-video-preview":"max-video-preview:-1"},"canonical":"https:\/\/tierheim-moers.de\/Wordpress\/gruesse-vom-krankenlager\/","og_locale":"de_DE","og_type":"article","og_title":"Gr\u00fc\u00dfe vom Krankenlager | TIERHEIM MOERS","og_description":"So &#8230; nun sitze ich hier und schicke Euch Gr\u00fc\u00dfe aus der Zwangspause. Ihr wollt wissen, was passiert ist? Ich kann Euch &#8230;","og_url":"https:\/\/tierheim-moers.de\/Wordpress\/gruesse-vom-krankenlager\/","og_site_name":"TIERHEIM MOERS","article_publisher":"https:\/\/de-de.facebook.com\/moers.tierheim","article_published_time":"2018-02-12T09:55:35+00:00","article_modified_time":"2018-05-03T19:33:19+00:00","og_image":[{"width":2100,"height":2100,"url":"https:\/\/tierheim-moers.de\/Wordpress\/wp-content\/uploads\/2018\/02\/PaulaQuarant\u00e4ne.jpg","type":"image\/jpeg"}],"author":"tierheim2014","twitter_card":"summary_large_image","twitter_misc":{"Verfasst von":"tierheim2014","Gesch\u00e4tzte Lesezeit":"7\u00a0Minuten"},"schema":{"@context":"https:\/\/schema.org","@graph":[{"@type":"Article","@id":"https:\/\/tierheim-moers.de\/Wordpress\/gruesse-vom-krankenlager\/#article","isPartOf":{"@id":"https:\/\/tierheim-moers.de\/Wordpress\/gruesse-vom-krankenlager\/"},"author":{"name":"tierheim2014","@id":"https:\/\/tierheim-moers.de\/Wordpress\/#\/schema\/person\/bb66fcdf55ca8d06b229c0e748f4a4db"},"headline":"Gr\u00fc\u00dfe vom Krankenlager","datePublished":"2018-02-12T09:55:35+00:00","dateModified":"2018-05-03T19:33:19+00:00","mainEntityOfPage":{"@id":"https:\/\/tierheim-moers.de\/Wordpress\/gruesse-vom-krankenlager\/"},"wordCount":1481,"publisher":{"@id":"https:\/\/tierheim-moers.de\/Wordpress\/#organization"},"image":{"@id":"https:\/\/tierheim-moers.de\/Wordpress\/gruesse-vom-krankenlager\/#primaryimage"},"thumbnailUrl":"https:\/\/tierheim-moers.de\/Wordpress\/wp-content\/uploads\/2018\/02\/PaulaQuarant\u00e4ne.jpg","articleSection":["Atreju's Logbuch","Paulas Blickwinkel"],"inLanguage":"de"},{"@type":"WebPage","@id":"https:\/\/tierheim-moers.de\/Wordpress\/gruesse-vom-krankenlager\/","url":"https:\/\/tierheim-moers.de\/Wordpress\/gruesse-vom-krankenlager\/","name":"Gr\u00fc\u00dfe vom Krankenlager | TIERHEIM MOERS","isPartOf":{"@id":"https:\/\/tierheim-moers.de\/Wordpress\/#website"},"primaryImageOfPage":{"@id":"https:\/\/tierheim-moers.de\/Wordpress\/gruesse-vom-krankenlager\/#primaryimage"},"image":{"@id":"https:\/\/tierheim-moers.de\/Wordpress\/gruesse-vom-krankenlager\/#primaryimage"},"thumbnailUrl":"https:\/\/tierheim-moers.de\/Wordpress\/wp-content\/uploads\/2018\/02\/PaulaQuarant\u00e4ne.jpg","datePublished":"2018-02-12T09:55:35+00:00","dateModified":"2018-05-03T19:33:19+00:00","breadcrumb":{"@id":"https:\/\/tierheim-moers.de\/Wordpress\/gruesse-vom-krankenlager\/#breadcrumb"},"inLanguage":"de","potentialAction":[{"@type":"ReadAction","target":["https:\/\/tierheim-moers.de\/Wordpress\/gruesse-vom-krankenlager\/"]}]},{"@type":"ImageObject","inLanguage":"de","@id":"https:\/\/tierheim-moers.de\/Wordpress\/gruesse-vom-krankenlager\/#primaryimage","url":"https:\/\/tierheim-moers.de\/Wordpress\/wp-content\/uploads\/2018\/02\/PaulaQuarant\u00e4ne.jpg","contentUrl":"https:\/\/tierheim-moers.de\/Wordpress\/wp-content\/uploads\/2018\/02\/PaulaQuarant\u00e4ne.jpg","width":2100,"height":2100},{"@type":"BreadcrumbList","@id":"https:\/\/tierheim-moers.de\/Wordpress\/gruesse-vom-krankenlager\/#breadcrumb","itemListElement":[{"@type":"ListItem","position":1,"name":"Startseite","item":"https:\/\/tierheim-moers.de\/Wordpress\/"},{"@type":"ListItem","position":2,"name":"Gr\u00fc\u00dfe vom Krankenlager"}]},{"@type":"WebSite","@id":"https:\/\/tierheim-moers.de\/Wordpress\/#website","url":"https:\/\/tierheim-moers.de\/Wordpress\/","name":"Tierheim Moers","description":"Tierheim | Hundepension | Tierschutz | Moers","publisher":{"@id":"https:\/\/tierheim-moers.de\/Wordpress\/#organization"},"potentialAction":[{"@type":"SearchAction","target":{"@type":"EntryPoint","urlTemplate":"https:\/\/tierheim-moers.de\/Wordpress\/?s={search_term_string}"},"query-input":{"@type":"PropertyValueSpecification","valueRequired":true,"valueName":"search_term_string"}}],"inLanguage":"de"},{"@type":"Organization","@id":"https:\/\/tierheim-moers.de\/Wordpress\/#organization","name":"Tierheim Moers","url":"https:\/\/tierheim-moers.de\/Wordpress\/","logo":{"@type":"ImageObject","inLanguage":"de","@id":"https:\/\/tierheim-moers.de\/Wordpress\/#\/schema\/logo\/image\/","url":"https:\/\/tierheim-moers.de\/Wordpress\/wp-content\/uploads\/2014\/04\/Logo-TSV-Moers-V01-RGB-300.png","contentUrl":"https:\/\/tierheim-moers.de\/Wordpress\/wp-content\/uploads\/2014\/04\/Logo-TSV-Moers-V01-RGB-300.png","width":1052,"height":1038,"caption":"Tierheim Moers"},"image":{"@id":"https:\/\/tierheim-moers.de\/Wordpress\/#\/schema\/logo\/image\/"},"sameAs":["https:\/\/de-de.facebook.com\/moers.tierheim"]},{"@type":"Person","@id":"https:\/\/tierheim-moers.de\/Wordpress\/#\/schema\/person\/bb66fcdf55ca8d06b229c0e748f4a4db","name":"tierheim2014","image":{"@type":"ImageObject","inLanguage":"de","@id":"https:\/\/tierheim-moers.de\/Wordpress\/#\/schema\/person\/image\/","url":"https:\/\/secure.gravatar.com\/avatar\/a11d93b0c6655bcc0a595174970baea60c3be93d07d0c82976034f22f0e26a03?s=96&d=mm&r=g","contentUrl":"https:\/\/secure.gravatar.com\/avatar\/a11d93b0c6655bcc0a595174970baea60c3be93d07d0c82976034f22f0e26a03?s=96&d=mm&r=g","caption":"tierheim2014"},"url":"https:\/\/tierheim-moers.de\/Wordpress\/author\/tierheim2014\/"}]}},"_links":{"self":[{"href":"https:\/\/tierheim-moers.de\/Wordpress\/wp-json\/wp\/v2\/posts\/18502","targetHints":{"allow":["GET"]}}],"collection":[{"href":"https:\/\/tierheim-moers.de\/Wordpress\/wp-json\/wp\/v2\/posts"}],"about":[{"href":"https:\/\/tierheim-moers.de\/Wordpress\/wp-json\/wp\/v2\/types\/post"}],"author":[{"embeddable":true,"href":"https:\/\/tierheim-moers.de\/Wordpress\/wp-json\/wp\/v2\/users\/3"}],"replies":[{"embeddable":true,"href":"https:\/\/tierheim-moers.de\/Wordpress\/wp-json\/wp\/v2\/comments?post=18502"}],"version-history":[{"count":5,"href":"https:\/\/tierheim-moers.de\/Wordpress\/wp-json\/wp\/v2\/posts\/18502\/revisions"}],"predecessor-version":[{"id":19516,"href":"https:\/\/tierheim-moers.de\/Wordpress\/wp-json\/wp\/v2\/posts\/18502\/revisions\/19516"}],"wp:featuredmedia":[{"embeddable":true,"href":"https:\/\/tierheim-moers.de\/Wordpress\/wp-json\/wp\/v2\/media\/18508"}],"wp:attachment":[{"href":"https:\/\/tierheim-moers.de\/Wordpress\/wp-json\/wp\/v2\/media?parent=18502"}],"wp:term":[{"taxonomy":"category","embeddable":true,"href":"https:\/\/tierheim-moers.de\/Wordpress\/wp-json\/wp\/v2\/categories?post=18502"},{"taxonomy":"post_tag","embeddable":true,"href":"https:\/\/tierheim-moers.de\/Wordpress\/wp-json\/wp\/v2\/tags?post=18502"}],"curies":[{"name":"wp","href":"https:\/\/api.w.org\/{rel}","templated":true}]}}