{"id":19042,"date":"2017-01-01T21:26:35","date_gmt":"2017-01-01T19:26:35","guid":{"rendered":"http:\/\/tierheim-moers.de\/Wordpress\/?p=19042"},"modified":"2018-04-04T21:28:50","modified_gmt":"2018-04-04T19:28:50","slug":"27-04-2015","status":"publish","type":"post","link":"https:\/\/tierheim-moers.de\/Wordpress\/27-04-2015\/","title":{"rendered":"27.04.2015"},"content":{"rendered":"<p style=\"text-align: right;\">27.04.2015<\/p>\n<p>Tach auch!<\/p>\n<p>\u2026ich kann Ihnen sagen, hier ist was los! Unglaublich\u2026<br \/>\nIn der n\u00e4chsten Woche sind wir f\u00fcr die WDR-Sendung \u201eTiere suchen ein Zuhause\u201c eingeladen, und nun m\u00fcssen noch die geeigneten vierbeinigen Kandidaten gefunden werden, aber auch <a href=\"http:\/\/tierheim-moers.de\/Wordpress\/wp-content\/uploads\/2014\/04\/Tommy1.png\"><img fetchpriority=\"high\" decoding=\"async\" class=\"alignright size-medium wp-image-6739\" src=\"http:\/\/tierheim-moers.de\/Wordpress\/wp-content\/uploads\/2014\/04\/Tommy1-300x300.png\" alt=\"Tommy\" width=\"300\" height=\"300\" srcset=\"https:\/\/tierheim-moers.de\/Wordpress\/wp-content\/uploads\/2014\/04\/Tommy1-300x300.png 300w, https:\/\/tierheim-moers.de\/Wordpress\/wp-content\/uploads\/2014\/04\/Tommy1-150x150.png 150w, https:\/\/tierheim-moers.de\/Wordpress\/wp-content\/uploads\/2014\/04\/Tommy1-268x268.png 268w, https:\/\/tierheim-moers.de\/Wordpress\/wp-content\/uploads\/2014\/04\/Tommy1.png 403w\" sizes=\"(max-width: 300px) 100vw, 300px\" \/><\/a>kamerafreundliche Tierheim-Zweibeiner, die\u00a0 die Hunde und Katzen in der Sendung vorstellen.\u00a0Die ganzen (zweibeinigen) Tierheim-M\u00e4dels sind komplett aus dem H\u00e4uschen und suchen nach den \u00e4rmsten Socken die wir haben, und diese gro\u00dfe Chance auf ein tolles neues Zuhause nutzen sollen.<\/p>\n<p>Ich habe mich jetzt mal ganz still und heimlich aus den Vorbereitungen zur\u00fcckgezogen, um Ihnen ein paar Zeilen zu schreiben \u2013 heute mal ausnahmsweise am Montag, und nicht schon am Sonntag.<\/p>\n<p>Letzte Woche war nat\u00fcrlich genau so abwechslungsreich wie die Wochen davor \u2013 das d\u00fcrften Sie ja inzwischen kennen. Bei den Hunden ist in der letzten Woche die Border-Collie-Fundh\u00fcndin \u201eTayra\u201c in ein neues Zuhause umgezogen. Ersten Bildern und Berichten zufolge lebt sie sich super ein und schlie\u00dft bereits neue Freundschaften. \u00a0Neu aufgenommen haben wir im Hundehaus die Bracken-Mischlingsh\u00fcndin \u201eRomy\u201c \u2013 eine reizende Hundedame, obwohl ihr im Moment noch der n\u00f6tige Respekt vor mit fehlt, aber das kl\u00e4re ich auch noch in den n\u00e4chsten Tagen.<\/p>\n<div id=\"gallery-1\">\n<figure><div id='gallery-1' class='gallery galleryid-19042 gallery-columns-2 gallery-size-thumbnail'><figure class='gallery-item'>\n\t\t\t<div class='gallery-icon landscape'>\n\t\t\t\t<a rel='attachment' href='https:\/\/tierheim-moers.de\/Wordpress\/tommy\/tayra-1\/'><img decoding=\"async\" width=\"150\" height=\"150\" src=\"https:\/\/tierheim-moers.de\/Wordpress\/wp-content\/uploads\/2014\/04\/Tayra-1-150x150.jpg\" class=\"attachment-thumbnail size-thumbnail\" alt=\"\" srcset=\"https:\/\/tierheim-moers.de\/Wordpress\/wp-content\/uploads\/2014\/04\/Tayra-1-150x150.jpg 150w, https:\/\/tierheim-moers.de\/Wordpress\/wp-content\/uploads\/2014\/04\/Tayra-1-432x432.jpg 432w, https:\/\/tierheim-moers.de\/Wordpress\/wp-content\/uploads\/2014\/04\/Tayra-1-268x268.jpg 268w\" sizes=\"(max-width: 150px) 100vw, 150px\" \/><\/a>\n\t\t\t<\/div><\/figure><figure class='gallery-item'>\n\t\t\t<div class='gallery-icon landscape'>\n\t\t\t\t<a rel='attachment' href='https:\/\/tierheim-moers.de\/Wordpress\/tommy\/tayra-2\/'><img decoding=\"async\" width=\"150\" height=\"150\" src=\"https:\/\/tierheim-moers.de\/Wordpress\/wp-content\/uploads\/2014\/04\/Tayra-2-150x150.jpg\" class=\"attachment-thumbnail size-thumbnail\" alt=\"\" srcset=\"https:\/\/tierheim-moers.de\/Wordpress\/wp-content\/uploads\/2014\/04\/Tayra-2-150x150.jpg 150w, https:\/\/tierheim-moers.de\/Wordpress\/wp-content\/uploads\/2014\/04\/Tayra-2-432x432.jpg 432w, https:\/\/tierheim-moers.de\/Wordpress\/wp-content\/uploads\/2014\/04\/Tayra-2-268x268.jpg 268w\" sizes=\"(max-width: 150px) 100vw, 150px\" \/><\/a>\n\t\t\t<\/div><\/figure>\n\t\t<\/div>\n<\/figure>\n<div><\/div>\n<\/div>\n<p>Am Samstag hat unser Tierpfleger J\u00fcrgen noch einen regelrechten Katzen-Adonis aus der Tierklinik abgeholt. Ein Maine Coon Kater, unkastriert und noch keine zwei Jahre alt. Seine Finder hatten ihn in Moers gefunden und direkt in die Tierklinik gebracht. Dort musste er erstmal gep\u00e4ppelt werden und eine Infusion bekommen. Er war wohl mehrere Tage in der Nachbarschaft unterwegs und hat rollige Katzen begl\u00fcckt \u2013 ich hoffe mal f\u00fcr ihn, dass er sich nichts \u201eeingefangen\u201c hat. Seinem Herrchen haben die Tierheimmitarbeiter das Versprechen abgenommen, dass er ihn bald kastrieren l\u00e4sst, bevor er noch mal auf die Rolle geht\u2026<\/p>\n<p>Ansonsten wird der Katzenbereich durch ein neues P\u00e4rchen erweitert: Fine und Igor wurden\u00a0am Samstag von ihrem Besitzer abgegeben. Fine ist ein Siam-Mix \u2013 sehr exotisch, aber <a href=\"http:\/\/tierheim-moers.de\/Wordpress\/wp-content\/uploads\/2014\/04\/Lilly.jpg\"><img loading=\"lazy\" decoding=\"async\" class=\"alignleft size-medium wp-image-6736\" src=\"http:\/\/tierheim-moers.de\/Wordpress\/wp-content\/uploads\/2014\/04\/Lilly-300x271.jpg\" alt=\"Lilly\" width=\"300\" height=\"271\" srcset=\"https:\/\/tierheim-moers.de\/Wordpress\/wp-content\/uploads\/2014\/04\/Lilly-300x271.jpg 300w, https:\/\/tierheim-moers.de\/Wordpress\/wp-content\/uploads\/2014\/04\/Lilly.jpg 400w\" sizes=\"(max-width: 300px) 100vw, 300px\" \/><\/a>leider f\u00fcr meinen Geschmack auch sehr geschw\u00e4tzig. Au\u00dferdem wurde noch ein Jung-Kater aus Neukirchen aufgenommen, der sich dort schon tagelang im Kinderdorf herumgetrieben hat und auf der Suche nach einem warmen Schlafplatz und Futter war.<\/p>\n<p>Bei den Kleintieren sind in der letzten Woche nach vielen Kaninchen-Aufnahmen auch mal wieder zwei Meerschweine abgegeben worden, und am Sonntag-Nachmittag kam dann noch eine Wasserschildkr\u00f6te aus Neukirchen-Vluyn zu uns.<\/p>\n<p>Nun ja, ansonsten gibt es nur wenig zu berichten. Die Post an die Mitglieder habe ich Montag fristgerecht fertig gemacht, so dass sie zum Versand gebracht werden konnte. Am Mittwoch waren dann abends zwei Damen der Regionalpresse hier im Tierheim und haben sich ein Bild von der aktuellen Lage gemacht und mit den Vorstandsleuten \u00fcber die laufenden Verhandlungen mit den Kommunen gesprochen. Ich hoffe mal, dass die Zeitungsartikel dem ein oder anderen die Augen \u00f6ffnen, was das Moerser Tierheim so alles leistet.<\/p>\n<div id=\"gallery-2\">\n<figure><a href=\"http:\/\/tierheim-moers.de\/Wordpress\/wp-content\/uploads\/2014\/04\/nrz-logo.png\"><img loading=\"lazy\" decoding=\"async\" class=\"alignleft size-full wp-image-422\" src=\"http:\/\/tierheim-moers.de\/Wordpress\/wp-content\/uploads\/2014\/04\/nrz-logo.png\" alt=\"nrz-logo\" width=\"183\" height=\"67\" \/><\/a><\/figure>\n<div><\/div>\n<\/div>\n<p>\u2026den Artikel der NRZ\/WAZ vom 23.04.2015 finden Sie\u00a0<a href=\"http:\/\/www.derwesten.de\/staedte\/nachrichten-aus-moers-kamp-lintfort-neukirchen-vluyn-rheurdt-und-issum\/moers-tierschutzverein-schlaegt-alarm-id10594947.html\" target=\"_blank\" rel=\"noopener\">hier.<\/a><a href=\"http:\/\/tierheim-moers.de\/Wordpress\/wp-content\/uploads\/2014\/04\/rp-logo.jpg\"><img loading=\"lazy\" decoding=\"async\" class=\"alignright size-full wp-image-457\" src=\"http:\/\/tierheim-moers.de\/Wordpress\/wp-content\/uploads\/2014\/04\/rp-logo.jpg\" alt=\"rp-logo\" width=\"150\" height=\"127\" \/><\/a><br \/>\n\u2026den Artikel der Rheinischen Post vom 24.04.2015 finden Sie\u00a0<a href=\"http:\/\/www.rp-online.de\/nrw\/staedte\/moers\/bald-keine-fundtiere-mehr-fuer-das-moerser-tierheim-aid-1.5039058\" target=\"_blank\" rel=\"noopener\">hier.<\/a><\/p>\n<p>Heute hat \u00fcbrigens unser ehemaliger Tierheimgast \u201eJako\u201c Geburtstag. Stolze 14 Jahre wird der Hunde-Senior alt. Jako war im letzten Jahr f\u00fcr ein paar Tage unser Gast im Tierheim. Er wurde abgegeben, weil sein Besitzer sich selbst aus Altersgr\u00fcnden nicht mehr um ihn k\u00fcmmern\u00a0konnte. Danach begann ein kleiner Krimi \u2013 dank Facebook \u2013 konnte rekonstruiert werden, dass der alte Mann innerhalb von zwei Jahren mehrmals den Besitzer wechseln musste. Urspr\u00fcnglich wurde er irgendwo in der N\u00e4he von Berlin vermittelt, bis er <a href=\"http:\/\/tierheim-moers.de\/Wordpress\/wp-content\/uploads\/2014\/07\/Jako.jpg\"><img loading=\"lazy\" decoding=\"async\" class=\"alignleft size-medium wp-image-2560\" src=\"http:\/\/tierheim-moers.de\/Wordpress\/wp-content\/uploads\/2014\/07\/Jako-300x200.jpg\" alt=\"Jako\" width=\"300\" height=\"200\" srcset=\"https:\/\/tierheim-moers.de\/Wordpress\/wp-content\/uploads\/2014\/07\/Jako-300x200.jpg 300w, https:\/\/tierheim-moers.de\/Wordpress\/wp-content\/uploads\/2014\/07\/Jako-700x466.jpg 700w, https:\/\/tierheim-moers.de\/Wordpress\/wp-content\/uploads\/2014\/07\/Jako.jpg 960w\" sizes=\"(max-width: 300px) 100vw, 300px\" \/><\/a>dann in Moers landete. Das war aber sein gro\u00dfes Gl\u00fcck, denn nur wenige Kilometer weiter, in Homberg, lebt eine Familie die sich sehr f\u00fcr die Rasse \u201eKooikerhondje\u201c interessiert und einsetzt. Kurzerhand wurde der Opa der Familie mit der Teilzeit-Betreuung von Jako beauftragt, der inzwischen leider immer schlechter sieht und h\u00f6rt. Ein wahrer Jungbrunnen war f\u00fcr den alten Knacker aber die Kooiker-Dame, die bei der Familie lebt und alle gemeinsam k\u00fcmmern sich nun um den langsam senil werdenden Jako \u2013 eine sch\u00f6ne Geschichte, und in diesem Fall w\u00fcnsche ich dem alten Hundemann auch wirklich von Herzen alles Gute zum Geburtstag!<\/p>\n<p>Bevor ich nun f\u00fcr heute zum Ende komme, soll ich mich noch bei allen entschuldigen, die uns am letzten Wochenende auf dem Moerser Fr\u00fchling vergeblich gesucht haben. Leider kamen verschiedene Unw\u00e4gbarkeiten zusammen, so dass der Infostand leider kurzfristig abgesagt werden musste. Wer allerdings trotzdem Interesse an meinen selbstgekochten Marmeladen, oder dem eigens von mir hergestellten Vitamin-Lik\u00f6r hat, der muss sich noch ein bisschen gedulden, sp\u00e4testens zum Sommerfest haben Sie die M\u00f6glichkeit alles ausgiebig zu verkosten\u2026<\/p>\n<p>Einen guten Start in die neue Woche, und viele Gr\u00fc\u00dfe aus dem Moerser Tierheim<\/p>\n<p>Ihr Tommy.<\/p>\n<p>&nbsp;<\/p>\n<div class=\"shariff shariff-align-flex-start shariff-widget-align-center\" data-url=\"https%3A%2F%2Ftierheim-moers.de%2FWordpress%2F27-04-2015%2F\" data-timestamp=\"1522877330\" data-hidezero=\"1\" data-backendurl=\"https:\/\/tierheim-moers.de\/Wordpress\/wp-json\/shariff\/v1\/share_counts?\"><ul class=\"shariff-buttons theme-round orientation-horizontal buttonsize-small\"><li class=\"shariff-button facebook shariff-nocustomcolor\" style=\"background-color:#4273c8\"><a href=\"https:\/\/www.facebook.com\/sharer\/sharer.php?u=https%3A%2F%2Ftierheim-moers.de%2FWordpress%2F27-04-2015%2F\" title=\"Bei Facebook teilen\" aria-label=\"Bei Facebook teilen\" role=\"button\" rel=\"nofollow\" class=\"shariff-link\" style=\"; background-color:#3b5998; color:#fff\" target=\"_blank\"><span class=\"shariff-icon\" style=\"\"><svg width=\"32px\" height=\"20px\" xmlns=\"http:\/\/www.w3.org\/2000\/svg\" viewBox=\"0 0 18 32\"><path fill=\"#3b5998\" d=\"M17.1 0.2v4.7h-2.8q-1.5 0-2.1 0.6t-0.5 1.9v3.4h5.2l-0.7 5.3h-4.5v13.6h-5.5v-13.6h-4.5v-5.3h4.5v-3.9q0-3.3 1.9-5.2t5-1.8q2.6 0 4.1 0.2z\"\/><\/svg><\/span><\/a><\/li><li class=\"shariff-button twitter shariff-nocustomcolor\" style=\"background-color:#595959\"><a href=\"https:\/\/twitter.com\/share?url=https%3A%2F%2Ftierheim-moers.de%2FWordpress%2F27-04-2015%2F&text=27.04.2015\" title=\"Bei X teilen\" aria-label=\"Bei X teilen\" role=\"button\" rel=\"noopener nofollow\" class=\"shariff-link\" style=\"; background-color:#000; color:#fff\" target=\"_blank\"><span class=\"shariff-icon\" style=\"\"><svg width=\"32px\" height=\"20px\" xmlns=\"http:\/\/www.w3.org\/2000\/svg\" viewBox=\"0 0 24 24\"><path fill=\"#000\" d=\"M14.258 10.152L23.176 0h-2.113l-7.747 8.813L7.133 0H0l9.352 13.328L0 23.973h2.113l8.176-9.309 6.531 9.309h7.133zm-2.895 3.293l-.949-1.328L2.875 1.56h3.246l6.086 8.523.945 1.328 7.91 11.078h-3.246zm0 0\"\/><\/svg><\/span><\/a><\/li><li class=\"shariff-button whatsapp shariff-nocustomcolor\" style=\"background-color:#5cbe4a\"><a href=\"https:\/\/api.whatsapp.com\/send?text=https%3A%2F%2Ftierheim-moers.de%2FWordpress%2F27-04-2015%2F%2027.04.2015\" title=\"Bei Whatsapp teilen\" aria-label=\"Bei Whatsapp teilen\" role=\"button\" rel=\"noopener nofollow\" class=\"shariff-link\" style=\"; background-color:#34af23; color:#fff\" target=\"_blank\"><span class=\"shariff-icon\" style=\"\"><svg width=\"32px\" height=\"20px\" xmlns=\"http:\/\/www.w3.org\/2000\/svg\" viewBox=\"0 0 32 32\"><path fill=\"#34af23\" d=\"M17.6 17.4q0.2 0 1.7 0.8t1.6 0.9q0 0.1 0 0.3 0 0.6-0.3 1.4-0.3 0.7-1.3 1.2t-1.8 0.5q-1 0-3.4-1.1-1.7-0.8-3-2.1t-2.6-3.3q-1.3-1.9-1.3-3.5v-0.1q0.1-1.6 1.3-2.8 0.4-0.4 0.9-0.4 0.1 0 0.3 0t0.3 0q0.3 0 0.5 0.1t0.3 0.5q0.1 0.4 0.6 1.6t0.4 1.3q0 0.4-0.6 1t-0.6 0.8q0 0.1 0.1 0.3 0.6 1.3 1.8 2.4 1 0.9 2.7 1.8 0.2 0.1 0.4 0.1 0.3 0 1-0.9t0.9-0.9zM14 26.9q2.3 0 4.3-0.9t3.6-2.4 2.4-3.6 0.9-4.3-0.9-4.3-2.4-3.6-3.6-2.4-4.3-0.9-4.3 0.9-3.6 2.4-2.4 3.6-0.9 4.3q0 3.6 2.1 6.6l-1.4 4.2 4.3-1.4q2.8 1.9 6.2 1.9zM14 2.2q2.7 0 5.2 1.1t4.3 2.9 2.9 4.3 1.1 5.2-1.1 5.2-2.9 4.3-4.3 2.9-5.2 1.1q-3.5 0-6.5-1.7l-7.4 2.4 2.4-7.2q-1.9-3.2-1.9-6.9 0-2.7 1.1-5.2t2.9-4.3 4.3-2.9 5.2-1.1z\"\/><\/svg><\/span><\/a><\/li><li class=\"shariff-button sms shariff-nocustomcolor shariff-mobile\" style=\"background-color:#d7d9d8\"><a href=\"sms:?&body=https%3A%2F%2Ftierheim-moers.de%2FWordpress%2F27-04-2015%2F\" title=\"Per SMS teilen\" aria-label=\"Per SMS teilen\" role=\"button\" rel=\"noopener nofollow\" class=\"shariff-link\" style=\"; background-color:#a1e877; color:#fff\" target=\"_blank\"><span class=\"shariff-icon\" style=\"\"><svg xmlns=\"http:\/\/www.w3.org\/2000\/svg\" width=\"510\" height=\"510\" viewBox=\"0 0 510 510\"><path fill=\"#a1e877\" d=\"M459 0H51C23 0 0 23 0 51v459l102-102h357c28.1 0 51-22.9 51-51V51C510 23 487.1 0 459 0zM178.5 229.5h-51v-51h51V229.5zM280.5 229.5h-51v-51h51V229.5zM382.5 229.5h-51v-51h51V229.5z\"\/><\/svg><\/span><\/a><\/li><\/ul><\/div>","protected":false},"excerpt":{"rendered":"<p>27.04.2015 Tach auch! \u2026ich kann Ihnen sagen, hier ist was los! Unglaublich\u2026 In der n\u00e4chsten Woche sind wir f\u00fcr die WDR-Sendung \u201eTiere suchen ein Zuhause\u201c eingeladen, und nun m\u00fcssen noch die geeigneten vierbeinigen Kandidaten gefunden werden, aber auch kamerafreundliche Tierheim-Zweibeiner, die\u00a0 die Hunde und Katzen in der Sendung vorstellen.\u00a0Die ganzen &#8230;<\/p>\n","protected":false},"author":3,"featured_media":0,"comment_status":"closed","ping_status":"open","sticky":false,"template":"","format":"standard","meta":{"ngg_post_thumbnail":0,"footnotes":""},"categories":[41],"tags":[],"class_list":["post-19042","post","type-post","status-publish","format-standard","hentry","category-tommys-kolumne","column","threecol"],"yoast_head":"<!-- This site is optimized with the Yoast SEO plugin v24.6 - https:\/\/yoast.com\/wordpress\/plugins\/seo\/ -->\n<title>27.04.2015 | TIERHEIM MOERS<\/title>\n<meta name=\"robots\" content=\"index, follow, max-snippet:-1, max-image-preview:large, max-video-preview:-1\" \/>\n<link rel=\"canonical\" href=\"https:\/\/tierheim-moers.de\/Wordpress\/27-04-2015\/\" \/>\n<meta property=\"og:locale\" content=\"de_DE\" \/>\n<meta property=\"og:type\" content=\"article\" \/>\n<meta property=\"og:title\" content=\"27.04.2015 | TIERHEIM MOERS\" \/>\n<meta property=\"og:description\" content=\"27.04.2015 Tach auch! \u2026ich kann Ihnen sagen, hier ist was los! Unglaublich\u2026 In der n\u00e4chsten Woche sind wir f\u00fcr die WDR-Sendung \u201eTiere &#8230;\" \/>\n<meta property=\"og:url\" content=\"https:\/\/tierheim-moers.de\/Wordpress\/27-04-2015\/\" \/>\n<meta property=\"og:site_name\" content=\"TIERHEIM MOERS\" \/>\n<meta property=\"article:publisher\" content=\"https:\/\/de-de.facebook.com\/moers.tierheim\" \/>\n<meta property=\"article:published_time\" content=\"2017-01-01T19:26:35+00:00\" \/>\n<meta property=\"article:modified_time\" content=\"2018-04-04T19:28:50+00:00\" \/>\n<meta property=\"og:image\" content=\"https:\/\/tierheim-moers.de\/Wordpress\/wp-content\/uploads\/2015\/03\/20150223_180027.jpg\" \/>\n\t<meta property=\"og:image:width\" content=\"1500\" \/>\n\t<meta property=\"og:image:height\" content=\"2667\" \/>\n\t<meta property=\"og:image:type\" content=\"image\/jpeg\" \/>\n<meta name=\"author\" content=\"tierheim2014\" \/>\n<meta name=\"twitter:card\" content=\"summary_large_image\" \/>\n<meta name=\"twitter:label1\" content=\"Verfasst von\" \/>\n\t<meta name=\"twitter:data1\" content=\"tierheim2014\" \/>\n\t<meta name=\"twitter:label2\" content=\"Gesch\u00e4tzte Lesezeit\" \/>\n\t<meta name=\"twitter:data2\" content=\"4\u00a0Minuten\" \/>\n<script type=\"application\/ld+json\" class=\"yoast-schema-graph\">{\"@context\":\"https:\/\/schema.org\",\"@graph\":[{\"@type\":\"Article\",\"@id\":\"https:\/\/tierheim-moers.de\/Wordpress\/27-04-2015\/#article\",\"isPartOf\":{\"@id\":\"https:\/\/tierheim-moers.de\/Wordpress\/27-04-2015\/\"},\"author\":{\"name\":\"tierheim2014\",\"@id\":\"https:\/\/tierheim-moers.de\/Wordpress\/#\/schema\/person\/bb66fcdf55ca8d06b229c0e748f4a4db\"},\"headline\":\"27.04.2015\",\"datePublished\":\"2017-01-01T19:26:35+00:00\",\"dateModified\":\"2018-04-04T19:28:50+00:00\",\"mainEntityOfPage\":{\"@id\":\"https:\/\/tierheim-moers.de\/Wordpress\/27-04-2015\/\"},\"wordCount\":790,\"publisher\":{\"@id\":\"https:\/\/tierheim-moers.de\/Wordpress\/#organization\"},\"image\":{\"@id\":\"https:\/\/tierheim-moers.de\/Wordpress\/27-04-2015\/#primaryimage\"},\"thumbnailUrl\":\"http:\/\/tierheim-moers.de\/Wordpress\/wp-content\/uploads\/2014\/04\/Tommy1-300x300.png\",\"articleSection\":[\"Tommys Kolumne\"],\"inLanguage\":\"de\"},{\"@type\":\"WebPage\",\"@id\":\"https:\/\/tierheim-moers.de\/Wordpress\/27-04-2015\/\",\"url\":\"https:\/\/tierheim-moers.de\/Wordpress\/27-04-2015\/\",\"name\":\"27.04.2015 | TIERHEIM MOERS\",\"isPartOf\":{\"@id\":\"https:\/\/tierheim-moers.de\/Wordpress\/#website\"},\"primaryImageOfPage\":{\"@id\":\"https:\/\/tierheim-moers.de\/Wordpress\/27-04-2015\/#primaryimage\"},\"image\":{\"@id\":\"https:\/\/tierheim-moers.de\/Wordpress\/27-04-2015\/#primaryimage\"},\"thumbnailUrl\":\"http:\/\/tierheim-moers.de\/Wordpress\/wp-content\/uploads\/2014\/04\/Tommy1-300x300.png\",\"datePublished\":\"2017-01-01T19:26:35+00:00\",\"dateModified\":\"2018-04-04T19:28:50+00:00\",\"breadcrumb\":{\"@id\":\"https:\/\/tierheim-moers.de\/Wordpress\/27-04-2015\/#breadcrumb\"},\"inLanguage\":\"de\",\"potentialAction\":[{\"@type\":\"ReadAction\",\"target\":[\"https:\/\/tierheim-moers.de\/Wordpress\/27-04-2015\/\"]}]},{\"@type\":\"ImageObject\",\"inLanguage\":\"de\",\"@id\":\"https:\/\/tierheim-moers.de\/Wordpress\/27-04-2015\/#primaryimage\",\"url\":\"https:\/\/tierheim-moers.de\/Wordpress\/wp-content\/uploads\/2014\/04\/Tommy1.png\",\"contentUrl\":\"https:\/\/tierheim-moers.de\/Wordpress\/wp-content\/uploads\/2014\/04\/Tommy1.png\",\"width\":403,\"height\":403},{\"@type\":\"BreadcrumbList\",\"@id\":\"https:\/\/tierheim-moers.de\/Wordpress\/27-04-2015\/#breadcrumb\",\"itemListElement\":[{\"@type\":\"ListItem\",\"position\":1,\"name\":\"Startseite\",\"item\":\"https:\/\/tierheim-moers.de\/Wordpress\/\"},{\"@type\":\"ListItem\",\"position\":2,\"name\":\"27.04.2015\"}]},{\"@type\":\"WebSite\",\"@id\":\"https:\/\/tierheim-moers.de\/Wordpress\/#website\",\"url\":\"https:\/\/tierheim-moers.de\/Wordpress\/\",\"name\":\"Tierheim Moers\",\"description\":\"Tierheim | Hundepension | Tierschutz | Moers\",\"publisher\":{\"@id\":\"https:\/\/tierheim-moers.de\/Wordpress\/#organization\"},\"potentialAction\":[{\"@type\":\"SearchAction\",\"target\":{\"@type\":\"EntryPoint\",\"urlTemplate\":\"https:\/\/tierheim-moers.de\/Wordpress\/?s={search_term_string}\"},\"query-input\":{\"@type\":\"PropertyValueSpecification\",\"valueRequired\":true,\"valueName\":\"search_term_string\"}}],\"inLanguage\":\"de\"},{\"@type\":\"Organization\",\"@id\":\"https:\/\/tierheim-moers.de\/Wordpress\/#organization\",\"name\":\"Tierheim Moers\",\"url\":\"https:\/\/tierheim-moers.de\/Wordpress\/\",\"logo\":{\"@type\":\"ImageObject\",\"inLanguage\":\"de\",\"@id\":\"https:\/\/tierheim-moers.de\/Wordpress\/#\/schema\/logo\/image\/\",\"url\":\"https:\/\/tierheim-moers.de\/Wordpress\/wp-content\/uploads\/2014\/04\/Logo-TSV-Moers-V01-RGB-300.png\",\"contentUrl\":\"https:\/\/tierheim-moers.de\/Wordpress\/wp-content\/uploads\/2014\/04\/Logo-TSV-Moers-V01-RGB-300.png\",\"width\":1052,\"height\":1038,\"caption\":\"Tierheim Moers\"},\"image\":{\"@id\":\"https:\/\/tierheim-moers.de\/Wordpress\/#\/schema\/logo\/image\/\"},\"sameAs\":[\"https:\/\/de-de.facebook.com\/moers.tierheim\"]},{\"@type\":\"Person\",\"@id\":\"https:\/\/tierheim-moers.de\/Wordpress\/#\/schema\/person\/bb66fcdf55ca8d06b229c0e748f4a4db\",\"name\":\"tierheim2014\",\"image\":{\"@type\":\"ImageObject\",\"inLanguage\":\"de\",\"@id\":\"https:\/\/tierheim-moers.de\/Wordpress\/#\/schema\/person\/image\/\",\"url\":\"https:\/\/secure.gravatar.com\/avatar\/a11d93b0c6655bcc0a595174970baea60c3be93d07d0c82976034f22f0e26a03?s=96&d=mm&r=g\",\"contentUrl\":\"https:\/\/secure.gravatar.com\/avatar\/a11d93b0c6655bcc0a595174970baea60c3be93d07d0c82976034f22f0e26a03?s=96&d=mm&r=g\",\"caption\":\"tierheim2014\"},\"url\":\"https:\/\/tierheim-moers.de\/Wordpress\/author\/tierheim2014\/\"}]}<\/script>\n<!-- \/ Yoast SEO plugin. -->","yoast_head_json":{"title":"27.04.2015 | TIERHEIM MOERS","robots":{"index":"index","follow":"follow","max-snippet":"max-snippet:-1","max-image-preview":"max-image-preview:large","max-video-preview":"max-video-preview:-1"},"canonical":"https:\/\/tierheim-moers.de\/Wordpress\/27-04-2015\/","og_locale":"de_DE","og_type":"article","og_title":"27.04.2015 | TIERHEIM MOERS","og_description":"27.04.2015 Tach auch! \u2026ich kann Ihnen sagen, hier ist was los! Unglaublich\u2026 In der n\u00e4chsten Woche sind wir f\u00fcr die WDR-Sendung \u201eTiere &#8230;","og_url":"https:\/\/tierheim-moers.de\/Wordpress\/27-04-2015\/","og_site_name":"TIERHEIM MOERS","article_publisher":"https:\/\/de-de.facebook.com\/moers.tierheim","article_published_time":"2017-01-01T19:26:35+00:00","article_modified_time":"2018-04-04T19:28:50+00:00","og_image":[{"width":1500,"height":2667,"url":"https:\/\/tierheim-moers.de\/Wordpress\/wp-content\/uploads\/2015\/03\/20150223_180027.jpg","type":"image\/jpeg"}],"author":"tierheim2014","twitter_card":"summary_large_image","twitter_misc":{"Verfasst von":"tierheim2014","Gesch\u00e4tzte Lesezeit":"4\u00a0Minuten"},"schema":{"@context":"https:\/\/schema.org","@graph":[{"@type":"Article","@id":"https:\/\/tierheim-moers.de\/Wordpress\/27-04-2015\/#article","isPartOf":{"@id":"https:\/\/tierheim-moers.de\/Wordpress\/27-04-2015\/"},"author":{"name":"tierheim2014","@id":"https:\/\/tierheim-moers.de\/Wordpress\/#\/schema\/person\/bb66fcdf55ca8d06b229c0e748f4a4db"},"headline":"27.04.2015","datePublished":"2017-01-01T19:26:35+00:00","dateModified":"2018-04-04T19:28:50+00:00","mainEntityOfPage":{"@id":"https:\/\/tierheim-moers.de\/Wordpress\/27-04-2015\/"},"wordCount":790,"publisher":{"@id":"https:\/\/tierheim-moers.de\/Wordpress\/#organization"},"image":{"@id":"https:\/\/tierheim-moers.de\/Wordpress\/27-04-2015\/#primaryimage"},"thumbnailUrl":"http:\/\/tierheim-moers.de\/Wordpress\/wp-content\/uploads\/2014\/04\/Tommy1-300x300.png","articleSection":["Tommys Kolumne"],"inLanguage":"de"},{"@type":"WebPage","@id":"https:\/\/tierheim-moers.de\/Wordpress\/27-04-2015\/","url":"https:\/\/tierheim-moers.de\/Wordpress\/27-04-2015\/","name":"27.04.2015 | TIERHEIM MOERS","isPartOf":{"@id":"https:\/\/tierheim-moers.de\/Wordpress\/#website"},"primaryImageOfPage":{"@id":"https:\/\/tierheim-moers.de\/Wordpress\/27-04-2015\/#primaryimage"},"image":{"@id":"https:\/\/tierheim-moers.de\/Wordpress\/27-04-2015\/#primaryimage"},"thumbnailUrl":"http:\/\/tierheim-moers.de\/Wordpress\/wp-content\/uploads\/2014\/04\/Tommy1-300x300.png","datePublished":"2017-01-01T19:26:35+00:00","dateModified":"2018-04-04T19:28:50+00:00","breadcrumb":{"@id":"https:\/\/tierheim-moers.de\/Wordpress\/27-04-2015\/#breadcrumb"},"inLanguage":"de","potentialAction":[{"@type":"ReadAction","target":["https:\/\/tierheim-moers.de\/Wordpress\/27-04-2015\/"]}]},{"@type":"ImageObject","inLanguage":"de","@id":"https:\/\/tierheim-moers.de\/Wordpress\/27-04-2015\/#primaryimage","url":"https:\/\/tierheim-moers.de\/Wordpress\/wp-content\/uploads\/2014\/04\/Tommy1.png","contentUrl":"https:\/\/tierheim-moers.de\/Wordpress\/wp-content\/uploads\/2014\/04\/Tommy1.png","width":403,"height":403},{"@type":"BreadcrumbList","@id":"https:\/\/tierheim-moers.de\/Wordpress\/27-04-2015\/#breadcrumb","itemListElement":[{"@type":"ListItem","position":1,"name":"Startseite","item":"https:\/\/tierheim-moers.de\/Wordpress\/"},{"@type":"ListItem","position":2,"name":"27.04.2015"}]},{"@type":"WebSite","@id":"https:\/\/tierheim-moers.de\/Wordpress\/#website","url":"https:\/\/tierheim-moers.de\/Wordpress\/","name":"Tierheim Moers","description":"Tierheim | Hundepension | Tierschutz | Moers","publisher":{"@id":"https:\/\/tierheim-moers.de\/Wordpress\/#organization"},"potentialAction":[{"@type":"SearchAction","target":{"@type":"EntryPoint","urlTemplate":"https:\/\/tierheim-moers.de\/Wordpress\/?s={search_term_string}"},"query-input":{"@type":"PropertyValueSpecification","valueRequired":true,"valueName":"search_term_string"}}],"inLanguage":"de"},{"@type":"Organization","@id":"https:\/\/tierheim-moers.de\/Wordpress\/#organization","name":"Tierheim Moers","url":"https:\/\/tierheim-moers.de\/Wordpress\/","logo":{"@type":"ImageObject","inLanguage":"de","@id":"https:\/\/tierheim-moers.de\/Wordpress\/#\/schema\/logo\/image\/","url":"https:\/\/tierheim-moers.de\/Wordpress\/wp-content\/uploads\/2014\/04\/Logo-TSV-Moers-V01-RGB-300.png","contentUrl":"https:\/\/tierheim-moers.de\/Wordpress\/wp-content\/uploads\/2014\/04\/Logo-TSV-Moers-V01-RGB-300.png","width":1052,"height":1038,"caption":"Tierheim Moers"},"image":{"@id":"https:\/\/tierheim-moers.de\/Wordpress\/#\/schema\/logo\/image\/"},"sameAs":["https:\/\/de-de.facebook.com\/moers.tierheim"]},{"@type":"Person","@id":"https:\/\/tierheim-moers.de\/Wordpress\/#\/schema\/person\/bb66fcdf55ca8d06b229c0e748f4a4db","name":"tierheim2014","image":{"@type":"ImageObject","inLanguage":"de","@id":"https:\/\/tierheim-moers.de\/Wordpress\/#\/schema\/person\/image\/","url":"https:\/\/secure.gravatar.com\/avatar\/a11d93b0c6655bcc0a595174970baea60c3be93d07d0c82976034f22f0e26a03?s=96&d=mm&r=g","contentUrl":"https:\/\/secure.gravatar.com\/avatar\/a11d93b0c6655bcc0a595174970baea60c3be93d07d0c82976034f22f0e26a03?s=96&d=mm&r=g","caption":"tierheim2014"},"url":"https:\/\/tierheim-moers.de\/Wordpress\/author\/tierheim2014\/"}]}},"_links":{"self":[{"href":"https:\/\/tierheim-moers.de\/Wordpress\/wp-json\/wp\/v2\/posts\/19042","targetHints":{"allow":["GET"]}}],"collection":[{"href":"https:\/\/tierheim-moers.de\/Wordpress\/wp-json\/wp\/v2\/posts"}],"about":[{"href":"https:\/\/tierheim-moers.de\/Wordpress\/wp-json\/wp\/v2\/types\/post"}],"author":[{"embeddable":true,"href":"https:\/\/tierheim-moers.de\/Wordpress\/wp-json\/wp\/v2\/users\/3"}],"replies":[{"embeddable":true,"href":"https:\/\/tierheim-moers.de\/Wordpress\/wp-json\/wp\/v2\/comments?post=19042"}],"version-history":[{"count":1,"href":"https:\/\/tierheim-moers.de\/Wordpress\/wp-json\/wp\/v2\/posts\/19042\/revisions"}],"predecessor-version":[{"id":19043,"href":"https:\/\/tierheim-moers.de\/Wordpress\/wp-json\/wp\/v2\/posts\/19042\/revisions\/19043"}],"wp:attachment":[{"href":"https:\/\/tierheim-moers.de\/Wordpress\/wp-json\/wp\/v2\/media?parent=19042"}],"wp:term":[{"taxonomy":"category","embeddable":true,"href":"https:\/\/tierheim-moers.de\/Wordpress\/wp-json\/wp\/v2\/categories?post=19042"},{"taxonomy":"post_tag","embeddable":true,"href":"https:\/\/tierheim-moers.de\/Wordpress\/wp-json\/wp\/v2\/tags?post=19042"}],"curies":[{"name":"wp","href":"https:\/\/api.w.org\/{rel}","templated":true}]}}