{"id":19050,"date":"2017-01-01T21:26:35","date_gmt":"2017-01-01T19:26:35","guid":{"rendered":"http:\/\/tierheim-moers.de\/Wordpress\/?p=19050"},"modified":"2018-04-04T21:29:12","modified_gmt":"2018-04-04T19:29:12","slug":"16-08-2015","status":"publish","type":"post","link":"https:\/\/tierheim-moers.de\/Wordpress\/16-08-2015\/","title":{"rendered":"16.08.2015"},"content":{"rendered":"<p>Haueha \u2026 das waren harte Wochen!<\/p>\n<p>Endlich komme ich mal wieder dazu, aus unserem Tierheimalltag etwas zu berichten. <a href=\"http:\/\/tierheim-moers.de\/Wordpress\/wp-content\/uploads\/2015\/08\/IMG_5580thommy-nach-der-Arbeit.jpg\"><img fetchpriority=\"high\" decoding=\"async\" class=\"alignright wp-image-7859\" src=\"http:\/\/tierheim-moers.de\/Wordpress\/wp-content\/uploads\/2015\/08\/IMG_5580thommy-nach-der-Arbeit.jpg\" alt=\"IMG_5580thommy nach der Arbeit\" width=\"327\" height=\"247\" \/><\/a>Manchmal bin ich einfach vor lauter M\u00fcdigkeit direkt vorm Computer eingeschlafen, manchmal bin ich vor lauter Arbeit gar nicht bis dahin gekommen. Es wird auch immer mehr, aber ich werde euch auch weiterhin auf dem laufenden halten.<\/p>\n<p>Die Vorbereitungen f\u00fcr unser gro\u00dfes Sommerfest liefen auf Hochtouren. Da musste ich einiges organisieren. Pl\u00e4tze aussuchen f\u00fcr die St\u00e4nde, Kontakt halten zu den Mitmachern, die Liste schreiben mit den Helfern, Kuchenb\u00e4ckern und Spendern, und, und, und. Unterst\u00fctzt w<a href=\"http:\/\/tierheim-moers.de\/Wordpress\/wp-content\/uploads\/2015\/07\/IMG_5605tr\u00f6del-moers-juli-2015-klein.jpg\"><img decoding=\"async\" class=\"wp-image-7728 alignleft\" src=\"http:\/\/tierheim-moers.de\/Wordpress\/wp-content\/uploads\/2015\/07\/IMG_5605tr\u00f6del-moers-juli-2015-klein-225x300.jpg\" alt=\"IMG_5605tr\u00f6del moers juli 2015 klein\" width=\"149\" height=\"196\" \/><\/a>urde ich dabei von Frau Gro\u00dfmann aus dem Vorstand. Plakate und Handzettel gibt\u2019s auch schon. Die wurden dann auch flei\u00dfig verteilt. Z.B. auf dem Innenstadttr\u00f6del in Moers. Unsere Tr\u00f6delgisis haben wieder ganze Arbeit geleistet, flei\u00dfig verkauft und sich den ganzen Tag die Pfoten platt gestanden. Immerhin sind einige Euronen zusammen gekommen.<\/p>\n<p>Ach ja, &#8211; nat\u00fcrlich kommt zur Zeit auch der ein oder andere kleine Nachwuchs-Fundkater ohne Mama zu uns. Da ist dann wieder ein Haufen Erziehungsarbeit zu leisten, um den Kleinen Benimm und Respekt beizubringen. Der Ober-Kater bin immer noch ich und schlie\u00dflich kann es nur einen geben. Aber es ist auch die eine oder andere Jungmieze dabei. Da denke ich oft an die l\u00e4ngst vergangenen guten alten Zeiten zur\u00fcck.<\/p>\n<p style=\"text-align: left;\">Dann hatte ich eine ganz spannende Aufgabe: Blindenf\u00fchrkater. Unsere Nanny konnte ja nur noch ganz schlecht sehen \u2013 sie erkannte nur noch Schatten und Bewegungen. Die Dosen\u00f6ffner haben sie manchmal aus dem Katzenraum heraus gelassen, so dass sie mit ihnen \u00fcber das Gel\u00e4nde laufen konnte. Wenn ich dann vorbei kam, hat sie sich pl\u00f6tzlich mehr f\u00fcr mich interessiert, so dass ich dann den Blindenf\u00fchrkater gemacht habe.\u00a0\u00a0 Ich sage Ihnen, das ist eine ganz sch\u00f6n verantwortungsvolle Aufgabe. Aber sie hat ja ein ganz tolles neues Zuhause gefunden, wo die Leute sich ganz liebevoll um sie k\u00fcmmern.<\/p>\n<div id='gallery-1' class='gallery galleryid-19050 gallery-columns-3 gallery-size-thumbnail'><figure class='gallery-item'>\n\t\t\t<div class='gallery-icon landscape'>\n\t\t\t\t<a rel='attachment' href='https:\/\/tierheim-moers.de\/Wordpress\/devina\/img_5537thommy-udn-nanny-klein\/'><img decoding=\"async\" width=\"150\" height=\"150\" src=\"https:\/\/tierheim-moers.de\/Wordpress\/wp-content\/uploads\/2015\/06\/IMG_5537thommy-udn-nanny-klein-150x150.jpg\" class=\"attachment-thumbnail size-thumbnail\" alt=\"\" aria-describedby=\"gallery-1-7493\" \/><\/a>\n\t\t\t<\/div>\n\t\t\t\t<figcaption class='wp-caption-text gallery-caption' id='gallery-1-7493'>\n\t\t\t\tAusf\u00fchrung durch Tommy\n\t\t\t\t<\/figcaption><\/figure><figure class='gallery-item'>\n\t\t\t<div class='gallery-icon landscape'>\n\t\t\t\t<a rel='attachment' href='https:\/\/tierheim-moers.de\/Wordpress\/devina\/img_5539thommy-und-nanny-klein\/'><img loading=\"lazy\" decoding=\"async\" width=\"150\" height=\"150\" src=\"https:\/\/tierheim-moers.de\/Wordpress\/wp-content\/uploads\/2015\/06\/IMG_5539thommy-und-nanny-klein-150x150.jpg\" class=\"attachment-thumbnail size-thumbnail\" alt=\"\" \/><\/a>\n\t\t\t<\/div><\/figure><figure class='gallery-item'>\n\t\t\t<div class='gallery-icon landscape'>\n\t\t\t\t<a rel='attachment' href='https:\/\/tierheim-moers.de\/Wordpress\/devina\/img_5536thommy-und-nanny-klein\/'><img loading=\"lazy\" decoding=\"async\" width=\"150\" height=\"150\" src=\"https:\/\/tierheim-moers.de\/Wordpress\/wp-content\/uploads\/2015\/06\/IMG_5536thommy-und-nanny-klein-150x150.jpg\" class=\"attachment-thumbnail size-thumbnail\" alt=\"\" aria-describedby=\"gallery-1-7492\" \/><\/a>\n\t\t\t<\/div>\n\t\t\t\t<figcaption class='wp-caption-text gallery-caption' id='gallery-1-7492'>\n\t\t\t\t&#8230;am Katzenhaus im Tierheim\n\t\t\t\t<\/figcaption><\/figure><figure class='gallery-item'>\n\t\t\t<div class='gallery-icon landscape'>\n\t\t\t\t<a rel='attachment' href='https:\/\/tierheim-moers.de\/Wordpress\/devina\/img_5543thommy-und-nanny-klein\/'><img loading=\"lazy\" decoding=\"async\" width=\"150\" height=\"150\" src=\"https:\/\/tierheim-moers.de\/Wordpress\/wp-content\/uploads\/2015\/06\/IMG_5543thommy-und-nanny-klein-150x150.jpg\" class=\"attachment-thumbnail size-thumbnail\" alt=\"\" \/><\/a>\n\t\t\t<\/div><\/figure><figure class='gallery-item'>\n\t\t\t<div class='gallery-icon landscape'>\n\t\t\t\t<a rel='attachment' href='https:\/\/tierheim-moers.de\/Wordpress\/wohnungskatzen-pepper-und-luna\/img_5568nanny-und-thommy-klein\/'><img loading=\"lazy\" decoding=\"async\" width=\"150\" height=\"150\" src=\"https:\/\/tierheim-moers.de\/Wordpress\/wp-content\/uploads\/2015\/06\/IMG_5568nanny-und-thommy-klein-150x150.jpg\" class=\"attachment-thumbnail size-thumbnail\" alt=\"\" aria-describedby=\"gallery-1-7578\" srcset=\"https:\/\/tierheim-moers.de\/Wordpress\/wp-content\/uploads\/2015\/06\/IMG_5568nanny-und-thommy-klein-150x150.jpg 150w, https:\/\/tierheim-moers.de\/Wordpress\/wp-content\/uploads\/2015\/06\/IMG_5568nanny-und-thommy-klein-432x432.jpg 432w, https:\/\/tierheim-moers.de\/Wordpress\/wp-content\/uploads\/2015\/06\/IMG_5568nanny-und-thommy-klein-268x268.jpg 268w\" sizes=\"(max-width: 150px) 100vw, 150px\" \/><\/a>\n\t\t\t<\/div>\n\t\t\t\t<figcaption class='wp-caption-text gallery-caption' id='gallery-1-7578'>\n\t\t\t\tNanny mit Tommy im Tierheim\n\t\t\t\t<\/figcaption><\/figure>\n\t\t<\/div>\n\n<p>Zwischendurch musste ich dann den Leuten vom Vorstand beratend zur Seite sitzen. Es ging um das ganze hin und her wegen dem Fundtiervertrag mit der Stadt Moers. Leider waren die stundenlangen Sitzungen und die ganze Rechnerei (mit den besonders spitzen Bleistiften) vergebens &#8211; die Stadt hat einen g\u00fcnstigeren Anbieter gefunden. So ist die Fundtierbetreuung nun seit dem 1. August in den H\u00e4nden der Tierherberge Kamp-Lintfort &#8211; aber keine Angst, ich werde mich nicht wegbewerben, sondern die neue, ungewohnte Ruhe hier genie\u00dfen&#8230;<\/p>\n<p>Ach ja, bei den Hunden hat sich auch noch etwas getan. Nach einem Facebook-Aufruf hat sich die Hundeschule Maria del Carmen gemeldet und trainiert jetzt mit unserem wirklich wundersch\u00f6nen Mailo, damit er bald auch endlich in ein sch\u00f6nes Zuhause vermittelt werden kann. Auch Herr Heise ist wieder mal vorbei gekommen. Er k\u00fcmmert sich zusammen mit unserer Tierpflegerin Maggy um Deico, damit er vielleicht auch endlich demn\u00e4chst in ein neues Zuhause umziehen darf.<\/p>\n<p><a href=\"http:\/\/tierheim-moers.de\/Wordpress\/wp-content\/uploads\/2015\/08\/IMG_5674maggy-und-deiko-klein.jpg\"><img loading=\"lazy\" decoding=\"async\" class=\"alignright size-full wp-image-7860\" src=\"http:\/\/tierheim-moers.de\/Wordpress\/wp-content\/uploads\/2015\/08\/IMG_5674maggy-und-deiko-klein.jpg\" alt=\"IMG_5674maggy und deiko-klein\" width=\"1000\" height=\"750\" srcset=\"https:\/\/tierheim-moers.de\/Wordpress\/wp-content\/uploads\/2015\/08\/IMG_5674maggy-und-deiko-klein.jpg 1000w, https:\/\/tierheim-moers.de\/Wordpress\/wp-content\/uploads\/2015\/08\/IMG_5674maggy-und-deiko-klein-300x225.jpg 300w, https:\/\/tierheim-moers.de\/Wordpress\/wp-content\/uploads\/2015\/08\/IMG_5674maggy-und-deiko-klein-700x525.jpg 700w\" sizes=\"(max-width: 1000px) 100vw, 1000px\" \/><\/a><\/p>\n<p>&nbsp;<\/p>\n<p>Und jetzt kommts: unser Sommerfest ist ein gigantischer Erfolg geworden. Ich hatte mich f\u00fcr den Tag in eine ganz ruhige Ecke zur\u00fcckgezogen. Wenn soooo viele Zweibeiner durch das Tierheim laufen, besteht f\u00fcr unsereins immer die Gefahr, etwas abzukriegen.<a href=\"http:\/\/tierheim-moers.de\/Wordpress\/wp-content\/uploads\/2015\/08\/IMG_5659sommerfest-klein.jpg\"><img loading=\"lazy\" decoding=\"async\" class=\"alignnone size-full wp-image-7861\" src=\"http:\/\/tierheim-moers.de\/Wordpress\/wp-content\/uploads\/2015\/08\/IMG_5659sommerfest-klein.jpg\" alt=\"IMG_5659sommerfest-klein\" width=\"300\" height=\"225\" \/><\/a> <a href=\"http:\/\/tierheim-moers.de\/Wordpress\/wp-content\/uploads\/2015\/08\/IMG_5664sommerfest-klein.jpg\"><img loading=\"lazy\" decoding=\"async\" class=\"alignnone size-medium wp-image-7862\" src=\"http:\/\/tierheim-moers.de\/Wordpress\/wp-content\/uploads\/2015\/08\/IMG_5664sommerfest-klein.jpg\" alt=\"IMG_5664sommerfest-klein\" width=\"300\" height=\"225\" \/><\/a> <a href=\"http:\/\/tierheim-moers.de\/Wordpress\/wp-content\/uploads\/2015\/08\/IMG_5668sommerfest-klein.jpg\"><img loading=\"lazy\" decoding=\"async\" class=\"alignnone size-medium wp-image-7863\" src=\"http:\/\/tierheim-moers.de\/Wordpress\/wp-content\/uploads\/2015\/08\/IMG_5668sommerfest-klein.jpg\" alt=\"IMG_5668sommerfest-klein\" width=\"300\" height=\"225\" \/><\/a> <a href=\"http:\/\/tierheim-moers.de\/Wordpress\/wp-content\/uploads\/2015\/08\/Sommerfest-2015-Kuchenstand-Bild-2-klein.jpg\"><img loading=\"lazy\" decoding=\"async\" class=\"alignnone size-medium wp-image-7864\" src=\"http:\/\/tierheim-moers.de\/Wordpress\/wp-content\/uploads\/2015\/08\/Sommerfest-2015-Kuchenstand-Bild-2-klein.jpg\" alt=\"Sommerfest 2015 Kuchenstand Bild 2-klein\" width=\"300\" height=\"225\" \/><\/a> Also \u2013 ab in eine Kuschelecke. Futter und Wasser gibt es da auch. Zum abendlichen Kassensturz sa\u00df ich nat\u00fcrlich wieder in der Gesch\u00e4ftsstelle parat. So viel Geld hatten wir noch nie eingenommen. Ich glaube geh\u00f6rt zu haben, dass an diesem Tag so viel Geld zusammengekommen ist, dass wir davon 10 Tage alle Tiere versorgen k\u00f6nnen. Boah, an nur einem Tag! Nur &#8220;Danke&#8221; ist daf\u00fcr zu wenig, also streich ich Euch bei n\u00e4chster Gelegenheit einmal mehr schnurrend um die Beine.<\/p>\n<p>So, jetzt muss ich aber wirklich Platz machen. Der Computer wird wieder f\u00fcr ernsthaftere Sachen gebraucht.<\/p>\n<p>Bis demn\u00e4chst wieder<\/p>\n<p>Euer Tommy<\/p>\n<p>======================================================================================<\/p>\n<p>LIEBE LESER VON TOMMY&#8217;S TIERHEIM KOLUMNE!<br \/>\nDies war die letzte Folge von Tommy&#8217;s Live Berichten direkt aus dem Tierheim.<br \/>\nMan munkelt in Tierheimkreisen, dass Tommy fast 20 Jahre im Tierheim war. Am 15.08.2015 durfte er im Kreise einiger, sehr trauriger, Tierheim-Mitarbeiter und Ehrenamtlichen seine letzte Reise antreten. Wir bedanken uns herzlich bei Frau Dr. Marx, die keine Sekunde z\u00f6gerte, und ihren (im wahrsten Sinne des Wortes) &#8220;alten&#8221; Patienten in dieser Stunde zur Seite stand und ihm den \u00dcbergang erleichtert hat.<\/p>\n<p>Wir sind sehr traurig. Mach es gut Tommy!<\/p>\n<p><span style=\"color: #ff6600;\"><strong>TOMMY HAT UNS ABER SCHON VOR GERAUMER ZEIT VERSPROCHEN, AUCH WEITERHIN VON SEINER WOLKE AUS \u00dcBER DAS GESCHEHEN IM TIERHEIM MOERS ZU BERICHTEN!<br \/>\n<\/strong><\/span><\/p>\n<div id='gallery-2' class='gallery galleryid-19050 gallery-columns-3 gallery-size-thumbnail'><figure class='gallery-item'>\n\t\t\t<div class='gallery-icon landscape'>\n\t\t\t\t<a rel='attachment' href='https:\/\/tierheim-moers.de\/Wordpress\/devina\/img_5537thommy-udn-nanny-klein\/'><img loading=\"lazy\" decoding=\"async\" width=\"150\" height=\"150\" src=\"https:\/\/tierheim-moers.de\/Wordpress\/wp-content\/uploads\/2015\/06\/IMG_5537thommy-udn-nanny-klein-150x150.jpg\" class=\"attachment-thumbnail size-thumbnail\" alt=\"\" aria-describedby=\"gallery-2-7493\" \/><\/a>\n\t\t\t<\/div>\n\t\t\t\t<figcaption class='wp-caption-text gallery-caption' id='gallery-2-7493'>\n\t\t\t\tAusf\u00fchrung durch Tommy\n\t\t\t\t<\/figcaption><\/figure><figure class='gallery-item'>\n\t\t\t<div class='gallery-icon landscape'>\n\t\t\t\t<a rel='attachment' href='https:\/\/tierheim-moers.de\/Wordpress\/tommys-tierheim-kolumne-vom-16-08-2015\/img_5580thommy-nach-der-arbeit\/'><img loading=\"lazy\" decoding=\"async\" width=\"150\" height=\"150\" src=\"https:\/\/tierheim-moers.de\/Wordpress\/wp-content\/uploads\/2015\/08\/IMG_5580thommy-nach-der-Arbeit-150x150.jpg\" class=\"attachment-thumbnail size-thumbnail\" alt=\"\" srcset=\"https:\/\/tierheim-moers.de\/Wordpress\/wp-content\/uploads\/2015\/08\/IMG_5580thommy-nach-der-Arbeit-150x150.jpg 150w, https:\/\/tierheim-moers.de\/Wordpress\/wp-content\/uploads\/2015\/08\/IMG_5580thommy-nach-der-Arbeit-432x432.jpg 432w, https:\/\/tierheim-moers.de\/Wordpress\/wp-content\/uploads\/2015\/08\/IMG_5580thommy-nach-der-Arbeit-268x268.jpg 268w\" sizes=\"(max-width: 150px) 100vw, 150px\" \/><\/a>\n\t\t\t<\/div><\/figure><figure class='gallery-item'>\n\t\t\t<div class='gallery-icon landscape'>\n\t\t\t\t<a rel='attachment' href='https:\/\/tierheim-moers.de\/Wordpress\/tommy\/tommy-03-05-2015\/'><img loading=\"lazy\" decoding=\"async\" width=\"150\" height=\"150\" src=\"https:\/\/tierheim-moers.de\/Wordpress\/wp-content\/uploads\/2014\/04\/Tommy-03.05.2015-150x150.jpg\" class=\"attachment-thumbnail size-thumbnail\" alt=\"\" srcset=\"https:\/\/tierheim-moers.de\/Wordpress\/wp-content\/uploads\/2014\/04\/Tommy-03.05.2015-150x150.jpg 150w, https:\/\/tierheim-moers.de\/Wordpress\/wp-content\/uploads\/2014\/04\/Tommy-03.05.2015-432x432.jpg 432w, https:\/\/tierheim-moers.de\/Wordpress\/wp-content\/uploads\/2014\/04\/Tommy-03.05.2015-268x268.jpg 268w\" sizes=\"(max-width: 150px) 100vw, 150px\" \/><\/a>\n\t\t\t<\/div><\/figure><figure class='gallery-item'>\n\t\t\t<div class='gallery-icon landscape'>\n\t\t\t\t<a rel='attachment' href='https:\/\/tierheim-moers.de\/Wordpress\/devina\/img_5536thommy-und-nanny-klein\/'><img loading=\"lazy\" decoding=\"async\" width=\"150\" height=\"150\" src=\"https:\/\/tierheim-moers.de\/Wordpress\/wp-content\/uploads\/2015\/06\/IMG_5536thommy-und-nanny-klein-150x150.jpg\" class=\"attachment-thumbnail size-thumbnail\" alt=\"\" aria-describedby=\"gallery-2-7492\" \/><\/a>\n\t\t\t<\/div>\n\t\t\t\t<figcaption class='wp-caption-text gallery-caption' id='gallery-2-7492'>\n\t\t\t\t&#8230;am Katzenhaus im Tierheim\n\t\t\t\t<\/figcaption><\/figure><figure class='gallery-item'>\n\t\t\t<div class='gallery-icon landscape'>\n\t\t\t\t<a rel='attachment' href='https:\/\/tierheim-moers.de\/Wordpress\/tommy\/tommy-angebot-1\/'><img loading=\"lazy\" decoding=\"async\" width=\"150\" height=\"150\" src=\"https:\/\/tierheim-moers.de\/Wordpress\/wp-content\/uploads\/2014\/04\/Tommy-Angebot-1-150x150.png\" class=\"attachment-thumbnail size-thumbnail\" alt=\"\" srcset=\"https:\/\/tierheim-moers.de\/Wordpress\/wp-content\/uploads\/2014\/04\/Tommy-Angebot-1-150x150.png 150w, https:\/\/tierheim-moers.de\/Wordpress\/wp-content\/uploads\/2014\/04\/Tommy-Angebot-1-432x432.png 432w, https:\/\/tierheim-moers.de\/Wordpress\/wp-content\/uploads\/2014\/04\/Tommy-Angebot-1-268x268.png 268w\" sizes=\"(max-width: 150px) 100vw, 150px\" \/><\/a>\n\t\t\t<\/div><\/figure><figure class='gallery-item'>\n\t\t\t<div class='gallery-icon portrait'>\n\t\t\t\t<a rel='attachment' href='https:\/\/tierheim-moers.de\/Wordpress\/tommy\/tommy-schlafend-korb-gruen\/'><img loading=\"lazy\" decoding=\"async\" width=\"150\" height=\"150\" src=\"https:\/\/tierheim-moers.de\/Wordpress\/wp-content\/uploads\/2014\/04\/Tommy-schlafend-Korb-gr\u00fcn-150x150.jpg\" class=\"attachment-thumbnail size-thumbnail\" alt=\"\" srcset=\"https:\/\/tierheim-moers.de\/Wordpress\/wp-content\/uploads\/2014\/04\/Tommy-schlafend-Korb-gr\u00fcn-150x150.jpg 150w, https:\/\/tierheim-moers.de\/Wordpress\/wp-content\/uploads\/2014\/04\/Tommy-schlafend-Korb-gr\u00fcn-432x432.jpg 432w, https:\/\/tierheim-moers.de\/Wordpress\/wp-content\/uploads\/2014\/04\/Tommy-schlafend-Korb-gr\u00fcn-268x268.jpg 268w\" sizes=\"(max-width: 150px) 100vw, 150px\" \/><\/a>\n\t\t\t<\/div><\/figure><figure class='gallery-item'>\n\t\t\t<div class='gallery-icon landscape'>\n\t\t\t\t<a rel='attachment' href='https:\/\/tierheim-moers.de\/Wordpress\/tommy\/20150506_141530\/'><img loading=\"lazy\" decoding=\"async\" width=\"150\" height=\"150\" src=\"https:\/\/tierheim-moers.de\/Wordpress\/wp-content\/uploads\/2014\/04\/20150506_141530-150x150.jpg\" class=\"attachment-thumbnail size-thumbnail\" alt=\"\" srcset=\"https:\/\/tierheim-moers.de\/Wordpress\/wp-content\/uploads\/2014\/04\/20150506_141530-150x150.jpg 150w, https:\/\/tierheim-moers.de\/Wordpress\/wp-content\/uploads\/2014\/04\/20150506_141530-432x432.jpg 432w, https:\/\/tierheim-moers.de\/Wordpress\/wp-content\/uploads\/2014\/04\/20150506_141530-268x268.jpg 268w\" sizes=\"(max-width: 150px) 100vw, 150px\" \/><\/a>\n\t\t\t<\/div><\/figure><figure class='gallery-item'>\n\t\t\t<div class='gallery-icon portrait'>\n\t\t\t\t<a rel='attachment' href='https:\/\/tierheim-moers.de\/Wordpress\/tommy\/20150506_141429\/'><img loading=\"lazy\" decoding=\"async\" width=\"150\" height=\"150\" src=\"https:\/\/tierheim-moers.de\/Wordpress\/wp-content\/uploads\/2014\/04\/20150506_141429-150x150.jpg\" class=\"attachment-thumbnail size-thumbnail\" alt=\"\" srcset=\"https:\/\/tierheim-moers.de\/Wordpress\/wp-content\/uploads\/2014\/04\/20150506_141429-150x150.jpg 150w, https:\/\/tierheim-moers.de\/Wordpress\/wp-content\/uploads\/2014\/04\/20150506_141429-432x432.jpg 432w, https:\/\/tierheim-moers.de\/Wordpress\/wp-content\/uploads\/2014\/04\/20150506_141429-268x268.jpg 268w\" sizes=\"(max-width: 150px) 100vw, 150px\" \/><\/a>\n\t\t\t<\/div><\/figure><figure class='gallery-item'>\n\t\t\t<div class='gallery-icon landscape'>\n\t\t\t\t<a rel='attachment' href='https:\/\/tierheim-moers.de\/Wordpress\/devina\/img_5539thommy-und-nanny-klein\/'><img loading=\"lazy\" decoding=\"async\" width=\"150\" height=\"150\" src=\"https:\/\/tierheim-moers.de\/Wordpress\/wp-content\/uploads\/2015\/06\/IMG_5539thommy-und-nanny-klein-150x150.jpg\" class=\"attachment-thumbnail size-thumbnail\" alt=\"\" \/><\/a>\n\t\t\t<\/div><\/figure><figure class='gallery-item'>\n\t\t\t<div class='gallery-icon portrait'>\n\t\t\t\t<a rel='attachment' href='https:\/\/tierheim-moers.de\/Wordpress\/tommy\/20150510_165653\/'><img loading=\"lazy\" decoding=\"async\" width=\"150\" height=\"150\" src=\"https:\/\/tierheim-moers.de\/Wordpress\/wp-content\/uploads\/2014\/04\/20150510_165653-150x150.jpg\" class=\"attachment-thumbnail size-thumbnail\" alt=\"\" srcset=\"https:\/\/tierheim-moers.de\/Wordpress\/wp-content\/uploads\/2014\/04\/20150510_165653-150x150.jpg 150w, https:\/\/tierheim-moers.de\/Wordpress\/wp-content\/uploads\/2014\/04\/20150510_165653-268x268.jpg 268w\" sizes=\"(max-width: 150px) 100vw, 150px\" \/><\/a>\n\t\t\t<\/div><\/figure><figure class='gallery-item'>\n\t\t\t<div class='gallery-icon landscape'>\n\t\t\t\t<a rel='attachment' href='https:\/\/tierheim-moers.de\/Wordpress\/tommy\/tommy-angebot-3\/'><img loading=\"lazy\" decoding=\"async\" width=\"150\" height=\"150\" src=\"https:\/\/tierheim-moers.de\/Wordpress\/wp-content\/uploads\/2014\/04\/Tommy-Angebot-3-150x150.png\" class=\"attachment-thumbnail size-thumbnail\" alt=\"\" srcset=\"https:\/\/tierheim-moers.de\/Wordpress\/wp-content\/uploads\/2014\/04\/Tommy-Angebot-3-150x150.png 150w, https:\/\/tierheim-moers.de\/Wordpress\/wp-content\/uploads\/2014\/04\/Tommy-Angebot-3-432x432.png 432w, https:\/\/tierheim-moers.de\/Wordpress\/wp-content\/uploads\/2014\/04\/Tommy-Angebot-3-268x268.png 268w\" sizes=\"(max-width: 150px) 100vw, 150px\" \/><\/a>\n\t\t\t<\/div><\/figure><figure class='gallery-item'>\n\t\t\t<div class='gallery-icon landscape'>\n\t\t\t\t<a rel='attachment' href='https:\/\/tierheim-moers.de\/Wordpress\/tommy\/tommy-gaehnt\/'><img loading=\"lazy\" decoding=\"async\" width=\"150\" height=\"150\" src=\"https:\/\/tierheim-moers.de\/Wordpress\/wp-content\/uploads\/2014\/04\/Tommy-g\u00e4hnt-150x150.jpg\" class=\"attachment-thumbnail size-thumbnail\" alt=\"\" srcset=\"https:\/\/tierheim-moers.de\/Wordpress\/wp-content\/uploads\/2014\/04\/Tommy-g\u00e4hnt-150x150.jpg 150w, https:\/\/tierheim-moers.de\/Wordpress\/wp-content\/uploads\/2014\/04\/Tommy-g\u00e4hnt-268x268.jpg 268w\" sizes=\"(max-width: 150px) 100vw, 150px\" \/><\/a>\n\t\t\t<\/div><\/figure><figure class='gallery-item'>\n\t\t\t<div class='gallery-icon landscape'>\n\t\t\t\t<a rel='attachment' href='https:\/\/tierheim-moers.de\/Wordpress\/tommy\/tommy-genervt\/'><img loading=\"lazy\" decoding=\"async\" width=\"150\" height=\"150\" src=\"https:\/\/tierheim-moers.de\/Wordpress\/wp-content\/uploads\/2014\/04\/Tommy-genervt-150x150.jpg\" class=\"attachment-thumbnail size-thumbnail\" alt=\"\" srcset=\"https:\/\/tierheim-moers.de\/Wordpress\/wp-content\/uploads\/2014\/04\/Tommy-genervt-150x150.jpg 150w, https:\/\/tierheim-moers.de\/Wordpress\/wp-content\/uploads\/2014\/04\/Tommy-genervt-268x268.jpg 268w\" sizes=\"(max-width: 150px) 100vw, 150px\" \/><\/a>\n\t\t\t<\/div><\/figure><figure class='gallery-item'>\n\t\t\t<div class='gallery-icon landscape'>\n\t\t\t\t<a rel='attachment' href='https:\/\/tierheim-moers.de\/Wordpress\/tommy\/tommy-2\/'><img loading=\"lazy\" decoding=\"async\" width=\"150\" height=\"150\" src=\"https:\/\/tierheim-moers.de\/Wordpress\/wp-content\/uploads\/2014\/04\/Tommy-150x150.png\" class=\"attachment-thumbnail size-thumbnail\" alt=\"\" srcset=\"https:\/\/tierheim-moers.de\/Wordpress\/wp-content\/uploads\/2014\/04\/Tommy-150x150.png 150w, https:\/\/tierheim-moers.de\/Wordpress\/wp-content\/uploads\/2014\/04\/Tommy-300x300.png 300w, https:\/\/tierheim-moers.de\/Wordpress\/wp-content\/uploads\/2014\/04\/Tommy-268x268.png 268w, https:\/\/tierheim-moers.de\/Wordpress\/wp-content\/uploads\/2014\/04\/Tommy.png 403w\" sizes=\"(max-width: 150px) 100vw, 150px\" \/><\/a>\n\t\t\t<\/div><\/figure><figure class='gallery-item'>\n\t\t\t<div class='gallery-icon portrait'>\n\t\t\t\t<a rel='attachment' href='https:\/\/tierheim-moers.de\/Wordpress\/tommys-tierheim-kolumne-vom-19-04-2015\/11093268_903831949663796_1399410584_n\/'><img loading=\"lazy\" decoding=\"async\" width=\"150\" height=\"150\" src=\"https:\/\/tierheim-moers.de\/Wordpress\/wp-content\/uploads\/2015\/04\/11093268_903831949663796_1399410584_n-150x150.jpg\" class=\"attachment-thumbnail size-thumbnail\" alt=\"\" srcset=\"https:\/\/tierheim-moers.de\/Wordpress\/wp-content\/uploads\/2015\/04\/11093268_903831949663796_1399410584_n-150x150.jpg 150w, https:\/\/tierheim-moers.de\/Wordpress\/wp-content\/uploads\/2015\/04\/11093268_903831949663796_1399410584_n-432x432.jpg 432w, https:\/\/tierheim-moers.de\/Wordpress\/wp-content\/uploads\/2015\/04\/11093268_903831949663796_1399410584_n-268x268.jpg 268w\" sizes=\"(max-width: 150px) 100vw, 150px\" \/><\/a>\n\t\t\t<\/div><\/figure><figure class='gallery-item'>\n\t\t\t<div class='gallery-icon portrait'>\n\t\t\t\t<a rel='attachment' href='https:\/\/tierheim-moers.de\/Wordpress\/tommy\/tommy-blick-gruene-decke\/'><img loading=\"lazy\" decoding=\"async\" width=\"150\" height=\"150\" src=\"https:\/\/tierheim-moers.de\/Wordpress\/wp-content\/uploads\/2014\/04\/Tommy-Blick-gr\u00fcne-Decke-150x150.jpg\" class=\"attachment-thumbnail size-thumbnail\" alt=\"\" srcset=\"https:\/\/tierheim-moers.de\/Wordpress\/wp-content\/uploads\/2014\/04\/Tommy-Blick-gr\u00fcne-Decke-150x150.jpg 150w, https:\/\/tierheim-moers.de\/Wordpress\/wp-content\/uploads\/2014\/04\/Tommy-Blick-gr\u00fcne-Decke-432x432.jpg 432w, https:\/\/tierheim-moers.de\/Wordpress\/wp-content\/uploads\/2014\/04\/Tommy-Blick-gr\u00fcne-Decke-268x268.jpg 268w\" sizes=\"(max-width: 150px) 100vw, 150px\" \/><\/a>\n\t\t\t<\/div><\/figure><figure class='gallery-item'>\n\t\t\t<div class='gallery-icon landscape'>\n\t\t\t\t<a rel='attachment' href='https:\/\/tierheim-moers.de\/Wordpress\/devina\/img_5543thommy-und-nanny-klein\/'><img loading=\"lazy\" decoding=\"async\" width=\"150\" height=\"150\" src=\"https:\/\/tierheim-moers.de\/Wordpress\/wp-content\/uploads\/2015\/06\/IMG_5543thommy-und-nanny-klein-150x150.jpg\" class=\"attachment-thumbnail size-thumbnail\" alt=\"\" \/><\/a>\n\t\t\t<\/div><\/figure><figure class='gallery-item'>\n\t\t\t<div class='gallery-icon landscape'>\n\t\t\t\t<a rel='attachment' href='https:\/\/tierheim-moers.de\/Wordpress\/tommy\/tommy-muerrisch\/'><img loading=\"lazy\" decoding=\"async\" width=\"150\" height=\"150\" src=\"https:\/\/tierheim-moers.de\/Wordpress\/wp-content\/uploads\/2014\/04\/Tommy-m\u00fcrrisch-150x150.jpg\" class=\"attachment-thumbnail size-thumbnail\" alt=\"\" srcset=\"https:\/\/tierheim-moers.de\/Wordpress\/wp-content\/uploads\/2014\/04\/Tommy-m\u00fcrrisch-150x150.jpg 150w, https:\/\/tierheim-moers.de\/Wordpress\/wp-content\/uploads\/2014\/04\/Tommy-m\u00fcrrisch-268x268.jpg 268w\" sizes=\"(max-width: 150px) 100vw, 150px\" \/><\/a>\n\t\t\t<\/div><\/figure><figure class='gallery-item'>\n\t\t\t<div class='gallery-icon landscape'>\n\t\t\t\t<a rel='attachment' href='https:\/\/tierheim-moers.de\/Wordpress\/tommy\/tommy-angebot\/'><img loading=\"lazy\" decoding=\"async\" width=\"150\" height=\"150\" src=\"https:\/\/tierheim-moers.de\/Wordpress\/wp-content\/uploads\/2014\/04\/Tommy-Angebot--150x150.png\" class=\"attachment-thumbnail size-thumbnail\" alt=\"\" srcset=\"https:\/\/tierheim-moers.de\/Wordpress\/wp-content\/uploads\/2014\/04\/Tommy-Angebot--150x150.png 150w, https:\/\/tierheim-moers.de\/Wordpress\/wp-content\/uploads\/2014\/04\/Tommy-Angebot--432x432.png 432w, https:\/\/tierheim-moers.de\/Wordpress\/wp-content\/uploads\/2014\/04\/Tommy-Angebot--268x268.png 268w\" sizes=\"(max-width: 150px) 100vw, 150px\" \/><\/a>\n\t\t\t<\/div><\/figure><figure class='gallery-item'>\n\t\t\t<div class='gallery-icon landscape'>\n\t\t\t\t<a rel='attachment' href='https:\/\/tierheim-moers.de\/Wordpress\/tommy\/tommy-3\/'><img loading=\"lazy\" decoding=\"async\" width=\"150\" height=\"150\" src=\"https:\/\/tierheim-moers.de\/Wordpress\/wp-content\/uploads\/2014\/04\/Tommy1-150x150.png\" class=\"attachment-thumbnail size-thumbnail\" alt=\"\" srcset=\"https:\/\/tierheim-moers.de\/Wordpress\/wp-content\/uploads\/2014\/04\/Tommy1-150x150.png 150w, https:\/\/tierheim-moers.de\/Wordpress\/wp-content\/uploads\/2014\/04\/Tommy1-300x300.png 300w, https:\/\/tierheim-moers.de\/Wordpress\/wp-content\/uploads\/2014\/04\/Tommy1-268x268.png 268w, https:\/\/tierheim-moers.de\/Wordpress\/wp-content\/uploads\/2014\/04\/Tommy1.png 403w\" sizes=\"(max-width: 150px) 100vw, 150px\" \/><\/a>\n\t\t\t<\/div><\/figure>\n\t\t<\/div>\n\n<p>&nbsp;<\/p>\n<p>&nbsp;<\/p>\n<p>&nbsp;<\/p>\n<p style=\"text-align: justify;\"><a title=\"Tommy\u2019s Tierheim Kolumne vom 03.05.2015\" href=\"http:\/\/tierheim-moers.de\/Wordpress\/tommys-tierheim-kolumne-vom-03-05-2015\/\"><br \/>\n<\/a><\/p>\n<div class=\"shariff shariff-align-flex-start shariff-widget-align-center\" data-url=\"https%3A%2F%2Ftierheim-moers.de%2FWordpress%2F16-08-2015%2F\" data-timestamp=\"1522877352\" data-hidezero=\"1\" data-backendurl=\"https:\/\/tierheim-moers.de\/Wordpress\/wp-json\/shariff\/v1\/share_counts?\"><ul class=\"shariff-buttons theme-round orientation-horizontal buttonsize-small\"><li class=\"shariff-button facebook shariff-nocustomcolor\" style=\"background-color:#4273c8\"><a href=\"https:\/\/www.facebook.com\/sharer\/sharer.php?u=https%3A%2F%2Ftierheim-moers.de%2FWordpress%2F16-08-2015%2F\" title=\"Bei Facebook teilen\" aria-label=\"Bei Facebook teilen\" role=\"button\" rel=\"nofollow\" class=\"shariff-link\" style=\"; background-color:#3b5998; color:#fff\" target=\"_blank\"><span class=\"shariff-icon\" style=\"\"><svg width=\"32px\" height=\"20px\" xmlns=\"http:\/\/www.w3.org\/2000\/svg\" viewBox=\"0 0 18 32\"><path fill=\"#3b5998\" d=\"M17.1 0.2v4.7h-2.8q-1.5 0-2.1 0.6t-0.5 1.9v3.4h5.2l-0.7 5.3h-4.5v13.6h-5.5v-13.6h-4.5v-5.3h4.5v-3.9q0-3.3 1.9-5.2t5-1.8q2.6 0 4.1 0.2z\"\/><\/svg><\/span><\/a><\/li><li class=\"shariff-button twitter shariff-nocustomcolor\" style=\"background-color:#595959\"><a href=\"https:\/\/twitter.com\/share?url=https%3A%2F%2Ftierheim-moers.de%2FWordpress%2F16-08-2015%2F&text=16.08.2015\" title=\"Bei X teilen\" aria-label=\"Bei X teilen\" role=\"button\" rel=\"noopener nofollow\" class=\"shariff-link\" style=\"; background-color:#000; color:#fff\" target=\"_blank\"><span class=\"shariff-icon\" style=\"\"><svg width=\"32px\" height=\"20px\" xmlns=\"http:\/\/www.w3.org\/2000\/svg\" viewBox=\"0 0 24 24\"><path fill=\"#000\" d=\"M14.258 10.152L23.176 0h-2.113l-7.747 8.813L7.133 0H0l9.352 13.328L0 23.973h2.113l8.176-9.309 6.531 9.309h7.133zm-2.895 3.293l-.949-1.328L2.875 1.56h3.246l6.086 8.523.945 1.328 7.91 11.078h-3.246zm0 0\"\/><\/svg><\/span><\/a><\/li><li class=\"shariff-button whatsapp shariff-nocustomcolor\" style=\"background-color:#5cbe4a\"><a href=\"https:\/\/api.whatsapp.com\/send?text=https%3A%2F%2Ftierheim-moers.de%2FWordpress%2F16-08-2015%2F%2016.08.2015\" title=\"Bei Whatsapp teilen\" aria-label=\"Bei Whatsapp teilen\" role=\"button\" rel=\"noopener nofollow\" class=\"shariff-link\" style=\"; background-color:#34af23; color:#fff\" target=\"_blank\"><span class=\"shariff-icon\" style=\"\"><svg width=\"32px\" height=\"20px\" xmlns=\"http:\/\/www.w3.org\/2000\/svg\" viewBox=\"0 0 32 32\"><path fill=\"#34af23\" d=\"M17.6 17.4q0.2 0 1.7 0.8t1.6 0.9q0 0.1 0 0.3 0 0.6-0.3 1.4-0.3 0.7-1.3 1.2t-1.8 0.5q-1 0-3.4-1.1-1.7-0.8-3-2.1t-2.6-3.3q-1.3-1.9-1.3-3.5v-0.1q0.1-1.6 1.3-2.8 0.4-0.4 0.9-0.4 0.1 0 0.3 0t0.3 0q0.3 0 0.5 0.1t0.3 0.5q0.1 0.4 0.6 1.6t0.4 1.3q0 0.4-0.6 1t-0.6 0.8q0 0.1 0.1 0.3 0.6 1.3 1.8 2.4 1 0.9 2.7 1.8 0.2 0.1 0.4 0.1 0.3 0 1-0.9t0.9-0.9zM14 26.9q2.3 0 4.3-0.9t3.6-2.4 2.4-3.6 0.9-4.3-0.9-4.3-2.4-3.6-3.6-2.4-4.3-0.9-4.3 0.9-3.6 2.4-2.4 3.6-0.9 4.3q0 3.6 2.1 6.6l-1.4 4.2 4.3-1.4q2.8 1.9 6.2 1.9zM14 2.2q2.7 0 5.2 1.1t4.3 2.9 2.9 4.3 1.1 5.2-1.1 5.2-2.9 4.3-4.3 2.9-5.2 1.1q-3.5 0-6.5-1.7l-7.4 2.4 2.4-7.2q-1.9-3.2-1.9-6.9 0-2.7 1.1-5.2t2.9-4.3 4.3-2.9 5.2-1.1z\"\/><\/svg><\/span><\/a><\/li><li class=\"shariff-button sms shariff-nocustomcolor shariff-mobile\" style=\"background-color:#d7d9d8\"><a href=\"sms:?&body=https%3A%2F%2Ftierheim-moers.de%2FWordpress%2F16-08-2015%2F\" title=\"Per SMS teilen\" aria-label=\"Per SMS teilen\" role=\"button\" rel=\"noopener nofollow\" class=\"shariff-link\" style=\"; background-color:#a1e877; color:#fff\" target=\"_blank\"><span class=\"shariff-icon\" style=\"\"><svg xmlns=\"http:\/\/www.w3.org\/2000\/svg\" width=\"510\" height=\"510\" viewBox=\"0 0 510 510\"><path fill=\"#a1e877\" d=\"M459 0H51C23 0 0 23 0 51v459l102-102h357c28.1 0 51-22.9 51-51V51C510 23 487.1 0 459 0zM178.5 229.5h-51v-51h51V229.5zM280.5 229.5h-51v-51h51V229.5zM382.5 229.5h-51v-51h51V229.5z\"\/><\/svg><\/span><\/a><\/li><\/ul><\/div>","protected":false},"excerpt":{"rendered":"<p>Haueha \u2026 das waren harte Wochen! Endlich komme ich mal wieder dazu, aus unserem Tierheimalltag etwas zu berichten. Manchmal bin ich einfach vor lauter M\u00fcdigkeit direkt vorm Computer eingeschlafen, manchmal bin ich vor lauter Arbeit gar nicht bis dahin gekommen. Es wird auch immer mehr, aber ich werde euch auch &#8230;<\/p>\n","protected":false},"author":3,"featured_media":6412,"comment_status":"closed","ping_status":"open","sticky":false,"template":"","format":"standard","meta":{"ngg_post_thumbnail":0,"footnotes":""},"categories":[41],"tags":[],"class_list":["post-19050","post","type-post","status-publish","format-standard","has-post-thumbnail","hentry","category-tommys-kolumne","column","threecol","has-thumbnail"],"yoast_head":"<!-- This site is optimized with the Yoast SEO plugin v24.6 - https:\/\/yoast.com\/wordpress\/plugins\/seo\/ -->\n<title>16.08.2015 | TIERHEIM MOERS<\/title>\n<meta name=\"robots\" content=\"index, follow, max-snippet:-1, max-image-preview:large, max-video-preview:-1\" \/>\n<link rel=\"canonical\" href=\"https:\/\/tierheim-moers.de\/Wordpress\/16-08-2015\/\" \/>\n<meta property=\"og:locale\" content=\"de_DE\" \/>\n<meta property=\"og:type\" content=\"article\" \/>\n<meta property=\"og:title\" content=\"16.08.2015 | TIERHEIM MOERS\" \/>\n<meta property=\"og:description\" content=\"Haueha \u2026 das waren harte Wochen! Endlich komme ich mal wieder dazu, aus unserem Tierheimalltag etwas zu berichten. Manchmal bin ich einfach &#8230;\" \/>\n<meta property=\"og:url\" content=\"https:\/\/tierheim-moers.de\/Wordpress\/16-08-2015\/\" \/>\n<meta property=\"og:site_name\" content=\"TIERHEIM MOERS\" \/>\n<meta property=\"article:publisher\" content=\"https:\/\/de-de.facebook.com\/moers.tierheim\" \/>\n<meta property=\"article:published_time\" content=\"2017-01-01T19:26:35+00:00\" \/>\n<meta property=\"article:modified_time\" content=\"2018-04-04T19:29:12+00:00\" \/>\n<meta property=\"og:image\" content=\"https:\/\/tierheim-moers.de\/Wordpress\/wp-content\/uploads\/2014\/04\/Tommy-schlafend-Korb-gr\u00fcn.jpg\" \/>\n\t<meta property=\"og:image:width\" content=\"640\" \/>\n\t<meta property=\"og:image:height\" content=\"724\" \/>\n\t<meta property=\"og:image:type\" content=\"image\/jpeg\" \/>\n<meta name=\"author\" content=\"tierheim2014\" \/>\n<meta name=\"twitter:card\" content=\"summary_large_image\" \/>\n<meta name=\"twitter:label1\" content=\"Verfasst von\" \/>\n\t<meta name=\"twitter:data1\" content=\"tierheim2014\" \/>\n\t<meta name=\"twitter:label2\" content=\"Gesch\u00e4tzte Lesezeit\" \/>\n\t<meta name=\"twitter:data2\" content=\"4\u00a0Minuten\" \/>\n<script type=\"application\/ld+json\" class=\"yoast-schema-graph\">{\"@context\":\"https:\/\/schema.org\",\"@graph\":[{\"@type\":\"Article\",\"@id\":\"https:\/\/tierheim-moers.de\/Wordpress\/16-08-2015\/#article\",\"isPartOf\":{\"@id\":\"https:\/\/tierheim-moers.de\/Wordpress\/16-08-2015\/\"},\"author\":{\"name\":\"tierheim2014\",\"@id\":\"https:\/\/tierheim-moers.de\/Wordpress\/#\/schema\/person\/bb66fcdf55ca8d06b229c0e748f4a4db\"},\"headline\":\"16.08.2015\",\"datePublished\":\"2017-01-01T19:26:35+00:00\",\"dateModified\":\"2018-04-04T19:29:12+00:00\",\"mainEntityOfPage\":{\"@id\":\"https:\/\/tierheim-moers.de\/Wordpress\/16-08-2015\/\"},\"wordCount\":761,\"publisher\":{\"@id\":\"https:\/\/tierheim-moers.de\/Wordpress\/#organization\"},\"image\":{\"@id\":\"https:\/\/tierheim-moers.de\/Wordpress\/16-08-2015\/#primaryimage\"},\"thumbnailUrl\":\"https:\/\/tierheim-moers.de\/Wordpress\/wp-content\/uploads\/2014\/04\/Tommy-schlafend-Korb-gr\u00fcn.jpg\",\"articleSection\":[\"Tommys Kolumne\"],\"inLanguage\":\"de\"},{\"@type\":\"WebPage\",\"@id\":\"https:\/\/tierheim-moers.de\/Wordpress\/16-08-2015\/\",\"url\":\"https:\/\/tierheim-moers.de\/Wordpress\/16-08-2015\/\",\"name\":\"16.08.2015 | TIERHEIM MOERS\",\"isPartOf\":{\"@id\":\"https:\/\/tierheim-moers.de\/Wordpress\/#website\"},\"primaryImageOfPage\":{\"@id\":\"https:\/\/tierheim-moers.de\/Wordpress\/16-08-2015\/#primaryimage\"},\"image\":{\"@id\":\"https:\/\/tierheim-moers.de\/Wordpress\/16-08-2015\/#primaryimage\"},\"thumbnailUrl\":\"https:\/\/tierheim-moers.de\/Wordpress\/wp-content\/uploads\/2014\/04\/Tommy-schlafend-Korb-gr\u00fcn.jpg\",\"datePublished\":\"2017-01-01T19:26:35+00:00\",\"dateModified\":\"2018-04-04T19:29:12+00:00\",\"breadcrumb\":{\"@id\":\"https:\/\/tierheim-moers.de\/Wordpress\/16-08-2015\/#breadcrumb\"},\"inLanguage\":\"de\",\"potentialAction\":[{\"@type\":\"ReadAction\",\"target\":[\"https:\/\/tierheim-moers.de\/Wordpress\/16-08-2015\/\"]}]},{\"@type\":\"ImageObject\",\"inLanguage\":\"de\",\"@id\":\"https:\/\/tierheim-moers.de\/Wordpress\/16-08-2015\/#primaryimage\",\"url\":\"https:\/\/tierheim-moers.de\/Wordpress\/wp-content\/uploads\/2014\/04\/Tommy-schlafend-Korb-gr\u00fcn.jpg\",\"contentUrl\":\"https:\/\/tierheim-moers.de\/Wordpress\/wp-content\/uploads\/2014\/04\/Tommy-schlafend-Korb-gr\u00fcn.jpg\",\"width\":640,\"height\":724},{\"@type\":\"BreadcrumbList\",\"@id\":\"https:\/\/tierheim-moers.de\/Wordpress\/16-08-2015\/#breadcrumb\",\"itemListElement\":[{\"@type\":\"ListItem\",\"position\":1,\"name\":\"Startseite\",\"item\":\"https:\/\/tierheim-moers.de\/Wordpress\/\"},{\"@type\":\"ListItem\",\"position\":2,\"name\":\"16.08.2015\"}]},{\"@type\":\"WebSite\",\"@id\":\"https:\/\/tierheim-moers.de\/Wordpress\/#website\",\"url\":\"https:\/\/tierheim-moers.de\/Wordpress\/\",\"name\":\"Tierheim Moers\",\"description\":\"Tierheim | Hundepension | Tierschutz | Moers\",\"publisher\":{\"@id\":\"https:\/\/tierheim-moers.de\/Wordpress\/#organization\"},\"potentialAction\":[{\"@type\":\"SearchAction\",\"target\":{\"@type\":\"EntryPoint\",\"urlTemplate\":\"https:\/\/tierheim-moers.de\/Wordpress\/?s={search_term_string}\"},\"query-input\":{\"@type\":\"PropertyValueSpecification\",\"valueRequired\":true,\"valueName\":\"search_term_string\"}}],\"inLanguage\":\"de\"},{\"@type\":\"Organization\",\"@id\":\"https:\/\/tierheim-moers.de\/Wordpress\/#organization\",\"name\":\"Tierheim Moers\",\"url\":\"https:\/\/tierheim-moers.de\/Wordpress\/\",\"logo\":{\"@type\":\"ImageObject\",\"inLanguage\":\"de\",\"@id\":\"https:\/\/tierheim-moers.de\/Wordpress\/#\/schema\/logo\/image\/\",\"url\":\"https:\/\/tierheim-moers.de\/Wordpress\/wp-content\/uploads\/2014\/04\/Logo-TSV-Moers-V01-RGB-300.png\",\"contentUrl\":\"https:\/\/tierheim-moers.de\/Wordpress\/wp-content\/uploads\/2014\/04\/Logo-TSV-Moers-V01-RGB-300.png\",\"width\":1052,\"height\":1038,\"caption\":\"Tierheim Moers\"},\"image\":{\"@id\":\"https:\/\/tierheim-moers.de\/Wordpress\/#\/schema\/logo\/image\/\"},\"sameAs\":[\"https:\/\/de-de.facebook.com\/moers.tierheim\"]},{\"@type\":\"Person\",\"@id\":\"https:\/\/tierheim-moers.de\/Wordpress\/#\/schema\/person\/bb66fcdf55ca8d06b229c0e748f4a4db\",\"name\":\"tierheim2014\",\"image\":{\"@type\":\"ImageObject\",\"inLanguage\":\"de\",\"@id\":\"https:\/\/tierheim-moers.de\/Wordpress\/#\/schema\/person\/image\/\",\"url\":\"https:\/\/secure.gravatar.com\/avatar\/a11d93b0c6655bcc0a595174970baea60c3be93d07d0c82976034f22f0e26a03?s=96&d=mm&r=g\",\"contentUrl\":\"https:\/\/secure.gravatar.com\/avatar\/a11d93b0c6655bcc0a595174970baea60c3be93d07d0c82976034f22f0e26a03?s=96&d=mm&r=g\",\"caption\":\"tierheim2014\"},\"url\":\"https:\/\/tierheim-moers.de\/Wordpress\/author\/tierheim2014\/\"}]}<\/script>\n<!-- \/ Yoast SEO plugin. -->","yoast_head_json":{"title":"16.08.2015 | TIERHEIM MOERS","robots":{"index":"index","follow":"follow","max-snippet":"max-snippet:-1","max-image-preview":"max-image-preview:large","max-video-preview":"max-video-preview:-1"},"canonical":"https:\/\/tierheim-moers.de\/Wordpress\/16-08-2015\/","og_locale":"de_DE","og_type":"article","og_title":"16.08.2015 | TIERHEIM MOERS","og_description":"Haueha \u2026 das waren harte Wochen! Endlich komme ich mal wieder dazu, aus unserem Tierheimalltag etwas zu berichten. Manchmal bin ich einfach &#8230;","og_url":"https:\/\/tierheim-moers.de\/Wordpress\/16-08-2015\/","og_site_name":"TIERHEIM MOERS","article_publisher":"https:\/\/de-de.facebook.com\/moers.tierheim","article_published_time":"2017-01-01T19:26:35+00:00","article_modified_time":"2018-04-04T19:29:12+00:00","og_image":[{"width":640,"height":724,"url":"https:\/\/tierheim-moers.de\/Wordpress\/wp-content\/uploads\/2014\/04\/Tommy-schlafend-Korb-gr\u00fcn.jpg","type":"image\/jpeg"}],"author":"tierheim2014","twitter_card":"summary_large_image","twitter_misc":{"Verfasst von":"tierheim2014","Gesch\u00e4tzte Lesezeit":"4\u00a0Minuten"},"schema":{"@context":"https:\/\/schema.org","@graph":[{"@type":"Article","@id":"https:\/\/tierheim-moers.de\/Wordpress\/16-08-2015\/#article","isPartOf":{"@id":"https:\/\/tierheim-moers.de\/Wordpress\/16-08-2015\/"},"author":{"name":"tierheim2014","@id":"https:\/\/tierheim-moers.de\/Wordpress\/#\/schema\/person\/bb66fcdf55ca8d06b229c0e748f4a4db"},"headline":"16.08.2015","datePublished":"2017-01-01T19:26:35+00:00","dateModified":"2018-04-04T19:29:12+00:00","mainEntityOfPage":{"@id":"https:\/\/tierheim-moers.de\/Wordpress\/16-08-2015\/"},"wordCount":761,"publisher":{"@id":"https:\/\/tierheim-moers.de\/Wordpress\/#organization"},"image":{"@id":"https:\/\/tierheim-moers.de\/Wordpress\/16-08-2015\/#primaryimage"},"thumbnailUrl":"https:\/\/tierheim-moers.de\/Wordpress\/wp-content\/uploads\/2014\/04\/Tommy-schlafend-Korb-gr\u00fcn.jpg","articleSection":["Tommys Kolumne"],"inLanguage":"de"},{"@type":"WebPage","@id":"https:\/\/tierheim-moers.de\/Wordpress\/16-08-2015\/","url":"https:\/\/tierheim-moers.de\/Wordpress\/16-08-2015\/","name":"16.08.2015 | TIERHEIM MOERS","isPartOf":{"@id":"https:\/\/tierheim-moers.de\/Wordpress\/#website"},"primaryImageOfPage":{"@id":"https:\/\/tierheim-moers.de\/Wordpress\/16-08-2015\/#primaryimage"},"image":{"@id":"https:\/\/tierheim-moers.de\/Wordpress\/16-08-2015\/#primaryimage"},"thumbnailUrl":"https:\/\/tierheim-moers.de\/Wordpress\/wp-content\/uploads\/2014\/04\/Tommy-schlafend-Korb-gr\u00fcn.jpg","datePublished":"2017-01-01T19:26:35+00:00","dateModified":"2018-04-04T19:29:12+00:00","breadcrumb":{"@id":"https:\/\/tierheim-moers.de\/Wordpress\/16-08-2015\/#breadcrumb"},"inLanguage":"de","potentialAction":[{"@type":"ReadAction","target":["https:\/\/tierheim-moers.de\/Wordpress\/16-08-2015\/"]}]},{"@type":"ImageObject","inLanguage":"de","@id":"https:\/\/tierheim-moers.de\/Wordpress\/16-08-2015\/#primaryimage","url":"https:\/\/tierheim-moers.de\/Wordpress\/wp-content\/uploads\/2014\/04\/Tommy-schlafend-Korb-gr\u00fcn.jpg","contentUrl":"https:\/\/tierheim-moers.de\/Wordpress\/wp-content\/uploads\/2014\/04\/Tommy-schlafend-Korb-gr\u00fcn.jpg","width":640,"height":724},{"@type":"BreadcrumbList","@id":"https:\/\/tierheim-moers.de\/Wordpress\/16-08-2015\/#breadcrumb","itemListElement":[{"@type":"ListItem","position":1,"name":"Startseite","item":"https:\/\/tierheim-moers.de\/Wordpress\/"},{"@type":"ListItem","position":2,"name":"16.08.2015"}]},{"@type":"WebSite","@id":"https:\/\/tierheim-moers.de\/Wordpress\/#website","url":"https:\/\/tierheim-moers.de\/Wordpress\/","name":"Tierheim Moers","description":"Tierheim | Hundepension | Tierschutz | Moers","publisher":{"@id":"https:\/\/tierheim-moers.de\/Wordpress\/#organization"},"potentialAction":[{"@type":"SearchAction","target":{"@type":"EntryPoint","urlTemplate":"https:\/\/tierheim-moers.de\/Wordpress\/?s={search_term_string}"},"query-input":{"@type":"PropertyValueSpecification","valueRequired":true,"valueName":"search_term_string"}}],"inLanguage":"de"},{"@type":"Organization","@id":"https:\/\/tierheim-moers.de\/Wordpress\/#organization","name":"Tierheim Moers","url":"https:\/\/tierheim-moers.de\/Wordpress\/","logo":{"@type":"ImageObject","inLanguage":"de","@id":"https:\/\/tierheim-moers.de\/Wordpress\/#\/schema\/logo\/image\/","url":"https:\/\/tierheim-moers.de\/Wordpress\/wp-content\/uploads\/2014\/04\/Logo-TSV-Moers-V01-RGB-300.png","contentUrl":"https:\/\/tierheim-moers.de\/Wordpress\/wp-content\/uploads\/2014\/04\/Logo-TSV-Moers-V01-RGB-300.png","width":1052,"height":1038,"caption":"Tierheim Moers"},"image":{"@id":"https:\/\/tierheim-moers.de\/Wordpress\/#\/schema\/logo\/image\/"},"sameAs":["https:\/\/de-de.facebook.com\/moers.tierheim"]},{"@type":"Person","@id":"https:\/\/tierheim-moers.de\/Wordpress\/#\/schema\/person\/bb66fcdf55ca8d06b229c0e748f4a4db","name":"tierheim2014","image":{"@type":"ImageObject","inLanguage":"de","@id":"https:\/\/tierheim-moers.de\/Wordpress\/#\/schema\/person\/image\/","url":"https:\/\/secure.gravatar.com\/avatar\/a11d93b0c6655bcc0a595174970baea60c3be93d07d0c82976034f22f0e26a03?s=96&d=mm&r=g","contentUrl":"https:\/\/secure.gravatar.com\/avatar\/a11d93b0c6655bcc0a595174970baea60c3be93d07d0c82976034f22f0e26a03?s=96&d=mm&r=g","caption":"tierheim2014"},"url":"https:\/\/tierheim-moers.de\/Wordpress\/author\/tierheim2014\/"}]}},"_links":{"self":[{"href":"https:\/\/tierheim-moers.de\/Wordpress\/wp-json\/wp\/v2\/posts\/19050","targetHints":{"allow":["GET"]}}],"collection":[{"href":"https:\/\/tierheim-moers.de\/Wordpress\/wp-json\/wp\/v2\/posts"}],"about":[{"href":"https:\/\/tierheim-moers.de\/Wordpress\/wp-json\/wp\/v2\/types\/post"}],"author":[{"embeddable":true,"href":"https:\/\/tierheim-moers.de\/Wordpress\/wp-json\/wp\/v2\/users\/3"}],"replies":[{"embeddable":true,"href":"https:\/\/tierheim-moers.de\/Wordpress\/wp-json\/wp\/v2\/comments?post=19050"}],"version-history":[{"count":1,"href":"https:\/\/tierheim-moers.de\/Wordpress\/wp-json\/wp\/v2\/posts\/19050\/revisions"}],"predecessor-version":[{"id":19051,"href":"https:\/\/tierheim-moers.de\/Wordpress\/wp-json\/wp\/v2\/posts\/19050\/revisions\/19051"}],"wp:featuredmedia":[{"embeddable":true,"href":"https:\/\/tierheim-moers.de\/Wordpress\/wp-json\/wp\/v2\/media\/6412"}],"wp:attachment":[{"href":"https:\/\/tierheim-moers.de\/Wordpress\/wp-json\/wp\/v2\/media?parent=19050"}],"wp:term":[{"taxonomy":"category","embeddable":true,"href":"https:\/\/tierheim-moers.de\/Wordpress\/wp-json\/wp\/v2\/categories?post=19050"},{"taxonomy":"post_tag","embeddable":true,"href":"https:\/\/tierheim-moers.de\/Wordpress\/wp-json\/wp\/v2\/tags?post=19050"}],"curies":[{"name":"wp","href":"https:\/\/api.w.org\/{rel}","templated":true}]}}