{"id":19056,"date":"2017-01-01T21:26:34","date_gmt":"2017-01-01T19:26:34","guid":{"rendered":"http:\/\/tierheim-moers.de\/Wordpress\/?p=19056"},"modified":"2018-04-04T21:29:36","modified_gmt":"2018-04-04T19:29:36","slug":"tommys-wolkenreport-ii","status":"publish","type":"post","link":"https:\/\/tierheim-moers.de\/Wordpress\/tommys-wolkenreport-ii\/","title":{"rendered":"Tommys Wolkenreport II"},"content":{"rendered":"<p>Miauuu an alle&#8230;<\/p>\n<p>Hab all die sch\u00f6nen Kommentare \u00fcber die schwarzen Katzen gelesen, man-o-man, mir gl\u00fchen immer noch die Augen. Hand auf&#8217;s Herz, wir &#8220;Blacky&#8217;s&#8221; sind aber auch ein Tr\u00e4umchen (den Spruch hab ich bei Herrn Lichter geborgt *grins*). Trotzdem, ich bleibe dabei, schwarze Tiere <a href=\"http:\/\/tierheim-moers.de\/Wordpress\/wp-content\/uploads\/2014\/04\/20150506_141429.jpg\"><img fetchpriority=\"high\" decoding=\"async\" class=\"alignright size-medium wp-image-7078\" src=\"http:\/\/tierheim-moers.de\/Wordpress\/wp-content\/uploads\/2014\/04\/20150506_141429-244x300.jpg\" alt=\"20150506_141429\" width=\"244\" height=\"300\" srcset=\"https:\/\/tierheim-moers.de\/Wordpress\/wp-content\/uploads\/2014\/04\/20150506_141429-244x300.jpg 244w, https:\/\/tierheim-moers.de\/Wordpress\/wp-content\/uploads\/2014\/04\/20150506_141429.jpg 576w\" sizes=\"(max-width: 244px) 100vw, 244px\" \/><\/a>haben es schwerer ein neues Zuhause zu finden. Tommy, hast Du die schwarzhaarigen mehr lieb die anderen? Ne, ne L\u00fcmmel, alle gleich lieb. Bin halt selbst einer. Da wird es mir doch wohl verziehen, wenn ich f\u00fcr die ein kleines bisschen mehr \u00fcbrig habe.<br \/>\nMiauu, aber da hat doch tats\u00e4chlich letztens jemand unsere Alma und Devina im Doppelpack adoptiert. Ick freu mir so f\u00fcr die beiden M\u00e4dels. Danke! Hoffentlich findet sich nun bald jemand der sich in Manila oder Charleen verliebt. Manila hat liebevoll ihre Mutterpflichten erf\u00fcllt, alle Jungs und M\u00e4dels fein erzogen, und ist nach der Schwangerschaft wieder top in Form und poliert t\u00e4glich ihr schwarzes Fell, so dass es wunderschon im Sonnenlicht gl\u00e4nzt. Charleen \u00fcbertreibt es manchmal mit der K\u00f6rperpflege. Augenbrauen zupfen gen\u00fcgt ihr nicht, die Haare an den Beinen m\u00fcssen auch noch weg. Dabei hei\u00dft es doch &#8220;black is beautifull&#8221; und nicht &#8220;blank&#8221;. An zweifelhaften Am\u00fcsements habe die auch kein Interesse mehr, viel lieber w\u00fcrden sie eins der Menschenherzen erobern. &#8211; Schauen wir mal&#8230;!<\/p>\n<div id='gallery-1' class='gallery galleryid-19056 gallery-columns-3 gallery-size-thumbnail'><figure class='gallery-item'>\n\t\t\t<div class='gallery-icon landscape'>\n\t\t\t\t<a rel='attachment' href='https:\/\/tierheim-moers.de\/Wordpress\/wo-fehlt-ploetzlich-mueller\/img_5907mueller-klein\/'><img decoding=\"async\" width=\"150\" height=\"150\" src=\"https:\/\/tierheim-moers.de\/Wordpress\/wp-content\/uploads\/2015\/09\/IMG_5907m\u00fcller-klein-150x150.jpg\" class=\"attachment-thumbnail size-thumbnail\" alt=\"\" \/><\/a>\n\t\t\t<\/div><\/figure><figure class='gallery-item'>\n\t\t\t<div class='gallery-icon landscape'>\n\t\t\t\t<a rel='attachment' href='https:\/\/tierheim-moers.de\/Wordpress\/wo-fehlt-ploetzlich-mueller\/img_5906mueller-klein\/'><img decoding=\"async\" width=\"150\" height=\"150\" src=\"https:\/\/tierheim-moers.de\/Wordpress\/wp-content\/uploads\/2015\/09\/IMG_5906m\u00fcller-klein-150x150.jpg\" class=\"attachment-thumbnail size-thumbnail\" alt=\"\" \/><\/a>\n\t\t\t<\/div><\/figure><figure class='gallery-item'>\n\t\t\t<div class='gallery-icon landscape'>\n\t\t\t\t<a rel='attachment' href='https:\/\/tierheim-moers.de\/Wordpress\/wo-fehlt-ploetzlich-mueller\/img_5901mueller-klein\/'><img loading=\"lazy\" decoding=\"async\" width=\"150\" height=\"150\" src=\"https:\/\/tierheim-moers.de\/Wordpress\/wp-content\/uploads\/2015\/09\/IMG_5901m\u00fcller-klein-150x150.jpg\" class=\"attachment-thumbnail size-thumbnail\" alt=\"\" \/><\/a>\n\t\t\t<\/div><\/figure><figure class='gallery-item'>\n\t\t\t<div class='gallery-icon landscape'>\n\t\t\t\t<a rel='attachment' href='https:\/\/tierheim-moers.de\/Wordpress\/wo-fehlt-ploetzlich-mueller\/img_5904mueller-klein\/'><img loading=\"lazy\" decoding=\"async\" width=\"150\" height=\"150\" src=\"https:\/\/tierheim-moers.de\/Wordpress\/wp-content\/uploads\/2015\/09\/IMG_5904m\u00fcller-klein-150x150.jpg\" class=\"attachment-thumbnail size-thumbnail\" alt=\"\" \/><\/a>\n\t\t\t<\/div><\/figure><figure class='gallery-item'>\n\t\t\t<div class='gallery-icon landscape'>\n\t\t\t\t<a rel='attachment' href='https:\/\/tierheim-moers.de\/Wordpress\/jill-und-babies\/img_5799cookie-klein\/'><img loading=\"lazy\" decoding=\"async\" width=\"150\" height=\"150\" src=\"https:\/\/tierheim-moers.de\/Wordpress\/wp-content\/uploads\/2015\/09\/IMG_5799cookie-klein-150x150.jpg\" class=\"attachment-thumbnail size-thumbnail\" alt=\"\" \/><\/a>\n\t\t\t<\/div><\/figure><figure class='gallery-item'>\n\t\t\t<div class='gallery-icon landscape'>\n\t\t\t\t<a rel='attachment' href='https:\/\/tierheim-moers.de\/Wordpress\/wo-fehlt-cookie\/img_5791cookie-klein\/'><img loading=\"lazy\" decoding=\"async\" width=\"150\" height=\"150\" src=\"https:\/\/tierheim-moers.de\/Wordpress\/wp-content\/uploads\/2015\/07\/IMG_5791cookie-klein-150x150.jpg\" class=\"attachment-thumbnail size-thumbnail\" alt=\"\" \/><\/a>\n\t\t\t<\/div><\/figure><figure class='gallery-item'>\n\t\t\t<div class='gallery-icon landscape'>\n\t\t\t\t<a rel='attachment' href='https:\/\/tierheim-moers.de\/Wordpress\/jill-und-babies\/img_5792cookie-klein\/'><img loading=\"lazy\" decoding=\"async\" width=\"150\" height=\"150\" src=\"https:\/\/tierheim-moers.de\/Wordpress\/wp-content\/uploads\/2015\/09\/IMG_5792cookie-klein-150x150.jpg\" class=\"attachment-thumbnail size-thumbnail\" alt=\"\" \/><\/a>\n\t\t\t<\/div><\/figure>\n\t\t<\/div>\n\n<p style=\"text-align: right;\"><em>L\u00fcmmel, es r\u00fchrt mich schon ein bisschen, dass sooo viele Menschen ein Herz f\u00fcr die schwarzen Mini-Panter haben, auch wenn sie grad keinen adoptieren k\u00f6nnen. Aber vielleicht m\u00f6chten ja genau die was f\u00fcr unsere Tierheim-Familie tun. <\/em><\/p>\n<p>Wie? Oh, mir w\u00fcrd da schon was einfallen. Moment mal, (wie Wicky von den Wickinger) Pfote einmal rechts, einmal links am N\u00e4schen reiben und schnips&#8230;, ich wei\u00df was: schwarze Spielm\u00e4use? Geht immer, oder schwarze Stinkekissen mit Baldrian? Eine &#8220;schwarze&#8221; Banknote oder ne Patenschaft f\u00fcr Blacky&#8217;s?<\/p>\n<p style=\"text-align: right;\"><em>Boah Tommy, schwarze Banknote, soll die vorher auf`n Grill? Lass gut sein, wer will, dem wird schon was einfallen, hab einfach etwas Vertrauen.<\/em><\/p>\n<p style=\"text-align: left;\">Nicht nur Peter kennt den Spruch: <strong>&#8220;Jedes bisschen hilft!&#8221;, sagte die Ameise und pisste in den Rhein&#8221;<\/strong><\/p>\n<p style=\"text-align: right;\"><em>L\u00fcmmel, sehe gerade auf Charleen&#8217;s Tier-Karte steht was von getreidefreiem Futter! <\/em><\/p>\n<p>Ups, entschuldigung, das erkl\u00e4rt nat\u00fcrlich warum ihr das Fell ausgeht. Da kann man mal sehen, mit Appetit gefuttert und doch qu\u00e4lt es einige hinterher. Manche kriegen Bauchweh, Pickel, jucken wegen Allergie, oder noch schlimmer. Pupsen nich zu vergessen. Ha, daf\u00fcr kenn ich sogar das feine Wort: Flatulenzen (bin eben ein gebildeter Kater). Oder Durchfall, da is die Kacke dann am dampfen, im wahrsten Sinne des Wortes. Der kann auch von schlechten Darmbakterien kommen, die sich erst recht \u00fcber viele Kohlehydrate freuen und dann zur Plage werden. W\u00fcrd&#8217;s nur um den Katzenstreu Verbrauch gehen, ging&#8217;s ja noch. Aber unser Immunsystem leidet auch darunter. L\u00fcmmel, schlappes Immunsystem \u00f6ffnet T\u00fcr und Tor f\u00fcr alles m\u00f6gliche und oft muss dann teure Medizin her. Die richtet dann hoffentlich schon wieder alles, aber das muss doch nich sein.<\/p>\n<p>Was meint Ihr warum ich im Tierheim immer gepredigt hab, gutes Futter is das A und O. Getreidefrei und hoher Fleischanteil tun gut.<\/p>\n<p style=\"text-align: right;\"><em>Tommy, Du bist doch nur selbst scharf gewesen auf die guten Sachen&#8230;!?<\/em><\/p>\n<p>Ne is klar, aber wir sind von Haus aus nun mal Fleischfresser und keine M\u00fcsli-Junkies. Welche Teller sind zuerst blank? Die mit gutem Futter und wir brauchen ja auch weniger davon. Was is mit der Kackwurst die hinten raus kommt? Genau, duftet viel besser und is kleiner weil wir es gut verwerten. Unn\u00fctzer Kram im Mampf belastet nur. Immer wieder h\u00f6r ich &#8220;Tierheim is ja nur vor\u00fcbergehend&#8221;. Vielleicht f\u00fcr niedliche Babies oder beliebte, gut erzogene Hunde. F\u00fcr alte, kranke oder verhaltensauff\u00e4llige Tiere is es eben kein Kurzurlaub. Ihr glaubt mir nich? Schaut Euch um, auch auf anderen Tierheimseiten, ihr werdet schon sehen wie lang so mancher von uns im Tierheim is.<\/p>\n<p>Alle haben sie ihr Zuhause verloren. Freunde weg, vertraute Umgebung weg, nicht mehr gut versorgt, schon l\u00e4ngere Zeit auf sich gestellt oder haben das ein oder andere Wehwechen. Dann der Kulturschock: Tierheim. St\u00e4ndig wechselnde Kollegen in den Stuben, mal Sensibelchen, mal Raufbolde. Die Entt\u00e4uschungen wenn sich Leute dann doch nicht f\u00fcr einen entscheiden und als Kr\u00f6nung wirft einem der auserw\u00e4hlte Kollege zum Abschied noch nen mitleidig-h\u00e4mischen Blick zu.<\/p>\n<p>Damit muss man erst mal mit fertig werden. Und dann kommt oben drauf noch Futter wechselnder Marken mit verschiedenen Qualit\u00e4ten. All das bedeutet Stress. L\u00e4sst sich nicht alles verhindern, aber man kann das Tierheimleben erleichtern. Nicht nur mit einem Dach \u00fcberm Kopf, ner W\u00e4rmflasche oder ner Spritze, sondern auch mit Spiel, Spa\u00df und gutem Futter.<\/p>\n<p>L\u00fcmmel, Wirkung und Wechselwirkung, schon mal davon geh\u00f6rt? Alles zusammen wirkt sich auf unser Immunsystem aus, ergo auf unsere Gesundheit und macht uns schlapp oder eben stark.<\/p>\n<p>Sind K\u00f6rper, Geist und Seele im Einklang, kann man den Mampf schon mal vernachl\u00e4ssigen. Aber l\u00e4uft&#8217;s gerade nicht rund tut auch Mensch gut daran besonders auf seinen Tellerinhalt zu achten. Ich bleib dabei, gutes Futter f\u00fcr alle, basta! Ist mir auch egal wenn es hierf\u00fcr kein &#8220;like&#8221; auf diesem Facebook-Dings gibt.<\/p>\n<p style=\"text-align: right;\"><em>Tommy, willst Du den Spendern jetzt sagen, dass f\u00fcrs Tierheim quasi nur noch Filet gew\u00fcnscht wird, was dann auf&#8217;m Silbertablett serviert wird? Du bist doch auch mit wechselndem Mampf gute 20 Jahre alt geworden. <\/em><\/p>\n<p>Dein Wort in Gottes Geh\u00f6rgang, nicht das demn\u00e4chst ne Zitrone in der Spendenbox liegt. \ud83d\ude09<br \/>\nAber nun \u00fcbertreib es mal nicht. Ich war ja auch Hofkater! Zwar gab&#8217;s den gleichen Mampf wie f\u00fcr alle anderen auch, aber den Service drum herum darf man nich vergessen. Ausserdem werd ich doch wohl noch sagen d\u00fcrfen was ich mir w\u00fcnsche, oder nich? Kann doch jeder f\u00fcr sich entscheiden, was er geben m\u00f6chte. Hier kommt schon nix um. Aber so`n bisschen Aufkl\u00e4rung is doch nich schlecht, vielleicht hat der ein oder andere das so noch nich betrachtet.<\/p>\n<p>Hast DU nicht grad Du vorhin was von Vertrauen gemaunzt? Na also, dann hab jetzt auch Vertrauen, dass die Menschen das verstehen.<\/p>\n<p style=\"text-align: right;\"><em>Tommy, hast Du eigentlich studiert, oder woher weisst Du all so was?<\/em><\/p>\n<p style=\"text-align: left;\">Ne, nur jahrelange Erfahrung mit &#8220;katergutem Bauchgef\u00fchl&#8221;.<\/p>\n<p>Apropos futtern&#8230; auch wenn ich mit den irdischen Gen\u00fcssen nix mehr anfangen kann, aber bei dem Gedanken an das w\u00f6chentliche H\u00fchnchenfleisch von den Katzenpaten l\u00e4uft mit gerade der Sabber im M\u00e4ulchen zusammen. Sorry, hab Dich grad vollgetropft&#8230;<\/p>\n<p style=\"text-align: right;\"><em> Macht nix Tommy, hab auch gestern noch von den Herzchen getr\u00e4umt und Brave von Wolke 3 schw\u00e4rmt immer noch von dem selbstgekochten Mampf. War schon sch\u00f6n, wenn die Ehrenamtlichen uns noch extra etwas Gutes getan haben.<\/em><\/p>\n<p style=\"text-align: left;\">Liebe geht halt auch durch den Magen!<\/p>\n<p style=\"text-align: right;\"><em>Ach Tommy, nur mal so: Ich habe Hunde-Oma Mira letztens gesehen, mit breitem Grinsen und kleinem Gep\u00e4ck. <\/em><\/p>\n<p style=\"text-align: left;\"><a href=\"http:\/\/tierheim-moers.de\/Wordpress\/wp-content\/uploads\/2015\/05\/Mira_liegend-I.jpg\"><img loading=\"lazy\" decoding=\"async\" class=\"size-medium wp-image-7563 alignleft\" src=\"http:\/\/tierheim-moers.de\/Wordpress\/wp-content\/uploads\/2015\/05\/Mira_liegend-I-225x300.jpg\" alt=\"Mira_liegend I\" width=\"225\" height=\"300\" srcset=\"https:\/\/tierheim-moers.de\/Wordpress\/wp-content\/uploads\/2015\/05\/Mira_liegend-I-225x300.jpg 225w, https:\/\/tierheim-moers.de\/Wordpress\/wp-content\/uploads\/2015\/05\/Mira_liegend-I.jpg 300w\" sizes=\"(max-width: 225px) 100vw, 225px\" \/><\/a>Wo ist sie denn hingezockelt, etwa Probeliegen?<\/p>\n<p style=\"text-align: right;\"><em>Jawoll!<\/em><\/p>\n<p style=\"text-align: left;\">Echt jetzt? Und, sag schon, wie wars?<\/p>\n<p style=\"text-align: right;\"><em>Super war&#8217;s! Ihre neuen Leute sind jetzt noch ein paar Tage im Urlaub, und dann darf sie endlich ganz umziehen!<\/em><\/p>\n<p>Mau, mau, bis bald Euer Tommy<\/p>\n<p>&nbsp;<\/p>\n<p style=\"text-align: justify;\">\n<div class=\"shariff shariff-align-flex-start shariff-widget-align-center\" data-url=\"https%3A%2F%2Ftierheim-moers.de%2FWordpress%2Ftommys-wolkenreport-ii%2F\" data-timestamp=\"1522877376\" data-hidezero=\"1\" data-backendurl=\"https:\/\/tierheim-moers.de\/Wordpress\/wp-json\/shariff\/v1\/share_counts?\"><ul class=\"shariff-buttons theme-round orientation-horizontal buttonsize-small\"><li class=\"shariff-button facebook shariff-nocustomcolor\" style=\"background-color:#4273c8\"><a href=\"https:\/\/www.facebook.com\/sharer\/sharer.php?u=https%3A%2F%2Ftierheim-moers.de%2FWordpress%2Ftommys-wolkenreport-ii%2F\" title=\"Bei Facebook teilen\" aria-label=\"Bei Facebook teilen\" role=\"button\" rel=\"nofollow\" class=\"shariff-link\" style=\"; background-color:#3b5998; color:#fff\" target=\"_blank\"><span class=\"shariff-icon\" style=\"\"><svg width=\"32px\" height=\"20px\" xmlns=\"http:\/\/www.w3.org\/2000\/svg\" viewBox=\"0 0 18 32\"><path fill=\"#3b5998\" d=\"M17.1 0.2v4.7h-2.8q-1.5 0-2.1 0.6t-0.5 1.9v3.4h5.2l-0.7 5.3h-4.5v13.6h-5.5v-13.6h-4.5v-5.3h4.5v-3.9q0-3.3 1.9-5.2t5-1.8q2.6 0 4.1 0.2z\"\/><\/svg><\/span><\/a><\/li><li class=\"shariff-button twitter shariff-nocustomcolor\" style=\"background-color:#595959\"><a href=\"https:\/\/twitter.com\/share?url=https%3A%2F%2Ftierheim-moers.de%2FWordpress%2Ftommys-wolkenreport-ii%2F&text=Tommys%20Wolkenreport%20II\" title=\"Bei X teilen\" aria-label=\"Bei X teilen\" role=\"button\" rel=\"noopener nofollow\" class=\"shariff-link\" style=\"; background-color:#000; color:#fff\" target=\"_blank\"><span class=\"shariff-icon\" style=\"\"><svg width=\"32px\" height=\"20px\" xmlns=\"http:\/\/www.w3.org\/2000\/svg\" viewBox=\"0 0 24 24\"><path fill=\"#000\" d=\"M14.258 10.152L23.176 0h-2.113l-7.747 8.813L7.133 0H0l9.352 13.328L0 23.973h2.113l8.176-9.309 6.531 9.309h7.133zm-2.895 3.293l-.949-1.328L2.875 1.56h3.246l6.086 8.523.945 1.328 7.91 11.078h-3.246zm0 0\"\/><\/svg><\/span><\/a><\/li><li class=\"shariff-button whatsapp shariff-nocustomcolor\" style=\"background-color:#5cbe4a\"><a href=\"https:\/\/api.whatsapp.com\/send?text=https%3A%2F%2Ftierheim-moers.de%2FWordpress%2Ftommys-wolkenreport-ii%2F%20Tommys%20Wolkenreport%20II\" title=\"Bei Whatsapp teilen\" aria-label=\"Bei Whatsapp teilen\" role=\"button\" rel=\"noopener nofollow\" class=\"shariff-link\" style=\"; background-color:#34af23; color:#fff\" target=\"_blank\"><span class=\"shariff-icon\" style=\"\"><svg width=\"32px\" height=\"20px\" xmlns=\"http:\/\/www.w3.org\/2000\/svg\" viewBox=\"0 0 32 32\"><path fill=\"#34af23\" d=\"M17.6 17.4q0.2 0 1.7 0.8t1.6 0.9q0 0.1 0 0.3 0 0.6-0.3 1.4-0.3 0.7-1.3 1.2t-1.8 0.5q-1 0-3.4-1.1-1.7-0.8-3-2.1t-2.6-3.3q-1.3-1.9-1.3-3.5v-0.1q0.1-1.6 1.3-2.8 0.4-0.4 0.9-0.4 0.1 0 0.3 0t0.3 0q0.3 0 0.5 0.1t0.3 0.5q0.1 0.4 0.6 1.6t0.4 1.3q0 0.4-0.6 1t-0.6 0.8q0 0.1 0.1 0.3 0.6 1.3 1.8 2.4 1 0.9 2.7 1.8 0.2 0.1 0.4 0.1 0.3 0 1-0.9t0.9-0.9zM14 26.9q2.3 0 4.3-0.9t3.6-2.4 2.4-3.6 0.9-4.3-0.9-4.3-2.4-3.6-3.6-2.4-4.3-0.9-4.3 0.9-3.6 2.4-2.4 3.6-0.9 4.3q0 3.6 2.1 6.6l-1.4 4.2 4.3-1.4q2.8 1.9 6.2 1.9zM14 2.2q2.7 0 5.2 1.1t4.3 2.9 2.9 4.3 1.1 5.2-1.1 5.2-2.9 4.3-4.3 2.9-5.2 1.1q-3.5 0-6.5-1.7l-7.4 2.4 2.4-7.2q-1.9-3.2-1.9-6.9 0-2.7 1.1-5.2t2.9-4.3 4.3-2.9 5.2-1.1z\"\/><\/svg><\/span><\/a><\/li><li class=\"shariff-button sms shariff-nocustomcolor shariff-mobile\" style=\"background-color:#d7d9d8\"><a href=\"sms:?&body=https%3A%2F%2Ftierheim-moers.de%2FWordpress%2Ftommys-wolkenreport-ii%2F\" title=\"Per SMS teilen\" aria-label=\"Per SMS teilen\" role=\"button\" rel=\"noopener nofollow\" class=\"shariff-link\" style=\"; background-color:#a1e877; color:#fff\" target=\"_blank\"><span class=\"shariff-icon\" style=\"\"><svg xmlns=\"http:\/\/www.w3.org\/2000\/svg\" width=\"510\" height=\"510\" viewBox=\"0 0 510 510\"><path fill=\"#a1e877\" d=\"M459 0H51C23 0 0 23 0 51v459l102-102h357c28.1 0 51-22.9 51-51V51C510 23 487.1 0 459 0zM178.5 229.5h-51v-51h51V229.5zM280.5 229.5h-51v-51h51V229.5zM382.5 229.5h-51v-51h51V229.5z\"\/><\/svg><\/span><\/a><\/li><\/ul><\/div>","protected":false},"excerpt":{"rendered":"<p>Miauuu an alle&#8230; Hab all die sch\u00f6nen Kommentare \u00fcber die schwarzen Katzen gelesen, man-o-man, mir gl\u00fchen immer noch die Augen. Hand auf&#8217;s Herz, wir &#8220;Blacky&#8217;s&#8221; sind aber auch ein Tr\u00e4umchen (den Spruch hab ich bei Herrn Lichter geborgt *grins*). Trotzdem, ich bleibe dabei, schwarze Tiere haben es schwerer ein neues &#8230;<\/p>\n","protected":false},"author":3,"featured_media":0,"comment_status":"closed","ping_status":"open","sticky":false,"template":"","format":"standard","meta":{"ngg_post_thumbnail":0,"footnotes":""},"categories":[41],"tags":[],"class_list":["post-19056","post","type-post","status-publish","format-standard","hentry","category-tommys-kolumne","column","threecol"],"yoast_head":"<!-- This site is optimized with the Yoast SEO plugin v24.6 - https:\/\/yoast.com\/wordpress\/plugins\/seo\/ -->\n<title>Tommys Wolkenreport II | TIERHEIM MOERS<\/title>\n<meta name=\"robots\" content=\"index, follow, max-snippet:-1, max-image-preview:large, max-video-preview:-1\" \/>\n<link rel=\"canonical\" href=\"https:\/\/tierheim-moers.de\/Wordpress\/tommys-wolkenreport-ii\/\" \/>\n<meta property=\"og:locale\" content=\"de_DE\" \/>\n<meta property=\"og:type\" content=\"article\" \/>\n<meta property=\"og:title\" content=\"Tommys Wolkenreport II | TIERHEIM MOERS\" \/>\n<meta property=\"og:description\" content=\"Miauuu an alle&#8230; Hab all die sch\u00f6nen Kommentare \u00fcber die schwarzen Katzen gelesen, man-o-man, mir gl\u00fchen immer noch die Augen. Hand auf&#8217;s &#8230;\" \/>\n<meta property=\"og:url\" content=\"https:\/\/tierheim-moers.de\/Wordpress\/tommys-wolkenreport-ii\/\" \/>\n<meta property=\"og:site_name\" content=\"TIERHEIM MOERS\" \/>\n<meta property=\"article:publisher\" content=\"https:\/\/de-de.facebook.com\/moers.tierheim\" \/>\n<meta property=\"article:published_time\" content=\"2017-01-01T19:26:34+00:00\" \/>\n<meta property=\"article:modified_time\" content=\"2018-04-04T19:29:36+00:00\" \/>\n<meta property=\"og:image\" content=\"https:\/\/tierheim-moers.de\/Wordpress\/wp-content\/uploads\/2015\/03\/20150223_180027.jpg\" \/>\n\t<meta property=\"og:image:width\" content=\"1500\" \/>\n\t<meta property=\"og:image:height\" content=\"2667\" \/>\n\t<meta property=\"og:image:type\" content=\"image\/jpeg\" \/>\n<meta name=\"author\" content=\"tierheim2014\" \/>\n<meta name=\"twitter:card\" content=\"summary_large_image\" \/>\n<meta name=\"twitter:label1\" content=\"Verfasst von\" \/>\n\t<meta name=\"twitter:data1\" content=\"tierheim2014\" \/>\n\t<meta name=\"twitter:label2\" content=\"Gesch\u00e4tzte Lesezeit\" \/>\n\t<meta name=\"twitter:data2\" content=\"6\u00a0Minuten\" \/>\n<script type=\"application\/ld+json\" class=\"yoast-schema-graph\">{\"@context\":\"https:\/\/schema.org\",\"@graph\":[{\"@type\":\"Article\",\"@id\":\"https:\/\/tierheim-moers.de\/Wordpress\/tommys-wolkenreport-ii\/#article\",\"isPartOf\":{\"@id\":\"https:\/\/tierheim-moers.de\/Wordpress\/tommys-wolkenreport-ii\/\"},\"author\":{\"name\":\"tierheim2014\",\"@id\":\"https:\/\/tierheim-moers.de\/Wordpress\/#\/schema\/person\/bb66fcdf55ca8d06b229c0e748f4a4db\"},\"headline\":\"Tommys Wolkenreport II\",\"datePublished\":\"2017-01-01T19:26:34+00:00\",\"dateModified\":\"2018-04-04T19:29:36+00:00\",\"mainEntityOfPage\":{\"@id\":\"https:\/\/tierheim-moers.de\/Wordpress\/tommys-wolkenreport-ii\/\"},\"wordCount\":1227,\"publisher\":{\"@id\":\"https:\/\/tierheim-moers.de\/Wordpress\/#organization\"},\"image\":{\"@id\":\"https:\/\/tierheim-moers.de\/Wordpress\/tommys-wolkenreport-ii\/#primaryimage\"},\"thumbnailUrl\":\"http:\/\/tierheim-moers.de\/Wordpress\/wp-content\/uploads\/2014\/04\/20150506_141429-244x300.jpg\",\"articleSection\":[\"Tommys Kolumne\"],\"inLanguage\":\"de\"},{\"@type\":\"WebPage\",\"@id\":\"https:\/\/tierheim-moers.de\/Wordpress\/tommys-wolkenreport-ii\/\",\"url\":\"https:\/\/tierheim-moers.de\/Wordpress\/tommys-wolkenreport-ii\/\",\"name\":\"Tommys Wolkenreport II | TIERHEIM MOERS\",\"isPartOf\":{\"@id\":\"https:\/\/tierheim-moers.de\/Wordpress\/#website\"},\"primaryImageOfPage\":{\"@id\":\"https:\/\/tierheim-moers.de\/Wordpress\/tommys-wolkenreport-ii\/#primaryimage\"},\"image\":{\"@id\":\"https:\/\/tierheim-moers.de\/Wordpress\/tommys-wolkenreport-ii\/#primaryimage\"},\"thumbnailUrl\":\"http:\/\/tierheim-moers.de\/Wordpress\/wp-content\/uploads\/2014\/04\/20150506_141429-244x300.jpg\",\"datePublished\":\"2017-01-01T19:26:34+00:00\",\"dateModified\":\"2018-04-04T19:29:36+00:00\",\"breadcrumb\":{\"@id\":\"https:\/\/tierheim-moers.de\/Wordpress\/tommys-wolkenreport-ii\/#breadcrumb\"},\"inLanguage\":\"de\",\"potentialAction\":[{\"@type\":\"ReadAction\",\"target\":[\"https:\/\/tierheim-moers.de\/Wordpress\/tommys-wolkenreport-ii\/\"]}]},{\"@type\":\"ImageObject\",\"inLanguage\":\"de\",\"@id\":\"https:\/\/tierheim-moers.de\/Wordpress\/tommys-wolkenreport-ii\/#primaryimage\",\"url\":\"https:\/\/tierheim-moers.de\/Wordpress\/wp-content\/uploads\/2014\/04\/20150506_141429.jpg\",\"contentUrl\":\"https:\/\/tierheim-moers.de\/Wordpress\/wp-content\/uploads\/2014\/04\/20150506_141429.jpg\",\"width\":576,\"height\":706},{\"@type\":\"BreadcrumbList\",\"@id\":\"https:\/\/tierheim-moers.de\/Wordpress\/tommys-wolkenreport-ii\/#breadcrumb\",\"itemListElement\":[{\"@type\":\"ListItem\",\"position\":1,\"name\":\"Startseite\",\"item\":\"https:\/\/tierheim-moers.de\/Wordpress\/\"},{\"@type\":\"ListItem\",\"position\":2,\"name\":\"Tommys Wolkenreport II\"}]},{\"@type\":\"WebSite\",\"@id\":\"https:\/\/tierheim-moers.de\/Wordpress\/#website\",\"url\":\"https:\/\/tierheim-moers.de\/Wordpress\/\",\"name\":\"Tierheim Moers\",\"description\":\"Tierheim | Hundepension | Tierschutz | Moers\",\"publisher\":{\"@id\":\"https:\/\/tierheim-moers.de\/Wordpress\/#organization\"},\"potentialAction\":[{\"@type\":\"SearchAction\",\"target\":{\"@type\":\"EntryPoint\",\"urlTemplate\":\"https:\/\/tierheim-moers.de\/Wordpress\/?s={search_term_string}\"},\"query-input\":{\"@type\":\"PropertyValueSpecification\",\"valueRequired\":true,\"valueName\":\"search_term_string\"}}],\"inLanguage\":\"de\"},{\"@type\":\"Organization\",\"@id\":\"https:\/\/tierheim-moers.de\/Wordpress\/#organization\",\"name\":\"Tierheim Moers\",\"url\":\"https:\/\/tierheim-moers.de\/Wordpress\/\",\"logo\":{\"@type\":\"ImageObject\",\"inLanguage\":\"de\",\"@id\":\"https:\/\/tierheim-moers.de\/Wordpress\/#\/schema\/logo\/image\/\",\"url\":\"https:\/\/tierheim-moers.de\/Wordpress\/wp-content\/uploads\/2014\/04\/Logo-TSV-Moers-V01-RGB-300.png\",\"contentUrl\":\"https:\/\/tierheim-moers.de\/Wordpress\/wp-content\/uploads\/2014\/04\/Logo-TSV-Moers-V01-RGB-300.png\",\"width\":1052,\"height\":1038,\"caption\":\"Tierheim Moers\"},\"image\":{\"@id\":\"https:\/\/tierheim-moers.de\/Wordpress\/#\/schema\/logo\/image\/\"},\"sameAs\":[\"https:\/\/de-de.facebook.com\/moers.tierheim\"]},{\"@type\":\"Person\",\"@id\":\"https:\/\/tierheim-moers.de\/Wordpress\/#\/schema\/person\/bb66fcdf55ca8d06b229c0e748f4a4db\",\"name\":\"tierheim2014\",\"image\":{\"@type\":\"ImageObject\",\"inLanguage\":\"de\",\"@id\":\"https:\/\/tierheim-moers.de\/Wordpress\/#\/schema\/person\/image\/\",\"url\":\"https:\/\/secure.gravatar.com\/avatar\/a11d93b0c6655bcc0a595174970baea60c3be93d07d0c82976034f22f0e26a03?s=96&d=mm&r=g\",\"contentUrl\":\"https:\/\/secure.gravatar.com\/avatar\/a11d93b0c6655bcc0a595174970baea60c3be93d07d0c82976034f22f0e26a03?s=96&d=mm&r=g\",\"caption\":\"tierheim2014\"},\"url\":\"https:\/\/tierheim-moers.de\/Wordpress\/author\/tierheim2014\/\"}]}<\/script>\n<!-- \/ Yoast SEO plugin. -->","yoast_head_json":{"title":"Tommys Wolkenreport II | TIERHEIM MOERS","robots":{"index":"index","follow":"follow","max-snippet":"max-snippet:-1","max-image-preview":"max-image-preview:large","max-video-preview":"max-video-preview:-1"},"canonical":"https:\/\/tierheim-moers.de\/Wordpress\/tommys-wolkenreport-ii\/","og_locale":"de_DE","og_type":"article","og_title":"Tommys Wolkenreport II | TIERHEIM MOERS","og_description":"Miauuu an alle&#8230; Hab all die sch\u00f6nen Kommentare \u00fcber die schwarzen Katzen gelesen, man-o-man, mir gl\u00fchen immer noch die Augen. Hand auf&#8217;s &#8230;","og_url":"https:\/\/tierheim-moers.de\/Wordpress\/tommys-wolkenreport-ii\/","og_site_name":"TIERHEIM MOERS","article_publisher":"https:\/\/de-de.facebook.com\/moers.tierheim","article_published_time":"2017-01-01T19:26:34+00:00","article_modified_time":"2018-04-04T19:29:36+00:00","og_image":[{"width":1500,"height":2667,"url":"https:\/\/tierheim-moers.de\/Wordpress\/wp-content\/uploads\/2015\/03\/20150223_180027.jpg","type":"image\/jpeg"}],"author":"tierheim2014","twitter_card":"summary_large_image","twitter_misc":{"Verfasst von":"tierheim2014","Gesch\u00e4tzte Lesezeit":"6\u00a0Minuten"},"schema":{"@context":"https:\/\/schema.org","@graph":[{"@type":"Article","@id":"https:\/\/tierheim-moers.de\/Wordpress\/tommys-wolkenreport-ii\/#article","isPartOf":{"@id":"https:\/\/tierheim-moers.de\/Wordpress\/tommys-wolkenreport-ii\/"},"author":{"name":"tierheim2014","@id":"https:\/\/tierheim-moers.de\/Wordpress\/#\/schema\/person\/bb66fcdf55ca8d06b229c0e748f4a4db"},"headline":"Tommys Wolkenreport II","datePublished":"2017-01-01T19:26:34+00:00","dateModified":"2018-04-04T19:29:36+00:00","mainEntityOfPage":{"@id":"https:\/\/tierheim-moers.de\/Wordpress\/tommys-wolkenreport-ii\/"},"wordCount":1227,"publisher":{"@id":"https:\/\/tierheim-moers.de\/Wordpress\/#organization"},"image":{"@id":"https:\/\/tierheim-moers.de\/Wordpress\/tommys-wolkenreport-ii\/#primaryimage"},"thumbnailUrl":"http:\/\/tierheim-moers.de\/Wordpress\/wp-content\/uploads\/2014\/04\/20150506_141429-244x300.jpg","articleSection":["Tommys Kolumne"],"inLanguage":"de"},{"@type":"WebPage","@id":"https:\/\/tierheim-moers.de\/Wordpress\/tommys-wolkenreport-ii\/","url":"https:\/\/tierheim-moers.de\/Wordpress\/tommys-wolkenreport-ii\/","name":"Tommys Wolkenreport II | TIERHEIM MOERS","isPartOf":{"@id":"https:\/\/tierheim-moers.de\/Wordpress\/#website"},"primaryImageOfPage":{"@id":"https:\/\/tierheim-moers.de\/Wordpress\/tommys-wolkenreport-ii\/#primaryimage"},"image":{"@id":"https:\/\/tierheim-moers.de\/Wordpress\/tommys-wolkenreport-ii\/#primaryimage"},"thumbnailUrl":"http:\/\/tierheim-moers.de\/Wordpress\/wp-content\/uploads\/2014\/04\/20150506_141429-244x300.jpg","datePublished":"2017-01-01T19:26:34+00:00","dateModified":"2018-04-04T19:29:36+00:00","breadcrumb":{"@id":"https:\/\/tierheim-moers.de\/Wordpress\/tommys-wolkenreport-ii\/#breadcrumb"},"inLanguage":"de","potentialAction":[{"@type":"ReadAction","target":["https:\/\/tierheim-moers.de\/Wordpress\/tommys-wolkenreport-ii\/"]}]},{"@type":"ImageObject","inLanguage":"de","@id":"https:\/\/tierheim-moers.de\/Wordpress\/tommys-wolkenreport-ii\/#primaryimage","url":"https:\/\/tierheim-moers.de\/Wordpress\/wp-content\/uploads\/2014\/04\/20150506_141429.jpg","contentUrl":"https:\/\/tierheim-moers.de\/Wordpress\/wp-content\/uploads\/2014\/04\/20150506_141429.jpg","width":576,"height":706},{"@type":"BreadcrumbList","@id":"https:\/\/tierheim-moers.de\/Wordpress\/tommys-wolkenreport-ii\/#breadcrumb","itemListElement":[{"@type":"ListItem","position":1,"name":"Startseite","item":"https:\/\/tierheim-moers.de\/Wordpress\/"},{"@type":"ListItem","position":2,"name":"Tommys Wolkenreport II"}]},{"@type":"WebSite","@id":"https:\/\/tierheim-moers.de\/Wordpress\/#website","url":"https:\/\/tierheim-moers.de\/Wordpress\/","name":"Tierheim Moers","description":"Tierheim | Hundepension | Tierschutz | Moers","publisher":{"@id":"https:\/\/tierheim-moers.de\/Wordpress\/#organization"},"potentialAction":[{"@type":"SearchAction","target":{"@type":"EntryPoint","urlTemplate":"https:\/\/tierheim-moers.de\/Wordpress\/?s={search_term_string}"},"query-input":{"@type":"PropertyValueSpecification","valueRequired":true,"valueName":"search_term_string"}}],"inLanguage":"de"},{"@type":"Organization","@id":"https:\/\/tierheim-moers.de\/Wordpress\/#organization","name":"Tierheim Moers","url":"https:\/\/tierheim-moers.de\/Wordpress\/","logo":{"@type":"ImageObject","inLanguage":"de","@id":"https:\/\/tierheim-moers.de\/Wordpress\/#\/schema\/logo\/image\/","url":"https:\/\/tierheim-moers.de\/Wordpress\/wp-content\/uploads\/2014\/04\/Logo-TSV-Moers-V01-RGB-300.png","contentUrl":"https:\/\/tierheim-moers.de\/Wordpress\/wp-content\/uploads\/2014\/04\/Logo-TSV-Moers-V01-RGB-300.png","width":1052,"height":1038,"caption":"Tierheim Moers"},"image":{"@id":"https:\/\/tierheim-moers.de\/Wordpress\/#\/schema\/logo\/image\/"},"sameAs":["https:\/\/de-de.facebook.com\/moers.tierheim"]},{"@type":"Person","@id":"https:\/\/tierheim-moers.de\/Wordpress\/#\/schema\/person\/bb66fcdf55ca8d06b229c0e748f4a4db","name":"tierheim2014","image":{"@type":"ImageObject","inLanguage":"de","@id":"https:\/\/tierheim-moers.de\/Wordpress\/#\/schema\/person\/image\/","url":"https:\/\/secure.gravatar.com\/avatar\/a11d93b0c6655bcc0a595174970baea60c3be93d07d0c82976034f22f0e26a03?s=96&d=mm&r=g","contentUrl":"https:\/\/secure.gravatar.com\/avatar\/a11d93b0c6655bcc0a595174970baea60c3be93d07d0c82976034f22f0e26a03?s=96&d=mm&r=g","caption":"tierheim2014"},"url":"https:\/\/tierheim-moers.de\/Wordpress\/author\/tierheim2014\/"}]}},"_links":{"self":[{"href":"https:\/\/tierheim-moers.de\/Wordpress\/wp-json\/wp\/v2\/posts\/19056","targetHints":{"allow":["GET"]}}],"collection":[{"href":"https:\/\/tierheim-moers.de\/Wordpress\/wp-json\/wp\/v2\/posts"}],"about":[{"href":"https:\/\/tierheim-moers.de\/Wordpress\/wp-json\/wp\/v2\/types\/post"}],"author":[{"embeddable":true,"href":"https:\/\/tierheim-moers.de\/Wordpress\/wp-json\/wp\/v2\/users\/3"}],"replies":[{"embeddable":true,"href":"https:\/\/tierheim-moers.de\/Wordpress\/wp-json\/wp\/v2\/comments?post=19056"}],"version-history":[{"count":1,"href":"https:\/\/tierheim-moers.de\/Wordpress\/wp-json\/wp\/v2\/posts\/19056\/revisions"}],"predecessor-version":[{"id":19057,"href":"https:\/\/tierheim-moers.de\/Wordpress\/wp-json\/wp\/v2\/posts\/19056\/revisions\/19057"}],"wp:attachment":[{"href":"https:\/\/tierheim-moers.de\/Wordpress\/wp-json\/wp\/v2\/media?parent=19056"}],"wp:term":[{"taxonomy":"category","embeddable":true,"href":"https:\/\/tierheim-moers.de\/Wordpress\/wp-json\/wp\/v2\/categories?post=19056"},{"taxonomy":"post_tag","embeddable":true,"href":"https:\/\/tierheim-moers.de\/Wordpress\/wp-json\/wp\/v2\/tags?post=19056"}],"curies":[{"name":"wp","href":"https:\/\/api.w.org\/{rel}","templated":true}]}}