{"id":19064,"date":"2017-01-01T21:26:33","date_gmt":"2017-01-01T19:26:33","guid":{"rendered":"http:\/\/tierheim-moers.de\/Wordpress\/?p=19064"},"modified":"2018-04-04T21:30:00","modified_gmt":"2018-04-04T19:30:00","slug":"tommys-wolkenreport-iv","status":"publish","type":"post","link":"https:\/\/tierheim-moers.de\/Wordpress\/tommys-wolkenreport-iv\/","title":{"rendered":"Tommys Wolkenreport IV"},"content":{"rendered":"<p><a href=\"http:\/\/tierheim-moers.de\/Wordpress\/wp-content\/uploads\/2014\/04\/Tommy1.png\"><img fetchpriority=\"high\" decoding=\"async\" class=\"alignleft size-medium wp-image-6739\" src=\"http:\/\/tierheim-moers.de\/Wordpress\/wp-content\/uploads\/2014\/04\/Tommy1-300x300.png\" alt=\"Tommy\" width=\"300\" height=\"300\" srcset=\"https:\/\/tierheim-moers.de\/Wordpress\/wp-content\/uploads\/2014\/04\/Tommy1-300x300.png 300w, https:\/\/tierheim-moers.de\/Wordpress\/wp-content\/uploads\/2014\/04\/Tommy1-150x150.png 150w, https:\/\/tierheim-moers.de\/Wordpress\/wp-content\/uploads\/2014\/04\/Tommy1-268x268.png 268w, https:\/\/tierheim-moers.de\/Wordpress\/wp-content\/uploads\/2014\/04\/Tommy1.png 403w\" sizes=\"(max-width: 300px) 100vw, 300px\" \/><\/a><\/p>\n<p>Da bin ich mal wieder&#8230;<br \/>\ngut schaut\u2018s aus in den Moerser Katzenstuben. In den letzten Wochen haben mal wieder einige meiner schnurrenden (und manchmal fauchenden) Kollegen ein neues Zuhause gefunden, dass freut mich! Auch wenn ich den Eindruck hatte, dass sie sich bei uns sehr wohl gef\u00fchlt haben, geht doch nichts \u00fcber eigene Bedienstete.<\/p>\n<p>Am l\u00e4ngsten sind nun mal wieder zwei schwarze Katzen im Tierheim. Dabei sind die beiden Jungs <a title=\"Neugieriger Manolo, zusammen mit Baby Dexter, update 20.01.2016\" href=\"http:\/\/tierheim-moers.de\/Wordpress\/neugieriger-manolo-manuel\/\">Manolo<\/a> und <a title=\"Baby Dexter, zusammen mit Manolo, update 20.01.2016\" href=\"http:\/\/tierheim-moers.de\/Wordpress\/baby-dexter\/\">Dexter<\/a> echt ein kleines Dreamteam. Wenn ich den Beiden von meiner Wolke aus (Fl\u00fcgel habe ich immer noch nicht zugeteilt bekommen, nur ein, zwei mickrige Federkiele haben sich bisher durchs Fell gebohrt) beobachte wie sie so miteinander spielen und toben, vergesse ich oft komplett die Zeit. Wenn man ganz genau hinschaut, und viel Geduld hat, kann ich sogar beobachten, wie sich ihre beiden Schw\u00e4nzchen ineinander ringeln wenn sie nebeneinander sitzen. Bei Euch Menschen w\u00fcrde das dann wohl &#8220;H\u00e4ndchen halten&#8221; hei\u00dfen.<\/p>\n<div id='gallery-1' class='gallery galleryid-19064 gallery-columns-3 gallery-size-thumbnail'><figure class='gallery-item'>\n\t\t\t<div class='gallery-icon landscape'>\n\t\t\t\t<a rel='attachment' href='https:\/\/tierheim-moers.de\/Wordpress\/geschwister-kithara-und-kurei\/img_6192manolo-und-dexter-klein\/'><img decoding=\"async\" width=\"150\" height=\"150\" src=\"https:\/\/tierheim-moers.de\/Wordpress\/wp-content\/uploads\/2015\/11\/IMG_6192manolo-und-dexter-klein-150x150.jpg\" class=\"attachment-thumbnail size-thumbnail\" alt=\"\" aria-describedby=\"gallery-1-8673\" \/><\/a>\n\t\t\t<\/div>\n\t\t\t\t<figcaption class='wp-caption-text gallery-caption' id='gallery-1-8673'>\n\t\t\t\tManolo &#038; Dexter\n\t\t\t\t<\/figcaption><\/figure><figure class='gallery-item'>\n\t\t\t<div class='gallery-icon landscape'>\n\t\t\t\t<a rel='attachment' href='https:\/\/tierheim-moers.de\/Wordpress\/neugieriger-manolo-manuel\/img_6075manolo-klein\/'><img decoding=\"async\" width=\"150\" height=\"150\" src=\"https:\/\/tierheim-moers.de\/Wordpress\/wp-content\/uploads\/2015\/10\/IMG_6075manolo-klein-150x150.jpg\" class=\"attachment-thumbnail size-thumbnail\" alt=\"\" \/><\/a>\n\t\t\t<\/div><\/figure><figure class='gallery-item'>\n\t\t\t<div class='gallery-icon landscape'>\n\t\t\t\t<a rel='attachment' href='https:\/\/tierheim-moers.de\/Wordpress\/neugieriger-manolo-manuel\/img_6076manolo-klein\/'><img loading=\"lazy\" decoding=\"async\" width=\"150\" height=\"150\" src=\"https:\/\/tierheim-moers.de\/Wordpress\/wp-content\/uploads\/2015\/10\/IMG_6076manolo-klein-150x150.jpg\" class=\"attachment-thumbnail size-thumbnail\" alt=\"\" \/><\/a>\n\t\t\t<\/div><\/figure><figure class='gallery-item'>\n\t\t\t<div class='gallery-icon landscape'>\n\t\t\t\t<a rel='attachment' href='https:\/\/tierheim-moers.de\/Wordpress\/wo-wird-mausi-vermisst\/img_6726-manolo-andere\/'><img loading=\"lazy\" decoding=\"async\" width=\"150\" height=\"150\" src=\"https:\/\/tierheim-moers.de\/Wordpress\/wp-content\/uploads\/2016\/02\/IMG_6726-Manolo-Andere-150x150.jpg\" class=\"attachment-thumbnail size-thumbnail\" alt=\"\" srcset=\"https:\/\/tierheim-moers.de\/Wordpress\/wp-content\/uploads\/2016\/02\/IMG_6726-Manolo-Andere-150x150.jpg 150w, https:\/\/tierheim-moers.de\/Wordpress\/wp-content\/uploads\/2016\/02\/IMG_6726-Manolo-Andere-268x268.jpg 268w\" sizes=\"(max-width: 150px) 100vw, 150px\" \/><\/a>\n\t\t\t<\/div><\/figure><figure class='gallery-item'>\n\t\t\t<div class='gallery-icon landscape'>\n\t\t\t\t<a rel='attachment' href='https:\/\/tierheim-moers.de\/Wordpress\/wo-wird-mausi-vermisst\/img_6729-manolo-und-dexter-andere\/'><img loading=\"lazy\" decoding=\"async\" width=\"150\" height=\"150\" src=\"https:\/\/tierheim-moers.de\/Wordpress\/wp-content\/uploads\/2016\/02\/IMG_6729-Manolo-und-Dexter-Andere-150x150.jpg\" class=\"attachment-thumbnail size-thumbnail\" alt=\"\" srcset=\"https:\/\/tierheim-moers.de\/Wordpress\/wp-content\/uploads\/2016\/02\/IMG_6729-Manolo-und-Dexter-Andere-150x150.jpg 150w, https:\/\/tierheim-moers.de\/Wordpress\/wp-content\/uploads\/2016\/02\/IMG_6729-Manolo-und-Dexter-Andere-268x268.jpg 268w\" sizes=\"(max-width: 150px) 100vw, 150px\" \/><\/a>\n\t\t\t<\/div><\/figure>\n\t\t<\/div>\n\n<p>Letztens konnte ich auch sehen wie <a title=\"Kleopatra, zusammen mit Rachel, update 17.01.2016\" href=\"http:\/\/tierheim-moers.de\/Wordpress\/kleopatra\/\">Kleopatra<\/a>, <a title=\"Rachel, zusammen mit Kleopatra, update 17.01.2016\" href=\"http:\/\/tierheim-moers.de\/Wordpress\/rachel\/\">Rachel<\/a> und unsere eigentliche Einzelg\u00e4ngerin <a title=\"Einzelkatze D\u00fcwell\" href=\"http:\/\/tierheim-moers.de\/Wordpress\/einzelkatze-duewell\/\">D\u00fcwell<\/a> zusammen durchs Aussengehege getobt sind. Da sieht man mal wieder wie gut Platz tut. Wenn alle gen\u00fcgend Platz haben um sich auch aus dem Weg gehen zu k\u00f6nnen, kommt man auch mit anderen klar und l\u00e4sst sich gerne mal auf ein Spielchen ein. Ich g\u00f6nne es ihnen so, schlie\u00dflich kenne ich noch von fr\u00fcher das genaue Gegenteil, als die Katzen-Stuben noch gerappelt voll waren. Das fand mancher Katzen-Kollege nicht lustig.<\/p>\n<div id='gallery-2' class='gallery galleryid-19064 gallery-columns-3 gallery-size-thumbnail'><figure class='gallery-item'>\n\t\t\t<div class='gallery-icon landscape'>\n\t\t\t\t<a rel='attachment' href='https:\/\/tierheim-moers.de\/Wordpress\/karlo\/img_6266duewell\/'><img loading=\"lazy\" decoding=\"async\" width=\"150\" height=\"150\" src=\"https:\/\/tierheim-moers.de\/Wordpress\/wp-content\/uploads\/2015\/12\/IMG_6266d\u00fcwell-150x150.jpg\" class=\"attachment-thumbnail size-thumbnail\" alt=\"\" srcset=\"https:\/\/tierheim-moers.de\/Wordpress\/wp-content\/uploads\/2015\/12\/IMG_6266d\u00fcwell-150x150.jpg 150w, https:\/\/tierheim-moers.de\/Wordpress\/wp-content\/uploads\/2015\/12\/IMG_6266d\u00fcwell-432x432.jpg 432w, https:\/\/tierheim-moers.de\/Wordpress\/wp-content\/uploads\/2015\/12\/IMG_6266d\u00fcwell-268x268.jpg 268w\" sizes=\"(max-width: 150px) 100vw, 150px\" \/><\/a>\n\t\t\t<\/div><\/figure><figure class='gallery-item'>\n\t\t\t<div class='gallery-icon landscape'>\n\t\t\t\t<a rel='attachment' href='https:\/\/tierheim-moers.de\/Wordpress\/einzelkatze-duewell\/img_6295duewell\/'><img loading=\"lazy\" decoding=\"async\" width=\"150\" height=\"150\" src=\"https:\/\/tierheim-moers.de\/Wordpress\/wp-content\/uploads\/2015\/12\/IMG_6295d\u00fcwell-150x150.jpg\" class=\"attachment-thumbnail size-thumbnail\" alt=\"\" aria-describedby=\"gallery-2-8829\" srcset=\"https:\/\/tierheim-moers.de\/Wordpress\/wp-content\/uploads\/2015\/12\/IMG_6295d\u00fcwell-150x150.jpg 150w, https:\/\/tierheim-moers.de\/Wordpress\/wp-content\/uploads\/2015\/12\/IMG_6295d\u00fcwell-432x432.jpg 432w, https:\/\/tierheim-moers.de\/Wordpress\/wp-content\/uploads\/2015\/12\/IMG_6295d\u00fcwell-268x268.jpg 268w\" sizes=\"(max-width: 150px) 100vw, 150px\" \/><\/a>\n\t\t\t<\/div>\n\t\t\t\t<figcaption class='wp-caption-text gallery-caption' id='gallery-2-8829'>\n\t\t\t\tD\u00fcwell\n\t\t\t\t<\/figcaption><\/figure><figure class='gallery-item'>\n\t\t\t<div class='gallery-icon landscape'>\n\t\t\t\t<a rel='attachment' href='https:\/\/tierheim-moers.de\/Wordpress\/wo-wird-mausi-vermisst\/img_6738-rachel-andere\/'><img loading=\"lazy\" decoding=\"async\" width=\"150\" height=\"150\" src=\"https:\/\/tierheim-moers.de\/Wordpress\/wp-content\/uploads\/2016\/02\/IMG_6738-Rachel-Andere-150x150.jpg\" class=\"attachment-thumbnail size-thumbnail\" alt=\"\" aria-describedby=\"gallery-2-9823\" srcset=\"https:\/\/tierheim-moers.de\/Wordpress\/wp-content\/uploads\/2016\/02\/IMG_6738-Rachel-Andere-150x150.jpg 150w, https:\/\/tierheim-moers.de\/Wordpress\/wp-content\/uploads\/2016\/02\/IMG_6738-Rachel-Andere-268x268.jpg 268w\" sizes=\"(max-width: 150px) 100vw, 150px\" \/><\/a>\n\t\t\t<\/div>\n\t\t\t\t<figcaption class='wp-caption-text gallery-caption' id='gallery-2-9823'>\n\t\t\t\tRachel\n\t\t\t\t<\/figcaption><\/figure><figure class='gallery-item'>\n\t\t\t<div class='gallery-icon landscape'>\n\t\t\t\t<a rel='attachment' href='https:\/\/tierheim-moers.de\/Wordpress\/einzelkatze-duewell\/img_6287rachel-mit-unbekannt\/'><img loading=\"lazy\" decoding=\"async\" width=\"150\" height=\"150\" src=\"https:\/\/tierheim-moers.de\/Wordpress\/wp-content\/uploads\/2015\/12\/IMG_6287rachel-mit-unbekannt-150x150.jpg\" class=\"attachment-thumbnail size-thumbnail\" alt=\"\" srcset=\"https:\/\/tierheim-moers.de\/Wordpress\/wp-content\/uploads\/2015\/12\/IMG_6287rachel-mit-unbekannt-150x150.jpg 150w, https:\/\/tierheim-moers.de\/Wordpress\/wp-content\/uploads\/2015\/12\/IMG_6287rachel-mit-unbekannt-432x432.jpg 432w, https:\/\/tierheim-moers.de\/Wordpress\/wp-content\/uploads\/2015\/12\/IMG_6287rachel-mit-unbekannt-268x268.jpg 268w\" sizes=\"(max-width: 150px) 100vw, 150px\" \/><\/a>\n\t\t\t<\/div><\/figure><figure class='gallery-item'>\n\t\t\t<div class='gallery-icon landscape'>\n\t\t\t\t<a rel='attachment' href='https:\/\/tierheim-moers.de\/Wordpress\/rachel\/img_6282rachel-2\/'><img loading=\"lazy\" decoding=\"async\" width=\"150\" height=\"150\" src=\"https:\/\/tierheim-moers.de\/Wordpress\/wp-content\/uploads\/2015\/12\/IMG_6282rachel1-150x150.jpg\" class=\"attachment-thumbnail size-thumbnail\" alt=\"\" srcset=\"https:\/\/tierheim-moers.de\/Wordpress\/wp-content\/uploads\/2015\/12\/IMG_6282rachel1-150x150.jpg 150w, https:\/\/tierheim-moers.de\/Wordpress\/wp-content\/uploads\/2015\/12\/IMG_6282rachel1-432x432.jpg 432w, https:\/\/tierheim-moers.de\/Wordpress\/wp-content\/uploads\/2015\/12\/IMG_6282rachel1-268x268.jpg 268w\" sizes=\"(max-width: 150px) 100vw, 150px\" \/><\/a>\n\t\t\t<\/div><\/figure><figure class='gallery-item'>\n\t\t\t<div class='gallery-icon portrait'>\n\t\t\t\t<a rel='attachment' href='https:\/\/tierheim-moers.de\/Wordpress\/karlo\/img_6284kleopatra-kopf\/'><img loading=\"lazy\" decoding=\"async\" width=\"150\" height=\"150\" src=\"https:\/\/tierheim-moers.de\/Wordpress\/wp-content\/uploads\/2015\/12\/IMG_6284kleopatra-kopf-150x150.jpg\" class=\"attachment-thumbnail size-thumbnail\" alt=\"\" aria-describedby=\"gallery-2-8818\" srcset=\"https:\/\/tierheim-moers.de\/Wordpress\/wp-content\/uploads\/2015\/12\/IMG_6284kleopatra-kopf-150x150.jpg 150w, https:\/\/tierheim-moers.de\/Wordpress\/wp-content\/uploads\/2015\/12\/IMG_6284kleopatra-kopf-268x268.jpg 268w\" sizes=\"(max-width: 150px) 100vw, 150px\" \/><\/a>\n\t\t\t<\/div>\n\t\t\t\t<figcaption class='wp-caption-text gallery-caption' id='gallery-2-8818'>\n\t\t\t\tKleopatra\n\t\t\t\t<\/figcaption><\/figure>\n\t\t<\/div>\n\n<p>&nbsp;<\/p>\n<p>&#8220;Nicht lustig&#8221; w\u00e4re f\u00fcr das, was dem kleinen<a title=\"Baby Bailly ist ein kleiner K\u00e4mpfer\" href=\"http:\/\/tierheim-moers.de\/Wordpress\/baby-bailly-ist-ein-kleiner-kaempfer\/\"> Bailly<\/a> widerfahren ist noch ma\u00dflos untertrieben. Der kleine Drops, der in einer M\u00fcllt\u00fcte einfach entsorgt wurde, hat sein Leben nur einem Zufall und beherzten Leuten zu verdanken. Bei so was k\u00f6nnte ich aus meiner Katerhaut fahren. Schlimm, wie wenig Respekt mancher vor dem Leben hat. Aber gerade darum haben wir ihm schon einen Namen gegeben, um sein Dasein zu w\u00fcrdigen. Aber ich sag\u2018s Euch, man sieht sich immer zwei Mal im Leben. Nun hei\u00dft es aber erst mal Daumen dr\u00fccken, bis Bailly \u00fcber den Berg ist.<\/p>\n<div id='gallery-3' class='gallery galleryid-19064 gallery-columns-2 gallery-size-thumbnail'><figure class='gallery-item'>\n\t\t\t<div class='gallery-icon landscape'>\n\t\t\t\t<a rel='attachment' href='https:\/\/tierheim-moers.de\/Wordpress\/baby-bailly-ist-ein-kleiner-kaempfer\/img_6707-bailly-14-tage-alt-kopf-andere\/'><img loading=\"lazy\" decoding=\"async\" width=\"150\" height=\"150\" src=\"https:\/\/tierheim-moers.de\/Wordpress\/wp-content\/uploads\/2016\/02\/IMG_6707-Bailly-14-Tage-alt-kopf-Andere-150x150.jpg\" class=\"attachment-thumbnail size-thumbnail\" alt=\"\" aria-describedby=\"gallery-3-9916\" srcset=\"https:\/\/tierheim-moers.de\/Wordpress\/wp-content\/uploads\/2016\/02\/IMG_6707-Bailly-14-Tage-alt-kopf-Andere-150x150.jpg 150w, https:\/\/tierheim-moers.de\/Wordpress\/wp-content\/uploads\/2016\/02\/IMG_6707-Bailly-14-Tage-alt-kopf-Andere-268x268.jpg 268w\" sizes=\"(max-width: 150px) 100vw, 150px\" \/><\/a>\n\t\t\t<\/div>\n\t\t\t\t<figcaption class='wp-caption-text gallery-caption' id='gallery-3-9916'>\n\t\t\t\tBailly\n\t\t\t\t<\/figcaption><\/figure><figure class='gallery-item'>\n\t\t\t<div class='gallery-icon landscape'>\n\t\t\t\t<a rel='attachment' href='https:\/\/tierheim-moers.de\/Wordpress\/baby-bailly-ist-ein-kleiner-kaempfer\/img_6706-bailly-14-tage-alt-andere\/'><img loading=\"lazy\" decoding=\"async\" width=\"150\" height=\"150\" src=\"https:\/\/tierheim-moers.de\/Wordpress\/wp-content\/uploads\/2016\/02\/IMG_6706-Bailly-14-Tage-alt-Andere-150x150.jpg\" class=\"attachment-thumbnail size-thumbnail\" alt=\"\" aria-describedby=\"gallery-3-9914\" srcset=\"https:\/\/tierheim-moers.de\/Wordpress\/wp-content\/uploads\/2016\/02\/IMG_6706-Bailly-14-Tage-alt-Andere-150x150.jpg 150w, https:\/\/tierheim-moers.de\/Wordpress\/wp-content\/uploads\/2016\/02\/IMG_6706-Bailly-14-Tage-alt-Andere-268x268.jpg 268w\" sizes=\"(max-width: 150px) 100vw, 150px\" \/><\/a>\n\t\t\t<\/div>\n\t\t\t\t<figcaption class='wp-caption-text gallery-caption' id='gallery-3-9914'>\n\t\t\t\t&#8230;gefunden im M\u00fcllsack!\n\t\t\t\t<\/figcaption><\/figure>\n\t\t<\/div>\n\n<p>Bei unseren Kleintieren herrscht gerade Hochbetrieb. F\u00fcr jedes Kaninchen was ein neues Zuhause findet, steht schon eins auf der Warteliste um aufgenommen zu werden. Unsere Tierpfleger haben echt ein Herz f\u00fcr M\u00fcmmelm\u00e4nner und wir haben eine richtige Meerschweinexpertin als ehrenamtliche Helferin, aber die Kleinsten futtern den Tierheim-Leuten die Haare vom Kopf \u2013 umso mehr haben sich die Tierheim\u2019ler gefreut, als dann am Valentinstag eine Tagesration frische M\u00f6hren vor dem Tierheim lagen \u2013 vielen Dank daf\u00fcr!<\/p>\n<p>Aber wenn man dann schon Pech hat, kommt ja oft auch noch Ungl\u00fcck dazu! Anfang des Jahres haben sich die Tierheim-Handwerker abgerackert, um das ehemalige Wohnhaus innerhalb weniger Wochen in den neuen Tierheim-Empfang mit B\u00fcro und Gesch\u00e4ftsstelle des Tierschutzvereins um zu wandeln. Am letzten Sonntag sollte dann im neuen Seminar- und Gemeinschaftsraum die erste Veranstaltung f\u00fcr unsere Ehrenamtlichen und Mitarbeiter stattfinden. Als die Tierpfleger morgens zum Dienst kamen, wurden sie schon von einem rauschenden Bach erwartet \u2013 in der Nacht war ein Durchlauferhitzer geplatzt. Heute bin ich auch schlauer \u2013 aber in der Nacht war es hier oben nicht nur besonders finster, sondern auch etwas frisch \u2013 da habe ich zwar dem Harndrang aufgrund des Pl\u00e4tscherns nachgegeben, mich dann aber sofort wieder in die Wolken gekuschelt und mir keine Gedanken gemacht wo dieses Ger\u00e4usch herkommt.<\/p>\n<p>Nun ist der sch\u00f6ne neue Boden komplett auf dem M\u00fcll gelandet. Zum Gl\u00fcck hatte wenige Tage vorher unser Katzen-Bespa\u00dfer \u201eBernd\u201c alte Kontakte spielen lassen, und jede Menge ausrangierte M\u00f6bel von seinem ehemaligen Arbeitgeber f\u00fcr das Tierheim ergattert \u2013 so wurden wenigstens die Computer vom Wasser verschont. Inzwischen hat eine Spezialfirma angefangen und trocknet das Mauerwerk mit schweren Ger\u00e4ten, und dann hei\u00dft es alles wieder in Schuss zu bringen. Im ehemaligen Tierheim-B\u00fcro werden ist nun \u00fcbrigens Platz f\u00fcr Beratungen, Gespr\u00e4che und den Austausch der Ehrenamtlichen untereinander. Dort kann man auch Namensvorschl\u00e4ge hinterlassen f\u00fcr die Fundtiere, die das Tierheim aufnimmt \u2013 aber bitte nicht die Blockbuster wie Susi, Paul, Mimi oder *r\u00e4usper* Tommy \u2013 etwas kreativer darf es schon sein!<\/p>\n<div id='gallery-4' class='gallery galleryid-19064 gallery-columns-3 gallery-size-thumbnail'><figure class='gallery-item'>\n\t\t\t<div class='gallery-icon landscape'>\n\t\t\t\t<a rel='attachment' href='https:\/\/tierheim-moers.de\/Wordpress\/bericht-von-kaninchen-nala\/nala3-anderekopf\/'><img loading=\"lazy\" decoding=\"async\" width=\"150\" height=\"150\" src=\"https:\/\/tierheim-moers.de\/Wordpress\/wp-content\/uploads\/2016\/02\/Nala3-Anderekopf-150x150.jpg\" class=\"attachment-thumbnail size-thumbnail\" alt=\"\" \/><\/a>\n\t\t\t<\/div><\/figure><figure class='gallery-item'>\n\t\t\t<div class='gallery-icon landscape'>\n\t\t\t\t<a rel='attachment' href='https:\/\/tierheim-moers.de\/Wordpress\/riesiger-herr-schmidt\/img_6643-herr-schmidt-andere\/'><img loading=\"lazy\" decoding=\"async\" width=\"150\" height=\"150\" src=\"https:\/\/tierheim-moers.de\/Wordpress\/wp-content\/uploads\/2016\/02\/IMG_6643-Herr-Schmidt-Andere-150x150.jpg\" class=\"attachment-thumbnail size-thumbnail\" alt=\"\" srcset=\"https:\/\/tierheim-moers.de\/Wordpress\/wp-content\/uploads\/2016\/02\/IMG_6643-Herr-Schmidt-Andere-150x150.jpg 150w, https:\/\/tierheim-moers.de\/Wordpress\/wp-content\/uploads\/2016\/02\/IMG_6643-Herr-Schmidt-Andere-268x268.jpg 268w\" sizes=\"(max-width: 150px) 100vw, 150px\" \/><\/a>\n\t\t\t<\/div><\/figure><figure class='gallery-item'>\n\t\t\t<div class='gallery-icon landscape'>\n\t\t\t\t<a rel='attachment' href='https:\/\/tierheim-moers.de\/Wordpress\/so-schnell-kann-es-gehen-oskar-zu-hause\/12697157_1090227181007654_2248319177466649347_o-oskar\/'><img loading=\"lazy\" decoding=\"async\" width=\"150\" height=\"150\" src=\"https:\/\/tierheim-moers.de\/Wordpress\/wp-content\/uploads\/2016\/01\/12697157_1090227181007654_2248319177466649347_o-oskar-150x150.jpg\" class=\"attachment-thumbnail size-thumbnail\" alt=\"\" srcset=\"https:\/\/tierheim-moers.de\/Wordpress\/wp-content\/uploads\/2016\/01\/12697157_1090227181007654_2248319177466649347_o-oskar-150x150.jpg 150w, https:\/\/tierheim-moers.de\/Wordpress\/wp-content\/uploads\/2016\/01\/12697157_1090227181007654_2248319177466649347_o-oskar-432x432.jpg 432w, https:\/\/tierheim-moers.de\/Wordpress\/wp-content\/uploads\/2016\/01\/12697157_1090227181007654_2248319177466649347_o-oskar-268x268.jpg 268w\" sizes=\"(max-width: 150px) 100vw, 150px\" \/><\/a>\n\t\t\t<\/div><\/figure><figure class='gallery-item'>\n\t\t\t<div class='gallery-icon landscape'>\n\t\t\t\t<a rel='attachment' href='https:\/\/tierheim-moers.de\/Wordpress\/floeckchen\/img_6588-anderefloeckchen\/'><img loading=\"lazy\" decoding=\"async\" width=\"150\" height=\"150\" src=\"https:\/\/tierheim-moers.de\/Wordpress\/wp-content\/uploads\/2016\/01\/IMG_6588-AndereFl\u00f6ckchen-150x150.jpg\" class=\"attachment-thumbnail size-thumbnail\" alt=\"\" srcset=\"https:\/\/tierheim-moers.de\/Wordpress\/wp-content\/uploads\/2016\/01\/IMG_6588-AndereFl\u00f6ckchen-150x150.jpg 150w, https:\/\/tierheim-moers.de\/Wordpress\/wp-content\/uploads\/2016\/01\/IMG_6588-AndereFl\u00f6ckchen-268x268.jpg 268w\" sizes=\"(max-width: 150px) 100vw, 150px\" \/><\/a>\n\t\t\t<\/div><\/figure><figure class='gallery-item'>\n\t\t\t<div class='gallery-icon landscape'>\n\t\t\t\t<a rel='attachment' href='https:\/\/tierheim-moers.de\/Wordpress\/angsthase-ist-gar-kein-angsthase\/img_6568-andere\/'><img loading=\"lazy\" decoding=\"async\" width=\"150\" height=\"150\" src=\"https:\/\/tierheim-moers.de\/Wordpress\/wp-content\/uploads\/2016\/01\/IMG_6568-Andere-150x150.jpg\" class=\"attachment-thumbnail size-thumbnail\" alt=\"\" srcset=\"https:\/\/tierheim-moers.de\/Wordpress\/wp-content\/uploads\/2016\/01\/IMG_6568-Andere-150x150.jpg 150w, https:\/\/tierheim-moers.de\/Wordpress\/wp-content\/uploads\/2016\/01\/IMG_6568-Andere-268x268.jpg 268w\" sizes=\"(max-width: 150px) 100vw, 150px\" \/><\/a>\n\t\t\t<\/div><\/figure><figure class='gallery-item'>\n\t\t\t<div class='gallery-icon landscape'>\n\t\t\t\t<a rel='attachment' href='https:\/\/tierheim-moers.de\/Wordpress\/marley\/img_6494-andere\/'><img loading=\"lazy\" decoding=\"async\" width=\"150\" height=\"150\" src=\"https:\/\/tierheim-moers.de\/Wordpress\/wp-content\/uploads\/2016\/01\/IMG_6494-Andere-150x150.jpg\" class=\"attachment-thumbnail size-thumbnail\" alt=\"\" srcset=\"https:\/\/tierheim-moers.de\/Wordpress\/wp-content\/uploads\/2016\/01\/IMG_6494-Andere-150x150.jpg 150w, https:\/\/tierheim-moers.de\/Wordpress\/wp-content\/uploads\/2016\/01\/IMG_6494-Andere-268x268.jpg 268w\" sizes=\"(max-width: 150px) 100vw, 150px\" \/><\/a>\n\t\t\t<\/div><\/figure>\n\t\t<\/div>\n\n<p>Aber ich schweife ab\u2026 Eigentlich wollte ich mal \u00fcber die Probleme bei der Haltung von den sogenannten \u201eKleintieren\u201c sprechen. Wissen Sie was Kaninchen, Meerschweine und die anderen Nager f\u00fcr Bed\u00fcrfnisse haben? Ich kann ja von hier aus nicht nur in viele G\u00e4rten schauen, sondern auch in das ein oder andere Kinderzimmer \u2013 liebe Menschen, da muss ich nun mal meine ganze Lebens- und Tierheimerfahrung in den Ring werfen! Was ich da zu sehen bekomme, l\u00e4sst mich regelm\u00e4\u00dfig schaudern. In winzigen Verschl\u00e4gen und Gitterboxen leben die armen Socken. Oft auch noch schlecht gef\u00fcttert und viele in Einzelhaft. Stellen Sie sich mal bitte vor, sie m\u00fcssten Tag ein und Tag aus im G\u00e4ste-WC auf 1,5 qm leben. Einmal am Tag wird die T\u00fcr aufgerissen, sie bekommen eine Schale Wasser und eine gro\u00dfes M\u00e4cMen\u00fc mit Pommes und Mayo serviert und werden dann wieder f\u00fcr knapp 24 Stunden nicht beachtet\u2026 Ist das lebenswert? Bei dem Thema str\u00e4ubt sich mir das Nackenfell, aber da lass ich mir was einfallen \u2013 versprochen!<\/p>\n<p>&nbsp;<\/p>\n<p>Aber nun m\u00f6chte ich noch ein paar Worte \u00fcber die Moerser Tierheim-Hunde verlieren:<\/p>\n<p>Kann mal bitte jemand unseren <a title=\"BRIAN sucht erfahrene H\u00e4nde\" href=\"http:\/\/tierheim-moers.de\/Wordpress\/brian-sucht-erfahrene-haende\/\">Brian <\/a>und die<a title=\"Nelly \u2013 sportliche Terrierdame\" href=\"http:\/\/tierheim-moers.de\/Wordpress\/nelly-sportliche-terrierdame\/\"> Nelly<\/a> loben? Die Zeiten in denen Brian und die kleine Nelly meinten den Laden hier voll im Griff zu haben sind l\u00e4ngst vorbei. Beide haben echt Potential und das konsequente Training ist richtig erfolgreich. Die alten D\u00e4monen, die sie sich durch &#8220;falschen Umgang&#8221; zugelegt hatten, haben keine Macht mehr. Das hab ich jetzt aber nett gesagt, oder? Mal ganz deutlich gesprochen, mussten die ausbaden was die ehemalige Halter versaubeutelt haben \u2013 und das sind leider nur zwei F\u00e4lle auf einer langen Liste!<\/p>\n<div id='gallery-5' class='gallery galleryid-19064 gallery-columns-5 gallery-size-thumbnail'><figure class='gallery-item'>\n\t\t\t<div class='gallery-icon portrait'>\n\t\t\t\t<a rel='attachment' href='https:\/\/tierheim-moers.de\/Wordpress\/nelly-sportliche-terrierdame\/nelly_feld\/'><img loading=\"lazy\" decoding=\"async\" width=\"150\" height=\"150\" src=\"https:\/\/tierheim-moers.de\/Wordpress\/wp-content\/uploads\/2015\/04\/Nelly_Feld-150x150.jpg\" class=\"attachment-thumbnail size-thumbnail\" alt=\"\" aria-describedby=\"gallery-5-7570\" srcset=\"https:\/\/tierheim-moers.de\/Wordpress\/wp-content\/uploads\/2015\/04\/Nelly_Feld-150x150.jpg 150w, https:\/\/tierheim-moers.de\/Wordpress\/wp-content\/uploads\/2015\/04\/Nelly_Feld-300x300.jpg 300w, https:\/\/tierheim-moers.de\/Wordpress\/wp-content\/uploads\/2015\/04\/Nelly_Feld-268x268.jpg 268w\" sizes=\"(max-width: 150px) 100vw, 150px\" \/><\/a>\n\t\t\t<\/div>\n\t\t\t\t<figcaption class='wp-caption-text gallery-caption' id='gallery-5-7570'>\n\t\t\t\tNelly\n\t\t\t\t<\/figcaption><\/figure><figure class='gallery-item'>\n\t\t\t<div class='gallery-icon portrait'>\n\t\t\t\t<a rel='attachment' href='https:\/\/tierheim-moers.de\/Wordpress\/nelly-sportliche-terrierdame\/nelly_blume\/'><img loading=\"lazy\" decoding=\"async\" width=\"150\" height=\"150\" src=\"https:\/\/tierheim-moers.de\/Wordpress\/wp-content\/uploads\/2015\/04\/Nelly_Blume-150x150.jpg\" class=\"attachment-thumbnail size-thumbnail\" alt=\"\" srcset=\"https:\/\/tierheim-moers.de\/Wordpress\/wp-content\/uploads\/2015\/04\/Nelly_Blume-150x150.jpg 150w, https:\/\/tierheim-moers.de\/Wordpress\/wp-content\/uploads\/2015\/04\/Nelly_Blume-300x300.jpg 300w, https:\/\/tierheim-moers.de\/Wordpress\/wp-content\/uploads\/2015\/04\/Nelly_Blume-268x268.jpg 268w\" sizes=\"(max-width: 150px) 100vw, 150px\" \/><\/a>\n\t\t\t<\/div><\/figure><figure class='gallery-item'>\n\t\t\t<div class='gallery-icon landscape'>\n\t\t\t\t<a rel='attachment' href='https:\/\/tierheim-moers.de\/Wordpress\/nelly-sportliche-terrierdame\/nelly_badeni\/'><img loading=\"lazy\" decoding=\"async\" width=\"150\" height=\"150\" src=\"https:\/\/tierheim-moers.de\/Wordpress\/wp-content\/uploads\/2015\/04\/Nelly_badenI-150x150.jpg\" class=\"attachment-thumbnail size-thumbnail\" alt=\"\" srcset=\"https:\/\/tierheim-moers.de\/Wordpress\/wp-content\/uploads\/2015\/04\/Nelly_badenI-150x150.jpg 150w, https:\/\/tierheim-moers.de\/Wordpress\/wp-content\/uploads\/2015\/04\/Nelly_badenI-268x268.jpg 268w\" sizes=\"(max-width: 150px) 100vw, 150px\" \/><\/a>\n\t\t\t<\/div><\/figure><figure class='gallery-item'>\n\t\t\t<div class='gallery-icon landscape'>\n\t\t\t\t<a rel='attachment' href='https:\/\/tierheim-moers.de\/Wordpress\/nelly-sportliche-terrierdame\/nelly_baden\/'><img loading=\"lazy\" decoding=\"async\" width=\"150\" height=\"150\" src=\"https:\/\/tierheim-moers.de\/Wordpress\/wp-content\/uploads\/2015\/04\/Nelly_baden-150x150.jpg\" class=\"attachment-thumbnail size-thumbnail\" alt=\"\" srcset=\"https:\/\/tierheim-moers.de\/Wordpress\/wp-content\/uploads\/2015\/04\/Nelly_baden-150x150.jpg 150w, https:\/\/tierheim-moers.de\/Wordpress\/wp-content\/uploads\/2015\/04\/Nelly_baden-268x268.jpg 268w\" sizes=\"(max-width: 150px) 100vw, 150px\" \/><\/a>\n\t\t\t<\/div><\/figure><figure class='gallery-item'>\n\t\t\t<div class='gallery-icon portrait'>\n\t\t\t\t<a rel='attachment' href='https:\/\/tierheim-moers.de\/Wordpress\/nelly-sportliche-terrierdame\/nelly_5\/'><img loading=\"lazy\" decoding=\"async\" width=\"150\" height=\"150\" src=\"https:\/\/tierheim-moers.de\/Wordpress\/wp-content\/uploads\/2015\/04\/nelly_5-150x150.jpg\" class=\"attachment-thumbnail size-thumbnail\" alt=\"\" srcset=\"https:\/\/tierheim-moers.de\/Wordpress\/wp-content\/uploads\/2015\/04\/nelly_5-150x150.jpg 150w, https:\/\/tierheim-moers.de\/Wordpress\/wp-content\/uploads\/2015\/04\/nelly_5-432x432.jpg 432w, https:\/\/tierheim-moers.de\/Wordpress\/wp-content\/uploads\/2015\/04\/nelly_5-268x268.jpg 268w\" sizes=\"(max-width: 150px) 100vw, 150px\" \/><\/a>\n\t\t\t<\/div><\/figure><figure class='gallery-item'>\n\t\t\t<div class='gallery-icon portrait'>\n\t\t\t\t<a rel='attachment' href='https:\/\/tierheim-moers.de\/Wordpress\/brian-sucht-erfahrene-haende\/brian_schlepp_schnuper\/'><img loading=\"lazy\" decoding=\"async\" width=\"150\" height=\"150\" src=\"https:\/\/tierheim-moers.de\/Wordpress\/wp-content\/uploads\/2015\/09\/Brian_Schlepp_Schnuper-150x150.jpg\" class=\"attachment-thumbnail size-thumbnail\" alt=\"\" aria-describedby=\"gallery-5-9486\" srcset=\"https:\/\/tierheim-moers.de\/Wordpress\/wp-content\/uploads\/2015\/09\/Brian_Schlepp_Schnuper-150x150.jpg 150w, https:\/\/tierheim-moers.de\/Wordpress\/wp-content\/uploads\/2015\/09\/Brian_Schlepp_Schnuper-432x432.jpg 432w, https:\/\/tierheim-moers.de\/Wordpress\/wp-content\/uploads\/2015\/09\/Brian_Schlepp_Schnuper-268x268.jpg 268w\" sizes=\"(max-width: 150px) 100vw, 150px\" \/><\/a>\n\t\t\t<\/div>\n\t\t\t\t<figcaption class='wp-caption-text gallery-caption' id='gallery-5-9486'>\n\t\t\t\tBrian\n\t\t\t\t<\/figcaption><\/figure><figure class='gallery-item'>\n\t\t\t<div class='gallery-icon portrait'>\n\t\t\t\t<a rel='attachment' href='https:\/\/tierheim-moers.de\/Wordpress\/brian-sucht-erfahrene-haende\/brian_schlepp_liegend\/'><img loading=\"lazy\" decoding=\"async\" width=\"150\" height=\"150\" src=\"https:\/\/tierheim-moers.de\/Wordpress\/wp-content\/uploads\/2015\/09\/Brian_Schlepp_Liegend-150x150.jpg\" class=\"attachment-thumbnail size-thumbnail\" alt=\"\" srcset=\"https:\/\/tierheim-moers.de\/Wordpress\/wp-content\/uploads\/2015\/09\/Brian_Schlepp_Liegend-150x150.jpg 150w, https:\/\/tierheim-moers.de\/Wordpress\/wp-content\/uploads\/2015\/09\/Brian_Schlepp_Liegend-432x432.jpg 432w, https:\/\/tierheim-moers.de\/Wordpress\/wp-content\/uploads\/2015\/09\/Brian_Schlepp_Liegend-268x268.jpg 268w\" sizes=\"(max-width: 150px) 100vw, 150px\" \/><\/a>\n\t\t\t<\/div><\/figure><figure class='gallery-item'>\n\t\t\t<div class='gallery-icon portrait'>\n\t\t\t\t<a rel='attachment' href='https:\/\/tierheim-moers.de\/Wordpress\/brian-sucht-erfahrene-haende\/brian_fluss-ii\/'><img loading=\"lazy\" decoding=\"async\" width=\"150\" height=\"150\" src=\"https:\/\/tierheim-moers.de\/Wordpress\/wp-content\/uploads\/2015\/09\/Brian_Fluss-II-150x150.jpg\" class=\"attachment-thumbnail size-thumbnail\" alt=\"\" srcset=\"https:\/\/tierheim-moers.de\/Wordpress\/wp-content\/uploads\/2015\/09\/Brian_Fluss-II-150x150.jpg 150w, https:\/\/tierheim-moers.de\/Wordpress\/wp-content\/uploads\/2015\/09\/Brian_Fluss-II-432x432.jpg 432w, https:\/\/tierheim-moers.de\/Wordpress\/wp-content\/uploads\/2015\/09\/Brian_Fluss-II-268x268.jpg 268w\" sizes=\"(max-width: 150px) 100vw, 150px\" \/><\/a>\n\t\t\t<\/div><\/figure><figure class='gallery-item'>\n\t\t\t<div class='gallery-icon portrait'>\n\t\t\t\t<a rel='attachment' href='https:\/\/tierheim-moers.de\/Wordpress\/brian-sucht-erfahrene-haende\/brian2\/'><img loading=\"lazy\" decoding=\"async\" width=\"150\" height=\"150\" src=\"https:\/\/tierheim-moers.de\/Wordpress\/wp-content\/uploads\/2015\/09\/Brian2-150x150.jpg\" class=\"attachment-thumbnail size-thumbnail\" alt=\"\" \/><\/a>\n\t\t\t<\/div><\/figure><figure class='gallery-item'>\n\t\t\t<div class='gallery-icon portrait'>\n\t\t\t\t<a rel='attachment' href='https:\/\/tierheim-moers.de\/Wordpress\/brian-sucht-erfahrene-haende\/brian3\/'><img loading=\"lazy\" decoding=\"async\" width=\"150\" height=\"150\" src=\"https:\/\/tierheim-moers.de\/Wordpress\/wp-content\/uploads\/2015\/09\/Brian3-150x150.jpg\" class=\"attachment-thumbnail size-thumbnail\" alt=\"\" srcset=\"https:\/\/tierheim-moers.de\/Wordpress\/wp-content\/uploads\/2015\/09\/Brian3-150x150.jpg 150w, https:\/\/tierheim-moers.de\/Wordpress\/wp-content\/uploads\/2015\/09\/Brian3-300x300.jpg 300w, https:\/\/tierheim-moers.de\/Wordpress\/wp-content\/uploads\/2015\/09\/Brian3-268x268.jpg 268w\" sizes=\"(max-width: 150px) 100vw, 150px\" \/><\/a>\n\t\t\t<\/div><\/figure>\n\t\t<\/div>\n\n<p>Wenn nur mal jemand kommen w\u00fcrde der sich und dem Hund die Zeit gibt um sich gegenseitig richtig kennenzulernen. Ja dann k\u00f6nnte daraus eine Freundschaft f\u00fcrs Leben werden. Und bis der &#8220;richtige&#8221; Mensch kommt, \u00fcben sie sich halt in Geduld und erhalten den Feinschliff.<\/p>\n<p>Die witzige <a title=\"Biene \u2013 sportliche junge Lady\" href=\"http:\/\/tierheim-moers.de\/Wordpress\/biene-sportliche-junge-lady\/\">Biene<\/a> und der etwas verwegen ausschauende<a title=\"Charly \u2013 Familienhund sucht Anschlu\u00df\" href=\"http:\/\/tierheim-moers.de\/Wordpress\/charly-familienhund-sucht-anschluss\/\"> Charly<\/a> sind da schon anders gepolt. \u201eHoppla, hier komm ich, die Welt ist rosa und ihr seid alle meine Freunde!\u201c Wenn man genau hinguckt, steht ihnen das auf die Hundestirn geschrieben. Um die Beiden mache ich mir keine Sorgen. Sie werden sicher schnell passende Herzen erobern, und ein gutes, neues Zuhause finden.<\/p>\n<p>Heute m\u00f6chte ich aber auch mal an Noe erinnern. Die Hundedame die seit ihrer Krebserkrankung auf einer Pflegestelle lebt, auf der sie auch bis zu ihrem Lebensende bleiben wird.\u00a0 Auch so was geh\u00f6rt zu unserer Verantwortung. Deshalb w\u00fcrdet Ihr dem Tierheim sehr helfen, wenn Ihr eine <a title=\"Helfen mit einer Patenschaft\" href=\"http:\/\/tierheim-moers.de\/Wordpress\/helfen\/helfen-mit-einer-patenschaft\/\">Patenschaft <\/a>f\u00fcr einen unserer Langzeitg\u00e4ste \u00fcbernehmen w\u00fcrdet \u2013 \u00fcbrigens auch ein sch\u00f6nes Geschenk!<\/p>\n<p>Gott sei Dank werden Fundhunde, die keiner mehr abholt, zunehmend seltener &#8211; ganz im Gegenteil zu den Katzen, die doch eigentlich dieselbe F\u00fcrsorge verdient haben. Das ist haupts\u00e4chlich dem Kennzeichnung-Chip und der Registrierung im Haustierregister zu verdanken. So wird in den meisten F\u00e4llen schnell das Herrchen oder Frauchen gefunden wenn so ein Lumpi \u00a0mal ausgeb\u00fcxt ist.<\/p>\n<p>Letzte Woche ereignete sich noch ein ganz besonderer Fall im Tierheim \u2013 also eigentlich weniger im Tierheim, als in einem Krefelder Wohngebiet\u2026 Dort hatte eine Frau im Laufe der letzten Jahre immer wieder mal Hunde aufgenommen. Irgendwann war sie aber nicht mehr Herrin der Lage, Spazierg\u00e4nge unternahm sie schon lange nicht mehr, und so verrichteten am Ende mehr als zwanzig Hunde ihre Notdurft im eigenen Garten \u2013 sehr zum Unmut der Nachbarn. Als dann endlich das zust\u00e4ndige Veterin\u00e4ramt einschreiten konnte, baten sie uns um Unterst\u00fctzung. Acht Hunde und sechs wenige Tage alte Welpen haben wir auf einen Schlag aufgenommen und erst mal bei uns im Tierheim untergebracht \u2013 eine aufregende Aktion! Immerhin mussten einige Hunde sogar mit einem Bet\u00e4ubungspfeil schlafen gelegt werden, um sie \u00fcberhaupt auf dem Gel\u00e4nde einfangen zu k\u00f6nnen\u2026 Da wurde ich schon beim Zuschauen richtig unruhig auf meiner Wolke, und ich w\u00e4re gerne noch mal zur\u00fcck in mein altes Revier um mir die ganze Geschichte mal pers\u00f6nlich von den betroffenen Hunden anzuh\u00f6ren.<\/p>\n<p>Dabei komme ich noch auf einen letzten Punkt f\u00fcr heute zu sprechen, den ich nicht unerw\u00e4hnt lassen m\u00f6chte: manchmal empfangen meine Katerohren die Frage, ob und warum das Moerser Tierheim nicht Hunde aus dem Ausland eine Chance geben k\u00f6nnte wenn Platz da ist. Zum Gl\u00fcck gibt es Organisation die darauf spezialisiert sind diesen meist netten Hunden zu helfen. Nat\u00fcrlich gibt es auch dort schwarze Schafe, aber die meisten machen ihre Arbeit gut.<\/p>\n<p>Allerdings k\u00f6nnen die Tierheim-Leute nicht an allen Fronten f\u00fcr die Tiere k\u00e4mpfen, es hei\u00dft ja nicht umsonst: \u201eSchuster bleib bei deinen Leisten\u201c. Sofern wir die M\u00f6glichkeit haben, unterst\u00fctzt das Tierheim bekannte Organisationen und Auslands-Vereine z.B. mit Futter, N\u00e4pfen und auch Decken \u2013 aber Hunde aufnehmen kann das Tierheim im Moment aus vielen Gr\u00fcnden nicht.<\/p>\n<p>So hilft jeder auf seine Art und Weise, aber immer mit dem Ziel, dass sich Freunde f\u00fcrs Leben finden!<\/p>\n<p>Apropos \u201eFreunde f\u00fcrs Leben\u201c zum Schluss muss ich noch etwas Trauriges loswerden: am letzten Samstag ist die blinde <a title=\"Sonnenschein Nanny, ist auf einer Pflegestelle und wird dort auch bleiben, 16.08.2015.\" href=\"http:\/\/tierheim-moers.de\/Wordpress\/nanny\/\">Nanny<\/a> \u2013 die alte Tiger-Dame, f\u00fcr die ich vor ein paar Monaten im Tierheim noch den Blinden-Kater gegeben habe \u2013 in den liebevollen Armen ihrer Pflegestelle vom Tierheim-Tierarzt erl\u00f6st worden. L\u00fcmmel und ich haben sie nat\u00fcrlich in Empfang genommen \u2013 im Moment liegt sie eingekringelt auf der Nachbar-Wolke und schnarcht. Sie wird sich bestimmt bald erholt haben und wieder zu Kr\u00e4ften kommen. Im Moment passen L\u00fcmmel und ich abwechselnd auf die betagte Nanny auf. So lange sie sich noch nicht an die neuen Umst\u00e4nde hier oben gew\u00f6hnt hat, kommt sie ab und zu ins straucheln und tritt schon mal neben eine Wolke.<\/p>\n<div id='gallery-6' class='gallery galleryid-19064 gallery-columns-4 gallery-size-thumbnail'><figure class='gallery-item'>\n\t\t\t<div class='gallery-icon landscape'>\n\t\t\t\t<a rel='attachment' href='https:\/\/tierheim-moers.de\/Wordpress\/nanny\/img_5704nanny-klein\/'><img loading=\"lazy\" decoding=\"async\" width=\"150\" height=\"150\" src=\"https:\/\/tierheim-moers.de\/Wordpress\/wp-content\/uploads\/2015\/04\/IMG_5704nanny-klein-150x150.jpg\" class=\"attachment-thumbnail size-thumbnail\" alt=\"\" aria-describedby=\"gallery-6-7965\" srcset=\"https:\/\/tierheim-moers.de\/Wordpress\/wp-content\/uploads\/2015\/04\/IMG_5704nanny-klein-150x150.jpg 150w, https:\/\/tierheim-moers.de\/Wordpress\/wp-content\/uploads\/2015\/04\/IMG_5704nanny-klein-432x432.jpg 432w, https:\/\/tierheim-moers.de\/Wordpress\/wp-content\/uploads\/2015\/04\/IMG_5704nanny-klein-268x268.jpg 268w\" sizes=\"(max-width: 150px) 100vw, 150px\" \/><\/a>\n\t\t\t<\/div>\n\t\t\t\t<figcaption class='wp-caption-text gallery-caption' id='gallery-6-7965'>\n\t\t\t\tNanny \n\t\t\t\t<\/figcaption><\/figure><figure class='gallery-item'>\n\t\t\t<div class='gallery-icon landscape'>\n\t\t\t\t<a rel='attachment' href='https:\/\/tierheim-moers.de\/Wordpress\/nanny\/img_5701nanny-klein\/'><img loading=\"lazy\" decoding=\"async\" width=\"150\" height=\"150\" src=\"https:\/\/tierheim-moers.de\/Wordpress\/wp-content\/uploads\/2015\/04\/IMG_5701nanny-klein-150x150.jpg\" class=\"attachment-thumbnail size-thumbnail\" alt=\"\" srcset=\"https:\/\/tierheim-moers.de\/Wordpress\/wp-content\/uploads\/2015\/04\/IMG_5701nanny-klein-150x150.jpg 150w, https:\/\/tierheim-moers.de\/Wordpress\/wp-content\/uploads\/2015\/04\/IMG_5701nanny-klein-432x432.jpg 432w, https:\/\/tierheim-moers.de\/Wordpress\/wp-content\/uploads\/2015\/04\/IMG_5701nanny-klein-268x268.jpg 268w\" sizes=\"(max-width: 150px) 100vw, 150px\" \/><\/a>\n\t\t\t<\/div><\/figure><figure class='gallery-item'>\n\t\t\t<div class='gallery-icon landscape'>\n\t\t\t\t<a rel='attachment' href='https:\/\/tierheim-moers.de\/Wordpress\/wohnungskatzen-pepper-und-luna\/img_5568nanny-und-thommy-klein\/'><img loading=\"lazy\" decoding=\"async\" width=\"150\" height=\"150\" src=\"https:\/\/tierheim-moers.de\/Wordpress\/wp-content\/uploads\/2015\/06\/IMG_5568nanny-und-thommy-klein-150x150.jpg\" class=\"attachment-thumbnail size-thumbnail\" alt=\"\" aria-describedby=\"gallery-6-7578\" srcset=\"https:\/\/tierheim-moers.de\/Wordpress\/wp-content\/uploads\/2015\/06\/IMG_5568nanny-und-thommy-klein-150x150.jpg 150w, https:\/\/tierheim-moers.de\/Wordpress\/wp-content\/uploads\/2015\/06\/IMG_5568nanny-und-thommy-klein-432x432.jpg 432w, https:\/\/tierheim-moers.de\/Wordpress\/wp-content\/uploads\/2015\/06\/IMG_5568nanny-und-thommy-klein-268x268.jpg 268w\" sizes=\"(max-width: 150px) 100vw, 150px\" \/><\/a>\n\t\t\t<\/div>\n\t\t\t\t<figcaption class='wp-caption-text gallery-caption' id='gallery-6-7578'>\n\t\t\t\tNanny mit Tommy im Tierheim\n\t\t\t\t<\/figcaption><\/figure><figure class='gallery-item'>\n\t\t\t<div class='gallery-icon landscape'>\n\t\t\t\t<a rel='attachment' href='https:\/\/tierheim-moers.de\/Wordpress\/devina\/img_5543thommy-und-nanny-klein\/'><img loading=\"lazy\" decoding=\"async\" width=\"150\" height=\"150\" src=\"https:\/\/tierheim-moers.de\/Wordpress\/wp-content\/uploads\/2015\/06\/IMG_5543thommy-und-nanny-klein-150x150.jpg\" class=\"attachment-thumbnail size-thumbnail\" alt=\"\" \/><\/a>\n\t\t\t<\/div><\/figure><figure class='gallery-item'>\n\t\t\t<div class='gallery-icon landscape'>\n\t\t\t\t<a rel='attachment' href='https:\/\/tierheim-moers.de\/Wordpress\/devina\/img_5539thommy-und-nanny-klein\/'><img loading=\"lazy\" decoding=\"async\" width=\"150\" height=\"150\" src=\"https:\/\/tierheim-moers.de\/Wordpress\/wp-content\/uploads\/2015\/06\/IMG_5539thommy-und-nanny-klein-150x150.jpg\" class=\"attachment-thumbnail size-thumbnail\" alt=\"\" \/><\/a>\n\t\t\t<\/div><\/figure><figure class='gallery-item'>\n\t\t\t<div class='gallery-icon landscape'>\n\t\t\t\t<a rel='attachment' href='https:\/\/tierheim-moers.de\/Wordpress\/devina\/img_5536thommy-und-nanny-klein\/'><img loading=\"lazy\" decoding=\"async\" width=\"150\" height=\"150\" src=\"https:\/\/tierheim-moers.de\/Wordpress\/wp-content\/uploads\/2015\/06\/IMG_5536thommy-und-nanny-klein-150x150.jpg\" class=\"attachment-thumbnail size-thumbnail\" alt=\"\" aria-describedby=\"gallery-6-7492\" \/><\/a>\n\t\t\t<\/div>\n\t\t\t\t<figcaption class='wp-caption-text gallery-caption' id='gallery-6-7492'>\n\t\t\t\t&#8230;am Katzenhaus im Tierheim\n\t\t\t\t<\/figcaption><\/figure><figure class='gallery-item'>\n\t\t\t<div class='gallery-icon portrait'>\n\t\t\t\t<a rel='attachment' href='https:\/\/tierheim-moers.de\/Wordpress\/nanny\/dscn1727nanny-klein\/'><img loading=\"lazy\" decoding=\"async\" width=\"150\" height=\"150\" src=\"https:\/\/tierheim-moers.de\/Wordpress\/wp-content\/uploads\/2015\/04\/DSCN1727nanny-klein-150x150.jpg\" class=\"attachment-thumbnail size-thumbnail\" alt=\"\" srcset=\"https:\/\/tierheim-moers.de\/Wordpress\/wp-content\/uploads\/2015\/04\/DSCN1727nanny-klein-150x150.jpg 150w, https:\/\/tierheim-moers.de\/Wordpress\/wp-content\/uploads\/2015\/04\/DSCN1727nanny-klein-300x300.jpg 300w, https:\/\/tierheim-moers.de\/Wordpress\/wp-content\/uploads\/2015\/04\/DSCN1727nanny-klein-268x268.jpg 268w\" sizes=\"(max-width: 150px) 100vw, 150px\" \/><\/a>\n\t\t\t<\/div><\/figure><figure class='gallery-item'>\n\t\t\t<div class='gallery-icon landscape'>\n\t\t\t\t<a rel='attachment' href='https:\/\/tierheim-moers.de\/Wordpress\/wer-erkennt-arthur\/img_5406nanny-klein\/'><img loading=\"lazy\" decoding=\"async\" width=\"150\" height=\"150\" src=\"https:\/\/tierheim-moers.de\/Wordpress\/wp-content\/uploads\/2015\/06\/IMG_5406nanny-klein-150x150.jpg\" class=\"attachment-thumbnail size-thumbnail\" alt=\"\" \/><\/a>\n\t\t\t<\/div><\/figure><figure class='gallery-item'>\n\t\t\t<div class='gallery-icon landscape'>\n\t\t\t\t<a rel='attachment' href='https:\/\/tierheim-moers.de\/Wordpress\/schmuserinnen-paula-und-snooki\/img_5368nanny-klein\/'><img loading=\"lazy\" decoding=\"async\" width=\"150\" height=\"150\" src=\"https:\/\/tierheim-moers.de\/Wordpress\/wp-content\/uploads\/2015\/06\/IMG_5368nanny-klein-150x150.jpg\" class=\"attachment-thumbnail size-thumbnail\" alt=\"\" \/><\/a>\n\t\t\t<\/div><\/figure><figure class='gallery-item'>\n\t\t\t<div class='gallery-icon landscape'>\n\t\t\t\t<a rel='attachment' href='https:\/\/tierheim-moers.de\/Wordpress\/armer-titus-2\/img_4982nanny-klein\/'><img loading=\"lazy\" decoding=\"async\" width=\"150\" height=\"150\" src=\"https:\/\/tierheim-moers.de\/Wordpress\/wp-content\/uploads\/2015\/04\/IMG_4982nanny-klein-150x150.jpg\" class=\"attachment-thumbnail size-thumbnail\" alt=\"\" aria-describedby=\"gallery-6-6479\" \/><\/a>\n\t\t\t<\/div>\n\t\t\t\t<figcaption class='wp-caption-text gallery-caption' id='gallery-6-6479'>\n\t\t\t\t&#8230;damals noch in der Quarant\u00e4ne\n\t\t\t\t<\/figcaption><\/figure><figure class='gallery-item'>\n\t\t\t<div class='gallery-icon landscape'>\n\t\t\t\t<a rel='attachment' href='https:\/\/tierheim-moers.de\/Wordpress\/armer-titus-2\/img_4981nanny-klein\/'><img loading=\"lazy\" decoding=\"async\" width=\"150\" height=\"150\" src=\"https:\/\/tierheim-moers.de\/Wordpress\/wp-content\/uploads\/2015\/04\/IMG_4981Nanny-klein-150x150.jpg\" class=\"attachment-thumbnail size-thumbnail\" alt=\"\" aria-describedby=\"gallery-6-6478\" \/><\/a>\n\t\t\t<\/div>\n\t\t\t\t<figcaption class='wp-caption-text gallery-caption' id='gallery-6-6478'>\n\t\t\t\tkurz nach ihrem Fund\n\t\t\t\t<\/figcaption><\/figure><figure class='gallery-item'>\n\t\t\t<div class='gallery-icon landscape'>\n\t\t\t\t<a rel='attachment' href='https:\/\/tierheim-moers.de\/Wordpress\/nanny\/img_4940nanny-klein\/'><img loading=\"lazy\" decoding=\"async\" width=\"150\" height=\"150\" src=\"https:\/\/tierheim-moers.de\/Wordpress\/wp-content\/uploads\/2015\/03\/IMG_4940nanny-klein-150x150.jpg\" class=\"attachment-thumbnail size-thumbnail\" alt=\"\" \/><\/a>\n\t\t\t<\/div><\/figure>\n\t\t<\/div>\n\n<p>Da muss ich ganz ehrlich sagen: f\u00fcr den erholsamen Schlaf sind die Dinger echt unschlagbar, aber was die Trittsicherheit angeht, ist das hier mit keiner Berufsgenossenschaft der Welt vereinbar! Es hat den Anschein, dass diese ganzen ehemaligen Beamten der Bauaufsicht nicht hier oben landen nach ihrem irdischen Ableben *zwinker*<\/p>\n<p>In diesem Sinne \u201eauf die Freundschaft!\u201c \u2013<br \/>\nbis die Tage sagt,<\/p>\n<p><a href=\"http:\/\/tierheim-moers.de\/Wordpress\/wp-content\/uploads\/2014\/04\/Tommy-g\u00e4hnt.jpg\"><img loading=\"lazy\" decoding=\"async\" class=\"alignright size-medium wp-image-6409\" src=\"http:\/\/tierheim-moers.de\/Wordpress\/wp-content\/uploads\/2014\/04\/Tommy-g\u00e4hnt-300x168.jpg\" alt=\"Tommy g\u00e4hnt\" width=\"300\" height=\"168\" srcset=\"https:\/\/tierheim-moers.de\/Wordpress\/wp-content\/uploads\/2014\/04\/Tommy-g\u00e4hnt-300x168.jpg 300w, https:\/\/tierheim-moers.de\/Wordpress\/wp-content\/uploads\/2014\/04\/Tommy-g\u00e4hnt.jpg 640w\" sizes=\"(max-width: 300px) 100vw, 300px\" \/><\/a>Euer Tommy<\/p>\n<p>&nbsp;<\/p>\n<p>&nbsp;<\/p>\n<p>&nbsp;<\/p>\n<p style=\"text-align: justify;\">\n<div class=\"shariff shariff-align-flex-start shariff-widget-align-center\" data-url=\"https%3A%2F%2Ftierheim-moers.de%2FWordpress%2Ftommys-wolkenreport-iv%2F\" data-timestamp=\"1522877400\" data-hidezero=\"1\" data-backendurl=\"https:\/\/tierheim-moers.de\/Wordpress\/wp-json\/shariff\/v1\/share_counts?\"><ul class=\"shariff-buttons theme-round orientation-horizontal buttonsize-small\"><li class=\"shariff-button facebook shariff-nocustomcolor\" style=\"background-color:#4273c8\"><a href=\"https:\/\/www.facebook.com\/sharer\/sharer.php?u=https%3A%2F%2Ftierheim-moers.de%2FWordpress%2Ftommys-wolkenreport-iv%2F\" title=\"Bei Facebook teilen\" aria-label=\"Bei Facebook teilen\" role=\"button\" rel=\"nofollow\" class=\"shariff-link\" style=\"; background-color:#3b5998; color:#fff\" target=\"_blank\"><span class=\"shariff-icon\" style=\"\"><svg width=\"32px\" height=\"20px\" xmlns=\"http:\/\/www.w3.org\/2000\/svg\" viewBox=\"0 0 18 32\"><path fill=\"#3b5998\" d=\"M17.1 0.2v4.7h-2.8q-1.5 0-2.1 0.6t-0.5 1.9v3.4h5.2l-0.7 5.3h-4.5v13.6h-5.5v-13.6h-4.5v-5.3h4.5v-3.9q0-3.3 1.9-5.2t5-1.8q2.6 0 4.1 0.2z\"\/><\/svg><\/span><\/a><\/li><li class=\"shariff-button twitter shariff-nocustomcolor\" style=\"background-color:#595959\"><a href=\"https:\/\/twitter.com\/share?url=https%3A%2F%2Ftierheim-moers.de%2FWordpress%2Ftommys-wolkenreport-iv%2F&text=Tommys%20Wolkenreport%20IV\" title=\"Bei X teilen\" aria-label=\"Bei X teilen\" role=\"button\" rel=\"noopener nofollow\" class=\"shariff-link\" style=\"; background-color:#000; color:#fff\" target=\"_blank\"><span class=\"shariff-icon\" style=\"\"><svg width=\"32px\" height=\"20px\" xmlns=\"http:\/\/www.w3.org\/2000\/svg\" viewBox=\"0 0 24 24\"><path fill=\"#000\" d=\"M14.258 10.152L23.176 0h-2.113l-7.747 8.813L7.133 0H0l9.352 13.328L0 23.973h2.113l8.176-9.309 6.531 9.309h7.133zm-2.895 3.293l-.949-1.328L2.875 1.56h3.246l6.086 8.523.945 1.328 7.91 11.078h-3.246zm0 0\"\/><\/svg><\/span><\/a><\/li><li class=\"shariff-button whatsapp shariff-nocustomcolor\" style=\"background-color:#5cbe4a\"><a href=\"https:\/\/api.whatsapp.com\/send?text=https%3A%2F%2Ftierheim-moers.de%2FWordpress%2Ftommys-wolkenreport-iv%2F%20Tommys%20Wolkenreport%20IV\" title=\"Bei Whatsapp teilen\" aria-label=\"Bei Whatsapp teilen\" role=\"button\" rel=\"noopener nofollow\" class=\"shariff-link\" style=\"; background-color:#34af23; color:#fff\" target=\"_blank\"><span class=\"shariff-icon\" style=\"\"><svg width=\"32px\" height=\"20px\" xmlns=\"http:\/\/www.w3.org\/2000\/svg\" viewBox=\"0 0 32 32\"><path fill=\"#34af23\" d=\"M17.6 17.4q0.2 0 1.7 0.8t1.6 0.9q0 0.1 0 0.3 0 0.6-0.3 1.4-0.3 0.7-1.3 1.2t-1.8 0.5q-1 0-3.4-1.1-1.7-0.8-3-2.1t-2.6-3.3q-1.3-1.9-1.3-3.5v-0.1q0.1-1.6 1.3-2.8 0.4-0.4 0.9-0.4 0.1 0 0.3 0t0.3 0q0.3 0 0.5 0.1t0.3 0.5q0.1 0.4 0.6 1.6t0.4 1.3q0 0.4-0.6 1t-0.6 0.8q0 0.1 0.1 0.3 0.6 1.3 1.8 2.4 1 0.9 2.7 1.8 0.2 0.1 0.4 0.1 0.3 0 1-0.9t0.9-0.9zM14 26.9q2.3 0 4.3-0.9t3.6-2.4 2.4-3.6 0.9-4.3-0.9-4.3-2.4-3.6-3.6-2.4-4.3-0.9-4.3 0.9-3.6 2.4-2.4 3.6-0.9 4.3q0 3.6 2.1 6.6l-1.4 4.2 4.3-1.4q2.8 1.9 6.2 1.9zM14 2.2q2.7 0 5.2 1.1t4.3 2.9 2.9 4.3 1.1 5.2-1.1 5.2-2.9 4.3-4.3 2.9-5.2 1.1q-3.5 0-6.5-1.7l-7.4 2.4 2.4-7.2q-1.9-3.2-1.9-6.9 0-2.7 1.1-5.2t2.9-4.3 4.3-2.9 5.2-1.1z\"\/><\/svg><\/span><\/a><\/li><li class=\"shariff-button sms shariff-nocustomcolor shariff-mobile\" style=\"background-color:#d7d9d8\"><a href=\"sms:?&body=https%3A%2F%2Ftierheim-moers.de%2FWordpress%2Ftommys-wolkenreport-iv%2F\" title=\"Per SMS teilen\" aria-label=\"Per SMS teilen\" role=\"button\" rel=\"noopener nofollow\" class=\"shariff-link\" style=\"; background-color:#a1e877; color:#fff\" target=\"_blank\"><span class=\"shariff-icon\" style=\"\"><svg xmlns=\"http:\/\/www.w3.org\/2000\/svg\" width=\"510\" height=\"510\" viewBox=\"0 0 510 510\"><path fill=\"#a1e877\" d=\"M459 0H51C23 0 0 23 0 51v459l102-102h357c28.1 0 51-22.9 51-51V51C510 23 487.1 0 459 0zM178.5 229.5h-51v-51h51V229.5zM280.5 229.5h-51v-51h51V229.5zM382.5 229.5h-51v-51h51V229.5z\"\/><\/svg><\/span><\/a><\/li><\/ul><\/div>","protected":false},"excerpt":{"rendered":"<p>Da bin ich mal wieder&#8230; gut schaut\u2018s aus in den Moerser Katzenstuben. In den letzten Wochen haben mal wieder einige meiner schnurrenden (und manchmal fauchenden) Kollegen ein neues Zuhause gefunden, dass freut mich! Auch wenn ich den Eindruck hatte, dass sie sich bei uns sehr wohl gef\u00fchlt haben, geht doch &#8230;<\/p>\n","protected":false},"author":3,"featured_media":0,"comment_status":"closed","ping_status":"open","sticky":false,"template":"","format":"standard","meta":{"ngg_post_thumbnail":0,"footnotes":""},"categories":[41],"tags":[],"class_list":["post-19064","post","type-post","status-publish","format-standard","hentry","category-tommys-kolumne","column","threecol"],"yoast_head":"<!-- This site is optimized with the Yoast SEO plugin v24.6 - https:\/\/yoast.com\/wordpress\/plugins\/seo\/ -->\n<title>Tommys Wolkenreport IV | TIERHEIM MOERS<\/title>\n<meta name=\"robots\" content=\"index, follow, max-snippet:-1, max-image-preview:large, max-video-preview:-1\" \/>\n<link rel=\"canonical\" href=\"https:\/\/tierheim-moers.de\/Wordpress\/tommys-wolkenreport-iv\/\" \/>\n<meta property=\"og:locale\" content=\"de_DE\" \/>\n<meta property=\"og:type\" content=\"article\" \/>\n<meta property=\"og:title\" content=\"Tommys Wolkenreport IV | TIERHEIM MOERS\" \/>\n<meta property=\"og:description\" content=\"Da bin ich mal wieder&#8230; gut schaut\u2018s aus in den Moerser Katzenstuben. In den letzten Wochen haben mal wieder einige meiner schnurrenden &#8230;\" \/>\n<meta property=\"og:url\" content=\"https:\/\/tierheim-moers.de\/Wordpress\/tommys-wolkenreport-iv\/\" \/>\n<meta property=\"og:site_name\" content=\"TIERHEIM MOERS\" \/>\n<meta property=\"article:publisher\" content=\"https:\/\/de-de.facebook.com\/moers.tierheim\" \/>\n<meta property=\"article:published_time\" content=\"2017-01-01T19:26:33+00:00\" \/>\n<meta property=\"article:modified_time\" content=\"2018-04-04T19:30:00+00:00\" \/>\n<meta property=\"og:image\" content=\"https:\/\/tierheim-moers.de\/Wordpress\/wp-content\/uploads\/2015\/11\/IMG_6192manolo-und-dexter-klein-150x150.jpg\" \/>\n<meta name=\"author\" content=\"tierheim2014\" \/>\n<meta name=\"twitter:card\" content=\"summary_large_image\" \/>\n<meta name=\"twitter:label1\" content=\"Verfasst von\" \/>\n\t<meta name=\"twitter:data1\" content=\"tierheim2014\" \/>\n\t<meta name=\"twitter:label2\" content=\"Gesch\u00e4tzte Lesezeit\" \/>\n\t<meta name=\"twitter:data2\" content=\"9\u00a0Minuten\" \/>\n<script type=\"application\/ld+json\" class=\"yoast-schema-graph\">{\"@context\":\"https:\/\/schema.org\",\"@graph\":[{\"@type\":\"Article\",\"@id\":\"https:\/\/tierheim-moers.de\/Wordpress\/tommys-wolkenreport-iv\/#article\",\"isPartOf\":{\"@id\":\"https:\/\/tierheim-moers.de\/Wordpress\/tommys-wolkenreport-iv\/\"},\"author\":{\"name\":\"tierheim2014\",\"@id\":\"https:\/\/tierheim-moers.de\/Wordpress\/#\/schema\/person\/bb66fcdf55ca8d06b229c0e748f4a4db\"},\"headline\":\"Tommys Wolkenreport IV\",\"datePublished\":\"2017-01-01T19:26:33+00:00\",\"dateModified\":\"2018-04-04T19:30:00+00:00\",\"mainEntityOfPage\":{\"@id\":\"https:\/\/tierheim-moers.de\/Wordpress\/tommys-wolkenreport-iv\/\"},\"wordCount\":1760,\"publisher\":{\"@id\":\"https:\/\/tierheim-moers.de\/Wordpress\/#organization\"},\"image\":{\"@id\":\"https:\/\/tierheim-moers.de\/Wordpress\/tommys-wolkenreport-iv\/#primaryimage\"},\"thumbnailUrl\":\"http:\/\/tierheim-moers.de\/Wordpress\/wp-content\/uploads\/2014\/04\/Tommy1-300x300.png\",\"articleSection\":[\"Tommys Kolumne\"],\"inLanguage\":\"de\"},{\"@type\":\"WebPage\",\"@id\":\"https:\/\/tierheim-moers.de\/Wordpress\/tommys-wolkenreport-iv\/\",\"url\":\"https:\/\/tierheim-moers.de\/Wordpress\/tommys-wolkenreport-iv\/\",\"name\":\"Tommys Wolkenreport IV | TIERHEIM MOERS\",\"isPartOf\":{\"@id\":\"https:\/\/tierheim-moers.de\/Wordpress\/#website\"},\"primaryImageOfPage\":{\"@id\":\"https:\/\/tierheim-moers.de\/Wordpress\/tommys-wolkenreport-iv\/#primaryimage\"},\"image\":{\"@id\":\"https:\/\/tierheim-moers.de\/Wordpress\/tommys-wolkenreport-iv\/#primaryimage\"},\"thumbnailUrl\":\"http:\/\/tierheim-moers.de\/Wordpress\/wp-content\/uploads\/2014\/04\/Tommy1-300x300.png\",\"datePublished\":\"2017-01-01T19:26:33+00:00\",\"dateModified\":\"2018-04-04T19:30:00+00:00\",\"breadcrumb\":{\"@id\":\"https:\/\/tierheim-moers.de\/Wordpress\/tommys-wolkenreport-iv\/#breadcrumb\"},\"inLanguage\":\"de\",\"potentialAction\":[{\"@type\":\"ReadAction\",\"target\":[\"https:\/\/tierheim-moers.de\/Wordpress\/tommys-wolkenreport-iv\/\"]}]},{\"@type\":\"ImageObject\",\"inLanguage\":\"de\",\"@id\":\"https:\/\/tierheim-moers.de\/Wordpress\/tommys-wolkenreport-iv\/#primaryimage\",\"url\":\"https:\/\/tierheim-moers.de\/Wordpress\/wp-content\/uploads\/2014\/04\/Tommy1.png\",\"contentUrl\":\"https:\/\/tierheim-moers.de\/Wordpress\/wp-content\/uploads\/2014\/04\/Tommy1.png\",\"width\":403,\"height\":403},{\"@type\":\"BreadcrumbList\",\"@id\":\"https:\/\/tierheim-moers.de\/Wordpress\/tommys-wolkenreport-iv\/#breadcrumb\",\"itemListElement\":[{\"@type\":\"ListItem\",\"position\":1,\"name\":\"Startseite\",\"item\":\"https:\/\/tierheim-moers.de\/Wordpress\/\"},{\"@type\":\"ListItem\",\"position\":2,\"name\":\"Tommys Wolkenreport IV\"}]},{\"@type\":\"WebSite\",\"@id\":\"https:\/\/tierheim-moers.de\/Wordpress\/#website\",\"url\":\"https:\/\/tierheim-moers.de\/Wordpress\/\",\"name\":\"Tierheim Moers\",\"description\":\"Tierheim | Hundepension | Tierschutz | Moers\",\"publisher\":{\"@id\":\"https:\/\/tierheim-moers.de\/Wordpress\/#organization\"},\"potentialAction\":[{\"@type\":\"SearchAction\",\"target\":{\"@type\":\"EntryPoint\",\"urlTemplate\":\"https:\/\/tierheim-moers.de\/Wordpress\/?s={search_term_string}\"},\"query-input\":{\"@type\":\"PropertyValueSpecification\",\"valueRequired\":true,\"valueName\":\"search_term_string\"}}],\"inLanguage\":\"de\"},{\"@type\":\"Organization\",\"@id\":\"https:\/\/tierheim-moers.de\/Wordpress\/#organization\",\"name\":\"Tierheim Moers\",\"url\":\"https:\/\/tierheim-moers.de\/Wordpress\/\",\"logo\":{\"@type\":\"ImageObject\",\"inLanguage\":\"de\",\"@id\":\"https:\/\/tierheim-moers.de\/Wordpress\/#\/schema\/logo\/image\/\",\"url\":\"https:\/\/tierheim-moers.de\/Wordpress\/wp-content\/uploads\/2014\/04\/Logo-TSV-Moers-V01-RGB-300.png\",\"contentUrl\":\"https:\/\/tierheim-moers.de\/Wordpress\/wp-content\/uploads\/2014\/04\/Logo-TSV-Moers-V01-RGB-300.png\",\"width\":1052,\"height\":1038,\"caption\":\"Tierheim Moers\"},\"image\":{\"@id\":\"https:\/\/tierheim-moers.de\/Wordpress\/#\/schema\/logo\/image\/\"},\"sameAs\":[\"https:\/\/de-de.facebook.com\/moers.tierheim\"]},{\"@type\":\"Person\",\"@id\":\"https:\/\/tierheim-moers.de\/Wordpress\/#\/schema\/person\/bb66fcdf55ca8d06b229c0e748f4a4db\",\"name\":\"tierheim2014\",\"image\":{\"@type\":\"ImageObject\",\"inLanguage\":\"de\",\"@id\":\"https:\/\/tierheim-moers.de\/Wordpress\/#\/schema\/person\/image\/\",\"url\":\"https:\/\/secure.gravatar.com\/avatar\/a11d93b0c6655bcc0a595174970baea60c3be93d07d0c82976034f22f0e26a03?s=96&d=mm&r=g\",\"contentUrl\":\"https:\/\/secure.gravatar.com\/avatar\/a11d93b0c6655bcc0a595174970baea60c3be93d07d0c82976034f22f0e26a03?s=96&d=mm&r=g\",\"caption\":\"tierheim2014\"},\"url\":\"https:\/\/tierheim-moers.de\/Wordpress\/author\/tierheim2014\/\"}]}<\/script>\n<!-- \/ Yoast SEO plugin. -->","yoast_head_json":{"title":"Tommys Wolkenreport IV | TIERHEIM MOERS","robots":{"index":"index","follow":"follow","max-snippet":"max-snippet:-1","max-image-preview":"max-image-preview:large","max-video-preview":"max-video-preview:-1"},"canonical":"https:\/\/tierheim-moers.de\/Wordpress\/tommys-wolkenreport-iv\/","og_locale":"de_DE","og_type":"article","og_title":"Tommys Wolkenreport IV | TIERHEIM MOERS","og_description":"Da bin ich mal wieder&#8230; gut schaut\u2018s aus in den Moerser Katzenstuben. In den letzten Wochen haben mal wieder einige meiner schnurrenden &#8230;","og_url":"https:\/\/tierheim-moers.de\/Wordpress\/tommys-wolkenreport-iv\/","og_site_name":"TIERHEIM MOERS","article_publisher":"https:\/\/de-de.facebook.com\/moers.tierheim","article_published_time":"2017-01-01T19:26:33+00:00","article_modified_time":"2018-04-04T19:30:00+00:00","og_image":[{"url":"https:\/\/tierheim-moers.de\/Wordpress\/wp-content\/uploads\/2015\/11\/IMG_6192manolo-und-dexter-klein-150x150.jpg","type":"","width":"","height":""}],"author":"tierheim2014","twitter_card":"summary_large_image","twitter_misc":{"Verfasst von":"tierheim2014","Gesch\u00e4tzte Lesezeit":"9\u00a0Minuten"},"schema":{"@context":"https:\/\/schema.org","@graph":[{"@type":"Article","@id":"https:\/\/tierheim-moers.de\/Wordpress\/tommys-wolkenreport-iv\/#article","isPartOf":{"@id":"https:\/\/tierheim-moers.de\/Wordpress\/tommys-wolkenreport-iv\/"},"author":{"name":"tierheim2014","@id":"https:\/\/tierheim-moers.de\/Wordpress\/#\/schema\/person\/bb66fcdf55ca8d06b229c0e748f4a4db"},"headline":"Tommys Wolkenreport IV","datePublished":"2017-01-01T19:26:33+00:00","dateModified":"2018-04-04T19:30:00+00:00","mainEntityOfPage":{"@id":"https:\/\/tierheim-moers.de\/Wordpress\/tommys-wolkenreport-iv\/"},"wordCount":1760,"publisher":{"@id":"https:\/\/tierheim-moers.de\/Wordpress\/#organization"},"image":{"@id":"https:\/\/tierheim-moers.de\/Wordpress\/tommys-wolkenreport-iv\/#primaryimage"},"thumbnailUrl":"http:\/\/tierheim-moers.de\/Wordpress\/wp-content\/uploads\/2014\/04\/Tommy1-300x300.png","articleSection":["Tommys Kolumne"],"inLanguage":"de"},{"@type":"WebPage","@id":"https:\/\/tierheim-moers.de\/Wordpress\/tommys-wolkenreport-iv\/","url":"https:\/\/tierheim-moers.de\/Wordpress\/tommys-wolkenreport-iv\/","name":"Tommys Wolkenreport IV | TIERHEIM MOERS","isPartOf":{"@id":"https:\/\/tierheim-moers.de\/Wordpress\/#website"},"primaryImageOfPage":{"@id":"https:\/\/tierheim-moers.de\/Wordpress\/tommys-wolkenreport-iv\/#primaryimage"},"image":{"@id":"https:\/\/tierheim-moers.de\/Wordpress\/tommys-wolkenreport-iv\/#primaryimage"},"thumbnailUrl":"http:\/\/tierheim-moers.de\/Wordpress\/wp-content\/uploads\/2014\/04\/Tommy1-300x300.png","datePublished":"2017-01-01T19:26:33+00:00","dateModified":"2018-04-04T19:30:00+00:00","breadcrumb":{"@id":"https:\/\/tierheim-moers.de\/Wordpress\/tommys-wolkenreport-iv\/#breadcrumb"},"inLanguage":"de","potentialAction":[{"@type":"ReadAction","target":["https:\/\/tierheim-moers.de\/Wordpress\/tommys-wolkenreport-iv\/"]}]},{"@type":"ImageObject","inLanguage":"de","@id":"https:\/\/tierheim-moers.de\/Wordpress\/tommys-wolkenreport-iv\/#primaryimage","url":"https:\/\/tierheim-moers.de\/Wordpress\/wp-content\/uploads\/2014\/04\/Tommy1.png","contentUrl":"https:\/\/tierheim-moers.de\/Wordpress\/wp-content\/uploads\/2014\/04\/Tommy1.png","width":403,"height":403},{"@type":"BreadcrumbList","@id":"https:\/\/tierheim-moers.de\/Wordpress\/tommys-wolkenreport-iv\/#breadcrumb","itemListElement":[{"@type":"ListItem","position":1,"name":"Startseite","item":"https:\/\/tierheim-moers.de\/Wordpress\/"},{"@type":"ListItem","position":2,"name":"Tommys Wolkenreport IV"}]},{"@type":"WebSite","@id":"https:\/\/tierheim-moers.de\/Wordpress\/#website","url":"https:\/\/tierheim-moers.de\/Wordpress\/","name":"Tierheim Moers","description":"Tierheim | Hundepension | Tierschutz | Moers","publisher":{"@id":"https:\/\/tierheim-moers.de\/Wordpress\/#organization"},"potentialAction":[{"@type":"SearchAction","target":{"@type":"EntryPoint","urlTemplate":"https:\/\/tierheim-moers.de\/Wordpress\/?s={search_term_string}"},"query-input":{"@type":"PropertyValueSpecification","valueRequired":true,"valueName":"search_term_string"}}],"inLanguage":"de"},{"@type":"Organization","@id":"https:\/\/tierheim-moers.de\/Wordpress\/#organization","name":"Tierheim Moers","url":"https:\/\/tierheim-moers.de\/Wordpress\/","logo":{"@type":"ImageObject","inLanguage":"de","@id":"https:\/\/tierheim-moers.de\/Wordpress\/#\/schema\/logo\/image\/","url":"https:\/\/tierheim-moers.de\/Wordpress\/wp-content\/uploads\/2014\/04\/Logo-TSV-Moers-V01-RGB-300.png","contentUrl":"https:\/\/tierheim-moers.de\/Wordpress\/wp-content\/uploads\/2014\/04\/Logo-TSV-Moers-V01-RGB-300.png","width":1052,"height":1038,"caption":"Tierheim Moers"},"image":{"@id":"https:\/\/tierheim-moers.de\/Wordpress\/#\/schema\/logo\/image\/"},"sameAs":["https:\/\/de-de.facebook.com\/moers.tierheim"]},{"@type":"Person","@id":"https:\/\/tierheim-moers.de\/Wordpress\/#\/schema\/person\/bb66fcdf55ca8d06b229c0e748f4a4db","name":"tierheim2014","image":{"@type":"ImageObject","inLanguage":"de","@id":"https:\/\/tierheim-moers.de\/Wordpress\/#\/schema\/person\/image\/","url":"https:\/\/secure.gravatar.com\/avatar\/a11d93b0c6655bcc0a595174970baea60c3be93d07d0c82976034f22f0e26a03?s=96&d=mm&r=g","contentUrl":"https:\/\/secure.gravatar.com\/avatar\/a11d93b0c6655bcc0a595174970baea60c3be93d07d0c82976034f22f0e26a03?s=96&d=mm&r=g","caption":"tierheim2014"},"url":"https:\/\/tierheim-moers.de\/Wordpress\/author\/tierheim2014\/"}]}},"_links":{"self":[{"href":"https:\/\/tierheim-moers.de\/Wordpress\/wp-json\/wp\/v2\/posts\/19064","targetHints":{"allow":["GET"]}}],"collection":[{"href":"https:\/\/tierheim-moers.de\/Wordpress\/wp-json\/wp\/v2\/posts"}],"about":[{"href":"https:\/\/tierheim-moers.de\/Wordpress\/wp-json\/wp\/v2\/types\/post"}],"author":[{"embeddable":true,"href":"https:\/\/tierheim-moers.de\/Wordpress\/wp-json\/wp\/v2\/users\/3"}],"replies":[{"embeddable":true,"href":"https:\/\/tierheim-moers.de\/Wordpress\/wp-json\/wp\/v2\/comments?post=19064"}],"version-history":[{"count":1,"href":"https:\/\/tierheim-moers.de\/Wordpress\/wp-json\/wp\/v2\/posts\/19064\/revisions"}],"predecessor-version":[{"id":19065,"href":"https:\/\/tierheim-moers.de\/Wordpress\/wp-json\/wp\/v2\/posts\/19064\/revisions\/19065"}],"wp:attachment":[{"href":"https:\/\/tierheim-moers.de\/Wordpress\/wp-json\/wp\/v2\/media?parent=19064"}],"wp:term":[{"taxonomy":"category","embeddable":true,"href":"https:\/\/tierheim-moers.de\/Wordpress\/wp-json\/wp\/v2\/categories?post=19064"},{"taxonomy":"post_tag","embeddable":true,"href":"https:\/\/tierheim-moers.de\/Wordpress\/wp-json\/wp\/v2\/tags?post=19064"}],"curies":[{"name":"wp","href":"https:\/\/api.w.org\/{rel}","templated":true}]}}