{"id":22361,"date":"2018-12-14T13:09:51","date_gmt":"2018-12-14T11:09:51","guid":{"rendered":"http:\/\/tierheim-moers.de\/Wordpress\/?p=22361"},"modified":"2018-12-23T12:28:11","modified_gmt":"2018-12-23T10:28:11","slug":"paulas-jahresrueckblick","status":"publish","type":"post","link":"https:\/\/tierheim-moers.de\/Wordpress\/paulas-jahresrueckblick\/","title":{"rendered":"Paulas Jahresr\u00fcckblick"},"content":{"rendered":"\t\t<div data-elementor-type=\"wp-post\" data-elementor-id=\"22361\" class=\"elementor elementor-22361 elementor-bc-flex-widget\">\n\t\t\t\t\t\t<section class=\"elementor-section elementor-top-section elementor-element elementor-element-c04787d elementor-section-boxed elementor-section-height-default elementor-section-height-default\" data-id=\"c04787d\" data-element_type=\"section\">\n\t\t\t\t\t\t<div class=\"elementor-container elementor-column-gap-default\">\n\t\t\t\t\t<div class=\"elementor-column elementor-col-100 elementor-top-column elementor-element elementor-element-a2ba67d\" data-id=\"a2ba67d\" data-element_type=\"column\">\n\t\t\t<div class=\"elementor-widget-wrap elementor-element-populated\">\n\t\t\t\t\t\t<div class=\"elementor-element elementor-element-497f26a elementor-widget elementor-widget-text-editor\" data-id=\"497f26a\" data-element_type=\"widget\" data-widget_type=\"text-editor.default\">\n\t\t\t\t<div class=\"elementor-widget-container\">\n\t\t\t\t\t\t\t\t\t<p style=\"margin-bottom: 0cm;\"><span style=\"font-family: Arial, sans-serif;\">Hallo Ihr Lieben, <\/span><\/p><p style=\"margin-bottom: 0cm;\">\u00a0<\/p><p style=\"margin-bottom: 0cm;\"><span style=\"font-family: Arial, sans-serif;\">das Jahr 2018 neigt sich in gro\u00dfen Schritten dem Ende entgegen und ich m\u00f6chte mich f\u00fcr dieses Jahr ein letztes mal bei Euch melden. 2018 war auch das Jahr, in dem &#8211; neben meinen unz\u00e4hlig vielen Aufgaben &#8211; meine &#8220;Karriere&#8221; als Paula Kolumna begonnen hat. Mir hat es viel Spa\u00df gemacht, Euch aus meinem Hotel zu berichten und ich hoffe sehr, dass auch Ihr Freude an all den informativen, hoffnungsvollen und manchmal auch mahnenden Worten hattet.<\/span><\/p><p style=\"margin-bottom: 0cm;\">\u00a0<\/p><p>\u00a0<\/p><p style=\"margin-bottom: 0cm;\"><span style=\"font-family: Arial, sans-serif;\">Was liegt nun n\u00e4her, als noch einmal auf 2018 zur\u00fcck zu blicken. Ich habe mich nat\u00fcrlich im Vorfeld ein wenig auf diesen R\u00fcckblick vorbereitet und bei meiner Recherche hatte ich den Eindruck, dass man so etwas auch Gesch\u00e4ftsbericht nennt und dass es um Zahlen geht. Ich bin also durch alle Hotelzimmer gegangen und habe mal zusammen gerechnet, wie viele meiner G\u00e4ste in diesem Jahr ein Forever Home gefunden haben. Es ist die wirklich beeindruckende Zahl von \u00fcber 300 Tieren. Das hei\u00dft, wenn man das mal etwas bildlicher darstellen m\u00f6chte, ist beinahe jeden Tag des Jahres &#8211; au\u00dfer sonntags &#8211; ein Tier in sein neues Zuhause gezogen.<\/span><\/p>\t\t\t\t\t\t\t\t<\/div>\n\t\t\t\t<\/div>\n\t\t\t\t\t<\/div>\n\t\t<\/div>\n\t\t\t\t\t<\/div>\n\t\t<\/section>\n\t\t\t\t<section class=\"elementor-section elementor-top-section elementor-element elementor-element-2c9f677 elementor-section-boxed elementor-section-height-default elementor-section-height-default\" data-id=\"2c9f677\" data-element_type=\"section\">\n\t\t\t\t\t\t<div class=\"elementor-container elementor-column-gap-default\">\n\t\t\t\t\t<div class=\"elementor-column elementor-col-100 elementor-top-column elementor-element elementor-element-540f988\" data-id=\"540f988\" data-element_type=\"column\">\n\t\t\t<div class=\"elementor-widget-wrap elementor-element-populated\">\n\t\t\t\t\t\t<section class=\"elementor-section elementor-inner-section elementor-element elementor-element-3f5689e elementor-section-boxed elementor-section-height-default elementor-section-height-default\" data-id=\"3f5689e\" data-element_type=\"section\">\n\t\t\t\t\t\t<div class=\"elementor-container elementor-column-gap-default\">\n\t\t\t\t\t<div class=\"elementor-column elementor-col-50 elementor-inner-column elementor-element elementor-element-9fafa16\" data-id=\"9fafa16\" data-element_type=\"column\">\n\t\t\t<div class=\"elementor-widget-wrap elementor-element-populated\">\n\t\t\t\t\t\t<div class=\"elementor-element elementor-element-72bcff0 elementor-widget elementor-widget-image\" data-id=\"72bcff0\" data-element_type=\"widget\" data-widget_type=\"image.default\">\n\t\t\t\t<div class=\"elementor-widget-container\">\n\t\t\t\t\t\t\t\t\t\t\t\t\t\t\t<img fetchpriority=\"high\" decoding=\"async\" width=\"660\" height=\"660\" src=\"https:\/\/tierheim-moers.de\/Wordpress\/wp-content\/uploads\/2018\/12\/Paula13-1024x1024.jpg\" class=\"attachment-large size-large wp-image-22363\" alt=\"\" srcset=\"https:\/\/tierheim-moers.de\/Wordpress\/wp-content\/uploads\/2018\/12\/Paula13-1024x1024.jpg 1024w, https:\/\/tierheim-moers.de\/Wordpress\/wp-content\/uploads\/2018\/12\/Paula13-150x150.jpg 150w, https:\/\/tierheim-moers.de\/Wordpress\/wp-content\/uploads\/2018\/12\/Paula13-300x300.jpg 300w, https:\/\/tierheim-moers.de\/Wordpress\/wp-content\/uploads\/2018\/12\/Paula13-768x768.jpg 768w, https:\/\/tierheim-moers.de\/Wordpress\/wp-content\/uploads\/2018\/12\/Paula13-600x600.jpg 600w, https:\/\/tierheim-moers.de\/Wordpress\/wp-content\/uploads\/2018\/12\/Paula13-432x432.jpg 432w, https:\/\/tierheim-moers.de\/Wordpress\/wp-content\/uploads\/2018\/12\/Paula13-268x268.jpg 268w, https:\/\/tierheim-moers.de\/Wordpress\/wp-content\/uploads\/2018\/12\/Paula13-700x700.jpg 700w, https:\/\/tierheim-moers.de\/Wordpress\/wp-content\/uploads\/2018\/12\/Paula13-45x45.jpg 45w\" sizes=\"(max-width: 660px) 100vw, 660px\" \/>\t\t\t\t\t\t\t\t\t\t\t\t\t\t\t<\/div>\n\t\t\t\t<\/div>\n\t\t\t\t\t<\/div>\n\t\t<\/div>\n\t\t\t\t<div class=\"elementor-column elementor-col-50 elementor-inner-column elementor-element elementor-element-036895d\" data-id=\"036895d\" data-element_type=\"column\">\n\t\t\t<div class=\"elementor-widget-wrap elementor-element-populated\">\n\t\t\t\t\t\t<div class=\"elementor-element elementor-element-b87f3d3 elementor-widget elementor-widget-text-editor\" data-id=\"b87f3d3\" data-element_type=\"widget\" data-widget_type=\"text-editor.default\">\n\t\t\t\t<div class=\"elementor-widget-container\">\n\t\t\t\t\t\t\t\t\t<p style=\"margin-bottom: 0cm;\"><span style=\"font-family: Arial, sans-serif;\">Was ich tats\u00e4chlich nicht mehr nachvollziehen kann, ist die Menge an meiner geliebten Katzenmilch, die ihr mir geschenkt habt &#8230; und die ich nat\u00fcrlich auch immer mit meinen Hotelg\u00e4sten teile &#8211; wenn auch mit einem weinenden Auge. Ich kann Euch aber soviel sagen: es war fast genug. Warum nur fast, fragt Ihr &#8230; na das ist doch selbsterkl\u00e4rend: weil man einfach nie genug Katzenmilch haben kann.<\/span><\/p>\t\t\t\t\t\t\t\t<\/div>\n\t\t\t\t<\/div>\n\t\t\t\t\t<\/div>\n\t\t<\/div>\n\t\t\t\t\t<\/div>\n\t\t<\/section>\n\t\t\t\t\t<\/div>\n\t\t<\/div>\n\t\t\t\t\t<\/div>\n\t\t<\/section>\n\t\t\t\t<section class=\"elementor-section elementor-top-section elementor-element elementor-element-3d43c93 elementor-section-boxed elementor-section-height-default elementor-section-height-default\" data-id=\"3d43c93\" data-element_type=\"section\">\n\t\t\t\t\t\t<div class=\"elementor-container elementor-column-gap-default\">\n\t\t\t\t\t<div class=\"elementor-column elementor-col-100 elementor-top-column elementor-element elementor-element-5df9148\" data-id=\"5df9148\" data-element_type=\"column\">\n\t\t\t<div class=\"elementor-widget-wrap elementor-element-populated\">\n\t\t\t\t\t\t<div class=\"elementor-element elementor-element-42f9733 elementor-widget elementor-widget-text-editor\" data-id=\"42f9733\" data-element_type=\"widget\" data-widget_type=\"text-editor.default\">\n\t\t\t\t<div class=\"elementor-widget-container\">\n\t\t\t\t\t\t\t\t\t<p style=\"margin-bottom: 0cm;\"><span style=\"font-family: Arial, sans-serif;\">Aber ich komme vom Thema ab &#8230; Die Zahl von \u00fcber 300 Tieren setzt sich nat\u00fcrlich nicht nur aus Katzen zusammen. Auch Kaninchen, Meerschweinchen, Hunde und V\u00f6gel haben ihr Zuhause gefunden. Und nicht zu vergessen: sehr viele Ratten. 2018 war eine Art &#8220;Rattenjahr&#8221; &#8211; so viele dieser langschw\u00e4nzigen Nager kamen zu uns, weil sie es dort, wo sie vorher wohnten, nicht gut hatten, dass ich manchmal das Gef\u00fchl hatte, ein Rattenhotel zu sein.<\/span><\/p>\t\t\t\t\t\t\t\t<\/div>\n\t\t\t\t<\/div>\n\t\t\t\t\t<\/div>\n\t\t<\/div>\n\t\t\t\t\t<\/div>\n\t\t<\/section>\n\t\t\t\t<section class=\"elementor-section elementor-top-section elementor-element elementor-element-fe7b6b3 elementor-section-boxed elementor-section-height-default elementor-section-height-default\" data-id=\"fe7b6b3\" data-element_type=\"section\">\n\t\t\t\t\t\t<div class=\"elementor-container elementor-column-gap-default\">\n\t\t\t\t\t<div class=\"elementor-column elementor-col-50 elementor-top-column elementor-element elementor-element-6b7eef3\" data-id=\"6b7eef3\" data-element_type=\"column\">\n\t\t\t<div class=\"elementor-widget-wrap elementor-element-populated\">\n\t\t\t\t\t\t<div class=\"elementor-element elementor-element-98094a9 elementor-widget elementor-widget-text-editor\" data-id=\"98094a9\" data-element_type=\"widget\" data-widget_type=\"text-editor.default\">\n\t\t\t\t<div class=\"elementor-widget-container\">\n\t\t\t\t\t\t\t\t\t<p style=\"margin-bottom: 0cm;\"><span style=\"font-family: Arial, sans-serif;\">Ich war bisher immer ehrlich zu Euch und will das auch jetzt sein. Eine kleine Stimme in mir, die von meinen letzten wilden Genen gesteuert wird &#8211; und jeder, der im Dienste einer Katze steht, wei\u00df, dass wir alle noch wilde Gene haben &#8211; hat in der ein oder anderen ruhigen Minute zu mir gesagt: &#8220;Paula &#8230; denk doch mal nach &#8230; all die Nager &#8230; und dann die hungrigen Katzen &#8230; siehst Du die M\u00f6glichkeiten nicht auch?&#8221;<\/span><\/p>\t\t\t\t\t\t\t\t<\/div>\n\t\t\t\t<\/div>\n\t\t\t\t\t<\/div>\n\t\t<\/div>\n\t\t\t\t<div class=\"elementor-column elementor-col-50 elementor-top-column elementor-element elementor-element-023b18a\" data-id=\"023b18a\" data-element_type=\"column\">\n\t\t\t<div class=\"elementor-widget-wrap elementor-element-populated\">\n\t\t\t\t\t\t<div class=\"elementor-element elementor-element-285ce7f elementor-widget elementor-widget-image\" data-id=\"285ce7f\" data-element_type=\"widget\" data-widget_type=\"image.default\">\n\t\t\t\t<div class=\"elementor-widget-container\">\n\t\t\t\t\t\t\t\t\t\t\t\t\t\t\t<img decoding=\"async\" width=\"660\" height=\"660\" src=\"https:\/\/tierheim-moers.de\/Wordpress\/wp-content\/uploads\/2018\/12\/0818RattenS3-1024x1024.jpg\" class=\"attachment-large size-large wp-image-22364\" alt=\"\" srcset=\"https:\/\/tierheim-moers.de\/Wordpress\/wp-content\/uploads\/2018\/12\/0818RattenS3-1024x1024.jpg 1024w, https:\/\/tierheim-moers.de\/Wordpress\/wp-content\/uploads\/2018\/12\/0818RattenS3-150x150.jpg 150w, https:\/\/tierheim-moers.de\/Wordpress\/wp-content\/uploads\/2018\/12\/0818RattenS3-300x300.jpg 300w, https:\/\/tierheim-moers.de\/Wordpress\/wp-content\/uploads\/2018\/12\/0818RattenS3-768x768.jpg 768w, https:\/\/tierheim-moers.de\/Wordpress\/wp-content\/uploads\/2018\/12\/0818RattenS3-600x600.jpg 600w, https:\/\/tierheim-moers.de\/Wordpress\/wp-content\/uploads\/2018\/12\/0818RattenS3-432x432.jpg 432w, https:\/\/tierheim-moers.de\/Wordpress\/wp-content\/uploads\/2018\/12\/0818RattenS3-268x268.jpg 268w, https:\/\/tierheim-moers.de\/Wordpress\/wp-content\/uploads\/2018\/12\/0818RattenS3-700x700.jpg 700w, https:\/\/tierheim-moers.de\/Wordpress\/wp-content\/uploads\/2018\/12\/0818RattenS3-45x45.jpg 45w\" sizes=\"(max-width: 660px) 100vw, 660px\" \/>\t\t\t\t\t\t\t\t\t\t\t\t\t\t\t<\/div>\n\t\t\t\t<\/div>\n\t\t\t\t\t<\/div>\n\t\t<\/div>\n\t\t\t\t\t<\/div>\n\t\t<\/section>\n\t\t\t\t<section class=\"elementor-section elementor-top-section elementor-element elementor-element-b5d6418 elementor-section-boxed elementor-section-height-default elementor-section-height-default\" data-id=\"b5d6418\" data-element_type=\"section\">\n\t\t\t\t\t\t<div class=\"elementor-container elementor-column-gap-default\">\n\t\t\t\t\t<div class=\"elementor-column elementor-col-100 elementor-top-column elementor-element elementor-element-511c972\" data-id=\"511c972\" data-element_type=\"column\">\n\t\t\t<div class=\"elementor-widget-wrap elementor-element-populated\">\n\t\t\t\t\t\t<div class=\"elementor-element elementor-element-81e93d0 elementor-widget elementor-widget-text-editor\" data-id=\"81e93d0\" data-element_type=\"widget\" data-widget_type=\"text-editor.default\">\n\t\t\t\t<div class=\"elementor-widget-container\">\n\t\t\t\t\t\t\t\t\t<p style=\"margin-bottom: 0cm;\"><span style=\"font-family: Arial, sans-serif;\">Und manches Mal zuckte meine Schwanzspitze, wenn diese Stimme mit mir sprach, aber ich bin eine kultivierte Hotelchefin und selbstverst\u00e4ndlich haben meine Mitarbeiter all die Ratten gut versorgt und sie in neue Zuhause vermittelt &#8230; nur zur Sicherheit in Zuhause ohne Katzen &#8211; wir wissen schlie\u00dflich nicht, ob alle Samtpfoten so kultiviert sind, wie ich es bin.<\/span><\/p><p>\u00a0<\/p><p style=\"margin-bottom: 0cm;\">\u00a0<\/p>\t\t\t\t\t\t\t\t<\/div>\n\t\t\t\t<\/div>\n\t\t\t\t\t<\/div>\n\t\t<\/div>\n\t\t\t\t\t<\/div>\n\t\t<\/section>\n\t\t\t\t<section class=\"elementor-section elementor-top-section elementor-element elementor-element-af6ccff elementor-section-boxed elementor-section-height-default elementor-section-height-default\" data-id=\"af6ccff\" data-element_type=\"section\">\n\t\t\t\t\t\t<div class=\"elementor-container elementor-column-gap-default\">\n\t\t\t\t\t<div class=\"elementor-column elementor-col-100 elementor-top-column elementor-element elementor-element-93e4ecd\" data-id=\"93e4ecd\" data-element_type=\"column\">\n\t\t\t<div class=\"elementor-widget-wrap elementor-element-populated\">\n\t\t\t\t\t\t<div class=\"elementor-element elementor-element-8e4be2e elementor-widget elementor-widget-text-editor\" data-id=\"8e4be2e\" data-element_type=\"widget\" data-widget_type=\"text-editor.default\">\n\t\t\t\t<div class=\"elementor-widget-container\">\n\t\t\t\t\t\t\t\t\t<p style=\"margin-bottom: 0cm;\"><span style=\"font-family: Arial, sans-serif;\">Ach, jetzt bin ich ja schon wieder ganz weg von meinem eigentlichen Thema &#8230; w\u00e4hrend ich so diese Zahlen rausgesucht habe, hatte ich sofort den Gedanken: was sagt das eigentlich aus? Ja, sicher &#8230; jeden Tag ein Tier und so &#8230; sch\u00f6nes Bild &#8230; aber das sagt rein gar nichts aus \u00fcber all die Bem\u00fchungen, Sorgen, Gedanken und Schicksale, die dahinter stehen.<\/span><\/p><p style=\"margin-bottom: 0cm;\">\u00a0<\/p><p style=\"margin-bottom: 0cm;\"><span style=\"font-family: Arial, sans-serif;\">Deswegen m\u00f6chte ich Euch jetzt mitnehmen in ein Jahr 2018 jenseits der Zahlen. Nat\u00fcrlich nur auszugsweise &#8211; sonst w\u00e4re es keine Kolumne mehr sondern ein Buch.<\/span><\/p><p>\u00a0<\/p><p style=\"margin-bottom: 0cm;\">\u00a0<\/p>\t\t\t\t\t\t\t\t<\/div>\n\t\t\t\t<\/div>\n\t\t\t\t\t<\/div>\n\t\t<\/div>\n\t\t\t\t\t<\/div>\n\t\t<\/section>\n\t\t\t\t<section class=\"elementor-section elementor-top-section elementor-element elementor-element-bc1608c elementor-section-boxed elementor-section-height-default elementor-section-height-default\" data-id=\"bc1608c\" data-element_type=\"section\">\n\t\t\t\t\t\t<div class=\"elementor-container elementor-column-gap-default\">\n\t\t\t\t\t<div class=\"elementor-column elementor-col-50 elementor-top-column elementor-element elementor-element-b9a9ed8\" data-id=\"b9a9ed8\" data-element_type=\"column\">\n\t\t\t<div class=\"elementor-widget-wrap elementor-element-populated\">\n\t\t\t\t\t\t<div class=\"elementor-element elementor-element-00c8211 elementor-widget elementor-widget-image\" data-id=\"00c8211\" data-element_type=\"widget\" data-widget_type=\"image.default\">\n\t\t\t\t<div class=\"elementor-widget-container\">\n\t\t\t\t\t\t\t\t\t\t\t\t\t\t\t<img decoding=\"async\" width=\"660\" height=\"462\" src=\"https:\/\/tierheim-moers.de\/Wordpress\/wp-content\/uploads\/2018\/12\/Sky4-1024x717.jpg\" class=\"attachment-large size-large wp-image-22370\" alt=\"\" srcset=\"https:\/\/tierheim-moers.de\/Wordpress\/wp-content\/uploads\/2018\/12\/Sky4-1024x717.jpg 1024w, https:\/\/tierheim-moers.de\/Wordpress\/wp-content\/uploads\/2018\/12\/Sky4-300x210.jpg 300w, https:\/\/tierheim-moers.de\/Wordpress\/wp-content\/uploads\/2018\/12\/Sky4-768x538.jpg 768w, https:\/\/tierheim-moers.de\/Wordpress\/wp-content\/uploads\/2018\/12\/Sky4-600x420.jpg 600w, https:\/\/tierheim-moers.de\/Wordpress\/wp-content\/uploads\/2018\/12\/Sky4-700x490.jpg 700w\" sizes=\"(max-width: 660px) 100vw, 660px\" \/>\t\t\t\t\t\t\t\t\t\t\t\t\t\t\t<\/div>\n\t\t\t\t<\/div>\n\t\t\t\t\t<\/div>\n\t\t<\/div>\n\t\t\t\t<div class=\"elementor-column elementor-col-50 elementor-top-column elementor-element elementor-element-4b36c8b\" data-id=\"4b36c8b\" data-element_type=\"column\">\n\t\t\t<div class=\"elementor-widget-wrap elementor-element-populated\">\n\t\t\t\t\t\t<div class=\"elementor-element elementor-element-76df4cc elementor-widget elementor-widget-text-editor\" data-id=\"76df4cc\" data-element_type=\"widget\" data-widget_type=\"text-editor.default\">\n\t\t\t\t<div class=\"elementor-widget-container\">\n\t\t\t\t\t\t\t\t\t<p style=\"margin-bottom: 0cm;\"><span style=\"font-family: Arial, sans-serif;\">Selbstredend geh\u00f6rt die Geschichte von Sky in dieses Jahr. Sein Schicksal, seine Geschichte hat viele Menschen ber\u00fchrt und neben allen medizinischen Aspekten hat er bei uns sehr viel Raum eingenommen, weil er uns besonders mit der Ablehnung seines Schwanzstummels riesige Sorgen bereitet hat. Endlos waren die \u00dcberlegungen und Diskussionen, was ein lebenswertes Katzenleben ist. Wie die meisten von Euch wissen werden, konnten wir all diese Sorgen hinter uns lassen. Neben seinem Handicap, dass er\u00a0<\/span><\/p>\t\t\t\t\t\t\t\t<\/div>\n\t\t\t\t<\/div>\n\t\t\t\t\t<\/div>\n\t\t<\/div>\n\t\t\t\t\t<\/div>\n\t\t<\/section>\n\t\t\t\t<section class=\"elementor-section elementor-top-section elementor-element elementor-element-25a9240 elementor-section-boxed elementor-section-height-default elementor-section-height-default\" data-id=\"25a9240\" data-element_type=\"section\">\n\t\t\t\t\t\t<div class=\"elementor-container elementor-column-gap-default\">\n\t\t\t\t\t<div class=\"elementor-column elementor-col-100 elementor-top-column elementor-element elementor-element-a09f863\" data-id=\"a09f863\" data-element_type=\"column\">\n\t\t\t<div class=\"elementor-widget-wrap elementor-element-populated\">\n\t\t\t\t\t\t<div class=\"elementor-element elementor-element-b1ccc40 elementor-widget elementor-widget-text-editor\" data-id=\"b1ccc40\" data-element_type=\"widget\" data-widget_type=\"text-editor.default\">\n\t\t\t\t<div class=\"elementor-widget-container\">\n\t\t\t\t\t\t\t\t\t<p><span style=\"font-family: Arial, sans-serif; font-size: 15px; font-style: normal; font-variant-ligatures: normal; font-variant-caps: normal; font-weight: 400;\">seine Blase nicht selbst\u00e4ndig entleeren kann, ist Sky ein ganz normaler, halbstarker Kater und er wird uns bestimmt auch im R\u00fcckblick auf das Jahr 2019 noch einmal begegnen &#8211; denn wir w\u00fcnschen uns sehr, dass 2019 das Jahr wird, in dem er sein passendes Zuhause findet.<\/span><\/p>\t\t\t\t\t\t\t\t<\/div>\n\t\t\t\t<\/div>\n\t\t\t\t\t<\/div>\n\t\t<\/div>\n\t\t\t\t\t<\/div>\n\t\t<\/section>\n\t\t\t\t<section class=\"elementor-section elementor-top-section elementor-element elementor-element-243422b elementor-section-boxed elementor-section-height-default elementor-section-height-default\" data-id=\"243422b\" data-element_type=\"section\">\n\t\t\t\t\t\t<div class=\"elementor-container elementor-column-gap-default\">\n\t\t\t\t\t<div class=\"elementor-column elementor-col-50 elementor-top-column elementor-element elementor-element-145854e\" data-id=\"145854e\" data-element_type=\"column\">\n\t\t\t<div class=\"elementor-widget-wrap elementor-element-populated\">\n\t\t\t\t\t\t<div class=\"elementor-element elementor-element-f3e2441 elementor-widget elementor-widget-text-editor\" data-id=\"f3e2441\" data-element_type=\"widget\" data-widget_type=\"text-editor.default\">\n\t\t\t\t<div class=\"elementor-widget-container\">\n\t\t\t\t\t\t\t\t\t<p style=\"margin-bottom: 0cm;\"><span style=\"font-family: Arial, sans-serif;\">Da war Rabauke Dodo, der mit seinem Bruder als Pensionshund abgeben und einfach nicht mehr abgeholt wurde. Sein Besitzer war nicht mehr auffindbar, obwohl meine Mitarbeiter nat\u00fcrlich im Rahmen des Pensionsvertrages alle Daten mit dem Personalausweis abgeglichen hatten. Da sa\u00dfen wir dann &#8230; auf zwei Hunden und nat\u00fcrlich auf den Kosten &#8211; es wurden weder die Pensionskosten noch die Abgabegeb\u00fchr beglichen&#8230; Dodo fand im Januar 2018 sein neues Zuhause.<\/span><\/p>\t\t\t\t\t\t\t\t<\/div>\n\t\t\t\t<\/div>\n\t\t\t\t\t<\/div>\n\t\t<\/div>\n\t\t\t\t<div class=\"elementor-column elementor-col-50 elementor-top-column elementor-element elementor-element-9585d9d\" data-id=\"9585d9d\" data-element_type=\"column\">\n\t\t\t<div class=\"elementor-widget-wrap elementor-element-populated\">\n\t\t\t\t\t\t<div class=\"elementor-element elementor-element-2ce7293 elementor-widget elementor-widget-image\" data-id=\"2ce7293\" data-element_type=\"widget\" data-widget_type=\"image.default\">\n\t\t\t\t<div class=\"elementor-widget-container\">\n\t\t\t\t\t\t\t\t\t\t\t\t\t\t\t<img loading=\"lazy\" decoding=\"async\" width=\"660\" height=\"943\" src=\"https:\/\/tierheim-moers.de\/Wordpress\/wp-content\/uploads\/2018\/12\/Dodo-717x1024.jpg\" class=\"attachment-large size-large wp-image-22367\" alt=\"\" srcset=\"https:\/\/tierheim-moers.de\/Wordpress\/wp-content\/uploads\/2018\/12\/Dodo-717x1024.jpg 717w, https:\/\/tierheim-moers.de\/Wordpress\/wp-content\/uploads\/2018\/12\/Dodo-210x300.jpg 210w, https:\/\/tierheim-moers.de\/Wordpress\/wp-content\/uploads\/2018\/12\/Dodo-768x1097.jpg 768w, https:\/\/tierheim-moers.de\/Wordpress\/wp-content\/uploads\/2018\/12\/Dodo-600x857.jpg 600w, https:\/\/tierheim-moers.de\/Wordpress\/wp-content\/uploads\/2018\/12\/Dodo-700x1000.jpg 700w\" sizes=\"(max-width: 660px) 100vw, 660px\" \/>\t\t\t\t\t\t\t\t\t\t\t\t\t\t\t<\/div>\n\t\t\t\t<\/div>\n\t\t\t\t\t<\/div>\n\t\t<\/div>\n\t\t\t\t\t<\/div>\n\t\t<\/section>\n\t\t\t\t<section class=\"elementor-section elementor-top-section elementor-element elementor-element-3ed0fb4 elementor-section-boxed elementor-section-height-default elementor-section-height-default\" data-id=\"3ed0fb4\" data-element_type=\"section\">\n\t\t\t\t\t\t<div class=\"elementor-container elementor-column-gap-default\">\n\t\t\t\t\t<div class=\"elementor-column elementor-col-50 elementor-top-column elementor-element elementor-element-c456f71\" data-id=\"c456f71\" data-element_type=\"column\">\n\t\t\t<div class=\"elementor-widget-wrap elementor-element-populated\">\n\t\t\t\t\t\t<div class=\"elementor-element elementor-element-2e6fea5 elementor-widget elementor-widget-image\" data-id=\"2e6fea5\" data-element_type=\"widget\" data-widget_type=\"image.default\">\n\t\t\t\t<div class=\"elementor-widget-container\">\n\t\t\t\t\t\t\t\t\t\t\t\t\t\t\t<img loading=\"lazy\" decoding=\"async\" width=\"660\" height=\"462\" src=\"https:\/\/tierheim-moers.de\/Wordpress\/wp-content\/uploads\/2018\/12\/Mezzo11-1024x717.jpg\" class=\"attachment-large size-large wp-image-22369\" alt=\"\" srcset=\"https:\/\/tierheim-moers.de\/Wordpress\/wp-content\/uploads\/2018\/12\/Mezzo11-1024x717.jpg 1024w, https:\/\/tierheim-moers.de\/Wordpress\/wp-content\/uploads\/2018\/12\/Mezzo11-300x210.jpg 300w, https:\/\/tierheim-moers.de\/Wordpress\/wp-content\/uploads\/2018\/12\/Mezzo11-768x538.jpg 768w, https:\/\/tierheim-moers.de\/Wordpress\/wp-content\/uploads\/2018\/12\/Mezzo11-600x420.jpg 600w, https:\/\/tierheim-moers.de\/Wordpress\/wp-content\/uploads\/2018\/12\/Mezzo11-700x490.jpg 700w\" sizes=\"(max-width: 660px) 100vw, 660px\" \/>\t\t\t\t\t\t\t\t\t\t\t\t\t\t\t<\/div>\n\t\t\t\t<\/div>\n\t\t\t\t\t<\/div>\n\t\t<\/div>\n\t\t\t\t<div class=\"elementor-column elementor-col-50 elementor-top-column elementor-element elementor-element-679402f\" data-id=\"679402f\" data-element_type=\"column\">\n\t\t\t<div class=\"elementor-widget-wrap elementor-element-populated\">\n\t\t\t\t\t\t<div class=\"elementor-element elementor-element-5bcd4d8 elementor-widget elementor-widget-text-editor\" data-id=\"5bcd4d8\" data-element_type=\"widget\" data-widget_type=\"text-editor.default\">\n\t\t\t\t<div class=\"elementor-widget-container\">\n\t\t\t\t\t\t\t\t\t<p style=\"margin-bottom: 0cm;\"><span style=\"font-family: Arial, sans-serif;\">Fundkater Mezzo hat uns eine ganze Zeit begleitet und auch ein wenig terrorisiert. <span style=\"font-family: Arial, sans-serif;\">Der zutrauliche Kater mochte sich einfach nicht entscheiden, ob er N\u00e4he oder Distanz m\u00f6chte und lie\u00df seine eigene Zerrissenheit nicht selten die Tierpfleger oder Katzenkuschler sp\u00fcren. Aber auch f\u00fcr Mezzo wurde das passende Zuhause gefunden, in dem er sich nun nach und nach f\u00fcr die N\u00e4he entscheidet.<\/span><\/span><\/p><p>\u00a0<\/p><p style=\"margin-bottom: 0cm;\">\u00a0<\/p>\t\t\t\t\t\t\t\t<\/div>\n\t\t\t\t<\/div>\n\t\t\t\t\t<\/div>\n\t\t<\/div>\n\t\t\t\t\t<\/div>\n\t\t<\/section>\n\t\t\t\t<section class=\"elementor-section elementor-top-section elementor-element elementor-element-3d4c31e elementor-section-boxed elementor-section-height-default elementor-section-height-default\" data-id=\"3d4c31e\" data-element_type=\"section\">\n\t\t\t\t\t\t<div class=\"elementor-container elementor-column-gap-default\">\n\t\t\t\t\t<div class=\"elementor-column elementor-col-33 elementor-top-column elementor-element elementor-element-fb28ddb\" data-id=\"fb28ddb\" data-element_type=\"column\">\n\t\t\t<div class=\"elementor-widget-wrap elementor-element-populated\">\n\t\t\t\t\t\t<div class=\"elementor-element elementor-element-47619a0 elementor-widget elementor-widget-image\" data-id=\"47619a0\" data-element_type=\"widget\" data-widget_type=\"image.default\">\n\t\t\t\t<div class=\"elementor-widget-container\">\n\t\t\t\t\t\t\t\t\t\t\t\t\t\t\t<img loading=\"lazy\" decoding=\"async\" width=\"660\" height=\"660\" src=\"https:\/\/tierheim-moers.de\/Wordpress\/wp-content\/uploads\/2018\/12\/Dara12-1024x1024.jpg\" class=\"attachment-large size-large wp-image-22366\" alt=\"\" srcset=\"https:\/\/tierheim-moers.de\/Wordpress\/wp-content\/uploads\/2018\/12\/Dara12-1024x1024.jpg 1024w, https:\/\/tierheim-moers.de\/Wordpress\/wp-content\/uploads\/2018\/12\/Dara12-150x150.jpg 150w, https:\/\/tierheim-moers.de\/Wordpress\/wp-content\/uploads\/2018\/12\/Dara12-300x300.jpg 300w, https:\/\/tierheim-moers.de\/Wordpress\/wp-content\/uploads\/2018\/12\/Dara12-768x768.jpg 768w, https:\/\/tierheim-moers.de\/Wordpress\/wp-content\/uploads\/2018\/12\/Dara12-600x600.jpg 600w, https:\/\/tierheim-moers.de\/Wordpress\/wp-content\/uploads\/2018\/12\/Dara12-432x432.jpg 432w, https:\/\/tierheim-moers.de\/Wordpress\/wp-content\/uploads\/2018\/12\/Dara12-268x268.jpg 268w, https:\/\/tierheim-moers.de\/Wordpress\/wp-content\/uploads\/2018\/12\/Dara12-700x700.jpg 700w, https:\/\/tierheim-moers.de\/Wordpress\/wp-content\/uploads\/2018\/12\/Dara12-45x45.jpg 45w\" sizes=\"(max-width: 660px) 100vw, 660px\" \/>\t\t\t\t\t\t\t\t\t\t\t\t\t\t\t<\/div>\n\t\t\t\t<\/div>\n\t\t\t\t\t<\/div>\n\t\t<\/div>\n\t\t\t\t<div class=\"elementor-column elementor-col-33 elementor-top-column elementor-element elementor-element-d5c9d4c\" data-id=\"d5c9d4c\" data-element_type=\"column\">\n\t\t\t<div class=\"elementor-widget-wrap elementor-element-populated\">\n\t\t\t\t\t\t<div class=\"elementor-element elementor-element-30c5c7f elementor-widget elementor-widget-text-editor\" data-id=\"30c5c7f\" data-element_type=\"widget\" data-widget_type=\"text-editor.default\">\n\t\t\t\t<div class=\"elementor-widget-container\">\n\t\t\t\t\t\t\t\t\t<p style=\"margin-bottom: 0cm;\"><span style=\"font-family: Arial, sans-serif;\"><span style=\"font-family: Arial, sans-serif;\">Es gab F\u00e4lle von vermeintlich gesunden Abgabetieren, wo wir nach kurzer Zeit feststellen mussten, dass gesund die Umschreibung ist, die am wenigsten zutrifft. Wie Kater Max, der an Diabetes erkrankt ist oder auch die H\u00fcndin Dara, die einen b\u00f6sartigen Ges\u00e4ugetumor hatte und der eine Ges\u00e4ugeleiste operativ entfernt werden musste.\u00a0<\/span><\/span><\/p>\t\t\t\t\t\t\t\t<\/div>\n\t\t\t\t<\/div>\n\t\t\t\t\t<\/div>\n\t\t<\/div>\n\t\t\t\t<div class=\"elementor-column elementor-col-33 elementor-top-column elementor-element elementor-element-ee7f4c6\" data-id=\"ee7f4c6\" data-element_type=\"column\">\n\t\t\t<div class=\"elementor-widget-wrap elementor-element-populated\">\n\t\t\t\t\t\t<div class=\"elementor-element elementor-element-665ae11 elementor-widget elementor-widget-image\" data-id=\"665ae11\" data-element_type=\"widget\" data-widget_type=\"image.default\">\n\t\t\t\t<div class=\"elementor-widget-container\">\n\t\t\t\t\t\t\t\t\t\t\t\t\t\t\t<img loading=\"lazy\" decoding=\"async\" width=\"660\" height=\"660\" src=\"https:\/\/tierheim-moers.de\/Wordpress\/wp-content\/uploads\/2018\/12\/Max4-1024x1024.jpg\" class=\"attachment-large size-large wp-image-22368\" alt=\"\" srcset=\"https:\/\/tierheim-moers.de\/Wordpress\/wp-content\/uploads\/2018\/12\/Max4-1024x1024.jpg 1024w, https:\/\/tierheim-moers.de\/Wordpress\/wp-content\/uploads\/2018\/12\/Max4-150x150.jpg 150w, https:\/\/tierheim-moers.de\/Wordpress\/wp-content\/uploads\/2018\/12\/Max4-300x300.jpg 300w, https:\/\/tierheim-moers.de\/Wordpress\/wp-content\/uploads\/2018\/12\/Max4-768x768.jpg 768w, https:\/\/tierheim-moers.de\/Wordpress\/wp-content\/uploads\/2018\/12\/Max4-600x600.jpg 600w, https:\/\/tierheim-moers.de\/Wordpress\/wp-content\/uploads\/2018\/12\/Max4-432x432.jpg 432w, https:\/\/tierheim-moers.de\/Wordpress\/wp-content\/uploads\/2018\/12\/Max4-268x268.jpg 268w, https:\/\/tierheim-moers.de\/Wordpress\/wp-content\/uploads\/2018\/12\/Max4-700x700.jpg 700w, https:\/\/tierheim-moers.de\/Wordpress\/wp-content\/uploads\/2018\/12\/Max4-45x45.jpg 45w\" sizes=\"(max-width: 660px) 100vw, 660px\" \/>\t\t\t\t\t\t\t\t\t\t\t\t\t\t\t<\/div>\n\t\t\t\t<\/div>\n\t\t\t\t\t<\/div>\n\t\t<\/div>\n\t\t\t\t\t<\/div>\n\t\t<\/section>\n\t\t\t\t<section class=\"elementor-section elementor-top-section elementor-element elementor-element-d5d8ca5 elementor-section-boxed elementor-section-height-default elementor-section-height-default\" data-id=\"d5d8ca5\" data-element_type=\"section\">\n\t\t\t\t\t\t<div class=\"elementor-container elementor-column-gap-default\">\n\t\t\t\t\t<div class=\"elementor-column elementor-col-100 elementor-top-column elementor-element elementor-element-d4ac613\" data-id=\"d4ac613\" data-element_type=\"column\">\n\t\t\t<div class=\"elementor-widget-wrap elementor-element-populated\">\n\t\t\t\t\t\t<div class=\"elementor-element elementor-element-9918df1 elementor-widget elementor-widget-text-editor\" data-id=\"9918df1\" data-element_type=\"widget\" data-widget_type=\"text-editor.default\">\n\t\t\t\t<div class=\"elementor-widget-container\">\n\t\t\t\t\t\t\t\t\t<p><span style=\"font-family: Arial, sans-serif; font-size: 15px; font-style: normal; font-variant-ligatures: normal; font-variant-caps: normal; font-weight: 400;\">Ob ihre Besitzer das vors\u00e4tzlich verschwiegen haben oder sich so wenig mit ihren Tieren befasst haben, dass sie es tats\u00e4chlich nicht wussten, k\u00f6nnen wir nicht mehr nachvollziehen &#8211; es ist am Ende auch fast egal, denn f\u00fcr uns hei\u00dft es immer nur: nach vorne schauen.<\/span><\/p>\t\t\t\t\t\t\t\t<\/div>\n\t\t\t\t<\/div>\n\t\t\t\t\t<\/div>\n\t\t<\/div>\n\t\t\t\t\t<\/div>\n\t\t<\/section>\n\t\t\t\t<section class=\"elementor-section elementor-top-section elementor-element elementor-element-693ac28 elementor-section-boxed elementor-section-height-default elementor-section-height-default\" data-id=\"693ac28\" data-element_type=\"section\">\n\t\t\t\t\t\t<div class=\"elementor-container elementor-column-gap-default\">\n\t\t\t\t\t<div class=\"elementor-column elementor-col-100 elementor-top-column elementor-element elementor-element-bd1801f\" data-id=\"bd1801f\" data-element_type=\"column\">\n\t\t\t<div class=\"elementor-widget-wrap elementor-element-populated\">\n\t\t\t\t\t\t<div class=\"elementor-element elementor-element-fc05c1a elementor-widget elementor-widget-text-editor\" data-id=\"fc05c1a\" data-element_type=\"widget\" data-widget_type=\"text-editor.default\">\n\t\t\t\t<div class=\"elementor-widget-container\">\n\t\t\t\t\t\t\t\t\t<p style=\"margin-bottom: 0cm;\"><span style=\"font-family: Arial, sans-serif;\"><span style=\"font-family: Arial, sans-serif;\">Ihr m\u00f6chtet wissen, wie wir all diese Schicksale und Geschichten verkraften, ohne zu verzweifeln? Wir behalten einfach das Wohl des Tieres im Auge. Nat\u00fcrlich empfinden wir durchaus auch \u00c4rger, Wut oder Unverst\u00e4ndnis \u00fcber menschliche Entscheidungen oder Handlungen, aber glaubt mir &#8211; das ist verschwendete Energie. Da sammeln wir lieber unsere Energie und verwenden sie darauf, unseren Sch\u00fctzlingen zu einer sch\u00f6nen Zukunft zu verhelfen. Deshalb freuen wir uns auch so sehr, wenn wir immer mal wieder von ehemaligen Hotelg\u00e4sten h\u00f6ren &#8230; zu h\u00f6ren, dass es ihnen gut geht und dass sie nicht nur ein Zuhause sondern vor allem einen Platz im Herzen gefunden haben, ist unser Antrieb.\u00a0<\/span><\/span><\/p>\t\t\t\t\t\t\t\t<\/div>\n\t\t\t\t<\/div>\n\t\t\t\t\t<\/div>\n\t\t<\/div>\n\t\t\t\t\t<\/div>\n\t\t<\/section>\n\t\t\t\t<section class=\"elementor-section elementor-top-section elementor-element elementor-element-a759bf2 elementor-section-boxed elementor-section-height-default elementor-section-height-default\" data-id=\"a759bf2\" data-element_type=\"section\">\n\t\t\t\t\t\t<div class=\"elementor-container elementor-column-gap-default\">\n\t\t\t\t\t<div class=\"elementor-column elementor-col-50 elementor-top-column elementor-element elementor-element-8569622\" data-id=\"8569622\" data-element_type=\"column\">\n\t\t\t<div class=\"elementor-widget-wrap elementor-element-populated\">\n\t\t\t\t\t\t<div class=\"elementor-element elementor-element-180ebe9 elementor-widget elementor-widget-image\" data-id=\"180ebe9\" data-element_type=\"widget\" data-widget_type=\"image.default\">\n\t\t\t\t<div class=\"elementor-widget-container\">\n\t\t\t\t\t\t\t\t\t\t\t\t\t\t\t<img loading=\"lazy\" decoding=\"async\" width=\"660\" height=\"943\" src=\"https:\/\/tierheim-moers.de\/Wordpress\/wp-content\/uploads\/2018\/12\/Cindy4-717x1024.jpg\" class=\"attachment-large size-large wp-image-22365\" alt=\"\" srcset=\"https:\/\/tierheim-moers.de\/Wordpress\/wp-content\/uploads\/2018\/12\/Cindy4-717x1024.jpg 717w, https:\/\/tierheim-moers.de\/Wordpress\/wp-content\/uploads\/2018\/12\/Cindy4-210x300.jpg 210w, https:\/\/tierheim-moers.de\/Wordpress\/wp-content\/uploads\/2018\/12\/Cindy4-768x1097.jpg 768w, https:\/\/tierheim-moers.de\/Wordpress\/wp-content\/uploads\/2018\/12\/Cindy4-600x857.jpg 600w, https:\/\/tierheim-moers.de\/Wordpress\/wp-content\/uploads\/2018\/12\/Cindy4-700x1000.jpg 700w\" sizes=\"(max-width: 660px) 100vw, 660px\" \/>\t\t\t\t\t\t\t\t\t\t\t\t\t\t\t<\/div>\n\t\t\t\t<\/div>\n\t\t\t\t\t<\/div>\n\t\t<\/div>\n\t\t\t\t<div class=\"elementor-column elementor-col-50 elementor-top-column elementor-element elementor-element-5b93d26\" data-id=\"5b93d26\" data-element_type=\"column\">\n\t\t\t<div class=\"elementor-widget-wrap elementor-element-populated\">\n\t\t\t\t\t\t<div class=\"elementor-element elementor-element-b25d094 elementor-widget elementor-widget-text-editor\" data-id=\"b25d094\" data-element_type=\"widget\" data-widget_type=\"text-editor.default\">\n\t\t\t\t<div class=\"elementor-widget-container\">\n\t\t\t\t\t\t\t\t\t<p style=\"margin-bottom: 0cm;\"><span style=\"font-family: Arial, sans-serif;\"><span style=\"font-family: Arial, sans-serif;\">Und es gibt ja auch sch\u00f6ne Alltagsgeschichten. Da war zum Beispiel Cindy, die von ihrem Vorbesitzer als zutraulich und verschmust beschrieben wurde und die bei uns lange Zeit gebraucht hat, ihren Trennungsschmerz hinter sich zu lassen. Monatelang war sie unzug\u00e4nglich, mitunter unerreichbar f\u00fcr uns. Ende 2017 platzte der Knoten und sie holte &#8211; an einem Freitag &#8211; alle Streicheleinheiten nach, die sie offensichtlich doch vermisst hatte. Auch Cindy zog im Januar 2018 in ein neues Zuhause. <\/span><\/span><\/p><p>\u00a0<\/p><p style=\"margin-bottom: 0cm;\">\u00a0<\/p>\t\t\t\t\t\t\t\t<\/div>\n\t\t\t\t<\/div>\n\t\t\t\t\t<\/div>\n\t\t<\/div>\n\t\t\t\t\t<\/div>\n\t\t<\/section>\n\t\t\t\t<section class=\"elementor-section elementor-top-section elementor-element elementor-element-6170da9 elementor-section-boxed elementor-section-height-default elementor-section-height-default\" data-id=\"6170da9\" data-element_type=\"section\">\n\t\t\t\t\t\t<div class=\"elementor-container elementor-column-gap-default\">\n\t\t\t\t\t<div class=\"elementor-column elementor-col-100 elementor-top-column elementor-element elementor-element-4653fb1\" data-id=\"4653fb1\" data-element_type=\"column\">\n\t\t\t<div class=\"elementor-widget-wrap elementor-element-populated\">\n\t\t\t\t\t\t<div class=\"elementor-element elementor-element-d3828a9 elementor-widget elementor-widget-text-editor\" data-id=\"d3828a9\" data-element_type=\"widget\" data-widget_type=\"text-editor.default\">\n\t\t\t\t<div class=\"elementor-widget-container\">\n\t\t\t\t\t\t\t\t\t<p style=\"margin-bottom: 0cm;\"><span style=\"font-family: Arial, sans-serif;\"><span style=\"font-family: Arial, sans-serif;\">Der Satz &#8220;\u00fcber 300 Tiere haben 2018 ein neues Zuhause gefunden&#8221; war schnell geschrieben &#8211; diesen Zahlen Gesichter und Geschichten zu geben ist nicht in der G\u00e4nze umsetzbar. Deshalb m\u00f6chte ich es bei diesen paar Beispielen belassen, denn noch etwas anderes muss Raum in dem R\u00fccklick auf 2018 haben: Ihr<\/span><\/span><\/p><p style=\"margin-bottom: 0cm;\">\u00a0<\/p><p style=\"margin-bottom: 0cm;\"><span style=\"font-family: Arial, sans-serif;\"><span style=\"font-family: Arial, sans-serif;\">Ihr seid es, die uns begleiten, mit uns mitfiebern und letztlich auch unterst\u00fctzen. Ihr nehmt Anteil an all den Schicksalen und wenn Not am Mann ist, seid Ihr da. Egal, ob die Kitten kein Kittenfutter mehr haben, unser Budget f\u00fcr Tierarztkosten ersch\u00f6pft ist oder ob meine Milch leer ist. Das Ziel ist klar: eine sch\u00f6ne Zukunft f\u00fcr jeden einzelnen Hotelgast. Eure Unterst\u00fctzung macht das m\u00f6glich und zeigt uns, dass wir an einem Strang ziehen.<\/span><\/span><\/p><p style=\"margin-bottom: 0cm;\">\u00a0<\/p><p style=\"margin-bottom: 0cm;\"><span style=\"font-family: Arial, sans-serif;\">Meine Mitarbeiter und ich m\u00f6chten Euch Danke sagen, f\u00fcr das Vertrauen, dass Ihr in uns und unsere t\u00e4gliche Arbeit setzt.<\/span><\/p><p style=\"margin-bottom: 0cm;\">\u00a0<\/p><p style=\"margin-bottom: 0cm;\"><span style=\"font-family: Arial, sans-serif;\">So &#8230; ganz vorbei ist 2018 noch nicht und es gibt noch einiges zu tun.<\/span><\/p><p style=\"margin-bottom: 0cm;\">\u00a0<\/p><p style=\"margin-bottom: 0cm;\"><span style=\"font-family: Arial, sans-serif;\">Ich freue mich auf 2019 und all die Geschichten und Herausforderungen, die dort auf uns warten &#8211; und ich freue mich, wenn Ihr auch 2019 an unserer Seite seid.<\/span><\/p><p style=\"margin-bottom: 0cm;\">\u00a0<\/p><p style=\"margin-bottom: 0cm;\"><span style=\"font-family: Arial, sans-serif;\">Alles Liebe<\/span><\/p><p>\u00a0<\/p><p style=\"margin-bottom: 0cm;\"><span style=\"font-family: Arial, sans-serif;\">Eure Paula<\/span><\/p>\t\t\t\t\t\t\t\t<\/div>\n\t\t\t\t<\/div>\n\t\t\t\t\t<\/div>\n\t\t<\/div>\n\t\t\t\t\t<\/div>\n\t\t<\/section>\n\t\t\t\t<\/div>\n\t\t<div class=\"shariff shariff-align-flex-start shariff-widget-align-center\" data-url=\"https%3A%2F%2Ftierheim-moers.de%2FWordpress%2Fpaulas-jahresrueckblick%2F\" data-timestamp=\"1545568091\" data-hidezero=\"1\" data-backendurl=\"https:\/\/tierheim-moers.de\/Wordpress\/wp-json\/shariff\/v1\/share_counts?\"><ul class=\"shariff-buttons theme-round orientation-horizontal buttonsize-small\"><li class=\"shariff-button facebook shariff-nocustomcolor\" style=\"background-color:#4273c8\"><a href=\"https:\/\/www.facebook.com\/sharer\/sharer.php?u=https%3A%2F%2Ftierheim-moers.de%2FWordpress%2Fpaulas-jahresrueckblick%2F\" title=\"Bei Facebook teilen\" aria-label=\"Bei Facebook teilen\" role=\"button\" rel=\"nofollow\" class=\"shariff-link\" style=\"; background-color:#3b5998; color:#fff\" target=\"_blank\"><span class=\"shariff-icon\" style=\"\"><svg width=\"32px\" height=\"20px\" xmlns=\"http:\/\/www.w3.org\/2000\/svg\" viewBox=\"0 0 18 32\"><path fill=\"#3b5998\" d=\"M17.1 0.2v4.7h-2.8q-1.5 0-2.1 0.6t-0.5 1.9v3.4h5.2l-0.7 5.3h-4.5v13.6h-5.5v-13.6h-4.5v-5.3h4.5v-3.9q0-3.3 1.9-5.2t5-1.8q2.6 0 4.1 0.2z\"\/><\/svg><\/span><\/a><\/li><li class=\"shariff-button twitter shariff-nocustomcolor\" style=\"background-color:#595959\"><a href=\"https:\/\/twitter.com\/share?url=https%3A%2F%2Ftierheim-moers.de%2FWordpress%2Fpaulas-jahresrueckblick%2F&text=Paulas%20Jahresr%C3%BCckblick\" title=\"Bei X teilen\" aria-label=\"Bei X teilen\" role=\"button\" rel=\"noopener nofollow\" class=\"shariff-link\" style=\"; background-color:#000; color:#fff\" target=\"_blank\"><span class=\"shariff-icon\" style=\"\"><svg width=\"32px\" height=\"20px\" xmlns=\"http:\/\/www.w3.org\/2000\/svg\" viewBox=\"0 0 24 24\"><path fill=\"#000\" d=\"M14.258 10.152L23.176 0h-2.113l-7.747 8.813L7.133 0H0l9.352 13.328L0 23.973h2.113l8.176-9.309 6.531 9.309h7.133zm-2.895 3.293l-.949-1.328L2.875 1.56h3.246l6.086 8.523.945 1.328 7.91 11.078h-3.246zm0 0\"\/><\/svg><\/span><\/a><\/li><li class=\"shariff-button whatsapp shariff-nocustomcolor\" style=\"background-color:#5cbe4a\"><a href=\"https:\/\/api.whatsapp.com\/send?text=https%3A%2F%2Ftierheim-moers.de%2FWordpress%2Fpaulas-jahresrueckblick%2F%20Paulas%20Jahresr%C3%BCckblick\" title=\"Bei Whatsapp teilen\" aria-label=\"Bei Whatsapp teilen\" role=\"button\" rel=\"noopener nofollow\" class=\"shariff-link\" style=\"; background-color:#34af23; color:#fff\" target=\"_blank\"><span class=\"shariff-icon\" style=\"\"><svg width=\"32px\" height=\"20px\" xmlns=\"http:\/\/www.w3.org\/2000\/svg\" viewBox=\"0 0 32 32\"><path fill=\"#34af23\" d=\"M17.6 17.4q0.2 0 1.7 0.8t1.6 0.9q0 0.1 0 0.3 0 0.6-0.3 1.4-0.3 0.7-1.3 1.2t-1.8 0.5q-1 0-3.4-1.1-1.7-0.8-3-2.1t-2.6-3.3q-1.3-1.9-1.3-3.5v-0.1q0.1-1.6 1.3-2.8 0.4-0.4 0.9-0.4 0.1 0 0.3 0t0.3 0q0.3 0 0.5 0.1t0.3 0.5q0.1 0.4 0.6 1.6t0.4 1.3q0 0.4-0.6 1t-0.6 0.8q0 0.1 0.1 0.3 0.6 1.3 1.8 2.4 1 0.9 2.7 1.8 0.2 0.1 0.4 0.1 0.3 0 1-0.9t0.9-0.9zM14 26.9q2.3 0 4.3-0.9t3.6-2.4 2.4-3.6 0.9-4.3-0.9-4.3-2.4-3.6-3.6-2.4-4.3-0.9-4.3 0.9-3.6 2.4-2.4 3.6-0.9 4.3q0 3.6 2.1 6.6l-1.4 4.2 4.3-1.4q2.8 1.9 6.2 1.9zM14 2.2q2.7 0 5.2 1.1t4.3 2.9 2.9 4.3 1.1 5.2-1.1 5.2-2.9 4.3-4.3 2.9-5.2 1.1q-3.5 0-6.5-1.7l-7.4 2.4 2.4-7.2q-1.9-3.2-1.9-6.9 0-2.7 1.1-5.2t2.9-4.3 4.3-2.9 5.2-1.1z\"\/><\/svg><\/span><\/a><\/li><li class=\"shariff-button sms shariff-nocustomcolor shariff-mobile\" style=\"background-color:#d7d9d8\"><a href=\"sms:?&body=https%3A%2F%2Ftierheim-moers.de%2FWordpress%2Fpaulas-jahresrueckblick%2F\" title=\"Per SMS teilen\" aria-label=\"Per SMS teilen\" role=\"button\" rel=\"noopener nofollow\" class=\"shariff-link\" style=\"; background-color:#a1e877; color:#fff\" target=\"_blank\"><span class=\"shariff-icon\" style=\"\"><svg xmlns=\"http:\/\/www.w3.org\/2000\/svg\" width=\"510\" height=\"510\" viewBox=\"0 0 510 510\"><path fill=\"#a1e877\" d=\"M459 0H51C23 0 0 23 0 51v459l102-102h357c28.1 0 51-22.9 51-51V51C510 23 487.1 0 459 0zM178.5 229.5h-51v-51h51V229.5zM280.5 229.5h-51v-51h51V229.5zM382.5 229.5h-51v-51h51V229.5z\"\/><\/svg><\/span><\/a><\/li><\/ul><\/div>","protected":false},"excerpt":{"rendered":"<p>Hallo Ihr Lieben, das Jahr 2018 neigt sich in gro\u00dfen Schritten dem Ende entgegen und ich m\u00f6chte mich f\u00fcr dieses Jahr ein letztes mal bei Euch melden. 2018 war auch das Jahr, in dem &#8211; neben meinen unz\u00e4hlig vielen Aufgaben &#8211; meine &#8220;Karriere&#8221; als Paula Kolumna begonnen hat. Mir hat &#8230;<\/p>\n","protected":false},"author":7,"featured_media":22362,"comment_status":"closed","ping_status":"open","sticky":false,"template":"","format":"standard","meta":{"ngg_post_thumbnail":0,"footnotes":""},"categories":[1,42],"tags":[],"class_list":["post-22361","post","type-post","status-publish","format-standard","has-post-thumbnail","hentry","category-aktuell","category-paulas","column","threecol","has-thumbnail"],"yoast_head":"<!-- This site is optimized with the Yoast SEO plugin v24.6 - https:\/\/yoast.com\/wordpress\/plugins\/seo\/ -->\n<title>Paulas Jahresr\u00fcckblick | TIERHEIM MOERS<\/title>\n<meta name=\"robots\" content=\"index, follow, max-snippet:-1, max-image-preview:large, max-video-preview:-1\" \/>\n<link rel=\"canonical\" href=\"https:\/\/tierheim-moers.de\/Wordpress\/paulas-jahresrueckblick\/\" \/>\n<meta property=\"og:locale\" content=\"de_DE\" \/>\n<meta property=\"og:type\" content=\"article\" \/>\n<meta property=\"og:title\" content=\"Paulas Jahresr\u00fcckblick | TIERHEIM MOERS\" \/>\n<meta property=\"og:description\" content=\"Hallo Ihr Lieben, das Jahr 2018 neigt sich in gro\u00dfen Schritten dem Ende entgegen und ich m\u00f6chte mich f\u00fcr dieses Jahr ein &#8230;\" \/>\n<meta property=\"og:url\" content=\"https:\/\/tierheim-moers.de\/Wordpress\/paulas-jahresrueckblick\/\" \/>\n<meta property=\"og:site_name\" content=\"TIERHEIM MOERS\" \/>\n<meta property=\"article:publisher\" content=\"https:\/\/de-de.facebook.com\/moers.tierheim\" \/>\n<meta property=\"article:published_time\" content=\"2018-12-14T11:09:51+00:00\" \/>\n<meta property=\"article:modified_time\" content=\"2018-12-23T10:28:11+00:00\" \/>\n<meta property=\"og:image\" content=\"https:\/\/tierheim-moers.de\/Wordpress\/wp-content\/uploads\/2018\/12\/Paula12.jpg\" \/>\n\t<meta property=\"og:image:width\" content=\"2100\" \/>\n\t<meta property=\"og:image:height\" content=\"2100\" \/>\n\t<meta property=\"og:image:type\" content=\"image\/jpeg\" \/>\n<meta name=\"author\" content=\"Kathrin Novotny\" \/>\n<meta name=\"twitter:card\" content=\"summary_large_image\" \/>\n<meta name=\"twitter:label1\" content=\"Verfasst von\" \/>\n\t<meta name=\"twitter:data1\" content=\"Kathrin Novotny\" \/>\n\t<meta name=\"twitter:label2\" content=\"Gesch\u00e4tzte Lesezeit\" \/>\n\t<meta name=\"twitter:data2\" content=\"7\u00a0Minuten\" \/>\n<script type=\"application\/ld+json\" class=\"yoast-schema-graph\">{\"@context\":\"https:\/\/schema.org\",\"@graph\":[{\"@type\":\"Article\",\"@id\":\"https:\/\/tierheim-moers.de\/Wordpress\/paulas-jahresrueckblick\/#article\",\"isPartOf\":{\"@id\":\"https:\/\/tierheim-moers.de\/Wordpress\/paulas-jahresrueckblick\/\"},\"author\":{\"name\":\"Kathrin Novotny\",\"@id\":\"https:\/\/tierheim-moers.de\/Wordpress\/#\/schema\/person\/167de77fdd5ff85153606cdd34a5ffbc\"},\"headline\":\"Paulas Jahresr\u00fcckblick\",\"datePublished\":\"2018-12-14T11:09:51+00:00\",\"dateModified\":\"2018-12-23T10:28:11+00:00\",\"mainEntityOfPage\":{\"@id\":\"https:\/\/tierheim-moers.de\/Wordpress\/paulas-jahresrueckblick\/\"},\"wordCount\":1313,\"publisher\":{\"@id\":\"https:\/\/tierheim-moers.de\/Wordpress\/#organization\"},\"image\":{\"@id\":\"https:\/\/tierheim-moers.de\/Wordpress\/paulas-jahresrueckblick\/#primaryimage\"},\"thumbnailUrl\":\"https:\/\/tierheim-moers.de\/Wordpress\/wp-content\/uploads\/2018\/12\/Paula12.jpg\",\"articleSection\":[\"Aktuell\",\"Paulas Blickwinkel\"],\"inLanguage\":\"de\"},{\"@type\":\"WebPage\",\"@id\":\"https:\/\/tierheim-moers.de\/Wordpress\/paulas-jahresrueckblick\/\",\"url\":\"https:\/\/tierheim-moers.de\/Wordpress\/paulas-jahresrueckblick\/\",\"name\":\"Paulas Jahresr\u00fcckblick | TIERHEIM MOERS\",\"isPartOf\":{\"@id\":\"https:\/\/tierheim-moers.de\/Wordpress\/#website\"},\"primaryImageOfPage\":{\"@id\":\"https:\/\/tierheim-moers.de\/Wordpress\/paulas-jahresrueckblick\/#primaryimage\"},\"image\":{\"@id\":\"https:\/\/tierheim-moers.de\/Wordpress\/paulas-jahresrueckblick\/#primaryimage\"},\"thumbnailUrl\":\"https:\/\/tierheim-moers.de\/Wordpress\/wp-content\/uploads\/2018\/12\/Paula12.jpg\",\"datePublished\":\"2018-12-14T11:09:51+00:00\",\"dateModified\":\"2018-12-23T10:28:11+00:00\",\"breadcrumb\":{\"@id\":\"https:\/\/tierheim-moers.de\/Wordpress\/paulas-jahresrueckblick\/#breadcrumb\"},\"inLanguage\":\"de\",\"potentialAction\":[{\"@type\":\"ReadAction\",\"target\":[\"https:\/\/tierheim-moers.de\/Wordpress\/paulas-jahresrueckblick\/\"]}]},{\"@type\":\"ImageObject\",\"inLanguage\":\"de\",\"@id\":\"https:\/\/tierheim-moers.de\/Wordpress\/paulas-jahresrueckblick\/#primaryimage\",\"url\":\"https:\/\/tierheim-moers.de\/Wordpress\/wp-content\/uploads\/2018\/12\/Paula12.jpg\",\"contentUrl\":\"https:\/\/tierheim-moers.de\/Wordpress\/wp-content\/uploads\/2018\/12\/Paula12.jpg\",\"width\":2100,\"height\":2100},{\"@type\":\"BreadcrumbList\",\"@id\":\"https:\/\/tierheim-moers.de\/Wordpress\/paulas-jahresrueckblick\/#breadcrumb\",\"itemListElement\":[{\"@type\":\"ListItem\",\"position\":1,\"name\":\"Startseite\",\"item\":\"https:\/\/tierheim-moers.de\/Wordpress\/\"},{\"@type\":\"ListItem\",\"position\":2,\"name\":\"Paulas Jahresr\u00fcckblick\"}]},{\"@type\":\"WebSite\",\"@id\":\"https:\/\/tierheim-moers.de\/Wordpress\/#website\",\"url\":\"https:\/\/tierheim-moers.de\/Wordpress\/\",\"name\":\"Tierheim Moers\",\"description\":\"Tierheim | Hundepension | Tierschutz | Moers\",\"publisher\":{\"@id\":\"https:\/\/tierheim-moers.de\/Wordpress\/#organization\"},\"potentialAction\":[{\"@type\":\"SearchAction\",\"target\":{\"@type\":\"EntryPoint\",\"urlTemplate\":\"https:\/\/tierheim-moers.de\/Wordpress\/?s={search_term_string}\"},\"query-input\":{\"@type\":\"PropertyValueSpecification\",\"valueRequired\":true,\"valueName\":\"search_term_string\"}}],\"inLanguage\":\"de\"},{\"@type\":\"Organization\",\"@id\":\"https:\/\/tierheim-moers.de\/Wordpress\/#organization\",\"name\":\"Tierheim Moers\",\"url\":\"https:\/\/tierheim-moers.de\/Wordpress\/\",\"logo\":{\"@type\":\"ImageObject\",\"inLanguage\":\"de\",\"@id\":\"https:\/\/tierheim-moers.de\/Wordpress\/#\/schema\/logo\/image\/\",\"url\":\"https:\/\/tierheim-moers.de\/Wordpress\/wp-content\/uploads\/2014\/04\/Logo-TSV-Moers-V01-RGB-300.png\",\"contentUrl\":\"https:\/\/tierheim-moers.de\/Wordpress\/wp-content\/uploads\/2014\/04\/Logo-TSV-Moers-V01-RGB-300.png\",\"width\":1052,\"height\":1038,\"caption\":\"Tierheim Moers\"},\"image\":{\"@id\":\"https:\/\/tierheim-moers.de\/Wordpress\/#\/schema\/logo\/image\/\"},\"sameAs\":[\"https:\/\/de-de.facebook.com\/moers.tierheim\"]},{\"@type\":\"Person\",\"@id\":\"https:\/\/tierheim-moers.de\/Wordpress\/#\/schema\/person\/167de77fdd5ff85153606cdd34a5ffbc\",\"name\":\"Kathrin Novotny\",\"image\":{\"@type\":\"ImageObject\",\"inLanguage\":\"de\",\"@id\":\"https:\/\/tierheim-moers.de\/Wordpress\/#\/schema\/person\/image\/\",\"url\":\"https:\/\/secure.gravatar.com\/avatar\/8dbd3a3cd58d0e299cb5bd95a6d53c79eebe36713eda62bbb3c41a749d06346f?s=96&d=mm&r=g\",\"contentUrl\":\"https:\/\/secure.gravatar.com\/avatar\/8dbd3a3cd58d0e299cb5bd95a6d53c79eebe36713eda62bbb3c41a749d06346f?s=96&d=mm&r=g\",\"caption\":\"Kathrin Novotny\"},\"url\":\"https:\/\/tierheim-moers.de\/Wordpress\/author\/kathrin\/\"}]}<\/script>\n<!-- \/ Yoast SEO plugin. -->","yoast_head_json":{"title":"Paulas Jahresr\u00fcckblick | TIERHEIM MOERS","robots":{"index":"index","follow":"follow","max-snippet":"max-snippet:-1","max-image-preview":"max-image-preview:large","max-video-preview":"max-video-preview:-1"},"canonical":"https:\/\/tierheim-moers.de\/Wordpress\/paulas-jahresrueckblick\/","og_locale":"de_DE","og_type":"article","og_title":"Paulas Jahresr\u00fcckblick | TIERHEIM MOERS","og_description":"Hallo Ihr Lieben, das Jahr 2018 neigt sich in gro\u00dfen Schritten dem Ende entgegen und ich m\u00f6chte mich f\u00fcr dieses Jahr ein &#8230;","og_url":"https:\/\/tierheim-moers.de\/Wordpress\/paulas-jahresrueckblick\/","og_site_name":"TIERHEIM MOERS","article_publisher":"https:\/\/de-de.facebook.com\/moers.tierheim","article_published_time":"2018-12-14T11:09:51+00:00","article_modified_time":"2018-12-23T10:28:11+00:00","og_image":[{"width":2100,"height":2100,"url":"https:\/\/tierheim-moers.de\/Wordpress\/wp-content\/uploads\/2018\/12\/Paula12.jpg","type":"image\/jpeg"}],"author":"Kathrin Novotny","twitter_card":"summary_large_image","twitter_misc":{"Verfasst von":"Kathrin Novotny","Gesch\u00e4tzte Lesezeit":"7\u00a0Minuten"},"schema":{"@context":"https:\/\/schema.org","@graph":[{"@type":"Article","@id":"https:\/\/tierheim-moers.de\/Wordpress\/paulas-jahresrueckblick\/#article","isPartOf":{"@id":"https:\/\/tierheim-moers.de\/Wordpress\/paulas-jahresrueckblick\/"},"author":{"name":"Kathrin Novotny","@id":"https:\/\/tierheim-moers.de\/Wordpress\/#\/schema\/person\/167de77fdd5ff85153606cdd34a5ffbc"},"headline":"Paulas Jahresr\u00fcckblick","datePublished":"2018-12-14T11:09:51+00:00","dateModified":"2018-12-23T10:28:11+00:00","mainEntityOfPage":{"@id":"https:\/\/tierheim-moers.de\/Wordpress\/paulas-jahresrueckblick\/"},"wordCount":1313,"publisher":{"@id":"https:\/\/tierheim-moers.de\/Wordpress\/#organization"},"image":{"@id":"https:\/\/tierheim-moers.de\/Wordpress\/paulas-jahresrueckblick\/#primaryimage"},"thumbnailUrl":"https:\/\/tierheim-moers.de\/Wordpress\/wp-content\/uploads\/2018\/12\/Paula12.jpg","articleSection":["Aktuell","Paulas Blickwinkel"],"inLanguage":"de"},{"@type":"WebPage","@id":"https:\/\/tierheim-moers.de\/Wordpress\/paulas-jahresrueckblick\/","url":"https:\/\/tierheim-moers.de\/Wordpress\/paulas-jahresrueckblick\/","name":"Paulas Jahresr\u00fcckblick | TIERHEIM MOERS","isPartOf":{"@id":"https:\/\/tierheim-moers.de\/Wordpress\/#website"},"primaryImageOfPage":{"@id":"https:\/\/tierheim-moers.de\/Wordpress\/paulas-jahresrueckblick\/#primaryimage"},"image":{"@id":"https:\/\/tierheim-moers.de\/Wordpress\/paulas-jahresrueckblick\/#primaryimage"},"thumbnailUrl":"https:\/\/tierheim-moers.de\/Wordpress\/wp-content\/uploads\/2018\/12\/Paula12.jpg","datePublished":"2018-12-14T11:09:51+00:00","dateModified":"2018-12-23T10:28:11+00:00","breadcrumb":{"@id":"https:\/\/tierheim-moers.de\/Wordpress\/paulas-jahresrueckblick\/#breadcrumb"},"inLanguage":"de","potentialAction":[{"@type":"ReadAction","target":["https:\/\/tierheim-moers.de\/Wordpress\/paulas-jahresrueckblick\/"]}]},{"@type":"ImageObject","inLanguage":"de","@id":"https:\/\/tierheim-moers.de\/Wordpress\/paulas-jahresrueckblick\/#primaryimage","url":"https:\/\/tierheim-moers.de\/Wordpress\/wp-content\/uploads\/2018\/12\/Paula12.jpg","contentUrl":"https:\/\/tierheim-moers.de\/Wordpress\/wp-content\/uploads\/2018\/12\/Paula12.jpg","width":2100,"height":2100},{"@type":"BreadcrumbList","@id":"https:\/\/tierheim-moers.de\/Wordpress\/paulas-jahresrueckblick\/#breadcrumb","itemListElement":[{"@type":"ListItem","position":1,"name":"Startseite","item":"https:\/\/tierheim-moers.de\/Wordpress\/"},{"@type":"ListItem","position":2,"name":"Paulas Jahresr\u00fcckblick"}]},{"@type":"WebSite","@id":"https:\/\/tierheim-moers.de\/Wordpress\/#website","url":"https:\/\/tierheim-moers.de\/Wordpress\/","name":"Tierheim Moers","description":"Tierheim | Hundepension | Tierschutz | Moers","publisher":{"@id":"https:\/\/tierheim-moers.de\/Wordpress\/#organization"},"potentialAction":[{"@type":"SearchAction","target":{"@type":"EntryPoint","urlTemplate":"https:\/\/tierheim-moers.de\/Wordpress\/?s={search_term_string}"},"query-input":{"@type":"PropertyValueSpecification","valueRequired":true,"valueName":"search_term_string"}}],"inLanguage":"de"},{"@type":"Organization","@id":"https:\/\/tierheim-moers.de\/Wordpress\/#organization","name":"Tierheim Moers","url":"https:\/\/tierheim-moers.de\/Wordpress\/","logo":{"@type":"ImageObject","inLanguage":"de","@id":"https:\/\/tierheim-moers.de\/Wordpress\/#\/schema\/logo\/image\/","url":"https:\/\/tierheim-moers.de\/Wordpress\/wp-content\/uploads\/2014\/04\/Logo-TSV-Moers-V01-RGB-300.png","contentUrl":"https:\/\/tierheim-moers.de\/Wordpress\/wp-content\/uploads\/2014\/04\/Logo-TSV-Moers-V01-RGB-300.png","width":1052,"height":1038,"caption":"Tierheim Moers"},"image":{"@id":"https:\/\/tierheim-moers.de\/Wordpress\/#\/schema\/logo\/image\/"},"sameAs":["https:\/\/de-de.facebook.com\/moers.tierheim"]},{"@type":"Person","@id":"https:\/\/tierheim-moers.de\/Wordpress\/#\/schema\/person\/167de77fdd5ff85153606cdd34a5ffbc","name":"Kathrin Novotny","image":{"@type":"ImageObject","inLanguage":"de","@id":"https:\/\/tierheim-moers.de\/Wordpress\/#\/schema\/person\/image\/","url":"https:\/\/secure.gravatar.com\/avatar\/8dbd3a3cd58d0e299cb5bd95a6d53c79eebe36713eda62bbb3c41a749d06346f?s=96&d=mm&r=g","contentUrl":"https:\/\/secure.gravatar.com\/avatar\/8dbd3a3cd58d0e299cb5bd95a6d53c79eebe36713eda62bbb3c41a749d06346f?s=96&d=mm&r=g","caption":"Kathrin Novotny"},"url":"https:\/\/tierheim-moers.de\/Wordpress\/author\/kathrin\/"}]}},"_links":{"self":[{"href":"https:\/\/tierheim-moers.de\/Wordpress\/wp-json\/wp\/v2\/posts\/22361","targetHints":{"allow":["GET"]}}],"collection":[{"href":"https:\/\/tierheim-moers.de\/Wordpress\/wp-json\/wp\/v2\/posts"}],"about":[{"href":"https:\/\/tierheim-moers.de\/Wordpress\/wp-json\/wp\/v2\/types\/post"}],"author":[{"embeddable":true,"href":"https:\/\/tierheim-moers.de\/Wordpress\/wp-json\/wp\/v2\/users\/7"}],"replies":[{"embeddable":true,"href":"https:\/\/tierheim-moers.de\/Wordpress\/wp-json\/wp\/v2\/comments?post=22361"}],"version-history":[{"count":4,"href":"https:\/\/tierheim-moers.de\/Wordpress\/wp-json\/wp\/v2\/posts\/22361\/revisions"}],"predecessor-version":[{"id":22513,"href":"https:\/\/tierheim-moers.de\/Wordpress\/wp-json\/wp\/v2\/posts\/22361\/revisions\/22513"}],"wp:featuredmedia":[{"embeddable":true,"href":"https:\/\/tierheim-moers.de\/Wordpress\/wp-json\/wp\/v2\/media\/22362"}],"wp:attachment":[{"href":"https:\/\/tierheim-moers.de\/Wordpress\/wp-json\/wp\/v2\/media?parent=22361"}],"wp:term":[{"taxonomy":"category","embeddable":true,"href":"https:\/\/tierheim-moers.de\/Wordpress\/wp-json\/wp\/v2\/categories?post=22361"},{"taxonomy":"post_tag","embeddable":true,"href":"https:\/\/tierheim-moers.de\/Wordpress\/wp-json\/wp\/v2\/tags?post=22361"}],"curies":[{"name":"wp","href":"https:\/\/api.w.org\/{rel}","templated":true}]}}