{"id":23305,"date":"2019-02-20T09:44:48","date_gmt":"2019-02-20T07:44:48","guid":{"rendered":"http:\/\/tierheim-moers.de\/Wordpress\/?p=23305"},"modified":"2019-02-24T11:44:03","modified_gmt":"2019-02-24T09:44:03","slug":"tierschutz-vor-der-haustuere","status":"publish","type":"post","link":"https:\/\/tierheim-moers.de\/Wordpress\/tierschutz-vor-der-haustuere\/","title":{"rendered":"Tierschutz vor der Haust\u00fcre"},"content":{"rendered":"\t\t<div data-elementor-type=\"wp-post\" data-elementor-id=\"23305\" class=\"elementor elementor-23305 elementor-bc-flex-widget\">\n\t\t\t\t\t\t<section class=\"elementor-section elementor-top-section elementor-element elementor-element-5a5528e elementor-section-boxed elementor-section-height-default elementor-section-height-default\" data-id=\"5a5528e\" data-element_type=\"section\">\n\t\t\t\t\t\t<div class=\"elementor-container elementor-column-gap-default\">\n\t\t\t\t\t<div class=\"elementor-column elementor-col-100 elementor-top-column elementor-element elementor-element-e00b80e\" data-id=\"e00b80e\" data-element_type=\"column\">\n\t\t\t<div class=\"elementor-widget-wrap elementor-element-populated\">\n\t\t\t\t\t\t<div class=\"elementor-element elementor-element-dd2a36c elementor-widget elementor-widget-text-editor\" data-id=\"dd2a36c\" data-element_type=\"widget\" data-widget_type=\"text-editor.default\">\n\t\t\t\t<div class=\"elementor-widget-container\">\n\t\t\t\t\t\t\t\t\t<p style=\"margin-bottom: 0cm;\"><span style=\"font-family: Arial, sans-serif;\">Hallo Ihr Lieben,<\/span><\/p><p style=\"margin-bottom: 0cm;\">\u00a0<\/p><p style=\"margin-bottom: 0cm;\"><span style=\"font-family: Arial, sans-serif;\">so richtig anfreunden kann ich mich bisher mit dem neuen Jahr nicht. Zum einen liegt das daran, dass zu jedem Jahresanfang gleichzeitig auch Winter ist &#8211; und das ist einfach nicht meine bevorzugte Jahreszeit&#8230; es ist kalt, nass und manchmal liegt sogar dieses wei\u00dfe Zeugs rum&#8230; da kontrolliere ich sehr gerne ausgiebigst die W\u00e4schekammer und g\u00f6nne mir manchmal auch ein Nickerchen &#8211; zum anderen war es bis hierher auch schon ein wirklich turbulentes Jahr. Viel los ist ja bei uns immer, aber die ersten Wochen in 2019 waren dann doch voller turbulenter Ereignisse, die einen sehr nachdenklich machen.<\/span><\/p>\t\t\t\t\t\t\t\t<\/div>\n\t\t\t\t<\/div>\n\t\t\t\t\t<\/div>\n\t\t<\/div>\n\t\t\t\t\t<\/div>\n\t\t<\/section>\n\t\t\t\t<section class=\"elementor-section elementor-top-section elementor-element elementor-element-95021dd elementor-section-boxed elementor-section-height-default elementor-section-height-default\" data-id=\"95021dd\" data-element_type=\"section\">\n\t\t\t\t\t\t<div class=\"elementor-container elementor-column-gap-default\">\n\t\t\t\t\t<div class=\"elementor-column elementor-col-100 elementor-top-column elementor-element elementor-element-17bbc84\" data-id=\"17bbc84\" data-element_type=\"column\">\n\t\t\t<div class=\"elementor-widget-wrap elementor-element-populated\">\n\t\t\t\t\t\t<section class=\"elementor-section elementor-inner-section elementor-element elementor-element-ae0f845 elementor-section-boxed elementor-section-height-default elementor-section-height-default\" data-id=\"ae0f845\" data-element_type=\"section\">\n\t\t\t\t\t\t<div class=\"elementor-container elementor-column-gap-default\">\n\t\t\t\t\t<div class=\"elementor-column elementor-col-50 elementor-inner-column elementor-element elementor-element-6ad65f6\" data-id=\"6ad65f6\" data-element_type=\"column\">\n\t\t\t<div class=\"elementor-widget-wrap elementor-element-populated\">\n\t\t\t\t\t\t<div class=\"elementor-element elementor-element-69b0f96 elementor-widget elementor-widget-text-editor\" data-id=\"69b0f96\" data-element_type=\"widget\" data-widget_type=\"text-editor.default\">\n\t\t\t\t<div class=\"elementor-widget-container\">\n\t\t\t\t\t\t\t\t\t<p style=\"margin-bottom: 0cm;\"><span style=\"font-family: Arial, sans-serif;\">Obwohl ich ein wirklich gem\u00fctliches Bett in der W\u00e4schekammer habe, konnte ich so manches Mal gar nicht zufrieden weg schlummern, weil ich wieder und wieder \u00fcber das Thema Tierschutz nachdenken musste. Jetzt wundert Ihr Euch und fragt, was man denn da so lange dr\u00fcber nachdenken kann? Ihr sagt: &#8220;Tierschutz&#8230; ist doch ganz klar &#8211; das hei\u00dft Tieren helfen&#8221; &#8230; Ach Ihr Lieben, wenn es doch nur so einfach und klar w\u00e4re, aber es ist soviel vielschichtiger&#8230;<\/span><\/p>\t\t\t\t\t\t\t\t<\/div>\n\t\t\t\t<\/div>\n\t\t\t\t\t<\/div>\n\t\t<\/div>\n\t\t\t\t<div class=\"elementor-column elementor-col-50 elementor-inner-column elementor-element elementor-element-b1a03d5\" data-id=\"b1a03d5\" data-element_type=\"column\">\n\t\t\t<div class=\"elementor-widget-wrap elementor-element-populated\">\n\t\t\t\t\t\t<div class=\"elementor-element elementor-element-7dcced4 elementor-widget elementor-widget-image\" data-id=\"7dcced4\" data-element_type=\"widget\" data-widget_type=\"image.default\">\n\t\t\t\t<div class=\"elementor-widget-container\">\n\t\t\t\t\t\t\t\t\t\t\t\t\t\t\t<img fetchpriority=\"high\" decoding=\"async\" width=\"660\" height=\"880\" src=\"https:\/\/tierheim-moers.de\/Wordpress\/wp-content\/uploads\/2019\/02\/20190201_120150-768x1024.jpg\" class=\"attachment-large size-large wp-image-23306\" alt=\"\" srcset=\"https:\/\/tierheim-moers.de\/Wordpress\/wp-content\/uploads\/2019\/02\/20190201_120150-768x1024.jpg 768w, https:\/\/tierheim-moers.de\/Wordpress\/wp-content\/uploads\/2019\/02\/20190201_120150-225x300.jpg 225w, https:\/\/tierheim-moers.de\/Wordpress\/wp-content\/uploads\/2019\/02\/20190201_120150-600x800.jpg 600w, https:\/\/tierheim-moers.de\/Wordpress\/wp-content\/uploads\/2019\/02\/20190201_120150-700x933.jpg 700w\" sizes=\"(max-width: 660px) 100vw, 660px\" \/>\t\t\t\t\t\t\t\t\t\t\t\t\t\t\t<\/div>\n\t\t\t\t<\/div>\n\t\t\t\t\t<\/div>\n\t\t<\/div>\n\t\t\t\t\t<\/div>\n\t\t<\/section>\n\t\t\t\t\t<\/div>\n\t\t<\/div>\n\t\t\t\t\t<\/div>\n\t\t<\/section>\n\t\t\t\t<section class=\"elementor-section elementor-top-section elementor-element elementor-element-b641c3c elementor-section-boxed elementor-section-height-default elementor-section-height-default\" data-id=\"b641c3c\" data-element_type=\"section\">\n\t\t\t\t\t\t<div class=\"elementor-container elementor-column-gap-default\">\n\t\t\t\t\t<div class=\"elementor-column elementor-col-100 elementor-top-column elementor-element elementor-element-79affdd\" data-id=\"79affdd\" data-element_type=\"column\">\n\t\t\t<div class=\"elementor-widget-wrap elementor-element-populated\">\n\t\t\t\t\t\t<div class=\"elementor-element elementor-element-da442c2 elementor-widget elementor-widget-text-editor\" data-id=\"da442c2\" data-element_type=\"widget\" data-widget_type=\"text-editor.default\">\n\t\t\t\t<div class=\"elementor-widget-container\">\n\t\t\t\t\t\t\t\t\t<p style=\"margin-bottom: 0cm;\"><span style=\"font-family: Arial, sans-serif;\">Ja, Tierschutz hei\u00dft nat\u00fcrlich in erster Linie, dass man Tieren hilft und sie sch\u00fctzt, aber es bedeutet auch verantwortungsvoll zu handeln und mitunter auch, sich abzugrenzen. Ich merke schon, dass ich Euch verwirre und so richtig klar ist ja auch noch gar nicht, was ich versuche zu sagen. Anhand von Alltagsbeispielen aus meinem Hotel f\u00fcr bed\u00fcrftige Tiere will ich versuchen, das alles etwas klarer darzustellen.<\/span><\/p><p style=\"margin-bottom: 0cm;\"><span style=\"font-family: Arial, sans-serif;\">Ihr wisst ja, dass zu uns auch Katzen kommen, die nicht mehr in ihrem Zuhause bleiben k\u00f6nnen. Daf\u00fcr gibt es die verschiedensten Gr\u00fcnde &#8211; manche kann man verstehen, andere nicht. F\u00fcr uns ist das egal! Denn Fakt ist nun mal: empfindet ein Halter das Zusammenleben mit seiner Katze als Belastung, ist es auch eine Belastung f\u00fcr die Katze und sie verdient ein Zuhause, in dem sie wieder harmonisch mit ihrem Menschen leben kann.<\/span><\/p><p style=\"margin-bottom: 0cm;\"><span style=\"font-family: Arial, sans-serif;\">Bei Abgabegr\u00fcnden, die in dem Tier begr\u00fcndet liegen, nehmen wir die Gr\u00fcnde auf und verkn\u00fcpfen sie mit unseren eigenen Beobachtungen zu einem Gesamtbild. Abgabegr\u00fcnde wie Unsauberkeit, Aggression oder fortgeschrittenes Alter sind f\u00fcr uns kein Grund, eine Katze nicht aufzunehmen auch wenn wir wissen, dass diese Voraussetzungen eine Vermittlung schwieriger machen k\u00f6nnen. Das bedeutet f\u00fcr uns Tierschutz!<br \/><br \/><\/span><\/p><p style=\"margin-bottom: 0cm;\"><span style=\"font-family: Arial, sans-serif;\">H\u00e4ufig ist auch die Abgabegeb\u00fchr ein strittiges Thema und es wird uns vorgeworfen, dass Tierschutz und &#8220;Geld kassieren&#8221; nicht zusammen passen. F\u00fcr uns ist auch die Abgabegeb\u00fchr Teil des Tierschutzes. Das w\u00e4re vielleicht nicht n\u00f6tig, wenn wir so gro\u00dfe finanzielle Ressourcen h\u00e4tten, dass wir darauf nicht angewiesen w\u00e4ren, aber wir sind ein eher kleiner Tierschutzverein und Teil unserer Verantwortung ist einfach, sicher zu stellen, dass wir unsere Tiere versorgen k\u00f6nnen und auch wir m\u00fcssen Futter kaufen und Rechnungen bezahlen. Erschwerend kommt hinzu, dass in den seltensten F\u00e4llen eine Abgabegeb\u00fchr die Kosten deckt. Der Aufwand der notwendigen medizinischen Versorgung hat in der letzten Zeit deutlich zugenommen und ist in den seltensten F\u00e4llen offensichtlich, so dass wir in vielen F\u00e4llen ein \u00dcberraschungspaket bekommen, was die Kosten angeht.\u00a0<\/span><\/p>\t\t\t\t\t\t\t\t<\/div>\n\t\t\t\t<\/div>\n\t\t\t\t\t<\/div>\n\t\t<\/div>\n\t\t\t\t\t<\/div>\n\t\t<\/section>\n\t\t\t\t<section class=\"elementor-section elementor-top-section elementor-element elementor-element-2761bbc elementor-section-boxed elementor-section-height-default elementor-section-height-default\" data-id=\"2761bbc\" data-element_type=\"section\">\n\t\t\t\t\t\t<div class=\"elementor-container elementor-column-gap-default\">\n\t\t\t\t\t<div class=\"elementor-column elementor-col-100 elementor-top-column elementor-element elementor-element-10dbf25\" data-id=\"10dbf25\" data-element_type=\"column\">\n\t\t\t<div class=\"elementor-widget-wrap elementor-element-populated\">\n\t\t\t\t\t\t<section class=\"elementor-section elementor-inner-section elementor-element elementor-element-c1d79fe elementor-section-boxed elementor-section-height-default elementor-section-height-default\" data-id=\"c1d79fe\" data-element_type=\"section\">\n\t\t\t\t\t\t<div class=\"elementor-container elementor-column-gap-default\">\n\t\t\t\t\t<div class=\"elementor-column elementor-col-50 elementor-inner-column elementor-element elementor-element-a05b961\" data-id=\"a05b961\" data-element_type=\"column\">\n\t\t\t<div class=\"elementor-widget-wrap elementor-element-populated\">\n\t\t\t\t\t\t<div class=\"elementor-element elementor-element-1c8e505 elementor-widget elementor-widget-image\" data-id=\"1c8e505\" data-element_type=\"widget\" data-widget_type=\"image.default\">\n\t\t\t\t<div class=\"elementor-widget-container\">\n\t\t\t\t\t\t\t\t\t\t\t\t\t\t\t<img decoding=\"async\" width=\"660\" height=\"660\" src=\"https:\/\/tierheim-moers.de\/Wordpress\/wp-content\/uploads\/2019\/02\/Max-1024x1024.jpg\" class=\"attachment-large size-large wp-image-23310\" alt=\"\" srcset=\"https:\/\/tierheim-moers.de\/Wordpress\/wp-content\/uploads\/2019\/02\/Max-1024x1024.jpg 1024w, https:\/\/tierheim-moers.de\/Wordpress\/wp-content\/uploads\/2019\/02\/Max-150x150.jpg 150w, https:\/\/tierheim-moers.de\/Wordpress\/wp-content\/uploads\/2019\/02\/Max-300x300.jpg 300w, https:\/\/tierheim-moers.de\/Wordpress\/wp-content\/uploads\/2019\/02\/Max-768x768.jpg 768w, https:\/\/tierheim-moers.de\/Wordpress\/wp-content\/uploads\/2019\/02\/Max-600x600.jpg 600w, https:\/\/tierheim-moers.de\/Wordpress\/wp-content\/uploads\/2019\/02\/Max-432x432.jpg 432w, https:\/\/tierheim-moers.de\/Wordpress\/wp-content\/uploads\/2019\/02\/Max-268x268.jpg 268w, https:\/\/tierheim-moers.de\/Wordpress\/wp-content\/uploads\/2019\/02\/Max-700x700.jpg 700w, https:\/\/tierheim-moers.de\/Wordpress\/wp-content\/uploads\/2019\/02\/Max-45x45.jpg 45w\" sizes=\"(max-width: 660px) 100vw, 660px\" \/>\t\t\t\t\t\t\t\t\t\t\t\t\t\t\t<\/div>\n\t\t\t\t<\/div>\n\t\t\t\t\t<\/div>\n\t\t<\/div>\n\t\t\t\t<div class=\"elementor-column elementor-col-50 elementor-inner-column elementor-element elementor-element-3b9cade\" data-id=\"3b9cade\" data-element_type=\"column\">\n\t\t\t<div class=\"elementor-widget-wrap elementor-element-populated\">\n\t\t\t\t\t\t<div class=\"elementor-element elementor-element-0c1aa72 elementor-widget elementor-widget-text-editor\" data-id=\"0c1aa72\" data-element_type=\"widget\" data-widget_type=\"text-editor.default\">\n\t\t\t\t<div class=\"elementor-widget-container\">\n\t\t\t\t\t\t\t\t\t<p style=\"margin-bottom: 0cm;\"><span style=\"font-family: Arial, sans-serif;\">Erinnert Ihr Euch an unseren Diabetiker Kater Max? Bei der Abgabe hatten wir leider keinen Hinweis auf seine Erkrankung. F\u00fcr Max war es gef\u00e4hrlich, dass wir diese Information nicht hatten f\u00fcr die Abgeber offensichtlich das Mittel der Wahl um zu verhindern das Max m\u00f6glicherweise abgelehnt w\u00fcrde. In einem solchen Fall mangelt es ganz klar an Verantwortung und es werden die eigenen Bed\u00fcrfnisse auf eine so niedertr\u00e4chtige Art und Weise \u00fcber die des Tieres gestellt, dass das f\u00fcr uns ganz weit weg von Tierschutz ist.<\/span><\/p>\t\t\t\t\t\t\t\t<\/div>\n\t\t\t\t<\/div>\n\t\t\t\t\t<\/div>\n\t\t<\/div>\n\t\t\t\t\t<\/div>\n\t\t<\/section>\n\t\t\t\t\t<\/div>\n\t\t<\/div>\n\t\t\t\t\t<\/div>\n\t\t<\/section>\n\t\t\t\t<section class=\"elementor-section elementor-top-section elementor-element elementor-element-3e985d2 elementor-section-boxed elementor-section-height-default elementor-section-height-default\" data-id=\"3e985d2\" data-element_type=\"section\">\n\t\t\t\t\t\t<div class=\"elementor-container elementor-column-gap-default\">\n\t\t\t\t\t<div class=\"elementor-column elementor-col-100 elementor-top-column elementor-element elementor-element-29270a3\" data-id=\"29270a3\" data-element_type=\"column\">\n\t\t\t<div class=\"elementor-widget-wrap elementor-element-populated\">\n\t\t\t\t\t\t<div class=\"elementor-element elementor-element-0561a42 elementor-widget elementor-widget-text-editor\" data-id=\"0561a42\" data-element_type=\"widget\" data-widget_type=\"text-editor.default\">\n\t\t\t\t<div class=\"elementor-widget-container\">\n\t\t\t\t\t\t\t\t\t<p style=\"margin-bottom: 0cm;\"><span style=\"font-family: Arial, sans-serif;\">Nicht selten erhalten wir Anrufe von Tierhaltern, die z. B. Tierarztrechnungen nicht bezahlen k\u00f6nnen und anfragen oder sogar erwarten, dass wir das im Rahmen des Tierschutzes \u00fcbernehmen. Ja, nat\u00fcrlich sind wir ein Tierschutzverein und setzen uns f\u00fcr das Wohl der Tiere ein, aber wir sind kein &#8220;Verantwortungs\u00fcbernahmeverein&#8221;. Der Tierhalter muss sich der Verantwortung bewusst sein und dieser auch gerecht werden. Und Verantwortung und Tierschutz kann auch hei\u00dfen, sich kein Tier anzuschaffen, weil die Rahmenbedingungen nicht stimmen.<\/span><\/p><p style=\"margin-bottom: 0cm;\">\u00a0<\/p><p style=\"margin-bottom: 0cm;\"><span style=\"font-family: Arial, sans-serif;\">In vielen F\u00e4llen sind wir aber gezwungen, die Verantwortung zu \u00fcbernehmen, die eigentlich der Tierhalter tragen m\u00fcsste. Einmal nat\u00fcrlich bei Abgabetieren, die mit versteckten oder auch verschwiegenen Erkrankungen zu uns kommen, aber auch bei Fund- oder ausgesetzten Tieren.<\/span><\/p><p style=\"margin-bottom: 0cm;\">\u00a0<\/p><p>\u00a0<\/p><p style=\"margin-bottom: 0cm;\"><span style=\"font-family: Arial, sans-serif;\">Nat\u00fcrlich ist hier ein Beispiel Sky, der nun schon ein Jahr bei uns ist und der &#8211; dem Tod n\u00e4her als dem Leben &#8211; bei uns ausgesetzt wurde. Mehr aus der Verantwortung ziehen kann sich ein Tierhalter nicht! Und Ihr k\u00f6nnt mit mir auch nicht diskutieren, ob es ein gutes oder schlechtes Aussetzen gibt &#8230; da bin ich nicht offen f\u00fcr. An dem Straftatbestand \u00e4ndert sich nichts &#8211; egal ob es vor dem Tierheim oder in einem Wald ist &#8230; egal ob Futter dabei ist &#8230; egal ob es ein Hund, eine Katze, ein Kaninchen oder vier Ratten sind.<\/span><\/p>\t\t\t\t\t\t\t\t<\/div>\n\t\t\t\t<\/div>\n\t\t\t\t\t<\/div>\n\t\t<\/div>\n\t\t\t\t\t<\/div>\n\t\t<\/section>\n\t\t\t\t<section class=\"elementor-section elementor-top-section elementor-element elementor-element-c777973 elementor-section-boxed elementor-section-height-default elementor-section-height-default\" data-id=\"c777973\" data-element_type=\"section\">\n\t\t\t\t\t\t<div class=\"elementor-container elementor-column-gap-default\">\n\t\t\t\t\t<div class=\"elementor-column elementor-col-100 elementor-top-column elementor-element elementor-element-b2fec45\" data-id=\"b2fec45\" data-element_type=\"column\">\n\t\t\t<div class=\"elementor-widget-wrap elementor-element-populated\">\n\t\t\t\t\t\t<section class=\"elementor-section elementor-inner-section elementor-element elementor-element-bc07519 elementor-section-boxed elementor-section-height-default elementor-section-height-default\" data-id=\"bc07519\" data-element_type=\"section\">\n\t\t\t\t\t\t<div class=\"elementor-container elementor-column-gap-default\">\n\t\t\t\t\t<div class=\"elementor-column elementor-col-50 elementor-inner-column elementor-element elementor-element-8f241c3\" data-id=\"8f241c3\" data-element_type=\"column\">\n\t\t\t<div class=\"elementor-widget-wrap elementor-element-populated\">\n\t\t\t\t\t\t<div class=\"elementor-element elementor-element-a57bca3 elementor-widget elementor-widget-text-editor\" data-id=\"a57bca3\" data-element_type=\"widget\" data-widget_type=\"text-editor.default\">\n\t\t\t\t<div class=\"elementor-widget-container\">\n\t\t\t\t\t\t\t\t\t<p style=\"margin-bottom: 0cm;\"><span style=\"font-family: Arial, sans-serif;\">Auch in diesem Jahr hatten wir da schon klare oder auch fragw\u00fcrdige F\u00e4lle. So wurde im Januar ein Kaninchenm\u00e4dchen in einem Karton gefunden. Sie war so vernachl\u00e4ssigt, dass es der Tierqu\u00e4lerei gleichzusetzen ist. Die unterlassene Pflege hatte zu massiven entz\u00fcndlichen Prozessen gef\u00fchrt und trotz aller Hoffnung und Bem\u00fchungen, konnte sie nur erl\u00f6st werden.<\/span><\/p>\t\t\t\t\t\t\t\t<\/div>\n\t\t\t\t<\/div>\n\t\t\t\t\t<\/div>\n\t\t<\/div>\n\t\t\t\t<div class=\"elementor-column elementor-col-50 elementor-inner-column elementor-element elementor-element-1f8b8f7\" data-id=\"1f8b8f7\" data-element_type=\"column\">\n\t\t\t<div class=\"elementor-widget-wrap elementor-element-populated\">\n\t\t\t\t\t\t<div class=\"elementor-element elementor-element-8d2f531 elementor-widget elementor-widget-image\" data-id=\"8d2f531\" data-element_type=\"widget\" data-widget_type=\"image.default\">\n\t\t\t\t<div class=\"elementor-widget-container\">\n\t\t\t\t\t\t\t\t\t\t\t\t\t\t\t<img decoding=\"async\" width=\"660\" height=\"660\" src=\"https:\/\/tierheim-moers.de\/Wordpress\/wp-content\/uploads\/2019\/02\/FKIrmchen4-1024x1024.jpg\" class=\"attachment-large size-large wp-image-23307\" alt=\"\" srcset=\"https:\/\/tierheim-moers.de\/Wordpress\/wp-content\/uploads\/2019\/02\/FKIrmchen4-1024x1024.jpg 1024w, https:\/\/tierheim-moers.de\/Wordpress\/wp-content\/uploads\/2019\/02\/FKIrmchen4-150x150.jpg 150w, https:\/\/tierheim-moers.de\/Wordpress\/wp-content\/uploads\/2019\/02\/FKIrmchen4-300x300.jpg 300w, https:\/\/tierheim-moers.de\/Wordpress\/wp-content\/uploads\/2019\/02\/FKIrmchen4-768x768.jpg 768w, https:\/\/tierheim-moers.de\/Wordpress\/wp-content\/uploads\/2019\/02\/FKIrmchen4-600x600.jpg 600w, https:\/\/tierheim-moers.de\/Wordpress\/wp-content\/uploads\/2019\/02\/FKIrmchen4-432x432.jpg 432w, https:\/\/tierheim-moers.de\/Wordpress\/wp-content\/uploads\/2019\/02\/FKIrmchen4-268x268.jpg 268w, https:\/\/tierheim-moers.de\/Wordpress\/wp-content\/uploads\/2019\/02\/FKIrmchen4-700x700.jpg 700w, https:\/\/tierheim-moers.de\/Wordpress\/wp-content\/uploads\/2019\/02\/FKIrmchen4-45x45.jpg 45w\" sizes=\"(max-width: 660px) 100vw, 660px\" \/>\t\t\t\t\t\t\t\t\t\t\t\t\t\t\t<\/div>\n\t\t\t\t<\/div>\n\t\t\t\t\t<\/div>\n\t\t<\/div>\n\t\t\t\t\t<\/div>\n\t\t<\/section>\n\t\t\t\t\t<\/div>\n\t\t<\/div>\n\t\t\t\t\t<\/div>\n\t\t<\/section>\n\t\t\t\t<section class=\"elementor-section elementor-top-section elementor-element elementor-element-3ceb273 elementor-section-boxed elementor-section-height-default elementor-section-height-default\" data-id=\"3ceb273\" data-element_type=\"section\">\n\t\t\t\t\t\t<div class=\"elementor-container elementor-column-gap-default\">\n\t\t\t\t\t<div class=\"elementor-column elementor-col-100 elementor-top-column elementor-element elementor-element-68e07cb\" data-id=\"68e07cb\" data-element_type=\"column\">\n\t\t\t<div class=\"elementor-widget-wrap elementor-element-populated\">\n\t\t\t\t\t\t<section class=\"elementor-section elementor-inner-section elementor-element elementor-element-6d9e4a7 elementor-section-boxed elementor-section-height-default elementor-section-height-default\" data-id=\"6d9e4a7\" data-element_type=\"section\">\n\t\t\t\t\t\t<div class=\"elementor-container elementor-column-gap-default\">\n\t\t\t\t\t<div class=\"elementor-column elementor-col-50 elementor-inner-column elementor-element elementor-element-f245751\" data-id=\"f245751\" data-element_type=\"column\">\n\t\t\t<div class=\"elementor-widget-wrap elementor-element-populated\">\n\t\t\t\t\t\t<div class=\"elementor-element elementor-element-c32fffe elementor-widget elementor-widget-image\" data-id=\"c32fffe\" data-element_type=\"widget\" data-widget_type=\"image.default\">\n\t\t\t\t<div class=\"elementor-widget-container\">\n\t\t\t\t\t\t\t\t\t\t\t\t\t\t\t<img loading=\"lazy\" decoding=\"async\" width=\"660\" height=\"462\" src=\"https:\/\/tierheim-moers.de\/Wordpress\/wp-content\/uploads\/2019\/02\/FK-MaryLou3-1024x717.jpg\" class=\"attachment-large size-large wp-image-23308\" alt=\"\" srcset=\"https:\/\/tierheim-moers.de\/Wordpress\/wp-content\/uploads\/2019\/02\/FK-MaryLou3-1024x717.jpg 1024w, https:\/\/tierheim-moers.de\/Wordpress\/wp-content\/uploads\/2019\/02\/FK-MaryLou3-300x210.jpg 300w, https:\/\/tierheim-moers.de\/Wordpress\/wp-content\/uploads\/2019\/02\/FK-MaryLou3-768x538.jpg 768w, https:\/\/tierheim-moers.de\/Wordpress\/wp-content\/uploads\/2019\/02\/FK-MaryLou3-600x420.jpg 600w, https:\/\/tierheim-moers.de\/Wordpress\/wp-content\/uploads\/2019\/02\/FK-MaryLou3-700x490.jpg 700w\" sizes=\"(max-width: 660px) 100vw, 660px\" \/>\t\t\t\t\t\t\t\t\t\t\t\t\t\t\t<\/div>\n\t\t\t\t<\/div>\n\t\t\t\t\t<\/div>\n\t\t<\/div>\n\t\t\t\t<div class=\"elementor-column elementor-col-50 elementor-inner-column elementor-element elementor-element-ca51665\" data-id=\"ca51665\" data-element_type=\"column\">\n\t\t\t<div class=\"elementor-widget-wrap elementor-element-populated\">\n\t\t\t\t\t\t<div class=\"elementor-element elementor-element-fd6f5d8 elementor-widget elementor-widget-text-editor\" data-id=\"fd6f5d8\" data-element_type=\"widget\" data-widget_type=\"text-editor.default\">\n\t\t\t\t<div class=\"elementor-widget-container\">\n\t\t\t\t\t\t\t\t\t<p style=\"margin-bottom: 0cm;\"><span style=\"font-family: Arial, sans-serif;\">Oder unsere Fund-Norwegerin Mary-Lou, die sofort tier\u00e4rztlich behandelt wurde, wo aber auch jede Hilfe zu sp\u00e4t kam und wo sich aufgrund des Krankheitsbildes der Gedanke nicht verdr\u00e4ngen l\u00e4sst, dass sie <\/span><span style=\"font-family: Arial, sans-serif;\"><b>wegen<\/b><\/span><span style=\"font-family: Arial, sans-serif;\"> der Erkrankung sich selbst \u00fcberlassen wurde.<\/span><\/p>\t\t\t\t\t\t\t\t<\/div>\n\t\t\t\t<\/div>\n\t\t\t\t\t<\/div>\n\t\t<\/div>\n\t\t\t\t\t<\/div>\n\t\t<\/section>\n\t\t\t\t\t<\/div>\n\t\t<\/div>\n\t\t\t\t\t<\/div>\n\t\t<\/section>\n\t\t\t\t<section class=\"elementor-section elementor-top-section elementor-element elementor-element-ee0649f elementor-section-boxed elementor-section-height-default elementor-section-height-default\" data-id=\"ee0649f\" data-element_type=\"section\">\n\t\t\t\t\t\t<div class=\"elementor-container elementor-column-gap-default\">\n\t\t\t\t\t<div class=\"elementor-column elementor-col-100 elementor-top-column elementor-element elementor-element-199ee8a\" data-id=\"199ee8a\" data-element_type=\"column\">\n\t\t\t<div class=\"elementor-widget-wrap elementor-element-populated\">\n\t\t\t\t\t\t<section class=\"elementor-section elementor-inner-section elementor-element elementor-element-c621806 elementor-section-boxed elementor-section-height-default elementor-section-height-default\" data-id=\"c621806\" data-element_type=\"section\">\n\t\t\t\t\t\t<div class=\"elementor-container elementor-column-gap-default\">\n\t\t\t\t\t<div class=\"elementor-column elementor-col-50 elementor-inner-column elementor-element elementor-element-cd45dad\" data-id=\"cd45dad\" data-element_type=\"column\">\n\t\t\t<div class=\"elementor-widget-wrap elementor-element-populated\">\n\t\t\t\t\t\t<div class=\"elementor-element elementor-element-84aa15e elementor-widget elementor-widget-text-editor\" data-id=\"84aa15e\" data-element_type=\"widget\" data-widget_type=\"text-editor.default\">\n\t\t\t\t<div class=\"elementor-widget-container\">\n\t\t\t\t\t\t\t\t\t<p style=\"margin-bottom: 0cm;\"><span style=\"font-family: Arial, sans-serif;\">Es gibt auch F\u00e4lle, wo menschliche und tierische Schicksale derart verkn\u00fcpft sind, dass man es kaum ertragen kann. So haben wir auch einen offensichtlich schwer kranken Hund aufgenommen, dessen Besitzer verstorben war &#8211; in dem Wissen, dass die Kosten das normale Ma\u00df um ein vielfaches \u00fcbersteigen w\u00fcrden. So gerne h\u00e4tten wir f\u00fcr sie f\u00fcr ihren Lebensabend noch ein sch\u00f6nes Zuhause gefunden, aber leider musste auch hier die Hoffnung und das Wunschdenken der Realit\u00e4t weichen und wir konnten ihr nach zahlreichen Untersuchungen nur weiteres Leid ersparen.<\/span><\/p>\t\t\t\t\t\t\t\t<\/div>\n\t\t\t\t<\/div>\n\t\t\t\t\t<\/div>\n\t\t<\/div>\n\t\t\t\t<div class=\"elementor-column elementor-col-50 elementor-inner-column elementor-element elementor-element-bfb6d62\" data-id=\"bfb6d62\" data-element_type=\"column\">\n\t\t\t<div class=\"elementor-widget-wrap elementor-element-populated\">\n\t\t\t\t\t\t<div class=\"elementor-element elementor-element-3ee1520 elementor-widget elementor-widget-image\" data-id=\"3ee1520\" data-element_type=\"widget\" data-widget_type=\"image.default\">\n\t\t\t\t<div class=\"elementor-widget-container\">\n\t\t\t\t\t\t\t\t\t\t\t\t\t\t\t<img loading=\"lazy\" decoding=\"async\" width=\"660\" height=\"880\" src=\"https:\/\/tierheim-moers.de\/Wordpress\/wp-content\/uploads\/2019\/02\/IMG-20190125-WA0036-768x1024.jpg\" class=\"attachment-large size-large wp-image-23309\" alt=\"\" srcset=\"https:\/\/tierheim-moers.de\/Wordpress\/wp-content\/uploads\/2019\/02\/IMG-20190125-WA0036.jpg 768w, https:\/\/tierheim-moers.de\/Wordpress\/wp-content\/uploads\/2019\/02\/IMG-20190125-WA0036-225x300.jpg 225w, https:\/\/tierheim-moers.de\/Wordpress\/wp-content\/uploads\/2019\/02\/IMG-20190125-WA0036-600x800.jpg 600w, https:\/\/tierheim-moers.de\/Wordpress\/wp-content\/uploads\/2019\/02\/IMG-20190125-WA0036-700x933.jpg 700w\" sizes=\"(max-width: 660px) 100vw, 660px\" \/>\t\t\t\t\t\t\t\t\t\t\t\t\t\t\t<\/div>\n\t\t\t\t<\/div>\n\t\t\t\t\t<\/div>\n\t\t<\/div>\n\t\t\t\t\t<\/div>\n\t\t<\/section>\n\t\t\t\t\t<\/div>\n\t\t<\/div>\n\t\t\t\t\t<\/div>\n\t\t<\/section>\n\t\t\t\t<section class=\"elementor-section elementor-top-section elementor-element elementor-element-2df7825 elementor-section-boxed elementor-section-height-default elementor-section-height-default\" data-id=\"2df7825\" data-element_type=\"section\">\n\t\t\t\t\t\t<div class=\"elementor-container elementor-column-gap-default\">\n\t\t\t\t\t<div class=\"elementor-column elementor-col-100 elementor-top-column elementor-element elementor-element-a6e0cf0\" data-id=\"a6e0cf0\" data-element_type=\"column\">\n\t\t\t<div class=\"elementor-widget-wrap elementor-element-populated\">\n\t\t\t\t\t\t<div class=\"elementor-element elementor-element-bb33cb1 elementor-widget elementor-widget-text-editor\" data-id=\"bb33cb1\" data-element_type=\"widget\" data-widget_type=\"text-editor.default\">\n\t\t\t\t<div class=\"elementor-widget-container\">\n\t\t\t\t\t\t\t\t\t<p style=\"margin-bottom: 0cm;\"><span style=\"font-family: Arial, sans-serif;\">Das alles sind F\u00e4lle, wo sich Besitzer ihrer Verantwortung entzogen haben und wo wir sie f\u00fcr die Tiere gerne \u00fcbernehmen &#8211; denn auch das ist f\u00fcr uns Tierschutz! Das k\u00f6nnen wir jedoch nur in Ma\u00dfen leisten, denn in erster Linie tragen wir die Verantwortung f\u00fcr die Tiere, die sich in unserer Obhut befinden. Sicherlich ist die Liebe zum Tier der Grundstock f\u00fcr Tierschutz oder die Entscheidung, ein Tier bei sich aufzunehmen, aber egal, wie man sich auch windet &#8230; Liebe allein reicht leider nicht. Da m\u00fcssen wir alle Grenzen akzeptieren, die manch einer oft nicht wahrhaben will.<\/span><\/p><p style=\"margin-bottom: 0cm;\">\u00a0<\/p><p style=\"margin-bottom: 0cm;\"><span style=\"font-family: Arial, sans-serif;\">Nat\u00fcrlich besteht unser Alltag nicht nur aus solchen Geschichten, aber wir picken hier auch keine Einzelf\u00e4lle heraus &#8211; das ist ganz klar Bestandteil unseres Alltags und zeigt mehr als deutlich, dass vor jeder T\u00fcr Tierschutzbedarf da ist und Tierschutz geleistet werden kann. <\/span><\/p><p style=\"margin-bottom: 0cm;\">\u00a0<\/p><p style=\"margin-bottom: 0cm;\"><span style=\"font-family: Arial, sans-serif;\">Ihr lest meine Kolumne &#8211; also seid Ihr Tierfreunde &#8230; BITTE tragt Euren Teil dazu bei. Tierschutz f\u00e4ngt damit an, dass man nicht weg schaut und jeder kann im Rahmen seiner M\u00f6glichkeiten, etwas f\u00fcr Tiere tun. Bietet doch vielleicht Hilfe an, wenn Ihr seht, dass jemand mit seinem Tier \u00fcberfordert ist. Erkl\u00e4rt Freunden und Bekannten, warum es so wichtig ist, Katzen kastrieren und chipen zu lassen &#8230;. warum ein Kaninchen niemals in einem kleinen K\u00e4fig gl\u00fccklich sein kann. Unterst\u00fctzt heimische Tiere, indem Ihr in einer Hitzeperiode Futter- und Wasserstellen im heimischen Garten einrichtet.<\/span><\/p><p style=\"margin-bottom: 0cm;\">\u00a0<\/p><p style=\"margin-bottom: 0cm;\"><span style=\"font-family: Arial, sans-serif;\">Tierschutz ist so vielf\u00e4ltig und manchmal so leicht und unaufwendig und dabei so notwendig! Und definitiv muss man nicht \u00fcber Landesgrenzen schauen, um einen wirklich gro\u00dfen Bedarf f\u00fcr den Tierschutz zu sehen. Jeder kann seinen Beitrag dazu leisten, wenn er sich nur ein kleines St\u00fcck aus seiner Komfortzone hinaus bewegt.<\/span><\/p><p style=\"margin-bottom: 0cm;\">\u00a0<\/p><p style=\"margin-bottom: 0cm;\"><span style=\"font-family: Arial, sans-serif;\">Tierschutz endet nicht am Telefon mit der Aussage: &#8220;Ihr seid doch der Tierschutzverein &#8211; also k\u00fcmmert Euch.&#8221; Das \u00fcbersteigt schlicht und einfach unsere M\u00f6glichkeiten. Funktionieren kann das nur, wenn wir Hand in Hand arbeiten und uns unterst\u00fctzen. <\/span><\/p><p style=\"margin-bottom: 0cm;\">\u00a0<\/p><p>\u00a0<\/p><p style=\"margin-bottom: 0cm;\"><span style=\"font-family: Arial, sans-serif;\">Eure Paula<\/span><\/p>\t\t\t\t\t\t\t\t<\/div>\n\t\t\t\t<\/div>\n\t\t\t\t\t<\/div>\n\t\t<\/div>\n\t\t\t\t\t<\/div>\n\t\t<\/section>\n\t\t\t\t<section class=\"elementor-section elementor-top-section elementor-element elementor-element-2866ac1 elementor-section-boxed elementor-section-height-default elementor-section-height-default\" data-id=\"2866ac1\" data-element_type=\"section\">\n\t\t\t\t\t\t<div class=\"elementor-container elementor-column-gap-default\">\n\t\t\t\t\t<div class=\"elementor-column elementor-col-100 elementor-top-column elementor-element elementor-element-50a315d\" data-id=\"50a315d\" data-element_type=\"column\">\n\t\t\t<div class=\"elementor-widget-wrap\">\n\t\t\t\t\t\t\t<\/div>\n\t\t<\/div>\n\t\t\t\t\t<\/div>\n\t\t<\/section>\n\t\t\t\t<\/div>\n\t\t<div class=\"shariff shariff-align-flex-start shariff-widget-align-center\" data-url=\"https%3A%2F%2Ftierheim-moers.de%2FWordpress%2Ftierschutz-vor-der-haustuere%2F\" data-timestamp=\"1551008643\" data-hidezero=\"1\" data-backendurl=\"https:\/\/tierheim-moers.de\/Wordpress\/wp-json\/shariff\/v1\/share_counts?\"><ul class=\"shariff-buttons theme-round orientation-horizontal buttonsize-small\"><li class=\"shariff-button facebook shariff-nocustomcolor\" style=\"background-color:#4273c8\"><a href=\"https:\/\/www.facebook.com\/sharer\/sharer.php?u=https%3A%2F%2Ftierheim-moers.de%2FWordpress%2Ftierschutz-vor-der-haustuere%2F\" title=\"Bei Facebook teilen\" aria-label=\"Bei Facebook teilen\" role=\"button\" rel=\"nofollow\" class=\"shariff-link\" style=\"; background-color:#3b5998; color:#fff\" target=\"_blank\"><span class=\"shariff-icon\" style=\"\"><svg width=\"32px\" height=\"20px\" xmlns=\"http:\/\/www.w3.org\/2000\/svg\" viewBox=\"0 0 18 32\"><path fill=\"#3b5998\" d=\"M17.1 0.2v4.7h-2.8q-1.5 0-2.1 0.6t-0.5 1.9v3.4h5.2l-0.7 5.3h-4.5v13.6h-5.5v-13.6h-4.5v-5.3h4.5v-3.9q0-3.3 1.9-5.2t5-1.8q2.6 0 4.1 0.2z\"\/><\/svg><\/span><\/a><\/li><li class=\"shariff-button twitter shariff-nocustomcolor\" style=\"background-color:#595959\"><a href=\"https:\/\/twitter.com\/share?url=https%3A%2F%2Ftierheim-moers.de%2FWordpress%2Ftierschutz-vor-der-haustuere%2F&text=Tierschutz%20vor%20der%20Haust%C3%BCre\" title=\"Bei X teilen\" aria-label=\"Bei X teilen\" role=\"button\" rel=\"noopener nofollow\" class=\"shariff-link\" style=\"; background-color:#000; color:#fff\" target=\"_blank\"><span class=\"shariff-icon\" style=\"\"><svg width=\"32px\" height=\"20px\" xmlns=\"http:\/\/www.w3.org\/2000\/svg\" viewBox=\"0 0 24 24\"><path fill=\"#000\" d=\"M14.258 10.152L23.176 0h-2.113l-7.747 8.813L7.133 0H0l9.352 13.328L0 23.973h2.113l8.176-9.309 6.531 9.309h7.133zm-2.895 3.293l-.949-1.328L2.875 1.56h3.246l6.086 8.523.945 1.328 7.91 11.078h-3.246zm0 0\"\/><\/svg><\/span><\/a><\/li><li class=\"shariff-button whatsapp shariff-nocustomcolor\" style=\"background-color:#5cbe4a\"><a href=\"https:\/\/api.whatsapp.com\/send?text=https%3A%2F%2Ftierheim-moers.de%2FWordpress%2Ftierschutz-vor-der-haustuere%2F%20Tierschutz%20vor%20der%20Haust%C3%BCre\" title=\"Bei Whatsapp teilen\" aria-label=\"Bei Whatsapp teilen\" role=\"button\" rel=\"noopener nofollow\" class=\"shariff-link\" style=\"; background-color:#34af23; color:#fff\" target=\"_blank\"><span class=\"shariff-icon\" style=\"\"><svg width=\"32px\" height=\"20px\" xmlns=\"http:\/\/www.w3.org\/2000\/svg\" viewBox=\"0 0 32 32\"><path fill=\"#34af23\" d=\"M17.6 17.4q0.2 0 1.7 0.8t1.6 0.9q0 0.1 0 0.3 0 0.6-0.3 1.4-0.3 0.7-1.3 1.2t-1.8 0.5q-1 0-3.4-1.1-1.7-0.8-3-2.1t-2.6-3.3q-1.3-1.9-1.3-3.5v-0.1q0.1-1.6 1.3-2.8 0.4-0.4 0.9-0.4 0.1 0 0.3 0t0.3 0q0.3 0 0.5 0.1t0.3 0.5q0.1 0.4 0.6 1.6t0.4 1.3q0 0.4-0.6 1t-0.6 0.8q0 0.1 0.1 0.3 0.6 1.3 1.8 2.4 1 0.9 2.7 1.8 0.2 0.1 0.4 0.1 0.3 0 1-0.9t0.9-0.9zM14 26.9q2.3 0 4.3-0.9t3.6-2.4 2.4-3.6 0.9-4.3-0.9-4.3-2.4-3.6-3.6-2.4-4.3-0.9-4.3 0.9-3.6 2.4-2.4 3.6-0.9 4.3q0 3.6 2.1 6.6l-1.4 4.2 4.3-1.4q2.8 1.9 6.2 1.9zM14 2.2q2.7 0 5.2 1.1t4.3 2.9 2.9 4.3 1.1 5.2-1.1 5.2-2.9 4.3-4.3 2.9-5.2 1.1q-3.5 0-6.5-1.7l-7.4 2.4 2.4-7.2q-1.9-3.2-1.9-6.9 0-2.7 1.1-5.2t2.9-4.3 4.3-2.9 5.2-1.1z\"\/><\/svg><\/span><\/a><\/li><li class=\"shariff-button sms shariff-nocustomcolor shariff-mobile\" style=\"background-color:#d7d9d8\"><a href=\"sms:?&body=https%3A%2F%2Ftierheim-moers.de%2FWordpress%2Ftierschutz-vor-der-haustuere%2F\" title=\"Per SMS teilen\" aria-label=\"Per SMS teilen\" role=\"button\" rel=\"noopener nofollow\" class=\"shariff-link\" style=\"; background-color:#a1e877; color:#fff\" target=\"_blank\"><span class=\"shariff-icon\" style=\"\"><svg xmlns=\"http:\/\/www.w3.org\/2000\/svg\" width=\"510\" height=\"510\" viewBox=\"0 0 510 510\"><path fill=\"#a1e877\" d=\"M459 0H51C23 0 0 23 0 51v459l102-102h357c28.1 0 51-22.9 51-51V51C510 23 487.1 0 459 0zM178.5 229.5h-51v-51h51V229.5zM280.5 229.5h-51v-51h51V229.5zM382.5 229.5h-51v-51h51V229.5z\"\/><\/svg><\/span><\/a><\/li><\/ul><\/div>","protected":false},"excerpt":{"rendered":"<p>Hallo Ihr Lieben, \u00a0 so richtig anfreunden kann ich mich bisher mit dem neuen Jahr nicht. Zum einen liegt das daran, dass zu jedem Jahresanfang gleichzeitig auch Winter ist &#8211; und das ist einfach nicht meine bevorzugte Jahreszeit&#8230; es ist kalt, nass und manchmal liegt sogar dieses wei\u00dfe Zeugs rum&#8230; &#8230;<\/p>\n","protected":false},"author":7,"featured_media":23306,"comment_status":"closed","ping_status":"open","sticky":false,"template":"","format":"standard","meta":{"ngg_post_thumbnail":0,"footnotes":""},"categories":[1,42],"tags":[],"class_list":["post-23305","post","type-post","status-publish","format-standard","has-post-thumbnail","hentry","category-aktuell","category-paulas","column","threecol","has-thumbnail"],"yoast_head":"<!-- This site is optimized with the Yoast SEO plugin v24.6 - https:\/\/yoast.com\/wordpress\/plugins\/seo\/ -->\n<title>Tierschutz vor der Haust\u00fcre | TIERHEIM MOERS<\/title>\n<meta name=\"robots\" content=\"index, follow, max-snippet:-1, max-image-preview:large, max-video-preview:-1\" \/>\n<link rel=\"canonical\" href=\"https:\/\/tierheim-moers.de\/Wordpress\/tierschutz-vor-der-haustuere\/\" \/>\n<meta property=\"og:locale\" content=\"de_DE\" \/>\n<meta property=\"og:type\" content=\"article\" \/>\n<meta property=\"og:title\" content=\"Tierschutz vor der Haust\u00fcre | TIERHEIM MOERS\" \/>\n<meta property=\"og:description\" content=\"Hallo Ihr Lieben, \u00a0 so richtig anfreunden kann ich mich bisher mit dem neuen Jahr nicht. Zum einen liegt das daran, dass &#8230;\" \/>\n<meta property=\"og:url\" content=\"https:\/\/tierheim-moers.de\/Wordpress\/tierschutz-vor-der-haustuere\/\" \/>\n<meta property=\"og:site_name\" content=\"TIERHEIM MOERS\" \/>\n<meta property=\"article:publisher\" content=\"https:\/\/de-de.facebook.com\/moers.tierheim\" \/>\n<meta property=\"article:published_time\" content=\"2019-02-20T07:44:48+00:00\" \/>\n<meta property=\"article:modified_time\" content=\"2019-02-24T09:44:03+00:00\" \/>\n<meta property=\"og:image\" content=\"https:\/\/tierheim-moers.de\/Wordpress\/wp-content\/uploads\/2019\/02\/20190201_120150-768x1024.jpg\" \/>\n\t<meta property=\"og:image:width\" content=\"768\" \/>\n\t<meta property=\"og:image:height\" content=\"1024\" \/>\n\t<meta property=\"og:image:type\" content=\"image\/jpeg\" \/>\n<meta name=\"author\" content=\"Kathrin Novotny\" \/>\n<meta name=\"twitter:card\" content=\"summary_large_image\" \/>\n<meta name=\"twitter:label1\" content=\"Verfasst von\" \/>\n\t<meta name=\"twitter:data1\" content=\"Kathrin Novotny\" \/>\n\t<meta name=\"twitter:label2\" content=\"Gesch\u00e4tzte Lesezeit\" \/>\n\t<meta name=\"twitter:data2\" content=\"7\u00a0Minuten\" \/>\n<script type=\"application\/ld+json\" class=\"yoast-schema-graph\">{\"@context\":\"https:\/\/schema.org\",\"@graph\":[{\"@type\":\"Article\",\"@id\":\"https:\/\/tierheim-moers.de\/Wordpress\/tierschutz-vor-der-haustuere\/#article\",\"isPartOf\":{\"@id\":\"https:\/\/tierheim-moers.de\/Wordpress\/tierschutz-vor-der-haustuere\/\"},\"author\":{\"name\":\"Kathrin Novotny\",\"@id\":\"https:\/\/tierheim-moers.de\/Wordpress\/#\/schema\/person\/167de77fdd5ff85153606cdd34a5ffbc\"},\"headline\":\"Tierschutz vor der Haust\u00fcre\",\"datePublished\":\"2019-02-20T07:44:48+00:00\",\"dateModified\":\"2019-02-24T09:44:03+00:00\",\"mainEntityOfPage\":{\"@id\":\"https:\/\/tierheim-moers.de\/Wordpress\/tierschutz-vor-der-haustuere\/\"},\"wordCount\":1393,\"publisher\":{\"@id\":\"https:\/\/tierheim-moers.de\/Wordpress\/#organization\"},\"image\":{\"@id\":\"https:\/\/tierheim-moers.de\/Wordpress\/tierschutz-vor-der-haustuere\/#primaryimage\"},\"thumbnailUrl\":\"https:\/\/tierheim-moers.de\/Wordpress\/wp-content\/uploads\/2019\/02\/20190201_120150.jpg\",\"articleSection\":[\"Aktuell\",\"Paulas Blickwinkel\"],\"inLanguage\":\"de\"},{\"@type\":\"WebPage\",\"@id\":\"https:\/\/tierheim-moers.de\/Wordpress\/tierschutz-vor-der-haustuere\/\",\"url\":\"https:\/\/tierheim-moers.de\/Wordpress\/tierschutz-vor-der-haustuere\/\",\"name\":\"Tierschutz vor der Haust\u00fcre | TIERHEIM MOERS\",\"isPartOf\":{\"@id\":\"https:\/\/tierheim-moers.de\/Wordpress\/#website\"},\"primaryImageOfPage\":{\"@id\":\"https:\/\/tierheim-moers.de\/Wordpress\/tierschutz-vor-der-haustuere\/#primaryimage\"},\"image\":{\"@id\":\"https:\/\/tierheim-moers.de\/Wordpress\/tierschutz-vor-der-haustuere\/#primaryimage\"},\"thumbnailUrl\":\"https:\/\/tierheim-moers.de\/Wordpress\/wp-content\/uploads\/2019\/02\/20190201_120150.jpg\",\"datePublished\":\"2019-02-20T07:44:48+00:00\",\"dateModified\":\"2019-02-24T09:44:03+00:00\",\"breadcrumb\":{\"@id\":\"https:\/\/tierheim-moers.de\/Wordpress\/tierschutz-vor-der-haustuere\/#breadcrumb\"},\"inLanguage\":\"de\",\"potentialAction\":[{\"@type\":\"ReadAction\",\"target\":[\"https:\/\/tierheim-moers.de\/Wordpress\/tierschutz-vor-der-haustuere\/\"]}]},{\"@type\":\"ImageObject\",\"inLanguage\":\"de\",\"@id\":\"https:\/\/tierheim-moers.de\/Wordpress\/tierschutz-vor-der-haustuere\/#primaryimage\",\"url\":\"https:\/\/tierheim-moers.de\/Wordpress\/wp-content\/uploads\/2019\/02\/20190201_120150.jpg\",\"contentUrl\":\"https:\/\/tierheim-moers.de\/Wordpress\/wp-content\/uploads\/2019\/02\/20190201_120150.jpg\",\"width\":2160,\"height\":2880},{\"@type\":\"BreadcrumbList\",\"@id\":\"https:\/\/tierheim-moers.de\/Wordpress\/tierschutz-vor-der-haustuere\/#breadcrumb\",\"itemListElement\":[{\"@type\":\"ListItem\",\"position\":1,\"name\":\"Startseite\",\"item\":\"https:\/\/tierheim-moers.de\/Wordpress\/\"},{\"@type\":\"ListItem\",\"position\":2,\"name\":\"Tierschutz vor der Haust\u00fcre\"}]},{\"@type\":\"WebSite\",\"@id\":\"https:\/\/tierheim-moers.de\/Wordpress\/#website\",\"url\":\"https:\/\/tierheim-moers.de\/Wordpress\/\",\"name\":\"Tierheim Moers\",\"description\":\"Tierheim | Hundepension | Tierschutz | Moers\",\"publisher\":{\"@id\":\"https:\/\/tierheim-moers.de\/Wordpress\/#organization\"},\"potentialAction\":[{\"@type\":\"SearchAction\",\"target\":{\"@type\":\"EntryPoint\",\"urlTemplate\":\"https:\/\/tierheim-moers.de\/Wordpress\/?s={search_term_string}\"},\"query-input\":{\"@type\":\"PropertyValueSpecification\",\"valueRequired\":true,\"valueName\":\"search_term_string\"}}],\"inLanguage\":\"de\"},{\"@type\":\"Organization\",\"@id\":\"https:\/\/tierheim-moers.de\/Wordpress\/#organization\",\"name\":\"Tierheim Moers\",\"url\":\"https:\/\/tierheim-moers.de\/Wordpress\/\",\"logo\":{\"@type\":\"ImageObject\",\"inLanguage\":\"de\",\"@id\":\"https:\/\/tierheim-moers.de\/Wordpress\/#\/schema\/logo\/image\/\",\"url\":\"https:\/\/tierheim-moers.de\/Wordpress\/wp-content\/uploads\/2014\/04\/Logo-TSV-Moers-V01-RGB-300.png\",\"contentUrl\":\"https:\/\/tierheim-moers.de\/Wordpress\/wp-content\/uploads\/2014\/04\/Logo-TSV-Moers-V01-RGB-300.png\",\"width\":1052,\"height\":1038,\"caption\":\"Tierheim Moers\"},\"image\":{\"@id\":\"https:\/\/tierheim-moers.de\/Wordpress\/#\/schema\/logo\/image\/\"},\"sameAs\":[\"https:\/\/de-de.facebook.com\/moers.tierheim\"]},{\"@type\":\"Person\",\"@id\":\"https:\/\/tierheim-moers.de\/Wordpress\/#\/schema\/person\/167de77fdd5ff85153606cdd34a5ffbc\",\"name\":\"Kathrin Novotny\",\"image\":{\"@type\":\"ImageObject\",\"inLanguage\":\"de\",\"@id\":\"https:\/\/tierheim-moers.de\/Wordpress\/#\/schema\/person\/image\/\",\"url\":\"https:\/\/secure.gravatar.com\/avatar\/8dbd3a3cd58d0e299cb5bd95a6d53c79eebe36713eda62bbb3c41a749d06346f?s=96&d=mm&r=g\",\"contentUrl\":\"https:\/\/secure.gravatar.com\/avatar\/8dbd3a3cd58d0e299cb5bd95a6d53c79eebe36713eda62bbb3c41a749d06346f?s=96&d=mm&r=g\",\"caption\":\"Kathrin Novotny\"},\"url\":\"https:\/\/tierheim-moers.de\/Wordpress\/author\/kathrin\/\"}]}<\/script>\n<!-- \/ Yoast SEO plugin. -->","yoast_head_json":{"title":"Tierschutz vor der Haust\u00fcre | TIERHEIM MOERS","robots":{"index":"index","follow":"follow","max-snippet":"max-snippet:-1","max-image-preview":"max-image-preview:large","max-video-preview":"max-video-preview:-1"},"canonical":"https:\/\/tierheim-moers.de\/Wordpress\/tierschutz-vor-der-haustuere\/","og_locale":"de_DE","og_type":"article","og_title":"Tierschutz vor der Haust\u00fcre | TIERHEIM MOERS","og_description":"Hallo Ihr Lieben, \u00a0 so richtig anfreunden kann ich mich bisher mit dem neuen Jahr nicht. Zum einen liegt das daran, dass &#8230;","og_url":"https:\/\/tierheim-moers.de\/Wordpress\/tierschutz-vor-der-haustuere\/","og_site_name":"TIERHEIM MOERS","article_publisher":"https:\/\/de-de.facebook.com\/moers.tierheim","article_published_time":"2019-02-20T07:44:48+00:00","article_modified_time":"2019-02-24T09:44:03+00:00","og_image":[{"width":768,"height":1024,"url":"https:\/\/tierheim-moers.de\/Wordpress\/wp-content\/uploads\/2019\/02\/20190201_120150-768x1024.jpg","type":"image\/jpeg"}],"author":"Kathrin Novotny","twitter_card":"summary_large_image","twitter_misc":{"Verfasst von":"Kathrin Novotny","Gesch\u00e4tzte Lesezeit":"7\u00a0Minuten"},"schema":{"@context":"https:\/\/schema.org","@graph":[{"@type":"Article","@id":"https:\/\/tierheim-moers.de\/Wordpress\/tierschutz-vor-der-haustuere\/#article","isPartOf":{"@id":"https:\/\/tierheim-moers.de\/Wordpress\/tierschutz-vor-der-haustuere\/"},"author":{"name":"Kathrin Novotny","@id":"https:\/\/tierheim-moers.de\/Wordpress\/#\/schema\/person\/167de77fdd5ff85153606cdd34a5ffbc"},"headline":"Tierschutz vor der Haust\u00fcre","datePublished":"2019-02-20T07:44:48+00:00","dateModified":"2019-02-24T09:44:03+00:00","mainEntityOfPage":{"@id":"https:\/\/tierheim-moers.de\/Wordpress\/tierschutz-vor-der-haustuere\/"},"wordCount":1393,"publisher":{"@id":"https:\/\/tierheim-moers.de\/Wordpress\/#organization"},"image":{"@id":"https:\/\/tierheim-moers.de\/Wordpress\/tierschutz-vor-der-haustuere\/#primaryimage"},"thumbnailUrl":"https:\/\/tierheim-moers.de\/Wordpress\/wp-content\/uploads\/2019\/02\/20190201_120150.jpg","articleSection":["Aktuell","Paulas Blickwinkel"],"inLanguage":"de"},{"@type":"WebPage","@id":"https:\/\/tierheim-moers.de\/Wordpress\/tierschutz-vor-der-haustuere\/","url":"https:\/\/tierheim-moers.de\/Wordpress\/tierschutz-vor-der-haustuere\/","name":"Tierschutz vor der Haust\u00fcre | TIERHEIM MOERS","isPartOf":{"@id":"https:\/\/tierheim-moers.de\/Wordpress\/#website"},"primaryImageOfPage":{"@id":"https:\/\/tierheim-moers.de\/Wordpress\/tierschutz-vor-der-haustuere\/#primaryimage"},"image":{"@id":"https:\/\/tierheim-moers.de\/Wordpress\/tierschutz-vor-der-haustuere\/#primaryimage"},"thumbnailUrl":"https:\/\/tierheim-moers.de\/Wordpress\/wp-content\/uploads\/2019\/02\/20190201_120150.jpg","datePublished":"2019-02-20T07:44:48+00:00","dateModified":"2019-02-24T09:44:03+00:00","breadcrumb":{"@id":"https:\/\/tierheim-moers.de\/Wordpress\/tierschutz-vor-der-haustuere\/#breadcrumb"},"inLanguage":"de","potentialAction":[{"@type":"ReadAction","target":["https:\/\/tierheim-moers.de\/Wordpress\/tierschutz-vor-der-haustuere\/"]}]},{"@type":"ImageObject","inLanguage":"de","@id":"https:\/\/tierheim-moers.de\/Wordpress\/tierschutz-vor-der-haustuere\/#primaryimage","url":"https:\/\/tierheim-moers.de\/Wordpress\/wp-content\/uploads\/2019\/02\/20190201_120150.jpg","contentUrl":"https:\/\/tierheim-moers.de\/Wordpress\/wp-content\/uploads\/2019\/02\/20190201_120150.jpg","width":2160,"height":2880},{"@type":"BreadcrumbList","@id":"https:\/\/tierheim-moers.de\/Wordpress\/tierschutz-vor-der-haustuere\/#breadcrumb","itemListElement":[{"@type":"ListItem","position":1,"name":"Startseite","item":"https:\/\/tierheim-moers.de\/Wordpress\/"},{"@type":"ListItem","position":2,"name":"Tierschutz vor der Haust\u00fcre"}]},{"@type":"WebSite","@id":"https:\/\/tierheim-moers.de\/Wordpress\/#website","url":"https:\/\/tierheim-moers.de\/Wordpress\/","name":"Tierheim Moers","description":"Tierheim | Hundepension | Tierschutz | Moers","publisher":{"@id":"https:\/\/tierheim-moers.de\/Wordpress\/#organization"},"potentialAction":[{"@type":"SearchAction","target":{"@type":"EntryPoint","urlTemplate":"https:\/\/tierheim-moers.de\/Wordpress\/?s={search_term_string}"},"query-input":{"@type":"PropertyValueSpecification","valueRequired":true,"valueName":"search_term_string"}}],"inLanguage":"de"},{"@type":"Organization","@id":"https:\/\/tierheim-moers.de\/Wordpress\/#organization","name":"Tierheim Moers","url":"https:\/\/tierheim-moers.de\/Wordpress\/","logo":{"@type":"ImageObject","inLanguage":"de","@id":"https:\/\/tierheim-moers.de\/Wordpress\/#\/schema\/logo\/image\/","url":"https:\/\/tierheim-moers.de\/Wordpress\/wp-content\/uploads\/2014\/04\/Logo-TSV-Moers-V01-RGB-300.png","contentUrl":"https:\/\/tierheim-moers.de\/Wordpress\/wp-content\/uploads\/2014\/04\/Logo-TSV-Moers-V01-RGB-300.png","width":1052,"height":1038,"caption":"Tierheim Moers"},"image":{"@id":"https:\/\/tierheim-moers.de\/Wordpress\/#\/schema\/logo\/image\/"},"sameAs":["https:\/\/de-de.facebook.com\/moers.tierheim"]},{"@type":"Person","@id":"https:\/\/tierheim-moers.de\/Wordpress\/#\/schema\/person\/167de77fdd5ff85153606cdd34a5ffbc","name":"Kathrin Novotny","image":{"@type":"ImageObject","inLanguage":"de","@id":"https:\/\/tierheim-moers.de\/Wordpress\/#\/schema\/person\/image\/","url":"https:\/\/secure.gravatar.com\/avatar\/8dbd3a3cd58d0e299cb5bd95a6d53c79eebe36713eda62bbb3c41a749d06346f?s=96&d=mm&r=g","contentUrl":"https:\/\/secure.gravatar.com\/avatar\/8dbd3a3cd58d0e299cb5bd95a6d53c79eebe36713eda62bbb3c41a749d06346f?s=96&d=mm&r=g","caption":"Kathrin Novotny"},"url":"https:\/\/tierheim-moers.de\/Wordpress\/author\/kathrin\/"}]}},"_links":{"self":[{"href":"https:\/\/tierheim-moers.de\/Wordpress\/wp-json\/wp\/v2\/posts\/23305","targetHints":{"allow":["GET"]}}],"collection":[{"href":"https:\/\/tierheim-moers.de\/Wordpress\/wp-json\/wp\/v2\/posts"}],"about":[{"href":"https:\/\/tierheim-moers.de\/Wordpress\/wp-json\/wp\/v2\/types\/post"}],"author":[{"embeddable":true,"href":"https:\/\/tierheim-moers.de\/Wordpress\/wp-json\/wp\/v2\/users\/7"}],"replies":[{"embeddable":true,"href":"https:\/\/tierheim-moers.de\/Wordpress\/wp-json\/wp\/v2\/comments?post=23305"}],"version-history":[{"count":9,"href":"https:\/\/tierheim-moers.de\/Wordpress\/wp-json\/wp\/v2\/posts\/23305\/revisions"}],"predecessor-version":[{"id":23384,"href":"https:\/\/tierheim-moers.de\/Wordpress\/wp-json\/wp\/v2\/posts\/23305\/revisions\/23384"}],"wp:featuredmedia":[{"embeddable":true,"href":"https:\/\/tierheim-moers.de\/Wordpress\/wp-json\/wp\/v2\/media\/23306"}],"wp:attachment":[{"href":"https:\/\/tierheim-moers.de\/Wordpress\/wp-json\/wp\/v2\/media?parent=23305"}],"wp:term":[{"taxonomy":"category","embeddable":true,"href":"https:\/\/tierheim-moers.de\/Wordpress\/wp-json\/wp\/v2\/categories?post=23305"},{"taxonomy":"post_tag","embeddable":true,"href":"https:\/\/tierheim-moers.de\/Wordpress\/wp-json\/wp\/v2\/tags?post=23305"}],"curies":[{"name":"wp","href":"https:\/\/api.w.org\/{rel}","templated":true}]}}