{"id":23468,"date":"2020-03-03T10:38:54","date_gmt":"2020-03-03T08:38:54","guid":{"rendered":"http:\/\/tierheim-moers.de\/Wordpress\/?p=23468"},"modified":"2020-03-03T15:40:58","modified_gmt":"2020-03-03T13:40:58","slug":"annabella-jetzt-lilly-inspiziert-das-neue-zuhause","status":"publish","type":"post","link":"https:\/\/tierheim-moers.de\/Wordpress\/annabella-jetzt-lilly-inspiziert-das-neue-zuhause\/","title":{"rendered":"Annabella zum 1. Jahrestag"},"content":{"rendered":"<p>03.03.2020<\/p>\n<p>Hallo Ihr lieben Tierheimleute,<a href=\"https:\/\/tierheim-moers.de\/Wordpress\/wp-content\/uploads\/2019\/09\/annabella-jetzt-lilly.jpg37.jpg\"><img fetchpriority=\"high\" decoding=\"async\" class=\"size-medium wp-image-30282 alignleft\" src=\"https:\/\/tierheim-moers.de\/Wordpress\/wp-content\/uploads\/2019\/09\/annabella-jetzt-lilly.jpg37-225x300.jpg\" alt=\"\" width=\"225\" height=\"300\" srcset=\"https:\/\/tierheim-moers.de\/Wordpress\/wp-content\/uploads\/2019\/09\/annabella-jetzt-lilly.jpg37-225x300.jpg 225w, https:\/\/tierheim-moers.de\/Wordpress\/wp-content\/uploads\/2019\/09\/annabella-jetzt-lilly.jpg37.jpg 299w\" sizes=\"(max-width: 225px) 100vw, 225px\" \/><\/a><\/p>\n<p>ich dachte mir, zum bevorstehenden 1-J\u00e4hrigen im neuen Zuhause geb\u2019 ich mal wieder eine Meldung ab.<\/p>\n<p>Am 4.3. letztes Jahr bin ich bei Euch ausgezogen.\u00a0 Ich habe einen tollen Sommer im gro\u00dfen Garten erlebt.<br \/>\nAls die Tage k\u00fcrzer und k\u00e4lter wurden, habe ich mich aber dann doch immer mehr nach innen verzogen und gerade die N\u00e4chte verbringe ich gar nicht mehr drau\u00dfen.<\/p>\n<p>Bin froh, dass meine Leute das Katzenklo nicht &#8220;entsorgt&#8221; haben, als ich im Sommer immer ausschlie\u00dflich drau\u00dfen meine Gesch\u00e4fte verrichtet habe.\u00a0 Irgendwann im November fing es an, dass mir die Erde drau\u00dfen doch irgendwie oft zu schmierig und pampig war zum buddeln, da bin ich lieber h\u00e4ufig wieder ins Katzenklo gestiefelt, obwohl mir das auch nicht so gut gef\u00e4llt wie die Sommererde drau\u00dfen.\u00a0 Aber gut, paar Kompromisse muss man scheinbar eingehen.<\/p>\n<p>Ich habe im Haus sooooo viele Schlafpl\u00e4tze, es ist ein Traum \u2013<\/p>\n<p>auf dem Sofa und fast allen Sesseln liegen weiche Decken,<br \/>\nauf dem Boden stehen weiche Betten, <a href=\"https:\/\/tierheim-moers.de\/Wordpress\/wp-content\/uploads\/2019\/09\/annabella-jetzt-lilly.jpg38.jpg\"><img decoding=\"async\" class=\"size-medium wp-image-30283 alignright\" src=\"https:\/\/tierheim-moers.de\/Wordpress\/wp-content\/uploads\/2019\/09\/annabella-jetzt-lilly.jpg38-300x225.jpg\" alt=\"\" width=\"300\" height=\"225\" srcset=\"https:\/\/tierheim-moers.de\/Wordpress\/wp-content\/uploads\/2019\/09\/annabella-jetzt-lilly.jpg38-300x225.jpg 300w, https:\/\/tierheim-moers.de\/Wordpress\/wp-content\/uploads\/2019\/09\/annabella-jetzt-lilly.jpg38.jpg 349w\" sizes=\"(max-width: 300px) 100vw, 300px\" \/><\/a>ich hab 2 eigene kleine Teppiche,<br \/>\nes gibt eine S\u00e4ule und verschiedene Wand-Ecken mit Kratzbrettern &#8230;.was will man mehr.<a href=\"https:\/\/tierheim-moers.de\/Wordpress\/wp-content\/uploads\/2019\/09\/annabella-jetzt-lilly.jpg39.jpg\"><img decoding=\"async\" class=\"size-medium wp-image-30284 alignleft\" src=\"https:\/\/tierheim-moers.de\/Wordpress\/wp-content\/uploads\/2019\/09\/annabella-jetzt-lilly.jpg39-225x300.jpg\" alt=\"\" width=\"225\" height=\"300\" srcset=\"https:\/\/tierheim-moers.de\/Wordpress\/wp-content\/uploads\/2019\/09\/annabella-jetzt-lilly.jpg39-225x300.jpg 225w, https:\/\/tierheim-moers.de\/Wordpress\/wp-content\/uploads\/2019\/09\/annabella-jetzt-lilly.jpg39.jpg 268w\" sizes=\"(max-width: 225px) 100vw, 225px\" \/><\/a> Ok, zum Krallen wetzen nehme ich nat\u00fcrlich auch gerne ein paar Stellen vom gro\u00dfen Teppich und rupfe dort mit Begeisterung einige Fetzen heraus .<\/p>\n<p>Ins &#8220;Elternbett&#8221; lege ich mich aber nicht so oft &#8211; irgendwie schl\u00e4ft meine liebe Katzenmama dann nicht so gut, weil sie sich nicht r\u00fchren mag, um mich nicht zu wecken. Schon ganz lieb von ihr, aber dann bleibe ich halt doch oft raus aus dem Bett, bin ja trotzdem nah bei ihr und ihrem M\u00e4nne.<\/p>\n<p>Das Spielen mit den Menschen macht auch wieder dolle Spa\u00df &#8211; im Sommer bin ich ja mehr den ganzen kleinen und auch gr\u00f6\u00dferen Tieren drau\u00dfen nachgejagt &#8211; aber das Angebot hat sich ganz sch\u00f6n ver\u00e4ndert und ich bin ja auch nicht mehr so viel drau\u00dfen.\u00a0 Da m\u00fcssen halt dann doch meine Dosen\u00f6ffner wieder mehr Spielezeit investieren. Prompt hat sie auch wieder ordentlich Spielzeug zugekauft &#8211; er verdreht schon die Augen . Aber spielen tut er trotzdem auch mit mir.<\/p>\n<p>Eines ist echt ein starkes St\u00fcck: es gibt eine Nachbarskatze, die will st\u00e4ndig die Oberhand \u00fcber &#8220;meinen&#8221; Garten gewinnen. Sie hat es wohl auch geschafft, dass ich so langsam Schiss vor ihr habe und ins Haus renne (gut, dass es die Katzenklappe gibt).<br \/>\nAber dann kommt die Frau Nachbarin einfach bis zur Terrassent\u00fcr und versucht ebenfalls hereinzukommen.<a href=\"https:\/\/tierheim-moers.de\/Wordpress\/wp-content\/uploads\/2019\/09\/annabella-jetzt-lilly.jpg40.jpg\"><img loading=\"lazy\" decoding=\"async\" class=\"size-medium wp-image-30285 alignright\" src=\"https:\/\/tierheim-moers.de\/Wordpress\/wp-content\/uploads\/2019\/09\/annabella-jetzt-lilly.jpg40-225x300.jpg\" alt=\"\" width=\"225\" height=\"300\" srcset=\"https:\/\/tierheim-moers.de\/Wordpress\/wp-content\/uploads\/2019\/09\/annabella-jetzt-lilly.jpg40-225x300.jpg 225w, https:\/\/tierheim-moers.de\/Wordpress\/wp-content\/uploads\/2019\/09\/annabella-jetzt-lilly.jpg40.jpg 265w\" sizes=\"(max-width: 225px) 100vw, 225px\" \/><\/a> Hah &#8211; da hat sie aber schlechte Karten: wenn sie den Kopf rein steckt, geht die Klappe nicht auf.<br \/>\n\u00c4tschib\u00e4tschi.<br \/>\nIch wei\u00df zwar nicht, warum das bei mir immer klappt, aber ich finde es gut, dass die Nachbarin es nicht hin kriegt\u00a0 .<\/p>\n<p>Meine Menschenfrau sagt immer, wir sollten uns vertragen &#8211; die Nachbarskatze habe schlie\u00dflich, bevor ich hier war, auch immer ein- und ausgehen d\u00fcrfen (da gab es nur noch keine Klappe) und viel mit ihr gekuschelt und w\u00fcrde\u00a0 nur gerne wieder ihre alte Gewohnheit ausnutzen d\u00fcrfen.\u00a0 Aber das kann ich noch nicht akzeptieren &#8211; und dann kann ich auch Knurren wie ein Hund oder keifen wie ein schreiendes Kind. ICH bin die Katzenherrin im Haus, nicht anders herum. So !!!<\/p>\n<p>Was ich auch immer noch nicht leiden kann ist, wenn die Klingel geht und erst Recht nicht, wenn dann auch noch Fremde reinkommen.<br \/>\nUuuuh, dann nutze ich ganz schnell wieder die Klappe und weg! Dann ist mir sogar Regen egal.<\/p>\n<p>So, jetzt habe ich schon wieder sooo viel erz\u00e4hlt, da fasse ich den Rest nun nur noch schnell zusammen:<br \/>\nich liebe es, offene Schr\u00e4nke zu inspizieren;<br \/>\nich bin \u00fcberhaupt nicht aus auf Frischfleisch oder Thunfisch und solche Sperenzien;<br \/>\nich bin manchmal so dusselig und donnere mit dem Kopf vor Tischplatten oder Stufen, obwohl ich hier nun inzwischen wirklich alles in- und auswendig kenne;<br \/>\nich versuche, meinen Menschen schon mal klar zu machen, dass sie ihr Handy weg legen und sich gef\u00e4lligst mit mir besch\u00e4ftigen sollen<br \/>\nund ich f\u00fchle mich rundherum wohl. <a href=\"https:\/\/tierheim-moers.de\/Wordpress\/wp-content\/uploads\/2019\/09\/annabella-jetzt-lilly.jpg41.jpg\"><img loading=\"lazy\" decoding=\"async\" class=\"size-medium wp-image-30286 alignright\" src=\"https:\/\/tierheim-moers.de\/Wordpress\/wp-content\/uploads\/2019\/09\/annabella-jetzt-lilly.jpg41-300x225.jpg\" alt=\"\" width=\"300\" height=\"225\" srcset=\"https:\/\/tierheim-moers.de\/Wordpress\/wp-content\/uploads\/2019\/09\/annabella-jetzt-lilly.jpg41-300x225.jpg 300w, https:\/\/tierheim-moers.de\/Wordpress\/wp-content\/uploads\/2019\/09\/annabella-jetzt-lilly.jpg41.jpg 350w\" sizes=\"(max-width: 300px) 100vw, 300px\" \/><\/a> <a href=\"https:\/\/tierheim-moers.de\/Wordpress\/wp-content\/uploads\/2019\/09\/annabella-jetzt-lilly.jpg42.jpg\"><img loading=\"lazy\" decoding=\"async\" class=\"size-full wp-image-30287 alignleft\" src=\"https:\/\/tierheim-moers.de\/Wordpress\/wp-content\/uploads\/2019\/09\/annabella-jetzt-lilly.jpg42.jpg\" alt=\"\" width=\"225\" height=\"300\" \/><\/a><br \/>\nSo, fertig .<\/p>\n<p>Liebe Gr\u00fc\u00dfe von Beate und Thomas W. an Euch , alle Mitarbeiter und Kuschelpaten und Ehrenamtler und auch wieder das immer Wichtige DANKE f\u00fcr Eure tolle Arbeit.<br \/>\nBis zum n\u00e4chsten Mal,<br \/>\nEure Lilly<a href=\"https:\/\/tierheim-moers.de\/Wordpress\/wp-content\/uploads\/2019\/09\/annabella-jetzt-lilly.jpg43.jpg\"><img loading=\"lazy\" decoding=\"async\" class=\"size-full wp-image-30288 aligncenter\" src=\"https:\/\/tierheim-moers.de\/Wordpress\/wp-content\/uploads\/2019\/09\/annabella-jetzt-lilly.jpg43.jpg\" alt=\"\" width=\"206\" height=\"276\" \/>Danke f\u00fcr den ausf\u00fchrlichen Bericht. Alles Gute zum 1.Jahrestag und lass dich weiter so verw\u00f6hnen.<\/a><\/p>\n<p>Dein Tierheimteam<\/p>\n<p>07.09.2019<\/p>\n<p>Hallo an all die lieben Menschen vom Tierheim,<\/p>\n<p>hier ist Eure Lilly (bei Euch war ich Annabella). Ich bin jetzt ein halbes Jahr in meinem neuen Zuhause und ich sage Euch: mir gef\u00e4llt es sooo gut !\u00a0 Da muss ich doch mal wieder einen Bericht schicken .<\/p>\n<p>Ich werde immer wieder beschmust und ich kann dann kaum aufh\u00f6ren zu schnurren, ich liebe das;<br \/>\nich kann aber auch jederzeit nach drau\u00dfen durch diese Klappe und erobere mir jeden Tag (und auch Nachts) den gro\u00dfen Garten aufs Neue und wenn alles dunkel und ruhig ist und die Menschen schlafen, dann trau ich mich auch mal ein bisschen raus aus dem Grundst\u00fcck.<\/p>\n<p>Spannend, die Ger\u00fcche in anderen Hauseing\u00e4ngen, G\u00e4rten und auf der Stra\u00dfe &#8230;. aber ich wei\u00df , wo ich hin geh\u00f6re und kehre immer brav zur\u00fcck.<\/p>\n<p>Generell mag ich mich nicht gern auf andere Menschen einlassen, immer wenn jemand Fremdes kommt, renne ich lieber weg.<br \/>\nMeine 2 Menschen geben mir ja alles, was ich brauche, also bin ich lieber vorsichtig mit Anderen.<\/p>\n<p>Ich liebe es nat\u00fcrlich auch, ganz viel zu schlafen und soll ich Euch was verraten: ich darf mittlerweile auch ins Schlafzimmer und sogar ins Bett.<\/p>\n<p>Yippie .<\/p>\n<p>Das ist sch\u00f6n, bei meinen Menschen mit zu schlafen, ich liege auch immer nur am Fu\u00dfende und bei den Beinen.<br \/>\nManchmal bleib ich sogar\u00a0 aus dem Schlafzimmer raus, und \u00fcberhaupt bin ich ja Nachts oft unterwegs.<\/p>\n<p>Gerade an den zur\u00fcckliegenden so hei\u00dfen Tagen bin ich allerdings nicht so kuschelig und lege mich sogar eher nicht ins Bett &#8211; geht Euch und den lieben Tieren bei das auch so? Lieber k\u00fchlen Schatten und k\u00fchle Wiesen und Beete nutzen zum viiiel schlafen, f\u00fcr alles andere ist es einfach zu warm.<\/p>\n<p>Ich bringe meinen Lieben von drau\u00dfen auch immer wieder was Tolles mit, hab schon so ungef\u00e4hr 10-12 M\u00e4use vor das Schlafzimmer gelegt, die Menschen freuen sich immer und sagen ganz lieb Danke.\u00a0 Nur ihr Gesicht passt nicht so ganz dazu und es dauert nicht lange, da sind die Geschenke wieder weg, auch die Motten, die ich mitbringe. Dabei gebe ich mir doch immer so viel M\u00fche . Na, das muss ich noch rauskriegen, wo die das alles immer verstecken.<br \/>\nV\u00f6gelchen\u00a0 hatte ich auch schon mal dabei, aber irgendwie sind meine Menschen bei diesem Mitbringsel sehr zaghaft mit Dankesch\u00f6n. Hm. Naja.<br \/>\nIch jage auch Fr\u00f6sche und Unken und Libellen und Bienen und Hummeln und Fliegen und\u00a0 &#8211; ach, ich springe einfach allem tierischen\u00a0 nach, was sich bewegt.\u00a0 Ob denen das lieber ist als Geschenk?<\/p>\n<p>V\u00f6gel und Eichh\u00f6rnchen jagen hat mich auch schon das eine oder andere Mal auf B\u00e4ume entf\u00fchrt \u2013 es ist soooo leicht, da hoch zu kommen. Aber ich muss ja zugeben, wenn ich dann runter gucke, dann bekomme ich tats\u00e4chlich schon mal Angst, dann frag ich mich, wie ich da hoch gekommen bin. Oh je, das ist so peinlich, ich hab schon j\u00e4mmerlich mauzen m\u00fcssen vor Angst und dann haben meine Menschen mich mit der Leiter runter geholt \u2013 oder sie reden so lange auf mich ein und sprechen mir Mut zu, bis ich es doch alleine schaffe.<br \/>\nNur Beute mache ich dann nicht, das muss ich versch\u00e4mt zugeben.<\/p>\n<p>Ich spiele \u00fcbrigens auch drau\u00dfen total gerne Fang-mich-doch mit meinen Menschen, vor allem sie macht das oft mit mir &#8211; aber die kriegt mich nie, wenn ich nicht will. Ich bin ja doch ein Gewinner, hah.<\/p>\n<p>Und manchmal versteck ich mich sogar &#8211; zu klasse, wenn die mich dann pl\u00f6tzlich nicht mehr sieht und suchen muss. Hihi. Und dann erschreck ich sie, weil ich ganz pl\u00f6tzlich aus dem Geb\u00fcsch vor presche und vor ihr entlang jage.<br \/>\nSie erschreckt sich echt sch\u00f6n und dann muss sie immer lachen.<\/p>\n<p>Ja was soll ich sagen, ich glaub, Ihr habt mich in gute H\u00e4nde gegeben, die mich nicht wieder zur\u00fcck bringen wollen. Darf ich dann auch wirklich hier bleiben? Bitte bitte.<\/p>\n<p>Ich schick Euch auch wieder einige Bilder. Filme kommen auch f\u00fcr die lieben Tierheimleute zum Gucken. Ich hoffe, das seht Ihr gerne , jedenfalls wurde laut meinen Leuten beim Sommerfest nach Bildern gefragt, besonders an der Gewinn-Ausgabe. Da waren die Kuschelpaten.<\/p>\n<p>Ich gr\u00fc\u00dfe Euch aber <u>alle<\/u> ganz herzlich und danke Euch, dass Ihr mich im Januar nach dem Aussetzen in der Transportbox in KR-Linn aufgenommen und mich gew\u00e4rmt und gef\u00fcttert und Euch lieb um mich gek\u00fcmmert habt , bis &#8220;die Neuen&#8221; mich mitgenommen haben.<\/p>\n<p>Tsch\u00fcss, Eure Lilly<br \/>\nIch soll auch sch\u00f6n gr\u00fc\u00dfen von Beate und Thomas W., meinen Dosen\u00f6ffnern<\/p>\n<p><a href=\"http:\/\/tierheim-moers.de\/Wordpress\/wp-content\/uploads\/2019\/05\/annabella18.jpg\"><img loading=\"lazy\" decoding=\"async\" class=\"alignnone size-medium wp-image-26696\" src=\"http:\/\/tierheim-moers.de\/Wordpress\/wp-content\/uploads\/2019\/05\/annabella18-300x225.jpg\" alt=\"\" width=\"300\" height=\"225\" srcset=\"https:\/\/tierheim-moers.de\/Wordpress\/wp-content\/uploads\/2019\/05\/annabella18-300x225.jpg 300w, https:\/\/tierheim-moers.de\/Wordpress\/wp-content\/uploads\/2019\/05\/annabella18.jpg 314w\" sizes=\"(max-width: 300px) 100vw, 300px\" \/><\/a>ich w\u00e4lze mich gerne auf der Erde, dann bin ich manchmal gar nicht mehr wei\u00df,<br \/>\nmeine Menschen sagen dann Dreckspatz zu mir. Pfffff, ich bin doch kein Vogel,<br \/>\nvon wegen Spatz.<\/p>\n<p><a href=\"http:\/\/tierheim-moers.de\/Wordpress\/wp-content\/uploads\/2019\/05\/annabella19.jpg\"><img loading=\"lazy\" decoding=\"async\" class=\"alignnone size-medium wp-image-26697\" src=\"http:\/\/tierheim-moers.de\/Wordpress\/wp-content\/uploads\/2019\/05\/annabella19-300x225.jpg\" alt=\"\" width=\"300\" height=\"225\" srcset=\"https:\/\/tierheim-moers.de\/Wordpress\/wp-content\/uploads\/2019\/05\/annabella19-300x225.jpg 300w, https:\/\/tierheim-moers.de\/Wordpress\/wp-content\/uploads\/2019\/05\/annabella19.jpg 378w\" sizes=\"(max-width: 300px) 100vw, 300px\" \/><\/a>na &#8211; da hab ich doch wieder was gesehen, jetzt aber schnell dahin<\/p>\n<p><a href=\"http:\/\/tierheim-moers.de\/Wordpress\/wp-content\/uploads\/2019\/05\/annabella20.png\"><img loading=\"lazy\" decoding=\"async\" class=\"alignnone size-medium wp-image-26698\" src=\"http:\/\/tierheim-moers.de\/Wordpress\/wp-content\/uploads\/2019\/05\/annabella20-300x227.png\" alt=\"\" width=\"300\" height=\"227\" srcset=\"https:\/\/tierheim-moers.de\/Wordpress\/wp-content\/uploads\/2019\/05\/annabella20-300x227.png 300w, https:\/\/tierheim-moers.de\/Wordpress\/wp-content\/uploads\/2019\/05\/annabella20.png 378w\" sizes=\"(max-width: 300px) 100vw, 300px\" \/><\/a>ich habe mir da so eine sch\u00f6ne Kuhle gebuddelt, da liege ich gerne<\/p>\n<p><a href=\"http:\/\/tierheim-moers.de\/Wordpress\/wp-content\/uploads\/2019\/05\/annabella21.png\"><img loading=\"lazy\" decoding=\"async\" class=\"alignnone size-medium wp-image-26699\" src=\"http:\/\/tierheim-moers.de\/Wordpress\/wp-content\/uploads\/2019\/05\/annabella21-300x227.png\" alt=\"\" width=\"300\" height=\"227\" srcset=\"https:\/\/tierheim-moers.de\/Wordpress\/wp-content\/uploads\/2019\/05\/annabella21-300x227.png 300w, https:\/\/tierheim-moers.de\/Wordpress\/wp-content\/uploads\/2019\/05\/annabella21.png 373w\" sizes=\"(max-width: 300px) 100vw, 300px\" \/><\/a>im Bett schl\u00e4ft es sich soooo gut<\/p>\n<p><a href=\"http:\/\/tierheim-moers.de\/Wordpress\/wp-content\/uploads\/2019\/05\/annabella22.jpg\"><img loading=\"lazy\" decoding=\"async\" class=\"alignnone size-medium wp-image-26700\" src=\"http:\/\/tierheim-moers.de\/Wordpress\/wp-content\/uploads\/2019\/05\/annabella22-300x225.jpg\" alt=\"\" width=\"300\" height=\"225\" srcset=\"https:\/\/tierheim-moers.de\/Wordpress\/wp-content\/uploads\/2019\/05\/annabella22-300x225.jpg 300w, https:\/\/tierheim-moers.de\/Wordpress\/wp-content\/uploads\/2019\/05\/annabella22.jpg 374w\" sizes=\"(max-width: 300px) 100vw, 300px\" \/><\/a><br \/>\nigitt, Regen, Wasser von oben, pfui. Aber ich hab schon meine Tricks\u2026.<\/p>\n<p><a href=\"http:\/\/tierheim-moers.de\/Wordpress\/wp-content\/uploads\/2019\/05\/annabella23.jpg\"><img loading=\"lazy\" decoding=\"async\" class=\"alignnone size-medium wp-image-26701\" src=\"http:\/\/tierheim-moers.de\/Wordpress\/wp-content\/uploads\/2019\/05\/annabella23-300x225.jpg\" alt=\"\" width=\"300\" height=\"225\" srcset=\"https:\/\/tierheim-moers.de\/Wordpress\/wp-content\/uploads\/2019\/05\/annabella23-300x225.jpg 300w, https:\/\/tierheim-moers.de\/Wordpress\/wp-content\/uploads\/2019\/05\/annabella23.jpg 424w\" sizes=\"(max-width: 300px) 100vw, 300px\" \/><\/a>Schlafen ist einfach toll und ich hab hier sooo viele Pl\u00e4tze und Decken daf\u00fcr<\/p>\n<p><a href=\"http:\/\/tierheim-moers.de\/Wordpress\/wp-content\/uploads\/2019\/05\/annabella24.jpg\"><img loading=\"lazy\" decoding=\"async\" class=\"alignnone size-medium wp-image-26702\" src=\"http:\/\/tierheim-moers.de\/Wordpress\/wp-content\/uploads\/2019\/05\/annabella24-300x226.jpg\" alt=\"\" width=\"300\" height=\"226\" srcset=\"https:\/\/tierheim-moers.de\/Wordpress\/wp-content\/uploads\/2019\/05\/annabella24-300x226.jpg 300w, https:\/\/tierheim-moers.de\/Wordpress\/wp-content\/uploads\/2019\/05\/annabella24.jpg 431w\" sizes=\"(max-width: 300px) 100vw, 300px\" \/><\/a><br \/>\nDa hat sich doch was bewegt, da muss doch was sein \u2026.<\/p>\n<p><a href=\"http:\/\/tierheim-moers.de\/Wordpress\/wp-content\/uploads\/2019\/05\/annabella25.jpg\"><img loading=\"lazy\" decoding=\"async\" class=\"alignnone size-medium wp-image-26703\" src=\"http:\/\/tierheim-moers.de\/Wordpress\/wp-content\/uploads\/2019\/05\/annabella25-300x226.jpg\" alt=\"\" width=\"300\" height=\"226\" srcset=\"https:\/\/tierheim-moers.de\/Wordpress\/wp-content\/uploads\/2019\/05\/annabella25-300x226.jpg 300w, https:\/\/tierheim-moers.de\/Wordpress\/wp-content\/uploads\/2019\/05\/annabella25.jpg 412w\" sizes=\"(max-width: 300px) 100vw, 300px\" \/><\/a><br \/>\nJa bitte, jetzt streicheln kommen<\/p>\n<p><a href=\"http:\/\/tierheim-moers.de\/Wordpress\/wp-content\/uploads\/2019\/05\/annabella26.jpg\"><img loading=\"lazy\" decoding=\"async\" class=\"alignnone size-medium wp-image-26704\" src=\"http:\/\/tierheim-moers.de\/Wordpress\/wp-content\/uploads\/2019\/05\/annabella26-300x226.jpg\" alt=\"\" width=\"300\" height=\"226\" srcset=\"https:\/\/tierheim-moers.de\/Wordpress\/wp-content\/uploads\/2019\/05\/annabella26-300x226.jpg 300w, https:\/\/tierheim-moers.de\/Wordpress\/wp-content\/uploads\/2019\/05\/annabella26.jpg 427w\" sizes=\"(max-width: 300px) 100vw, 300px\" \/><\/a><br \/>\nHach, diese Leckereien &#8211; f\u00fcr die Schleckpasten k\u00f6nnte ich sterben, los, mehr davon<\/p>\n<p><a href=\"http:\/\/tierheim-moers.de\/Wordpress\/wp-content\/uploads\/2019\/05\/annabella27.jpg\"><img loading=\"lazy\" decoding=\"async\" class=\"alignnone size-medium wp-image-26705\" src=\"http:\/\/tierheim-moers.de\/Wordpress\/wp-content\/uploads\/2019\/05\/annabella27-225x300.jpg\" alt=\"\" width=\"225\" height=\"300\" srcset=\"https:\/\/tierheim-moers.de\/Wordpress\/wp-content\/uploads\/2019\/05\/annabella27-225x300.jpg 225w, https:\/\/tierheim-moers.de\/Wordpress\/wp-content\/uploads\/2019\/05\/annabella27.jpg 292w\" sizes=\"(max-width: 225px) 100vw, 225px\" \/><\/a><br \/>\nSoooo viele Hecken: da findet sich immer ein sch\u00f6ner k\u00fchler schattiger Platz,<br \/>\naber wenn ich Gl\u00fcck habe, dann sitzt da sogar ein V\u00f6gelchen drin oder es raschelt eine Maus.<\/p>\n<p><a href=\"http:\/\/tierheim-moers.de\/Wordpress\/wp-content\/uploads\/2019\/05\/annabella28.jpg\"><img loading=\"lazy\" decoding=\"async\" class=\"alignnone size-medium wp-image-26706\" src=\"http:\/\/tierheim-moers.de\/Wordpress\/wp-content\/uploads\/2019\/05\/annabella28-225x300.jpg\" alt=\"\" width=\"225\" height=\"300\" srcset=\"https:\/\/tierheim-moers.de\/Wordpress\/wp-content\/uploads\/2019\/05\/annabella28-225x300.jpg 225w, https:\/\/tierheim-moers.de\/Wordpress\/wp-content\/uploads\/2019\/05\/annabella28.jpg 377w\" sizes=\"(max-width: 225px) 100vw, 225px\" \/><\/a><br \/>\nhier wache ich vor der Haust\u00fcr &#8211; wer braucht schon einen Hund? Obwohl &#8211;<br \/>\nhm , ich hab doch Angst vor Fremden; und m\u00fcde scheine ich auch mal<br \/>\nwieder zu sein. Ob ich wirklich so ein guter Wachhund bin&#8230;?<\/p>\n<p><a href=\"http:\/\/tierheim-moers.de\/Wordpress\/wp-content\/uploads\/2019\/05\/annabella29.jpg\"><img loading=\"lazy\" decoding=\"async\" class=\"alignnone size-medium wp-image-26707\" src=\"http:\/\/tierheim-moers.de\/Wordpress\/wp-content\/uploads\/2019\/05\/annabella29-300x225.jpg\" alt=\"\" width=\"300\" height=\"225\" srcset=\"https:\/\/tierheim-moers.de\/Wordpress\/wp-content\/uploads\/2019\/05\/annabella29-300x225.jpg 300w, https:\/\/tierheim-moers.de\/Wordpress\/wp-content\/uploads\/2019\/05\/annabella29.jpg 334w\" sizes=\"(max-width: 300px) 100vw, 300px\" \/><\/a><br \/>\nDa isse &#8211; die Frau, die ich so sch\u00f6n erschrecken kann. Aber<br \/>\nhier streichelt sie mich auf meinem Kratzbaum wieder<br \/>\nzum Einschlafen gut &#8211; schnurrrrr.<\/p>\n<p><a href=\"http:\/\/tierheim-moers.de\/Wordpress\/wp-content\/uploads\/2019\/05\/annabella30.jpg\"><img loading=\"lazy\" decoding=\"async\" class=\"alignnone size-medium wp-image-26708\" src=\"http:\/\/tierheim-moers.de\/Wordpress\/wp-content\/uploads\/2019\/05\/annabella30-300x225.jpg\" alt=\"\" width=\"300\" height=\"225\" srcset=\"https:\/\/tierheim-moers.de\/Wordpress\/wp-content\/uploads\/2019\/05\/annabella30-300x225.jpg 300w, https:\/\/tierheim-moers.de\/Wordpress\/wp-content\/uploads\/2019\/05\/annabella30.jpg 378w\" sizes=\"(max-width: 300px) 100vw, 300px\" \/><\/a><br \/>\nHallo Menschenfrau , hab ich Dir auf der Terrasse etwa Deinen<br \/>\nPlatz gemopst? Oh,das tut mir jetzt aber \u2026.. gar nicht leid. Hihi.<\/p>\n<p><a href=\"http:\/\/tierheim-moers.de\/Wordpress\/wp-content\/uploads\/2019\/05\/annabella31.jpg\"><img loading=\"lazy\" decoding=\"async\" class=\"alignnone size-medium wp-image-26709\" src=\"http:\/\/tierheim-moers.de\/Wordpress\/wp-content\/uploads\/2019\/05\/annabella31-226x300.jpg\" alt=\"\" width=\"226\" height=\"300\" srcset=\"https:\/\/tierheim-moers.de\/Wordpress\/wp-content\/uploads\/2019\/05\/annabella31-226x300.jpg 226w, https:\/\/tierheim-moers.de\/Wordpress\/wp-content\/uploads\/2019\/05\/annabella31.jpg 328w\" sizes=\"(max-width: 226px) 100vw, 226px\" \/><\/a><br \/>\nHm, mal \u00fcberlegen, welchen Schabernack ich jetzt so treiben k\u00f6nnte.<\/p>\n<p><a href=\"http:\/\/tierheim-moers.de\/Wordpress\/wp-content\/uploads\/2019\/05\/annabella32.jpg\"><img loading=\"lazy\" decoding=\"async\" class=\"alignnone size-medium wp-image-26710\" src=\"http:\/\/tierheim-moers.de\/Wordpress\/wp-content\/uploads\/2019\/05\/annabella32-300x225.jpg\" alt=\"\" width=\"300\" height=\"225\" srcset=\"https:\/\/tierheim-moers.de\/Wordpress\/wp-content\/uploads\/2019\/05\/annabella32-300x225.jpg 300w, https:\/\/tierheim-moers.de\/Wordpress\/wp-content\/uploads\/2019\/05\/annabella32.jpg 378w\" sizes=\"(max-width: 300px) 100vw, 300px\" \/><\/a><br \/>\nich habe vor der Haust\u00fcr sogar ein eigenes Haus, ist bei Regen<br \/>\nauch ganz praktisch.<\/p>\n<p><a href=\"http:\/\/tierheim-moers.de\/Wordpress\/wp-content\/uploads\/2019\/05\/annabella33.jpg\"><img loading=\"lazy\" decoding=\"async\" class=\"alignnone size-medium wp-image-26711\" src=\"http:\/\/tierheim-moers.de\/Wordpress\/wp-content\/uploads\/2019\/05\/annabella33-300x225.jpg\" alt=\"\" width=\"300\" height=\"225\" srcset=\"https:\/\/tierheim-moers.de\/Wordpress\/wp-content\/uploads\/2019\/05\/annabella33-300x225.jpg 300w, https:\/\/tierheim-moers.de\/Wordpress\/wp-content\/uploads\/2019\/05\/annabella33.jpg 353w\" sizes=\"(max-width: 300px) 100vw, 300px\" \/><\/a><br \/>\nimmer dieses Koffer-Packen, menno, die sollen mich dann<br \/>\nwenigstens mitmehmen. Obgleich- ob ich da auch so viel Auslauf<br \/>\nh\u00e4tte ? Ach, einfach alle hier bleiben !!!<\/p>\n<p><a href=\"http:\/\/tierheim-moers.de\/Wordpress\/wp-content\/uploads\/2019\/05\/annabella34.jpg\"><img loading=\"lazy\" decoding=\"async\" class=\"alignnone size-medium wp-image-26712\" src=\"http:\/\/tierheim-moers.de\/Wordpress\/wp-content\/uploads\/2019\/05\/annabella34-300x224.jpg\" alt=\"\" width=\"300\" height=\"224\" srcset=\"https:\/\/tierheim-moers.de\/Wordpress\/wp-content\/uploads\/2019\/05\/annabella34-300x224.jpg 300w, https:\/\/tierheim-moers.de\/Wordpress\/wp-content\/uploads\/2019\/05\/annabella34.jpg 417w\" sizes=\"(max-width: 300px) 100vw, 300px\" \/><\/a><br \/>\nAch so &#8211; habe ich eigentlich berichtet, dass ich mich auch immer brav<br \/>\nputze ? Ich bin &#8216;ne typische Katze &#8211; uns macht in Sauberkeit so schnell<br \/>\nkeiner was vor! Und dann darf ich ja auch mal im Dreck w\u00e4lzen,<br \/>\noder ? (ungew\u00f6hnlicher Liegeplatz, oder ? Die Menschen finden meine<br \/>\nAuswahlen auch immer ganz lustig)<\/p>\n<p><a href=\"http:\/\/tierheim-moers.de\/Wordpress\/wp-content\/uploads\/2019\/05\/annabella35.jpg\"><img loading=\"lazy\" decoding=\"async\" class=\"alignnone size-medium wp-image-26713\" src=\"http:\/\/tierheim-moers.de\/Wordpress\/wp-content\/uploads\/2019\/05\/annabella35-225x300.jpg\" alt=\"\" width=\"225\" height=\"300\" srcset=\"https:\/\/tierheim-moers.de\/Wordpress\/wp-content\/uploads\/2019\/05\/annabella35-225x300.jpg 225w, https:\/\/tierheim-moers.de\/Wordpress\/wp-content\/uploads\/2019\/05\/annabella35.jpg 306w\" sizes=\"(max-width: 225px) 100vw, 225px\" \/><\/a><\/p>\n<p>Ja, da guckt Ihr, was : sogar auf meinem Hausdach ein weicher Platz<\/p>\n<p><a href=\"http:\/\/tierheim-moers.de\/Wordpress\/wp-content\/uploads\/2019\/05\/annabella36.png\"><img loading=\"lazy\" decoding=\"async\" class=\"alignnone size-medium wp-image-26714\" src=\"http:\/\/tierheim-moers.de\/Wordpress\/wp-content\/uploads\/2019\/05\/annabella36-227x300.png\" alt=\"\" width=\"227\" height=\"300\" srcset=\"https:\/\/tierheim-moers.de\/Wordpress\/wp-content\/uploads\/2019\/05\/annabella36-227x300.png 227w, https:\/\/tierheim-moers.de\/Wordpress\/wp-content\/uploads\/2019\/05\/annabella36.png 321w\" sizes=\"(max-width: 227px) 100vw, 227px\" \/><\/a><br \/>\nhier liege ich tr\u00e4umend und schlafend auf den Beinen meiner Dosen\u00f6ffnerin,<br \/>\nich glaube, da k\u00f6nnt Ihr auch sehen, dass ich mich wohl f\u00fchle. M\u00f6chte wirklich<br \/>\ngerne hier bleiben. Morgen ist das halbe Jahr erreicht<\/p>\n<p>Soooooo , jetzt hab ich Euch ne Menge von mir gezeigt, dabei h\u00e4tte ich ich noch so viel mehr f\u00fcr Euch. Aber irgendwann muss auch mal gut sein, oder ?<br \/>\nIch werde Euch noch einen Link zu ein paar Filmchen schicken, aber das wird wohl heute nicht mehr klappen, das hier hat so viel Zeit gebraucht, jetzt bin ich einfach wieder reif f\u00fcr\u2019s Schlafen.<br \/>\nUnd meine Menschenfrau kann auch nicht helfen, die ist jetzt verabredet. Dann \u00fcberl\u00e4sst die mir auch den Computer nicht alleine. Gemein, oder ? Naja, aber ich kann mich ja sonst nicht beklagen.<\/p>\n<p>Dann also bis denm\u00e4chst mal, tsch\u00fch\u00fc\u00fc\u00fc\u00fcss .<\/p>\n<p>20.5.2019<\/p>\n<div id='gallery-1' class='gallery galleryid-23468 gallery-columns-3 gallery-size-thumbnail'><figure class='gallery-item'>\n\t\t\t<div class='gallery-icon portrait'>\n\t\t\t\t<a rel='attachment' href='https:\/\/tierheim-moers.de\/Wordpress\/annabella-jetzt-lilly-inspiziert-das-neue-zuhause\/annabella17\/'><img loading=\"lazy\" decoding=\"async\" width=\"150\" height=\"150\" src=\"https:\/\/tierheim-moers.de\/Wordpress\/wp-content\/uploads\/2019\/04\/annabella17-e1558343920112-150x150.jpg\" class=\"attachment-thumbnail size-thumbnail\" alt=\"\" srcset=\"https:\/\/tierheim-moers.de\/Wordpress\/wp-content\/uploads\/2019\/04\/annabella17-e1558343920112-150x150.jpg 150w, https:\/\/tierheim-moers.de\/Wordpress\/wp-content\/uploads\/2019\/04\/annabella17-e1558343920112-432x432.jpg 432w, https:\/\/tierheim-moers.de\/Wordpress\/wp-content\/uploads\/2019\/04\/annabella17-e1558343920112-268x268.jpg 268w, https:\/\/tierheim-moers.de\/Wordpress\/wp-content\/uploads\/2019\/04\/annabella17-e1558343920112-45x45.jpg 45w\" sizes=\"(max-width: 150px) 100vw, 150px\" \/><\/a>\n\t\t\t<\/div><\/figure><figure class='gallery-item'>\n\t\t\t<div class='gallery-icon landscape'>\n\t\t\t\t<a rel='attachment' href='https:\/\/tierheim-moers.de\/Wordpress\/annabella-jetzt-lilly-inspiziert-das-neue-zuhause\/annabella16\/'><img loading=\"lazy\" decoding=\"async\" width=\"150\" height=\"150\" src=\"https:\/\/tierheim-moers.de\/Wordpress\/wp-content\/uploads\/2019\/04\/annabella16-150x150.jpg\" class=\"attachment-thumbnail size-thumbnail\" alt=\"\" srcset=\"https:\/\/tierheim-moers.de\/Wordpress\/wp-content\/uploads\/2019\/04\/annabella16-150x150.jpg 150w, https:\/\/tierheim-moers.de\/Wordpress\/wp-content\/uploads\/2019\/04\/annabella16-432x432.jpg 432w, https:\/\/tierheim-moers.de\/Wordpress\/wp-content\/uploads\/2019\/04\/annabella16-268x268.jpg 268w, https:\/\/tierheim-moers.de\/Wordpress\/wp-content\/uploads\/2019\/04\/annabella16-45x45.jpg 45w\" sizes=\"(max-width: 150px) 100vw, 150px\" \/><\/a>\n\t\t\t<\/div><\/figure>\n\t\t<\/div>\n\n<p>Huhu Frau Kuhnen und liebe Tierheim-Mitarbeiter und -Ehrenamtler,<\/p>\n<p>nach \u00fcber einem Monat gibt es nochmal Meldung zu Lilly.<br \/>\nSie schnurrt und schmust immer noch wie zu Beginn,<br \/>\naber ihr Spieltrieb im Haus und die dullen 5 Minuten sind mittlerweile &#8220;abgestellt&#8221;, Lilly vergn\u00fcgt sich daf\u00fcr scheinbar ausreichend drau\u00dfen, da flippt sie manchmal herrlich aus.<\/p>\n<p>Sie hat sich seit Einbau der Katzenklappe in Terrassent\u00fcr Anfang Mai zu einem Nachtschw\u00e4rmer entwickelt. Tags\u00fcber pennt sie stuuuundenlang innen &#8211; aber nachts erobert sie die Welt drau\u00dfen.<\/p>\n<p>Zum Dank f\u00fcr ihre Freiheit hat sie uns bereits 2x M\u00e4use gefangen &#8211; einmal drau\u00dfen auf den Weg gelegt und einmal &#8220;brav rein gebracht&#8221;.<br \/>\nJa &#8211; Danke Lilly &#x1f610;.<\/p>\n<p>Eine Kletterkatze ist sie zu unserem Leidwesen auch: sie rennt die hohen B\u00e4ume sehr hoch und h\u00e4ngt dann so weit oben, dass es aussieht, als h\u00e4tte sie selber Angst wieder runterzukommen. Einmal sah schien es uns, als schafft sie es tats\u00e4chlich nicht mehr runter. Dauerte auch lange.<br \/>\nIch trau mich gar nicht mehr hin zu gucken .<\/p>\n<p>Mit dem &#8220;Tiger&#8221;, mit dem es so filmreife Ann\u00e4herungsversuche gab, versteht Lilly sich scheinbar gut, auch wenn sie nicht allzu viel miteinander zu tun haben (wir wissen nur nicht, was die beiden Nachts treiben -hihi- ich w\u00fcrde sie gerne zusammen spielen sehen, aber da war noch nix): wenn Tiger in unserem Garten der Lilly begegnet, dann &#8220;n\u00e4seln&#8221; die beiden, das ist soooooo s\u00fc\u00df. Leider konnten wir das noch nicht bildlich festhalten.<\/p>\n<p>Ansonsten m\u00f6chten wir unsere Knutschkugel , M\u00e4uschen (warum sagt man ausgerechnet zu Katzen liebevoll &#8220;M\u00e4uschen&#8221; &#x1f914;), Schmusebacke, Schnurrmaschine usw. nicht mehr missen. Sie hat sich von Anfang an unsere Herzen erobert !!!<\/p>\n<p>Wir waren im April 10 Tage in Urlaub, da hat die Nachbarin sich um Lilly gek\u00fcmmert und hat ebenfalls ihr Herz verloren (ihre Worte!) an Lilly.<br \/>\nUnd wir haben jeden Tag Sehnsucht nach Lilly gehabt.<\/p>\n<p>So, das war wieder viel &#8211; reicht an Bericht &#x1f609;.<\/p>\n<p>Liebe Gr\u00fc\u00dfe<\/p>\n<p>Beate W. mit Lilly &#x1f64b;&#x1f3fc;&#x1f408;&#x1f63b;<\/p>\n<p>11.04.2019<\/p>\n<p>Hallo Frau Kuhnen,<\/p>\n<p>nachdem wir uns beim Tierheim &#8211; Fr\u00fchlingsfest auch wieder so gut unterhalten haben, gibt es brav mal wieder einen neuen Bericht von Lilly.<\/p>\n<p>Lilly genie\u00dft unseren Garten in vollen Z\u00fcgen<br \/>\nNach wie vor hat sie sich noch nicht allzu gro\u00df von unserem Grundst\u00fcck entfernt und bleibt immer in der N\u00e4he.<\/p>\n<p>Seit Samstag gibt es eine Katzenklappe im Keller (wird auf Dauer in die Terrassent\u00fcr verlegt), aber diese zu benutzen m\u00fcssen wir wohl noch gut \u00fcben. Das hereinkommen durch die Klappe lief noch gar nicht.<\/p>\n<p>Gestern hatten wir ein 2- st\u00fcndiges Schauspiel mit einer anderen freilaufenden Katze, eine getigerte.<\/p>\n<div id='gallery-2' class='gallery galleryid-23468 gallery-columns-3 gallery-size-thumbnail'><figure class='gallery-item'>\n\t\t\t<div class='gallery-icon landscape'>\n\t\t\t\t<a rel='attachment' href='https:\/\/tierheim-moers.de\/Wordpress\/annabella-jetzt-lilly-inspiziert-das-neue-zuhause\/annabella13\/'><img loading=\"lazy\" decoding=\"async\" width=\"150\" height=\"150\" src=\"https:\/\/tierheim-moers.de\/Wordpress\/wp-content\/uploads\/2019\/03\/annabella13-150x150.jpg\" class=\"attachment-thumbnail size-thumbnail\" alt=\"\" srcset=\"https:\/\/tierheim-moers.de\/Wordpress\/wp-content\/uploads\/2019\/03\/annabella13-150x150.jpg 150w, https:\/\/tierheim-moers.de\/Wordpress\/wp-content\/uploads\/2019\/03\/annabella13-432x432.jpg 432w, https:\/\/tierheim-moers.de\/Wordpress\/wp-content\/uploads\/2019\/03\/annabella13-268x268.jpg 268w, https:\/\/tierheim-moers.de\/Wordpress\/wp-content\/uploads\/2019\/03\/annabella13-45x45.jpg 45w\" sizes=\"(max-width: 150px) 100vw, 150px\" \/><\/a>\n\t\t\t<\/div><\/figure><figure class='gallery-item'>\n\t\t\t<div class='gallery-icon landscape'>\n\t\t\t\t<a rel='attachment' href='https:\/\/tierheim-moers.de\/Wordpress\/annabella-jetzt-lilly-inspiziert-das-neue-zuhause\/annabella14\/'><img loading=\"lazy\" decoding=\"async\" width=\"150\" height=\"150\" src=\"https:\/\/tierheim-moers.de\/Wordpress\/wp-content\/uploads\/2019\/03\/annabella14-150x150.jpg\" class=\"attachment-thumbnail size-thumbnail\" alt=\"\" srcset=\"https:\/\/tierheim-moers.de\/Wordpress\/wp-content\/uploads\/2019\/03\/annabella14-150x150.jpg 150w, https:\/\/tierheim-moers.de\/Wordpress\/wp-content\/uploads\/2019\/03\/annabella14-432x432.jpg 432w, https:\/\/tierheim-moers.de\/Wordpress\/wp-content\/uploads\/2019\/03\/annabella14-268x268.jpg 268w, https:\/\/tierheim-moers.de\/Wordpress\/wp-content\/uploads\/2019\/03\/annabella14-45x45.jpg 45w\" sizes=\"(max-width: 150px) 100vw, 150px\" \/><\/a>\n\t\t\t<\/div><\/figure><figure class='gallery-item'>\n\t\t\t<div class='gallery-icon landscape'>\n\t\t\t\t<a rel='attachment' href='https:\/\/tierheim-moers.de\/Wordpress\/annabella-jetzt-lilly-inspiziert-das-neue-zuhause\/annabella15\/'><img loading=\"lazy\" decoding=\"async\" width=\"150\" height=\"150\" src=\"https:\/\/tierheim-moers.de\/Wordpress\/wp-content\/uploads\/2019\/03\/annabella15-150x150.jpg\" class=\"attachment-thumbnail size-thumbnail\" alt=\"\" srcset=\"https:\/\/tierheim-moers.de\/Wordpress\/wp-content\/uploads\/2019\/03\/annabella15-150x150.jpg 150w, https:\/\/tierheim-moers.de\/Wordpress\/wp-content\/uploads\/2019\/03\/annabella15-432x432.jpg 432w, https:\/\/tierheim-moers.de\/Wordpress\/wp-content\/uploads\/2019\/03\/annabella15-268x268.jpg 268w, https:\/\/tierheim-moers.de\/Wordpress\/wp-content\/uploads\/2019\/03\/annabella15-45x45.jpg 45w\" sizes=\"(max-width: 150px) 100vw, 150px\" \/><\/a>\n\t\t\t<\/div><\/figure>\n\t\t<\/div>\n\n<p>Die Beiden scheinen Interesse zu haben sich kennenzulernen, nachdem Lilly die Getigerte sonst bisher eher nur verjagt hat.<br \/>\nDas war wirklich herrlich anzusehen.<br \/>\nIch sende mal 1 &#8211; 2 Bildchen &#8211; habe aber auch gefilmt, das klappt ja leider nicht per Mail, da werde ich was \u00fcber facebook-messenger schicken.<\/p>\n<p>Am Wochenende musste Lilly zum ersten mal 4 Tage auf mich verzichten und mit meinem M\u00e4nne alleine &#8220;klar&#8221; kommen &#8211; haben sie aber nat\u00fcrlich auch prima geregelt gekriegt. Nach meiner R\u00fcckkehr hat Lilly nat\u00fcrlich laaange mit herumstreichen um meine Beine gezeigt, dass sie mich dann doch immer noch &#8220;will&#8221;.<br \/>\nUnd noch am Nachmittag hat sie ausgiebig auf meinem Scho\u00df mit mir gekuschelt. Sch\u00f6\u00f6\u00f6\u00f6\u00f6n.<\/p>\n<p>So, das war es mit einem neuen Bericht (darf nat\u00fcrlich gerne auch in die Erfolgsgeschichten).<\/p>\n<p>Liebe Gr\u00fc\u00dfe an die lieben Tierheim-Katzenleute (die anderen kenne ich ja eher weniger)<br \/>\nund bis bald<\/p>\n<p>Beate W.&#x1f64b;<\/p>\n<p>26.03.2019<\/p>\n<p>Hallo Tierheim Moers, <a href=\"http:\/\/tierheim-moers.de\/Wordpress\/wp-content\/uploads\/2019\/03\/annabella12-e1553617112644.jpg\"><img loading=\"lazy\" decoding=\"async\" class=\"size-medium wp-image-23792 alignright\" src=\"http:\/\/tierheim-moers.de\/Wordpress\/wp-content\/uploads\/2019\/03\/annabella12-e1553617112644-225x300.jpg\" alt=\"\" width=\"225\" height=\"300\" srcset=\"https:\/\/tierheim-moers.de\/Wordpress\/wp-content\/uploads\/2019\/03\/annabella12-e1553617112644-225x300.jpg 225w, https:\/\/tierheim-moers.de\/Wordpress\/wp-content\/uploads\/2019\/03\/annabella12-e1553617112644-768x1024.jpg 768w, https:\/\/tierheim-moers.de\/Wordpress\/wp-content\/uploads\/2019\/03\/annabella12-e1553617112644-600x800.jpg 600w, https:\/\/tierheim-moers.de\/Wordpress\/wp-content\/uploads\/2019\/03\/annabella12-e1553617112644-700x933.jpg 700w\" sizes=\"(max-width: 225px) 100vw, 225px\" \/><\/a><\/p>\n<p>hier meldet sich mal wieder Lilly.<br \/>\nHeute hatte ich meinen ersten hei\u00dfersehnten Ausflug nach drau\u00dfen, nachdem ich bisher stundenlang nur an den bodentiefen Fenstern raus blicken konnte.<\/p>\n<p>ok &#8211; einmal habe ich mich ganz fix letzte Woche zwischen den Beinen meiner Katzenmama durch die Haust\u00fcr raus gemogelt &#8211; das fand sie wohl nicht so toll und meinte immer &#8220;wir haben doch in einer Stunde einen Termin&#8221; &#8230;. und dann hat sie mich trickreich mit meinem Futtersch\u00e4lchen wieder ran gelockt und dann gepackt und rein geholt. Mist, echt ausgetrickst.<\/p>\n<p>Der Termin war wohl ein Tierarzttermin, ich musste nachgeipmft werden und noch ne Spritze gegen Tollwut habe ich bekommen.<br \/>\nHaben mich aber alle gelobt, ich sei sehr brav gewesen.<\/p>\n<p>Und dann heute der gro\u00dfe Tag: raus in die gro\u00dfe Welt um dieses Haus hier herum.<br \/>\nBoah, diese Ger\u00fcche, soooo viel zu gucken &#8211; und dann aber so komische Ger\u00e4usche, die mich noch ein wenig \u00e4ngstigen, da h\u00fcpfe ich ganz schnell wieder ans Haus. <a href=\"http:\/\/tierheim-moers.de\/Wordpress\/wp-content\/uploads\/2019\/03\/annabella11-e1553617143945.jpg\"><img loading=\"lazy\" decoding=\"async\" class=\"alignleft wp-image-23791 size-thumbnail\" src=\"http:\/\/tierheim-moers.de\/Wordpress\/wp-content\/uploads\/2019\/03\/annabella11-e1553617143945-150x150.jpg\" alt=\"\" width=\"150\" height=\"150\" srcset=\"https:\/\/tierheim-moers.de\/Wordpress\/wp-content\/uploads\/2019\/03\/annabella11-e1553617143945-150x150.jpg 150w, https:\/\/tierheim-moers.de\/Wordpress\/wp-content\/uploads\/2019\/03\/annabella11-e1553617143945-432x432.jpg 432w, https:\/\/tierheim-moers.de\/Wordpress\/wp-content\/uploads\/2019\/03\/annabella11-e1553617143945-268x268.jpg 268w, https:\/\/tierheim-moers.de\/Wordpress\/wp-content\/uploads\/2019\/03\/annabella11-e1553617143945-45x45.jpg 45w\" sizes=\"(max-width: 150px) 100vw, 150px\" \/><\/a><br \/>\nPuh, war echt aufregend. Jetzt bin ich lieber wieder rein gegangen &#8211; muss das erst mal in Ruhe verarbeiten. Mal sehen, ob ich heute nochmal so ne Aufregung vertragen kann &#x1f609;.<\/p>\n<p>Von Euch hat jemand freundlicherweise der Katzenmama gesagt, dass sie das mit Geschirr -anlegen mal abhaken soll, dass hatte die n\u00e4mlich schon angefangen zu \u00fcben, fand ich voll doof. Und heute habe ich ihr gezeigt, dass es gut so war ohne sowas komisches um Hals und Beine und ich trotzdem noch bei ihr und ihrem Mann bin.<\/p>\n<p>Die Beiden haben mich wohl echt gern &#8211; nur nachts ins Schlafzimmer darf ich echt immer noch nicht, war nur in der allerersten Nacht. Aber hab auch ausserhalb genug Schlafpl\u00e4tze.<\/p>\n<p>So, jetzt hab ich schon wieder genug berichtet.<\/p>\n<p>Liebe Gr\u00fc\u00dfe aus Krefeld am Inrath<br \/>\nEure Lilly<br \/>\nmit den Katzeneltern Beate und Thomas W.<\/p>\n<p>07.03.2019<\/p>\n<p>Hallo zusammen,<\/p>\n<p>eigentlich wollte ich Euch jetzt nicht t\u00e4glich bel\u00e4stigen &#8211; aber das eben find ich so toll, das muss ich berichten: gestern morgen hatte die Lilly ja schon einmal die &#8220;ber\u00fcchtigten dollen 5 Minuten&#8221; , die legte sie heut Vormittag gleich 2x hin und soeben erneut &#8211; da hab ich mir mal die Katzenangel geschnappt, die sie gestern vollkommen kalt gelassen hat (im Heim war da meines Wissens auch nix zu machen) und siehe da: Lilly spielt ausgelassen &#x1f600;.\u00a0 Habt Ihr sie mal so gesehen vorher?<\/p>\n<p>Yippie, Lilly wird neu entdeckt (f\u00fcr uns jedenfalls).<\/p>\n<p>Fazit: gut angekommen (behaupte ich mal) !<\/p>\n<p>Schmusig ohne Ende, chillig und relaxt, futtern und trinken klappt, ausgelassen und verspielt zwischendurch &#8211; warten wir nur noch auf das Experiment &#8220;Freigang&#8221;.<\/p>\n<p>Gl\u00fcckliche Gr\u00fc\u00dfe &#x1f64b;<\/p>\n<p>Beate W.<\/p>\n<p>Nur mal so: uns kann man mit so tollen Berichten nicht bel\u00e4stigen, sondern nur hoch erfreuen. Danke daf\u00fcr.<\/p>\n<p>Euer Tierheimteam<\/p>\n<p>Tag 2<\/p>\n<p>Hallo zusammen,Lilly hat uns die Nacht nicht so ganz schlafen lassen, sie mauzt j\u00e4mmerlich und will schmusen &#8211; eigentlich sollte sie aus dem Schlafzimmer raus bleiben, aber ganz klappt das vielleicht nicht . Auf dem Bett durfte sie sich aber nicht breit machen &#x1f603;.<\/p>\n<p>Ansonsten erleben wir sie hier so derma\u00dfen wach, neugierig, aufgeschlossen, wie sonst bei keinem unserer Besuche zuvor.<\/p>\n<p>Heute morgen hat sie ausgelassen getobt\u00a0 (mit sich selbst, den B\u00e4llen am Kratzbaum&#8230;), ist wie eine Irre durch die Bude gewetzt &#8211; ich hatte schon Sorge, sie hat was .<\/p>\n<p>Dann folgte eingehende Kuschelstundeund seitdem ist sie ziemlich platt und ruht &#x1f602;.<\/p>\n<div id='gallery-3' class='gallery galleryid-23468 gallery-columns-3 gallery-size-thumbnail'><figure class='gallery-item'>\n\t\t\t<div class='gallery-icon landscape'>\n\t\t\t\t<a rel='attachment' href='https:\/\/tierheim-moers.de\/Wordpress\/annabella-jetzt-lilly-inspiziert-das-neue-zuhause\/annabella8\/'><img loading=\"lazy\" decoding=\"async\" width=\"150\" height=\"150\" src=\"https:\/\/tierheim-moers.de\/Wordpress\/wp-content\/uploads\/2019\/03\/annabella8-150x150.jpg\" class=\"attachment-thumbnail size-thumbnail\" alt=\"\" srcset=\"https:\/\/tierheim-moers.de\/Wordpress\/wp-content\/uploads\/2019\/03\/annabella8-150x150.jpg 150w, https:\/\/tierheim-moers.de\/Wordpress\/wp-content\/uploads\/2019\/03\/annabella8-432x432.jpg 432w, https:\/\/tierheim-moers.de\/Wordpress\/wp-content\/uploads\/2019\/03\/annabella8-268x268.jpg 268w, https:\/\/tierheim-moers.de\/Wordpress\/wp-content\/uploads\/2019\/03\/annabella8-45x45.jpg 45w\" sizes=\"(max-width: 150px) 100vw, 150px\" \/><\/a>\n\t\t\t<\/div><\/figure><figure class='gallery-item'>\n\t\t\t<div class='gallery-icon landscape'>\n\t\t\t\t<a rel='attachment' href='https:\/\/tierheim-moers.de\/Wordpress\/annabella-jetzt-lilly-inspiziert-das-neue-zuhause\/annabella7\/'><img loading=\"lazy\" decoding=\"async\" width=\"150\" height=\"150\" src=\"https:\/\/tierheim-moers.de\/Wordpress\/wp-content\/uploads\/2019\/03\/annabella7-150x150.jpg\" class=\"attachment-thumbnail size-thumbnail\" alt=\"\" srcset=\"https:\/\/tierheim-moers.de\/Wordpress\/wp-content\/uploads\/2019\/03\/annabella7-150x150.jpg 150w, https:\/\/tierheim-moers.de\/Wordpress\/wp-content\/uploads\/2019\/03\/annabella7-432x432.jpg 432w, https:\/\/tierheim-moers.de\/Wordpress\/wp-content\/uploads\/2019\/03\/annabella7-268x268.jpg 268w, https:\/\/tierheim-moers.de\/Wordpress\/wp-content\/uploads\/2019\/03\/annabella7-45x45.jpg 45w\" sizes=\"(max-width: 150px) 100vw, 150px\" \/><\/a>\n\t\t\t<\/div><\/figure><figure class='gallery-item'>\n\t\t\t<div class='gallery-icon landscape'>\n\t\t\t\t<a rel='attachment' href='https:\/\/tierheim-moers.de\/Wordpress\/annabella-jetzt-lilly-inspiziert-das-neue-zuhause\/annabella6\/'><img loading=\"lazy\" decoding=\"async\" width=\"150\" height=\"150\" src=\"https:\/\/tierheim-moers.de\/Wordpress\/wp-content\/uploads\/2019\/03\/annabella6-150x150.jpg\" class=\"attachment-thumbnail size-thumbnail\" alt=\"\" srcset=\"https:\/\/tierheim-moers.de\/Wordpress\/wp-content\/uploads\/2019\/03\/annabella6-150x150.jpg 150w, https:\/\/tierheim-moers.de\/Wordpress\/wp-content\/uploads\/2019\/03\/annabella6-432x432.jpg 432w, https:\/\/tierheim-moers.de\/Wordpress\/wp-content\/uploads\/2019\/03\/annabella6-268x268.jpg 268w, https:\/\/tierheim-moers.de\/Wordpress\/wp-content\/uploads\/2019\/03\/annabella6-45x45.jpg 45w\" sizes=\"(max-width: 150px) 100vw, 150px\" \/><\/a>\n\t\t\t<\/div><\/figure>\n\t\t<\/div>\n\n<p>Tag 1<\/p>\n<p>Hallo liebe Tierheim-Mitarbeiter,<a href=\"http:\/\/tierheim-moers.de\/Wordpress\/wp-content\/uploads\/2019\/03\/annabella-jetzt-lilly-e1551792874813.jpg\"><img loading=\"lazy\" decoding=\"async\" class=\"wp-image-23469 size-thumbnail alignleft\" src=\"http:\/\/tierheim-moers.de\/Wordpress\/wp-content\/uploads\/2019\/03\/annabella-jetzt-lilly-e1551792874813-150x150.jpg\" alt=\"\" width=\"150\" height=\"150\" srcset=\"https:\/\/tierheim-moers.de\/Wordpress\/wp-content\/uploads\/2019\/03\/annabella-jetzt-lilly-e1551792874813-150x150.jpg 150w, https:\/\/tierheim-moers.de\/Wordpress\/wp-content\/uploads\/2019\/03\/annabella-jetzt-lilly-e1551792874813-432x432.jpg 432w, https:\/\/tierheim-moers.de\/Wordpress\/wp-content\/uploads\/2019\/03\/annabella-jetzt-lilly-e1551792874813-268x268.jpg 268w, https:\/\/tierheim-moers.de\/Wordpress\/wp-content\/uploads\/2019\/03\/annabella-jetzt-lilly-e1551792874813-45x45.jpg 45w\" sizes=\"(max-width: 150px) 100vw, 150px\" \/><\/a><\/p>\n<p>nachdem wir heute Mittag eine meckernde Lilly (Annabella) minehmen konnten, hat sie in ihrem neuen Heim soooofort die Transporttasche verlassen und sich sogleich auf die erste Runde im neuen Heim gemacht .<\/p>\n<p>Zwischendurch hat sie sich unter Schr\u00e4nke verkrochen, aber zum Fressen ist sie liebend gerne schon raus gekommenund nach und nach entdeckt sie all die f\u00fcr sie hier entstandenen Pl\u00e4tze.<\/p>\n<p>Die guckt neugierig durch alle bodentiefen Fenster<a href=\"http:\/\/tierheim-moers.de\/Wordpress\/wp-content\/uploads\/2019\/03\/annabella4.jpg\"><img loading=\"lazy\" decoding=\"async\" class=\"wp-image-23472 size-thumbnail alignright\" src=\"http:\/\/tierheim-moers.de\/Wordpress\/wp-content\/uploads\/2019\/03\/annabella4-150x150.jpg\" alt=\"\" width=\"150\" height=\"150\" srcset=\"https:\/\/tierheim-moers.de\/Wordpress\/wp-content\/uploads\/2019\/03\/annabella4-150x150.jpg 150w, https:\/\/tierheim-moers.de\/Wordpress\/wp-content\/uploads\/2019\/03\/annabella4-432x432.jpg 432w, https:\/\/tierheim-moers.de\/Wordpress\/wp-content\/uploads\/2019\/03\/annabella4-268x268.jpg 268w, https:\/\/tierheim-moers.de\/Wordpress\/wp-content\/uploads\/2019\/03\/annabella4-45x45.jpg 45w\" sizes=\"(max-width: 150px) 100vw, 150px\" \/><\/a> (das mit dem Freigang wird bestimmt doch noch was) und hat schon ne Ewigkeit geschmust und ohne Ende Haare auf meinen Klamotten hinterlassen &#8211; sie hat sich schlie\u00dflich auch schon auf meinen Scho\u00df getraut.<\/p>\n<p>Leider sind meine Filmchen von ihr alle zu lang\/zu gro\u00df, um Euch als Video was zu schicken.<\/p>\n<p>So m\u00fcssen die ersten Bilder zun\u00e4chst reichen.<\/p>\n<div id='gallery-4' class='gallery galleryid-23468 gallery-columns-3 gallery-size-thumbnail'><figure class='gallery-item'>\n\t\t\t<div class='gallery-icon landscape'>\n\t\t\t\t<a rel='attachment' href='https:\/\/tierheim-moers.de\/Wordpress\/annabella-jetzt-lilly-inspiziert-das-neue-zuhause\/annabella3\/'><img loading=\"lazy\" decoding=\"async\" width=\"150\" height=\"150\" src=\"https:\/\/tierheim-moers.de\/Wordpress\/wp-content\/uploads\/2019\/03\/annabella3-150x150.jpg\" class=\"attachment-thumbnail size-thumbnail\" alt=\"\" aria-describedby=\"gallery-4-23471\" srcset=\"https:\/\/tierheim-moers.de\/Wordpress\/wp-content\/uploads\/2019\/03\/annabella3-150x150.jpg 150w, https:\/\/tierheim-moers.de\/Wordpress\/wp-content\/uploads\/2019\/03\/annabella3-432x432.jpg 432w, https:\/\/tierheim-moers.de\/Wordpress\/wp-content\/uploads\/2019\/03\/annabella3-268x268.jpg 268w, https:\/\/tierheim-moers.de\/Wordpress\/wp-content\/uploads\/2019\/03\/annabella3-45x45.jpg 45w\" sizes=\"(max-width: 150px) 100vw, 150px\" \/><\/a>\n\t\t\t<\/div>\n\t\t\t\t<figcaption class='wp-caption-text gallery-caption' id='gallery-4-23471'>\n\t\t\t\tDas lass mir nicht&#8230;\n\t\t\t\t<\/figcaption><\/figure><figure class='gallery-item'>\n\t\t\t<div class='gallery-icon landscape'>\n\t\t\t\t<a rel='attachment' href='https:\/\/tierheim-moers.de\/Wordpress\/annabella-jetzt-lilly-inspiziert-das-neue-zuhause\/annabella2\/'><img loading=\"lazy\" decoding=\"async\" width=\"150\" height=\"150\" src=\"https:\/\/tierheim-moers.de\/Wordpress\/wp-content\/uploads\/2019\/03\/annabella2-150x150.jpg\" class=\"attachment-thumbnail size-thumbnail\" alt=\"\" aria-describedby=\"gallery-4-23470\" srcset=\"https:\/\/tierheim-moers.de\/Wordpress\/wp-content\/uploads\/2019\/03\/annabella2-150x150.jpg 150w, https:\/\/tierheim-moers.de\/Wordpress\/wp-content\/uploads\/2019\/03\/annabella2-432x432.jpg 432w, https:\/\/tierheim-moers.de\/Wordpress\/wp-content\/uploads\/2019\/03\/annabella2-268x268.jpg 268w, https:\/\/tierheim-moers.de\/Wordpress\/wp-content\/uploads\/2019\/03\/annabella2-45x45.jpg 45w\" sizes=\"(max-width: 150px) 100vw, 150px\" \/><\/a>\n\t\t\t<\/div>\n\t\t\t\t<figcaption class='wp-caption-text gallery-caption' id='gallery-4-23470'>\n\t\t\t\t&#8230; zweimal sagen.\n\t\t\t\t<\/figcaption><\/figure>\n\t\t<\/div>\n\n<p>Vielen Dank<\/p>\n<p>und liebe Gr\u00fc\u00dfe aus Krefeld<\/p>\n<p>Danke f\u00fcr die ersten Eindr\u00fccke.<\/p>\n<p>Euer Tierheimteam 05.03.2019<\/p>\n<div class=\"shariff shariff-align-flex-start shariff-widget-align-center\" data-url=\"https%3A%2F%2Ftierheim-moers.de%2FWordpress%2Fannabella-jetzt-lilly-inspiziert-das-neue-zuhause%2F\" data-timestamp=\"1583250058\" data-hidezero=\"1\" data-backendurl=\"https:\/\/tierheim-moers.de\/Wordpress\/wp-json\/shariff\/v1\/share_counts?\"><ul class=\"shariff-buttons theme-round orientation-horizontal buttonsize-small\"><li class=\"shariff-button facebook shariff-nocustomcolor\" style=\"background-color:#4273c8\"><a href=\"https:\/\/www.facebook.com\/sharer\/sharer.php?u=https%3A%2F%2Ftierheim-moers.de%2FWordpress%2Fannabella-jetzt-lilly-inspiziert-das-neue-zuhause%2F\" title=\"Bei Facebook teilen\" aria-label=\"Bei Facebook teilen\" role=\"button\" rel=\"nofollow\" class=\"shariff-link\" style=\"; background-color:#3b5998; color:#fff\" target=\"_blank\"><span class=\"shariff-icon\" style=\"\"><svg width=\"32px\" height=\"20px\" xmlns=\"http:\/\/www.w3.org\/2000\/svg\" viewBox=\"0 0 18 32\"><path fill=\"#3b5998\" d=\"M17.1 0.2v4.7h-2.8q-1.5 0-2.1 0.6t-0.5 1.9v3.4h5.2l-0.7 5.3h-4.5v13.6h-5.5v-13.6h-4.5v-5.3h4.5v-3.9q0-3.3 1.9-5.2t5-1.8q2.6 0 4.1 0.2z\"\/><\/svg><\/span><\/a><\/li><li class=\"shariff-button twitter shariff-nocustomcolor\" style=\"background-color:#595959\"><a href=\"https:\/\/twitter.com\/share?url=https%3A%2F%2Ftierheim-moers.de%2FWordpress%2Fannabella-jetzt-lilly-inspiziert-das-neue-zuhause%2F&text=Annabella%20zum%201.%20Jahrestag\" title=\"Bei X teilen\" aria-label=\"Bei X teilen\" role=\"button\" rel=\"noopener nofollow\" class=\"shariff-link\" style=\"; background-color:#000; color:#fff\" target=\"_blank\"><span class=\"shariff-icon\" style=\"\"><svg width=\"32px\" height=\"20px\" xmlns=\"http:\/\/www.w3.org\/2000\/svg\" viewBox=\"0 0 24 24\"><path fill=\"#000\" d=\"M14.258 10.152L23.176 0h-2.113l-7.747 8.813L7.133 0H0l9.352 13.328L0 23.973h2.113l8.176-9.309 6.531 9.309h7.133zm-2.895 3.293l-.949-1.328L2.875 1.56h3.246l6.086 8.523.945 1.328 7.91 11.078h-3.246zm0 0\"\/><\/svg><\/span><\/a><\/li><li class=\"shariff-button whatsapp shariff-nocustomcolor\" style=\"background-color:#5cbe4a\"><a href=\"https:\/\/api.whatsapp.com\/send?text=https%3A%2F%2Ftierheim-moers.de%2FWordpress%2Fannabella-jetzt-lilly-inspiziert-das-neue-zuhause%2F%20Annabella%20zum%201.%20Jahrestag\" title=\"Bei Whatsapp teilen\" aria-label=\"Bei Whatsapp teilen\" role=\"button\" rel=\"noopener nofollow\" class=\"shariff-link\" style=\"; background-color:#34af23; color:#fff\" target=\"_blank\"><span class=\"shariff-icon\" style=\"\"><svg width=\"32px\" height=\"20px\" xmlns=\"http:\/\/www.w3.org\/2000\/svg\" viewBox=\"0 0 32 32\"><path fill=\"#34af23\" d=\"M17.6 17.4q0.2 0 1.7 0.8t1.6 0.9q0 0.1 0 0.3 0 0.6-0.3 1.4-0.3 0.7-1.3 1.2t-1.8 0.5q-1 0-3.4-1.1-1.7-0.8-3-2.1t-2.6-3.3q-1.3-1.9-1.3-3.5v-0.1q0.1-1.6 1.3-2.8 0.4-0.4 0.9-0.4 0.1 0 0.3 0t0.3 0q0.3 0 0.5 0.1t0.3 0.5q0.1 0.4 0.6 1.6t0.4 1.3q0 0.4-0.6 1t-0.6 0.8q0 0.1 0.1 0.3 0.6 1.3 1.8 2.4 1 0.9 2.7 1.8 0.2 0.1 0.4 0.1 0.3 0 1-0.9t0.9-0.9zM14 26.9q2.3 0 4.3-0.9t3.6-2.4 2.4-3.6 0.9-4.3-0.9-4.3-2.4-3.6-3.6-2.4-4.3-0.9-4.3 0.9-3.6 2.4-2.4 3.6-0.9 4.3q0 3.6 2.1 6.6l-1.4 4.2 4.3-1.4q2.8 1.9 6.2 1.9zM14 2.2q2.7 0 5.2 1.1t4.3 2.9 2.9 4.3 1.1 5.2-1.1 5.2-2.9 4.3-4.3 2.9-5.2 1.1q-3.5 0-6.5-1.7l-7.4 2.4 2.4-7.2q-1.9-3.2-1.9-6.9 0-2.7 1.1-5.2t2.9-4.3 4.3-2.9 5.2-1.1z\"\/><\/svg><\/span><\/a><\/li><li class=\"shariff-button sms shariff-nocustomcolor shariff-mobile\" style=\"background-color:#d7d9d8\"><a href=\"sms:?&body=https%3A%2F%2Ftierheim-moers.de%2FWordpress%2Fannabella-jetzt-lilly-inspiziert-das-neue-zuhause%2F\" title=\"Per SMS teilen\" aria-label=\"Per SMS teilen\" role=\"button\" rel=\"noopener nofollow\" class=\"shariff-link\" style=\"; background-color:#a1e877; color:#fff\" target=\"_blank\"><span class=\"shariff-icon\" style=\"\"><svg xmlns=\"http:\/\/www.w3.org\/2000\/svg\" width=\"510\" height=\"510\" viewBox=\"0 0 510 510\"><path fill=\"#a1e877\" d=\"M459 0H51C23 0 0 23 0 51v459l102-102h357c28.1 0 51-22.9 51-51V51C510 23 487.1 0 459 0zM178.5 229.5h-51v-51h51V229.5zM280.5 229.5h-51v-51h51V229.5zM382.5 229.5h-51v-51h51V229.5z\"\/><\/svg><\/span><\/a><\/li><\/ul><\/div>","protected":false},"excerpt":{"rendered":"<p>03.03.2020 Hallo Ihr lieben Tierheimleute, ich dachte mir, zum bevorstehenden 1-J\u00e4hrigen im neuen Zuhause geb\u2019 ich mal wieder eine Meldung ab. Am 4.3. letztes Jahr bin ich bei Euch ausgezogen.\u00a0 Ich habe einen tollen Sommer im gro\u00dfen Garten erlebt. Als die Tage k\u00fcrzer und k\u00e4lter wurden, habe ich mich aber &#8230;<\/p>\n","protected":false},"author":4,"featured_media":30288,"comment_status":"closed","ping_status":"open","sticky":false,"template":"","format":"standard","meta":{"ngg_post_thumbnail":0,"footnotes":""},"categories":[32],"tags":[],"class_list":["post-23468","post","type-post","status-publish","format-standard","has-post-thumbnail","hentry","category-erfolgsgeschichten","column","threecol","has-thumbnail"],"yoast_head":"<!-- This site is optimized with the Yoast SEO plugin v24.6 - https:\/\/yoast.com\/wordpress\/plugins\/seo\/ -->\n<title>Annabella zum 1. Jahrestag | TIERHEIM MOERS<\/title>\n<meta name=\"robots\" content=\"index, follow, max-snippet:-1, max-image-preview:large, max-video-preview:-1\" \/>\n<link rel=\"canonical\" href=\"https:\/\/tierheim-moers.de\/Wordpress\/annabella-jetzt-lilly-inspiziert-das-neue-zuhause\/\" \/>\n<meta property=\"og:locale\" content=\"de_DE\" \/>\n<meta property=\"og:type\" content=\"article\" \/>\n<meta property=\"og:title\" content=\"Annabella zum 1. Jahrestag | TIERHEIM MOERS\" \/>\n<meta property=\"og:description\" content=\"03.03.2020 Hallo Ihr lieben Tierheimleute, ich dachte mir, zum bevorstehenden 1-J\u00e4hrigen im neuen Zuhause geb\u2019 ich mal wieder eine Meldung ab. Am &#8230;\" \/>\n<meta property=\"og:url\" content=\"https:\/\/tierheim-moers.de\/Wordpress\/annabella-jetzt-lilly-inspiziert-das-neue-zuhause\/\" \/>\n<meta property=\"og:site_name\" content=\"TIERHEIM MOERS\" \/>\n<meta property=\"article:publisher\" content=\"https:\/\/de-de.facebook.com\/moers.tierheim\" \/>\n<meta property=\"article:published_time\" content=\"2020-03-03T08:38:54+00:00\" \/>\n<meta property=\"article:modified_time\" content=\"2020-03-03T13:40:58+00:00\" \/>\n<meta property=\"og:image\" content=\"https:\/\/tierheim-moers.de\/Wordpress\/wp-content\/uploads\/2019\/09\/annabella-jetzt-lilly.jpg43.jpg\" \/>\n\t<meta property=\"og:image:width\" content=\"206\" \/>\n\t<meta property=\"og:image:height\" content=\"276\" \/>\n\t<meta property=\"og:image:type\" content=\"image\/jpeg\" \/>\n<meta name=\"author\" content=\"Gisela Kuhnen\" \/>\n<meta name=\"twitter:card\" content=\"summary_large_image\" \/>\n<meta name=\"twitter:label1\" content=\"Verfasst von\" \/>\n\t<meta name=\"twitter:data1\" content=\"Gisela Kuhnen\" \/>\n\t<meta name=\"twitter:label2\" content=\"Gesch\u00e4tzte Lesezeit\" \/>\n\t<meta name=\"twitter:data2\" content=\"17\u00a0Minuten\" \/>\n<script type=\"application\/ld+json\" class=\"yoast-schema-graph\">{\"@context\":\"https:\/\/schema.org\",\"@graph\":[{\"@type\":\"Article\",\"@id\":\"https:\/\/tierheim-moers.de\/Wordpress\/annabella-jetzt-lilly-inspiziert-das-neue-zuhause\/#article\",\"isPartOf\":{\"@id\":\"https:\/\/tierheim-moers.de\/Wordpress\/annabella-jetzt-lilly-inspiziert-das-neue-zuhause\/\"},\"author\":{\"name\":\"Gisela Kuhnen\",\"@id\":\"https:\/\/tierheim-moers.de\/Wordpress\/#\/schema\/person\/35ad410ed2d8620d4f57f813585b0d8e\"},\"headline\":\"Annabella zum 1. Jahrestag\",\"datePublished\":\"2020-03-03T08:38:54+00:00\",\"dateModified\":\"2020-03-03T13:40:58+00:00\",\"mainEntityOfPage\":{\"@id\":\"https:\/\/tierheim-moers.de\/Wordpress\/annabella-jetzt-lilly-inspiziert-das-neue-zuhause\/\"},\"wordCount\":3394,\"publisher\":{\"@id\":\"https:\/\/tierheim-moers.de\/Wordpress\/#organization\"},\"image\":{\"@id\":\"https:\/\/tierheim-moers.de\/Wordpress\/annabella-jetzt-lilly-inspiziert-das-neue-zuhause\/#primaryimage\"},\"thumbnailUrl\":\"https:\/\/tierheim-moers.de\/Wordpress\/wp-content\/uploads\/2019\/09\/annabella-jetzt-lilly.jpg43.jpg\",\"articleSection\":[\"Erfolgsgeschichten\"],\"inLanguage\":\"de\"},{\"@type\":\"WebPage\",\"@id\":\"https:\/\/tierheim-moers.de\/Wordpress\/annabella-jetzt-lilly-inspiziert-das-neue-zuhause\/\",\"url\":\"https:\/\/tierheim-moers.de\/Wordpress\/annabella-jetzt-lilly-inspiziert-das-neue-zuhause\/\",\"name\":\"Annabella zum 1. Jahrestag | TIERHEIM MOERS\",\"isPartOf\":{\"@id\":\"https:\/\/tierheim-moers.de\/Wordpress\/#website\"},\"primaryImageOfPage\":{\"@id\":\"https:\/\/tierheim-moers.de\/Wordpress\/annabella-jetzt-lilly-inspiziert-das-neue-zuhause\/#primaryimage\"},\"image\":{\"@id\":\"https:\/\/tierheim-moers.de\/Wordpress\/annabella-jetzt-lilly-inspiziert-das-neue-zuhause\/#primaryimage\"},\"thumbnailUrl\":\"https:\/\/tierheim-moers.de\/Wordpress\/wp-content\/uploads\/2019\/09\/annabella-jetzt-lilly.jpg43.jpg\",\"datePublished\":\"2020-03-03T08:38:54+00:00\",\"dateModified\":\"2020-03-03T13:40:58+00:00\",\"breadcrumb\":{\"@id\":\"https:\/\/tierheim-moers.de\/Wordpress\/annabella-jetzt-lilly-inspiziert-das-neue-zuhause\/#breadcrumb\"},\"inLanguage\":\"de\",\"potentialAction\":[{\"@type\":\"ReadAction\",\"target\":[\"https:\/\/tierheim-moers.de\/Wordpress\/annabella-jetzt-lilly-inspiziert-das-neue-zuhause\/\"]}]},{\"@type\":\"ImageObject\",\"inLanguage\":\"de\",\"@id\":\"https:\/\/tierheim-moers.de\/Wordpress\/annabella-jetzt-lilly-inspiziert-das-neue-zuhause\/#primaryimage\",\"url\":\"https:\/\/tierheim-moers.de\/Wordpress\/wp-content\/uploads\/2019\/09\/annabella-jetzt-lilly.jpg43.jpg\",\"contentUrl\":\"https:\/\/tierheim-moers.de\/Wordpress\/wp-content\/uploads\/2019\/09\/annabella-jetzt-lilly.jpg43.jpg\",\"width\":206,\"height\":276},{\"@type\":\"BreadcrumbList\",\"@id\":\"https:\/\/tierheim-moers.de\/Wordpress\/annabella-jetzt-lilly-inspiziert-das-neue-zuhause\/#breadcrumb\",\"itemListElement\":[{\"@type\":\"ListItem\",\"position\":1,\"name\":\"Startseite\",\"item\":\"https:\/\/tierheim-moers.de\/Wordpress\/\"},{\"@type\":\"ListItem\",\"position\":2,\"name\":\"Annabella zum 1. Jahrestag\"}]},{\"@type\":\"WebSite\",\"@id\":\"https:\/\/tierheim-moers.de\/Wordpress\/#website\",\"url\":\"https:\/\/tierheim-moers.de\/Wordpress\/\",\"name\":\"Tierheim Moers\",\"description\":\"Tierheim | Hundepension | Tierschutz | Moers\",\"publisher\":{\"@id\":\"https:\/\/tierheim-moers.de\/Wordpress\/#organization\"},\"potentialAction\":[{\"@type\":\"SearchAction\",\"target\":{\"@type\":\"EntryPoint\",\"urlTemplate\":\"https:\/\/tierheim-moers.de\/Wordpress\/?s={search_term_string}\"},\"query-input\":{\"@type\":\"PropertyValueSpecification\",\"valueRequired\":true,\"valueName\":\"search_term_string\"}}],\"inLanguage\":\"de\"},{\"@type\":\"Organization\",\"@id\":\"https:\/\/tierheim-moers.de\/Wordpress\/#organization\",\"name\":\"Tierheim Moers\",\"url\":\"https:\/\/tierheim-moers.de\/Wordpress\/\",\"logo\":{\"@type\":\"ImageObject\",\"inLanguage\":\"de\",\"@id\":\"https:\/\/tierheim-moers.de\/Wordpress\/#\/schema\/logo\/image\/\",\"url\":\"https:\/\/tierheim-moers.de\/Wordpress\/wp-content\/uploads\/2014\/04\/Logo-TSV-Moers-V01-RGB-300.png\",\"contentUrl\":\"https:\/\/tierheim-moers.de\/Wordpress\/wp-content\/uploads\/2014\/04\/Logo-TSV-Moers-V01-RGB-300.png\",\"width\":1052,\"height\":1038,\"caption\":\"Tierheim Moers\"},\"image\":{\"@id\":\"https:\/\/tierheim-moers.de\/Wordpress\/#\/schema\/logo\/image\/\"},\"sameAs\":[\"https:\/\/de-de.facebook.com\/moers.tierheim\"]},{\"@type\":\"Person\",\"@id\":\"https:\/\/tierheim-moers.de\/Wordpress\/#\/schema\/person\/35ad410ed2d8620d4f57f813585b0d8e\",\"name\":\"Gisela Kuhnen\",\"image\":{\"@type\":\"ImageObject\",\"inLanguage\":\"de\",\"@id\":\"https:\/\/tierheim-moers.de\/Wordpress\/#\/schema\/person\/image\/\",\"url\":\"https:\/\/secure.gravatar.com\/avatar\/807ca84b4538291e2f5dc665ed240a0d4d7ab8f22360ec427a82fe926980b31a?s=96&d=mm&r=g\",\"contentUrl\":\"https:\/\/secure.gravatar.com\/avatar\/807ca84b4538291e2f5dc665ed240a0d4d7ab8f22360ec427a82fe926980b31a?s=96&d=mm&r=g\",\"caption\":\"Gisela Kuhnen\"},\"url\":\"https:\/\/tierheim-moers.de\/Wordpress\/author\/gisela-kuhnen\/\"}]}<\/script>\n<!-- \/ Yoast SEO plugin. -->","yoast_head_json":{"title":"Annabella zum 1. Jahrestag | TIERHEIM MOERS","robots":{"index":"index","follow":"follow","max-snippet":"max-snippet:-1","max-image-preview":"max-image-preview:large","max-video-preview":"max-video-preview:-1"},"canonical":"https:\/\/tierheim-moers.de\/Wordpress\/annabella-jetzt-lilly-inspiziert-das-neue-zuhause\/","og_locale":"de_DE","og_type":"article","og_title":"Annabella zum 1. Jahrestag | TIERHEIM MOERS","og_description":"03.03.2020 Hallo Ihr lieben Tierheimleute, ich dachte mir, zum bevorstehenden 1-J\u00e4hrigen im neuen Zuhause geb\u2019 ich mal wieder eine Meldung ab. Am &#8230;","og_url":"https:\/\/tierheim-moers.de\/Wordpress\/annabella-jetzt-lilly-inspiziert-das-neue-zuhause\/","og_site_name":"TIERHEIM MOERS","article_publisher":"https:\/\/de-de.facebook.com\/moers.tierheim","article_published_time":"2020-03-03T08:38:54+00:00","article_modified_time":"2020-03-03T13:40:58+00:00","og_image":[{"width":206,"height":276,"url":"https:\/\/tierheim-moers.de\/Wordpress\/wp-content\/uploads\/2019\/09\/annabella-jetzt-lilly.jpg43.jpg","type":"image\/jpeg"}],"author":"Gisela Kuhnen","twitter_card":"summary_large_image","twitter_misc":{"Verfasst von":"Gisela Kuhnen","Gesch\u00e4tzte Lesezeit":"17\u00a0Minuten"},"schema":{"@context":"https:\/\/schema.org","@graph":[{"@type":"Article","@id":"https:\/\/tierheim-moers.de\/Wordpress\/annabella-jetzt-lilly-inspiziert-das-neue-zuhause\/#article","isPartOf":{"@id":"https:\/\/tierheim-moers.de\/Wordpress\/annabella-jetzt-lilly-inspiziert-das-neue-zuhause\/"},"author":{"name":"Gisela Kuhnen","@id":"https:\/\/tierheim-moers.de\/Wordpress\/#\/schema\/person\/35ad410ed2d8620d4f57f813585b0d8e"},"headline":"Annabella zum 1. Jahrestag","datePublished":"2020-03-03T08:38:54+00:00","dateModified":"2020-03-03T13:40:58+00:00","mainEntityOfPage":{"@id":"https:\/\/tierheim-moers.de\/Wordpress\/annabella-jetzt-lilly-inspiziert-das-neue-zuhause\/"},"wordCount":3394,"publisher":{"@id":"https:\/\/tierheim-moers.de\/Wordpress\/#organization"},"image":{"@id":"https:\/\/tierheim-moers.de\/Wordpress\/annabella-jetzt-lilly-inspiziert-das-neue-zuhause\/#primaryimage"},"thumbnailUrl":"https:\/\/tierheim-moers.de\/Wordpress\/wp-content\/uploads\/2019\/09\/annabella-jetzt-lilly.jpg43.jpg","articleSection":["Erfolgsgeschichten"],"inLanguage":"de"},{"@type":"WebPage","@id":"https:\/\/tierheim-moers.de\/Wordpress\/annabella-jetzt-lilly-inspiziert-das-neue-zuhause\/","url":"https:\/\/tierheim-moers.de\/Wordpress\/annabella-jetzt-lilly-inspiziert-das-neue-zuhause\/","name":"Annabella zum 1. Jahrestag | TIERHEIM MOERS","isPartOf":{"@id":"https:\/\/tierheim-moers.de\/Wordpress\/#website"},"primaryImageOfPage":{"@id":"https:\/\/tierheim-moers.de\/Wordpress\/annabella-jetzt-lilly-inspiziert-das-neue-zuhause\/#primaryimage"},"image":{"@id":"https:\/\/tierheim-moers.de\/Wordpress\/annabella-jetzt-lilly-inspiziert-das-neue-zuhause\/#primaryimage"},"thumbnailUrl":"https:\/\/tierheim-moers.de\/Wordpress\/wp-content\/uploads\/2019\/09\/annabella-jetzt-lilly.jpg43.jpg","datePublished":"2020-03-03T08:38:54+00:00","dateModified":"2020-03-03T13:40:58+00:00","breadcrumb":{"@id":"https:\/\/tierheim-moers.de\/Wordpress\/annabella-jetzt-lilly-inspiziert-das-neue-zuhause\/#breadcrumb"},"inLanguage":"de","potentialAction":[{"@type":"ReadAction","target":["https:\/\/tierheim-moers.de\/Wordpress\/annabella-jetzt-lilly-inspiziert-das-neue-zuhause\/"]}]},{"@type":"ImageObject","inLanguage":"de","@id":"https:\/\/tierheim-moers.de\/Wordpress\/annabella-jetzt-lilly-inspiziert-das-neue-zuhause\/#primaryimage","url":"https:\/\/tierheim-moers.de\/Wordpress\/wp-content\/uploads\/2019\/09\/annabella-jetzt-lilly.jpg43.jpg","contentUrl":"https:\/\/tierheim-moers.de\/Wordpress\/wp-content\/uploads\/2019\/09\/annabella-jetzt-lilly.jpg43.jpg","width":206,"height":276},{"@type":"BreadcrumbList","@id":"https:\/\/tierheim-moers.de\/Wordpress\/annabella-jetzt-lilly-inspiziert-das-neue-zuhause\/#breadcrumb","itemListElement":[{"@type":"ListItem","position":1,"name":"Startseite","item":"https:\/\/tierheim-moers.de\/Wordpress\/"},{"@type":"ListItem","position":2,"name":"Annabella zum 1. Jahrestag"}]},{"@type":"WebSite","@id":"https:\/\/tierheim-moers.de\/Wordpress\/#website","url":"https:\/\/tierheim-moers.de\/Wordpress\/","name":"Tierheim Moers","description":"Tierheim | Hundepension | Tierschutz | Moers","publisher":{"@id":"https:\/\/tierheim-moers.de\/Wordpress\/#organization"},"potentialAction":[{"@type":"SearchAction","target":{"@type":"EntryPoint","urlTemplate":"https:\/\/tierheim-moers.de\/Wordpress\/?s={search_term_string}"},"query-input":{"@type":"PropertyValueSpecification","valueRequired":true,"valueName":"search_term_string"}}],"inLanguage":"de"},{"@type":"Organization","@id":"https:\/\/tierheim-moers.de\/Wordpress\/#organization","name":"Tierheim Moers","url":"https:\/\/tierheim-moers.de\/Wordpress\/","logo":{"@type":"ImageObject","inLanguage":"de","@id":"https:\/\/tierheim-moers.de\/Wordpress\/#\/schema\/logo\/image\/","url":"https:\/\/tierheim-moers.de\/Wordpress\/wp-content\/uploads\/2014\/04\/Logo-TSV-Moers-V01-RGB-300.png","contentUrl":"https:\/\/tierheim-moers.de\/Wordpress\/wp-content\/uploads\/2014\/04\/Logo-TSV-Moers-V01-RGB-300.png","width":1052,"height":1038,"caption":"Tierheim Moers"},"image":{"@id":"https:\/\/tierheim-moers.de\/Wordpress\/#\/schema\/logo\/image\/"},"sameAs":["https:\/\/de-de.facebook.com\/moers.tierheim"]},{"@type":"Person","@id":"https:\/\/tierheim-moers.de\/Wordpress\/#\/schema\/person\/35ad410ed2d8620d4f57f813585b0d8e","name":"Gisela Kuhnen","image":{"@type":"ImageObject","inLanguage":"de","@id":"https:\/\/tierheim-moers.de\/Wordpress\/#\/schema\/person\/image\/","url":"https:\/\/secure.gravatar.com\/avatar\/807ca84b4538291e2f5dc665ed240a0d4d7ab8f22360ec427a82fe926980b31a?s=96&d=mm&r=g","contentUrl":"https:\/\/secure.gravatar.com\/avatar\/807ca84b4538291e2f5dc665ed240a0d4d7ab8f22360ec427a82fe926980b31a?s=96&d=mm&r=g","caption":"Gisela Kuhnen"},"url":"https:\/\/tierheim-moers.de\/Wordpress\/author\/gisela-kuhnen\/"}]}},"_links":{"self":[{"href":"https:\/\/tierheim-moers.de\/Wordpress\/wp-json\/wp\/v2\/posts\/23468","targetHints":{"allow":["GET"]}}],"collection":[{"href":"https:\/\/tierheim-moers.de\/Wordpress\/wp-json\/wp\/v2\/posts"}],"about":[{"href":"https:\/\/tierheim-moers.de\/Wordpress\/wp-json\/wp\/v2\/types\/post"}],"author":[{"embeddable":true,"href":"https:\/\/tierheim-moers.de\/Wordpress\/wp-json\/wp\/v2\/users\/4"}],"replies":[{"embeddable":true,"href":"https:\/\/tierheim-moers.de\/Wordpress\/wp-json\/wp\/v2\/comments?post=23468"}],"version-history":[{"count":11,"href":"https:\/\/tierheim-moers.de\/Wordpress\/wp-json\/wp\/v2\/posts\/23468\/revisions"}],"predecessor-version":[{"id":30289,"href":"https:\/\/tierheim-moers.de\/Wordpress\/wp-json\/wp\/v2\/posts\/23468\/revisions\/30289"}],"wp:featuredmedia":[{"embeddable":true,"href":"https:\/\/tierheim-moers.de\/Wordpress\/wp-json\/wp\/v2\/media\/30288"}],"wp:attachment":[{"href":"https:\/\/tierheim-moers.de\/Wordpress\/wp-json\/wp\/v2\/media?parent=23468"}],"wp:term":[{"taxonomy":"category","embeddable":true,"href":"https:\/\/tierheim-moers.de\/Wordpress\/wp-json\/wp\/v2\/categories?post=23468"},{"taxonomy":"post_tag","embeddable":true,"href":"https:\/\/tierheim-moers.de\/Wordpress\/wp-json\/wp\/v2\/tags?post=23468"}],"curies":[{"name":"wp","href":"https:\/\/api.w.org\/{rel}","templated":true}]}}