{"id":24526,"date":"2019-05-10T16:50:56","date_gmt":"2019-05-10T14:50:56","guid":{"rendered":"http:\/\/tierheim-moers.de\/Wordpress\/?p=24526"},"modified":"2019-12-27T20:56:36","modified_gmt":"2019-12-27T18:56:36","slug":"paulas-persoenlicher-albtraum","status":"publish","type":"post","link":"https:\/\/tierheim-moers.de\/Wordpress\/paulas-persoenlicher-albtraum\/","title":{"rendered":"Paulas pers\u00f6nlicher Albtraum"},"content":{"rendered":"\t\t<div data-elementor-type=\"wp-post\" data-elementor-id=\"24526\" class=\"elementor elementor-24526\">\n\t\t\t\t\t\t<section class=\"elementor-section elementor-top-section elementor-element elementor-element-3c0b928 elementor-section-boxed elementor-section-height-default elementor-section-height-default\" data-id=\"3c0b928\" data-element_type=\"section\">\n\t\t\t\t\t\t<div class=\"elementor-container elementor-column-gap-default\">\n\t\t\t\t\t<div class=\"elementor-column elementor-col-100 elementor-top-column elementor-element elementor-element-0216e2a\" data-id=\"0216e2a\" data-element_type=\"column\">\n\t\t\t<div class=\"elementor-widget-wrap elementor-element-populated\">\n\t\t\t\t\t\t<div class=\"elementor-element elementor-element-b3f2b11 elementor-widget elementor-widget-text-editor\" data-id=\"b3f2b11\" data-element_type=\"widget\" data-widget_type=\"text-editor.default\">\n\t\t\t\t<div class=\"elementor-widget-container\">\n\t\t\t\t\t\t\t\t\t<p style=\"margin-bottom: 0cm;\" align=\"JUSTIFY\"><span style=\"font-family: Arial, sans-serif;\">Hallo Ihr Lieben,<\/span><\/p><p style=\"margin-bottom: 0cm;\" align=\"JUSTIFY\">\u00a0<\/p><p>\u00a0<\/p><p style=\"margin-bottom: 0cm;\" align=\"JUSTIFY\"><span style=\"font-family: Arial, sans-serif;\">hier bin ich endlich mal wieder: Eure ziemlich ersch\u00f6pfte Paula. Warum so ersch\u00f6pft m\u00f6chtet Ihr wissen? &#8230; was soll ich sagen &#8230; dieses Jahr scheint sich vorgenommen zu haben, mindestens so turbulent zu bleiben, wie es angefangen hat. Und bereits jetzt im Mai kann ich mich festlegen, welche Aussagen ich nicht mehr h\u00f6ren kann. Eigentlich habe ich mich schon l\u00e4nger festgelegt, aber jetzt schreibe ich es genau hier auf. Ihr seid neugierig? Hier kommt meine Top 3:<\/span><\/p>\t\t\t\t\t\t\t\t<\/div>\n\t\t\t\t<\/div>\n\t\t\t\t\t<\/div>\n\t\t<\/div>\n\t\t\t\t\t<\/div>\n\t\t<\/section>\n\t\t\t\t<section class=\"elementor-section elementor-top-section elementor-element elementor-element-ad010fc elementor-section-boxed elementor-section-height-default elementor-section-height-default\" data-id=\"ad010fc\" data-element_type=\"section\">\n\t\t\t\t\t\t<div class=\"elementor-container elementor-column-gap-default\">\n\t\t\t\t\t<div class=\"elementor-column elementor-col-100 elementor-top-column elementor-element elementor-element-e5d8e42\" data-id=\"e5d8e42\" data-element_type=\"column\">\n\t\t\t<div class=\"elementor-widget-wrap elementor-element-populated\">\n\t\t\t\t\t\t<section class=\"elementor-section elementor-inner-section elementor-element elementor-element-56c08e3 elementor-section-boxed elementor-section-height-default elementor-section-height-default\" data-id=\"56c08e3\" data-element_type=\"section\">\n\t\t\t\t\t\t<div class=\"elementor-container elementor-column-gap-default\">\n\t\t\t\t\t<div class=\"elementor-column elementor-col-50 elementor-inner-column elementor-element elementor-element-b548336\" data-id=\"b548336\" data-element_type=\"column\">\n\t\t\t<div class=\"elementor-widget-wrap elementor-element-populated\">\n\t\t\t\t\t\t<div class=\"elementor-element elementor-element-a0e1442 elementor-widget elementor-widget-text-editor\" data-id=\"a0e1442\" data-element_type=\"widget\" data-widget_type=\"text-editor.default\">\n\t\t\t\t<div class=\"elementor-widget-container\">\n\t\t\t\t\t\t\t\t\t<p style=\"margin-bottom: 0cm;\" align=\"JUSTIFY\"><span style=\"font-family: Arial, sans-serif;\">Unangefochten auf Platz 1 steht die Aussage &#8220;nein, nicht kastriert und auch nicht gechipt&#8221;. Im direkten Zusammenhang folgen Platz 2 und 3 &#8220;wir haben ja schon einen Termin gemacht&#8221; und &#8220;Ja, das haben wir vor.&#8221;, wo meine Schnurrhaare zu vibrieren anfangen und ich fassungslos von einem Bein aufs andere t\u00e4nzele, wenn meine Mitarbeiter dann mit &#8220;Das ist sehr gut&#8221; antworten &#8230; ich meine Hallo? haben wir jetzt jeden Tag den ersten April und es gibt nur noch Clowns zum Fr\u00fchst\u00fcck? WER BITTE WILL DAS DENN GLAUBEN? &#8230; und ja ich wei\u00df, dass das Schreiben in Gro\u00dfbuchstaben gleichzusetzen mit schreien ist &#8230; und genau danach ist mir bei dem Thema auch!<\/span><\/p>\t\t\t\t\t\t\t\t<\/div>\n\t\t\t\t<\/div>\n\t\t\t\t\t<\/div>\n\t\t<\/div>\n\t\t\t\t<div class=\"elementor-column elementor-col-50 elementor-inner-column elementor-element elementor-element-30a09da\" data-id=\"30a09da\" data-element_type=\"column\">\n\t\t\t<div class=\"elementor-widget-wrap elementor-element-populated\">\n\t\t\t\t\t\t<div class=\"elementor-element elementor-element-e23cd0c elementor-widget elementor-widget-image\" data-id=\"e23cd0c\" data-element_type=\"widget\" data-widget_type=\"image.default\">\n\t\t\t\t<div class=\"elementor-widget-container\">\n\t\t\t\t\t\t\t\t\t\t\t\t\t\t\t<img fetchpriority=\"high\" decoding=\"async\" width=\"660\" height=\"943\" src=\"https:\/\/tierheim-moers.de\/Wordpress\/wp-content\/uploads\/2019\/05\/Paula7-717x1024.jpg\" class=\"attachment-large size-large wp-image-24532\" alt=\"\" srcset=\"https:\/\/tierheim-moers.de\/Wordpress\/wp-content\/uploads\/2019\/05\/Paula7-717x1024.jpg 717w, https:\/\/tierheim-moers.de\/Wordpress\/wp-content\/uploads\/2019\/05\/Paula7-210x300.jpg 210w, https:\/\/tierheim-moers.de\/Wordpress\/wp-content\/uploads\/2019\/05\/Paula7-768x1097.jpg 768w, https:\/\/tierheim-moers.de\/Wordpress\/wp-content\/uploads\/2019\/05\/Paula7-600x857.jpg 600w, https:\/\/tierheim-moers.de\/Wordpress\/wp-content\/uploads\/2019\/05\/Paula7-700x1000.jpg 700w\" sizes=\"(max-width: 660px) 100vw, 660px\" \/>\t\t\t\t\t\t\t\t\t\t\t\t\t\t\t<\/div>\n\t\t\t\t<\/div>\n\t\t\t\t\t<\/div>\n\t\t<\/div>\n\t\t\t\t\t<\/div>\n\t\t<\/section>\n\t\t\t\t\t<\/div>\n\t\t<\/div>\n\t\t\t\t\t<\/div>\n\t\t<\/section>\n\t\t\t\t<section class=\"elementor-section elementor-top-section elementor-element elementor-element-e45b359 elementor-section-boxed elementor-section-height-default elementor-section-height-default\" data-id=\"e45b359\" data-element_type=\"section\">\n\t\t\t\t\t\t<div class=\"elementor-container elementor-column-gap-default\">\n\t\t\t\t\t<div class=\"elementor-column elementor-col-100 elementor-top-column elementor-element elementor-element-77806e6\" data-id=\"77806e6\" data-element_type=\"column\">\n\t\t\t<div class=\"elementor-widget-wrap elementor-element-populated\">\n\t\t\t\t\t\t<div class=\"elementor-element elementor-element-eb400cf elementor-widget elementor-widget-text-editor\" data-id=\"eb400cf\" data-element_type=\"widget\" data-widget_type=\"text-editor.default\">\n\t\t\t\t<div class=\"elementor-widget-container\">\n\t\t\t\t\t\t\t\t\t<p style=\"margin-bottom: 0cm;\" align=\"JUSTIFY\"><span style=\"font-family: Arial, sans-serif;\">Selbst wenn dem Halter eines unkastrierten Freig\u00e4ngers egal ist, dass dieser Umstand Populations- und Krankheitselend massiv vergr\u00f6\u00dfert &#8211; und diese Vorstellung l\u00e4sst mich innerlich fauchen, denn wer sich ein Tier anschafft, sollte Tiere doch lieben oder wenigstens m\u00f6gen &#8211; sollte man doch zumindest anerkennen, dass auch der eigene, unkastrierte Freig\u00e4nger ein sehr viel gr\u00f6\u00dferes Risiko tr\u00e4gt, zu verungl\u00fccken oder auch krank zu werden. Unsere aktuellen Zahlen zeigen jedoch, dass beide gewichtigen Argumente offensichtlich auf taube Ohren sto\u00dfen. <\/span><\/p><p style=\"margin-bottom: 0cm;\" align=\"JUSTIFY\">\u00a0<\/p><p style=\"margin-bottom: 0cm;\" align=\"JUSTIFY\"><span style=\"font-family: Arial, sans-serif;\">Als ich dann mal ein wenig zur Ruhe kam, habe ich mir gesagt &#8220;Paula, Du darfst nicht so vorschnell urteilen &#8230; vielleicht geht es gar nicht anders &#8230; vielleicht gibt es keine Tier\u00e4rzte mehr&#8221; und auch wenn ich meinen eigenen Einwand nicht richtig glauben konnte, habe ich das \u00fcberpr\u00fcft &#8230; denn keinesfalls wollte ich, dass mein Wutausbruch &#8211; und ich f\u00fcrchte so muss man das schon nennen &#8211; m\u00f6glicherweise ungerechtfertigt oder unfair ist.<\/span><\/p><p style=\"margin-bottom: 0cm;\" align=\"JUSTIFY\">\u00a0<\/p><p style=\"margin-bottom: 0cm;\" align=\"JUSTIFY\"><span style=\"font-family: Arial, sans-serif;\">Jetzt wei\u00df ich, dass es mehr als genug Tier\u00e4rzte gibt und die aktuelle Situation ausschlie\u00dflich dem fehlenden Verantwortungsbewusstsein der Halter geschuldet ist. Traurig!<\/span><\/p><p style=\"margin-bottom: 0cm;\" align=\"JUSTIFY\">\u00a0<\/p><p style=\"margin-bottom: 0cm;\" align=\"JUSTIFY\"><span style=\"font-family: Arial, sans-serif;\">Und nur um ein paar g\u00e4ngigen aber eher mickrigen Erkl\u00e4rungsversuchen, mit denen wir uns rumschlagen m\u00fcssen, den Wind aus den Segeln zu nehmen, gebe ich Euch jetzt ein paar Beispiele:<\/span><\/p><p style=\"margin-bottom: 0cm;\" align=\"JUSTIFY\">\u00a0<\/p><p style=\"margin-bottom: 0cm;\" align=\"JUSTIFY\"><span style=\"font-family: Arial, sans-serif;\">&#8220;Er \/ sie ist ja noch zu jung f\u00fcr die Kastration.&#8221; &#8211; Das kann sein und es ist auch l\u00f6blich, sich um den richtigen Zeitpunkt Gedanken zu machen, aber dann geh\u00f6rt er \/ sie noch nicht in den Freigang *Punkt* &#8211; Freigang beginnt nach Kastration!<\/span><\/p><p style=\"margin-bottom: 0cm;\" align=\"JUSTIFY\">\u00a0<\/p><p style=\"margin-bottom: 0cm;\" align=\"JUSTIFY\"><span style=\"font-family: Arial, sans-serif;\">&#8220;Er \/ sie ist ja gar kein regelm\u00e4\u00dfiger Freig\u00e4nger.&#8221; &#8211; Auch auf die Gefahr hin, mich zu wiederholen: KEIN Freigang ohne Kastra &#8211; auch nicht ab und zu!<\/span><\/p><p style=\"margin-bottom: 0cm;\" align=\"JUSTIFY\">\u00a0<\/p><p style=\"margin-bottom: 0cm;\" align=\"JUSTIFY\"><span style=\"font-family: Arial, sans-serif;\">&#8220;Ist doch ein Kater &#8230; darf doch Spa\u00df haben.&#8221; &#8211; Langsam wird es leider m\u00fc\u00dfig die Konsequenzen wieder und wieder erkl\u00e4ren zu m\u00fcssen, nur weil Menschen ein projiziertes Vergn\u00fcgen nicht einschr\u00e4nken wollen.<\/span><\/p><p style=\"margin-bottom: 0cm;\" align=\"JUSTIFY\">\u00a0<\/p><p style=\"margin-bottom: 0cm;\" align=\"JUSTIFY\"><span style=\"font-family: Arial, sans-serif;\">Und weil ich nicht nur von hier bis gleich denke, lasse ich Euch jetzt auch an meinen weiterf\u00fchrenden Gedanken teilhaben, dir uns hier zwar nicht unmittelbar betreffen, mir aber sehr gro\u00dfe Sorgen bereiten.<\/span><\/p><p style=\"margin-bottom: 0cm;\" align=\"JUSTIFY\">\u00a0<\/p><p style=\"margin-bottom: 0cm;\" align=\"JUSTIFY\"><span style=\"font-family: Arial, sans-serif;\">Unsere Fundkatzen kann man in verschiedene Gruppen teilen:<\/span><\/p>\t\t\t\t\t\t\t\t<\/div>\n\t\t\t\t<\/div>\n\t\t\t\t\t<\/div>\n\t\t<\/div>\n\t\t\t\t\t<\/div>\n\t\t<\/section>\n\t\t\t\t<section class=\"elementor-section elementor-top-section elementor-element elementor-element-9057c6b elementor-section-boxed elementor-section-height-default elementor-section-height-default\" data-id=\"9057c6b\" data-element_type=\"section\">\n\t\t\t\t\t\t<div class=\"elementor-container elementor-column-gap-default\">\n\t\t\t\t\t<div class=\"elementor-column elementor-col-100 elementor-top-column elementor-element elementor-element-8b3b227\" data-id=\"8b3b227\" data-element_type=\"column\">\n\t\t\t<div class=\"elementor-widget-wrap elementor-element-populated\">\n\t\t\t\t\t\t<div class=\"elementor-element elementor-element-8ffd8b2 elementor-widget elementor-widget-text-editor\" data-id=\"8ffd8b2\" data-element_type=\"widget\" data-widget_type=\"text-editor.default\">\n\t\t\t\t<div class=\"elementor-widget-container\">\n\t\t\t\t\t\t\t\t\t<p style=\"margin-bottom: 0cm;\" align=\"JUSTIFY\"><span style=\"font-family: Arial, sans-serif;\">Einige kommen zu uns, sind auch tats\u00e4chlich h\u00e4ufig kastriert &#8211; wenn auch nicht gekennzeichnet &#8211; werden vermisst und wieder abgeholt. Nicht ganz rund, aber okay &#8211; wobei hier nat\u00fcrlich auch die unkastrierten Katzen inakzeptabel sind.<\/span><\/p><p>\u00a0<\/p><p style=\"margin-bottom: 0cm;\" align=\"JUSTIFY\">\u00a0<\/p>\t\t\t\t\t\t\t\t<\/div>\n\t\t\t\t<\/div>\n\t\t\t\t\t<\/div>\n\t\t<\/div>\n\t\t\t\t\t<\/div>\n\t\t<\/section>\n\t\t\t\t<section class=\"elementor-section elementor-top-section elementor-element elementor-element-892a506 elementor-section-boxed elementor-section-height-default elementor-section-height-default\" data-id=\"892a506\" data-element_type=\"section\">\n\t\t\t\t\t\t<div class=\"elementor-container elementor-column-gap-default\">\n\t\t\t\t\t<div class=\"elementor-column elementor-col-100 elementor-top-column elementor-element elementor-element-2c8d3d2\" data-id=\"2c8d3d2\" data-element_type=\"column\">\n\t\t\t<div class=\"elementor-widget-wrap elementor-element-populated\">\n\t\t\t\t\t\t<section class=\"elementor-section elementor-inner-section elementor-element elementor-element-d6524ae elementor-section-boxed elementor-section-height-default elementor-section-height-default\" data-id=\"d6524ae\" data-element_type=\"section\">\n\t\t\t\t\t\t<div class=\"elementor-container elementor-column-gap-default\">\n\t\t\t\t\t<div class=\"elementor-column elementor-col-50 elementor-inner-column elementor-element elementor-element-a61a2b9\" data-id=\"a61a2b9\" data-element_type=\"column\">\n\t\t\t<div class=\"elementor-widget-wrap elementor-element-populated\">\n\t\t\t\t\t\t<div class=\"elementor-element elementor-element-fdb65d8 elementor-widget elementor-widget-image\" data-id=\"fdb65d8\" data-element_type=\"widget\" data-widget_type=\"image.default\">\n\t\t\t\t<div class=\"elementor-widget-container\">\n\t\t\t\t\t\t\t\t\t\t\t\t\t\t\t<img decoding=\"async\" width=\"660\" height=\"660\" src=\"https:\/\/tierheim-moers.de\/Wordpress\/wp-content\/uploads\/2019\/05\/FK-Annabella-1024x1024.jpg\" class=\"attachment-large size-large wp-image-24528\" alt=\"\" srcset=\"https:\/\/tierheim-moers.de\/Wordpress\/wp-content\/uploads\/2019\/05\/FK-Annabella-1024x1024.jpg 1024w, https:\/\/tierheim-moers.de\/Wordpress\/wp-content\/uploads\/2019\/05\/FK-Annabella-150x150.jpg 150w, https:\/\/tierheim-moers.de\/Wordpress\/wp-content\/uploads\/2019\/05\/FK-Annabella-300x300.jpg 300w, https:\/\/tierheim-moers.de\/Wordpress\/wp-content\/uploads\/2019\/05\/FK-Annabella-768x768.jpg 768w, https:\/\/tierheim-moers.de\/Wordpress\/wp-content\/uploads\/2019\/05\/FK-Annabella-600x600.jpg 600w, https:\/\/tierheim-moers.de\/Wordpress\/wp-content\/uploads\/2019\/05\/FK-Annabella-432x432.jpg 432w, https:\/\/tierheim-moers.de\/Wordpress\/wp-content\/uploads\/2019\/05\/FK-Annabella-268x268.jpg 268w, https:\/\/tierheim-moers.de\/Wordpress\/wp-content\/uploads\/2019\/05\/FK-Annabella-700x700.jpg 700w, https:\/\/tierheim-moers.de\/Wordpress\/wp-content\/uploads\/2019\/05\/FK-Annabella-45x45.jpg 45w\" sizes=\"(max-width: 660px) 100vw, 660px\" \/>\t\t\t\t\t\t\t\t\t\t\t\t\t\t\t<\/div>\n\t\t\t\t<\/div>\n\t\t\t\t\t<\/div>\n\t\t<\/div>\n\t\t\t\t<div class=\"elementor-column elementor-col-50 elementor-inner-column elementor-element elementor-element-5c085e8\" data-id=\"5c085e8\" data-element_type=\"column\">\n\t\t\t<div class=\"elementor-widget-wrap elementor-element-populated\">\n\t\t\t\t\t\t<div class=\"elementor-element elementor-element-e8fdc25 elementor-widget elementor-widget-text-editor\" data-id=\"e8fdc25\" data-element_type=\"widget\" data-widget_type=\"text-editor.default\">\n\t\t\t\t<div class=\"elementor-widget-container\">\n\t\t\t\t\t\t\t\t\t<p style=\"margin-bottom: 0cm;\" align=\"JUSTIFY\"><span style=\"font-family: Arial, sans-serif;\">Dann haben wir eine recht gro\u00dfe Gruppe von Katzen, die recht jung sind (um 1 Jahr herum), weder kastriert noch gechipt, offensichtlich mit dem Menschen sehr vertraut &#8230; die aber weder vermisst noch abgeholt werden. Da dr\u00e4ngt sich mir die Frage auf, ob rollige Katzen vielleicht doch irgendwie unangenehm sind oder Kitten einfach s\u00fc\u00dfer &#8230; und da Katzen ja eh besser drau\u00dfen aufgehoben sind, kann man ihnen ja vielleicht einfach mal die Freiheit &#8220;schenken&#8221;.\u00a0<\/span><\/p>\t\t\t\t\t\t\t\t<\/div>\n\t\t\t\t<\/div>\n\t\t\t\t\t<\/div>\n\t\t<\/div>\n\t\t\t\t\t<\/div>\n\t\t<\/section>\n\t\t\t\t\t<\/div>\n\t\t<\/div>\n\t\t\t\t\t<\/div>\n\t\t<\/section>\n\t\t\t\t<section class=\"elementor-section elementor-top-section elementor-element elementor-element-c2afbc2 elementor-section-boxed elementor-section-height-default elementor-section-height-default\" data-id=\"c2afbc2\" data-element_type=\"section\">\n\t\t\t\t\t\t<div class=\"elementor-container elementor-column-gap-default\">\n\t\t\t\t\t<div class=\"elementor-column elementor-col-100 elementor-top-column elementor-element elementor-element-488014c\" data-id=\"488014c\" data-element_type=\"column\">\n\t\t\t<div class=\"elementor-widget-wrap elementor-element-populated\">\n\t\t\t\t\t\t<section class=\"elementor-section elementor-inner-section elementor-element elementor-element-e3f640d elementor-section-boxed elementor-section-height-default elementor-section-height-default\" data-id=\"e3f640d\" data-element_type=\"section\">\n\t\t\t\t\t\t<div class=\"elementor-container elementor-column-gap-default\">\n\t\t\t\t\t<div class=\"elementor-column elementor-col-50 elementor-inner-column elementor-element elementor-element-a678ffb\" data-id=\"a678ffb\" data-element_type=\"column\">\n\t\t\t<div class=\"elementor-widget-wrap elementor-element-populated\">\n\t\t\t\t\t\t<div class=\"elementor-element elementor-element-2438d8b elementor-widget elementor-widget-text-editor\" data-id=\"2438d8b\" data-element_type=\"widget\" data-widget_type=\"text-editor.default\">\n\t\t\t\t<div class=\"elementor-widget-container\">\n\t\t\t\t\t\t\t\t\t<p style=\"margin-bottom: 0cm;\" align=\"JUSTIFY\"><span style=\"font-family: Arial, sans-serif;\">Und dann gibt es noch eine \u00e4hnlich gro\u00dfe Gruppe &#8211; manchmal kastriert, manchmal nicht &#8230; nie gechipt, auch nie vermisst &#8230; daf\u00fcr aber krank. Da wir die Frage, ob es \u00fcberhaupt noch Tier\u00e4rzte gibt, schon beantwortet haben, tun sich f\u00fcr mich auch hier Abgr\u00fcnde auf.<\/span><\/p>\t\t\t\t\t\t\t\t<\/div>\n\t\t\t\t<\/div>\n\t\t\t\t\t<\/div>\n\t\t<\/div>\n\t\t\t\t<div class=\"elementor-column elementor-col-50 elementor-inner-column elementor-element elementor-element-d9f8d3c\" data-id=\"d9f8d3c\" data-element_type=\"column\">\n\t\t\t<div class=\"elementor-widget-wrap elementor-element-populated\">\n\t\t\t\t\t\t<div class=\"elementor-element elementor-element-8fb60ce elementor-widget elementor-widget-image\" data-id=\"8fb60ce\" data-element_type=\"widget\" data-widget_type=\"image.default\">\n\t\t\t\t<div class=\"elementor-widget-container\">\n\t\t\t\t\t\t\t\t\t\t\t\t\t\t\t<img decoding=\"async\" width=\"660\" height=\"462\" src=\"https:\/\/tierheim-moers.de\/Wordpress\/wp-content\/uploads\/2019\/05\/FK-Obelix8-1024x717.jpg\" class=\"attachment-large size-large wp-image-24531\" alt=\"\" srcset=\"https:\/\/tierheim-moers.de\/Wordpress\/wp-content\/uploads\/2019\/05\/FK-Obelix8-1024x717.jpg 1024w, https:\/\/tierheim-moers.de\/Wordpress\/wp-content\/uploads\/2019\/05\/FK-Obelix8-300x210.jpg 300w, https:\/\/tierheim-moers.de\/Wordpress\/wp-content\/uploads\/2019\/05\/FK-Obelix8-768x538.jpg 768w, https:\/\/tierheim-moers.de\/Wordpress\/wp-content\/uploads\/2019\/05\/FK-Obelix8-600x420.jpg 600w, https:\/\/tierheim-moers.de\/Wordpress\/wp-content\/uploads\/2019\/05\/FK-Obelix8-700x490.jpg 700w\" sizes=\"(max-width: 660px) 100vw, 660px\" \/>\t\t\t\t\t\t\t\t\t\t\t\t\t\t\t<\/div>\n\t\t\t\t<\/div>\n\t\t\t\t\t<\/div>\n\t\t<\/div>\n\t\t\t\t\t<\/div>\n\t\t<\/section>\n\t\t\t\t\t<\/div>\n\t\t<\/div>\n\t\t\t\t\t<\/div>\n\t\t<\/section>\n\t\t\t\t<section class=\"elementor-section elementor-top-section elementor-element elementor-element-bce7ac8 elementor-section-boxed elementor-section-height-default elementor-section-height-default\" data-id=\"bce7ac8\" data-element_type=\"section\">\n\t\t\t\t\t\t<div class=\"elementor-container elementor-column-gap-default\">\n\t\t\t\t\t<div class=\"elementor-column elementor-col-100 elementor-top-column elementor-element elementor-element-365b2fd\" data-id=\"365b2fd\" data-element_type=\"column\">\n\t\t\t<div class=\"elementor-widget-wrap elementor-element-populated\">\n\t\t\t\t\t\t<section class=\"elementor-section elementor-inner-section elementor-element elementor-element-51b74db elementor-section-boxed elementor-section-height-default elementor-section-height-default\" data-id=\"51b74db\" data-element_type=\"section\">\n\t\t\t\t\t\t<div class=\"elementor-container elementor-column-gap-default\">\n\t\t\t\t\t<div class=\"elementor-column elementor-col-50 elementor-inner-column elementor-element elementor-element-504cbcf\" data-id=\"504cbcf\" data-element_type=\"column\">\n\t\t\t<div class=\"elementor-widget-wrap elementor-element-populated\">\n\t\t\t\t\t\t<div class=\"elementor-element elementor-element-971b68d elementor-widget elementor-widget-image\" data-id=\"971b68d\" data-element_type=\"widget\" data-widget_type=\"image.default\">\n\t\t\t\t<div class=\"elementor-widget-container\">\n\t\t\t\t\t\t\t\t\t\t\t\t\t\t\t<img loading=\"lazy\" decoding=\"async\" width=\"660\" height=\"660\" src=\"https:\/\/tierheim-moers.de\/Wordpress\/wp-content\/uploads\/2019\/05\/FK-Miri-1024x1024.jpg\" class=\"attachment-large size-large wp-image-24530\" alt=\"\" srcset=\"https:\/\/tierheim-moers.de\/Wordpress\/wp-content\/uploads\/2019\/05\/FK-Miri-1024x1024.jpg 1024w, https:\/\/tierheim-moers.de\/Wordpress\/wp-content\/uploads\/2019\/05\/FK-Miri-150x150.jpg 150w, https:\/\/tierheim-moers.de\/Wordpress\/wp-content\/uploads\/2019\/05\/FK-Miri-300x300.jpg 300w, https:\/\/tierheim-moers.de\/Wordpress\/wp-content\/uploads\/2019\/05\/FK-Miri-768x768.jpg 768w, https:\/\/tierheim-moers.de\/Wordpress\/wp-content\/uploads\/2019\/05\/FK-Miri-600x600.jpg 600w, https:\/\/tierheim-moers.de\/Wordpress\/wp-content\/uploads\/2019\/05\/FK-Miri-432x432.jpg 432w, https:\/\/tierheim-moers.de\/Wordpress\/wp-content\/uploads\/2019\/05\/FK-Miri-268x268.jpg 268w, https:\/\/tierheim-moers.de\/Wordpress\/wp-content\/uploads\/2019\/05\/FK-Miri-700x700.jpg 700w, https:\/\/tierheim-moers.de\/Wordpress\/wp-content\/uploads\/2019\/05\/FK-Miri-45x45.jpg 45w\" sizes=\"(max-width: 660px) 100vw, 660px\" \/>\t\t\t\t\t\t\t\t\t\t\t\t\t\t\t<\/div>\n\t\t\t\t<\/div>\n\t\t\t\t\t<\/div>\n\t\t<\/div>\n\t\t\t\t<div class=\"elementor-column elementor-col-50 elementor-inner-column elementor-element elementor-element-6783ec9\" data-id=\"6783ec9\" data-element_type=\"column\">\n\t\t\t<div class=\"elementor-widget-wrap elementor-element-populated\">\n\t\t\t\t\t\t<div class=\"elementor-element elementor-element-9decb35 elementor-widget elementor-widget-text-editor\" data-id=\"9decb35\" data-element_type=\"widget\" data-widget_type=\"text-editor.default\">\n\t\t\t\t<div class=\"elementor-widget-container\">\n\t\t\t\t\t\t\t\t\t<p style=\"margin-bottom: 0cm;\" align=\"JUSTIFY\"><span style=\"font-family: Arial, sans-serif;\">Ich selber bin kastriert und kann keine Katzenmutter werden, aber NIEMALS k\u00f6nnte ich ein kleines K\u00e4tzchen sich selbst \u00fcberlassen, weil es mit dem doofen Schnodder alles schmutzig macht und auch so laut atmet. Nur um Missverst\u00e4ndnissen vorzubeugen: das ist nur ein Beispiel; in keinem Fall w\u00fcrde ich irgendeine Katze \/ irgendein Tier sich selbst \u00fcberlassen!<\/span><\/p>\t\t\t\t\t\t\t\t<\/div>\n\t\t\t\t<\/div>\n\t\t\t\t\t<\/div>\n\t\t<\/div>\n\t\t\t\t\t<\/div>\n\t\t<\/section>\n\t\t\t\t\t<\/div>\n\t\t<\/div>\n\t\t\t\t\t<\/div>\n\t\t<\/section>\n\t\t\t\t<section class=\"elementor-section elementor-top-section elementor-element elementor-element-863c3a5 elementor-section-boxed elementor-section-height-default elementor-section-height-default\" data-id=\"863c3a5\" data-element_type=\"section\">\n\t\t\t\t\t\t<div class=\"elementor-container elementor-column-gap-default\">\n\t\t\t\t\t<div class=\"elementor-column elementor-col-100 elementor-top-column elementor-element elementor-element-92e70a6\" data-id=\"92e70a6\" data-element_type=\"column\">\n\t\t\t<div class=\"elementor-widget-wrap elementor-element-populated\">\n\t\t\t\t\t\t<div class=\"elementor-element elementor-element-0119a22 elementor-widget elementor-widget-text-editor\" data-id=\"0119a22\" data-element_type=\"widget\" data-widget_type=\"text-editor.default\">\n\t\t\t\t<div class=\"elementor-widget-container\">\n\t\t\t\t\t\t\t\t\t<p style=\"margin-bottom: 0cm;\" align=\"JUSTIFY\"><span style=\"font-family: Arial, sans-serif;\">Als wenn dieses Bild, was sich da abzeichnet, nicht schon schlimm genug w\u00e4re, dr\u00e4ngt sich ja doch auch noch die Frage auf, wo diese Katzen denn eigentlich alle herkommen. <\/span><\/p><p style=\"margin-bottom: 0cm;\" align=\"JUSTIFY\">\u00a0<\/p><p style=\"margin-bottom: 0cm;\" align=\"JUSTIFY\"><span style=\"font-family: Arial, sans-serif;\">Nur zum Verst\u00e4ndnis, worauf ich hinaus m\u00f6chte: KEINE Katze, die von uns in ein neues Zuhause vermittelt wird, verl\u00e4sst das Tierheim ungechipt. Zusammen mit den Vertragsunterlagen nehmen wir auch direkt die Registrierung auf den neuen Halter bei Findefix vor. Au\u00dfer bei Kitten werden auch alle Katzen kastriert vermittelt. Bei Kitten ist jedoch die Kastration in der Vermittlungsgeb\u00fchr enthalten und soll zum geeigneten Zeitpunkt durch unseren Tierarzt durchgef\u00fchrt werden.<\/span><\/p><p style=\"margin-bottom: 0cm;\" align=\"JUSTIFY\">\u00a0<\/p><p style=\"margin-bottom: 0cm;\" align=\"JUSTIFY\"><span style=\"font-family: Arial, sans-serif;\">Ich gehe davon aus, dass das eine \u00fcbliche Vorgehensweise ist, bei Katzen, die durch Tierschutzvereine ein Zuhause finden. <\/span><\/p><p style=\"margin-bottom: 0cm;\" align=\"JUSTIFY\">\u00a0<\/p><p style=\"margin-bottom: 0cm;\" align=\"JUSTIFY\"><span style=\"font-family: Arial, sans-serif;\">All diese Katzen hatten keine Kennzeichnung. Wo also kommen sie her? Es scheint ja einen riesigen Pool an Nachschub zu geben. Sind das dann wom\u00f6glich die Nachkommen, der spa\u00dfhabenden Freig\u00e4nger-Kater und der nicht der Natur ins Handwerk pfuschen wollenden Freig\u00e4nger-K\u00e4tzinnen? Vermutlich seri\u00f6s vertrieben \u00fcber Kleinanzeigen-Portale und Social Media? Ich nenne das einen verantwortungslosen Katzen-Discounter und da schmeckt mir nicht mal meine Milch mehr!<\/span><\/p><p style=\"margin-bottom: 0cm;\" align=\"JUSTIFY\">\u00a0<\/p><p style=\"margin-bottom: 0cm;\" align=\"JUSTIFY\"><span style=\"font-family: Arial, sans-serif;\">Das Gedankenspiel um das Ausma\u00df dieser problematischen Situation \u00fcberlasse ich mal Eurer Phantasie.<\/span><\/p><p style=\"margin-bottom: 0cm;\" align=\"JUSTIFY\">\u00a0<\/p><p style=\"margin-bottom: 0cm;\" align=\"JUSTIFY\"><span style=\"font-family: Arial, sans-serif;\">So, ich denke ich konnte meinen Unmut \u00fcber diese inakzeptable Situation deutlich machen. Das alleine f\u00fchrt aber zu nichts! Die Frage ist, was muss passieren, damit die Situation sich \u00e4ndert. Der Appell an das Verantwortungsbewusstsein der Tierhalter erreicht erfahrungsgem\u00e4\u00df immer nur die, die sich eh verantwortungsbewusst verhalten. Die Zahl der durch einen Appell &#8220;Bekehrten&#8221; ist viel zu gering im Vergleich zur Zahl derer, die umdenken m\u00fcssten. Also kann es nur ein offizieller Weg sein, der Ver\u00e4nderung bringt &#8230; eine Katzenschutzverordnung.<\/span><\/p><p style=\"margin-bottom: 0cm;\" align=\"JUSTIFY\">\u00a0<\/p><p style=\"margin-bottom: 0cm;\" align=\"JUSTIFY\"><span style=\"font-family: Arial, sans-serif;\">Werden dadurch alle Probleme sofort gel\u00f6st? &#8211; Nein, nat\u00fcrlich nicht. <\/span><\/p><p style=\"margin-bottom: 0cm;\" align=\"JUSTIFY\"><span style=\"font-family: Arial, sans-serif;\">Ist es der erste Schritt in die richtige Richtung? &#8211; Absolut!<\/span><\/p><p style=\"margin-bottom: 0cm;\" align=\"JUSTIFY\">\u00a0<\/p><p>\u00a0<\/p><p style=\"margin-bottom: 0cm;\" align=\"JUSTIFY\"><span style=\"font-family: Arial, sans-serif;\">F\u00fcr unsere unmittelbare Situation w\u00fcrde das bedeuten, dass wir keine Katze mehr unkastriert und ohne Chip an den Besitzer herausgeben m\u00fcssen. Wie sehr wir uns das w\u00fcnschen w\u00fcrden, kann ich Euch gar nicht sagen &#8230;\u00a0<\/span><\/p>\t\t\t\t\t\t\t\t<\/div>\n\t\t\t\t<\/div>\n\t\t\t\t\t<\/div>\n\t\t<\/div>\n\t\t\t\t\t<\/div>\n\t\t<\/section>\n\t\t\t\t<section class=\"elementor-section elementor-top-section elementor-element elementor-element-a7ae4bd elementor-section-boxed elementor-section-height-default elementor-section-height-default\" data-id=\"a7ae4bd\" data-element_type=\"section\">\n\t\t\t\t\t\t<div class=\"elementor-container elementor-column-gap-default\">\n\t\t\t\t\t<div class=\"elementor-column elementor-col-100 elementor-top-column elementor-element elementor-element-f17f908\" data-id=\"f17f908\" data-element_type=\"column\">\n\t\t\t<div class=\"elementor-widget-wrap elementor-element-populated\">\n\t\t\t\t\t\t<section class=\"elementor-section elementor-inner-section elementor-element elementor-element-5e9af30 elementor-section-boxed elementor-section-height-default elementor-section-height-default\" data-id=\"5e9af30\" data-element_type=\"section\">\n\t\t\t\t\t\t<div class=\"elementor-container elementor-column-gap-default\">\n\t\t\t\t\t<div class=\"elementor-column elementor-col-50 elementor-inner-column elementor-element elementor-element-e686b93\" data-id=\"e686b93\" data-element_type=\"column\">\n\t\t\t<div class=\"elementor-widget-wrap elementor-element-populated\">\n\t\t\t\t\t\t<div class=\"elementor-element elementor-element-5cc07fc elementor-widget elementor-widget-text-editor\" data-id=\"5cc07fc\" data-element_type=\"widget\" data-widget_type=\"text-editor.default\">\n\t\t\t\t<div class=\"elementor-widget-container\">\n\t\t\t\t\t\t\t\t\t<p style=\"margin-bottom: 0cm;\" align=\"JUSTIFY\"><span style=\"font-family: Arial, sans-serif;\">Ich schicke mein innigstes Schnurren an alle St\u00e4dte \/ Kreise, die bereits eine Katzenschutzverordnung eingef\u00fchrt haben oder dabei sind.<\/span><\/p><p style=\"margin-bottom: 0cm;\" align=\"JUSTIFY\">\u00a0<\/p><p>\u00a0<\/p><p style=\"margin-bottom: 0cm;\" align=\"JUSTIFY\"><span style=\"font-family: Arial, sans-serif;\">Und jede Stadt \/ Kreis, die nicht l\u00e4nger die Augen vor der offensichtlichen Problematik verschlie\u00dft und beginnt, eine solche Verordnung auf den Weg zu bringen, lade ich pers\u00f6nlich auf eine Katzenmilch ein &#8211; da gebe ich Euch meine Pfote drauf.<\/span><\/p>\t\t\t\t\t\t\t\t<\/div>\n\t\t\t\t<\/div>\n\t\t\t\t\t<\/div>\n\t\t<\/div>\n\t\t\t\t<div class=\"elementor-column elementor-col-50 elementor-inner-column elementor-element elementor-element-5c3f393\" data-id=\"5c3f393\" data-element_type=\"column\">\n\t\t\t<div class=\"elementor-widget-wrap elementor-element-populated\">\n\t\t\t\t\t\t<div class=\"elementor-element elementor-element-e7c91fc elementor-widget elementor-widget-image\" data-id=\"e7c91fc\" data-element_type=\"widget\" data-widget_type=\"image.default\">\n\t\t\t\t<div class=\"elementor-widget-container\">\n\t\t\t\t\t\t\t\t\t\t\t\t\t\t\t<img loading=\"lazy\" decoding=\"async\" width=\"660\" height=\"660\" src=\"https:\/\/tierheim-moers.de\/Wordpress\/wp-content\/uploads\/2019\/05\/Paula8-1024x1024.jpg\" class=\"attachment-large size-large wp-image-24533\" alt=\"\" srcset=\"https:\/\/tierheim-moers.de\/Wordpress\/wp-content\/uploads\/2019\/05\/Paula8-1024x1024.jpg 1024w, https:\/\/tierheim-moers.de\/Wordpress\/wp-content\/uploads\/2019\/05\/Paula8-150x150.jpg 150w, https:\/\/tierheim-moers.de\/Wordpress\/wp-content\/uploads\/2019\/05\/Paula8-300x300.jpg 300w, https:\/\/tierheim-moers.de\/Wordpress\/wp-content\/uploads\/2019\/05\/Paula8-768x768.jpg 768w, https:\/\/tierheim-moers.de\/Wordpress\/wp-content\/uploads\/2019\/05\/Paula8-600x600.jpg 600w, https:\/\/tierheim-moers.de\/Wordpress\/wp-content\/uploads\/2019\/05\/Paula8-432x432.jpg 432w, https:\/\/tierheim-moers.de\/Wordpress\/wp-content\/uploads\/2019\/05\/Paula8-268x268.jpg 268w, https:\/\/tierheim-moers.de\/Wordpress\/wp-content\/uploads\/2019\/05\/Paula8-700x700.jpg 700w, https:\/\/tierheim-moers.de\/Wordpress\/wp-content\/uploads\/2019\/05\/Paula8-45x45.jpg 45w\" sizes=\"(max-width: 660px) 100vw, 660px\" \/>\t\t\t\t\t\t\t\t\t\t\t\t\t\t\t<\/div>\n\t\t\t\t<\/div>\n\t\t\t\t\t<\/div>\n\t\t<\/div>\n\t\t\t\t\t<\/div>\n\t\t<\/section>\n\t\t\t\t\t<\/div>\n\t\t<\/div>\n\t\t\t\t\t<\/div>\n\t\t<\/section>\n\t\t\t\t<section class=\"elementor-section elementor-top-section elementor-element elementor-element-fbc1161 elementor-section-boxed elementor-section-height-default elementor-section-height-default\" data-id=\"fbc1161\" data-element_type=\"section\">\n\t\t\t\t\t\t<div class=\"elementor-container elementor-column-gap-default\">\n\t\t\t\t\t<div class=\"elementor-column elementor-col-100 elementor-top-column elementor-element elementor-element-a1efe24\" data-id=\"a1efe24\" data-element_type=\"column\">\n\t\t\t<div class=\"elementor-widget-wrap elementor-element-populated\">\n\t\t\t\t\t\t<div class=\"elementor-element elementor-element-405c2c3 elementor-widget elementor-widget-text-editor\" data-id=\"405c2c3\" data-element_type=\"widget\" data-widget_type=\"text-editor.default\">\n\t\t\t\t<div class=\"elementor-widget-container\">\n\t\t\t\t\t\t\t\t\t<p style=\"margin-bottom: 0cm;\" align=\"JUSTIFY\"><span style=\"font-family: Arial, sans-serif;\">Eigentlich schlie\u00dfe ich ja immer mit einer sch\u00f6nen Geschichte &#8230; heute m\u00f6chte ich das tats\u00e4chlich mal nicht machen. Ich bin wirklich traurig \u00fcber die aktuelle Situation und manchmal, wenn etwas nicht gut ist, sollte man es einfach so stehen lassen.<\/span><\/p><p style=\"margin-bottom: 0cm;\" align=\"JUSTIFY\">\u00a0<\/p><p>\u00a0<\/p><p style=\"margin-bottom: 0cm;\" align=\"JUSTIFY\"><span style=\"font-family: Arial, sans-serif;\">Eure Paula<\/span><\/p>\t\t\t\t\t\t\t\t<\/div>\n\t\t\t\t<\/div>\n\t\t\t\t\t<\/div>\n\t\t<\/div>\n\t\t\t\t\t<\/div>\n\t\t<\/section>\n\t\t\t\t<\/div>\n\t\t<div class=\"shariff shariff-align-flex-start shariff-widget-align-center\" data-url=\"https%3A%2F%2Ftierheim-moers.de%2FWordpress%2Fpaulas-persoenlicher-albtraum%2F\" data-timestamp=\"1577480196\" data-hidezero=\"1\" data-backendurl=\"https:\/\/tierheim-moers.de\/Wordpress\/wp-json\/shariff\/v1\/share_counts?\"><ul class=\"shariff-buttons theme-round orientation-horizontal buttonsize-small\"><li class=\"shariff-button facebook shariff-nocustomcolor\" style=\"background-color:#4273c8\"><a href=\"https:\/\/www.facebook.com\/sharer\/sharer.php?u=https%3A%2F%2Ftierheim-moers.de%2FWordpress%2Fpaulas-persoenlicher-albtraum%2F\" title=\"Bei Facebook teilen\" aria-label=\"Bei Facebook teilen\" role=\"button\" rel=\"nofollow\" class=\"shariff-link\" style=\"; background-color:#3b5998; color:#fff\" target=\"_blank\"><span class=\"shariff-icon\" style=\"\"><svg width=\"32px\" height=\"20px\" xmlns=\"http:\/\/www.w3.org\/2000\/svg\" viewBox=\"0 0 18 32\"><path fill=\"#3b5998\" d=\"M17.1 0.2v4.7h-2.8q-1.5 0-2.1 0.6t-0.5 1.9v3.4h5.2l-0.7 5.3h-4.5v13.6h-5.5v-13.6h-4.5v-5.3h4.5v-3.9q0-3.3 1.9-5.2t5-1.8q2.6 0 4.1 0.2z\"\/><\/svg><\/span><\/a><\/li><li class=\"shariff-button twitter shariff-nocustomcolor\" style=\"background-color:#595959\"><a href=\"https:\/\/twitter.com\/share?url=https%3A%2F%2Ftierheim-moers.de%2FWordpress%2Fpaulas-persoenlicher-albtraum%2F&text=Paulas%20pers%C3%B6nlicher%20Albtraum\" title=\"Bei X teilen\" aria-label=\"Bei X teilen\" role=\"button\" rel=\"noopener nofollow\" class=\"shariff-link\" style=\"; background-color:#000; color:#fff\" target=\"_blank\"><span class=\"shariff-icon\" style=\"\"><svg width=\"32px\" height=\"20px\" xmlns=\"http:\/\/www.w3.org\/2000\/svg\" viewBox=\"0 0 24 24\"><path fill=\"#000\" d=\"M14.258 10.152L23.176 0h-2.113l-7.747 8.813L7.133 0H0l9.352 13.328L0 23.973h2.113l8.176-9.309 6.531 9.309h7.133zm-2.895 3.293l-.949-1.328L2.875 1.56h3.246l6.086 8.523.945 1.328 7.91 11.078h-3.246zm0 0\"\/><\/svg><\/span><\/a><\/li><li class=\"shariff-button whatsapp shariff-nocustomcolor\" style=\"background-color:#5cbe4a\"><a href=\"https:\/\/api.whatsapp.com\/send?text=https%3A%2F%2Ftierheim-moers.de%2FWordpress%2Fpaulas-persoenlicher-albtraum%2F%20Paulas%20pers%C3%B6nlicher%20Albtraum\" title=\"Bei Whatsapp teilen\" aria-label=\"Bei Whatsapp teilen\" role=\"button\" rel=\"noopener nofollow\" class=\"shariff-link\" style=\"; background-color:#34af23; color:#fff\" target=\"_blank\"><span class=\"shariff-icon\" style=\"\"><svg width=\"32px\" height=\"20px\" xmlns=\"http:\/\/www.w3.org\/2000\/svg\" viewBox=\"0 0 32 32\"><path fill=\"#34af23\" d=\"M17.6 17.4q0.2 0 1.7 0.8t1.6 0.9q0 0.1 0 0.3 0 0.6-0.3 1.4-0.3 0.7-1.3 1.2t-1.8 0.5q-1 0-3.4-1.1-1.7-0.8-3-2.1t-2.6-3.3q-1.3-1.9-1.3-3.5v-0.1q0.1-1.6 1.3-2.8 0.4-0.4 0.9-0.4 0.1 0 0.3 0t0.3 0q0.3 0 0.5 0.1t0.3 0.5q0.1 0.4 0.6 1.6t0.4 1.3q0 0.4-0.6 1t-0.6 0.8q0 0.1 0.1 0.3 0.6 1.3 1.8 2.4 1 0.9 2.7 1.8 0.2 0.1 0.4 0.1 0.3 0 1-0.9t0.9-0.9zM14 26.9q2.3 0 4.3-0.9t3.6-2.4 2.4-3.6 0.9-4.3-0.9-4.3-2.4-3.6-3.6-2.4-4.3-0.9-4.3 0.9-3.6 2.4-2.4 3.6-0.9 4.3q0 3.6 2.1 6.6l-1.4 4.2 4.3-1.4q2.8 1.9 6.2 1.9zM14 2.2q2.7 0 5.2 1.1t4.3 2.9 2.9 4.3 1.1 5.2-1.1 5.2-2.9 4.3-4.3 2.9-5.2 1.1q-3.5 0-6.5-1.7l-7.4 2.4 2.4-7.2q-1.9-3.2-1.9-6.9 0-2.7 1.1-5.2t2.9-4.3 4.3-2.9 5.2-1.1z\"\/><\/svg><\/span><\/a><\/li><li class=\"shariff-button sms shariff-nocustomcolor shariff-mobile\" style=\"background-color:#d7d9d8\"><a href=\"sms:?&body=https%3A%2F%2Ftierheim-moers.de%2FWordpress%2Fpaulas-persoenlicher-albtraum%2F\" title=\"Per SMS teilen\" aria-label=\"Per SMS teilen\" role=\"button\" rel=\"noopener nofollow\" class=\"shariff-link\" style=\"; background-color:#a1e877; color:#fff\" target=\"_blank\"><span class=\"shariff-icon\" style=\"\"><svg xmlns=\"http:\/\/www.w3.org\/2000\/svg\" width=\"510\" height=\"510\" viewBox=\"0 0 510 510\"><path fill=\"#a1e877\" d=\"M459 0H51C23 0 0 23 0 51v459l102-102h357c28.1 0 51-22.9 51-51V51C510 23 487.1 0 459 0zM178.5 229.5h-51v-51h51V229.5zM280.5 229.5h-51v-51h51V229.5zM382.5 229.5h-51v-51h51V229.5z\"\/><\/svg><\/span><\/a><\/li><\/ul><\/div>","protected":false},"excerpt":{"rendered":"<p>Hallo Ihr Lieben, hier bin ich endlich mal wieder: Eure ziemlich ersch\u00f6pfte Paula. Warum so ersch\u00f6pft m\u00f6chtet Ihr wissen? &#8230; was soll ich sagen &#8230; dieses Jahr scheint sich vorgenommen zu haben, mindestens so turbulent zu bleiben, wie es angefangen hat. Und bereits jetzt im Mai kann ich mich festlegen, &#8230;<\/p>\n","protected":false},"author":7,"featured_media":24527,"comment_status":"closed","ping_status":"open","sticky":false,"template":"","format":"standard","meta":{"ngg_post_thumbnail":0,"footnotes":""},"categories":[1,42],"tags":[],"class_list":["post-24526","post","type-post","status-publish","format-standard","has-post-thumbnail","hentry","category-aktuell","category-paulas","column","threecol","has-thumbnail"],"yoast_head":"<!-- This site is optimized with the Yoast SEO plugin v24.6 - https:\/\/yoast.com\/wordpress\/plugins\/seo\/ -->\n<title>Paulas pers\u00f6nlicher Albtraum | TIERHEIM MOERS<\/title>\n<meta name=\"robots\" content=\"index, follow, max-snippet:-1, max-image-preview:large, max-video-preview:-1\" \/>\n<link rel=\"canonical\" href=\"https:\/\/tierheim-moers.de\/Wordpress\/paulas-persoenlicher-albtraum\/\" \/>\n<meta property=\"og:locale\" content=\"de_DE\" \/>\n<meta property=\"og:type\" content=\"article\" \/>\n<meta property=\"og:title\" content=\"Paulas pers\u00f6nlicher Albtraum | TIERHEIM MOERS\" \/>\n<meta property=\"og:description\" content=\"Hallo Ihr Lieben, hier bin ich endlich mal wieder: Eure ziemlich ersch\u00f6pfte Paula. Warum so ersch\u00f6pft m\u00f6chtet Ihr wissen? &#8230; was soll &#8230;\" \/>\n<meta property=\"og:url\" content=\"https:\/\/tierheim-moers.de\/Wordpress\/paulas-persoenlicher-albtraum\/\" \/>\n<meta property=\"og:site_name\" content=\"TIERHEIM MOERS\" \/>\n<meta property=\"article:publisher\" content=\"https:\/\/de-de.facebook.com\/moers.tierheim\" \/>\n<meta property=\"article:published_time\" content=\"2019-05-10T14:50:56+00:00\" \/>\n<meta property=\"article:modified_time\" content=\"2019-12-27T18:56:36+00:00\" \/>\n<meta property=\"og:image\" content=\"https:\/\/tierheim-moers.de\/Wordpress\/wp-content\/uploads\/2019\/05\/20190319_1021330-768x1024.jpg\" \/>\n\t<meta property=\"og:image:width\" content=\"768\" \/>\n\t<meta property=\"og:image:height\" content=\"1024\" \/>\n\t<meta property=\"og:image:type\" content=\"image\/jpeg\" \/>\n<meta name=\"author\" content=\"Kathrin Novotny\" \/>\n<meta name=\"twitter:card\" content=\"summary_large_image\" \/>\n<meta name=\"twitter:label1\" content=\"Verfasst von\" \/>\n\t<meta name=\"twitter:data1\" content=\"Kathrin Novotny\" \/>\n\t<meta name=\"twitter:label2\" content=\"Gesch\u00e4tzte Lesezeit\" \/>\n\t<meta name=\"twitter:data2\" content=\"6\u00a0Minuten\" \/>\n<script type=\"application\/ld+json\" class=\"yoast-schema-graph\">{\"@context\":\"https:\/\/schema.org\",\"@graph\":[{\"@type\":\"Article\",\"@id\":\"https:\/\/tierheim-moers.de\/Wordpress\/paulas-persoenlicher-albtraum\/#article\",\"isPartOf\":{\"@id\":\"https:\/\/tierheim-moers.de\/Wordpress\/paulas-persoenlicher-albtraum\/\"},\"author\":{\"name\":\"Kathrin Novotny\",\"@id\":\"https:\/\/tierheim-moers.de\/Wordpress\/#\/schema\/person\/167de77fdd5ff85153606cdd34a5ffbc\"},\"headline\":\"Paulas pers\u00f6nlicher Albtraum\",\"datePublished\":\"2019-05-10T14:50:56+00:00\",\"dateModified\":\"2019-12-27T18:56:36+00:00\",\"mainEntityOfPage\":{\"@id\":\"https:\/\/tierheim-moers.de\/Wordpress\/paulas-persoenlicher-albtraum\/\"},\"wordCount\":1241,\"publisher\":{\"@id\":\"https:\/\/tierheim-moers.de\/Wordpress\/#organization\"},\"image\":{\"@id\":\"https:\/\/tierheim-moers.de\/Wordpress\/paulas-persoenlicher-albtraum\/#primaryimage\"},\"thumbnailUrl\":\"https:\/\/tierheim-moers.de\/Wordpress\/wp-content\/uploads\/2019\/05\/20190319_1021330.jpg\",\"articleSection\":[\"Aktuell\",\"Paulas Blickwinkel\"],\"inLanguage\":\"de\"},{\"@type\":\"WebPage\",\"@id\":\"https:\/\/tierheim-moers.de\/Wordpress\/paulas-persoenlicher-albtraum\/\",\"url\":\"https:\/\/tierheim-moers.de\/Wordpress\/paulas-persoenlicher-albtraum\/\",\"name\":\"Paulas pers\u00f6nlicher Albtraum | TIERHEIM MOERS\",\"isPartOf\":{\"@id\":\"https:\/\/tierheim-moers.de\/Wordpress\/#website\"},\"primaryImageOfPage\":{\"@id\":\"https:\/\/tierheim-moers.de\/Wordpress\/paulas-persoenlicher-albtraum\/#primaryimage\"},\"image\":{\"@id\":\"https:\/\/tierheim-moers.de\/Wordpress\/paulas-persoenlicher-albtraum\/#primaryimage\"},\"thumbnailUrl\":\"https:\/\/tierheim-moers.de\/Wordpress\/wp-content\/uploads\/2019\/05\/20190319_1021330.jpg\",\"datePublished\":\"2019-05-10T14:50:56+00:00\",\"dateModified\":\"2019-12-27T18:56:36+00:00\",\"breadcrumb\":{\"@id\":\"https:\/\/tierheim-moers.de\/Wordpress\/paulas-persoenlicher-albtraum\/#breadcrumb\"},\"inLanguage\":\"de\",\"potentialAction\":[{\"@type\":\"ReadAction\",\"target\":[\"https:\/\/tierheim-moers.de\/Wordpress\/paulas-persoenlicher-albtraum\/\"]}]},{\"@type\":\"ImageObject\",\"inLanguage\":\"de\",\"@id\":\"https:\/\/tierheim-moers.de\/Wordpress\/paulas-persoenlicher-albtraum\/#primaryimage\",\"url\":\"https:\/\/tierheim-moers.de\/Wordpress\/wp-content\/uploads\/2019\/05\/20190319_1021330.jpg\",\"contentUrl\":\"https:\/\/tierheim-moers.de\/Wordpress\/wp-content\/uploads\/2019\/05\/20190319_1021330.jpg\",\"width\":2160,\"height\":2880},{\"@type\":\"BreadcrumbList\",\"@id\":\"https:\/\/tierheim-moers.de\/Wordpress\/paulas-persoenlicher-albtraum\/#breadcrumb\",\"itemListElement\":[{\"@type\":\"ListItem\",\"position\":1,\"name\":\"Startseite\",\"item\":\"https:\/\/tierheim-moers.de\/Wordpress\/\"},{\"@type\":\"ListItem\",\"position\":2,\"name\":\"Paulas pers\u00f6nlicher Albtraum\"}]},{\"@type\":\"WebSite\",\"@id\":\"https:\/\/tierheim-moers.de\/Wordpress\/#website\",\"url\":\"https:\/\/tierheim-moers.de\/Wordpress\/\",\"name\":\"Tierheim Moers\",\"description\":\"Tierheim | Hundepension | Tierschutz | Moers\",\"publisher\":{\"@id\":\"https:\/\/tierheim-moers.de\/Wordpress\/#organization\"},\"potentialAction\":[{\"@type\":\"SearchAction\",\"target\":{\"@type\":\"EntryPoint\",\"urlTemplate\":\"https:\/\/tierheim-moers.de\/Wordpress\/?s={search_term_string}\"},\"query-input\":{\"@type\":\"PropertyValueSpecification\",\"valueRequired\":true,\"valueName\":\"search_term_string\"}}],\"inLanguage\":\"de\"},{\"@type\":\"Organization\",\"@id\":\"https:\/\/tierheim-moers.de\/Wordpress\/#organization\",\"name\":\"Tierheim Moers\",\"url\":\"https:\/\/tierheim-moers.de\/Wordpress\/\",\"logo\":{\"@type\":\"ImageObject\",\"inLanguage\":\"de\",\"@id\":\"https:\/\/tierheim-moers.de\/Wordpress\/#\/schema\/logo\/image\/\",\"url\":\"https:\/\/tierheim-moers.de\/Wordpress\/wp-content\/uploads\/2014\/04\/Logo-TSV-Moers-V01-RGB-300.png\",\"contentUrl\":\"https:\/\/tierheim-moers.de\/Wordpress\/wp-content\/uploads\/2014\/04\/Logo-TSV-Moers-V01-RGB-300.png\",\"width\":1052,\"height\":1038,\"caption\":\"Tierheim Moers\"},\"image\":{\"@id\":\"https:\/\/tierheim-moers.de\/Wordpress\/#\/schema\/logo\/image\/\"},\"sameAs\":[\"https:\/\/de-de.facebook.com\/moers.tierheim\"]},{\"@type\":\"Person\",\"@id\":\"https:\/\/tierheim-moers.de\/Wordpress\/#\/schema\/person\/167de77fdd5ff85153606cdd34a5ffbc\",\"name\":\"Kathrin Novotny\",\"image\":{\"@type\":\"ImageObject\",\"inLanguage\":\"de\",\"@id\":\"https:\/\/tierheim-moers.de\/Wordpress\/#\/schema\/person\/image\/\",\"url\":\"https:\/\/secure.gravatar.com\/avatar\/8dbd3a3cd58d0e299cb5bd95a6d53c79eebe36713eda62bbb3c41a749d06346f?s=96&d=mm&r=g\",\"contentUrl\":\"https:\/\/secure.gravatar.com\/avatar\/8dbd3a3cd58d0e299cb5bd95a6d53c79eebe36713eda62bbb3c41a749d06346f?s=96&d=mm&r=g\",\"caption\":\"Kathrin Novotny\"},\"url\":\"https:\/\/tierheim-moers.de\/Wordpress\/author\/kathrin\/\"}]}<\/script>\n<!-- \/ Yoast SEO plugin. -->","yoast_head_json":{"title":"Paulas pers\u00f6nlicher Albtraum | TIERHEIM MOERS","robots":{"index":"index","follow":"follow","max-snippet":"max-snippet:-1","max-image-preview":"max-image-preview:large","max-video-preview":"max-video-preview:-1"},"canonical":"https:\/\/tierheim-moers.de\/Wordpress\/paulas-persoenlicher-albtraum\/","og_locale":"de_DE","og_type":"article","og_title":"Paulas pers\u00f6nlicher Albtraum | TIERHEIM MOERS","og_description":"Hallo Ihr Lieben, hier bin ich endlich mal wieder: Eure ziemlich ersch\u00f6pfte Paula. Warum so ersch\u00f6pft m\u00f6chtet Ihr wissen? &#8230; was soll &#8230;","og_url":"https:\/\/tierheim-moers.de\/Wordpress\/paulas-persoenlicher-albtraum\/","og_site_name":"TIERHEIM MOERS","article_publisher":"https:\/\/de-de.facebook.com\/moers.tierheim","article_published_time":"2019-05-10T14:50:56+00:00","article_modified_time":"2019-12-27T18:56:36+00:00","og_image":[{"width":768,"height":1024,"url":"https:\/\/tierheim-moers.de\/Wordpress\/wp-content\/uploads\/2019\/05\/20190319_1021330-768x1024.jpg","type":"image\/jpeg"}],"author":"Kathrin Novotny","twitter_card":"summary_large_image","twitter_misc":{"Verfasst von":"Kathrin Novotny","Gesch\u00e4tzte Lesezeit":"6\u00a0Minuten"},"schema":{"@context":"https:\/\/schema.org","@graph":[{"@type":"Article","@id":"https:\/\/tierheim-moers.de\/Wordpress\/paulas-persoenlicher-albtraum\/#article","isPartOf":{"@id":"https:\/\/tierheim-moers.de\/Wordpress\/paulas-persoenlicher-albtraum\/"},"author":{"name":"Kathrin Novotny","@id":"https:\/\/tierheim-moers.de\/Wordpress\/#\/schema\/person\/167de77fdd5ff85153606cdd34a5ffbc"},"headline":"Paulas pers\u00f6nlicher Albtraum","datePublished":"2019-05-10T14:50:56+00:00","dateModified":"2019-12-27T18:56:36+00:00","mainEntityOfPage":{"@id":"https:\/\/tierheim-moers.de\/Wordpress\/paulas-persoenlicher-albtraum\/"},"wordCount":1241,"publisher":{"@id":"https:\/\/tierheim-moers.de\/Wordpress\/#organization"},"image":{"@id":"https:\/\/tierheim-moers.de\/Wordpress\/paulas-persoenlicher-albtraum\/#primaryimage"},"thumbnailUrl":"https:\/\/tierheim-moers.de\/Wordpress\/wp-content\/uploads\/2019\/05\/20190319_1021330.jpg","articleSection":["Aktuell","Paulas Blickwinkel"],"inLanguage":"de"},{"@type":"WebPage","@id":"https:\/\/tierheim-moers.de\/Wordpress\/paulas-persoenlicher-albtraum\/","url":"https:\/\/tierheim-moers.de\/Wordpress\/paulas-persoenlicher-albtraum\/","name":"Paulas pers\u00f6nlicher Albtraum | TIERHEIM MOERS","isPartOf":{"@id":"https:\/\/tierheim-moers.de\/Wordpress\/#website"},"primaryImageOfPage":{"@id":"https:\/\/tierheim-moers.de\/Wordpress\/paulas-persoenlicher-albtraum\/#primaryimage"},"image":{"@id":"https:\/\/tierheim-moers.de\/Wordpress\/paulas-persoenlicher-albtraum\/#primaryimage"},"thumbnailUrl":"https:\/\/tierheim-moers.de\/Wordpress\/wp-content\/uploads\/2019\/05\/20190319_1021330.jpg","datePublished":"2019-05-10T14:50:56+00:00","dateModified":"2019-12-27T18:56:36+00:00","breadcrumb":{"@id":"https:\/\/tierheim-moers.de\/Wordpress\/paulas-persoenlicher-albtraum\/#breadcrumb"},"inLanguage":"de","potentialAction":[{"@type":"ReadAction","target":["https:\/\/tierheim-moers.de\/Wordpress\/paulas-persoenlicher-albtraum\/"]}]},{"@type":"ImageObject","inLanguage":"de","@id":"https:\/\/tierheim-moers.de\/Wordpress\/paulas-persoenlicher-albtraum\/#primaryimage","url":"https:\/\/tierheim-moers.de\/Wordpress\/wp-content\/uploads\/2019\/05\/20190319_1021330.jpg","contentUrl":"https:\/\/tierheim-moers.de\/Wordpress\/wp-content\/uploads\/2019\/05\/20190319_1021330.jpg","width":2160,"height":2880},{"@type":"BreadcrumbList","@id":"https:\/\/tierheim-moers.de\/Wordpress\/paulas-persoenlicher-albtraum\/#breadcrumb","itemListElement":[{"@type":"ListItem","position":1,"name":"Startseite","item":"https:\/\/tierheim-moers.de\/Wordpress\/"},{"@type":"ListItem","position":2,"name":"Paulas pers\u00f6nlicher Albtraum"}]},{"@type":"WebSite","@id":"https:\/\/tierheim-moers.de\/Wordpress\/#website","url":"https:\/\/tierheim-moers.de\/Wordpress\/","name":"Tierheim Moers","description":"Tierheim | Hundepension | Tierschutz | Moers","publisher":{"@id":"https:\/\/tierheim-moers.de\/Wordpress\/#organization"},"potentialAction":[{"@type":"SearchAction","target":{"@type":"EntryPoint","urlTemplate":"https:\/\/tierheim-moers.de\/Wordpress\/?s={search_term_string}"},"query-input":{"@type":"PropertyValueSpecification","valueRequired":true,"valueName":"search_term_string"}}],"inLanguage":"de"},{"@type":"Organization","@id":"https:\/\/tierheim-moers.de\/Wordpress\/#organization","name":"Tierheim Moers","url":"https:\/\/tierheim-moers.de\/Wordpress\/","logo":{"@type":"ImageObject","inLanguage":"de","@id":"https:\/\/tierheim-moers.de\/Wordpress\/#\/schema\/logo\/image\/","url":"https:\/\/tierheim-moers.de\/Wordpress\/wp-content\/uploads\/2014\/04\/Logo-TSV-Moers-V01-RGB-300.png","contentUrl":"https:\/\/tierheim-moers.de\/Wordpress\/wp-content\/uploads\/2014\/04\/Logo-TSV-Moers-V01-RGB-300.png","width":1052,"height":1038,"caption":"Tierheim Moers"},"image":{"@id":"https:\/\/tierheim-moers.de\/Wordpress\/#\/schema\/logo\/image\/"},"sameAs":["https:\/\/de-de.facebook.com\/moers.tierheim"]},{"@type":"Person","@id":"https:\/\/tierheim-moers.de\/Wordpress\/#\/schema\/person\/167de77fdd5ff85153606cdd34a5ffbc","name":"Kathrin Novotny","image":{"@type":"ImageObject","inLanguage":"de","@id":"https:\/\/tierheim-moers.de\/Wordpress\/#\/schema\/person\/image\/","url":"https:\/\/secure.gravatar.com\/avatar\/8dbd3a3cd58d0e299cb5bd95a6d53c79eebe36713eda62bbb3c41a749d06346f?s=96&d=mm&r=g","contentUrl":"https:\/\/secure.gravatar.com\/avatar\/8dbd3a3cd58d0e299cb5bd95a6d53c79eebe36713eda62bbb3c41a749d06346f?s=96&d=mm&r=g","caption":"Kathrin Novotny"},"url":"https:\/\/tierheim-moers.de\/Wordpress\/author\/kathrin\/"}]}},"_links":{"self":[{"href":"https:\/\/tierheim-moers.de\/Wordpress\/wp-json\/wp\/v2\/posts\/24526","targetHints":{"allow":["GET"]}}],"collection":[{"href":"https:\/\/tierheim-moers.de\/Wordpress\/wp-json\/wp\/v2\/posts"}],"about":[{"href":"https:\/\/tierheim-moers.de\/Wordpress\/wp-json\/wp\/v2\/types\/post"}],"author":[{"embeddable":true,"href":"https:\/\/tierheim-moers.de\/Wordpress\/wp-json\/wp\/v2\/users\/7"}],"replies":[{"embeddable":true,"href":"https:\/\/tierheim-moers.de\/Wordpress\/wp-json\/wp\/v2\/comments?post=24526"}],"version-history":[{"count":3,"href":"https:\/\/tierheim-moers.de\/Wordpress\/wp-json\/wp\/v2\/posts\/24526\/revisions"}],"predecessor-version":[{"id":28782,"href":"https:\/\/tierheim-moers.de\/Wordpress\/wp-json\/wp\/v2\/posts\/24526\/revisions\/28782"}],"wp:featuredmedia":[{"embeddable":true,"href":"https:\/\/tierheim-moers.de\/Wordpress\/wp-json\/wp\/v2\/media\/24527"}],"wp:attachment":[{"href":"https:\/\/tierheim-moers.de\/Wordpress\/wp-json\/wp\/v2\/media?parent=24526"}],"wp:term":[{"taxonomy":"category","embeddable":true,"href":"https:\/\/tierheim-moers.de\/Wordpress\/wp-json\/wp\/v2\/categories?post=24526"},{"taxonomy":"post_tag","embeddable":true,"href":"https:\/\/tierheim-moers.de\/Wordpress\/wp-json\/wp\/v2\/tags?post=24526"}],"curies":[{"name":"wp","href":"https:\/\/api.w.org\/{rel}","templated":true}]}}