{"id":26003,"date":"2024-12-28T10:41:00","date_gmt":"2024-12-28T08:41:00","guid":{"rendered":"http:\/\/tierheim-moers.de\/Wordpress\/?p=26003"},"modified":"2025-08-15T11:13:57","modified_gmt":"2025-08-15T09:13:57","slug":"suma-jetzt-merlin-schreibt-uns","status":"publish","type":"post","link":"https:\/\/tierheim-moers.de\/Wordpress\/suma-jetzt-merlin-schreibt-uns\/","title":{"rendered":"Merlin (bei uns Suma) &#8230; schickt Gr\u00fc\u00dfe"},"content":{"rendered":"<p>&nbsp;<\/p>\n<p><strong>Dezember 2024<\/strong><\/p>\n<p>Liebes Tierheim,<\/p>\n<p>jetzt steht schon mein f\u00fcnftes Weihnachtsfest an, das ich in meinem Forever Home feiern darf\u2026 &#x1f60d; Was wohl dieses Mal f\u00fcr mich unter dem Weihnachtsbaum liegt?<\/p>\n<p>Mir geht es immer noch prima! Bei dem Sauwetter derzeit habe ich wenig Lust rauszugehen und helfe dann lieber in der Wohnung mit. Au\u00dferdem muss ich ja auch meine H\u00f6hle bewachen, damit dort keiner eindringt.<\/p>\n<p>Ich w\u00fcnsche euch und allen derzeitigen Tierheim Bewohnern frohe Weihnachten und nat\u00fcrlich nur die besten W\u00fcnsche f\u00fcr 2025: f\u00fcr alle Bewohner nat\u00fcrlich auch ein super tolles Forever Home!<\/p>\n<p>Bis bald,<\/p>\n<p>euer ehemaliger Baumkater Suma,<\/p>\n<p>jetzt Merlin<\/p>\n<p>&nbsp;<\/p>\n<p><a href=\"https:\/\/tierheim-moers.de\/Wordpress\/wp-content\/uploads\/2025\/08\/MerlinSuma3-scaled.jpeg\"><img fetchpriority=\"high\" decoding=\"async\" class=\"alignnone size-medium wp-image-61155\" src=\"https:\/\/tierheim-moers.de\/Wordpress\/wp-content\/uploads\/2025\/08\/MerlinSuma3-300x225.jpeg\" alt=\"\" width=\"300\" height=\"225\" srcset=\"https:\/\/tierheim-moers.de\/Wordpress\/wp-content\/uploads\/2025\/08\/MerlinSuma3-300x225.jpeg 300w, https:\/\/tierheim-moers.de\/Wordpress\/wp-content\/uploads\/2025\/08\/MerlinSuma3-1024x768.jpeg 1024w, https:\/\/tierheim-moers.de\/Wordpress\/wp-content\/uploads\/2025\/08\/MerlinSuma3-768x576.jpeg 768w, https:\/\/tierheim-moers.de\/Wordpress\/wp-content\/uploads\/2025\/08\/MerlinSuma3-1536x1152.jpeg 1536w, https:\/\/tierheim-moers.de\/Wordpress\/wp-content\/uploads\/2025\/08\/MerlinSuma3-2048x1536.jpeg 2048w, https:\/\/tierheim-moers.de\/Wordpress\/wp-content\/uploads\/2025\/08\/MerlinSuma3-700x525.jpeg 700w, https:\/\/tierheim-moers.de\/Wordpress\/wp-content\/uploads\/2025\/08\/MerlinSuma3-1320x990.jpeg 1320w\" sizes=\"(max-width: 300px) 100vw, 300px\" \/><\/a> <a href=\"https:\/\/tierheim-moers.de\/Wordpress\/wp-content\/uploads\/2025\/08\/MerlinSuma2-scaled.jpeg\"><img decoding=\"async\" class=\"alignnone size-medium wp-image-61154\" src=\"https:\/\/tierheim-moers.de\/Wordpress\/wp-content\/uploads\/2025\/08\/MerlinSuma2-300x225.jpeg\" alt=\"\" width=\"300\" height=\"225\" srcset=\"https:\/\/tierheim-moers.de\/Wordpress\/wp-content\/uploads\/2025\/08\/MerlinSuma2-300x225.jpeg 300w, https:\/\/tierheim-moers.de\/Wordpress\/wp-content\/uploads\/2025\/08\/MerlinSuma2-1024x768.jpeg 1024w, https:\/\/tierheim-moers.de\/Wordpress\/wp-content\/uploads\/2025\/08\/MerlinSuma2-768x576.jpeg 768w, https:\/\/tierheim-moers.de\/Wordpress\/wp-content\/uploads\/2025\/08\/MerlinSuma2-1536x1152.jpeg 1536w, https:\/\/tierheim-moers.de\/Wordpress\/wp-content\/uploads\/2025\/08\/MerlinSuma2-2048x1536.jpeg 2048w, https:\/\/tierheim-moers.de\/Wordpress\/wp-content\/uploads\/2025\/08\/MerlinSuma2-700x525.jpeg 700w, https:\/\/tierheim-moers.de\/Wordpress\/wp-content\/uploads\/2025\/08\/MerlinSuma2-1320x990.jpeg 1320w\" sizes=\"(max-width: 300px) 100vw, 300px\" \/><\/a> <a href=\"https:\/\/tierheim-moers.de\/Wordpress\/wp-content\/uploads\/2025\/08\/MerlinSuma-scaled.jpeg\"><img decoding=\"async\" class=\"alignnone size-medium wp-image-61153\" src=\"https:\/\/tierheim-moers.de\/Wordpress\/wp-content\/uploads\/2025\/08\/MerlinSuma-225x300.jpeg\" alt=\"\" width=\"225\" height=\"300\" srcset=\"https:\/\/tierheim-moers.de\/Wordpress\/wp-content\/uploads\/2025\/08\/MerlinSuma-225x300.jpeg 225w, https:\/\/tierheim-moers.de\/Wordpress\/wp-content\/uploads\/2025\/08\/MerlinSuma-768x1024.jpeg 768w, https:\/\/tierheim-moers.de\/Wordpress\/wp-content\/uploads\/2025\/08\/MerlinSuma-1152x1536.jpeg 1152w, https:\/\/tierheim-moers.de\/Wordpress\/wp-content\/uploads\/2025\/08\/MerlinSuma-1536x2048.jpeg 1536w, https:\/\/tierheim-moers.de\/Wordpress\/wp-content\/uploads\/2025\/08\/MerlinSuma-700x933.jpeg 700w, https:\/\/tierheim-moers.de\/Wordpress\/wp-content\/uploads\/2025\/08\/MerlinSuma-1320x1760.jpeg 1320w, https:\/\/tierheim-moers.de\/Wordpress\/wp-content\/uploads\/2025\/08\/MerlinSuma-scaled.jpeg 1920w\" sizes=\"(max-width: 225px) 100vw, 225px\" \/><\/a><\/p>\n<p>&nbsp;<\/p>\n<p>&nbsp;<\/p>\n<p>&nbsp;<\/p>\n<p><strong>Juli 2023<\/strong><\/p>\n<p>Liebes Tierheim-Moers,<\/p>\n<p>ganze vier Jahre ist es her, dass ihr mich vom Baum gerettet und versorgt habt.<\/p>\n<p>Ich f\u00fchle mich immer noch in meinem FOREVER-Heim &#8220;katzenwohl&#8221; :).<\/p>\n<p><a href=\"https:\/\/tierheim-moers.de\/Wordpress\/wp-content\/uploads\/2023\/07\/Suma5-scaled.jpg\"><img loading=\"lazy\" decoding=\"async\" class=\"alignnone size-medium wp-image-54354\" src=\"https:\/\/tierheim-moers.de\/Wordpress\/wp-content\/uploads\/2023\/07\/Suma5-300x225.jpg\" alt=\"\" width=\"300\" height=\"225\" srcset=\"https:\/\/tierheim-moers.de\/Wordpress\/wp-content\/uploads\/2023\/07\/Suma5-300x225.jpg 300w, https:\/\/tierheim-moers.de\/Wordpress\/wp-content\/uploads\/2023\/07\/Suma5-1024x768.jpg 1024w, https:\/\/tierheim-moers.de\/Wordpress\/wp-content\/uploads\/2023\/07\/Suma5-768x576.jpg 768w, https:\/\/tierheim-moers.de\/Wordpress\/wp-content\/uploads\/2023\/07\/Suma5-600x450.jpg 600w, https:\/\/tierheim-moers.de\/Wordpress\/wp-content\/uploads\/2023\/07\/Suma5-1536x1152.jpg 1536w, https:\/\/tierheim-moers.de\/Wordpress\/wp-content\/uploads\/2023\/07\/Suma5-2048x1536.jpg 2048w, https:\/\/tierheim-moers.de\/Wordpress\/wp-content\/uploads\/2023\/07\/Suma5-700x525.jpg 700w, https:\/\/tierheim-moers.de\/Wordpress\/wp-content\/uploads\/2023\/07\/Suma5-1320x990.jpg 1320w\" sizes=\"(max-width: 300px) 100vw, 300px\" \/><\/a> <a href=\"https:\/\/tierheim-moers.de\/Wordpress\/wp-content\/uploads\/2023\/07\/Suma4-scaled.jpg\"><img loading=\"lazy\" decoding=\"async\" class=\"alignnone size-medium wp-image-54353\" src=\"https:\/\/tierheim-moers.de\/Wordpress\/wp-content\/uploads\/2023\/07\/Suma4-300x225.jpg\" alt=\"\" width=\"300\" height=\"225\"><\/a><\/p>\n<p>Gerne stehe ich im Mittelpunkt und sage ganz genau (auch laut klagend mautzend), was ich m\u00f6chte. Kuscheln darf nat\u00fcrlich auch niiiiiiemals zu kurz kommen.<\/p>\n<p><a href=\"https:\/\/tierheim-moers.de\/Wordpress\/wp-content\/uploads\/2023\/07\/Suma3-scaled.jpg\"><img loading=\"lazy\" decoding=\"async\" class=\"alignnone size-medium wp-image-54350\" src=\"https:\/\/tierheim-moers.de\/Wordpress\/wp-content\/uploads\/2023\/07\/Suma3-225x300.jpg\" alt=\"\" width=\"225\" height=\"300\" srcset=\"https:\/\/tierheim-moers.de\/Wordpress\/wp-content\/uploads\/2023\/07\/Suma3-225x300.jpg 225w, https:\/\/tierheim-moers.de\/Wordpress\/wp-content\/uploads\/2023\/07\/Suma3-768x1024.jpg 768w, https:\/\/tierheim-moers.de\/Wordpress\/wp-content\/uploads\/2023\/07\/Suma3-600x800.jpg 600w, https:\/\/tierheim-moers.de\/Wordpress\/wp-content\/uploads\/2023\/07\/Suma3-1152x1536.jpg 1152w, https:\/\/tierheim-moers.de\/Wordpress\/wp-content\/uploads\/2023\/07\/Suma3-1536x2048.jpg 1536w, https:\/\/tierheim-moers.de\/Wordpress\/wp-content\/uploads\/2023\/07\/Suma3-700x933.jpg 700w, https:\/\/tierheim-moers.de\/Wordpress\/wp-content\/uploads\/2023\/07\/Suma3-1320x1760.jpg 1320w, https:\/\/tierheim-moers.de\/Wordpress\/wp-content\/uploads\/2023\/07\/Suma3-scaled.jpg 1920w\" sizes=\"(max-width: 225px) 100vw, 225px\" \/><\/a> <a href=\"https:\/\/tierheim-moers.de\/Wordpress\/wp-content\/uploads\/2023\/07\/Suma-scaled.jpg\"><img loading=\"lazy\" decoding=\"async\" class=\"alignnone size-medium wp-image-54348\" src=\"https:\/\/tierheim-moers.de\/Wordpress\/wp-content\/uploads\/2023\/07\/Suma-225x300.jpg\" alt=\"\" width=\"225\" height=\"300\" srcset=\"https:\/\/tierheim-moers.de\/Wordpress\/wp-content\/uploads\/2023\/07\/Suma-225x300.jpg 225w, https:\/\/tierheim-moers.de\/Wordpress\/wp-content\/uploads\/2023\/07\/Suma-768x1024.jpg 768w, https:\/\/tierheim-moers.de\/Wordpress\/wp-content\/uploads\/2023\/07\/Suma-600x800.jpg 600w, https:\/\/tierheim-moers.de\/Wordpress\/wp-content\/uploads\/2023\/07\/Suma-1152x1536.jpg 1152w, https:\/\/tierheim-moers.de\/Wordpress\/wp-content\/uploads\/2023\/07\/Suma-1536x2048.jpg 1536w, https:\/\/tierheim-moers.de\/Wordpress\/wp-content\/uploads\/2023\/07\/Suma-700x933.jpg 700w, https:\/\/tierheim-moers.de\/Wordpress\/wp-content\/uploads\/2023\/07\/Suma-1320x1760.jpg 1320w, https:\/\/tierheim-moers.de\/Wordpress\/wp-content\/uploads\/2023\/07\/Suma-scaled.jpg 1920w\" sizes=\"(max-width: 225px) 100vw, 225px\" \/><\/a><\/p>\n<p>Ich h\u00e4nge sehr an meinen Dosen\u00f6ffnern und renne ihnen oft hinterher, liege bei ihnen oder aber schicke sie dahin, wo ich liegen m\u00f6chte. (:<\/p>\n<p>Der Garten ist mein K\u00f6nigreich und auch die umliegenden G\u00e4rten geh\u00f6ren mir. Andere Katzen haben keine Chance, ich brauche nur zu drohen. Nur auf B\u00e4ume klettern, das mag ich immer noch nicht.<\/p>\n<p><a href=\"https:\/\/tierheim-moers.de\/Wordpress\/wp-content\/uploads\/2023\/07\/Suma2-scaled.jpg\"><img loading=\"lazy\" decoding=\"async\" class=\"alignnone size-medium wp-image-54349\" src=\"https:\/\/tierheim-moers.de\/Wordpress\/wp-content\/uploads\/2023\/07\/Suma2-225x300.jpg\" alt=\"\" width=\"225\" height=\"300\"><\/a><a href=\"https:\/\/tierheim-moers.de\/Wordpress\/wp-content\/uploads\/2023\/07\/Suma6-scaled.jpg\"><img loading=\"lazy\" decoding=\"async\" class=\"alignnone size-medium wp-image-54355\" src=\"https:\/\/tierheim-moers.de\/Wordpress\/wp-content\/uploads\/2023\/07\/Suma6-300x225.jpg\" alt=\"\" width=\"300\" height=\"225\" srcset=\"https:\/\/tierheim-moers.de\/Wordpress\/wp-content\/uploads\/2023\/07\/Suma6-300x225.jpg 300w, https:\/\/tierheim-moers.de\/Wordpress\/wp-content\/uploads\/2023\/07\/Suma6-1024x768.jpg 1024w, https:\/\/tierheim-moers.de\/Wordpress\/wp-content\/uploads\/2023\/07\/Suma6-768x576.jpg 768w, https:\/\/tierheim-moers.de\/Wordpress\/wp-content\/uploads\/2023\/07\/Suma6-600x450.jpg 600w, https:\/\/tierheim-moers.de\/Wordpress\/wp-content\/uploads\/2023\/07\/Suma6-1536x1152.jpg 1536w, https:\/\/tierheim-moers.de\/Wordpress\/wp-content\/uploads\/2023\/07\/Suma6-2048x1536.jpg 2048w, https:\/\/tierheim-moers.de\/Wordpress\/wp-content\/uploads\/2023\/07\/Suma6-700x525.jpg 700w, https:\/\/tierheim-moers.de\/Wordpress\/wp-content\/uploads\/2023\/07\/Suma6-1320x990.jpg 1320w\" sizes=\"(max-width: 300px) 100vw, 300px\" \/><\/a><\/p>\n<p>Ihr seht also, ich habe alles und jeden im Griff.<\/p>\n<p>So, das ganze Schreiben war nun anstrengend. Ich muss mal weiterschlafen.<\/p>\n<p>Macht es gut und bleibt gesund!<\/p>\n<p>Euer Merlin, ehemals Suma (der Baumkater)<\/p>\n<p>&nbsp;<\/p>\n<p>22.12.2020<\/p>\n<p class=\"moz-quote-pre\">Liebes Tierheim Moers,&nbsp; <a href=\"https:\/\/tierheim-moers.de\/Wordpress\/wp-content\/uploads\/2019\/12\/suma-merlin.jpg14-scaled.jpg\"><img loading=\"lazy\" decoding=\"async\" class=\"size-medium wp-image-36949 alignright\" src=\"https:\/\/tierheim-moers.de\/Wordpress\/wp-content\/uploads\/2019\/12\/suma-merlin.jpg14-146x300.jpg\" alt=\"\" width=\"146\" height=\"300\" srcset=\"https:\/\/tierheim-moers.de\/Wordpress\/wp-content\/uploads\/2019\/12\/suma-merlin.jpg14-146x300.jpg 146w, https:\/\/tierheim-moers.de\/Wordpress\/wp-content\/uploads\/2019\/12\/suma-merlin.jpg14-498x1024.jpg 498w, https:\/\/tierheim-moers.de\/Wordpress\/wp-content\/uploads\/2019\/12\/suma-merlin.jpg14-768x1580.jpg 768w, https:\/\/tierheim-moers.de\/Wordpress\/wp-content\/uploads\/2019\/12\/suma-merlin.jpg14-600x1234.jpg 600w, https:\/\/tierheim-moers.de\/Wordpress\/wp-content\/uploads\/2019\/12\/suma-merlin.jpg14-747x1536.jpg 747w, https:\/\/tierheim-moers.de\/Wordpress\/wp-content\/uploads\/2019\/12\/suma-merlin.jpg14-996x2048.jpg 996w, https:\/\/tierheim-moers.de\/Wordpress\/wp-content\/uploads\/2019\/12\/suma-merlin.jpg14-700x1440.jpg 700w, https:\/\/tierheim-moers.de\/Wordpress\/wp-content\/uploads\/2019\/12\/suma-merlin.jpg14-1320x2715.jpg 1320w, https:\/\/tierheim-moers.de\/Wordpress\/wp-content\/uploads\/2019\/12\/suma-merlin.jpg14-scaled.jpg 1244w\" sizes=\"(max-width: 146px) 100vw, 146px\" \/><\/a> <a href=\"https:\/\/tierheim-moers.de\/Wordpress\/wp-content\/uploads\/2019\/12\/suma-merlin.jpg15-scaled.jpg\"><img loading=\"lazy\" decoding=\"async\" class=\"size-medium wp-image-36950 alignleft\" src=\"https:\/\/tierheim-moers.de\/Wordpress\/wp-content\/uploads\/2019\/12\/suma-merlin.jpg15-300x146.jpg\" alt=\"\" width=\"300\" height=\"146\" srcset=\"https:\/\/tierheim-moers.de\/Wordpress\/wp-content\/uploads\/2019\/12\/suma-merlin.jpg15-300x146.jpg 300w, https:\/\/tierheim-moers.de\/Wordpress\/wp-content\/uploads\/2019\/12\/suma-merlin.jpg15-1024x498.jpg 1024w, https:\/\/tierheim-moers.de\/Wordpress\/wp-content\/uploads\/2019\/12\/suma-merlin.jpg15-768x373.jpg 768w, https:\/\/tierheim-moers.de\/Wordpress\/wp-content\/uploads\/2019\/12\/suma-merlin.jpg15-600x292.jpg 600w, https:\/\/tierheim-moers.de\/Wordpress\/wp-content\/uploads\/2019\/12\/suma-merlin.jpg15-1536x747.jpg 1536w, https:\/\/tierheim-moers.de\/Wordpress\/wp-content\/uploads\/2019\/12\/suma-merlin.jpg15-2048x996.jpg 2048w, https:\/\/tierheim-moers.de\/Wordpress\/wp-content\/uploads\/2019\/12\/suma-merlin.jpg15-700x340.jpg 700w, https:\/\/tierheim-moers.de\/Wordpress\/wp-content\/uploads\/2019\/12\/suma-merlin.jpg15-1320x642.jpg 1320w\" sizes=\"(max-width: 300px) 100vw, 300px\" \/><\/a><\/p>\n<p class=\"moz-quote-pre\">leider haben wir zu unserer Nachricht zum Einj\u00e4hrigen mit Merlin (ehemals Suma) im Juli keine R\u00fcckmeldung von euch erhalten (auch nicht bei den Erfolgsgeschichten), aber wir versuchen es jetzt noch einmal zu Weihnachten.<\/p>\n<p class=\"moz-quote-pre\">Viele kuschelige Gr\u00fc\u00dfe senden euch Merlin (ehemals Suma, der Baumkater) und seine Dosen\u00f6ffner. Er schnurrt sich immer tiefer in unsere Herzen und genie\u00dft bei dem Dauerregen seinen neuen Platz an der Heizung.<\/p>\n<p class=\"moz-quote-pre\">Teepackungen und Teebeutel liebt er immer noch und besch\u00fctzt diese auch :D. Au\u00dferdem ist er sehr anh\u00e4nglich und genie\u00dft gerne die volle Aufmerksamkeit. Wenn wir ins Bett gehen, kommt er immer mit in das Schlafzimmer \u2661. <a href=\"https:\/\/tierheim-moers.de\/Wordpress\/wp-content\/uploads\/2020\/12\/suma-merlin.jpg16-scaled.jpg\"><img loading=\"lazy\" decoding=\"async\" class=\"size-medium wp-image-36952 alignright\" src=\"https:\/\/tierheim-moers.de\/Wordpress\/wp-content\/uploads\/2020\/12\/suma-merlin.jpg16-300x146.jpg\" alt=\"\" width=\"300\" height=\"146\" srcset=\"https:\/\/tierheim-moers.de\/Wordpress\/wp-content\/uploads\/2020\/12\/suma-merlin.jpg16-300x146.jpg 300w, https:\/\/tierheim-moers.de\/Wordpress\/wp-content\/uploads\/2020\/12\/suma-merlin.jpg16-1024x498.jpg 1024w, https:\/\/tierheim-moers.de\/Wordpress\/wp-content\/uploads\/2020\/12\/suma-merlin.jpg16-768x373.jpg 768w, https:\/\/tierheim-moers.de\/Wordpress\/wp-content\/uploads\/2020\/12\/suma-merlin.jpg16-600x292.jpg 600w, https:\/\/tierheim-moers.de\/Wordpress\/wp-content\/uploads\/2020\/12\/suma-merlin.jpg16-1536x747.jpg 1536w, https:\/\/tierheim-moers.de\/Wordpress\/wp-content\/uploads\/2020\/12\/suma-merlin.jpg16-2048x996.jpg 2048w, https:\/\/tierheim-moers.de\/Wordpress\/wp-content\/uploads\/2020\/12\/suma-merlin.jpg16-700x340.jpg 700w, https:\/\/tierheim-moers.de\/Wordpress\/wp-content\/uploads\/2020\/12\/suma-merlin.jpg16-1320x642.jpg 1320w\" sizes=\"(max-width: 300px) 100vw, 300px\" \/><\/a><a href=\"https:\/\/tierheim-moers.de\/Wordpress\/wp-content\/uploads\/2019\/12\/suma-merlin.jpg13-scaled.jpg\"><img loading=\"lazy\" decoding=\"async\" class=\"size-medium wp-image-36948 alignleft\" src=\"https:\/\/tierheim-moers.de\/Wordpress\/wp-content\/uploads\/2019\/12\/suma-merlin.jpg13-300x146.jpg\" alt=\"\" width=\"300\" height=\"146\" srcset=\"https:\/\/tierheim-moers.de\/Wordpress\/wp-content\/uploads\/2019\/12\/suma-merlin.jpg13-300x146.jpg 300w, https:\/\/tierheim-moers.de\/Wordpress\/wp-content\/uploads\/2019\/12\/suma-merlin.jpg13-1024x498.jpg 1024w, https:\/\/tierheim-moers.de\/Wordpress\/wp-content\/uploads\/2019\/12\/suma-merlin.jpg13-768x373.jpg 768w, https:\/\/tierheim-moers.de\/Wordpress\/wp-content\/uploads\/2019\/12\/suma-merlin.jpg13-600x292.jpg 600w, https:\/\/tierheim-moers.de\/Wordpress\/wp-content\/uploads\/2019\/12\/suma-merlin.jpg13-1536x747.jpg 1536w, https:\/\/tierheim-moers.de\/Wordpress\/wp-content\/uploads\/2019\/12\/suma-merlin.jpg13-2048x996.jpg 2048w, https:\/\/tierheim-moers.de\/Wordpress\/wp-content\/uploads\/2019\/12\/suma-merlin.jpg13-700x340.jpg 700w, https:\/\/tierheim-moers.de\/Wordpress\/wp-content\/uploads\/2019\/12\/suma-merlin.jpg13-1320x642.jpg 1320w\" sizes=\"(max-width: 300px) 100vw, 300px\" \/><\/a><\/p>\n<p class=\"moz-quote-pre\">Wir w\u00fcnschen euch und euren Zwei- und Vierbeinern besinnliche Feiertage, einen guten Rutsch in das neue Jahr und besonders viel Gesundheit! Viele Gr\u00fc\u00dfe Merlin und seine Dosen\u00f6ffner Tim &amp; Elisa<\/p>\n<p>Vielen Dank, dass ihr nicht aufgegeben habt. Wo Menschen sind, passieren auch schon mal Fehler. Und wir freuen uns immer \u00fcber Berichte von Ehemaligen.<\/p>\n<p>Bleibt auch gesund<\/p>\n<p>Euer Tierheimteam<\/p>\n<p>29.12.2019<\/p>\n<p class=\"moz-quote-pre\">Liebe \u00dcbergangsdosen\u00f6ffner, <a href=\"https:\/\/tierheim-moers.de\/Wordpress\/wp-content\/uploads\/2019\/10\/suma-merlin10-ausschnitt.jpg\"><img loading=\"lazy\" decoding=\"async\" class=\"size-medium wp-image-28808 alignleft\" src=\"https:\/\/tierheim-moers.de\/Wordpress\/wp-content\/uploads\/2019\/10\/suma-merlin10-ausschnitt-300x243.jpg\" alt=\"\" width=\"300\" height=\"243\" srcset=\"https:\/\/tierheim-moers.de\/Wordpress\/wp-content\/uploads\/2019\/10\/suma-merlin10-ausschnitt-300x243.jpg 300w, https:\/\/tierheim-moers.de\/Wordpress\/wp-content\/uploads\/2019\/10\/suma-merlin10-ausschnitt-1024x830.jpg 1024w, https:\/\/tierheim-moers.de\/Wordpress\/wp-content\/uploads\/2019\/10\/suma-merlin10-ausschnitt-768x623.jpg 768w, https:\/\/tierheim-moers.de\/Wordpress\/wp-content\/uploads\/2019\/10\/suma-merlin10-ausschnitt-600x486.jpg 600w, https:\/\/tierheim-moers.de\/Wordpress\/wp-content\/uploads\/2019\/10\/suma-merlin10-ausschnitt-1536x1245.jpg 1536w, https:\/\/tierheim-moers.de\/Wordpress\/wp-content\/uploads\/2019\/10\/suma-merlin10-ausschnitt-2048x1660.jpg 2048w, https:\/\/tierheim-moers.de\/Wordpress\/wp-content\/uploads\/2019\/10\/suma-merlin10-ausschnitt-700x568.jpg 700w\" sizes=\"(max-width: 300px) 100vw, 300px\" \/><\/a><\/p>\n<p class=\"moz-quote-pre\">meine neuen Dosen\u00f6ffner und ich m\u00f6chten euch und den ganzen vielen lieben Tieren bei euch im Tierheim frohe Weihmachten w\u00fcnschen und einen guten Rutsch in das neue Jahr! Ich hoffe, dass m\u00f6glichst viele Tiere ein so tolles zuhause finden, wie ich es gefunden habe. Ich bin total zufrieden, habe den Weihnachtsbaum direkt akzeptiert und wollte schon direkt alle T\u00fcten auspacken &#8211; was soll das auch, dass die alle unter dem Baum stehen?<a href=\"https:\/\/tierheim-moers.de\/Wordpress\/wp-content\/uploads\/2019\/10\/suma-merlin10-scaled.jpg\"><img loading=\"lazy\" decoding=\"async\" class=\"size-medium wp-image-28805 alignright\" src=\"https:\/\/tierheim-moers.de\/Wordpress\/wp-content\/uploads\/2019\/10\/suma-merlin10-146x300.jpg\" alt=\"\" width=\"146\" height=\"300\" srcset=\"https:\/\/tierheim-moers.de\/Wordpress\/wp-content\/uploads\/2019\/10\/suma-merlin10-146x300.jpg 146w, https:\/\/tierheim-moers.de\/Wordpress\/wp-content\/uploads\/2019\/10\/suma-merlin10-498x1024.jpg 498w, https:\/\/tierheim-moers.de\/Wordpress\/wp-content\/uploads\/2019\/10\/suma-merlin10-768x1580.jpg 768w, https:\/\/tierheim-moers.de\/Wordpress\/wp-content\/uploads\/2019\/10\/suma-merlin10-600x1234.jpg 600w, https:\/\/tierheim-moers.de\/Wordpress\/wp-content\/uploads\/2019\/10\/suma-merlin10-747x1536.jpg 747w, https:\/\/tierheim-moers.de\/Wordpress\/wp-content\/uploads\/2019\/10\/suma-merlin10-996x2048.jpg 996w, https:\/\/tierheim-moers.de\/Wordpress\/wp-content\/uploads\/2019\/10\/suma-merlin10-700x1440.jpg 700w, https:\/\/tierheim-moers.de\/Wordpress\/wp-content\/uploads\/2019\/10\/suma-merlin10-scaled.jpg 1244w\" sizes=\"(max-width: 146px) 100vw, 146px\" \/><\/a><\/p>\n<p class=\"moz-quote-pre\">Meine Dosen\u00f6ffner habe ich schon total lieb gewonnen und auch deren &#8211; sie nennen es &#8211; Familie. Wenn es aber klingelt und f\u00fcr mich Fremde kommen, bin ich erstmal weg und verstecke mich&#8230;das finden meine Dosen\u00f6ffner aber gar nicht schlimm und sind froh, dass ich nicht zu zutraulich gegen\u00fcber Fremden bin.<\/p>\n<p class=\"moz-quote-pre\">In diesem Sinne &#8211; ein frohes Fest, ganz viele Leckereien f\u00fcr meine lieben Kumpels bei euch im Tierheim! Viele Gr\u00fc\u00dfe euer Merlin (Suma)<\/p>\n<p class=\"moz-quote-pre\"><a href=\"https:\/\/tierheim-moers.de\/Wordpress\/wp-content\/uploads\/2019\/10\/suma-merlin9-ausschnitt.jpg\"><img loading=\"lazy\" decoding=\"async\" class=\"alignnone size-medium wp-image-28807\" src=\"https:\/\/tierheim-moers.de\/Wordpress\/wp-content\/uploads\/2019\/10\/suma-merlin9-ausschnitt-300x294.jpg\" alt=\"\" width=\"300\" height=\"294\" srcset=\"https:\/\/tierheim-moers.de\/Wordpress\/wp-content\/uploads\/2019\/10\/suma-merlin9-ausschnitt-300x294.jpg 300w, https:\/\/tierheim-moers.de\/Wordpress\/wp-content\/uploads\/2019\/10\/suma-merlin9-ausschnitt-1024x1002.jpg 1024w, https:\/\/tierheim-moers.de\/Wordpress\/wp-content\/uploads\/2019\/10\/suma-merlin9-ausschnitt-768x751.jpg 768w, https:\/\/tierheim-moers.de\/Wordpress\/wp-content\/uploads\/2019\/10\/suma-merlin9-ausschnitt-600x587.jpg 600w, https:\/\/tierheim-moers.de\/Wordpress\/wp-content\/uploads\/2019\/10\/suma-merlin9-ausschnitt-1536x1503.jpg 1536w, https:\/\/tierheim-moers.de\/Wordpress\/wp-content\/uploads\/2019\/10\/suma-merlin9-ausschnitt-2048x2004.jpg 2048w, https:\/\/tierheim-moers.de\/Wordpress\/wp-content\/uploads\/2019\/10\/suma-merlin9-ausschnitt-700x685.jpg 700w, https:\/\/tierheim-moers.de\/Wordpress\/wp-content\/uploads\/2019\/10\/suma-merlin9-ausschnitt-45x45.jpg 45w\" sizes=\"(max-width: 300px) 100vw, 300px\" \/><\/a> <a href=\"https:\/\/tierheim-moers.de\/Wordpress\/wp-content\/uploads\/2019\/10\/suma-merlin8-ausschnitt.jpg\"><img loading=\"lazy\" decoding=\"async\" class=\"alignnone size-medium wp-image-28806\" src=\"https:\/\/tierheim-moers.de\/Wordpress\/wp-content\/uploads\/2019\/10\/suma-merlin8-ausschnitt-287x300.jpg\" alt=\"\" width=\"287\" height=\"300\" srcset=\"https:\/\/tierheim-moers.de\/Wordpress\/wp-content\/uploads\/2019\/10\/suma-merlin8-ausschnitt-287x300.jpg 287w, https:\/\/tierheim-moers.de\/Wordpress\/wp-content\/uploads\/2019\/10\/suma-merlin8-ausschnitt-978x1024.jpg 978w, https:\/\/tierheim-moers.de\/Wordpress\/wp-content\/uploads\/2019\/10\/suma-merlin8-ausschnitt-768x804.jpg 768w, https:\/\/tierheim-moers.de\/Wordpress\/wp-content\/uploads\/2019\/10\/suma-merlin8-ausschnitt-600x628.jpg 600w, https:\/\/tierheim-moers.de\/Wordpress\/wp-content\/uploads\/2019\/10\/suma-merlin8-ausschnitt-1467x1536.jpg 1467w, https:\/\/tierheim-moers.de\/Wordpress\/wp-content\/uploads\/2019\/10\/suma-merlin8-ausschnitt-1956x2048.jpg 1956w, https:\/\/tierheim-moers.de\/Wordpress\/wp-content\/uploads\/2019\/10\/suma-merlin8-ausschnitt-700x733.jpg 700w\" sizes=\"(max-width: 287px) 100vw, 287px\" \/><\/a> PS: ich soll auch noch lieb von meinen Dosen\u00f6ffnern gr\u00fc\u00dfen<\/p>\n<p>Vielen Dank f\u00fcr die lieben Gr\u00fc\u00dfe. Auch euch alles Gute f\u00fcrs Jahr 2020.<\/p>\n<p>Euer Tierheimteam<\/p>\n<p>23.10.2019<\/p>\n<p>Liebes \u00dcbergangs-Dosen\u00f6ffner,<a href=\"http:\/\/tierheim-moers.de\/Wordpress\/wp-content\/uploads\/2019\/08\/suma-merlin5.jpg\"><img loading=\"lazy\" decoding=\"async\" class=\"alignnone size-medium wp-image-27515\" src=\"http:\/\/tierheim-moers.de\/Wordpress\/wp-content\/uploads\/2019\/08\/suma-merlin5-300x146.jpg\" alt=\"\" width=\"300\" height=\"146\" srcset=\"https:\/\/tierheim-moers.de\/Wordpress\/wp-content\/uploads\/2019\/08\/suma-merlin5-300x146.jpg 300w, https:\/\/tierheim-moers.de\/Wordpress\/wp-content\/uploads\/2019\/08\/suma-merlin5-768x373.jpg 768w, https:\/\/tierheim-moers.de\/Wordpress\/wp-content\/uploads\/2019\/08\/suma-merlin5-1024x498.jpg 1024w, https:\/\/tierheim-moers.de\/Wordpress\/wp-content\/uploads\/2019\/08\/suma-merlin5-600x292.jpg 600w, https:\/\/tierheim-moers.de\/Wordpress\/wp-content\/uploads\/2019\/08\/suma-merlin5-700x340.jpg 700w\" sizes=\"(max-width: 300px) 100vw, 300px\" \/><\/a><\/p>\n<p>Mitte August war es endlich soweit! Die doofe Leine kam ab! Von da an erkundete ich den grooo\u00dfen Garten\u2026den Nachbargarten finde ich aber auch total toll, der ist sehr verwildert und ich kann mich dort prima austoben. Ich hatte schon einige K\u00e4mpfe mit Katern, die meinten, sie seien der Boss\u2026haben die wohl falsch gedacht. Nat\u00fcrlich habe ich immer gewonnen! \ud83d\ude42<a href=\"http:\/\/tierheim-moers.de\/Wordpress\/wp-content\/uploads\/2019\/08\/suma-merlin6.jpg\"><img loading=\"lazy\" decoding=\"async\" class=\"size-medium wp-image-27516 alignleft\" src=\"http:\/\/tierheim-moers.de\/Wordpress\/wp-content\/uploads\/2019\/08\/suma-merlin6-300x146.jpg\" alt=\"\" width=\"300\" height=\"146\" srcset=\"https:\/\/tierheim-moers.de\/Wordpress\/wp-content\/uploads\/2019\/08\/suma-merlin6-300x146.jpg 300w, https:\/\/tierheim-moers.de\/Wordpress\/wp-content\/uploads\/2019\/08\/suma-merlin6-768x373.jpg 768w, https:\/\/tierheim-moers.de\/Wordpress\/wp-content\/uploads\/2019\/08\/suma-merlin6-1024x498.jpg 1024w, https:\/\/tierheim-moers.de\/Wordpress\/wp-content\/uploads\/2019\/08\/suma-merlin6-600x292.jpg 600w, https:\/\/tierheim-moers.de\/Wordpress\/wp-content\/uploads\/2019\/08\/suma-merlin6-700x340.jpg 700w\" sizes=\"(max-width: 300px) 100vw, 300px\" \/><\/a><\/p>\n<p>Ich habe gut zugenommen und musste schon fast wieder auf Di\u00e4t, weil ich wohl etwas zu moppelig geworden sei (sagen meine Dosen\u00f6ffner \u2013 ist das nicht gemein??). Jetzt habe ich ein Gewicht von 5,2kg und meine Dosen\u00f6ffner sind sehr zufrieden.<\/p>\n<p>M\u00e4use habe ich auch schon gefangen und meinen Dosen\u00f6ffnern in den Keller gebracht. Da <a href=\"http:\/\/tierheim-moers.de\/Wordpress\/wp-content\/uploads\/2019\/08\/suma-merlin7.jpg\"><img loading=\"lazy\" decoding=\"async\" class=\"size-medium wp-image-27517 alignright\" src=\"http:\/\/tierheim-moers.de\/Wordpress\/wp-content\/uploads\/2019\/08\/suma-merlin7-300x146.jpg\" alt=\"\" width=\"300\" height=\"146\" srcset=\"https:\/\/tierheim-moers.de\/Wordpress\/wp-content\/uploads\/2019\/08\/suma-merlin7-300x146.jpg 300w, https:\/\/tierheim-moers.de\/Wordpress\/wp-content\/uploads\/2019\/08\/suma-merlin7-768x373.jpg 768w, https:\/\/tierheim-moers.de\/Wordpress\/wp-content\/uploads\/2019\/08\/suma-merlin7-1024x498.jpg 1024w, https:\/\/tierheim-moers.de\/Wordpress\/wp-content\/uploads\/2019\/08\/suma-merlin7-600x292.jpg 600w, https:\/\/tierheim-moers.de\/Wordpress\/wp-content\/uploads\/2019\/08\/suma-merlin7-700x340.jpg 700w\" sizes=\"(max-width: 300px) 100vw, 300px\" \/><\/a>war ich vielleicht stolz und wurde viel gelobt. Ich wollte noch weiter mit den M\u00e4usen spielen, die haben sich aber einfach nicht mehr bewegt..gemein! Jetzt renne ich oft hinter einem Eichh\u00f6rnchen her\u2026ob ich das noch bekomme???<\/p>\n<p>Meine Dosen\u00f6ffner meinen immer, dass ich mich wie ein Prinz, oder gar K\u00f6nig, auff\u00fchre.&nbsp; Traditionell halte ich schon mittags gerne mal innen ein Schl\u00e4fchen (ich habe jetzt entdeckt, dass das Bett sehr gem\u00fctlich ist!), m\u00f6chte dann aber auch wieder raus, ich muss ja drau\u00dfen alles kontrollieren! Die Sonnentage waren herrlich, da habe ich mich immer auf dem Rasen gew\u00e4lzt.<\/p>\n<p>Meine Dosen\u00f6ffner sind \u00fcbergl\u00fccklich, dass sie mich bei euch abgeholt haben\u2026und ich auch!<\/p>\n<p>F\u00fchle mich katzenwohl (bin ja schlie\u00dflich kein Pudel) und bin voll und ganz angekommen!<\/p>\n<p>Bis dann,<a href=\"http:\/\/tierheim-moers.de\/Wordpress\/wp-content\/uploads\/2019\/08\/suma5.jpg\"><img loading=\"lazy\" decoding=\"async\" class=\"alignnone size-medium wp-image-27512\" src=\"http:\/\/tierheim-moers.de\/Wordpress\/wp-content\/uploads\/2019\/08\/suma5-300x146.jpg\" alt=\"\" width=\"300\" height=\"146\" srcset=\"https:\/\/tierheim-moers.de\/Wordpress\/wp-content\/uploads\/2019\/08\/suma5-300x146.jpg 300w, https:\/\/tierheim-moers.de\/Wordpress\/wp-content\/uploads\/2019\/08\/suma5-768x373.jpg 768w, https:\/\/tierheim-moers.de\/Wordpress\/wp-content\/uploads\/2019\/08\/suma5-1024x498.jpg 1024w, https:\/\/tierheim-moers.de\/Wordpress\/wp-content\/uploads\/2019\/08\/suma5-600x292.jpg 600w, https:\/\/tierheim-moers.de\/Wordpress\/wp-content\/uploads\/2019\/08\/suma5-700x340.jpg 700w\" sizes=\"(max-width: 300px) 100vw, 300px\" \/><\/a><\/p>\n<p>euer Merlin (ehemals Suma)<\/p>\n<p>Sch\u00f6n, wieder von dir zu h\u00f6ren. Danke f\u00fcr deinen Bericht und die sch\u00f6nen Fotos.&nbsp; Genie\u00dfe weiterhin dein Leben mit deinen lieben Dosen\u00f6ffnern.<\/p>\n<p>Dein Tierheimteam<\/p>\n<p>&nbsp;<\/p>\n<p>05.08.2019<\/p>\n<p>Liebe \u00dcbergangs-Dosen\u00f6ffner,&nbsp;&nbsp; <a href=\"http:\/\/tierheim-moers.de\/Wordpress\/wp-content\/uploads\/2019\/08\/suma-merlin.jpg4_.jpg\"><img loading=\"lazy\" decoding=\"async\" class=\"size-medium wp-image-26007 alignright\" src=\"http:\/\/tierheim-moers.de\/Wordpress\/wp-content\/uploads\/2019\/08\/suma-merlin.jpg4_-300x146.jpg\" alt=\"\" width=\"300\" height=\"146\" srcset=\"https:\/\/tierheim-moers.de\/Wordpress\/wp-content\/uploads\/2019\/08\/suma-merlin.jpg4_-300x146.jpg 300w, https:\/\/tierheim-moers.de\/Wordpress\/wp-content\/uploads\/2019\/08\/suma-merlin.jpg4_-768x373.jpg 768w, https:\/\/tierheim-moers.de\/Wordpress\/wp-content\/uploads\/2019\/08\/suma-merlin.jpg4_-1024x498.jpg 1024w, https:\/\/tierheim-moers.de\/Wordpress\/wp-content\/uploads\/2019\/08\/suma-merlin.jpg4_-600x292.jpg 600w, https:\/\/tierheim-moers.de\/Wordpress\/wp-content\/uploads\/2019\/08\/suma-merlin.jpg4_-700x340.jpg 700w\" sizes=\"(max-width: 300px) 100vw, 300px\" \/><\/a><\/p>\n<p>meine neuen Dosen\u00f6ffner nennen mich nicht mehr Suma, sondern Merlin, da ich sie so verzaubert habe. J<\/p>\n<p>F\u00fcnf Wochen ist es her, dass meine Forever-Dosen\u00f6ffner mich bei euch abgeholt haben. Die ganze Autofahrt habe ich protestiert und fand es gar nicht toll \u2013 ich dachte schlie\u00dflich, dass ich zum Tierarzt gebracht werde\u2026ich war sehr skeptisch, als ich mein neues Heim erkundete, fand aber schnell den Futternapf und schnurrte direkt. Meine neuen Dosen\u00f6ffner sind der Meinung, dass ich schon \u00fcber 1kg zugenommen h\u00e4tte (die Waage sagt wohl 4,8kg!). Anfangs kam es noch zu einigen Kommunikationsproblemen, wir n\u00e4hern uns aber immer mehr an, ich genie\u00dfe die Streicheleinheiten, zeige aber auch, wenn es genug ist \u2013 das akzeptieren meine neuen Dosen\u00f6ffner zum Gl\u00fcck. Wie ich geh\u00f6rt habe (ich habe n\u00e4mlich, trotz meiner \u201eSch\u00f6nheitsfehler\u201c an den Ohren, ziemlich gute Ohren), haben mich meine neuen Dosen\u00f6ffner schon ins Herz geschlossen J \u2026ich sie irgendwie auch.<\/p>\n<p>Momentan darf ich den Garten nur mit Leine und Geschirr erkunden, <a href=\"http:\/\/tierheim-moers.de\/Wordpress\/wp-content\/uploads\/2019\/08\/suma-merlin.jpg3_.jpg\"><img loading=\"lazy\" decoding=\"async\" class=\"size-medium wp-image-26006 alignleft\" src=\"http:\/\/tierheim-moers.de\/Wordpress\/wp-content\/uploads\/2019\/08\/suma-merlin.jpg3_-300x146.jpg\" alt=\"\" width=\"300\" height=\"146\" srcset=\"https:\/\/tierheim-moers.de\/Wordpress\/wp-content\/uploads\/2019\/08\/suma-merlin.jpg3_-300x146.jpg 300w, https:\/\/tierheim-moers.de\/Wordpress\/wp-content\/uploads\/2019\/08\/suma-merlin.jpg3_-768x373.jpg 768w, https:\/\/tierheim-moers.de\/Wordpress\/wp-content\/uploads\/2019\/08\/suma-merlin.jpg3_-1024x498.jpg 1024w, https:\/\/tierheim-moers.de\/Wordpress\/wp-content\/uploads\/2019\/08\/suma-merlin.jpg3_-600x292.jpg 600w, https:\/\/tierheim-moers.de\/Wordpress\/wp-content\/uploads\/2019\/08\/suma-merlin.jpg3_-700x340.jpg 700w\" sizes=\"(max-width: 300px) 100vw, 300px\" \/><\/a>das ist vielleicht nervig! Hoffentlich kommt das doofe Ding bald ab, das mag ich n\u00e4mlich gar nicht\u2026meine Dosen\u00f6ffner sagen aber, dass das sein muss\u2026naja\u2026<\/p>\n<p>Obwohl ich l\u00e4nger auf dem Baum festsa\u00df und ihr mich um Gl\u00fcck gerettet habt, klettere ich total gerne und schaue immer erst, was so \u00fcber mir passiert. Meine Dosen\u00f6ffner finden das sehr am\u00fcsant und hoffen, dass ich nicht irgendwann nochmal auf einem Baum feststecke\u2026<\/p>\n<p>&nbsp;<\/p>\n<p>Wie ihr seht, geht es mir super. Ich habe schon einige Lieblingspl\u00e4tze.<a href=\"http:\/\/tierheim-moers.de\/Wordpress\/wp-content\/uploads\/2019\/08\/suma-merlin.jpg\"><img loading=\"lazy\" decoding=\"async\" class=\"size-medium wp-image-26004 alignright\" src=\"http:\/\/tierheim-moers.de\/Wordpress\/wp-content\/uploads\/2019\/08\/suma-merlin-300x146.jpg\" alt=\"\" width=\"300\" height=\"146\" srcset=\"https:\/\/tierheim-moers.de\/Wordpress\/wp-content\/uploads\/2019\/08\/suma-merlin-300x146.jpg 300w, https:\/\/tierheim-moers.de\/Wordpress\/wp-content\/uploads\/2019\/08\/suma-merlin-768x373.jpg 768w, https:\/\/tierheim-moers.de\/Wordpress\/wp-content\/uploads\/2019\/08\/suma-merlin-1024x498.jpg 1024w, https:\/\/tierheim-moers.de\/Wordpress\/wp-content\/uploads\/2019\/08\/suma-merlin-600x292.jpg 600w, https:\/\/tierheim-moers.de\/Wordpress\/wp-content\/uploads\/2019\/08\/suma-merlin-700x340.jpg 700w\" sizes=\"(max-width: 300px) 100vw, 300px\" \/><\/a> <a href=\"http:\/\/tierheim-moers.de\/Wordpress\/wp-content\/uploads\/2019\/08\/suma-merlin.jpg2_.jpg\"><img loading=\"lazy\" decoding=\"async\" class=\"size-medium wp-image-26005 alignleft\" src=\"http:\/\/tierheim-moers.de\/Wordpress\/wp-content\/uploads\/2019\/08\/suma-merlin.jpg2_-300x146.jpg\" alt=\"\" width=\"300\" height=\"146\" srcset=\"https:\/\/tierheim-moers.de\/Wordpress\/wp-content\/uploads\/2019\/08\/suma-merlin.jpg2_-300x146.jpg 300w, https:\/\/tierheim-moers.de\/Wordpress\/wp-content\/uploads\/2019\/08\/suma-merlin.jpg2_-768x373.jpg 768w, https:\/\/tierheim-moers.de\/Wordpress\/wp-content\/uploads\/2019\/08\/suma-merlin.jpg2_-1024x498.jpg 1024w, https:\/\/tierheim-moers.de\/Wordpress\/wp-content\/uploads\/2019\/08\/suma-merlin.jpg2_-600x292.jpg 600w, https:\/\/tierheim-moers.de\/Wordpress\/wp-content\/uploads\/2019\/08\/suma-merlin.jpg2_-700x340.jpg 700w\" sizes=\"(max-width: 300px) 100vw, 300px\" \/><\/a>Momentan finde ich eine Papiert\u00fcte total toll und besch\u00fctze sie auch, falls mein Spielzeug darauf liegt. Dr\u00fcckt die Daumen, dass bald dieses Geschirr mit Leine abkommt und ich dann hoffentlich mein riesen Reich drau\u00dfen weiter erkunden kann. J<\/p>\n<p>&nbsp;<\/p>\n<p>So, ich m\u00f6chte jetzt gekrault werden, muss also los\u2026<\/p>\n<p>Bis dann,<\/p>\n<p>&nbsp;<\/p>\n<p>euer Merlin<\/p>\n<p>Vielen Dank f\u00fcr deinen Brief, lieber Suma, \u00e4h Merlin, und die sch\u00f6nen Fotos. Ich denke, die Zeit des kompletten Freigangs ist ganz nah, denn du weisst bestimmt mittlerweile, wie gut du es angetroffen hast. Wir freuen uns f\u00fcr dich.<\/p>\n<p>Dein Tierheimteam<\/p>\n<div class=\"shariff shariff-align-flex-start shariff-widget-align-center\" data-url=\"https%3A%2F%2Ftierheim-moers.de%2FWordpress%2Fsuma-jetzt-merlin-schreibt-uns%2F\" data-timestamp=\"1755256437\" data-hidezero=\"1\" data-backendurl=\"https:\/\/tierheim-moers.de\/Wordpress\/wp-json\/shariff\/v1\/share_counts?\"><ul class=\"shariff-buttons theme-round orientation-horizontal buttonsize-small\"><li class=\"shariff-button facebook shariff-nocustomcolor\" style=\"background-color:#4273c8\"><a href=\"https:\/\/www.facebook.com\/sharer\/sharer.php?u=https%3A%2F%2Ftierheim-moers.de%2FWordpress%2Fsuma-jetzt-merlin-schreibt-uns%2F\" title=\"Bei Facebook teilen\" aria-label=\"Bei Facebook teilen\" role=\"button\" rel=\"nofollow\" class=\"shariff-link\" style=\"; background-color:#3b5998; color:#fff\" target=\"_blank\"><span class=\"shariff-icon\" style=\"\"><svg width=\"32px\" height=\"20px\" xmlns=\"http:\/\/www.w3.org\/2000\/svg\" viewBox=\"0 0 18 32\"><path fill=\"#3b5998\" d=\"M17.1 0.2v4.7h-2.8q-1.5 0-2.1 0.6t-0.5 1.9v3.4h5.2l-0.7 5.3h-4.5v13.6h-5.5v-13.6h-4.5v-5.3h4.5v-3.9q0-3.3 1.9-5.2t5-1.8q2.6 0 4.1 0.2z\"\/><\/svg><\/span><\/a><\/li><li class=\"shariff-button twitter shariff-nocustomcolor\" style=\"background-color:#595959\"><a href=\"https:\/\/twitter.com\/share?url=https%3A%2F%2Ftierheim-moers.de%2FWordpress%2Fsuma-jetzt-merlin-schreibt-uns%2F&text=Merlin%20%28bei%20uns%20Suma%29%20%E2%80%A6%20schickt%20Gr%C3%BC%C3%9Fe\" title=\"Bei X teilen\" aria-label=\"Bei X teilen\" role=\"button\" rel=\"noopener nofollow\" class=\"shariff-link\" style=\"; background-color:#000; color:#fff\" target=\"_blank\"><span class=\"shariff-icon\" style=\"\"><svg width=\"32px\" height=\"20px\" xmlns=\"http:\/\/www.w3.org\/2000\/svg\" viewBox=\"0 0 24 24\"><path fill=\"#000\" d=\"M14.258 10.152L23.176 0h-2.113l-7.747 8.813L7.133 0H0l9.352 13.328L0 23.973h2.113l8.176-9.309 6.531 9.309h7.133zm-2.895 3.293l-.949-1.328L2.875 1.56h3.246l6.086 8.523.945 1.328 7.91 11.078h-3.246zm0 0\"\/><\/svg><\/span><\/a><\/li><li class=\"shariff-button whatsapp shariff-nocustomcolor\" style=\"background-color:#5cbe4a\"><a href=\"https:\/\/api.whatsapp.com\/send?text=https%3A%2F%2Ftierheim-moers.de%2FWordpress%2Fsuma-jetzt-merlin-schreibt-uns%2F%20Merlin%20%28bei%20uns%20Suma%29%20%E2%80%A6%20schickt%20Gr%C3%BC%C3%9Fe\" title=\"Bei Whatsapp teilen\" aria-label=\"Bei Whatsapp teilen\" role=\"button\" rel=\"noopener nofollow\" class=\"shariff-link\" style=\"; background-color:#34af23; color:#fff\" target=\"_blank\"><span class=\"shariff-icon\" style=\"\"><svg width=\"32px\" height=\"20px\" xmlns=\"http:\/\/www.w3.org\/2000\/svg\" viewBox=\"0 0 32 32\"><path fill=\"#34af23\" d=\"M17.6 17.4q0.2 0 1.7 0.8t1.6 0.9q0 0.1 0 0.3 0 0.6-0.3 1.4-0.3 0.7-1.3 1.2t-1.8 0.5q-1 0-3.4-1.1-1.7-0.8-3-2.1t-2.6-3.3q-1.3-1.9-1.3-3.5v-0.1q0.1-1.6 1.3-2.8 0.4-0.4 0.9-0.4 0.1 0 0.3 0t0.3 0q0.3 0 0.5 0.1t0.3 0.5q0.1 0.4 0.6 1.6t0.4 1.3q0 0.4-0.6 1t-0.6 0.8q0 0.1 0.1 0.3 0.6 1.3 1.8 2.4 1 0.9 2.7 1.8 0.2 0.1 0.4 0.1 0.3 0 1-0.9t0.9-0.9zM14 26.9q2.3 0 4.3-0.9t3.6-2.4 2.4-3.6 0.9-4.3-0.9-4.3-2.4-3.6-3.6-2.4-4.3-0.9-4.3 0.9-3.6 2.4-2.4 3.6-0.9 4.3q0 3.6 2.1 6.6l-1.4 4.2 4.3-1.4q2.8 1.9 6.2 1.9zM14 2.2q2.7 0 5.2 1.1t4.3 2.9 2.9 4.3 1.1 5.2-1.1 5.2-2.9 4.3-4.3 2.9-5.2 1.1q-3.5 0-6.5-1.7l-7.4 2.4 2.4-7.2q-1.9-3.2-1.9-6.9 0-2.7 1.1-5.2t2.9-4.3 4.3-2.9 5.2-1.1z\"\/><\/svg><\/span><\/a><\/li><li class=\"shariff-button sms shariff-nocustomcolor shariff-mobile\" style=\"background-color:#d7d9d8\"><a href=\"sms:?&body=https%3A%2F%2Ftierheim-moers.de%2FWordpress%2Fsuma-jetzt-merlin-schreibt-uns%2F\" title=\"Per SMS teilen\" aria-label=\"Per SMS teilen\" role=\"button\" rel=\"noopener nofollow\" class=\"shariff-link\" style=\"; background-color:#a1e877; color:#fff\" target=\"_blank\"><span class=\"shariff-icon\" style=\"\"><svg xmlns=\"http:\/\/www.w3.org\/2000\/svg\" width=\"510\" height=\"510\" viewBox=\"0 0 510 510\"><path fill=\"#a1e877\" d=\"M459 0H51C23 0 0 23 0 51v459l102-102h357c28.1 0 51-22.9 51-51V51C510 23 487.1 0 459 0zM178.5 229.5h-51v-51h51V229.5zM280.5 229.5h-51v-51h51V229.5zM382.5 229.5h-51v-51h51V229.5z\"\/><\/svg><\/span><\/a><\/li><\/ul><\/div>","protected":false},"excerpt":{"rendered":"<p>&nbsp; Dezember 2024 Liebes Tierheim, jetzt steht schon mein f\u00fcnftes Weihnachtsfest an, das ich in meinem Forever Home feiern darf\u2026 &#x1f60d; Was wohl dieses Mal f\u00fcr mich unter dem Weihnachtsbaum liegt? Mir geht es immer noch prima! Bei dem Sauwetter derzeit habe ich wenig Lust rauszugehen und helfe dann lieber &#8230;<\/p>\n","protected":false},"author":4,"featured_media":54353,"comment_status":"closed","ping_status":"open","sticky":false,"template":"","format":"standard","meta":{"ngg_post_thumbnail":0,"footnotes":""},"categories":[32],"tags":[],"class_list":["post-26003","post","type-post","status-publish","format-standard","has-post-thumbnail","hentry","category-erfolgsgeschichten","column","threecol","has-thumbnail"],"yoast_head":"<!-- This site is optimized with the Yoast SEO plugin v24.6 - https:\/\/yoast.com\/wordpress\/plugins\/seo\/ -->\n<title>Merlin (bei uns Suma) ... schickt Gr\u00fc\u00dfe | TIERHEIM MOERS<\/title>\n<meta name=\"robots\" content=\"index, follow, max-snippet:-1, max-image-preview:large, max-video-preview:-1\" \/>\n<link rel=\"canonical\" href=\"https:\/\/tierheim-moers.de\/Wordpress\/suma-jetzt-merlin-schreibt-uns\/\" \/>\n<meta property=\"og:locale\" content=\"de_DE\" \/>\n<meta property=\"og:type\" content=\"article\" \/>\n<meta property=\"og:title\" content=\"Merlin (bei uns Suma) ... schickt Gr\u00fc\u00dfe | TIERHEIM MOERS\" \/>\n<meta property=\"og:description\" content=\"&nbsp; Dezember 2024 Liebes Tierheim, jetzt steht schon mein f\u00fcnftes Weihnachtsfest an, das ich in meinem Forever Home feiern darf\u2026 &#x1f60d; Was &#8230;\" \/>\n<meta property=\"og:url\" content=\"https:\/\/tierheim-moers.de\/Wordpress\/suma-jetzt-merlin-schreibt-uns\/\" \/>\n<meta property=\"og:site_name\" content=\"TIERHEIM MOERS\" \/>\n<meta property=\"article:publisher\" content=\"https:\/\/de-de.facebook.com\/moers.tierheim\" \/>\n<meta property=\"article:published_time\" content=\"2024-12-28T08:41:00+00:00\" \/>\n<meta property=\"article:modified_time\" content=\"2025-08-15T09:13:57+00:00\" \/>\n<meta property=\"og:image\" content=\"https:\/\/tierheim-moers.de\/Wordpress\/wp-content\/uploads\/2023\/07\/Suma4-scaled-e1690534895750.jpg\" \/>\n\t<meta property=\"og:image:width\" content=\"2092\" \/>\n\t<meta property=\"og:image:height\" content=\"1305\" \/>\n\t<meta property=\"og:image:type\" content=\"image\/jpeg\" \/>\n<meta name=\"author\" content=\"Gisela Kuhnen\" \/>\n<meta name=\"twitter:card\" content=\"summary_large_image\" \/>\n<meta name=\"twitter:label1\" content=\"Verfasst von\" \/>\n\t<meta name=\"twitter:data1\" content=\"Gisela Kuhnen\" \/>\n\t<meta name=\"twitter:label2\" content=\"Gesch\u00e4tzte Lesezeit\" \/>\n\t<meta name=\"twitter:data2\" content=\"12\u00a0Minuten\" \/>\n<script type=\"application\/ld+json\" class=\"yoast-schema-graph\">{\"@context\":\"https:\/\/schema.org\",\"@graph\":[{\"@type\":\"Article\",\"@id\":\"https:\/\/tierheim-moers.de\/Wordpress\/suma-jetzt-merlin-schreibt-uns\/#article\",\"isPartOf\":{\"@id\":\"https:\/\/tierheim-moers.de\/Wordpress\/suma-jetzt-merlin-schreibt-uns\/\"},\"author\":{\"name\":\"Gisela Kuhnen\",\"@id\":\"https:\/\/tierheim-moers.de\/Wordpress\/#\/schema\/person\/35ad410ed2d8620d4f57f813585b0d8e\"},\"headline\":\"Merlin (bei uns Suma) &#8230; schickt Gr\u00fc\u00dfe\",\"datePublished\":\"2024-12-28T08:41:00+00:00\",\"dateModified\":\"2025-08-15T09:13:57+00:00\",\"mainEntityOfPage\":{\"@id\":\"https:\/\/tierheim-moers.de\/Wordpress\/suma-jetzt-merlin-schreibt-uns\/\"},\"wordCount\":1313,\"publisher\":{\"@id\":\"https:\/\/tierheim-moers.de\/Wordpress\/#organization\"},\"image\":{\"@id\":\"https:\/\/tierheim-moers.de\/Wordpress\/suma-jetzt-merlin-schreibt-uns\/#primaryimage\"},\"thumbnailUrl\":\"https:\/\/tierheim-moers.de\/Wordpress\/wp-content\/uploads\/2023\/07\/Suma4-scaled-e1690534895750.jpg\",\"articleSection\":[\"Erfolgsgeschichten\"],\"inLanguage\":\"de\"},{\"@type\":\"WebPage\",\"@id\":\"https:\/\/tierheim-moers.de\/Wordpress\/suma-jetzt-merlin-schreibt-uns\/\",\"url\":\"https:\/\/tierheim-moers.de\/Wordpress\/suma-jetzt-merlin-schreibt-uns\/\",\"name\":\"Merlin (bei uns Suma) ... schickt Gr\u00fc\u00dfe | TIERHEIM MOERS\",\"isPartOf\":{\"@id\":\"https:\/\/tierheim-moers.de\/Wordpress\/#website\"},\"primaryImageOfPage\":{\"@id\":\"https:\/\/tierheim-moers.de\/Wordpress\/suma-jetzt-merlin-schreibt-uns\/#primaryimage\"},\"image\":{\"@id\":\"https:\/\/tierheim-moers.de\/Wordpress\/suma-jetzt-merlin-schreibt-uns\/#primaryimage\"},\"thumbnailUrl\":\"https:\/\/tierheim-moers.de\/Wordpress\/wp-content\/uploads\/2023\/07\/Suma4-scaled-e1690534895750.jpg\",\"datePublished\":\"2024-12-28T08:41:00+00:00\",\"dateModified\":\"2025-08-15T09:13:57+00:00\",\"breadcrumb\":{\"@id\":\"https:\/\/tierheim-moers.de\/Wordpress\/suma-jetzt-merlin-schreibt-uns\/#breadcrumb\"},\"inLanguage\":\"de\",\"potentialAction\":[{\"@type\":\"ReadAction\",\"target\":[\"https:\/\/tierheim-moers.de\/Wordpress\/suma-jetzt-merlin-schreibt-uns\/\"]}]},{\"@type\":\"ImageObject\",\"inLanguage\":\"de\",\"@id\":\"https:\/\/tierheim-moers.de\/Wordpress\/suma-jetzt-merlin-schreibt-uns\/#primaryimage\",\"url\":\"https:\/\/tierheim-moers.de\/Wordpress\/wp-content\/uploads\/2023\/07\/Suma4-scaled-e1690534895750.jpg\",\"contentUrl\":\"https:\/\/tierheim-moers.de\/Wordpress\/wp-content\/uploads\/2023\/07\/Suma4-scaled-e1690534895750.jpg\",\"width\":2092,\"height\":1305},{\"@type\":\"BreadcrumbList\",\"@id\":\"https:\/\/tierheim-moers.de\/Wordpress\/suma-jetzt-merlin-schreibt-uns\/#breadcrumb\",\"itemListElement\":[{\"@type\":\"ListItem\",\"position\":1,\"name\":\"Startseite\",\"item\":\"https:\/\/tierheim-moers.de\/Wordpress\/\"},{\"@type\":\"ListItem\",\"position\":2,\"name\":\"Merlin (bei uns Suma) &#8230; schickt Gr\u00fc\u00dfe\"}]},{\"@type\":\"WebSite\",\"@id\":\"https:\/\/tierheim-moers.de\/Wordpress\/#website\",\"url\":\"https:\/\/tierheim-moers.de\/Wordpress\/\",\"name\":\"Tierheim Moers\",\"description\":\"Tierheim | Hundepension | Tierschutz | Moers\",\"publisher\":{\"@id\":\"https:\/\/tierheim-moers.de\/Wordpress\/#organization\"},\"potentialAction\":[{\"@type\":\"SearchAction\",\"target\":{\"@type\":\"EntryPoint\",\"urlTemplate\":\"https:\/\/tierheim-moers.de\/Wordpress\/?s={search_term_string}\"},\"query-input\":{\"@type\":\"PropertyValueSpecification\",\"valueRequired\":true,\"valueName\":\"search_term_string\"}}],\"inLanguage\":\"de\"},{\"@type\":\"Organization\",\"@id\":\"https:\/\/tierheim-moers.de\/Wordpress\/#organization\",\"name\":\"Tierheim Moers\",\"url\":\"https:\/\/tierheim-moers.de\/Wordpress\/\",\"logo\":{\"@type\":\"ImageObject\",\"inLanguage\":\"de\",\"@id\":\"https:\/\/tierheim-moers.de\/Wordpress\/#\/schema\/logo\/image\/\",\"url\":\"https:\/\/tierheim-moers.de\/Wordpress\/wp-content\/uploads\/2014\/04\/Logo-TSV-Moers-V01-RGB-300.png\",\"contentUrl\":\"https:\/\/tierheim-moers.de\/Wordpress\/wp-content\/uploads\/2014\/04\/Logo-TSV-Moers-V01-RGB-300.png\",\"width\":1052,\"height\":1038,\"caption\":\"Tierheim Moers\"},\"image\":{\"@id\":\"https:\/\/tierheim-moers.de\/Wordpress\/#\/schema\/logo\/image\/\"},\"sameAs\":[\"https:\/\/de-de.facebook.com\/moers.tierheim\"]},{\"@type\":\"Person\",\"@id\":\"https:\/\/tierheim-moers.de\/Wordpress\/#\/schema\/person\/35ad410ed2d8620d4f57f813585b0d8e\",\"name\":\"Gisela Kuhnen\",\"image\":{\"@type\":\"ImageObject\",\"inLanguage\":\"de\",\"@id\":\"https:\/\/tierheim-moers.de\/Wordpress\/#\/schema\/person\/image\/\",\"url\":\"https:\/\/secure.gravatar.com\/avatar\/807ca84b4538291e2f5dc665ed240a0d4d7ab8f22360ec427a82fe926980b31a?s=96&d=mm&r=g\",\"contentUrl\":\"https:\/\/secure.gravatar.com\/avatar\/807ca84b4538291e2f5dc665ed240a0d4d7ab8f22360ec427a82fe926980b31a?s=96&d=mm&r=g\",\"caption\":\"Gisela Kuhnen\"},\"url\":\"https:\/\/tierheim-moers.de\/Wordpress\/author\/gisela-kuhnen\/\"}]}<\/script>\n<!-- \/ Yoast SEO plugin. -->","yoast_head_json":{"title":"Merlin (bei uns Suma) ... schickt Gr\u00fc\u00dfe | TIERHEIM MOERS","robots":{"index":"index","follow":"follow","max-snippet":"max-snippet:-1","max-image-preview":"max-image-preview:large","max-video-preview":"max-video-preview:-1"},"canonical":"https:\/\/tierheim-moers.de\/Wordpress\/suma-jetzt-merlin-schreibt-uns\/","og_locale":"de_DE","og_type":"article","og_title":"Merlin (bei uns Suma) ... schickt Gr\u00fc\u00dfe | TIERHEIM MOERS","og_description":"&nbsp; Dezember 2024 Liebes Tierheim, jetzt steht schon mein f\u00fcnftes Weihnachtsfest an, das ich in meinem Forever Home feiern darf\u2026 &#x1f60d; Was &#8230;","og_url":"https:\/\/tierheim-moers.de\/Wordpress\/suma-jetzt-merlin-schreibt-uns\/","og_site_name":"TIERHEIM MOERS","article_publisher":"https:\/\/de-de.facebook.com\/moers.tierheim","article_published_time":"2024-12-28T08:41:00+00:00","article_modified_time":"2025-08-15T09:13:57+00:00","og_image":[{"width":2092,"height":1305,"url":"https:\/\/tierheim-moers.de\/Wordpress\/wp-content\/uploads\/2023\/07\/Suma4-scaled-e1690534895750.jpg","type":"image\/jpeg"}],"author":"Gisela Kuhnen","twitter_card":"summary_large_image","twitter_misc":{"Verfasst von":"Gisela Kuhnen","Gesch\u00e4tzte Lesezeit":"12\u00a0Minuten"},"schema":{"@context":"https:\/\/schema.org","@graph":[{"@type":"Article","@id":"https:\/\/tierheim-moers.de\/Wordpress\/suma-jetzt-merlin-schreibt-uns\/#article","isPartOf":{"@id":"https:\/\/tierheim-moers.de\/Wordpress\/suma-jetzt-merlin-schreibt-uns\/"},"author":{"name":"Gisela Kuhnen","@id":"https:\/\/tierheim-moers.de\/Wordpress\/#\/schema\/person\/35ad410ed2d8620d4f57f813585b0d8e"},"headline":"Merlin (bei uns Suma) &#8230; schickt Gr\u00fc\u00dfe","datePublished":"2024-12-28T08:41:00+00:00","dateModified":"2025-08-15T09:13:57+00:00","mainEntityOfPage":{"@id":"https:\/\/tierheim-moers.de\/Wordpress\/suma-jetzt-merlin-schreibt-uns\/"},"wordCount":1313,"publisher":{"@id":"https:\/\/tierheim-moers.de\/Wordpress\/#organization"},"image":{"@id":"https:\/\/tierheim-moers.de\/Wordpress\/suma-jetzt-merlin-schreibt-uns\/#primaryimage"},"thumbnailUrl":"https:\/\/tierheim-moers.de\/Wordpress\/wp-content\/uploads\/2023\/07\/Suma4-scaled-e1690534895750.jpg","articleSection":["Erfolgsgeschichten"],"inLanguage":"de"},{"@type":"WebPage","@id":"https:\/\/tierheim-moers.de\/Wordpress\/suma-jetzt-merlin-schreibt-uns\/","url":"https:\/\/tierheim-moers.de\/Wordpress\/suma-jetzt-merlin-schreibt-uns\/","name":"Merlin (bei uns Suma) ... schickt Gr\u00fc\u00dfe | TIERHEIM MOERS","isPartOf":{"@id":"https:\/\/tierheim-moers.de\/Wordpress\/#website"},"primaryImageOfPage":{"@id":"https:\/\/tierheim-moers.de\/Wordpress\/suma-jetzt-merlin-schreibt-uns\/#primaryimage"},"image":{"@id":"https:\/\/tierheim-moers.de\/Wordpress\/suma-jetzt-merlin-schreibt-uns\/#primaryimage"},"thumbnailUrl":"https:\/\/tierheim-moers.de\/Wordpress\/wp-content\/uploads\/2023\/07\/Suma4-scaled-e1690534895750.jpg","datePublished":"2024-12-28T08:41:00+00:00","dateModified":"2025-08-15T09:13:57+00:00","breadcrumb":{"@id":"https:\/\/tierheim-moers.de\/Wordpress\/suma-jetzt-merlin-schreibt-uns\/#breadcrumb"},"inLanguage":"de","potentialAction":[{"@type":"ReadAction","target":["https:\/\/tierheim-moers.de\/Wordpress\/suma-jetzt-merlin-schreibt-uns\/"]}]},{"@type":"ImageObject","inLanguage":"de","@id":"https:\/\/tierheim-moers.de\/Wordpress\/suma-jetzt-merlin-schreibt-uns\/#primaryimage","url":"https:\/\/tierheim-moers.de\/Wordpress\/wp-content\/uploads\/2023\/07\/Suma4-scaled-e1690534895750.jpg","contentUrl":"https:\/\/tierheim-moers.de\/Wordpress\/wp-content\/uploads\/2023\/07\/Suma4-scaled-e1690534895750.jpg","width":2092,"height":1305},{"@type":"BreadcrumbList","@id":"https:\/\/tierheim-moers.de\/Wordpress\/suma-jetzt-merlin-schreibt-uns\/#breadcrumb","itemListElement":[{"@type":"ListItem","position":1,"name":"Startseite","item":"https:\/\/tierheim-moers.de\/Wordpress\/"},{"@type":"ListItem","position":2,"name":"Merlin (bei uns Suma) &#8230; schickt Gr\u00fc\u00dfe"}]},{"@type":"WebSite","@id":"https:\/\/tierheim-moers.de\/Wordpress\/#website","url":"https:\/\/tierheim-moers.de\/Wordpress\/","name":"Tierheim Moers","description":"Tierheim | Hundepension | Tierschutz | Moers","publisher":{"@id":"https:\/\/tierheim-moers.de\/Wordpress\/#organization"},"potentialAction":[{"@type":"SearchAction","target":{"@type":"EntryPoint","urlTemplate":"https:\/\/tierheim-moers.de\/Wordpress\/?s={search_term_string}"},"query-input":{"@type":"PropertyValueSpecification","valueRequired":true,"valueName":"search_term_string"}}],"inLanguage":"de"},{"@type":"Organization","@id":"https:\/\/tierheim-moers.de\/Wordpress\/#organization","name":"Tierheim Moers","url":"https:\/\/tierheim-moers.de\/Wordpress\/","logo":{"@type":"ImageObject","inLanguage":"de","@id":"https:\/\/tierheim-moers.de\/Wordpress\/#\/schema\/logo\/image\/","url":"https:\/\/tierheim-moers.de\/Wordpress\/wp-content\/uploads\/2014\/04\/Logo-TSV-Moers-V01-RGB-300.png","contentUrl":"https:\/\/tierheim-moers.de\/Wordpress\/wp-content\/uploads\/2014\/04\/Logo-TSV-Moers-V01-RGB-300.png","width":1052,"height":1038,"caption":"Tierheim Moers"},"image":{"@id":"https:\/\/tierheim-moers.de\/Wordpress\/#\/schema\/logo\/image\/"},"sameAs":["https:\/\/de-de.facebook.com\/moers.tierheim"]},{"@type":"Person","@id":"https:\/\/tierheim-moers.de\/Wordpress\/#\/schema\/person\/35ad410ed2d8620d4f57f813585b0d8e","name":"Gisela Kuhnen","image":{"@type":"ImageObject","inLanguage":"de","@id":"https:\/\/tierheim-moers.de\/Wordpress\/#\/schema\/person\/image\/","url":"https:\/\/secure.gravatar.com\/avatar\/807ca84b4538291e2f5dc665ed240a0d4d7ab8f22360ec427a82fe926980b31a?s=96&d=mm&r=g","contentUrl":"https:\/\/secure.gravatar.com\/avatar\/807ca84b4538291e2f5dc665ed240a0d4d7ab8f22360ec427a82fe926980b31a?s=96&d=mm&r=g","caption":"Gisela Kuhnen"},"url":"https:\/\/tierheim-moers.de\/Wordpress\/author\/gisela-kuhnen\/"}]}},"_links":{"self":[{"href":"https:\/\/tierheim-moers.de\/Wordpress\/wp-json\/wp\/v2\/posts\/26003","targetHints":{"allow":["GET"]}}],"collection":[{"href":"https:\/\/tierheim-moers.de\/Wordpress\/wp-json\/wp\/v2\/posts"}],"about":[{"href":"https:\/\/tierheim-moers.de\/Wordpress\/wp-json\/wp\/v2\/types\/post"}],"author":[{"embeddable":true,"href":"https:\/\/tierheim-moers.de\/Wordpress\/wp-json\/wp\/v2\/users\/4"}],"replies":[{"embeddable":true,"href":"https:\/\/tierheim-moers.de\/Wordpress\/wp-json\/wp\/v2\/comments?post=26003"}],"version-history":[{"count":12,"href":"https:\/\/tierheim-moers.de\/Wordpress\/wp-json\/wp\/v2\/posts\/26003\/revisions"}],"predecessor-version":[{"id":61158,"href":"https:\/\/tierheim-moers.de\/Wordpress\/wp-json\/wp\/v2\/posts\/26003\/revisions\/61158"}],"wp:featuredmedia":[{"embeddable":true,"href":"https:\/\/tierheim-moers.de\/Wordpress\/wp-json\/wp\/v2\/media\/54353"}],"wp:attachment":[{"href":"https:\/\/tierheim-moers.de\/Wordpress\/wp-json\/wp\/v2\/media?parent=26003"}],"wp:term":[{"taxonomy":"category","embeddable":true,"href":"https:\/\/tierheim-moers.de\/Wordpress\/wp-json\/wp\/v2\/categories?post=26003"},{"taxonomy":"post_tag","embeddable":true,"href":"https:\/\/tierheim-moers.de\/Wordpress\/wp-json\/wp\/v2\/tags?post=26003"}],"curies":[{"name":"wp","href":"https:\/\/api.w.org\/{rel}","templated":true}]}}