{"id":28476,"date":"2019-12-14T10:04:32","date_gmt":"2019-12-14T08:04:32","guid":{"rendered":"http:\/\/tierheim-moers.de\/Wordpress\/?p=28476"},"modified":"2019-12-27T20:56:09","modified_gmt":"2019-12-27T18:56:09","slug":"paulas-weihnachtsgruss","status":"publish","type":"post","link":"https:\/\/tierheim-moers.de\/Wordpress\/paulas-weihnachtsgruss\/","title":{"rendered":"Paulas Weihnachtsgru\u00df"},"content":{"rendered":"\t\t<div data-elementor-type=\"wp-post\" data-elementor-id=\"28476\" class=\"elementor elementor-28476\">\n\t\t\t\t\t\t<section class=\"elementor-section elementor-top-section elementor-element elementor-element-10de78f elementor-section-boxed elementor-section-height-default elementor-section-height-default\" data-id=\"10de78f\" data-element_type=\"section\">\n\t\t\t\t\t\t<div class=\"elementor-container elementor-column-gap-default\">\n\t\t\t\t\t<div class=\"elementor-column elementor-col-100 elementor-top-column elementor-element elementor-element-c845aef\" data-id=\"c845aef\" data-element_type=\"column\">\n\t\t\t<div class=\"elementor-widget-wrap elementor-element-populated\">\n\t\t\t\t\t\t<div class=\"elementor-element elementor-element-ea26646 elementor-widget elementor-widget-text-editor\" data-id=\"ea26646\" data-element_type=\"widget\" data-widget_type=\"text-editor.default\">\n\t\t\t\t<div class=\"elementor-widget-container\">\n\t\t\t\t\t\t\t\t\t<p style=\"margin-bottom: 0cm\" align=\"JUSTIFY\"><span style=\"font-family: Arial, sans-serif\">Hallo Ihr Lieben,<\/span><\/p><p style=\"margin-bottom: 0cm\" align=\"JUSTIFY\"><span style=\"font-family: Arial, sans-serif\">\u00a0<\/span><\/p><p style=\"margin-bottom: 0cm\" align=\"JUSTIFY\"><span style=\"font-family: Arial, sans-serif\">wer vielleicht schon ein- oder zweimal gelesen hat, was ich so schreibe, der wei\u00df, dass ich \u00f6fters mal Themen anschneide, die eine erhobene Zeigekralle gut gebrauchen k\u00f6nnen &#8230; und ich gebe zu: ich erhebe meine Zeigekralle oft und gerne f\u00fcr Dinge, die mir missfallen.<\/span><\/p><p style=\"margin-bottom: 0cm\" align=\"JUSTIFY\">\u00a0<\/p><p style=\"margin-bottom: 0cm\" align=\"JUSTIFY\"><span style=\"font-family: Arial, sans-serif\">Nun ist es nicht so, dass es mir an solchen Themen oder Erlebnissen mangelt &#8211; bei weitem nicht &#8211; aber ich habe mir f\u00fcr heute mal vorgenommen, nur Sch\u00f6nes zu schreiben. Immerhin neigt sich das Jahr dem Ende entgegen und ich m\u00f6chte mich und Euch einfach mal auf die guten Erlebnisse besinnen. Zum Gl\u00fcck gibt es auch davon genug. Solltet Ihr doch mal zwischen den Zeilen mein Zeigekralle zucken sehen &#8230; seid mir einfach nicht b\u00f6se, okay?<\/span><\/p><p style=\"margin-bottom: 0cm\" align=\"JUSTIFY\">\u00a0<\/p><p style=\"margin-bottom: 0cm\" align=\"JUSTIFY\"><span style=\"font-family: Arial, sans-serif\">Jetzt aber Schlu\u00df mit dem Gepl\u00e4nkel &#8211; los geht\u00b4s mit Geschichten zum Freuen&#8230;<\/span><\/p>\t\t\t\t\t\t\t\t<\/div>\n\t\t\t\t<\/div>\n\t\t\t\t\t<\/div>\n\t\t<\/div>\n\t\t\t\t\t<\/div>\n\t\t<\/section>\n\t\t\t\t<section class=\"elementor-section elementor-top-section elementor-element elementor-element-84f3170 elementor-section-boxed elementor-section-height-default elementor-section-height-default\" data-id=\"84f3170\" data-element_type=\"section\">\n\t\t\t\t\t\t<div class=\"elementor-container elementor-column-gap-default\">\n\t\t\t\t\t<div class=\"elementor-column elementor-col-100 elementor-top-column elementor-element elementor-element-21e6309\" data-id=\"21e6309\" data-element_type=\"column\">\n\t\t\t<div class=\"elementor-widget-wrap elementor-element-populated\">\n\t\t\t\t\t\t<section class=\"elementor-section elementor-inner-section elementor-element elementor-element-4df155d elementor-section-boxed elementor-section-height-default elementor-section-height-default\" data-id=\"4df155d\" data-element_type=\"section\">\n\t\t\t\t\t\t<div class=\"elementor-container elementor-column-gap-default\">\n\t\t\t\t\t<div class=\"elementor-column elementor-col-50 elementor-inner-column elementor-element elementor-element-b848288\" data-id=\"b848288\" data-element_type=\"column\">\n\t\t\t<div class=\"elementor-widget-wrap elementor-element-populated\">\n\t\t\t\t\t\t<div class=\"elementor-element elementor-element-3c76bbd elementor-widget elementor-widget-image\" data-id=\"3c76bbd\" data-element_type=\"widget\" data-widget_type=\"image.default\">\n\t\t\t\t<div class=\"elementor-widget-container\">\n\t\t\t\t\t\t\t\t\t\t\t\t\t\t\t<img fetchpriority=\"high\" decoding=\"async\" width=\"660\" height=\"880\" src=\"https:\/\/tierheim-moers.de\/Wordpress\/wp-content\/uploads\/2019\/12\/20191014_174201-768x1024.jpg\" class=\"attachment-large size-large wp-image-28479\" alt=\"\" srcset=\"https:\/\/tierheim-moers.de\/Wordpress\/wp-content\/uploads\/2019\/12\/20191014_174201-768x1024.jpg 768w, https:\/\/tierheim-moers.de\/Wordpress\/wp-content\/uploads\/2019\/12\/20191014_174201-225x300.jpg 225w, https:\/\/tierheim-moers.de\/Wordpress\/wp-content\/uploads\/2019\/12\/20191014_174201-600x800.jpg 600w, https:\/\/tierheim-moers.de\/Wordpress\/wp-content\/uploads\/2019\/12\/20191014_174201-700x933.jpg 700w\" sizes=\"(max-width: 660px) 100vw, 660px\" \/>\t\t\t\t\t\t\t\t\t\t\t\t\t\t\t<\/div>\n\t\t\t\t<\/div>\n\t\t\t\t\t<\/div>\n\t\t<\/div>\n\t\t\t\t<div class=\"elementor-column elementor-col-50 elementor-inner-column elementor-element elementor-element-6fafe4c\" data-id=\"6fafe4c\" data-element_type=\"column\">\n\t\t\t<div class=\"elementor-widget-wrap elementor-element-populated\">\n\t\t\t\t\t\t<div class=\"elementor-element elementor-element-d80a743 elementor-widget elementor-widget-text-editor\" data-id=\"d80a743\" data-element_type=\"widget\" data-widget_type=\"text-editor.default\">\n\t\t\t\t<div class=\"elementor-widget-container\">\n\t\t\t\t\t\t\t\t\t<p style=\"margin-bottom: 0cm\" align=\"JUSTIFY\"><span style=\"font-family: Arial, sans-serif\">Vielleicht hat der ein oder andere von Euch es schon mitbekommen und vielleicht hatte sogar schon jemand das Vergn\u00fcgen, pers\u00f6nlich Bekanntschaft zu machen: ich habe Verst\u00e4rkung in meinem Samtpfoten-Team. Lissy, die als Fundkatze zu uns kam und das gro\u00dfe Pech hatte, zweimal aus der Vermittlung zur\u00fcck zu kommen geh\u00f6rt nun zum \u201eTeam Paula\u201c. Nach der zweiten missgl\u00fcckten Vermittlung konnte ich mir Lissy\u00b4s Gejammer nicht mehr anh\u00f6ren und habe zu meinem dosen\u00f6ffnenden Personal gesagt: &#8220;Leute, seht Ihr das denn nicht? Das ist F\u00fcgung &#8230; es soll einfach so sein, dass das Hotel Paula das Zuhause f\u00fcr Lissy ist.&#8221;\u00a0<\/span><\/p>\t\t\t\t\t\t\t\t<\/div>\n\t\t\t\t<\/div>\n\t\t\t\t\t<\/div>\n\t\t<\/div>\n\t\t\t\t\t<\/div>\n\t\t<\/section>\n\t\t\t\t\t<\/div>\n\t\t<\/div>\n\t\t\t\t\t<\/div>\n\t\t<\/section>\n\t\t\t\t<section class=\"elementor-section elementor-top-section elementor-element elementor-element-3336901 elementor-section-boxed elementor-section-height-default elementor-section-height-default\" data-id=\"3336901\" data-element_type=\"section\">\n\t\t\t\t\t\t<div class=\"elementor-container elementor-column-gap-default\">\n\t\t\t\t\t<div class=\"elementor-column elementor-col-100 elementor-top-column elementor-element elementor-element-d508747\" data-id=\"d508747\" data-element_type=\"column\">\n\t\t\t<div class=\"elementor-widget-wrap elementor-element-populated\">\n\t\t\t\t\t\t<div class=\"elementor-element elementor-element-44c1e54 elementor-widget elementor-widget-text-editor\" data-id=\"44c1e54\" data-element_type=\"widget\" data-widget_type=\"text-editor.default\">\n\t\t\t\t<div class=\"elementor-widget-container\">\n\t\t\t\t\t\t\t\t\t<p style=\"margin-bottom: 0cm\" align=\"JUSTIFY\"><span style=\"font-family: Arial, sans-serif\">Jetzt seid Ihr haarlosen Zweibeiner wirklich gut im Dosen \u00f6ffnen, aber ansonsten manchmal auch eher langsam &#8211; was mir ganz klar war, hat dann doch noch etwas gedauert, aber schlie\u00dflich war allen klar: Lissy wird hier fest angestellt.<\/span><\/p>\t\t\t\t\t\t\t\t<\/div>\n\t\t\t\t<\/div>\n\t\t\t\t\t<\/div>\n\t\t<\/div>\n\t\t\t\t\t<\/div>\n\t\t<\/section>\n\t\t\t\t<section class=\"elementor-section elementor-top-section elementor-element elementor-element-474f2d3 elementor-section-boxed elementor-section-height-default elementor-section-height-default\" data-id=\"474f2d3\" data-element_type=\"section\">\n\t\t\t\t\t\t<div class=\"elementor-container elementor-column-gap-default\">\n\t\t\t\t\t<div class=\"elementor-column elementor-col-100 elementor-top-column elementor-element elementor-element-85f8da2\" data-id=\"85f8da2\" data-element_type=\"column\">\n\t\t\t<div class=\"elementor-widget-wrap elementor-element-populated\">\n\t\t\t\t\t\t<section class=\"elementor-section elementor-inner-section elementor-element elementor-element-a4ee26c elementor-section-boxed elementor-section-height-default elementor-section-height-default\" data-id=\"a4ee26c\" data-element_type=\"section\">\n\t\t\t\t\t\t<div class=\"elementor-container elementor-column-gap-default\">\n\t\t\t\t\t<div class=\"elementor-column elementor-col-50 elementor-inner-column elementor-element elementor-element-b9d2363\" data-id=\"b9d2363\" data-element_type=\"column\">\n\t\t\t<div class=\"elementor-widget-wrap elementor-element-populated\">\n\t\t\t\t\t\t<div class=\"elementor-element elementor-element-6d378af elementor-widget elementor-widget-text-editor\" data-id=\"6d378af\" data-element_type=\"widget\" data-widget_type=\"text-editor.default\">\n\t\t\t\t<div class=\"elementor-widget-container\">\n\t\t\t\t\t\t\t\t\t<p style=\"margin-bottom: 0cm\" align=\"JUSTIFY\"><span style=\"font-family: Arial, sans-serif\">Ich muss zugeben &#8211; ich habe mir davon mehr Arbeitserleichterung f\u00fcr mich versprochen, aber vielleicht war es auch mein Fehler, dass ich Lissy eingestellt habe, bevor ich ihr Aufgabengebiet festgelegt habe. Nun hat sie sich selber Aufgaben gesucht &#8230; und ich will ja auch nicht sagen, dass diese nicht wichtig sind &#8230; aber immer nur Liegepl\u00e4tze testen ist dann doch etwas \u00fcbertrieben. Vor allem, weil sich das sehr mit meinen Aufgaben \u00fcberschneidet.<\/span><\/p>\t\t\t\t\t\t\t\t<\/div>\n\t\t\t\t<\/div>\n\t\t\t\t\t<\/div>\n\t\t<\/div>\n\t\t\t\t<div class=\"elementor-column elementor-col-50 elementor-inner-column elementor-element elementor-element-b38d0a1\" data-id=\"b38d0a1\" data-element_type=\"column\">\n\t\t\t<div class=\"elementor-widget-wrap elementor-element-populated\">\n\t\t\t\t\t\t<div class=\"elementor-element elementor-element-5964a0c elementor-widget elementor-widget-image\" data-id=\"5964a0c\" data-element_type=\"widget\" data-widget_type=\"image.default\">\n\t\t\t\t<div class=\"elementor-widget-container\">\n\t\t\t\t\t\t\t\t\t\t\t\t\t\t\t<img decoding=\"async\" width=\"660\" height=\"990\" src=\"https:\/\/tierheim-moers.de\/Wordpress\/wp-content\/uploads\/2019\/12\/Lissyliegt-683x1024.jpg\" class=\"attachment-large size-large wp-image-28483\" alt=\"\" srcset=\"https:\/\/tierheim-moers.de\/Wordpress\/wp-content\/uploads\/2019\/12\/Lissyliegt-683x1024.jpg 683w, https:\/\/tierheim-moers.de\/Wordpress\/wp-content\/uploads\/2019\/12\/Lissyliegt-200x300.jpg 200w, https:\/\/tierheim-moers.de\/Wordpress\/wp-content\/uploads\/2019\/12\/Lissyliegt-768x1152.jpg 768w, https:\/\/tierheim-moers.de\/Wordpress\/wp-content\/uploads\/2019\/12\/Lissyliegt-600x900.jpg 600w, https:\/\/tierheim-moers.de\/Wordpress\/wp-content\/uploads\/2019\/12\/Lissyliegt-700x1050.jpg 700w\" sizes=\"(max-width: 660px) 100vw, 660px\" \/>\t\t\t\t\t\t\t\t\t\t\t\t\t\t\t<\/div>\n\t\t\t\t<\/div>\n\t\t\t\t\t<\/div>\n\t\t<\/div>\n\t\t\t\t\t<\/div>\n\t\t<\/section>\n\t\t\t\t\t<\/div>\n\t\t<\/div>\n\t\t\t\t\t<\/div>\n\t\t<\/section>\n\t\t\t\t<section class=\"elementor-section elementor-top-section elementor-element elementor-element-9f4e5f3 elementor-section-boxed elementor-section-height-default elementor-section-height-default\" data-id=\"9f4e5f3\" data-element_type=\"section\">\n\t\t\t\t\t\t<div class=\"elementor-container elementor-column-gap-default\">\n\t\t\t\t\t<div class=\"elementor-column elementor-col-100 elementor-top-column elementor-element elementor-element-b948a49\" data-id=\"b948a49\" data-element_type=\"column\">\n\t\t\t<div class=\"elementor-widget-wrap elementor-element-populated\">\n\t\t\t\t\t\t<section class=\"elementor-section elementor-inner-section elementor-element elementor-element-9872277 elementor-section-boxed elementor-section-height-default elementor-section-height-default\" data-id=\"9872277\" data-element_type=\"section\">\n\t\t\t\t\t\t<div class=\"elementor-container elementor-column-gap-default\">\n\t\t\t\t\t<div class=\"elementor-column elementor-col-50 elementor-inner-column elementor-element elementor-element-5c4b0bb\" data-id=\"5c4b0bb\" data-element_type=\"column\">\n\t\t\t<div class=\"elementor-widget-wrap elementor-element-populated\">\n\t\t\t\t\t\t<div class=\"elementor-element elementor-element-2c676dd elementor-widget elementor-widget-image\" data-id=\"2c676dd\" data-element_type=\"widget\" data-widget_type=\"image.default\">\n\t\t\t\t<div class=\"elementor-widget-container\">\n\t\t\t\t\t\t\t\t\t\t\t\t\t\t\t<img decoding=\"async\" width=\"660\" height=\"880\" src=\"https:\/\/tierheim-moers.de\/Wordpress\/wp-content\/uploads\/2019\/12\/20190930_181531-768x1024.jpg\" class=\"attachment-large size-large wp-image-28478\" alt=\"\" srcset=\"https:\/\/tierheim-moers.de\/Wordpress\/wp-content\/uploads\/2019\/12\/20190930_181531-768x1024.jpg 768w, https:\/\/tierheim-moers.de\/Wordpress\/wp-content\/uploads\/2019\/12\/20190930_181531-225x300.jpg 225w, https:\/\/tierheim-moers.de\/Wordpress\/wp-content\/uploads\/2019\/12\/20190930_181531-600x800.jpg 600w, https:\/\/tierheim-moers.de\/Wordpress\/wp-content\/uploads\/2019\/12\/20190930_181531-700x933.jpg 700w\" sizes=\"(max-width: 660px) 100vw, 660px\" \/>\t\t\t\t\t\t\t\t\t\t\t\t\t\t\t<\/div>\n\t\t\t\t<\/div>\n\t\t\t\t\t<\/div>\n\t\t<\/div>\n\t\t\t\t<div class=\"elementor-column elementor-col-50 elementor-inner-column elementor-element elementor-element-9eccc1b\" data-id=\"9eccc1b\" data-element_type=\"column\">\n\t\t\t<div class=\"elementor-widget-wrap elementor-element-populated\">\n\t\t\t\t\t\t<div class=\"elementor-element elementor-element-fec7b56 elementor-widget elementor-widget-text-editor\" data-id=\"fec7b56\" data-element_type=\"widget\" data-widget_type=\"text-editor.default\">\n\t\t\t\t<div class=\"elementor-widget-container\">\n\t\t\t\t\t\t\t\t\t<p style=\"margin-bottom: 0cm\" align=\"JUSTIFY\"><span style=\"font-family: Arial, sans-serif\">Es kam dann auch etwas Unruhe in das Arbeitsverh\u00e4ltnis. Immerhin bin ich die Chefin und muss ja auch mit der Leistung zufrieden sein. Wir konnten die Differenzen aber \u00fcberbr\u00fccken und Lissy unterst\u00fctzt mich nun beim abendlichen Rundgang, wo ich nach dem Rechten sehe und allen G\u00e4sten &#8220;Gute Nacht&#8221; sage. Au\u00dferdem hat sie ein wachsames Auge auf die Au\u00dfenfutterstellen &#8211; da konnte ich mich eigentlich nie drum k\u00fcmmern.<\/span><\/p>\t\t\t\t\t\t\t\t<\/div>\n\t\t\t\t<\/div>\n\t\t\t\t\t<\/div>\n\t\t<\/div>\n\t\t\t\t\t<\/div>\n\t\t<\/section>\n\t\t\t\t\t<\/div>\n\t\t<\/div>\n\t\t\t\t\t<\/div>\n\t\t<\/section>\n\t\t\t\t<section class=\"elementor-section elementor-top-section elementor-element elementor-element-48b2de3 elementor-section-boxed elementor-section-height-default elementor-section-height-default\" data-id=\"48b2de3\" data-element_type=\"section\">\n\t\t\t\t\t\t<div class=\"elementor-container elementor-column-gap-default\">\n\t\t\t\t\t<div class=\"elementor-column elementor-col-100 elementor-top-column elementor-element elementor-element-bdc9341\" data-id=\"bdc9341\" data-element_type=\"column\">\n\t\t\t<div class=\"elementor-widget-wrap elementor-element-populated\">\n\t\t\t\t\t\t<section class=\"elementor-section elementor-inner-section elementor-element elementor-element-f2725a0 elementor-section-boxed elementor-section-height-default elementor-section-height-default\" data-id=\"f2725a0\" data-element_type=\"section\">\n\t\t\t\t\t\t<div class=\"elementor-container elementor-column-gap-default\">\n\t\t\t\t\t<div class=\"elementor-column elementor-col-50 elementor-inner-column elementor-element elementor-element-cb35289\" data-id=\"cb35289\" data-element_type=\"column\">\n\t\t\t<div class=\"elementor-widget-wrap elementor-element-populated\">\n\t\t\t\t\t\t<div class=\"elementor-element elementor-element-302f9b7 elementor-widget elementor-widget-text-editor\" data-id=\"302f9b7\" data-element_type=\"widget\" data-widget_type=\"text-editor.default\">\n\t\t\t\t<div class=\"elementor-widget-container\">\n\t\t\t\t\t\t\t\t\t<p style=\"margin-bottom: 0cm\" align=\"JUSTIFY\"><span style=\"font-family: Arial, sans-serif\">Lissy macht im \u00fcbrigen einen hervorragenden Job in der Vorweihnachtszeit. Ich glaube, sie hat 24 Stunden ein wachsames Auge auf unseren Gabentisch. Tats\u00e4chlich schl\u00e4ft sie sogar dort, um ganz sicher zu sein, dass alle erf\u00fcllten W\u00fcnsche und Geschenke sorgsam geh\u00fctet und den richtigen Tierh\u00e4usern zugeordnet werden. Damit hat sie mich schon tief beeindruckt \u2013 ich w\u00fcrde wirklich sehr ungerne meine gem\u00fctliche W\u00e4schekammer gegen Strohballen tauschen \u2026 Memo an mich: Lissy unbedingt eine Extra-Milch geben f\u00fcr diesen tollen Arbeitseinsatz.<\/span><\/p>\t\t\t\t\t\t\t\t<\/div>\n\t\t\t\t<\/div>\n\t\t\t\t\t<\/div>\n\t\t<\/div>\n\t\t\t\t<div class=\"elementor-column elementor-col-50 elementor-inner-column elementor-element elementor-element-cee6f2e\" data-id=\"cee6f2e\" data-element_type=\"column\">\n\t\t\t<div class=\"elementor-widget-wrap elementor-element-populated\">\n\t\t\t\t\t\t<div class=\"elementor-element elementor-element-248e7d6 elementor-widget elementor-widget-image\" data-id=\"248e7d6\" data-element_type=\"widget\" data-widget_type=\"image.default\">\n\t\t\t\t<div class=\"elementor-widget-container\">\n\t\t\t\t\t\t\t\t\t\t\t\t\t\t\t<img loading=\"lazy\" decoding=\"async\" width=\"660\" height=\"880\" src=\"https:\/\/tierheim-moers.de\/Wordpress\/wp-content\/uploads\/2019\/12\/20191204_1631360-1-e1576310291132-768x1024.jpg\" class=\"attachment-large size-large wp-image-28485\" alt=\"\" srcset=\"https:\/\/tierheim-moers.de\/Wordpress\/wp-content\/uploads\/2019\/12\/20191204_1631360-1-e1576310291132-768x1024.jpg 768w, https:\/\/tierheim-moers.de\/Wordpress\/wp-content\/uploads\/2019\/12\/20191204_1631360-1-e1576310291132-225x300.jpg 225w, https:\/\/tierheim-moers.de\/Wordpress\/wp-content\/uploads\/2019\/12\/20191204_1631360-1-e1576310291132-600x800.jpg 600w, https:\/\/tierheim-moers.de\/Wordpress\/wp-content\/uploads\/2019\/12\/20191204_1631360-1-e1576310291132-700x933.jpg 700w\" sizes=\"(max-width: 660px) 100vw, 660px\" \/>\t\t\t\t\t\t\t\t\t\t\t\t\t\t\t<\/div>\n\t\t\t\t<\/div>\n\t\t\t\t\t<\/div>\n\t\t<\/div>\n\t\t\t\t\t<\/div>\n\t\t<\/section>\n\t\t\t\t\t<\/div>\n\t\t<\/div>\n\t\t\t\t\t<\/div>\n\t\t<\/section>\n\t\t\t\t<section class=\"elementor-section elementor-top-section elementor-element elementor-element-280a671 elementor-section-boxed elementor-section-height-default elementor-section-height-default\" data-id=\"280a671\" data-element_type=\"section\">\n\t\t\t\t\t\t<div class=\"elementor-container elementor-column-gap-default\">\n\t\t\t\t\t<div class=\"elementor-column elementor-col-100 elementor-top-column elementor-element elementor-element-08456c2\" data-id=\"08456c2\" data-element_type=\"column\">\n\t\t\t<div class=\"elementor-widget-wrap elementor-element-populated\">\n\t\t\t\t\t\t<div class=\"elementor-element elementor-element-796e5cb elementor-widget elementor-widget-text-editor\" data-id=\"796e5cb\" data-element_type=\"widget\" data-widget_type=\"text-editor.default\">\n\t\t\t\t<div class=\"elementor-widget-container\">\n\t\t\t\t\t\t\t\t\t<p style=\"margin-bottom: 0cm\" align=\"JUSTIFY\"><span style=\"font-family: Arial, sans-serif\">Wo wir gerade von erf\u00fcllten W\u00fcnschen und Geschenken reden \u2026 wir alle sind zur Zeit \u00fcberw\u00e4ltigt von all den lieben Spenden, die uns erreichen. Manche werden direkt zu uns ins Tierheim gebracht, andere werden in Futterm\u00e4rkten gesammelt, wo auch unsere Wunschb\u00e4ume stehen. Abgesehen von der direkten und auch so notwendigen Hilfe, die das f\u00fcr uns bedeutet, erleben wir das aber auch im besonderen Ma\u00dfe als Wertsch\u00e4tzung f\u00fcr unsere Arbeit. F\u00fcr mich als Hotelchefin hei\u00dft das, dass Ihr seht, dass ich alles gebe, damit es meinen G\u00e4sten gut geht. Da habe ich fast ein kleines R\u00fchrungstr\u00e4nchen im Auge und dieses Gef\u00fchl kommt sehr nah an das gute Gef\u00fchl heran, das ich habe, wenn ich meine Katzenmilch schlecke. Ich danke Euch wirklich von ganzem Herzen daf\u00fcr \u2013 auch im Namen aller meiner Mitarbeiter.<\/span><\/p><p style=\"margin-bottom: 0cm\" align=\"JUSTIFY\">\u00a0<\/p><p>\u00a0<\/p><p style=\"margin-bottom: 0cm\" align=\"JUSTIFY\"><span style=\"font-family: Arial, sans-serif\">In der Vorweihnachtszeit erreichen uns wirklich die meisten Geschenke, von denen wir das gesamte Jahr noch profitieren, aber \u2013 und das muss wirklich mal gesagt werden \u2013 Ihr seid IMMER f\u00fcr uns da, wenn wir Hilfe brauchen. Ich wei\u00df, dass Ihr uns gerne helft und manches mal fast froh seid, wenn wir Euch einfach mal sagen, wo wir gerade Hilfe ben\u00f6tigen.\u00a0<\/span><\/p>\t\t\t\t\t\t\t\t<\/div>\n\t\t\t\t<\/div>\n\t\t\t\t\t<\/div>\n\t\t<\/div>\n\t\t\t\t\t<\/div>\n\t\t<\/section>\n\t\t\t\t<section class=\"elementor-section elementor-top-section elementor-element elementor-element-04acea8 elementor-section-boxed elementor-section-height-default elementor-section-height-default\" data-id=\"04acea8\" data-element_type=\"section\">\n\t\t\t\t\t\t<div class=\"elementor-container elementor-column-gap-default\">\n\t\t\t\t\t<div class=\"elementor-column elementor-col-100 elementor-top-column elementor-element elementor-element-7c675fa\" data-id=\"7c675fa\" data-element_type=\"column\">\n\t\t\t<div class=\"elementor-widget-wrap elementor-element-populated\">\n\t\t\t\t\t\t<div class=\"elementor-element elementor-element-5db8801 elementor-widget elementor-widget-text-editor\" data-id=\"5db8801\" data-element_type=\"widget\" data-widget_type=\"text-editor.default\">\n\t\t\t\t<div class=\"elementor-widget-container\">\n\t\t\t\t\t\t\t\t\t<p style=\"margin-bottom: 0cm\" align=\"JUSTIFY\"><span style=\"font-family: Arial, sans-serif\">Jetzt will ich Euch aber mal ein internes Problem anvertrauen: meine menschlichen Angestellten tun sich da echt immer schwer mit. Wann immer ich Sorgen in ihren Augen sehe, sage ich: \u201eLasst uns um Hilfe bitten \u2013 wir sind nicht alleine.\u201c Aber jedes Mal sagen sie dann: \u201eWir schaffen das schon so \u2026 wir k\u00f6nnen doch nicht betteln&#8230;\u201c Das ist doch kein betteln, wenn man Hilfe braucht und danach fragt! Sie tun sich so schwer damit, dass ich dieses Jahr oftmals gar nicht diskutiert habe und wir Tiere haben das einfach selbst in die Hand genommen. Ich habe gesagt: \u201eMailo, Du hast Angst, dass Du wieder Bauchweh bekommst, weil Dein Futter leer ist? Erz\u00e4hl das einfach den Leuten. Es gibt so viele liebe Menschen, denen es am Herzen liegt, dass es uns allen gut geht \u2026 wenn jeder eine Dose bringt, brauchst Du nie wieder Angst haben.\u201c oder auch \u201eKarlchen, Du sch\u00e4mst Dich, dass Du so eine gro\u00dfe Operation hattest und alles so teuer war? Schreib das genau so und du wirst erleben, dass wir nicht alleine sind.\u201c<\/span><\/p>\t\t\t\t\t\t\t\t<\/div>\n\t\t\t\t<\/div>\n\t\t\t\t\t<\/div>\n\t\t<\/div>\n\t\t\t\t\t<\/div>\n\t\t<\/section>\n\t\t\t\t<section class=\"elementor-section elementor-top-section elementor-element elementor-element-86f76d8 elementor-section-boxed elementor-section-height-default elementor-section-height-default\" data-id=\"86f76d8\" data-element_type=\"section\">\n\t\t\t\t\t\t<div class=\"elementor-container elementor-column-gap-default\">\n\t\t\t\t\t<div class=\"elementor-column elementor-col-100 elementor-top-column elementor-element elementor-element-2ee5fde\" data-id=\"2ee5fde\" data-element_type=\"column\">\n\t\t\t<div class=\"elementor-widget-wrap elementor-element-populated\">\n\t\t\t\t\t\t<section class=\"elementor-section elementor-inner-section elementor-element elementor-element-15c7a77 elementor-section-boxed elementor-section-height-default elementor-section-height-default\" data-id=\"15c7a77\" data-element_type=\"section\">\n\t\t\t\t\t\t<div class=\"elementor-container elementor-column-gap-default\">\n\t\t\t\t\t<div class=\"elementor-column elementor-col-50 elementor-inner-column elementor-element elementor-element-4ca6b0e\" data-id=\"4ca6b0e\" data-element_type=\"column\">\n\t\t\t<div class=\"elementor-widget-wrap elementor-element-populated\">\n\t\t\t\t\t\t<div class=\"elementor-element elementor-element-b1631de elementor-widget elementor-widget-image\" data-id=\"b1631de\" data-element_type=\"widget\" data-widget_type=\"image.default\">\n\t\t\t\t<div class=\"elementor-widget-container\">\n\t\t\t\t\t\t\t\t\t\t\t\t\t\t\t<img loading=\"lazy\" decoding=\"async\" width=\"660\" height=\"726\" src=\"https:\/\/tierheim-moers.de\/Wordpress\/wp-content\/uploads\/2019\/12\/Mailo11-931x1024.jpg\" class=\"attachment-large size-large wp-image-28484\" alt=\"\" srcset=\"https:\/\/tierheim-moers.de\/Wordpress\/wp-content\/uploads\/2019\/12\/Mailo11-931x1024.jpg 931w, https:\/\/tierheim-moers.de\/Wordpress\/wp-content\/uploads\/2019\/12\/Mailo11-273x300.jpg 273w, https:\/\/tierheim-moers.de\/Wordpress\/wp-content\/uploads\/2019\/12\/Mailo11-768x845.jpg 768w, https:\/\/tierheim-moers.de\/Wordpress\/wp-content\/uploads\/2019\/12\/Mailo11-600x660.jpg 600w, https:\/\/tierheim-moers.de\/Wordpress\/wp-content\/uploads\/2019\/12\/Mailo11-700x770.jpg 700w\" sizes=\"(max-width: 660px) 100vw, 660px\" \/>\t\t\t\t\t\t\t\t\t\t\t\t\t\t\t<\/div>\n\t\t\t\t<\/div>\n\t\t\t\t\t<\/div>\n\t\t<\/div>\n\t\t\t\t<div class=\"elementor-column elementor-col-50 elementor-inner-column elementor-element elementor-element-4dce525\" data-id=\"4dce525\" data-element_type=\"column\">\n\t\t\t<div class=\"elementor-widget-wrap elementor-element-populated\">\n\t\t\t\t\t\t<div class=\"elementor-element elementor-element-a73fda9 elementor-widget elementor-widget-image\" data-id=\"a73fda9\" data-element_type=\"widget\" data-widget_type=\"image.default\">\n\t\t\t\t<div class=\"elementor-widget-container\">\n\t\t\t\t\t\t\t\t\t\t\t\t\t\t\t<img loading=\"lazy\" decoding=\"async\" width=\"660\" height=\"880\" src=\"https:\/\/tierheim-moers.de\/Wordpress\/wp-content\/uploads\/2019\/12\/IMG-20190801-WA0051-768x1024.jpg\" class=\"attachment-large size-large wp-image-28482\" alt=\"\" srcset=\"https:\/\/tierheim-moers.de\/Wordpress\/wp-content\/uploads\/2019\/12\/IMG-20190801-WA0051.jpg 768w, https:\/\/tierheim-moers.de\/Wordpress\/wp-content\/uploads\/2019\/12\/IMG-20190801-WA0051-225x300.jpg 225w, https:\/\/tierheim-moers.de\/Wordpress\/wp-content\/uploads\/2019\/12\/IMG-20190801-WA0051-600x800.jpg 600w, https:\/\/tierheim-moers.de\/Wordpress\/wp-content\/uploads\/2019\/12\/IMG-20190801-WA0051-700x933.jpg 700w\" sizes=\"(max-width: 660px) 100vw, 660px\" \/>\t\t\t\t\t\t\t\t\t\t\t\t\t\t\t<\/div>\n\t\t\t\t<\/div>\n\t\t\t\t\t<\/div>\n\t\t<\/div>\n\t\t\t\t\t<\/div>\n\t\t<\/section>\n\t\t\t\t\t<\/div>\n\t\t<\/div>\n\t\t\t\t\t<\/div>\n\t\t<\/section>\n\t\t\t\t<section class=\"elementor-section elementor-top-section elementor-element elementor-element-622e0e5 elementor-section-boxed elementor-section-height-default elementor-section-height-default\" data-id=\"622e0e5\" data-element_type=\"section\">\n\t\t\t\t\t\t<div class=\"elementor-container elementor-column-gap-default\">\n\t\t\t\t\t<div class=\"elementor-column elementor-col-100 elementor-top-column elementor-element elementor-element-7989bbb\" data-id=\"7989bbb\" data-element_type=\"column\">\n\t\t\t<div class=\"elementor-widget-wrap elementor-element-populated\">\n\t\t\t\t\t\t<div class=\"elementor-element elementor-element-be38094 elementor-widget elementor-widget-text-editor\" data-id=\"be38094\" data-element_type=\"widget\" data-widget_type=\"text-editor.default\">\n\t\t\t\t<div class=\"elementor-widget-container\">\n\t\t\t\t\t\t\t\t\t<p style=\"margin-bottom: 0cm\" align=\"JUSTIFY\"><span style=\"font-family: Arial, sans-serif\">Und so war es auch. Wir Tiere haben einfach und ehrlich erz\u00e4hlt, wo die Probleme sind und jedes Mal ward Ihr f\u00fcr uns da. Als wir keine Kittenaufzuchtsmilch mehr hatten, gab es kurz nach unserem Aufruf in den umliegenden Futterm\u00e4rkten keine Milch mehr zu kaufen. Wir hatten wirklich eine Kittenschwemme dieses Jahr und Ihr habt uns so unterst\u00fctzt.<\/span><\/p><p style=\"margin-bottom: 0cm\" align=\"JUSTIFY\">\u00a0<\/p><p style=\"margin-bottom: 0cm\" align=\"JUSTIFY\"><span style=\"font-family: Arial, sans-serif\">DANKE ! Danke, dass Ihr f\u00fcr uns da seid.<\/span><\/p><p style=\"margin-bottom: 0cm\" align=\"JUSTIFY\">\u00a0<\/p><p style=\"margin-bottom: 0cm\" align=\"JUSTIFY\"><span style=\"font-family: Arial, sans-serif\">Und was ich auch einmal wirklich los werden m\u00f6chte \u2026 danke, dass Ihr f\u00fcr uns da seid einfach, weil wir Euch in unseren Alltag mitnehmen. Ich sehe so viele Bilder, lese so viele Texte, die \u00fcber gro\u00dfen emotionalen Druck Spenden sammeln, dass mir manchmal sogar meine Milch nicht schmeckt und ich bin sehr froh, dass Ihr unsere Sorgen und auch N\u00f6te versteht, ohne dass wir Euch schlimme Bilder zeigen. Wir nehmen Euch gerne mit in unseren Alltag \u2026 auch wenn dieser nicht nur sch\u00f6ne Geschichten bereit h\u00e4lt, aber Ihr helft uns, ohne dass wir auf die Tr\u00e4nendr\u00fcse dr\u00fccken. F\u00fcr dieses Feingef\u00fchl und das genaue Hinsehen und Hinh\u00f6ren sagen wir danke. Manchmal, wenn ich nur in einem Nebensatz \u00e4u\u00dfere, dass meine Milch knapp wird, bekomme ich sofort neue Milch gebracht * zwinkerzwinker *. <\/span><\/p><p style=\"margin-bottom: 0cm\" align=\"JUSTIFY\">\u00a0<\/p><p style=\"margin-bottom: 0cm\" align=\"JUSTIFY\"><span style=\"font-family: Arial, sans-serif\">Nein, im Ernst \u2026 Ihr helft uns, einen guten Job machen zu k\u00f6nnen.<\/span><\/p><p style=\"margin-bottom: 0cm\" align=\"JUSTIFY\">\u00a0<\/p><p style=\"margin-bottom: 0cm\" align=\"JUSTIFY\"><span style=\"font-family: Arial, sans-serif\">Soll ich Euch was sagen? Es hat richtig gut getan, dass alles mal so aufzuschreiben. Wir erleben wirklich tagt\u00e4glich schlimme Dinge und es ist wichtig, die sch\u00f6nen Erlebnisse hoch zu halten. Findet Ihr es nicht auch besser, ein gutes Gef\u00fchl aufleben, statt sich von negativen Erlebnissen runter ziehen zu lassen? W\u00e4hrend ich das alles hier geschrieben habe, hat meine Zeigekralle nicht einmal gezuckt. <\/span><\/p><p style=\"margin-bottom: 0cm\" align=\"JUSTIFY\">\u00a0<\/p><p style=\"margin-bottom: 0cm\" align=\"JUSTIFY\"><span style=\"font-family: Arial, sans-serif\">Ich f\u00fcrchte, dass es auch im kommenden Jahr nicht ganz ohne Zeigekralle gehen wird, aber ich verspreche Euch, dass ich Euch auch immer etwas Sch\u00f6nes berichten werde.<\/span><\/p><p style=\"margin-bottom: 0cm\" align=\"JUSTIFY\">\u00a0<\/p><p>\u00a0<\/p><p style=\"margin-bottom: 0cm\" align=\"JUSTIFY\"><span style=\"font-family: Arial, sans-serif\">Eure Paula<\/span><\/p>\t\t\t\t\t\t\t\t<\/div>\n\t\t\t\t<\/div>\n\t\t\t\t\t<\/div>\n\t\t<\/div>\n\t\t\t\t\t<\/div>\n\t\t<\/section>\n\t\t\t\t<section class=\"elementor-section elementor-top-section elementor-element elementor-element-96121fd elementor-section-boxed elementor-section-height-default elementor-section-height-default\" data-id=\"96121fd\" data-element_type=\"section\">\n\t\t\t\t\t\t<div class=\"elementor-container elementor-column-gap-default\">\n\t\t\t\t\t<div class=\"elementor-column elementor-col-100 elementor-top-column elementor-element elementor-element-98843f8\" data-id=\"98843f8\" data-element_type=\"column\">\n\t\t\t<div class=\"elementor-widget-wrap elementor-element-populated\">\n\t\t\t\t\t\t<section class=\"elementor-section elementor-inner-section elementor-element elementor-element-5948f0a elementor-section-boxed elementor-section-height-default elementor-section-height-default\" data-id=\"5948f0a\" data-element_type=\"section\">\n\t\t\t\t\t\t<div class=\"elementor-container elementor-column-gap-default\">\n\t\t\t\t\t<div class=\"elementor-column elementor-col-50 elementor-inner-column elementor-element elementor-element-3636940\" data-id=\"3636940\" data-element_type=\"column\">\n\t\t\t<div class=\"elementor-widget-wrap elementor-element-populated\">\n\t\t\t\t\t\t<div class=\"elementor-element elementor-element-727fbd5 elementor-widget elementor-widget-image\" data-id=\"727fbd5\" data-element_type=\"widget\" data-widget_type=\"image.default\">\n\t\t\t\t<div class=\"elementor-widget-container\">\n\t\t\t\t\t\t\t\t\t\t\t\t\t\t\t<img loading=\"lazy\" decoding=\"async\" width=\"660\" height=\"880\" src=\"https:\/\/tierheim-moers.de\/Wordpress\/wp-content\/uploads\/2019\/12\/20191213_110129-e1576310839190-768x1024.jpg\" class=\"attachment-large size-large wp-image-28487\" alt=\"\" srcset=\"https:\/\/tierheim-moers.de\/Wordpress\/wp-content\/uploads\/2019\/12\/20191213_110129-e1576310839190-768x1024.jpg 768w, https:\/\/tierheim-moers.de\/Wordpress\/wp-content\/uploads\/2019\/12\/20191213_110129-e1576310839190-225x300.jpg 225w, https:\/\/tierheim-moers.de\/Wordpress\/wp-content\/uploads\/2019\/12\/20191213_110129-e1576310839190-600x800.jpg 600w, https:\/\/tierheim-moers.de\/Wordpress\/wp-content\/uploads\/2019\/12\/20191213_110129-e1576310839190-700x933.jpg 700w\" sizes=\"(max-width: 660px) 100vw, 660px\" \/>\t\t\t\t\t\t\t\t\t\t\t\t\t\t\t<\/div>\n\t\t\t\t<\/div>\n\t\t\t\t\t<\/div>\n\t\t<\/div>\n\t\t\t\t<div class=\"elementor-column elementor-col-50 elementor-inner-column elementor-element elementor-element-ead65b6\" data-id=\"ead65b6\" data-element_type=\"column\">\n\t\t\t<div class=\"elementor-widget-wrap\">\n\t\t\t\t\t\t\t<\/div>\n\t\t<\/div>\n\t\t\t\t\t<\/div>\n\t\t<\/section>\n\t\t\t\t\t<\/div>\n\t\t<\/div>\n\t\t\t\t\t<\/div>\n\t\t<\/section>\n\t\t\t\t<\/div>\n\t\t<div class=\"shariff shariff-align-flex-start shariff-widget-align-center\" data-url=\"https%3A%2F%2Ftierheim-moers.de%2FWordpress%2Fpaulas-weihnachtsgruss%2F\" data-timestamp=\"1577480169\" data-hidezero=\"1\" data-backendurl=\"https:\/\/tierheim-moers.de\/Wordpress\/wp-json\/shariff\/v1\/share_counts?\"><ul class=\"shariff-buttons theme-round orientation-horizontal buttonsize-small\"><li class=\"shariff-button facebook shariff-nocustomcolor\" style=\"background-color:#4273c8\"><a href=\"https:\/\/www.facebook.com\/sharer\/sharer.php?u=https%3A%2F%2Ftierheim-moers.de%2FWordpress%2Fpaulas-weihnachtsgruss%2F\" title=\"Bei Facebook teilen\" aria-label=\"Bei Facebook teilen\" role=\"button\" rel=\"nofollow\" class=\"shariff-link\" style=\"; background-color:#3b5998; color:#fff\" target=\"_blank\"><span class=\"shariff-icon\" style=\"\"><svg width=\"32px\" height=\"20px\" xmlns=\"http:\/\/www.w3.org\/2000\/svg\" viewBox=\"0 0 18 32\"><path fill=\"#3b5998\" d=\"M17.1 0.2v4.7h-2.8q-1.5 0-2.1 0.6t-0.5 1.9v3.4h5.2l-0.7 5.3h-4.5v13.6h-5.5v-13.6h-4.5v-5.3h4.5v-3.9q0-3.3 1.9-5.2t5-1.8q2.6 0 4.1 0.2z\"\/><\/svg><\/span><\/a><\/li><li class=\"shariff-button twitter shariff-nocustomcolor\" style=\"background-color:#595959\"><a href=\"https:\/\/twitter.com\/share?url=https%3A%2F%2Ftierheim-moers.de%2FWordpress%2Fpaulas-weihnachtsgruss%2F&text=Paulas%20Weihnachtsgru%C3%9F\" title=\"Bei X teilen\" aria-label=\"Bei X teilen\" role=\"button\" rel=\"noopener nofollow\" class=\"shariff-link\" style=\"; background-color:#000; color:#fff\" target=\"_blank\"><span class=\"shariff-icon\" style=\"\"><svg width=\"32px\" height=\"20px\" xmlns=\"http:\/\/www.w3.org\/2000\/svg\" viewBox=\"0 0 24 24\"><path fill=\"#000\" d=\"M14.258 10.152L23.176 0h-2.113l-7.747 8.813L7.133 0H0l9.352 13.328L0 23.973h2.113l8.176-9.309 6.531 9.309h7.133zm-2.895 3.293l-.949-1.328L2.875 1.56h3.246l6.086 8.523.945 1.328 7.91 11.078h-3.246zm0 0\"\/><\/svg><\/span><\/a><\/li><li class=\"shariff-button whatsapp shariff-nocustomcolor\" style=\"background-color:#5cbe4a\"><a href=\"https:\/\/api.whatsapp.com\/send?text=https%3A%2F%2Ftierheim-moers.de%2FWordpress%2Fpaulas-weihnachtsgruss%2F%20Paulas%20Weihnachtsgru%C3%9F\" title=\"Bei Whatsapp teilen\" aria-label=\"Bei Whatsapp teilen\" role=\"button\" rel=\"noopener nofollow\" class=\"shariff-link\" style=\"; background-color:#34af23; color:#fff\" target=\"_blank\"><span class=\"shariff-icon\" style=\"\"><svg width=\"32px\" height=\"20px\" xmlns=\"http:\/\/www.w3.org\/2000\/svg\" viewBox=\"0 0 32 32\"><path fill=\"#34af23\" d=\"M17.6 17.4q0.2 0 1.7 0.8t1.6 0.9q0 0.1 0 0.3 0 0.6-0.3 1.4-0.3 0.7-1.3 1.2t-1.8 0.5q-1 0-3.4-1.1-1.7-0.8-3-2.1t-2.6-3.3q-1.3-1.9-1.3-3.5v-0.1q0.1-1.6 1.3-2.8 0.4-0.4 0.9-0.4 0.1 0 0.3 0t0.3 0q0.3 0 0.5 0.1t0.3 0.5q0.1 0.4 0.6 1.6t0.4 1.3q0 0.4-0.6 1t-0.6 0.8q0 0.1 0.1 0.3 0.6 1.3 1.8 2.4 1 0.9 2.7 1.8 0.2 0.1 0.4 0.1 0.3 0 1-0.9t0.9-0.9zM14 26.9q2.3 0 4.3-0.9t3.6-2.4 2.4-3.6 0.9-4.3-0.9-4.3-2.4-3.6-3.6-2.4-4.3-0.9-4.3 0.9-3.6 2.4-2.4 3.6-0.9 4.3q0 3.6 2.1 6.6l-1.4 4.2 4.3-1.4q2.8 1.9 6.2 1.9zM14 2.2q2.7 0 5.2 1.1t4.3 2.9 2.9 4.3 1.1 5.2-1.1 5.2-2.9 4.3-4.3 2.9-5.2 1.1q-3.5 0-6.5-1.7l-7.4 2.4 2.4-7.2q-1.9-3.2-1.9-6.9 0-2.7 1.1-5.2t2.9-4.3 4.3-2.9 5.2-1.1z\"\/><\/svg><\/span><\/a><\/li><li class=\"shariff-button sms shariff-nocustomcolor shariff-mobile\" style=\"background-color:#d7d9d8\"><a href=\"sms:?&body=https%3A%2F%2Ftierheim-moers.de%2FWordpress%2Fpaulas-weihnachtsgruss%2F\" title=\"Per SMS teilen\" aria-label=\"Per SMS teilen\" role=\"button\" rel=\"noopener nofollow\" class=\"shariff-link\" style=\"; background-color:#a1e877; color:#fff\" target=\"_blank\"><span class=\"shariff-icon\" style=\"\"><svg xmlns=\"http:\/\/www.w3.org\/2000\/svg\" width=\"510\" height=\"510\" viewBox=\"0 0 510 510\"><path fill=\"#a1e877\" d=\"M459 0H51C23 0 0 23 0 51v459l102-102h357c28.1 0 51-22.9 51-51V51C510 23 487.1 0 459 0zM178.5 229.5h-51v-51h51V229.5zM280.5 229.5h-51v-51h51V229.5zM382.5 229.5h-51v-51h51V229.5z\"\/><\/svg><\/span><\/a><\/li><\/ul><\/div>","protected":false},"excerpt":{"rendered":"<p>Hallo Ihr Lieben, \u00a0 wer vielleicht schon ein- oder zweimal gelesen hat, was ich so schreibe, der wei\u00df, dass ich \u00f6fters mal Themen anschneide, die eine erhobene Zeigekralle gut gebrauchen k\u00f6nnen &#8230; und ich gebe zu: ich erhebe meine Zeigekralle oft und gerne f\u00fcr Dinge, die mir missfallen. \u00a0 Nun &#8230;<\/p>\n","protected":false},"author":7,"featured_media":28486,"comment_status":"closed","ping_status":"open","sticky":false,"template":"","format":"standard","meta":{"ngg_post_thumbnail":0,"footnotes":""},"categories":[1,42],"tags":[],"class_list":["post-28476","post","type-post","status-publish","format-standard","has-post-thumbnail","hentry","category-aktuell","category-paulas","column","threecol","has-thumbnail"],"yoast_head":"<!-- This site is optimized with the Yoast SEO plugin v24.6 - https:\/\/yoast.com\/wordpress\/plugins\/seo\/ -->\n<title>Paulas Weihnachtsgru\u00df | TIERHEIM MOERS<\/title>\n<meta name=\"robots\" content=\"index, follow, max-snippet:-1, max-image-preview:large, max-video-preview:-1\" \/>\n<link rel=\"canonical\" href=\"https:\/\/tierheim-moers.de\/Wordpress\/paulas-weihnachtsgruss\/\" \/>\n<meta property=\"og:locale\" content=\"de_DE\" \/>\n<meta property=\"og:type\" content=\"article\" \/>\n<meta property=\"og:title\" content=\"Paulas Weihnachtsgru\u00df | TIERHEIM MOERS\" \/>\n<meta property=\"og:description\" content=\"Hallo Ihr Lieben, \u00a0 wer vielleicht schon ein- oder zweimal gelesen hat, was ich so schreibe, der wei\u00df, dass ich \u00f6fters mal &#8230;\" \/>\n<meta property=\"og:url\" content=\"https:\/\/tierheim-moers.de\/Wordpress\/paulas-weihnachtsgruss\/\" \/>\n<meta property=\"og:site_name\" content=\"TIERHEIM MOERS\" \/>\n<meta property=\"article:publisher\" content=\"https:\/\/de-de.facebook.com\/moers.tierheim\" \/>\n<meta property=\"article:published_time\" content=\"2019-12-14T08:04:32+00:00\" \/>\n<meta property=\"article:modified_time\" content=\"2019-12-27T18:56:09+00:00\" \/>\n<meta property=\"og:image\" content=\"https:\/\/tierheim-moers.de\/Wordpress\/wp-content\/uploads\/2019\/12\/20191213_110124-e1576310771442.jpg\" \/>\n\t<meta property=\"og:image:width\" content=\"2160\" \/>\n\t<meta property=\"og:image:height\" content=\"2880\" \/>\n\t<meta property=\"og:image:type\" content=\"image\/jpeg\" \/>\n<meta name=\"author\" content=\"Kathrin Novotny\" \/>\n<meta name=\"twitter:card\" content=\"summary_large_image\" \/>\n<meta name=\"twitter:label1\" content=\"Verfasst von\" \/>\n\t<meta name=\"twitter:data1\" content=\"Kathrin Novotny\" \/>\n\t<meta name=\"twitter:label2\" content=\"Gesch\u00e4tzte Lesezeit\" \/>\n\t<meta name=\"twitter:data2\" content=\"6\u00a0Minuten\" \/>\n<script type=\"application\/ld+json\" class=\"yoast-schema-graph\">{\"@context\":\"https:\/\/schema.org\",\"@graph\":[{\"@type\":\"Article\",\"@id\":\"https:\/\/tierheim-moers.de\/Wordpress\/paulas-weihnachtsgruss\/#article\",\"isPartOf\":{\"@id\":\"https:\/\/tierheim-moers.de\/Wordpress\/paulas-weihnachtsgruss\/\"},\"author\":{\"name\":\"Kathrin Novotny\",\"@id\":\"https:\/\/tierheim-moers.de\/Wordpress\/#\/schema\/person\/167de77fdd5ff85153606cdd34a5ffbc\"},\"headline\":\"Paulas Weihnachtsgru\u00df\",\"datePublished\":\"2019-12-14T08:04:32+00:00\",\"dateModified\":\"2019-12-27T18:56:09+00:00\",\"mainEntityOfPage\":{\"@id\":\"https:\/\/tierheim-moers.de\/Wordpress\/paulas-weihnachtsgruss\/\"},\"wordCount\":1232,\"publisher\":{\"@id\":\"https:\/\/tierheim-moers.de\/Wordpress\/#organization\"},\"image\":{\"@id\":\"https:\/\/tierheim-moers.de\/Wordpress\/paulas-weihnachtsgruss\/#primaryimage\"},\"thumbnailUrl\":\"https:\/\/tierheim-moers.de\/Wordpress\/wp-content\/uploads\/2019\/12\/20191213_110124-e1576310771442.jpg\",\"articleSection\":[\"Aktuell\",\"Paulas Blickwinkel\"],\"inLanguage\":\"de\"},{\"@type\":\"WebPage\",\"@id\":\"https:\/\/tierheim-moers.de\/Wordpress\/paulas-weihnachtsgruss\/\",\"url\":\"https:\/\/tierheim-moers.de\/Wordpress\/paulas-weihnachtsgruss\/\",\"name\":\"Paulas Weihnachtsgru\u00df | TIERHEIM MOERS\",\"isPartOf\":{\"@id\":\"https:\/\/tierheim-moers.de\/Wordpress\/#website\"},\"primaryImageOfPage\":{\"@id\":\"https:\/\/tierheim-moers.de\/Wordpress\/paulas-weihnachtsgruss\/#primaryimage\"},\"image\":{\"@id\":\"https:\/\/tierheim-moers.de\/Wordpress\/paulas-weihnachtsgruss\/#primaryimage\"},\"thumbnailUrl\":\"https:\/\/tierheim-moers.de\/Wordpress\/wp-content\/uploads\/2019\/12\/20191213_110124-e1576310771442.jpg\",\"datePublished\":\"2019-12-14T08:04:32+00:00\",\"dateModified\":\"2019-12-27T18:56:09+00:00\",\"breadcrumb\":{\"@id\":\"https:\/\/tierheim-moers.de\/Wordpress\/paulas-weihnachtsgruss\/#breadcrumb\"},\"inLanguage\":\"de\",\"potentialAction\":[{\"@type\":\"ReadAction\",\"target\":[\"https:\/\/tierheim-moers.de\/Wordpress\/paulas-weihnachtsgruss\/\"]}]},{\"@type\":\"ImageObject\",\"inLanguage\":\"de\",\"@id\":\"https:\/\/tierheim-moers.de\/Wordpress\/paulas-weihnachtsgruss\/#primaryimage\",\"url\":\"https:\/\/tierheim-moers.de\/Wordpress\/wp-content\/uploads\/2019\/12\/20191213_110124-e1576310771442.jpg\",\"contentUrl\":\"https:\/\/tierheim-moers.de\/Wordpress\/wp-content\/uploads\/2019\/12\/20191213_110124-e1576310771442.jpg\",\"width\":2160,\"height\":2880},{\"@type\":\"BreadcrumbList\",\"@id\":\"https:\/\/tierheim-moers.de\/Wordpress\/paulas-weihnachtsgruss\/#breadcrumb\",\"itemListElement\":[{\"@type\":\"ListItem\",\"position\":1,\"name\":\"Startseite\",\"item\":\"https:\/\/tierheim-moers.de\/Wordpress\/\"},{\"@type\":\"ListItem\",\"position\":2,\"name\":\"Paulas Weihnachtsgru\u00df\"}]},{\"@type\":\"WebSite\",\"@id\":\"https:\/\/tierheim-moers.de\/Wordpress\/#website\",\"url\":\"https:\/\/tierheim-moers.de\/Wordpress\/\",\"name\":\"Tierheim Moers\",\"description\":\"Tierheim | Hundepension | Tierschutz | Moers\",\"publisher\":{\"@id\":\"https:\/\/tierheim-moers.de\/Wordpress\/#organization\"},\"potentialAction\":[{\"@type\":\"SearchAction\",\"target\":{\"@type\":\"EntryPoint\",\"urlTemplate\":\"https:\/\/tierheim-moers.de\/Wordpress\/?s={search_term_string}\"},\"query-input\":{\"@type\":\"PropertyValueSpecification\",\"valueRequired\":true,\"valueName\":\"search_term_string\"}}],\"inLanguage\":\"de\"},{\"@type\":\"Organization\",\"@id\":\"https:\/\/tierheim-moers.de\/Wordpress\/#organization\",\"name\":\"Tierheim Moers\",\"url\":\"https:\/\/tierheim-moers.de\/Wordpress\/\",\"logo\":{\"@type\":\"ImageObject\",\"inLanguage\":\"de\",\"@id\":\"https:\/\/tierheim-moers.de\/Wordpress\/#\/schema\/logo\/image\/\",\"url\":\"https:\/\/tierheim-moers.de\/Wordpress\/wp-content\/uploads\/2014\/04\/Logo-TSV-Moers-V01-RGB-300.png\",\"contentUrl\":\"https:\/\/tierheim-moers.de\/Wordpress\/wp-content\/uploads\/2014\/04\/Logo-TSV-Moers-V01-RGB-300.png\",\"width\":1052,\"height\":1038,\"caption\":\"Tierheim Moers\"},\"image\":{\"@id\":\"https:\/\/tierheim-moers.de\/Wordpress\/#\/schema\/logo\/image\/\"},\"sameAs\":[\"https:\/\/de-de.facebook.com\/moers.tierheim\"]},{\"@type\":\"Person\",\"@id\":\"https:\/\/tierheim-moers.de\/Wordpress\/#\/schema\/person\/167de77fdd5ff85153606cdd34a5ffbc\",\"name\":\"Kathrin Novotny\",\"image\":{\"@type\":\"ImageObject\",\"inLanguage\":\"de\",\"@id\":\"https:\/\/tierheim-moers.de\/Wordpress\/#\/schema\/person\/image\/\",\"url\":\"https:\/\/secure.gravatar.com\/avatar\/8dbd3a3cd58d0e299cb5bd95a6d53c79eebe36713eda62bbb3c41a749d06346f?s=96&d=mm&r=g\",\"contentUrl\":\"https:\/\/secure.gravatar.com\/avatar\/8dbd3a3cd58d0e299cb5bd95a6d53c79eebe36713eda62bbb3c41a749d06346f?s=96&d=mm&r=g\",\"caption\":\"Kathrin Novotny\"},\"url\":\"https:\/\/tierheim-moers.de\/Wordpress\/author\/kathrin\/\"}]}<\/script>\n<!-- \/ Yoast SEO plugin. -->","yoast_head_json":{"title":"Paulas Weihnachtsgru\u00df | TIERHEIM MOERS","robots":{"index":"index","follow":"follow","max-snippet":"max-snippet:-1","max-image-preview":"max-image-preview:large","max-video-preview":"max-video-preview:-1"},"canonical":"https:\/\/tierheim-moers.de\/Wordpress\/paulas-weihnachtsgruss\/","og_locale":"de_DE","og_type":"article","og_title":"Paulas Weihnachtsgru\u00df | TIERHEIM MOERS","og_description":"Hallo Ihr Lieben, \u00a0 wer vielleicht schon ein- oder zweimal gelesen hat, was ich so schreibe, der wei\u00df, dass ich \u00f6fters mal &#8230;","og_url":"https:\/\/tierheim-moers.de\/Wordpress\/paulas-weihnachtsgruss\/","og_site_name":"TIERHEIM MOERS","article_publisher":"https:\/\/de-de.facebook.com\/moers.tierheim","article_published_time":"2019-12-14T08:04:32+00:00","article_modified_time":"2019-12-27T18:56:09+00:00","og_image":[{"width":2160,"height":2880,"url":"https:\/\/tierheim-moers.de\/Wordpress\/wp-content\/uploads\/2019\/12\/20191213_110124-e1576310771442.jpg","type":"image\/jpeg"}],"author":"Kathrin Novotny","twitter_card":"summary_large_image","twitter_misc":{"Verfasst von":"Kathrin Novotny","Gesch\u00e4tzte Lesezeit":"6\u00a0Minuten"},"schema":{"@context":"https:\/\/schema.org","@graph":[{"@type":"Article","@id":"https:\/\/tierheim-moers.de\/Wordpress\/paulas-weihnachtsgruss\/#article","isPartOf":{"@id":"https:\/\/tierheim-moers.de\/Wordpress\/paulas-weihnachtsgruss\/"},"author":{"name":"Kathrin Novotny","@id":"https:\/\/tierheim-moers.de\/Wordpress\/#\/schema\/person\/167de77fdd5ff85153606cdd34a5ffbc"},"headline":"Paulas Weihnachtsgru\u00df","datePublished":"2019-12-14T08:04:32+00:00","dateModified":"2019-12-27T18:56:09+00:00","mainEntityOfPage":{"@id":"https:\/\/tierheim-moers.de\/Wordpress\/paulas-weihnachtsgruss\/"},"wordCount":1232,"publisher":{"@id":"https:\/\/tierheim-moers.de\/Wordpress\/#organization"},"image":{"@id":"https:\/\/tierheim-moers.de\/Wordpress\/paulas-weihnachtsgruss\/#primaryimage"},"thumbnailUrl":"https:\/\/tierheim-moers.de\/Wordpress\/wp-content\/uploads\/2019\/12\/20191213_110124-e1576310771442.jpg","articleSection":["Aktuell","Paulas Blickwinkel"],"inLanguage":"de"},{"@type":"WebPage","@id":"https:\/\/tierheim-moers.de\/Wordpress\/paulas-weihnachtsgruss\/","url":"https:\/\/tierheim-moers.de\/Wordpress\/paulas-weihnachtsgruss\/","name":"Paulas Weihnachtsgru\u00df | TIERHEIM MOERS","isPartOf":{"@id":"https:\/\/tierheim-moers.de\/Wordpress\/#website"},"primaryImageOfPage":{"@id":"https:\/\/tierheim-moers.de\/Wordpress\/paulas-weihnachtsgruss\/#primaryimage"},"image":{"@id":"https:\/\/tierheim-moers.de\/Wordpress\/paulas-weihnachtsgruss\/#primaryimage"},"thumbnailUrl":"https:\/\/tierheim-moers.de\/Wordpress\/wp-content\/uploads\/2019\/12\/20191213_110124-e1576310771442.jpg","datePublished":"2019-12-14T08:04:32+00:00","dateModified":"2019-12-27T18:56:09+00:00","breadcrumb":{"@id":"https:\/\/tierheim-moers.de\/Wordpress\/paulas-weihnachtsgruss\/#breadcrumb"},"inLanguage":"de","potentialAction":[{"@type":"ReadAction","target":["https:\/\/tierheim-moers.de\/Wordpress\/paulas-weihnachtsgruss\/"]}]},{"@type":"ImageObject","inLanguage":"de","@id":"https:\/\/tierheim-moers.de\/Wordpress\/paulas-weihnachtsgruss\/#primaryimage","url":"https:\/\/tierheim-moers.de\/Wordpress\/wp-content\/uploads\/2019\/12\/20191213_110124-e1576310771442.jpg","contentUrl":"https:\/\/tierheim-moers.de\/Wordpress\/wp-content\/uploads\/2019\/12\/20191213_110124-e1576310771442.jpg","width":2160,"height":2880},{"@type":"BreadcrumbList","@id":"https:\/\/tierheim-moers.de\/Wordpress\/paulas-weihnachtsgruss\/#breadcrumb","itemListElement":[{"@type":"ListItem","position":1,"name":"Startseite","item":"https:\/\/tierheim-moers.de\/Wordpress\/"},{"@type":"ListItem","position":2,"name":"Paulas Weihnachtsgru\u00df"}]},{"@type":"WebSite","@id":"https:\/\/tierheim-moers.de\/Wordpress\/#website","url":"https:\/\/tierheim-moers.de\/Wordpress\/","name":"Tierheim Moers","description":"Tierheim | Hundepension | Tierschutz | Moers","publisher":{"@id":"https:\/\/tierheim-moers.de\/Wordpress\/#organization"},"potentialAction":[{"@type":"SearchAction","target":{"@type":"EntryPoint","urlTemplate":"https:\/\/tierheim-moers.de\/Wordpress\/?s={search_term_string}"},"query-input":{"@type":"PropertyValueSpecification","valueRequired":true,"valueName":"search_term_string"}}],"inLanguage":"de"},{"@type":"Organization","@id":"https:\/\/tierheim-moers.de\/Wordpress\/#organization","name":"Tierheim Moers","url":"https:\/\/tierheim-moers.de\/Wordpress\/","logo":{"@type":"ImageObject","inLanguage":"de","@id":"https:\/\/tierheim-moers.de\/Wordpress\/#\/schema\/logo\/image\/","url":"https:\/\/tierheim-moers.de\/Wordpress\/wp-content\/uploads\/2014\/04\/Logo-TSV-Moers-V01-RGB-300.png","contentUrl":"https:\/\/tierheim-moers.de\/Wordpress\/wp-content\/uploads\/2014\/04\/Logo-TSV-Moers-V01-RGB-300.png","width":1052,"height":1038,"caption":"Tierheim Moers"},"image":{"@id":"https:\/\/tierheim-moers.de\/Wordpress\/#\/schema\/logo\/image\/"},"sameAs":["https:\/\/de-de.facebook.com\/moers.tierheim"]},{"@type":"Person","@id":"https:\/\/tierheim-moers.de\/Wordpress\/#\/schema\/person\/167de77fdd5ff85153606cdd34a5ffbc","name":"Kathrin Novotny","image":{"@type":"ImageObject","inLanguage":"de","@id":"https:\/\/tierheim-moers.de\/Wordpress\/#\/schema\/person\/image\/","url":"https:\/\/secure.gravatar.com\/avatar\/8dbd3a3cd58d0e299cb5bd95a6d53c79eebe36713eda62bbb3c41a749d06346f?s=96&d=mm&r=g","contentUrl":"https:\/\/secure.gravatar.com\/avatar\/8dbd3a3cd58d0e299cb5bd95a6d53c79eebe36713eda62bbb3c41a749d06346f?s=96&d=mm&r=g","caption":"Kathrin Novotny"},"url":"https:\/\/tierheim-moers.de\/Wordpress\/author\/kathrin\/"}]}},"_links":{"self":[{"href":"https:\/\/tierheim-moers.de\/Wordpress\/wp-json\/wp\/v2\/posts\/28476","targetHints":{"allow":["GET"]}}],"collection":[{"href":"https:\/\/tierheim-moers.de\/Wordpress\/wp-json\/wp\/v2\/posts"}],"about":[{"href":"https:\/\/tierheim-moers.de\/Wordpress\/wp-json\/wp\/v2\/types\/post"}],"author":[{"embeddable":true,"href":"https:\/\/tierheim-moers.de\/Wordpress\/wp-json\/wp\/v2\/users\/7"}],"replies":[{"embeddable":true,"href":"https:\/\/tierheim-moers.de\/Wordpress\/wp-json\/wp\/v2\/comments?post=28476"}],"version-history":[{"count":5,"href":"https:\/\/tierheim-moers.de\/Wordpress\/wp-json\/wp\/v2\/posts\/28476\/revisions"}],"predecessor-version":[{"id":28781,"href":"https:\/\/tierheim-moers.de\/Wordpress\/wp-json\/wp\/v2\/posts\/28476\/revisions\/28781"}],"wp:featuredmedia":[{"embeddable":true,"href":"https:\/\/tierheim-moers.de\/Wordpress\/wp-json\/wp\/v2\/media\/28486"}],"wp:attachment":[{"href":"https:\/\/tierheim-moers.de\/Wordpress\/wp-json\/wp\/v2\/media?parent=28476"}],"wp:term":[{"taxonomy":"category","embeddable":true,"href":"https:\/\/tierheim-moers.de\/Wordpress\/wp-json\/wp\/v2\/categories?post=28476"},{"taxonomy":"post_tag","embeddable":true,"href":"https:\/\/tierheim-moers.de\/Wordpress\/wp-json\/wp\/v2\/tags?post=28476"}],"curies":[{"name":"wp","href":"https:\/\/api.w.org\/{rel}","templated":true}]}}