{"id":29312,"date":"2020-01-21T20:44:01","date_gmt":"2020-01-21T18:44:01","guid":{"rendered":"https:\/\/tierheim-moers.de\/Wordpress\/?p=29312"},"modified":"2020-02-08T18:05:51","modified_gmt":"2020-02-08T16:05:51","slug":"warum-wir-auch-eine-kennzeichnungspflicht-brauchen","status":"publish","type":"post","link":"https:\/\/tierheim-moers.de\/Wordpress\/warum-wir-auch-eine-kennzeichnungspflicht-brauchen\/","title":{"rendered":"Warum wir auch eine Kennzeichnungspflicht brauchen &#8230;"},"content":{"rendered":"<p>Immer wieder gibt es mal Fundkatzen, deren Zustand uns ersch\u00fcttert und bei denen es f\u00fcnf vor zw\u00f6lf ist, dass sie eine tier\u00e4rztliche Behandlung bekommen &#8230; manchmal sogar f\u00fcnf nach zw\u00f6lf <span class=\"_5mfr\"><span class=\"_6qdm\">&#x1f622;<\/span><\/span><br \/>\nVon Weihnachten bis jetzt hatten wir drei Fundkater, die alle station\u00e4r in die Tierklinik mussten, und deren unglaublich freundliches und menschenbezogenes Verhalten absolut den R\u00fcckschluss zul\u00e4sst, dass sie mal ein Zuhause gehabt haben m\u00fcssen, in dem sie ihren Menschen vertraut haben. Sie werden gefunden, trotz gro\u00dfer Verbreitung in den sozialen Medien findet sich jedoch kein Besitzer &#8230; und wir k\u00e4mpfen um ihr Leben. Sicherlich hat nicht jeder Facebook oder auch Internet, aber wer sein Tier vermisst, sucht doch aktiv &#8230; und ein Tierheim ist dabei keine ungew\u00f6hnliche Anlaufstelle.<\/p>\n<p>Fundkater Rebell kam vor Weihnachten zu uns &#8211; geschw\u00e4cht und dehydriert. Nur durch den weihnachtlichen Klinikaufenthalt (an dessen Kosten sich viele von Euch beteiligt haben <a href=\"https:\/\/tierheim-moers.de\/Wordpress\/wp-content\/uploads\/2020\/01\/RebellName-gut-zu-wissen-scaled.jpg\"><img fetchpriority=\"high\" decoding=\"async\" class=\"size-medium wp-image-29760 alignright\" src=\"https:\/\/tierheim-moers.de\/Wordpress\/wp-content\/uploads\/2020\/01\/RebellName-gut-zu-wissen-210x300.jpg\" alt=\"\" width=\"210\" height=\"300\" srcset=\"https:\/\/tierheim-moers.de\/Wordpress\/wp-content\/uploads\/2020\/01\/RebellName-gut-zu-wissen-210x300.jpg 210w, https:\/\/tierheim-moers.de\/Wordpress\/wp-content\/uploads\/2020\/01\/RebellName-gut-zu-wissen-717x1024.jpg 717w, https:\/\/tierheim-moers.de\/Wordpress\/wp-content\/uploads\/2020\/01\/RebellName-gut-zu-wissen-768x1097.jpg 768w, https:\/\/tierheim-moers.de\/Wordpress\/wp-content\/uploads\/2020\/01\/RebellName-gut-zu-wissen-600x857.jpg 600w, https:\/\/tierheim-moers.de\/Wordpress\/wp-content\/uploads\/2020\/01\/RebellName-gut-zu-wissen-1075x1536.jpg 1075w, https:\/\/tierheim-moers.de\/Wordpress\/wp-content\/uploads\/2020\/01\/RebellName-gut-zu-wissen-1434x2048.jpg 1434w, https:\/\/tierheim-moers.de\/Wordpress\/wp-content\/uploads\/2020\/01\/RebellName-gut-zu-wissen-700x1000.jpg 700w, https:\/\/tierheim-moers.de\/Wordpress\/wp-content\/uploads\/2020\/01\/RebellName-gut-zu-wissen-1320x1886.jpg 1320w, https:\/\/tierheim-moers.de\/Wordpress\/wp-content\/uploads\/2020\/01\/RebellName-gut-zu-wissen-scaled.jpg 1792w\" sizes=\"(max-width: 210px) 100vw, 210px\" \/><\/a>&#8211;&nbsp;<span class=\"_5mfr\"><span class=\"_6qdm\">&#x2764;&#xfe0f;<\/span><\/span>lichen Dank daf\u00fcr), Infusion und eine Magensonde konnte er am Leben gehalten werden. Wir sind immer vorsichtig mit Prognosen, aber Rebell hat inzwischen guten Appetit und entwickelt sich in die richtige Richtung. Er hat sogar schon ganz f\u00fcrsorgliche Interessenten, die ihn fast t\u00e4glich besuchen.<\/p>\n<p>Fundkater<a href=\"https:\/\/tierheim-moers.de\/Wordpress\/wp-content\/uploads\/2020\/01\/Minion-scaled.jpg\"><img decoding=\"async\" class=\"size-medium wp-image-29758 alignleft\" src=\"https:\/\/tierheim-moers.de\/Wordpress\/wp-content\/uploads\/2020\/01\/Minion-210x300.jpg\" alt=\"\" width=\"210\" height=\"300\" srcset=\"https:\/\/tierheim-moers.de\/Wordpress\/wp-content\/uploads\/2020\/01\/Minion-210x300.jpg 210w, https:\/\/tierheim-moers.de\/Wordpress\/wp-content\/uploads\/2020\/01\/Minion-717x1024.jpg 717w, https:\/\/tierheim-moers.de\/Wordpress\/wp-content\/uploads\/2020\/01\/Minion-768x1097.jpg 768w, https:\/\/tierheim-moers.de\/Wordpress\/wp-content\/uploads\/2020\/01\/Minion-600x857.jpg 600w, https:\/\/tierheim-moers.de\/Wordpress\/wp-content\/uploads\/2020\/01\/Minion-1075x1536.jpg 1075w, https:\/\/tierheim-moers.de\/Wordpress\/wp-content\/uploads\/2020\/01\/Minion-1434x2048.jpg 1434w, https:\/\/tierheim-moers.de\/Wordpress\/wp-content\/uploads\/2020\/01\/Minion-700x1000.jpg 700w, https:\/\/tierheim-moers.de\/Wordpress\/wp-content\/uploads\/2020\/01\/Minion-1320x1886.jpg 1320w, https:\/\/tierheim-moers.de\/Wordpress\/wp-content\/uploads\/2020\/01\/Minion-scaled.jpg 1792w\" sizes=\"(max-width: 210px) 100vw, 210px\" \/><\/a> Minion, der in einem Keller gefunden wurde und umgehend notfallm\u00e4\u00dfig in die Tierklinik musste. Wie die meisten von Euch sicherlich gelesen haben, waren seine organischen Sch\u00e4den so gro\u00df, dass er erl\u00f6st werden musste. Die Einsch\u00e4tzung der \u00c4rzte war, dass nicht die Hungerphase in dem Keller die Organe gesch\u00e4digt hat, sondern schon im Vorfeld Erkrankungen vorlagen.<\/p>\n<p>Fundkater Obelix, der &#8211; wie wir jetzt auch nach einem Klinikaufenthalt wissen &#8211; vergr\u00f6\u00dferte Nieren und eine Herzinsuffizienz hat. Nichts Sch\u00f6nes, aber bei weitem kein KO Kriterium. Seine Herztabletten nimmt er vorbildlich und auch mit seiner Nierendi\u00e4t freundet er sich mehr und mehr an. Obelix wird schon bald ins Katzenhaus umziehen und sucht dann ein f\u00fcrsorgliches, <a href=\"https:\/\/tierheim-moers.de\/Wordpress\/wp-content\/uploads\/2020\/01\/ObelixName-scaled.jpg\"><img decoding=\"async\" class=\"size-medium wp-image-29759 alignright\" src=\"https:\/\/tierheim-moers.de\/Wordpress\/wp-content\/uploads\/2020\/01\/ObelixName-210x300.jpg\" alt=\"\" width=\"210\" height=\"300\" srcset=\"https:\/\/tierheim-moers.de\/Wordpress\/wp-content\/uploads\/2020\/01\/ObelixName-210x300.jpg 210w, https:\/\/tierheim-moers.de\/Wordpress\/wp-content\/uploads\/2020\/01\/ObelixName-717x1024.jpg 717w, https:\/\/tierheim-moers.de\/Wordpress\/wp-content\/uploads\/2020\/01\/ObelixName-768x1097.jpg 768w, https:\/\/tierheim-moers.de\/Wordpress\/wp-content\/uploads\/2020\/01\/ObelixName-600x857.jpg 600w, https:\/\/tierheim-moers.de\/Wordpress\/wp-content\/uploads\/2020\/01\/ObelixName-1075x1536.jpg 1075w, https:\/\/tierheim-moers.de\/Wordpress\/wp-content\/uploads\/2020\/01\/ObelixName-1434x2048.jpg 1434w, https:\/\/tierheim-moers.de\/Wordpress\/wp-content\/uploads\/2020\/01\/ObelixName-700x1000.jpg 700w, https:\/\/tierheim-moers.de\/Wordpress\/wp-content\/uploads\/2020\/01\/ObelixName-1320x1886.jpg 1320w, https:\/\/tierheim-moers.de\/Wordpress\/wp-content\/uploads\/2020\/01\/ObelixName-scaled.jpg 1792w\" sizes=\"(max-width: 210px) 100vw, 210px\" \/><\/a>verantwortungsbewusstes und vor allem verl\u00e4ssliches Zuhause &#8211; einfach ein Forever Home.<\/p>\n<p>Es f\u00e4llt schwer, diese gleichartigen F\u00e4lle dem Zufall zuzuschreiben und man muss den Gedanken, dass diese drei Tiere vielleicht zu teuer und unbequem geworden sind, bewusst verdr\u00e4ngen &#8230; denn an der Vergangenheit k\u00f6nnen wir nichts \u00e4ndern &#8211; an uns ist es, den beiden roten Katern zu einer sch\u00f6neren und besseren Zukunft zu verhelfen.<\/p>\n<p>Trotzdem bleibt die kleine Stimme, die fragt: wenn wir eine Kennzeichnungspflicht h\u00e4tten und die Anonymit\u00e4t der Besitzer aufgehoben w\u00e4re &#8230; w\u00e4ren sie dann auch bei uns?<\/p>\n<div class=\"shariff shariff-align-flex-start shariff-widget-align-center\" data-url=\"https%3A%2F%2Ftierheim-moers.de%2FWordpress%2Fwarum-wir-auch-eine-kennzeichnungspflicht-brauchen%2F\" data-timestamp=\"1581185151\" data-hidezero=\"1\" data-backendurl=\"https:\/\/tierheim-moers.de\/Wordpress\/wp-json\/shariff\/v1\/share_counts?\"><ul class=\"shariff-buttons theme-round orientation-horizontal buttonsize-small\"><li class=\"shariff-button facebook shariff-nocustomcolor\" style=\"background-color:#4273c8\"><a href=\"https:\/\/www.facebook.com\/sharer\/sharer.php?u=https%3A%2F%2Ftierheim-moers.de%2FWordpress%2Fwarum-wir-auch-eine-kennzeichnungspflicht-brauchen%2F\" title=\"Bei Facebook teilen\" aria-label=\"Bei Facebook teilen\" role=\"button\" rel=\"nofollow\" class=\"shariff-link\" style=\"; background-color:#3b5998; color:#fff\" target=\"_blank\"><span class=\"shariff-icon\" style=\"\"><svg width=\"32px\" height=\"20px\" xmlns=\"http:\/\/www.w3.org\/2000\/svg\" viewBox=\"0 0 18 32\"><path fill=\"#3b5998\" d=\"M17.1 0.2v4.7h-2.8q-1.5 0-2.1 0.6t-0.5 1.9v3.4h5.2l-0.7 5.3h-4.5v13.6h-5.5v-13.6h-4.5v-5.3h4.5v-3.9q0-3.3 1.9-5.2t5-1.8q2.6 0 4.1 0.2z\"\/><\/svg><\/span><\/a><\/li><li class=\"shariff-button twitter shariff-nocustomcolor\" style=\"background-color:#595959\"><a href=\"https:\/\/twitter.com\/share?url=https%3A%2F%2Ftierheim-moers.de%2FWordpress%2Fwarum-wir-auch-eine-kennzeichnungspflicht-brauchen%2F&text=Warum%20wir%20auch%20eine%20Kennzeichnungspflicht%20brauchen%20%E2%80%A6\" title=\"Bei X teilen\" aria-label=\"Bei X teilen\" role=\"button\" rel=\"noopener nofollow\" class=\"shariff-link\" style=\"; background-color:#000; color:#fff\" target=\"_blank\"><span class=\"shariff-icon\" style=\"\"><svg width=\"32px\" height=\"20px\" xmlns=\"http:\/\/www.w3.org\/2000\/svg\" viewBox=\"0 0 24 24\"><path fill=\"#000\" d=\"M14.258 10.152L23.176 0h-2.113l-7.747 8.813L7.133 0H0l9.352 13.328L0 23.973h2.113l8.176-9.309 6.531 9.309h7.133zm-2.895 3.293l-.949-1.328L2.875 1.56h3.246l6.086 8.523.945 1.328 7.91 11.078h-3.246zm0 0\"\/><\/svg><\/span><\/a><\/li><li class=\"shariff-button whatsapp shariff-nocustomcolor\" style=\"background-color:#5cbe4a\"><a href=\"https:\/\/api.whatsapp.com\/send?text=https%3A%2F%2Ftierheim-moers.de%2FWordpress%2Fwarum-wir-auch-eine-kennzeichnungspflicht-brauchen%2F%20Warum%20wir%20auch%20eine%20Kennzeichnungspflicht%20brauchen%20%E2%80%A6\" title=\"Bei Whatsapp teilen\" aria-label=\"Bei Whatsapp teilen\" role=\"button\" rel=\"noopener nofollow\" class=\"shariff-link\" style=\"; background-color:#34af23; color:#fff\" target=\"_blank\"><span class=\"shariff-icon\" style=\"\"><svg width=\"32px\" height=\"20px\" xmlns=\"http:\/\/www.w3.org\/2000\/svg\" viewBox=\"0 0 32 32\"><path fill=\"#34af23\" d=\"M17.6 17.4q0.2 0 1.7 0.8t1.6 0.9q0 0.1 0 0.3 0 0.6-0.3 1.4-0.3 0.7-1.3 1.2t-1.8 0.5q-1 0-3.4-1.1-1.7-0.8-3-2.1t-2.6-3.3q-1.3-1.9-1.3-3.5v-0.1q0.1-1.6 1.3-2.8 0.4-0.4 0.9-0.4 0.1 0 0.3 0t0.3 0q0.3 0 0.5 0.1t0.3 0.5q0.1 0.4 0.6 1.6t0.4 1.3q0 0.4-0.6 1t-0.6 0.8q0 0.1 0.1 0.3 0.6 1.3 1.8 2.4 1 0.9 2.7 1.8 0.2 0.1 0.4 0.1 0.3 0 1-0.9t0.9-0.9zM14 26.9q2.3 0 4.3-0.9t3.6-2.4 2.4-3.6 0.9-4.3-0.9-4.3-2.4-3.6-3.6-2.4-4.3-0.9-4.3 0.9-3.6 2.4-2.4 3.6-0.9 4.3q0 3.6 2.1 6.6l-1.4 4.2 4.3-1.4q2.8 1.9 6.2 1.9zM14 2.2q2.7 0 5.2 1.1t4.3 2.9 2.9 4.3 1.1 5.2-1.1 5.2-2.9 4.3-4.3 2.9-5.2 1.1q-3.5 0-6.5-1.7l-7.4 2.4 2.4-7.2q-1.9-3.2-1.9-6.9 0-2.7 1.1-5.2t2.9-4.3 4.3-2.9 5.2-1.1z\"\/><\/svg><\/span><\/a><\/li><li class=\"shariff-button sms shariff-nocustomcolor shariff-mobile\" style=\"background-color:#d7d9d8\"><a href=\"sms:?&body=https%3A%2F%2Ftierheim-moers.de%2FWordpress%2Fwarum-wir-auch-eine-kennzeichnungspflicht-brauchen%2F\" title=\"Per SMS teilen\" aria-label=\"Per SMS teilen\" role=\"button\" rel=\"noopener nofollow\" class=\"shariff-link\" style=\"; background-color:#a1e877; color:#fff\" target=\"_blank\"><span class=\"shariff-icon\" style=\"\"><svg xmlns=\"http:\/\/www.w3.org\/2000\/svg\" width=\"510\" height=\"510\" viewBox=\"0 0 510 510\"><path fill=\"#a1e877\" d=\"M459 0H51C23 0 0 23 0 51v459l102-102h357c28.1 0 51-22.9 51-51V51C510 23 487.1 0 459 0zM178.5 229.5h-51v-51h51V229.5zM280.5 229.5h-51v-51h51V229.5zM382.5 229.5h-51v-51h51V229.5z\"\/><\/svg><\/span><\/a><\/li><\/ul><\/div>","protected":false},"excerpt":{"rendered":"<p>Immer wieder gibt es mal Fundkatzen, deren Zustand uns ersch\u00fcttert und bei denen es f\u00fcnf vor zw\u00f6lf ist, dass sie eine tier\u00e4rztliche Behandlung bekommen &#8230; manchmal sogar f\u00fcnf nach zw\u00f6lf &#x1f622; Von Weihnachten bis jetzt hatten wir drei Fundkater, die alle station\u00e4r in die Tierklinik mussten, und deren unglaublich freundliches &#8230;<\/p>\n","protected":false},"author":3,"featured_media":29568,"comment_status":"closed","ping_status":"open","sticky":false,"template":"","format":"standard","meta":{"ngg_post_thumbnail":0,"footnotes":""},"categories":[48],"tags":[],"class_list":["post-29312","post","type-post","status-publish","format-standard","has-post-thumbnail","hentry","category-g-z-w","column","threecol","has-thumbnail"],"yoast_head":"<!-- This site is optimized with the Yoast SEO plugin v24.6 - https:\/\/yoast.com\/wordpress\/plugins\/seo\/ -->\n<title>Warum wir auch eine Kennzeichnungspflicht brauchen ... | TIERHEIM MOERS<\/title>\n<meta name=\"robots\" content=\"index, follow, max-snippet:-1, max-image-preview:large, max-video-preview:-1\" \/>\n<link rel=\"canonical\" href=\"https:\/\/tierheim-moers.de\/Wordpress\/warum-wir-auch-eine-kennzeichnungspflicht-brauchen\/\" \/>\n<meta property=\"og:locale\" content=\"de_DE\" \/>\n<meta property=\"og:type\" content=\"article\" \/>\n<meta property=\"og:title\" content=\"Warum wir auch eine Kennzeichnungspflicht brauchen ... | TIERHEIM MOERS\" \/>\n<meta property=\"og:description\" content=\"Immer wieder gibt es mal Fundkatzen, deren Zustand uns ersch\u00fcttert und bei denen es f\u00fcnf vor zw\u00f6lf ist, dass sie eine tier\u00e4rztliche &#8230;\" \/>\n<meta property=\"og:url\" content=\"https:\/\/tierheim-moers.de\/Wordpress\/warum-wir-auch-eine-kennzeichnungspflicht-brauchen\/\" \/>\n<meta property=\"og:site_name\" content=\"TIERHEIM MOERS\" \/>\n<meta property=\"article:publisher\" content=\"https:\/\/de-de.facebook.com\/moers.tierheim\" \/>\n<meta property=\"article:published_time\" content=\"2020-01-21T18:44:01+00:00\" \/>\n<meta property=\"article:modified_time\" content=\"2020-02-08T16:05:51+00:00\" \/>\n<meta property=\"og:image\" content=\"https:\/\/tierheim-moers.de\/Wordpress\/wp-content\/uploads\/2020\/02\/arlo-von-polly.jpg\" \/>\n\t<meta property=\"og:image:width\" content=\"1578\" \/>\n\t<meta property=\"og:image:height\" content=\"1224\" \/>\n\t<meta property=\"og:image:type\" content=\"image\/jpeg\" \/>\n<meta name=\"author\" content=\"tierheim2014\" \/>\n<meta name=\"twitter:card\" content=\"summary_large_image\" \/>\n<meta name=\"twitter:label1\" content=\"Verfasst von\" \/>\n\t<meta name=\"twitter:data1\" content=\"tierheim2014\" \/>\n\t<meta name=\"twitter:label2\" content=\"Gesch\u00e4tzte Lesezeit\" \/>\n\t<meta name=\"twitter:data2\" content=\"2\u00a0Minuten\" \/>\n<script type=\"application\/ld+json\" class=\"yoast-schema-graph\">{\"@context\":\"https:\/\/schema.org\",\"@graph\":[{\"@type\":\"Article\",\"@id\":\"https:\/\/tierheim-moers.de\/Wordpress\/warum-wir-auch-eine-kennzeichnungspflicht-brauchen\/#article\",\"isPartOf\":{\"@id\":\"https:\/\/tierheim-moers.de\/Wordpress\/warum-wir-auch-eine-kennzeichnungspflicht-brauchen\/\"},\"author\":{\"name\":\"tierheim2014\",\"@id\":\"https:\/\/tierheim-moers.de\/Wordpress\/#\/schema\/person\/bb66fcdf55ca8d06b229c0e748f4a4db\"},\"headline\":\"Warum wir auch eine Kennzeichnungspflicht brauchen &#8230;\",\"datePublished\":\"2020-01-21T18:44:01+00:00\",\"dateModified\":\"2020-02-08T16:05:51+00:00\",\"mainEntityOfPage\":{\"@id\":\"https:\/\/tierheim-moers.de\/Wordpress\/warum-wir-auch-eine-kennzeichnungspflicht-brauchen\/\"},\"wordCount\":433,\"publisher\":{\"@id\":\"https:\/\/tierheim-moers.de\/Wordpress\/#organization\"},\"image\":{\"@id\":\"https:\/\/tierheim-moers.de\/Wordpress\/warum-wir-auch-eine-kennzeichnungspflicht-brauchen\/#primaryimage\"},\"thumbnailUrl\":\"https:\/\/tierheim-moers.de\/Wordpress\/wp-content\/uploads\/2020\/02\/arlo-von-polly.jpg\",\"articleSection\":[\"Gut zu wissen\"],\"inLanguage\":\"de\"},{\"@type\":\"WebPage\",\"@id\":\"https:\/\/tierheim-moers.de\/Wordpress\/warum-wir-auch-eine-kennzeichnungspflicht-brauchen\/\",\"url\":\"https:\/\/tierheim-moers.de\/Wordpress\/warum-wir-auch-eine-kennzeichnungspflicht-brauchen\/\",\"name\":\"Warum wir auch eine Kennzeichnungspflicht brauchen ... | TIERHEIM MOERS\",\"isPartOf\":{\"@id\":\"https:\/\/tierheim-moers.de\/Wordpress\/#website\"},\"primaryImageOfPage\":{\"@id\":\"https:\/\/tierheim-moers.de\/Wordpress\/warum-wir-auch-eine-kennzeichnungspflicht-brauchen\/#primaryimage\"},\"image\":{\"@id\":\"https:\/\/tierheim-moers.de\/Wordpress\/warum-wir-auch-eine-kennzeichnungspflicht-brauchen\/#primaryimage\"},\"thumbnailUrl\":\"https:\/\/tierheim-moers.de\/Wordpress\/wp-content\/uploads\/2020\/02\/arlo-von-polly.jpg\",\"datePublished\":\"2020-01-21T18:44:01+00:00\",\"dateModified\":\"2020-02-08T16:05:51+00:00\",\"breadcrumb\":{\"@id\":\"https:\/\/tierheim-moers.de\/Wordpress\/warum-wir-auch-eine-kennzeichnungspflicht-brauchen\/#breadcrumb\"},\"inLanguage\":\"de\",\"potentialAction\":[{\"@type\":\"ReadAction\",\"target\":[\"https:\/\/tierheim-moers.de\/Wordpress\/warum-wir-auch-eine-kennzeichnungspflicht-brauchen\/\"]}]},{\"@type\":\"ImageObject\",\"inLanguage\":\"de\",\"@id\":\"https:\/\/tierheim-moers.de\/Wordpress\/warum-wir-auch-eine-kennzeichnungspflicht-brauchen\/#primaryimage\",\"url\":\"https:\/\/tierheim-moers.de\/Wordpress\/wp-content\/uploads\/2020\/02\/arlo-von-polly.jpg\",\"contentUrl\":\"https:\/\/tierheim-moers.de\/Wordpress\/wp-content\/uploads\/2020\/02\/arlo-von-polly.jpg\",\"width\":1578,\"height\":1224},{\"@type\":\"BreadcrumbList\",\"@id\":\"https:\/\/tierheim-moers.de\/Wordpress\/warum-wir-auch-eine-kennzeichnungspflicht-brauchen\/#breadcrumb\",\"itemListElement\":[{\"@type\":\"ListItem\",\"position\":1,\"name\":\"Startseite\",\"item\":\"https:\/\/tierheim-moers.de\/Wordpress\/\"},{\"@type\":\"ListItem\",\"position\":2,\"name\":\"Warum wir auch eine Kennzeichnungspflicht brauchen &#8230;\"}]},{\"@type\":\"WebSite\",\"@id\":\"https:\/\/tierheim-moers.de\/Wordpress\/#website\",\"url\":\"https:\/\/tierheim-moers.de\/Wordpress\/\",\"name\":\"Tierheim Moers\",\"description\":\"Tierheim | Hundepension | Tierschutz | Moers\",\"publisher\":{\"@id\":\"https:\/\/tierheim-moers.de\/Wordpress\/#organization\"},\"potentialAction\":[{\"@type\":\"SearchAction\",\"target\":{\"@type\":\"EntryPoint\",\"urlTemplate\":\"https:\/\/tierheim-moers.de\/Wordpress\/?s={search_term_string}\"},\"query-input\":{\"@type\":\"PropertyValueSpecification\",\"valueRequired\":true,\"valueName\":\"search_term_string\"}}],\"inLanguage\":\"de\"},{\"@type\":\"Organization\",\"@id\":\"https:\/\/tierheim-moers.de\/Wordpress\/#organization\",\"name\":\"Tierheim Moers\",\"url\":\"https:\/\/tierheim-moers.de\/Wordpress\/\",\"logo\":{\"@type\":\"ImageObject\",\"inLanguage\":\"de\",\"@id\":\"https:\/\/tierheim-moers.de\/Wordpress\/#\/schema\/logo\/image\/\",\"url\":\"https:\/\/tierheim-moers.de\/Wordpress\/wp-content\/uploads\/2014\/04\/Logo-TSV-Moers-V01-RGB-300.png\",\"contentUrl\":\"https:\/\/tierheim-moers.de\/Wordpress\/wp-content\/uploads\/2014\/04\/Logo-TSV-Moers-V01-RGB-300.png\",\"width\":1052,\"height\":1038,\"caption\":\"Tierheim Moers\"},\"image\":{\"@id\":\"https:\/\/tierheim-moers.de\/Wordpress\/#\/schema\/logo\/image\/\"},\"sameAs\":[\"https:\/\/de-de.facebook.com\/moers.tierheim\"]},{\"@type\":\"Person\",\"@id\":\"https:\/\/tierheim-moers.de\/Wordpress\/#\/schema\/person\/bb66fcdf55ca8d06b229c0e748f4a4db\",\"name\":\"tierheim2014\",\"image\":{\"@type\":\"ImageObject\",\"inLanguage\":\"de\",\"@id\":\"https:\/\/tierheim-moers.de\/Wordpress\/#\/schema\/person\/image\/\",\"url\":\"https:\/\/secure.gravatar.com\/avatar\/a11d93b0c6655bcc0a595174970baea60c3be93d07d0c82976034f22f0e26a03?s=96&d=mm&r=g\",\"contentUrl\":\"https:\/\/secure.gravatar.com\/avatar\/a11d93b0c6655bcc0a595174970baea60c3be93d07d0c82976034f22f0e26a03?s=96&d=mm&r=g\",\"caption\":\"tierheim2014\"},\"url\":\"https:\/\/tierheim-moers.de\/Wordpress\/author\/tierheim2014\/\"}]}<\/script>\n<!-- \/ Yoast SEO plugin. -->","yoast_head_json":{"title":"Warum wir auch eine Kennzeichnungspflicht brauchen ... | TIERHEIM MOERS","robots":{"index":"index","follow":"follow","max-snippet":"max-snippet:-1","max-image-preview":"max-image-preview:large","max-video-preview":"max-video-preview:-1"},"canonical":"https:\/\/tierheim-moers.de\/Wordpress\/warum-wir-auch-eine-kennzeichnungspflicht-brauchen\/","og_locale":"de_DE","og_type":"article","og_title":"Warum wir auch eine Kennzeichnungspflicht brauchen ... | TIERHEIM MOERS","og_description":"Immer wieder gibt es mal Fundkatzen, deren Zustand uns ersch\u00fcttert und bei denen es f\u00fcnf vor zw\u00f6lf ist, dass sie eine tier\u00e4rztliche &#8230;","og_url":"https:\/\/tierheim-moers.de\/Wordpress\/warum-wir-auch-eine-kennzeichnungspflicht-brauchen\/","og_site_name":"TIERHEIM MOERS","article_publisher":"https:\/\/de-de.facebook.com\/moers.tierheim","article_published_time":"2020-01-21T18:44:01+00:00","article_modified_time":"2020-02-08T16:05:51+00:00","og_image":[{"width":1578,"height":1224,"url":"https:\/\/tierheim-moers.de\/Wordpress\/wp-content\/uploads\/2020\/02\/arlo-von-polly.jpg","type":"image\/jpeg"}],"author":"tierheim2014","twitter_card":"summary_large_image","twitter_misc":{"Verfasst von":"tierheim2014","Gesch\u00e4tzte Lesezeit":"2\u00a0Minuten"},"schema":{"@context":"https:\/\/schema.org","@graph":[{"@type":"Article","@id":"https:\/\/tierheim-moers.de\/Wordpress\/warum-wir-auch-eine-kennzeichnungspflicht-brauchen\/#article","isPartOf":{"@id":"https:\/\/tierheim-moers.de\/Wordpress\/warum-wir-auch-eine-kennzeichnungspflicht-brauchen\/"},"author":{"name":"tierheim2014","@id":"https:\/\/tierheim-moers.de\/Wordpress\/#\/schema\/person\/bb66fcdf55ca8d06b229c0e748f4a4db"},"headline":"Warum wir auch eine Kennzeichnungspflicht brauchen &#8230;","datePublished":"2020-01-21T18:44:01+00:00","dateModified":"2020-02-08T16:05:51+00:00","mainEntityOfPage":{"@id":"https:\/\/tierheim-moers.de\/Wordpress\/warum-wir-auch-eine-kennzeichnungspflicht-brauchen\/"},"wordCount":433,"publisher":{"@id":"https:\/\/tierheim-moers.de\/Wordpress\/#organization"},"image":{"@id":"https:\/\/tierheim-moers.de\/Wordpress\/warum-wir-auch-eine-kennzeichnungspflicht-brauchen\/#primaryimage"},"thumbnailUrl":"https:\/\/tierheim-moers.de\/Wordpress\/wp-content\/uploads\/2020\/02\/arlo-von-polly.jpg","articleSection":["Gut zu wissen"],"inLanguage":"de"},{"@type":"WebPage","@id":"https:\/\/tierheim-moers.de\/Wordpress\/warum-wir-auch-eine-kennzeichnungspflicht-brauchen\/","url":"https:\/\/tierheim-moers.de\/Wordpress\/warum-wir-auch-eine-kennzeichnungspflicht-brauchen\/","name":"Warum wir auch eine Kennzeichnungspflicht brauchen ... | TIERHEIM MOERS","isPartOf":{"@id":"https:\/\/tierheim-moers.de\/Wordpress\/#website"},"primaryImageOfPage":{"@id":"https:\/\/tierheim-moers.de\/Wordpress\/warum-wir-auch-eine-kennzeichnungspflicht-brauchen\/#primaryimage"},"image":{"@id":"https:\/\/tierheim-moers.de\/Wordpress\/warum-wir-auch-eine-kennzeichnungspflicht-brauchen\/#primaryimage"},"thumbnailUrl":"https:\/\/tierheim-moers.de\/Wordpress\/wp-content\/uploads\/2020\/02\/arlo-von-polly.jpg","datePublished":"2020-01-21T18:44:01+00:00","dateModified":"2020-02-08T16:05:51+00:00","breadcrumb":{"@id":"https:\/\/tierheim-moers.de\/Wordpress\/warum-wir-auch-eine-kennzeichnungspflicht-brauchen\/#breadcrumb"},"inLanguage":"de","potentialAction":[{"@type":"ReadAction","target":["https:\/\/tierheim-moers.de\/Wordpress\/warum-wir-auch-eine-kennzeichnungspflicht-brauchen\/"]}]},{"@type":"ImageObject","inLanguage":"de","@id":"https:\/\/tierheim-moers.de\/Wordpress\/warum-wir-auch-eine-kennzeichnungspflicht-brauchen\/#primaryimage","url":"https:\/\/tierheim-moers.de\/Wordpress\/wp-content\/uploads\/2020\/02\/arlo-von-polly.jpg","contentUrl":"https:\/\/tierheim-moers.de\/Wordpress\/wp-content\/uploads\/2020\/02\/arlo-von-polly.jpg","width":1578,"height":1224},{"@type":"BreadcrumbList","@id":"https:\/\/tierheim-moers.de\/Wordpress\/warum-wir-auch-eine-kennzeichnungspflicht-brauchen\/#breadcrumb","itemListElement":[{"@type":"ListItem","position":1,"name":"Startseite","item":"https:\/\/tierheim-moers.de\/Wordpress\/"},{"@type":"ListItem","position":2,"name":"Warum wir auch eine Kennzeichnungspflicht brauchen &#8230;"}]},{"@type":"WebSite","@id":"https:\/\/tierheim-moers.de\/Wordpress\/#website","url":"https:\/\/tierheim-moers.de\/Wordpress\/","name":"Tierheim Moers","description":"Tierheim | Hundepension | Tierschutz | Moers","publisher":{"@id":"https:\/\/tierheim-moers.de\/Wordpress\/#organization"},"potentialAction":[{"@type":"SearchAction","target":{"@type":"EntryPoint","urlTemplate":"https:\/\/tierheim-moers.de\/Wordpress\/?s={search_term_string}"},"query-input":{"@type":"PropertyValueSpecification","valueRequired":true,"valueName":"search_term_string"}}],"inLanguage":"de"},{"@type":"Organization","@id":"https:\/\/tierheim-moers.de\/Wordpress\/#organization","name":"Tierheim Moers","url":"https:\/\/tierheim-moers.de\/Wordpress\/","logo":{"@type":"ImageObject","inLanguage":"de","@id":"https:\/\/tierheim-moers.de\/Wordpress\/#\/schema\/logo\/image\/","url":"https:\/\/tierheim-moers.de\/Wordpress\/wp-content\/uploads\/2014\/04\/Logo-TSV-Moers-V01-RGB-300.png","contentUrl":"https:\/\/tierheim-moers.de\/Wordpress\/wp-content\/uploads\/2014\/04\/Logo-TSV-Moers-V01-RGB-300.png","width":1052,"height":1038,"caption":"Tierheim Moers"},"image":{"@id":"https:\/\/tierheim-moers.de\/Wordpress\/#\/schema\/logo\/image\/"},"sameAs":["https:\/\/de-de.facebook.com\/moers.tierheim"]},{"@type":"Person","@id":"https:\/\/tierheim-moers.de\/Wordpress\/#\/schema\/person\/bb66fcdf55ca8d06b229c0e748f4a4db","name":"tierheim2014","image":{"@type":"ImageObject","inLanguage":"de","@id":"https:\/\/tierheim-moers.de\/Wordpress\/#\/schema\/person\/image\/","url":"https:\/\/secure.gravatar.com\/avatar\/a11d93b0c6655bcc0a595174970baea60c3be93d07d0c82976034f22f0e26a03?s=96&d=mm&r=g","contentUrl":"https:\/\/secure.gravatar.com\/avatar\/a11d93b0c6655bcc0a595174970baea60c3be93d07d0c82976034f22f0e26a03?s=96&d=mm&r=g","caption":"tierheim2014"},"url":"https:\/\/tierheim-moers.de\/Wordpress\/author\/tierheim2014\/"}]}},"_links":{"self":[{"href":"https:\/\/tierheim-moers.de\/Wordpress\/wp-json\/wp\/v2\/posts\/29312","targetHints":{"allow":["GET"]}}],"collection":[{"href":"https:\/\/tierheim-moers.de\/Wordpress\/wp-json\/wp\/v2\/posts"}],"about":[{"href":"https:\/\/tierheim-moers.de\/Wordpress\/wp-json\/wp\/v2\/types\/post"}],"author":[{"embeddable":true,"href":"https:\/\/tierheim-moers.de\/Wordpress\/wp-json\/wp\/v2\/users\/3"}],"replies":[{"embeddable":true,"href":"https:\/\/tierheim-moers.de\/Wordpress\/wp-json\/wp\/v2\/comments?post=29312"}],"version-history":[{"count":4,"href":"https:\/\/tierheim-moers.de\/Wordpress\/wp-json\/wp\/v2\/posts\/29312\/revisions"}],"predecessor-version":[{"id":29848,"href":"https:\/\/tierheim-moers.de\/Wordpress\/wp-json\/wp\/v2\/posts\/29312\/revisions\/29848"}],"wp:featuredmedia":[{"embeddable":true,"href":"https:\/\/tierheim-moers.de\/Wordpress\/wp-json\/wp\/v2\/media\/29568"}],"wp:attachment":[{"href":"https:\/\/tierheim-moers.de\/Wordpress\/wp-json\/wp\/v2\/media?parent=29312"}],"wp:term":[{"taxonomy":"category","embeddable":true,"href":"https:\/\/tierheim-moers.de\/Wordpress\/wp-json\/wp\/v2\/categories?post=29312"},{"taxonomy":"post_tag","embeddable":true,"href":"https:\/\/tierheim-moers.de\/Wordpress\/wp-json\/wp\/v2\/tags?post=29312"}],"curies":[{"name":"wp","href":"https:\/\/api.w.org\/{rel}","templated":true}]}}