{"id":29630,"date":"2020-02-02T21:00:44","date_gmt":"2020-02-02T19:00:44","guid":{"rendered":"https:\/\/tierheim-moers.de\/Wordpress\/?p=29630"},"modified":"2020-02-13T22:44:28","modified_gmt":"2020-02-13T20:44:28","slug":"fund-katze-aus-krefeld-vom-02-02-2020","status":"publish","type":"post","link":"https:\/\/tierheim-moers.de\/Wordpress\/fund-katze-aus-krefeld-vom-02-02-2020\/","title":{"rendered":"Mulan muss sich noch erholen &#8211; sie hat es nicht geschafft"},"content":{"rendered":"<p><span id=\"fbPhotoSnowliftCaption\" class=\"fbPhotosPhotoCaption\" tabindex=\"0\" aria-live=\"polite\" data-ft=\"{&quot;tn&quot;:&quot;K&quot;}\"><span class=\"hasCaption\"><a href=\"https:\/\/tierheim-moers.de\/Wordpress\/wp-content\/uploads\/2020\/02\/fk-vom-02-02-2020.jpg\"><img fetchpriority=\"high\" decoding=\"async\" class=\"size-medium wp-image-29632 alignleft\" src=\"https:\/\/tierheim-moers.de\/Wordpress\/wp-content\/uploads\/2020\/02\/fk-vom-02-02-2020-169x300.jpg\" alt=\"\" width=\"169\" height=\"300\" srcset=\"https:\/\/tierheim-moers.de\/Wordpress\/wp-content\/uploads\/2020\/02\/fk-vom-02-02-2020-169x300.jpg 169w, https:\/\/tierheim-moers.de\/Wordpress\/wp-content\/uploads\/2020\/02\/fk-vom-02-02-2020.jpg 540w\" sizes=\"(max-width: 169px) 100vw, 169px\" \/><\/a><\/span><\/span><\/p>\n<p><a href=\"https:\/\/tierheim-moers.de\/Wordpress\/wp-content\/uploads\/2020\/02\/fk-mulan4.jpg\"><img decoding=\"async\" class=\"alignnone size-medium wp-image-29750\" src=\"https:\/\/tierheim-moers.de\/Wordpress\/wp-content\/uploads\/2020\/02\/fk-mulan4-300x193.jpg\" alt=\"\" width=\"300\" height=\"193\" srcset=\"https:\/\/tierheim-moers.de\/Wordpress\/wp-content\/uploads\/2020\/02\/fk-mulan4-300x193.jpg 300w, https:\/\/tierheim-moers.de\/Wordpress\/wp-content\/uploads\/2020\/02\/fk-mulan4-1024x659.jpg 1024w, https:\/\/tierheim-moers.de\/Wordpress\/wp-content\/uploads\/2020\/02\/fk-mulan4-768x494.jpg 768w, https:\/\/tierheim-moers.de\/Wordpress\/wp-content\/uploads\/2020\/02\/fk-mulan4-600x386.jpg 600w, https:\/\/tierheim-moers.de\/Wordpress\/wp-content\/uploads\/2020\/02\/fk-mulan4-1536x988.jpg 1536w, https:\/\/tierheim-moers.de\/Wordpress\/wp-content\/uploads\/2020\/02\/fk-mulan4-700x450.jpg 700w, https:\/\/tierheim-moers.de\/Wordpress\/wp-content\/uploads\/2020\/02\/fk-mulan4-1320x849.jpg 1320w, https:\/\/tierheim-moers.de\/Wordpress\/wp-content\/uploads\/2020\/02\/fk-mulan4.jpg 1600w\" sizes=\"(max-width: 300px) 100vw, 300px\" \/><\/a><\/p>\n<p>&nbsp;<\/p>\n<p>&nbsp;<\/p>\n\n<table id=\"tablepress-73F20\" class=\"tablepress tablepress-id-73F20\">\n<tbody class=\"row-striping row-hover\">\n<tr class=\"row-1\">\n\t<td class=\"column-1\">Name des Tiers:<\/td><td class=\"column-2\">Mulan<\/td>\n<\/tr>\n<tr class=\"row-2\">\n\t<td class=\"column-1\">Bestandsnummer:<\/td><td class=\"column-2\">73 F 20<\/td>\n<\/tr>\n<tr class=\"row-3\">\n\t<td class=\"column-1\">Aufnahmegrund:<\/td><td class=\"column-2\">Fundtier<\/td>\n<\/tr>\n<tr class=\"row-4\">\n\t<td class=\"column-1\">Im Tierheim seit:<\/td><td class=\"column-2\">02.02.2020<\/td>\n<\/tr>\n<tr class=\"row-5\">\n\t<td class=\"column-1\">Rasse:<\/td><td class=\"column-2\">EKH<\/td>\n<\/tr>\n<tr class=\"row-6\">\n\t<td class=\"column-1\">Geschlecht:<\/td><td class=\"column-2\">weiblich, kastriert??<\/td>\n<\/tr>\n<tr class=\"row-7\">\n\t<td class=\"column-1\">Farbe\/Felll\u00e4nge:<\/td><td class=\"column-2\">grau-getigert mit wei\u00df<\/td>\n<\/tr>\n<tr class=\"row-8\">\n\t<td class=\"column-1\">Geburtsdatum:<\/td><td class=\"column-2\">ca. 2009<\/td>\n<\/tr>\n<tr class=\"row-9\">\n\t<td class=\"column-1\">Schulterh\u00f6he\/Gewicht:<\/td><td class=\"column-2\"><\/td>\n<\/tr>\n<tr class=\"row-10\">\n\t<td class=\"column-1\">Fundort\/Abgabegrund:<\/td><td class=\"column-2\">Krefeld<\/td>\n<\/tr>\n<tr class=\"row-11\">\n\t<td class=\"column-1\">Tierbeschreibung:<\/td><td class=\"column-2\">Freig\u00e4nger<\/td>\n<\/tr>\n<\/tbody>\n<\/table>\n\n<p>13.02.2020<\/p>\n<p>Leider gibt es heute keine guten Nachrichten von Mulan. Ein Ultraschall zeigte einen Tumor in der Leber, viele anderen Organe waren angegriffen. Dadurch konnte auch ihr weiterhin sehr schlechter Zustand erkl\u00e4rt werden.<\/p>\n<p>Schweren Herzens konnten wir nichts anderes f\u00fcr diese liebensw\u00fcrdige Samtpfote tun, als sie von ihrem Leiden zu erl\u00f6sen. Wir haben ihr geholfen, ruhig und friedlich \u00fcber die Regenbogenbr\u00fccke zu gehen.<\/p>\n<p>F\u00fcr uns alle ist es immer wieder sehr traurig, wenn unsere Hoffnung, einem Tier endg\u00fcltig helfen zu k\u00f6nnen , nicht in Erf\u00fcllung geht. G\u00f6nnen wir ihr ein leidensfreies Leben auf der anderen Seite der Regenbogenbr\u00fccke.<\/p>\n<p>06.02.2020<\/p>\n<p>Nach einigen Tagen Aufenthalt in der Tierklinik ist Mulan nun in unsere Krankenstation umgezogen. Hier wird sie weiter medizinisch versorgt und kann sich erholen. Sobald sie vermittelt werden kann, werden wir es berichten.<\/p>\n<p>02.02.2020<\/p>\n<p><span id=\"fbPhotoSnowliftCaption\" class=\"fbPhotosPhotoCaption\" tabindex=\"0\" aria-live=\"polite\" data-ft=\"{&quot;tn&quot;:&quot;K&quot;}\"><span class=\"hasCaption\">Fundkatze aus Krefeld<\/span><\/span><\/p>\n<p>Diese weibliche Katze (kein Chip) wurde heute auf dem Oldenburger Weg in 47829 Krefeld gesichert. Wer die Katze kennt oder vermisst, kann sich bitte direkt im Tierheim melden.<\/p>\n<div class=\"shariff shariff-align-flex-start shariff-widget-align-center\" data-url=\"https%3A%2F%2Ftierheim-moers.de%2FWordpress%2Ffund-katze-aus-krefeld-vom-02-02-2020%2F\" data-timestamp=\"1581633868\" data-hidezero=\"1\" data-backendurl=\"https:\/\/tierheim-moers.de\/Wordpress\/wp-json\/shariff\/v1\/share_counts?\"><ul class=\"shariff-buttons theme-round orientation-horizontal buttonsize-small\"><li class=\"shariff-button facebook shariff-nocustomcolor\" style=\"background-color:#4273c8\"><a href=\"https:\/\/www.facebook.com\/sharer\/sharer.php?u=https%3A%2F%2Ftierheim-moers.de%2FWordpress%2Ffund-katze-aus-krefeld-vom-02-02-2020%2F\" title=\"Bei Facebook teilen\" aria-label=\"Bei Facebook teilen\" role=\"button\" rel=\"nofollow\" class=\"shariff-link\" style=\"; background-color:#3b5998; color:#fff\" target=\"_blank\"><span class=\"shariff-icon\" style=\"\"><svg width=\"32px\" height=\"20px\" xmlns=\"http:\/\/www.w3.org\/2000\/svg\" viewBox=\"0 0 18 32\"><path fill=\"#3b5998\" d=\"M17.1 0.2v4.7h-2.8q-1.5 0-2.1 0.6t-0.5 1.9v3.4h5.2l-0.7 5.3h-4.5v13.6h-5.5v-13.6h-4.5v-5.3h4.5v-3.9q0-3.3 1.9-5.2t5-1.8q2.6 0 4.1 0.2z\"\/><\/svg><\/span><\/a><\/li><li class=\"shariff-button twitter shariff-nocustomcolor\" style=\"background-color:#595959\"><a href=\"https:\/\/twitter.com\/share?url=https%3A%2F%2Ftierheim-moers.de%2FWordpress%2Ffund-katze-aus-krefeld-vom-02-02-2020%2F&text=Mulan%20muss%20sich%20noch%20erholen%20%E2%80%93%20sie%20hat%20es%20nicht%20geschafft\" title=\"Bei X teilen\" aria-label=\"Bei X teilen\" role=\"button\" rel=\"noopener nofollow\" class=\"shariff-link\" style=\"; background-color:#000; color:#fff\" target=\"_blank\"><span class=\"shariff-icon\" style=\"\"><svg width=\"32px\" height=\"20px\" xmlns=\"http:\/\/www.w3.org\/2000\/svg\" viewBox=\"0 0 24 24\"><path fill=\"#000\" d=\"M14.258 10.152L23.176 0h-2.113l-7.747 8.813L7.133 0H0l9.352 13.328L0 23.973h2.113l8.176-9.309 6.531 9.309h7.133zm-2.895 3.293l-.949-1.328L2.875 1.56h3.246l6.086 8.523.945 1.328 7.91 11.078h-3.246zm0 0\"\/><\/svg><\/span><\/a><\/li><li class=\"shariff-button whatsapp shariff-nocustomcolor\" style=\"background-color:#5cbe4a\"><a href=\"https:\/\/api.whatsapp.com\/send?text=https%3A%2F%2Ftierheim-moers.de%2FWordpress%2Ffund-katze-aus-krefeld-vom-02-02-2020%2F%20Mulan%20muss%20sich%20noch%20erholen%20%E2%80%93%20sie%20hat%20es%20nicht%20geschafft\" title=\"Bei Whatsapp teilen\" aria-label=\"Bei Whatsapp teilen\" role=\"button\" rel=\"noopener nofollow\" class=\"shariff-link\" style=\"; background-color:#34af23; color:#fff\" target=\"_blank\"><span class=\"shariff-icon\" style=\"\"><svg width=\"32px\" height=\"20px\" xmlns=\"http:\/\/www.w3.org\/2000\/svg\" viewBox=\"0 0 32 32\"><path fill=\"#34af23\" d=\"M17.6 17.4q0.2 0 1.7 0.8t1.6 0.9q0 0.1 0 0.3 0 0.6-0.3 1.4-0.3 0.7-1.3 1.2t-1.8 0.5q-1 0-3.4-1.1-1.7-0.8-3-2.1t-2.6-3.3q-1.3-1.9-1.3-3.5v-0.1q0.1-1.6 1.3-2.8 0.4-0.4 0.9-0.4 0.1 0 0.3 0t0.3 0q0.3 0 0.5 0.1t0.3 0.5q0.1 0.4 0.6 1.6t0.4 1.3q0 0.4-0.6 1t-0.6 0.8q0 0.1 0.1 0.3 0.6 1.3 1.8 2.4 1 0.9 2.7 1.8 0.2 0.1 0.4 0.1 0.3 0 1-0.9t0.9-0.9zM14 26.9q2.3 0 4.3-0.9t3.6-2.4 2.4-3.6 0.9-4.3-0.9-4.3-2.4-3.6-3.6-2.4-4.3-0.9-4.3 0.9-3.6 2.4-2.4 3.6-0.9 4.3q0 3.6 2.1 6.6l-1.4 4.2 4.3-1.4q2.8 1.9 6.2 1.9zM14 2.2q2.7 0 5.2 1.1t4.3 2.9 2.9 4.3 1.1 5.2-1.1 5.2-2.9 4.3-4.3 2.9-5.2 1.1q-3.5 0-6.5-1.7l-7.4 2.4 2.4-7.2q-1.9-3.2-1.9-6.9 0-2.7 1.1-5.2t2.9-4.3 4.3-2.9 5.2-1.1z\"\/><\/svg><\/span><\/a><\/li><li class=\"shariff-button sms shariff-nocustomcolor shariff-mobile\" style=\"background-color:#d7d9d8\"><a href=\"sms:?&body=https%3A%2F%2Ftierheim-moers.de%2FWordpress%2Ffund-katze-aus-krefeld-vom-02-02-2020%2F\" title=\"Per SMS teilen\" aria-label=\"Per SMS teilen\" role=\"button\" rel=\"noopener nofollow\" class=\"shariff-link\" style=\"; background-color:#a1e877; color:#fff\" target=\"_blank\"><span class=\"shariff-icon\" style=\"\"><svg xmlns=\"http:\/\/www.w3.org\/2000\/svg\" width=\"510\" height=\"510\" viewBox=\"0 0 510 510\"><path fill=\"#a1e877\" d=\"M459 0H51C23 0 0 23 0 51v459l102-102h357c28.1 0 51-22.9 51-51V51C510 23 487.1 0 459 0zM178.5 229.5h-51v-51h51V229.5zM280.5 229.5h-51v-51h51V229.5zM382.5 229.5h-51v-51h51V229.5z\"\/><\/svg><\/span><\/a><\/li><\/ul><\/div>","protected":false},"excerpt":{"rendered":"<p>&nbsp; &nbsp; 13.02.2020 Leider gibt es heute keine guten Nachrichten von Mulan. Ein Ultraschall zeigte einen Tumor in der Leber, viele anderen Organe waren angegriffen. Dadurch konnte auch ihr weiterhin sehr schlechter Zustand erkl\u00e4rt werden. Schweren Herzens konnten wir nichts anderes f\u00fcr diese liebensw\u00fcrdige Samtpfote tun, als sie von ihrem &#8230;<\/p>\n","protected":false},"author":4,"featured_media":29631,"comment_status":"closed","ping_status":"open","sticky":false,"template":"","format":"standard","meta":{"ngg_post_thumbnail":0,"footnotes":""},"categories":[35],"tags":[],"class_list":["post-29630","post","type-post","status-publish","format-standard","has-post-thumbnail","hentry","category-regenbogenbruecke","column","threecol","has-thumbnail"],"yoast_head":"<!-- This site is optimized with the Yoast SEO plugin v24.6 - https:\/\/yoast.com\/wordpress\/plugins\/seo\/ -->\n<title>Mulan muss sich noch erholen - sie hat es nicht geschafft | TIERHEIM MOERS<\/title>\n<meta name=\"robots\" content=\"index, follow, max-snippet:-1, max-image-preview:large, max-video-preview:-1\" \/>\n<link rel=\"canonical\" href=\"https:\/\/tierheim-moers.de\/Wordpress\/fund-katze-aus-krefeld-vom-02-02-2020\/\" \/>\n<meta property=\"og:locale\" content=\"de_DE\" \/>\n<meta property=\"og:type\" content=\"article\" \/>\n<meta property=\"og:title\" content=\"Mulan muss sich noch erholen - sie hat es nicht geschafft | TIERHEIM MOERS\" \/>\n<meta property=\"og:description\" content=\"&nbsp; &nbsp; 13.02.2020 Leider gibt es heute keine guten Nachrichten von Mulan. Ein Ultraschall zeigte einen Tumor in der Leber, viele anderen &#8230;\" \/>\n<meta property=\"og:url\" content=\"https:\/\/tierheim-moers.de\/Wordpress\/fund-katze-aus-krefeld-vom-02-02-2020\/\" \/>\n<meta property=\"og:site_name\" content=\"TIERHEIM MOERS\" \/>\n<meta property=\"article:publisher\" content=\"https:\/\/de-de.facebook.com\/moers.tierheim\" \/>\n<meta property=\"article:published_time\" content=\"2020-02-02T19:00:44+00:00\" \/>\n<meta property=\"article:modified_time\" content=\"2020-02-13T20:44:28+00:00\" \/>\n<meta property=\"og:image\" content=\"https:\/\/tierheim-moers.de\/Wordpress\/wp-content\/uploads\/2020\/02\/fk-vom-02-02-2020-ausschnitt.jpg\" \/>\n\t<meta property=\"og:image:width\" content=\"540\" \/>\n\t<meta property=\"og:image:height\" content=\"539\" \/>\n\t<meta property=\"og:image:type\" content=\"image\/jpeg\" \/>\n<meta name=\"author\" content=\"Gisela Kuhnen\" \/>\n<meta name=\"twitter:card\" content=\"summary_large_image\" \/>\n<meta name=\"twitter:label1\" content=\"Verfasst von\" \/>\n\t<meta name=\"twitter:data1\" content=\"Gisela Kuhnen\" \/>\n\t<meta name=\"twitter:label2\" content=\"Gesch\u00e4tzte Lesezeit\" \/>\n\t<meta name=\"twitter:data2\" content=\"1\u00a0Minute\" \/>\n<script type=\"application\/ld+json\" class=\"yoast-schema-graph\">{\"@context\":\"https:\/\/schema.org\",\"@graph\":[{\"@type\":\"Article\",\"@id\":\"https:\/\/tierheim-moers.de\/Wordpress\/fund-katze-aus-krefeld-vom-02-02-2020\/#article\",\"isPartOf\":{\"@id\":\"https:\/\/tierheim-moers.de\/Wordpress\/fund-katze-aus-krefeld-vom-02-02-2020\/\"},\"author\":{\"name\":\"Gisela Kuhnen\",\"@id\":\"https:\/\/tierheim-moers.de\/Wordpress\/#\/schema\/person\/35ad410ed2d8620d4f57f813585b0d8e\"},\"headline\":\"Mulan muss sich noch erholen &#8211; sie hat es nicht geschafft\",\"datePublished\":\"2020-02-02T19:00:44+00:00\",\"dateModified\":\"2020-02-13T20:44:28+00:00\",\"mainEntityOfPage\":{\"@id\":\"https:\/\/tierheim-moers.de\/Wordpress\/fund-katze-aus-krefeld-vom-02-02-2020\/\"},\"wordCount\":186,\"publisher\":{\"@id\":\"https:\/\/tierheim-moers.de\/Wordpress\/#organization\"},\"image\":{\"@id\":\"https:\/\/tierheim-moers.de\/Wordpress\/fund-katze-aus-krefeld-vom-02-02-2020\/#primaryimage\"},\"thumbnailUrl\":\"https:\/\/tierheim-moers.de\/Wordpress\/wp-content\/uploads\/2020\/02\/fk-vom-02-02-2020-ausschnitt.jpg\",\"articleSection\":[\"Regenbogenbr\u00fccke\"],\"inLanguage\":\"de\"},{\"@type\":\"WebPage\",\"@id\":\"https:\/\/tierheim-moers.de\/Wordpress\/fund-katze-aus-krefeld-vom-02-02-2020\/\",\"url\":\"https:\/\/tierheim-moers.de\/Wordpress\/fund-katze-aus-krefeld-vom-02-02-2020\/\",\"name\":\"Mulan muss sich noch erholen - sie hat es nicht geschafft | TIERHEIM MOERS\",\"isPartOf\":{\"@id\":\"https:\/\/tierheim-moers.de\/Wordpress\/#website\"},\"primaryImageOfPage\":{\"@id\":\"https:\/\/tierheim-moers.de\/Wordpress\/fund-katze-aus-krefeld-vom-02-02-2020\/#primaryimage\"},\"image\":{\"@id\":\"https:\/\/tierheim-moers.de\/Wordpress\/fund-katze-aus-krefeld-vom-02-02-2020\/#primaryimage\"},\"thumbnailUrl\":\"https:\/\/tierheim-moers.de\/Wordpress\/wp-content\/uploads\/2020\/02\/fk-vom-02-02-2020-ausschnitt.jpg\",\"datePublished\":\"2020-02-02T19:00:44+00:00\",\"dateModified\":\"2020-02-13T20:44:28+00:00\",\"breadcrumb\":{\"@id\":\"https:\/\/tierheim-moers.de\/Wordpress\/fund-katze-aus-krefeld-vom-02-02-2020\/#breadcrumb\"},\"inLanguage\":\"de\",\"potentialAction\":[{\"@type\":\"ReadAction\",\"target\":[\"https:\/\/tierheim-moers.de\/Wordpress\/fund-katze-aus-krefeld-vom-02-02-2020\/\"]}]},{\"@type\":\"ImageObject\",\"inLanguage\":\"de\",\"@id\":\"https:\/\/tierheim-moers.de\/Wordpress\/fund-katze-aus-krefeld-vom-02-02-2020\/#primaryimage\",\"url\":\"https:\/\/tierheim-moers.de\/Wordpress\/wp-content\/uploads\/2020\/02\/fk-vom-02-02-2020-ausschnitt.jpg\",\"contentUrl\":\"https:\/\/tierheim-moers.de\/Wordpress\/wp-content\/uploads\/2020\/02\/fk-vom-02-02-2020-ausschnitt.jpg\",\"width\":540,\"height\":539},{\"@type\":\"BreadcrumbList\",\"@id\":\"https:\/\/tierheim-moers.de\/Wordpress\/fund-katze-aus-krefeld-vom-02-02-2020\/#breadcrumb\",\"itemListElement\":[{\"@type\":\"ListItem\",\"position\":1,\"name\":\"Startseite\",\"item\":\"https:\/\/tierheim-moers.de\/Wordpress\/\"},{\"@type\":\"ListItem\",\"position\":2,\"name\":\"Mulan muss sich noch erholen &#8211; sie hat es nicht geschafft\"}]},{\"@type\":\"WebSite\",\"@id\":\"https:\/\/tierheim-moers.de\/Wordpress\/#website\",\"url\":\"https:\/\/tierheim-moers.de\/Wordpress\/\",\"name\":\"Tierheim Moers\",\"description\":\"Tierheim | Hundepension | Tierschutz | Moers\",\"publisher\":{\"@id\":\"https:\/\/tierheim-moers.de\/Wordpress\/#organization\"},\"potentialAction\":[{\"@type\":\"SearchAction\",\"target\":{\"@type\":\"EntryPoint\",\"urlTemplate\":\"https:\/\/tierheim-moers.de\/Wordpress\/?s={search_term_string}\"},\"query-input\":{\"@type\":\"PropertyValueSpecification\",\"valueRequired\":true,\"valueName\":\"search_term_string\"}}],\"inLanguage\":\"de\"},{\"@type\":\"Organization\",\"@id\":\"https:\/\/tierheim-moers.de\/Wordpress\/#organization\",\"name\":\"Tierheim Moers\",\"url\":\"https:\/\/tierheim-moers.de\/Wordpress\/\",\"logo\":{\"@type\":\"ImageObject\",\"inLanguage\":\"de\",\"@id\":\"https:\/\/tierheim-moers.de\/Wordpress\/#\/schema\/logo\/image\/\",\"url\":\"https:\/\/tierheim-moers.de\/Wordpress\/wp-content\/uploads\/2014\/04\/Logo-TSV-Moers-V01-RGB-300.png\",\"contentUrl\":\"https:\/\/tierheim-moers.de\/Wordpress\/wp-content\/uploads\/2014\/04\/Logo-TSV-Moers-V01-RGB-300.png\",\"width\":1052,\"height\":1038,\"caption\":\"Tierheim Moers\"},\"image\":{\"@id\":\"https:\/\/tierheim-moers.de\/Wordpress\/#\/schema\/logo\/image\/\"},\"sameAs\":[\"https:\/\/de-de.facebook.com\/moers.tierheim\"]},{\"@type\":\"Person\",\"@id\":\"https:\/\/tierheim-moers.de\/Wordpress\/#\/schema\/person\/35ad410ed2d8620d4f57f813585b0d8e\",\"name\":\"Gisela Kuhnen\",\"image\":{\"@type\":\"ImageObject\",\"inLanguage\":\"de\",\"@id\":\"https:\/\/tierheim-moers.de\/Wordpress\/#\/schema\/person\/image\/\",\"url\":\"https:\/\/secure.gravatar.com\/avatar\/807ca84b4538291e2f5dc665ed240a0d4d7ab8f22360ec427a82fe926980b31a?s=96&d=mm&r=g\",\"contentUrl\":\"https:\/\/secure.gravatar.com\/avatar\/807ca84b4538291e2f5dc665ed240a0d4d7ab8f22360ec427a82fe926980b31a?s=96&d=mm&r=g\",\"caption\":\"Gisela Kuhnen\"},\"url\":\"https:\/\/tierheim-moers.de\/Wordpress\/author\/gisela-kuhnen\/\"}]}<\/script>\n<!-- \/ Yoast SEO plugin. -->","yoast_head_json":{"title":"Mulan muss sich noch erholen - sie hat es nicht geschafft | TIERHEIM MOERS","robots":{"index":"index","follow":"follow","max-snippet":"max-snippet:-1","max-image-preview":"max-image-preview:large","max-video-preview":"max-video-preview:-1"},"canonical":"https:\/\/tierheim-moers.de\/Wordpress\/fund-katze-aus-krefeld-vom-02-02-2020\/","og_locale":"de_DE","og_type":"article","og_title":"Mulan muss sich noch erholen - sie hat es nicht geschafft | TIERHEIM MOERS","og_description":"&nbsp; &nbsp; 13.02.2020 Leider gibt es heute keine guten Nachrichten von Mulan. Ein Ultraschall zeigte einen Tumor in der Leber, viele anderen &#8230;","og_url":"https:\/\/tierheim-moers.de\/Wordpress\/fund-katze-aus-krefeld-vom-02-02-2020\/","og_site_name":"TIERHEIM MOERS","article_publisher":"https:\/\/de-de.facebook.com\/moers.tierheim","article_published_time":"2020-02-02T19:00:44+00:00","article_modified_time":"2020-02-13T20:44:28+00:00","og_image":[{"width":540,"height":539,"url":"https:\/\/tierheim-moers.de\/Wordpress\/wp-content\/uploads\/2020\/02\/fk-vom-02-02-2020-ausschnitt.jpg","type":"image\/jpeg"}],"author":"Gisela Kuhnen","twitter_card":"summary_large_image","twitter_misc":{"Verfasst von":"Gisela Kuhnen","Gesch\u00e4tzte Lesezeit":"1\u00a0Minute"},"schema":{"@context":"https:\/\/schema.org","@graph":[{"@type":"Article","@id":"https:\/\/tierheim-moers.de\/Wordpress\/fund-katze-aus-krefeld-vom-02-02-2020\/#article","isPartOf":{"@id":"https:\/\/tierheim-moers.de\/Wordpress\/fund-katze-aus-krefeld-vom-02-02-2020\/"},"author":{"name":"Gisela Kuhnen","@id":"https:\/\/tierheim-moers.de\/Wordpress\/#\/schema\/person\/35ad410ed2d8620d4f57f813585b0d8e"},"headline":"Mulan muss sich noch erholen &#8211; sie hat es nicht geschafft","datePublished":"2020-02-02T19:00:44+00:00","dateModified":"2020-02-13T20:44:28+00:00","mainEntityOfPage":{"@id":"https:\/\/tierheim-moers.de\/Wordpress\/fund-katze-aus-krefeld-vom-02-02-2020\/"},"wordCount":186,"publisher":{"@id":"https:\/\/tierheim-moers.de\/Wordpress\/#organization"},"image":{"@id":"https:\/\/tierheim-moers.de\/Wordpress\/fund-katze-aus-krefeld-vom-02-02-2020\/#primaryimage"},"thumbnailUrl":"https:\/\/tierheim-moers.de\/Wordpress\/wp-content\/uploads\/2020\/02\/fk-vom-02-02-2020-ausschnitt.jpg","articleSection":["Regenbogenbr\u00fccke"],"inLanguage":"de"},{"@type":"WebPage","@id":"https:\/\/tierheim-moers.de\/Wordpress\/fund-katze-aus-krefeld-vom-02-02-2020\/","url":"https:\/\/tierheim-moers.de\/Wordpress\/fund-katze-aus-krefeld-vom-02-02-2020\/","name":"Mulan muss sich noch erholen - sie hat es nicht geschafft | TIERHEIM MOERS","isPartOf":{"@id":"https:\/\/tierheim-moers.de\/Wordpress\/#website"},"primaryImageOfPage":{"@id":"https:\/\/tierheim-moers.de\/Wordpress\/fund-katze-aus-krefeld-vom-02-02-2020\/#primaryimage"},"image":{"@id":"https:\/\/tierheim-moers.de\/Wordpress\/fund-katze-aus-krefeld-vom-02-02-2020\/#primaryimage"},"thumbnailUrl":"https:\/\/tierheim-moers.de\/Wordpress\/wp-content\/uploads\/2020\/02\/fk-vom-02-02-2020-ausschnitt.jpg","datePublished":"2020-02-02T19:00:44+00:00","dateModified":"2020-02-13T20:44:28+00:00","breadcrumb":{"@id":"https:\/\/tierheim-moers.de\/Wordpress\/fund-katze-aus-krefeld-vom-02-02-2020\/#breadcrumb"},"inLanguage":"de","potentialAction":[{"@type":"ReadAction","target":["https:\/\/tierheim-moers.de\/Wordpress\/fund-katze-aus-krefeld-vom-02-02-2020\/"]}]},{"@type":"ImageObject","inLanguage":"de","@id":"https:\/\/tierheim-moers.de\/Wordpress\/fund-katze-aus-krefeld-vom-02-02-2020\/#primaryimage","url":"https:\/\/tierheim-moers.de\/Wordpress\/wp-content\/uploads\/2020\/02\/fk-vom-02-02-2020-ausschnitt.jpg","contentUrl":"https:\/\/tierheim-moers.de\/Wordpress\/wp-content\/uploads\/2020\/02\/fk-vom-02-02-2020-ausschnitt.jpg","width":540,"height":539},{"@type":"BreadcrumbList","@id":"https:\/\/tierheim-moers.de\/Wordpress\/fund-katze-aus-krefeld-vom-02-02-2020\/#breadcrumb","itemListElement":[{"@type":"ListItem","position":1,"name":"Startseite","item":"https:\/\/tierheim-moers.de\/Wordpress\/"},{"@type":"ListItem","position":2,"name":"Mulan muss sich noch erholen &#8211; sie hat es nicht geschafft"}]},{"@type":"WebSite","@id":"https:\/\/tierheim-moers.de\/Wordpress\/#website","url":"https:\/\/tierheim-moers.de\/Wordpress\/","name":"Tierheim Moers","description":"Tierheim | Hundepension | Tierschutz | Moers","publisher":{"@id":"https:\/\/tierheim-moers.de\/Wordpress\/#organization"},"potentialAction":[{"@type":"SearchAction","target":{"@type":"EntryPoint","urlTemplate":"https:\/\/tierheim-moers.de\/Wordpress\/?s={search_term_string}"},"query-input":{"@type":"PropertyValueSpecification","valueRequired":true,"valueName":"search_term_string"}}],"inLanguage":"de"},{"@type":"Organization","@id":"https:\/\/tierheim-moers.de\/Wordpress\/#organization","name":"Tierheim Moers","url":"https:\/\/tierheim-moers.de\/Wordpress\/","logo":{"@type":"ImageObject","inLanguage":"de","@id":"https:\/\/tierheim-moers.de\/Wordpress\/#\/schema\/logo\/image\/","url":"https:\/\/tierheim-moers.de\/Wordpress\/wp-content\/uploads\/2014\/04\/Logo-TSV-Moers-V01-RGB-300.png","contentUrl":"https:\/\/tierheim-moers.de\/Wordpress\/wp-content\/uploads\/2014\/04\/Logo-TSV-Moers-V01-RGB-300.png","width":1052,"height":1038,"caption":"Tierheim Moers"},"image":{"@id":"https:\/\/tierheim-moers.de\/Wordpress\/#\/schema\/logo\/image\/"},"sameAs":["https:\/\/de-de.facebook.com\/moers.tierheim"]},{"@type":"Person","@id":"https:\/\/tierheim-moers.de\/Wordpress\/#\/schema\/person\/35ad410ed2d8620d4f57f813585b0d8e","name":"Gisela Kuhnen","image":{"@type":"ImageObject","inLanguage":"de","@id":"https:\/\/tierheim-moers.de\/Wordpress\/#\/schema\/person\/image\/","url":"https:\/\/secure.gravatar.com\/avatar\/807ca84b4538291e2f5dc665ed240a0d4d7ab8f22360ec427a82fe926980b31a?s=96&d=mm&r=g","contentUrl":"https:\/\/secure.gravatar.com\/avatar\/807ca84b4538291e2f5dc665ed240a0d4d7ab8f22360ec427a82fe926980b31a?s=96&d=mm&r=g","caption":"Gisela Kuhnen"},"url":"https:\/\/tierheim-moers.de\/Wordpress\/author\/gisela-kuhnen\/"}]}},"_links":{"self":[{"href":"https:\/\/tierheim-moers.de\/Wordpress\/wp-json\/wp\/v2\/posts\/29630","targetHints":{"allow":["GET"]}}],"collection":[{"href":"https:\/\/tierheim-moers.de\/Wordpress\/wp-json\/wp\/v2\/posts"}],"about":[{"href":"https:\/\/tierheim-moers.de\/Wordpress\/wp-json\/wp\/v2\/types\/post"}],"author":[{"embeddable":true,"href":"https:\/\/tierheim-moers.de\/Wordpress\/wp-json\/wp\/v2\/users\/4"}],"replies":[{"embeddable":true,"href":"https:\/\/tierheim-moers.de\/Wordpress\/wp-json\/wp\/v2\/comments?post=29630"}],"version-history":[{"count":6,"href":"https:\/\/tierheim-moers.de\/Wordpress\/wp-json\/wp\/v2\/posts\/29630\/revisions"}],"predecessor-version":[{"id":29960,"href":"https:\/\/tierheim-moers.de\/Wordpress\/wp-json\/wp\/v2\/posts\/29630\/revisions\/29960"}],"wp:featuredmedia":[{"embeddable":true,"href":"https:\/\/tierheim-moers.de\/Wordpress\/wp-json\/wp\/v2\/media\/29631"}],"wp:attachment":[{"href":"https:\/\/tierheim-moers.de\/Wordpress\/wp-json\/wp\/v2\/media?parent=29630"}],"wp:term":[{"taxonomy":"category","embeddable":true,"href":"https:\/\/tierheim-moers.de\/Wordpress\/wp-json\/wp\/v2\/categories?post=29630"},{"taxonomy":"post_tag","embeddable":true,"href":"https:\/\/tierheim-moers.de\/Wordpress\/wp-json\/wp\/v2\/tags?post=29630"}],"curies":[{"name":"wp","href":"https:\/\/api.w.org\/{rel}","templated":true}]}}