{"id":31212,"date":"2020-11-24T15:51:46","date_gmt":"2020-11-24T13:51:46","guid":{"rendered":"https:\/\/tierheim-moers.de\/Wordpress\/?p=31212"},"modified":"2020-11-24T17:33:10","modified_gmt":"2020-11-24T15:33:10","slug":"wohlfuehlkater-wollknaeuel-heisst-jetzt-sunny","status":"publish","type":"post","link":"https:\/\/tierheim-moers.de\/Wordpress\/wohlfuehlkater-wollknaeuel-heisst-jetzt-sunny\/","title":{"rendered":"Wohlf\u00fchlkater Wollkn\u00e4uel hei\u00dft jetzt Sunny und ist Pokalgewinner"},"content":{"rendered":"<p>24.11.2020<a href=\"https:\/\/tierheim-moers.de\/Wordpress\/wp-content\/uploads\/2020\/04\/wollknaeuel.jpg5_.jpg\"><img fetchpriority=\"high\" decoding=\"async\" class=\"size-medium wp-image-36234 alignright\" src=\"https:\/\/tierheim-moers.de\/Wordpress\/wp-content\/uploads\/2020\/04\/wollknaeuel.jpg5_-300x300.jpg\" alt=\"\" width=\"300\" height=\"300\" srcset=\"https:\/\/tierheim-moers.de\/Wordpress\/wp-content\/uploads\/2020\/04\/wollknaeuel.jpg5_-300x300.jpg 300w, https:\/\/tierheim-moers.de\/Wordpress\/wp-content\/uploads\/2020\/04\/wollknaeuel.jpg5_-150x150.jpg 150w, https:\/\/tierheim-moers.de\/Wordpress\/wp-content\/uploads\/2020\/04\/wollknaeuel.jpg5_-432x432.jpg 432w, https:\/\/tierheim-moers.de\/Wordpress\/wp-content\/uploads\/2020\/04\/wollknaeuel.jpg5_-268x268.jpg 268w, https:\/\/tierheim-moers.de\/Wordpress\/wp-content\/uploads\/2020\/04\/wollknaeuel.jpg5_-45x45.jpg 45w, https:\/\/tierheim-moers.de\/Wordpress\/wp-content\/uploads\/2020\/04\/wollknaeuel.jpg5_.jpg 480w\" sizes=\"(max-width: 300px) 100vw, 300px\" \/><\/a><\/p>\n<p><a href=\"https:\/\/tierheim-moers.de\/Wordpress\/wp-content\/uploads\/2020\/04\/wollknaeuel.jpg7_.jpg\"><img decoding=\"async\" class=\"alignleft wp-image-36236 size-thumbnail\" src=\"https:\/\/tierheim-moers.de\/Wordpress\/wp-content\/uploads\/2020\/04\/wollknaeuel.jpg7_-150x150.jpg\" alt=\"\" width=\"150\" height=\"150\" srcset=\"https:\/\/tierheim-moers.de\/Wordpress\/wp-content\/uploads\/2020\/04\/wollknaeuel.jpg7_-150x150.jpg 150w, https:\/\/tierheim-moers.de\/Wordpress\/wp-content\/uploads\/2020\/04\/wollknaeuel.jpg7_-300x300.jpg 300w, https:\/\/tierheim-moers.de\/Wordpress\/wp-content\/uploads\/2020\/04\/wollknaeuel.jpg7_-432x432.jpg 432w, https:\/\/tierheim-moers.de\/Wordpress\/wp-content\/uploads\/2020\/04\/wollknaeuel.jpg7_-268x268.jpg 268w, https:\/\/tierheim-moers.de\/Wordpress\/wp-content\/uploads\/2020\/04\/wollknaeuel.jpg7_-45x45.jpg 45w, https:\/\/tierheim-moers.de\/Wordpress\/wp-content\/uploads\/2020\/04\/wollknaeuel.jpg7_.jpg 480w\" sizes=\"(max-width: 150px) 100vw, 150px\" \/><\/a><\/p>\n<p>Hier ein paar sonnige Gr\u00fc\u00dfe von Kater Sunny. Wie schon bereits angek\u00fcndigt, hat Sunny einen Ehrenpokal in einer Online Show vom Verein Felidae e.V. f\u00fcr seinen besonderen Look erhalten. Darauf sind wir besonders stolz, da eigentlich nur Rassekatzen mit Stammbaum zugelassen sind. Der Pokal ist nun eingetroffen (siehe Anhang). Anbei noch ein paar Impressionen. Ihr h\u00f6rt wieder von uns.<\/p>\n<p><a href=\"https:\/\/tierheim-moers.de\/Wordpress\/wp-content\/uploads\/2020\/04\/wollknaeuel.jpg6_.jpg\"><img decoding=\"async\" class=\"alignnone size-medium wp-image-36235\" src=\"https:\/\/tierheim-moers.de\/Wordpress\/wp-content\/uploads\/2020\/04\/wollknaeuel.jpg6_-300x300.jpg\" alt=\"\" width=\"300\" height=\"300\" srcset=\"https:\/\/tierheim-moers.de\/Wordpress\/wp-content\/uploads\/2020\/04\/wollknaeuel.jpg6_-300x300.jpg 300w, https:\/\/tierheim-moers.de\/Wordpress\/wp-content\/uploads\/2020\/04\/wollknaeuel.jpg6_-150x150.jpg 150w, https:\/\/tierheim-moers.de\/Wordpress\/wp-content\/uploads\/2020\/04\/wollknaeuel.jpg6_-432x432.jpg 432w, https:\/\/tierheim-moers.de\/Wordpress\/wp-content\/uploads\/2020\/04\/wollknaeuel.jpg6_-268x268.jpg 268w, https:\/\/tierheim-moers.de\/Wordpress\/wp-content\/uploads\/2020\/04\/wollknaeuel.jpg6_-45x45.jpg 45w, https:\/\/tierheim-moers.de\/Wordpress\/wp-content\/uploads\/2020\/04\/wollknaeuel.jpg6_.jpg 480w\" sizes=\"(max-width: 300px) 100vw, 300px\" \/><\/a><a href=\"https:\/\/tierheim-moers.de\/Wordpress\/wp-content\/uploads\/2020\/04\/wollknaeuel.jpg4_.jpg\"><img loading=\"lazy\" decoding=\"async\" class=\"alignnone size-medium wp-image-36233\" src=\"https:\/\/tierheim-moers.de\/Wordpress\/wp-content\/uploads\/2020\/04\/wollknaeuel.jpg4_-300x300.jpg\" alt=\"\" width=\"300\" height=\"300\" srcset=\"https:\/\/tierheim-moers.de\/Wordpress\/wp-content\/uploads\/2020\/04\/wollknaeuel.jpg4_-300x300.jpg 300w, https:\/\/tierheim-moers.de\/Wordpress\/wp-content\/uploads\/2020\/04\/wollknaeuel.jpg4_-150x150.jpg 150w, https:\/\/tierheim-moers.de\/Wordpress\/wp-content\/uploads\/2020\/04\/wollknaeuel.jpg4_-432x432.jpg 432w, https:\/\/tierheim-moers.de\/Wordpress\/wp-content\/uploads\/2020\/04\/wollknaeuel.jpg4_-268x268.jpg 268w, https:\/\/tierheim-moers.de\/Wordpress\/wp-content\/uploads\/2020\/04\/wollknaeuel.jpg4_-45x45.jpg 45w, https:\/\/tierheim-moers.de\/Wordpress\/wp-content\/uploads\/2020\/04\/wollknaeuel.jpg4_.jpg 480w\" sizes=\"(max-width: 300px) 100vw, 300px\" \/><\/a><\/p>\n<p><a href=\"https:\/\/tierheim-moers.de\/Wordpress\/wp-content\/uploads\/2020\/04\/wollknaeuel.jpg3_.jpg\"><img loading=\"lazy\" decoding=\"async\" class=\"alignnone size-medium wp-image-36232\" src=\"https:\/\/tierheim-moers.de\/Wordpress\/wp-content\/uploads\/2020\/04\/wollknaeuel.jpg3_-300x239.jpg\" alt=\"\" width=\"300\" height=\"239\" srcset=\"https:\/\/tierheim-moers.de\/Wordpress\/wp-content\/uploads\/2020\/04\/wollknaeuel.jpg3_-300x239.jpg 300w, https:\/\/tierheim-moers.de\/Wordpress\/wp-content\/uploads\/2020\/04\/wollknaeuel.jpg3_-600x478.jpg 600w, https:\/\/tierheim-moers.de\/Wordpress\/wp-content\/uploads\/2020\/04\/wollknaeuel.jpg3_.jpg 603w\" sizes=\"(max-width: 300px) 100vw, 300px\" \/>Das haben wir zu erwarten, wenn wir f\u00fcr Sunny Sch\u00f6nheit sorgen<\/a><\/p>\n<p>Juni 2020<\/p>\n<p>Was Sunny (ehemals Wollkn\u00e4uel \u2013 Vermittlung 15.04.2020) betrifft, muss ich noch sagen, geht es ihm bestens.<\/p>\n<p>Sunny hat in einer Online Show, wo eigentlich nur Rassekatzen mit Stammbaum zugelassen sind, einen Ehrenpokal von einem Edelkatzen-Verein gewonnen. Sobald ich diesen habe, mache ich gern ein paar Fotos. Das ist ja was ganz Besonderes (da der Preis der Online Show eine Ausnahme war). Viele liebe Gr\u00fc\u00dfe und einen angenehmen Sonntag. Eva<\/p>\n<p><a href=\"https:\/\/tierheim-moers.de\/Wordpress\/wp-content\/uploads\/2020\/04\/wollknaeuel.jpg6_.jpg\"><img decoding=\"async\" class=\"alignnone size-medium wp-image-36235\" src=\"https:\/\/tierheim-moers.de\/Wordpress\/wp-content\/uploads\/2020\/04\/wollknaeuel.jpg6_-300x300.jpg\" alt=\"\" width=\"300\" height=\"300\" srcset=\"https:\/\/tierheim-moers.de\/Wordpress\/wp-content\/uploads\/2020\/04\/wollknaeuel.jpg6_-300x300.jpg 300w, https:\/\/tierheim-moers.de\/Wordpress\/wp-content\/uploads\/2020\/04\/wollknaeuel.jpg6_-150x150.jpg 150w, https:\/\/tierheim-moers.de\/Wordpress\/wp-content\/uploads\/2020\/04\/wollknaeuel.jpg6_-432x432.jpg 432w, https:\/\/tierheim-moers.de\/Wordpress\/wp-content\/uploads\/2020\/04\/wollknaeuel.jpg6_-268x268.jpg 268w, https:\/\/tierheim-moers.de\/Wordpress\/wp-content\/uploads\/2020\/04\/wollknaeuel.jpg6_-45x45.jpg 45w, https:\/\/tierheim-moers.de\/Wordpress\/wp-content\/uploads\/2020\/04\/wollknaeuel.jpg6_.jpg 480w\" sizes=\"(max-width: 300px) 100vw, 300px\" \/><\/a><\/p>\n<p>16.04.2020<\/p>\n<p>Huhu, <a href=\"https:\/\/tierheim-moers.de\/Wordpress\/wp-content\/uploads\/2020\/04\/wollkn\u00e4uel.jpg2_-scaled.jpg\"><img loading=\"lazy\" decoding=\"async\" class=\"size-medium wp-image-31215 alignright\" src=\"https:\/\/tierheim-moers.de\/Wordpress\/wp-content\/uploads\/2020\/04\/wollkn\u00e4uel.jpg2_-142x300.jpg\" alt=\"\" width=\"142\" height=\"300\" srcset=\"https:\/\/tierheim-moers.de\/Wordpress\/wp-content\/uploads\/2020\/04\/wollkn\u00e4uel.jpg2_-142x300.jpg 142w, https:\/\/tierheim-moers.de\/Wordpress\/wp-content\/uploads\/2020\/04\/wollkn\u00e4uel.jpg2_-485x1024.jpg 485w, https:\/\/tierheim-moers.de\/Wordpress\/wp-content\/uploads\/2020\/04\/wollkn\u00e4uel.jpg2_-768x1623.jpg 768w, https:\/\/tierheim-moers.de\/Wordpress\/wp-content\/uploads\/2020\/04\/wollkn\u00e4uel.jpg2_-600x1268.jpg 600w, https:\/\/tierheim-moers.de\/Wordpress\/wp-content\/uploads\/2020\/04\/wollkn\u00e4uel.jpg2_-727x1536.jpg 727w, https:\/\/tierheim-moers.de\/Wordpress\/wp-content\/uploads\/2020\/04\/wollkn\u00e4uel.jpg2_-969x2048.jpg 969w, https:\/\/tierheim-moers.de\/Wordpress\/wp-content\/uploads\/2020\/04\/wollkn\u00e4uel.jpg2_-700x1479.jpg 700w, https:\/\/tierheim-moers.de\/Wordpress\/wp-content\/uploads\/2020\/04\/wollkn\u00e4uel.jpg2_-1320x2789.jpg 1320w, https:\/\/tierheim-moers.de\/Wordpress\/wp-content\/uploads\/2020\/04\/wollkn\u00e4uel.jpg2_-scaled.jpg 1211w\" sizes=\"(max-width: 142px) 100vw, 142px\" \/><\/a><a href=\"https:\/\/tierheim-moers.de\/Wordpress\/wp-content\/uploads\/2020\/04\/wollkn\u00e4uel.jpg\"><img loading=\"lazy\" decoding=\"async\" class=\"size-medium wp-image-31214 alignleft\" src=\"https:\/\/tierheim-moers.de\/Wordpress\/wp-content\/uploads\/2020\/04\/wollkn\u00e4uel-142x300.jpg\" alt=\"\" width=\"142\" height=\"300\" srcset=\"https:\/\/tierheim-moers.de\/Wordpress\/wp-content\/uploads\/2020\/04\/wollkn\u00e4uel-142x300.jpg 142w, https:\/\/tierheim-moers.de\/Wordpress\/wp-content\/uploads\/2020\/04\/wollkn\u00e4uel-485x1024.jpg 485w, https:\/\/tierheim-moers.de\/Wordpress\/wp-content\/uploads\/2020\/04\/wollkn\u00e4uel-600x1266.jpg 600w, https:\/\/tierheim-moers.de\/Wordpress\/wp-content\/uploads\/2020\/04\/wollkn\u00e4uel-728x1536.jpg 728w, https:\/\/tierheim-moers.de\/Wordpress\/wp-content\/uploads\/2020\/04\/wollkn\u00e4uel-700x1477.jpg 700w, https:\/\/tierheim-moers.de\/Wordpress\/wp-content\/uploads\/2020\/04\/wollkn\u00e4uel.jpg 758w\" sizes=\"(max-width: 142px) 100vw, 142px\" \/><\/a><\/p>\n<p>wollte nur kurz Bescheid geben, dass er sich offensichtlich direkt wohl f\u00fchlt. Er ist aber ganz sch\u00f6n lebendig und fit. Hoffentlich kommt der Kratzbaum morgen (denn er klettert auch gern). Das Sofa und alle M\u00f6bel hat er schon vollst\u00e4ndig in Beschlag genommen.<\/p>\n<p>Ich kann mein Gl\u00fcck noch gar nicht fassen. Er ist super cool und total anh\u00e4nglich (verfolgt mich auf Schritt und Tritt und kuschelt auch gern).<\/p>\n<p>Eine absolute Schmusebacke!<\/p>\n<p>Viele liebe Gr\u00fc\u00dfe und herzlichen Dank.<\/p>\n<p>eva<\/p>\n<p>Das sieht auf Anhieb gut aus. Weiter so. Vielen Dank f\u00fcr die R\u00fcckmeldung und die Fotos.<\/p>\n<p>Euer Tierheimteam<\/p>\n<div class=\"shariff shariff-align-flex-start shariff-widget-align-center\" data-url=\"https%3A%2F%2Ftierheim-moers.de%2FWordpress%2Fwohlfuehlkater-wollknaeuel-heisst-jetzt-sunny%2F\" data-timestamp=\"1606239190\" data-hidezero=\"1\" data-backendurl=\"https:\/\/tierheim-moers.de\/Wordpress\/wp-json\/shariff\/v1\/share_counts?\"><ul class=\"shariff-buttons theme-round orientation-horizontal buttonsize-small\"><li class=\"shariff-button facebook shariff-nocustomcolor\" style=\"background-color:#4273c8\"><a href=\"https:\/\/www.facebook.com\/sharer\/sharer.php?u=https%3A%2F%2Ftierheim-moers.de%2FWordpress%2Fwohlfuehlkater-wollknaeuel-heisst-jetzt-sunny%2F\" title=\"Bei Facebook teilen\" aria-label=\"Bei Facebook teilen\" role=\"button\" rel=\"nofollow\" class=\"shariff-link\" style=\"; background-color:#3b5998; color:#fff\" target=\"_blank\"><span class=\"shariff-icon\" style=\"\"><svg width=\"32px\" height=\"20px\" xmlns=\"http:\/\/www.w3.org\/2000\/svg\" viewBox=\"0 0 18 32\"><path fill=\"#3b5998\" d=\"M17.1 0.2v4.7h-2.8q-1.5 0-2.1 0.6t-0.5 1.9v3.4h5.2l-0.7 5.3h-4.5v13.6h-5.5v-13.6h-4.5v-5.3h4.5v-3.9q0-3.3 1.9-5.2t5-1.8q2.6 0 4.1 0.2z\"\/><\/svg><\/span><\/a><\/li><li class=\"shariff-button twitter shariff-nocustomcolor\" style=\"background-color:#595959\"><a href=\"https:\/\/twitter.com\/share?url=https%3A%2F%2Ftierheim-moers.de%2FWordpress%2Fwohlfuehlkater-wollknaeuel-heisst-jetzt-sunny%2F&text=Wohlf%C3%BChlkater%20Wollkn%C3%A4uel%20hei%C3%9Ft%20jetzt%20Sunny%20und%20ist%20Pokalgewinner\" title=\"Bei X teilen\" aria-label=\"Bei X teilen\" role=\"button\" rel=\"noopener nofollow\" class=\"shariff-link\" style=\"; background-color:#000; color:#fff\" target=\"_blank\"><span class=\"shariff-icon\" style=\"\"><svg width=\"32px\" height=\"20px\" xmlns=\"http:\/\/www.w3.org\/2000\/svg\" viewBox=\"0 0 24 24\"><path fill=\"#000\" d=\"M14.258 10.152L23.176 0h-2.113l-7.747 8.813L7.133 0H0l9.352 13.328L0 23.973h2.113l8.176-9.309 6.531 9.309h7.133zm-2.895 3.293l-.949-1.328L2.875 1.56h3.246l6.086 8.523.945 1.328 7.91 11.078h-3.246zm0 0\"\/><\/svg><\/span><\/a><\/li><li class=\"shariff-button whatsapp shariff-nocustomcolor\" style=\"background-color:#5cbe4a\"><a href=\"https:\/\/api.whatsapp.com\/send?text=https%3A%2F%2Ftierheim-moers.de%2FWordpress%2Fwohlfuehlkater-wollknaeuel-heisst-jetzt-sunny%2F%20Wohlf%C3%BChlkater%20Wollkn%C3%A4uel%20hei%C3%9Ft%20jetzt%20Sunny%20und%20ist%20Pokalgewinner\" title=\"Bei Whatsapp teilen\" aria-label=\"Bei Whatsapp teilen\" role=\"button\" rel=\"noopener nofollow\" class=\"shariff-link\" style=\"; background-color:#34af23; color:#fff\" target=\"_blank\"><span class=\"shariff-icon\" style=\"\"><svg width=\"32px\" height=\"20px\" xmlns=\"http:\/\/www.w3.org\/2000\/svg\" viewBox=\"0 0 32 32\"><path fill=\"#34af23\" d=\"M17.6 17.4q0.2 0 1.7 0.8t1.6 0.9q0 0.1 0 0.3 0 0.6-0.3 1.4-0.3 0.7-1.3 1.2t-1.8 0.5q-1 0-3.4-1.1-1.7-0.8-3-2.1t-2.6-3.3q-1.3-1.9-1.3-3.5v-0.1q0.1-1.6 1.3-2.8 0.4-0.4 0.9-0.4 0.1 0 0.3 0t0.3 0q0.3 0 0.5 0.1t0.3 0.5q0.1 0.4 0.6 1.6t0.4 1.3q0 0.4-0.6 1t-0.6 0.8q0 0.1 0.1 0.3 0.6 1.3 1.8 2.4 1 0.9 2.7 1.8 0.2 0.1 0.4 0.1 0.3 0 1-0.9t0.9-0.9zM14 26.9q2.3 0 4.3-0.9t3.6-2.4 2.4-3.6 0.9-4.3-0.9-4.3-2.4-3.6-3.6-2.4-4.3-0.9-4.3 0.9-3.6 2.4-2.4 3.6-0.9 4.3q0 3.6 2.1 6.6l-1.4 4.2 4.3-1.4q2.8 1.9 6.2 1.9zM14 2.2q2.7 0 5.2 1.1t4.3 2.9 2.9 4.3 1.1 5.2-1.1 5.2-2.9 4.3-4.3 2.9-5.2 1.1q-3.5 0-6.5-1.7l-7.4 2.4 2.4-7.2q-1.9-3.2-1.9-6.9 0-2.7 1.1-5.2t2.9-4.3 4.3-2.9 5.2-1.1z\"\/><\/svg><\/span><\/a><\/li><li class=\"shariff-button sms shariff-nocustomcolor shariff-mobile\" style=\"background-color:#d7d9d8\"><a href=\"sms:?&body=https%3A%2F%2Ftierheim-moers.de%2FWordpress%2Fwohlfuehlkater-wollknaeuel-heisst-jetzt-sunny%2F\" title=\"Per SMS teilen\" aria-label=\"Per SMS teilen\" role=\"button\" rel=\"noopener nofollow\" class=\"shariff-link\" style=\"; background-color:#a1e877; color:#fff\" target=\"_blank\"><span class=\"shariff-icon\" style=\"\"><svg xmlns=\"http:\/\/www.w3.org\/2000\/svg\" width=\"510\" height=\"510\" viewBox=\"0 0 510 510\"><path fill=\"#a1e877\" d=\"M459 0H51C23 0 0 23 0 51v459l102-102h357c28.1 0 51-22.9 51-51V51C510 23 487.1 0 459 0zM178.5 229.5h-51v-51h51V229.5zM280.5 229.5h-51v-51h51V229.5zM382.5 229.5h-51v-51h51V229.5z\"\/><\/svg><\/span><\/a><\/li><\/ul><\/div>","protected":false},"excerpt":{"rendered":"<p>24.11.2020 Hier ein paar sonnige Gr\u00fc\u00dfe von Kater Sunny. Wie schon bereits angek\u00fcndigt, hat Sunny einen Ehrenpokal in einer Online Show vom Verein Felidae e.V. f\u00fcr seinen besonderen Look erhalten. Darauf sind wir besonders stolz, da eigentlich nur Rassekatzen mit Stammbaum zugelassen sind. Der Pokal ist nun eingetroffen (siehe Anhang). &#8230;<\/p>\n","protected":false},"author":4,"featured_media":36234,"comment_status":"closed","ping_status":"open","sticky":false,"template":"","format":"standard","meta":{"ngg_post_thumbnail":0,"footnotes":""},"categories":[32],"tags":[],"class_list":["post-31212","post","type-post","status-publish","format-standard","has-post-thumbnail","hentry","category-erfolgsgeschichten","column","threecol","has-thumbnail"],"yoast_head":"<!-- This site is optimized with the Yoast SEO plugin v24.6 - https:\/\/yoast.com\/wordpress\/plugins\/seo\/ -->\n<title>Wohlf\u00fchlkater Wollkn\u00e4uel hei\u00dft jetzt Sunny und ist Pokalgewinner | TIERHEIM MOERS<\/title>\n<meta name=\"robots\" content=\"index, follow, max-snippet:-1, max-image-preview:large, max-video-preview:-1\" \/>\n<link rel=\"canonical\" href=\"https:\/\/tierheim-moers.de\/Wordpress\/wohlfuehlkater-wollknaeuel-heisst-jetzt-sunny\/\" \/>\n<meta property=\"og:locale\" content=\"de_DE\" \/>\n<meta property=\"og:type\" content=\"article\" \/>\n<meta property=\"og:title\" content=\"Wohlf\u00fchlkater Wollkn\u00e4uel hei\u00dft jetzt Sunny und ist Pokalgewinner | TIERHEIM MOERS\" \/>\n<meta property=\"og:description\" content=\"24.11.2020 Hier ein paar sonnige Gr\u00fc\u00dfe von Kater Sunny. Wie schon bereits angek\u00fcndigt, hat Sunny einen Ehrenpokal in einer Online Show vom &#8230;\" \/>\n<meta property=\"og:url\" content=\"https:\/\/tierheim-moers.de\/Wordpress\/wohlfuehlkater-wollknaeuel-heisst-jetzt-sunny\/\" \/>\n<meta property=\"og:site_name\" content=\"TIERHEIM MOERS\" \/>\n<meta property=\"article:publisher\" content=\"https:\/\/de-de.facebook.com\/moers.tierheim\" \/>\n<meta property=\"article:published_time\" content=\"2020-11-24T13:51:46+00:00\" \/>\n<meta property=\"article:modified_time\" content=\"2020-11-24T15:33:10+00:00\" \/>\n<meta property=\"og:image\" content=\"https:\/\/tierheim-moers.de\/Wordpress\/wp-content\/uploads\/2020\/04\/wollknaeuel.jpg5_.jpg\" \/>\n\t<meta property=\"og:image:width\" content=\"480\" \/>\n\t<meta property=\"og:image:height\" content=\"480\" \/>\n\t<meta property=\"og:image:type\" content=\"image\/jpeg\" \/>\n<meta name=\"author\" content=\"Gisela Kuhnen\" \/>\n<meta name=\"twitter:card\" content=\"summary_large_image\" \/>\n<meta name=\"twitter:label1\" content=\"Verfasst von\" \/>\n\t<meta name=\"twitter:data1\" content=\"Gisela Kuhnen\" \/>\n\t<meta name=\"twitter:label2\" content=\"Gesch\u00e4tzte Lesezeit\" \/>\n\t<meta name=\"twitter:data2\" content=\"1\u00a0Minute\" \/>\n<script type=\"application\/ld+json\" class=\"yoast-schema-graph\">{\"@context\":\"https:\/\/schema.org\",\"@graph\":[{\"@type\":\"Article\",\"@id\":\"https:\/\/tierheim-moers.de\/Wordpress\/wohlfuehlkater-wollknaeuel-heisst-jetzt-sunny\/#article\",\"isPartOf\":{\"@id\":\"https:\/\/tierheim-moers.de\/Wordpress\/wohlfuehlkater-wollknaeuel-heisst-jetzt-sunny\/\"},\"author\":{\"name\":\"Gisela Kuhnen\",\"@id\":\"https:\/\/tierheim-moers.de\/Wordpress\/#\/schema\/person\/35ad410ed2d8620d4f57f813585b0d8e\"},\"headline\":\"Wohlf\u00fchlkater Wollkn\u00e4uel hei\u00dft jetzt Sunny und ist Pokalgewinner\",\"datePublished\":\"2020-11-24T13:51:46+00:00\",\"dateModified\":\"2020-11-24T15:33:10+00:00\",\"mainEntityOfPage\":{\"@id\":\"https:\/\/tierheim-moers.de\/Wordpress\/wohlfuehlkater-wollknaeuel-heisst-jetzt-sunny\/\"},\"wordCount\":263,\"publisher\":{\"@id\":\"https:\/\/tierheim-moers.de\/Wordpress\/#organization\"},\"image\":{\"@id\":\"https:\/\/tierheim-moers.de\/Wordpress\/wohlfuehlkater-wollknaeuel-heisst-jetzt-sunny\/#primaryimage\"},\"thumbnailUrl\":\"https:\/\/tierheim-moers.de\/Wordpress\/wp-content\/uploads\/2020\/04\/wollknaeuel.jpg5_.jpg\",\"articleSection\":[\"Erfolgsgeschichten\"],\"inLanguage\":\"de\"},{\"@type\":\"WebPage\",\"@id\":\"https:\/\/tierheim-moers.de\/Wordpress\/wohlfuehlkater-wollknaeuel-heisst-jetzt-sunny\/\",\"url\":\"https:\/\/tierheim-moers.de\/Wordpress\/wohlfuehlkater-wollknaeuel-heisst-jetzt-sunny\/\",\"name\":\"Wohlf\u00fchlkater Wollkn\u00e4uel hei\u00dft jetzt Sunny und ist Pokalgewinner | TIERHEIM MOERS\",\"isPartOf\":{\"@id\":\"https:\/\/tierheim-moers.de\/Wordpress\/#website\"},\"primaryImageOfPage\":{\"@id\":\"https:\/\/tierheim-moers.de\/Wordpress\/wohlfuehlkater-wollknaeuel-heisst-jetzt-sunny\/#primaryimage\"},\"image\":{\"@id\":\"https:\/\/tierheim-moers.de\/Wordpress\/wohlfuehlkater-wollknaeuel-heisst-jetzt-sunny\/#primaryimage\"},\"thumbnailUrl\":\"https:\/\/tierheim-moers.de\/Wordpress\/wp-content\/uploads\/2020\/04\/wollknaeuel.jpg5_.jpg\",\"datePublished\":\"2020-11-24T13:51:46+00:00\",\"dateModified\":\"2020-11-24T15:33:10+00:00\",\"breadcrumb\":{\"@id\":\"https:\/\/tierheim-moers.de\/Wordpress\/wohlfuehlkater-wollknaeuel-heisst-jetzt-sunny\/#breadcrumb\"},\"inLanguage\":\"de\",\"potentialAction\":[{\"@type\":\"ReadAction\",\"target\":[\"https:\/\/tierheim-moers.de\/Wordpress\/wohlfuehlkater-wollknaeuel-heisst-jetzt-sunny\/\"]}]},{\"@type\":\"ImageObject\",\"inLanguage\":\"de\",\"@id\":\"https:\/\/tierheim-moers.de\/Wordpress\/wohlfuehlkater-wollknaeuel-heisst-jetzt-sunny\/#primaryimage\",\"url\":\"https:\/\/tierheim-moers.de\/Wordpress\/wp-content\/uploads\/2020\/04\/wollknaeuel.jpg5_.jpg\",\"contentUrl\":\"https:\/\/tierheim-moers.de\/Wordpress\/wp-content\/uploads\/2020\/04\/wollknaeuel.jpg5_.jpg\",\"width\":480,\"height\":480},{\"@type\":\"BreadcrumbList\",\"@id\":\"https:\/\/tierheim-moers.de\/Wordpress\/wohlfuehlkater-wollknaeuel-heisst-jetzt-sunny\/#breadcrumb\",\"itemListElement\":[{\"@type\":\"ListItem\",\"position\":1,\"name\":\"Startseite\",\"item\":\"https:\/\/tierheim-moers.de\/Wordpress\/\"},{\"@type\":\"ListItem\",\"position\":2,\"name\":\"Wohlf\u00fchlkater Wollkn\u00e4uel hei\u00dft jetzt Sunny und ist Pokalgewinner\"}]},{\"@type\":\"WebSite\",\"@id\":\"https:\/\/tierheim-moers.de\/Wordpress\/#website\",\"url\":\"https:\/\/tierheim-moers.de\/Wordpress\/\",\"name\":\"Tierheim Moers\",\"description\":\"Tierheim | Hundepension | Tierschutz | Moers\",\"publisher\":{\"@id\":\"https:\/\/tierheim-moers.de\/Wordpress\/#organization\"},\"potentialAction\":[{\"@type\":\"SearchAction\",\"target\":{\"@type\":\"EntryPoint\",\"urlTemplate\":\"https:\/\/tierheim-moers.de\/Wordpress\/?s={search_term_string}\"},\"query-input\":{\"@type\":\"PropertyValueSpecification\",\"valueRequired\":true,\"valueName\":\"search_term_string\"}}],\"inLanguage\":\"de\"},{\"@type\":\"Organization\",\"@id\":\"https:\/\/tierheim-moers.de\/Wordpress\/#organization\",\"name\":\"Tierheim Moers\",\"url\":\"https:\/\/tierheim-moers.de\/Wordpress\/\",\"logo\":{\"@type\":\"ImageObject\",\"inLanguage\":\"de\",\"@id\":\"https:\/\/tierheim-moers.de\/Wordpress\/#\/schema\/logo\/image\/\",\"url\":\"https:\/\/tierheim-moers.de\/Wordpress\/wp-content\/uploads\/2014\/04\/Logo-TSV-Moers-V01-RGB-300.png\",\"contentUrl\":\"https:\/\/tierheim-moers.de\/Wordpress\/wp-content\/uploads\/2014\/04\/Logo-TSV-Moers-V01-RGB-300.png\",\"width\":1052,\"height\":1038,\"caption\":\"Tierheim Moers\"},\"image\":{\"@id\":\"https:\/\/tierheim-moers.de\/Wordpress\/#\/schema\/logo\/image\/\"},\"sameAs\":[\"https:\/\/de-de.facebook.com\/moers.tierheim\"]},{\"@type\":\"Person\",\"@id\":\"https:\/\/tierheim-moers.de\/Wordpress\/#\/schema\/person\/35ad410ed2d8620d4f57f813585b0d8e\",\"name\":\"Gisela Kuhnen\",\"image\":{\"@type\":\"ImageObject\",\"inLanguage\":\"de\",\"@id\":\"https:\/\/tierheim-moers.de\/Wordpress\/#\/schema\/person\/image\/\",\"url\":\"https:\/\/secure.gravatar.com\/avatar\/807ca84b4538291e2f5dc665ed240a0d4d7ab8f22360ec427a82fe926980b31a?s=96&d=mm&r=g\",\"contentUrl\":\"https:\/\/secure.gravatar.com\/avatar\/807ca84b4538291e2f5dc665ed240a0d4d7ab8f22360ec427a82fe926980b31a?s=96&d=mm&r=g\",\"caption\":\"Gisela Kuhnen\"},\"url\":\"https:\/\/tierheim-moers.de\/Wordpress\/author\/gisela-kuhnen\/\"}]}<\/script>\n<!-- \/ Yoast SEO plugin. -->","yoast_head_json":{"title":"Wohlf\u00fchlkater Wollkn\u00e4uel hei\u00dft jetzt Sunny und ist Pokalgewinner | TIERHEIM MOERS","robots":{"index":"index","follow":"follow","max-snippet":"max-snippet:-1","max-image-preview":"max-image-preview:large","max-video-preview":"max-video-preview:-1"},"canonical":"https:\/\/tierheim-moers.de\/Wordpress\/wohlfuehlkater-wollknaeuel-heisst-jetzt-sunny\/","og_locale":"de_DE","og_type":"article","og_title":"Wohlf\u00fchlkater Wollkn\u00e4uel hei\u00dft jetzt Sunny und ist Pokalgewinner | TIERHEIM MOERS","og_description":"24.11.2020 Hier ein paar sonnige Gr\u00fc\u00dfe von Kater Sunny. Wie schon bereits angek\u00fcndigt, hat Sunny einen Ehrenpokal in einer Online Show vom &#8230;","og_url":"https:\/\/tierheim-moers.de\/Wordpress\/wohlfuehlkater-wollknaeuel-heisst-jetzt-sunny\/","og_site_name":"TIERHEIM MOERS","article_publisher":"https:\/\/de-de.facebook.com\/moers.tierheim","article_published_time":"2020-11-24T13:51:46+00:00","article_modified_time":"2020-11-24T15:33:10+00:00","og_image":[{"width":480,"height":480,"url":"https:\/\/tierheim-moers.de\/Wordpress\/wp-content\/uploads\/2020\/04\/wollknaeuel.jpg5_.jpg","type":"image\/jpeg"}],"author":"Gisela Kuhnen","twitter_card":"summary_large_image","twitter_misc":{"Verfasst von":"Gisela Kuhnen","Gesch\u00e4tzte Lesezeit":"1\u00a0Minute"},"schema":{"@context":"https:\/\/schema.org","@graph":[{"@type":"Article","@id":"https:\/\/tierheim-moers.de\/Wordpress\/wohlfuehlkater-wollknaeuel-heisst-jetzt-sunny\/#article","isPartOf":{"@id":"https:\/\/tierheim-moers.de\/Wordpress\/wohlfuehlkater-wollknaeuel-heisst-jetzt-sunny\/"},"author":{"name":"Gisela Kuhnen","@id":"https:\/\/tierheim-moers.de\/Wordpress\/#\/schema\/person\/35ad410ed2d8620d4f57f813585b0d8e"},"headline":"Wohlf\u00fchlkater Wollkn\u00e4uel hei\u00dft jetzt Sunny und ist Pokalgewinner","datePublished":"2020-11-24T13:51:46+00:00","dateModified":"2020-11-24T15:33:10+00:00","mainEntityOfPage":{"@id":"https:\/\/tierheim-moers.de\/Wordpress\/wohlfuehlkater-wollknaeuel-heisst-jetzt-sunny\/"},"wordCount":263,"publisher":{"@id":"https:\/\/tierheim-moers.de\/Wordpress\/#organization"},"image":{"@id":"https:\/\/tierheim-moers.de\/Wordpress\/wohlfuehlkater-wollknaeuel-heisst-jetzt-sunny\/#primaryimage"},"thumbnailUrl":"https:\/\/tierheim-moers.de\/Wordpress\/wp-content\/uploads\/2020\/04\/wollknaeuel.jpg5_.jpg","articleSection":["Erfolgsgeschichten"],"inLanguage":"de"},{"@type":"WebPage","@id":"https:\/\/tierheim-moers.de\/Wordpress\/wohlfuehlkater-wollknaeuel-heisst-jetzt-sunny\/","url":"https:\/\/tierheim-moers.de\/Wordpress\/wohlfuehlkater-wollknaeuel-heisst-jetzt-sunny\/","name":"Wohlf\u00fchlkater Wollkn\u00e4uel hei\u00dft jetzt Sunny und ist Pokalgewinner | TIERHEIM MOERS","isPartOf":{"@id":"https:\/\/tierheim-moers.de\/Wordpress\/#website"},"primaryImageOfPage":{"@id":"https:\/\/tierheim-moers.de\/Wordpress\/wohlfuehlkater-wollknaeuel-heisst-jetzt-sunny\/#primaryimage"},"image":{"@id":"https:\/\/tierheim-moers.de\/Wordpress\/wohlfuehlkater-wollknaeuel-heisst-jetzt-sunny\/#primaryimage"},"thumbnailUrl":"https:\/\/tierheim-moers.de\/Wordpress\/wp-content\/uploads\/2020\/04\/wollknaeuel.jpg5_.jpg","datePublished":"2020-11-24T13:51:46+00:00","dateModified":"2020-11-24T15:33:10+00:00","breadcrumb":{"@id":"https:\/\/tierheim-moers.de\/Wordpress\/wohlfuehlkater-wollknaeuel-heisst-jetzt-sunny\/#breadcrumb"},"inLanguage":"de","potentialAction":[{"@type":"ReadAction","target":["https:\/\/tierheim-moers.de\/Wordpress\/wohlfuehlkater-wollknaeuel-heisst-jetzt-sunny\/"]}]},{"@type":"ImageObject","inLanguage":"de","@id":"https:\/\/tierheim-moers.de\/Wordpress\/wohlfuehlkater-wollknaeuel-heisst-jetzt-sunny\/#primaryimage","url":"https:\/\/tierheim-moers.de\/Wordpress\/wp-content\/uploads\/2020\/04\/wollknaeuel.jpg5_.jpg","contentUrl":"https:\/\/tierheim-moers.de\/Wordpress\/wp-content\/uploads\/2020\/04\/wollknaeuel.jpg5_.jpg","width":480,"height":480},{"@type":"BreadcrumbList","@id":"https:\/\/tierheim-moers.de\/Wordpress\/wohlfuehlkater-wollknaeuel-heisst-jetzt-sunny\/#breadcrumb","itemListElement":[{"@type":"ListItem","position":1,"name":"Startseite","item":"https:\/\/tierheim-moers.de\/Wordpress\/"},{"@type":"ListItem","position":2,"name":"Wohlf\u00fchlkater Wollkn\u00e4uel hei\u00dft jetzt Sunny und ist Pokalgewinner"}]},{"@type":"WebSite","@id":"https:\/\/tierheim-moers.de\/Wordpress\/#website","url":"https:\/\/tierheim-moers.de\/Wordpress\/","name":"Tierheim Moers","description":"Tierheim | Hundepension | Tierschutz | Moers","publisher":{"@id":"https:\/\/tierheim-moers.de\/Wordpress\/#organization"},"potentialAction":[{"@type":"SearchAction","target":{"@type":"EntryPoint","urlTemplate":"https:\/\/tierheim-moers.de\/Wordpress\/?s={search_term_string}"},"query-input":{"@type":"PropertyValueSpecification","valueRequired":true,"valueName":"search_term_string"}}],"inLanguage":"de"},{"@type":"Organization","@id":"https:\/\/tierheim-moers.de\/Wordpress\/#organization","name":"Tierheim Moers","url":"https:\/\/tierheim-moers.de\/Wordpress\/","logo":{"@type":"ImageObject","inLanguage":"de","@id":"https:\/\/tierheim-moers.de\/Wordpress\/#\/schema\/logo\/image\/","url":"https:\/\/tierheim-moers.de\/Wordpress\/wp-content\/uploads\/2014\/04\/Logo-TSV-Moers-V01-RGB-300.png","contentUrl":"https:\/\/tierheim-moers.de\/Wordpress\/wp-content\/uploads\/2014\/04\/Logo-TSV-Moers-V01-RGB-300.png","width":1052,"height":1038,"caption":"Tierheim Moers"},"image":{"@id":"https:\/\/tierheim-moers.de\/Wordpress\/#\/schema\/logo\/image\/"},"sameAs":["https:\/\/de-de.facebook.com\/moers.tierheim"]},{"@type":"Person","@id":"https:\/\/tierheim-moers.de\/Wordpress\/#\/schema\/person\/35ad410ed2d8620d4f57f813585b0d8e","name":"Gisela Kuhnen","image":{"@type":"ImageObject","inLanguage":"de","@id":"https:\/\/tierheim-moers.de\/Wordpress\/#\/schema\/person\/image\/","url":"https:\/\/secure.gravatar.com\/avatar\/807ca84b4538291e2f5dc665ed240a0d4d7ab8f22360ec427a82fe926980b31a?s=96&d=mm&r=g","contentUrl":"https:\/\/secure.gravatar.com\/avatar\/807ca84b4538291e2f5dc665ed240a0d4d7ab8f22360ec427a82fe926980b31a?s=96&d=mm&r=g","caption":"Gisela Kuhnen"},"url":"https:\/\/tierheim-moers.de\/Wordpress\/author\/gisela-kuhnen\/"}]}},"_links":{"self":[{"href":"https:\/\/tierheim-moers.de\/Wordpress\/wp-json\/wp\/v2\/posts\/31212","targetHints":{"allow":["GET"]}}],"collection":[{"href":"https:\/\/tierheim-moers.de\/Wordpress\/wp-json\/wp\/v2\/posts"}],"about":[{"href":"https:\/\/tierheim-moers.de\/Wordpress\/wp-json\/wp\/v2\/types\/post"}],"author":[{"embeddable":true,"href":"https:\/\/tierheim-moers.de\/Wordpress\/wp-json\/wp\/v2\/users\/4"}],"replies":[{"embeddable":true,"href":"https:\/\/tierheim-moers.de\/Wordpress\/wp-json\/wp\/v2\/comments?post=31212"}],"version-history":[{"count":3,"href":"https:\/\/tierheim-moers.de\/Wordpress\/wp-json\/wp\/v2\/posts\/31212\/revisions"}],"predecessor-version":[{"id":36237,"href":"https:\/\/tierheim-moers.de\/Wordpress\/wp-json\/wp\/v2\/posts\/31212\/revisions\/36237"}],"wp:featuredmedia":[{"embeddable":true,"href":"https:\/\/tierheim-moers.de\/Wordpress\/wp-json\/wp\/v2\/media\/36234"}],"wp:attachment":[{"href":"https:\/\/tierheim-moers.de\/Wordpress\/wp-json\/wp\/v2\/media?parent=31212"}],"wp:term":[{"taxonomy":"category","embeddable":true,"href":"https:\/\/tierheim-moers.de\/Wordpress\/wp-json\/wp\/v2\/categories?post=31212"},{"taxonomy":"post_tag","embeddable":true,"href":"https:\/\/tierheim-moers.de\/Wordpress\/wp-json\/wp\/v2\/tags?post=31212"}],"curies":[{"name":"wp","href":"https:\/\/api.w.org\/{rel}","templated":true}]}}