{"id":32142,"date":"2025-07-03T17:13:44","date_gmt":"2025-07-03T15:13:44","guid":{"rendered":"https:\/\/tierheim-moers.de\/Wordpress\/?p=32142"},"modified":"2025-10-10T12:40:29","modified_gmt":"2025-10-10T10:40:29","slug":"oskar-laesst-sich-verwoehnen-und-lebt-sich-ein","status":"publish","type":"post","link":"https:\/\/tierheim-moers.de\/Wordpress\/oskar-laesst-sich-verwoehnen-und-lebt-sich-ein\/","title":{"rendered":"Snow (bei uns Oskar) &#8230; hat uns nicht vergessen"},"content":{"rendered":"<p>&nbsp;<\/p>\n<p>Unser he\u00dfgeliebter Kater Snow ist 27.08.2025 \u00fcber die Regenbogenbr\u00fccke gegangen<\/p>\n<p>&nbsp;<\/p>\n<p>&nbsp;<\/p>\n<p><strong>Juni 2025<\/strong><\/p>\n<p>Hallo liebes Tierheim-Team,<\/p>\n<p>hier ist mal wieder euer ehemaliger Mitbewohner Oskar, jetzt Snow, aus Krefeld.<\/p>\n<p>Ich bin jetzt seit 5 Jahren hier und ich f\u00fchle mich sehr wohl, denn meine beiden Dosen\u00f6ffner haben mittlerweile verstanden, wer der Chef im Hause ist, n\u00e4mlich <b>Ich. <\/b>Sie kennen meine Bed\u00fcrfnisse und W\u00fcnsche und erf\u00fcllen sie dann auch (meistens jedenfalls, am Rest arbeite ich noch). Auch in der Wahl meiner Schlaf-und Ruhepl\u00e4tze gibt es keinerlei Einschr\u00e4nkungen mehr (auch wenn in B\u00fcchern etwas anderes steht).<\/p>\n<p>Mit meinen Freundinnen (meine Tier\u00e4rztinnen), die ich 1 oder 2 mal im Jahr aufsuchen mu\u00df wegen meiner Nierenprobleme, komme ich jetzt gut aus, a\u00fc\u00dfer beim Schneiden meiner Krallen.<\/p>\n<p>Ansonsten genie\u00dfe ich mein Leben in meinem Haus und in meinem Garten.<\/p>\n<p>Liebe Gr\u00fc\u00dfe<\/p>\n<p>Snow<\/p>\n<p><a href=\"https:\/\/tierheim-moers.de\/Wordpress\/wp-content\/uploads\/2025\/07\/Snow_129.jpg\"><img fetchpriority=\"high\" decoding=\"async\" class=\"alignnone size-medium wp-image-60597\" src=\"https:\/\/tierheim-moers.de\/Wordpress\/wp-content\/uploads\/2025\/07\/Snow_129-225x300.jpg\" alt=\"\" width=\"225\" height=\"300\" srcset=\"https:\/\/tierheim-moers.de\/Wordpress\/wp-content\/uploads\/2025\/07\/Snow_129-225x300.jpg 225w, https:\/\/tierheim-moers.de\/Wordpress\/wp-content\/uploads\/2025\/07\/Snow_129-768x1024.jpg 768w, https:\/\/tierheim-moers.de\/Wordpress\/wp-content\/uploads\/2025\/07\/Snow_129-1152x1536.jpg 1152w, https:\/\/tierheim-moers.de\/Wordpress\/wp-content\/uploads\/2025\/07\/Snow_129-700x934.jpg 700w, https:\/\/tierheim-moers.de\/Wordpress\/wp-content\/uploads\/2025\/07\/Snow_129.jpg 1280w\" sizes=\"(max-width: 225px) 100vw, 225px\" \/><\/a> <a href=\"https:\/\/tierheim-moers.de\/Wordpress\/wp-content\/uploads\/2025\/07\/Snow_108.jpg\"><img decoding=\"async\" class=\"alignnone size-medium wp-image-60596\" src=\"https:\/\/tierheim-moers.de\/Wordpress\/wp-content\/uploads\/2025\/07\/Snow_108-300x225.jpg\" alt=\"\" width=\"300\" height=\"225\" srcset=\"https:\/\/tierheim-moers.de\/Wordpress\/wp-content\/uploads\/2025\/07\/Snow_108-300x225.jpg 300w, https:\/\/tierheim-moers.de\/Wordpress\/wp-content\/uploads\/2025\/07\/Snow_108-1024x768.jpg 1024w, https:\/\/tierheim-moers.de\/Wordpress\/wp-content\/uploads\/2025\/07\/Snow_108-768x576.jpg 768w, https:\/\/tierheim-moers.de\/Wordpress\/wp-content\/uploads\/2025\/07\/Snow_108-700x525.jpg 700w, https:\/\/tierheim-moers.de\/Wordpress\/wp-content\/uploads\/2025\/07\/Snow_108.jpg 1280w\" sizes=\"(max-width: 300px) 100vw, 300px\" \/><\/a><\/p>\n<p>&nbsp;<\/p>\n<p>&nbsp;<\/p>\n<p>&nbsp;<\/p>\n<p><strong>Mai 2024<\/strong><\/p>\n<p>Hallo liebes Team des Tierheims Moers,<\/p>\n<p>hier ist wieder mal euer ehemaliger Mitbewohner Snow (bei euch damals noch Oskar).<\/p>\n<p>Heute vor genau 4 Jahren habe ich mein jetziges Domizil in Krefeld bezogen und ich f\u00fchle mich immer noch sehr wohl.&nbsp; Mit meinen Dosen\u00f6ffnern bin ich auch immer noch sehr zufrieden, auch wenn sie meiner Gesundheit zuliebe einige Leckerchen einschr\u00e4nken mu\u00dften. Als Ausgleich haben sie mir ein kleines St\u00fcck Rasen ganz neu bepflanzt, wo ich mir ab und zu etwas Gr\u00fcnfutter g\u00f6nnen kann.<\/p>\n<p>&nbsp;<\/p>\n<p><a href=\"https:\/\/tierheim-moers.de\/Wordpress\/wp-content\/uploads\/2024\/06\/Snow_096.jpg\"><img decoding=\"async\" class=\"alignnone size-medium wp-image-57298\" src=\"https:\/\/tierheim-moers.de\/Wordpress\/wp-content\/uploads\/2024\/06\/Snow_096-300x225.jpg\" alt=\"\" width=\"300\" height=\"225\" srcset=\"https:\/\/tierheim-moers.de\/Wordpress\/wp-content\/uploads\/2024\/06\/Snow_096-300x225.jpg 300w, https:\/\/tierheim-moers.de\/Wordpress\/wp-content\/uploads\/2024\/06\/Snow_096-1024x768.jpg 1024w, https:\/\/tierheim-moers.de\/Wordpress\/wp-content\/uploads\/2024\/06\/Snow_096-768x576.jpg 768w, https:\/\/tierheim-moers.de\/Wordpress\/wp-content\/uploads\/2024\/06\/Snow_096-700x525.jpg 700w, https:\/\/tierheim-moers.de\/Wordpress\/wp-content\/uploads\/2024\/06\/Snow_096.jpg 1280w\" sizes=\"(max-width: 300px) 100vw, 300px\" \/><\/a> <a href=\"https:\/\/tierheim-moers.de\/Wordpress\/wp-content\/uploads\/2024\/06\/Snow_098.jpg\"><img loading=\"lazy\" decoding=\"async\" class=\"alignnone size-medium wp-image-57299\" src=\"https:\/\/tierheim-moers.de\/Wordpress\/wp-content\/uploads\/2024\/06\/Snow_098-300x225.jpg\" alt=\"\" width=\"300\" height=\"225\" srcset=\"https:\/\/tierheim-moers.de\/Wordpress\/wp-content\/uploads\/2024\/06\/Snow_098-300x225.jpg 300w, https:\/\/tierheim-moers.de\/Wordpress\/wp-content\/uploads\/2024\/06\/Snow_098-1024x768.jpg 1024w, https:\/\/tierheim-moers.de\/Wordpress\/wp-content\/uploads\/2024\/06\/Snow_098-768x576.jpg 768w, https:\/\/tierheim-moers.de\/Wordpress\/wp-content\/uploads\/2024\/06\/Snow_098-700x525.jpg 700w, https:\/\/tierheim-moers.de\/Wordpress\/wp-content\/uploads\/2024\/06\/Snow_098.jpg 1280w\" sizes=\"(max-width: 300px) 100vw, 300px\" \/><\/a><\/p>\n<p>&nbsp;<\/p>\n<p>Mein Tagesablauf ist gut geregelt. Sobald einer der beiden Dosen\u00f6ffner aufsteht, werde ich mit frischem Futter (Nierenfutter) und frischem Wasser versorgt. Wenn dann beide Dosen\u00f6ffner aufgestanden sind, machen sie Fr\u00fchst\u00fcck und anschlie\u00dfend fr\u00fchst\u00fccken wir drei (ich bekomme dann gekochtes H\u00e4hncheninnenfilet) gemeinsam. Anschlie\u00dfend lege ich mich wieder hin. Das Futter wird bei Bedarf nat\u00fcrlich durch frisches ersetzt, ebenso das Wasser. Bei sch\u00f6nen und warmen Wetter halte ich mich normalerweise im Garten auf und belege Tisch, St\u00fchle oder die Ger\u00e4tebox bzw. unser Hochbeet.<\/p>\n<p>Wenn abends die Dosen\u00f6ffner ihr Schlafzimmer aufsuchen, begleite ich sie sehr oft und wir verbringen die Nacht dann gemeinsam.<\/p>\n<p>Auch meine Freundin (meine Tier\u00e4rztin) ist bis jetzt mit mir zufrieden.<\/p>\n<p>Da soll f\u00fcr heute reichen, anbei noch ein paar Bilder f\u00fcr euch.<\/p>\n<p>Euer Snow (fr\u00fcher Oskar)<\/p>\n<p>&nbsp;<\/p>\n<p>&nbsp;<\/p>\n<p><strong>Juni 2023<\/strong><\/p>\n<p>Hallo liebes Tierheimteam,<\/p>\n<p>hier ist mal wieder euer ehemaliger Mitbewohner Snow (ehemals Oskar).<\/p>\n<p>Ich bin jetzt seit 3 Jahren in meinem neuen Domizil in Krefeld und bin immer noch sehr zufrieden, vor allem, weil jetzt die sch\u00f6ne Jahreszeit begonnen hat.<\/p>\n<p><a href=\"https:\/\/tierheim-moers.de\/Wordpress\/wp-content\/uploads\/2023\/06\/Snow-scaled.jpg\"><img loading=\"lazy\" decoding=\"async\" class=\"alignnone size-medium wp-image-53900\" src=\"https:\/\/tierheim-moers.de\/Wordpress\/wp-content\/uploads\/2023\/06\/Snow-300x225.jpg\" alt=\"\" width=\"300\" height=\"225\" srcset=\"https:\/\/tierheim-moers.de\/Wordpress\/wp-content\/uploads\/2023\/06\/Snow-300x225.jpg 300w, https:\/\/tierheim-moers.de\/Wordpress\/wp-content\/uploads\/2023\/06\/Snow-1024x768.jpg 1024w, https:\/\/tierheim-moers.de\/Wordpress\/wp-content\/uploads\/2023\/06\/Snow-768x576.jpg 768w, https:\/\/tierheim-moers.de\/Wordpress\/wp-content\/uploads\/2023\/06\/Snow-600x450.jpg 600w, https:\/\/tierheim-moers.de\/Wordpress\/wp-content\/uploads\/2023\/06\/Snow-1536x1152.jpg 1536w, https:\/\/tierheim-moers.de\/Wordpress\/wp-content\/uploads\/2023\/06\/Snow-2048x1536.jpg 2048w, https:\/\/tierheim-moers.de\/Wordpress\/wp-content\/uploads\/2023\/06\/Snow-700x525.jpg 700w, https:\/\/tierheim-moers.de\/Wordpress\/wp-content\/uploads\/2023\/06\/Snow-1320x990.jpg 1320w\" sizes=\"(max-width: 300px) 100vw, 300px\" \/><\/a> <a href=\"https:\/\/tierheim-moers.de\/Wordpress\/wp-content\/uploads\/2023\/06\/Snow2-scaled.jpg\"><img loading=\"lazy\" decoding=\"async\" class=\"alignnone size-medium wp-image-53901\" src=\"https:\/\/tierheim-moers.de\/Wordpress\/wp-content\/uploads\/2023\/06\/Snow2-300x225.jpg\" alt=\"\" width=\"300\" height=\"225\" srcset=\"https:\/\/tierheim-moers.de\/Wordpress\/wp-content\/uploads\/2023\/06\/Snow2-300x225.jpg 300w, https:\/\/tierheim-moers.de\/Wordpress\/wp-content\/uploads\/2023\/06\/Snow2-1024x768.jpg 1024w, https:\/\/tierheim-moers.de\/Wordpress\/wp-content\/uploads\/2023\/06\/Snow2-768x576.jpg 768w, https:\/\/tierheim-moers.de\/Wordpress\/wp-content\/uploads\/2023\/06\/Snow2-600x450.jpg 600w, https:\/\/tierheim-moers.de\/Wordpress\/wp-content\/uploads\/2023\/06\/Snow2-1536x1152.jpg 1536w, https:\/\/tierheim-moers.de\/Wordpress\/wp-content\/uploads\/2023\/06\/Snow2-2048x1536.jpg 2048w, https:\/\/tierheim-moers.de\/Wordpress\/wp-content\/uploads\/2023\/06\/Snow2-700x525.jpg 700w, https:\/\/tierheim-moers.de\/Wordpress\/wp-content\/uploads\/2023\/06\/Snow2-1320x990.jpg 1320w\" sizes=\"(max-width: 300px) 100vw, 300px\" \/><\/a><\/p>\n<p>Es ist warm und sonnig, ich kann jederzeit in den Garten, den ich auch in Beschlag genommen habe, au\u00dferdem einiges an Mobiliar, das zum Garten und zur Terrasse geh\u00f6rt.<\/p>\n<p><a href=\"https:\/\/tierheim-moers.de\/Wordpress\/wp-content\/uploads\/2023\/06\/Snow3-scaled.jpg\"><img loading=\"lazy\" decoding=\"async\" class=\"alignnone size-medium wp-image-53902\" src=\"https:\/\/tierheim-moers.de\/Wordpress\/wp-content\/uploads\/2023\/06\/Snow3-300x225.jpg\" alt=\"\" width=\"300\" height=\"225\" srcset=\"https:\/\/tierheim-moers.de\/Wordpress\/wp-content\/uploads\/2023\/06\/Snow3-300x225.jpg 300w, https:\/\/tierheim-moers.de\/Wordpress\/wp-content\/uploads\/2023\/06\/Snow3-1024x768.jpg 1024w, https:\/\/tierheim-moers.de\/Wordpress\/wp-content\/uploads\/2023\/06\/Snow3-768x576.jpg 768w, https:\/\/tierheim-moers.de\/Wordpress\/wp-content\/uploads\/2023\/06\/Snow3-600x450.jpg 600w, https:\/\/tierheim-moers.de\/Wordpress\/wp-content\/uploads\/2023\/06\/Snow3-1536x1152.jpg 1536w, https:\/\/tierheim-moers.de\/Wordpress\/wp-content\/uploads\/2023\/06\/Snow3-2048x1536.jpg 2048w, https:\/\/tierheim-moers.de\/Wordpress\/wp-content\/uploads\/2023\/06\/Snow3-700x525.jpg 700w, https:\/\/tierheim-moers.de\/Wordpress\/wp-content\/uploads\/2023\/06\/Snow3-1320x990.jpg 1320w\" sizes=\"(max-width: 300px) 100vw, 300px\" \/><\/a><\/p>\n<p>Die Dosen\u00f6ffner habe ich immer noch im Griff, ihr seht, ich bin vollauf zufrieden.<\/p>\n<p>Euer Snow (ehemals Oskar)<\/p>\n<p>&nbsp;<\/p>\n<p>&nbsp;<\/p>\n<p>27.05.2022<a href=\"https:\/\/tierheim-moers.de\/Wordpress\/wp-content\/uploads\/2021\/05\/oskar-snow.jpg14-scaled.jpg\"><img loading=\"lazy\" decoding=\"async\" class=\"size-medium wp-image-48042 alignright\" src=\"https:\/\/tierheim-moers.de\/Wordpress\/wp-content\/uploads\/2021\/05\/oskar-snow.jpg14-300x225.jpg\" alt=\"\" width=\"300\" height=\"225\" srcset=\"https:\/\/tierheim-moers.de\/Wordpress\/wp-content\/uploads\/2021\/05\/oskar-snow.jpg14-300x225.jpg 300w, https:\/\/tierheim-moers.de\/Wordpress\/wp-content\/uploads\/2021\/05\/oskar-snow.jpg14-1024x768.jpg 1024w, https:\/\/tierheim-moers.de\/Wordpress\/wp-content\/uploads\/2021\/05\/oskar-snow.jpg14-768x576.jpg 768w, https:\/\/tierheim-moers.de\/Wordpress\/wp-content\/uploads\/2021\/05\/oskar-snow.jpg14-600x450.jpg 600w, https:\/\/tierheim-moers.de\/Wordpress\/wp-content\/uploads\/2021\/05\/oskar-snow.jpg14-1536x1152.jpg 1536w, https:\/\/tierheim-moers.de\/Wordpress\/wp-content\/uploads\/2021\/05\/oskar-snow.jpg14-2048x1536.jpg 2048w, https:\/\/tierheim-moers.de\/Wordpress\/wp-content\/uploads\/2021\/05\/oskar-snow.jpg14-700x525.jpg 700w, https:\/\/tierheim-moers.de\/Wordpress\/wp-content\/uploads\/2021\/05\/oskar-snow.jpg14-1320x990.jpg 1320w\" sizes=\"(max-width: 300px) 100vw, 300px\" \/><\/a> <a href=\"https:\/\/tierheim-moers.de\/Wordpress\/wp-content\/uploads\/2021\/05\/oskar-snow.jpg15-scaled.jpg\"><img loading=\"lazy\" decoding=\"async\" class=\"size-medium wp-image-48043 alignleft\" src=\"https:\/\/tierheim-moers.de\/Wordpress\/wp-content\/uploads\/2021\/05\/oskar-snow.jpg15-300x225.jpg\" alt=\"\" width=\"300\" height=\"225\" srcset=\"https:\/\/tierheim-moers.de\/Wordpress\/wp-content\/uploads\/2021\/05\/oskar-snow.jpg15-300x225.jpg 300w, https:\/\/tierheim-moers.de\/Wordpress\/wp-content\/uploads\/2021\/05\/oskar-snow.jpg15-1024x768.jpg 1024w, https:\/\/tierheim-moers.de\/Wordpress\/wp-content\/uploads\/2021\/05\/oskar-snow.jpg15-768x576.jpg 768w, https:\/\/tierheim-moers.de\/Wordpress\/wp-content\/uploads\/2021\/05\/oskar-snow.jpg15-600x450.jpg 600w, https:\/\/tierheim-moers.de\/Wordpress\/wp-content\/uploads\/2021\/05\/oskar-snow.jpg15-1536x1152.jpg 1536w, https:\/\/tierheim-moers.de\/Wordpress\/wp-content\/uploads\/2021\/05\/oskar-snow.jpg15-2048x1536.jpg 2048w, https:\/\/tierheim-moers.de\/Wordpress\/wp-content\/uploads\/2021\/05\/oskar-snow.jpg15-700x525.jpg 700w, https:\/\/tierheim-moers.de\/Wordpress\/wp-content\/uploads\/2021\/05\/oskar-snow.jpg15-1320x990.jpg 1320w\" sizes=\"(max-width: 300px) 100vw, 300px\" \/><\/a><\/p>\n<p class=\"moz-quote-pre\">Hallo liebes Tierheimteam,<\/p>\n<p class=\"moz-quote-pre\">ich wollte mich wieder mal bei euch melden.<\/p>\n<p class=\"moz-quote-pre\">Ich bin jetzt seit 2 Jahren in meinem neuen Domizil in Krefeld. Mir gef\u00e4llt es immer noch sehr gut, denn ich bin nat\u00fcrlich immer noch derjenige, der hier das Sagen hat und meine beiden Dosen\u00f6ffner haben das, wenn auch z\u00e4hneknirschend, akzeptiert.<\/p>\n<p class=\"moz-quote-pre\">Anfang des Jahres mu\u00dften meine Dosen\u00f6ffner mich an ein neues Futter gew\u00f6hnen, da der Hersteller des Futters die Produktion der bisherigen Sorte eingestellt hat und daf\u00fcr eine identische Sorte produziert, die lediglich einen h\u00f6heren Fleischanteil haben sollte. Ich war davon absolut nicht begeistert und habe das meinen Dosen\u00f6ffnern auch sehr deutlich gezeigt. Nach ca. 4 Wochen habe ich dann aber doch von dem neuen Futter \u00fcberzeugen lassen., da ich in dieser Zeit \u00f6fters als sonst von Leckerlis (H\u00e4hnchenfilet gekocht und Lachsfilet ged\u00e4mpft) verw\u00f6hnt wurde.<a href=\"https:\/\/tierheim-moers.de\/Wordpress\/wp-content\/uploads\/2021\/05\/oskar-snow.jpg13-scaled.jpg\"><img loading=\"lazy\" decoding=\"async\" class=\"size-medium wp-image-48041 alignright\" src=\"https:\/\/tierheim-moers.de\/Wordpress\/wp-content\/uploads\/2021\/05\/oskar-snow.jpg13-300x225.jpg\" alt=\"\" width=\"300\" height=\"225\" srcset=\"https:\/\/tierheim-moers.de\/Wordpress\/wp-content\/uploads\/2021\/05\/oskar-snow.jpg13-300x225.jpg 300w, https:\/\/tierheim-moers.de\/Wordpress\/wp-content\/uploads\/2021\/05\/oskar-snow.jpg13-1024x768.jpg 1024w, https:\/\/tierheim-moers.de\/Wordpress\/wp-content\/uploads\/2021\/05\/oskar-snow.jpg13-768x576.jpg 768w, https:\/\/tierheim-moers.de\/Wordpress\/wp-content\/uploads\/2021\/05\/oskar-snow.jpg13-600x450.jpg 600w, https:\/\/tierheim-moers.de\/Wordpress\/wp-content\/uploads\/2021\/05\/oskar-snow.jpg13-1536x1152.jpg 1536w, https:\/\/tierheim-moers.de\/Wordpress\/wp-content\/uploads\/2021\/05\/oskar-snow.jpg13-2048x1536.jpg 2048w, https:\/\/tierheim-moers.de\/Wordpress\/wp-content\/uploads\/2021\/05\/oskar-snow.jpg13-700x525.jpg 700w, https:\/\/tierheim-moers.de\/Wordpress\/wp-content\/uploads\/2021\/05\/oskar-snow.jpg13-1320x990.jpg 1320w\" sizes=\"(max-width: 300px) 100vw, 300px\" \/><\/a><\/p>\n<p class=\"moz-quote-pre\">Au\u00dferdem ist jetzt die sch\u00f6ne Zeit, in der ich mich sehr oft tags\u00fcber in meinem Garten aufhalten kann. Ihr seht, es geht mir also ganz gut, deshalb schicke ich euch einige Bilder aus aktuellerer Zeit.<\/p>\n<p class=\"moz-quote-pre\">Liebe Gr\u00fc\u00dfe Snow (fr\u00fcher Oskar)<\/p>\n<p>25.05.2021<\/p>\n<p><a href=\"https:\/\/tierheim-moers.de\/Wordpress\/wp-content\/uploads\/2020\/12\/snow-oskar.jpg\"><img loading=\"lazy\" decoding=\"async\" class=\"size-medium wp-image-40252 alignleft\" src=\"https:\/\/tierheim-moers.de\/Wordpress\/wp-content\/uploads\/2020\/12\/snow-oskar-300x225.jpg\" alt=\"\" width=\"300\" height=\"225\" srcset=\"https:\/\/tierheim-moers.de\/Wordpress\/wp-content\/uploads\/2020\/12\/snow-oskar-300x225.jpg 300w, https:\/\/tierheim-moers.de\/Wordpress\/wp-content\/uploads\/2020\/12\/snow-oskar-1024x768.jpg 1024w, https:\/\/tierheim-moers.de\/Wordpress\/wp-content\/uploads\/2020\/12\/snow-oskar-768x576.jpg 768w, https:\/\/tierheim-moers.de\/Wordpress\/wp-content\/uploads\/2020\/12\/snow-oskar-600x450.jpg 600w, https:\/\/tierheim-moers.de\/Wordpress\/wp-content\/uploads\/2020\/12\/snow-oskar-700x525.jpg 700w, https:\/\/tierheim-moers.de\/Wordpress\/wp-content\/uploads\/2020\/12\/snow-oskar.jpg 1280w\" sizes=\"(max-width: 300px) 100vw, 300px\" \/><\/a><\/p>\n<p class=\"moz-quote-pre\">Hallo liebes Tierheimteam,<\/p>\n<p class=\"moz-quote-pre\">ich melde mich mal wieder bei Euch, Euer ehemaliger Mitbewohner Snow (fr\u00fcher Oskar).<\/p>\n<p class=\"moz-quote-pre\">Am 22.05.2021 war es 1 Jahr her, da\u00df ich mein neues Domizil in Krefeld bezogen habe und ich f\u00fchle mich sehr wohl. Meine beiden Dosen\u00f6ffner haben sich mittlerweile auf meine &#8220;Eigenheiten&#8221; eingestellt und sie akzeptieren sie (es bleibt Ihnen ja auch nichts anderes \u00fcbrig&#8230;&#8230;.) schweren Herzens. <a href=\"https:\/\/tierheim-moers.de\/Wordpress\/wp-content\/uploads\/2020\/12\/snow-oskar2.jpg\"><img loading=\"lazy\" decoding=\"async\" class=\"size-medium wp-image-40253 alignright\" src=\"https:\/\/tierheim-moers.de\/Wordpress\/wp-content\/uploads\/2020\/12\/snow-oskar2-300x225.jpg\" alt=\"\" width=\"300\" height=\"225\" srcset=\"https:\/\/tierheim-moers.de\/Wordpress\/wp-content\/uploads\/2020\/12\/snow-oskar2-300x225.jpg 300w, https:\/\/tierheim-moers.de\/Wordpress\/wp-content\/uploads\/2020\/12\/snow-oskar2-1024x768.jpg 1024w, https:\/\/tierheim-moers.de\/Wordpress\/wp-content\/uploads\/2020\/12\/snow-oskar2-768x576.jpg 768w, https:\/\/tierheim-moers.de\/Wordpress\/wp-content\/uploads\/2020\/12\/snow-oskar2-600x450.jpg 600w, https:\/\/tierheim-moers.de\/Wordpress\/wp-content\/uploads\/2020\/12\/snow-oskar2-700x525.jpg 700w, https:\/\/tierheim-moers.de\/Wordpress\/wp-content\/uploads\/2020\/12\/snow-oskar2.jpg 1280w\" sizes=\"(max-width: 300px) 100vw, 300px\" \/><\/a><\/p>\n<p class=\"moz-quote-pre\">Ich kann also sagen, da\u00df die ganze Familiezufrieden ist. Anbei schicke ich Euch ein paar aktuelle Bilder von mir.<\/p>\n<p class=\"moz-quote-pre\">Liebe Gr\u00fc\u00dfe Snow (fr\u00fcher Oskar)<\/p>\n<p>01.12.2020<\/p>\n<p class=\"moz-quote-pre\">Hallo liebes Tierheimteam,<a href=\"https:\/\/tierheim-moers.de\/Wordpress\/wp-content\/uploads\/2020\/06\/oskar-snow9.jpg\"><img loading=\"lazy\" decoding=\"async\" class=\"size-medium wp-image-36368 alignleft\" src=\"https:\/\/tierheim-moers.de\/Wordpress\/wp-content\/uploads\/2020\/06\/oskar-snow9-300x225.jpg\" alt=\"\" width=\"300\" height=\"225\" srcset=\"https:\/\/tierheim-moers.de\/Wordpress\/wp-content\/uploads\/2020\/06\/oskar-snow9-300x225.jpg 300w, https:\/\/tierheim-moers.de\/Wordpress\/wp-content\/uploads\/2020\/06\/oskar-snow9-768x576.jpg 768w, https:\/\/tierheim-moers.de\/Wordpress\/wp-content\/uploads\/2020\/06\/oskar-snow9-600x450.jpg 600w, https:\/\/tierheim-moers.de\/Wordpress\/wp-content\/uploads\/2020\/06\/oskar-snow9-700x525.jpg 700w, https:\/\/tierheim-moers.de\/Wordpress\/wp-content\/uploads\/2020\/06\/oskar-snow9.jpg 1024w\" sizes=\"(max-width: 300px) 100vw, 300px\" \/><\/a>&nbsp; <a href=\"https:\/\/tierheim-moers.de\/Wordpress\/wp-content\/uploads\/2020\/06\/oskar-snow11.jpg\"><img loading=\"lazy\" decoding=\"async\" class=\"size-medium wp-image-36370 alignright\" src=\"https:\/\/tierheim-moers.de\/Wordpress\/wp-content\/uploads\/2020\/06\/oskar-snow11-300x225.jpg\" alt=\"\" width=\"300\" height=\"225\" srcset=\"https:\/\/tierheim-moers.de\/Wordpress\/wp-content\/uploads\/2020\/06\/oskar-snow11-300x225.jpg 300w, https:\/\/tierheim-moers.de\/Wordpress\/wp-content\/uploads\/2020\/06\/oskar-snow11-768x576.jpg 768w, https:\/\/tierheim-moers.de\/Wordpress\/wp-content\/uploads\/2020\/06\/oskar-snow11-600x450.jpg 600w, https:\/\/tierheim-moers.de\/Wordpress\/wp-content\/uploads\/2020\/06\/oskar-snow11-700x525.jpg 700w, https:\/\/tierheim-moers.de\/Wordpress\/wp-content\/uploads\/2020\/06\/oskar-snow11.jpg 1024w\" sizes=\"(max-width: 300px) 100vw, 300px\" \/><\/a><\/p>\n<p class=\"moz-quote-pre\">ich bin jetzt mittlerweile ein halbes Jahr in meiner neuen Heimat und wollte euch mal wieder berichten.<\/p>\n<p class=\"moz-quote-pre\">Es geht mir gut, denn ich bin mittlerweile der Herr im Haus und ich habe meine Dosen\u00f6ffner mittlerweile so gut erzogen, da\u00df sie meine Stellung als Chef des Ganzen anerkennen. Auch den mir zug\u00e4nglichen Bereich des Gartens habe ich in Beschlag genommen. Durch Kontrollg\u00e4nge, die ich mehrmals t\u00e4glich durchf\u00fchre, \u00fcberwache ich diesen Bereich. <a href=\"https:\/\/tierheim-moers.de\/Wordpress\/wp-content\/uploads\/2020\/06\/oskar-snow10.jpg\"><img loading=\"lazy\" decoding=\"async\" class=\"size-medium wp-image-36369 alignleft\" src=\"https:\/\/tierheim-moers.de\/Wordpress\/wp-content\/uploads\/2020\/06\/oskar-snow10-300x225.jpg\" alt=\"\" width=\"300\" height=\"225\" srcset=\"https:\/\/tierheim-moers.de\/Wordpress\/wp-content\/uploads\/2020\/06\/oskar-snow10-300x225.jpg 300w, https:\/\/tierheim-moers.de\/Wordpress\/wp-content\/uploads\/2020\/06\/oskar-snow10-768x576.jpg 768w, https:\/\/tierheim-moers.de\/Wordpress\/wp-content\/uploads\/2020\/06\/oskar-snow10-600x450.jpg 600w, https:\/\/tierheim-moers.de\/Wordpress\/wp-content\/uploads\/2020\/06\/oskar-snow10-700x525.jpg 700w, https:\/\/tierheim-moers.de\/Wordpress\/wp-content\/uploads\/2020\/06\/oskar-snow10.jpg 1024w\" sizes=\"(max-width: 300px) 100vw, 300px\" \/><\/a><\/p>\n<p class=\"moz-quote-pre\">Als n\u00e4chtlichen Schlafplatz habe den Teil des Ehebettes, der von meinem Frauchen bisher genutzt wurde, in Anspruch genommen. Aber da ich aber sehr gro\u00dfz\u00fcgig bin, erlaube ich meinem Frauchen nat\u00fcrlich, ihren Teil des Bettes ebenfalls zu nutzen. Insgesamt bin ich sehr zufrieden mit meiner neuen Heimat und meinen Dosen\u00f6ffnern.<\/p>\n<p class=\"moz-quote-pre\">Euer Snow (ehemals Oskar)<\/p>\n<p>&nbsp;<\/p>\n<p>02.06.2020<a href=\"https:\/\/tierheim-moers.de\/Wordpress\/wp-content\/uploads\/2020\/05\/oskar-snow5.jpg\"><img loading=\"lazy\" decoding=\"async\" class=\"size-medium wp-image-32234 alignleft\" src=\"https:\/\/tierheim-moers.de\/Wordpress\/wp-content\/uploads\/2020\/05\/oskar-snow5-300x225.jpg\" alt=\"\" width=\"300\" height=\"225\" srcset=\"https:\/\/tierheim-moers.de\/Wordpress\/wp-content\/uploads\/2020\/05\/oskar-snow5-300x225.jpg 300w, https:\/\/tierheim-moers.de\/Wordpress\/wp-content\/uploads\/2020\/05\/oskar-snow5-1024x768.jpg 1024w, https:\/\/tierheim-moers.de\/Wordpress\/wp-content\/uploads\/2020\/05\/oskar-snow5-768x576.jpg 768w, https:\/\/tierheim-moers.de\/Wordpress\/wp-content\/uploads\/2020\/05\/oskar-snow5-600x450.jpg 600w, https:\/\/tierheim-moers.de\/Wordpress\/wp-content\/uploads\/2020\/05\/oskar-snow5-700x525.jpg 700w, https:\/\/tierheim-moers.de\/Wordpress\/wp-content\/uploads\/2020\/05\/oskar-snow5.jpg 1280w\" sizes=\"(max-width: 300px) 100vw, 300px\" \/><\/a><\/p>\n<p class=\"moz-quote-pre\">Hallo liebes Tierheimteam, <a href=\"https:\/\/tierheim-moers.de\/Wordpress\/wp-content\/uploads\/2020\/05\/oskar-snow6.jpg\"><img loading=\"lazy\" decoding=\"async\" class=\"size-medium wp-image-32235 alignright\" src=\"https:\/\/tierheim-moers.de\/Wordpress\/wp-content\/uploads\/2020\/05\/oskar-snow6-300x225.jpg\" alt=\"\" width=\"300\" height=\"225\" srcset=\"https:\/\/tierheim-moers.de\/Wordpress\/wp-content\/uploads\/2020\/05\/oskar-snow6-300x225.jpg 300w, https:\/\/tierheim-moers.de\/Wordpress\/wp-content\/uploads\/2020\/05\/oskar-snow6-1024x768.jpg 1024w, https:\/\/tierheim-moers.de\/Wordpress\/wp-content\/uploads\/2020\/05\/oskar-snow6-768x576.jpg 768w, https:\/\/tierheim-moers.de\/Wordpress\/wp-content\/uploads\/2020\/05\/oskar-snow6-600x450.jpg 600w, https:\/\/tierheim-moers.de\/Wordpress\/wp-content\/uploads\/2020\/05\/oskar-snow6-700x525.jpg 700w, https:\/\/tierheim-moers.de\/Wordpress\/wp-content\/uploads\/2020\/05\/oskar-snow6.jpg 1280w\" sizes=\"(max-width: 300px) 100vw, 300px\" \/><\/a><\/p>\n<p class=\"moz-quote-pre\">ich m\u00f6chte euch nur ganz kurz \u00fcber meine Neuigkeiten berichten, ich habe n\u00e4mlich seit Donnerstag <a href=\"https:\/\/tierheim-moers.de\/Wordpress\/wp-content\/uploads\/2020\/05\/oskar-snow7.jpg\"><img loading=\"lazy\" decoding=\"async\" class=\"size-medium wp-image-32236 alignleft\" src=\"https:\/\/tierheim-moers.de\/Wordpress\/wp-content\/uploads\/2020\/05\/oskar-snow7-300x225.jpg\" alt=\"\" width=\"300\" height=\"225\" srcset=\"https:\/\/tierheim-moers.de\/Wordpress\/wp-content\/uploads\/2020\/05\/oskar-snow7-300x225.jpg 300w, https:\/\/tierheim-moers.de\/Wordpress\/wp-content\/uploads\/2020\/05\/oskar-snow7-1024x768.jpg 1024w, https:\/\/tierheim-moers.de\/Wordpress\/wp-content\/uploads\/2020\/05\/oskar-snow7-768x576.jpg 768w, https:\/\/tierheim-moers.de\/Wordpress\/wp-content\/uploads\/2020\/05\/oskar-snow7-600x450.jpg 600w, https:\/\/tierheim-moers.de\/Wordpress\/wp-content\/uploads\/2020\/05\/oskar-snow7-700x525.jpg 700w, https:\/\/tierheim-moers.de\/Wordpress\/wp-content\/uploads\/2020\/05\/oskar-snow7.jpg 1280w\" sizes=\"(max-width: 300px) 100vw, 300px\" \/><\/a>begonnen, meinen Teil unseres Gartens zu nutzen, wie ihr an den beigef\u00fcgten Bildern erkennen k\u00f6nnt. Ich darf im Moment zwar nur in den Garten, wenn wenigstens einer meiner Dosen\u00f6ffner dabei ist, aber ich habe die beiden mittlerweile so gut im Griff, da\u00df sie meiner Aufforderung, die Terrassent\u00fcr zu \u00f6ffnen, sehr schnell nachkommen.<\/p>\n<p class=\"moz-quote-pre\">&nbsp;&nbsp; <a href=\"https:\/\/tierheim-moers.de\/Wordpress\/wp-content\/uploads\/2020\/05\/oskar-snow8.jpg\"><img loading=\"lazy\" decoding=\"async\" class=\"alignnone size-medium wp-image-32237\" src=\"https:\/\/tierheim-moers.de\/Wordpress\/wp-content\/uploads\/2020\/05\/oskar-snow8-300x225.jpg\" alt=\"\" width=\"300\" height=\"225\" srcset=\"https:\/\/tierheim-moers.de\/Wordpress\/wp-content\/uploads\/2020\/05\/oskar-snow8-300x225.jpg 300w, https:\/\/tierheim-moers.de\/Wordpress\/wp-content\/uploads\/2020\/05\/oskar-snow8-1024x768.jpg 1024w, https:\/\/tierheim-moers.de\/Wordpress\/wp-content\/uploads\/2020\/05\/oskar-snow8-768x576.jpg 768w, https:\/\/tierheim-moers.de\/Wordpress\/wp-content\/uploads\/2020\/05\/oskar-snow8-600x450.jpg 600w, https:\/\/tierheim-moers.de\/Wordpress\/wp-content\/uploads\/2020\/05\/oskar-snow8-700x525.jpg 700w, https:\/\/tierheim-moers.de\/Wordpress\/wp-content\/uploads\/2020\/05\/oskar-snow8.jpg 1280w\" sizes=\"(max-width: 300px) 100vw, 300px\" \/><\/a><\/p>\n<p class=\"moz-quote-pre\">Euer Snow (ehemals Oskar)<\/p>\n<p>26.05.2020<\/p>\n<p class=\"moz-quote-pre\">Hallo zusammen, <a href=\"https:\/\/tierheim-moers.de\/Wordpress\/wp-content\/uploads\/2020\/05\/oskar-snow3.jpg\"><img loading=\"lazy\" decoding=\"async\" class=\"size-medium wp-image-32144 alignright\" src=\"https:\/\/tierheim-moers.de\/Wordpress\/wp-content\/uploads\/2020\/05\/oskar-snow3-169x300.jpg\" alt=\"\" width=\"169\" height=\"300\" srcset=\"https:\/\/tierheim-moers.de\/Wordpress\/wp-content\/uploads\/2020\/05\/oskar-snow3-169x300.jpg 169w, https:\/\/tierheim-moers.de\/Wordpress\/wp-content\/uploads\/2020\/05\/oskar-snow3-576x1024.jpg 576w, https:\/\/tierheim-moers.de\/Wordpress\/wp-content\/uploads\/2020\/05\/oskar-snow3-768x1366.jpg 768w, https:\/\/tierheim-moers.de\/Wordpress\/wp-content\/uploads\/2020\/05\/oskar-snow3-600x1067.jpg 600w, https:\/\/tierheim-moers.de\/Wordpress\/wp-content\/uploads\/2020\/05\/oskar-snow3-864x1536.jpg 864w, https:\/\/tierheim-moers.de\/Wordpress\/wp-content\/uploads\/2020\/05\/oskar-snow3-1152x2048.jpg 1152w, https:\/\/tierheim-moers.de\/Wordpress\/wp-content\/uploads\/2020\/05\/oskar-snow3-700x1245.jpg 700w, https:\/\/tierheim-moers.de\/Wordpress\/wp-content\/uploads\/2020\/05\/oskar-snow3.jpg 1280w\" sizes=\"(max-width: 169px) 100vw, 169px\" \/><\/a> <a href=\"https:\/\/tierheim-moers.de\/Wordpress\/wp-content\/uploads\/2020\/05\/oskar-snow4.jpg\"><img loading=\"lazy\" decoding=\"async\" class=\"size-medium wp-image-32145 alignleft\" src=\"https:\/\/tierheim-moers.de\/Wordpress\/wp-content\/uploads\/2020\/05\/oskar-snow4-169x300.jpg\" alt=\"\" width=\"169\" height=\"300\" srcset=\"https:\/\/tierheim-moers.de\/Wordpress\/wp-content\/uploads\/2020\/05\/oskar-snow4-169x300.jpg 169w, https:\/\/tierheim-moers.de\/Wordpress\/wp-content\/uploads\/2020\/05\/oskar-snow4-576x1024.jpg 576w, https:\/\/tierheim-moers.de\/Wordpress\/wp-content\/uploads\/2020\/05\/oskar-snow4-768x1366.jpg 768w, https:\/\/tierheim-moers.de\/Wordpress\/wp-content\/uploads\/2020\/05\/oskar-snow4-600x1067.jpg 600w, https:\/\/tierheim-moers.de\/Wordpress\/wp-content\/uploads\/2020\/05\/oskar-snow4-864x1536.jpg 864w, https:\/\/tierheim-moers.de\/Wordpress\/wp-content\/uploads\/2020\/05\/oskar-snow4-1152x2048.jpg 1152w, https:\/\/tierheim-moers.de\/Wordpress\/wp-content\/uploads\/2020\/05\/oskar-snow4-700x1245.jpg 700w, https:\/\/tierheim-moers.de\/Wordpress\/wp-content\/uploads\/2020\/05\/oskar-snow4.jpg 1280w\" sizes=\"(max-width: 169px) 100vw, 169px\" \/><\/a><\/p>\n<p class=\"moz-quote-pre\">gestern haben wir unseren neuen Mitbewohner Oskar (jetzt Snow) bei euch abgeholt. Nachdem er eine gr\u00fcndliche Inspektion des Erdgeschosses seines neuen Zuhauses vorgenommen hat, die offensichtlich zu seiner Zufriedenheit ausgefallen ist, ein paar Bilder von ihm unter anderem mit seinem Frauchen. Die restlichen Geschosse (Keller und Obergescho\u00df) wurden dann im Laufe des sp\u00e4ten Nachmittags inspiziert. Es sieht so aus, da\u00df er hier bei uns abgekommen ist. Nochmals vielen Dank f\u00fcr die Vermittlung. <a href=\"https:\/\/tierheim-moers.de\/Wordpress\/wp-content\/uploads\/2020\/05\/oskar-snow2.jpg\"><img loading=\"lazy\" decoding=\"async\" class=\"size-medium wp-image-32143 alignleft\" src=\"https:\/\/tierheim-moers.de\/Wordpress\/wp-content\/uploads\/2020\/05\/oskar-snow2-300x225.jpg\" alt=\"\" width=\"300\" height=\"225\" srcset=\"https:\/\/tierheim-moers.de\/Wordpress\/wp-content\/uploads\/2020\/05\/oskar-snow2-300x225.jpg 300w, https:\/\/tierheim-moers.de\/Wordpress\/wp-content\/uploads\/2020\/05\/oskar-snow2-1024x768.jpg 1024w, https:\/\/tierheim-moers.de\/Wordpress\/wp-content\/uploads\/2020\/05\/oskar-snow2-768x576.jpg 768w, https:\/\/tierheim-moers.de\/Wordpress\/wp-content\/uploads\/2020\/05\/oskar-snow2-600x450.jpg 600w, https:\/\/tierheim-moers.de\/Wordpress\/wp-content\/uploads\/2020\/05\/oskar-snow2-700x525.jpg 700w, https:\/\/tierheim-moers.de\/Wordpress\/wp-content\/uploads\/2020\/05\/oskar-snow2.jpg 1280w\" sizes=\"(max-width: 300px) 100vw, 300px\" \/><\/a><\/p>\n<p class=\"moz-quote-pre\">Petra und Lothar A.<\/p>\n<p>Vielen Dank f\u00fcr die R\u00fcckmeldung. Wir freuen und mit Ihnen.<\/p>\n<p>Euer Tierheimteam<\/p>\n<div class=\"shariff shariff-align-flex-start shariff-widget-align-center\" data-url=\"https%3A%2F%2Ftierheim-moers.de%2FWordpress%2Foskar-laesst-sich-verwoehnen-und-lebt-sich-ein%2F\" data-timestamp=\"1760100029\" data-hidezero=\"1\" data-backendurl=\"https:\/\/tierheim-moers.de\/Wordpress\/wp-json\/shariff\/v1\/share_counts?\"><ul class=\"shariff-buttons theme-round orientation-horizontal buttonsize-small\"><li class=\"shariff-button facebook shariff-nocustomcolor\" style=\"background-color:#4273c8\"><a href=\"https:\/\/www.facebook.com\/sharer\/sharer.php?u=https%3A%2F%2Ftierheim-moers.de%2FWordpress%2Foskar-laesst-sich-verwoehnen-und-lebt-sich-ein%2F\" title=\"Bei Facebook teilen\" aria-label=\"Bei Facebook teilen\" role=\"button\" rel=\"nofollow\" class=\"shariff-link\" style=\"; background-color:#3b5998; color:#fff\" target=\"_blank\"><span class=\"shariff-icon\" style=\"\"><svg width=\"32px\" height=\"20px\" xmlns=\"http:\/\/www.w3.org\/2000\/svg\" viewBox=\"0 0 18 32\"><path fill=\"#3b5998\" d=\"M17.1 0.2v4.7h-2.8q-1.5 0-2.1 0.6t-0.5 1.9v3.4h5.2l-0.7 5.3h-4.5v13.6h-5.5v-13.6h-4.5v-5.3h4.5v-3.9q0-3.3 1.9-5.2t5-1.8q2.6 0 4.1 0.2z\"\/><\/svg><\/span><\/a><\/li><li class=\"shariff-button twitter shariff-nocustomcolor\" style=\"background-color:#595959\"><a href=\"https:\/\/twitter.com\/share?url=https%3A%2F%2Ftierheim-moers.de%2FWordpress%2Foskar-laesst-sich-verwoehnen-und-lebt-sich-ein%2F&text=Snow%20%28bei%20uns%20Oskar%29%20%E2%80%A6%20hat%20uns%20nicht%20vergessen\" title=\"Bei X teilen\" aria-label=\"Bei X teilen\" role=\"button\" rel=\"noopener nofollow\" class=\"shariff-link\" style=\"; background-color:#000; color:#fff\" target=\"_blank\"><span class=\"shariff-icon\" style=\"\"><svg width=\"32px\" height=\"20px\" xmlns=\"http:\/\/www.w3.org\/2000\/svg\" viewBox=\"0 0 24 24\"><path fill=\"#000\" d=\"M14.258 10.152L23.176 0h-2.113l-7.747 8.813L7.133 0H0l9.352 13.328L0 23.973h2.113l8.176-9.309 6.531 9.309h7.133zm-2.895 3.293l-.949-1.328L2.875 1.56h3.246l6.086 8.523.945 1.328 7.91 11.078h-3.246zm0 0\"\/><\/svg><\/span><\/a><\/li><li class=\"shariff-button whatsapp shariff-nocustomcolor\" style=\"background-color:#5cbe4a\"><a href=\"https:\/\/api.whatsapp.com\/send?text=https%3A%2F%2Ftierheim-moers.de%2FWordpress%2Foskar-laesst-sich-verwoehnen-und-lebt-sich-ein%2F%20Snow%20%28bei%20uns%20Oskar%29%20%E2%80%A6%20hat%20uns%20nicht%20vergessen\" title=\"Bei Whatsapp teilen\" aria-label=\"Bei Whatsapp teilen\" role=\"button\" rel=\"noopener nofollow\" class=\"shariff-link\" style=\"; background-color:#34af23; color:#fff\" target=\"_blank\"><span class=\"shariff-icon\" style=\"\"><svg width=\"32px\" height=\"20px\" xmlns=\"http:\/\/www.w3.org\/2000\/svg\" viewBox=\"0 0 32 32\"><path fill=\"#34af23\" d=\"M17.6 17.4q0.2 0 1.7 0.8t1.6 0.9q0 0.1 0 0.3 0 0.6-0.3 1.4-0.3 0.7-1.3 1.2t-1.8 0.5q-1 0-3.4-1.1-1.7-0.8-3-2.1t-2.6-3.3q-1.3-1.9-1.3-3.5v-0.1q0.1-1.6 1.3-2.8 0.4-0.4 0.9-0.4 0.1 0 0.3 0t0.3 0q0.3 0 0.5 0.1t0.3 0.5q0.1 0.4 0.6 1.6t0.4 1.3q0 0.4-0.6 1t-0.6 0.8q0 0.1 0.1 0.3 0.6 1.3 1.8 2.4 1 0.9 2.7 1.8 0.2 0.1 0.4 0.1 0.3 0 1-0.9t0.9-0.9zM14 26.9q2.3 0 4.3-0.9t3.6-2.4 2.4-3.6 0.9-4.3-0.9-4.3-2.4-3.6-3.6-2.4-4.3-0.9-4.3 0.9-3.6 2.4-2.4 3.6-0.9 4.3q0 3.6 2.1 6.6l-1.4 4.2 4.3-1.4q2.8 1.9 6.2 1.9zM14 2.2q2.7 0 5.2 1.1t4.3 2.9 2.9 4.3 1.1 5.2-1.1 5.2-2.9 4.3-4.3 2.9-5.2 1.1q-3.5 0-6.5-1.7l-7.4 2.4 2.4-7.2q-1.9-3.2-1.9-6.9 0-2.7 1.1-5.2t2.9-4.3 4.3-2.9 5.2-1.1z\"\/><\/svg><\/span><\/a><\/li><li class=\"shariff-button sms shariff-nocustomcolor shariff-mobile\" style=\"background-color:#d7d9d8\"><a href=\"sms:?&body=https%3A%2F%2Ftierheim-moers.de%2FWordpress%2Foskar-laesst-sich-verwoehnen-und-lebt-sich-ein%2F\" title=\"Per SMS teilen\" aria-label=\"Per SMS teilen\" role=\"button\" rel=\"noopener nofollow\" class=\"shariff-link\" style=\"; background-color:#a1e877; color:#fff\" target=\"_blank\"><span class=\"shariff-icon\" style=\"\"><svg xmlns=\"http:\/\/www.w3.org\/2000\/svg\" width=\"510\" height=\"510\" viewBox=\"0 0 510 510\"><path fill=\"#a1e877\" d=\"M459 0H51C23 0 0 23 0 51v459l102-102h357c28.1 0 51-22.9 51-51V51C510 23 487.1 0 459 0zM178.5 229.5h-51v-51h51V229.5zM280.5 229.5h-51v-51h51V229.5zM382.5 229.5h-51v-51h51V229.5z\"\/><\/svg><\/span><\/a><\/li><\/ul><\/div>","protected":false},"excerpt":{"rendered":"<p>&nbsp; Unser he\u00dfgeliebter Kater Snow ist 27.08.2025 \u00fcber die Regenbogenbr\u00fccke gegangen &nbsp; &nbsp; Juni 2025 Hallo liebes Tierheim-Team, hier ist mal wieder euer ehemaliger Mitbewohner Oskar, jetzt Snow, aus Krefeld. Ich bin jetzt seit 5 Jahren hier und ich f\u00fchle mich sehr wohl, denn meine beiden Dosen\u00f6ffner haben mittlerweile verstanden, &#8230;<\/p>\n","protected":false},"author":4,"featured_media":48043,"comment_status":"closed","ping_status":"open","sticky":false,"template":"","format":"standard","meta":{"ngg_post_thumbnail":0,"footnotes":""},"categories":[32],"tags":[],"class_list":["post-32142","post","type-post","status-publish","format-standard","has-post-thumbnail","hentry","category-erfolgsgeschichten","column","threecol","has-thumbnail"],"yoast_head":"<!-- This site is optimized with the Yoast SEO plugin v24.6 - https:\/\/yoast.com\/wordpress\/plugins\/seo\/ -->\n<title>Snow (bei uns Oskar) ... hat uns nicht vergessen | TIERHEIM MOERS<\/title>\n<meta name=\"robots\" content=\"index, follow, max-snippet:-1, max-image-preview:large, max-video-preview:-1\" \/>\n<link rel=\"canonical\" href=\"https:\/\/tierheim-moers.de\/Wordpress\/oskar-laesst-sich-verwoehnen-und-lebt-sich-ein\/\" \/>\n<meta property=\"og:locale\" content=\"de_DE\" \/>\n<meta property=\"og:type\" content=\"article\" \/>\n<meta property=\"og:title\" content=\"Snow (bei uns Oskar) ... hat uns nicht vergessen | TIERHEIM MOERS\" \/>\n<meta property=\"og:description\" content=\"&nbsp; Unser he\u00dfgeliebter Kater Snow ist 27.08.2025 \u00fcber die Regenbogenbr\u00fccke gegangen &nbsp; &nbsp; Juni 2025 Hallo liebes Tierheim-Team, hier ist mal wieder &#8230;\" \/>\n<meta property=\"og:url\" content=\"https:\/\/tierheim-moers.de\/Wordpress\/oskar-laesst-sich-verwoehnen-und-lebt-sich-ein\/\" \/>\n<meta property=\"og:site_name\" content=\"TIERHEIM MOERS\" \/>\n<meta property=\"article:publisher\" content=\"https:\/\/de-de.facebook.com\/moers.tierheim\" \/>\n<meta property=\"article:published_time\" content=\"2025-07-03T15:13:44+00:00\" \/>\n<meta property=\"article:modified_time\" content=\"2025-10-10T10:40:29+00:00\" \/>\n<meta property=\"og:image\" content=\"https:\/\/tierheim-moers.de\/Wordpress\/wp-content\/uploads\/2021\/05\/oskar-snow.jpg15-scaled.jpg\" \/>\n\t<meta property=\"og:image:width\" content=\"2560\" \/>\n\t<meta property=\"og:image:height\" content=\"1920\" \/>\n\t<meta property=\"og:image:type\" content=\"image\/jpeg\" \/>\n<meta name=\"author\" content=\"Gisela Kuhnen\" \/>\n<meta name=\"twitter:card\" content=\"summary_large_image\" \/>\n<meta name=\"twitter:label1\" content=\"Verfasst von\" \/>\n\t<meta name=\"twitter:data1\" content=\"Gisela Kuhnen\" \/>\n\t<meta name=\"twitter:label2\" content=\"Gesch\u00e4tzte Lesezeit\" \/>\n\t<meta name=\"twitter:data2\" content=\"11\u00a0Minuten\" \/>\n<script type=\"application\/ld+json\" class=\"yoast-schema-graph\">{\"@context\":\"https:\/\/schema.org\",\"@graph\":[{\"@type\":\"Article\",\"@id\":\"https:\/\/tierheim-moers.de\/Wordpress\/oskar-laesst-sich-verwoehnen-und-lebt-sich-ein\/#article\",\"isPartOf\":{\"@id\":\"https:\/\/tierheim-moers.de\/Wordpress\/oskar-laesst-sich-verwoehnen-und-lebt-sich-ein\/\"},\"author\":{\"name\":\"Gisela Kuhnen\",\"@id\":\"https:\/\/tierheim-moers.de\/Wordpress\/#\/schema\/person\/35ad410ed2d8620d4f57f813585b0d8e\"},\"headline\":\"Snow (bei uns Oskar) &#8230; hat uns nicht vergessen\",\"datePublished\":\"2025-07-03T15:13:44+00:00\",\"dateModified\":\"2025-10-10T10:40:29+00:00\",\"mainEntityOfPage\":{\"@id\":\"https:\/\/tierheim-moers.de\/Wordpress\/oskar-laesst-sich-verwoehnen-und-lebt-sich-ein\/\"},\"wordCount\":1087,\"publisher\":{\"@id\":\"https:\/\/tierheim-moers.de\/Wordpress\/#organization\"},\"image\":{\"@id\":\"https:\/\/tierheim-moers.de\/Wordpress\/oskar-laesst-sich-verwoehnen-und-lebt-sich-ein\/#primaryimage\"},\"thumbnailUrl\":\"https:\/\/tierheim-moers.de\/Wordpress\/wp-content\/uploads\/2021\/05\/oskar-snow.jpg15-scaled.jpg\",\"articleSection\":[\"Erfolgsgeschichten\"],\"inLanguage\":\"de\"},{\"@type\":\"WebPage\",\"@id\":\"https:\/\/tierheim-moers.de\/Wordpress\/oskar-laesst-sich-verwoehnen-und-lebt-sich-ein\/\",\"url\":\"https:\/\/tierheim-moers.de\/Wordpress\/oskar-laesst-sich-verwoehnen-und-lebt-sich-ein\/\",\"name\":\"Snow (bei uns Oskar) ... hat uns nicht vergessen | TIERHEIM MOERS\",\"isPartOf\":{\"@id\":\"https:\/\/tierheim-moers.de\/Wordpress\/#website\"},\"primaryImageOfPage\":{\"@id\":\"https:\/\/tierheim-moers.de\/Wordpress\/oskar-laesst-sich-verwoehnen-und-lebt-sich-ein\/#primaryimage\"},\"image\":{\"@id\":\"https:\/\/tierheim-moers.de\/Wordpress\/oskar-laesst-sich-verwoehnen-und-lebt-sich-ein\/#primaryimage\"},\"thumbnailUrl\":\"https:\/\/tierheim-moers.de\/Wordpress\/wp-content\/uploads\/2021\/05\/oskar-snow.jpg15-scaled.jpg\",\"datePublished\":\"2025-07-03T15:13:44+00:00\",\"dateModified\":\"2025-10-10T10:40:29+00:00\",\"breadcrumb\":{\"@id\":\"https:\/\/tierheim-moers.de\/Wordpress\/oskar-laesst-sich-verwoehnen-und-lebt-sich-ein\/#breadcrumb\"},\"inLanguage\":\"de\",\"potentialAction\":[{\"@type\":\"ReadAction\",\"target\":[\"https:\/\/tierheim-moers.de\/Wordpress\/oskar-laesst-sich-verwoehnen-und-lebt-sich-ein\/\"]}]},{\"@type\":\"ImageObject\",\"inLanguage\":\"de\",\"@id\":\"https:\/\/tierheim-moers.de\/Wordpress\/oskar-laesst-sich-verwoehnen-und-lebt-sich-ein\/#primaryimage\",\"url\":\"https:\/\/tierheim-moers.de\/Wordpress\/wp-content\/uploads\/2021\/05\/oskar-snow.jpg15-scaled.jpg\",\"contentUrl\":\"https:\/\/tierheim-moers.de\/Wordpress\/wp-content\/uploads\/2021\/05\/oskar-snow.jpg15-scaled.jpg\",\"width\":2560,\"height\":1920},{\"@type\":\"BreadcrumbList\",\"@id\":\"https:\/\/tierheim-moers.de\/Wordpress\/oskar-laesst-sich-verwoehnen-und-lebt-sich-ein\/#breadcrumb\",\"itemListElement\":[{\"@type\":\"ListItem\",\"position\":1,\"name\":\"Startseite\",\"item\":\"https:\/\/tierheim-moers.de\/Wordpress\/\"},{\"@type\":\"ListItem\",\"position\":2,\"name\":\"Snow (bei uns Oskar) &#8230; hat uns nicht vergessen\"}]},{\"@type\":\"WebSite\",\"@id\":\"https:\/\/tierheim-moers.de\/Wordpress\/#website\",\"url\":\"https:\/\/tierheim-moers.de\/Wordpress\/\",\"name\":\"Tierheim Moers\",\"description\":\"Tierheim | Hundepension | Tierschutz | Moers\",\"publisher\":{\"@id\":\"https:\/\/tierheim-moers.de\/Wordpress\/#organization\"},\"potentialAction\":[{\"@type\":\"SearchAction\",\"target\":{\"@type\":\"EntryPoint\",\"urlTemplate\":\"https:\/\/tierheim-moers.de\/Wordpress\/?s={search_term_string}\"},\"query-input\":{\"@type\":\"PropertyValueSpecification\",\"valueRequired\":true,\"valueName\":\"search_term_string\"}}],\"inLanguage\":\"de\"},{\"@type\":\"Organization\",\"@id\":\"https:\/\/tierheim-moers.de\/Wordpress\/#organization\",\"name\":\"Tierheim Moers\",\"url\":\"https:\/\/tierheim-moers.de\/Wordpress\/\",\"logo\":{\"@type\":\"ImageObject\",\"inLanguage\":\"de\",\"@id\":\"https:\/\/tierheim-moers.de\/Wordpress\/#\/schema\/logo\/image\/\",\"url\":\"https:\/\/tierheim-moers.de\/Wordpress\/wp-content\/uploads\/2014\/04\/Logo-TSV-Moers-V01-RGB-300.png\",\"contentUrl\":\"https:\/\/tierheim-moers.de\/Wordpress\/wp-content\/uploads\/2014\/04\/Logo-TSV-Moers-V01-RGB-300.png\",\"width\":1052,\"height\":1038,\"caption\":\"Tierheim Moers\"},\"image\":{\"@id\":\"https:\/\/tierheim-moers.de\/Wordpress\/#\/schema\/logo\/image\/\"},\"sameAs\":[\"https:\/\/de-de.facebook.com\/moers.tierheim\"]},{\"@type\":\"Person\",\"@id\":\"https:\/\/tierheim-moers.de\/Wordpress\/#\/schema\/person\/35ad410ed2d8620d4f57f813585b0d8e\",\"name\":\"Gisela Kuhnen\",\"image\":{\"@type\":\"ImageObject\",\"inLanguage\":\"de\",\"@id\":\"https:\/\/tierheim-moers.de\/Wordpress\/#\/schema\/person\/image\/\",\"url\":\"https:\/\/secure.gravatar.com\/avatar\/807ca84b4538291e2f5dc665ed240a0d4d7ab8f22360ec427a82fe926980b31a?s=96&d=mm&r=g\",\"contentUrl\":\"https:\/\/secure.gravatar.com\/avatar\/807ca84b4538291e2f5dc665ed240a0d4d7ab8f22360ec427a82fe926980b31a?s=96&d=mm&r=g\",\"caption\":\"Gisela Kuhnen\"},\"url\":\"https:\/\/tierheim-moers.de\/Wordpress\/author\/gisela-kuhnen\/\"}]}<\/script>\n<!-- \/ Yoast SEO plugin. -->","yoast_head_json":{"title":"Snow (bei uns Oskar) ... hat uns nicht vergessen | TIERHEIM MOERS","robots":{"index":"index","follow":"follow","max-snippet":"max-snippet:-1","max-image-preview":"max-image-preview:large","max-video-preview":"max-video-preview:-1"},"canonical":"https:\/\/tierheim-moers.de\/Wordpress\/oskar-laesst-sich-verwoehnen-und-lebt-sich-ein\/","og_locale":"de_DE","og_type":"article","og_title":"Snow (bei uns Oskar) ... hat uns nicht vergessen | TIERHEIM MOERS","og_description":"&nbsp; Unser he\u00dfgeliebter Kater Snow ist 27.08.2025 \u00fcber die Regenbogenbr\u00fccke gegangen &nbsp; &nbsp; Juni 2025 Hallo liebes Tierheim-Team, hier ist mal wieder &#8230;","og_url":"https:\/\/tierheim-moers.de\/Wordpress\/oskar-laesst-sich-verwoehnen-und-lebt-sich-ein\/","og_site_name":"TIERHEIM MOERS","article_publisher":"https:\/\/de-de.facebook.com\/moers.tierheim","article_published_time":"2025-07-03T15:13:44+00:00","article_modified_time":"2025-10-10T10:40:29+00:00","og_image":[{"width":2560,"height":1920,"url":"https:\/\/tierheim-moers.de\/Wordpress\/wp-content\/uploads\/2021\/05\/oskar-snow.jpg15-scaled.jpg","type":"image\/jpeg"}],"author":"Gisela Kuhnen","twitter_card":"summary_large_image","twitter_misc":{"Verfasst von":"Gisela Kuhnen","Gesch\u00e4tzte Lesezeit":"11\u00a0Minuten"},"schema":{"@context":"https:\/\/schema.org","@graph":[{"@type":"Article","@id":"https:\/\/tierheim-moers.de\/Wordpress\/oskar-laesst-sich-verwoehnen-und-lebt-sich-ein\/#article","isPartOf":{"@id":"https:\/\/tierheim-moers.de\/Wordpress\/oskar-laesst-sich-verwoehnen-und-lebt-sich-ein\/"},"author":{"name":"Gisela Kuhnen","@id":"https:\/\/tierheim-moers.de\/Wordpress\/#\/schema\/person\/35ad410ed2d8620d4f57f813585b0d8e"},"headline":"Snow (bei uns Oskar) &#8230; hat uns nicht vergessen","datePublished":"2025-07-03T15:13:44+00:00","dateModified":"2025-10-10T10:40:29+00:00","mainEntityOfPage":{"@id":"https:\/\/tierheim-moers.de\/Wordpress\/oskar-laesst-sich-verwoehnen-und-lebt-sich-ein\/"},"wordCount":1087,"publisher":{"@id":"https:\/\/tierheim-moers.de\/Wordpress\/#organization"},"image":{"@id":"https:\/\/tierheim-moers.de\/Wordpress\/oskar-laesst-sich-verwoehnen-und-lebt-sich-ein\/#primaryimage"},"thumbnailUrl":"https:\/\/tierheim-moers.de\/Wordpress\/wp-content\/uploads\/2021\/05\/oskar-snow.jpg15-scaled.jpg","articleSection":["Erfolgsgeschichten"],"inLanguage":"de"},{"@type":"WebPage","@id":"https:\/\/tierheim-moers.de\/Wordpress\/oskar-laesst-sich-verwoehnen-und-lebt-sich-ein\/","url":"https:\/\/tierheim-moers.de\/Wordpress\/oskar-laesst-sich-verwoehnen-und-lebt-sich-ein\/","name":"Snow (bei uns Oskar) ... hat uns nicht vergessen | TIERHEIM MOERS","isPartOf":{"@id":"https:\/\/tierheim-moers.de\/Wordpress\/#website"},"primaryImageOfPage":{"@id":"https:\/\/tierheim-moers.de\/Wordpress\/oskar-laesst-sich-verwoehnen-und-lebt-sich-ein\/#primaryimage"},"image":{"@id":"https:\/\/tierheim-moers.de\/Wordpress\/oskar-laesst-sich-verwoehnen-und-lebt-sich-ein\/#primaryimage"},"thumbnailUrl":"https:\/\/tierheim-moers.de\/Wordpress\/wp-content\/uploads\/2021\/05\/oskar-snow.jpg15-scaled.jpg","datePublished":"2025-07-03T15:13:44+00:00","dateModified":"2025-10-10T10:40:29+00:00","breadcrumb":{"@id":"https:\/\/tierheim-moers.de\/Wordpress\/oskar-laesst-sich-verwoehnen-und-lebt-sich-ein\/#breadcrumb"},"inLanguage":"de","potentialAction":[{"@type":"ReadAction","target":["https:\/\/tierheim-moers.de\/Wordpress\/oskar-laesst-sich-verwoehnen-und-lebt-sich-ein\/"]}]},{"@type":"ImageObject","inLanguage":"de","@id":"https:\/\/tierheim-moers.de\/Wordpress\/oskar-laesst-sich-verwoehnen-und-lebt-sich-ein\/#primaryimage","url":"https:\/\/tierheim-moers.de\/Wordpress\/wp-content\/uploads\/2021\/05\/oskar-snow.jpg15-scaled.jpg","contentUrl":"https:\/\/tierheim-moers.de\/Wordpress\/wp-content\/uploads\/2021\/05\/oskar-snow.jpg15-scaled.jpg","width":2560,"height":1920},{"@type":"BreadcrumbList","@id":"https:\/\/tierheim-moers.de\/Wordpress\/oskar-laesst-sich-verwoehnen-und-lebt-sich-ein\/#breadcrumb","itemListElement":[{"@type":"ListItem","position":1,"name":"Startseite","item":"https:\/\/tierheim-moers.de\/Wordpress\/"},{"@type":"ListItem","position":2,"name":"Snow (bei uns Oskar) &#8230; hat uns nicht vergessen"}]},{"@type":"WebSite","@id":"https:\/\/tierheim-moers.de\/Wordpress\/#website","url":"https:\/\/tierheim-moers.de\/Wordpress\/","name":"Tierheim Moers","description":"Tierheim | Hundepension | Tierschutz | Moers","publisher":{"@id":"https:\/\/tierheim-moers.de\/Wordpress\/#organization"},"potentialAction":[{"@type":"SearchAction","target":{"@type":"EntryPoint","urlTemplate":"https:\/\/tierheim-moers.de\/Wordpress\/?s={search_term_string}"},"query-input":{"@type":"PropertyValueSpecification","valueRequired":true,"valueName":"search_term_string"}}],"inLanguage":"de"},{"@type":"Organization","@id":"https:\/\/tierheim-moers.de\/Wordpress\/#organization","name":"Tierheim Moers","url":"https:\/\/tierheim-moers.de\/Wordpress\/","logo":{"@type":"ImageObject","inLanguage":"de","@id":"https:\/\/tierheim-moers.de\/Wordpress\/#\/schema\/logo\/image\/","url":"https:\/\/tierheim-moers.de\/Wordpress\/wp-content\/uploads\/2014\/04\/Logo-TSV-Moers-V01-RGB-300.png","contentUrl":"https:\/\/tierheim-moers.de\/Wordpress\/wp-content\/uploads\/2014\/04\/Logo-TSV-Moers-V01-RGB-300.png","width":1052,"height":1038,"caption":"Tierheim Moers"},"image":{"@id":"https:\/\/tierheim-moers.de\/Wordpress\/#\/schema\/logo\/image\/"},"sameAs":["https:\/\/de-de.facebook.com\/moers.tierheim"]},{"@type":"Person","@id":"https:\/\/tierheim-moers.de\/Wordpress\/#\/schema\/person\/35ad410ed2d8620d4f57f813585b0d8e","name":"Gisela Kuhnen","image":{"@type":"ImageObject","inLanguage":"de","@id":"https:\/\/tierheim-moers.de\/Wordpress\/#\/schema\/person\/image\/","url":"https:\/\/secure.gravatar.com\/avatar\/807ca84b4538291e2f5dc665ed240a0d4d7ab8f22360ec427a82fe926980b31a?s=96&d=mm&r=g","contentUrl":"https:\/\/secure.gravatar.com\/avatar\/807ca84b4538291e2f5dc665ed240a0d4d7ab8f22360ec427a82fe926980b31a?s=96&d=mm&r=g","caption":"Gisela Kuhnen"},"url":"https:\/\/tierheim-moers.de\/Wordpress\/author\/gisela-kuhnen\/"}]}},"_links":{"self":[{"href":"https:\/\/tierheim-moers.de\/Wordpress\/wp-json\/wp\/v2\/posts\/32142","targetHints":{"allow":["GET"]}}],"collection":[{"href":"https:\/\/tierheim-moers.de\/Wordpress\/wp-json\/wp\/v2\/posts"}],"about":[{"href":"https:\/\/tierheim-moers.de\/Wordpress\/wp-json\/wp\/v2\/types\/post"}],"author":[{"embeddable":true,"href":"https:\/\/tierheim-moers.de\/Wordpress\/wp-json\/wp\/v2\/users\/4"}],"replies":[{"embeddable":true,"href":"https:\/\/tierheim-moers.de\/Wordpress\/wp-json\/wp\/v2\/comments?post=32142"}],"version-history":[{"count":9,"href":"https:\/\/tierheim-moers.de\/Wordpress\/wp-json\/wp\/v2\/posts\/32142\/revisions"}],"predecessor-version":[{"id":61742,"href":"https:\/\/tierheim-moers.de\/Wordpress\/wp-json\/wp\/v2\/posts\/32142\/revisions\/61742"}],"wp:featuredmedia":[{"embeddable":true,"href":"https:\/\/tierheim-moers.de\/Wordpress\/wp-json\/wp\/v2\/media\/48043"}],"wp:attachment":[{"href":"https:\/\/tierheim-moers.de\/Wordpress\/wp-json\/wp\/v2\/media?parent=32142"}],"wp:term":[{"taxonomy":"category","embeddable":true,"href":"https:\/\/tierheim-moers.de\/Wordpress\/wp-json\/wp\/v2\/categories?post=32142"},{"taxonomy":"post_tag","embeddable":true,"href":"https:\/\/tierheim-moers.de\/Wordpress\/wp-json\/wp\/v2\/tags?post=32142"}],"curies":[{"name":"wp","href":"https:\/\/api.w.org\/{rel}","templated":true}]}}