{"id":33360,"date":"2020-07-22T10:45:24","date_gmt":"2020-07-22T08:45:24","guid":{"rendered":"https:\/\/tierheim-moers.de\/Wordpress\/?p=33360"},"modified":"2020-07-22T10:48:35","modified_gmt":"2020-07-22T08:48:35","slug":"hunde-die-im-schatten-stehen","status":"publish","type":"post","link":"https:\/\/tierheim-moers.de\/Wordpress\/hunde-die-im-schatten-stehen\/","title":{"rendered":"Hunde, die im Schatten stehen"},"content":{"rendered":"\t\t<div data-elementor-type=\"wp-post\" data-elementor-id=\"33360\" class=\"elementor elementor-33360\">\n\t\t\t\t\t\t<section class=\"elementor-section elementor-top-section elementor-element elementor-element-625b468 elementor-section-boxed elementor-section-height-default elementor-section-height-default\" data-id=\"625b468\" data-element_type=\"section\">\n\t\t\t\t\t\t<div class=\"elementor-container elementor-column-gap-default\">\n\t\t\t\t\t<div class=\"elementor-column elementor-col-100 elementor-top-column elementor-element elementor-element-5a28e5a\" data-id=\"5a28e5a\" data-element_type=\"column\">\n\t\t\t<div class=\"elementor-widget-wrap elementor-element-populated\">\n\t\t\t\t\t\t<div class=\"elementor-element elementor-element-828cac5 elementor-widget elementor-widget-text-editor\" data-id=\"828cac5\" data-element_type=\"widget\" data-widget_type=\"text-editor.default\">\n\t\t\t\t<div class=\"elementor-widget-container\">\n\t\t\t\t\t\t\t\t\t<p style=\"margin-bottom: 0cm;\"><span style=\"font-family: Arial, sans-serif;\">Hallo Ihr Lieben,<\/span><\/p><p style=\"margin-bottom: 0cm;\">\u00a0<\/p><p style=\"margin-bottom: 0cm;\" align=\"JUSTIFY\"><span style=\"font-family: Arial, sans-serif;\">eigentlich wollte ich Euch heute mal einen Einblick geben, welche Irrungen und Wirrungen diese verr\u00fcckte Corona Situation in unserem Tierheimalltag so mit sich gebracht hat, aber tats\u00e4chlich brennt mir ein ganz anderes Thema unter den Krallen.<\/span><\/p><p style=\"margin-bottom: 0cm;\" align=\"JUSTIFY\">\u00a0<\/p><p style=\"margin-bottom: 0cm;\" align=\"JUSTIFY\"><span style=\"font-family: Arial, sans-serif;\">Mein pers\u00f6nliches Corona Update hole ich nach \u2026 versprochen, aber jetzt nehme ich mal in Angriff, was ich schon lange versprochen habe: ein ganzer Beitrag \u00fcber Hunde.<\/span><\/p><p style=\"margin-bottom: 0cm;\" align=\"JUSTIFY\">\u00a0<\/p><p style=\"margin-bottom: 0cm;\" align=\"JUSTIFY\"><span style=\"font-family: Arial, sans-serif;\">Das wird gar nicht so nett, wie man jetzt meinen k\u00f6nnte, denn die rosarote Traumwelt werde ich Euch nicht zeigen k\u00f6nnen.<\/span><\/p><p style=\"margin-bottom: 0cm;\" align=\"JUSTIFY\">\u00a0<\/p><p style=\"margin-bottom: 0cm;\" align=\"JUSTIFY\"><span style=\"font-family: Arial, sans-serif;\">Mir schwirren so viele Gedanken durch meinen zahnlosen aber deswegen nicht weniger h\u00fcbschen Katzenkopf, dass ich gar nicht genau wei\u00df, wo und wie ich beginnen soll.<\/span><\/p><p style=\"margin-bottom: 0cm;\" align=\"JUSTIFY\">\u00a0<\/p><p>\u00a0<\/p><p style=\"margin-bottom: 0cm;\" align=\"JUSTIFY\"><span style=\"font-family: Arial, sans-serif;\">Wer von Euch hat nicht auch schon die Begriffe Schatten- oder H\u00f6llenhunde geh\u00f6rt? So werden Hunde genannt, die auff\u00e4lliges oder auch verletzendes Verhalten gezeigt haben oder zeigen und f\u00fcr die ein Tierheim auf einmal gut genug oder &#8211; netter gesagt &#8211; der letzte Ausweg ist.\u00a0<\/span><\/p>\t\t\t\t\t\t\t\t<\/div>\n\t\t\t\t<\/div>\n\t\t\t\t\t<\/div>\n\t\t<\/div>\n\t\t\t\t\t<\/div>\n\t\t<\/section>\n\t\t\t\t<section class=\"elementor-section elementor-top-section elementor-element elementor-element-d530f99 elementor-section-boxed elementor-section-height-default elementor-section-height-default\" data-id=\"d530f99\" data-element_type=\"section\">\n\t\t\t\t\t\t<div class=\"elementor-container elementor-column-gap-default\">\n\t\t\t\t\t<div class=\"elementor-column elementor-col-100 elementor-top-column elementor-element elementor-element-e475fb6\" data-id=\"e475fb6\" data-element_type=\"column\">\n\t\t\t<div class=\"elementor-widget-wrap elementor-element-populated\">\n\t\t\t\t\t\t<section class=\"elementor-section elementor-inner-section elementor-element elementor-element-8256d96 elementor-section-boxed elementor-section-height-default elementor-section-height-default\" data-id=\"8256d96\" data-element_type=\"section\">\n\t\t\t\t\t\t<div class=\"elementor-container elementor-column-gap-default\">\n\t\t\t\t\t<div class=\"elementor-column elementor-col-50 elementor-inner-column elementor-element elementor-element-dd87637\" data-id=\"dd87637\" data-element_type=\"column\">\n\t\t\t<div class=\"elementor-widget-wrap elementor-element-populated\">\n\t\t\t\t\t\t<div class=\"elementor-element elementor-element-1847119 elementor-widget elementor-widget-text-editor\" data-id=\"1847119\" data-element_type=\"widget\" data-widget_type=\"text-editor.default\">\n\t\t\t\t<div class=\"elementor-widget-container\">\n\t\t\t\t\t\t\t\t\t<p style=\"margin-bottom: 0cm;\" align=\"JUSTIFY\"><span style=\"font-family: Arial, sans-serif;\">Auf einen &#8211; nennen wir es &#8211; unauff\u00e4lligen Hund mit guten Vermittlungschancen, der \u00fcber uns ein neues Zuhause finden soll, kommen mindestens f\u00fcnf Anfragen f\u00fcr Hunde, die dringend weg m\u00fcssen, weil sie bei\u00dfen, sich nicht mehr spazieren f\u00fchren lassen, andere Hunde angreifen, ihre Besitzer Angst vor ihnen haben und der Situation nicht gewachsen sind.<\/span><\/p>\t\t\t\t\t\t\t\t<\/div>\n\t\t\t\t<\/div>\n\t\t\t\t\t<\/div>\n\t\t<\/div>\n\t\t\t\t<div class=\"elementor-column elementor-col-50 elementor-inner-column elementor-element elementor-element-f3763b5\" data-id=\"f3763b5\" data-element_type=\"column\">\n\t\t\t<div class=\"elementor-widget-wrap elementor-element-populated\">\n\t\t\t\t\t\t<div class=\"elementor-element elementor-element-0f684e4 elementor-widget elementor-widget-image\" data-id=\"0f684e4\" data-element_type=\"widget\" data-widget_type=\"image.default\">\n\t\t\t\t<div class=\"elementor-widget-container\">\n\t\t\t\t\t\t\t\t\t\t\t\t\t\t\t<img decoding=\"async\" src=\"https:\/\/tierheim-moers.de\/Wordpress\/wp-content\/uploads\/2020\/07\/20200316_165753-scaled.jpg\" title=\"\" alt=\"\" loading=\"lazy\" \/>\t\t\t\t\t\t\t\t\t\t\t\t\t\t\t<\/div>\n\t\t\t\t<\/div>\n\t\t\t\t\t<\/div>\n\t\t<\/div>\n\t\t\t\t\t<\/div>\n\t\t<\/section>\n\t\t\t\t\t<\/div>\n\t\t<\/div>\n\t\t\t\t\t<\/div>\n\t\t<\/section>\n\t\t\t\t<section class=\"elementor-section elementor-top-section elementor-element elementor-element-d382012 elementor-section-boxed elementor-section-height-default elementor-section-height-default\" data-id=\"d382012\" data-element_type=\"section\">\n\t\t\t\t\t\t<div class=\"elementor-container elementor-column-gap-default\">\n\t\t\t\t\t<div class=\"elementor-column elementor-col-100 elementor-top-column elementor-element elementor-element-e5a38a5\" data-id=\"e5a38a5\" data-element_type=\"column\">\n\t\t\t<div class=\"elementor-widget-wrap elementor-element-populated\">\n\t\t\t\t\t\t<div class=\"elementor-element elementor-element-ae4ee13 elementor-widget elementor-widget-text-editor\" data-id=\"ae4ee13\" data-element_type=\"widget\" data-widget_type=\"text-editor.default\">\n\t\t\t\t<div class=\"elementor-widget-container\">\n\t\t\t\t\t\t\t\t\t<p style=\"margin-bottom: 0cm;\" align=\"JUSTIFY\"><span style=\"font-family: Arial, sans-serif;\">Kontaktiert uns jedoch jemand, der einen Hund sucht, beginnen die Gespr\u00e4che meistens so: \u201eWir suchen einen familienfreundlichen Hund. Er sollte stubenrein sein, alleine bleiben k\u00f6nnen, Katzen m\u00f6gen und auch schon was gelernt haben.\u201c \u2026 oder anders gesagt: es wird ein \u201eRundum-sorglos-Paket\u201c gew\u00fcnscht.<\/span><\/p>\n<p style=\"margin-bottom: 0cm;\" align=\"JUSTIFY\">\n<\/p><p style=\"margin-bottom: 0cm;\" align=\"JUSTIFY\"><span style=\"font-family: Arial, sans-serif;\">Nicht nur, dass unser Angebot nicht zu solchen Nachfragen passt \u2026 vielmehr dr\u00e4ngt sich doch die Frage auf, ob dieser Wunsch nach einer rosaroten Traumwelt mit Hund nicht zum Teil sogar die Wurzel allen \u00dcbels ist \u2026 ein Kreislauf, der an Energie gewinnt, weil er gen\u00e4hrt wird durch falsche Vorstellungen, fehlende Selbstreflektion und ein F\u00fcllhorn an M\u00f6glichkeiten, sich einen Hund anzuschaffen, der mit eben diesen gew\u00fcnschten Attributen auf Kleinanzeigenportalen oder Social Media Kan\u00e4len vermarktet wird. <\/span><\/p><p style=\"margin-bottom: 0cm;\" align=\"JUSTIFY\"><span style=\"font-family: Arial, sans-serif;\"><br><\/span><\/p>\n<p style=\"margin-bottom: 0cm;\" align=\"JUSTIFY\">\n<\/p><p style=\"margin-bottom: 0cm;\" align=\"JUSTIFY\"><span style=\"font-family: Arial, sans-serif;\">Wo da der Kreislauf ist, fragt Ihr Euch? Nun, wenn der s\u00fc\u00dfe Welpe, der umst\u00e4ndehalber mit 8 Wochen schon wieder abgeben werden muss und \u00fcber Kleinanzeigen angeboten wird als Wunschhund in seine Familie kommt oder Hunde die, ohne die M\u00f6glichkeit sie \u00fcberhaupt kennenzulernen, \u00fcber Grenzen hinweg durch Social Media zum Traumhund stilisiert und bestellt werden, dauert es meistens nicht lang, ehe sich der rosaroten Mensch-Hund-Beziehung grau oder sogar schwarz beimischt.<\/span><\/p><p style=\"margin-bottom: 0cm;\" align=\"JUSTIFY\"><span style=\"font-family: Arial, sans-serif;\"><br><\/span><\/p>\n<p style=\"margin-bottom: 0cm;\" align=\"JUSTIFY\">\n<\/p><p style=\"margin-bottom: 0cm;\" align=\"JUSTIFY\"><span style=\"font-family: Arial, sans-serif;\">An genau der Stelle trennt sich die Spreu vom Weizen. Dann gibt es die Menschen, die einsehen, dass Wunsch und Realit\u00e4t sich nur vereinen lassen, wenn man den Problemen ins Auge sieht, sich fachkundige Hilfe holt und an den Problemen arbeitet. Und es gibt diejenigen, die stoisch an ihrem Wunschdenken festhalten, bis die Probleme unl\u00f6sbar werden. Schlimmstenfalls werden solche Hunde dann \u00fcber fragw\u00fcrdige Vermarktungswege zum Wanderpokal und der Weg bis \u201ejetzt geht nur noch Tierheim\u201c nimmt ein paar Umwege.<\/span><\/p><p style=\"margin-bottom: 0cm;\" align=\"JUSTIFY\"><span style=\"font-family: Arial, sans-serif;\"><br><\/span><\/p>\n<p style=\"margin-bottom: 0cm;\" align=\"JUSTIFY\">\n<\/p><p style=\"margin-bottom: 0cm;\" align=\"JUSTIFY\"><span style=\"font-family: Arial, sans-serif;\">Nicht selten wird die Schuld dann auf den Hund geschoben und ist dieser erstmal \u201egut vermittelt\u201c steht schon der Nachfolger auf der Matte, der nun die \u00fcbersteigerte Erwartungshaltung erf\u00fcllen soll.<\/span><\/p><p style=\"margin-bottom: 0cm;\" align=\"JUSTIFY\"><span style=\"font-family: Arial, sans-serif;\"><br><\/span><\/p>\n<p style=\"margin-bottom: 0cm;\" align=\"JUSTIFY\">\n<\/p><p style=\"margin-bottom: 0cm;\" align=\"JUSTIFY\"><span style=\"font-family: Arial, sans-serif;\">So, und nun frage ich Euch: wo landen sie alle am Ende? Und wer will sie dann noch? So entstehen Schattenhunde&#8230;<\/span><\/p><p style=\"margin-bottom: 0cm;\" align=\"JUSTIFY\"><span style=\"font-family: Arial, sans-serif;\"><br><\/span><\/p>\n<p style=\"margin-bottom: 0cm;\" align=\"JUSTIFY\">\n<\/p><p style=\"margin-bottom: 0cm;\" align=\"JUSTIFY\"><span style=\"font-family: Arial, sans-serif;\">Ach, kommt Leute, ich h\u00f6re Euch f\u00f6rmlich aufschreien: \u201ePaula, das ist doch ein tiefschwarzes Szenario, das Du da kreierst.\u201c<\/span><\/p><p style=\"margin-bottom: 0cm;\" align=\"JUSTIFY\"><span style=\"font-family: Arial, sans-serif;\"><br><\/span><\/p>\n<p style=\"margin-bottom: 0cm;\" align=\"JUSTIFY\">\n<\/p><p style=\"margin-bottom: 0cm;\" align=\"JUSTIFY\"><span style=\"font-family: Arial, sans-serif;\">Ja, ich wei\u00df auch, dass es viele Hundehalter gibt, die sich sehr mit der Anschaffung auseinander setzen \u2026 die wissen, welche Probleme sie sich zumuten k\u00f6nnen und welche nicht \u2026 die die Bed\u00fcrfnisse von Hunden kennen und sie lesen k\u00f6nnen \u2026 das wei\u00df ich doch \u2026 und zum Gl\u00fcck ist das so, denn sonst w\u00e4ren wir schon lange kein Hotel f\u00fcr tempor\u00e4r hilfebed\u00fcrftige Tiere mehr sondern wir h\u00e4tten ein Hundehaus voller Hunde, die keine Chance mehr auf ein Zuhause haben.<\/span><\/p><p style=\"margin-bottom: 0cm;\" align=\"JUSTIFY\"><span style=\"font-family: Arial, sans-serif;\"><br><\/span><\/p>\n<p style=\"margin-bottom: 0cm;\" align=\"JUSTIFY\">\n<\/p>\n<p style=\"margin-bottom: 0cm;\" align=\"JUSTIFY\"><span style=\"font-family: Arial, sans-serif;\">Diese Hunde, die nennen wir es un\u00fcberlegt und ungeschickt angeschafft werden, haben zun\u00e4chst alle Wege offen. Sie brauchen ein Zuhause, dass ihre Eigenheiten und Bed\u00fcrfnisse erkennt und ihnen den richtigen Weg zeigt.<\/span><\/p>\t\t\t\t\t\t\t\t<\/div>\n\t\t\t\t<\/div>\n\t\t\t\t\t<\/div>\n\t\t<\/div>\n\t\t\t\t\t<\/div>\n\t\t<\/section>\n\t\t\t\t<section class=\"elementor-section elementor-top-section elementor-element elementor-element-0d27f08 elementor-section-boxed elementor-section-height-default elementor-section-height-default\" data-id=\"0d27f08\" data-element_type=\"section\">\n\t\t\t\t\t\t<div class=\"elementor-container elementor-column-gap-default\">\n\t\t\t\t\t<div class=\"elementor-column elementor-col-100 elementor-top-column elementor-element elementor-element-5238f3e\" data-id=\"5238f3e\" data-element_type=\"column\">\n\t\t\t<div class=\"elementor-widget-wrap elementor-element-populated\">\n\t\t\t\t\t\t<section class=\"elementor-section elementor-inner-section elementor-element elementor-element-74b0425 elementor-section-boxed elementor-section-height-default elementor-section-height-default\" data-id=\"74b0425\" data-element_type=\"section\">\n\t\t\t\t\t\t<div class=\"elementor-container elementor-column-gap-default\">\n\t\t\t\t\t<div class=\"elementor-column elementor-col-50 elementor-inner-column elementor-element elementor-element-401e4cc\" data-id=\"401e4cc\" data-element_type=\"column\">\n\t\t\t<div class=\"elementor-widget-wrap elementor-element-populated\">\n\t\t\t\t\t\t<div class=\"elementor-element elementor-element-079c687 elementor-widget elementor-widget-image\" data-id=\"079c687\" data-element_type=\"widget\" data-widget_type=\"image.default\">\n\t\t\t\t<div class=\"elementor-widget-container\">\n\t\t\t\t\t\t\t\t\t\t\t\t\t\t\t<img decoding=\"async\" src=\"https:\/\/tierheim-moers.de\/Wordpress\/wp-content\/uploads\/2020\/07\/PacoFeld-scaled.jpg\" title=\"\" alt=\"\" loading=\"lazy\" \/>\t\t\t\t\t\t\t\t\t\t\t\t\t\t\t<\/div>\n\t\t\t\t<\/div>\n\t\t\t\t\t<\/div>\n\t\t<\/div>\n\t\t\t\t<div class=\"elementor-column elementor-col-50 elementor-inner-column elementor-element elementor-element-7872ea9\" data-id=\"7872ea9\" data-element_type=\"column\">\n\t\t\t<div class=\"elementor-widget-wrap elementor-element-populated\">\n\t\t\t\t\t\t<div class=\"elementor-element elementor-element-f7b5086 elementor-widget elementor-widget-text-editor\" data-id=\"f7b5086\" data-element_type=\"widget\" data-widget_type=\"text-editor.default\">\n\t\t\t\t<div class=\"elementor-widget-container\">\n\t\t\t\t\t\t\t\t\t<p style=\"margin-bottom: 0cm;\" align=\"JUSTIFY\"><span style=\"font-family: Arial, sans-serif;\">Erinnert Ihr Euch an Paco? Der s\u00fc\u00dfe, knuddelige Chihuahua-Mix sa\u00df zwei Jahre bei uns im Tierheim. Ein hochintelligenter Hund mit einem zu gesunden Selbstbewusstsein in einem Zuhause, in dem er sich schon im jungen Alter gegen das Niedlichsein und den Spielzeugkuschelcharakter seines Daseins massiv auflehnte und so zu uns kam. Auch Paco war mal ein Welpe, dem die richtigen Regeln f\u00fcr ein harmonisches Miteinander, h\u00e4tten beigebracht werden m\u00fcssen. Die Weichen richtig zu stellen, bedeutet Zufriedenheit f\u00fcr Mensch und Hund. <\/span><\/p><p>\u00a0<\/p><p style=\"margin-bottom: 0cm;\" align=\"JUSTIFY\"><span style=\"font-family: Arial, sans-serif;\">Paco hatte aufgrund seines Aussehens viele Anfragen. Uns wurde zugeh\u00f6rt, wenn wir die Problematik erkl\u00e4rt haben, es wurde genickt und die eigene Hundeerfahrung heraus gestellt und der Vermittlungsansatz endete dann mit der Frage der Interessenten \u201eAber ins Bett darf der s\u00fc\u00dfe Schatz doch trotzdem, oder?\u201c<\/span><\/p>\t\t\t\t\t\t\t\t<\/div>\n\t\t\t\t<\/div>\n\t\t\t\t\t<\/div>\n\t\t<\/div>\n\t\t\t\t\t<\/div>\n\t\t<\/section>\n\t\t\t\t\t<\/div>\n\t\t<\/div>\n\t\t\t\t\t<\/div>\n\t\t<\/section>\n\t\t\t\t<section class=\"elementor-section elementor-top-section elementor-element elementor-element-53aa6bb elementor-section-boxed elementor-section-height-default elementor-section-height-default\" data-id=\"53aa6bb\" data-element_type=\"section\">\n\t\t\t\t\t\t<div class=\"elementor-container elementor-column-gap-default\">\n\t\t\t\t\t<div class=\"elementor-column elementor-col-100 elementor-top-column elementor-element elementor-element-8da4fa5\" data-id=\"8da4fa5\" data-element_type=\"column\">\n\t\t\t<div class=\"elementor-widget-wrap elementor-element-populated\">\n\t\t\t\t\t\t<section class=\"elementor-section elementor-inner-section elementor-element elementor-element-8b55e0a elementor-section-boxed elementor-section-height-default elementor-section-height-default\" data-id=\"8b55e0a\" data-element_type=\"section\">\n\t\t\t\t\t\t<div class=\"elementor-container elementor-column-gap-default\">\n\t\t\t\t\t<div class=\"elementor-column elementor-col-50 elementor-inner-column elementor-element elementor-element-579b58a\" data-id=\"579b58a\" data-element_type=\"column\">\n\t\t\t<div class=\"elementor-widget-wrap elementor-element-populated\">\n\t\t\t\t\t\t<div class=\"elementor-element elementor-element-c224f78 elementor-widget elementor-widget-text-editor\" data-id=\"c224f78\" data-element_type=\"widget\" data-widget_type=\"text-editor.default\">\n\t\t\t\t<div class=\"elementor-widget-container\">\n\t\t\t\t\t\t\t\t\t<p style=\"margin-bottom: 0cm;\" align=\"JUSTIFY\"><span style=\"font-family: Arial, sans-serif;\">Nach zwei Jahren \u2013 Paco hatte zu dem Zeitpunkt sein halbes Leben bei uns verbracht \u2013 kam endlich jemand, der Paco\u00b4s Situation und auch seine Not verstanden hat. Denn das darf man auch nie vergessen: die Rolle auszuf\u00fcllen, in die sie hinein gedr\u00e4ngt werden, bedeutet Stress f\u00fcr Hunde.<\/span><\/p><p>\u00a0<\/p><p style=\"margin-bottom: 0cm;\" align=\"JUSTIFY\"><span style=\"font-family: Arial, sans-serif;\">Paco lebt nun schon \u00fcber 1,5 Jahre in einem tollen Zuhause mit einem kleinen Rudel. Er darf nun das f\u00fcr ihn passende entspannte Hundeleben f\u00fchren.<\/span><\/p>\t\t\t\t\t\t\t\t<\/div>\n\t\t\t\t<\/div>\n\t\t\t\t\t<\/div>\n\t\t<\/div>\n\t\t\t\t<div class=\"elementor-column elementor-col-50 elementor-inner-column elementor-element elementor-element-85d4fcb\" data-id=\"85d4fcb\" data-element_type=\"column\">\n\t\t\t<div class=\"elementor-widget-wrap elementor-element-populated\">\n\t\t\t\t\t\t<div class=\"elementor-element elementor-element-b8f2bcd elementor-widget elementor-widget-image\" data-id=\"b8f2bcd\" data-element_type=\"widget\" data-widget_type=\"image.default\">\n\t\t\t\t<div class=\"elementor-widget-container\">\n\t\t\t\t\t\t\t\t\t\t\t\t\t\t\t<img decoding=\"async\" src=\"https:\/\/tierheim-moers.de\/Wordpress\/wp-content\/uploads\/2020\/07\/IMG-20190106-WA0030.jpg\" title=\"\" alt=\"\" loading=\"lazy\" \/>\t\t\t\t\t\t\t\t\t\t\t\t\t\t\t<\/div>\n\t\t\t\t<\/div>\n\t\t\t\t\t<\/div>\n\t\t<\/div>\n\t\t\t\t\t<\/div>\n\t\t<\/section>\n\t\t\t\t\t<\/div>\n\t\t<\/div>\n\t\t\t\t\t<\/div>\n\t\t<\/section>\n\t\t\t\t<section class=\"elementor-section elementor-top-section elementor-element elementor-element-158aa98 elementor-section-boxed elementor-section-height-default elementor-section-height-default\" data-id=\"158aa98\" data-element_type=\"section\">\n\t\t\t\t\t\t<div class=\"elementor-container elementor-column-gap-default\">\n\t\t\t\t\t<div class=\"elementor-column elementor-col-100 elementor-top-column elementor-element elementor-element-a8397ef\" data-id=\"a8397ef\" data-element_type=\"column\">\n\t\t\t<div class=\"elementor-widget-wrap elementor-element-populated\">\n\t\t\t\t\t\t<section class=\"elementor-section elementor-inner-section elementor-element elementor-element-4f47bbe elementor-section-boxed elementor-section-height-default elementor-section-height-default\" data-id=\"4f47bbe\" data-element_type=\"section\">\n\t\t\t\t\t\t<div class=\"elementor-container elementor-column-gap-default\">\n\t\t\t\t\t<div class=\"elementor-column elementor-col-50 elementor-inner-column elementor-element elementor-element-6ea6d51\" data-id=\"6ea6d51\" data-element_type=\"column\">\n\t\t\t<div class=\"elementor-widget-wrap elementor-element-populated\">\n\t\t\t\t\t\t<div class=\"elementor-element elementor-element-ec45431 elementor-widget elementor-widget-text-editor\" data-id=\"ec45431\" data-element_type=\"widget\" data-widget_type=\"text-editor.default\">\n\t\t\t\t<div class=\"elementor-widget-container\">\n\t\t\t\t\t\t\t\t\t<p style=\"margin-bottom: 0cm;\" align=\"JUSTIFY\"><span style=\"font-family: Arial, sans-serif;\">Auch Mailo war fast ein Jahr bei uns. Er kam mit einem ernsten Bei\u00dfvorfall zu uns. Der Vorfall ereignete sich in einem neuen, unerfahrenen Zuhause \u2026 der Grundstock daf\u00fcr muss jedoch eher gelegt worden sein. Mailo war ein zutiefst unsicherer Hund, der offensichtlich nicht die Sicherheit durch seinen Menschen erfahren hat, sondern die Erfahrung gemacht hat: nach vorne ist der Weg raus aus dieser Situation. Zu oft haben wir von potentiellen Interessenten geh\u00f6rt: \u201eOh, der arme Schatz \u2026 was hat er nur erlebt, dass er so ist&#8230;\u201c Mitleid ist der falschen Ansatz \u2013 Hunde, wie Mailo brauchen Sicherheit und eine souver\u00e4ne F\u00fchrung und so endeten viele Vermittlungsgespr\u00e4che schon nach wenigen S\u00e4tzen. Auch Mailo hat inzwischen sein passendes Zuhause gefunden.<\/span><\/p>\t\t\t\t\t\t\t\t<\/div>\n\t\t\t\t<\/div>\n\t\t\t\t\t<\/div>\n\t\t<\/div>\n\t\t\t\t<div class=\"elementor-column elementor-col-50 elementor-inner-column elementor-element elementor-element-32dbf22\" data-id=\"32dbf22\" data-element_type=\"column\">\n\t\t\t<div class=\"elementor-widget-wrap elementor-element-populated\">\n\t\t\t\t\t\t<div class=\"elementor-element elementor-element-cc76592 elementor-widget elementor-widget-image\" data-id=\"cc76592\" data-element_type=\"widget\" data-widget_type=\"image.default\">\n\t\t\t\t<div class=\"elementor-widget-container\">\n\t\t\t\t\t\t\t\t\t\t\t\t\t\t\t<img decoding=\"async\" src=\"https:\/\/tierheim-moers.de\/Wordpress\/wp-content\/uploads\/2020\/07\/20200224_105129.jpg\" title=\"\" alt=\"\" loading=\"lazy\" \/>\t\t\t\t\t\t\t\t\t\t\t\t\t\t\t<\/div>\n\t\t\t\t<\/div>\n\t\t\t\t\t<\/div>\n\t\t<\/div>\n\t\t\t\t\t<\/div>\n\t\t<\/section>\n\t\t\t\t\t<\/div>\n\t\t<\/div>\n\t\t\t\t\t<\/div>\n\t\t<\/section>\n\t\t\t\t<section class=\"elementor-section elementor-top-section elementor-element elementor-element-d077c15 elementor-section-boxed elementor-section-height-default elementor-section-height-default\" data-id=\"d077c15\" data-element_type=\"section\">\n\t\t\t\t\t\t<div class=\"elementor-container elementor-column-gap-default\">\n\t\t\t\t\t<div class=\"elementor-column elementor-col-100 elementor-top-column elementor-element elementor-element-0d880c6\" data-id=\"0d880c6\" data-element_type=\"column\">\n\t\t\t<div class=\"elementor-widget-wrap elementor-element-populated\">\n\t\t\t\t\t\t<div class=\"elementor-element elementor-element-7492a15 elementor-widget elementor-widget-text-editor\" data-id=\"7492a15\" data-element_type=\"widget\" data-widget_type=\"text-editor.default\">\n\t\t\t\t<div class=\"elementor-widget-container\">\n\t\t\t\t\t\t\t\t\t<p style=\"margin-bottom: 0cm;\" align=\"JUSTIFY\"><span style=\"font-family: Arial, sans-serif;\">Wir k\u00f6nnten diese Liste endlos fortsetzen, aber vielleicht wird auch schon anhand dieser Beispiele deutlich, dass die Anforderungen an Hundehalter gr\u00f6\u00dfer werden, weil zu viele Hunde zu uns kommen, wo schon Weichen falsch gestellt wurden. Das ist korrigierbar, aber der Weg ist immer weiter und erfordert mehr Hundeerfahrung als wenn direkt der richtige Weg eingeschlagen wird.<\/span><\/p><p style=\"margin-bottom: 0cm;\" align=\"JUSTIFY\">\u00a0<\/p><p style=\"margin-bottom: 0cm;\" align=\"JUSTIFY\"><span style=\"font-family: Arial, sans-serif;\">Nun zur\u00fcck zu der von mir angesprochenen Problematik: zu viele Menschen k\u00f6nnen sich zu leicht \u201eHunde beschaffen\u201c ohne Unterst\u00fctzung bei dieser gewichtigen Entscheidung zu haben oder auch zu wollen und eben h\u00e4ufig auch, ohne viel f\u00fcr diese Traumwelt tun zu wollen.<\/span><\/p><p style=\"margin-bottom: 0cm;\" align=\"JUSTIFY\">\u00a0<\/p><p style=\"margin-bottom: 0cm;\" align=\"JUSTIFY\"><span style=\"font-family: Arial, sans-serif;\">So wird die Zahl der \u201eProblemhunde\u201c, die in Tierheimen ein neues Zuhause suchen immer gr\u00f6\u00dfer. Auch die Anforderungen an k\u00fcnftige Hundehalter werden gr\u00f6\u00dfer, aber vielfach steht nur die Masse der unerfahrenen Menschen mit dem Wunsch nach einem treuen Begleiter in der Warteschlange.<\/span><\/p><p style=\"margin-bottom: 0cm;\" align=\"JUSTIFY\">\u00a0<\/p><p style=\"margin-bottom: 0cm;\" align=\"JUSTIFY\"><span style=\"font-family: Arial, sans-serif;\">Diese Rechnung kann nicht aufgehen und das zeigt sich bereits jetzt \u2026 nicht nur bei uns. <\/span><\/p><p style=\"margin-bottom: 0cm;\" align=\"JUSTIFY\">\u00a0<\/p><p style=\"margin-bottom: 0cm;\" align=\"JUSTIFY\"><span style=\"font-family: Arial, sans-serif;\">Es muss ein Umdenken stattfinden! Wie das Aussehen soll? Ich wei\u00df es nicht. In einer optimalen Welt w\u00fcrde niemand Hunde aus Vermehrstationen kaufen, w\u00fcrden Hunde nicht \u00fcber Social Media wie im Versandkatalog bestellt, w\u00fcrden Menschen sich Gedanken machen, was es bedeutet einen Hund zu haben \u2026 aber offensichtlich haben wir diese optimale Welt nicht. <\/span><\/p><p style=\"margin-bottom: 0cm;\" align=\"JUSTIFY\">\u00a0<\/p><p style=\"margin-bottom: 0cm;\" align=\"JUSTIFY\"><span style=\"font-family: Arial, sans-serif;\">Vielleicht w\u00e4re es schon heilsam, wenn jeder, der einen Hund verkauft, verpflichtet w\u00e4re, diesen zur\u00fcck zu nehmen, wenn sich zeigt, dass Bed\u00fcrfnisse und F\u00e4higkeiten von Mensch und Hund nicht zusammen passen. <\/span><\/p><p style=\"margin-bottom: 0cm;\" align=\"JUSTIFY\">\u00a0<\/p><p style=\"margin-bottom: 0cm;\" align=\"JUSTIFY\"><span style=\"font-family: Arial, sans-serif;\">Wie sich so etwas umsetzen lie\u00dfe \u2026 keine Ahnung, aber wenn man auf dieser Vorstellung ein wenig rumdenkt, k\u00f6nnte sie viele Probleme im Keim ersticken \u2026 Probleme, die es gar nicht geben d\u00fcrfte.<\/span><\/p><p style=\"margin-bottom: 0cm;\" align=\"JUSTIFY\">\u00a0<\/p><p style=\"margin-bottom: 0cm;\" align=\"JUSTIFY\">\u00a0<\/p><p>\u00a0<\/p><p style=\"margin-bottom: 0cm;\"><span style=\"font-family: Arial, sans-serif;\">Eure Paula<\/span><\/p>\t\t\t\t\t\t\t\t<\/div>\n\t\t\t\t<\/div>\n\t\t\t\t\t<\/div>\n\t\t<\/div>\n\t\t\t\t\t<\/div>\n\t\t<\/section>\n\t\t\t\t<section class=\"elementor-section elementor-top-section elementor-element elementor-element-c9c5bf6 elementor-section-boxed elementor-section-height-default elementor-section-height-default\" data-id=\"c9c5bf6\" data-element_type=\"section\">\n\t\t\t\t\t\t<div class=\"elementor-container elementor-column-gap-default\">\n\t\t\t\t\t<div class=\"elementor-column elementor-col-100 elementor-top-column elementor-element elementor-element-670ff1b\" data-id=\"670ff1b\" data-element_type=\"column\">\n\t\t\t<div class=\"elementor-widget-wrap elementor-element-populated\">\n\t\t\t\t\t\t<section class=\"elementor-section elementor-inner-section elementor-element elementor-element-b65f523 elementor-section-boxed elementor-section-height-default elementor-section-height-default\" data-id=\"b65f523\" data-element_type=\"section\">\n\t\t\t\t\t\t<div class=\"elementor-container elementor-column-gap-default\">\n\t\t\t\t\t<div class=\"elementor-column elementor-col-50 elementor-inner-column elementor-element elementor-element-3c35dbd\" data-id=\"3c35dbd\" data-element_type=\"column\">\n\t\t\t<div class=\"elementor-widget-wrap elementor-element-populated\">\n\t\t\t\t\t\t<div class=\"elementor-element elementor-element-4579896 elementor-widget elementor-widget-image\" data-id=\"4579896\" data-element_type=\"widget\" data-widget_type=\"image.default\">\n\t\t\t\t<div class=\"elementor-widget-container\">\n\t\t\t\t\t\t\t\t\t\t\t\t\t\t\t<img decoding=\"async\" src=\"https:\/\/tierheim-moers.de\/Wordpress\/wp-content\/uploads\/2020\/07\/Paula.jpg\" title=\"\" alt=\"\" loading=\"lazy\" \/>\t\t\t\t\t\t\t\t\t\t\t\t\t\t\t<\/div>\n\t\t\t\t<\/div>\n\t\t\t\t\t<\/div>\n\t\t<\/div>\n\t\t\t\t<div class=\"elementor-column elementor-col-50 elementor-inner-column elementor-element elementor-element-cf52188\" data-id=\"cf52188\" data-element_type=\"column\">\n\t\t\t<div class=\"elementor-widget-wrap\">\n\t\t\t\t\t\t\t<\/div>\n\t\t<\/div>\n\t\t\t\t\t<\/div>\n\t\t<\/section>\n\t\t\t\t\t<\/div>\n\t\t<\/div>\n\t\t\t\t\t<\/div>\n\t\t<\/section>\n\t\t\t\t<\/div>\n\t\t<div class=\"shariff shariff-align-flex-start shariff-widget-align-center\" data-url=\"https%3A%2F%2Ftierheim-moers.de%2FWordpress%2Fhunde-die-im-schatten-stehen%2F\" data-timestamp=\"1595414915\" data-hidezero=\"1\" data-backendurl=\"https:\/\/tierheim-moers.de\/Wordpress\/wp-json\/shariff\/v1\/share_counts?\"><ul class=\"shariff-buttons theme-round orientation-horizontal buttonsize-small\"><li class=\"shariff-button facebook shariff-nocustomcolor\" style=\"background-color:#4273c8\"><a href=\"https:\/\/www.facebook.com\/sharer\/sharer.php?u=https%3A%2F%2Ftierheim-moers.de%2FWordpress%2Fhunde-die-im-schatten-stehen%2F\" title=\"Bei Facebook teilen\" aria-label=\"Bei Facebook teilen\" role=\"button\" rel=\"nofollow\" class=\"shariff-link\" style=\"; background-color:#3b5998; color:#fff\" target=\"_blank\"><span class=\"shariff-icon\" style=\"\"><svg width=\"32px\" height=\"20px\" xmlns=\"http:\/\/www.w3.org\/2000\/svg\" viewBox=\"0 0 18 32\"><path fill=\"#3b5998\" d=\"M17.1 0.2v4.7h-2.8q-1.5 0-2.1 0.6t-0.5 1.9v3.4h5.2l-0.7 5.3h-4.5v13.6h-5.5v-13.6h-4.5v-5.3h4.5v-3.9q0-3.3 1.9-5.2t5-1.8q2.6 0 4.1 0.2z\"\/><\/svg><\/span><\/a><\/li><li class=\"shariff-button twitter shariff-nocustomcolor\" style=\"background-color:#595959\"><a href=\"https:\/\/twitter.com\/share?url=https%3A%2F%2Ftierheim-moers.de%2FWordpress%2Fhunde-die-im-schatten-stehen%2F&text=Hunde%2C%20die%20im%20Schatten%20stehen\" title=\"Bei X teilen\" aria-label=\"Bei X teilen\" role=\"button\" rel=\"noopener nofollow\" class=\"shariff-link\" style=\"; background-color:#000; color:#fff\" target=\"_blank\"><span class=\"shariff-icon\" style=\"\"><svg width=\"32px\" height=\"20px\" xmlns=\"http:\/\/www.w3.org\/2000\/svg\" viewBox=\"0 0 24 24\"><path fill=\"#000\" d=\"M14.258 10.152L23.176 0h-2.113l-7.747 8.813L7.133 0H0l9.352 13.328L0 23.973h2.113l8.176-9.309 6.531 9.309h7.133zm-2.895 3.293l-.949-1.328L2.875 1.56h3.246l6.086 8.523.945 1.328 7.91 11.078h-3.246zm0 0\"\/><\/svg><\/span><\/a><\/li><li class=\"shariff-button whatsapp shariff-nocustomcolor\" style=\"background-color:#5cbe4a\"><a href=\"https:\/\/api.whatsapp.com\/send?text=https%3A%2F%2Ftierheim-moers.de%2FWordpress%2Fhunde-die-im-schatten-stehen%2F%20Hunde%2C%20die%20im%20Schatten%20stehen\" title=\"Bei Whatsapp teilen\" aria-label=\"Bei Whatsapp teilen\" role=\"button\" rel=\"noopener nofollow\" class=\"shariff-link\" style=\"; background-color:#34af23; color:#fff\" target=\"_blank\"><span class=\"shariff-icon\" style=\"\"><svg width=\"32px\" height=\"20px\" xmlns=\"http:\/\/www.w3.org\/2000\/svg\" viewBox=\"0 0 32 32\"><path fill=\"#34af23\" d=\"M17.6 17.4q0.2 0 1.7 0.8t1.6 0.9q0 0.1 0 0.3 0 0.6-0.3 1.4-0.3 0.7-1.3 1.2t-1.8 0.5q-1 0-3.4-1.1-1.7-0.8-3-2.1t-2.6-3.3q-1.3-1.9-1.3-3.5v-0.1q0.1-1.6 1.3-2.8 0.4-0.4 0.9-0.4 0.1 0 0.3 0t0.3 0q0.3 0 0.5 0.1t0.3 0.5q0.1 0.4 0.6 1.6t0.4 1.3q0 0.4-0.6 1t-0.6 0.8q0 0.1 0.1 0.3 0.6 1.3 1.8 2.4 1 0.9 2.7 1.8 0.2 0.1 0.4 0.1 0.3 0 1-0.9t0.9-0.9zM14 26.9q2.3 0 4.3-0.9t3.6-2.4 2.4-3.6 0.9-4.3-0.9-4.3-2.4-3.6-3.6-2.4-4.3-0.9-4.3 0.9-3.6 2.4-2.4 3.6-0.9 4.3q0 3.6 2.1 6.6l-1.4 4.2 4.3-1.4q2.8 1.9 6.2 1.9zM14 2.2q2.7 0 5.2 1.1t4.3 2.9 2.9 4.3 1.1 5.2-1.1 5.2-2.9 4.3-4.3 2.9-5.2 1.1q-3.5 0-6.5-1.7l-7.4 2.4 2.4-7.2q-1.9-3.2-1.9-6.9 0-2.7 1.1-5.2t2.9-4.3 4.3-2.9 5.2-1.1z\"\/><\/svg><\/span><\/a><\/li><li class=\"shariff-button sms shariff-nocustomcolor shariff-mobile\" style=\"background-color:#d7d9d8\"><a href=\"sms:?&body=https%3A%2F%2Ftierheim-moers.de%2FWordpress%2Fhunde-die-im-schatten-stehen%2F\" title=\"Per SMS teilen\" aria-label=\"Per SMS teilen\" role=\"button\" rel=\"noopener nofollow\" class=\"shariff-link\" style=\"; background-color:#a1e877; color:#fff\" target=\"_blank\"><span class=\"shariff-icon\" style=\"\"><svg xmlns=\"http:\/\/www.w3.org\/2000\/svg\" width=\"510\" height=\"510\" viewBox=\"0 0 510 510\"><path fill=\"#a1e877\" d=\"M459 0H51C23 0 0 23 0 51v459l102-102h357c28.1 0 51-22.9 51-51V51C510 23 487.1 0 459 0zM178.5 229.5h-51v-51h51V229.5zM280.5 229.5h-51v-51h51V229.5zM382.5 229.5h-51v-51h51V229.5z\"\/><\/svg><\/span><\/a><\/li><\/ul><\/div>","protected":false},"excerpt":{"rendered":"<p>Hallo Ihr Lieben, eigentlich wollte ich Euch heute mal einen Einblick geben, welche Irrungen und Wirrungen diese verr\u00fcckte Corona Situation in unserem Tierheimalltag so mit sich gebracht hat, aber tats\u00e4chlich brennt mir ein ganz anderes Thema unter den Krallen. Mein pers\u00f6nliches Corona Update hole ich nach \u2026 versprochen, aber jetzt &#8230;<\/p>\n","protected":false},"author":7,"featured_media":0,"comment_status":"closed","ping_status":"open","sticky":false,"template":"","format":"standard","meta":{"ngg_post_thumbnail":0,"footnotes":""},"categories":[1,42],"tags":[],"class_list":["post-33360","post","type-post","status-publish","format-standard","hentry","category-aktuell","category-paulas","column","threecol"],"yoast_head":"<!-- This site is optimized with the Yoast SEO plugin v24.6 - https:\/\/yoast.com\/wordpress\/plugins\/seo\/ -->\n<title>Hunde, die im Schatten stehen | TIERHEIM MOERS<\/title>\n<meta name=\"robots\" content=\"index, follow, max-snippet:-1, max-image-preview:large, max-video-preview:-1\" \/>\n<link rel=\"canonical\" href=\"https:\/\/tierheim-moers.de\/Wordpress\/hunde-die-im-schatten-stehen\/\" \/>\n<meta property=\"og:locale\" content=\"de_DE\" \/>\n<meta property=\"og:type\" content=\"article\" \/>\n<meta property=\"og:title\" content=\"Hunde, die im Schatten stehen | TIERHEIM MOERS\" \/>\n<meta property=\"og:description\" content=\"Hallo Ihr Lieben, eigentlich wollte ich Euch heute mal einen Einblick geben, welche Irrungen und Wirrungen diese verr\u00fcckte Corona Situation in unserem &#8230;\" \/>\n<meta property=\"og:url\" content=\"https:\/\/tierheim-moers.de\/Wordpress\/hunde-die-im-schatten-stehen\/\" \/>\n<meta property=\"og:site_name\" content=\"TIERHEIM MOERS\" \/>\n<meta property=\"article:publisher\" content=\"https:\/\/de-de.facebook.com\/moers.tierheim\" \/>\n<meta property=\"article:published_time\" content=\"2020-07-22T08:45:24+00:00\" \/>\n<meta property=\"article:modified_time\" content=\"2020-07-22T08:48:35+00:00\" \/>\n<meta property=\"og:image\" content=\"https:\/\/tierheim-moers.de\/Wordpress\/wp-content\/uploads\/2020\/07\/Paula2-scaled.jpg\" \/>\n\t<meta property=\"og:image:width\" content=\"2560\" \/>\n\t<meta property=\"og:image:height\" content=\"1792\" \/>\n\t<meta property=\"og:image:type\" content=\"image\/jpeg\" \/>\n<meta name=\"author\" content=\"Kathrin Novotny\" \/>\n<meta name=\"twitter:card\" content=\"summary_large_image\" \/>\n<meta name=\"twitter:label1\" content=\"Verfasst von\" \/>\n\t<meta name=\"twitter:data1\" content=\"Kathrin Novotny\" \/>\n\t<meta name=\"twitter:label2\" content=\"Gesch\u00e4tzte Lesezeit\" \/>\n\t<meta name=\"twitter:data2\" content=\"7\u00a0Minuten\" \/>\n<script type=\"application\/ld+json\" class=\"yoast-schema-graph\">{\"@context\":\"https:\/\/schema.org\",\"@graph\":[{\"@type\":\"Article\",\"@id\":\"https:\/\/tierheim-moers.de\/Wordpress\/hunde-die-im-schatten-stehen\/#article\",\"isPartOf\":{\"@id\":\"https:\/\/tierheim-moers.de\/Wordpress\/hunde-die-im-schatten-stehen\/\"},\"author\":{\"name\":\"Kathrin Novotny\",\"@id\":\"https:\/\/tierheim-moers.de\/Wordpress\/#\/schema\/person\/167de77fdd5ff85153606cdd34a5ffbc\"},\"headline\":\"Hunde, die im Schatten stehen\",\"datePublished\":\"2020-07-22T08:45:24+00:00\",\"dateModified\":\"2020-07-22T08:48:35+00:00\",\"mainEntityOfPage\":{\"@id\":\"https:\/\/tierheim-moers.de\/Wordpress\/hunde-die-im-schatten-stehen\/\"},\"wordCount\":1326,\"publisher\":{\"@id\":\"https:\/\/tierheim-moers.de\/Wordpress\/#organization\"},\"image\":{\"@id\":\"https:\/\/tierheim-moers.de\/Wordpress\/hunde-die-im-schatten-stehen\/#primaryimage\"},\"thumbnailUrl\":\"https:\/\/tierheim-moers.de\/Wordpress\/wp-content\/uploads\/2020\/07\/20200316_165753-1024x768.jpg\",\"articleSection\":[\"Aktuell\",\"Paulas Blickwinkel\"],\"inLanguage\":\"de\"},{\"@type\":\"WebPage\",\"@id\":\"https:\/\/tierheim-moers.de\/Wordpress\/hunde-die-im-schatten-stehen\/\",\"url\":\"https:\/\/tierheim-moers.de\/Wordpress\/hunde-die-im-schatten-stehen\/\",\"name\":\"Hunde, die im Schatten stehen | TIERHEIM MOERS\",\"isPartOf\":{\"@id\":\"https:\/\/tierheim-moers.de\/Wordpress\/#website\"},\"primaryImageOfPage\":{\"@id\":\"https:\/\/tierheim-moers.de\/Wordpress\/hunde-die-im-schatten-stehen\/#primaryimage\"},\"image\":{\"@id\":\"https:\/\/tierheim-moers.de\/Wordpress\/hunde-die-im-schatten-stehen\/#primaryimage\"},\"thumbnailUrl\":\"https:\/\/tierheim-moers.de\/Wordpress\/wp-content\/uploads\/2020\/07\/20200316_165753-1024x768.jpg\",\"datePublished\":\"2020-07-22T08:45:24+00:00\",\"dateModified\":\"2020-07-22T08:48:35+00:00\",\"breadcrumb\":{\"@id\":\"https:\/\/tierheim-moers.de\/Wordpress\/hunde-die-im-schatten-stehen\/#breadcrumb\"},\"inLanguage\":\"de\",\"potentialAction\":[{\"@type\":\"ReadAction\",\"target\":[\"https:\/\/tierheim-moers.de\/Wordpress\/hunde-die-im-schatten-stehen\/\"]}]},{\"@type\":\"ImageObject\",\"inLanguage\":\"de\",\"@id\":\"https:\/\/tierheim-moers.de\/Wordpress\/hunde-die-im-schatten-stehen\/#primaryimage\",\"url\":\"https:\/\/tierheim-moers.de\/Wordpress\/wp-content\/uploads\/2020\/07\/20200316_165753-1024x768.jpg\",\"contentUrl\":\"https:\/\/tierheim-moers.de\/Wordpress\/wp-content\/uploads\/2020\/07\/20200316_165753-1024x768.jpg\"},{\"@type\":\"BreadcrumbList\",\"@id\":\"https:\/\/tierheim-moers.de\/Wordpress\/hunde-die-im-schatten-stehen\/#breadcrumb\",\"itemListElement\":[{\"@type\":\"ListItem\",\"position\":1,\"name\":\"Startseite\",\"item\":\"https:\/\/tierheim-moers.de\/Wordpress\/\"},{\"@type\":\"ListItem\",\"position\":2,\"name\":\"Hunde, die im Schatten stehen\"}]},{\"@type\":\"WebSite\",\"@id\":\"https:\/\/tierheim-moers.de\/Wordpress\/#website\",\"url\":\"https:\/\/tierheim-moers.de\/Wordpress\/\",\"name\":\"Tierheim Moers\",\"description\":\"Tierheim | Hundepension | Tierschutz | Moers\",\"publisher\":{\"@id\":\"https:\/\/tierheim-moers.de\/Wordpress\/#organization\"},\"potentialAction\":[{\"@type\":\"SearchAction\",\"target\":{\"@type\":\"EntryPoint\",\"urlTemplate\":\"https:\/\/tierheim-moers.de\/Wordpress\/?s={search_term_string}\"},\"query-input\":{\"@type\":\"PropertyValueSpecification\",\"valueRequired\":true,\"valueName\":\"search_term_string\"}}],\"inLanguage\":\"de\"},{\"@type\":\"Organization\",\"@id\":\"https:\/\/tierheim-moers.de\/Wordpress\/#organization\",\"name\":\"Tierheim Moers\",\"url\":\"https:\/\/tierheim-moers.de\/Wordpress\/\",\"logo\":{\"@type\":\"ImageObject\",\"inLanguage\":\"de\",\"@id\":\"https:\/\/tierheim-moers.de\/Wordpress\/#\/schema\/logo\/image\/\",\"url\":\"https:\/\/tierheim-moers.de\/Wordpress\/wp-content\/uploads\/2014\/04\/Logo-TSV-Moers-V01-RGB-300.png\",\"contentUrl\":\"https:\/\/tierheim-moers.de\/Wordpress\/wp-content\/uploads\/2014\/04\/Logo-TSV-Moers-V01-RGB-300.png\",\"width\":1052,\"height\":1038,\"caption\":\"Tierheim Moers\"},\"image\":{\"@id\":\"https:\/\/tierheim-moers.de\/Wordpress\/#\/schema\/logo\/image\/\"},\"sameAs\":[\"https:\/\/de-de.facebook.com\/moers.tierheim\"]},{\"@type\":\"Person\",\"@id\":\"https:\/\/tierheim-moers.de\/Wordpress\/#\/schema\/person\/167de77fdd5ff85153606cdd34a5ffbc\",\"name\":\"Kathrin Novotny\",\"image\":{\"@type\":\"ImageObject\",\"inLanguage\":\"de\",\"@id\":\"https:\/\/tierheim-moers.de\/Wordpress\/#\/schema\/person\/image\/\",\"url\":\"https:\/\/secure.gravatar.com\/avatar\/8dbd3a3cd58d0e299cb5bd95a6d53c79eebe36713eda62bbb3c41a749d06346f?s=96&d=mm&r=g\",\"contentUrl\":\"https:\/\/secure.gravatar.com\/avatar\/8dbd3a3cd58d0e299cb5bd95a6d53c79eebe36713eda62bbb3c41a749d06346f?s=96&d=mm&r=g\",\"caption\":\"Kathrin Novotny\"},\"url\":\"https:\/\/tierheim-moers.de\/Wordpress\/author\/kathrin\/\"}]}<\/script>\n<!-- \/ Yoast SEO plugin. -->","yoast_head_json":{"title":"Hunde, die im Schatten stehen | TIERHEIM MOERS","robots":{"index":"index","follow":"follow","max-snippet":"max-snippet:-1","max-image-preview":"max-image-preview:large","max-video-preview":"max-video-preview:-1"},"canonical":"https:\/\/tierheim-moers.de\/Wordpress\/hunde-die-im-schatten-stehen\/","og_locale":"de_DE","og_type":"article","og_title":"Hunde, die im Schatten stehen | TIERHEIM MOERS","og_description":"Hallo Ihr Lieben, eigentlich wollte ich Euch heute mal einen Einblick geben, welche Irrungen und Wirrungen diese verr\u00fcckte Corona Situation in unserem &#8230;","og_url":"https:\/\/tierheim-moers.de\/Wordpress\/hunde-die-im-schatten-stehen\/","og_site_name":"TIERHEIM MOERS","article_publisher":"https:\/\/de-de.facebook.com\/moers.tierheim","article_published_time":"2020-07-22T08:45:24+00:00","article_modified_time":"2020-07-22T08:48:35+00:00","og_image":[{"width":2560,"height":1792,"url":"https:\/\/tierheim-moers.de\/Wordpress\/wp-content\/uploads\/2020\/07\/Paula2-scaled.jpg","type":"image\/jpeg"}],"author":"Kathrin Novotny","twitter_card":"summary_large_image","twitter_misc":{"Verfasst von":"Kathrin Novotny","Gesch\u00e4tzte Lesezeit":"7\u00a0Minuten"},"schema":{"@context":"https:\/\/schema.org","@graph":[{"@type":"Article","@id":"https:\/\/tierheim-moers.de\/Wordpress\/hunde-die-im-schatten-stehen\/#article","isPartOf":{"@id":"https:\/\/tierheim-moers.de\/Wordpress\/hunde-die-im-schatten-stehen\/"},"author":{"name":"Kathrin Novotny","@id":"https:\/\/tierheim-moers.de\/Wordpress\/#\/schema\/person\/167de77fdd5ff85153606cdd34a5ffbc"},"headline":"Hunde, die im Schatten stehen","datePublished":"2020-07-22T08:45:24+00:00","dateModified":"2020-07-22T08:48:35+00:00","mainEntityOfPage":{"@id":"https:\/\/tierheim-moers.de\/Wordpress\/hunde-die-im-schatten-stehen\/"},"wordCount":1326,"publisher":{"@id":"https:\/\/tierheim-moers.de\/Wordpress\/#organization"},"image":{"@id":"https:\/\/tierheim-moers.de\/Wordpress\/hunde-die-im-schatten-stehen\/#primaryimage"},"thumbnailUrl":"https:\/\/tierheim-moers.de\/Wordpress\/wp-content\/uploads\/2020\/07\/20200316_165753-1024x768.jpg","articleSection":["Aktuell","Paulas Blickwinkel"],"inLanguage":"de"},{"@type":"WebPage","@id":"https:\/\/tierheim-moers.de\/Wordpress\/hunde-die-im-schatten-stehen\/","url":"https:\/\/tierheim-moers.de\/Wordpress\/hunde-die-im-schatten-stehen\/","name":"Hunde, die im Schatten stehen | TIERHEIM MOERS","isPartOf":{"@id":"https:\/\/tierheim-moers.de\/Wordpress\/#website"},"primaryImageOfPage":{"@id":"https:\/\/tierheim-moers.de\/Wordpress\/hunde-die-im-schatten-stehen\/#primaryimage"},"image":{"@id":"https:\/\/tierheim-moers.de\/Wordpress\/hunde-die-im-schatten-stehen\/#primaryimage"},"thumbnailUrl":"https:\/\/tierheim-moers.de\/Wordpress\/wp-content\/uploads\/2020\/07\/20200316_165753-1024x768.jpg","datePublished":"2020-07-22T08:45:24+00:00","dateModified":"2020-07-22T08:48:35+00:00","breadcrumb":{"@id":"https:\/\/tierheim-moers.de\/Wordpress\/hunde-die-im-schatten-stehen\/#breadcrumb"},"inLanguage":"de","potentialAction":[{"@type":"ReadAction","target":["https:\/\/tierheim-moers.de\/Wordpress\/hunde-die-im-schatten-stehen\/"]}]},{"@type":"ImageObject","inLanguage":"de","@id":"https:\/\/tierheim-moers.de\/Wordpress\/hunde-die-im-schatten-stehen\/#primaryimage","url":"https:\/\/tierheim-moers.de\/Wordpress\/wp-content\/uploads\/2020\/07\/20200316_165753-1024x768.jpg","contentUrl":"https:\/\/tierheim-moers.de\/Wordpress\/wp-content\/uploads\/2020\/07\/20200316_165753-1024x768.jpg"},{"@type":"BreadcrumbList","@id":"https:\/\/tierheim-moers.de\/Wordpress\/hunde-die-im-schatten-stehen\/#breadcrumb","itemListElement":[{"@type":"ListItem","position":1,"name":"Startseite","item":"https:\/\/tierheim-moers.de\/Wordpress\/"},{"@type":"ListItem","position":2,"name":"Hunde, die im Schatten stehen"}]},{"@type":"WebSite","@id":"https:\/\/tierheim-moers.de\/Wordpress\/#website","url":"https:\/\/tierheim-moers.de\/Wordpress\/","name":"Tierheim Moers","description":"Tierheim | Hundepension | Tierschutz | Moers","publisher":{"@id":"https:\/\/tierheim-moers.de\/Wordpress\/#organization"},"potentialAction":[{"@type":"SearchAction","target":{"@type":"EntryPoint","urlTemplate":"https:\/\/tierheim-moers.de\/Wordpress\/?s={search_term_string}"},"query-input":{"@type":"PropertyValueSpecification","valueRequired":true,"valueName":"search_term_string"}}],"inLanguage":"de"},{"@type":"Organization","@id":"https:\/\/tierheim-moers.de\/Wordpress\/#organization","name":"Tierheim Moers","url":"https:\/\/tierheim-moers.de\/Wordpress\/","logo":{"@type":"ImageObject","inLanguage":"de","@id":"https:\/\/tierheim-moers.de\/Wordpress\/#\/schema\/logo\/image\/","url":"https:\/\/tierheim-moers.de\/Wordpress\/wp-content\/uploads\/2014\/04\/Logo-TSV-Moers-V01-RGB-300.png","contentUrl":"https:\/\/tierheim-moers.de\/Wordpress\/wp-content\/uploads\/2014\/04\/Logo-TSV-Moers-V01-RGB-300.png","width":1052,"height":1038,"caption":"Tierheim Moers"},"image":{"@id":"https:\/\/tierheim-moers.de\/Wordpress\/#\/schema\/logo\/image\/"},"sameAs":["https:\/\/de-de.facebook.com\/moers.tierheim"]},{"@type":"Person","@id":"https:\/\/tierheim-moers.de\/Wordpress\/#\/schema\/person\/167de77fdd5ff85153606cdd34a5ffbc","name":"Kathrin Novotny","image":{"@type":"ImageObject","inLanguage":"de","@id":"https:\/\/tierheim-moers.de\/Wordpress\/#\/schema\/person\/image\/","url":"https:\/\/secure.gravatar.com\/avatar\/8dbd3a3cd58d0e299cb5bd95a6d53c79eebe36713eda62bbb3c41a749d06346f?s=96&d=mm&r=g","contentUrl":"https:\/\/secure.gravatar.com\/avatar\/8dbd3a3cd58d0e299cb5bd95a6d53c79eebe36713eda62bbb3c41a749d06346f?s=96&d=mm&r=g","caption":"Kathrin Novotny"},"url":"https:\/\/tierheim-moers.de\/Wordpress\/author\/kathrin\/"}]}},"_links":{"self":[{"href":"https:\/\/tierheim-moers.de\/Wordpress\/wp-json\/wp\/v2\/posts\/33360","targetHints":{"allow":["GET"]}}],"collection":[{"href":"https:\/\/tierheim-moers.de\/Wordpress\/wp-json\/wp\/v2\/posts"}],"about":[{"href":"https:\/\/tierheim-moers.de\/Wordpress\/wp-json\/wp\/v2\/types\/post"}],"author":[{"embeddable":true,"href":"https:\/\/tierheim-moers.de\/Wordpress\/wp-json\/wp\/v2\/users\/7"}],"replies":[{"embeddable":true,"href":"https:\/\/tierheim-moers.de\/Wordpress\/wp-json\/wp\/v2\/comments?post=33360"}],"version-history":[{"count":3,"href":"https:\/\/tierheim-moers.de\/Wordpress\/wp-json\/wp\/v2\/posts\/33360\/revisions"}],"predecessor-version":[{"id":33363,"href":"https:\/\/tierheim-moers.de\/Wordpress\/wp-json\/wp\/v2\/posts\/33360\/revisions\/33363"}],"wp:attachment":[{"href":"https:\/\/tierheim-moers.de\/Wordpress\/wp-json\/wp\/v2\/media?parent=33360"}],"wp:term":[{"taxonomy":"category","embeddable":true,"href":"https:\/\/tierheim-moers.de\/Wordpress\/wp-json\/wp\/v2\/categories?post=33360"},{"taxonomy":"post_tag","embeddable":true,"href":"https:\/\/tierheim-moers.de\/Wordpress\/wp-json\/wp\/v2\/tags?post=33360"}],"curies":[{"name":"wp","href":"https:\/\/api.w.org\/{rel}","templated":true}]}}