{"id":34808,"date":"2023-03-13T20:17:33","date_gmt":"2023-03-13T18:17:33","guid":{"rendered":"https:\/\/tierheim-moers.de\/Wordpress\/?p=34808"},"modified":"2023-03-14T10:44:17","modified_gmt":"2023-03-14T08:44:17","slug":"kaiserpaar-sissi-und-franz-bei-uns-fritz-und-frieda","status":"publish","type":"post","link":"https:\/\/tierheim-moers.de\/Wordpress\/kaiserpaar-sissi-und-franz-bei-uns-fritz-und-frieda\/","title":{"rendered":"Kaiserpaar Sissi und Franz (bei uns Fritz und Frieda) &#8230; ein Update"},"content":{"rendered":"<p>&nbsp;<\/p>\n<p>M\u00e4rz 2023<\/p>\n<p>Hallo liebes Tierheim-Team,<\/p>\n<p>&nbsp;<\/p>\n<p>erinnert ihr euch?<\/p>\n<p>Fritz und Frieda, heute Sissi und Franz, sind zu stattlichen Herrschaften herangewachsen.<\/p>\n<p><a href=\"https:\/\/tierheim-moers.de\/Wordpress\/wp-content\/uploads\/2023\/03\/FritzFrieda6.jpeg\"><img fetchpriority=\"high\" decoding=\"async\" class=\"alignnone size-medium wp-image-52692\" src=\"https:\/\/tierheim-moers.de\/Wordpress\/wp-content\/uploads\/2023\/03\/FritzFrieda6-225x300.jpeg\" alt=\"\" width=\"225\" height=\"300\" srcset=\"https:\/\/tierheim-moers.de\/Wordpress\/wp-content\/uploads\/2023\/03\/FritzFrieda6-225x300.jpeg 225w, https:\/\/tierheim-moers.de\/Wordpress\/wp-content\/uploads\/2023\/03\/FritzFrieda6-768x1024.jpeg 768w, https:\/\/tierheim-moers.de\/Wordpress\/wp-content\/uploads\/2023\/03\/FritzFrieda6-600x800.jpeg 600w, https:\/\/tierheim-moers.de\/Wordpress\/wp-content\/uploads\/2023\/03\/FritzFrieda6-1152x1536.jpeg 1152w, https:\/\/tierheim-moers.de\/Wordpress\/wp-content\/uploads\/2023\/03\/FritzFrieda6-700x933.jpeg 700w, https:\/\/tierheim-moers.de\/Wordpress\/wp-content\/uploads\/2023\/03\/FritzFrieda6-1320x1760.jpeg 1320w, https:\/\/tierheim-moers.de\/Wordpress\/wp-content\/uploads\/2023\/03\/FritzFrieda6.jpeg 1536w\" sizes=\"(max-width: 225px) 100vw, 225px\" \/><\/a> <a href=\"https:\/\/tierheim-moers.de\/Wordpress\/wp-content\/uploads\/2023\/03\/FritzFrieda.jpeg\"><img decoding=\"async\" class=\"alignnone size-medium wp-image-52687\" src=\"https:\/\/tierheim-moers.de\/Wordpress\/wp-content\/uploads\/2023\/03\/FritzFrieda-300x225.jpeg\" alt=\"\" width=\"300\" height=\"225\"><\/a> <a href=\"https:\/\/tierheim-moers.de\/Wordpress\/wp-content\/uploads\/2023\/03\/FritzFrieda4.jpeg\"><img decoding=\"async\" class=\"alignnone size-medium wp-image-52690\" src=\"https:\/\/tierheim-moers.de\/Wordpress\/wp-content\/uploads\/2023\/03\/FritzFrieda4-225x300.jpeg\" alt=\"\" width=\"225\" height=\"300\" srcset=\"https:\/\/tierheim-moers.de\/Wordpress\/wp-content\/uploads\/2023\/03\/FritzFrieda4-225x300.jpeg 225w, https:\/\/tierheim-moers.de\/Wordpress\/wp-content\/uploads\/2023\/03\/FritzFrieda4-768x1024.jpeg 768w, https:\/\/tierheim-moers.de\/Wordpress\/wp-content\/uploads\/2023\/03\/FritzFrieda4-600x800.jpeg 600w, https:\/\/tierheim-moers.de\/Wordpress\/wp-content\/uploads\/2023\/03\/FritzFrieda4-1152x1536.jpeg 1152w, https:\/\/tierheim-moers.de\/Wordpress\/wp-content\/uploads\/2023\/03\/FritzFrieda4-700x933.jpeg 700w, https:\/\/tierheim-moers.de\/Wordpress\/wp-content\/uploads\/2023\/03\/FritzFrieda4-1320x1760.jpeg 1320w, https:\/\/tierheim-moers.de\/Wordpress\/wp-content\/uploads\/2023\/03\/FritzFrieda4.jpeg 1536w\" sizes=\"(max-width: 225px) 100vw, 225px\" \/><\/a> <a href=\"https:\/\/tierheim-moers.de\/Wordpress\/wp-content\/uploads\/2023\/03\/FritzFrieda2.jpeg\"><img loading=\"lazy\" decoding=\"async\" class=\"alignnone size-medium wp-image-52688\" src=\"https:\/\/tierheim-moers.de\/Wordpress\/wp-content\/uploads\/2023\/03\/FritzFrieda2-225x300.jpeg\" alt=\"\" width=\"225\" height=\"300\" srcset=\"https:\/\/tierheim-moers.de\/Wordpress\/wp-content\/uploads\/2023\/03\/FritzFrieda2-225x300.jpeg 225w, https:\/\/tierheim-moers.de\/Wordpress\/wp-content\/uploads\/2023\/03\/FritzFrieda2-768x1024.jpeg 768w, https:\/\/tierheim-moers.de\/Wordpress\/wp-content\/uploads\/2023\/03\/FritzFrieda2-600x800.jpeg 600w, https:\/\/tierheim-moers.de\/Wordpress\/wp-content\/uploads\/2023\/03\/FritzFrieda2-1152x1536.jpeg 1152w, https:\/\/tierheim-moers.de\/Wordpress\/wp-content\/uploads\/2023\/03\/FritzFrieda2-700x933.jpeg 700w, https:\/\/tierheim-moers.de\/Wordpress\/wp-content\/uploads\/2023\/03\/FritzFrieda2-1320x1760.jpeg 1320w, https:\/\/tierheim-moers.de\/Wordpress\/wp-content\/uploads\/2023\/03\/FritzFrieda2.jpeg 1536w\" sizes=\"(max-width: 225px) 100vw, 225px\" \/><\/a><\/p>\n<p>Sie sind nicht nur unsere Lieblinge, sondern haben die Herzen der Nachbarschaft einfach nur erobert!!<\/p>\n<p><a href=\"https:\/\/tierheim-moers.de\/Wordpress\/wp-content\/uploads\/2023\/03\/FritzFrieda11.jpg\"><img loading=\"lazy\" decoding=\"async\" class=\"alignnone size-medium wp-image-52699\" src=\"https:\/\/tierheim-moers.de\/Wordpress\/wp-content\/uploads\/2023\/03\/FritzFrieda11-200x300.jpg\" alt=\"\" width=\"200\" height=\"300\" srcset=\"https:\/\/tierheim-moers.de\/Wordpress\/wp-content\/uploads\/2023\/03\/FritzFrieda11-200x300.jpg 200w, https:\/\/tierheim-moers.de\/Wordpress\/wp-content\/uploads\/2023\/03\/FritzFrieda11-683x1024.jpg 683w, https:\/\/tierheim-moers.de\/Wordpress\/wp-content\/uploads\/2023\/03\/FritzFrieda11-768x1152.jpg 768w, https:\/\/tierheim-moers.de\/Wordpress\/wp-content\/uploads\/2023\/03\/FritzFrieda11-600x900.jpg 600w, https:\/\/tierheim-moers.de\/Wordpress\/wp-content\/uploads\/2023\/03\/FritzFrieda11-1024x1536.jpg 1024w, https:\/\/tierheim-moers.de\/Wordpress\/wp-content\/uploads\/2023\/03\/FritzFrieda11-700x1050.jpg 700w, https:\/\/tierheim-moers.de\/Wordpress\/wp-content\/uploads\/2023\/03\/FritzFrieda11.jpg 1066w\" sizes=\"(max-width: 200px) 100vw, 200px\" \/><\/a><a href=\"https:\/\/tierheim-moers.de\/Wordpress\/wp-content\/uploads\/2023\/03\/FritzFrieda7.jpeg\"><img loading=\"lazy\" decoding=\"async\" class=\"alignnone size-medium wp-image-52693\" src=\"https:\/\/tierheim-moers.de\/Wordpress\/wp-content\/uploads\/2023\/03\/FritzFrieda7-300x225.jpeg\" alt=\"\" width=\"300\" height=\"225\" srcset=\"https:\/\/tierheim-moers.de\/Wordpress\/wp-content\/uploads\/2023\/03\/FritzFrieda7-300x225.jpeg 300w, https:\/\/tierheim-moers.de\/Wordpress\/wp-content\/uploads\/2023\/03\/FritzFrieda7-1024x768.jpeg 1024w, https:\/\/tierheim-moers.de\/Wordpress\/wp-content\/uploads\/2023\/03\/FritzFrieda7-768x576.jpeg 768w, https:\/\/tierheim-moers.de\/Wordpress\/wp-content\/uploads\/2023\/03\/FritzFrieda7-600x450.jpeg 600w, https:\/\/tierheim-moers.de\/Wordpress\/wp-content\/uploads\/2023\/03\/FritzFrieda7-1536x1152.jpeg 1536w, https:\/\/tierheim-moers.de\/Wordpress\/wp-content\/uploads\/2023\/03\/FritzFrieda7-700x525.jpeg 700w, https:\/\/tierheim-moers.de\/Wordpress\/wp-content\/uploads\/2023\/03\/FritzFrieda7-1320x990.jpeg 1320w, https:\/\/tierheim-moers.de\/Wordpress\/wp-content\/uploads\/2023\/03\/FritzFrieda7.jpeg 2048w\" sizes=\"(max-width: 300px) 100vw, 300px\" \/><\/a> <a href=\"https:\/\/tierheim-moers.de\/Wordpress\/wp-content\/uploads\/2023\/03\/FritzFrieda3.jpeg\"><img loading=\"lazy\" decoding=\"async\" class=\"alignnone size-medium wp-image-52689\" src=\"https:\/\/tierheim-moers.de\/Wordpress\/wp-content\/uploads\/2023\/03\/FritzFrieda3-300x225.jpeg\" alt=\"\" width=\"300\" height=\"225\" srcset=\"https:\/\/tierheim-moers.de\/Wordpress\/wp-content\/uploads\/2023\/03\/FritzFrieda3-300x225.jpeg 300w, https:\/\/tierheim-moers.de\/Wordpress\/wp-content\/uploads\/2023\/03\/FritzFrieda3-1024x768.jpeg 1024w, https:\/\/tierheim-moers.de\/Wordpress\/wp-content\/uploads\/2023\/03\/FritzFrieda3-768x576.jpeg 768w, https:\/\/tierheim-moers.de\/Wordpress\/wp-content\/uploads\/2023\/03\/FritzFrieda3-600x450.jpeg 600w, https:\/\/tierheim-moers.de\/Wordpress\/wp-content\/uploads\/2023\/03\/FritzFrieda3-1536x1152.jpeg 1536w, https:\/\/tierheim-moers.de\/Wordpress\/wp-content\/uploads\/2023\/03\/FritzFrieda3-700x525.jpeg 700w, https:\/\/tierheim-moers.de\/Wordpress\/wp-content\/uploads\/2023\/03\/FritzFrieda3-1320x990.jpeg 1320w, https:\/\/tierheim-moers.de\/Wordpress\/wp-content\/uploads\/2023\/03\/FritzFrieda3.jpeg 2048w\" sizes=\"(max-width: 300px) 100vw, 300px\" \/><\/a><\/p>\n<p>Was haben wir schon Tr\u00e4nen gelacht \u00fcber den Einfallsreichtum, (Miss-)Geschicklichkeit, Gr\u00f6\u00dfenwahn oder einfach schlichter Liebreiz, den die beiden t\u00e4glich leben.<\/p>\n<p>Mit ihrer \u201eAdoptivschwester\u201c Mira sind sie ein unschlagbares Team!<\/p>\n<p><a href=\"https:\/\/tierheim-moers.de\/Wordpress\/wp-content\/uploads\/2023\/03\/FritzFrieda9.jpeg\"><img loading=\"lazy\" decoding=\"async\" class=\"alignnone size-medium wp-image-52695\" src=\"https:\/\/tierheim-moers.de\/Wordpress\/wp-content\/uploads\/2023\/03\/FritzFrieda9-225x300.jpeg\" alt=\"\" width=\"225\" height=\"300\" srcset=\"https:\/\/tierheim-moers.de\/Wordpress\/wp-content\/uploads\/2023\/03\/FritzFrieda9-225x300.jpeg 225w, https:\/\/tierheim-moers.de\/Wordpress\/wp-content\/uploads\/2023\/03\/FritzFrieda9-768x1024.jpeg 768w, https:\/\/tierheim-moers.de\/Wordpress\/wp-content\/uploads\/2023\/03\/FritzFrieda9-600x800.jpeg 600w, https:\/\/tierheim-moers.de\/Wordpress\/wp-content\/uploads\/2023\/03\/FritzFrieda9-1152x1536.jpeg 1152w, https:\/\/tierheim-moers.de\/Wordpress\/wp-content\/uploads\/2023\/03\/FritzFrieda9-700x933.jpeg 700w, https:\/\/tierheim-moers.de\/Wordpress\/wp-content\/uploads\/2023\/03\/FritzFrieda9-1320x1760.jpeg 1320w, https:\/\/tierheim-moers.de\/Wordpress\/wp-content\/uploads\/2023\/03\/FritzFrieda9.jpeg 1536w\" sizes=\"(max-width: 225px) 100vw, 225px\" \/><\/a> <a href=\"https:\/\/tierheim-moers.de\/Wordpress\/wp-content\/uploads\/2023\/03\/FritzFrieda8.jpeg\"><img loading=\"lazy\" decoding=\"async\" class=\"alignnone size-medium wp-image-52694\" src=\"https:\/\/tierheim-moers.de\/Wordpress\/wp-content\/uploads\/2023\/03\/FritzFrieda8-225x300.jpeg\" alt=\"\" width=\"225\" height=\"300\" srcset=\"https:\/\/tierheim-moers.de\/Wordpress\/wp-content\/uploads\/2023\/03\/FritzFrieda8-225x300.jpeg 225w, https:\/\/tierheim-moers.de\/Wordpress\/wp-content\/uploads\/2023\/03\/FritzFrieda8-768x1024.jpeg 768w, https:\/\/tierheim-moers.de\/Wordpress\/wp-content\/uploads\/2023\/03\/FritzFrieda8-600x800.jpeg 600w, https:\/\/tierheim-moers.de\/Wordpress\/wp-content\/uploads\/2023\/03\/FritzFrieda8-1152x1536.jpeg 1152w, https:\/\/tierheim-moers.de\/Wordpress\/wp-content\/uploads\/2023\/03\/FritzFrieda8-700x933.jpeg 700w, https:\/\/tierheim-moers.de\/Wordpress\/wp-content\/uploads\/2023\/03\/FritzFrieda8-1320x1760.jpeg 1320w, https:\/\/tierheim-moers.de\/Wordpress\/wp-content\/uploads\/2023\/03\/FritzFrieda8.jpeg 1536w\" sizes=\"(max-width: 225px) 100vw, 225px\" \/><\/a> <a href=\"https:\/\/tierheim-moers.de\/Wordpress\/wp-content\/uploads\/2023\/03\/FritzFrieda10.jpeg\"><img loading=\"lazy\" decoding=\"async\" class=\"alignnone size-medium wp-image-52696\" src=\"https:\/\/tierheim-moers.de\/Wordpress\/wp-content\/uploads\/2023\/03\/FritzFrieda10-300x225.jpeg\" alt=\"\" width=\"300\" height=\"225\" srcset=\"https:\/\/tierheim-moers.de\/Wordpress\/wp-content\/uploads\/2023\/03\/FritzFrieda10-300x225.jpeg 300w, https:\/\/tierheim-moers.de\/Wordpress\/wp-content\/uploads\/2023\/03\/FritzFrieda10-1024x768.jpeg 1024w, https:\/\/tierheim-moers.de\/Wordpress\/wp-content\/uploads\/2023\/03\/FritzFrieda10-768x576.jpeg 768w, https:\/\/tierheim-moers.de\/Wordpress\/wp-content\/uploads\/2023\/03\/FritzFrieda10-600x450.jpeg 600w, https:\/\/tierheim-moers.de\/Wordpress\/wp-content\/uploads\/2023\/03\/FritzFrieda10-1536x1152.jpeg 1536w, https:\/\/tierheim-moers.de\/Wordpress\/wp-content\/uploads\/2023\/03\/FritzFrieda10-700x525.jpeg 700w, https:\/\/tierheim-moers.de\/Wordpress\/wp-content\/uploads\/2023\/03\/FritzFrieda10-1320x990.jpeg 1320w, https:\/\/tierheim-moers.de\/Wordpress\/wp-content\/uploads\/2023\/03\/FritzFrieda10.jpeg 2048w\" sizes=\"(max-width: 300px) 100vw, 300px\" \/><\/a><\/p>\n<p>Ihr habt sie nicht nur \u201edurchbekommen\u201c, sondern exzellente Arbeit geleistet!<\/p>\n<p>Danke! Weiter so!<\/p>\n<p>Viele Gr\u00fc\u00dfe<\/p>\n<p>Carmen<\/p>\n<p>&nbsp;<\/p>\n<p>28.12.2020<\/p>\n<p class=\"moz-quote-pre\">Hallo liebes Tierheim-Team!<\/p>\n<div id='gallery-1' class='gallery galleryid-34808 gallery-columns-3 gallery-size-thumbnail'><figure class='gallery-item'>\n\t\t\t<div class='gallery-icon portrait'>\n\t\t\t\t<a rel='attachment' href='https:\/\/tierheim-moers.de\/Wordpress\/kaiserpaar-sissi-und-franz-bei-uns-fritz-und-frieda\/sissi-und-franz-jpeg8\/'><img loading=\"lazy\" decoding=\"async\" width=\"150\" height=\"150\" src=\"https:\/\/tierheim-moers.de\/Wordpress\/wp-content\/uploads\/2020\/09\/sissi-und-franz.jpeg8_-150x150.jpeg\" class=\"attachment-thumbnail size-thumbnail\" alt=\"\" srcset=\"https:\/\/tierheim-moers.de\/Wordpress\/wp-content\/uploads\/2020\/09\/sissi-und-franz.jpeg8_-150x150.jpeg 150w, https:\/\/tierheim-moers.de\/Wordpress\/wp-content\/uploads\/2020\/09\/sissi-und-franz.jpeg8_-432x432.jpeg 432w, https:\/\/tierheim-moers.de\/Wordpress\/wp-content\/uploads\/2020\/09\/sissi-und-franz.jpeg8_-268x268.jpeg 268w, https:\/\/tierheim-moers.de\/Wordpress\/wp-content\/uploads\/2020\/09\/sissi-und-franz.jpeg8_-45x45.jpeg 45w\" sizes=\"(max-width: 150px) 100vw, 150px\" \/><\/a>\n\t\t\t<\/div><\/figure><figure class='gallery-item'>\n\t\t\t<div class='gallery-icon portrait'>\n\t\t\t\t<a rel='attachment' href='https:\/\/tierheim-moers.de\/Wordpress\/kaiserpaar-sissi-und-franz-bei-uns-fritz-und-frieda\/sissi-und-franz-jpeg7\/'><img loading=\"lazy\" decoding=\"async\" width=\"150\" height=\"150\" src=\"https:\/\/tierheim-moers.de\/Wordpress\/wp-content\/uploads\/2020\/09\/sissi-und-franz.jpeg7_-150x150.jpeg\" class=\"attachment-thumbnail size-thumbnail\" alt=\"\" srcset=\"https:\/\/tierheim-moers.de\/Wordpress\/wp-content\/uploads\/2020\/09\/sissi-und-franz.jpeg7_-150x150.jpeg 150w, https:\/\/tierheim-moers.de\/Wordpress\/wp-content\/uploads\/2020\/09\/sissi-und-franz.jpeg7_-432x432.jpeg 432w, https:\/\/tierheim-moers.de\/Wordpress\/wp-content\/uploads\/2020\/09\/sissi-und-franz.jpeg7_-268x268.jpeg 268w, https:\/\/tierheim-moers.de\/Wordpress\/wp-content\/uploads\/2020\/09\/sissi-und-franz.jpeg7_-45x45.jpeg 45w\" sizes=\"(max-width: 150px) 100vw, 150px\" \/><\/a>\n\t\t\t<\/div><\/figure><figure class='gallery-item'>\n\t\t\t<div class='gallery-icon portrait'>\n\t\t\t\t<a rel='attachment' href='https:\/\/tierheim-moers.de\/Wordpress\/kaiserpaar-sissi-und-franz-bei-uns-fritz-und-frieda\/sissi-und-franz-jpeg6\/'><img loading=\"lazy\" decoding=\"async\" width=\"150\" height=\"150\" src=\"https:\/\/tierheim-moers.de\/Wordpress\/wp-content\/uploads\/2020\/09\/sissi-und-franz.jpeg6_-150x150.jpeg\" class=\"attachment-thumbnail size-thumbnail\" alt=\"\" srcset=\"https:\/\/tierheim-moers.de\/Wordpress\/wp-content\/uploads\/2020\/09\/sissi-und-franz.jpeg6_-150x150.jpeg 150w, https:\/\/tierheim-moers.de\/Wordpress\/wp-content\/uploads\/2020\/09\/sissi-und-franz.jpeg6_-432x432.jpeg 432w, https:\/\/tierheim-moers.de\/Wordpress\/wp-content\/uploads\/2020\/09\/sissi-und-franz.jpeg6_-268x268.jpeg 268w, https:\/\/tierheim-moers.de\/Wordpress\/wp-content\/uploads\/2020\/09\/sissi-und-franz.jpeg6_-45x45.jpeg 45w\" sizes=\"(max-width: 150px) 100vw, 150px\" \/><\/a>\n\t\t\t<\/div><\/figure><figure class='gallery-item'>\n\t\t\t<div class='gallery-icon portrait'>\n\t\t\t\t<a rel='attachment' href='https:\/\/tierheim-moers.de\/Wordpress\/kaiserpaar-sissi-und-franz-bei-uns-fritz-und-frieda\/sissi-und-franz-jpeg5\/'><img loading=\"lazy\" decoding=\"async\" width=\"150\" height=\"150\" src=\"https:\/\/tierheim-moers.de\/Wordpress\/wp-content\/uploads\/2020\/09\/sissi-und-franz.jpeg5_-150x150.jpeg\" class=\"attachment-thumbnail size-thumbnail\" alt=\"\" srcset=\"https:\/\/tierheim-moers.de\/Wordpress\/wp-content\/uploads\/2020\/09\/sissi-und-franz.jpeg5_-150x150.jpeg 150w, https:\/\/tierheim-moers.de\/Wordpress\/wp-content\/uploads\/2020\/09\/sissi-und-franz.jpeg5_-432x432.jpeg 432w, https:\/\/tierheim-moers.de\/Wordpress\/wp-content\/uploads\/2020\/09\/sissi-und-franz.jpeg5_-268x268.jpeg 268w, https:\/\/tierheim-moers.de\/Wordpress\/wp-content\/uploads\/2020\/09\/sissi-und-franz.jpeg5_-45x45.jpeg 45w\" sizes=\"(max-width: 150px) 100vw, 150px\" \/><\/a>\n\t\t\t<\/div><\/figure><figure class='gallery-item'>\n\t\t\t<div class='gallery-icon landscape'>\n\t\t\t\t<a rel='attachment' href='https:\/\/tierheim-moers.de\/Wordpress\/kaiserpaar-sissi-und-franz-bei-uns-fritz-und-frieda\/sissi-und-franz\/'><img loading=\"lazy\" decoding=\"async\" width=\"150\" height=\"150\" src=\"https:\/\/tierheim-moers.de\/Wordpress\/wp-content\/uploads\/2020\/09\/sissi-und-franz-150x150.jpeg\" class=\"attachment-thumbnail size-thumbnail\" alt=\"\" srcset=\"https:\/\/tierheim-moers.de\/Wordpress\/wp-content\/uploads\/2020\/09\/sissi-und-franz-150x150.jpeg 150w, https:\/\/tierheim-moers.de\/Wordpress\/wp-content\/uploads\/2020\/09\/sissi-und-franz-432x432.jpeg 432w, https:\/\/tierheim-moers.de\/Wordpress\/wp-content\/uploads\/2020\/09\/sissi-und-franz-268x268.jpeg 268w, https:\/\/tierheim-moers.de\/Wordpress\/wp-content\/uploads\/2020\/09\/sissi-und-franz-45x45.jpeg 45w\" sizes=\"(max-width: 150px) 100vw, 150px\" \/><\/a>\n\t\t\t<\/div><\/figure><figure class='gallery-item'>\n\t\t\t<div class='gallery-icon portrait'>\n\t\t\t\t<a rel='attachment' href='https:\/\/tierheim-moers.de\/Wordpress\/kaiserpaar-sissi-und-franz-bei-uns-fritz-und-frieda\/sissi-und-franz-jpeg3\/'><img loading=\"lazy\" decoding=\"async\" width=\"150\" height=\"150\" src=\"https:\/\/tierheim-moers.de\/Wordpress\/wp-content\/uploads\/2020\/09\/sissi-und-franz.jpeg3_-150x150.jpeg\" class=\"attachment-thumbnail size-thumbnail\" alt=\"\" srcset=\"https:\/\/tierheim-moers.de\/Wordpress\/wp-content\/uploads\/2020\/09\/sissi-und-franz.jpeg3_-150x150.jpeg 150w, https:\/\/tierheim-moers.de\/Wordpress\/wp-content\/uploads\/2020\/09\/sissi-und-franz.jpeg3_-432x432.jpeg 432w, https:\/\/tierheim-moers.de\/Wordpress\/wp-content\/uploads\/2020\/09\/sissi-und-franz.jpeg3_-268x268.jpeg 268w, https:\/\/tierheim-moers.de\/Wordpress\/wp-content\/uploads\/2020\/09\/sissi-und-franz.jpeg3_-45x45.jpeg 45w\" sizes=\"(max-width: 150px) 100vw, 150px\" \/><\/a>\n\t\t\t<\/div><\/figure>\n\t\t<\/div>\n\n<p class=\"moz-quote-pre\">Kleines Update von Sissi und Franz ehemals Fritz und Frieda.<\/p>\n<p class=\"moz-quote-pre\">Wie den Fotos zu entnehmen ist, entwickeln sich die beiden Racker pr\u00e4chtig! Der Appetit ist ungebrochen, sie wachsen und gedeihen.<\/p>\n<p class=\"moz-quote-pre\">Beide sind nun kastriert, Sissi muss noch ein paar Tage ihren Body tragen, aber es st\u00f6rt sie nicht im geringsten. <a href=\"https:\/\/tierheim-moers.de\/Wordpress\/wp-content\/uploads\/2020\/09\/sissi-und-franz.jpeg4_.jpeg\"><img loading=\"lazy\" decoding=\"async\" class=\"size-medium wp-image-37109 alignright\" src=\"https:\/\/tierheim-moers.de\/Wordpress\/wp-content\/uploads\/2020\/09\/sissi-und-franz.jpeg4_-225x300.jpeg\" alt=\"\" width=\"225\" height=\"300\" srcset=\"https:\/\/tierheim-moers.de\/Wordpress\/wp-content\/uploads\/2020\/09\/sissi-und-franz.jpeg4_-225x300.jpeg 225w, https:\/\/tierheim-moers.de\/Wordpress\/wp-content\/uploads\/2020\/09\/sissi-und-franz.jpeg4_-600x800.jpeg 600w, https:\/\/tierheim-moers.de\/Wordpress\/wp-content\/uploads\/2020\/09\/sissi-und-franz.jpeg4_-700x933.jpeg 700w, https:\/\/tierheim-moers.de\/Wordpress\/wp-content\/uploads\/2020\/09\/sissi-und-franz.jpeg4_.jpeg 768w\" sizes=\"(max-width: 225px) 100vw, 225px\" \/><\/a><a href=\"https:\/\/tierheim-moers.de\/Wordpress\/wp-content\/uploads\/2020\/09\/sissi-und-franz.jpeg9_.jpeg\"><img loading=\"lazy\" decoding=\"async\" class=\"size-medium wp-image-37114 alignleft\" src=\"https:\/\/tierheim-moers.de\/Wordpress\/wp-content\/uploads\/2020\/09\/sissi-und-franz.jpeg9_-300x225.jpeg\" alt=\"\" width=\"300\" height=\"225\" srcset=\"https:\/\/tierheim-moers.de\/Wordpress\/wp-content\/uploads\/2020\/09\/sissi-und-franz.jpeg9_-300x225.jpeg 300w, https:\/\/tierheim-moers.de\/Wordpress\/wp-content\/uploads\/2020\/09\/sissi-und-franz.jpeg9_-768x576.jpeg 768w, https:\/\/tierheim-moers.de\/Wordpress\/wp-content\/uploads\/2020\/09\/sissi-und-franz.jpeg9_-600x450.jpeg 600w, https:\/\/tierheim-moers.de\/Wordpress\/wp-content\/uploads\/2020\/09\/sissi-und-franz.jpeg9_-700x525.jpeg 700w, https:\/\/tierheim-moers.de\/Wordpress\/wp-content\/uploads\/2020\/09\/sissi-und-franz.jpeg9_.jpeg 1024w\" sizes=\"(max-width: 300px) 100vw, 300px\" \/><\/a><\/p>\n<p class=\"moz-quote-pre\">Unsere alte H\u00fcndin hat sich ihrer nun komplett <a href=\"https:\/\/tierheim-moers.de\/Wordpress\/wp-content\/uploads\/2020\/09\/sissi-und-franz.jpeg10.jpeg\"><img loading=\"lazy\" decoding=\"async\" class=\"size-medium wp-image-37115 alignleft\" src=\"https:\/\/tierheim-moers.de\/Wordpress\/wp-content\/uploads\/2020\/09\/sissi-und-franz.jpeg10-300x225.jpeg\" alt=\"\" width=\"300\" height=\"225\" srcset=\"https:\/\/tierheim-moers.de\/Wordpress\/wp-content\/uploads\/2020\/09\/sissi-und-franz.jpeg10-300x225.jpeg 300w, https:\/\/tierheim-moers.de\/Wordpress\/wp-content\/uploads\/2020\/09\/sissi-und-franz.jpeg10-768x576.jpeg 768w, https:\/\/tierheim-moers.de\/Wordpress\/wp-content\/uploads\/2020\/09\/sissi-und-franz.jpeg10-600x450.jpeg 600w, https:\/\/tierheim-moers.de\/Wordpress\/wp-content\/uploads\/2020\/09\/sissi-und-franz.jpeg10-700x525.jpeg 700w, https:\/\/tierheim-moers.de\/Wordpress\/wp-content\/uploads\/2020\/09\/sissi-und-franz.jpeg10.jpeg 1024w\" sizes=\"(max-width: 300px) 100vw, 300px\" \/><\/a>angenommen, Sissi darf sogar mit im K\u00f6rbchen liegen. Wenn wir mit ihnen an der Leine kleine Ausfl\u00fcge in den Garten machen,ist der Hund zur Stelle, passt auf beide auf und bewacht sie regelrecht, dass blo\u00df nichts an sie dran kommt. Es ist einfach entz\u00fcckend zu beobachten! <a href=\"https:\/\/tierheim-moers.de\/Wordpress\/wp-content\/uploads\/2020\/09\/sissi-und-franz.jpeg3_.jpeg\"><img loading=\"lazy\" decoding=\"async\" class=\"size-medium wp-image-37108 alignright\" src=\"https:\/\/tierheim-moers.de\/Wordpress\/wp-content\/uploads\/2020\/09\/sissi-und-franz.jpeg3_-225x300.jpeg\" alt=\"\" width=\"225\" height=\"300\" srcset=\"https:\/\/tierheim-moers.de\/Wordpress\/wp-content\/uploads\/2020\/09\/sissi-und-franz.jpeg3_-225x300.jpeg 225w, https:\/\/tierheim-moers.de\/Wordpress\/wp-content\/uploads\/2020\/09\/sissi-und-franz.jpeg3_-600x800.jpeg 600w, https:\/\/tierheim-moers.de\/Wordpress\/wp-content\/uploads\/2020\/09\/sissi-und-franz.jpeg3_-700x933.jpeg 700w, https:\/\/tierheim-moers.de\/Wordpress\/wp-content\/uploads\/2020\/09\/sissi-und-franz.jpeg3_.jpeg 768w\" sizes=\"(max-width: 225px) 100vw, 225px\" \/><\/a><\/p>\n<p class=\"moz-quote-pre\">Ansonsten toben beide durchs Haus, spielen miteinander, jagen <a href=\"https:\/\/tierheim-moers.de\/Wordpress\/wp-content\/uploads\/2020\/09\/sissi-und-franz.jpeg11.jpeg\"><img loading=\"lazy\" decoding=\"async\" class=\"size-medium wp-image-37116 alignleft\" src=\"https:\/\/tierheim-moers.de\/Wordpress\/wp-content\/uploads\/2020\/09\/sissi-und-franz.jpeg11-300x225.jpeg\" alt=\"\" width=\"300\" height=\"225\" srcset=\"https:\/\/tierheim-moers.de\/Wordpress\/wp-content\/uploads\/2020\/09\/sissi-und-franz.jpeg11-300x225.jpeg 300w, https:\/\/tierheim-moers.de\/Wordpress\/wp-content\/uploads\/2020\/09\/sissi-und-franz.jpeg11-768x576.jpeg 768w, https:\/\/tierheim-moers.de\/Wordpress\/wp-content\/uploads\/2020\/09\/sissi-und-franz.jpeg11-600x450.jpeg 600w, https:\/\/tierheim-moers.de\/Wordpress\/wp-content\/uploads\/2020\/09\/sissi-und-franz.jpeg11-700x525.jpeg 700w, https:\/\/tierheim-moers.de\/Wordpress\/wp-content\/uploads\/2020\/09\/sissi-und-franz.jpeg11.jpeg 1024w\" sizes=\"(max-width: 300px) 100vw, 300px\" \/><\/a> sich &#8230; wie es sich f\u00fcr Jungspunde geh\u00f6rt. Aber dann ist auch wiederum Schmusestunde angesagt, man wird kurzerhand zur Katzenstampfzone erkl\u00e4rt und mit Hingabe werden, teils massiv, Streicheleinheiten eingefordert. Wir lieben es!<\/p>\n<p class=\"moz-quote-pre\">Wir k\u00f6nnen uns keine tolleren tierischen Familienmitglieder w\u00fcnschen.<\/p>\n<p class=\"moz-quote-pre\">Danke!<\/p>\n<p class=\"moz-quote-pre\">Liebe Gr\u00fc\u00dfe Carmen W.<\/p>\n<p>&nbsp;<\/p>\n<p>21.09.2020<\/p>\n<p class=\"moz-quote-pre\">Guten Morgen,<a href=\"https:\/\/tierheim-moers.de\/Wordpress\/wp-content\/uploads\/2020\/09\/fritz-und-frieda5.jpg\"><img loading=\"lazy\" decoding=\"async\" class=\"size-medium wp-image-34809 alignleft\" src=\"https:\/\/tierheim-moers.de\/Wordpress\/wp-content\/uploads\/2020\/09\/fritz-und-frieda5-225x300.jpg\" alt=\"\" width=\"225\" height=\"300\" srcset=\"https:\/\/tierheim-moers.de\/Wordpress\/wp-content\/uploads\/2020\/09\/fritz-und-frieda5-225x300.jpg 225w, https:\/\/tierheim-moers.de\/Wordpress\/wp-content\/uploads\/2020\/09\/fritz-und-frieda5-600x800.jpg 600w, https:\/\/tierheim-moers.de\/Wordpress\/wp-content\/uploads\/2020\/09\/fritz-und-frieda5-700x933.jpg 700w, https:\/\/tierheim-moers.de\/Wordpress\/wp-content\/uploads\/2020\/09\/fritz-und-frieda5.jpg 768w\" sizes=\"(max-width: 225px) 100vw, 225px\" \/><\/a><\/p>\n<p class=\"moz-quote-pre\">es gr\u00fc\u00dfen Fritz und Frieda, die nun Sissi und Franz hei\u00dfen. Hier ein paar Schnappsch\u00fcsse der beiden.<a href=\"https:\/\/tierheim-moers.de\/Wordpress\/wp-content\/uploads\/2020\/09\/fritz-und-frieda17.jpg\"><img loading=\"lazy\" decoding=\"async\" class=\"wp-image-34821 size-thumbnail alignright\" src=\"https:\/\/tierheim-moers.de\/Wordpress\/wp-content\/uploads\/2020\/09\/fritz-und-frieda17-150x150.jpg\" alt=\"\" width=\"150\" height=\"150\" srcset=\"https:\/\/tierheim-moers.de\/Wordpress\/wp-content\/uploads\/2020\/09\/fritz-und-frieda17-150x150.jpg 150w, https:\/\/tierheim-moers.de\/Wordpress\/wp-content\/uploads\/2020\/09\/fritz-und-frieda17-432x432.jpg 432w, https:\/\/tierheim-moers.de\/Wordpress\/wp-content\/uploads\/2020\/09\/fritz-und-frieda17-268x268.jpg 268w, https:\/\/tierheim-moers.de\/Wordpress\/wp-content\/uploads\/2020\/09\/fritz-und-frieda17-45x45.jpg 45w\" sizes=\"(max-width: 150px) 100vw, 150px\" \/><\/a> <a href=\"https:\/\/tierheim-moers.de\/Wordpress\/wp-content\/uploads\/2020\/09\/fritz-und-frieda15.jpg\"><img loading=\"lazy\" decoding=\"async\" class=\"wp-image-34819 size-thumbnail alignright\" src=\"https:\/\/tierheim-moers.de\/Wordpress\/wp-content\/uploads\/2020\/09\/fritz-und-frieda15-150x150.jpg\" alt=\"\" width=\"150\" height=\"150\" srcset=\"https:\/\/tierheim-moers.de\/Wordpress\/wp-content\/uploads\/2020\/09\/fritz-und-frieda15-150x150.jpg 150w, https:\/\/tierheim-moers.de\/Wordpress\/wp-content\/uploads\/2020\/09\/fritz-und-frieda15-432x432.jpg 432w, https:\/\/tierheim-moers.de\/Wordpress\/wp-content\/uploads\/2020\/09\/fritz-und-frieda15-268x268.jpg 268w, https:\/\/tierheim-moers.de\/Wordpress\/wp-content\/uploads\/2020\/09\/fritz-und-frieda15-45x45.jpg 45w\" sizes=\"(max-width: 150px) 100vw, 150px\" \/><\/a> <a href=\"https:\/\/tierheim-moers.de\/Wordpress\/wp-content\/uploads\/2020\/09\/fritz-und-frieda16.jpg\"><img loading=\"lazy\" decoding=\"async\" class=\"wp-image-34820 size-thumbnail alignright\" src=\"https:\/\/tierheim-moers.de\/Wordpress\/wp-content\/uploads\/2020\/09\/fritz-und-frieda16-150x150.jpg\" alt=\"\" width=\"150\" height=\"150\" srcset=\"https:\/\/tierheim-moers.de\/Wordpress\/wp-content\/uploads\/2020\/09\/fritz-und-frieda16-150x150.jpg 150w, https:\/\/tierheim-moers.de\/Wordpress\/wp-content\/uploads\/2020\/09\/fritz-und-frieda16-432x432.jpg 432w, https:\/\/tierheim-moers.de\/Wordpress\/wp-content\/uploads\/2020\/09\/fritz-und-frieda16-268x268.jpg 268w, https:\/\/tierheim-moers.de\/Wordpress\/wp-content\/uploads\/2020\/09\/fritz-und-frieda16-45x45.jpg 45w\" sizes=\"(max-width: 150px) 100vw, 150px\" \/><\/a><\/p>\n<p class=\"moz-quote-pre\">Es geht Ihnen gut, sie futtern wie \u201eGro\u00dfe\u201c, gehen mutig voran, erkunden nach und nach das ganze Haus, vertragen sich ganz gut mit dem Hund.<\/p>\n<p class=\"moz-quote-pre\">Was an K\u00f6rpergr\u00f6\u00dfe noch fehlt, wird mit Gr\u00f6\u00dfenwahn wett gemacht. Sie sind wahre \u201eKampfschmuser\u201c.<\/p>\n<p class=\"moz-quote-pre\">Danke f\u00fcr die hervorragende, liebevolle Aufzucht der kleinen Racker! Wir haben so viel Spa\u00df zusammen!<\/p>\n<p><a href=\"https:\/\/tierheim-moers.de\/Wordpress\/wp-content\/uploads\/2020\/09\/fritz-und-frieda.jpg\"><img loading=\"lazy\" decoding=\"async\" class=\"alignnone wp-image-34810 size-thumbnail\" src=\"https:\/\/tierheim-moers.de\/Wordpress\/wp-content\/uploads\/2020\/09\/fritz-und-frieda-150x150.jpg\" alt=\"\" width=\"150\" height=\"150\" srcset=\"https:\/\/tierheim-moers.de\/Wordpress\/wp-content\/uploads\/2020\/09\/fritz-und-frieda-150x150.jpg 150w, https:\/\/tierheim-moers.de\/Wordpress\/wp-content\/uploads\/2020\/09\/fritz-und-frieda-432x432.jpg 432w, https:\/\/tierheim-moers.de\/Wordpress\/wp-content\/uploads\/2020\/09\/fritz-und-frieda-268x268.jpg 268w, https:\/\/tierheim-moers.de\/Wordpress\/wp-content\/uploads\/2020\/09\/fritz-und-frieda-45x45.jpg 45w\" sizes=\"(max-width: 150px) 100vw, 150px\" \/><\/a> <a href=\"https:\/\/tierheim-moers.de\/Wordpress\/wp-content\/uploads\/2020\/09\/fritz-und-frieda14-ausschnitt.jpg\"><img loading=\"lazy\" decoding=\"async\" class=\"alignnone wp-image-34822 size-thumbnail\" src=\"https:\/\/tierheim-moers.de\/Wordpress\/wp-content\/uploads\/2020\/09\/fritz-und-frieda14-ausschnitt-150x150.jpg\" alt=\"\" width=\"150\" height=\"150\" srcset=\"https:\/\/tierheim-moers.de\/Wordpress\/wp-content\/uploads\/2020\/09\/fritz-und-frieda14-ausschnitt-150x150.jpg 150w, https:\/\/tierheim-moers.de\/Wordpress\/wp-content\/uploads\/2020\/09\/fritz-und-frieda14-ausschnitt-432x432.jpg 432w, https:\/\/tierheim-moers.de\/Wordpress\/wp-content\/uploads\/2020\/09\/fritz-und-frieda14-ausschnitt-268x268.jpg 268w, https:\/\/tierheim-moers.de\/Wordpress\/wp-content\/uploads\/2020\/09\/fritz-und-frieda14-ausschnitt-45x45.jpg 45w\" sizes=\"(max-width: 150px) 100vw, 150px\" \/><\/a> <a href=\"https:\/\/tierheim-moers.de\/Wordpress\/wp-content\/uploads\/2020\/09\/fritz-und-frieda7.jpg\"><img loading=\"lazy\" decoding=\"async\" class=\"alignnone wp-image-34814 size-thumbnail\" src=\"https:\/\/tierheim-moers.de\/Wordpress\/wp-content\/uploads\/2020\/09\/fritz-und-frieda7-150x150.jpg\" alt=\"\" width=\"150\" height=\"150\" srcset=\"https:\/\/tierheim-moers.de\/Wordpress\/wp-content\/uploads\/2020\/09\/fritz-und-frieda7-150x150.jpg 150w, https:\/\/tierheim-moers.de\/Wordpress\/wp-content\/uploads\/2020\/09\/fritz-und-frieda7-432x432.jpg 432w, https:\/\/tierheim-moers.de\/Wordpress\/wp-content\/uploads\/2020\/09\/fritz-und-frieda7-268x268.jpg 268w, https:\/\/tierheim-moers.de\/Wordpress\/wp-content\/uploads\/2020\/09\/fritz-und-frieda7-45x45.jpg 45w\" sizes=\"(max-width: 150px) 100vw, 150px\" \/><\/a><a href=\"https:\/\/tierheim-moers.de\/Wordpress\/wp-content\/uploads\/2020\/09\/fritz-und-frieda3.jpg\"><img loading=\"lazy\" decoding=\"async\" class=\"alignnone wp-image-34812 size-thumbnail\" src=\"https:\/\/tierheim-moers.de\/Wordpress\/wp-content\/uploads\/2020\/09\/fritz-und-frieda3-150x150.jpg\" alt=\"\" width=\"150\" height=\"150\" srcset=\"https:\/\/tierheim-moers.de\/Wordpress\/wp-content\/uploads\/2020\/09\/fritz-und-frieda3-150x150.jpg 150w, https:\/\/tierheim-moers.de\/Wordpress\/wp-content\/uploads\/2020\/09\/fritz-und-frieda3-432x432.jpg 432w, https:\/\/tierheim-moers.de\/Wordpress\/wp-content\/uploads\/2020\/09\/fritz-und-frieda3-268x268.jpg 268w, https:\/\/tierheim-moers.de\/Wordpress\/wp-content\/uploads\/2020\/09\/fritz-und-frieda3-45x45.jpg 45w\" sizes=\"(max-width: 150px) 100vw, 150px\" \/><\/a><\/p>\n<p class=\"moz-quote-pre\">Danke Danke Danke! Weiter so! <a href=\"https:\/\/tierheim-moers.de\/Wordpress\/wp-content\/uploads\/2020\/09\/fritz-und-frieda6.jpg\"><img loading=\"lazy\" decoding=\"async\" class=\"wp-image-34813 size-thumbnail alignleft\" src=\"https:\/\/tierheim-moers.de\/Wordpress\/wp-content\/uploads\/2020\/09\/fritz-und-frieda6-150x150.jpg\" alt=\"\" width=\"150\" height=\"150\" srcset=\"https:\/\/tierheim-moers.de\/Wordpress\/wp-content\/uploads\/2020\/09\/fritz-und-frieda6-150x150.jpg 150w, https:\/\/tierheim-moers.de\/Wordpress\/wp-content\/uploads\/2020\/09\/fritz-und-frieda6-432x432.jpg 432w, https:\/\/tierheim-moers.de\/Wordpress\/wp-content\/uploads\/2020\/09\/fritz-und-frieda6-268x268.jpg 268w, https:\/\/tierheim-moers.de\/Wordpress\/wp-content\/uploads\/2020\/09\/fritz-und-frieda6-45x45.jpg 45w\" sizes=\"(max-width: 150px) 100vw, 150px\" \/><\/a><\/p>\n<p class=\"moz-quote-pre\">Am 01.10.20 ist der n\u00e4chste Impftermin in Krefeld.<\/p>\n<p class=\"moz-quote-pre\">Liebe Gr\u00fc\u00dfe Carmen W.<\/p>\n<p>&nbsp;<\/p>\n<p>Vielen Dank f\u00fcr die R\u00fcckmeldung. Wir freuen uns, dass die beiden sooooo gut angekommen sind und sich sofort zuhause f\u00fchlten.<\/p>\n<p>Euer Tierheimteam<\/p>\n<div class=\"shariff shariff-align-flex-start shariff-widget-align-center\" data-url=\"https%3A%2F%2Ftierheim-moers.de%2FWordpress%2Fkaiserpaar-sissi-und-franz-bei-uns-fritz-und-frieda%2F\" data-timestamp=\"1678790657\" data-hidezero=\"1\" data-backendurl=\"https:\/\/tierheim-moers.de\/Wordpress\/wp-json\/shariff\/v1\/share_counts?\"><ul class=\"shariff-buttons theme-round orientation-horizontal buttonsize-small\"><li class=\"shariff-button facebook shariff-nocustomcolor\" style=\"background-color:#4273c8\"><a href=\"https:\/\/www.facebook.com\/sharer\/sharer.php?u=https%3A%2F%2Ftierheim-moers.de%2FWordpress%2Fkaiserpaar-sissi-und-franz-bei-uns-fritz-und-frieda%2F\" title=\"Bei Facebook teilen\" aria-label=\"Bei Facebook teilen\" role=\"button\" rel=\"nofollow\" class=\"shariff-link\" style=\"; background-color:#3b5998; color:#fff\" target=\"_blank\"><span class=\"shariff-icon\" style=\"\"><svg width=\"32px\" height=\"20px\" xmlns=\"http:\/\/www.w3.org\/2000\/svg\" viewBox=\"0 0 18 32\"><path fill=\"#3b5998\" d=\"M17.1 0.2v4.7h-2.8q-1.5 0-2.1 0.6t-0.5 1.9v3.4h5.2l-0.7 5.3h-4.5v13.6h-5.5v-13.6h-4.5v-5.3h4.5v-3.9q0-3.3 1.9-5.2t5-1.8q2.6 0 4.1 0.2z\"\/><\/svg><\/span><\/a><\/li><li class=\"shariff-button twitter shariff-nocustomcolor\" style=\"background-color:#595959\"><a href=\"https:\/\/twitter.com\/share?url=https%3A%2F%2Ftierheim-moers.de%2FWordpress%2Fkaiserpaar-sissi-und-franz-bei-uns-fritz-und-frieda%2F&text=Kaiserpaar%20Sissi%20und%20Franz%20%28bei%20uns%20Fritz%20und%20Frieda%29%20%E2%80%A6%20ein%20Update\" title=\"Bei X teilen\" aria-label=\"Bei X teilen\" role=\"button\" rel=\"noopener nofollow\" class=\"shariff-link\" style=\"; background-color:#000; color:#fff\" target=\"_blank\"><span class=\"shariff-icon\" style=\"\"><svg width=\"32px\" height=\"20px\" xmlns=\"http:\/\/www.w3.org\/2000\/svg\" viewBox=\"0 0 24 24\"><path fill=\"#000\" d=\"M14.258 10.152L23.176 0h-2.113l-7.747 8.813L7.133 0H0l9.352 13.328L0 23.973h2.113l8.176-9.309 6.531 9.309h7.133zm-2.895 3.293l-.949-1.328L2.875 1.56h3.246l6.086 8.523.945 1.328 7.91 11.078h-3.246zm0 0\"\/><\/svg><\/span><\/a><\/li><li class=\"shariff-button whatsapp shariff-nocustomcolor\" style=\"background-color:#5cbe4a\"><a href=\"https:\/\/api.whatsapp.com\/send?text=https%3A%2F%2Ftierheim-moers.de%2FWordpress%2Fkaiserpaar-sissi-und-franz-bei-uns-fritz-und-frieda%2F%20Kaiserpaar%20Sissi%20und%20Franz%20%28bei%20uns%20Fritz%20und%20Frieda%29%20%E2%80%A6%20ein%20Update\" title=\"Bei Whatsapp teilen\" aria-label=\"Bei Whatsapp teilen\" role=\"button\" rel=\"noopener nofollow\" class=\"shariff-link\" style=\"; background-color:#34af23; color:#fff\" target=\"_blank\"><span class=\"shariff-icon\" style=\"\"><svg width=\"32px\" height=\"20px\" xmlns=\"http:\/\/www.w3.org\/2000\/svg\" viewBox=\"0 0 32 32\"><path fill=\"#34af23\" d=\"M17.6 17.4q0.2 0 1.7 0.8t1.6 0.9q0 0.1 0 0.3 0 0.6-0.3 1.4-0.3 0.7-1.3 1.2t-1.8 0.5q-1 0-3.4-1.1-1.7-0.8-3-2.1t-2.6-3.3q-1.3-1.9-1.3-3.5v-0.1q0.1-1.6 1.3-2.8 0.4-0.4 0.9-0.4 0.1 0 0.3 0t0.3 0q0.3 0 0.5 0.1t0.3 0.5q0.1 0.4 0.6 1.6t0.4 1.3q0 0.4-0.6 1t-0.6 0.8q0 0.1 0.1 0.3 0.6 1.3 1.8 2.4 1 0.9 2.7 1.8 0.2 0.1 0.4 0.1 0.3 0 1-0.9t0.9-0.9zM14 26.9q2.3 0 4.3-0.9t3.6-2.4 2.4-3.6 0.9-4.3-0.9-4.3-2.4-3.6-3.6-2.4-4.3-0.9-4.3 0.9-3.6 2.4-2.4 3.6-0.9 4.3q0 3.6 2.1 6.6l-1.4 4.2 4.3-1.4q2.8 1.9 6.2 1.9zM14 2.2q2.7 0 5.2 1.1t4.3 2.9 2.9 4.3 1.1 5.2-1.1 5.2-2.9 4.3-4.3 2.9-5.2 1.1q-3.5 0-6.5-1.7l-7.4 2.4 2.4-7.2q-1.9-3.2-1.9-6.9 0-2.7 1.1-5.2t2.9-4.3 4.3-2.9 5.2-1.1z\"\/><\/svg><\/span><\/a><\/li><li class=\"shariff-button sms shariff-nocustomcolor shariff-mobile\" style=\"background-color:#d7d9d8\"><a href=\"sms:?&body=https%3A%2F%2Ftierheim-moers.de%2FWordpress%2Fkaiserpaar-sissi-und-franz-bei-uns-fritz-und-frieda%2F\" title=\"Per SMS teilen\" aria-label=\"Per SMS teilen\" role=\"button\" rel=\"noopener nofollow\" class=\"shariff-link\" style=\"; background-color:#a1e877; color:#fff\" target=\"_blank\"><span class=\"shariff-icon\" style=\"\"><svg xmlns=\"http:\/\/www.w3.org\/2000\/svg\" width=\"510\" height=\"510\" viewBox=\"0 0 510 510\"><path fill=\"#a1e877\" d=\"M459 0H51C23 0 0 23 0 51v459l102-102h357c28.1 0 51-22.9 51-51V51C510 23 487.1 0 459 0zM178.5 229.5h-51v-51h51V229.5zM280.5 229.5h-51v-51h51V229.5zM382.5 229.5h-51v-51h51V229.5z\"\/><\/svg><\/span><\/a><\/li><\/ul><\/div>","protected":false},"excerpt":{"rendered":"<p>&nbsp; M\u00e4rz 2023 Hallo liebes Tierheim-Team, &nbsp; erinnert ihr euch? Fritz und Frieda, heute Sissi und Franz, sind zu stattlichen Herrschaften herangewachsen. Sie sind nicht nur unsere Lieblinge, sondern haben die Herzen der Nachbarschaft einfach nur erobert!! Was haben wir schon Tr\u00e4nen gelacht \u00fcber den Einfallsreichtum, (Miss-)Geschicklichkeit, Gr\u00f6\u00dfenwahn oder einfach &#8230;<\/p>\n","protected":false},"author":4,"featured_media":52687,"comment_status":"closed","ping_status":"open","sticky":false,"template":"","format":"standard","meta":{"ngg_post_thumbnail":0,"footnotes":""},"categories":[32],"tags":[],"class_list":["post-34808","post","type-post","status-publish","format-standard","has-post-thumbnail","hentry","category-erfolgsgeschichten","column","threecol","has-thumbnail"],"yoast_head":"<!-- This site is optimized with the Yoast SEO plugin v24.6 - https:\/\/yoast.com\/wordpress\/plugins\/seo\/ -->\n<title>Kaiserpaar Sissi und Franz (bei uns Fritz und Frieda) ... ein Update | TIERHEIM MOERS<\/title>\n<meta name=\"robots\" content=\"index, follow, max-snippet:-1, max-image-preview:large, max-video-preview:-1\" \/>\n<link rel=\"canonical\" href=\"https:\/\/tierheim-moers.de\/Wordpress\/kaiserpaar-sissi-und-franz-bei-uns-fritz-und-frieda\/\" \/>\n<meta property=\"og:locale\" content=\"de_DE\" \/>\n<meta property=\"og:type\" content=\"article\" \/>\n<meta property=\"og:title\" content=\"Kaiserpaar Sissi und Franz (bei uns Fritz und Frieda) ... ein Update | TIERHEIM MOERS\" \/>\n<meta property=\"og:description\" content=\"&nbsp; M\u00e4rz 2023 Hallo liebes Tierheim-Team, &nbsp; erinnert ihr euch? Fritz und Frieda, heute Sissi und Franz, sind zu stattlichen Herrschaften herangewachsen. &#8230;\" \/>\n<meta property=\"og:url\" content=\"https:\/\/tierheim-moers.de\/Wordpress\/kaiserpaar-sissi-und-franz-bei-uns-fritz-und-frieda\/\" \/>\n<meta property=\"og:site_name\" content=\"TIERHEIM MOERS\" \/>\n<meta property=\"article:publisher\" content=\"https:\/\/de-de.facebook.com\/moers.tierheim\" \/>\n<meta property=\"article:published_time\" content=\"2023-03-13T18:17:33+00:00\" \/>\n<meta property=\"article:modified_time\" content=\"2023-03-14T08:44:17+00:00\" \/>\n<meta property=\"og:image\" content=\"https:\/\/tierheim-moers.de\/Wordpress\/wp-content\/uploads\/2023\/03\/FritzFrieda-e1678783005506.jpeg\" \/>\n\t<meta property=\"og:image:width\" content=\"1884\" \/>\n\t<meta property=\"og:image:height\" content=\"1187\" \/>\n\t<meta property=\"og:image:type\" content=\"image\/jpeg\" \/>\n<meta name=\"author\" content=\"Gisela Kuhnen\" \/>\n<meta name=\"twitter:card\" content=\"summary_large_image\" \/>\n<meta name=\"twitter:label1\" content=\"Verfasst von\" \/>\n\t<meta name=\"twitter:data1\" content=\"Gisela Kuhnen\" \/>\n\t<meta name=\"twitter:label2\" content=\"Gesch\u00e4tzte Lesezeit\" \/>\n\t<meta name=\"twitter:data2\" content=\"7\u00a0Minuten\" \/>\n<script type=\"application\/ld+json\" class=\"yoast-schema-graph\">{\"@context\":\"https:\/\/schema.org\",\"@graph\":[{\"@type\":\"Article\",\"@id\":\"https:\/\/tierheim-moers.de\/Wordpress\/kaiserpaar-sissi-und-franz-bei-uns-fritz-und-frieda\/#article\",\"isPartOf\":{\"@id\":\"https:\/\/tierheim-moers.de\/Wordpress\/kaiserpaar-sissi-und-franz-bei-uns-fritz-und-frieda\/\"},\"author\":{\"name\":\"Gisela Kuhnen\",\"@id\":\"https:\/\/tierheim-moers.de\/Wordpress\/#\/schema\/person\/35ad410ed2d8620d4f57f813585b0d8e\"},\"headline\":\"Kaiserpaar Sissi und Franz (bei uns Fritz und Frieda) &#8230; ein Update\",\"datePublished\":\"2023-03-13T18:17:33+00:00\",\"dateModified\":\"2023-03-14T08:44:17+00:00\",\"mainEntityOfPage\":{\"@id\":\"https:\/\/tierheim-moers.de\/Wordpress\/kaiserpaar-sissi-und-franz-bei-uns-fritz-und-frieda\/\"},\"wordCount\":399,\"publisher\":{\"@id\":\"https:\/\/tierheim-moers.de\/Wordpress\/#organization\"},\"image\":{\"@id\":\"https:\/\/tierheim-moers.de\/Wordpress\/kaiserpaar-sissi-und-franz-bei-uns-fritz-und-frieda\/#primaryimage\"},\"thumbnailUrl\":\"https:\/\/tierheim-moers.de\/Wordpress\/wp-content\/uploads\/2023\/03\/FritzFrieda-e1678783005506.jpeg\",\"articleSection\":[\"Erfolgsgeschichten\"],\"inLanguage\":\"de\"},{\"@type\":\"WebPage\",\"@id\":\"https:\/\/tierheim-moers.de\/Wordpress\/kaiserpaar-sissi-und-franz-bei-uns-fritz-und-frieda\/\",\"url\":\"https:\/\/tierheim-moers.de\/Wordpress\/kaiserpaar-sissi-und-franz-bei-uns-fritz-und-frieda\/\",\"name\":\"Kaiserpaar Sissi und Franz (bei uns Fritz und Frieda) ... ein Update | TIERHEIM MOERS\",\"isPartOf\":{\"@id\":\"https:\/\/tierheim-moers.de\/Wordpress\/#website\"},\"primaryImageOfPage\":{\"@id\":\"https:\/\/tierheim-moers.de\/Wordpress\/kaiserpaar-sissi-und-franz-bei-uns-fritz-und-frieda\/#primaryimage\"},\"image\":{\"@id\":\"https:\/\/tierheim-moers.de\/Wordpress\/kaiserpaar-sissi-und-franz-bei-uns-fritz-und-frieda\/#primaryimage\"},\"thumbnailUrl\":\"https:\/\/tierheim-moers.de\/Wordpress\/wp-content\/uploads\/2023\/03\/FritzFrieda-e1678783005506.jpeg\",\"datePublished\":\"2023-03-13T18:17:33+00:00\",\"dateModified\":\"2023-03-14T08:44:17+00:00\",\"breadcrumb\":{\"@id\":\"https:\/\/tierheim-moers.de\/Wordpress\/kaiserpaar-sissi-und-franz-bei-uns-fritz-und-frieda\/#breadcrumb\"},\"inLanguage\":\"de\",\"potentialAction\":[{\"@type\":\"ReadAction\",\"target\":[\"https:\/\/tierheim-moers.de\/Wordpress\/kaiserpaar-sissi-und-franz-bei-uns-fritz-und-frieda\/\"]}]},{\"@type\":\"ImageObject\",\"inLanguage\":\"de\",\"@id\":\"https:\/\/tierheim-moers.de\/Wordpress\/kaiserpaar-sissi-und-franz-bei-uns-fritz-und-frieda\/#primaryimage\",\"url\":\"https:\/\/tierheim-moers.de\/Wordpress\/wp-content\/uploads\/2023\/03\/FritzFrieda-e1678783005506.jpeg\",\"contentUrl\":\"https:\/\/tierheim-moers.de\/Wordpress\/wp-content\/uploads\/2023\/03\/FritzFrieda-e1678783005506.jpeg\",\"width\":1884,\"height\":1187},{\"@type\":\"BreadcrumbList\",\"@id\":\"https:\/\/tierheim-moers.de\/Wordpress\/kaiserpaar-sissi-und-franz-bei-uns-fritz-und-frieda\/#breadcrumb\",\"itemListElement\":[{\"@type\":\"ListItem\",\"position\":1,\"name\":\"Startseite\",\"item\":\"https:\/\/tierheim-moers.de\/Wordpress\/\"},{\"@type\":\"ListItem\",\"position\":2,\"name\":\"Kaiserpaar Sissi und Franz (bei uns Fritz und Frieda) &#8230; ein Update\"}]},{\"@type\":\"WebSite\",\"@id\":\"https:\/\/tierheim-moers.de\/Wordpress\/#website\",\"url\":\"https:\/\/tierheim-moers.de\/Wordpress\/\",\"name\":\"Tierheim Moers\",\"description\":\"Tierheim | Hundepension | Tierschutz | Moers\",\"publisher\":{\"@id\":\"https:\/\/tierheim-moers.de\/Wordpress\/#organization\"},\"potentialAction\":[{\"@type\":\"SearchAction\",\"target\":{\"@type\":\"EntryPoint\",\"urlTemplate\":\"https:\/\/tierheim-moers.de\/Wordpress\/?s={search_term_string}\"},\"query-input\":{\"@type\":\"PropertyValueSpecification\",\"valueRequired\":true,\"valueName\":\"search_term_string\"}}],\"inLanguage\":\"de\"},{\"@type\":\"Organization\",\"@id\":\"https:\/\/tierheim-moers.de\/Wordpress\/#organization\",\"name\":\"Tierheim Moers\",\"url\":\"https:\/\/tierheim-moers.de\/Wordpress\/\",\"logo\":{\"@type\":\"ImageObject\",\"inLanguage\":\"de\",\"@id\":\"https:\/\/tierheim-moers.de\/Wordpress\/#\/schema\/logo\/image\/\",\"url\":\"https:\/\/tierheim-moers.de\/Wordpress\/wp-content\/uploads\/2014\/04\/Logo-TSV-Moers-V01-RGB-300.png\",\"contentUrl\":\"https:\/\/tierheim-moers.de\/Wordpress\/wp-content\/uploads\/2014\/04\/Logo-TSV-Moers-V01-RGB-300.png\",\"width\":1052,\"height\":1038,\"caption\":\"Tierheim Moers\"},\"image\":{\"@id\":\"https:\/\/tierheim-moers.de\/Wordpress\/#\/schema\/logo\/image\/\"},\"sameAs\":[\"https:\/\/de-de.facebook.com\/moers.tierheim\"]},{\"@type\":\"Person\",\"@id\":\"https:\/\/tierheim-moers.de\/Wordpress\/#\/schema\/person\/35ad410ed2d8620d4f57f813585b0d8e\",\"name\":\"Gisela Kuhnen\",\"image\":{\"@type\":\"ImageObject\",\"inLanguage\":\"de\",\"@id\":\"https:\/\/tierheim-moers.de\/Wordpress\/#\/schema\/person\/image\/\",\"url\":\"https:\/\/secure.gravatar.com\/avatar\/807ca84b4538291e2f5dc665ed240a0d4d7ab8f22360ec427a82fe926980b31a?s=96&d=mm&r=g\",\"contentUrl\":\"https:\/\/secure.gravatar.com\/avatar\/807ca84b4538291e2f5dc665ed240a0d4d7ab8f22360ec427a82fe926980b31a?s=96&d=mm&r=g\",\"caption\":\"Gisela Kuhnen\"},\"url\":\"https:\/\/tierheim-moers.de\/Wordpress\/author\/gisela-kuhnen\/\"}]}<\/script>\n<!-- \/ Yoast SEO plugin. -->","yoast_head_json":{"title":"Kaiserpaar Sissi und Franz (bei uns Fritz und Frieda) ... ein Update | TIERHEIM MOERS","robots":{"index":"index","follow":"follow","max-snippet":"max-snippet:-1","max-image-preview":"max-image-preview:large","max-video-preview":"max-video-preview:-1"},"canonical":"https:\/\/tierheim-moers.de\/Wordpress\/kaiserpaar-sissi-und-franz-bei-uns-fritz-und-frieda\/","og_locale":"de_DE","og_type":"article","og_title":"Kaiserpaar Sissi und Franz (bei uns Fritz und Frieda) ... ein Update | TIERHEIM MOERS","og_description":"&nbsp; M\u00e4rz 2023 Hallo liebes Tierheim-Team, &nbsp; erinnert ihr euch? Fritz und Frieda, heute Sissi und Franz, sind zu stattlichen Herrschaften herangewachsen. &#8230;","og_url":"https:\/\/tierheim-moers.de\/Wordpress\/kaiserpaar-sissi-und-franz-bei-uns-fritz-und-frieda\/","og_site_name":"TIERHEIM MOERS","article_publisher":"https:\/\/de-de.facebook.com\/moers.tierheim","article_published_time":"2023-03-13T18:17:33+00:00","article_modified_time":"2023-03-14T08:44:17+00:00","og_image":[{"width":1884,"height":1187,"url":"https:\/\/tierheim-moers.de\/Wordpress\/wp-content\/uploads\/2023\/03\/FritzFrieda-e1678783005506.jpeg","type":"image\/jpeg"}],"author":"Gisela Kuhnen","twitter_card":"summary_large_image","twitter_misc":{"Verfasst von":"Gisela Kuhnen","Gesch\u00e4tzte Lesezeit":"7\u00a0Minuten"},"schema":{"@context":"https:\/\/schema.org","@graph":[{"@type":"Article","@id":"https:\/\/tierheim-moers.de\/Wordpress\/kaiserpaar-sissi-und-franz-bei-uns-fritz-und-frieda\/#article","isPartOf":{"@id":"https:\/\/tierheim-moers.de\/Wordpress\/kaiserpaar-sissi-und-franz-bei-uns-fritz-und-frieda\/"},"author":{"name":"Gisela Kuhnen","@id":"https:\/\/tierheim-moers.de\/Wordpress\/#\/schema\/person\/35ad410ed2d8620d4f57f813585b0d8e"},"headline":"Kaiserpaar Sissi und Franz (bei uns Fritz und Frieda) &#8230; ein Update","datePublished":"2023-03-13T18:17:33+00:00","dateModified":"2023-03-14T08:44:17+00:00","mainEntityOfPage":{"@id":"https:\/\/tierheim-moers.de\/Wordpress\/kaiserpaar-sissi-und-franz-bei-uns-fritz-und-frieda\/"},"wordCount":399,"publisher":{"@id":"https:\/\/tierheim-moers.de\/Wordpress\/#organization"},"image":{"@id":"https:\/\/tierheim-moers.de\/Wordpress\/kaiserpaar-sissi-und-franz-bei-uns-fritz-und-frieda\/#primaryimage"},"thumbnailUrl":"https:\/\/tierheim-moers.de\/Wordpress\/wp-content\/uploads\/2023\/03\/FritzFrieda-e1678783005506.jpeg","articleSection":["Erfolgsgeschichten"],"inLanguage":"de"},{"@type":"WebPage","@id":"https:\/\/tierheim-moers.de\/Wordpress\/kaiserpaar-sissi-und-franz-bei-uns-fritz-und-frieda\/","url":"https:\/\/tierheim-moers.de\/Wordpress\/kaiserpaar-sissi-und-franz-bei-uns-fritz-und-frieda\/","name":"Kaiserpaar Sissi und Franz (bei uns Fritz und Frieda) ... ein Update | TIERHEIM MOERS","isPartOf":{"@id":"https:\/\/tierheim-moers.de\/Wordpress\/#website"},"primaryImageOfPage":{"@id":"https:\/\/tierheim-moers.de\/Wordpress\/kaiserpaar-sissi-und-franz-bei-uns-fritz-und-frieda\/#primaryimage"},"image":{"@id":"https:\/\/tierheim-moers.de\/Wordpress\/kaiserpaar-sissi-und-franz-bei-uns-fritz-und-frieda\/#primaryimage"},"thumbnailUrl":"https:\/\/tierheim-moers.de\/Wordpress\/wp-content\/uploads\/2023\/03\/FritzFrieda-e1678783005506.jpeg","datePublished":"2023-03-13T18:17:33+00:00","dateModified":"2023-03-14T08:44:17+00:00","breadcrumb":{"@id":"https:\/\/tierheim-moers.de\/Wordpress\/kaiserpaar-sissi-und-franz-bei-uns-fritz-und-frieda\/#breadcrumb"},"inLanguage":"de","potentialAction":[{"@type":"ReadAction","target":["https:\/\/tierheim-moers.de\/Wordpress\/kaiserpaar-sissi-und-franz-bei-uns-fritz-und-frieda\/"]}]},{"@type":"ImageObject","inLanguage":"de","@id":"https:\/\/tierheim-moers.de\/Wordpress\/kaiserpaar-sissi-und-franz-bei-uns-fritz-und-frieda\/#primaryimage","url":"https:\/\/tierheim-moers.de\/Wordpress\/wp-content\/uploads\/2023\/03\/FritzFrieda-e1678783005506.jpeg","contentUrl":"https:\/\/tierheim-moers.de\/Wordpress\/wp-content\/uploads\/2023\/03\/FritzFrieda-e1678783005506.jpeg","width":1884,"height":1187},{"@type":"BreadcrumbList","@id":"https:\/\/tierheim-moers.de\/Wordpress\/kaiserpaar-sissi-und-franz-bei-uns-fritz-und-frieda\/#breadcrumb","itemListElement":[{"@type":"ListItem","position":1,"name":"Startseite","item":"https:\/\/tierheim-moers.de\/Wordpress\/"},{"@type":"ListItem","position":2,"name":"Kaiserpaar Sissi und Franz (bei uns Fritz und Frieda) &#8230; ein Update"}]},{"@type":"WebSite","@id":"https:\/\/tierheim-moers.de\/Wordpress\/#website","url":"https:\/\/tierheim-moers.de\/Wordpress\/","name":"Tierheim Moers","description":"Tierheim | Hundepension | Tierschutz | Moers","publisher":{"@id":"https:\/\/tierheim-moers.de\/Wordpress\/#organization"},"potentialAction":[{"@type":"SearchAction","target":{"@type":"EntryPoint","urlTemplate":"https:\/\/tierheim-moers.de\/Wordpress\/?s={search_term_string}"},"query-input":{"@type":"PropertyValueSpecification","valueRequired":true,"valueName":"search_term_string"}}],"inLanguage":"de"},{"@type":"Organization","@id":"https:\/\/tierheim-moers.de\/Wordpress\/#organization","name":"Tierheim Moers","url":"https:\/\/tierheim-moers.de\/Wordpress\/","logo":{"@type":"ImageObject","inLanguage":"de","@id":"https:\/\/tierheim-moers.de\/Wordpress\/#\/schema\/logo\/image\/","url":"https:\/\/tierheim-moers.de\/Wordpress\/wp-content\/uploads\/2014\/04\/Logo-TSV-Moers-V01-RGB-300.png","contentUrl":"https:\/\/tierheim-moers.de\/Wordpress\/wp-content\/uploads\/2014\/04\/Logo-TSV-Moers-V01-RGB-300.png","width":1052,"height":1038,"caption":"Tierheim Moers"},"image":{"@id":"https:\/\/tierheim-moers.de\/Wordpress\/#\/schema\/logo\/image\/"},"sameAs":["https:\/\/de-de.facebook.com\/moers.tierheim"]},{"@type":"Person","@id":"https:\/\/tierheim-moers.de\/Wordpress\/#\/schema\/person\/35ad410ed2d8620d4f57f813585b0d8e","name":"Gisela Kuhnen","image":{"@type":"ImageObject","inLanguage":"de","@id":"https:\/\/tierheim-moers.de\/Wordpress\/#\/schema\/person\/image\/","url":"https:\/\/secure.gravatar.com\/avatar\/807ca84b4538291e2f5dc665ed240a0d4d7ab8f22360ec427a82fe926980b31a?s=96&d=mm&r=g","contentUrl":"https:\/\/secure.gravatar.com\/avatar\/807ca84b4538291e2f5dc665ed240a0d4d7ab8f22360ec427a82fe926980b31a?s=96&d=mm&r=g","caption":"Gisela Kuhnen"},"url":"https:\/\/tierheim-moers.de\/Wordpress\/author\/gisela-kuhnen\/"}]}},"_links":{"self":[{"href":"https:\/\/tierheim-moers.de\/Wordpress\/wp-json\/wp\/v2\/posts\/34808","targetHints":{"allow":["GET"]}}],"collection":[{"href":"https:\/\/tierheim-moers.de\/Wordpress\/wp-json\/wp\/v2\/posts"}],"about":[{"href":"https:\/\/tierheim-moers.de\/Wordpress\/wp-json\/wp\/v2\/types\/post"}],"author":[{"embeddable":true,"href":"https:\/\/tierheim-moers.de\/Wordpress\/wp-json\/wp\/v2\/users\/4"}],"replies":[{"embeddable":true,"href":"https:\/\/tierheim-moers.de\/Wordpress\/wp-json\/wp\/v2\/comments?post=34808"}],"version-history":[{"count":7,"href":"https:\/\/tierheim-moers.de\/Wordpress\/wp-json\/wp\/v2\/posts\/34808\/revisions"}],"predecessor-version":[{"id":52700,"href":"https:\/\/tierheim-moers.de\/Wordpress\/wp-json\/wp\/v2\/posts\/34808\/revisions\/52700"}],"wp:featuredmedia":[{"embeddable":true,"href":"https:\/\/tierheim-moers.de\/Wordpress\/wp-json\/wp\/v2\/media\/52687"}],"wp:attachment":[{"href":"https:\/\/tierheim-moers.de\/Wordpress\/wp-json\/wp\/v2\/media?parent=34808"}],"wp:term":[{"taxonomy":"category","embeddable":true,"href":"https:\/\/tierheim-moers.de\/Wordpress\/wp-json\/wp\/v2\/categories?post=34808"},{"taxonomy":"post_tag","embeddable":true,"href":"https:\/\/tierheim-moers.de\/Wordpress\/wp-json\/wp\/v2\/tags?post=34808"}],"curies":[{"name":"wp","href":"https:\/\/api.w.org\/{rel}","templated":true}]}}