{"id":34867,"date":"2021-08-13T19:40:55","date_gmt":"2021-08-13T17:40:55","guid":{"rendered":"https:\/\/tierheim-moers.de\/Wordpress\/?p=34867"},"modified":"2021-08-13T22:56:14","modified_gmt":"2021-08-13T20:56:14","slug":"minnie-heisst-jetzt-lara-und-fuehlte-sich-sofort-zuhause","status":"publish","type":"post","link":"https:\/\/tierheim-moers.de\/Wordpress\/minnie-heisst-jetzt-lara-und-fuehlte-sich-sofort-zuhause\/","title":{"rendered":"Minnie hei\u00dft jetzt Lara und f\u00fchlte sich sofort zuhause."},"content":{"rendered":"<p>13.08.2021<\/p>\n<p>Wir haben neue Fotos von Minnie bekommen. Vielen Dank daf\u00fcr.<\/p>\n<p><a href=\"https:\/\/tierheim-moers.de\/Wordpress\/wp-content\/uploads\/2020\/09\/minnie4.jpg\"><img fetchpriority=\"high\" decoding=\"async\" class=\"alignnone size-medium wp-image-42207\" src=\"https:\/\/tierheim-moers.de\/Wordpress\/wp-content\/uploads\/2020\/09\/minnie4-300x225.jpg\" alt=\"\" width=\"300\" height=\"225\" srcset=\"https:\/\/tierheim-moers.de\/Wordpress\/wp-content\/uploads\/2020\/09\/minnie4-300x225.jpg 300w, https:\/\/tierheim-moers.de\/Wordpress\/wp-content\/uploads\/2020\/09\/minnie4-1024x768.jpg 1024w, https:\/\/tierheim-moers.de\/Wordpress\/wp-content\/uploads\/2020\/09\/minnie4-768x576.jpg 768w, https:\/\/tierheim-moers.de\/Wordpress\/wp-content\/uploads\/2020\/09\/minnie4-600x450.jpg 600w, https:\/\/tierheim-moers.de\/Wordpress\/wp-content\/uploads\/2020\/09\/minnie4-1536x1152.jpg 1536w, https:\/\/tierheim-moers.de\/Wordpress\/wp-content\/uploads\/2020\/09\/minnie4-700x525.jpg 700w, https:\/\/tierheim-moers.de\/Wordpress\/wp-content\/uploads\/2020\/09\/minnie4-1320x990.jpg 1320w, https:\/\/tierheim-moers.de\/Wordpress\/wp-content\/uploads\/2020\/09\/minnie4.jpg 1824w\" sizes=\"(max-width: 300px) 100vw, 300px\" \/><\/a> <a href=\"https:\/\/tierheim-moers.de\/Wordpress\/wp-content\/uploads\/2020\/09\/minnie5.jpg\"><img decoding=\"async\" class=\"alignnone size-medium wp-image-42208\" src=\"https:\/\/tierheim-moers.de\/Wordpress\/wp-content\/uploads\/2020\/09\/minnie5-225x300.jpg\" alt=\"\" width=\"225\" height=\"300\" srcset=\"https:\/\/tierheim-moers.de\/Wordpress\/wp-content\/uploads\/2020\/09\/minnie5-225x300.jpg 225w, https:\/\/tierheim-moers.de\/Wordpress\/wp-content\/uploads\/2020\/09\/minnie5-768x1024.jpg 768w, https:\/\/tierheim-moers.de\/Wordpress\/wp-content\/uploads\/2020\/09\/minnie5-600x800.jpg 600w, https:\/\/tierheim-moers.de\/Wordpress\/wp-content\/uploads\/2020\/09\/minnie5-1152x1536.jpg 1152w, https:\/\/tierheim-moers.de\/Wordpress\/wp-content\/uploads\/2020\/09\/minnie5-700x933.jpg 700w, https:\/\/tierheim-moers.de\/Wordpress\/wp-content\/uploads\/2020\/09\/minnie5-1320x1760.jpg 1320w, https:\/\/tierheim-moers.de\/Wordpress\/wp-content\/uploads\/2020\/09\/minnie5.jpg 1368w\" sizes=\"(max-width: 225px) 100vw, 225px\" \/><\/a> <a href=\"https:\/\/tierheim-moers.de\/Wordpress\/wp-content\/uploads\/2020\/09\/minnie6.jpg\"><img decoding=\"async\" class=\"alignnone size-medium wp-image-42209\" src=\"https:\/\/tierheim-moers.de\/Wordpress\/wp-content\/uploads\/2020\/09\/minnie6-225x300.jpg\" alt=\"\" width=\"225\" height=\"300\" srcset=\"https:\/\/tierheim-moers.de\/Wordpress\/wp-content\/uploads\/2020\/09\/minnie6-225x300.jpg 225w, https:\/\/tierheim-moers.de\/Wordpress\/wp-content\/uploads\/2020\/09\/minnie6-768x1024.jpg 768w, https:\/\/tierheim-moers.de\/Wordpress\/wp-content\/uploads\/2020\/09\/minnie6-600x800.jpg 600w, https:\/\/tierheim-moers.de\/Wordpress\/wp-content\/uploads\/2020\/09\/minnie6-1152x1536.jpg 1152w, https:\/\/tierheim-moers.de\/Wordpress\/wp-content\/uploads\/2020\/09\/minnie6-700x933.jpg 700w, https:\/\/tierheim-moers.de\/Wordpress\/wp-content\/uploads\/2020\/09\/minnie6-1320x1760.jpg 1320w, https:\/\/tierheim-moers.de\/Wordpress\/wp-content\/uploads\/2020\/09\/minnie6.jpg 1368w\" sizes=\"(max-width: 225px) 100vw, 225px\" \/><\/a> <a href=\"https:\/\/tierheim-moers.de\/Wordpress\/wp-content\/uploads\/2020\/09\/minnie7.jpg\"><img loading=\"lazy\" decoding=\"async\" class=\"alignnone size-medium wp-image-42210\" src=\"https:\/\/tierheim-moers.de\/Wordpress\/wp-content\/uploads\/2020\/09\/minnie7-300x262.jpg\" alt=\"\" width=\"300\" height=\"262\" srcset=\"https:\/\/tierheim-moers.de\/Wordpress\/wp-content\/uploads\/2020\/09\/minnie7-300x262.jpg 300w, https:\/\/tierheim-moers.de\/Wordpress\/wp-content\/uploads\/2020\/09\/minnie7-1024x896.jpg 1024w, https:\/\/tierheim-moers.de\/Wordpress\/wp-content\/uploads\/2020\/09\/minnie7-768x672.jpg 768w, https:\/\/tierheim-moers.de\/Wordpress\/wp-content\/uploads\/2020\/09\/minnie7-600x525.jpg 600w, https:\/\/tierheim-moers.de\/Wordpress\/wp-content\/uploads\/2020\/09\/minnie7-1536x1344.jpg 1536w, https:\/\/tierheim-moers.de\/Wordpress\/wp-content\/uploads\/2020\/09\/minnie7-700x612.jpg 700w, https:\/\/tierheim-moers.de\/Wordpress\/wp-content\/uploads\/2020\/09\/minnie7-1320x1155.jpg 1320w, https:\/\/tierheim-moers.de\/Wordpress\/wp-content\/uploads\/2020\/09\/minnie7.jpg 1982w\" sizes=\"(max-width: 300px) 100vw, 300px\" \/><\/a> <a href=\"https:\/\/tierheim-moers.de\/Wordpress\/wp-content\/uploads\/2020\/09\/minnie8.jpg\"><img loading=\"lazy\" decoding=\"async\" class=\"alignnone size-medium wp-image-42211\" src=\"https:\/\/tierheim-moers.de\/Wordpress\/wp-content\/uploads\/2020\/09\/minnie8-300x279.jpg\" alt=\"\" width=\"300\" height=\"279\" srcset=\"https:\/\/tierheim-moers.de\/Wordpress\/wp-content\/uploads\/2020\/09\/minnie8-300x279.jpg 300w, https:\/\/tierheim-moers.de\/Wordpress\/wp-content\/uploads\/2020\/09\/minnie8-1024x953.jpg 1024w, https:\/\/tierheim-moers.de\/Wordpress\/wp-content\/uploads\/2020\/09\/minnie8-768x714.jpg 768w, https:\/\/tierheim-moers.de\/Wordpress\/wp-content\/uploads\/2020\/09\/minnie8-600x558.jpg 600w, https:\/\/tierheim-moers.de\/Wordpress\/wp-content\/uploads\/2020\/09\/minnie8-1536x1429.jpg 1536w, https:\/\/tierheim-moers.de\/Wordpress\/wp-content\/uploads\/2020\/09\/minnie8-700x651.jpg 700w, https:\/\/tierheim-moers.de\/Wordpress\/wp-content\/uploads\/2020\/09\/minnie8-1320x1228.jpg 1320w, https:\/\/tierheim-moers.de\/Wordpress\/wp-content\/uploads\/2020\/09\/minnie8.jpg 2048w\" sizes=\"(max-width: 300px) 100vw, 300px\" \/><\/a><\/p>\n<p>23.09.2020<\/p>\n<p>Liebes Katzenteam,<\/p>\n<p>zur Beruhigung f\u00fcr Sie als Pflegefamilie eine kleine R\u00fcckmeldung.<a href=\"https:\/\/tierheim-moers.de\/Wordpress\/wp-content\/uploads\/2020\/09\/minnie3.jpg\"><img loading=\"lazy\" decoding=\"async\" class=\"size-medium wp-image-34870 alignleft\" src=\"https:\/\/tierheim-moers.de\/Wordpress\/wp-content\/uploads\/2020\/09\/minnie3-300x238.jpg\" alt=\"\" width=\"300\" height=\"238\" srcset=\"https:\/\/tierheim-moers.de\/Wordpress\/wp-content\/uploads\/2020\/09\/minnie3-300x238.jpg 300w, https:\/\/tierheim-moers.de\/Wordpress\/wp-content\/uploads\/2020\/09\/minnie3-1024x811.jpg 1024w, https:\/\/tierheim-moers.de\/Wordpress\/wp-content\/uploads\/2020\/09\/minnie3-768x608.jpg 768w, https:\/\/tierheim-moers.de\/Wordpress\/wp-content\/uploads\/2020\/09\/minnie3-600x475.jpg 600w, https:\/\/tierheim-moers.de\/Wordpress\/wp-content\/uploads\/2020\/09\/minnie3-1536x1217.jpg 1536w, https:\/\/tierheim-moers.de\/Wordpress\/wp-content\/uploads\/2020\/09\/minnie3-2048x1622.jpg 2048w, https:\/\/tierheim-moers.de\/Wordpress\/wp-content\/uploads\/2020\/09\/minnie3-700x554.jpg 700w, https:\/\/tierheim-moers.de\/Wordpress\/wp-content\/uploads\/2020\/09\/minnie3-1320x1046.jpg 1320w\" sizes=\"(max-width: 300px) 100vw, 300px\" \/><\/a><\/p>\n<p>Lana \/Minnie f\u00fchlt sich seit der ersten Stunde hier zu Hause. Bei jeder Zimmert\u00fcr, die wir <a href=\"https:\/\/tierheim-moers.de\/Wordpress\/wp-content\/uploads\/2020\/09\/minnie-scaled.jpg\"><img loading=\"lazy\" decoding=\"async\" class=\"size-medium wp-image-34868 alignright\" src=\"https:\/\/tierheim-moers.de\/Wordpress\/wp-content\/uploads\/2020\/09\/minnie-225x300.jpg\" alt=\"\" width=\"225\" height=\"300\" srcset=\"https:\/\/tierheim-moers.de\/Wordpress\/wp-content\/uploads\/2020\/09\/minnie-225x300.jpg 225w, https:\/\/tierheim-moers.de\/Wordpress\/wp-content\/uploads\/2020\/09\/minnie-768x1024.jpg 768w, https:\/\/tierheim-moers.de\/Wordpress\/wp-content\/uploads\/2020\/09\/minnie-600x800.jpg 600w, https:\/\/tierheim-moers.de\/Wordpress\/wp-content\/uploads\/2020\/09\/minnie-1152x1536.jpg 1152w, https:\/\/tierheim-moers.de\/Wordpress\/wp-content\/uploads\/2020\/09\/minnie-1536x2048.jpg 1536w, https:\/\/tierheim-moers.de\/Wordpress\/wp-content\/uploads\/2020\/09\/minnie-700x933.jpg 700w, https:\/\/tierheim-moers.de\/Wordpress\/wp-content\/uploads\/2020\/09\/minnie-1320x1760.jpg 1320w, https:\/\/tierheim-moers.de\/Wordpress\/wp-content\/uploads\/2020\/09\/minnie-scaled.jpg 1920w\" sizes=\"(max-width: 225px) 100vw, 225px\" \/><\/a>nach und nach ge\u00f6ffnet haben, sprang sie neugierig rein und erkundete alles. Sie spielt, tobt, kuschelt, ruht, frisst Unmengen, ist gut erzogen und schl\u00e4ft in meinem Bett. Sie kann T\u00fcren mit Klinke \u00f6ffnen und bekommt sicher auch bald den Schrank mit den Leckerli auf. Kurz, Lana ist eine liebenswerte, verschmuste und kluge Katze, die alle unsere Bef\u00fcrchtungen zerstreut hat und hier sehr zufrieden, vlt sogar gl\u00fccklich wirkt.<\/p>\n<p>Das einzige Problem ist, dass sie darunter leidet, trotz vieler Zimmer eingesperrt zu sein und nicht in den Garten zu d\u00fcrfen. Wir verkneifen es uns solidarisch auch, leiden also <a href=\"https:\/\/tierheim-moers.de\/Wordpress\/wp-content\/uploads\/2020\/09\/minnie2-scaled.jpg\"><img loading=\"lazy\" decoding=\"async\" class=\"size-medium wp-image-34869 alignright\" src=\"https:\/\/tierheim-moers.de\/Wordpress\/wp-content\/uploads\/2020\/09\/minnie2-225x300.jpg\" alt=\"\" width=\"225\" height=\"300\" srcset=\"https:\/\/tierheim-moers.de\/Wordpress\/wp-content\/uploads\/2020\/09\/minnie2-225x300.jpg 225w, https:\/\/tierheim-moers.de\/Wordpress\/wp-content\/uploads\/2020\/09\/minnie2-768x1024.jpg 768w, https:\/\/tierheim-moers.de\/Wordpress\/wp-content\/uploads\/2020\/09\/minnie2-600x800.jpg 600w, https:\/\/tierheim-moers.de\/Wordpress\/wp-content\/uploads\/2020\/09\/minnie2-1152x1536.jpg 1152w, https:\/\/tierheim-moers.de\/Wordpress\/wp-content\/uploads\/2020\/09\/minnie2-1536x2048.jpg 1536w, https:\/\/tierheim-moers.de\/Wordpress\/wp-content\/uploads\/2020\/09\/minnie2-700x933.jpg 700w, https:\/\/tierheim-moers.de\/Wordpress\/wp-content\/uploads\/2020\/09\/minnie2-1320x1760.jpg 1320w, https:\/\/tierheim-moers.de\/Wordpress\/wp-content\/uploads\/2020\/09\/minnie2-scaled.jpg 1920w\" sizes=\"(max-width: 225px) 100vw, 225px\" \/><\/a>gemeinsam&#8230;. Denken Sie wirklich, Lana muss 14 Tage im Haus bleiben? Ich kann mir nicht vorstellen, dass sie weg l\u00e4uft, wo sie doch damals in Krefeld umher gelaufen und Anschluss gesucht haben soll. Was denken Sie?<\/p>\n<p>Viele liebe Gr\u00fc\u00dfe und ein paar Fotos im Anhang<\/p>\n<p>Renate S.<\/p>\n<p>Ein paar Tage sollten sie alle noch durchhalten. Ihre Solidarit\u00e4t mit ihr ist toll. Bestimmt f\u00e4llt es in den n\u00e4chsten Tagen etwas leichter, wenn es nicht mehr ganz so sommerlich ist&#8230; und es ist besonders sch\u00f6n zu h\u00f6ren, dass Minnie\/Lara sich so wohl f\u00fchlt.<\/p>\n<p>Alles Gute weiterhin f\u00fcr Sie und Minnie\/Lara<\/p>\n<p>Euer Tierheimteam<\/p>\n<div class=\"shariff shariff-align-flex-start shariff-widget-align-center\" data-url=\"https%3A%2F%2Ftierheim-moers.de%2FWordpress%2Fminnie-heisst-jetzt-lara-und-fuehlte-sich-sofort-zuhause%2F\" data-timestamp=\"1628895374\" data-hidezero=\"1\" data-backendurl=\"https:\/\/tierheim-moers.de\/Wordpress\/wp-json\/shariff\/v1\/share_counts?\"><ul class=\"shariff-buttons theme-round orientation-horizontal buttonsize-small\"><li class=\"shariff-button facebook shariff-nocustomcolor\" style=\"background-color:#4273c8\"><a href=\"https:\/\/www.facebook.com\/sharer\/sharer.php?u=https%3A%2F%2Ftierheim-moers.de%2FWordpress%2Fminnie-heisst-jetzt-lara-und-fuehlte-sich-sofort-zuhause%2F\" title=\"Bei Facebook teilen\" aria-label=\"Bei Facebook teilen\" role=\"button\" rel=\"nofollow\" class=\"shariff-link\" style=\"; background-color:#3b5998; color:#fff\" target=\"_blank\"><span class=\"shariff-icon\" style=\"\"><svg width=\"32px\" height=\"20px\" xmlns=\"http:\/\/www.w3.org\/2000\/svg\" viewBox=\"0 0 18 32\"><path fill=\"#3b5998\" d=\"M17.1 0.2v4.7h-2.8q-1.5 0-2.1 0.6t-0.5 1.9v3.4h5.2l-0.7 5.3h-4.5v13.6h-5.5v-13.6h-4.5v-5.3h4.5v-3.9q0-3.3 1.9-5.2t5-1.8q2.6 0 4.1 0.2z\"\/><\/svg><\/span><\/a><\/li><li class=\"shariff-button twitter shariff-nocustomcolor\" style=\"background-color:#595959\"><a href=\"https:\/\/twitter.com\/share?url=https%3A%2F%2Ftierheim-moers.de%2FWordpress%2Fminnie-heisst-jetzt-lara-und-fuehlte-sich-sofort-zuhause%2F&text=Minnie%20hei%C3%9Ft%20jetzt%20Lara%20und%20f%C3%BChlte%20sich%20sofort%20zuhause.\" title=\"Bei X teilen\" aria-label=\"Bei X teilen\" role=\"button\" rel=\"noopener nofollow\" class=\"shariff-link\" style=\"; background-color:#000; color:#fff\" target=\"_blank\"><span class=\"shariff-icon\" style=\"\"><svg width=\"32px\" height=\"20px\" xmlns=\"http:\/\/www.w3.org\/2000\/svg\" viewBox=\"0 0 24 24\"><path fill=\"#000\" d=\"M14.258 10.152L23.176 0h-2.113l-7.747 8.813L7.133 0H0l9.352 13.328L0 23.973h2.113l8.176-9.309 6.531 9.309h7.133zm-2.895 3.293l-.949-1.328L2.875 1.56h3.246l6.086 8.523.945 1.328 7.91 11.078h-3.246zm0 0\"\/><\/svg><\/span><\/a><\/li><li class=\"shariff-button whatsapp shariff-nocustomcolor\" style=\"background-color:#5cbe4a\"><a href=\"https:\/\/api.whatsapp.com\/send?text=https%3A%2F%2Ftierheim-moers.de%2FWordpress%2Fminnie-heisst-jetzt-lara-und-fuehlte-sich-sofort-zuhause%2F%20Minnie%20hei%C3%9Ft%20jetzt%20Lara%20und%20f%C3%BChlte%20sich%20sofort%20zuhause.\" title=\"Bei Whatsapp teilen\" aria-label=\"Bei Whatsapp teilen\" role=\"button\" rel=\"noopener nofollow\" class=\"shariff-link\" style=\"; background-color:#34af23; color:#fff\" target=\"_blank\"><span class=\"shariff-icon\" style=\"\"><svg width=\"32px\" height=\"20px\" xmlns=\"http:\/\/www.w3.org\/2000\/svg\" viewBox=\"0 0 32 32\"><path fill=\"#34af23\" d=\"M17.6 17.4q0.2 0 1.7 0.8t1.6 0.9q0 0.1 0 0.3 0 0.6-0.3 1.4-0.3 0.7-1.3 1.2t-1.8 0.5q-1 0-3.4-1.1-1.7-0.8-3-2.1t-2.6-3.3q-1.3-1.9-1.3-3.5v-0.1q0.1-1.6 1.3-2.8 0.4-0.4 0.9-0.4 0.1 0 0.3 0t0.3 0q0.3 0 0.5 0.1t0.3 0.5q0.1 0.4 0.6 1.6t0.4 1.3q0 0.4-0.6 1t-0.6 0.8q0 0.1 0.1 0.3 0.6 1.3 1.8 2.4 1 0.9 2.7 1.8 0.2 0.1 0.4 0.1 0.3 0 1-0.9t0.9-0.9zM14 26.9q2.3 0 4.3-0.9t3.6-2.4 2.4-3.6 0.9-4.3-0.9-4.3-2.4-3.6-3.6-2.4-4.3-0.9-4.3 0.9-3.6 2.4-2.4 3.6-0.9 4.3q0 3.6 2.1 6.6l-1.4 4.2 4.3-1.4q2.8 1.9 6.2 1.9zM14 2.2q2.7 0 5.2 1.1t4.3 2.9 2.9 4.3 1.1 5.2-1.1 5.2-2.9 4.3-4.3 2.9-5.2 1.1q-3.5 0-6.5-1.7l-7.4 2.4 2.4-7.2q-1.9-3.2-1.9-6.9 0-2.7 1.1-5.2t2.9-4.3 4.3-2.9 5.2-1.1z\"\/><\/svg><\/span><\/a><\/li><li class=\"shariff-button sms shariff-nocustomcolor shariff-mobile\" style=\"background-color:#d7d9d8\"><a href=\"sms:?&body=https%3A%2F%2Ftierheim-moers.de%2FWordpress%2Fminnie-heisst-jetzt-lara-und-fuehlte-sich-sofort-zuhause%2F\" title=\"Per SMS teilen\" aria-label=\"Per SMS teilen\" role=\"button\" rel=\"noopener nofollow\" class=\"shariff-link\" style=\"; background-color:#a1e877; color:#fff\" target=\"_blank\"><span class=\"shariff-icon\" style=\"\"><svg xmlns=\"http:\/\/www.w3.org\/2000\/svg\" width=\"510\" height=\"510\" viewBox=\"0 0 510 510\"><path fill=\"#a1e877\" d=\"M459 0H51C23 0 0 23 0 51v459l102-102h357c28.1 0 51-22.9 51-51V51C510 23 487.1 0 459 0zM178.5 229.5h-51v-51h51V229.5zM280.5 229.5h-51v-51h51V229.5zM382.5 229.5h-51v-51h51V229.5z\"\/><\/svg><\/span><\/a><\/li><\/ul><\/div>","protected":false},"excerpt":{"rendered":"<p>13.08.2021 Wir haben neue Fotos von Minnie bekommen. Vielen Dank daf\u00fcr. 23.09.2020 Liebes Katzenteam, zur Beruhigung f\u00fcr Sie als Pflegefamilie eine kleine R\u00fcckmeldung. Lana \/Minnie f\u00fchlt sich seit der ersten Stunde hier zu Hause. Bei jeder Zimmert\u00fcr, die wir nach und nach ge\u00f6ffnet haben, sprang sie neugierig rein und erkundete &#8230;<\/p>\n","protected":false},"author":4,"featured_media":34870,"comment_status":"closed","ping_status":"open","sticky":false,"template":"","format":"standard","meta":{"ngg_post_thumbnail":0,"footnotes":""},"categories":[32],"tags":[],"class_list":["post-34867","post","type-post","status-publish","format-standard","has-post-thumbnail","hentry","category-erfolgsgeschichten","column","threecol","has-thumbnail"],"yoast_head":"<!-- This site is optimized with the Yoast SEO plugin v24.6 - https:\/\/yoast.com\/wordpress\/plugins\/seo\/ -->\n<title>Minnie hei\u00dft jetzt Lara und f\u00fchlte sich sofort zuhause. | TIERHEIM MOERS<\/title>\n<meta name=\"robots\" content=\"index, follow, max-snippet:-1, max-image-preview:large, max-video-preview:-1\" \/>\n<link rel=\"canonical\" href=\"https:\/\/tierheim-moers.de\/Wordpress\/minnie-heisst-jetzt-lara-und-fuehlte-sich-sofort-zuhause\/\" \/>\n<meta property=\"og:locale\" content=\"de_DE\" \/>\n<meta property=\"og:type\" content=\"article\" \/>\n<meta property=\"og:title\" content=\"Minnie hei\u00dft jetzt Lara und f\u00fchlte sich sofort zuhause. | TIERHEIM MOERS\" \/>\n<meta property=\"og:description\" content=\"13.08.2021 Wir haben neue Fotos von Minnie bekommen. Vielen Dank daf\u00fcr. 23.09.2020 Liebes Katzenteam, zur Beruhigung f\u00fcr Sie als Pflegefamilie eine kleine &#8230;\" \/>\n<meta property=\"og:url\" content=\"https:\/\/tierheim-moers.de\/Wordpress\/minnie-heisst-jetzt-lara-und-fuehlte-sich-sofort-zuhause\/\" \/>\n<meta property=\"og:site_name\" content=\"TIERHEIM MOERS\" \/>\n<meta property=\"article:publisher\" content=\"https:\/\/de-de.facebook.com\/moers.tierheim\" \/>\n<meta property=\"article:published_time\" content=\"2021-08-13T17:40:55+00:00\" \/>\n<meta property=\"article:modified_time\" content=\"2021-08-13T20:56:14+00:00\" \/>\n<meta property=\"og:image\" content=\"https:\/\/tierheim-moers.de\/Wordpress\/wp-content\/uploads\/2020\/09\/minnie3.jpg\" \/>\n\t<meta property=\"og:image:width\" content=\"2381\" \/>\n\t<meta property=\"og:image:height\" content=\"1886\" \/>\n\t<meta property=\"og:image:type\" content=\"image\/jpeg\" \/>\n<meta name=\"author\" content=\"Gisela Kuhnen\" \/>\n<meta name=\"twitter:card\" content=\"summary_large_image\" \/>\n<meta name=\"twitter:label1\" content=\"Verfasst von\" \/>\n\t<meta name=\"twitter:data1\" content=\"Gisela Kuhnen\" \/>\n\t<meta name=\"twitter:label2\" content=\"Gesch\u00e4tzte Lesezeit\" \/>\n\t<meta name=\"twitter:data2\" content=\"3\u00a0Minuten\" \/>\n<script type=\"application\/ld+json\" class=\"yoast-schema-graph\">{\"@context\":\"https:\/\/schema.org\",\"@graph\":[{\"@type\":\"Article\",\"@id\":\"https:\/\/tierheim-moers.de\/Wordpress\/minnie-heisst-jetzt-lara-und-fuehlte-sich-sofort-zuhause\/#article\",\"isPartOf\":{\"@id\":\"https:\/\/tierheim-moers.de\/Wordpress\/minnie-heisst-jetzt-lara-und-fuehlte-sich-sofort-zuhause\/\"},\"author\":{\"name\":\"Gisela Kuhnen\",\"@id\":\"https:\/\/tierheim-moers.de\/Wordpress\/#\/schema\/person\/35ad410ed2d8620d4f57f813585b0d8e\"},\"headline\":\"Minnie hei\u00dft jetzt Lara und f\u00fchlte sich sofort zuhause.\",\"datePublished\":\"2021-08-13T17:40:55+00:00\",\"dateModified\":\"2021-08-13T20:56:14+00:00\",\"mainEntityOfPage\":{\"@id\":\"https:\/\/tierheim-moers.de\/Wordpress\/minnie-heisst-jetzt-lara-und-fuehlte-sich-sofort-zuhause\/\"},\"wordCount\":265,\"publisher\":{\"@id\":\"https:\/\/tierheim-moers.de\/Wordpress\/#organization\"},\"image\":{\"@id\":\"https:\/\/tierheim-moers.de\/Wordpress\/minnie-heisst-jetzt-lara-und-fuehlte-sich-sofort-zuhause\/#primaryimage\"},\"thumbnailUrl\":\"https:\/\/tierheim-moers.de\/Wordpress\/wp-content\/uploads\/2020\/09\/minnie3.jpg\",\"articleSection\":[\"Erfolgsgeschichten\"],\"inLanguage\":\"de\"},{\"@type\":\"WebPage\",\"@id\":\"https:\/\/tierheim-moers.de\/Wordpress\/minnie-heisst-jetzt-lara-und-fuehlte-sich-sofort-zuhause\/\",\"url\":\"https:\/\/tierheim-moers.de\/Wordpress\/minnie-heisst-jetzt-lara-und-fuehlte-sich-sofort-zuhause\/\",\"name\":\"Minnie hei\u00dft jetzt Lara und f\u00fchlte sich sofort zuhause. | TIERHEIM MOERS\",\"isPartOf\":{\"@id\":\"https:\/\/tierheim-moers.de\/Wordpress\/#website\"},\"primaryImageOfPage\":{\"@id\":\"https:\/\/tierheim-moers.de\/Wordpress\/minnie-heisst-jetzt-lara-und-fuehlte-sich-sofort-zuhause\/#primaryimage\"},\"image\":{\"@id\":\"https:\/\/tierheim-moers.de\/Wordpress\/minnie-heisst-jetzt-lara-und-fuehlte-sich-sofort-zuhause\/#primaryimage\"},\"thumbnailUrl\":\"https:\/\/tierheim-moers.de\/Wordpress\/wp-content\/uploads\/2020\/09\/minnie3.jpg\",\"datePublished\":\"2021-08-13T17:40:55+00:00\",\"dateModified\":\"2021-08-13T20:56:14+00:00\",\"breadcrumb\":{\"@id\":\"https:\/\/tierheim-moers.de\/Wordpress\/minnie-heisst-jetzt-lara-und-fuehlte-sich-sofort-zuhause\/#breadcrumb\"},\"inLanguage\":\"de\",\"potentialAction\":[{\"@type\":\"ReadAction\",\"target\":[\"https:\/\/tierheim-moers.de\/Wordpress\/minnie-heisst-jetzt-lara-und-fuehlte-sich-sofort-zuhause\/\"]}]},{\"@type\":\"ImageObject\",\"inLanguage\":\"de\",\"@id\":\"https:\/\/tierheim-moers.de\/Wordpress\/minnie-heisst-jetzt-lara-und-fuehlte-sich-sofort-zuhause\/#primaryimage\",\"url\":\"https:\/\/tierheim-moers.de\/Wordpress\/wp-content\/uploads\/2020\/09\/minnie3.jpg\",\"contentUrl\":\"https:\/\/tierheim-moers.de\/Wordpress\/wp-content\/uploads\/2020\/09\/minnie3.jpg\",\"width\":2381,\"height\":1886,\"caption\":\"dav\"},{\"@type\":\"BreadcrumbList\",\"@id\":\"https:\/\/tierheim-moers.de\/Wordpress\/minnie-heisst-jetzt-lara-und-fuehlte-sich-sofort-zuhause\/#breadcrumb\",\"itemListElement\":[{\"@type\":\"ListItem\",\"position\":1,\"name\":\"Startseite\",\"item\":\"https:\/\/tierheim-moers.de\/Wordpress\/\"},{\"@type\":\"ListItem\",\"position\":2,\"name\":\"Minnie hei\u00dft jetzt Lara und f\u00fchlte sich sofort zuhause.\"}]},{\"@type\":\"WebSite\",\"@id\":\"https:\/\/tierheim-moers.de\/Wordpress\/#website\",\"url\":\"https:\/\/tierheim-moers.de\/Wordpress\/\",\"name\":\"Tierheim Moers\",\"description\":\"Tierheim | Hundepension | Tierschutz | Moers\",\"publisher\":{\"@id\":\"https:\/\/tierheim-moers.de\/Wordpress\/#organization\"},\"potentialAction\":[{\"@type\":\"SearchAction\",\"target\":{\"@type\":\"EntryPoint\",\"urlTemplate\":\"https:\/\/tierheim-moers.de\/Wordpress\/?s={search_term_string}\"},\"query-input\":{\"@type\":\"PropertyValueSpecification\",\"valueRequired\":true,\"valueName\":\"search_term_string\"}}],\"inLanguage\":\"de\"},{\"@type\":\"Organization\",\"@id\":\"https:\/\/tierheim-moers.de\/Wordpress\/#organization\",\"name\":\"Tierheim Moers\",\"url\":\"https:\/\/tierheim-moers.de\/Wordpress\/\",\"logo\":{\"@type\":\"ImageObject\",\"inLanguage\":\"de\",\"@id\":\"https:\/\/tierheim-moers.de\/Wordpress\/#\/schema\/logo\/image\/\",\"url\":\"https:\/\/tierheim-moers.de\/Wordpress\/wp-content\/uploads\/2014\/04\/Logo-TSV-Moers-V01-RGB-300.png\",\"contentUrl\":\"https:\/\/tierheim-moers.de\/Wordpress\/wp-content\/uploads\/2014\/04\/Logo-TSV-Moers-V01-RGB-300.png\",\"width\":1052,\"height\":1038,\"caption\":\"Tierheim Moers\"},\"image\":{\"@id\":\"https:\/\/tierheim-moers.de\/Wordpress\/#\/schema\/logo\/image\/\"},\"sameAs\":[\"https:\/\/de-de.facebook.com\/moers.tierheim\"]},{\"@type\":\"Person\",\"@id\":\"https:\/\/tierheim-moers.de\/Wordpress\/#\/schema\/person\/35ad410ed2d8620d4f57f813585b0d8e\",\"name\":\"Gisela Kuhnen\",\"image\":{\"@type\":\"ImageObject\",\"inLanguage\":\"de\",\"@id\":\"https:\/\/tierheim-moers.de\/Wordpress\/#\/schema\/person\/image\/\",\"url\":\"https:\/\/secure.gravatar.com\/avatar\/807ca84b4538291e2f5dc665ed240a0d4d7ab8f22360ec427a82fe926980b31a?s=96&d=mm&r=g\",\"contentUrl\":\"https:\/\/secure.gravatar.com\/avatar\/807ca84b4538291e2f5dc665ed240a0d4d7ab8f22360ec427a82fe926980b31a?s=96&d=mm&r=g\",\"caption\":\"Gisela Kuhnen\"},\"url\":\"https:\/\/tierheim-moers.de\/Wordpress\/author\/gisela-kuhnen\/\"}]}<\/script>\n<!-- \/ Yoast SEO plugin. -->","yoast_head_json":{"title":"Minnie hei\u00dft jetzt Lara und f\u00fchlte sich sofort zuhause. | TIERHEIM MOERS","robots":{"index":"index","follow":"follow","max-snippet":"max-snippet:-1","max-image-preview":"max-image-preview:large","max-video-preview":"max-video-preview:-1"},"canonical":"https:\/\/tierheim-moers.de\/Wordpress\/minnie-heisst-jetzt-lara-und-fuehlte-sich-sofort-zuhause\/","og_locale":"de_DE","og_type":"article","og_title":"Minnie hei\u00dft jetzt Lara und f\u00fchlte sich sofort zuhause. | TIERHEIM MOERS","og_description":"13.08.2021 Wir haben neue Fotos von Minnie bekommen. Vielen Dank daf\u00fcr. 23.09.2020 Liebes Katzenteam, zur Beruhigung f\u00fcr Sie als Pflegefamilie eine kleine &#8230;","og_url":"https:\/\/tierheim-moers.de\/Wordpress\/minnie-heisst-jetzt-lara-und-fuehlte-sich-sofort-zuhause\/","og_site_name":"TIERHEIM MOERS","article_publisher":"https:\/\/de-de.facebook.com\/moers.tierheim","article_published_time":"2021-08-13T17:40:55+00:00","article_modified_time":"2021-08-13T20:56:14+00:00","og_image":[{"width":2381,"height":1886,"url":"https:\/\/tierheim-moers.de\/Wordpress\/wp-content\/uploads\/2020\/09\/minnie3.jpg","type":"image\/jpeg"}],"author":"Gisela Kuhnen","twitter_card":"summary_large_image","twitter_misc":{"Verfasst von":"Gisela Kuhnen","Gesch\u00e4tzte Lesezeit":"3\u00a0Minuten"},"schema":{"@context":"https:\/\/schema.org","@graph":[{"@type":"Article","@id":"https:\/\/tierheim-moers.de\/Wordpress\/minnie-heisst-jetzt-lara-und-fuehlte-sich-sofort-zuhause\/#article","isPartOf":{"@id":"https:\/\/tierheim-moers.de\/Wordpress\/minnie-heisst-jetzt-lara-und-fuehlte-sich-sofort-zuhause\/"},"author":{"name":"Gisela Kuhnen","@id":"https:\/\/tierheim-moers.de\/Wordpress\/#\/schema\/person\/35ad410ed2d8620d4f57f813585b0d8e"},"headline":"Minnie hei\u00dft jetzt Lara und f\u00fchlte sich sofort zuhause.","datePublished":"2021-08-13T17:40:55+00:00","dateModified":"2021-08-13T20:56:14+00:00","mainEntityOfPage":{"@id":"https:\/\/tierheim-moers.de\/Wordpress\/minnie-heisst-jetzt-lara-und-fuehlte-sich-sofort-zuhause\/"},"wordCount":265,"publisher":{"@id":"https:\/\/tierheim-moers.de\/Wordpress\/#organization"},"image":{"@id":"https:\/\/tierheim-moers.de\/Wordpress\/minnie-heisst-jetzt-lara-und-fuehlte-sich-sofort-zuhause\/#primaryimage"},"thumbnailUrl":"https:\/\/tierheim-moers.de\/Wordpress\/wp-content\/uploads\/2020\/09\/minnie3.jpg","articleSection":["Erfolgsgeschichten"],"inLanguage":"de"},{"@type":"WebPage","@id":"https:\/\/tierheim-moers.de\/Wordpress\/minnie-heisst-jetzt-lara-und-fuehlte-sich-sofort-zuhause\/","url":"https:\/\/tierheim-moers.de\/Wordpress\/minnie-heisst-jetzt-lara-und-fuehlte-sich-sofort-zuhause\/","name":"Minnie hei\u00dft jetzt Lara und f\u00fchlte sich sofort zuhause. | TIERHEIM MOERS","isPartOf":{"@id":"https:\/\/tierheim-moers.de\/Wordpress\/#website"},"primaryImageOfPage":{"@id":"https:\/\/tierheim-moers.de\/Wordpress\/minnie-heisst-jetzt-lara-und-fuehlte-sich-sofort-zuhause\/#primaryimage"},"image":{"@id":"https:\/\/tierheim-moers.de\/Wordpress\/minnie-heisst-jetzt-lara-und-fuehlte-sich-sofort-zuhause\/#primaryimage"},"thumbnailUrl":"https:\/\/tierheim-moers.de\/Wordpress\/wp-content\/uploads\/2020\/09\/minnie3.jpg","datePublished":"2021-08-13T17:40:55+00:00","dateModified":"2021-08-13T20:56:14+00:00","breadcrumb":{"@id":"https:\/\/tierheim-moers.de\/Wordpress\/minnie-heisst-jetzt-lara-und-fuehlte-sich-sofort-zuhause\/#breadcrumb"},"inLanguage":"de","potentialAction":[{"@type":"ReadAction","target":["https:\/\/tierheim-moers.de\/Wordpress\/minnie-heisst-jetzt-lara-und-fuehlte-sich-sofort-zuhause\/"]}]},{"@type":"ImageObject","inLanguage":"de","@id":"https:\/\/tierheim-moers.de\/Wordpress\/minnie-heisst-jetzt-lara-und-fuehlte-sich-sofort-zuhause\/#primaryimage","url":"https:\/\/tierheim-moers.de\/Wordpress\/wp-content\/uploads\/2020\/09\/minnie3.jpg","contentUrl":"https:\/\/tierheim-moers.de\/Wordpress\/wp-content\/uploads\/2020\/09\/minnie3.jpg","width":2381,"height":1886,"caption":"dav"},{"@type":"BreadcrumbList","@id":"https:\/\/tierheim-moers.de\/Wordpress\/minnie-heisst-jetzt-lara-und-fuehlte-sich-sofort-zuhause\/#breadcrumb","itemListElement":[{"@type":"ListItem","position":1,"name":"Startseite","item":"https:\/\/tierheim-moers.de\/Wordpress\/"},{"@type":"ListItem","position":2,"name":"Minnie hei\u00dft jetzt Lara und f\u00fchlte sich sofort zuhause."}]},{"@type":"WebSite","@id":"https:\/\/tierheim-moers.de\/Wordpress\/#website","url":"https:\/\/tierheim-moers.de\/Wordpress\/","name":"Tierheim Moers","description":"Tierheim | Hundepension | Tierschutz | Moers","publisher":{"@id":"https:\/\/tierheim-moers.de\/Wordpress\/#organization"},"potentialAction":[{"@type":"SearchAction","target":{"@type":"EntryPoint","urlTemplate":"https:\/\/tierheim-moers.de\/Wordpress\/?s={search_term_string}"},"query-input":{"@type":"PropertyValueSpecification","valueRequired":true,"valueName":"search_term_string"}}],"inLanguage":"de"},{"@type":"Organization","@id":"https:\/\/tierheim-moers.de\/Wordpress\/#organization","name":"Tierheim Moers","url":"https:\/\/tierheim-moers.de\/Wordpress\/","logo":{"@type":"ImageObject","inLanguage":"de","@id":"https:\/\/tierheim-moers.de\/Wordpress\/#\/schema\/logo\/image\/","url":"https:\/\/tierheim-moers.de\/Wordpress\/wp-content\/uploads\/2014\/04\/Logo-TSV-Moers-V01-RGB-300.png","contentUrl":"https:\/\/tierheim-moers.de\/Wordpress\/wp-content\/uploads\/2014\/04\/Logo-TSV-Moers-V01-RGB-300.png","width":1052,"height":1038,"caption":"Tierheim Moers"},"image":{"@id":"https:\/\/tierheim-moers.de\/Wordpress\/#\/schema\/logo\/image\/"},"sameAs":["https:\/\/de-de.facebook.com\/moers.tierheim"]},{"@type":"Person","@id":"https:\/\/tierheim-moers.de\/Wordpress\/#\/schema\/person\/35ad410ed2d8620d4f57f813585b0d8e","name":"Gisela Kuhnen","image":{"@type":"ImageObject","inLanguage":"de","@id":"https:\/\/tierheim-moers.de\/Wordpress\/#\/schema\/person\/image\/","url":"https:\/\/secure.gravatar.com\/avatar\/807ca84b4538291e2f5dc665ed240a0d4d7ab8f22360ec427a82fe926980b31a?s=96&d=mm&r=g","contentUrl":"https:\/\/secure.gravatar.com\/avatar\/807ca84b4538291e2f5dc665ed240a0d4d7ab8f22360ec427a82fe926980b31a?s=96&d=mm&r=g","caption":"Gisela Kuhnen"},"url":"https:\/\/tierheim-moers.de\/Wordpress\/author\/gisela-kuhnen\/"}]}},"_links":{"self":[{"href":"https:\/\/tierheim-moers.de\/Wordpress\/wp-json\/wp\/v2\/posts\/34867","targetHints":{"allow":["GET"]}}],"collection":[{"href":"https:\/\/tierheim-moers.de\/Wordpress\/wp-json\/wp\/v2\/posts"}],"about":[{"href":"https:\/\/tierheim-moers.de\/Wordpress\/wp-json\/wp\/v2\/types\/post"}],"author":[{"embeddable":true,"href":"https:\/\/tierheim-moers.de\/Wordpress\/wp-json\/wp\/v2\/users\/4"}],"replies":[{"embeddable":true,"href":"https:\/\/tierheim-moers.de\/Wordpress\/wp-json\/wp\/v2\/comments?post=34867"}],"version-history":[{"count":4,"href":"https:\/\/tierheim-moers.de\/Wordpress\/wp-json\/wp\/v2\/posts\/34867\/revisions"}],"predecessor-version":[{"id":42212,"href":"https:\/\/tierheim-moers.de\/Wordpress\/wp-json\/wp\/v2\/posts\/34867\/revisions\/42212"}],"wp:featuredmedia":[{"embeddable":true,"href":"https:\/\/tierheim-moers.de\/Wordpress\/wp-json\/wp\/v2\/media\/34870"}],"wp:attachment":[{"href":"https:\/\/tierheim-moers.de\/Wordpress\/wp-json\/wp\/v2\/media?parent=34867"}],"wp:term":[{"taxonomy":"category","embeddable":true,"href":"https:\/\/tierheim-moers.de\/Wordpress\/wp-json\/wp\/v2\/categories?post=34867"},{"taxonomy":"post_tag","embeddable":true,"href":"https:\/\/tierheim-moers.de\/Wordpress\/wp-json\/wp\/v2\/tags?post=34867"}],"curies":[{"name":"wp","href":"https:\/\/api.w.org\/{rel}","templated":true}]}}