{"id":35087,"date":"2020-10-03T19:53:50","date_gmt":"2020-10-03T17:53:50","guid":{"rendered":"https:\/\/tierheim-moers.de\/Wordpress\/?p=35087"},"modified":"2020-10-03T19:54:20","modified_gmt":"2020-10-03T17:54:20","slug":"fleur-eine-prinzessin-verlaesst-ihr-irdenes-reich","status":"publish","type":"post","link":"https:\/\/tierheim-moers.de\/Wordpress\/fleur-eine-prinzessin-verlaesst-ihr-irdenes-reich\/","title":{"rendered":"Fleur- eine Prinzessin verl\u00e4sst ihr irdenes Reich"},"content":{"rendered":"<p>03.10.2020 <a href=\"https:\/\/tierheim-moers.de\/Wordpress\/wp-content\/uploads\/2020\/10\/fleur3.jpg\"><img fetchpriority=\"high\" decoding=\"async\" class=\"size-medium wp-image-35090 alignleft\" src=\"https:\/\/tierheim-moers.de\/Wordpress\/wp-content\/uploads\/2020\/10\/fleur3-300x300.jpg\" alt=\"\" width=\"300\" height=\"300\" srcset=\"https:\/\/tierheim-moers.de\/Wordpress\/wp-content\/uploads\/2020\/10\/fleur3-300x300.jpg 300w, https:\/\/tierheim-moers.de\/Wordpress\/wp-content\/uploads\/2020\/10\/fleur3-150x150.jpg 150w, https:\/\/tierheim-moers.de\/Wordpress\/wp-content\/uploads\/2020\/10\/fleur3-768x768.jpg 768w, https:\/\/tierheim-moers.de\/Wordpress\/wp-content\/uploads\/2020\/10\/fleur3-600x600.jpg 600w, https:\/\/tierheim-moers.de\/Wordpress\/wp-content\/uploads\/2020\/10\/fleur3-432x432.jpg 432w, https:\/\/tierheim-moers.de\/Wordpress\/wp-content\/uploads\/2020\/10\/fleur3-268x268.jpg 268w, https:\/\/tierheim-moers.de\/Wordpress\/wp-content\/uploads\/2020\/10\/fleur3-700x700.jpg 700w, https:\/\/tierheim-moers.de\/Wordpress\/wp-content\/uploads\/2020\/10\/fleur3-45x45.jpg 45w, https:\/\/tierheim-moers.de\/Wordpress\/wp-content\/uploads\/2020\/10\/fleur3.jpg 960w\" sizes=\"(max-width: 300px) 100vw, 300px\" \/><\/a><\/p>\n<p>Normalerweise finden sich hier nur die Nachrufe der Tiere, die bei uns im Tierheim verstorben sind, wieder. Aber Fleur ist auf ihre Weise ein Tier von uns allen in Tierheim geblieben, auch wenn sie zu ihrem &#8220;Seelenmenschen&#8221; umgezogen ist. T\u00e4glich war sie um uns herum, und daher soll sie auch hier einen Platz bekommen.<\/p>\n<p>Was als eine kurzzeitige Pflegestelle gedacht war, endete in einer lebenslangen Liebe. Es war Liebe auf den ersten Blick, als das kleine Fellb\u00fcndel Fleur im Oktober 2014 zu uns ins Tierheim kam.<\/p>\n<p>Fleur hat in den vergangenen Jahren viele H\u00f6hen und Tiefen erlebt, aber immer hatte sie ihren Seelenmenschen an ihrer Seite &#8230; auch in der vergangenen Woche, wo der letzte unausweichliche Weg gegangen werden musste.<\/p>\n<p>Fleurs Seelenmensch m\u00f6chte die Abschiedsworte an den zauberhaften kleinen wei\u00dfen Fellball mit Euch und uns teilen:<\/p>\n<p>&#8220;Fleur de Sel &#8211; eine ehemalige Tierheimh\u00fcndin<a href=\"https:\/\/tierheim-moers.de\/Wordpress\/wp-content\/uploads\/2020\/10\/fleur.jpg\"><img decoding=\"async\" class=\"size-medium wp-image-35088 alignright\" src=\"https:\/\/tierheim-moers.de\/Wordpress\/wp-content\/uploads\/2020\/10\/fleur-300x195.jpg\" alt=\"\" width=\"300\" height=\"195\" srcset=\"https:\/\/tierheim-moers.de\/Wordpress\/wp-content\/uploads\/2020\/10\/fleur-300x195.jpg 300w, https:\/\/tierheim-moers.de\/Wordpress\/wp-content\/uploads\/2020\/10\/fleur.jpg 562w\" sizes=\"(max-width: 300px) 100vw, 300px\" \/><\/a><\/p>\n<p>Meine kleine Fleur, am 05.10.2014 bist du als Fundhund ins Tierheim Moers gekommen. Als ich dich nach deiner Ankunft sah, hast du auf dem Scho\u00df einer Kollegin gesessen. Sie bem\u00fchte sich, dein verfilztes und d\u00fcnnes Fell in Ordnung zu bringen. Jede Menge Fl\u00f6he turnten auf dir herum und du warst viel zu d\u00fcnn. Du warst so klein und zart und solltest auf eine Pflegestelle. Also bist du bei mir eingezogen &#8211; nur zur Pflege. Eigentlich. Nach ca. 14 Tagen war mir klar, ich gebe dich nicht mehr her. Du hast dich geradewegs in mein Herz geschlichen.<\/p>\n<p>In deinem Gep\u00e4ck hattest du nicht nur die Fl\u00f6he, sondern auch gesundheitliche Probleme mitgebracht. Verdauungsprobleme, die mit konsequenter Ern\u00e4hrungsumstellung bek\u00e4mpft wurden. Die Patellaluxation, die mit einer OP behoben wurde. Dann, die n\u00e4chste Hiobsbotschaft, ein b\u00f6sartiger Tumor wurde entfernt. Einige Zeit sp\u00e4ter, wieder eine OP, diesmal ein Kreuzbandriss. Du hast das alles so tapfer ertragen.<\/p>\n<p>Trotz der kleinen und gro\u00dfen Sorgen hatten wir eine wundersch\u00f6ne Zeit. Du warst mein kleiner Schatten. Da wo ich war, warst auch du, immer und \u00fcberall. Bei Spazierg\u00e4ngen hast du selbstbewusst jeden Hund, ob klein oder riesig, in die Schranken gewiesen wenn sie dir zu lange, zu nahe kamen. Anfangs gab es auch mal Diskussionen zwischen uns, wenn du rechts den Weg einschlagen wolltest, ich aber den linken Weg. Oder, ob ich dich nicht vielleicht doch mit im Bett schlafen lasse &#8230;&#8230;.<\/p>\n<p>Genau so h\u00e4tte es weiter gehen k\u00f6nnen. Leider spielt das Leben nach seinen eigenen Regeln. Du hattest einen &#8220;Anfall&#8221; und die gro\u00dfen Sorgen waren wieder da. Es wurden Untersuchungen durchgef\u00fchrt, ohne Ergebnis. Die Ursache der Anf\u00e4lle lie\u00df sich nicht feststellen. Wieder hast du alles tapfer \u00fcber dich ergehen lassen. Die einzige M\u00f6glichkeit &#8211; Cortison und das dauerhaft. Die Anf\u00e4lle h\u00f6rten auf und es ging dir besser.<\/p>\n<p>Da die Ursache der Anf\u00e4lle nicht gefunden werden konnte, war mir klar, das jederzeit der gef\u00fcrchtete Tag X kommen kann, an dem ich dich gehen lassen muss.<\/p>\n<p>Am 29.09.2020 hast du hohes Fieber bekommen. Du warst zu schwach um zum Wassernapf zu gehen und ich habe dir immer wieder Wasser angeboten, du hast es verweigert. Auch, als du kein Fieber mehr hattest, blieb die Aufnahme von Wasser und Nahrung schwierig. Da war er &#8211; der Tag X. Du hast mir gezeigt, dass du nicht mehr kannst. Schweren Herzens, aber mit der Gewissheit die richtige Entscheidung getroffen zu haben, habe ich dich gehen lassen &#8230;&#8230;&#8230;<a href=\"https:\/\/tierheim-moers.de\/Wordpress\/wp-content\/uploads\/2020\/10\/fleur2.jpg\"><img decoding=\"async\" class=\"size-medium wp-image-35089 alignleft\" src=\"https:\/\/tierheim-moers.de\/Wordpress\/wp-content\/uploads\/2020\/10\/fleur2-225x300.jpg\" alt=\"\" width=\"225\" height=\"300\" srcset=\"https:\/\/tierheim-moers.de\/Wordpress\/wp-content\/uploads\/2020\/10\/fleur2-225x300.jpg 225w, https:\/\/tierheim-moers.de\/Wordpress\/wp-content\/uploads\/2020\/10\/fleur2-600x800.jpg 600w, https:\/\/tierheim-moers.de\/Wordpress\/wp-content\/uploads\/2020\/10\/fleur2-700x933.jpg 700w, https:\/\/tierheim-moers.de\/Wordpress\/wp-content\/uploads\/2020\/10\/fleur2.jpg 720w\" sizes=\"(max-width: 225px) 100vw, 225px\" \/><\/a><\/p>\n<p>Liebe Fleur, fast 6 Jahre hast du mich begleitet (oder auch umgekehrt), ich werde dich nie vergessen&#8230;&#8230;<br \/>\nGr\u00fc\u00dfe alle Fellnasen, die am anderen Ende der Regenbogenbr\u00fccke auf dich warten.&#8221;<\/p>\n<p>&nbsp;<\/p>\n<p>Fleur, Du warst ein Teil des Tierheimalltags und wir vermissen Dich alle<\/p>\n<p>&nbsp;<\/p>\n<div class=\"shariff shariff-align-flex-start shariff-widget-align-center\" data-url=\"https%3A%2F%2Ftierheim-moers.de%2FWordpress%2Ffleur-eine-prinzessin-verlaesst-ihr-irdenes-reich%2F\" data-timestamp=\"1601754860\" data-hidezero=\"1\" data-backendurl=\"https:\/\/tierheim-moers.de\/Wordpress\/wp-json\/shariff\/v1\/share_counts?\"><ul class=\"shariff-buttons theme-round orientation-horizontal buttonsize-small\"><li class=\"shariff-button facebook shariff-nocustomcolor\" style=\"background-color:#4273c8\"><a href=\"https:\/\/www.facebook.com\/sharer\/sharer.php?u=https%3A%2F%2Ftierheim-moers.de%2FWordpress%2Ffleur-eine-prinzessin-verlaesst-ihr-irdenes-reich%2F\" title=\"Bei Facebook teilen\" aria-label=\"Bei Facebook teilen\" role=\"button\" rel=\"nofollow\" class=\"shariff-link\" style=\"; background-color:#3b5998; color:#fff\" target=\"_blank\"><span class=\"shariff-icon\" style=\"\"><svg width=\"32px\" height=\"20px\" xmlns=\"http:\/\/www.w3.org\/2000\/svg\" viewBox=\"0 0 18 32\"><path fill=\"#3b5998\" d=\"M17.1 0.2v4.7h-2.8q-1.5 0-2.1 0.6t-0.5 1.9v3.4h5.2l-0.7 5.3h-4.5v13.6h-5.5v-13.6h-4.5v-5.3h4.5v-3.9q0-3.3 1.9-5.2t5-1.8q2.6 0 4.1 0.2z\"\/><\/svg><\/span><\/a><\/li><li class=\"shariff-button twitter shariff-nocustomcolor\" style=\"background-color:#595959\"><a href=\"https:\/\/twitter.com\/share?url=https%3A%2F%2Ftierheim-moers.de%2FWordpress%2Ffleur-eine-prinzessin-verlaesst-ihr-irdenes-reich%2F&text=Fleur-%20eine%20Prinzessin%20verl%C3%A4sst%20ihr%20irdenes%20Reich\" title=\"Bei X teilen\" aria-label=\"Bei X teilen\" role=\"button\" rel=\"noopener nofollow\" class=\"shariff-link\" style=\"; background-color:#000; color:#fff\" target=\"_blank\"><span class=\"shariff-icon\" style=\"\"><svg width=\"32px\" height=\"20px\" xmlns=\"http:\/\/www.w3.org\/2000\/svg\" viewBox=\"0 0 24 24\"><path fill=\"#000\" d=\"M14.258 10.152L23.176 0h-2.113l-7.747 8.813L7.133 0H0l9.352 13.328L0 23.973h2.113l8.176-9.309 6.531 9.309h7.133zm-2.895 3.293l-.949-1.328L2.875 1.56h3.246l6.086 8.523.945 1.328 7.91 11.078h-3.246zm0 0\"\/><\/svg><\/span><\/a><\/li><li class=\"shariff-button whatsapp shariff-nocustomcolor\" style=\"background-color:#5cbe4a\"><a href=\"https:\/\/api.whatsapp.com\/send?text=https%3A%2F%2Ftierheim-moers.de%2FWordpress%2Ffleur-eine-prinzessin-verlaesst-ihr-irdenes-reich%2F%20Fleur-%20eine%20Prinzessin%20verl%C3%A4sst%20ihr%20irdenes%20Reich\" title=\"Bei Whatsapp teilen\" aria-label=\"Bei Whatsapp teilen\" role=\"button\" rel=\"noopener nofollow\" class=\"shariff-link\" style=\"; background-color:#34af23; color:#fff\" target=\"_blank\"><span class=\"shariff-icon\" style=\"\"><svg width=\"32px\" height=\"20px\" xmlns=\"http:\/\/www.w3.org\/2000\/svg\" viewBox=\"0 0 32 32\"><path fill=\"#34af23\" d=\"M17.6 17.4q0.2 0 1.7 0.8t1.6 0.9q0 0.1 0 0.3 0 0.6-0.3 1.4-0.3 0.7-1.3 1.2t-1.8 0.5q-1 0-3.4-1.1-1.7-0.8-3-2.1t-2.6-3.3q-1.3-1.9-1.3-3.5v-0.1q0.1-1.6 1.3-2.8 0.4-0.4 0.9-0.4 0.1 0 0.3 0t0.3 0q0.3 0 0.5 0.1t0.3 0.5q0.1 0.4 0.6 1.6t0.4 1.3q0 0.4-0.6 1t-0.6 0.8q0 0.1 0.1 0.3 0.6 1.3 1.8 2.4 1 0.9 2.7 1.8 0.2 0.1 0.4 0.1 0.3 0 1-0.9t0.9-0.9zM14 26.9q2.3 0 4.3-0.9t3.6-2.4 2.4-3.6 0.9-4.3-0.9-4.3-2.4-3.6-3.6-2.4-4.3-0.9-4.3 0.9-3.6 2.4-2.4 3.6-0.9 4.3q0 3.6 2.1 6.6l-1.4 4.2 4.3-1.4q2.8 1.9 6.2 1.9zM14 2.2q2.7 0 5.2 1.1t4.3 2.9 2.9 4.3 1.1 5.2-1.1 5.2-2.9 4.3-4.3 2.9-5.2 1.1q-3.5 0-6.5-1.7l-7.4 2.4 2.4-7.2q-1.9-3.2-1.9-6.9 0-2.7 1.1-5.2t2.9-4.3 4.3-2.9 5.2-1.1z\"\/><\/svg><\/span><\/a><\/li><li class=\"shariff-button sms shariff-nocustomcolor shariff-mobile\" style=\"background-color:#d7d9d8\"><a href=\"sms:?&body=https%3A%2F%2Ftierheim-moers.de%2FWordpress%2Ffleur-eine-prinzessin-verlaesst-ihr-irdenes-reich%2F\" title=\"Per SMS teilen\" aria-label=\"Per SMS teilen\" role=\"button\" rel=\"noopener nofollow\" class=\"shariff-link\" style=\"; background-color:#a1e877; color:#fff\" target=\"_blank\"><span class=\"shariff-icon\" style=\"\"><svg xmlns=\"http:\/\/www.w3.org\/2000\/svg\" width=\"510\" height=\"510\" viewBox=\"0 0 510 510\"><path fill=\"#a1e877\" d=\"M459 0H51C23 0 0 23 0 51v459l102-102h357c28.1 0 51-22.9 51-51V51C510 23 487.1 0 459 0zM178.5 229.5h-51v-51h51V229.5zM280.5 229.5h-51v-51h51V229.5zM382.5 229.5h-51v-51h51V229.5z\"\/><\/svg><\/span><\/a><\/li><\/ul><\/div>","protected":false},"excerpt":{"rendered":"<p>03.10.2020 Normalerweise finden sich hier nur die Nachrufe der Tiere, die bei uns im Tierheim verstorben sind, wieder. Aber Fleur ist auf ihre Weise ein Tier von uns allen in Tierheim geblieben, auch wenn sie zu ihrem &#8220;Seelenmenschen&#8221; umgezogen ist. T\u00e4glich war sie um uns herum, und daher soll sie &#8230;<\/p>\n","protected":false},"author":4,"featured_media":35091,"comment_status":"closed","ping_status":"open","sticky":false,"template":"","format":"standard","meta":{"ngg_post_thumbnail":0,"footnotes":""},"categories":[35],"tags":[],"class_list":["post-35087","post","type-post","status-publish","format-standard","has-post-thumbnail","hentry","category-regenbogenbruecke","column","threecol","has-thumbnail"],"yoast_head":"<!-- This site is optimized with the Yoast SEO plugin v24.6 - https:\/\/yoast.com\/wordpress\/plugins\/seo\/ -->\n<title>Fleur- eine Prinzessin verl\u00e4sst ihr irdenes Reich | TIERHEIM MOERS<\/title>\n<meta name=\"robots\" content=\"index, follow, max-snippet:-1, max-image-preview:large, max-video-preview:-1\" \/>\n<link rel=\"canonical\" href=\"https:\/\/tierheim-moers.de\/Wordpress\/fleur-eine-prinzessin-verlaesst-ihr-irdenes-reich\/\" \/>\n<meta property=\"og:locale\" content=\"de_DE\" \/>\n<meta property=\"og:type\" content=\"article\" \/>\n<meta property=\"og:title\" content=\"Fleur- eine Prinzessin verl\u00e4sst ihr irdenes Reich | TIERHEIM MOERS\" \/>\n<meta property=\"og:description\" content=\"03.10.2020 Normalerweise finden sich hier nur die Nachrufe der Tiere, die bei uns im Tierheim verstorben sind, wieder. Aber Fleur ist auf &#8230;\" \/>\n<meta property=\"og:url\" content=\"https:\/\/tierheim-moers.de\/Wordpress\/fleur-eine-prinzessin-verlaesst-ihr-irdenes-reich\/\" \/>\n<meta property=\"og:site_name\" content=\"TIERHEIM MOERS\" \/>\n<meta property=\"article:publisher\" content=\"https:\/\/de-de.facebook.com\/moers.tierheim\" \/>\n<meta property=\"article:published_time\" content=\"2020-10-03T17:53:50+00:00\" \/>\n<meta property=\"article:modified_time\" content=\"2020-10-03T17:54:20+00:00\" \/>\n<meta property=\"og:image\" content=\"https:\/\/tierheim-moers.de\/Wordpress\/wp-content\/uploads\/2020\/10\/fleur-ausschritt.jpg\" \/>\n\t<meta property=\"og:image:width\" content=\"287\" \/>\n\t<meta property=\"og:image:height\" content=\"222\" \/>\n\t<meta property=\"og:image:type\" content=\"image\/jpeg\" \/>\n<meta name=\"author\" content=\"Gisela Kuhnen\" \/>\n<meta name=\"twitter:card\" content=\"summary_large_image\" \/>\n<meta name=\"twitter:label1\" content=\"Verfasst von\" \/>\n\t<meta name=\"twitter:data1\" content=\"Gisela Kuhnen\" \/>\n\t<meta name=\"twitter:label2\" content=\"Gesch\u00e4tzte Lesezeit\" \/>\n\t<meta name=\"twitter:data2\" content=\"3\u00a0Minuten\" \/>\n<script type=\"application\/ld+json\" class=\"yoast-schema-graph\">{\"@context\":\"https:\/\/schema.org\",\"@graph\":[{\"@type\":\"Article\",\"@id\":\"https:\/\/tierheim-moers.de\/Wordpress\/fleur-eine-prinzessin-verlaesst-ihr-irdenes-reich\/#article\",\"isPartOf\":{\"@id\":\"https:\/\/tierheim-moers.de\/Wordpress\/fleur-eine-prinzessin-verlaesst-ihr-irdenes-reich\/\"},\"author\":{\"name\":\"Gisela Kuhnen\",\"@id\":\"https:\/\/tierheim-moers.de\/Wordpress\/#\/schema\/person\/35ad410ed2d8620d4f57f813585b0d8e\"},\"headline\":\"Fleur- eine Prinzessin verl\u00e4sst ihr irdenes Reich\",\"datePublished\":\"2020-10-03T17:53:50+00:00\",\"dateModified\":\"2020-10-03T17:54:20+00:00\",\"mainEntityOfPage\":{\"@id\":\"https:\/\/tierheim-moers.de\/Wordpress\/fleur-eine-prinzessin-verlaesst-ihr-irdenes-reich\/\"},\"wordCount\":620,\"publisher\":{\"@id\":\"https:\/\/tierheim-moers.de\/Wordpress\/#organization\"},\"image\":{\"@id\":\"https:\/\/tierheim-moers.de\/Wordpress\/fleur-eine-prinzessin-verlaesst-ihr-irdenes-reich\/#primaryimage\"},\"thumbnailUrl\":\"https:\/\/tierheim-moers.de\/Wordpress\/wp-content\/uploads\/2020\/10\/fleur-ausschritt.jpg\",\"articleSection\":[\"Regenbogenbr\u00fccke\"],\"inLanguage\":\"de\"},{\"@type\":\"WebPage\",\"@id\":\"https:\/\/tierheim-moers.de\/Wordpress\/fleur-eine-prinzessin-verlaesst-ihr-irdenes-reich\/\",\"url\":\"https:\/\/tierheim-moers.de\/Wordpress\/fleur-eine-prinzessin-verlaesst-ihr-irdenes-reich\/\",\"name\":\"Fleur- eine Prinzessin verl\u00e4sst ihr irdenes Reich | TIERHEIM MOERS\",\"isPartOf\":{\"@id\":\"https:\/\/tierheim-moers.de\/Wordpress\/#website\"},\"primaryImageOfPage\":{\"@id\":\"https:\/\/tierheim-moers.de\/Wordpress\/fleur-eine-prinzessin-verlaesst-ihr-irdenes-reich\/#primaryimage\"},\"image\":{\"@id\":\"https:\/\/tierheim-moers.de\/Wordpress\/fleur-eine-prinzessin-verlaesst-ihr-irdenes-reich\/#primaryimage\"},\"thumbnailUrl\":\"https:\/\/tierheim-moers.de\/Wordpress\/wp-content\/uploads\/2020\/10\/fleur-ausschritt.jpg\",\"datePublished\":\"2020-10-03T17:53:50+00:00\",\"dateModified\":\"2020-10-03T17:54:20+00:00\",\"breadcrumb\":{\"@id\":\"https:\/\/tierheim-moers.de\/Wordpress\/fleur-eine-prinzessin-verlaesst-ihr-irdenes-reich\/#breadcrumb\"},\"inLanguage\":\"de\",\"potentialAction\":[{\"@type\":\"ReadAction\",\"target\":[\"https:\/\/tierheim-moers.de\/Wordpress\/fleur-eine-prinzessin-verlaesst-ihr-irdenes-reich\/\"]}]},{\"@type\":\"ImageObject\",\"inLanguage\":\"de\",\"@id\":\"https:\/\/tierheim-moers.de\/Wordpress\/fleur-eine-prinzessin-verlaesst-ihr-irdenes-reich\/#primaryimage\",\"url\":\"https:\/\/tierheim-moers.de\/Wordpress\/wp-content\/uploads\/2020\/10\/fleur-ausschritt.jpg\",\"contentUrl\":\"https:\/\/tierheim-moers.de\/Wordpress\/wp-content\/uploads\/2020\/10\/fleur-ausschritt.jpg\",\"width\":287,\"height\":222},{\"@type\":\"BreadcrumbList\",\"@id\":\"https:\/\/tierheim-moers.de\/Wordpress\/fleur-eine-prinzessin-verlaesst-ihr-irdenes-reich\/#breadcrumb\",\"itemListElement\":[{\"@type\":\"ListItem\",\"position\":1,\"name\":\"Startseite\",\"item\":\"https:\/\/tierheim-moers.de\/Wordpress\/\"},{\"@type\":\"ListItem\",\"position\":2,\"name\":\"Fleur- eine Prinzessin verl\u00e4sst ihr irdenes Reich\"}]},{\"@type\":\"WebSite\",\"@id\":\"https:\/\/tierheim-moers.de\/Wordpress\/#website\",\"url\":\"https:\/\/tierheim-moers.de\/Wordpress\/\",\"name\":\"Tierheim Moers\",\"description\":\"Tierheim | Hundepension | Tierschutz | Moers\",\"publisher\":{\"@id\":\"https:\/\/tierheim-moers.de\/Wordpress\/#organization\"},\"potentialAction\":[{\"@type\":\"SearchAction\",\"target\":{\"@type\":\"EntryPoint\",\"urlTemplate\":\"https:\/\/tierheim-moers.de\/Wordpress\/?s={search_term_string}\"},\"query-input\":{\"@type\":\"PropertyValueSpecification\",\"valueRequired\":true,\"valueName\":\"search_term_string\"}}],\"inLanguage\":\"de\"},{\"@type\":\"Organization\",\"@id\":\"https:\/\/tierheim-moers.de\/Wordpress\/#organization\",\"name\":\"Tierheim Moers\",\"url\":\"https:\/\/tierheim-moers.de\/Wordpress\/\",\"logo\":{\"@type\":\"ImageObject\",\"inLanguage\":\"de\",\"@id\":\"https:\/\/tierheim-moers.de\/Wordpress\/#\/schema\/logo\/image\/\",\"url\":\"https:\/\/tierheim-moers.de\/Wordpress\/wp-content\/uploads\/2014\/04\/Logo-TSV-Moers-V01-RGB-300.png\",\"contentUrl\":\"https:\/\/tierheim-moers.de\/Wordpress\/wp-content\/uploads\/2014\/04\/Logo-TSV-Moers-V01-RGB-300.png\",\"width\":1052,\"height\":1038,\"caption\":\"Tierheim Moers\"},\"image\":{\"@id\":\"https:\/\/tierheim-moers.de\/Wordpress\/#\/schema\/logo\/image\/\"},\"sameAs\":[\"https:\/\/de-de.facebook.com\/moers.tierheim\"]},{\"@type\":\"Person\",\"@id\":\"https:\/\/tierheim-moers.de\/Wordpress\/#\/schema\/person\/35ad410ed2d8620d4f57f813585b0d8e\",\"name\":\"Gisela Kuhnen\",\"image\":{\"@type\":\"ImageObject\",\"inLanguage\":\"de\",\"@id\":\"https:\/\/tierheim-moers.de\/Wordpress\/#\/schema\/person\/image\/\",\"url\":\"https:\/\/secure.gravatar.com\/avatar\/807ca84b4538291e2f5dc665ed240a0d4d7ab8f22360ec427a82fe926980b31a?s=96&d=mm&r=g\",\"contentUrl\":\"https:\/\/secure.gravatar.com\/avatar\/807ca84b4538291e2f5dc665ed240a0d4d7ab8f22360ec427a82fe926980b31a?s=96&d=mm&r=g\",\"caption\":\"Gisela Kuhnen\"},\"url\":\"https:\/\/tierheim-moers.de\/Wordpress\/author\/gisela-kuhnen\/\"}]}<\/script>\n<!-- \/ Yoast SEO plugin. -->","yoast_head_json":{"title":"Fleur- eine Prinzessin verl\u00e4sst ihr irdenes Reich | TIERHEIM MOERS","robots":{"index":"index","follow":"follow","max-snippet":"max-snippet:-1","max-image-preview":"max-image-preview:large","max-video-preview":"max-video-preview:-1"},"canonical":"https:\/\/tierheim-moers.de\/Wordpress\/fleur-eine-prinzessin-verlaesst-ihr-irdenes-reich\/","og_locale":"de_DE","og_type":"article","og_title":"Fleur- eine Prinzessin verl\u00e4sst ihr irdenes Reich | TIERHEIM MOERS","og_description":"03.10.2020 Normalerweise finden sich hier nur die Nachrufe der Tiere, die bei uns im Tierheim verstorben sind, wieder. Aber Fleur ist auf &#8230;","og_url":"https:\/\/tierheim-moers.de\/Wordpress\/fleur-eine-prinzessin-verlaesst-ihr-irdenes-reich\/","og_site_name":"TIERHEIM MOERS","article_publisher":"https:\/\/de-de.facebook.com\/moers.tierheim","article_published_time":"2020-10-03T17:53:50+00:00","article_modified_time":"2020-10-03T17:54:20+00:00","og_image":[{"width":287,"height":222,"url":"https:\/\/tierheim-moers.de\/Wordpress\/wp-content\/uploads\/2020\/10\/fleur-ausschritt.jpg","type":"image\/jpeg"}],"author":"Gisela Kuhnen","twitter_card":"summary_large_image","twitter_misc":{"Verfasst von":"Gisela Kuhnen","Gesch\u00e4tzte Lesezeit":"3\u00a0Minuten"},"schema":{"@context":"https:\/\/schema.org","@graph":[{"@type":"Article","@id":"https:\/\/tierheim-moers.de\/Wordpress\/fleur-eine-prinzessin-verlaesst-ihr-irdenes-reich\/#article","isPartOf":{"@id":"https:\/\/tierheim-moers.de\/Wordpress\/fleur-eine-prinzessin-verlaesst-ihr-irdenes-reich\/"},"author":{"name":"Gisela Kuhnen","@id":"https:\/\/tierheim-moers.de\/Wordpress\/#\/schema\/person\/35ad410ed2d8620d4f57f813585b0d8e"},"headline":"Fleur- eine Prinzessin verl\u00e4sst ihr irdenes Reich","datePublished":"2020-10-03T17:53:50+00:00","dateModified":"2020-10-03T17:54:20+00:00","mainEntityOfPage":{"@id":"https:\/\/tierheim-moers.de\/Wordpress\/fleur-eine-prinzessin-verlaesst-ihr-irdenes-reich\/"},"wordCount":620,"publisher":{"@id":"https:\/\/tierheim-moers.de\/Wordpress\/#organization"},"image":{"@id":"https:\/\/tierheim-moers.de\/Wordpress\/fleur-eine-prinzessin-verlaesst-ihr-irdenes-reich\/#primaryimage"},"thumbnailUrl":"https:\/\/tierheim-moers.de\/Wordpress\/wp-content\/uploads\/2020\/10\/fleur-ausschritt.jpg","articleSection":["Regenbogenbr\u00fccke"],"inLanguage":"de"},{"@type":"WebPage","@id":"https:\/\/tierheim-moers.de\/Wordpress\/fleur-eine-prinzessin-verlaesst-ihr-irdenes-reich\/","url":"https:\/\/tierheim-moers.de\/Wordpress\/fleur-eine-prinzessin-verlaesst-ihr-irdenes-reich\/","name":"Fleur- eine Prinzessin verl\u00e4sst ihr irdenes Reich | TIERHEIM MOERS","isPartOf":{"@id":"https:\/\/tierheim-moers.de\/Wordpress\/#website"},"primaryImageOfPage":{"@id":"https:\/\/tierheim-moers.de\/Wordpress\/fleur-eine-prinzessin-verlaesst-ihr-irdenes-reich\/#primaryimage"},"image":{"@id":"https:\/\/tierheim-moers.de\/Wordpress\/fleur-eine-prinzessin-verlaesst-ihr-irdenes-reich\/#primaryimage"},"thumbnailUrl":"https:\/\/tierheim-moers.de\/Wordpress\/wp-content\/uploads\/2020\/10\/fleur-ausschritt.jpg","datePublished":"2020-10-03T17:53:50+00:00","dateModified":"2020-10-03T17:54:20+00:00","breadcrumb":{"@id":"https:\/\/tierheim-moers.de\/Wordpress\/fleur-eine-prinzessin-verlaesst-ihr-irdenes-reich\/#breadcrumb"},"inLanguage":"de","potentialAction":[{"@type":"ReadAction","target":["https:\/\/tierheim-moers.de\/Wordpress\/fleur-eine-prinzessin-verlaesst-ihr-irdenes-reich\/"]}]},{"@type":"ImageObject","inLanguage":"de","@id":"https:\/\/tierheim-moers.de\/Wordpress\/fleur-eine-prinzessin-verlaesst-ihr-irdenes-reich\/#primaryimage","url":"https:\/\/tierheim-moers.de\/Wordpress\/wp-content\/uploads\/2020\/10\/fleur-ausschritt.jpg","contentUrl":"https:\/\/tierheim-moers.de\/Wordpress\/wp-content\/uploads\/2020\/10\/fleur-ausschritt.jpg","width":287,"height":222},{"@type":"BreadcrumbList","@id":"https:\/\/tierheim-moers.de\/Wordpress\/fleur-eine-prinzessin-verlaesst-ihr-irdenes-reich\/#breadcrumb","itemListElement":[{"@type":"ListItem","position":1,"name":"Startseite","item":"https:\/\/tierheim-moers.de\/Wordpress\/"},{"@type":"ListItem","position":2,"name":"Fleur- eine Prinzessin verl\u00e4sst ihr irdenes Reich"}]},{"@type":"WebSite","@id":"https:\/\/tierheim-moers.de\/Wordpress\/#website","url":"https:\/\/tierheim-moers.de\/Wordpress\/","name":"Tierheim Moers","description":"Tierheim | Hundepension | Tierschutz | Moers","publisher":{"@id":"https:\/\/tierheim-moers.de\/Wordpress\/#organization"},"potentialAction":[{"@type":"SearchAction","target":{"@type":"EntryPoint","urlTemplate":"https:\/\/tierheim-moers.de\/Wordpress\/?s={search_term_string}"},"query-input":{"@type":"PropertyValueSpecification","valueRequired":true,"valueName":"search_term_string"}}],"inLanguage":"de"},{"@type":"Organization","@id":"https:\/\/tierheim-moers.de\/Wordpress\/#organization","name":"Tierheim Moers","url":"https:\/\/tierheim-moers.de\/Wordpress\/","logo":{"@type":"ImageObject","inLanguage":"de","@id":"https:\/\/tierheim-moers.de\/Wordpress\/#\/schema\/logo\/image\/","url":"https:\/\/tierheim-moers.de\/Wordpress\/wp-content\/uploads\/2014\/04\/Logo-TSV-Moers-V01-RGB-300.png","contentUrl":"https:\/\/tierheim-moers.de\/Wordpress\/wp-content\/uploads\/2014\/04\/Logo-TSV-Moers-V01-RGB-300.png","width":1052,"height":1038,"caption":"Tierheim Moers"},"image":{"@id":"https:\/\/tierheim-moers.de\/Wordpress\/#\/schema\/logo\/image\/"},"sameAs":["https:\/\/de-de.facebook.com\/moers.tierheim"]},{"@type":"Person","@id":"https:\/\/tierheim-moers.de\/Wordpress\/#\/schema\/person\/35ad410ed2d8620d4f57f813585b0d8e","name":"Gisela Kuhnen","image":{"@type":"ImageObject","inLanguage":"de","@id":"https:\/\/tierheim-moers.de\/Wordpress\/#\/schema\/person\/image\/","url":"https:\/\/secure.gravatar.com\/avatar\/807ca84b4538291e2f5dc665ed240a0d4d7ab8f22360ec427a82fe926980b31a?s=96&d=mm&r=g","contentUrl":"https:\/\/secure.gravatar.com\/avatar\/807ca84b4538291e2f5dc665ed240a0d4d7ab8f22360ec427a82fe926980b31a?s=96&d=mm&r=g","caption":"Gisela Kuhnen"},"url":"https:\/\/tierheim-moers.de\/Wordpress\/author\/gisela-kuhnen\/"}]}},"_links":{"self":[{"href":"https:\/\/tierheim-moers.de\/Wordpress\/wp-json\/wp\/v2\/posts\/35087","targetHints":{"allow":["GET"]}}],"collection":[{"href":"https:\/\/tierheim-moers.de\/Wordpress\/wp-json\/wp\/v2\/posts"}],"about":[{"href":"https:\/\/tierheim-moers.de\/Wordpress\/wp-json\/wp\/v2\/types\/post"}],"author":[{"embeddable":true,"href":"https:\/\/tierheim-moers.de\/Wordpress\/wp-json\/wp\/v2\/users\/4"}],"replies":[{"embeddable":true,"href":"https:\/\/tierheim-moers.de\/Wordpress\/wp-json\/wp\/v2\/comments?post=35087"}],"version-history":[{"count":1,"href":"https:\/\/tierheim-moers.de\/Wordpress\/wp-json\/wp\/v2\/posts\/35087\/revisions"}],"predecessor-version":[{"id":35092,"href":"https:\/\/tierheim-moers.de\/Wordpress\/wp-json\/wp\/v2\/posts\/35087\/revisions\/35092"}],"wp:featuredmedia":[{"embeddable":true,"href":"https:\/\/tierheim-moers.de\/Wordpress\/wp-json\/wp\/v2\/media\/35091"}],"wp:attachment":[{"href":"https:\/\/tierheim-moers.de\/Wordpress\/wp-json\/wp\/v2\/media?parent=35087"}],"wp:term":[{"taxonomy":"category","embeddable":true,"href":"https:\/\/tierheim-moers.de\/Wordpress\/wp-json\/wp\/v2\/categories?post=35087"},{"taxonomy":"post_tag","embeddable":true,"href":"https:\/\/tierheim-moers.de\/Wordpress\/wp-json\/wp\/v2\/tags?post=35087"}],"curies":[{"name":"wp","href":"https:\/\/api.w.org\/{rel}","templated":true}]}}