{"id":3824,"date":"2014-09-14T21:15:46","date_gmt":"2014-09-14T19:15:46","guid":{"rendered":"http:\/\/tierheim-moers.de\/Wordpress\/?p=3824"},"modified":"2014-09-14T21:15:46","modified_gmt":"2014-09-14T19:15:46","slug":"tierschutzverein-hat-neuen-vorstand-gewaehlt","status":"publish","type":"post","link":"https:\/\/tierheim-moers.de\/Wordpress\/tierschutzverein-hat-neuen-vorstand-gewaehlt\/","title":{"rendered":"Tierschutzverein hat neuen Vorstand gew\u00e4hlt"},"content":{"rendered":"<p style=\"text-align: right;\">14.09.2014<\/p>\n<p>Am 12.09.2014 f\u00fchrte der Tierschutzverein Moers u.U.e.V. seine Mitgliederversammlung 2014 durch. Dies war notwendig, da die Versammlung im Juni 2014 bereits nach wenigen Minuten\u00a0abgebrochen wurde mit dem Beschluss, zu einem neuen Termin mit neutraler\u00a0Versammlungsleitung einzuladen. Anschlie\u00dfend trat der damalige 1. Vorsitzende zur\u00fcck, sein\u00a0Stellvertreter am 09.09.2014.<\/p>\n<p>Wichtigster Tagesordnungspunkt waren die Erg\u00e4nzungswahlen zum Vorstand des\u00a0Tierschutzvereins f\u00fcr die frei gewordenen \u00c4mter des Ersten Vorsitzenden, seines Stellvertreters\u00a0und zweier Beisitzer. Als weiteres wurden drei Kassenpr\u00fcfer gew\u00e4hlt.<\/p>\n<p>Unter Leitung eines Vertreters des Landestierschutzverbandes NRW, w\u00e4hlten die 79\u00a0anwesenden, stimmberechtigten Mitglieder Herrn Peter Kuhnen zum neuen Vorsitzenden, Frau\u00a0Birgit M\u00fchlberger zu seiner Stellvertreterin. Unterst\u00fctzt wird der gesch\u00e4ftsf\u00fchrende Vorstand\u00a0von zwei neuen Beisitzern (Gisela Kuhnen und Werner Spielmann). Der Schriftf\u00fchrer Timo Franzen, und die Beisitzerin Gisela Gro\u00dfmann verblieben in ihren \u00c4mtern. Die Wahlperiode des Vorstands endet bereits im kommenden Jahr auf der Mitgliederversammlung 2015.<\/p>\n<p>Aufgrund des Rechenschaftsberichts des Vorstands, und des Berichts der Kassenpr\u00fcfer, wurde\u00a0der Vorstand f\u00fcr das Gesch\u00e4ftsjahr 2013 nicht entlastet. Der neue Vorstand versteht dies als Auftrag, die Unterlagen des Gesch\u00e4ftsjahres 2013 zu sichten und zusammen mit den Kassenpr\u00fcfern einer erneuten Pr\u00fcfung zu unterziehen.<\/p>\n<p>Ein weiterer von den Mitgliedern angemerkter kritischer Punkt war der berufliche Werdegang eines Vorstandsmitglieds. Auch diesen Punkt wird der Vorstand intensiv pr\u00fcfen und auf der n\u00e4chsten Mitgliederversammlung dem Plenum berichten.<\/p>\n<p>Als Ziele f\u00fcr die kurze Amtsperiode hat sich der neue Vorsitzende Peter Kuhnen mit seinem\u00a0Vorstands-Team vor allem eine offene, transparente Arbeit und den wichtigen Erhalt des\u00a0Tierschutzvereins mit seinem Tierheim in Moers-H\u00fclsdonk als Ziel gesetzt.<\/p>\n<div class=\"shariff shariff-align-flex-start shariff-widget-align-center\" data-url=\"https%3A%2F%2Ftierheim-moers.de%2FWordpress%2Ftierschutzverein-hat-neuen-vorstand-gewaehlt%2F\" data-timestamp=\"1410729346\" data-hidezero=\"1\" data-backendurl=\"https:\/\/tierheim-moers.de\/Wordpress\/wp-json\/shariff\/v1\/share_counts?\"><ul class=\"shariff-buttons theme-round orientation-horizontal buttonsize-small\"><li class=\"shariff-button facebook shariff-nocustomcolor\" style=\"background-color:#4273c8\"><a href=\"https:\/\/www.facebook.com\/sharer\/sharer.php?u=https%3A%2F%2Ftierheim-moers.de%2FWordpress%2Ftierschutzverein-hat-neuen-vorstand-gewaehlt%2F\" title=\"Bei Facebook teilen\" aria-label=\"Bei Facebook teilen\" role=\"button\" rel=\"nofollow\" class=\"shariff-link\" style=\"; background-color:#3b5998; color:#fff\" target=\"_blank\"><span class=\"shariff-icon\" style=\"\"><svg width=\"32px\" height=\"20px\" xmlns=\"http:\/\/www.w3.org\/2000\/svg\" viewBox=\"0 0 18 32\"><path fill=\"#3b5998\" d=\"M17.1 0.2v4.7h-2.8q-1.5 0-2.1 0.6t-0.5 1.9v3.4h5.2l-0.7 5.3h-4.5v13.6h-5.5v-13.6h-4.5v-5.3h4.5v-3.9q0-3.3 1.9-5.2t5-1.8q2.6 0 4.1 0.2z\"\/><\/svg><\/span><\/a><\/li><li class=\"shariff-button twitter shariff-nocustomcolor\" style=\"background-color:#595959\"><a href=\"https:\/\/twitter.com\/share?url=https%3A%2F%2Ftierheim-moers.de%2FWordpress%2Ftierschutzverein-hat-neuen-vorstand-gewaehlt%2F&text=Tierschutzverein%20hat%20neuen%20Vorstand%20gew%C3%A4hlt\" title=\"Bei X teilen\" aria-label=\"Bei X teilen\" role=\"button\" rel=\"noopener nofollow\" class=\"shariff-link\" style=\"; background-color:#000; color:#fff\" target=\"_blank\"><span class=\"shariff-icon\" style=\"\"><svg width=\"32px\" height=\"20px\" xmlns=\"http:\/\/www.w3.org\/2000\/svg\" viewBox=\"0 0 24 24\"><path fill=\"#000\" d=\"M14.258 10.152L23.176 0h-2.113l-7.747 8.813L7.133 0H0l9.352 13.328L0 23.973h2.113l8.176-9.309 6.531 9.309h7.133zm-2.895 3.293l-.949-1.328L2.875 1.56h3.246l6.086 8.523.945 1.328 7.91 11.078h-3.246zm0 0\"\/><\/svg><\/span><\/a><\/li><li class=\"shariff-button whatsapp shariff-nocustomcolor\" style=\"background-color:#5cbe4a\"><a href=\"https:\/\/api.whatsapp.com\/send?text=https%3A%2F%2Ftierheim-moers.de%2FWordpress%2Ftierschutzverein-hat-neuen-vorstand-gewaehlt%2F%20Tierschutzverein%20hat%20neuen%20Vorstand%20gew%C3%A4hlt\" title=\"Bei Whatsapp teilen\" aria-label=\"Bei Whatsapp teilen\" role=\"button\" rel=\"noopener nofollow\" class=\"shariff-link\" style=\"; background-color:#34af23; color:#fff\" target=\"_blank\"><span class=\"shariff-icon\" style=\"\"><svg width=\"32px\" height=\"20px\" xmlns=\"http:\/\/www.w3.org\/2000\/svg\" viewBox=\"0 0 32 32\"><path fill=\"#34af23\" d=\"M17.6 17.4q0.2 0 1.7 0.8t1.6 0.9q0 0.1 0 0.3 0 0.6-0.3 1.4-0.3 0.7-1.3 1.2t-1.8 0.5q-1 0-3.4-1.1-1.7-0.8-3-2.1t-2.6-3.3q-1.3-1.9-1.3-3.5v-0.1q0.1-1.6 1.3-2.8 0.4-0.4 0.9-0.4 0.1 0 0.3 0t0.3 0q0.3 0 0.5 0.1t0.3 0.5q0.1 0.4 0.6 1.6t0.4 1.3q0 0.4-0.6 1t-0.6 0.8q0 0.1 0.1 0.3 0.6 1.3 1.8 2.4 1 0.9 2.7 1.8 0.2 0.1 0.4 0.1 0.3 0 1-0.9t0.9-0.9zM14 26.9q2.3 0 4.3-0.9t3.6-2.4 2.4-3.6 0.9-4.3-0.9-4.3-2.4-3.6-3.6-2.4-4.3-0.9-4.3 0.9-3.6 2.4-2.4 3.6-0.9 4.3q0 3.6 2.1 6.6l-1.4 4.2 4.3-1.4q2.8 1.9 6.2 1.9zM14 2.2q2.7 0 5.2 1.1t4.3 2.9 2.9 4.3 1.1 5.2-1.1 5.2-2.9 4.3-4.3 2.9-5.2 1.1q-3.5 0-6.5-1.7l-7.4 2.4 2.4-7.2q-1.9-3.2-1.9-6.9 0-2.7 1.1-5.2t2.9-4.3 4.3-2.9 5.2-1.1z\"\/><\/svg><\/span><\/a><\/li><li class=\"shariff-button sms shariff-nocustomcolor shariff-mobile\" style=\"background-color:#d7d9d8\"><a href=\"sms:?&body=https%3A%2F%2Ftierheim-moers.de%2FWordpress%2Ftierschutzverein-hat-neuen-vorstand-gewaehlt%2F\" title=\"Per SMS teilen\" aria-label=\"Per SMS teilen\" role=\"button\" rel=\"noopener nofollow\" class=\"shariff-link\" style=\"; background-color:#a1e877; color:#fff\" target=\"_blank\"><span class=\"shariff-icon\" style=\"\"><svg xmlns=\"http:\/\/www.w3.org\/2000\/svg\" width=\"510\" height=\"510\" viewBox=\"0 0 510 510\"><path fill=\"#a1e877\" d=\"M459 0H51C23 0 0 23 0 51v459l102-102h357c28.1 0 51-22.9 51-51V51C510 23 487.1 0 459 0zM178.5 229.5h-51v-51h51V229.5zM280.5 229.5h-51v-51h51V229.5zM382.5 229.5h-51v-51h51V229.5z\"\/><\/svg><\/span><\/a><\/li><\/ul><\/div>","protected":false},"excerpt":{"rendered":"<p>14.09.2014 Am 12.09.2014 f\u00fchrte der Tierschutzverein Moers u.U.e.V. seine Mitgliederversammlung 2014 durch. Dies war notwendig, da die Versammlung im Juni 2014 bereits nach wenigen Minuten\u00a0abgebrochen wurde mit dem Beschluss, zu einem neuen Termin mit neutraler\u00a0Versammlungsleitung einzuladen. Anschlie\u00dfend trat der damalige 1. Vorsitzende zur\u00fcck, sein\u00a0Stellvertreter am 09.09.2014. Wichtigster Tagesordnungspunkt waren die &#8230;<\/p>\n","protected":false},"author":3,"featured_media":0,"comment_status":"closed","ping_status":"open","sticky":false,"template":"","format":"aside","meta":{"ngg_post_thumbnail":0,"footnotes":""},"categories":[1],"tags":[],"class_list":["post-3824","post","type-post","status-publish","format-aside","hentry","category-aktuell","post_format-post-format-aside","column","threecol"],"yoast_head":"<!-- This site is optimized with the Yoast SEO plugin v24.6 - https:\/\/yoast.com\/wordpress\/plugins\/seo\/ -->\n<title>Tierschutzverein hat neuen Vorstand gew\u00e4hlt | TIERHEIM MOERS<\/title>\n<meta name=\"robots\" content=\"index, follow, max-snippet:-1, max-image-preview:large, max-video-preview:-1\" \/>\n<link rel=\"canonical\" href=\"https:\/\/tierheim-moers.de\/Wordpress\/tierschutzverein-hat-neuen-vorstand-gewaehlt\/\" \/>\n<meta property=\"og:locale\" content=\"de_DE\" \/>\n<meta property=\"og:type\" content=\"article\" \/>\n<meta property=\"og:title\" content=\"Tierschutzverein hat neuen Vorstand gew\u00e4hlt | TIERHEIM MOERS\" \/>\n<meta property=\"og:description\" content=\"14.09.2014 Am 12.09.2014 f\u00fchrte der Tierschutzverein Moers u.U.e.V. seine Mitgliederversammlung 2014 durch. Dies war notwendig, da die Versammlung im Juni 2014 bereits nach wenigen Minuten\u00a0abgebrochen wurde mit dem Beschluss, zu einem neuen Termin mit neutraler\u00a0Versammlungsleitung einzuladen. &#8230;\" \/>\n<meta property=\"og:url\" content=\"https:\/\/tierheim-moers.de\/Wordpress\/tierschutzverein-hat-neuen-vorstand-gewaehlt\/\" \/>\n<meta property=\"og:site_name\" content=\"TIERHEIM MOERS\" \/>\n<meta property=\"article:publisher\" content=\"https:\/\/de-de.facebook.com\/moers.tierheim\" \/>\n<meta property=\"article:published_time\" content=\"2014-09-14T19:15:46+00:00\" \/>\n<meta name=\"author\" content=\"tierheim2014\" \/>\n<meta name=\"twitter:card\" content=\"summary_large_image\" \/>\n<meta name=\"twitter:label1\" content=\"Verfasst von\" \/>\n\t<meta name=\"twitter:data1\" content=\"tierheim2014\" \/>\n\t<meta name=\"twitter:label2\" content=\"Gesch\u00e4tzte Lesezeit\" \/>\n\t<meta name=\"twitter:data2\" content=\"1\u00a0Minute\" \/>\n<script type=\"application\/ld+json\" class=\"yoast-schema-graph\">{\"@context\":\"https:\/\/schema.org\",\"@graph\":[{\"@type\":\"Article\",\"@id\":\"https:\/\/tierheim-moers.de\/Wordpress\/tierschutzverein-hat-neuen-vorstand-gewaehlt\/#article\",\"isPartOf\":{\"@id\":\"https:\/\/tierheim-moers.de\/Wordpress\/tierschutzverein-hat-neuen-vorstand-gewaehlt\/\"},\"author\":{\"name\":\"tierheim2014\",\"@id\":\"https:\/\/tierheim-moers.de\/Wordpress\/#\/schema\/person\/bb66fcdf55ca8d06b229c0e748f4a4db\"},\"headline\":\"Tierschutzverein hat neuen Vorstand gew\u00e4hlt\",\"datePublished\":\"2014-09-14T19:15:46+00:00\",\"mainEntityOfPage\":{\"@id\":\"https:\/\/tierheim-moers.de\/Wordpress\/tierschutzverein-hat-neuen-vorstand-gewaehlt\/\"},\"wordCount\":274,\"publisher\":{\"@id\":\"https:\/\/tierheim-moers.de\/Wordpress\/#organization\"},\"articleSection\":[\"Aktuell\"],\"inLanguage\":\"de\"},{\"@type\":\"WebPage\",\"@id\":\"https:\/\/tierheim-moers.de\/Wordpress\/tierschutzverein-hat-neuen-vorstand-gewaehlt\/\",\"url\":\"https:\/\/tierheim-moers.de\/Wordpress\/tierschutzverein-hat-neuen-vorstand-gewaehlt\/\",\"name\":\"Tierschutzverein hat neuen Vorstand gew\u00e4hlt | TIERHEIM MOERS\",\"isPartOf\":{\"@id\":\"https:\/\/tierheim-moers.de\/Wordpress\/#website\"},\"datePublished\":\"2014-09-14T19:15:46+00:00\",\"breadcrumb\":{\"@id\":\"https:\/\/tierheim-moers.de\/Wordpress\/tierschutzverein-hat-neuen-vorstand-gewaehlt\/#breadcrumb\"},\"inLanguage\":\"de\",\"potentialAction\":[{\"@type\":\"ReadAction\",\"target\":[\"https:\/\/tierheim-moers.de\/Wordpress\/tierschutzverein-hat-neuen-vorstand-gewaehlt\/\"]}]},{\"@type\":\"BreadcrumbList\",\"@id\":\"https:\/\/tierheim-moers.de\/Wordpress\/tierschutzverein-hat-neuen-vorstand-gewaehlt\/#breadcrumb\",\"itemListElement\":[{\"@type\":\"ListItem\",\"position\":1,\"name\":\"Startseite\",\"item\":\"https:\/\/tierheim-moers.de\/Wordpress\/\"},{\"@type\":\"ListItem\",\"position\":2,\"name\":\"Tierschutzverein hat neuen Vorstand gew\u00e4hlt\"}]},{\"@type\":\"WebSite\",\"@id\":\"https:\/\/tierheim-moers.de\/Wordpress\/#website\",\"url\":\"https:\/\/tierheim-moers.de\/Wordpress\/\",\"name\":\"Tierheim Moers\",\"description\":\"Tierheim | Hundepension | Tierschutz | Moers\",\"publisher\":{\"@id\":\"https:\/\/tierheim-moers.de\/Wordpress\/#organization\"},\"potentialAction\":[{\"@type\":\"SearchAction\",\"target\":{\"@type\":\"EntryPoint\",\"urlTemplate\":\"https:\/\/tierheim-moers.de\/Wordpress\/?s={search_term_string}\"},\"query-input\":{\"@type\":\"PropertyValueSpecification\",\"valueRequired\":true,\"valueName\":\"search_term_string\"}}],\"inLanguage\":\"de\"},{\"@type\":\"Organization\",\"@id\":\"https:\/\/tierheim-moers.de\/Wordpress\/#organization\",\"name\":\"Tierheim Moers\",\"url\":\"https:\/\/tierheim-moers.de\/Wordpress\/\",\"logo\":{\"@type\":\"ImageObject\",\"inLanguage\":\"de\",\"@id\":\"https:\/\/tierheim-moers.de\/Wordpress\/#\/schema\/logo\/image\/\",\"url\":\"https:\/\/tierheim-moers.de\/Wordpress\/wp-content\/uploads\/2014\/04\/Logo-TSV-Moers-V01-RGB-300.png\",\"contentUrl\":\"https:\/\/tierheim-moers.de\/Wordpress\/wp-content\/uploads\/2014\/04\/Logo-TSV-Moers-V01-RGB-300.png\",\"width\":1052,\"height\":1038,\"caption\":\"Tierheim Moers\"},\"image\":{\"@id\":\"https:\/\/tierheim-moers.de\/Wordpress\/#\/schema\/logo\/image\/\"},\"sameAs\":[\"https:\/\/de-de.facebook.com\/moers.tierheim\"]},{\"@type\":\"Person\",\"@id\":\"https:\/\/tierheim-moers.de\/Wordpress\/#\/schema\/person\/bb66fcdf55ca8d06b229c0e748f4a4db\",\"name\":\"tierheim2014\",\"image\":{\"@type\":\"ImageObject\",\"inLanguage\":\"de\",\"@id\":\"https:\/\/tierheim-moers.de\/Wordpress\/#\/schema\/person\/image\/\",\"url\":\"https:\/\/secure.gravatar.com\/avatar\/a11d93b0c6655bcc0a595174970baea60c3be93d07d0c82976034f22f0e26a03?s=96&d=mm&r=g\",\"contentUrl\":\"https:\/\/secure.gravatar.com\/avatar\/a11d93b0c6655bcc0a595174970baea60c3be93d07d0c82976034f22f0e26a03?s=96&d=mm&r=g\",\"caption\":\"tierheim2014\"},\"url\":\"https:\/\/tierheim-moers.de\/Wordpress\/author\/tierheim2014\/\"}]}<\/script>\n<!-- \/ Yoast SEO plugin. -->","yoast_head_json":{"title":"Tierschutzverein hat neuen Vorstand gew\u00e4hlt | TIERHEIM MOERS","robots":{"index":"index","follow":"follow","max-snippet":"max-snippet:-1","max-image-preview":"max-image-preview:large","max-video-preview":"max-video-preview:-1"},"canonical":"https:\/\/tierheim-moers.de\/Wordpress\/tierschutzverein-hat-neuen-vorstand-gewaehlt\/","og_locale":"de_DE","og_type":"article","og_title":"Tierschutzverein hat neuen Vorstand gew\u00e4hlt | TIERHEIM MOERS","og_description":"14.09.2014 Am 12.09.2014 f\u00fchrte der Tierschutzverein Moers u.U.e.V. seine Mitgliederversammlung 2014 durch. Dies war notwendig, da die Versammlung im Juni 2014 bereits nach wenigen Minuten\u00a0abgebrochen wurde mit dem Beschluss, zu einem neuen Termin mit neutraler\u00a0Versammlungsleitung einzuladen. &#8230;","og_url":"https:\/\/tierheim-moers.de\/Wordpress\/tierschutzverein-hat-neuen-vorstand-gewaehlt\/","og_site_name":"TIERHEIM MOERS","article_publisher":"https:\/\/de-de.facebook.com\/moers.tierheim","article_published_time":"2014-09-14T19:15:46+00:00","author":"tierheim2014","twitter_card":"summary_large_image","twitter_misc":{"Verfasst von":"tierheim2014","Gesch\u00e4tzte Lesezeit":"1\u00a0Minute"},"schema":{"@context":"https:\/\/schema.org","@graph":[{"@type":"Article","@id":"https:\/\/tierheim-moers.de\/Wordpress\/tierschutzverein-hat-neuen-vorstand-gewaehlt\/#article","isPartOf":{"@id":"https:\/\/tierheim-moers.de\/Wordpress\/tierschutzverein-hat-neuen-vorstand-gewaehlt\/"},"author":{"name":"tierheim2014","@id":"https:\/\/tierheim-moers.de\/Wordpress\/#\/schema\/person\/bb66fcdf55ca8d06b229c0e748f4a4db"},"headline":"Tierschutzverein hat neuen Vorstand gew\u00e4hlt","datePublished":"2014-09-14T19:15:46+00:00","mainEntityOfPage":{"@id":"https:\/\/tierheim-moers.de\/Wordpress\/tierschutzverein-hat-neuen-vorstand-gewaehlt\/"},"wordCount":274,"publisher":{"@id":"https:\/\/tierheim-moers.de\/Wordpress\/#organization"},"articleSection":["Aktuell"],"inLanguage":"de"},{"@type":"WebPage","@id":"https:\/\/tierheim-moers.de\/Wordpress\/tierschutzverein-hat-neuen-vorstand-gewaehlt\/","url":"https:\/\/tierheim-moers.de\/Wordpress\/tierschutzverein-hat-neuen-vorstand-gewaehlt\/","name":"Tierschutzverein hat neuen Vorstand gew\u00e4hlt | TIERHEIM MOERS","isPartOf":{"@id":"https:\/\/tierheim-moers.de\/Wordpress\/#website"},"datePublished":"2014-09-14T19:15:46+00:00","breadcrumb":{"@id":"https:\/\/tierheim-moers.de\/Wordpress\/tierschutzverein-hat-neuen-vorstand-gewaehlt\/#breadcrumb"},"inLanguage":"de","potentialAction":[{"@type":"ReadAction","target":["https:\/\/tierheim-moers.de\/Wordpress\/tierschutzverein-hat-neuen-vorstand-gewaehlt\/"]}]},{"@type":"BreadcrumbList","@id":"https:\/\/tierheim-moers.de\/Wordpress\/tierschutzverein-hat-neuen-vorstand-gewaehlt\/#breadcrumb","itemListElement":[{"@type":"ListItem","position":1,"name":"Startseite","item":"https:\/\/tierheim-moers.de\/Wordpress\/"},{"@type":"ListItem","position":2,"name":"Tierschutzverein hat neuen Vorstand gew\u00e4hlt"}]},{"@type":"WebSite","@id":"https:\/\/tierheim-moers.de\/Wordpress\/#website","url":"https:\/\/tierheim-moers.de\/Wordpress\/","name":"Tierheim Moers","description":"Tierheim | Hundepension | Tierschutz | Moers","publisher":{"@id":"https:\/\/tierheim-moers.de\/Wordpress\/#organization"},"potentialAction":[{"@type":"SearchAction","target":{"@type":"EntryPoint","urlTemplate":"https:\/\/tierheim-moers.de\/Wordpress\/?s={search_term_string}"},"query-input":{"@type":"PropertyValueSpecification","valueRequired":true,"valueName":"search_term_string"}}],"inLanguage":"de"},{"@type":"Organization","@id":"https:\/\/tierheim-moers.de\/Wordpress\/#organization","name":"Tierheim Moers","url":"https:\/\/tierheim-moers.de\/Wordpress\/","logo":{"@type":"ImageObject","inLanguage":"de","@id":"https:\/\/tierheim-moers.de\/Wordpress\/#\/schema\/logo\/image\/","url":"https:\/\/tierheim-moers.de\/Wordpress\/wp-content\/uploads\/2014\/04\/Logo-TSV-Moers-V01-RGB-300.png","contentUrl":"https:\/\/tierheim-moers.de\/Wordpress\/wp-content\/uploads\/2014\/04\/Logo-TSV-Moers-V01-RGB-300.png","width":1052,"height":1038,"caption":"Tierheim Moers"},"image":{"@id":"https:\/\/tierheim-moers.de\/Wordpress\/#\/schema\/logo\/image\/"},"sameAs":["https:\/\/de-de.facebook.com\/moers.tierheim"]},{"@type":"Person","@id":"https:\/\/tierheim-moers.de\/Wordpress\/#\/schema\/person\/bb66fcdf55ca8d06b229c0e748f4a4db","name":"tierheim2014","image":{"@type":"ImageObject","inLanguage":"de","@id":"https:\/\/tierheim-moers.de\/Wordpress\/#\/schema\/person\/image\/","url":"https:\/\/secure.gravatar.com\/avatar\/a11d93b0c6655bcc0a595174970baea60c3be93d07d0c82976034f22f0e26a03?s=96&d=mm&r=g","contentUrl":"https:\/\/secure.gravatar.com\/avatar\/a11d93b0c6655bcc0a595174970baea60c3be93d07d0c82976034f22f0e26a03?s=96&d=mm&r=g","caption":"tierheim2014"},"url":"https:\/\/tierheim-moers.de\/Wordpress\/author\/tierheim2014\/"}]}},"_links":{"self":[{"href":"https:\/\/tierheim-moers.de\/Wordpress\/wp-json\/wp\/v2\/posts\/3824","targetHints":{"allow":["GET"]}}],"collection":[{"href":"https:\/\/tierheim-moers.de\/Wordpress\/wp-json\/wp\/v2\/posts"}],"about":[{"href":"https:\/\/tierheim-moers.de\/Wordpress\/wp-json\/wp\/v2\/types\/post"}],"author":[{"embeddable":true,"href":"https:\/\/tierheim-moers.de\/Wordpress\/wp-json\/wp\/v2\/users\/3"}],"replies":[{"embeddable":true,"href":"https:\/\/tierheim-moers.de\/Wordpress\/wp-json\/wp\/v2\/comments?post=3824"}],"version-history":[{"count":2,"href":"https:\/\/tierheim-moers.de\/Wordpress\/wp-json\/wp\/v2\/posts\/3824\/revisions"}],"predecessor-version":[{"id":3826,"href":"https:\/\/tierheim-moers.de\/Wordpress\/wp-json\/wp\/v2\/posts\/3824\/revisions\/3826"}],"wp:attachment":[{"href":"https:\/\/tierheim-moers.de\/Wordpress\/wp-json\/wp\/v2\/media?parent=3824"}],"wp:term":[{"taxonomy":"category","embeddable":true,"href":"https:\/\/tierheim-moers.de\/Wordpress\/wp-json\/wp\/v2\/categories?post=3824"},{"taxonomy":"post_tag","embeddable":true,"href":"https:\/\/tierheim-moers.de\/Wordpress\/wp-json\/wp\/v2\/tags?post=3824"}],"curies":[{"name":"wp","href":"https:\/\/api.w.org\/{rel}","templated":true}]}}