{"id":38434,"date":"2021-05-16T13:15:36","date_gmt":"2021-05-16T11:15:36","guid":{"rendered":"https:\/\/tierheim-moers.de\/Wordpress\/?p=38434"},"modified":"2021-05-18T16:25:23","modified_gmt":"2021-05-18T14:25:23","slug":"pauli-sucht-neues-zuhause","status":"publish","type":"post","link":"https:\/\/tierheim-moers.de\/Wordpress\/pauli-sucht-neues-zuhause\/","title":{"rendered":"Pauli wird langsam zum Schmuse- und Spieleb\u00e4r und genie\u00dft die Zweisamkeit mit Patscho"},"content":{"rendered":"<p>&nbsp;<\/p>\n<p>06.03.2021<\/p>\n<p><a href=\"https:\/\/tierheim-moers.de\/Wordpress\/wp-content\/uploads\/2021\/03\/pauli-rueckgabe-von-damon.jpg8_-scaled.jpg\"><img fetchpriority=\"high\" decoding=\"async\" class=\"alignnone size-medium wp-image-39046\" src=\"https:\/\/tierheim-moers.de\/Wordpress\/wp-content\/uploads\/2021\/03\/pauli-rueckgabe-von-damon.jpg8_-212x300.jpg\" alt=\"\" width=\"212\" height=\"300\" srcset=\"https:\/\/tierheim-moers.de\/Wordpress\/wp-content\/uploads\/2021\/03\/pauli-rueckgabe-von-damon.jpg8_-212x300.jpg 212w, https:\/\/tierheim-moers.de\/Wordpress\/wp-content\/uploads\/2021\/03\/pauli-rueckgabe-von-damon.jpg8_-723x1024.jpg 723w, https:\/\/tierheim-moers.de\/Wordpress\/wp-content\/uploads\/2021\/03\/pauli-rueckgabe-von-damon.jpg8_-768x1088.jpg 768w, https:\/\/tierheim-moers.de\/Wordpress\/wp-content\/uploads\/2021\/03\/pauli-rueckgabe-von-damon.jpg8_-600x850.jpg 600w, https:\/\/tierheim-moers.de\/Wordpress\/wp-content\/uploads\/2021\/03\/pauli-rueckgabe-von-damon.jpg8_-1084x1536.jpg 1084w, https:\/\/tierheim-moers.de\/Wordpress\/wp-content\/uploads\/2021\/03\/pauli-rueckgabe-von-damon.jpg8_-1445x2048.jpg 1445w, https:\/\/tierheim-moers.de\/Wordpress\/wp-content\/uploads\/2021\/03\/pauli-rueckgabe-von-damon.jpg8_-700x992.jpg 700w, https:\/\/tierheim-moers.de\/Wordpress\/wp-content\/uploads\/2021\/03\/pauli-rueckgabe-von-damon.jpg8_-1320x1870.jpg 1320w, https:\/\/tierheim-moers.de\/Wordpress\/wp-content\/uploads\/2021\/03\/pauli-rueckgabe-von-damon.jpg8_-scaled.jpg 1807w\" sizes=\"(max-width: 212px) 100vw, 212px\" \/><\/a><a href=\"https:\/\/tierheim-moers.de\/Wordpress\/wp-content\/uploads\/2021\/03\/pauli-rueckgabe-von-damon.jpg9_-scaled.jpg\"><img decoding=\"async\" class=\"alignnone size-medium wp-image-39047\" src=\"https:\/\/tierheim-moers.de\/Wordpress\/wp-content\/uploads\/2021\/03\/pauli-rueckgabe-von-damon.jpg9_-300x280.jpg\" alt=\"\" width=\"300\" height=\"280\" srcset=\"https:\/\/tierheim-moers.de\/Wordpress\/wp-content\/uploads\/2021\/03\/pauli-rueckgabe-von-damon.jpg9_-300x280.jpg 300w, https:\/\/tierheim-moers.de\/Wordpress\/wp-content\/uploads\/2021\/03\/pauli-rueckgabe-von-damon.jpg9_-1024x957.jpg 1024w, https:\/\/tierheim-moers.de\/Wordpress\/wp-content\/uploads\/2021\/03\/pauli-rueckgabe-von-damon.jpg9_-768x718.jpg 768w, https:\/\/tierheim-moers.de\/Wordpress\/wp-content\/uploads\/2021\/03\/pauli-rueckgabe-von-damon.jpg9_-600x561.jpg 600w, https:\/\/tierheim-moers.de\/Wordpress\/wp-content\/uploads\/2021\/03\/pauli-rueckgabe-von-damon.jpg9_-1536x1436.jpg 1536w, https:\/\/tierheim-moers.de\/Wordpress\/wp-content\/uploads\/2021\/03\/pauli-rueckgabe-von-damon.jpg9_-2048x1915.jpg 2048w, https:\/\/tierheim-moers.de\/Wordpress\/wp-content\/uploads\/2021\/03\/pauli-rueckgabe-von-damon.jpg9_-700x654.jpg 700w, https:\/\/tierheim-moers.de\/Wordpress\/wp-content\/uploads\/2021\/03\/pauli-rueckgabe-von-damon.jpg9_-1320x1234.jpg 1320w\" sizes=\"(max-width: 300px) 100vw, 300px\" \/><\/a><\/p>\n\n<table id=\"tablepress-83R21\" class=\"tablepress tablepress-id-83R21\">\n<tbody class=\"row-striping row-hover\">\n<tr class=\"row-1\">\n\t<td class=\"column-1\">Name des Tiers:<\/td><td class=\"column-2\">Pauli<\/td>\n<\/tr>\n<tr class=\"row-2\">\n\t<td class=\"column-1\">Bestandsnummer:<\/td><td class=\"column-2\">83 R 21<\/td>\n<\/tr>\n<tr class=\"row-3\">\n\t<td class=\"column-1\">Aufnahmegrund:<\/td><td class=\"column-2\">R\u00fcckgabe<\/td>\n<\/tr>\n<tr class=\"row-4\">\n\t<td class=\"column-1\">Im Tierheim seit:<\/td><td class=\"column-2\">06.03.2021<\/td>\n<\/tr>\n<tr class=\"row-5\">\n\t<td class=\"column-1\">Rasse:<\/td><td class=\"column-2\">EKH<\/td>\n<\/tr>\n<tr class=\"row-6\">\n\t<td class=\"column-1\">Geschlecht:<\/td><td class=\"column-2\">m\u00e4nnlich, kastriert<\/td>\n<\/tr>\n<tr class=\"row-7\">\n\t<td class=\"column-1\">Farbe\/Felll\u00e4nge:<\/td><td class=\"column-2\">grau-getigert<\/td>\n<\/tr>\n<tr class=\"row-8\">\n\t<td class=\"column-1\">Geburtsdatum:<\/td><td class=\"column-2\">05.05.2018<\/td>\n<\/tr>\n<tr class=\"row-9\">\n\t<td class=\"column-1\">Schulterh\u00f6he\/Gewicht:<\/td><td class=\"column-2\"><\/td>\n<\/tr>\n<tr class=\"row-10\">\n\t<td class=\"column-1\">Fundort\/Abgabegrund:<\/td><td class=\"column-2\">Erkrankung der Eigent\u00fcmerin<\/td>\n<\/tr>\n<tr class=\"row-11\">\n\t<td class=\"column-1\">Tierbeschreibung:<\/td><td class=\"column-2\">Freig\u00e4nger, ruhiger Haushalt ohne Kinder, Vermittlung zusammen mit Pauli<\/td>\n<\/tr>\n<\/tbody>\n<\/table>\n<!-- #tablepress-83R21 from cache -->\n<p>25.04.2021<\/p>\n<p><a href=\"https:\/\/tierheim-moers.de\/Wordpress\/wp-content\/uploads\/2021\/03\/pauli-rueckgabe-von-damon.jpg11.jpg\"><img decoding=\"async\" class=\"alignnone size-medium wp-image-39485\" src=\"https:\/\/tierheim-moers.de\/Wordpress\/wp-content\/uploads\/2021\/03\/pauli-rueckgabe-von-damon.jpg11-300x201.jpg\" alt=\"\" width=\"300\" height=\"201\" srcset=\"https:\/\/tierheim-moers.de\/Wordpress\/wp-content\/uploads\/2021\/03\/pauli-rueckgabe-von-damon.jpg11-300x201.jpg 300w, https:\/\/tierheim-moers.de\/Wordpress\/wp-content\/uploads\/2021\/03\/pauli-rueckgabe-von-damon.jpg11-1024x687.jpg 1024w, https:\/\/tierheim-moers.de\/Wordpress\/wp-content\/uploads\/2021\/03\/pauli-rueckgabe-von-damon.jpg11-768x515.jpg 768w, https:\/\/tierheim-moers.de\/Wordpress\/wp-content\/uploads\/2021\/03\/pauli-rueckgabe-von-damon.jpg11-600x402.jpg 600w, https:\/\/tierheim-moers.de\/Wordpress\/wp-content\/uploads\/2021\/03\/pauli-rueckgabe-von-damon.jpg11-1536x1030.jpg 1536w, https:\/\/tierheim-moers.de\/Wordpress\/wp-content\/uploads\/2021\/03\/pauli-rueckgabe-von-damon.jpg11-2048x1374.jpg 2048w, https:\/\/tierheim-moers.de\/Wordpress\/wp-content\/uploads\/2021\/03\/pauli-rueckgabe-von-damon.jpg11-700x470.jpg 700w, https:\/\/tierheim-moers.de\/Wordpress\/wp-content\/uploads\/2021\/03\/pauli-rueckgabe-von-damon.jpg11-1320x885.jpg 1320w\" sizes=\"(max-width: 300px) 100vw, 300px\" \/><\/a><\/p>\n<p>21.04.2021<\/p>\n<p><a href=\"https:\/\/tierheim-moers.de\/Wordpress\/wp-content\/uploads\/2021\/03\/pauli-und-patscho4-ausschnitt.jpg\"><img loading=\"lazy\" decoding=\"async\" class=\"alignnone size-medium wp-image-39358\" src=\"https:\/\/tierheim-moers.de\/Wordpress\/wp-content\/uploads\/2021\/03\/pauli-und-patscho4-ausschnitt-300x267.jpg\" alt=\"\" width=\"300\" height=\"267\" srcset=\"https:\/\/tierheim-moers.de\/Wordpress\/wp-content\/uploads\/2021\/03\/pauli-und-patscho4-ausschnitt-300x267.jpg 300w, https:\/\/tierheim-moers.de\/Wordpress\/wp-content\/uploads\/2021\/03\/pauli-und-patscho4-ausschnitt-1024x910.jpg 1024w, https:\/\/tierheim-moers.de\/Wordpress\/wp-content\/uploads\/2021\/03\/pauli-und-patscho4-ausschnitt-768x683.jpg 768w, https:\/\/tierheim-moers.de\/Wordpress\/wp-content\/uploads\/2021\/03\/pauli-und-patscho4-ausschnitt-600x533.jpg 600w, https:\/\/tierheim-moers.de\/Wordpress\/wp-content\/uploads\/2021\/03\/pauli-und-patscho4-ausschnitt-1536x1365.jpg 1536w, https:\/\/tierheim-moers.de\/Wordpress\/wp-content\/uploads\/2021\/03\/pauli-und-patscho4-ausschnitt-700x622.jpg 700w, https:\/\/tierheim-moers.de\/Wordpress\/wp-content\/uploads\/2021\/03\/pauli-und-patscho4-ausschnitt-1320x1173.jpg 1320w, https:\/\/tierheim-moers.de\/Wordpress\/wp-content\/uploads\/2021\/03\/pauli-und-patscho4-ausschnitt.jpg 1800w\" sizes=\"(max-width: 300px) 100vw, 300px\" \/><\/a><a href=\"https:\/\/tierheim-moers.de\/Wordpress\/wp-content\/uploads\/2021\/03\/pauli-und-patscho2-scaled.jpg\"><img loading=\"lazy\" decoding=\"async\" class=\"alignnone size-medium wp-image-39279\" src=\"https:\/\/tierheim-moers.de\/Wordpress\/wp-content\/uploads\/2021\/03\/pauli-und-patscho2-135x300.jpg\" alt=\"\" width=\"135\" height=\"300\" srcset=\"https:\/\/tierheim-moers.de\/Wordpress\/wp-content\/uploads\/2021\/03\/pauli-und-patscho2-135x300.jpg 135w, https:\/\/tierheim-moers.de\/Wordpress\/wp-content\/uploads\/2021\/03\/pauli-und-patscho2-461x1024.jpg 461w, https:\/\/tierheim-moers.de\/Wordpress\/wp-content\/uploads\/2021\/03\/pauli-und-patscho2-768x1707.jpg 768w, https:\/\/tierheim-moers.de\/Wordpress\/wp-content\/uploads\/2021\/03\/pauli-und-patscho2-600x1333.jpg 600w, https:\/\/tierheim-moers.de\/Wordpress\/wp-content\/uploads\/2021\/03\/pauli-und-patscho2-691x1536.jpg 691w, https:\/\/tierheim-moers.de\/Wordpress\/wp-content\/uploads\/2021\/03\/pauli-und-patscho2-922x2048.jpg 922w, https:\/\/tierheim-moers.de\/Wordpress\/wp-content\/uploads\/2021\/03\/pauli-und-patscho2-700x1556.jpg 700w, https:\/\/tierheim-moers.de\/Wordpress\/wp-content\/uploads\/2021\/03\/pauli-und-patscho2-1320x2933.jpg 1320w, https:\/\/tierheim-moers.de\/Wordpress\/wp-content\/uploads\/2021\/03\/pauli-und-patscho2-scaled.jpg 1152w\" sizes=\"(max-width: 135px) 100vw, 135px\" \/><\/a><\/p>\n<p>Pauli und Patscho werden nur zusammen vermittelt.<\/p>\n<p>17.04.2021<\/p>\n<p>&#8230; unser Spieler&#8230;<\/p>\n<div style=\"width: 640px;\" class=\"wp-video\"><video class=\"wp-video-shortcode\" id=\"video-38434-1\" width=\"640\" height=\"352\" preload=\"metadata\" controls=\"controls\"><source type=\"video\/mp4\" src=\"https:\/\/tierheim-moers.de\/Wordpress\/wp-content\/uploads\/2021\/03\/pauli-video4.mp4?_=1\" \/><a href=\"https:\/\/tierheim-moers.de\/Wordpress\/wp-content\/uploads\/2021\/03\/pauli-video4.mp4\">https:\/\/tierheim-moers.de\/Wordpress\/wp-content\/uploads\/2021\/03\/pauli-video4.mp4<\/a><\/video><\/div>\n<p>16.04.2021<\/p>\n<p>Pauli und Patscho genie\u00dfen die Zweisamkeit\u00a0\u00a0\u00a0\u00a0\u00a0\u00a0\u00a0\u00a0\u00a0\u00a0\u00a0\u00a0\u00a0\u00a0\u00a0\u00a0\u00a0\u00a0\u00a0\u00a0\u00a0\u00a0\u00a0\u00a0\u00a0\u00a0\u00a0\u00a0\u00a0\u00a0\u00a0\u00a0\u00a0 \u00a0 \u00a0 \u00a0 \u00a0 Patscho<\/p>\n<p><a href=\"https:\/\/tierheim-moers.de\/Wordpress\/wp-content\/uploads\/2021\/03\/patscho8-scaled.jpg\"><img loading=\"lazy\" decoding=\"async\" class=\"size-medium wp-image-39033 alignright\" src=\"https:\/\/tierheim-moers.de\/Wordpress\/wp-content\/uploads\/2021\/03\/patscho8-278x300.jpg\" alt=\"\" width=\"278\" height=\"300\" srcset=\"https:\/\/tierheim-moers.de\/Wordpress\/wp-content\/uploads\/2021\/03\/patscho8-278x300.jpg 278w, https:\/\/tierheim-moers.de\/Wordpress\/wp-content\/uploads\/2021\/03\/patscho8-949x1024.jpg 949w, https:\/\/tierheim-moers.de\/Wordpress\/wp-content\/uploads\/2021\/03\/patscho8-768x829.jpg 768w, https:\/\/tierheim-moers.de\/Wordpress\/wp-content\/uploads\/2021\/03\/patscho8-600x647.jpg 600w, https:\/\/tierheim-moers.de\/Wordpress\/wp-content\/uploads\/2021\/03\/patscho8-1424x1536.jpg 1424w, https:\/\/tierheim-moers.de\/Wordpress\/wp-content\/uploads\/2021\/03\/patscho8-1898x2048.jpg 1898w, https:\/\/tierheim-moers.de\/Wordpress\/wp-content\/uploads\/2021\/03\/patscho8-700x755.jpg 700w, https:\/\/tierheim-moers.de\/Wordpress\/wp-content\/uploads\/2021\/03\/patscho8-1320x1424.jpg 1320w\" sizes=\"(max-width: 278px) 100vw, 278px\" \/><\/a><\/p>\n<p><a href=\"https:\/\/tierheim-moers.de\/Wordpress\/wp-content\/uploads\/2021\/03\/pauli-und-patscho-scaled.jpg\"><img loading=\"lazy\" decoding=\"async\" class=\"alignnone size-medium wp-image-39278\" src=\"https:\/\/tierheim-moers.de\/Wordpress\/wp-content\/uploads\/2021\/03\/pauli-und-patscho-300x135.jpg\" alt=\"\" width=\"300\" height=\"135\" srcset=\"https:\/\/tierheim-moers.de\/Wordpress\/wp-content\/uploads\/2021\/03\/pauli-und-patscho-300x135.jpg 300w, https:\/\/tierheim-moers.de\/Wordpress\/wp-content\/uploads\/2021\/03\/pauli-und-patscho-1024x461.jpg 1024w, https:\/\/tierheim-moers.de\/Wordpress\/wp-content\/uploads\/2021\/03\/pauli-und-patscho-768x346.jpg 768w, https:\/\/tierheim-moers.de\/Wordpress\/wp-content\/uploads\/2021\/03\/pauli-und-patscho-600x270.jpg 600w, https:\/\/tierheim-moers.de\/Wordpress\/wp-content\/uploads\/2021\/03\/pauli-und-patscho-1536x691.jpg 1536w, https:\/\/tierheim-moers.de\/Wordpress\/wp-content\/uploads\/2021\/03\/pauli-und-patscho-2048x922.jpg 2048w, https:\/\/tierheim-moers.de\/Wordpress\/wp-content\/uploads\/2021\/03\/pauli-und-patscho-700x315.jpg 700w, https:\/\/tierheim-moers.de\/Wordpress\/wp-content\/uploads\/2021\/03\/pauli-und-patscho-1320x594.jpg 1320w\" sizes=\"(max-width: 300px) 100vw, 300px\" \/><\/a><\/p>\n<p>&nbsp;<\/p>\n<p><a href=\"https:\/\/tierheim-moers.de\/Wordpress\/wp-content\/uploads\/2021\/03\/pauli-und-patscho2-scaled.jpg\"><img loading=\"lazy\" decoding=\"async\" class=\"size-medium wp-image-39279 alignright\" src=\"https:\/\/tierheim-moers.de\/Wordpress\/wp-content\/uploads\/2021\/03\/pauli-und-patscho2-135x300.jpg\" alt=\"\" width=\"135\" height=\"300\" srcset=\"https:\/\/tierheim-moers.de\/Wordpress\/wp-content\/uploads\/2021\/03\/pauli-und-patscho2-135x300.jpg 135w, https:\/\/tierheim-moers.de\/Wordpress\/wp-content\/uploads\/2021\/03\/pauli-und-patscho2-461x1024.jpg 461w, https:\/\/tierheim-moers.de\/Wordpress\/wp-content\/uploads\/2021\/03\/pauli-und-patscho2-768x1707.jpg 768w, https:\/\/tierheim-moers.de\/Wordpress\/wp-content\/uploads\/2021\/03\/pauli-und-patscho2-600x1333.jpg 600w, https:\/\/tierheim-moers.de\/Wordpress\/wp-content\/uploads\/2021\/03\/pauli-und-patscho2-691x1536.jpg 691w, https:\/\/tierheim-moers.de\/Wordpress\/wp-content\/uploads\/2021\/03\/pauli-und-patscho2-922x2048.jpg 922w, https:\/\/tierheim-moers.de\/Wordpress\/wp-content\/uploads\/2021\/03\/pauli-und-patscho2-700x1556.jpg 700w, https:\/\/tierheim-moers.de\/Wordpress\/wp-content\/uploads\/2021\/03\/pauli-und-patscho2-1320x2933.jpg 1320w, https:\/\/tierheim-moers.de\/Wordpress\/wp-content\/uploads\/2021\/03\/pauli-und-patscho2-scaled.jpg 1152w\" sizes=\"(max-width: 135px) 100vw, 135px\" \/><\/a><\/p>\n<p><strong>Pauli und Patscho<\/strong> sind ein tolles Team. Sie spielen zusammen und scheinen sich gegenseitig zu unterst\u00fctzen. Das, was Pauli an Mut gegen\u00fcber Menschen noch fehlt, \u00fcbernimmt Patscho ganz entspannt. Da schaut sich Pauli etwas ab. Und Patscho lernt mehr und mehr die Vorteile des Zusammenlebens mit einem Artgenossen zu genie\u00dfen. Pauli freut das auf jeden Fall.<\/p>\n<p>Es w\u00e4re sch\u00f6n, wenn diese beiden <strong>ein gemeinsames Zuhause<\/strong> finden w\u00fcrden.<\/p>\n<p>Da beide etwas speziell auf ihre Weise sind (Pauli etwas \u00e4ngstlich, Patscho mit der Nahrungsaufnahme ) , sollten die neuen Menschen Katzenerfahrung haben.<\/p>\n<p>update 02.04.2021<\/p>\n<p>Pauli hat fast alle Scheu verloren. Betritt man den Raum und ruft ihn, kommt er meist sofort von seinem Ruhe- oder Schlafplatz und dem Besucher entgegen. Bekannten nat\u00fcrlich sehr viel zutraulicher als Fremden. Diese m\u00fcssen noch etwas Ruhe mitbringen. Man kann aber feststellen, dass Pauli jetzt schneller Vertrauen fast.<a href=\"https:\/\/tierheim-moers.de\/Wordpress\/wp-content\/uploads\/2021\/03\/patscho5-scaled.jpg\"><img loading=\"lazy\" decoding=\"async\" class=\"size-medium wp-image-39006 alignleft\" src=\"https:\/\/tierheim-moers.de\/Wordpress\/wp-content\/uploads\/2021\/03\/patscho5-183x300.jpg\" alt=\"\" width=\"183\" height=\"300\" srcset=\"https:\/\/tierheim-moers.de\/Wordpress\/wp-content\/uploads\/2021\/03\/patscho5-183x300.jpg 183w, https:\/\/tierheim-moers.de\/Wordpress\/wp-content\/uploads\/2021\/03\/patscho5-625x1024.jpg 625w, https:\/\/tierheim-moers.de\/Wordpress\/wp-content\/uploads\/2021\/03\/patscho5-768x1259.jpg 768w, https:\/\/tierheim-moers.de\/Wordpress\/wp-content\/uploads\/2021\/03\/patscho5-600x984.jpg 600w, https:\/\/tierheim-moers.de\/Wordpress\/wp-content\/uploads\/2021\/03\/patscho5-937x1536.jpg 937w, https:\/\/tierheim-moers.de\/Wordpress\/wp-content\/uploads\/2021\/03\/patscho5-1249x2048.jpg 1249w, https:\/\/tierheim-moers.de\/Wordpress\/wp-content\/uploads\/2021\/03\/patscho5-700x1148.jpg 700w, https:\/\/tierheim-moers.de\/Wordpress\/wp-content\/uploads\/2021\/03\/patscho5-1320x2164.jpg 1320w, https:\/\/tierheim-moers.de\/Wordpress\/wp-content\/uploads\/2021\/03\/patscho5-scaled.jpg 1562w\" sizes=\"(max-width: 183px) 100vw, 183px\" \/><\/a><\/p>\n<p>Mit anderen sozialen Katzen hat Pauli keine Probleme. Mittlerweile ist zum zweiten Mal ein neuer Katzenkollege in seinen Raum eingezogen. Pauli ( unten )geht offen auf sie zu.<\/p>\n<p>Wichtig ist, dass sein Katzen-Gegen\u00fcber ebenfalls offen anderen Katzen gegen\u00fcber ist.<\/p>\n<p>Pauli wird langsam ein richtiger Spiele- und Schmuseb\u00e4r.<\/p>\n<p>Hier sehen Sie das Drama Katze gegen Maus:<\/p>\n<div style=\"width: 352px;\" class=\"wp-video\"><video class=\"wp-video-shortcode\" id=\"video-38434-2\" width=\"352\" height=\"640\" preload=\"metadata\" controls=\"controls\"><source type=\"video\/mp4\" src=\"https:\/\/tierheim-moers.de\/Wordpress\/wp-content\/uploads\/2021\/03\/pauli-video3.mp4?_=2\" \/><a href=\"https:\/\/tierheim-moers.de\/Wordpress\/wp-content\/uploads\/2021\/03\/pauli-video3.mp4\">https:\/\/tierheim-moers.de\/Wordpress\/wp-content\/uploads\/2021\/03\/pauli-video3.mp4<\/a><\/video><\/div>\n<p>update 26.03.2021<a href=\"https:\/\/tierheim-moers.de\/Wordpress\/wp-content\/uploads\/2021\/03\/pauli5-scaled.jpg\"><img loading=\"lazy\" decoding=\"async\" class=\"size-medium wp-image-38857 alignleft\" src=\"https:\/\/tierheim-moers.de\/Wordpress\/wp-content\/uploads\/2021\/03\/pauli5-300x197.jpg\" alt=\"\" width=\"300\" height=\"197\" srcset=\"https:\/\/tierheim-moers.de\/Wordpress\/wp-content\/uploads\/2021\/03\/pauli5-300x197.jpg 300w, https:\/\/tierheim-moers.de\/Wordpress\/wp-content\/uploads\/2021\/03\/pauli5-1024x673.jpg 1024w, https:\/\/tierheim-moers.de\/Wordpress\/wp-content\/uploads\/2021\/03\/pauli5-768x505.jpg 768w, https:\/\/tierheim-moers.de\/Wordpress\/wp-content\/uploads\/2021\/03\/pauli5-600x395.jpg 600w, https:\/\/tierheim-moers.de\/Wordpress\/wp-content\/uploads\/2021\/03\/pauli5-1536x1010.jpg 1536w, https:\/\/tierheim-moers.de\/Wordpress\/wp-content\/uploads\/2021\/03\/pauli5-2048x1347.jpg 2048w, https:\/\/tierheim-moers.de\/Wordpress\/wp-content\/uploads\/2021\/03\/pauli5-700x460.jpg 700w, https:\/\/tierheim-moers.de\/Wordpress\/wp-content\/uploads\/2021\/03\/pauli5-1320x868.jpg 1320w\" sizes=\"(max-width: 300px) 100vw, 300px\" \/><\/a> <a href=\"https:\/\/tierheim-moers.de\/Wordpress\/wp-content\/uploads\/2021\/03\/pauli6-scaled.jpg\"><img loading=\"lazy\" decoding=\"async\" class=\"size-medium wp-image-38858 alignright\" src=\"https:\/\/tierheim-moers.de\/Wordpress\/wp-content\/uploads\/2021\/03\/pauli6-205x300.jpg\" alt=\"\" width=\"205\" height=\"300\" srcset=\"https:\/\/tierheim-moers.de\/Wordpress\/wp-content\/uploads\/2021\/03\/pauli6-205x300.jpg 205w, https:\/\/tierheim-moers.de\/Wordpress\/wp-content\/uploads\/2021\/03\/pauli6-700x1025.jpg 700w, https:\/\/tierheim-moers.de\/Wordpress\/wp-content\/uploads\/2021\/03\/pauli6-768x1124.jpg 768w, https:\/\/tierheim-moers.de\/Wordpress\/wp-content\/uploads\/2021\/03\/pauli6-600x878.jpg 600w, https:\/\/tierheim-moers.de\/Wordpress\/wp-content\/uploads\/2021\/03\/pauli6-1049x1536.jpg 1049w, https:\/\/tierheim-moers.de\/Wordpress\/wp-content\/uploads\/2021\/03\/pauli6-1399x2048.jpg 1399w, https:\/\/tierheim-moers.de\/Wordpress\/wp-content\/uploads\/2021\/03\/pauli6-1320x1932.jpg 1320w, https:\/\/tierheim-moers.de\/Wordpress\/wp-content\/uploads\/2021\/03\/pauli6-scaled.jpg 1749w\" sizes=\"(max-width: 205px) 100vw, 205px\" \/><\/a><\/p>\n<p>Die letzten 3 Tage waren sehr <a href=\"https:\/\/tierheim-moers.de\/Wordpress\/wp-content\/uploads\/2021\/03\/pauli4.jpg\"><img loading=\"lazy\" decoding=\"async\" class=\"size-medium wp-image-38856 alignleft\" src=\"https:\/\/tierheim-moers.de\/Wordpress\/wp-content\/uploads\/2021\/03\/pauli4-296x300.jpg\" alt=\"\" width=\"296\" height=\"300\" srcset=\"https:\/\/tierheim-moers.de\/Wordpress\/wp-content\/uploads\/2021\/03\/pauli4-296x300.jpg 296w, https:\/\/tierheim-moers.de\/Wordpress\/wp-content\/uploads\/2021\/03\/pauli4-1009x1024.jpg 1009w, https:\/\/tierheim-moers.de\/Wordpress\/wp-content\/uploads\/2021\/03\/pauli4-768x780.jpg 768w, https:\/\/tierheim-moers.de\/Wordpress\/wp-content\/uploads\/2021\/03\/pauli4-600x609.jpg 600w, https:\/\/tierheim-moers.de\/Wordpress\/wp-content\/uploads\/2021\/03\/pauli4-1513x1536.jpg 1513w, https:\/\/tierheim-moers.de\/Wordpress\/wp-content\/uploads\/2021\/03\/pauli4-700x711.jpg 700w, https:\/\/tierheim-moers.de\/Wordpress\/wp-content\/uploads\/2021\/03\/pauli4-1320x1340.jpg 1320w, https:\/\/tierheim-moers.de\/Wordpress\/wp-content\/uploads\/2021\/03\/pauli4-45x45.jpg 45w, https:\/\/tierheim-moers.de\/Wordpress\/wp-content\/uploads\/2021\/03\/pauli4.jpg 1799w\" sizes=\"(max-width: 296px) 100vw, 296px\" \/><\/a>ereignisreich. Immer mehr kam Pauli aus sich heraus. Er ist <strong>immer noch sehr schreckhaft<\/strong> bei jeden Ger\u00e4usch, aber man kann nun eindeutig sagen, dass Pauli ein ganz lieber und verschmuster Kater ist. Aaaaaber es braucht Zeit. Bestimmt muss ein Fremder erst wieder ganz langsam anfangen und das Vertrauen von Pauli erobern. Aber wir haben gesehen, dass es geht. Es ist immer wieder sch\u00f6n, zu sehen, dass sich Ausdauer und Geduld lohnt.<\/p>\n<div style=\"width: 352px;\" class=\"wp-video\"><video class=\"wp-video-shortcode\" id=\"video-38434-3\" width=\"352\" height=\"640\" preload=\"metadata\" controls=\"controls\"><source type=\"video\/mp4\" src=\"https:\/\/tierheim-moers.de\/Wordpress\/wp-content\/uploads\/2021\/03\/pauli-video.mp4?_=3\" \/><a href=\"https:\/\/tierheim-moers.de\/Wordpress\/wp-content\/uploads\/2021\/03\/pauli-video.mp4\">https:\/\/tierheim-moers.de\/Wordpress\/wp-content\/uploads\/2021\/03\/pauli-video.mp4<\/a><\/video><\/div>\n<p>update 24.03.2021<\/p>\n<p>Pauli wird ganz langsam etwas mutiger. Nachdem ihn die Schmusepatin jetzt regelm\u00e4\u00dfig besucht, kommt er nicht nur aus sich selbst sondern auch aus seiner H\u00f6hle vorsichtig heraus, um seine Umgebung zu erkunden.<\/p>\n<p>In ganz kleinen Schritten fasst Pauli Mut . Wichtig ist es im neuen Zuhause, ihm das Gef\u00fchl von Sicherheit zu geben. Sich immer wieder auf kleinem Abstand mit ihm besch\u00e4ftigen, ohne ihn zu betr\u00e4ngen. Ihn auch mit kleinen Spielem\u00f6glichkeiten ablenken sind Schl\u00fcssel zum Zugang von Pauli. Sein Blick ist mittlerweile nicht mehr so panisch, er putzt\u00a0 und frisst in Gegenwart der Schmusepatin. Dies alles sind Zeichen daf\u00fcr, dass man Pauli einfach nur Zeit geben muss.<\/p>\n<p>Hier die ersten Schritte von Pauli auch in Gegenwart des Schmusepaten.<\/p>\n<div style=\"width: 352px;\" class=\"wp-video\"><video class=\"wp-video-shortcode\" id=\"video-38434-4\" width=\"352\" height=\"640\" preload=\"metadata\" controls=\"controls\"><source type=\"video\/mp4\" src=\"https:\/\/tierheim-moers.de\/Wordpress\/wp-content\/uploads\/2021\/03\/pauli-rueckgabe-von-damon.jpg-video.mp4?_=4\" \/><a href=\"https:\/\/tierheim-moers.de\/Wordpress\/wp-content\/uploads\/2021\/03\/pauli-rueckgabe-von-damon.jpg-video.mp4\">https:\/\/tierheim-moers.de\/Wordpress\/wp-content\/uploads\/2021\/03\/pauli-rueckgabe-von-damon.jpg-video.mp4<\/a><\/video><\/div>\n<p><a href=\"https:\/\/tierheim-moers.de\/Wordpress\/wp-content\/uploads\/2021\/03\/pauli-rueckgabe-von-damon.jpg3_.jpg\"><img loading=\"lazy\" decoding=\"async\" class=\"alignnone size-medium wp-image-38751\" src=\"https:\/\/tierheim-moers.de\/Wordpress\/wp-content\/uploads\/2021\/03\/pauli-rueckgabe-von-damon.jpg3_-213x300.jpg\" alt=\"\" width=\"213\" height=\"300\" srcset=\"https:\/\/tierheim-moers.de\/Wordpress\/wp-content\/uploads\/2021\/03\/pauli-rueckgabe-von-damon.jpg3_-213x300.jpg 213w, https:\/\/tierheim-moers.de\/Wordpress\/wp-content\/uploads\/2021\/03\/pauli-rueckgabe-von-damon.jpg3_-727x1024.jpg 727w, https:\/\/tierheim-moers.de\/Wordpress\/wp-content\/uploads\/2021\/03\/pauli-rueckgabe-von-damon.jpg3_-768x1081.jpg 768w, https:\/\/tierheim-moers.de\/Wordpress\/wp-content\/uploads\/2021\/03\/pauli-rueckgabe-von-damon.jpg3_-600x845.jpg 600w, https:\/\/tierheim-moers.de\/Wordpress\/wp-content\/uploads\/2021\/03\/pauli-rueckgabe-von-damon.jpg3_-700x986.jpg 700w, https:\/\/tierheim-moers.de\/Wordpress\/wp-content\/uploads\/2021\/03\/pauli-rueckgabe-von-damon.jpg3_.jpg 853w\" sizes=\"(max-width: 213px) 100vw, 213px\" \/><\/a> <a href=\"https:\/\/tierheim-moers.de\/Wordpress\/wp-content\/uploads\/2021\/03\/pauli-rueckgabe-von-damon.jpg4_.jpg\"><img loading=\"lazy\" decoding=\"async\" class=\"alignnone size-medium wp-image-38752\" src=\"https:\/\/tierheim-moers.de\/Wordpress\/wp-content\/uploads\/2021\/03\/pauli-rueckgabe-von-damon.jpg4_-275x300.jpg\" alt=\"\" width=\"275\" height=\"300\" srcset=\"https:\/\/tierheim-moers.de\/Wordpress\/wp-content\/uploads\/2021\/03\/pauli-rueckgabe-von-damon.jpg4_-275x300.jpg 275w, https:\/\/tierheim-moers.de\/Wordpress\/wp-content\/uploads\/2021\/03\/pauli-rueckgabe-von-damon.jpg4_-940x1024.jpg 940w, https:\/\/tierheim-moers.de\/Wordpress\/wp-content\/uploads\/2021\/03\/pauli-rueckgabe-von-damon.jpg4_-768x837.jpg 768w, https:\/\/tierheim-moers.de\/Wordpress\/wp-content\/uploads\/2021\/03\/pauli-rueckgabe-von-damon.jpg4_-600x654.jpg 600w, https:\/\/tierheim-moers.de\/Wordpress\/wp-content\/uploads\/2021\/03\/pauli-rueckgabe-von-damon.jpg4_-700x763.jpg 700w, https:\/\/tierheim-moers.de\/Wordpress\/wp-content\/uploads\/2021\/03\/pauli-rueckgabe-von-damon.jpg4_.jpg 1070w\" sizes=\"(max-width: 275px) 100vw, 275px\" \/><\/a><a href=\"https:\/\/tierheim-moers.de\/Wordpress\/wp-content\/uploads\/2021\/03\/pauli-rueckgabe-von-damon.jpg5-ausschnitt.jpg\"><img loading=\"lazy\" decoding=\"async\" class=\"size-medium wp-image-38753\" src=\"https:\/\/tierheim-moers.de\/Wordpress\/wp-content\/uploads\/2021\/03\/pauli-rueckgabe-von-damon.jpg5-ausschnitt-277x300.jpg\" alt=\"\" width=\"277\" height=\"300\" srcset=\"https:\/\/tierheim-moers.de\/Wordpress\/wp-content\/uploads\/2021\/03\/pauli-rueckgabe-von-damon.jpg5-ausschnitt-277x300.jpg 277w, https:\/\/tierheim-moers.de\/Wordpress\/wp-content\/uploads\/2021\/03\/pauli-rueckgabe-von-damon.jpg5-ausschnitt-944x1024.jpg 944w, https:\/\/tierheim-moers.de\/Wordpress\/wp-content\/uploads\/2021\/03\/pauli-rueckgabe-von-damon.jpg5-ausschnitt-768x833.jpg 768w, https:\/\/tierheim-moers.de\/Wordpress\/wp-content\/uploads\/2021\/03\/pauli-rueckgabe-von-damon.jpg5-ausschnitt-600x651.jpg 600w, https:\/\/tierheim-moers.de\/Wordpress\/wp-content\/uploads\/2021\/03\/pauli-rueckgabe-von-damon.jpg5-ausschnitt-1416x1536.jpg 1416w, https:\/\/tierheim-moers.de\/Wordpress\/wp-content\/uploads\/2021\/03\/pauli-rueckgabe-von-damon.jpg5-ausschnitt-700x759.jpg 700w, https:\/\/tierheim-moers.de\/Wordpress\/wp-content\/uploads\/2021\/03\/pauli-rueckgabe-von-damon.jpg5-ausschnitt-1320x1431.jpg 1320w, https:\/\/tierheim-moers.de\/Wordpress\/wp-content\/uploads\/2021\/03\/pauli-rueckgabe-von-damon.jpg5-ausschnitt.jpg 1800w\" sizes=\"(max-width: 277px) 100vw, 277px\" \/><\/a><\/p>\n<p><a href=\"https:\/\/tierheim-moers.de\/Wordpress\/wp-content\/uploads\/2021\/03\/pauli-rueckgabe-von-damon.jpg6_-scaled.jpg\"><img loading=\"lazy\" decoding=\"async\" class=\"alignnone size-medium wp-image-38754\" src=\"https:\/\/tierheim-moers.de\/Wordpress\/wp-content\/uploads\/2021\/03\/pauli-rueckgabe-von-damon.jpg6_-300x135.jpg\" alt=\"\" width=\"300\" height=\"135\" srcset=\"https:\/\/tierheim-moers.de\/Wordpress\/wp-content\/uploads\/2021\/03\/pauli-rueckgabe-von-damon.jpg6_-300x135.jpg 300w, https:\/\/tierheim-moers.de\/Wordpress\/wp-content\/uploads\/2021\/03\/pauli-rueckgabe-von-damon.jpg6_-1024x461.jpg 1024w, https:\/\/tierheim-moers.de\/Wordpress\/wp-content\/uploads\/2021\/03\/pauli-rueckgabe-von-damon.jpg6_-768x346.jpg 768w, https:\/\/tierheim-moers.de\/Wordpress\/wp-content\/uploads\/2021\/03\/pauli-rueckgabe-von-damon.jpg6_-600x270.jpg 600w, https:\/\/tierheim-moers.de\/Wordpress\/wp-content\/uploads\/2021\/03\/pauli-rueckgabe-von-damon.jpg6_-1536x691.jpg 1536w, https:\/\/tierheim-moers.de\/Wordpress\/wp-content\/uploads\/2021\/03\/pauli-rueckgabe-von-damon.jpg6_-2048x922.jpg 2048w, https:\/\/tierheim-moers.de\/Wordpress\/wp-content\/uploads\/2021\/03\/pauli-rueckgabe-von-damon.jpg6_-700x315.jpg 700w, https:\/\/tierheim-moers.de\/Wordpress\/wp-content\/uploads\/2021\/03\/pauli-rueckgabe-von-damon.jpg6_-1320x594.jpg 1320w\" sizes=\"(max-width: 300px) 100vw, 300px\" \/><\/a> <a href=\"https:\/\/tierheim-moers.de\/Wordpress\/wp-content\/uploads\/2021\/03\/pauli-rueckgabe-von-damon.jpg7_-rotated.jpg\"><img loading=\"lazy\" decoding=\"async\" class=\"alignnone size-medium wp-image-38755\" src=\"https:\/\/tierheim-moers.de\/Wordpress\/wp-content\/uploads\/2021\/03\/pauli-rueckgabe-von-damon.jpg7_-300x226.jpg\" alt=\"\" width=\"300\" height=\"226\" srcset=\"https:\/\/tierheim-moers.de\/Wordpress\/wp-content\/uploads\/2021\/03\/pauli-rueckgabe-von-damon.jpg7_-300x226.jpg 300w, https:\/\/tierheim-moers.de\/Wordpress\/wp-content\/uploads\/2021\/03\/pauli-rueckgabe-von-damon.jpg7_-768x578.jpg 768w, https:\/\/tierheim-moers.de\/Wordpress\/wp-content\/uploads\/2021\/03\/pauli-rueckgabe-von-damon.jpg7_-600x451.jpg 600w, https:\/\/tierheim-moers.de\/Wordpress\/wp-content\/uploads\/2021\/03\/pauli-rueckgabe-von-damon.jpg7_-700x526.jpg 700w, https:\/\/tierheim-moers.de\/Wordpress\/wp-content\/uploads\/2021\/03\/pauli-rueckgabe-von-damon.jpg7_-rotated.jpg 1000w\" sizes=\"(max-width: 300px) 100vw, 300px\" \/><\/a><\/p>\n<p>&nbsp;<\/p>\n<p>&nbsp;<\/p>\n<p>13.03.2021<\/p>\n<p><a href=\"https:\/\/tierheim-moers.de\/Wordpress\/wp-content\/uploads\/2021\/03\/pauli1.jpg\"><img loading=\"lazy\" decoding=\"async\" class=\"alignnone size-medium wp-image-38484\" src=\"https:\/\/tierheim-moers.de\/Wordpress\/wp-content\/uploads\/2021\/03\/pauli1-272x300.jpg\" alt=\"\" width=\"272\" height=\"300\" srcset=\"https:\/\/tierheim-moers.de\/Wordpress\/wp-content\/uploads\/2021\/03\/pauli1-272x300.jpg 272w, https:\/\/tierheim-moers.de\/Wordpress\/wp-content\/uploads\/2021\/03\/pauli1-928x1024.jpg 928w, https:\/\/tierheim-moers.de\/Wordpress\/wp-content\/uploads\/2021\/03\/pauli1-768x848.jpg 768w, https:\/\/tierheim-moers.de\/Wordpress\/wp-content\/uploads\/2021\/03\/pauli1-600x662.jpg 600w, https:\/\/tierheim-moers.de\/Wordpress\/wp-content\/uploads\/2021\/03\/pauli1-1392x1536.jpg 1392w, https:\/\/tierheim-moers.de\/Wordpress\/wp-content\/uploads\/2021\/03\/pauli1-1856x2048.jpg 1856w, https:\/\/tierheim-moers.de\/Wordpress\/wp-content\/uploads\/2021\/03\/pauli1-700x773.jpg 700w, https:\/\/tierheim-moers.de\/Wordpress\/wp-content\/uploads\/2021\/03\/pauli1-1320x1457.jpg 1320w, https:\/\/tierheim-moers.de\/Wordpress\/wp-content\/uploads\/2021\/03\/pauli1.jpg 1861w\" sizes=\"(max-width: 272px) 100vw, 272px\" \/><\/a> <a href=\"https:\/\/tierheim-moers.de\/Wordpress\/wp-content\/uploads\/2021\/03\/pauli2-scaled.jpg\"><img loading=\"lazy\" decoding=\"async\" class=\"alignnone size-medium wp-image-38485\" src=\"https:\/\/tierheim-moers.de\/Wordpress\/wp-content\/uploads\/2021\/03\/pauli2-300x222.jpg\" alt=\"\" width=\"300\" height=\"222\" srcset=\"https:\/\/tierheim-moers.de\/Wordpress\/wp-content\/uploads\/2021\/03\/pauli2-300x222.jpg 300w, https:\/\/tierheim-moers.de\/Wordpress\/wp-content\/uploads\/2021\/03\/pauli2-1024x757.jpg 1024w, https:\/\/tierheim-moers.de\/Wordpress\/wp-content\/uploads\/2021\/03\/pauli2-768x567.jpg 768w, https:\/\/tierheim-moers.de\/Wordpress\/wp-content\/uploads\/2021\/03\/pauli2-600x443.jpg 600w, https:\/\/tierheim-moers.de\/Wordpress\/wp-content\/uploads\/2021\/03\/pauli2-1536x1135.jpg 1536w, https:\/\/tierheim-moers.de\/Wordpress\/wp-content\/uploads\/2021\/03\/pauli2-2048x1513.jpg 2048w, https:\/\/tierheim-moers.de\/Wordpress\/wp-content\/uploads\/2021\/03\/pauli2-700x517.jpg 700w, https:\/\/tierheim-moers.de\/Wordpress\/wp-content\/uploads\/2021\/03\/pauli2-1320x975.jpg 1320w\" sizes=\"(max-width: 300px) 100vw, 300px\" \/><\/a><\/p>\n<p>06.03.2021<\/p>\n<p><a href=\"https:\/\/tierheim-moers.de\/Wordpress\/wp-content\/uploads\/2021\/03\/pauli-rueckgabe-von-damon.jpg2-aussschnitt.jpg\"><img loading=\"lazy\" decoding=\"async\" class=\"alignnone size-medium wp-image-38436\" src=\"https:\/\/tierheim-moers.de\/Wordpress\/wp-content\/uploads\/2021\/03\/pauli-rueckgabe-von-damon.jpg2-aussschnitt-300x234.jpg\" alt=\"\" width=\"300\" height=\"234\" srcset=\"https:\/\/tierheim-moers.de\/Wordpress\/wp-content\/uploads\/2021\/03\/pauli-rueckgabe-von-damon.jpg2-aussschnitt-300x234.jpg 300w, https:\/\/tierheim-moers.de\/Wordpress\/wp-content\/uploads\/2021\/03\/pauli-rueckgabe-von-damon.jpg2-aussschnitt-768x599.jpg 768w, https:\/\/tierheim-moers.de\/Wordpress\/wp-content\/uploads\/2021\/03\/pauli-rueckgabe-von-damon.jpg2-aussschnitt-600x468.jpg 600w, https:\/\/tierheim-moers.de\/Wordpress\/wp-content\/uploads\/2021\/03\/pauli-rueckgabe-von-damon.jpg2-aussschnitt-700x546.jpg 700w, https:\/\/tierheim-moers.de\/Wordpress\/wp-content\/uploads\/2021\/03\/pauli-rueckgabe-von-damon.jpg2-aussschnitt.jpg 888w\" sizes=\"(max-width: 300px) 100vw, 300px\" \/><\/a><a href=\"https:\/\/tierheim-moers.de\/Wordpress\/wp-content\/uploads\/2021\/03\/pauli-rueckgabe-von-damon-ausschnitt.jpg\"><img loading=\"lazy\" decoding=\"async\" class=\"alignnone size-medium wp-image-38435\" src=\"https:\/\/tierheim-moers.de\/Wordpress\/wp-content\/uploads\/2021\/03\/pauli-rueckgabe-von-damon-ausschnitt-300x251.jpg\" alt=\"\" width=\"300\" height=\"251\" srcset=\"https:\/\/tierheim-moers.de\/Wordpress\/wp-content\/uploads\/2021\/03\/pauli-rueckgabe-von-damon-ausschnitt-300x251.jpg 300w, https:\/\/tierheim-moers.de\/Wordpress\/wp-content\/uploads\/2021\/03\/pauli-rueckgabe-von-damon-ausschnitt-600x502.jpg 600w, https:\/\/tierheim-moers.de\/Wordpress\/wp-content\/uploads\/2021\/03\/pauli-rueckgabe-von-damon-ausschnitt-700x585.jpg 700w, https:\/\/tierheim-moers.de\/Wordpress\/wp-content\/uploads\/2021\/03\/pauli-rueckgabe-von-damon-ausschnitt.jpg 750w\" sizes=\"(max-width: 300px) 100vw, 300px\" \/><\/a><\/p>\n<p>Pauli kam 2018 als Baby zu uns ins Tierheim und fand nach kurzer Zeit ein neues Zuhause zusammen mit seinem Bruder Damon. Nun ist nicht nur sein Bruder gestorben , sondern auch seine Dosen\u00f6ffnerin so schwer erkrankt, dass sie Pauli nicht mehr versorgen kann.<\/p>\n<p>Da Pauli auch etwas sch\u00fcchtern ist,\u00a0 braucht er bestimmt eine gewisse Zeit, um sich in einer neuen Umgebung mit neuen Menschen einzuleben. Seine neuen Menschen sollten Katzenkenner sein und seine besondere Situation ber\u00fccksichtigen. In wie weit er eine vorhandene Erstkatze akzeptieren\u00a0 wird, m\u00fcssen wir erst mal abwarten. Wenn Pauli in einen Katzenraum umziehen kann, wird man sehen, ob er sich mit anderen Katzen versteht.<\/p>\n<p>Das neue Zuhause von Pauli sollte eher ruhig und ohne Kinder sein. Pauli braucht die M\u00f6glichkeit zum sp\u00e4teren Freigang.<\/p>\n<div class=\"shariff shariff-align-flex-start shariff-widget-align-center\" data-url=\"https%3A%2F%2Ftierheim-moers.de%2FWordpress%2Fpauli-sucht-neues-zuhause%2F\" data-timestamp=\"1621355123\" data-hidezero=\"1\" data-backendurl=\"https:\/\/tierheim-moers.de\/Wordpress\/wp-json\/shariff\/v1\/share_counts?\"><ul class=\"shariff-buttons theme-round orientation-horizontal buttonsize-small\"><li class=\"shariff-button facebook shariff-nocustomcolor\" style=\"background-color:#4273c8\"><a href=\"https:\/\/www.facebook.com\/sharer\/sharer.php?u=https%3A%2F%2Ftierheim-moers.de%2FWordpress%2Fpauli-sucht-neues-zuhause%2F\" title=\"Bei Facebook teilen\" aria-label=\"Bei Facebook teilen\" role=\"button\" rel=\"nofollow\" class=\"shariff-link\" style=\"; background-color:#3b5998; color:#fff\" target=\"_blank\"><span class=\"shariff-icon\" style=\"\"><svg width=\"32px\" height=\"20px\" xmlns=\"http:\/\/www.w3.org\/2000\/svg\" viewBox=\"0 0 18 32\"><path fill=\"#3b5998\" d=\"M17.1 0.2v4.7h-2.8q-1.5 0-2.1 0.6t-0.5 1.9v3.4h5.2l-0.7 5.3h-4.5v13.6h-5.5v-13.6h-4.5v-5.3h4.5v-3.9q0-3.3 1.9-5.2t5-1.8q2.6 0 4.1 0.2z\"\/><\/svg><\/span><\/a><\/li><li class=\"shariff-button twitter shariff-nocustomcolor\" style=\"background-color:#595959\"><a href=\"https:\/\/twitter.com\/share?url=https%3A%2F%2Ftierheim-moers.de%2FWordpress%2Fpauli-sucht-neues-zuhause%2F&text=Pauli%20wird%20langsam%20zum%20Schmuse-%20und%20Spieleb%C3%A4r%20und%20genie%C3%9Ft%20die%20Zweisamkeit%20mit%20Patscho\" title=\"Bei X teilen\" aria-label=\"Bei X teilen\" role=\"button\" rel=\"noopener nofollow\" class=\"shariff-link\" style=\"; background-color:#000; color:#fff\" target=\"_blank\"><span class=\"shariff-icon\" style=\"\"><svg width=\"32px\" height=\"20px\" xmlns=\"http:\/\/www.w3.org\/2000\/svg\" viewBox=\"0 0 24 24\"><path fill=\"#000\" d=\"M14.258 10.152L23.176 0h-2.113l-7.747 8.813L7.133 0H0l9.352 13.328L0 23.973h2.113l8.176-9.309 6.531 9.309h7.133zm-2.895 3.293l-.949-1.328L2.875 1.56h3.246l6.086 8.523.945 1.328 7.91 11.078h-3.246zm0 0\"\/><\/svg><\/span><\/a><\/li><li class=\"shariff-button whatsapp shariff-nocustomcolor\" style=\"background-color:#5cbe4a\"><a href=\"https:\/\/api.whatsapp.com\/send?text=https%3A%2F%2Ftierheim-moers.de%2FWordpress%2Fpauli-sucht-neues-zuhause%2F%20Pauli%20wird%20langsam%20zum%20Schmuse-%20und%20Spieleb%C3%A4r%20und%20genie%C3%9Ft%20die%20Zweisamkeit%20mit%20Patscho\" title=\"Bei Whatsapp teilen\" aria-label=\"Bei Whatsapp teilen\" role=\"button\" rel=\"noopener nofollow\" class=\"shariff-link\" style=\"; background-color:#34af23; color:#fff\" target=\"_blank\"><span class=\"shariff-icon\" style=\"\"><svg width=\"32px\" height=\"20px\" xmlns=\"http:\/\/www.w3.org\/2000\/svg\" viewBox=\"0 0 32 32\"><path fill=\"#34af23\" d=\"M17.6 17.4q0.2 0 1.7 0.8t1.6 0.9q0 0.1 0 0.3 0 0.6-0.3 1.4-0.3 0.7-1.3 1.2t-1.8 0.5q-1 0-3.4-1.1-1.7-0.8-3-2.1t-2.6-3.3q-1.3-1.9-1.3-3.5v-0.1q0.1-1.6 1.3-2.8 0.4-0.4 0.9-0.4 0.1 0 0.3 0t0.3 0q0.3 0 0.5 0.1t0.3 0.5q0.1 0.4 0.6 1.6t0.4 1.3q0 0.4-0.6 1t-0.6 0.8q0 0.1 0.1 0.3 0.6 1.3 1.8 2.4 1 0.9 2.7 1.8 0.2 0.1 0.4 0.1 0.3 0 1-0.9t0.9-0.9zM14 26.9q2.3 0 4.3-0.9t3.6-2.4 2.4-3.6 0.9-4.3-0.9-4.3-2.4-3.6-3.6-2.4-4.3-0.9-4.3 0.9-3.6 2.4-2.4 3.6-0.9 4.3q0 3.6 2.1 6.6l-1.4 4.2 4.3-1.4q2.8 1.9 6.2 1.9zM14 2.2q2.7 0 5.2 1.1t4.3 2.9 2.9 4.3 1.1 5.2-1.1 5.2-2.9 4.3-4.3 2.9-5.2 1.1q-3.5 0-6.5-1.7l-7.4 2.4 2.4-7.2q-1.9-3.2-1.9-6.9 0-2.7 1.1-5.2t2.9-4.3 4.3-2.9 5.2-1.1z\"\/><\/svg><\/span><\/a><\/li><li class=\"shariff-button sms shariff-nocustomcolor shariff-mobile\" style=\"background-color:#d7d9d8\"><a href=\"sms:?&body=https%3A%2F%2Ftierheim-moers.de%2FWordpress%2Fpauli-sucht-neues-zuhause%2F\" title=\"Per SMS teilen\" aria-label=\"Per SMS teilen\" role=\"button\" rel=\"noopener nofollow\" class=\"shariff-link\" style=\"; background-color:#a1e877; color:#fff\" target=\"_blank\"><span class=\"shariff-icon\" style=\"\"><svg xmlns=\"http:\/\/www.w3.org\/2000\/svg\" width=\"510\" height=\"510\" viewBox=\"0 0 510 510\"><path fill=\"#a1e877\" d=\"M459 0H51C23 0 0 23 0 51v459l102-102h357c28.1 0 51-22.9 51-51V51C510 23 487.1 0 459 0zM178.5 229.5h-51v-51h51V229.5zM280.5 229.5h-51v-51h51V229.5zM382.5 229.5h-51v-51h51V229.5z\"\/><\/svg><\/span><\/a><\/li><\/ul><\/div>","protected":false},"excerpt":{"rendered":"<p>&nbsp; 06.03.2021 25.04.2021 21.04.2021 Pauli und Patscho werden nur zusammen vermittelt. 17.04.2021 &#8230; unser Spieler&#8230; 16.04.2021 Pauli und Patscho genie\u00dfen die Zweisamkeit\u00a0\u00a0\u00a0\u00a0\u00a0\u00a0\u00a0\u00a0\u00a0\u00a0\u00a0\u00a0\u00a0\u00a0\u00a0\u00a0\u00a0\u00a0\u00a0\u00a0\u00a0\u00a0\u00a0\u00a0\u00a0\u00a0\u00a0\u00a0\u00a0\u00a0\u00a0\u00a0\u00a0 \u00a0 \u00a0 \u00a0 \u00a0 Patscho &nbsp; Pauli und Patscho sind ein tolles Team. Sie spielen zusammen und scheinen sich gegenseitig zu unterst\u00fctzen. Das, was Pauli an Mut gegen\u00fcber &#8230;<\/p>\n","protected":false},"author":4,"featured_media":39945,"comment_status":"closed","ping_status":"open","sticky":false,"template":"","format":"standard","meta":{"ngg_post_thumbnail":0,"footnotes":""},"categories":[30],"tags":[],"class_list":["post-38434","post","type-post","status-publish","format-standard","has-post-thumbnail","hentry","category-fotos","column","threecol","has-thumbnail"],"yoast_head":"<!-- This site is optimized with the Yoast SEO plugin v24.6 - https:\/\/yoast.com\/wordpress\/plugins\/seo\/ -->\n<title>Pauli wird langsam zum Schmuse- und Spieleb\u00e4r und genie\u00dft die Zweisamkeit mit Patscho | TIERHEIM MOERS<\/title>\n<meta name=\"robots\" content=\"index, follow, max-snippet:-1, max-image-preview:large, max-video-preview:-1\" \/>\n<link rel=\"canonical\" href=\"https:\/\/tierheim-moers.de\/Wordpress\/pauli-sucht-neues-zuhause\/\" \/>\n<meta property=\"og:locale\" content=\"de_DE\" \/>\n<meta property=\"og:type\" content=\"article\" \/>\n<meta property=\"og:title\" content=\"Pauli wird langsam zum Schmuse- und Spieleb\u00e4r und genie\u00dft die Zweisamkeit mit Patscho | TIERHEIM MOERS\" \/>\n<meta property=\"og:description\" content=\"&nbsp; 06.03.2021 25.04.2021 21.04.2021 Pauli und Patscho werden nur zusammen vermittelt. 17.04.2021 &#8230; unser Spieler&#8230; 16.04.2021 Pauli und Patscho genie\u00dfen die Zweisamkeit\u00a0\u00a0\u00a0\u00a0\u00a0\u00a0\u00a0\u00a0\u00a0\u00a0\u00a0\u00a0\u00a0\u00a0\u00a0\u00a0\u00a0\u00a0\u00a0\u00a0\u00a0\u00a0\u00a0\u00a0\u00a0\u00a0\u00a0\u00a0\u00a0\u00a0\u00a0\u00a0\u00a0 &#8230;\" \/>\n<meta property=\"og:url\" content=\"https:\/\/tierheim-moers.de\/Wordpress\/pauli-sucht-neues-zuhause\/\" \/>\n<meta property=\"og:site_name\" content=\"TIERHEIM MOERS\" \/>\n<meta property=\"article:publisher\" content=\"https:\/\/de-de.facebook.com\/moers.tierheim\" \/>\n<meta property=\"article:published_time\" content=\"2021-05-16T11:15:36+00:00\" \/>\n<meta property=\"article:modified_time\" content=\"2021-05-18T14:25:23+00:00\" \/>\n<meta property=\"og:image\" content=\"https:\/\/tierheim-moers.de\/Wordpress\/wp-content\/uploads\/2021\/03\/pauli-und-patscho2-ausschnitt.jpg\" \/>\n\t<meta property=\"og:image:width\" content=\"1800\" \/>\n\t<meta property=\"og:image:height\" content=\"2024\" \/>\n\t<meta property=\"og:image:type\" content=\"image\/jpeg\" \/>\n<meta name=\"author\" content=\"Gisela Kuhnen\" \/>\n<meta name=\"twitter:card\" content=\"summary_large_image\" \/>\n<meta name=\"twitter:label1\" content=\"Verfasst von\" \/>\n\t<meta name=\"twitter:data1\" content=\"Gisela Kuhnen\" \/>\n\t<meta name=\"twitter:label2\" content=\"Gesch\u00e4tzte Lesezeit\" \/>\n\t<meta name=\"twitter:data2\" content=\"7\u00a0Minuten\" \/>\n<script type=\"application\/ld+json\" class=\"yoast-schema-graph\">{\"@context\":\"https:\/\/schema.org\",\"@graph\":[{\"@type\":\"Article\",\"@id\":\"https:\/\/tierheim-moers.de\/Wordpress\/pauli-sucht-neues-zuhause\/#article\",\"isPartOf\":{\"@id\":\"https:\/\/tierheim-moers.de\/Wordpress\/pauli-sucht-neues-zuhause\/\"},\"author\":{\"name\":\"Gisela Kuhnen\",\"@id\":\"https:\/\/tierheim-moers.de\/Wordpress\/#\/schema\/person\/35ad410ed2d8620d4f57f813585b0d8e\"},\"headline\":\"Pauli wird langsam zum Schmuse- und Spieleb\u00e4r und genie\u00dft die Zweisamkeit mit Patscho\",\"datePublished\":\"2021-05-16T11:15:36+00:00\",\"dateModified\":\"2021-05-18T14:25:23+00:00\",\"mainEntityOfPage\":{\"@id\":\"https:\/\/tierheim-moers.de\/Wordpress\/pauli-sucht-neues-zuhause\/\"},\"wordCount\":631,\"publisher\":{\"@id\":\"https:\/\/tierheim-moers.de\/Wordpress\/#organization\"},\"image\":{\"@id\":\"https:\/\/tierheim-moers.de\/Wordpress\/pauli-sucht-neues-zuhause\/#primaryimage\"},\"thumbnailUrl\":\"https:\/\/tierheim-moers.de\/Wordpress\/wp-content\/uploads\/2021\/03\/pauli-und-patscho2-ausschnitt.jpg\",\"articleSection\":[\"Fotos\"],\"inLanguage\":\"de\"},{\"@type\":\"WebPage\",\"@id\":\"https:\/\/tierheim-moers.de\/Wordpress\/pauli-sucht-neues-zuhause\/\",\"url\":\"https:\/\/tierheim-moers.de\/Wordpress\/pauli-sucht-neues-zuhause\/\",\"name\":\"Pauli wird langsam zum Schmuse- und Spieleb\u00e4r und genie\u00dft die Zweisamkeit mit Patscho | TIERHEIM MOERS\",\"isPartOf\":{\"@id\":\"https:\/\/tierheim-moers.de\/Wordpress\/#website\"},\"primaryImageOfPage\":{\"@id\":\"https:\/\/tierheim-moers.de\/Wordpress\/pauli-sucht-neues-zuhause\/#primaryimage\"},\"image\":{\"@id\":\"https:\/\/tierheim-moers.de\/Wordpress\/pauli-sucht-neues-zuhause\/#primaryimage\"},\"thumbnailUrl\":\"https:\/\/tierheim-moers.de\/Wordpress\/wp-content\/uploads\/2021\/03\/pauli-und-patscho2-ausschnitt.jpg\",\"datePublished\":\"2021-05-16T11:15:36+00:00\",\"dateModified\":\"2021-05-18T14:25:23+00:00\",\"breadcrumb\":{\"@id\":\"https:\/\/tierheim-moers.de\/Wordpress\/pauli-sucht-neues-zuhause\/#breadcrumb\"},\"inLanguage\":\"de\",\"potentialAction\":[{\"@type\":\"ReadAction\",\"target\":[\"https:\/\/tierheim-moers.de\/Wordpress\/pauli-sucht-neues-zuhause\/\"]}]},{\"@type\":\"ImageObject\",\"inLanguage\":\"de\",\"@id\":\"https:\/\/tierheim-moers.de\/Wordpress\/pauli-sucht-neues-zuhause\/#primaryimage\",\"url\":\"https:\/\/tierheim-moers.de\/Wordpress\/wp-content\/uploads\/2021\/03\/pauli-und-patscho2-ausschnitt.jpg\",\"contentUrl\":\"https:\/\/tierheim-moers.de\/Wordpress\/wp-content\/uploads\/2021\/03\/pauli-und-patscho2-ausschnitt.jpg\",\"width\":1800,\"height\":2024},{\"@type\":\"BreadcrumbList\",\"@id\":\"https:\/\/tierheim-moers.de\/Wordpress\/pauli-sucht-neues-zuhause\/#breadcrumb\",\"itemListElement\":[{\"@type\":\"ListItem\",\"position\":1,\"name\":\"Startseite\",\"item\":\"https:\/\/tierheim-moers.de\/Wordpress\/\"},{\"@type\":\"ListItem\",\"position\":2,\"name\":\"Pauli wird langsam zum Schmuse- und Spieleb\u00e4r und genie\u00dft die Zweisamkeit mit Patscho\"}]},{\"@type\":\"WebSite\",\"@id\":\"https:\/\/tierheim-moers.de\/Wordpress\/#website\",\"url\":\"https:\/\/tierheim-moers.de\/Wordpress\/\",\"name\":\"Tierheim Moers\",\"description\":\"Tierheim | Hundepension | Tierschutz | Moers\",\"publisher\":{\"@id\":\"https:\/\/tierheim-moers.de\/Wordpress\/#organization\"},\"potentialAction\":[{\"@type\":\"SearchAction\",\"target\":{\"@type\":\"EntryPoint\",\"urlTemplate\":\"https:\/\/tierheim-moers.de\/Wordpress\/?s={search_term_string}\"},\"query-input\":{\"@type\":\"PropertyValueSpecification\",\"valueRequired\":true,\"valueName\":\"search_term_string\"}}],\"inLanguage\":\"de\"},{\"@type\":\"Organization\",\"@id\":\"https:\/\/tierheim-moers.de\/Wordpress\/#organization\",\"name\":\"Tierheim Moers\",\"url\":\"https:\/\/tierheim-moers.de\/Wordpress\/\",\"logo\":{\"@type\":\"ImageObject\",\"inLanguage\":\"de\",\"@id\":\"https:\/\/tierheim-moers.de\/Wordpress\/#\/schema\/logo\/image\/\",\"url\":\"https:\/\/tierheim-moers.de\/Wordpress\/wp-content\/uploads\/2014\/04\/Logo-TSV-Moers-V01-RGB-300.png\",\"contentUrl\":\"https:\/\/tierheim-moers.de\/Wordpress\/wp-content\/uploads\/2014\/04\/Logo-TSV-Moers-V01-RGB-300.png\",\"width\":1052,\"height\":1038,\"caption\":\"Tierheim Moers\"},\"image\":{\"@id\":\"https:\/\/tierheim-moers.de\/Wordpress\/#\/schema\/logo\/image\/\"},\"sameAs\":[\"https:\/\/de-de.facebook.com\/moers.tierheim\"]},{\"@type\":\"Person\",\"@id\":\"https:\/\/tierheim-moers.de\/Wordpress\/#\/schema\/person\/35ad410ed2d8620d4f57f813585b0d8e\",\"name\":\"Gisela Kuhnen\",\"image\":{\"@type\":\"ImageObject\",\"inLanguage\":\"de\",\"@id\":\"https:\/\/tierheim-moers.de\/Wordpress\/#\/schema\/person\/image\/\",\"url\":\"https:\/\/secure.gravatar.com\/avatar\/807ca84b4538291e2f5dc665ed240a0d4d7ab8f22360ec427a82fe926980b31a?s=96&d=mm&r=g\",\"contentUrl\":\"https:\/\/secure.gravatar.com\/avatar\/807ca84b4538291e2f5dc665ed240a0d4d7ab8f22360ec427a82fe926980b31a?s=96&d=mm&r=g\",\"caption\":\"Gisela Kuhnen\"},\"url\":\"https:\/\/tierheim-moers.de\/Wordpress\/author\/gisela-kuhnen\/\"}]}<\/script>\n<!-- \/ Yoast SEO plugin. -->","yoast_head_json":{"title":"Pauli wird langsam zum Schmuse- und Spieleb\u00e4r und genie\u00dft die Zweisamkeit mit Patscho | TIERHEIM MOERS","robots":{"index":"index","follow":"follow","max-snippet":"max-snippet:-1","max-image-preview":"max-image-preview:large","max-video-preview":"max-video-preview:-1"},"canonical":"https:\/\/tierheim-moers.de\/Wordpress\/pauli-sucht-neues-zuhause\/","og_locale":"de_DE","og_type":"article","og_title":"Pauli wird langsam zum Schmuse- und Spieleb\u00e4r und genie\u00dft die Zweisamkeit mit Patscho | TIERHEIM MOERS","og_description":"&nbsp; 06.03.2021 25.04.2021 21.04.2021 Pauli und Patscho werden nur zusammen vermittelt. 17.04.2021 &#8230; unser Spieler&#8230; 16.04.2021 Pauli und Patscho genie\u00dfen die Zweisamkeit\u00a0\u00a0\u00a0\u00a0\u00a0\u00a0\u00a0\u00a0\u00a0\u00a0\u00a0\u00a0\u00a0\u00a0\u00a0\u00a0\u00a0\u00a0\u00a0\u00a0\u00a0\u00a0\u00a0\u00a0\u00a0\u00a0\u00a0\u00a0\u00a0\u00a0\u00a0\u00a0\u00a0 &#8230;","og_url":"https:\/\/tierheim-moers.de\/Wordpress\/pauli-sucht-neues-zuhause\/","og_site_name":"TIERHEIM MOERS","article_publisher":"https:\/\/de-de.facebook.com\/moers.tierheim","article_published_time":"2021-05-16T11:15:36+00:00","article_modified_time":"2021-05-18T14:25:23+00:00","og_image":[{"width":1800,"height":2024,"url":"https:\/\/tierheim-moers.de\/Wordpress\/wp-content\/uploads\/2021\/03\/pauli-und-patscho2-ausschnitt.jpg","type":"image\/jpeg"}],"author":"Gisela Kuhnen","twitter_card":"summary_large_image","twitter_misc":{"Verfasst von":"Gisela Kuhnen","Gesch\u00e4tzte Lesezeit":"7\u00a0Minuten"},"schema":{"@context":"https:\/\/schema.org","@graph":[{"@type":"Article","@id":"https:\/\/tierheim-moers.de\/Wordpress\/pauli-sucht-neues-zuhause\/#article","isPartOf":{"@id":"https:\/\/tierheim-moers.de\/Wordpress\/pauli-sucht-neues-zuhause\/"},"author":{"name":"Gisela Kuhnen","@id":"https:\/\/tierheim-moers.de\/Wordpress\/#\/schema\/person\/35ad410ed2d8620d4f57f813585b0d8e"},"headline":"Pauli wird langsam zum Schmuse- und Spieleb\u00e4r und genie\u00dft die Zweisamkeit mit Patscho","datePublished":"2021-05-16T11:15:36+00:00","dateModified":"2021-05-18T14:25:23+00:00","mainEntityOfPage":{"@id":"https:\/\/tierheim-moers.de\/Wordpress\/pauli-sucht-neues-zuhause\/"},"wordCount":631,"publisher":{"@id":"https:\/\/tierheim-moers.de\/Wordpress\/#organization"},"image":{"@id":"https:\/\/tierheim-moers.de\/Wordpress\/pauli-sucht-neues-zuhause\/#primaryimage"},"thumbnailUrl":"https:\/\/tierheim-moers.de\/Wordpress\/wp-content\/uploads\/2021\/03\/pauli-und-patscho2-ausschnitt.jpg","articleSection":["Fotos"],"inLanguage":"de"},{"@type":"WebPage","@id":"https:\/\/tierheim-moers.de\/Wordpress\/pauli-sucht-neues-zuhause\/","url":"https:\/\/tierheim-moers.de\/Wordpress\/pauli-sucht-neues-zuhause\/","name":"Pauli wird langsam zum Schmuse- und Spieleb\u00e4r und genie\u00dft die Zweisamkeit mit Patscho | TIERHEIM MOERS","isPartOf":{"@id":"https:\/\/tierheim-moers.de\/Wordpress\/#website"},"primaryImageOfPage":{"@id":"https:\/\/tierheim-moers.de\/Wordpress\/pauli-sucht-neues-zuhause\/#primaryimage"},"image":{"@id":"https:\/\/tierheim-moers.de\/Wordpress\/pauli-sucht-neues-zuhause\/#primaryimage"},"thumbnailUrl":"https:\/\/tierheim-moers.de\/Wordpress\/wp-content\/uploads\/2021\/03\/pauli-und-patscho2-ausschnitt.jpg","datePublished":"2021-05-16T11:15:36+00:00","dateModified":"2021-05-18T14:25:23+00:00","breadcrumb":{"@id":"https:\/\/tierheim-moers.de\/Wordpress\/pauli-sucht-neues-zuhause\/#breadcrumb"},"inLanguage":"de","potentialAction":[{"@type":"ReadAction","target":["https:\/\/tierheim-moers.de\/Wordpress\/pauli-sucht-neues-zuhause\/"]}]},{"@type":"ImageObject","inLanguage":"de","@id":"https:\/\/tierheim-moers.de\/Wordpress\/pauli-sucht-neues-zuhause\/#primaryimage","url":"https:\/\/tierheim-moers.de\/Wordpress\/wp-content\/uploads\/2021\/03\/pauli-und-patscho2-ausschnitt.jpg","contentUrl":"https:\/\/tierheim-moers.de\/Wordpress\/wp-content\/uploads\/2021\/03\/pauli-und-patscho2-ausschnitt.jpg","width":1800,"height":2024},{"@type":"BreadcrumbList","@id":"https:\/\/tierheim-moers.de\/Wordpress\/pauli-sucht-neues-zuhause\/#breadcrumb","itemListElement":[{"@type":"ListItem","position":1,"name":"Startseite","item":"https:\/\/tierheim-moers.de\/Wordpress\/"},{"@type":"ListItem","position":2,"name":"Pauli wird langsam zum Schmuse- und Spieleb\u00e4r und genie\u00dft die Zweisamkeit mit Patscho"}]},{"@type":"WebSite","@id":"https:\/\/tierheim-moers.de\/Wordpress\/#website","url":"https:\/\/tierheim-moers.de\/Wordpress\/","name":"Tierheim Moers","description":"Tierheim | Hundepension | Tierschutz | Moers","publisher":{"@id":"https:\/\/tierheim-moers.de\/Wordpress\/#organization"},"potentialAction":[{"@type":"SearchAction","target":{"@type":"EntryPoint","urlTemplate":"https:\/\/tierheim-moers.de\/Wordpress\/?s={search_term_string}"},"query-input":{"@type":"PropertyValueSpecification","valueRequired":true,"valueName":"search_term_string"}}],"inLanguage":"de"},{"@type":"Organization","@id":"https:\/\/tierheim-moers.de\/Wordpress\/#organization","name":"Tierheim Moers","url":"https:\/\/tierheim-moers.de\/Wordpress\/","logo":{"@type":"ImageObject","inLanguage":"de","@id":"https:\/\/tierheim-moers.de\/Wordpress\/#\/schema\/logo\/image\/","url":"https:\/\/tierheim-moers.de\/Wordpress\/wp-content\/uploads\/2014\/04\/Logo-TSV-Moers-V01-RGB-300.png","contentUrl":"https:\/\/tierheim-moers.de\/Wordpress\/wp-content\/uploads\/2014\/04\/Logo-TSV-Moers-V01-RGB-300.png","width":1052,"height":1038,"caption":"Tierheim Moers"},"image":{"@id":"https:\/\/tierheim-moers.de\/Wordpress\/#\/schema\/logo\/image\/"},"sameAs":["https:\/\/de-de.facebook.com\/moers.tierheim"]},{"@type":"Person","@id":"https:\/\/tierheim-moers.de\/Wordpress\/#\/schema\/person\/35ad410ed2d8620d4f57f813585b0d8e","name":"Gisela Kuhnen","image":{"@type":"ImageObject","inLanguage":"de","@id":"https:\/\/tierheim-moers.de\/Wordpress\/#\/schema\/person\/image\/","url":"https:\/\/secure.gravatar.com\/avatar\/807ca84b4538291e2f5dc665ed240a0d4d7ab8f22360ec427a82fe926980b31a?s=96&d=mm&r=g","contentUrl":"https:\/\/secure.gravatar.com\/avatar\/807ca84b4538291e2f5dc665ed240a0d4d7ab8f22360ec427a82fe926980b31a?s=96&d=mm&r=g","caption":"Gisela Kuhnen"},"url":"https:\/\/tierheim-moers.de\/Wordpress\/author\/gisela-kuhnen\/"}]}},"_links":{"self":[{"href":"https:\/\/tierheim-moers.de\/Wordpress\/wp-json\/wp\/v2\/posts\/38434","targetHints":{"allow":["GET"]}}],"collection":[{"href":"https:\/\/tierheim-moers.de\/Wordpress\/wp-json\/wp\/v2\/posts"}],"about":[{"href":"https:\/\/tierheim-moers.de\/Wordpress\/wp-json\/wp\/v2\/types\/post"}],"author":[{"embeddable":true,"href":"https:\/\/tierheim-moers.de\/Wordpress\/wp-json\/wp\/v2\/users\/4"}],"replies":[{"embeddable":true,"href":"https:\/\/tierheim-moers.de\/Wordpress\/wp-json\/wp\/v2\/comments?post=38434"}],"version-history":[{"count":24,"href":"https:\/\/tierheim-moers.de\/Wordpress\/wp-json\/wp\/v2\/posts\/38434\/revisions"}],"predecessor-version":[{"id":39947,"href":"https:\/\/tierheim-moers.de\/Wordpress\/wp-json\/wp\/v2\/posts\/38434\/revisions\/39947"}],"wp:featuredmedia":[{"embeddable":true,"href":"https:\/\/tierheim-moers.de\/Wordpress\/wp-json\/wp\/v2\/media\/39945"}],"wp:attachment":[{"href":"https:\/\/tierheim-moers.de\/Wordpress\/wp-json\/wp\/v2\/media?parent=38434"}],"wp:term":[{"taxonomy":"category","embeddable":true,"href":"https:\/\/tierheim-moers.de\/Wordpress\/wp-json\/wp\/v2\/categories?post=38434"},{"taxonomy":"post_tag","embeddable":true,"href":"https:\/\/tierheim-moers.de\/Wordpress\/wp-json\/wp\/v2\/tags?post=38434"}],"curies":[{"name":"wp","href":"https:\/\/api.w.org\/{rel}","templated":true}]}}