{"id":38548,"date":"2021-03-16T18:02:29","date_gmt":"2021-03-16T16:02:29","guid":{"rendered":"https:\/\/tierheim-moers.de\/Wordpress\/?p=38548"},"modified":"2021-03-16T18:02:29","modified_gmt":"2021-03-16T16:02:29","slug":"larry-ist-zwar-jetzt-alleine-aber-trotzdem-gluecklich","status":"publish","type":"post","link":"https:\/\/tierheim-moers.de\/Wordpress\/larry-ist-zwar-jetzt-alleine-aber-trotzdem-gluecklich\/","title":{"rendered":"Larry ist zwar jetzt alleine, aber trotzdem gl\u00fccklich"},"content":{"rendered":"<p>16.03.2021<\/p>\n<p><a href=\"https:\/\/tierheim-moers.de\/Wordpress\/wp-content\/uploads\/2021\/03\/larry-und-serena.jpg\"><img fetchpriority=\"high\" decoding=\"async\" class=\"size-medium wp-image-38549 alignleft\" src=\"https:\/\/tierheim-moers.de\/Wordpress\/wp-content\/uploads\/2021\/03\/larry-und-serena-300x169.jpg\" alt=\"\" width=\"300\" height=\"169\" srcset=\"https:\/\/tierheim-moers.de\/Wordpress\/wp-content\/uploads\/2021\/03\/larry-und-serena-300x169.jpg 300w, https:\/\/tierheim-moers.de\/Wordpress\/wp-content\/uploads\/2021\/03\/larry-und-serena-1024x576.jpg 1024w, https:\/\/tierheim-moers.de\/Wordpress\/wp-content\/uploads\/2021\/03\/larry-und-serena-768x432.jpg 768w, https:\/\/tierheim-moers.de\/Wordpress\/wp-content\/uploads\/2021\/03\/larry-und-serena-600x338.jpg 600w, https:\/\/tierheim-moers.de\/Wordpress\/wp-content\/uploads\/2021\/03\/larry-und-serena-1536x864.jpg 1536w, https:\/\/tierheim-moers.de\/Wordpress\/wp-content\/uploads\/2021\/03\/larry-und-serena-700x393.jpg 700w, https:\/\/tierheim-moers.de\/Wordpress\/wp-content\/uploads\/2021\/03\/larry-und-serena-1320x743.jpg 1320w, https:\/\/tierheim-moers.de\/Wordpress\/wp-content\/uploads\/2021\/03\/larry-und-serena.jpg 1920w\" sizes=\"(max-width: 300px) 100vw, 300px\" \/><\/a> <a href=\"https:\/\/tierheim-moers.de\/Wordpress\/wp-content\/uploads\/2021\/03\/larry-und-serena8.jpg\"><img decoding=\"async\" class=\"size-medium wp-image-38556 alignright\" src=\"https:\/\/tierheim-moers.de\/Wordpress\/wp-content\/uploads\/2021\/03\/larry-und-serena8-300x169.jpg\" alt=\"\" width=\"300\" height=\"169\" srcset=\"https:\/\/tierheim-moers.de\/Wordpress\/wp-content\/uploads\/2021\/03\/larry-und-serena8-300x169.jpg 300w, https:\/\/tierheim-moers.de\/Wordpress\/wp-content\/uploads\/2021\/03\/larry-und-serena8-1024x576.jpg 1024w, https:\/\/tierheim-moers.de\/Wordpress\/wp-content\/uploads\/2021\/03\/larry-und-serena8-768x432.jpg 768w, https:\/\/tierheim-moers.de\/Wordpress\/wp-content\/uploads\/2021\/03\/larry-und-serena8-600x338.jpg 600w, https:\/\/tierheim-moers.de\/Wordpress\/wp-content\/uploads\/2021\/03\/larry-und-serena8-1536x864.jpg 1536w, https:\/\/tierheim-moers.de\/Wordpress\/wp-content\/uploads\/2021\/03\/larry-und-serena8-700x393.jpg 700w, https:\/\/tierheim-moers.de\/Wordpress\/wp-content\/uploads\/2021\/03\/larry-und-serena8-1320x743.jpg 1320w, https:\/\/tierheim-moers.de\/Wordpress\/wp-content\/uploads\/2021\/03\/larry-und-serena8.jpg 1920w\" sizes=\"(max-width: 300px) 100vw, 300px\" \/><\/a><\/p>\n<p>Sehr geehrter Herr Strasser,<\/p>\n<p>heute schicke ich Ihnen die versprochenen Infos und Fotos von Larry, der letztes Jahr aus dem Tierheim Moers zu mir gekommen ist.<\/p>\n<p>Ich bin jeden Tag froh dar\u00fcber, dass dieser s\u00fc\u00dfe Schatz jetzt mein Leben bereichert.<\/p>\n<p>Zu Anfang war es eine schwere Zeit mit vielen Tr\u00e4nen und Tierarztbesuchen, weil Larrys Freundin Sirena so schwer krank war und nach ca. 1,5 Wochen an Leberversagen gestorben ist. Vor allem f\u00fcr Larry war es sehr schlimm und er hat lange Zeit um sie getrauert. Die beiden waren vorher viele Jahre zusammen und hatten wohl ein inniges Verh\u00e4ltnis. Das habe ich in den wenigen Tagen bemerkt, in denen sie noch zusammen bei mir waren. Er ist ihr kaum von der Seite gewichen, wie auch eins der letzten gemeinsamen Fotos zeigt.<\/p>\n<p>Mittlerweile hat Larry sich gut bei mir eingelebt und ist auch wieder ein gl\u00fccklicher Kater, der sehr gerne und viel schmust. Er ist extrem anh\u00e4nglich und \u201eunterh\u00e4lt\u201c gerne mit mir. Ich muss nur noch die Katzensprache besser lernen, um die unterschiedlichen Arten zu Mauzen und zu Gurren beantworten zu k\u00f6nnen. <a href=\"https:\/\/tierheim-moers.de\/Wordpress\/wp-content\/uploads\/2021\/03\/larry-und-serena6.jpg\"><img decoding=\"async\" class=\"size-medium wp-image-38554 alignleft\" src=\"https:\/\/tierheim-moers.de\/Wordpress\/wp-content\/uploads\/2021\/03\/larry-und-serena6-300x169.jpg\" alt=\"\" width=\"300\" height=\"169\" srcset=\"https:\/\/tierheim-moers.de\/Wordpress\/wp-content\/uploads\/2021\/03\/larry-und-serena6-300x169.jpg 300w, https:\/\/tierheim-moers.de\/Wordpress\/wp-content\/uploads\/2021\/03\/larry-und-serena6-1024x576.jpg 1024w, https:\/\/tierheim-moers.de\/Wordpress\/wp-content\/uploads\/2021\/03\/larry-und-serena6-768x432.jpg 768w, https:\/\/tierheim-moers.de\/Wordpress\/wp-content\/uploads\/2021\/03\/larry-und-serena6-600x338.jpg 600w, https:\/\/tierheim-moers.de\/Wordpress\/wp-content\/uploads\/2021\/03\/larry-und-serena6-1536x864.jpg 1536w, https:\/\/tierheim-moers.de\/Wordpress\/wp-content\/uploads\/2021\/03\/larry-und-serena6-700x393.jpg 700w, https:\/\/tierheim-moers.de\/Wordpress\/wp-content\/uploads\/2021\/03\/larry-und-serena6-1320x743.jpg 1320w, https:\/\/tierheim-moers.de\/Wordpress\/wp-content\/uploads\/2021\/03\/larry-und-serena6.jpg 1920w\" sizes=\"(max-width: 300px) 100vw, 300px\" \/><\/a><\/p>\n<p>Mehrmals am Tag hat er seine Spiel- und Tobephasen, in denen es oft recht wild zu geht. Er spielt dann teilweise mit mir oder auch alleine. Sein Alter merkt man Larry dann gar nicht an.<\/p>\n<p>Manchmal denke ich, dass es f\u00fcr Larry sch\u00f6n w\u00e4re, wieder einen Katzen-Spielgef\u00e4hrten zu haben, mit dem er toben kann. Ich bin nur nicht sicher, ob er sich in seinem Alter noch an ein anderes Tier gew\u00f6hnen w\u00fcrde, nachdem er so viele Jahre zusammen mit Sirena verbracht hat. Und es ist meistens auch schwerer zwei \u00e4ltere Tiere zusammen zu bringen, die sich dann gut verstehen und nicht nur irgendwie akzeptieren.<\/p>\n<p>Larry ist total verr\u00fcckt auf Katzenleckerlies. Aber auch Trockenfutter und Nassfutter (solange So\u00dfe dabei ist) wird immer gerne und viel gefressen. Dabei ist er auch nicht sehr w\u00e4hlerisch, von welchem Hersteller oder welche Geschmacksrichtung (au\u00dfer Fisch) es ist.<a href=\"https:\/\/tierheim-moers.de\/Wordpress\/wp-content\/uploads\/2021\/03\/larry-und-serena5.jpg\"><img loading=\"lazy\" decoding=\"async\" class=\"size-medium wp-image-38553 alignright\" src=\"https:\/\/tierheim-moers.de\/Wordpress\/wp-content\/uploads\/2021\/03\/larry-und-serena5-169x300.jpg\" alt=\"\" width=\"169\" height=\"300\" srcset=\"https:\/\/tierheim-moers.de\/Wordpress\/wp-content\/uploads\/2021\/03\/larry-und-serena5-169x300.jpg 169w, https:\/\/tierheim-moers.de\/Wordpress\/wp-content\/uploads\/2021\/03\/larry-und-serena5-576x1024.jpg 576w, https:\/\/tierheim-moers.de\/Wordpress\/wp-content\/uploads\/2021\/03\/larry-und-serena5-768x1365.jpg 768w, https:\/\/tierheim-moers.de\/Wordpress\/wp-content\/uploads\/2021\/03\/larry-und-serena5-600x1067.jpg 600w, https:\/\/tierheim-moers.de\/Wordpress\/wp-content\/uploads\/2021\/03\/larry-und-serena5-864x1536.jpg 864w, https:\/\/tierheim-moers.de\/Wordpress\/wp-content\/uploads\/2021\/03\/larry-und-serena5-700x1244.jpg 700w, https:\/\/tierheim-moers.de\/Wordpress\/wp-content\/uploads\/2021\/03\/larry-und-serena5.jpg 1080w\" sizes=\"(max-width: 169px) 100vw, 169px\" \/><\/a><a href=\"https:\/\/tierheim-moers.de\/Wordpress\/wp-content\/uploads\/2021\/03\/larry-und-serena4.jpg\"><img loading=\"lazy\" decoding=\"async\" class=\"size-medium wp-image-38552 alignleft\" src=\"https:\/\/tierheim-moers.de\/Wordpress\/wp-content\/uploads\/2021\/03\/larry-und-serena4-300x169.jpg\" alt=\"\" width=\"300\" height=\"169\" srcset=\"https:\/\/tierheim-moers.de\/Wordpress\/wp-content\/uploads\/2021\/03\/larry-und-serena4-300x169.jpg 300w, https:\/\/tierheim-moers.de\/Wordpress\/wp-content\/uploads\/2021\/03\/larry-und-serena4-1024x576.jpg 1024w, https:\/\/tierheim-moers.de\/Wordpress\/wp-content\/uploads\/2021\/03\/larry-und-serena4-768x432.jpg 768w, https:\/\/tierheim-moers.de\/Wordpress\/wp-content\/uploads\/2021\/03\/larry-und-serena4-600x338.jpg 600w, https:\/\/tierheim-moers.de\/Wordpress\/wp-content\/uploads\/2021\/03\/larry-und-serena4-1536x864.jpg 1536w, https:\/\/tierheim-moers.de\/Wordpress\/wp-content\/uploads\/2021\/03\/larry-und-serena4-700x393.jpg 700w, https:\/\/tierheim-moers.de\/Wordpress\/wp-content\/uploads\/2021\/03\/larry-und-serena4-1320x743.jpg 1320w, https:\/\/tierheim-moers.de\/Wordpress\/wp-content\/uploads\/2021\/03\/larry-und-serena4.jpg 1920w\" sizes=\"(max-width: 300px) 100vw, 300px\" \/><\/a><\/p>\n<p>Direkt an den ersten Tagen habe ich die gro\u00dfe \u00fcberdachte Terrasse vor meiner Haust\u00fcre mit einem Katzenschutznetz abgesichert, damit Larry bei gutem Wetter drau\u00dfen sein kann, wenn ich zu Hause bin. Bisher hat er dies nur ab und zu genutzt. Aber in den Wintermonaten ist das Wetter oft nicht so gut. In der warmen Jahreszeit ist er bestimmt gerne \u00f6fter und l\u00e4nger drau\u00dfen und nutzt die Sitzpl\u00e4tze, die ich ihm vorbereitet habe.<a href=\"https:\/\/tierheim-moers.de\/Wordpress\/wp-content\/uploads\/2021\/03\/larry-und-serena3.jpg\"><img loading=\"lazy\" decoding=\"async\" class=\"size-medium wp-image-38551 alignright\" src=\"https:\/\/tierheim-moers.de\/Wordpress\/wp-content\/uploads\/2021\/03\/larry-und-serena3-169x300.jpg\" alt=\"\" width=\"169\" height=\"300\" srcset=\"https:\/\/tierheim-moers.de\/Wordpress\/wp-content\/uploads\/2021\/03\/larry-und-serena3-169x300.jpg 169w, https:\/\/tierheim-moers.de\/Wordpress\/wp-content\/uploads\/2021\/03\/larry-und-serena3-576x1024.jpg 576w, https:\/\/tierheim-moers.de\/Wordpress\/wp-content\/uploads\/2021\/03\/larry-und-serena3-768x1365.jpg 768w, https:\/\/tierheim-moers.de\/Wordpress\/wp-content\/uploads\/2021\/03\/larry-und-serena3-600x1067.jpg 600w, https:\/\/tierheim-moers.de\/Wordpress\/wp-content\/uploads\/2021\/03\/larry-und-serena3-864x1536.jpg 864w, https:\/\/tierheim-moers.de\/Wordpress\/wp-content\/uploads\/2021\/03\/larry-und-serena3-700x1244.jpg 700w, https:\/\/tierheim-moers.de\/Wordpress\/wp-content\/uploads\/2021\/03\/larry-und-serena3.jpg 1080w\" sizes=\"(max-width: 169px) 100vw, 169px\" \/><\/a><a href=\"https:\/\/tierheim-moers.de\/Wordpress\/wp-content\/uploads\/2021\/03\/larry-und-serena2.jpg\"><img loading=\"lazy\" decoding=\"async\" class=\"size-medium wp-image-38550 alignleft\" src=\"https:\/\/tierheim-moers.de\/Wordpress\/wp-content\/uploads\/2021\/03\/larry-und-serena2-300x169.jpg\" alt=\"\" width=\"300\" height=\"169\" srcset=\"https:\/\/tierheim-moers.de\/Wordpress\/wp-content\/uploads\/2021\/03\/larry-und-serena2-300x169.jpg 300w, https:\/\/tierheim-moers.de\/Wordpress\/wp-content\/uploads\/2021\/03\/larry-und-serena2-1024x576.jpg 1024w, https:\/\/tierheim-moers.de\/Wordpress\/wp-content\/uploads\/2021\/03\/larry-und-serena2-768x432.jpg 768w, https:\/\/tierheim-moers.de\/Wordpress\/wp-content\/uploads\/2021\/03\/larry-und-serena2-600x338.jpg 600w, https:\/\/tierheim-moers.de\/Wordpress\/wp-content\/uploads\/2021\/03\/larry-und-serena2-1536x864.jpg 1536w, https:\/\/tierheim-moers.de\/Wordpress\/wp-content\/uploads\/2021\/03\/larry-und-serena2-700x393.jpg 700w, https:\/\/tierheim-moers.de\/Wordpress\/wp-content\/uploads\/2021\/03\/larry-und-serena2-1320x743.jpg 1320w, https:\/\/tierheim-moers.de\/Wordpress\/wp-content\/uploads\/2021\/03\/larry-und-serena2.jpg 1920w\" sizes=\"(max-width: 300px) 100vw, 300px\" \/><\/a><\/p>\n<p>Falls es mir gelingen sollte, Larry an ein Katzengeschirr mir langer Leine zu gew\u00f6hnen, k\u00f6nnte ich ihn im Sommer mit in den Garten nehmen, wenn ich drau\u00dfen bin. Aber nur, falls er Spa\u00df daran hat.<a href=\"https:\/\/tierheim-moers.de\/Wordpress\/wp-content\/uploads\/2021\/03\/larry-und-serena7.jpg\"><img loading=\"lazy\" decoding=\"async\" class=\"size-medium wp-image-38555 alignleft\" src=\"https:\/\/tierheim-moers.de\/Wordpress\/wp-content\/uploads\/2021\/03\/larry-und-serena7-300x169.jpg\" alt=\"\" width=\"300\" height=\"169\" srcset=\"https:\/\/tierheim-moers.de\/Wordpress\/wp-content\/uploads\/2021\/03\/larry-und-serena7-300x169.jpg 300w, https:\/\/tierheim-moers.de\/Wordpress\/wp-content\/uploads\/2021\/03\/larry-und-serena7-1024x576.jpg 1024w, https:\/\/tierheim-moers.de\/Wordpress\/wp-content\/uploads\/2021\/03\/larry-und-serena7-768x432.jpg 768w, https:\/\/tierheim-moers.de\/Wordpress\/wp-content\/uploads\/2021\/03\/larry-und-serena7-600x338.jpg 600w, https:\/\/tierheim-moers.de\/Wordpress\/wp-content\/uploads\/2021\/03\/larry-und-serena7-1536x864.jpg 1536w, https:\/\/tierheim-moers.de\/Wordpress\/wp-content\/uploads\/2021\/03\/larry-und-serena7-700x393.jpg 700w, https:\/\/tierheim-moers.de\/Wordpress\/wp-content\/uploads\/2021\/03\/larry-und-serena7-1320x743.jpg 1320w, https:\/\/tierheim-moers.de\/Wordpress\/wp-content\/uploads\/2021\/03\/larry-und-serena7.jpg 1920w\" sizes=\"(max-width: 300px) 100vw, 300px\" \/><\/a><\/p>\n<p>W\u00e4hrend der Corona-Zeit habe ich oft im Home-Office gearbeitet, nat\u00fcrlich mit Unterst\u00fctzung von Larry. Er musste mich immer wieder besuchen kommen, um ein paar Streicheleinheiten auf dem Schreibtisch zu bekommen.<\/p>\n<p>Auf der Fensterbank neben dem Schreibtisch habe ich einen Liegeplatz f\u00fcr Larry gemacht, damit er es gem\u00fctlich hat, wenn er mich bei der Arbeit beobachtet.<\/p>\n<p>Hoffentlich konnte ich Ihnen so einen kleinen Einblick in das Leben von Larry bei mir geben und Sie sind ebenfalls der Meinung, dass er ein gutes neues Zuhause gefunden hat f\u00fcr den Rest seines Lebens. Ich hoffe, dass Larry mich noch m\u00f6glichst lange gesund und munter begleiten kann.<\/p>\n<p>Bereits seit ca. 25 Jahren hatte ich das gro\u00dfe Gl\u00fcck, dass immer wieder \u00e4ltere Katzen \/ Kater (meistens 2) aus dem Tierheim mein Leben bereichert und erf\u00fcllt haben. Dabei habe ich mich immer bem\u00fcht, den Tieren ein bestm\u00f6gliches Zuhause zu geben und viel von ihnen zu lernen. Immer wieder bin ich erstaunt worden, wie viel Dankbarkeit und Liebe ich von den s\u00fc\u00dfen Fellkn\u00e4ulen daf\u00fcr zur\u00fcck bekommen habe.<\/p>\n<p>Viele Gr\u00fc\u00dfe von<\/p>\n<p>Larry und Birgit H.<\/p>\n<div class=\"shariff shariff-align-flex-start shariff-widget-align-center\" data-url=\"https%3A%2F%2Ftierheim-moers.de%2FWordpress%2Flarry-ist-zwar-jetzt-alleine-aber-trotzdem-gluecklich%2F\" data-timestamp=\"1615917749\" data-hidezero=\"1\" data-backendurl=\"https:\/\/tierheim-moers.de\/Wordpress\/wp-json\/shariff\/v1\/share_counts?\"><ul class=\"shariff-buttons theme-round orientation-horizontal buttonsize-small\"><li class=\"shariff-button facebook shariff-nocustomcolor\" style=\"background-color:#4273c8\"><a href=\"https:\/\/www.facebook.com\/sharer\/sharer.php?u=https%3A%2F%2Ftierheim-moers.de%2FWordpress%2Flarry-ist-zwar-jetzt-alleine-aber-trotzdem-gluecklich%2F\" title=\"Bei Facebook teilen\" aria-label=\"Bei Facebook teilen\" role=\"button\" rel=\"nofollow\" class=\"shariff-link\" style=\"; background-color:#3b5998; color:#fff\" target=\"_blank\"><span class=\"shariff-icon\" style=\"\"><svg width=\"32px\" height=\"20px\" xmlns=\"http:\/\/www.w3.org\/2000\/svg\" viewBox=\"0 0 18 32\"><path fill=\"#3b5998\" d=\"M17.1 0.2v4.7h-2.8q-1.5 0-2.1 0.6t-0.5 1.9v3.4h5.2l-0.7 5.3h-4.5v13.6h-5.5v-13.6h-4.5v-5.3h4.5v-3.9q0-3.3 1.9-5.2t5-1.8q2.6 0 4.1 0.2z\"\/><\/svg><\/span><\/a><\/li><li class=\"shariff-button twitter shariff-nocustomcolor\" style=\"background-color:#595959\"><a href=\"https:\/\/twitter.com\/share?url=https%3A%2F%2Ftierheim-moers.de%2FWordpress%2Flarry-ist-zwar-jetzt-alleine-aber-trotzdem-gluecklich%2F&text=Larry%20ist%20zwar%20jetzt%20alleine%2C%20aber%20trotzdem%20gl%C3%BCcklich\" title=\"Bei X teilen\" aria-label=\"Bei X teilen\" role=\"button\" rel=\"noopener nofollow\" class=\"shariff-link\" style=\"; background-color:#000; color:#fff\" target=\"_blank\"><span class=\"shariff-icon\" style=\"\"><svg width=\"32px\" height=\"20px\" xmlns=\"http:\/\/www.w3.org\/2000\/svg\" viewBox=\"0 0 24 24\"><path fill=\"#000\" d=\"M14.258 10.152L23.176 0h-2.113l-7.747 8.813L7.133 0H0l9.352 13.328L0 23.973h2.113l8.176-9.309 6.531 9.309h7.133zm-2.895 3.293l-.949-1.328L2.875 1.56h3.246l6.086 8.523.945 1.328 7.91 11.078h-3.246zm0 0\"\/><\/svg><\/span><\/a><\/li><li class=\"shariff-button whatsapp shariff-nocustomcolor\" style=\"background-color:#5cbe4a\"><a href=\"https:\/\/api.whatsapp.com\/send?text=https%3A%2F%2Ftierheim-moers.de%2FWordpress%2Flarry-ist-zwar-jetzt-alleine-aber-trotzdem-gluecklich%2F%20Larry%20ist%20zwar%20jetzt%20alleine%2C%20aber%20trotzdem%20gl%C3%BCcklich\" title=\"Bei Whatsapp teilen\" aria-label=\"Bei Whatsapp teilen\" role=\"button\" rel=\"noopener nofollow\" class=\"shariff-link\" style=\"; background-color:#34af23; color:#fff\" target=\"_blank\"><span class=\"shariff-icon\" style=\"\"><svg width=\"32px\" height=\"20px\" xmlns=\"http:\/\/www.w3.org\/2000\/svg\" viewBox=\"0 0 32 32\"><path fill=\"#34af23\" d=\"M17.6 17.4q0.2 0 1.7 0.8t1.6 0.9q0 0.1 0 0.3 0 0.6-0.3 1.4-0.3 0.7-1.3 1.2t-1.8 0.5q-1 0-3.4-1.1-1.7-0.8-3-2.1t-2.6-3.3q-1.3-1.9-1.3-3.5v-0.1q0.1-1.6 1.3-2.8 0.4-0.4 0.9-0.4 0.1 0 0.3 0t0.3 0q0.3 0 0.5 0.1t0.3 0.5q0.1 0.4 0.6 1.6t0.4 1.3q0 0.4-0.6 1t-0.6 0.8q0 0.1 0.1 0.3 0.6 1.3 1.8 2.4 1 0.9 2.7 1.8 0.2 0.1 0.4 0.1 0.3 0 1-0.9t0.9-0.9zM14 26.9q2.3 0 4.3-0.9t3.6-2.4 2.4-3.6 0.9-4.3-0.9-4.3-2.4-3.6-3.6-2.4-4.3-0.9-4.3 0.9-3.6 2.4-2.4 3.6-0.9 4.3q0 3.6 2.1 6.6l-1.4 4.2 4.3-1.4q2.8 1.9 6.2 1.9zM14 2.2q2.7 0 5.2 1.1t4.3 2.9 2.9 4.3 1.1 5.2-1.1 5.2-2.9 4.3-4.3 2.9-5.2 1.1q-3.5 0-6.5-1.7l-7.4 2.4 2.4-7.2q-1.9-3.2-1.9-6.9 0-2.7 1.1-5.2t2.9-4.3 4.3-2.9 5.2-1.1z\"\/><\/svg><\/span><\/a><\/li><li class=\"shariff-button sms shariff-nocustomcolor shariff-mobile\" style=\"background-color:#d7d9d8\"><a href=\"sms:?&body=https%3A%2F%2Ftierheim-moers.de%2FWordpress%2Flarry-ist-zwar-jetzt-alleine-aber-trotzdem-gluecklich%2F\" title=\"Per SMS teilen\" aria-label=\"Per SMS teilen\" role=\"button\" rel=\"noopener nofollow\" class=\"shariff-link\" style=\"; background-color:#a1e877; color:#fff\" target=\"_blank\"><span class=\"shariff-icon\" style=\"\"><svg xmlns=\"http:\/\/www.w3.org\/2000\/svg\" width=\"510\" height=\"510\" viewBox=\"0 0 510 510\"><path fill=\"#a1e877\" d=\"M459 0H51C23 0 0 23 0 51v459l102-102h357c28.1 0 51-22.9 51-51V51C510 23 487.1 0 459 0zM178.5 229.5h-51v-51h51V229.5zM280.5 229.5h-51v-51h51V229.5zM382.5 229.5h-51v-51h51V229.5z\"\/><\/svg><\/span><\/a><\/li><\/ul><\/div>","protected":false},"excerpt":{"rendered":"<p>16.03.2021 Sehr geehrter Herr Strasser, heute schicke ich Ihnen die versprochenen Infos und Fotos von Larry, der letztes Jahr aus dem Tierheim Moers zu mir gekommen ist. Ich bin jeden Tag froh dar\u00fcber, dass dieser s\u00fc\u00dfe Schatz jetzt mein Leben bereichert. Zu Anfang war es eine schwere Zeit mit vielen &#8230;<\/p>\n","protected":false},"author":4,"featured_media":38549,"comment_status":"closed","ping_status":"open","sticky":false,"template":"","format":"standard","meta":{"ngg_post_thumbnail":0,"footnotes":""},"categories":[32],"tags":[],"class_list":["post-38548","post","type-post","status-publish","format-standard","has-post-thumbnail","hentry","category-erfolgsgeschichten","column","threecol","has-thumbnail"],"yoast_head":"<!-- This site is optimized with the Yoast SEO plugin v24.6 - https:\/\/yoast.com\/wordpress\/plugins\/seo\/ -->\n<title>Larry ist zwar jetzt alleine, aber trotzdem gl\u00fccklich | TIERHEIM MOERS<\/title>\n<meta name=\"robots\" content=\"index, follow, max-snippet:-1, max-image-preview:large, max-video-preview:-1\" \/>\n<link rel=\"canonical\" href=\"https:\/\/tierheim-moers.de\/Wordpress\/larry-ist-zwar-jetzt-alleine-aber-trotzdem-gluecklich\/\" \/>\n<meta property=\"og:locale\" content=\"de_DE\" \/>\n<meta property=\"og:type\" content=\"article\" \/>\n<meta property=\"og:title\" content=\"Larry ist zwar jetzt alleine, aber trotzdem gl\u00fccklich | TIERHEIM MOERS\" \/>\n<meta property=\"og:description\" content=\"16.03.2021 Sehr geehrter Herr Strasser, heute schicke ich Ihnen die versprochenen Infos und Fotos von Larry, der letztes Jahr aus dem Tierheim &#8230;\" \/>\n<meta property=\"og:url\" content=\"https:\/\/tierheim-moers.de\/Wordpress\/larry-ist-zwar-jetzt-alleine-aber-trotzdem-gluecklich\/\" \/>\n<meta property=\"og:site_name\" content=\"TIERHEIM MOERS\" \/>\n<meta property=\"article:publisher\" content=\"https:\/\/de-de.facebook.com\/moers.tierheim\" \/>\n<meta property=\"article:published_time\" content=\"2021-03-16T16:02:29+00:00\" \/>\n<meta property=\"og:image\" content=\"https:\/\/tierheim-moers.de\/Wordpress\/wp-content\/uploads\/2021\/03\/larry-und-serena.jpg\" \/>\n\t<meta property=\"og:image:width\" content=\"1920\" \/>\n\t<meta property=\"og:image:height\" content=\"1080\" \/>\n\t<meta property=\"og:image:type\" content=\"image\/jpeg\" \/>\n<meta name=\"author\" content=\"Gisela Kuhnen\" \/>\n<meta name=\"twitter:card\" content=\"summary_large_image\" \/>\n<meta name=\"twitter:label1\" content=\"Verfasst von\" \/>\n\t<meta name=\"twitter:data1\" content=\"Gisela Kuhnen\" \/>\n\t<meta name=\"twitter:label2\" content=\"Gesch\u00e4tzte Lesezeit\" \/>\n\t<meta name=\"twitter:data2\" content=\"5\u00a0Minuten\" \/>\n<script type=\"application\/ld+json\" class=\"yoast-schema-graph\">{\"@context\":\"https:\/\/schema.org\",\"@graph\":[{\"@type\":\"Article\",\"@id\":\"https:\/\/tierheim-moers.de\/Wordpress\/larry-ist-zwar-jetzt-alleine-aber-trotzdem-gluecklich\/#article\",\"isPartOf\":{\"@id\":\"https:\/\/tierheim-moers.de\/Wordpress\/larry-ist-zwar-jetzt-alleine-aber-trotzdem-gluecklich\/\"},\"author\":{\"name\":\"Gisela Kuhnen\",\"@id\":\"https:\/\/tierheim-moers.de\/Wordpress\/#\/schema\/person\/35ad410ed2d8620d4f57f813585b0d8e\"},\"headline\":\"Larry ist zwar jetzt alleine, aber trotzdem gl\u00fccklich\",\"datePublished\":\"2021-03-16T16:02:29+00:00\",\"mainEntityOfPage\":{\"@id\":\"https:\/\/tierheim-moers.de\/Wordpress\/larry-ist-zwar-jetzt-alleine-aber-trotzdem-gluecklich\/\"},\"wordCount\":656,\"publisher\":{\"@id\":\"https:\/\/tierheim-moers.de\/Wordpress\/#organization\"},\"image\":{\"@id\":\"https:\/\/tierheim-moers.de\/Wordpress\/larry-ist-zwar-jetzt-alleine-aber-trotzdem-gluecklich\/#primaryimage\"},\"thumbnailUrl\":\"https:\/\/tierheim-moers.de\/Wordpress\/wp-content\/uploads\/2021\/03\/larry-und-serena.jpg\",\"articleSection\":[\"Erfolgsgeschichten\"],\"inLanguage\":\"de\"},{\"@type\":\"WebPage\",\"@id\":\"https:\/\/tierheim-moers.de\/Wordpress\/larry-ist-zwar-jetzt-alleine-aber-trotzdem-gluecklich\/\",\"url\":\"https:\/\/tierheim-moers.de\/Wordpress\/larry-ist-zwar-jetzt-alleine-aber-trotzdem-gluecklich\/\",\"name\":\"Larry ist zwar jetzt alleine, aber trotzdem gl\u00fccklich | TIERHEIM MOERS\",\"isPartOf\":{\"@id\":\"https:\/\/tierheim-moers.de\/Wordpress\/#website\"},\"primaryImageOfPage\":{\"@id\":\"https:\/\/tierheim-moers.de\/Wordpress\/larry-ist-zwar-jetzt-alleine-aber-trotzdem-gluecklich\/#primaryimage\"},\"image\":{\"@id\":\"https:\/\/tierheim-moers.de\/Wordpress\/larry-ist-zwar-jetzt-alleine-aber-trotzdem-gluecklich\/#primaryimage\"},\"thumbnailUrl\":\"https:\/\/tierheim-moers.de\/Wordpress\/wp-content\/uploads\/2021\/03\/larry-und-serena.jpg\",\"datePublished\":\"2021-03-16T16:02:29+00:00\",\"breadcrumb\":{\"@id\":\"https:\/\/tierheim-moers.de\/Wordpress\/larry-ist-zwar-jetzt-alleine-aber-trotzdem-gluecklich\/#breadcrumb\"},\"inLanguage\":\"de\",\"potentialAction\":[{\"@type\":\"ReadAction\",\"target\":[\"https:\/\/tierheim-moers.de\/Wordpress\/larry-ist-zwar-jetzt-alleine-aber-trotzdem-gluecklich\/\"]}]},{\"@type\":\"ImageObject\",\"inLanguage\":\"de\",\"@id\":\"https:\/\/tierheim-moers.de\/Wordpress\/larry-ist-zwar-jetzt-alleine-aber-trotzdem-gluecklich\/#primaryimage\",\"url\":\"https:\/\/tierheim-moers.de\/Wordpress\/wp-content\/uploads\/2021\/03\/larry-und-serena.jpg\",\"contentUrl\":\"https:\/\/tierheim-moers.de\/Wordpress\/wp-content\/uploads\/2021\/03\/larry-und-serena.jpg\",\"width\":1920,\"height\":1080},{\"@type\":\"BreadcrumbList\",\"@id\":\"https:\/\/tierheim-moers.de\/Wordpress\/larry-ist-zwar-jetzt-alleine-aber-trotzdem-gluecklich\/#breadcrumb\",\"itemListElement\":[{\"@type\":\"ListItem\",\"position\":1,\"name\":\"Startseite\",\"item\":\"https:\/\/tierheim-moers.de\/Wordpress\/\"},{\"@type\":\"ListItem\",\"position\":2,\"name\":\"Larry ist zwar jetzt alleine, aber trotzdem gl\u00fccklich\"}]},{\"@type\":\"WebSite\",\"@id\":\"https:\/\/tierheim-moers.de\/Wordpress\/#website\",\"url\":\"https:\/\/tierheim-moers.de\/Wordpress\/\",\"name\":\"Tierheim Moers\",\"description\":\"Tierheim | Hundepension | Tierschutz | Moers\",\"publisher\":{\"@id\":\"https:\/\/tierheim-moers.de\/Wordpress\/#organization\"},\"potentialAction\":[{\"@type\":\"SearchAction\",\"target\":{\"@type\":\"EntryPoint\",\"urlTemplate\":\"https:\/\/tierheim-moers.de\/Wordpress\/?s={search_term_string}\"},\"query-input\":{\"@type\":\"PropertyValueSpecification\",\"valueRequired\":true,\"valueName\":\"search_term_string\"}}],\"inLanguage\":\"de\"},{\"@type\":\"Organization\",\"@id\":\"https:\/\/tierheim-moers.de\/Wordpress\/#organization\",\"name\":\"Tierheim Moers\",\"url\":\"https:\/\/tierheim-moers.de\/Wordpress\/\",\"logo\":{\"@type\":\"ImageObject\",\"inLanguage\":\"de\",\"@id\":\"https:\/\/tierheim-moers.de\/Wordpress\/#\/schema\/logo\/image\/\",\"url\":\"https:\/\/tierheim-moers.de\/Wordpress\/wp-content\/uploads\/2014\/04\/Logo-TSV-Moers-V01-RGB-300.png\",\"contentUrl\":\"https:\/\/tierheim-moers.de\/Wordpress\/wp-content\/uploads\/2014\/04\/Logo-TSV-Moers-V01-RGB-300.png\",\"width\":1052,\"height\":1038,\"caption\":\"Tierheim Moers\"},\"image\":{\"@id\":\"https:\/\/tierheim-moers.de\/Wordpress\/#\/schema\/logo\/image\/\"},\"sameAs\":[\"https:\/\/de-de.facebook.com\/moers.tierheim\"]},{\"@type\":\"Person\",\"@id\":\"https:\/\/tierheim-moers.de\/Wordpress\/#\/schema\/person\/35ad410ed2d8620d4f57f813585b0d8e\",\"name\":\"Gisela Kuhnen\",\"image\":{\"@type\":\"ImageObject\",\"inLanguage\":\"de\",\"@id\":\"https:\/\/tierheim-moers.de\/Wordpress\/#\/schema\/person\/image\/\",\"url\":\"https:\/\/secure.gravatar.com\/avatar\/807ca84b4538291e2f5dc665ed240a0d4d7ab8f22360ec427a82fe926980b31a?s=96&d=mm&r=g\",\"contentUrl\":\"https:\/\/secure.gravatar.com\/avatar\/807ca84b4538291e2f5dc665ed240a0d4d7ab8f22360ec427a82fe926980b31a?s=96&d=mm&r=g\",\"caption\":\"Gisela Kuhnen\"},\"url\":\"https:\/\/tierheim-moers.de\/Wordpress\/author\/gisela-kuhnen\/\"}]}<\/script>\n<!-- \/ Yoast SEO plugin. -->","yoast_head_json":{"title":"Larry ist zwar jetzt alleine, aber trotzdem gl\u00fccklich | TIERHEIM MOERS","robots":{"index":"index","follow":"follow","max-snippet":"max-snippet:-1","max-image-preview":"max-image-preview:large","max-video-preview":"max-video-preview:-1"},"canonical":"https:\/\/tierheim-moers.de\/Wordpress\/larry-ist-zwar-jetzt-alleine-aber-trotzdem-gluecklich\/","og_locale":"de_DE","og_type":"article","og_title":"Larry ist zwar jetzt alleine, aber trotzdem gl\u00fccklich | TIERHEIM MOERS","og_description":"16.03.2021 Sehr geehrter Herr Strasser, heute schicke ich Ihnen die versprochenen Infos und Fotos von Larry, der letztes Jahr aus dem Tierheim &#8230;","og_url":"https:\/\/tierheim-moers.de\/Wordpress\/larry-ist-zwar-jetzt-alleine-aber-trotzdem-gluecklich\/","og_site_name":"TIERHEIM MOERS","article_publisher":"https:\/\/de-de.facebook.com\/moers.tierheim","article_published_time":"2021-03-16T16:02:29+00:00","og_image":[{"width":1920,"height":1080,"url":"https:\/\/tierheim-moers.de\/Wordpress\/wp-content\/uploads\/2021\/03\/larry-und-serena.jpg","type":"image\/jpeg"}],"author":"Gisela Kuhnen","twitter_card":"summary_large_image","twitter_misc":{"Verfasst von":"Gisela Kuhnen","Gesch\u00e4tzte Lesezeit":"5\u00a0Minuten"},"schema":{"@context":"https:\/\/schema.org","@graph":[{"@type":"Article","@id":"https:\/\/tierheim-moers.de\/Wordpress\/larry-ist-zwar-jetzt-alleine-aber-trotzdem-gluecklich\/#article","isPartOf":{"@id":"https:\/\/tierheim-moers.de\/Wordpress\/larry-ist-zwar-jetzt-alleine-aber-trotzdem-gluecklich\/"},"author":{"name":"Gisela Kuhnen","@id":"https:\/\/tierheim-moers.de\/Wordpress\/#\/schema\/person\/35ad410ed2d8620d4f57f813585b0d8e"},"headline":"Larry ist zwar jetzt alleine, aber trotzdem gl\u00fccklich","datePublished":"2021-03-16T16:02:29+00:00","mainEntityOfPage":{"@id":"https:\/\/tierheim-moers.de\/Wordpress\/larry-ist-zwar-jetzt-alleine-aber-trotzdem-gluecklich\/"},"wordCount":656,"publisher":{"@id":"https:\/\/tierheim-moers.de\/Wordpress\/#organization"},"image":{"@id":"https:\/\/tierheim-moers.de\/Wordpress\/larry-ist-zwar-jetzt-alleine-aber-trotzdem-gluecklich\/#primaryimage"},"thumbnailUrl":"https:\/\/tierheim-moers.de\/Wordpress\/wp-content\/uploads\/2021\/03\/larry-und-serena.jpg","articleSection":["Erfolgsgeschichten"],"inLanguage":"de"},{"@type":"WebPage","@id":"https:\/\/tierheim-moers.de\/Wordpress\/larry-ist-zwar-jetzt-alleine-aber-trotzdem-gluecklich\/","url":"https:\/\/tierheim-moers.de\/Wordpress\/larry-ist-zwar-jetzt-alleine-aber-trotzdem-gluecklich\/","name":"Larry ist zwar jetzt alleine, aber trotzdem gl\u00fccklich | TIERHEIM MOERS","isPartOf":{"@id":"https:\/\/tierheim-moers.de\/Wordpress\/#website"},"primaryImageOfPage":{"@id":"https:\/\/tierheim-moers.de\/Wordpress\/larry-ist-zwar-jetzt-alleine-aber-trotzdem-gluecklich\/#primaryimage"},"image":{"@id":"https:\/\/tierheim-moers.de\/Wordpress\/larry-ist-zwar-jetzt-alleine-aber-trotzdem-gluecklich\/#primaryimage"},"thumbnailUrl":"https:\/\/tierheim-moers.de\/Wordpress\/wp-content\/uploads\/2021\/03\/larry-und-serena.jpg","datePublished":"2021-03-16T16:02:29+00:00","breadcrumb":{"@id":"https:\/\/tierheim-moers.de\/Wordpress\/larry-ist-zwar-jetzt-alleine-aber-trotzdem-gluecklich\/#breadcrumb"},"inLanguage":"de","potentialAction":[{"@type":"ReadAction","target":["https:\/\/tierheim-moers.de\/Wordpress\/larry-ist-zwar-jetzt-alleine-aber-trotzdem-gluecklich\/"]}]},{"@type":"ImageObject","inLanguage":"de","@id":"https:\/\/tierheim-moers.de\/Wordpress\/larry-ist-zwar-jetzt-alleine-aber-trotzdem-gluecklich\/#primaryimage","url":"https:\/\/tierheim-moers.de\/Wordpress\/wp-content\/uploads\/2021\/03\/larry-und-serena.jpg","contentUrl":"https:\/\/tierheim-moers.de\/Wordpress\/wp-content\/uploads\/2021\/03\/larry-und-serena.jpg","width":1920,"height":1080},{"@type":"BreadcrumbList","@id":"https:\/\/tierheim-moers.de\/Wordpress\/larry-ist-zwar-jetzt-alleine-aber-trotzdem-gluecklich\/#breadcrumb","itemListElement":[{"@type":"ListItem","position":1,"name":"Startseite","item":"https:\/\/tierheim-moers.de\/Wordpress\/"},{"@type":"ListItem","position":2,"name":"Larry ist zwar jetzt alleine, aber trotzdem gl\u00fccklich"}]},{"@type":"WebSite","@id":"https:\/\/tierheim-moers.de\/Wordpress\/#website","url":"https:\/\/tierheim-moers.de\/Wordpress\/","name":"Tierheim Moers","description":"Tierheim | Hundepension | Tierschutz | Moers","publisher":{"@id":"https:\/\/tierheim-moers.de\/Wordpress\/#organization"},"potentialAction":[{"@type":"SearchAction","target":{"@type":"EntryPoint","urlTemplate":"https:\/\/tierheim-moers.de\/Wordpress\/?s={search_term_string}"},"query-input":{"@type":"PropertyValueSpecification","valueRequired":true,"valueName":"search_term_string"}}],"inLanguage":"de"},{"@type":"Organization","@id":"https:\/\/tierheim-moers.de\/Wordpress\/#organization","name":"Tierheim Moers","url":"https:\/\/tierheim-moers.de\/Wordpress\/","logo":{"@type":"ImageObject","inLanguage":"de","@id":"https:\/\/tierheim-moers.de\/Wordpress\/#\/schema\/logo\/image\/","url":"https:\/\/tierheim-moers.de\/Wordpress\/wp-content\/uploads\/2014\/04\/Logo-TSV-Moers-V01-RGB-300.png","contentUrl":"https:\/\/tierheim-moers.de\/Wordpress\/wp-content\/uploads\/2014\/04\/Logo-TSV-Moers-V01-RGB-300.png","width":1052,"height":1038,"caption":"Tierheim Moers"},"image":{"@id":"https:\/\/tierheim-moers.de\/Wordpress\/#\/schema\/logo\/image\/"},"sameAs":["https:\/\/de-de.facebook.com\/moers.tierheim"]},{"@type":"Person","@id":"https:\/\/tierheim-moers.de\/Wordpress\/#\/schema\/person\/35ad410ed2d8620d4f57f813585b0d8e","name":"Gisela Kuhnen","image":{"@type":"ImageObject","inLanguage":"de","@id":"https:\/\/tierheim-moers.de\/Wordpress\/#\/schema\/person\/image\/","url":"https:\/\/secure.gravatar.com\/avatar\/807ca84b4538291e2f5dc665ed240a0d4d7ab8f22360ec427a82fe926980b31a?s=96&d=mm&r=g","contentUrl":"https:\/\/secure.gravatar.com\/avatar\/807ca84b4538291e2f5dc665ed240a0d4d7ab8f22360ec427a82fe926980b31a?s=96&d=mm&r=g","caption":"Gisela Kuhnen"},"url":"https:\/\/tierheim-moers.de\/Wordpress\/author\/gisela-kuhnen\/"}]}},"_links":{"self":[{"href":"https:\/\/tierheim-moers.de\/Wordpress\/wp-json\/wp\/v2\/posts\/38548","targetHints":{"allow":["GET"]}}],"collection":[{"href":"https:\/\/tierheim-moers.de\/Wordpress\/wp-json\/wp\/v2\/posts"}],"about":[{"href":"https:\/\/tierheim-moers.de\/Wordpress\/wp-json\/wp\/v2\/types\/post"}],"author":[{"embeddable":true,"href":"https:\/\/tierheim-moers.de\/Wordpress\/wp-json\/wp\/v2\/users\/4"}],"replies":[{"embeddable":true,"href":"https:\/\/tierheim-moers.de\/Wordpress\/wp-json\/wp\/v2\/comments?post=38548"}],"version-history":[{"count":1,"href":"https:\/\/tierheim-moers.de\/Wordpress\/wp-json\/wp\/v2\/posts\/38548\/revisions"}],"predecessor-version":[{"id":38557,"href":"https:\/\/tierheim-moers.de\/Wordpress\/wp-json\/wp\/v2\/posts\/38548\/revisions\/38557"}],"wp:featuredmedia":[{"embeddable":true,"href":"https:\/\/tierheim-moers.de\/Wordpress\/wp-json\/wp\/v2\/media\/38549"}],"wp:attachment":[{"href":"https:\/\/tierheim-moers.de\/Wordpress\/wp-json\/wp\/v2\/media?parent=38548"}],"wp:term":[{"taxonomy":"category","embeddable":true,"href":"https:\/\/tierheim-moers.de\/Wordpress\/wp-json\/wp\/v2\/categories?post=38548"},{"taxonomy":"post_tag","embeddable":true,"href":"https:\/\/tierheim-moers.de\/Wordpress\/wp-json\/wp\/v2\/tags?post=38548"}],"curies":[{"name":"wp","href":"https:\/\/api.w.org\/{rel}","templated":true}]}}