{"id":38612,"date":"2021-03-18T17:55:55","date_gmt":"2021-03-18T15:55:55","guid":{"rendered":"https:\/\/tierheim-moers.de\/Wordpress\/?p=38612"},"modified":"2021-04-10T20:47:21","modified_gmt":"2021-04-10T18:47:21","slug":"osteraktion-im-tierheim-25-27-03-2021-15-00-16-00-uhr","status":"publish","type":"post","link":"https:\/\/tierheim-moers.de\/Wordpress\/osteraktion-im-tierheim-25-27-03-2021-15-00-16-00-uhr\/","title":{"rendered":"Vielen Dank f\u00fcr euern Besuch anl\u00e4sslich unserer Osteraktion 2021"},"content":{"rendered":"<p>27.03.2021<\/p>\n<p>Ein gro\u00dfes Dankesch\u00f6n m\u00f6chten wir an alle schicken, die unsere Osteraktion so engagiert unterst\u00fctzt haben. Es war ein voller Erfolg.\u00a0 Alle T\u00fcten waren nach 1 1\/2 Tagen ausgegeben. Danke, dass ihr damit unser Tierheim und somit die Tiere unterst\u00fctzt habt. Viele haben kr\u00e4ftig dazugespendet, was uns unheimlich gefreut hat.<\/p>\n<p>Euer Tierheimteam und Vorstand.<\/p>\n<p>26.03.2021<\/p>\n<p><span class=\"_5mfr\"><span class=\"_6qdm\">&#x203c;&#xfe0f;<\/span><\/span> Keine Wundert\u00fcten-Aktion am Samstag, 27.03.2021 <span class=\"_5mfr\"><span class=\"_6qdm\">&#x203c;&#xfe0f;<\/span><\/span><\/p>\n<p>B\u00e4rbel guckt in die T\u00fcte &#8230;<a href=\"https:\/\/tierheim-moers.de\/Wordpress\/wp-content\/uploads\/2021\/03\/osteraktion-vom-tierheim3.jpg\"><img fetchpriority=\"high\" decoding=\"async\" class=\"size-medium wp-image-38878 alignleft\" src=\"https:\/\/tierheim-moers.de\/Wordpress\/wp-content\/uploads\/2021\/03\/osteraktion-vom-tierheim3-300x300.jpg\" alt=\"\" width=\"300\" height=\"300\" srcset=\"https:\/\/tierheim-moers.de\/Wordpress\/wp-content\/uploads\/2021\/03\/osteraktion-vom-tierheim3-300x300.jpg 300w, https:\/\/tierheim-moers.de\/Wordpress\/wp-content\/uploads\/2021\/03\/osteraktion-vom-tierheim3-150x150.jpg 150w, https:\/\/tierheim-moers.de\/Wordpress\/wp-content\/uploads\/2021\/03\/osteraktion-vom-tierheim3-768x768.jpg 768w, https:\/\/tierheim-moers.de\/Wordpress\/wp-content\/uploads\/2021\/03\/osteraktion-vom-tierheim3-600x600.jpg 600w, https:\/\/tierheim-moers.de\/Wordpress\/wp-content\/uploads\/2021\/03\/osteraktion-vom-tierheim3-432x432.jpg 432w, https:\/\/tierheim-moers.de\/Wordpress\/wp-content\/uploads\/2021\/03\/osteraktion-vom-tierheim3-268x268.jpg 268w, https:\/\/tierheim-moers.de\/Wordpress\/wp-content\/uploads\/2021\/03\/osteraktion-vom-tierheim3-700x700.jpg 700w, https:\/\/tierheim-moers.de\/Wordpress\/wp-content\/uploads\/2021\/03\/osteraktion-vom-tierheim3-45x45.jpg 45w, https:\/\/tierheim-moers.de\/Wordpress\/wp-content\/uploads\/2021\/03\/osteraktion-vom-tierheim3.jpg 960w\" sizes=\"(max-width: 300px) 100vw, 300px\" \/><\/a><\/p>\n<p>Ihr Lieben,<span class=\"text_exposed_show\"><br \/>\nerstmal wollen wir Euch ein Riesen Dankesch\u00f6n aussprechen, weil es Euer Verdienst ist, dass unsere Wundert\u00fcten-Aktion so ein Erfolg war <span class=\"_5mfr\"><span class=\"_6qdm\">&#x2763;<\/span><\/span><br \/>\nLeider m\u00fcssen wir f\u00fcr den morgigen Samstag, 27.03.2021, die Aktion absagen und zwar aus dem eigentlichen sch\u00f6nen Grund, weil wir schlicht und einfach keine Wundert\u00fcten mehr haben.<br \/>\nWir haben heute schon gezaubert und improvisiert, damit niemand mit leeren H\u00e4nden nach Hause gehen musste &#8211; f\u00fcr morgen ist das leider nicht mehr machbar.<br \/>\nLieben Dank, dass Ihr unsere Idee zu einem Erfolg gemacht habt.<\/span><\/p>\n<p>18.03.2021<\/p>\n<p>Save the date <a href=\"https:\/\/tierheim-moers.de\/Wordpress\/wp-content\/uploads\/2021\/03\/osteraktion-vom-tierheim-wundertueten-2021.JPG-2.jpg\"><img decoding=\"async\" class=\"size-medium wp-image-38762 alignright\" src=\"https:\/\/tierheim-moers.de\/Wordpress\/wp-content\/uploads\/2021\/03\/osteraktion-vom-tierheim-wundertueten-2021.JPG-2-225x300.jpg\" alt=\"\" width=\"225\" height=\"300\" srcset=\"https:\/\/tierheim-moers.de\/Wordpress\/wp-content\/uploads\/2021\/03\/osteraktion-vom-tierheim-wundertueten-2021.JPG-2-225x300.jpg 225w, https:\/\/tierheim-moers.de\/Wordpress\/wp-content\/uploads\/2021\/03\/osteraktion-vom-tierheim-wundertueten-2021.JPG-2-600x800.jpg 600w, https:\/\/tierheim-moers.de\/Wordpress\/wp-content\/uploads\/2021\/03\/osteraktion-vom-tierheim-wundertueten-2021.JPG-2-700x933.jpg 700w, https:\/\/tierheim-moers.de\/Wordpress\/wp-content\/uploads\/2021\/03\/osteraktion-vom-tierheim-wundertueten-2021.JPG-2.jpg 720w\" sizes=\"(max-width: 225px) 100vw, 225px\" \/><\/a><a href=\"https:\/\/tierheim-moers.de\/Wordpress\/wp-content\/uploads\/2021\/03\/osteraktion-vom-tierheim-wundertueten-2021.jpg\"><img decoding=\"async\" class=\"size-medium wp-image-38613 alignleft\" src=\"https:\/\/tierheim-moers.de\/Wordpress\/wp-content\/uploads\/2021\/03\/osteraktion-vom-tierheim-wundertueten-2021-300x300.jpg\" alt=\"\" width=\"300\" height=\"300\" srcset=\"https:\/\/tierheim-moers.de\/Wordpress\/wp-content\/uploads\/2021\/03\/osteraktion-vom-tierheim-wundertueten-2021-300x300.jpg 300w, https:\/\/tierheim-moers.de\/Wordpress\/wp-content\/uploads\/2021\/03\/osteraktion-vom-tierheim-wundertueten-2021-150x150.jpg 150w, https:\/\/tierheim-moers.de\/Wordpress\/wp-content\/uploads\/2021\/03\/osteraktion-vom-tierheim-wundertueten-2021-432x432.jpg 432w, https:\/\/tierheim-moers.de\/Wordpress\/wp-content\/uploads\/2021\/03\/osteraktion-vom-tierheim-wundertueten-2021-268x268.jpg 268w, https:\/\/tierheim-moers.de\/Wordpress\/wp-content\/uploads\/2021\/03\/osteraktion-vom-tierheim-wundertueten-2021-45x45.jpg 45w, https:\/\/tierheim-moers.de\/Wordpress\/wp-content\/uploads\/2021\/03\/osteraktion-vom-tierheim-wundertueten-2021.jpg 503w\" sizes=\"(max-width: 300px) 100vw, 300px\" \/><\/a><\/p>\n<p>Ziemlich genau ein Jahr ist es nun her, dass wir unser Fr\u00fchlingsfest 2020 absagen mussten.<\/p>\n<p>Am 13. M\u00e4rz 2020 haben wir uns schweren Herzens zur Absage durchgerungen &#8211; wohl wissend, das Richtige zu tun &#8230; nicht ahnend, dass es auch in 2021 kein Fr\u00fchlingsfest geben w\u00fcrde.<\/p>\n<div class=\"text_exposed_show\">\n<p>Mit der Absage des Festes fehlten uns nicht nur wichtige Einnahmen, sondern auch der direkte Kontakt zu Euch. Unsere Feste leben von den Besuchern und den netten Gespr\u00e4chen.<\/p>\n<p>Schon vor dem Jahreswechsel zeichnete sich ab, dass ein Fr\u00fchlingsfest 2021 keine Option sein w\u00fcrde und deshalb haben wir uns eine sch\u00f6ne Fr\u00fchlingsaktion \u00fcberlegt.<\/p>\n<p>Am 25., 26. &amp; 27. M\u00e4rz werden wir in der Zeit von 15:00 bis 16:30 Uhr an unserem Tierheim Wundert\u00fcten f\u00fcr Eure Lieblinge anbieten. Nat\u00fcrlich unter Einhaltung aller Corona-Richtlinien wie Abstand, Maske, Desinfektion und Teilnehmerliste.<\/p>\n<p>Es wird T\u00fcten f\u00fcr gro\u00dfe Hunde, kleine Hunde, Katzen, Nager und V\u00f6gel geben. F\u00fcr 5 Euro (oder gerne freiwillig auch mehr <span class=\"_5mfr\"><span class=\"_6qdm\">&#x1f609;<\/span><\/span>) pro T\u00fcte k\u00f6nnt Ihr Eurem Liebling eine Oster\u00fcberraschung machen.<\/p>\n<p>Ein &#8220;Extra-Bonbon&#8221; wird sein, dass die T\u00fcten exklusive Autogrammkarten unserer (Langzeit-)Bewohner beinhalten.<\/p>\n<p>Damit die Aktion nicht so kurzweilig ist, haben wir uns als Extra-Bonbon eine Oster-Foto-Aktion ausgedacht. Mehr Informationen dazu, gibt es nat\u00fcrlich in der Wundert\u00fcte.<\/p>\n<p>Das ist nicht das gleiche wie ein Fr\u00fchlingsfest, aber lasst uns gemeinsam das Beste aus der Situation machen &#8211; wir freuen uns auf Euch!<\/p>\n<p>Euer Tierheimteam<\/p>\n<\/div>\n<div class=\"shariff shariff-align-flex-start shariff-widget-align-center\" data-url=\"https%3A%2F%2Ftierheim-moers.de%2FWordpress%2Fosteraktion-im-tierheim-25-27-03-2021-15-00-16-00-uhr%2F\" data-timestamp=\"1618087641\" data-hidezero=\"1\" data-backendurl=\"https:\/\/tierheim-moers.de\/Wordpress\/wp-json\/shariff\/v1\/share_counts?\"><ul class=\"shariff-buttons theme-round orientation-horizontal buttonsize-small\"><li class=\"shariff-button facebook shariff-nocustomcolor\" style=\"background-color:#4273c8\"><a href=\"https:\/\/www.facebook.com\/sharer\/sharer.php?u=https%3A%2F%2Ftierheim-moers.de%2FWordpress%2Fosteraktion-im-tierheim-25-27-03-2021-15-00-16-00-uhr%2F\" title=\"Bei Facebook teilen\" aria-label=\"Bei Facebook teilen\" role=\"button\" rel=\"nofollow\" class=\"shariff-link\" style=\"; background-color:#3b5998; color:#fff\" target=\"_blank\"><span class=\"shariff-icon\" style=\"\"><svg width=\"32px\" height=\"20px\" xmlns=\"http:\/\/www.w3.org\/2000\/svg\" viewBox=\"0 0 18 32\"><path fill=\"#3b5998\" d=\"M17.1 0.2v4.7h-2.8q-1.5 0-2.1 0.6t-0.5 1.9v3.4h5.2l-0.7 5.3h-4.5v13.6h-5.5v-13.6h-4.5v-5.3h4.5v-3.9q0-3.3 1.9-5.2t5-1.8q2.6 0 4.1 0.2z\"\/><\/svg><\/span><\/a><\/li><li class=\"shariff-button twitter shariff-nocustomcolor\" style=\"background-color:#595959\"><a href=\"https:\/\/twitter.com\/share?url=https%3A%2F%2Ftierheim-moers.de%2FWordpress%2Fosteraktion-im-tierheim-25-27-03-2021-15-00-16-00-uhr%2F&text=Vielen%20Dank%20f%C3%BCr%20euern%20Besuch%20anl%C3%A4sslich%20unserer%20Osteraktion%202021\" title=\"Bei X teilen\" aria-label=\"Bei X teilen\" role=\"button\" rel=\"noopener nofollow\" class=\"shariff-link\" style=\"; background-color:#000; color:#fff\" target=\"_blank\"><span class=\"shariff-icon\" style=\"\"><svg width=\"32px\" height=\"20px\" xmlns=\"http:\/\/www.w3.org\/2000\/svg\" viewBox=\"0 0 24 24\"><path fill=\"#000\" d=\"M14.258 10.152L23.176 0h-2.113l-7.747 8.813L7.133 0H0l9.352 13.328L0 23.973h2.113l8.176-9.309 6.531 9.309h7.133zm-2.895 3.293l-.949-1.328L2.875 1.56h3.246l6.086 8.523.945 1.328 7.91 11.078h-3.246zm0 0\"\/><\/svg><\/span><\/a><\/li><li class=\"shariff-button whatsapp shariff-nocustomcolor\" style=\"background-color:#5cbe4a\"><a href=\"https:\/\/api.whatsapp.com\/send?text=https%3A%2F%2Ftierheim-moers.de%2FWordpress%2Fosteraktion-im-tierheim-25-27-03-2021-15-00-16-00-uhr%2F%20Vielen%20Dank%20f%C3%BCr%20euern%20Besuch%20anl%C3%A4sslich%20unserer%20Osteraktion%202021\" title=\"Bei Whatsapp teilen\" aria-label=\"Bei Whatsapp teilen\" role=\"button\" rel=\"noopener nofollow\" class=\"shariff-link\" style=\"; background-color:#34af23; color:#fff\" target=\"_blank\"><span class=\"shariff-icon\" style=\"\"><svg width=\"32px\" height=\"20px\" xmlns=\"http:\/\/www.w3.org\/2000\/svg\" viewBox=\"0 0 32 32\"><path fill=\"#34af23\" d=\"M17.6 17.4q0.2 0 1.7 0.8t1.6 0.9q0 0.1 0 0.3 0 0.6-0.3 1.4-0.3 0.7-1.3 1.2t-1.8 0.5q-1 0-3.4-1.1-1.7-0.8-3-2.1t-2.6-3.3q-1.3-1.9-1.3-3.5v-0.1q0.1-1.6 1.3-2.8 0.4-0.4 0.9-0.4 0.1 0 0.3 0t0.3 0q0.3 0 0.5 0.1t0.3 0.5q0.1 0.4 0.6 1.6t0.4 1.3q0 0.4-0.6 1t-0.6 0.8q0 0.1 0.1 0.3 0.6 1.3 1.8 2.4 1 0.9 2.7 1.8 0.2 0.1 0.4 0.1 0.3 0 1-0.9t0.9-0.9zM14 26.9q2.3 0 4.3-0.9t3.6-2.4 2.4-3.6 0.9-4.3-0.9-4.3-2.4-3.6-3.6-2.4-4.3-0.9-4.3 0.9-3.6 2.4-2.4 3.6-0.9 4.3q0 3.6 2.1 6.6l-1.4 4.2 4.3-1.4q2.8 1.9 6.2 1.9zM14 2.2q2.7 0 5.2 1.1t4.3 2.9 2.9 4.3 1.1 5.2-1.1 5.2-2.9 4.3-4.3 2.9-5.2 1.1q-3.5 0-6.5-1.7l-7.4 2.4 2.4-7.2q-1.9-3.2-1.9-6.9 0-2.7 1.1-5.2t2.9-4.3 4.3-2.9 5.2-1.1z\"\/><\/svg><\/span><\/a><\/li><li class=\"shariff-button sms shariff-nocustomcolor shariff-mobile\" style=\"background-color:#d7d9d8\"><a href=\"sms:?&body=https%3A%2F%2Ftierheim-moers.de%2FWordpress%2Fosteraktion-im-tierheim-25-27-03-2021-15-00-16-00-uhr%2F\" title=\"Per SMS teilen\" aria-label=\"Per SMS teilen\" role=\"button\" rel=\"noopener nofollow\" class=\"shariff-link\" style=\"; background-color:#a1e877; color:#fff\" target=\"_blank\"><span class=\"shariff-icon\" style=\"\"><svg xmlns=\"http:\/\/www.w3.org\/2000\/svg\" width=\"510\" height=\"510\" viewBox=\"0 0 510 510\"><path fill=\"#a1e877\" d=\"M459 0H51C23 0 0 23 0 51v459l102-102h357c28.1 0 51-22.9 51-51V51C510 23 487.1 0 459 0zM178.5 229.5h-51v-51h51V229.5zM280.5 229.5h-51v-51h51V229.5zM382.5 229.5h-51v-51h51V229.5z\"\/><\/svg><\/span><\/a><\/li><\/ul><\/div>","protected":false},"excerpt":{"rendered":"<p>27.03.2021 Ein gro\u00dfes Dankesch\u00f6n m\u00f6chten wir an alle schicken, die unsere Osteraktion so engagiert unterst\u00fctzt haben. Es war ein voller Erfolg.\u00a0 Alle T\u00fcten waren nach 1 1\/2 Tagen ausgegeben. Danke, dass ihr damit unser Tierheim und somit die Tiere unterst\u00fctzt habt. Viele haben kr\u00e4ftig dazugespendet, was uns unheimlich gefreut hat. &#8230;<\/p>\n","protected":false},"author":4,"featured_media":38613,"comment_status":"closed","ping_status":"open","sticky":false,"template":"","format":"standard","meta":{"ngg_post_thumbnail":0,"footnotes":""},"categories":[18],"tags":[],"class_list":["post-38612","post","type-post","status-publish","format-standard","has-post-thumbnail","hentry","category-spender-sponsoren","column","threecol","has-thumbnail"],"yoast_head":"<!-- This site is optimized with the Yoast SEO plugin v24.6 - https:\/\/yoast.com\/wordpress\/plugins\/seo\/ -->\n<title>Vielen Dank f\u00fcr euern Besuch anl\u00e4sslich unserer Osteraktion 2021 | TIERHEIM MOERS<\/title>\n<meta name=\"robots\" content=\"index, follow, max-snippet:-1, max-image-preview:large, max-video-preview:-1\" \/>\n<link rel=\"canonical\" href=\"https:\/\/tierheim-moers.de\/Wordpress\/osteraktion-im-tierheim-25-27-03-2021-15-00-16-00-uhr\/\" \/>\n<meta property=\"og:locale\" content=\"de_DE\" \/>\n<meta property=\"og:type\" content=\"article\" \/>\n<meta property=\"og:title\" content=\"Vielen Dank f\u00fcr euern Besuch anl\u00e4sslich unserer Osteraktion 2021 | TIERHEIM MOERS\" \/>\n<meta property=\"og:description\" content=\"27.03.2021 Ein gro\u00dfes Dankesch\u00f6n m\u00f6chten wir an alle schicken, die unsere Osteraktion so engagiert unterst\u00fctzt haben. Es war ein voller Erfolg.\u00a0 Alle &#8230;\" \/>\n<meta property=\"og:url\" content=\"https:\/\/tierheim-moers.de\/Wordpress\/osteraktion-im-tierheim-25-27-03-2021-15-00-16-00-uhr\/\" \/>\n<meta property=\"og:site_name\" content=\"TIERHEIM MOERS\" \/>\n<meta property=\"article:publisher\" content=\"https:\/\/de-de.facebook.com\/moers.tierheim\" \/>\n<meta property=\"article:published_time\" content=\"2021-03-18T15:55:55+00:00\" \/>\n<meta property=\"article:modified_time\" content=\"2021-04-10T18:47:21+00:00\" \/>\n<meta property=\"og:image\" content=\"https:\/\/tierheim-moers.de\/Wordpress\/wp-content\/uploads\/2021\/03\/osteraktion-vom-tierheim-wundertueten-2021.jpg\" \/>\n\t<meta property=\"og:image:width\" content=\"503\" \/>\n\t<meta property=\"og:image:height\" content=\"504\" \/>\n\t<meta property=\"og:image:type\" content=\"image\/jpeg\" \/>\n<meta name=\"author\" content=\"Gisela Kuhnen\" \/>\n<meta name=\"twitter:card\" content=\"summary_large_image\" \/>\n<meta name=\"twitter:label1\" content=\"Verfasst von\" \/>\n\t<meta name=\"twitter:data1\" content=\"Gisela Kuhnen\" \/>\n\t<meta name=\"twitter:label2\" content=\"Gesch\u00e4tzte Lesezeit\" \/>\n\t<meta name=\"twitter:data2\" content=\"3\u00a0Minuten\" \/>\n<script type=\"application\/ld+json\" class=\"yoast-schema-graph\">{\"@context\":\"https:\/\/schema.org\",\"@graph\":[{\"@type\":\"Article\",\"@id\":\"https:\/\/tierheim-moers.de\/Wordpress\/osteraktion-im-tierheim-25-27-03-2021-15-00-16-00-uhr\/#article\",\"isPartOf\":{\"@id\":\"https:\/\/tierheim-moers.de\/Wordpress\/osteraktion-im-tierheim-25-27-03-2021-15-00-16-00-uhr\/\"},\"author\":{\"name\":\"Gisela Kuhnen\",\"@id\":\"https:\/\/tierheim-moers.de\/Wordpress\/#\/schema\/person\/35ad410ed2d8620d4f57f813585b0d8e\"},\"headline\":\"Vielen Dank f\u00fcr euern Besuch anl\u00e4sslich unserer Osteraktion 2021\",\"datePublished\":\"2021-03-18T15:55:55+00:00\",\"dateModified\":\"2021-04-10T18:47:21+00:00\",\"mainEntityOfPage\":{\"@id\":\"https:\/\/tierheim-moers.de\/Wordpress\/osteraktion-im-tierheim-25-27-03-2021-15-00-16-00-uhr\/\"},\"wordCount\":425,\"publisher\":{\"@id\":\"https:\/\/tierheim-moers.de\/Wordpress\/#organization\"},\"image\":{\"@id\":\"https:\/\/tierheim-moers.de\/Wordpress\/osteraktion-im-tierheim-25-27-03-2021-15-00-16-00-uhr\/#primaryimage\"},\"thumbnailUrl\":\"https:\/\/tierheim-moers.de\/Wordpress\/wp-content\/uploads\/2021\/03\/osteraktion-vom-tierheim-wundertueten-2021.jpg\",\"articleSection\":[\"Spender &amp; Sponsoren\"],\"inLanguage\":\"de\"},{\"@type\":\"WebPage\",\"@id\":\"https:\/\/tierheim-moers.de\/Wordpress\/osteraktion-im-tierheim-25-27-03-2021-15-00-16-00-uhr\/\",\"url\":\"https:\/\/tierheim-moers.de\/Wordpress\/osteraktion-im-tierheim-25-27-03-2021-15-00-16-00-uhr\/\",\"name\":\"Vielen Dank f\u00fcr euern Besuch anl\u00e4sslich unserer Osteraktion 2021 | TIERHEIM MOERS\",\"isPartOf\":{\"@id\":\"https:\/\/tierheim-moers.de\/Wordpress\/#website\"},\"primaryImageOfPage\":{\"@id\":\"https:\/\/tierheim-moers.de\/Wordpress\/osteraktion-im-tierheim-25-27-03-2021-15-00-16-00-uhr\/#primaryimage\"},\"image\":{\"@id\":\"https:\/\/tierheim-moers.de\/Wordpress\/osteraktion-im-tierheim-25-27-03-2021-15-00-16-00-uhr\/#primaryimage\"},\"thumbnailUrl\":\"https:\/\/tierheim-moers.de\/Wordpress\/wp-content\/uploads\/2021\/03\/osteraktion-vom-tierheim-wundertueten-2021.jpg\",\"datePublished\":\"2021-03-18T15:55:55+00:00\",\"dateModified\":\"2021-04-10T18:47:21+00:00\",\"breadcrumb\":{\"@id\":\"https:\/\/tierheim-moers.de\/Wordpress\/osteraktion-im-tierheim-25-27-03-2021-15-00-16-00-uhr\/#breadcrumb\"},\"inLanguage\":\"de\",\"potentialAction\":[{\"@type\":\"ReadAction\",\"target\":[\"https:\/\/tierheim-moers.de\/Wordpress\/osteraktion-im-tierheim-25-27-03-2021-15-00-16-00-uhr\/\"]}]},{\"@type\":\"ImageObject\",\"inLanguage\":\"de\",\"@id\":\"https:\/\/tierheim-moers.de\/Wordpress\/osteraktion-im-tierheim-25-27-03-2021-15-00-16-00-uhr\/#primaryimage\",\"url\":\"https:\/\/tierheim-moers.de\/Wordpress\/wp-content\/uploads\/2021\/03\/osteraktion-vom-tierheim-wundertueten-2021.jpg\",\"contentUrl\":\"https:\/\/tierheim-moers.de\/Wordpress\/wp-content\/uploads\/2021\/03\/osteraktion-vom-tierheim-wundertueten-2021.jpg\",\"width\":503,\"height\":504},{\"@type\":\"BreadcrumbList\",\"@id\":\"https:\/\/tierheim-moers.de\/Wordpress\/osteraktion-im-tierheim-25-27-03-2021-15-00-16-00-uhr\/#breadcrumb\",\"itemListElement\":[{\"@type\":\"ListItem\",\"position\":1,\"name\":\"Startseite\",\"item\":\"https:\/\/tierheim-moers.de\/Wordpress\/\"},{\"@type\":\"ListItem\",\"position\":2,\"name\":\"Vielen Dank f\u00fcr euern Besuch anl\u00e4sslich unserer Osteraktion 2021\"}]},{\"@type\":\"WebSite\",\"@id\":\"https:\/\/tierheim-moers.de\/Wordpress\/#website\",\"url\":\"https:\/\/tierheim-moers.de\/Wordpress\/\",\"name\":\"Tierheim Moers\",\"description\":\"Tierheim | Hundepension | Tierschutz | Moers\",\"publisher\":{\"@id\":\"https:\/\/tierheim-moers.de\/Wordpress\/#organization\"},\"potentialAction\":[{\"@type\":\"SearchAction\",\"target\":{\"@type\":\"EntryPoint\",\"urlTemplate\":\"https:\/\/tierheim-moers.de\/Wordpress\/?s={search_term_string}\"},\"query-input\":{\"@type\":\"PropertyValueSpecification\",\"valueRequired\":true,\"valueName\":\"search_term_string\"}}],\"inLanguage\":\"de\"},{\"@type\":\"Organization\",\"@id\":\"https:\/\/tierheim-moers.de\/Wordpress\/#organization\",\"name\":\"Tierheim Moers\",\"url\":\"https:\/\/tierheim-moers.de\/Wordpress\/\",\"logo\":{\"@type\":\"ImageObject\",\"inLanguage\":\"de\",\"@id\":\"https:\/\/tierheim-moers.de\/Wordpress\/#\/schema\/logo\/image\/\",\"url\":\"https:\/\/tierheim-moers.de\/Wordpress\/wp-content\/uploads\/2014\/04\/Logo-TSV-Moers-V01-RGB-300.png\",\"contentUrl\":\"https:\/\/tierheim-moers.de\/Wordpress\/wp-content\/uploads\/2014\/04\/Logo-TSV-Moers-V01-RGB-300.png\",\"width\":1052,\"height\":1038,\"caption\":\"Tierheim Moers\"},\"image\":{\"@id\":\"https:\/\/tierheim-moers.de\/Wordpress\/#\/schema\/logo\/image\/\"},\"sameAs\":[\"https:\/\/de-de.facebook.com\/moers.tierheim\"]},{\"@type\":\"Person\",\"@id\":\"https:\/\/tierheim-moers.de\/Wordpress\/#\/schema\/person\/35ad410ed2d8620d4f57f813585b0d8e\",\"name\":\"Gisela Kuhnen\",\"image\":{\"@type\":\"ImageObject\",\"inLanguage\":\"de\",\"@id\":\"https:\/\/tierheim-moers.de\/Wordpress\/#\/schema\/person\/image\/\",\"url\":\"https:\/\/secure.gravatar.com\/avatar\/807ca84b4538291e2f5dc665ed240a0d4d7ab8f22360ec427a82fe926980b31a?s=96&d=mm&r=g\",\"contentUrl\":\"https:\/\/secure.gravatar.com\/avatar\/807ca84b4538291e2f5dc665ed240a0d4d7ab8f22360ec427a82fe926980b31a?s=96&d=mm&r=g\",\"caption\":\"Gisela Kuhnen\"},\"url\":\"https:\/\/tierheim-moers.de\/Wordpress\/author\/gisela-kuhnen\/\"}]}<\/script>\n<!-- \/ Yoast SEO plugin. -->","yoast_head_json":{"title":"Vielen Dank f\u00fcr euern Besuch anl\u00e4sslich unserer Osteraktion 2021 | TIERHEIM MOERS","robots":{"index":"index","follow":"follow","max-snippet":"max-snippet:-1","max-image-preview":"max-image-preview:large","max-video-preview":"max-video-preview:-1"},"canonical":"https:\/\/tierheim-moers.de\/Wordpress\/osteraktion-im-tierheim-25-27-03-2021-15-00-16-00-uhr\/","og_locale":"de_DE","og_type":"article","og_title":"Vielen Dank f\u00fcr euern Besuch anl\u00e4sslich unserer Osteraktion 2021 | TIERHEIM MOERS","og_description":"27.03.2021 Ein gro\u00dfes Dankesch\u00f6n m\u00f6chten wir an alle schicken, die unsere Osteraktion so engagiert unterst\u00fctzt haben. Es war ein voller Erfolg.\u00a0 Alle &#8230;","og_url":"https:\/\/tierheim-moers.de\/Wordpress\/osteraktion-im-tierheim-25-27-03-2021-15-00-16-00-uhr\/","og_site_name":"TIERHEIM MOERS","article_publisher":"https:\/\/de-de.facebook.com\/moers.tierheim","article_published_time":"2021-03-18T15:55:55+00:00","article_modified_time":"2021-04-10T18:47:21+00:00","og_image":[{"width":503,"height":504,"url":"https:\/\/tierheim-moers.de\/Wordpress\/wp-content\/uploads\/2021\/03\/osteraktion-vom-tierheim-wundertueten-2021.jpg","type":"image\/jpeg"}],"author":"Gisela Kuhnen","twitter_card":"summary_large_image","twitter_misc":{"Verfasst von":"Gisela Kuhnen","Gesch\u00e4tzte Lesezeit":"3\u00a0Minuten"},"schema":{"@context":"https:\/\/schema.org","@graph":[{"@type":"Article","@id":"https:\/\/tierheim-moers.de\/Wordpress\/osteraktion-im-tierheim-25-27-03-2021-15-00-16-00-uhr\/#article","isPartOf":{"@id":"https:\/\/tierheim-moers.de\/Wordpress\/osteraktion-im-tierheim-25-27-03-2021-15-00-16-00-uhr\/"},"author":{"name":"Gisela Kuhnen","@id":"https:\/\/tierheim-moers.de\/Wordpress\/#\/schema\/person\/35ad410ed2d8620d4f57f813585b0d8e"},"headline":"Vielen Dank f\u00fcr euern Besuch anl\u00e4sslich unserer Osteraktion 2021","datePublished":"2021-03-18T15:55:55+00:00","dateModified":"2021-04-10T18:47:21+00:00","mainEntityOfPage":{"@id":"https:\/\/tierheim-moers.de\/Wordpress\/osteraktion-im-tierheim-25-27-03-2021-15-00-16-00-uhr\/"},"wordCount":425,"publisher":{"@id":"https:\/\/tierheim-moers.de\/Wordpress\/#organization"},"image":{"@id":"https:\/\/tierheim-moers.de\/Wordpress\/osteraktion-im-tierheim-25-27-03-2021-15-00-16-00-uhr\/#primaryimage"},"thumbnailUrl":"https:\/\/tierheim-moers.de\/Wordpress\/wp-content\/uploads\/2021\/03\/osteraktion-vom-tierheim-wundertueten-2021.jpg","articleSection":["Spender &amp; Sponsoren"],"inLanguage":"de"},{"@type":"WebPage","@id":"https:\/\/tierheim-moers.de\/Wordpress\/osteraktion-im-tierheim-25-27-03-2021-15-00-16-00-uhr\/","url":"https:\/\/tierheim-moers.de\/Wordpress\/osteraktion-im-tierheim-25-27-03-2021-15-00-16-00-uhr\/","name":"Vielen Dank f\u00fcr euern Besuch anl\u00e4sslich unserer Osteraktion 2021 | TIERHEIM MOERS","isPartOf":{"@id":"https:\/\/tierheim-moers.de\/Wordpress\/#website"},"primaryImageOfPage":{"@id":"https:\/\/tierheim-moers.de\/Wordpress\/osteraktion-im-tierheim-25-27-03-2021-15-00-16-00-uhr\/#primaryimage"},"image":{"@id":"https:\/\/tierheim-moers.de\/Wordpress\/osteraktion-im-tierheim-25-27-03-2021-15-00-16-00-uhr\/#primaryimage"},"thumbnailUrl":"https:\/\/tierheim-moers.de\/Wordpress\/wp-content\/uploads\/2021\/03\/osteraktion-vom-tierheim-wundertueten-2021.jpg","datePublished":"2021-03-18T15:55:55+00:00","dateModified":"2021-04-10T18:47:21+00:00","breadcrumb":{"@id":"https:\/\/tierheim-moers.de\/Wordpress\/osteraktion-im-tierheim-25-27-03-2021-15-00-16-00-uhr\/#breadcrumb"},"inLanguage":"de","potentialAction":[{"@type":"ReadAction","target":["https:\/\/tierheim-moers.de\/Wordpress\/osteraktion-im-tierheim-25-27-03-2021-15-00-16-00-uhr\/"]}]},{"@type":"ImageObject","inLanguage":"de","@id":"https:\/\/tierheim-moers.de\/Wordpress\/osteraktion-im-tierheim-25-27-03-2021-15-00-16-00-uhr\/#primaryimage","url":"https:\/\/tierheim-moers.de\/Wordpress\/wp-content\/uploads\/2021\/03\/osteraktion-vom-tierheim-wundertueten-2021.jpg","contentUrl":"https:\/\/tierheim-moers.de\/Wordpress\/wp-content\/uploads\/2021\/03\/osteraktion-vom-tierheim-wundertueten-2021.jpg","width":503,"height":504},{"@type":"BreadcrumbList","@id":"https:\/\/tierheim-moers.de\/Wordpress\/osteraktion-im-tierheim-25-27-03-2021-15-00-16-00-uhr\/#breadcrumb","itemListElement":[{"@type":"ListItem","position":1,"name":"Startseite","item":"https:\/\/tierheim-moers.de\/Wordpress\/"},{"@type":"ListItem","position":2,"name":"Vielen Dank f\u00fcr euern Besuch anl\u00e4sslich unserer Osteraktion 2021"}]},{"@type":"WebSite","@id":"https:\/\/tierheim-moers.de\/Wordpress\/#website","url":"https:\/\/tierheim-moers.de\/Wordpress\/","name":"Tierheim Moers","description":"Tierheim | Hundepension | Tierschutz | Moers","publisher":{"@id":"https:\/\/tierheim-moers.de\/Wordpress\/#organization"},"potentialAction":[{"@type":"SearchAction","target":{"@type":"EntryPoint","urlTemplate":"https:\/\/tierheim-moers.de\/Wordpress\/?s={search_term_string}"},"query-input":{"@type":"PropertyValueSpecification","valueRequired":true,"valueName":"search_term_string"}}],"inLanguage":"de"},{"@type":"Organization","@id":"https:\/\/tierheim-moers.de\/Wordpress\/#organization","name":"Tierheim Moers","url":"https:\/\/tierheim-moers.de\/Wordpress\/","logo":{"@type":"ImageObject","inLanguage":"de","@id":"https:\/\/tierheim-moers.de\/Wordpress\/#\/schema\/logo\/image\/","url":"https:\/\/tierheim-moers.de\/Wordpress\/wp-content\/uploads\/2014\/04\/Logo-TSV-Moers-V01-RGB-300.png","contentUrl":"https:\/\/tierheim-moers.de\/Wordpress\/wp-content\/uploads\/2014\/04\/Logo-TSV-Moers-V01-RGB-300.png","width":1052,"height":1038,"caption":"Tierheim Moers"},"image":{"@id":"https:\/\/tierheim-moers.de\/Wordpress\/#\/schema\/logo\/image\/"},"sameAs":["https:\/\/de-de.facebook.com\/moers.tierheim"]},{"@type":"Person","@id":"https:\/\/tierheim-moers.de\/Wordpress\/#\/schema\/person\/35ad410ed2d8620d4f57f813585b0d8e","name":"Gisela Kuhnen","image":{"@type":"ImageObject","inLanguage":"de","@id":"https:\/\/tierheim-moers.de\/Wordpress\/#\/schema\/person\/image\/","url":"https:\/\/secure.gravatar.com\/avatar\/807ca84b4538291e2f5dc665ed240a0d4d7ab8f22360ec427a82fe926980b31a?s=96&d=mm&r=g","contentUrl":"https:\/\/secure.gravatar.com\/avatar\/807ca84b4538291e2f5dc665ed240a0d4d7ab8f22360ec427a82fe926980b31a?s=96&d=mm&r=g","caption":"Gisela Kuhnen"},"url":"https:\/\/tierheim-moers.de\/Wordpress\/author\/gisela-kuhnen\/"}]}},"_links":{"self":[{"href":"https:\/\/tierheim-moers.de\/Wordpress\/wp-json\/wp\/v2\/posts\/38612","targetHints":{"allow":["GET"]}}],"collection":[{"href":"https:\/\/tierheim-moers.de\/Wordpress\/wp-json\/wp\/v2\/posts"}],"about":[{"href":"https:\/\/tierheim-moers.de\/Wordpress\/wp-json\/wp\/v2\/types\/post"}],"author":[{"embeddable":true,"href":"https:\/\/tierheim-moers.de\/Wordpress\/wp-json\/wp\/v2\/users\/4"}],"replies":[{"embeddable":true,"href":"https:\/\/tierheim-moers.de\/Wordpress\/wp-json\/wp\/v2\/comments?post=38612"}],"version-history":[{"count":7,"href":"https:\/\/tierheim-moers.de\/Wordpress\/wp-json\/wp\/v2\/posts\/38612\/revisions"}],"predecessor-version":[{"id":39151,"href":"https:\/\/tierheim-moers.de\/Wordpress\/wp-json\/wp\/v2\/posts\/38612\/revisions\/39151"}],"wp:featuredmedia":[{"embeddable":true,"href":"https:\/\/tierheim-moers.de\/Wordpress\/wp-json\/wp\/v2\/media\/38613"}],"wp:attachment":[{"href":"https:\/\/tierheim-moers.de\/Wordpress\/wp-json\/wp\/v2\/media?parent=38612"}],"wp:term":[{"taxonomy":"category","embeddable":true,"href":"https:\/\/tierheim-moers.de\/Wordpress\/wp-json\/wp\/v2\/categories?post=38612"},{"taxonomy":"post_tag","embeddable":true,"href":"https:\/\/tierheim-moers.de\/Wordpress\/wp-json\/wp\/v2\/tags?post=38612"}],"curies":[{"name":"wp","href":"https:\/\/api.w.org\/{rel}","templated":true}]}}