{"id":38805,"date":"2021-05-16T13:15:22","date_gmt":"2021-05-16T11:15:22","guid":{"rendered":"https:\/\/tierheim-moers.de\/Wordpress\/?p=38805"},"modified":"2021-05-18T16:26:17","modified_gmt":"2021-05-18T14:26:17","slug":"jungkater-patscho-braucht-zweite-chance","status":"publish","type":"post","link":"https:\/\/tierheim-moers.de\/Wordpress\/jungkater-patscho-braucht-zweite-chance\/","title":{"rendered":"Jungkater Patscho  (oben) braucht zweite Chance,  zusammen mit Pauli (unten)"},"content":{"rendered":"<p>21.04.2021<strong><br \/>\n<\/strong><\/p>\n<p><strong>Jetzt wissen wir, was Patscho mag: gewolftes H\u00e4hnchenfleisch. Das bekommt man in der Futterkiste in Rumeln oder auch in anderen L\u00e4den, die Barf-Bedarf anbieten. Unsere Mitarbeiter beraten Sie gerne.<\/strong><\/p>\n<p>03.04.2021<\/p>\n<p><a href=\"https:\/\/tierheim-moers.de\/Wordpress\/wp-content\/uploads\/2021\/03\/patscho8-scaled.jpg\"><img fetchpriority=\"high\" decoding=\"async\" class=\"alignnone size-medium wp-image-39033\" src=\"https:\/\/tierheim-moers.de\/Wordpress\/wp-content\/uploads\/2021\/03\/patscho8-278x300.jpg\" alt=\"\" width=\"278\" height=\"300\" srcset=\"https:\/\/tierheim-moers.de\/Wordpress\/wp-content\/uploads\/2021\/03\/patscho8-278x300.jpg 278w, https:\/\/tierheim-moers.de\/Wordpress\/wp-content\/uploads\/2021\/03\/patscho8-949x1024.jpg 949w, https:\/\/tierheim-moers.de\/Wordpress\/wp-content\/uploads\/2021\/03\/patscho8-768x829.jpg 768w, https:\/\/tierheim-moers.de\/Wordpress\/wp-content\/uploads\/2021\/03\/patscho8-600x647.jpg 600w, https:\/\/tierheim-moers.de\/Wordpress\/wp-content\/uploads\/2021\/03\/patscho8-1424x1536.jpg 1424w, https:\/\/tierheim-moers.de\/Wordpress\/wp-content\/uploads\/2021\/03\/patscho8-1898x2048.jpg 1898w, https:\/\/tierheim-moers.de\/Wordpress\/wp-content\/uploads\/2021\/03\/patscho8-700x755.jpg 700w, https:\/\/tierheim-moers.de\/Wordpress\/wp-content\/uploads\/2021\/03\/patscho8-1320x1424.jpg 1320w\" sizes=\"(max-width: 278px) 100vw, 278px\" \/><\/a> <a href=\"https:\/\/tierheim-moers.de\/Wordpress\/wp-content\/uploads\/2021\/03\/patscho9-scaled.jpg\"><img decoding=\"async\" class=\"alignnone size-medium wp-image-39034\" src=\"https:\/\/tierheim-moers.de\/Wordpress\/wp-content\/uploads\/2021\/03\/patscho9-244x300.jpg\" alt=\"\" width=\"244\" height=\"300\" srcset=\"https:\/\/tierheim-moers.de\/Wordpress\/wp-content\/uploads\/2021\/03\/patscho9-244x300.jpg 244w, https:\/\/tierheim-moers.de\/Wordpress\/wp-content\/uploads\/2021\/03\/patscho9-831x1024.jpg 831w, https:\/\/tierheim-moers.de\/Wordpress\/wp-content\/uploads\/2021\/03\/patscho9-768x946.jpg 768w, https:\/\/tierheim-moers.de\/Wordpress\/wp-content\/uploads\/2021\/03\/patscho9-600x739.jpg 600w, https:\/\/tierheim-moers.de\/Wordpress\/wp-content\/uploads\/2021\/03\/patscho9-1247x1536.jpg 1247w, https:\/\/tierheim-moers.de\/Wordpress\/wp-content\/uploads\/2021\/03\/patscho9-1662x2048.jpg 1662w, https:\/\/tierheim-moers.de\/Wordpress\/wp-content\/uploads\/2021\/03\/patscho9-700x862.jpg 700w, https:\/\/tierheim-moers.de\/Wordpress\/wp-content\/uploads\/2021\/03\/patscho9-1320x1626.jpg 1320w\" sizes=\"(max-width: 244px) 100vw, 244px\" \/><\/a> <a href=\"https:\/\/tierheim-moers.de\/Wordpress\/wp-content\/uploads\/2021\/03\/patscho10-scaled.jpg\"><img decoding=\"async\" class=\"alignnone size-medium wp-image-39035\" src=\"https:\/\/tierheim-moers.de\/Wordpress\/wp-content\/uploads\/2021\/03\/patscho10-300x221.jpg\" alt=\"\" width=\"300\" height=\"221\" srcset=\"https:\/\/tierheim-moers.de\/Wordpress\/wp-content\/uploads\/2021\/03\/patscho10-300x221.jpg 300w, https:\/\/tierheim-moers.de\/Wordpress\/wp-content\/uploads\/2021\/03\/patscho10-1024x755.jpg 1024w, https:\/\/tierheim-moers.de\/Wordpress\/wp-content\/uploads\/2021\/03\/patscho10-768x566.jpg 768w, https:\/\/tierheim-moers.de\/Wordpress\/wp-content\/uploads\/2021\/03\/patscho10-600x442.jpg 600w, https:\/\/tierheim-moers.de\/Wordpress\/wp-content\/uploads\/2021\/03\/patscho10-1536x1133.jpg 1536w, https:\/\/tierheim-moers.de\/Wordpress\/wp-content\/uploads\/2021\/03\/patscho10-2048x1510.jpg 2048w, https:\/\/tierheim-moers.de\/Wordpress\/wp-content\/uploads\/2021\/03\/patscho10-700x516.jpg 700w, https:\/\/tierheim-moers.de\/Wordpress\/wp-content\/uploads\/2021\/03\/patscho10-1320x973.jpg 1320w\" sizes=\"(max-width: 300px) 100vw, 300px\" \/><\/a><\/p>\n\n<table id=\"tablepress-107U21\" class=\"tablepress tablepress-id-107U21\">\n<tbody class=\"row-striping row-hover\">\n<tr class=\"row-1\">\n\t<td class=\"column-1\">Name des Tiers:<\/td><td class=\"column-2\">Patscho<\/td>\n<\/tr>\n<tr class=\"row-2\">\n\t<td class=\"column-1\">Bestandsnummer:<\/td><td class=\"column-2\">107 \u00dc 21<\/td>\n<\/tr>\n<tr class=\"row-3\">\n\t<td class=\"column-1\">Aufnahmegrund:<\/td><td class=\"column-2\">\u00dcbergabe<\/td>\n<\/tr>\n<tr class=\"row-4\">\n\t<td class=\"column-1\">Im Tierheim seit:<\/td><td class=\"column-2\">25.03.2021<\/td>\n<\/tr>\n<tr class=\"row-5\">\n\t<td class=\"column-1\">Rasse:<\/td><td class=\"column-2\">EKH<\/td>\n<\/tr>\n<tr class=\"row-6\">\n\t<td class=\"column-1\">Geschlecht:<\/td><td class=\"column-2\">m\u00e4nnlich, kastriert im Tierheim<\/td>\n<\/tr>\n<tr class=\"row-7\">\n\t<td class=\"column-1\">Farbe\/Felll\u00e4nge:<\/td><td class=\"column-2\">grau-getigert mit wei\u00df<\/td>\n<\/tr>\n<tr class=\"row-8\">\n\t<td class=\"column-1\">Geburtsdatum:<\/td><td class=\"column-2\">03.2020<\/td>\n<\/tr>\n<tr class=\"row-9\">\n\t<td class=\"column-1\">Schulterh\u00f6he\/Gewicht:<\/td><td class=\"column-2\"><\/td>\n<\/tr>\n<tr class=\"row-10\">\n\t<td class=\"column-1\">Fundort\/Abgabegrund:<\/td><td class=\"column-2\"><\/td>\n<\/tr>\n<tr class=\"row-11\">\n\t<td class=\"column-1\">Tierbeschreibung:<\/td><td class=\"column-2\">Vermittlung zusammen mit Pauli, <br \/>\nFreigang<\/td>\n<\/tr>\n<\/tbody>\n<\/table>\n\n<p>25.04.2021<\/p>\n<p>Hier wird heute ordentlich gechilled<\/p>\n<p><a href=\"https:\/\/tierheim-moers.de\/Wordpress\/wp-content\/uploads\/2021\/03\/patscho11.jpg\"><img loading=\"lazy\" decoding=\"async\" class=\"alignnone size-medium wp-image-39484\" src=\"https:\/\/tierheim-moers.de\/Wordpress\/wp-content\/uploads\/2021\/03\/patscho11-300x263.jpg\" alt=\"\" width=\"300\" height=\"263\" srcset=\"https:\/\/tierheim-moers.de\/Wordpress\/wp-content\/uploads\/2021\/03\/patscho11-300x263.jpg 300w, https:\/\/tierheim-moers.de\/Wordpress\/wp-content\/uploads\/2021\/03\/patscho11-1024x896.jpg 1024w, https:\/\/tierheim-moers.de\/Wordpress\/wp-content\/uploads\/2021\/03\/patscho11-768x672.jpg 768w, https:\/\/tierheim-moers.de\/Wordpress\/wp-content\/uploads\/2021\/03\/patscho11-600x525.jpg 600w, https:\/\/tierheim-moers.de\/Wordpress\/wp-content\/uploads\/2021\/03\/patscho11-1536x1345.jpg 1536w, https:\/\/tierheim-moers.de\/Wordpress\/wp-content\/uploads\/2021\/03\/patscho11-2048x1793.jpg 2048w, https:\/\/tierheim-moers.de\/Wordpress\/wp-content\/uploads\/2021\/03\/patscho11-700x613.jpg 700w, https:\/\/tierheim-moers.de\/Wordpress\/wp-content\/uploads\/2021\/03\/patscho11-1320x1156.jpg 1320w\" sizes=\"(max-width: 300px) 100vw, 300px\" \/><\/a><\/p>\n<p>21.04.2021<a href=\"https:\/\/tierheim-moers.de\/Wordpress\/wp-content\/uploads\/2021\/03\/pauli-und-patscho4-ausschnitt.jpg\"><img loading=\"lazy\" decoding=\"async\" class=\"size-medium wp-image-39358 alignleft\" src=\"https:\/\/tierheim-moers.de\/Wordpress\/wp-content\/uploads\/2021\/03\/pauli-und-patscho4-ausschnitt-300x267.jpg\" alt=\"\" width=\"300\" height=\"267\" srcset=\"https:\/\/tierheim-moers.de\/Wordpress\/wp-content\/uploads\/2021\/03\/pauli-und-patscho4-ausschnitt-300x267.jpg 300w, https:\/\/tierheim-moers.de\/Wordpress\/wp-content\/uploads\/2021\/03\/pauli-und-patscho4-ausschnitt-1024x910.jpg 1024w, https:\/\/tierheim-moers.de\/Wordpress\/wp-content\/uploads\/2021\/03\/pauli-und-patscho4-ausschnitt-768x683.jpg 768w, https:\/\/tierheim-moers.de\/Wordpress\/wp-content\/uploads\/2021\/03\/pauli-und-patscho4-ausschnitt-600x533.jpg 600w, https:\/\/tierheim-moers.de\/Wordpress\/wp-content\/uploads\/2021\/03\/pauli-und-patscho4-ausschnitt-1536x1365.jpg 1536w, https:\/\/tierheim-moers.de\/Wordpress\/wp-content\/uploads\/2021\/03\/pauli-und-patscho4-ausschnitt-700x622.jpg 700w, https:\/\/tierheim-moers.de\/Wordpress\/wp-content\/uploads\/2021\/03\/pauli-und-patscho4-ausschnitt-1320x1173.jpg 1320w, https:\/\/tierheim-moers.de\/Wordpress\/wp-content\/uploads\/2021\/03\/pauli-und-patscho4-ausschnitt.jpg 1800w\" sizes=\"(max-width: 300px) 100vw, 300px\" \/><\/a><\/p>\n<p>Patscho und Pauli werden nur zusammen vermittelt. Hier haben sich einfach zwei gesucht und gefunden.<\/p>\n<p>16.04.2021<\/p>\n<p><a href=\"https:\/\/tierheim-moers.de\/Wordpress\/wp-content\/uploads\/2021\/03\/pauli-und-patscho-scaled.jpg\"><img loading=\"lazy\" decoding=\"async\" class=\"size-medium wp-image-39278 alignleft\" src=\"https:\/\/tierheim-moers.de\/Wordpress\/wp-content\/uploads\/2021\/03\/pauli-und-patscho-300x135.jpg\" alt=\"\" width=\"300\" height=\"135\" srcset=\"https:\/\/tierheim-moers.de\/Wordpress\/wp-content\/uploads\/2021\/03\/pauli-und-patscho-300x135.jpg 300w, https:\/\/tierheim-moers.de\/Wordpress\/wp-content\/uploads\/2021\/03\/pauli-und-patscho-1024x461.jpg 1024w, https:\/\/tierheim-moers.de\/Wordpress\/wp-content\/uploads\/2021\/03\/pauli-und-patscho-768x346.jpg 768w, https:\/\/tierheim-moers.de\/Wordpress\/wp-content\/uploads\/2021\/03\/pauli-und-patscho-600x270.jpg 600w, https:\/\/tierheim-moers.de\/Wordpress\/wp-content\/uploads\/2021\/03\/pauli-und-patscho-1536x691.jpg 1536w, https:\/\/tierheim-moers.de\/Wordpress\/wp-content\/uploads\/2021\/03\/pauli-und-patscho-2048x922.jpg 2048w, https:\/\/tierheim-moers.de\/Wordpress\/wp-content\/uploads\/2021\/03\/pauli-und-patscho-700x315.jpg 700w, https:\/\/tierheim-moers.de\/Wordpress\/wp-content\/uploads\/2021\/03\/pauli-und-patscho-1320x594.jpg 1320w\" sizes=\"(max-width: 300px) 100vw, 300px\" \/><\/a> <a href=\"https:\/\/tierheim-moers.de\/Wordpress\/wp-content\/uploads\/2021\/03\/pauli-und-patscho2-scaled.jpg\"><img loading=\"lazy\" decoding=\"async\" class=\"size-medium wp-image-39279 alignright\" src=\"https:\/\/tierheim-moers.de\/Wordpress\/wp-content\/uploads\/2021\/03\/pauli-und-patscho2-135x300.jpg\" alt=\"\" width=\"135\" height=\"300\" srcset=\"https:\/\/tierheim-moers.de\/Wordpress\/wp-content\/uploads\/2021\/03\/pauli-und-patscho2-135x300.jpg 135w, https:\/\/tierheim-moers.de\/Wordpress\/wp-content\/uploads\/2021\/03\/pauli-und-patscho2-461x1024.jpg 461w, https:\/\/tierheim-moers.de\/Wordpress\/wp-content\/uploads\/2021\/03\/pauli-und-patscho2-768x1707.jpg 768w, https:\/\/tierheim-moers.de\/Wordpress\/wp-content\/uploads\/2021\/03\/pauli-und-patscho2-600x1333.jpg 600w, https:\/\/tierheim-moers.de\/Wordpress\/wp-content\/uploads\/2021\/03\/pauli-und-patscho2-691x1536.jpg 691w, https:\/\/tierheim-moers.de\/Wordpress\/wp-content\/uploads\/2021\/03\/pauli-und-patscho2-922x2048.jpg 922w, https:\/\/tierheim-moers.de\/Wordpress\/wp-content\/uploads\/2021\/03\/pauli-und-patscho2-700x1556.jpg 700w, https:\/\/tierheim-moers.de\/Wordpress\/wp-content\/uploads\/2021\/03\/pauli-und-patscho2-1320x2933.jpg 1320w, https:\/\/tierheim-moers.de\/Wordpress\/wp-content\/uploads\/2021\/03\/pauli-und-patscho2-scaled.jpg 1152w\" sizes=\"(max-width: 135px) 100vw, 135px\" \/><\/a>Patscho und Pauli sind mittlerweile ein richtig tolles Team geworden. Sie spielen zusammen und scheinen einfach ihre Zweisamkeit zu genie\u00dfen. F\u00fcr Patscho ist dies ein ganz neues Gef\u00fchl, f\u00fcr Pauli etwas, was er vermisst zu haben scheint. Beide erg\u00e4nzen sich prima.<\/p>\n<p><strong>Daher w\u00e4re es sch\u00f6n, wenn die beiden gemeinsam in ein neues Zuhause ziehen k\u00f6nnten.<\/strong><\/p>\n<p><strong><em>Obwohl Pauli im Moment nur fl\u00fcssige Nahrung zu sich nehmen will (mit warmen Wasser verd\u00fcnntes a\/d Futter), ist er agil, verspielt und auch verschmust. Wir haben bereits unz\u00e4hlige M\u00f6glichkeiten probiert, ihm auch anderes Futter schmackhaft zu machen. Leider bisher ohne Erfolg. Wir versuchen es weiter.<\/em> <\/strong><\/p>\n<p>02.04.2021<\/p>\n<p>Patscho ist jetzt zu Pauli gezogen. Man merkt, dass er keine Erfahrungen mit anderen Katzen hat, denn er verh\u00e4lt sich Pauli gegen\u00fcber recht unsicher und wei\u00df dessen Zeichen nicht richtig zu deuten. Au\u00dferdem meint er, alle Spielsachen und Aufmerksamkeiten gelten nur ihm. Hier muss er noch ein wenig lernen. Hin und wieder faucht er vorsichtig, aber Pauli l\u00e4sst sich davon nicht wirklich beeindrucken, da er das Zusammenleben mit anderen kennt.<\/p>\n<p>Patscho spielt sehr gerne und l\u00e4sst sich damit auch leicht aus der Reserve locken.<\/p>\n<p>&nbsp;<\/p>\n<p><a href=\"https:\/\/tierheim-moers.de\/Wordpress\/wp-content\/uploads\/2021\/03\/patscho5-scaled.jpg\"><img loading=\"lazy\" decoding=\"async\" class=\"size-medium wp-image-39006 alignleft\" src=\"https:\/\/tierheim-moers.de\/Wordpress\/wp-content\/uploads\/2021\/03\/patscho5-183x300.jpg\" alt=\"\" width=\"183\" height=\"300\" srcset=\"https:\/\/tierheim-moers.de\/Wordpress\/wp-content\/uploads\/2021\/03\/patscho5-183x300.jpg 183w, https:\/\/tierheim-moers.de\/Wordpress\/wp-content\/uploads\/2021\/03\/patscho5-625x1024.jpg 625w, https:\/\/tierheim-moers.de\/Wordpress\/wp-content\/uploads\/2021\/03\/patscho5-768x1259.jpg 768w, https:\/\/tierheim-moers.de\/Wordpress\/wp-content\/uploads\/2021\/03\/patscho5-600x984.jpg 600w, https:\/\/tierheim-moers.de\/Wordpress\/wp-content\/uploads\/2021\/03\/patscho5-937x1536.jpg 937w, https:\/\/tierheim-moers.de\/Wordpress\/wp-content\/uploads\/2021\/03\/patscho5-1249x2048.jpg 1249w, https:\/\/tierheim-moers.de\/Wordpress\/wp-content\/uploads\/2021\/03\/patscho5-700x1148.jpg 700w, https:\/\/tierheim-moers.de\/Wordpress\/wp-content\/uploads\/2021\/03\/patscho5-1320x2164.jpg 1320w, https:\/\/tierheim-moers.de\/Wordpress\/wp-content\/uploads\/2021\/03\/patscho5-scaled.jpg 1562w\" sizes=\"(max-width: 183px) 100vw, 183px\" \/><\/a>Patscho schaut noch ein wenig skeptisch zu Raumgenosse Pauli herab.<\/p>\n<p>&nbsp;<\/p>\n<p>&nbsp;<\/p>\n<p>&nbsp;<\/p>\n<p>&nbsp;<\/p>\n<p>Im Spiel vergisst er allerdings schnell, wo und mit wem er sich gerade aufh\u00e4lt.<\/p>\n<div style=\"width: 352px;\" class=\"wp-video\"><video class=\"wp-video-shortcode\" id=\"video-38805-1\" width=\"352\" height=\"640\" preload=\"metadata\" controls=\"controls\"><source type=\"video\/mp4\" src=\"https:\/\/tierheim-moers.de\/Wordpress\/wp-content\/uploads\/2021\/03\/patscho6-video.mp4?_=1\" \/><a href=\"https:\/\/tierheim-moers.de\/Wordpress\/wp-content\/uploads\/2021\/03\/patscho6-video.mp4\">https:\/\/tierheim-moers.de\/Wordpress\/wp-content\/uploads\/2021\/03\/patscho6-video.mp4<\/a><\/video><\/div>\n<p>&nbsp;<\/p>\n<p>&nbsp;<\/p>\n<p>29.03.2021<\/p>\n<p><a href=\"https:\/\/tierheim-moers.de\/Wordpress\/wp-content\/uploads\/2021\/03\/patscho3-scaled.jpg\"><img loading=\"lazy\" decoding=\"async\" class=\"size-medium wp-image-38907 alignright\" src=\"https:\/\/tierheim-moers.de\/Wordpress\/wp-content\/uploads\/2021\/03\/patscho3-300x204.jpg\" alt=\"\" width=\"300\" height=\"204\" srcset=\"https:\/\/tierheim-moers.de\/Wordpress\/wp-content\/uploads\/2021\/03\/patscho3-300x204.jpg 300w, https:\/\/tierheim-moers.de\/Wordpress\/wp-content\/uploads\/2021\/03\/patscho3-1024x695.jpg 1024w, https:\/\/tierheim-moers.de\/Wordpress\/wp-content\/uploads\/2021\/03\/patscho3-768x522.jpg 768w, https:\/\/tierheim-moers.de\/Wordpress\/wp-content\/uploads\/2021\/03\/patscho3-600x407.jpg 600w, https:\/\/tierheim-moers.de\/Wordpress\/wp-content\/uploads\/2021\/03\/patscho3-1536x1043.jpg 1536w, https:\/\/tierheim-moers.de\/Wordpress\/wp-content\/uploads\/2021\/03\/patscho3-2048x1391.jpg 2048w, https:\/\/tierheim-moers.de\/Wordpress\/wp-content\/uploads\/2021\/03\/patscho3-700x475.jpg 700w, https:\/\/tierheim-moers.de\/Wordpress\/wp-content\/uploads\/2021\/03\/patscho3-1320x896.jpg 1320w\" sizes=\"(max-width: 300px) 100vw, 300px\" \/><\/a><\/p>\n<p>Patscho ist bei uns weiterhin ein ganz lieber und eher sch\u00fcchterner Kater. Er muss auf jeden Fall etwas gep\u00e4ppelt werden, da er doch recht d\u00fcnn ist.<\/p>\n<p>&nbsp;<\/p>\n<p>26.03.2021<\/p>\n<p><a href=\"https:\/\/tierheim-moers.de\/Wordpress\/wp-content\/uploads\/2021\/03\/patscho-ausschnitt.jpg\"><img loading=\"lazy\" decoding=\"async\" class=\"size-medium wp-image-38806 alignleft\" src=\"https:\/\/tierheim-moers.de\/Wordpress\/wp-content\/uploads\/2021\/03\/patscho-ausschnitt-300x300.jpg\" alt=\"\" width=\"300\" height=\"300\" srcset=\"https:\/\/tierheim-moers.de\/Wordpress\/wp-content\/uploads\/2021\/03\/patscho-ausschnitt-300x300.jpg 300w, https:\/\/tierheim-moers.de\/Wordpress\/wp-content\/uploads\/2021\/03\/patscho-ausschnitt-150x150.jpg 150w, https:\/\/tierheim-moers.de\/Wordpress\/wp-content\/uploads\/2021\/03\/patscho-ausschnitt-768x765.jpg 768w, https:\/\/tierheim-moers.de\/Wordpress\/wp-content\/uploads\/2021\/03\/patscho-ausschnitt-600x598.jpg 600w, https:\/\/tierheim-moers.de\/Wordpress\/wp-content\/uploads\/2021\/03\/patscho-ausschnitt-432x432.jpg 432w, https:\/\/tierheim-moers.de\/Wordpress\/wp-content\/uploads\/2021\/03\/patscho-ausschnitt-268x268.jpg 268w, https:\/\/tierheim-moers.de\/Wordpress\/wp-content\/uploads\/2021\/03\/patscho-ausschnitt-700x698.jpg 700w, https:\/\/tierheim-moers.de\/Wordpress\/wp-content\/uploads\/2021\/03\/patscho-ausschnitt-45x45.jpg 45w, https:\/\/tierheim-moers.de\/Wordpress\/wp-content\/uploads\/2021\/03\/patscho-ausschnitt.jpg 849w\" sizes=\"(max-width: 300px) 100vw, 300px\" \/><\/a><\/p>\n<p>Patscho kam zu uns, weil er seinem Dosen\u00f6ffner gegen\u00fcber hin und wieder ausfallend wurde. Ein Grund daf\u00fcr k\u00f6nnte sein, dass er als Baby alleine aufgenommen wurde.\u00a0 Im jungen Alter fehlte ihm das Messen, Toben und Raufen mit Gleichaltrigen und dann hat er wohl die kleinen K\u00e4mpfereien mit dem Dosen\u00f6ffner probiert.<\/p>\n<p>Bei uns zeigt Patscho keine Aggessionen. Er muss sich auch erst mal neu orientieren und einleben.<\/p>\n<p>Wir werden wieder berichten.<\/p>\n<p>&nbsp;<\/p>\n<p>&nbsp;<\/p>\n<div class=\"shariff shariff-align-flex-start shariff-widget-align-center\" data-url=\"https%3A%2F%2Ftierheim-moers.de%2FWordpress%2Fjungkater-patscho-braucht-zweite-chance%2F\" data-timestamp=\"1621355177\" data-hidezero=\"1\" data-backendurl=\"https:\/\/tierheim-moers.de\/Wordpress\/wp-json\/shariff\/v1\/share_counts?\"><ul class=\"shariff-buttons theme-round orientation-horizontal buttonsize-small\"><li class=\"shariff-button facebook shariff-nocustomcolor\" style=\"background-color:#4273c8\"><a href=\"https:\/\/www.facebook.com\/sharer\/sharer.php?u=https%3A%2F%2Ftierheim-moers.de%2FWordpress%2Fjungkater-patscho-braucht-zweite-chance%2F\" title=\"Bei Facebook teilen\" aria-label=\"Bei Facebook teilen\" role=\"button\" rel=\"nofollow\" class=\"shariff-link\" style=\"; background-color:#3b5998; color:#fff\" target=\"_blank\"><span class=\"shariff-icon\" style=\"\"><svg width=\"32px\" height=\"20px\" xmlns=\"http:\/\/www.w3.org\/2000\/svg\" viewBox=\"0 0 18 32\"><path fill=\"#3b5998\" d=\"M17.1 0.2v4.7h-2.8q-1.5 0-2.1 0.6t-0.5 1.9v3.4h5.2l-0.7 5.3h-4.5v13.6h-5.5v-13.6h-4.5v-5.3h4.5v-3.9q0-3.3 1.9-5.2t5-1.8q2.6 0 4.1 0.2z\"\/><\/svg><\/span><\/a><\/li><li class=\"shariff-button twitter shariff-nocustomcolor\" style=\"background-color:#595959\"><a href=\"https:\/\/twitter.com\/share?url=https%3A%2F%2Ftierheim-moers.de%2FWordpress%2Fjungkater-patscho-braucht-zweite-chance%2F&text=Jungkater%20Patscho%20%20%28oben%29%20braucht%20zweite%20Chance%2C%20%20zusammen%20mit%20Pauli%20%28unten%29\" title=\"Bei X teilen\" aria-label=\"Bei X teilen\" role=\"button\" rel=\"noopener nofollow\" class=\"shariff-link\" style=\"; background-color:#000; color:#fff\" target=\"_blank\"><span class=\"shariff-icon\" style=\"\"><svg width=\"32px\" height=\"20px\" xmlns=\"http:\/\/www.w3.org\/2000\/svg\" viewBox=\"0 0 24 24\"><path fill=\"#000\" d=\"M14.258 10.152L23.176 0h-2.113l-7.747 8.813L7.133 0H0l9.352 13.328L0 23.973h2.113l8.176-9.309 6.531 9.309h7.133zm-2.895 3.293l-.949-1.328L2.875 1.56h3.246l6.086 8.523.945 1.328 7.91 11.078h-3.246zm0 0\"\/><\/svg><\/span><\/a><\/li><li class=\"shariff-button whatsapp shariff-nocustomcolor\" style=\"background-color:#5cbe4a\"><a href=\"https:\/\/api.whatsapp.com\/send?text=https%3A%2F%2Ftierheim-moers.de%2FWordpress%2Fjungkater-patscho-braucht-zweite-chance%2F%20Jungkater%20Patscho%20%20%28oben%29%20braucht%20zweite%20Chance%2C%20%20zusammen%20mit%20Pauli%20%28unten%29\" title=\"Bei Whatsapp teilen\" aria-label=\"Bei Whatsapp teilen\" role=\"button\" rel=\"noopener nofollow\" class=\"shariff-link\" style=\"; background-color:#34af23; color:#fff\" target=\"_blank\"><span class=\"shariff-icon\" style=\"\"><svg width=\"32px\" height=\"20px\" xmlns=\"http:\/\/www.w3.org\/2000\/svg\" viewBox=\"0 0 32 32\"><path fill=\"#34af23\" d=\"M17.6 17.4q0.2 0 1.7 0.8t1.6 0.9q0 0.1 0 0.3 0 0.6-0.3 1.4-0.3 0.7-1.3 1.2t-1.8 0.5q-1 0-3.4-1.1-1.7-0.8-3-2.1t-2.6-3.3q-1.3-1.9-1.3-3.5v-0.1q0.1-1.6 1.3-2.8 0.4-0.4 0.9-0.4 0.1 0 0.3 0t0.3 0q0.3 0 0.5 0.1t0.3 0.5q0.1 0.4 0.6 1.6t0.4 1.3q0 0.4-0.6 1t-0.6 0.8q0 0.1 0.1 0.3 0.6 1.3 1.8 2.4 1 0.9 2.7 1.8 0.2 0.1 0.4 0.1 0.3 0 1-0.9t0.9-0.9zM14 26.9q2.3 0 4.3-0.9t3.6-2.4 2.4-3.6 0.9-4.3-0.9-4.3-2.4-3.6-3.6-2.4-4.3-0.9-4.3 0.9-3.6 2.4-2.4 3.6-0.9 4.3q0 3.6 2.1 6.6l-1.4 4.2 4.3-1.4q2.8 1.9 6.2 1.9zM14 2.2q2.7 0 5.2 1.1t4.3 2.9 2.9 4.3 1.1 5.2-1.1 5.2-2.9 4.3-4.3 2.9-5.2 1.1q-3.5 0-6.5-1.7l-7.4 2.4 2.4-7.2q-1.9-3.2-1.9-6.9 0-2.7 1.1-5.2t2.9-4.3 4.3-2.9 5.2-1.1z\"\/><\/svg><\/span><\/a><\/li><li class=\"shariff-button sms shariff-nocustomcolor shariff-mobile\" style=\"background-color:#d7d9d8\"><a href=\"sms:?&body=https%3A%2F%2Ftierheim-moers.de%2FWordpress%2Fjungkater-patscho-braucht-zweite-chance%2F\" title=\"Per SMS teilen\" aria-label=\"Per SMS teilen\" role=\"button\" rel=\"noopener nofollow\" class=\"shariff-link\" style=\"; background-color:#a1e877; color:#fff\" target=\"_blank\"><span class=\"shariff-icon\" style=\"\"><svg xmlns=\"http:\/\/www.w3.org\/2000\/svg\" width=\"510\" height=\"510\" viewBox=\"0 0 510 510\"><path fill=\"#a1e877\" d=\"M459 0H51C23 0 0 23 0 51v459l102-102h357c28.1 0 51-22.9 51-51V51C510 23 487.1 0 459 0zM178.5 229.5h-51v-51h51V229.5zM280.5 229.5h-51v-51h51V229.5zM382.5 229.5h-51v-51h51V229.5z\"\/><\/svg><\/span><\/a><\/li><\/ul><\/div>","protected":false},"excerpt":{"rendered":"<p>21.04.2021 Jetzt wissen wir, was Patscho mag: gewolftes H\u00e4hnchenfleisch. Das bekommt man in der Futterkiste in Rumeln oder auch in anderen L\u00e4den, die Barf-Bedarf anbieten. Unsere Mitarbeiter beraten Sie gerne. 03.04.2021 25.04.2021 Hier wird heute ordentlich gechilled 21.04.2021 Patscho und Pauli werden nur zusammen vermittelt. Hier haben sich einfach zwei &#8230;<\/p>\n","protected":false},"author":4,"featured_media":39358,"comment_status":"closed","ping_status":"open","sticky":false,"template":"","format":"standard","meta":{"ngg_post_thumbnail":0,"footnotes":""},"categories":[30],"tags":[],"class_list":["post-38805","post","type-post","status-publish","format-standard","has-post-thumbnail","hentry","category-fotos","column","threecol","has-thumbnail"],"yoast_head":"<!-- This site is optimized with the Yoast SEO plugin v24.6 - https:\/\/yoast.com\/wordpress\/plugins\/seo\/ -->\n<title>Jungkater Patscho (oben) braucht zweite Chance, zusammen mit Pauli (unten) | TIERHEIM MOERS<\/title>\n<meta name=\"robots\" content=\"index, follow, max-snippet:-1, max-image-preview:large, max-video-preview:-1\" \/>\n<link rel=\"canonical\" href=\"https:\/\/tierheim-moers.de\/Wordpress\/jungkater-patscho-braucht-zweite-chance\/\" \/>\n<meta property=\"og:locale\" content=\"de_DE\" \/>\n<meta property=\"og:type\" content=\"article\" \/>\n<meta property=\"og:title\" content=\"Jungkater Patscho (oben) braucht zweite Chance, zusammen mit Pauli (unten) | TIERHEIM MOERS\" \/>\n<meta property=\"og:description\" content=\"21.04.2021 Jetzt wissen wir, was Patscho mag: gewolftes H\u00e4hnchenfleisch. Das bekommt man in der Futterkiste in Rumeln oder auch in anderen L\u00e4den, &#8230;\" \/>\n<meta property=\"og:url\" content=\"https:\/\/tierheim-moers.de\/Wordpress\/jungkater-patscho-braucht-zweite-chance\/\" \/>\n<meta property=\"og:site_name\" content=\"TIERHEIM MOERS\" \/>\n<meta property=\"article:publisher\" content=\"https:\/\/de-de.facebook.com\/moers.tierheim\" \/>\n<meta property=\"article:published_time\" content=\"2021-05-16T11:15:22+00:00\" \/>\n<meta property=\"article:modified_time\" content=\"2021-05-18T14:26:17+00:00\" \/>\n<meta property=\"og:image\" content=\"https:\/\/tierheim-moers.de\/Wordpress\/wp-content\/uploads\/2021\/03\/pauli-und-patscho4-ausschnitt.jpg\" \/>\n\t<meta property=\"og:image:width\" content=\"1800\" \/>\n\t<meta property=\"og:image:height\" content=\"1600\" \/>\n\t<meta property=\"og:image:type\" content=\"image\/jpeg\" \/>\n<meta name=\"author\" content=\"Gisela Kuhnen\" \/>\n<meta name=\"twitter:card\" content=\"summary_large_image\" \/>\n<meta name=\"twitter:label1\" content=\"Verfasst von\" \/>\n\t<meta name=\"twitter:data1\" content=\"Gisela Kuhnen\" \/>\n\t<meta name=\"twitter:label2\" content=\"Gesch\u00e4tzte Lesezeit\" \/>\n\t<meta name=\"twitter:data2\" content=\"4\u00a0Minuten\" \/>\n<script type=\"application\/ld+json\" class=\"yoast-schema-graph\">{\"@context\":\"https:\/\/schema.org\",\"@graph\":[{\"@type\":\"Article\",\"@id\":\"https:\/\/tierheim-moers.de\/Wordpress\/jungkater-patscho-braucht-zweite-chance\/#article\",\"isPartOf\":{\"@id\":\"https:\/\/tierheim-moers.de\/Wordpress\/jungkater-patscho-braucht-zweite-chance\/\"},\"author\":{\"name\":\"Gisela Kuhnen\",\"@id\":\"https:\/\/tierheim-moers.de\/Wordpress\/#\/schema\/person\/35ad410ed2d8620d4f57f813585b0d8e\"},\"headline\":\"Jungkater Patscho (oben) braucht zweite Chance, zusammen mit Pauli (unten)\",\"datePublished\":\"2021-05-16T11:15:22+00:00\",\"dateModified\":\"2021-05-18T14:26:17+00:00\",\"mainEntityOfPage\":{\"@id\":\"https:\/\/tierheim-moers.de\/Wordpress\/jungkater-patscho-braucht-zweite-chance\/\"},\"wordCount\":420,\"publisher\":{\"@id\":\"https:\/\/tierheim-moers.de\/Wordpress\/#organization\"},\"image\":{\"@id\":\"https:\/\/tierheim-moers.de\/Wordpress\/jungkater-patscho-braucht-zweite-chance\/#primaryimage\"},\"thumbnailUrl\":\"https:\/\/tierheim-moers.de\/Wordpress\/wp-content\/uploads\/2021\/03\/pauli-und-patscho4-ausschnitt.jpg\",\"articleSection\":[\"Fotos\"],\"inLanguage\":\"de\"},{\"@type\":\"WebPage\",\"@id\":\"https:\/\/tierheim-moers.de\/Wordpress\/jungkater-patscho-braucht-zweite-chance\/\",\"url\":\"https:\/\/tierheim-moers.de\/Wordpress\/jungkater-patscho-braucht-zweite-chance\/\",\"name\":\"Jungkater Patscho (oben) braucht zweite Chance, zusammen mit Pauli (unten) | TIERHEIM MOERS\",\"isPartOf\":{\"@id\":\"https:\/\/tierheim-moers.de\/Wordpress\/#website\"},\"primaryImageOfPage\":{\"@id\":\"https:\/\/tierheim-moers.de\/Wordpress\/jungkater-patscho-braucht-zweite-chance\/#primaryimage\"},\"image\":{\"@id\":\"https:\/\/tierheim-moers.de\/Wordpress\/jungkater-patscho-braucht-zweite-chance\/#primaryimage\"},\"thumbnailUrl\":\"https:\/\/tierheim-moers.de\/Wordpress\/wp-content\/uploads\/2021\/03\/pauli-und-patscho4-ausschnitt.jpg\",\"datePublished\":\"2021-05-16T11:15:22+00:00\",\"dateModified\":\"2021-05-18T14:26:17+00:00\",\"breadcrumb\":{\"@id\":\"https:\/\/tierheim-moers.de\/Wordpress\/jungkater-patscho-braucht-zweite-chance\/#breadcrumb\"},\"inLanguage\":\"de\",\"potentialAction\":[{\"@type\":\"ReadAction\",\"target\":[\"https:\/\/tierheim-moers.de\/Wordpress\/jungkater-patscho-braucht-zweite-chance\/\"]}]},{\"@type\":\"ImageObject\",\"inLanguage\":\"de\",\"@id\":\"https:\/\/tierheim-moers.de\/Wordpress\/jungkater-patscho-braucht-zweite-chance\/#primaryimage\",\"url\":\"https:\/\/tierheim-moers.de\/Wordpress\/wp-content\/uploads\/2021\/03\/pauli-und-patscho4-ausschnitt.jpg\",\"contentUrl\":\"https:\/\/tierheim-moers.de\/Wordpress\/wp-content\/uploads\/2021\/03\/pauli-und-patscho4-ausschnitt.jpg\",\"width\":1800,\"height\":1600},{\"@type\":\"BreadcrumbList\",\"@id\":\"https:\/\/tierheim-moers.de\/Wordpress\/jungkater-patscho-braucht-zweite-chance\/#breadcrumb\",\"itemListElement\":[{\"@type\":\"ListItem\",\"position\":1,\"name\":\"Startseite\",\"item\":\"https:\/\/tierheim-moers.de\/Wordpress\/\"},{\"@type\":\"ListItem\",\"position\":2,\"name\":\"Jungkater Patscho (oben) braucht zweite Chance, zusammen mit Pauli (unten)\"}]},{\"@type\":\"WebSite\",\"@id\":\"https:\/\/tierheim-moers.de\/Wordpress\/#website\",\"url\":\"https:\/\/tierheim-moers.de\/Wordpress\/\",\"name\":\"Tierheim Moers\",\"description\":\"Tierheim | Hundepension | Tierschutz | Moers\",\"publisher\":{\"@id\":\"https:\/\/tierheim-moers.de\/Wordpress\/#organization\"},\"potentialAction\":[{\"@type\":\"SearchAction\",\"target\":{\"@type\":\"EntryPoint\",\"urlTemplate\":\"https:\/\/tierheim-moers.de\/Wordpress\/?s={search_term_string}\"},\"query-input\":{\"@type\":\"PropertyValueSpecification\",\"valueRequired\":true,\"valueName\":\"search_term_string\"}}],\"inLanguage\":\"de\"},{\"@type\":\"Organization\",\"@id\":\"https:\/\/tierheim-moers.de\/Wordpress\/#organization\",\"name\":\"Tierheim Moers\",\"url\":\"https:\/\/tierheim-moers.de\/Wordpress\/\",\"logo\":{\"@type\":\"ImageObject\",\"inLanguage\":\"de\",\"@id\":\"https:\/\/tierheim-moers.de\/Wordpress\/#\/schema\/logo\/image\/\",\"url\":\"https:\/\/tierheim-moers.de\/Wordpress\/wp-content\/uploads\/2014\/04\/Logo-TSV-Moers-V01-RGB-300.png\",\"contentUrl\":\"https:\/\/tierheim-moers.de\/Wordpress\/wp-content\/uploads\/2014\/04\/Logo-TSV-Moers-V01-RGB-300.png\",\"width\":1052,\"height\":1038,\"caption\":\"Tierheim Moers\"},\"image\":{\"@id\":\"https:\/\/tierheim-moers.de\/Wordpress\/#\/schema\/logo\/image\/\"},\"sameAs\":[\"https:\/\/de-de.facebook.com\/moers.tierheim\"]},{\"@type\":\"Person\",\"@id\":\"https:\/\/tierheim-moers.de\/Wordpress\/#\/schema\/person\/35ad410ed2d8620d4f57f813585b0d8e\",\"name\":\"Gisela Kuhnen\",\"image\":{\"@type\":\"ImageObject\",\"inLanguage\":\"de\",\"@id\":\"https:\/\/tierheim-moers.de\/Wordpress\/#\/schema\/person\/image\/\",\"url\":\"https:\/\/secure.gravatar.com\/avatar\/807ca84b4538291e2f5dc665ed240a0d4d7ab8f22360ec427a82fe926980b31a?s=96&d=mm&r=g\",\"contentUrl\":\"https:\/\/secure.gravatar.com\/avatar\/807ca84b4538291e2f5dc665ed240a0d4d7ab8f22360ec427a82fe926980b31a?s=96&d=mm&r=g\",\"caption\":\"Gisela Kuhnen\"},\"url\":\"https:\/\/tierheim-moers.de\/Wordpress\/author\/gisela-kuhnen\/\"}]}<\/script>\n<!-- \/ Yoast SEO plugin. -->","yoast_head_json":{"title":"Jungkater Patscho (oben) braucht zweite Chance, zusammen mit Pauli (unten) | TIERHEIM MOERS","robots":{"index":"index","follow":"follow","max-snippet":"max-snippet:-1","max-image-preview":"max-image-preview:large","max-video-preview":"max-video-preview:-1"},"canonical":"https:\/\/tierheim-moers.de\/Wordpress\/jungkater-patscho-braucht-zweite-chance\/","og_locale":"de_DE","og_type":"article","og_title":"Jungkater Patscho (oben) braucht zweite Chance, zusammen mit Pauli (unten) | TIERHEIM MOERS","og_description":"21.04.2021 Jetzt wissen wir, was Patscho mag: gewolftes H\u00e4hnchenfleisch. Das bekommt man in der Futterkiste in Rumeln oder auch in anderen L\u00e4den, &#8230;","og_url":"https:\/\/tierheim-moers.de\/Wordpress\/jungkater-patscho-braucht-zweite-chance\/","og_site_name":"TIERHEIM MOERS","article_publisher":"https:\/\/de-de.facebook.com\/moers.tierheim","article_published_time":"2021-05-16T11:15:22+00:00","article_modified_time":"2021-05-18T14:26:17+00:00","og_image":[{"width":1800,"height":1600,"url":"https:\/\/tierheim-moers.de\/Wordpress\/wp-content\/uploads\/2021\/03\/pauli-und-patscho4-ausschnitt.jpg","type":"image\/jpeg"}],"author":"Gisela Kuhnen","twitter_card":"summary_large_image","twitter_misc":{"Verfasst von":"Gisela Kuhnen","Gesch\u00e4tzte Lesezeit":"4\u00a0Minuten"},"schema":{"@context":"https:\/\/schema.org","@graph":[{"@type":"Article","@id":"https:\/\/tierheim-moers.de\/Wordpress\/jungkater-patscho-braucht-zweite-chance\/#article","isPartOf":{"@id":"https:\/\/tierheim-moers.de\/Wordpress\/jungkater-patscho-braucht-zweite-chance\/"},"author":{"name":"Gisela Kuhnen","@id":"https:\/\/tierheim-moers.de\/Wordpress\/#\/schema\/person\/35ad410ed2d8620d4f57f813585b0d8e"},"headline":"Jungkater Patscho (oben) braucht zweite Chance, zusammen mit Pauli (unten)","datePublished":"2021-05-16T11:15:22+00:00","dateModified":"2021-05-18T14:26:17+00:00","mainEntityOfPage":{"@id":"https:\/\/tierheim-moers.de\/Wordpress\/jungkater-patscho-braucht-zweite-chance\/"},"wordCount":420,"publisher":{"@id":"https:\/\/tierheim-moers.de\/Wordpress\/#organization"},"image":{"@id":"https:\/\/tierheim-moers.de\/Wordpress\/jungkater-patscho-braucht-zweite-chance\/#primaryimage"},"thumbnailUrl":"https:\/\/tierheim-moers.de\/Wordpress\/wp-content\/uploads\/2021\/03\/pauli-und-patscho4-ausschnitt.jpg","articleSection":["Fotos"],"inLanguage":"de"},{"@type":"WebPage","@id":"https:\/\/tierheim-moers.de\/Wordpress\/jungkater-patscho-braucht-zweite-chance\/","url":"https:\/\/tierheim-moers.de\/Wordpress\/jungkater-patscho-braucht-zweite-chance\/","name":"Jungkater Patscho (oben) braucht zweite Chance, zusammen mit Pauli (unten) | TIERHEIM MOERS","isPartOf":{"@id":"https:\/\/tierheim-moers.de\/Wordpress\/#website"},"primaryImageOfPage":{"@id":"https:\/\/tierheim-moers.de\/Wordpress\/jungkater-patscho-braucht-zweite-chance\/#primaryimage"},"image":{"@id":"https:\/\/tierheim-moers.de\/Wordpress\/jungkater-patscho-braucht-zweite-chance\/#primaryimage"},"thumbnailUrl":"https:\/\/tierheim-moers.de\/Wordpress\/wp-content\/uploads\/2021\/03\/pauli-und-patscho4-ausschnitt.jpg","datePublished":"2021-05-16T11:15:22+00:00","dateModified":"2021-05-18T14:26:17+00:00","breadcrumb":{"@id":"https:\/\/tierheim-moers.de\/Wordpress\/jungkater-patscho-braucht-zweite-chance\/#breadcrumb"},"inLanguage":"de","potentialAction":[{"@type":"ReadAction","target":["https:\/\/tierheim-moers.de\/Wordpress\/jungkater-patscho-braucht-zweite-chance\/"]}]},{"@type":"ImageObject","inLanguage":"de","@id":"https:\/\/tierheim-moers.de\/Wordpress\/jungkater-patscho-braucht-zweite-chance\/#primaryimage","url":"https:\/\/tierheim-moers.de\/Wordpress\/wp-content\/uploads\/2021\/03\/pauli-und-patscho4-ausschnitt.jpg","contentUrl":"https:\/\/tierheim-moers.de\/Wordpress\/wp-content\/uploads\/2021\/03\/pauli-und-patscho4-ausschnitt.jpg","width":1800,"height":1600},{"@type":"BreadcrumbList","@id":"https:\/\/tierheim-moers.de\/Wordpress\/jungkater-patscho-braucht-zweite-chance\/#breadcrumb","itemListElement":[{"@type":"ListItem","position":1,"name":"Startseite","item":"https:\/\/tierheim-moers.de\/Wordpress\/"},{"@type":"ListItem","position":2,"name":"Jungkater Patscho (oben) braucht zweite Chance, zusammen mit Pauli (unten)"}]},{"@type":"WebSite","@id":"https:\/\/tierheim-moers.de\/Wordpress\/#website","url":"https:\/\/tierheim-moers.de\/Wordpress\/","name":"Tierheim Moers","description":"Tierheim | Hundepension | Tierschutz | Moers","publisher":{"@id":"https:\/\/tierheim-moers.de\/Wordpress\/#organization"},"potentialAction":[{"@type":"SearchAction","target":{"@type":"EntryPoint","urlTemplate":"https:\/\/tierheim-moers.de\/Wordpress\/?s={search_term_string}"},"query-input":{"@type":"PropertyValueSpecification","valueRequired":true,"valueName":"search_term_string"}}],"inLanguage":"de"},{"@type":"Organization","@id":"https:\/\/tierheim-moers.de\/Wordpress\/#organization","name":"Tierheim Moers","url":"https:\/\/tierheim-moers.de\/Wordpress\/","logo":{"@type":"ImageObject","inLanguage":"de","@id":"https:\/\/tierheim-moers.de\/Wordpress\/#\/schema\/logo\/image\/","url":"https:\/\/tierheim-moers.de\/Wordpress\/wp-content\/uploads\/2014\/04\/Logo-TSV-Moers-V01-RGB-300.png","contentUrl":"https:\/\/tierheim-moers.de\/Wordpress\/wp-content\/uploads\/2014\/04\/Logo-TSV-Moers-V01-RGB-300.png","width":1052,"height":1038,"caption":"Tierheim Moers"},"image":{"@id":"https:\/\/tierheim-moers.de\/Wordpress\/#\/schema\/logo\/image\/"},"sameAs":["https:\/\/de-de.facebook.com\/moers.tierheim"]},{"@type":"Person","@id":"https:\/\/tierheim-moers.de\/Wordpress\/#\/schema\/person\/35ad410ed2d8620d4f57f813585b0d8e","name":"Gisela Kuhnen","image":{"@type":"ImageObject","inLanguage":"de","@id":"https:\/\/tierheim-moers.de\/Wordpress\/#\/schema\/person\/image\/","url":"https:\/\/secure.gravatar.com\/avatar\/807ca84b4538291e2f5dc665ed240a0d4d7ab8f22360ec427a82fe926980b31a?s=96&d=mm&r=g","contentUrl":"https:\/\/secure.gravatar.com\/avatar\/807ca84b4538291e2f5dc665ed240a0d4d7ab8f22360ec427a82fe926980b31a?s=96&d=mm&r=g","caption":"Gisela Kuhnen"},"url":"https:\/\/tierheim-moers.de\/Wordpress\/author\/gisela-kuhnen\/"}]}},"_links":{"self":[{"href":"https:\/\/tierheim-moers.de\/Wordpress\/wp-json\/wp\/v2\/posts\/38805","targetHints":{"allow":["GET"]}}],"collection":[{"href":"https:\/\/tierheim-moers.de\/Wordpress\/wp-json\/wp\/v2\/posts"}],"about":[{"href":"https:\/\/tierheim-moers.de\/Wordpress\/wp-json\/wp\/v2\/types\/post"}],"author":[{"embeddable":true,"href":"https:\/\/tierheim-moers.de\/Wordpress\/wp-json\/wp\/v2\/users\/4"}],"replies":[{"embeddable":true,"href":"https:\/\/tierheim-moers.de\/Wordpress\/wp-json\/wp\/v2\/comments?post=38805"}],"version-history":[{"count":20,"href":"https:\/\/tierheim-moers.de\/Wordpress\/wp-json\/wp\/v2\/posts\/38805\/revisions"}],"predecessor-version":[{"id":40027,"href":"https:\/\/tierheim-moers.de\/Wordpress\/wp-json\/wp\/v2\/posts\/38805\/revisions\/40027"}],"wp:featuredmedia":[{"embeddable":true,"href":"https:\/\/tierheim-moers.de\/Wordpress\/wp-json\/wp\/v2\/media\/39358"}],"wp:attachment":[{"href":"https:\/\/tierheim-moers.de\/Wordpress\/wp-json\/wp\/v2\/media?parent=38805"}],"wp:term":[{"taxonomy":"category","embeddable":true,"href":"https:\/\/tierheim-moers.de\/Wordpress\/wp-json\/wp\/v2\/categories?post=38805"},{"taxonomy":"post_tag","embeddable":true,"href":"https:\/\/tierheim-moers.de\/Wordpress\/wp-json\/wp\/v2\/tags?post=38805"}],"curies":[{"name":"wp","href":"https:\/\/api.w.org\/{rel}","templated":true}]}}