{"id":39537,"date":"2022-01-19T10:04:04","date_gmt":"2022-01-19T08:04:04","guid":{"rendered":"https:\/\/tierheim-moers.de\/Wordpress\/?p=39537"},"modified":"2022-01-19T11:51:47","modified_gmt":"2022-01-19T09:51:47","slug":"jeanette-hat-sich-schon-zurecht-gefunden","status":"publish","type":"post","link":"https:\/\/tierheim-moers.de\/Wordpress\/jeanette-hat-sich-schon-zurecht-gefunden\/","title":{"rendered":"Jeanette hat sich zum h\u00fcbschen Hahn entwickelt, update 19.01.2022"},"content":{"rendered":"<div>19.01.2022<\/div>\n<div>Hallo, liebes Team.<\/div>\n<div>Ich w\u00fcnsche allen ein frohes, neues Jahr.<\/div>\n<div>Hier hab ich Jeanette mal mit den anderen H\u00fchnern gefilmt. Es geht ihm mehr als gut. Er kr\u00e4ht manchmal mitten in der Nacht. So 2 h. Oder 4 h. Da meint Jeanette, dass er Sonnenaufgang hat. Irgendwann muss ich den mal neu programmieren. Aber egal. Hauptsache, ihm geht&#8217;s weiterhin gut.<\/div>\n<div>\n<div style=\"width: 368px;\" class=\"wp-video\"><video class=\"wp-video-shortcode\" id=\"video-39537-1\" width=\"368\" height=\"656\" preload=\"metadata\" controls=\"controls\"><source type=\"video\/mp4\" src=\"https:\/\/tierheim-moers.de\/Wordpress\/wp-content\/uploads\/2021\/09\/Jeanette-video-1642081681.mp4?_=1\" \/><a href=\"https:\/\/tierheim-moers.de\/Wordpress\/wp-content\/uploads\/2021\/09\/Jeanette-video-1642081681.mp4\">https:\/\/tierheim-moers.de\/Wordpress\/wp-content\/uploads\/2021\/09\/Jeanette-video-1642081681.mp4<\/a><\/video><\/div>\n<p>Hallo, liebes Team. So kr\u00e4ht Jeanette. Kommt hin und wieder mal vor. Aber er kr\u00e4ht noch nicht solange. Aber heute hab ich ihn erwischt<img decoding=\"async\" src=\"https:\/\/static.xx.fbcdn.net\/images\/emoji.php\/v9\/t4\/1\/16\/1f60f.png\" alt=\"&#x1f60f;\" \/><\/p>\n<\/div>\n<div>\n<div style=\"width: 368px;\" class=\"wp-video\"><video class=\"wp-video-shortcode\" id=\"video-39537-2\" width=\"368\" height=\"656\" preload=\"metadata\" controls=\"controls\"><source type=\"video\/mp4\" src=\"https:\/\/tierheim-moers.de\/Wordpress\/wp-content\/uploads\/2021\/09\/jeanette-video-1642495847-2.mp4?_=2\" \/><a href=\"https:\/\/tierheim-moers.de\/Wordpress\/wp-content\/uploads\/2021\/09\/jeanette-video-1642495847-2.mp4\">https:\/\/tierheim-moers.de\/Wordpress\/wp-content\/uploads\/2021\/09\/jeanette-video-1642495847-2.mp4<\/a><\/video><\/div>\n<\/div>\n<div><\/div>\n<div><\/div>\n<div class=\"moz-text-html\" lang=\"x-unicode\">\n<div>01.09.2021<a href=\"https:\/\/tierheim-moers.de\/Wordpress\/wp-content\/uploads\/2021\/04\/jeanette5.jpg\"><img fetchpriority=\"high\" decoding=\"async\" class=\"alignleft wp-image-42701 size-full\" src=\"https:\/\/tierheim-moers.de\/Wordpress\/wp-content\/uploads\/2021\/04\/jeanette5.jpg\" alt=\"\" width=\"280\" height=\"369\" srcset=\"https:\/\/tierheim-moers.de\/Wordpress\/wp-content\/uploads\/2021\/04\/jeanette5.jpg 280w, https:\/\/tierheim-moers.de\/Wordpress\/wp-content\/uploads\/2021\/04\/jeanette5-228x300.jpg 228w\" sizes=\"(max-width: 280px) 100vw, 280px\" \/><\/a><\/div>\n<\/div>\n<div><\/div>\n<div>&#8220;Hallo liebes Team.<\/div>\n<div><\/div>\n<div>Auf den oberen Bildern ist Jeanette, als ich den am 14.4.21 bei Euch abgeholt habe.<\/div>\n<div><\/div>\n<div>So sieht er heute, am 31.8.21, auf den unteren beiden Bildern aus.<\/div>\n<div><\/div>\n<div>Er hat sich gut eingelebt.<\/div>\n<div><\/div>\n<div>Obwohl er ein Hahn <img decoding=\"async\" src=\"https:\/\/static.xx.fbcdn.net\/images\/emoji.php\/v9\/t6e\/1\/16\/1f413.png\" alt=\"&#x1f413;\" \/> ist, hei\u00dft er Jeanette <img decoding=\"async\" src=\"https:\/\/static.xx.fbcdn.net\/images\/emoji.php\/v9\/tf5\/1\/16\/1f937.png\" alt=\"&#x1f937;\" \/>&#8220;<\/div>\n<div class=\"moz-text-html\" lang=\"x-unicode\">\n<div><\/div>\n<div><\/div>\n<div>28.04.2021<\/div>\n<div><a href=\"https:\/\/tierheim-moers.de\/Wordpress\/wp-content\/uploads\/2021\/04\/jeanette2.jpg\"><img decoding=\"async\" class=\"size-medium wp-image-39539 alignleft\" src=\"https:\/\/tierheim-moers.de\/Wordpress\/wp-content\/uploads\/2021\/04\/jeanette2-225x300.jpg\" alt=\"\" width=\"225\" height=\"300\" srcset=\"https:\/\/tierheim-moers.de\/Wordpress\/wp-content\/uploads\/2021\/04\/jeanette2-225x300.jpg 225w, https:\/\/tierheim-moers.de\/Wordpress\/wp-content\/uploads\/2021\/04\/jeanette2.jpg 480w\" sizes=\"(max-width: 225px) 100vw, 225px\" \/><\/a> <a href=\"https:\/\/tierheim-moers.de\/Wordpress\/wp-content\/uploads\/2021\/04\/jeanette4.jpg\"><img decoding=\"async\" class=\"size-medium wp-image-39541 alignright\" src=\"https:\/\/tierheim-moers.de\/Wordpress\/wp-content\/uploads\/2021\/04\/jeanette4-225x300.jpg\" alt=\"\" width=\"225\" height=\"300\" srcset=\"https:\/\/tierheim-moers.de\/Wordpress\/wp-content\/uploads\/2021\/04\/jeanette4-225x300.jpg 225w, https:\/\/tierheim-moers.de\/Wordpress\/wp-content\/uploads\/2021\/04\/jeanette4.jpg 480w\" sizes=\"(max-width: 225px) 100vw, 225px\" \/><\/a><br \/>\n&#8220;Hallo zusammen,<\/div>\n<div><\/div>\n<div>Jeanette ist gut angekommen. Die haben sich zwar etwas gekebbelt, aber nicht schlimm. Denke mal, dass die sich in ein, oder zwei Tagen aneinander gew\u00f6hnt haben.<\/div>\n<div><\/div>\n<div>Der Hahn ist schon hinter ihr her. Aber das gef\u00e4llt ihr nicht.<\/div>\n<div><a href=\"https:\/\/tierheim-moers.de\/Wordpress\/wp-content\/uploads\/2021\/04\/jeanette3.jpg\"><img loading=\"lazy\" decoding=\"async\" class=\"size-medium wp-image-39540 alignleft\" src=\"https:\/\/tierheim-moers.de\/Wordpress\/wp-content\/uploads\/2021\/04\/jeanette3-225x300.jpg\" alt=\"\" width=\"225\" height=\"300\" srcset=\"https:\/\/tierheim-moers.de\/Wordpress\/wp-content\/uploads\/2021\/04\/jeanette3-225x300.jpg 225w, https:\/\/tierheim-moers.de\/Wordpress\/wp-content\/uploads\/2021\/04\/jeanette3.jpg 480w\" sizes=\"(max-width: 225px) 100vw, 225px\" \/><\/a> <a href=\"https:\/\/tierheim-moers.de\/Wordpress\/wp-content\/uploads\/2021\/04\/jeanette.jpg\"><img loading=\"lazy\" decoding=\"async\" class=\"size-medium wp-image-39538 alignright\" src=\"https:\/\/tierheim-moers.de\/Wordpress\/wp-content\/uploads\/2021\/04\/jeanette-225x300.jpg\" alt=\"\" width=\"225\" height=\"300\" srcset=\"https:\/\/tierheim-moers.de\/Wordpress\/wp-content\/uploads\/2021\/04\/jeanette-225x300.jpg 225w, https:\/\/tierheim-moers.de\/Wordpress\/wp-content\/uploads\/2021\/04\/jeanette.jpg 480w\" sizes=\"(max-width: 225px) 100vw, 225px\" \/><\/a><\/div>\n<div>Sie hat schon getrunken und auch schon K\u00f6rner gepickt. Jetzt wei\u00df sie auch, wo alles steht.<\/div>\n<div><\/div>\n<div>In den n\u00e4chsten Tagen schick ich noch mal Fotos.<\/div>\n<div>Bis dahin, ein paar sch\u00f6ne Tage Sonnentage Euch allen&#8221;<\/div>\n<\/div>\n<div><\/div>\n<div>Danke f\u00fcr die schnelle R\u00fcckmeldung. Das h\u00f6rt sich alles prima an. Wir freuen uns auf weitere Fotos und Infos.<\/div>\n<div>Euer Tierheimteam<\/div>\n<div class=\"shariff shariff-align-flex-start shariff-widget-align-center\" data-url=\"https%3A%2F%2Ftierheim-moers.de%2FWordpress%2Fjeanette-hat-sich-schon-zurecht-gefunden%2F\" data-timestamp=\"1642593107\" data-hidezero=\"1\" data-backendurl=\"https:\/\/tierheim-moers.de\/Wordpress\/wp-json\/shariff\/v1\/share_counts?\"><ul class=\"shariff-buttons theme-round orientation-horizontal buttonsize-small\"><li class=\"shariff-button facebook shariff-nocustomcolor\" style=\"background-color:#4273c8\"><a href=\"https:\/\/www.facebook.com\/sharer\/sharer.php?u=https%3A%2F%2Ftierheim-moers.de%2FWordpress%2Fjeanette-hat-sich-schon-zurecht-gefunden%2F\" title=\"Bei Facebook teilen\" aria-label=\"Bei Facebook teilen\" role=\"button\" rel=\"nofollow\" class=\"shariff-link\" style=\"; background-color:#3b5998; color:#fff\" target=\"_blank\"><span class=\"shariff-icon\" style=\"\"><svg width=\"32px\" height=\"20px\" xmlns=\"http:\/\/www.w3.org\/2000\/svg\" viewBox=\"0 0 18 32\"><path fill=\"#3b5998\" d=\"M17.1 0.2v4.7h-2.8q-1.5 0-2.1 0.6t-0.5 1.9v3.4h5.2l-0.7 5.3h-4.5v13.6h-5.5v-13.6h-4.5v-5.3h4.5v-3.9q0-3.3 1.9-5.2t5-1.8q2.6 0 4.1 0.2z\"\/><\/svg><\/span><\/a><\/li><li class=\"shariff-button twitter shariff-nocustomcolor\" style=\"background-color:#595959\"><a href=\"https:\/\/twitter.com\/share?url=https%3A%2F%2Ftierheim-moers.de%2FWordpress%2Fjeanette-hat-sich-schon-zurecht-gefunden%2F&text=Jeanette%20hat%20sich%20zum%20h%C3%BCbschen%20Hahn%20entwickelt%2C%20update%2019.01.2022\" title=\"Bei X teilen\" aria-label=\"Bei X teilen\" role=\"button\" rel=\"noopener nofollow\" class=\"shariff-link\" style=\"; background-color:#000; color:#fff\" target=\"_blank\"><span class=\"shariff-icon\" style=\"\"><svg width=\"32px\" height=\"20px\" xmlns=\"http:\/\/www.w3.org\/2000\/svg\" viewBox=\"0 0 24 24\"><path fill=\"#000\" d=\"M14.258 10.152L23.176 0h-2.113l-7.747 8.813L7.133 0H0l9.352 13.328L0 23.973h2.113l8.176-9.309 6.531 9.309h7.133zm-2.895 3.293l-.949-1.328L2.875 1.56h3.246l6.086 8.523.945 1.328 7.91 11.078h-3.246zm0 0\"\/><\/svg><\/span><\/a><\/li><li class=\"shariff-button whatsapp shariff-nocustomcolor\" style=\"background-color:#5cbe4a\"><a href=\"https:\/\/api.whatsapp.com\/send?text=https%3A%2F%2Ftierheim-moers.de%2FWordpress%2Fjeanette-hat-sich-schon-zurecht-gefunden%2F%20Jeanette%20hat%20sich%20zum%20h%C3%BCbschen%20Hahn%20entwickelt%2C%20update%2019.01.2022\" title=\"Bei Whatsapp teilen\" aria-label=\"Bei Whatsapp teilen\" role=\"button\" rel=\"noopener nofollow\" class=\"shariff-link\" style=\"; background-color:#34af23; color:#fff\" target=\"_blank\"><span class=\"shariff-icon\" style=\"\"><svg width=\"32px\" height=\"20px\" xmlns=\"http:\/\/www.w3.org\/2000\/svg\" viewBox=\"0 0 32 32\"><path fill=\"#34af23\" d=\"M17.6 17.4q0.2 0 1.7 0.8t1.6 0.9q0 0.1 0 0.3 0 0.6-0.3 1.4-0.3 0.7-1.3 1.2t-1.8 0.5q-1 0-3.4-1.1-1.7-0.8-3-2.1t-2.6-3.3q-1.3-1.9-1.3-3.5v-0.1q0.1-1.6 1.3-2.8 0.4-0.4 0.9-0.4 0.1 0 0.3 0t0.3 0q0.3 0 0.5 0.1t0.3 0.5q0.1 0.4 0.6 1.6t0.4 1.3q0 0.4-0.6 1t-0.6 0.8q0 0.1 0.1 0.3 0.6 1.3 1.8 2.4 1 0.9 2.7 1.8 0.2 0.1 0.4 0.1 0.3 0 1-0.9t0.9-0.9zM14 26.9q2.3 0 4.3-0.9t3.6-2.4 2.4-3.6 0.9-4.3-0.9-4.3-2.4-3.6-3.6-2.4-4.3-0.9-4.3 0.9-3.6 2.4-2.4 3.6-0.9 4.3q0 3.6 2.1 6.6l-1.4 4.2 4.3-1.4q2.8 1.9 6.2 1.9zM14 2.2q2.7 0 5.2 1.1t4.3 2.9 2.9 4.3 1.1 5.2-1.1 5.2-2.9 4.3-4.3 2.9-5.2 1.1q-3.5 0-6.5-1.7l-7.4 2.4 2.4-7.2q-1.9-3.2-1.9-6.9 0-2.7 1.1-5.2t2.9-4.3 4.3-2.9 5.2-1.1z\"\/><\/svg><\/span><\/a><\/li><li class=\"shariff-button sms shariff-nocustomcolor shariff-mobile\" style=\"background-color:#d7d9d8\"><a href=\"sms:?&body=https%3A%2F%2Ftierheim-moers.de%2FWordpress%2Fjeanette-hat-sich-schon-zurecht-gefunden%2F\" title=\"Per SMS teilen\" aria-label=\"Per SMS teilen\" role=\"button\" rel=\"noopener nofollow\" class=\"shariff-link\" style=\"; background-color:#a1e877; color:#fff\" target=\"_blank\"><span class=\"shariff-icon\" style=\"\"><svg xmlns=\"http:\/\/www.w3.org\/2000\/svg\" width=\"510\" height=\"510\" viewBox=\"0 0 510 510\"><path fill=\"#a1e877\" d=\"M459 0H51C23 0 0 23 0 51v459l102-102h357c28.1 0 51-22.9 51-51V51C510 23 487.1 0 459 0zM178.5 229.5h-51v-51h51V229.5zM280.5 229.5h-51v-51h51V229.5zM382.5 229.5h-51v-51h51V229.5z\"\/><\/svg><\/span><\/a><\/li><\/ul><\/div>","protected":false},"excerpt":{"rendered":"<p>19.01.2022 Hallo, liebes Team. Ich w\u00fcnsche allen ein frohes, neues Jahr. Hier hab ich Jeanette mal mit den anderen H\u00fchnern gefilmt. Es geht ihm mehr als gut. Er kr\u00e4ht manchmal mitten in der Nacht. So 2 h. Oder 4 h. Da meint Jeanette, dass er Sonnenaufgang hat. Irgendwann muss ich &#8230;<\/p>\n","protected":false},"author":4,"featured_media":42702,"comment_status":"closed","ping_status":"open","sticky":false,"template":"","format":"standard","meta":{"ngg_post_thumbnail":0,"footnotes":""},"categories":[32],"tags":[],"class_list":["post-39537","post","type-post","status-publish","format-standard","has-post-thumbnail","hentry","category-erfolgsgeschichten","column","threecol","has-thumbnail"],"yoast_head":"<!-- This site is optimized with the Yoast SEO plugin v24.6 - https:\/\/yoast.com\/wordpress\/plugins\/seo\/ -->\n<title>Jeanette hat sich zum h\u00fcbschen Hahn entwickelt, update 19.01.2022 | TIERHEIM MOERS<\/title>\n<meta name=\"robots\" content=\"index, follow, max-snippet:-1, max-image-preview:large, max-video-preview:-1\" \/>\n<link rel=\"canonical\" href=\"https:\/\/tierheim-moers.de\/Wordpress\/jeanette-hat-sich-schon-zurecht-gefunden\/\" \/>\n<meta property=\"og:locale\" content=\"de_DE\" \/>\n<meta property=\"og:type\" content=\"article\" \/>\n<meta property=\"og:title\" content=\"Jeanette hat sich zum h\u00fcbschen Hahn entwickelt, update 19.01.2022 | TIERHEIM MOERS\" \/>\n<meta property=\"og:description\" content=\"19.01.2022 Hallo, liebes Team. Ich w\u00fcnsche allen ein frohes, neues Jahr. Hier hab ich Jeanette mal mit den anderen H\u00fchnern gefilmt. Es &#8230;\" \/>\n<meta property=\"og:url\" content=\"https:\/\/tierheim-moers.de\/Wordpress\/jeanette-hat-sich-schon-zurecht-gefunden\/\" \/>\n<meta property=\"og:site_name\" content=\"TIERHEIM MOERS\" \/>\n<meta property=\"article:publisher\" content=\"https:\/\/de-de.facebook.com\/moers.tierheim\" \/>\n<meta property=\"article:published_time\" content=\"2022-01-19T08:04:04+00:00\" \/>\n<meta property=\"article:modified_time\" content=\"2022-01-19T09:51:47+00:00\" \/>\n<meta property=\"og:image\" content=\"https:\/\/tierheim-moers.de\/Wordpress\/wp-content\/uploads\/2021\/04\/jeanette5-ausschnitt.jpg\" \/>\n\t<meta property=\"og:image:width\" content=\"137\" \/>\n\t<meta property=\"og:image:height\" content=\"125\" \/>\n\t<meta property=\"og:image:type\" content=\"image\/jpeg\" \/>\n<meta name=\"author\" content=\"Gisela Kuhnen\" \/>\n<meta name=\"twitter:card\" content=\"summary_large_image\" \/>\n<meta name=\"twitter:label1\" content=\"Verfasst von\" \/>\n\t<meta name=\"twitter:data1\" content=\"Gisela Kuhnen\" \/>\n\t<meta name=\"twitter:label2\" content=\"Gesch\u00e4tzte Lesezeit\" \/>\n\t<meta name=\"twitter:data2\" content=\"3\u00a0Minuten\" \/>\n<script type=\"application\/ld+json\" class=\"yoast-schema-graph\">{\"@context\":\"https:\/\/schema.org\",\"@graph\":[{\"@type\":\"Article\",\"@id\":\"https:\/\/tierheim-moers.de\/Wordpress\/jeanette-hat-sich-schon-zurecht-gefunden\/#article\",\"isPartOf\":{\"@id\":\"https:\/\/tierheim-moers.de\/Wordpress\/jeanette-hat-sich-schon-zurecht-gefunden\/\"},\"author\":{\"name\":\"Gisela Kuhnen\",\"@id\":\"https:\/\/tierheim-moers.de\/Wordpress\/#\/schema\/person\/35ad410ed2d8620d4f57f813585b0d8e\"},\"headline\":\"Jeanette hat sich zum h\u00fcbschen Hahn entwickelt, update 19.01.2022\",\"datePublished\":\"2022-01-19T08:04:04+00:00\",\"dateModified\":\"2022-01-19T09:51:47+00:00\",\"mainEntityOfPage\":{\"@id\":\"https:\/\/tierheim-moers.de\/Wordpress\/jeanette-hat-sich-schon-zurecht-gefunden\/\"},\"wordCount\":269,\"publisher\":{\"@id\":\"https:\/\/tierheim-moers.de\/Wordpress\/#organization\"},\"image\":{\"@id\":\"https:\/\/tierheim-moers.de\/Wordpress\/jeanette-hat-sich-schon-zurecht-gefunden\/#primaryimage\"},\"thumbnailUrl\":\"https:\/\/tierheim-moers.de\/Wordpress\/wp-content\/uploads\/2021\/04\/jeanette5-ausschnitt.jpg\",\"articleSection\":[\"Erfolgsgeschichten\"],\"inLanguage\":\"de\"},{\"@type\":\"WebPage\",\"@id\":\"https:\/\/tierheim-moers.de\/Wordpress\/jeanette-hat-sich-schon-zurecht-gefunden\/\",\"url\":\"https:\/\/tierheim-moers.de\/Wordpress\/jeanette-hat-sich-schon-zurecht-gefunden\/\",\"name\":\"Jeanette hat sich zum h\u00fcbschen Hahn entwickelt, update 19.01.2022 | TIERHEIM MOERS\",\"isPartOf\":{\"@id\":\"https:\/\/tierheim-moers.de\/Wordpress\/#website\"},\"primaryImageOfPage\":{\"@id\":\"https:\/\/tierheim-moers.de\/Wordpress\/jeanette-hat-sich-schon-zurecht-gefunden\/#primaryimage\"},\"image\":{\"@id\":\"https:\/\/tierheim-moers.de\/Wordpress\/jeanette-hat-sich-schon-zurecht-gefunden\/#primaryimage\"},\"thumbnailUrl\":\"https:\/\/tierheim-moers.de\/Wordpress\/wp-content\/uploads\/2021\/04\/jeanette5-ausschnitt.jpg\",\"datePublished\":\"2022-01-19T08:04:04+00:00\",\"dateModified\":\"2022-01-19T09:51:47+00:00\",\"breadcrumb\":{\"@id\":\"https:\/\/tierheim-moers.de\/Wordpress\/jeanette-hat-sich-schon-zurecht-gefunden\/#breadcrumb\"},\"inLanguage\":\"de\",\"potentialAction\":[{\"@type\":\"ReadAction\",\"target\":[\"https:\/\/tierheim-moers.de\/Wordpress\/jeanette-hat-sich-schon-zurecht-gefunden\/\"]}]},{\"@type\":\"ImageObject\",\"inLanguage\":\"de\",\"@id\":\"https:\/\/tierheim-moers.de\/Wordpress\/jeanette-hat-sich-schon-zurecht-gefunden\/#primaryimage\",\"url\":\"https:\/\/tierheim-moers.de\/Wordpress\/wp-content\/uploads\/2021\/04\/jeanette5-ausschnitt.jpg\",\"contentUrl\":\"https:\/\/tierheim-moers.de\/Wordpress\/wp-content\/uploads\/2021\/04\/jeanette5-ausschnitt.jpg\",\"width\":137,\"height\":125},{\"@type\":\"BreadcrumbList\",\"@id\":\"https:\/\/tierheim-moers.de\/Wordpress\/jeanette-hat-sich-schon-zurecht-gefunden\/#breadcrumb\",\"itemListElement\":[{\"@type\":\"ListItem\",\"position\":1,\"name\":\"Startseite\",\"item\":\"https:\/\/tierheim-moers.de\/Wordpress\/\"},{\"@type\":\"ListItem\",\"position\":2,\"name\":\"Jeanette hat sich zum h\u00fcbschen Hahn entwickelt, update 19.01.2022\"}]},{\"@type\":\"WebSite\",\"@id\":\"https:\/\/tierheim-moers.de\/Wordpress\/#website\",\"url\":\"https:\/\/tierheim-moers.de\/Wordpress\/\",\"name\":\"Tierheim Moers\",\"description\":\"Tierheim | Hundepension | Tierschutz | Moers\",\"publisher\":{\"@id\":\"https:\/\/tierheim-moers.de\/Wordpress\/#organization\"},\"potentialAction\":[{\"@type\":\"SearchAction\",\"target\":{\"@type\":\"EntryPoint\",\"urlTemplate\":\"https:\/\/tierheim-moers.de\/Wordpress\/?s={search_term_string}\"},\"query-input\":{\"@type\":\"PropertyValueSpecification\",\"valueRequired\":true,\"valueName\":\"search_term_string\"}}],\"inLanguage\":\"de\"},{\"@type\":\"Organization\",\"@id\":\"https:\/\/tierheim-moers.de\/Wordpress\/#organization\",\"name\":\"Tierheim Moers\",\"url\":\"https:\/\/tierheim-moers.de\/Wordpress\/\",\"logo\":{\"@type\":\"ImageObject\",\"inLanguage\":\"de\",\"@id\":\"https:\/\/tierheim-moers.de\/Wordpress\/#\/schema\/logo\/image\/\",\"url\":\"https:\/\/tierheim-moers.de\/Wordpress\/wp-content\/uploads\/2014\/04\/Logo-TSV-Moers-V01-RGB-300.png\",\"contentUrl\":\"https:\/\/tierheim-moers.de\/Wordpress\/wp-content\/uploads\/2014\/04\/Logo-TSV-Moers-V01-RGB-300.png\",\"width\":1052,\"height\":1038,\"caption\":\"Tierheim Moers\"},\"image\":{\"@id\":\"https:\/\/tierheim-moers.de\/Wordpress\/#\/schema\/logo\/image\/\"},\"sameAs\":[\"https:\/\/de-de.facebook.com\/moers.tierheim\"]},{\"@type\":\"Person\",\"@id\":\"https:\/\/tierheim-moers.de\/Wordpress\/#\/schema\/person\/35ad410ed2d8620d4f57f813585b0d8e\",\"name\":\"Gisela Kuhnen\",\"image\":{\"@type\":\"ImageObject\",\"inLanguage\":\"de\",\"@id\":\"https:\/\/tierheim-moers.de\/Wordpress\/#\/schema\/person\/image\/\",\"url\":\"https:\/\/secure.gravatar.com\/avatar\/807ca84b4538291e2f5dc665ed240a0d4d7ab8f22360ec427a82fe926980b31a?s=96&d=mm&r=g\",\"contentUrl\":\"https:\/\/secure.gravatar.com\/avatar\/807ca84b4538291e2f5dc665ed240a0d4d7ab8f22360ec427a82fe926980b31a?s=96&d=mm&r=g\",\"caption\":\"Gisela Kuhnen\"},\"url\":\"https:\/\/tierheim-moers.de\/Wordpress\/author\/gisela-kuhnen\/\"}]}<\/script>\n<!-- \/ Yoast SEO plugin. -->","yoast_head_json":{"title":"Jeanette hat sich zum h\u00fcbschen Hahn entwickelt, update 19.01.2022 | TIERHEIM MOERS","robots":{"index":"index","follow":"follow","max-snippet":"max-snippet:-1","max-image-preview":"max-image-preview:large","max-video-preview":"max-video-preview:-1"},"canonical":"https:\/\/tierheim-moers.de\/Wordpress\/jeanette-hat-sich-schon-zurecht-gefunden\/","og_locale":"de_DE","og_type":"article","og_title":"Jeanette hat sich zum h\u00fcbschen Hahn entwickelt, update 19.01.2022 | TIERHEIM MOERS","og_description":"19.01.2022 Hallo, liebes Team. Ich w\u00fcnsche allen ein frohes, neues Jahr. Hier hab ich Jeanette mal mit den anderen H\u00fchnern gefilmt. Es &#8230;","og_url":"https:\/\/tierheim-moers.de\/Wordpress\/jeanette-hat-sich-schon-zurecht-gefunden\/","og_site_name":"TIERHEIM MOERS","article_publisher":"https:\/\/de-de.facebook.com\/moers.tierheim","article_published_time":"2022-01-19T08:04:04+00:00","article_modified_time":"2022-01-19T09:51:47+00:00","og_image":[{"width":137,"height":125,"url":"https:\/\/tierheim-moers.de\/Wordpress\/wp-content\/uploads\/2021\/04\/jeanette5-ausschnitt.jpg","type":"image\/jpeg"}],"author":"Gisela Kuhnen","twitter_card":"summary_large_image","twitter_misc":{"Verfasst von":"Gisela Kuhnen","Gesch\u00e4tzte Lesezeit":"3\u00a0Minuten"},"schema":{"@context":"https:\/\/schema.org","@graph":[{"@type":"Article","@id":"https:\/\/tierheim-moers.de\/Wordpress\/jeanette-hat-sich-schon-zurecht-gefunden\/#article","isPartOf":{"@id":"https:\/\/tierheim-moers.de\/Wordpress\/jeanette-hat-sich-schon-zurecht-gefunden\/"},"author":{"name":"Gisela Kuhnen","@id":"https:\/\/tierheim-moers.de\/Wordpress\/#\/schema\/person\/35ad410ed2d8620d4f57f813585b0d8e"},"headline":"Jeanette hat sich zum h\u00fcbschen Hahn entwickelt, update 19.01.2022","datePublished":"2022-01-19T08:04:04+00:00","dateModified":"2022-01-19T09:51:47+00:00","mainEntityOfPage":{"@id":"https:\/\/tierheim-moers.de\/Wordpress\/jeanette-hat-sich-schon-zurecht-gefunden\/"},"wordCount":269,"publisher":{"@id":"https:\/\/tierheim-moers.de\/Wordpress\/#organization"},"image":{"@id":"https:\/\/tierheim-moers.de\/Wordpress\/jeanette-hat-sich-schon-zurecht-gefunden\/#primaryimage"},"thumbnailUrl":"https:\/\/tierheim-moers.de\/Wordpress\/wp-content\/uploads\/2021\/04\/jeanette5-ausschnitt.jpg","articleSection":["Erfolgsgeschichten"],"inLanguage":"de"},{"@type":"WebPage","@id":"https:\/\/tierheim-moers.de\/Wordpress\/jeanette-hat-sich-schon-zurecht-gefunden\/","url":"https:\/\/tierheim-moers.de\/Wordpress\/jeanette-hat-sich-schon-zurecht-gefunden\/","name":"Jeanette hat sich zum h\u00fcbschen Hahn entwickelt, update 19.01.2022 | TIERHEIM MOERS","isPartOf":{"@id":"https:\/\/tierheim-moers.de\/Wordpress\/#website"},"primaryImageOfPage":{"@id":"https:\/\/tierheim-moers.de\/Wordpress\/jeanette-hat-sich-schon-zurecht-gefunden\/#primaryimage"},"image":{"@id":"https:\/\/tierheim-moers.de\/Wordpress\/jeanette-hat-sich-schon-zurecht-gefunden\/#primaryimage"},"thumbnailUrl":"https:\/\/tierheim-moers.de\/Wordpress\/wp-content\/uploads\/2021\/04\/jeanette5-ausschnitt.jpg","datePublished":"2022-01-19T08:04:04+00:00","dateModified":"2022-01-19T09:51:47+00:00","breadcrumb":{"@id":"https:\/\/tierheim-moers.de\/Wordpress\/jeanette-hat-sich-schon-zurecht-gefunden\/#breadcrumb"},"inLanguage":"de","potentialAction":[{"@type":"ReadAction","target":["https:\/\/tierheim-moers.de\/Wordpress\/jeanette-hat-sich-schon-zurecht-gefunden\/"]}]},{"@type":"ImageObject","inLanguage":"de","@id":"https:\/\/tierheim-moers.de\/Wordpress\/jeanette-hat-sich-schon-zurecht-gefunden\/#primaryimage","url":"https:\/\/tierheim-moers.de\/Wordpress\/wp-content\/uploads\/2021\/04\/jeanette5-ausschnitt.jpg","contentUrl":"https:\/\/tierheim-moers.de\/Wordpress\/wp-content\/uploads\/2021\/04\/jeanette5-ausschnitt.jpg","width":137,"height":125},{"@type":"BreadcrumbList","@id":"https:\/\/tierheim-moers.de\/Wordpress\/jeanette-hat-sich-schon-zurecht-gefunden\/#breadcrumb","itemListElement":[{"@type":"ListItem","position":1,"name":"Startseite","item":"https:\/\/tierheim-moers.de\/Wordpress\/"},{"@type":"ListItem","position":2,"name":"Jeanette hat sich zum h\u00fcbschen Hahn entwickelt, update 19.01.2022"}]},{"@type":"WebSite","@id":"https:\/\/tierheim-moers.de\/Wordpress\/#website","url":"https:\/\/tierheim-moers.de\/Wordpress\/","name":"Tierheim Moers","description":"Tierheim | Hundepension | Tierschutz | Moers","publisher":{"@id":"https:\/\/tierheim-moers.de\/Wordpress\/#organization"},"potentialAction":[{"@type":"SearchAction","target":{"@type":"EntryPoint","urlTemplate":"https:\/\/tierheim-moers.de\/Wordpress\/?s={search_term_string}"},"query-input":{"@type":"PropertyValueSpecification","valueRequired":true,"valueName":"search_term_string"}}],"inLanguage":"de"},{"@type":"Organization","@id":"https:\/\/tierheim-moers.de\/Wordpress\/#organization","name":"Tierheim Moers","url":"https:\/\/tierheim-moers.de\/Wordpress\/","logo":{"@type":"ImageObject","inLanguage":"de","@id":"https:\/\/tierheim-moers.de\/Wordpress\/#\/schema\/logo\/image\/","url":"https:\/\/tierheim-moers.de\/Wordpress\/wp-content\/uploads\/2014\/04\/Logo-TSV-Moers-V01-RGB-300.png","contentUrl":"https:\/\/tierheim-moers.de\/Wordpress\/wp-content\/uploads\/2014\/04\/Logo-TSV-Moers-V01-RGB-300.png","width":1052,"height":1038,"caption":"Tierheim Moers"},"image":{"@id":"https:\/\/tierheim-moers.de\/Wordpress\/#\/schema\/logo\/image\/"},"sameAs":["https:\/\/de-de.facebook.com\/moers.tierheim"]},{"@type":"Person","@id":"https:\/\/tierheim-moers.de\/Wordpress\/#\/schema\/person\/35ad410ed2d8620d4f57f813585b0d8e","name":"Gisela Kuhnen","image":{"@type":"ImageObject","inLanguage":"de","@id":"https:\/\/tierheim-moers.de\/Wordpress\/#\/schema\/person\/image\/","url":"https:\/\/secure.gravatar.com\/avatar\/807ca84b4538291e2f5dc665ed240a0d4d7ab8f22360ec427a82fe926980b31a?s=96&d=mm&r=g","contentUrl":"https:\/\/secure.gravatar.com\/avatar\/807ca84b4538291e2f5dc665ed240a0d4d7ab8f22360ec427a82fe926980b31a?s=96&d=mm&r=g","caption":"Gisela Kuhnen"},"url":"https:\/\/tierheim-moers.de\/Wordpress\/author\/gisela-kuhnen\/"}]}},"_links":{"self":[{"href":"https:\/\/tierheim-moers.de\/Wordpress\/wp-json\/wp\/v2\/posts\/39537","targetHints":{"allow":["GET"]}}],"collection":[{"href":"https:\/\/tierheim-moers.de\/Wordpress\/wp-json\/wp\/v2\/posts"}],"about":[{"href":"https:\/\/tierheim-moers.de\/Wordpress\/wp-json\/wp\/v2\/types\/post"}],"author":[{"embeddable":true,"href":"https:\/\/tierheim-moers.de\/Wordpress\/wp-json\/wp\/v2\/users\/4"}],"replies":[{"embeddable":true,"href":"https:\/\/tierheim-moers.de\/Wordpress\/wp-json\/wp\/v2\/comments?post=39537"}],"version-history":[{"count":8,"href":"https:\/\/tierheim-moers.de\/Wordpress\/wp-json\/wp\/v2\/posts\/39537\/revisions"}],"predecessor-version":[{"id":45655,"href":"https:\/\/tierheim-moers.de\/Wordpress\/wp-json\/wp\/v2\/posts\/39537\/revisions\/45655"}],"wp:featuredmedia":[{"embeddable":true,"href":"https:\/\/tierheim-moers.de\/Wordpress\/wp-json\/wp\/v2\/media\/42702"}],"wp:attachment":[{"href":"https:\/\/tierheim-moers.de\/Wordpress\/wp-json\/wp\/v2\/media?parent=39537"}],"wp:term":[{"taxonomy":"category","embeddable":true,"href":"https:\/\/tierheim-moers.de\/Wordpress\/wp-json\/wp\/v2\/categories?post=39537"},{"taxonomy":"post_tag","embeddable":true,"href":"https:\/\/tierheim-moers.de\/Wordpress\/wp-json\/wp\/v2\/tags?post=39537"}],"curies":[{"name":"wp","href":"https:\/\/api.w.org\/{rel}","templated":true}]}}