{"id":41147,"date":"2023-01-09T22:00:20","date_gmt":"2023-01-09T20:00:20","guid":{"rendered":"https:\/\/tierheim-moers.de\/Wordpress\/?p=41147"},"modified":"2023-01-10T13:12:09","modified_gmt":"2023-01-10T11:12:09","slug":"pippa-und-katerchen-haben-das-kommando-uebernommen","status":"publish","type":"post","link":"https:\/\/tierheim-moers.de\/Wordpress\/pippa-und-katerchen-haben-das-kommando-uebernommen\/","title":{"rendered":"Pippa und Katerchen haben das Kommando \u00fcbernommen"},"content":{"rendered":"<p>27.12.2022<\/p>\n<p>Hallo liebe Tierheimfreunde, wir w\u00fcnschen Euch ein frohes besinnliches Weihnachtsfest<br \/>\nund einen guten Rutsch ins neue Jahr. Uns geht es gut. Wir sind putzmunter und lassen uns sch\u00f6n verw\u00f6hnen. Wir w\u00fcnschen allen Tieren im Tierheim, dass sie schnell ein neues Zuhause finden. LG Pippa und Kalli<\/p>\n<p><a href=\"https:\/\/tierheim-moers.de\/Wordpress\/wp-content\/uploads\/2023\/01\/Pippa2-scaled.jpg\"><img decoding=\"async\" class=\"alignnone size-medium wp-image-51870\" src=\"https:\/\/tierheim-moers.de\/Wordpress\/wp-content\/uploads\/2023\/01\/Pippa2-139x300.jpg\" alt=\"\" width=\"139\" height=\"300\" srcset=\"https:\/\/tierheim-moers.de\/Wordpress\/wp-content\/uploads\/2023\/01\/Pippa2-139x300.jpg 139w, https:\/\/tierheim-moers.de\/Wordpress\/wp-content\/uploads\/2023\/01\/Pippa2-473x1024.jpg 473w, https:\/\/tierheim-moers.de\/Wordpress\/wp-content\/uploads\/2023\/01\/Pippa2-768x1663.jpg 768w, https:\/\/tierheim-moers.de\/Wordpress\/wp-content\/uploads\/2023\/01\/Pippa2-600x1299.jpg 600w, https:\/\/tierheim-moers.de\/Wordpress\/wp-content\/uploads\/2023\/01\/Pippa2-709x1536.jpg 709w, https:\/\/tierheim-moers.de\/Wordpress\/wp-content\/uploads\/2023\/01\/Pippa2-946x2048.jpg 946w, https:\/\/tierheim-moers.de\/Wordpress\/wp-content\/uploads\/2023\/01\/Pippa2-700x1516.jpg 700w, https:\/\/tierheim-moers.de\/Wordpress\/wp-content\/uploads\/2023\/01\/Pippa2-1320x2858.jpg 1320w, https:\/\/tierheim-moers.de\/Wordpress\/wp-content\/uploads\/2023\/01\/Pippa2-scaled.jpg 1182w\" sizes=\"(max-width: 139px) 100vw, 139px\" \/><\/a> <a href=\"https:\/\/tierheim-moers.de\/Wordpress\/wp-content\/uploads\/2023\/01\/Pippa-scaled.jpg\"><img decoding=\"async\" class=\"alignnone size-medium wp-image-51869\" src=\"https:\/\/tierheim-moers.de\/Wordpress\/wp-content\/uploads\/2023\/01\/Pippa-138x300.jpg\" alt=\"\" width=\"138\" height=\"300\" srcset=\"https:\/\/tierheim-moers.de\/Wordpress\/wp-content\/uploads\/2023\/01\/Pippa-138x300.jpg 138w, https:\/\/tierheim-moers.de\/Wordpress\/wp-content\/uploads\/2023\/01\/Pippa-472x1024.jpg 472w, https:\/\/tierheim-moers.de\/Wordpress\/wp-content\/uploads\/2023\/01\/Pippa-768x1665.jpg 768w, https:\/\/tierheim-moers.de\/Wordpress\/wp-content\/uploads\/2023\/01\/Pippa-600x1301.jpg 600w, https:\/\/tierheim-moers.de\/Wordpress\/wp-content\/uploads\/2023\/01\/Pippa-708x1536.jpg 708w, https:\/\/tierheim-moers.de\/Wordpress\/wp-content\/uploads\/2023\/01\/Pippa-944x2048.jpg 944w, https:\/\/tierheim-moers.de\/Wordpress\/wp-content\/uploads\/2023\/01\/Pippa-700x1518.jpg 700w, https:\/\/tierheim-moers.de\/Wordpress\/wp-content\/uploads\/2023\/01\/Pippa-scaled.jpg 1181w\" sizes=\"(max-width: 138px) 100vw, 138px\" \/><\/a><a href=\"https:\/\/tierheim-moers.de\/Wordpress\/wp-content\/uploads\/2023\/01\/Pippa4-scaled.jpg\"><img decoding=\"async\" class=\"alignnone size-medium wp-image-51874\" src=\"https:\/\/tierheim-moers.de\/Wordpress\/wp-content\/uploads\/2023\/01\/Pippa4-139x300.jpg\" alt=\"\" width=\"139\" height=\"300\" srcset=\"https:\/\/tierheim-moers.de\/Wordpress\/wp-content\/uploads\/2023\/01\/Pippa4-139x300.jpg 139w, https:\/\/tierheim-moers.de\/Wordpress\/wp-content\/uploads\/2023\/01\/Pippa4-473x1024.jpg 473w, https:\/\/tierheim-moers.de\/Wordpress\/wp-content\/uploads\/2023\/01\/Pippa4-768x1663.jpg 768w, https:\/\/tierheim-moers.de\/Wordpress\/wp-content\/uploads\/2023\/01\/Pippa4-600x1299.jpg 600w, https:\/\/tierheim-moers.de\/Wordpress\/wp-content\/uploads\/2023\/01\/Pippa4-709x1536.jpg 709w, https:\/\/tierheim-moers.de\/Wordpress\/wp-content\/uploads\/2023\/01\/Pippa4-946x2048.jpg 946w, https:\/\/tierheim-moers.de\/Wordpress\/wp-content\/uploads\/2023\/01\/Pippa4-700x1516.jpg 700w, https:\/\/tierheim-moers.de\/Wordpress\/wp-content\/uploads\/2023\/01\/Pippa4-1320x2858.jpg 1320w, https:\/\/tierheim-moers.de\/Wordpress\/wp-content\/uploads\/2023\/01\/Pippa4-scaled.jpg 1182w\" sizes=\"(max-width: 139px) 100vw, 139px\" \/><\/a><a href=\"https:\/\/tierheim-moers.de\/Wordpress\/wp-content\/uploads\/2023\/01\/Pippa3-scaled.jpg\"><img loading=\"lazy\" decoding=\"async\" class=\"alignnone size-medium wp-image-51873\" src=\"https:\/\/tierheim-moers.de\/Wordpress\/wp-content\/uploads\/2023\/01\/Pippa3-138x300.jpg\" alt=\"\" width=\"138\" height=\"300\" srcset=\"https:\/\/tierheim-moers.de\/Wordpress\/wp-content\/uploads\/2023\/01\/Pippa3-138x300.jpg 138w, https:\/\/tierheim-moers.de\/Wordpress\/wp-content\/uploads\/2023\/01\/Pippa3-472x1024.jpg 472w, https:\/\/tierheim-moers.de\/Wordpress\/wp-content\/uploads\/2023\/01\/Pippa3-768x1665.jpg 768w, https:\/\/tierheim-moers.de\/Wordpress\/wp-content\/uploads\/2023\/01\/Pippa3-600x1301.jpg 600w, https:\/\/tierheim-moers.de\/Wordpress\/wp-content\/uploads\/2023\/01\/Pippa3-708x1536.jpg 708w, https:\/\/tierheim-moers.de\/Wordpress\/wp-content\/uploads\/2023\/01\/Pippa3-944x2048.jpg 944w, https:\/\/tierheim-moers.de\/Wordpress\/wp-content\/uploads\/2023\/01\/Pippa3-700x1518.jpg 700w, https:\/\/tierheim-moers.de\/Wordpress\/wp-content\/uploads\/2023\/01\/Pippa3-scaled.jpg 1181w\" sizes=\"(max-width: 138px) 100vw, 138px\" \/><\/a><\/p>\n<p>&nbsp;<\/p>\n<p>26.12.2021<\/p>\n<p>Hallo liebe Tierheimfreunde,<a href=\"https:\/\/tierheim-moers.de\/Wordpress\/wp-content\/uploads\/2021\/06\/pippa-und-katerchen.jpg7_-scaled.jpg\"><img loading=\"lazy\" decoding=\"async\" class=\"size-medium wp-image-45186 alignleft\" src=\"https:\/\/tierheim-moers.de\/Wordpress\/wp-content\/uploads\/2021\/06\/pippa-und-katerchen.jpg7_-225x300.jpg\" alt=\"\" width=\"225\" height=\"300\" srcset=\"https:\/\/tierheim-moers.de\/Wordpress\/wp-content\/uploads\/2021\/06\/pippa-und-katerchen.jpg7_-225x300.jpg 225w, https:\/\/tierheim-moers.de\/Wordpress\/wp-content\/uploads\/2021\/06\/pippa-und-katerchen.jpg7_-768x1024.jpg 768w, https:\/\/tierheim-moers.de\/Wordpress\/wp-content\/uploads\/2021\/06\/pippa-und-katerchen.jpg7_-600x800.jpg 600w, https:\/\/tierheim-moers.de\/Wordpress\/wp-content\/uploads\/2021\/06\/pippa-und-katerchen.jpg7_-1152x1536.jpg 1152w, https:\/\/tierheim-moers.de\/Wordpress\/wp-content\/uploads\/2021\/06\/pippa-und-katerchen.jpg7_-1536x2048.jpg 1536w, https:\/\/tierheim-moers.de\/Wordpress\/wp-content\/uploads\/2021\/06\/pippa-und-katerchen.jpg7_-700x933.jpg 700w, https:\/\/tierheim-moers.de\/Wordpress\/wp-content\/uploads\/2021\/06\/pippa-und-katerchen.jpg7_-1320x1760.jpg 1320w, https:\/\/tierheim-moers.de\/Wordpress\/wp-content\/uploads\/2021\/06\/pippa-und-katerchen.jpg7_-scaled.jpg 1920w\" sizes=\"(max-width: 225px) 100vw, 225px\" \/><\/a><\/p>\n<p>hier ist Pippa, die kleine Freundin von Katerchen, der jetzt Kalli hei\u00dft (h\u00f6rt er aber auch nicht drauf).<\/p>\n<p>Heute darf ich euch schreiben.<\/p>\n<p>Zuerst das Wichtigste: Wir sind putzmunter und gesund. <a href=\"https:\/\/tierheim-moers.de\/Wordpress\/wp-content\/uploads\/2021\/06\/pippa-und-katerchen.jpg8_-scaled.jpg\"><img loading=\"lazy\" decoding=\"async\" class=\"size-medium wp-image-45187 alignright\" src=\"https:\/\/tierheim-moers.de\/Wordpress\/wp-content\/uploads\/2021\/06\/pippa-und-katerchen.jpg8_-225x300.jpg\" alt=\"\" width=\"225\" height=\"300\" srcset=\"https:\/\/tierheim-moers.de\/Wordpress\/wp-content\/uploads\/2021\/06\/pippa-und-katerchen.jpg8_-225x300.jpg 225w, https:\/\/tierheim-moers.de\/Wordpress\/wp-content\/uploads\/2021\/06\/pippa-und-katerchen.jpg8_-768x1024.jpg 768w, https:\/\/tierheim-moers.de\/Wordpress\/wp-content\/uploads\/2021\/06\/pippa-und-katerchen.jpg8_-600x800.jpg 600w, https:\/\/tierheim-moers.de\/Wordpress\/wp-content\/uploads\/2021\/06\/pippa-und-katerchen.jpg8_-1152x1536.jpg 1152w, https:\/\/tierheim-moers.de\/Wordpress\/wp-content\/uploads\/2021\/06\/pippa-und-katerchen.jpg8_-1536x2048.jpg 1536w, https:\/\/tierheim-moers.de\/Wordpress\/wp-content\/uploads\/2021\/06\/pippa-und-katerchen.jpg8_-700x933.jpg 700w, https:\/\/tierheim-moers.de\/Wordpress\/wp-content\/uploads\/2021\/06\/pippa-und-katerchen.jpg8_-1320x1760.jpg 1320w, https:\/\/tierheim-moers.de\/Wordpress\/wp-content\/uploads\/2021\/06\/pippa-und-katerchen.jpg8_-scaled.jpg 1920w\" sizes=\"(max-width: 225px) 100vw, 225px\" \/><\/a>Wir haben sehr viel Spa\u00df mit unserem Spielzeug, das wir gerne \u00fcberall verstecken. W\u00e4hrend Herrchen zusammen mit Kalli die Sachen dann wieder zusammensucht (wie man auf dem Foto sehen kann) ,lass ich mir von Frauchen den Bauch kraulen und gucke zu. <a href=\"https:\/\/tierheim-moers.de\/Wordpress\/wp-content\/uploads\/2021\/06\/pippa-und-katerchen.jpg5_-scaled.jpg\"><img loading=\"lazy\" decoding=\"async\" class=\"size-medium wp-image-45184 alignleft\" src=\"https:\/\/tierheim-moers.de\/Wordpress\/wp-content\/uploads\/2021\/06\/pippa-und-katerchen.jpg5_-225x300.jpg\" alt=\"\" width=\"225\" height=\"300\" srcset=\"https:\/\/tierheim-moers.de\/Wordpress\/wp-content\/uploads\/2021\/06\/pippa-und-katerchen.jpg5_-225x300.jpg 225w, https:\/\/tierheim-moers.de\/Wordpress\/wp-content\/uploads\/2021\/06\/pippa-und-katerchen.jpg5_-768x1024.jpg 768w, https:\/\/tierheim-moers.de\/Wordpress\/wp-content\/uploads\/2021\/06\/pippa-und-katerchen.jpg5_-600x800.jpg 600w, https:\/\/tierheim-moers.de\/Wordpress\/wp-content\/uploads\/2021\/06\/pippa-und-katerchen.jpg5_-1152x1536.jpg 1152w, https:\/\/tierheim-moers.de\/Wordpress\/wp-content\/uploads\/2021\/06\/pippa-und-katerchen.jpg5_-1536x2048.jpg 1536w, https:\/\/tierheim-moers.de\/Wordpress\/wp-content\/uploads\/2021\/06\/pippa-und-katerchen.jpg5_-700x933.jpg 700w, https:\/\/tierheim-moers.de\/Wordpress\/wp-content\/uploads\/2021\/06\/pippa-und-katerchen.jpg5_-1320x1760.jpg 1320w, https:\/\/tierheim-moers.de\/Wordpress\/wp-content\/uploads\/2021\/06\/pippa-und-katerchen.jpg5_-scaled.jpg 1920w\" sizes=\"(max-width: 225px) 100vw, 225px\" \/><\/a><\/p>\n<p>Sogar mit den kleinen lauten Kindern freunden wir uns langsam an. Sie geben uns n\u00e4mlich Leckerchen. Ansonsten flitzen wir durch die Wohnung und die Katzenklappe, h\u00f6ren nicht, was Herrchen und Frauchen sagen und machen das was wir wollen. <a href=\"https:\/\/tierheim-moers.de\/Wordpress\/wp-content\/uploads\/2021\/06\/pippa-und-katerchen.jpg6_-scaled.jpg\"><img loading=\"lazy\" decoding=\"async\" class=\"size-medium wp-image-45185 alignright\" src=\"https:\/\/tierheim-moers.de\/Wordpress\/wp-content\/uploads\/2021\/06\/pippa-und-katerchen.jpg6_-225x300.jpg\" alt=\"\" width=\"225\" height=\"300\" srcset=\"https:\/\/tierheim-moers.de\/Wordpress\/wp-content\/uploads\/2021\/06\/pippa-und-katerchen.jpg6_-225x300.jpg 225w, https:\/\/tierheim-moers.de\/Wordpress\/wp-content\/uploads\/2021\/06\/pippa-und-katerchen.jpg6_-768x1024.jpg 768w, https:\/\/tierheim-moers.de\/Wordpress\/wp-content\/uploads\/2021\/06\/pippa-und-katerchen.jpg6_-600x800.jpg 600w, https:\/\/tierheim-moers.de\/Wordpress\/wp-content\/uploads\/2021\/06\/pippa-und-katerchen.jpg6_-1152x1536.jpg 1152w, https:\/\/tierheim-moers.de\/Wordpress\/wp-content\/uploads\/2021\/06\/pippa-und-katerchen.jpg6_-1536x2048.jpg 1536w, https:\/\/tierheim-moers.de\/Wordpress\/wp-content\/uploads\/2021\/06\/pippa-und-katerchen.jpg6_-700x933.jpg 700w, https:\/\/tierheim-moers.de\/Wordpress\/wp-content\/uploads\/2021\/06\/pippa-und-katerchen.jpg6_-1320x1760.jpg 1320w, https:\/\/tierheim-moers.de\/Wordpress\/wp-content\/uploads\/2021\/06\/pippa-und-katerchen.jpg6_-scaled.jpg 1920w\" sizes=\"(max-width: 225px) 100vw, 225px\" \/><\/a><\/p>\n<p>Wir w\u00fcnschen allen ein sch\u00f6nes besinnliches Weihnachtsfest und ein frohes neues Jahr. Bleibt alle gesund.<\/p>\n<p>Au\u00dferdem w\u00fcnschen wir allen Tierheimbewohnern, dass sie bald ein neues Zuhause finden.<\/p>\n<p>Liebe Gr\u00fc\u00dfe auch von unseren Dosen\u00f6ffnern.<\/p>\n<p>&nbsp;<\/p>\n<p>&nbsp;<\/p>\n<p>25.05.2021<\/p>\n<p>Hallo liebes Tierheimteam,<a href=\"https:\/\/tierheim-moers.de\/Wordpress\/wp-content\/uploads\/2021\/06\/pippa-und-katerchen-scaled.jpg\"><img loading=\"lazy\" decoding=\"async\" class=\"size-medium wp-image-41148 alignright\" src=\"https:\/\/tierheim-moers.de\/Wordpress\/wp-content\/uploads\/2021\/06\/pippa-und-katerchen-225x300.jpg\" alt=\"\" width=\"225\" height=\"300\" srcset=\"https:\/\/tierheim-moers.de\/Wordpress\/wp-content\/uploads\/2021\/06\/pippa-und-katerchen-225x300.jpg 225w, https:\/\/tierheim-moers.de\/Wordpress\/wp-content\/uploads\/2021\/06\/pippa-und-katerchen-768x1024.jpg 768w, https:\/\/tierheim-moers.de\/Wordpress\/wp-content\/uploads\/2021\/06\/pippa-und-katerchen-600x800.jpg 600w, https:\/\/tierheim-moers.de\/Wordpress\/wp-content\/uploads\/2021\/06\/pippa-und-katerchen-1152x1536.jpg 1152w, https:\/\/tierheim-moers.de\/Wordpress\/wp-content\/uploads\/2021\/06\/pippa-und-katerchen-1536x2048.jpg 1536w, https:\/\/tierheim-moers.de\/Wordpress\/wp-content\/uploads\/2021\/06\/pippa-und-katerchen-700x933.jpg 700w, https:\/\/tierheim-moers.de\/Wordpress\/wp-content\/uploads\/2021\/06\/pippa-und-katerchen-1320x1760.jpg 1320w, https:\/\/tierheim-moers.de\/Wordpress\/wp-content\/uploads\/2021\/06\/pippa-und-katerchen-scaled.jpg 1920w\" sizes=\"(max-width: 225px) 100vw, 225px\" \/><\/a> <a href=\"https:\/\/tierheim-moers.de\/Wordpress\/wp-content\/uploads\/2021\/06\/pippa-und-katerchen2-scaled.jpg\"><img loading=\"lazy\" decoding=\"async\" class=\"size-medium wp-image-41149 alignleft\" src=\"https:\/\/tierheim-moers.de\/Wordpress\/wp-content\/uploads\/2021\/06\/pippa-und-katerchen2-225x300.jpg\" alt=\"\" width=\"225\" height=\"300\" srcset=\"https:\/\/tierheim-moers.de\/Wordpress\/wp-content\/uploads\/2021\/06\/pippa-und-katerchen2-225x300.jpg 225w, https:\/\/tierheim-moers.de\/Wordpress\/wp-content\/uploads\/2021\/06\/pippa-und-katerchen2-768x1024.jpg 768w, https:\/\/tierheim-moers.de\/Wordpress\/wp-content\/uploads\/2021\/06\/pippa-und-katerchen2-600x800.jpg 600w, https:\/\/tierheim-moers.de\/Wordpress\/wp-content\/uploads\/2021\/06\/pippa-und-katerchen2-1152x1536.jpg 1152w, https:\/\/tierheim-moers.de\/Wordpress\/wp-content\/uploads\/2021\/06\/pippa-und-katerchen2-1536x2048.jpg 1536w, https:\/\/tierheim-moers.de\/Wordpress\/wp-content\/uploads\/2021\/06\/pippa-und-katerchen2-700x933.jpg 700w, https:\/\/tierheim-moers.de\/Wordpress\/wp-content\/uploads\/2021\/06\/pippa-und-katerchen2-1320x1760.jpg 1320w, https:\/\/tierheim-moers.de\/Wordpress\/wp-content\/uploads\/2021\/06\/pippa-und-katerchen2-scaled.jpg 1920w\" sizes=\"(max-width: 225px) 100vw, 225px\" \/><\/a><\/p>\n<p>hier ist Katerchen, der Kumpel von Pippa. Ich m\u00f6chte mal erz\u00e4hlen, wie es uns geht.<\/p>\n<p>Die Autofahrt zum neuen zu Hause war ganz schrecklich. Vor lauter Aufregung und Angst hab ich erstmal Pipi und Kacka in den Tragekorb gemacht. Aber die neuen Futterdosen\u00f6ffner haben nicht geschimpft.<\/p>\n<p>Pippa hat das alles viel lockerer gesehen. Sie ist ja auch schon \u00e4lter. Zu Hause ist sie gleich rumgelaufen und hat sich alles angesehen. Ich hab mich erstmal unter die Betten verkrochen und bin erst abends wieder raus als mein Magen knurrte. Aber dann hab ich mir auch alles angeschaut. <a href=\"https:\/\/tierheim-moers.de\/Wordpress\/wp-content\/uploads\/2021\/06\/pippa-und-katerchen4-scaled.jpg\"><img loading=\"lazy\" decoding=\"async\" class=\"size-medium wp-image-41152 alignleft\" src=\"https:\/\/tierheim-moers.de\/Wordpress\/wp-content\/uploads\/2021\/06\/pippa-und-katerchen4-225x300.jpg\" alt=\"\" width=\"225\" height=\"300\" srcset=\"https:\/\/tierheim-moers.de\/Wordpress\/wp-content\/uploads\/2021\/06\/pippa-und-katerchen4-225x300.jpg 225w, https:\/\/tierheim-moers.de\/Wordpress\/wp-content\/uploads\/2021\/06\/pippa-und-katerchen4-768x1024.jpg 768w, https:\/\/tierheim-moers.de\/Wordpress\/wp-content\/uploads\/2021\/06\/pippa-und-katerchen4-600x800.jpg 600w, https:\/\/tierheim-moers.de\/Wordpress\/wp-content\/uploads\/2021\/06\/pippa-und-katerchen4-1152x1536.jpg 1152w, https:\/\/tierheim-moers.de\/Wordpress\/wp-content\/uploads\/2021\/06\/pippa-und-katerchen4-1536x2048.jpg 1536w, https:\/\/tierheim-moers.de\/Wordpress\/wp-content\/uploads\/2021\/06\/pippa-und-katerchen4-700x933.jpg 700w, https:\/\/tierheim-moers.de\/Wordpress\/wp-content\/uploads\/2021\/06\/pippa-und-katerchen4-1320x1760.jpg 1320w, https:\/\/tierheim-moers.de\/Wordpress\/wp-content\/uploads\/2021\/06\/pippa-und-katerchen4-scaled.jpg 1920w\" sizes=\"(max-width: 225px) 100vw, 225px\" \/><\/a> <a href=\"https:\/\/tierheim-moers.de\/Wordpress\/wp-content\/uploads\/2021\/06\/pippa-und-katerchen3-scaled.jpg\"><img loading=\"lazy\" decoding=\"async\" class=\"size-medium wp-image-41151 alignright\" src=\"https:\/\/tierheim-moers.de\/Wordpress\/wp-content\/uploads\/2021\/06\/pippa-und-katerchen3-225x300.jpg\" alt=\"\" width=\"225\" height=\"300\" srcset=\"https:\/\/tierheim-moers.de\/Wordpress\/wp-content\/uploads\/2021\/06\/pippa-und-katerchen3-225x300.jpg 225w, https:\/\/tierheim-moers.de\/Wordpress\/wp-content\/uploads\/2021\/06\/pippa-und-katerchen3-768x1024.jpg 768w, https:\/\/tierheim-moers.de\/Wordpress\/wp-content\/uploads\/2021\/06\/pippa-und-katerchen3-600x800.jpg 600w, https:\/\/tierheim-moers.de\/Wordpress\/wp-content\/uploads\/2021\/06\/pippa-und-katerchen3-1152x1536.jpg 1152w, https:\/\/tierheim-moers.de\/Wordpress\/wp-content\/uploads\/2021\/06\/pippa-und-katerchen3-1536x2048.jpg 1536w, https:\/\/tierheim-moers.de\/Wordpress\/wp-content\/uploads\/2021\/06\/pippa-und-katerchen3-700x933.jpg 700w, https:\/\/tierheim-moers.de\/Wordpress\/wp-content\/uploads\/2021\/06\/pippa-und-katerchen3-1320x1760.jpg 1320w, https:\/\/tierheim-moers.de\/Wordpress\/wp-content\/uploads\/2021\/06\/pippa-und-katerchen3-scaled.jpg 1920w\" sizes=\"(max-width: 225px) 100vw, 225px\" \/><\/a><\/p>\n<p>Mittlerweile haben wir viele Lieblingspl\u00e4tze: auf und unter dem Bett. Auf den Fensterb\u00e4nken und auf dem Balkon. Nur auf den Esstisch d\u00fcrfen wir nicht.<\/p>\n<p>Zu Pippa sagen sie immer Kuschelmonster und zu mir Frechdachs. Versteh ich nicht. Aber es gef\u00e4llt uns hier sehr gut &#x1f44d; Ich sage jetzt mal tsch\u00fcss.<\/p>\n<p>LG Pippa und Katerchen<\/p>\n<p>Die beiden haben sich sehr gut eingelebt. Pippa war sofort in ihrem Element. Katerchen hat ein paar Tage gebraucht. Aber so langsam sind wir nur noch Gast in unserem Hause. Es l\u00e4uft alles super.<\/p>\n<p>LG von den neuen Futterdosen\u00f6ffnern<\/p>\n<div class=\"shariff shariff-align-flex-start shariff-widget-align-center\" data-url=\"https%3A%2F%2Ftierheim-moers.de%2FWordpress%2Fpippa-und-katerchen-haben-das-kommando-uebernommen%2F\" data-timestamp=\"1673356329\" data-hidezero=\"1\" data-backendurl=\"https:\/\/tierheim-moers.de\/Wordpress\/wp-json\/shariff\/v1\/share_counts?\"><ul class=\"shariff-buttons theme-round orientation-horizontal buttonsize-small\"><li class=\"shariff-button facebook shariff-nocustomcolor\" style=\"background-color:#4273c8\"><a href=\"https:\/\/www.facebook.com\/sharer\/sharer.php?u=https%3A%2F%2Ftierheim-moers.de%2FWordpress%2Fpippa-und-katerchen-haben-das-kommando-uebernommen%2F\" title=\"Bei Facebook teilen\" aria-label=\"Bei Facebook teilen\" role=\"button\" rel=\"nofollow\" class=\"shariff-link\" style=\"; background-color:#3b5998; color:#fff\" target=\"_blank\"><span class=\"shariff-icon\" style=\"\"><svg width=\"32px\" height=\"20px\" xmlns=\"http:\/\/www.w3.org\/2000\/svg\" viewBox=\"0 0 18 32\"><path fill=\"#3b5998\" d=\"M17.1 0.2v4.7h-2.8q-1.5 0-2.1 0.6t-0.5 1.9v3.4h5.2l-0.7 5.3h-4.5v13.6h-5.5v-13.6h-4.5v-5.3h4.5v-3.9q0-3.3 1.9-5.2t5-1.8q2.6 0 4.1 0.2z\"\/><\/svg><\/span><\/a><\/li><li class=\"shariff-button twitter shariff-nocustomcolor\" style=\"background-color:#595959\"><a href=\"https:\/\/twitter.com\/share?url=https%3A%2F%2Ftierheim-moers.de%2FWordpress%2Fpippa-und-katerchen-haben-das-kommando-uebernommen%2F&text=Pippa%20und%20Katerchen%20haben%20das%20Kommando%20%C3%BCbernommen\" title=\"Bei X teilen\" aria-label=\"Bei X teilen\" role=\"button\" rel=\"noopener nofollow\" class=\"shariff-link\" style=\"; background-color:#000; color:#fff\" target=\"_blank\"><span class=\"shariff-icon\" style=\"\"><svg width=\"32px\" height=\"20px\" xmlns=\"http:\/\/www.w3.org\/2000\/svg\" viewBox=\"0 0 24 24\"><path fill=\"#000\" d=\"M14.258 10.152L23.176 0h-2.113l-7.747 8.813L7.133 0H0l9.352 13.328L0 23.973h2.113l8.176-9.309 6.531 9.309h7.133zm-2.895 3.293l-.949-1.328L2.875 1.56h3.246l6.086 8.523.945 1.328 7.91 11.078h-3.246zm0 0\"\/><\/svg><\/span><\/a><\/li><li class=\"shariff-button whatsapp shariff-nocustomcolor\" style=\"background-color:#5cbe4a\"><a href=\"https:\/\/api.whatsapp.com\/send?text=https%3A%2F%2Ftierheim-moers.de%2FWordpress%2Fpippa-und-katerchen-haben-das-kommando-uebernommen%2F%20Pippa%20und%20Katerchen%20haben%20das%20Kommando%20%C3%BCbernommen\" title=\"Bei Whatsapp teilen\" aria-label=\"Bei Whatsapp teilen\" role=\"button\" rel=\"noopener nofollow\" class=\"shariff-link\" style=\"; background-color:#34af23; color:#fff\" target=\"_blank\"><span class=\"shariff-icon\" style=\"\"><svg width=\"32px\" height=\"20px\" xmlns=\"http:\/\/www.w3.org\/2000\/svg\" viewBox=\"0 0 32 32\"><path fill=\"#34af23\" d=\"M17.6 17.4q0.2 0 1.7 0.8t1.6 0.9q0 0.1 0 0.3 0 0.6-0.3 1.4-0.3 0.7-1.3 1.2t-1.8 0.5q-1 0-3.4-1.1-1.7-0.8-3-2.1t-2.6-3.3q-1.3-1.9-1.3-3.5v-0.1q0.1-1.6 1.3-2.8 0.4-0.4 0.9-0.4 0.1 0 0.3 0t0.3 0q0.3 0 0.5 0.1t0.3 0.5q0.1 0.4 0.6 1.6t0.4 1.3q0 0.4-0.6 1t-0.6 0.8q0 0.1 0.1 0.3 0.6 1.3 1.8 2.4 1 0.9 2.7 1.8 0.2 0.1 0.4 0.1 0.3 0 1-0.9t0.9-0.9zM14 26.9q2.3 0 4.3-0.9t3.6-2.4 2.4-3.6 0.9-4.3-0.9-4.3-2.4-3.6-3.6-2.4-4.3-0.9-4.3 0.9-3.6 2.4-2.4 3.6-0.9 4.3q0 3.6 2.1 6.6l-1.4 4.2 4.3-1.4q2.8 1.9 6.2 1.9zM14 2.2q2.7 0 5.2 1.1t4.3 2.9 2.9 4.3 1.1 5.2-1.1 5.2-2.9 4.3-4.3 2.9-5.2 1.1q-3.5 0-6.5-1.7l-7.4 2.4 2.4-7.2q-1.9-3.2-1.9-6.9 0-2.7 1.1-5.2t2.9-4.3 4.3-2.9 5.2-1.1z\"\/><\/svg><\/span><\/a><\/li><li class=\"shariff-button sms shariff-nocustomcolor shariff-mobile\" style=\"background-color:#d7d9d8\"><a href=\"sms:?&body=https%3A%2F%2Ftierheim-moers.de%2FWordpress%2Fpippa-und-katerchen-haben-das-kommando-uebernommen%2F\" title=\"Per SMS teilen\" aria-label=\"Per SMS teilen\" role=\"button\" rel=\"noopener nofollow\" class=\"shariff-link\" style=\"; background-color:#a1e877; color:#fff\" target=\"_blank\"><span class=\"shariff-icon\" style=\"\"><svg xmlns=\"http:\/\/www.w3.org\/2000\/svg\" width=\"510\" height=\"510\" viewBox=\"0 0 510 510\"><path fill=\"#a1e877\" d=\"M459 0H51C23 0 0 23 0 51v459l102-102h357c28.1 0 51-22.9 51-51V51C510 23 487.1 0 459 0zM178.5 229.5h-51v-51h51V229.5zM280.5 229.5h-51v-51h51V229.5zM382.5 229.5h-51v-51h51V229.5z\"\/><\/svg><\/span><\/a><\/li><\/ul><\/div>","protected":false},"excerpt":{"rendered":"<p>27.12.2022 Hallo liebe Tierheimfreunde, wir w\u00fcnschen Euch ein frohes besinnliches Weihnachtsfest und einen guten Rutsch ins neue Jahr. Uns geht es gut. Wir sind putzmunter und lassen uns sch\u00f6n verw\u00f6hnen. Wir w\u00fcnschen allen Tieren im Tierheim, dass sie schnell ein neues Zuhause finden. LG Pippa und Kalli &nbsp; 26.12.2021 Hallo &#8230;<\/p>\n","protected":false},"author":4,"featured_media":45188,"comment_status":"closed","ping_status":"open","sticky":false,"template":"","format":"standard","meta":{"ngg_post_thumbnail":0,"footnotes":""},"categories":[32],"tags":[],"class_list":["post-41147","post","type-post","status-publish","format-standard","has-post-thumbnail","hentry","category-erfolgsgeschichten","column","threecol","has-thumbnail"],"yoast_head":"<!-- This site is optimized with the Yoast SEO plugin v24.6 - https:\/\/yoast.com\/wordpress\/plugins\/seo\/ -->\n<title>Pippa und Katerchen haben das Kommando \u00fcbernommen | TIERHEIM MOERS<\/title>\n<meta name=\"robots\" content=\"index, follow, max-snippet:-1, max-image-preview:large, max-video-preview:-1\" \/>\n<link rel=\"canonical\" href=\"https:\/\/tierheim-moers.de\/Wordpress\/pippa-und-katerchen-haben-das-kommando-uebernommen\/\" \/>\n<meta property=\"og:locale\" content=\"de_DE\" \/>\n<meta property=\"og:type\" content=\"article\" \/>\n<meta property=\"og:title\" content=\"Pippa und Katerchen haben das Kommando \u00fcbernommen | TIERHEIM MOERS\" \/>\n<meta property=\"og:description\" content=\"27.12.2022 Hallo liebe Tierheimfreunde, wir w\u00fcnschen Euch ein frohes besinnliches Weihnachtsfest und einen guten Rutsch ins neue Jahr. Uns geht es gut. &#8230;\" \/>\n<meta property=\"og:url\" content=\"https:\/\/tierheim-moers.de\/Wordpress\/pippa-und-katerchen-haben-das-kommando-uebernommen\/\" \/>\n<meta property=\"og:site_name\" content=\"TIERHEIM MOERS\" \/>\n<meta property=\"article:publisher\" content=\"https:\/\/de-de.facebook.com\/moers.tierheim\" \/>\n<meta property=\"article:published_time\" content=\"2023-01-09T20:00:20+00:00\" \/>\n<meta property=\"article:modified_time\" content=\"2023-01-10T11:12:09+00:00\" \/>\n<meta property=\"og:image\" content=\"https:\/\/tierheim-moers.de\/Wordpress\/wp-content\/uploads\/2021\/06\/pippa-und-katerchen.jpg7-ausschnitt.jpg\" \/>\n\t<meta property=\"og:image:width\" content=\"2128\" \/>\n\t<meta property=\"og:image:height\" content=\"1720\" \/>\n\t<meta property=\"og:image:type\" content=\"image\/jpeg\" \/>\n<meta name=\"author\" content=\"Gisela Kuhnen\" \/>\n<meta name=\"twitter:card\" content=\"summary_large_image\" \/>\n<meta name=\"twitter:label1\" content=\"Verfasst von\" \/>\n\t<meta name=\"twitter:data1\" content=\"Gisela Kuhnen\" \/>\n\t<meta name=\"twitter:label2\" content=\"Gesch\u00e4tzte Lesezeit\" \/>\n\t<meta name=\"twitter:data2\" content=\"5\u00a0Minuten\" \/>\n<script type=\"application\/ld+json\" class=\"yoast-schema-graph\">{\"@context\":\"https:\/\/schema.org\",\"@graph\":[{\"@type\":\"Article\",\"@id\":\"https:\/\/tierheim-moers.de\/Wordpress\/pippa-und-katerchen-haben-das-kommando-uebernommen\/#article\",\"isPartOf\":{\"@id\":\"https:\/\/tierheim-moers.de\/Wordpress\/pippa-und-katerchen-haben-das-kommando-uebernommen\/\"},\"author\":{\"name\":\"Gisela Kuhnen\",\"@id\":\"https:\/\/tierheim-moers.de\/Wordpress\/#\/schema\/person\/35ad410ed2d8620d4f57f813585b0d8e\"},\"headline\":\"Pippa und Katerchen haben das Kommando \u00fcbernommen\",\"datePublished\":\"2023-01-09T20:00:20+00:00\",\"dateModified\":\"2023-01-10T11:12:09+00:00\",\"mainEntityOfPage\":{\"@id\":\"https:\/\/tierheim-moers.de\/Wordpress\/pippa-und-katerchen-haben-das-kommando-uebernommen\/\"},\"wordCount\":421,\"publisher\":{\"@id\":\"https:\/\/tierheim-moers.de\/Wordpress\/#organization\"},\"image\":{\"@id\":\"https:\/\/tierheim-moers.de\/Wordpress\/pippa-und-katerchen-haben-das-kommando-uebernommen\/#primaryimage\"},\"thumbnailUrl\":\"https:\/\/tierheim-moers.de\/Wordpress\/wp-content\/uploads\/2021\/06\/pippa-und-katerchen.jpg7-ausschnitt.jpg\",\"articleSection\":[\"Erfolgsgeschichten\"],\"inLanguage\":\"de\"},{\"@type\":\"WebPage\",\"@id\":\"https:\/\/tierheim-moers.de\/Wordpress\/pippa-und-katerchen-haben-das-kommando-uebernommen\/\",\"url\":\"https:\/\/tierheim-moers.de\/Wordpress\/pippa-und-katerchen-haben-das-kommando-uebernommen\/\",\"name\":\"Pippa und Katerchen haben das Kommando \u00fcbernommen | TIERHEIM MOERS\",\"isPartOf\":{\"@id\":\"https:\/\/tierheim-moers.de\/Wordpress\/#website\"},\"primaryImageOfPage\":{\"@id\":\"https:\/\/tierheim-moers.de\/Wordpress\/pippa-und-katerchen-haben-das-kommando-uebernommen\/#primaryimage\"},\"image\":{\"@id\":\"https:\/\/tierheim-moers.de\/Wordpress\/pippa-und-katerchen-haben-das-kommando-uebernommen\/#primaryimage\"},\"thumbnailUrl\":\"https:\/\/tierheim-moers.de\/Wordpress\/wp-content\/uploads\/2021\/06\/pippa-und-katerchen.jpg7-ausschnitt.jpg\",\"datePublished\":\"2023-01-09T20:00:20+00:00\",\"dateModified\":\"2023-01-10T11:12:09+00:00\",\"breadcrumb\":{\"@id\":\"https:\/\/tierheim-moers.de\/Wordpress\/pippa-und-katerchen-haben-das-kommando-uebernommen\/#breadcrumb\"},\"inLanguage\":\"de\",\"potentialAction\":[{\"@type\":\"ReadAction\",\"target\":[\"https:\/\/tierheim-moers.de\/Wordpress\/pippa-und-katerchen-haben-das-kommando-uebernommen\/\"]}]},{\"@type\":\"ImageObject\",\"inLanguage\":\"de\",\"@id\":\"https:\/\/tierheim-moers.de\/Wordpress\/pippa-und-katerchen-haben-das-kommando-uebernommen\/#primaryimage\",\"url\":\"https:\/\/tierheim-moers.de\/Wordpress\/wp-content\/uploads\/2021\/06\/pippa-und-katerchen.jpg7-ausschnitt.jpg\",\"contentUrl\":\"https:\/\/tierheim-moers.de\/Wordpress\/wp-content\/uploads\/2021\/06\/pippa-und-katerchen.jpg7-ausschnitt.jpg\",\"width\":2128,\"height\":1720},{\"@type\":\"BreadcrumbList\",\"@id\":\"https:\/\/tierheim-moers.de\/Wordpress\/pippa-und-katerchen-haben-das-kommando-uebernommen\/#breadcrumb\",\"itemListElement\":[{\"@type\":\"ListItem\",\"position\":1,\"name\":\"Startseite\",\"item\":\"https:\/\/tierheim-moers.de\/Wordpress\/\"},{\"@type\":\"ListItem\",\"position\":2,\"name\":\"Pippa und Katerchen haben das Kommando \u00fcbernommen\"}]},{\"@type\":\"WebSite\",\"@id\":\"https:\/\/tierheim-moers.de\/Wordpress\/#website\",\"url\":\"https:\/\/tierheim-moers.de\/Wordpress\/\",\"name\":\"Tierheim Moers\",\"description\":\"Tierheim | Hundepension | Tierschutz | Moers\",\"publisher\":{\"@id\":\"https:\/\/tierheim-moers.de\/Wordpress\/#organization\"},\"potentialAction\":[{\"@type\":\"SearchAction\",\"target\":{\"@type\":\"EntryPoint\",\"urlTemplate\":\"https:\/\/tierheim-moers.de\/Wordpress\/?s={search_term_string}\"},\"query-input\":{\"@type\":\"PropertyValueSpecification\",\"valueRequired\":true,\"valueName\":\"search_term_string\"}}],\"inLanguage\":\"de\"},{\"@type\":\"Organization\",\"@id\":\"https:\/\/tierheim-moers.de\/Wordpress\/#organization\",\"name\":\"Tierheim Moers\",\"url\":\"https:\/\/tierheim-moers.de\/Wordpress\/\",\"logo\":{\"@type\":\"ImageObject\",\"inLanguage\":\"de\",\"@id\":\"https:\/\/tierheim-moers.de\/Wordpress\/#\/schema\/logo\/image\/\",\"url\":\"https:\/\/tierheim-moers.de\/Wordpress\/wp-content\/uploads\/2014\/04\/Logo-TSV-Moers-V01-RGB-300.png\",\"contentUrl\":\"https:\/\/tierheim-moers.de\/Wordpress\/wp-content\/uploads\/2014\/04\/Logo-TSV-Moers-V01-RGB-300.png\",\"width\":1052,\"height\":1038,\"caption\":\"Tierheim Moers\"},\"image\":{\"@id\":\"https:\/\/tierheim-moers.de\/Wordpress\/#\/schema\/logo\/image\/\"},\"sameAs\":[\"https:\/\/de-de.facebook.com\/moers.tierheim\"]},{\"@type\":\"Person\",\"@id\":\"https:\/\/tierheim-moers.de\/Wordpress\/#\/schema\/person\/35ad410ed2d8620d4f57f813585b0d8e\",\"name\":\"Gisela Kuhnen\",\"image\":{\"@type\":\"ImageObject\",\"inLanguage\":\"de\",\"@id\":\"https:\/\/tierheim-moers.de\/Wordpress\/#\/schema\/person\/image\/\",\"url\":\"https:\/\/secure.gravatar.com\/avatar\/807ca84b4538291e2f5dc665ed240a0d4d7ab8f22360ec427a82fe926980b31a?s=96&d=mm&r=g\",\"contentUrl\":\"https:\/\/secure.gravatar.com\/avatar\/807ca84b4538291e2f5dc665ed240a0d4d7ab8f22360ec427a82fe926980b31a?s=96&d=mm&r=g\",\"caption\":\"Gisela Kuhnen\"},\"url\":\"https:\/\/tierheim-moers.de\/Wordpress\/author\/gisela-kuhnen\/\"}]}<\/script>\n<!-- \/ Yoast SEO plugin. -->","yoast_head_json":{"title":"Pippa und Katerchen haben das Kommando \u00fcbernommen | TIERHEIM MOERS","robots":{"index":"index","follow":"follow","max-snippet":"max-snippet:-1","max-image-preview":"max-image-preview:large","max-video-preview":"max-video-preview:-1"},"canonical":"https:\/\/tierheim-moers.de\/Wordpress\/pippa-und-katerchen-haben-das-kommando-uebernommen\/","og_locale":"de_DE","og_type":"article","og_title":"Pippa und Katerchen haben das Kommando \u00fcbernommen | TIERHEIM MOERS","og_description":"27.12.2022 Hallo liebe Tierheimfreunde, wir w\u00fcnschen Euch ein frohes besinnliches Weihnachtsfest und einen guten Rutsch ins neue Jahr. Uns geht es gut. &#8230;","og_url":"https:\/\/tierheim-moers.de\/Wordpress\/pippa-und-katerchen-haben-das-kommando-uebernommen\/","og_site_name":"TIERHEIM MOERS","article_publisher":"https:\/\/de-de.facebook.com\/moers.tierheim","article_published_time":"2023-01-09T20:00:20+00:00","article_modified_time":"2023-01-10T11:12:09+00:00","og_image":[{"width":2128,"height":1720,"url":"https:\/\/tierheim-moers.de\/Wordpress\/wp-content\/uploads\/2021\/06\/pippa-und-katerchen.jpg7-ausschnitt.jpg","type":"image\/jpeg"}],"author":"Gisela Kuhnen","twitter_card":"summary_large_image","twitter_misc":{"Verfasst von":"Gisela Kuhnen","Gesch\u00e4tzte Lesezeit":"5\u00a0Minuten"},"schema":{"@context":"https:\/\/schema.org","@graph":[{"@type":"Article","@id":"https:\/\/tierheim-moers.de\/Wordpress\/pippa-und-katerchen-haben-das-kommando-uebernommen\/#article","isPartOf":{"@id":"https:\/\/tierheim-moers.de\/Wordpress\/pippa-und-katerchen-haben-das-kommando-uebernommen\/"},"author":{"name":"Gisela Kuhnen","@id":"https:\/\/tierheim-moers.de\/Wordpress\/#\/schema\/person\/35ad410ed2d8620d4f57f813585b0d8e"},"headline":"Pippa und Katerchen haben das Kommando \u00fcbernommen","datePublished":"2023-01-09T20:00:20+00:00","dateModified":"2023-01-10T11:12:09+00:00","mainEntityOfPage":{"@id":"https:\/\/tierheim-moers.de\/Wordpress\/pippa-und-katerchen-haben-das-kommando-uebernommen\/"},"wordCount":421,"publisher":{"@id":"https:\/\/tierheim-moers.de\/Wordpress\/#organization"},"image":{"@id":"https:\/\/tierheim-moers.de\/Wordpress\/pippa-und-katerchen-haben-das-kommando-uebernommen\/#primaryimage"},"thumbnailUrl":"https:\/\/tierheim-moers.de\/Wordpress\/wp-content\/uploads\/2021\/06\/pippa-und-katerchen.jpg7-ausschnitt.jpg","articleSection":["Erfolgsgeschichten"],"inLanguage":"de"},{"@type":"WebPage","@id":"https:\/\/tierheim-moers.de\/Wordpress\/pippa-und-katerchen-haben-das-kommando-uebernommen\/","url":"https:\/\/tierheim-moers.de\/Wordpress\/pippa-und-katerchen-haben-das-kommando-uebernommen\/","name":"Pippa und Katerchen haben das Kommando \u00fcbernommen | TIERHEIM MOERS","isPartOf":{"@id":"https:\/\/tierheim-moers.de\/Wordpress\/#website"},"primaryImageOfPage":{"@id":"https:\/\/tierheim-moers.de\/Wordpress\/pippa-und-katerchen-haben-das-kommando-uebernommen\/#primaryimage"},"image":{"@id":"https:\/\/tierheim-moers.de\/Wordpress\/pippa-und-katerchen-haben-das-kommando-uebernommen\/#primaryimage"},"thumbnailUrl":"https:\/\/tierheim-moers.de\/Wordpress\/wp-content\/uploads\/2021\/06\/pippa-und-katerchen.jpg7-ausschnitt.jpg","datePublished":"2023-01-09T20:00:20+00:00","dateModified":"2023-01-10T11:12:09+00:00","breadcrumb":{"@id":"https:\/\/tierheim-moers.de\/Wordpress\/pippa-und-katerchen-haben-das-kommando-uebernommen\/#breadcrumb"},"inLanguage":"de","potentialAction":[{"@type":"ReadAction","target":["https:\/\/tierheim-moers.de\/Wordpress\/pippa-und-katerchen-haben-das-kommando-uebernommen\/"]}]},{"@type":"ImageObject","inLanguage":"de","@id":"https:\/\/tierheim-moers.de\/Wordpress\/pippa-und-katerchen-haben-das-kommando-uebernommen\/#primaryimage","url":"https:\/\/tierheim-moers.de\/Wordpress\/wp-content\/uploads\/2021\/06\/pippa-und-katerchen.jpg7-ausschnitt.jpg","contentUrl":"https:\/\/tierheim-moers.de\/Wordpress\/wp-content\/uploads\/2021\/06\/pippa-und-katerchen.jpg7-ausschnitt.jpg","width":2128,"height":1720},{"@type":"BreadcrumbList","@id":"https:\/\/tierheim-moers.de\/Wordpress\/pippa-und-katerchen-haben-das-kommando-uebernommen\/#breadcrumb","itemListElement":[{"@type":"ListItem","position":1,"name":"Startseite","item":"https:\/\/tierheim-moers.de\/Wordpress\/"},{"@type":"ListItem","position":2,"name":"Pippa und Katerchen haben das Kommando \u00fcbernommen"}]},{"@type":"WebSite","@id":"https:\/\/tierheim-moers.de\/Wordpress\/#website","url":"https:\/\/tierheim-moers.de\/Wordpress\/","name":"Tierheim Moers","description":"Tierheim | Hundepension | Tierschutz | Moers","publisher":{"@id":"https:\/\/tierheim-moers.de\/Wordpress\/#organization"},"potentialAction":[{"@type":"SearchAction","target":{"@type":"EntryPoint","urlTemplate":"https:\/\/tierheim-moers.de\/Wordpress\/?s={search_term_string}"},"query-input":{"@type":"PropertyValueSpecification","valueRequired":true,"valueName":"search_term_string"}}],"inLanguage":"de"},{"@type":"Organization","@id":"https:\/\/tierheim-moers.de\/Wordpress\/#organization","name":"Tierheim Moers","url":"https:\/\/tierheim-moers.de\/Wordpress\/","logo":{"@type":"ImageObject","inLanguage":"de","@id":"https:\/\/tierheim-moers.de\/Wordpress\/#\/schema\/logo\/image\/","url":"https:\/\/tierheim-moers.de\/Wordpress\/wp-content\/uploads\/2014\/04\/Logo-TSV-Moers-V01-RGB-300.png","contentUrl":"https:\/\/tierheim-moers.de\/Wordpress\/wp-content\/uploads\/2014\/04\/Logo-TSV-Moers-V01-RGB-300.png","width":1052,"height":1038,"caption":"Tierheim Moers"},"image":{"@id":"https:\/\/tierheim-moers.de\/Wordpress\/#\/schema\/logo\/image\/"},"sameAs":["https:\/\/de-de.facebook.com\/moers.tierheim"]},{"@type":"Person","@id":"https:\/\/tierheim-moers.de\/Wordpress\/#\/schema\/person\/35ad410ed2d8620d4f57f813585b0d8e","name":"Gisela Kuhnen","image":{"@type":"ImageObject","inLanguage":"de","@id":"https:\/\/tierheim-moers.de\/Wordpress\/#\/schema\/person\/image\/","url":"https:\/\/secure.gravatar.com\/avatar\/807ca84b4538291e2f5dc665ed240a0d4d7ab8f22360ec427a82fe926980b31a?s=96&d=mm&r=g","contentUrl":"https:\/\/secure.gravatar.com\/avatar\/807ca84b4538291e2f5dc665ed240a0d4d7ab8f22360ec427a82fe926980b31a?s=96&d=mm&r=g","caption":"Gisela Kuhnen"},"url":"https:\/\/tierheim-moers.de\/Wordpress\/author\/gisela-kuhnen\/"}]}},"_links":{"self":[{"href":"https:\/\/tierheim-moers.de\/Wordpress\/wp-json\/wp\/v2\/posts\/41147","targetHints":{"allow":["GET"]}}],"collection":[{"href":"https:\/\/tierheim-moers.de\/Wordpress\/wp-json\/wp\/v2\/posts"}],"about":[{"href":"https:\/\/tierheim-moers.de\/Wordpress\/wp-json\/wp\/v2\/types\/post"}],"author":[{"embeddable":true,"href":"https:\/\/tierheim-moers.de\/Wordpress\/wp-json\/wp\/v2\/users\/4"}],"replies":[{"embeddable":true,"href":"https:\/\/tierheim-moers.de\/Wordpress\/wp-json\/wp\/v2\/comments?post=41147"}],"version-history":[{"count":6,"href":"https:\/\/tierheim-moers.de\/Wordpress\/wp-json\/wp\/v2\/posts\/41147\/revisions"}],"predecessor-version":[{"id":51875,"href":"https:\/\/tierheim-moers.de\/Wordpress\/wp-json\/wp\/v2\/posts\/41147\/revisions\/51875"}],"wp:featuredmedia":[{"embeddable":true,"href":"https:\/\/tierheim-moers.de\/Wordpress\/wp-json\/wp\/v2\/media\/45188"}],"wp:attachment":[{"href":"https:\/\/tierheim-moers.de\/Wordpress\/wp-json\/wp\/v2\/media?parent=41147"}],"wp:term":[{"taxonomy":"category","embeddable":true,"href":"https:\/\/tierheim-moers.de\/Wordpress\/wp-json\/wp\/v2\/categories?post=41147"},{"taxonomy":"post_tag","embeddable":true,"href":"https:\/\/tierheim-moers.de\/Wordpress\/wp-json\/wp\/v2\/tags?post=41147"}],"curies":[{"name":"wp","href":"https:\/\/api.w.org\/{rel}","templated":true}]}}