{"id":41707,"date":"2022-07-20T10:23:04","date_gmt":"2022-07-20T08:23:04","guid":{"rendered":"https:\/\/tierheim-moers.de\/Wordpress\/?p=41707"},"modified":"2022-08-17T14:18:21","modified_gmt":"2022-08-17T12:18:21","slug":"findus-jetzt-sammy-ist-draussen-noch-etwas-schreckhaft","status":"publish","type":"post","link":"https:\/\/tierheim-moers.de\/Wordpress\/findus-jetzt-sammy-ist-draussen-noch-etwas-schreckhaft\/","title":{"rendered":"Schmusemonster Sammy (bei uns Findus)  genie\u00dft das Zuhause mit zwei Katzenfreunden"},"content":{"rendered":"<div class=\"moz-text-plain\" lang=\"x-unicode\">\n<p>20.07.2022<\/p>\n<p class=\"moz-quote-pre\">Hallo liebes Tierheim Team, <a href=\"https:\/\/tierheim-moers.de\/Wordpress\/wp-content\/uploads\/2022\/07\/findus18.jpeg\"><img fetchpriority=\"high\" decoding=\"async\" class=\"size-medium wp-image-49462 alignleft\" src=\"https:\/\/tierheim-moers.de\/Wordpress\/wp-content\/uploads\/2022\/07\/findus18-300x225.jpeg\" alt=\"\" width=\"300\" height=\"225\" srcset=\"https:\/\/tierheim-moers.de\/Wordpress\/wp-content\/uploads\/2022\/07\/findus18-300x225.jpeg 300w, https:\/\/tierheim-moers.de\/Wordpress\/wp-content\/uploads\/2022\/07\/findus18-600x450.jpeg 600w, https:\/\/tierheim-moers.de\/Wordpress\/wp-content\/uploads\/2022\/07\/findus18.jpeg 640w\" sizes=\"(max-width: 300px) 100vw, 300px\" \/><\/a><\/p>\n<p class=\"moz-quote-pre\">heute hatte Sammy seinen Termin zum Herzultraschall. Ich habe jetzt einen Herzpatienten bei mir zuhause. Die Herzklappe ist nicht dicht und Blut, welches eigentlich in die Aorta &#x1fac0; Flie\u00dfen soll, str\u00f6mt in den Vorhof zur\u00fcck. Auf Dauer f\u00fchrt das zu einer Vergr\u00f6\u00dferung des Vorhofs. Sammy muss jetzt erstmal jedes Jahr zur Kontrolle.<\/p>\n<p class=\"moz-quote-pre\">Noch besteht laut TA kein Handlungsbedarf. Wie gesagt Sammy ist gut bei mir aufgehoben und ich werde alles tun, damit er trotzdem gesund bleibt und sein Leben genie\u00dfen kann &#x1f60a;.<\/p>\n<p class=\"moz-quote-pre\">Liebe Gr\u00fc\u00dfe von Tanja &amp; Sammy<\/p>\n<p>10.07.2022<a href=\"https:\/\/tierheim-moers.de\/Wordpress\/wp-content\/uploads\/2021\/07\/findus16-rotated.jpeg\"><img decoding=\"async\" class=\"size-medium wp-image-48733 alignleft\" src=\"https:\/\/tierheim-moers.de\/Wordpress\/wp-content\/uploads\/2021\/07\/findus16-225x300.jpeg\" alt=\"\" width=\"225\" height=\"300\" srcset=\"https:\/\/tierheim-moers.de\/Wordpress\/wp-content\/uploads\/2021\/07\/findus16-225x300.jpeg 225w, https:\/\/tierheim-moers.de\/Wordpress\/wp-content\/uploads\/2021\/07\/findus16-rotated.jpeg 480w\" sizes=\"(max-width: 225px) 100vw, 225px\" \/><\/a><\/p>\n<p class=\"moz-quote-pre\">Hallo liebes Team,<\/p>\n<p class=\"moz-quote-pre\">heute war eine Eurer ehrenamtlichen Mitarbeiterinnen zur Nachkontrolle bei mir Zuhause. Selbstverst\u00e4ndlich war alles ohne Beanstandung. Die hat mich dazu bewogen Euch mal ein Update zu Sammy zu geben.<\/p>\n<p class=\"moz-quote-pre\">Sammy f\u00fchlt sich sehr wohl bei mir und mit meinen beiden vorhandenen Katzen. Eigentlich h\u00e4tte ich ja zusammen mit Sammy 4 Katzen. Allerdings ist Carlos mit dem Einzug von Sammy am 10. Juli letzten Jahres, zur Vordert\u00fcr wie \u00fcblich rausgegangen und seither habe ich ihn nicht mehr gesehen. <a href=\"https:\/\/tierheim-moers.de\/Wordpress\/wp-content\/uploads\/2021\/07\/findus17.jpeg\"><img decoding=\"async\" class=\"size-medium wp-image-48734 alignright\" src=\"https:\/\/tierheim-moers.de\/Wordpress\/wp-content\/uploads\/2021\/07\/findus17-300x225.jpeg\" alt=\"\" width=\"300\" height=\"225\" srcset=\"https:\/\/tierheim-moers.de\/Wordpress\/wp-content\/uploads\/2021\/07\/findus17-300x225.jpeg 300w, https:\/\/tierheim-moers.de\/Wordpress\/wp-content\/uploads\/2021\/07\/findus17-600x450.jpeg 600w, https:\/\/tierheim-moers.de\/Wordpress\/wp-content\/uploads\/2021\/07\/findus17.jpeg 640w\" sizes=\"(max-width: 300px) 100vw, 300px\" \/><\/a><\/p>\n<p class=\"moz-quote-pre\">Sammy spielt viel und gerne und ist ein wahres Schmusemonster. Die gegenseitige Liebe ist noch wie am ersten Tag vorhanden. Er genie\u00dft es in der Umgebung herumzustromern, kommt aber immer zuverl\u00e4ssig durch die Katzenklappe wieder heim. Ich h\u00e4tte mir keinen besseren Gef\u00e4hrten vorstellen k\u00f6nnen.<\/p>\n<p class=\"moz-quote-pre\">Gestern war ich mit Sammy bei der j\u00e4hrlichen Impfung und habe mal sein Herz abh\u00f6ren lassen, da mir seine schwere Atmung schon l\u00e4nger aufgefallen ist. Am 20.7. haben wir einen Termin zum Ultraschall des Herzens. Na mal sehen, was dabei rauskommt. Es scheint aber nichts lebensbedrohliches zu sein.<a href=\"https:\/\/tierheim-moers.de\/Wordpress\/wp-content\/uploads\/2021\/07\/findus15-rotated.jpeg\"><img loading=\"lazy\" decoding=\"async\" class=\"size-medium wp-image-48732 alignleft\" src=\"https:\/\/tierheim-moers.de\/Wordpress\/wp-content\/uploads\/2021\/07\/findus15-225x300.jpeg\" alt=\"\" width=\"225\" height=\"300\" srcset=\"https:\/\/tierheim-moers.de\/Wordpress\/wp-content\/uploads\/2021\/07\/findus15-225x300.jpeg 225w, https:\/\/tierheim-moers.de\/Wordpress\/wp-content\/uploads\/2021\/07\/findus15-rotated.jpeg 480w\" sizes=\"(max-width: 225px) 100vw, 225px\" \/><\/a><\/p>\n<p class=\"moz-quote-pre\">Wer wei\u00df, vielleicht ist das der Grund, weshalb Sammy damals in Krefeld aufgegriffen wurde und nicht mehr von seinen vorherigen Besitzern gewollt war. Bei mir ist er jedenfalls gut aufgehoben und wird mit allem versorgt, was er braucht. Ich halte Euch gerne auf dem laufenden.<\/p>\n<p class=\"moz-quote-pre\">Viele liebe Gr\u00fc\u00dfe von Sammy und Tanja B.<\/p>\n<\/div>\n<p>&nbsp;<\/p>\n<p>&nbsp;<\/p>\n<p>22.07.2021<\/p>\n<div class=\"moz-text-plain\" lang=\"x-unicode\">\n<p><a href=\"https:\/\/tierheim-moers.de\/Wordpress\/wp-content\/uploads\/2021\/07\/findus14.jpeg\"><img loading=\"lazy\" decoding=\"async\" class=\"size-medium wp-image-41708 alignleft\" src=\"https:\/\/tierheim-moers.de\/Wordpress\/wp-content\/uploads\/2021\/07\/findus14-300x225.jpeg\" alt=\"\" width=\"300\" height=\"225\" srcset=\"https:\/\/tierheim-moers.de\/Wordpress\/wp-content\/uploads\/2021\/07\/findus14-300x225.jpeg 300w, https:\/\/tierheim-moers.de\/Wordpress\/wp-content\/uploads\/2021\/07\/findus14-600x450.jpeg 600w, https:\/\/tierheim-moers.de\/Wordpress\/wp-content\/uploads\/2021\/07\/findus14.jpeg 640w\" sizes=\"(max-width: 300px) 100vw, 300px\" \/><\/a><\/p>\n<p class=\"moz-quote-pre\">Hallo zusammen,<\/p>\n<p class=\"moz-quote-pre\">ich war gestern zum ersten Mal im Garten und habe mich vor jedem Ger\u00e4usch oder jeder Bewegung erschreckt. Das ist mir echt nicht geheuer\u2026zum Gl\u00fcck \u00fcberl\u00e4sst mein Dosi mir die Entscheidung, ob und wann ich raus m\u00f6chte.<\/p>\n<p class=\"moz-quote-pre\">Solange d\u00f6se ich oder spiele ausgelassen mit meinem Dosi. Wenn ich schmusen will, krabbel ich einfach auf ihren Scho\u00df und dann geht es auch schon los.<\/p>\n<p class=\"moz-quote-pre\">Ich f\u00fchle mich hier sehr wohl und genie\u00dfe mein neues Zuhause.<\/p>\n<p class=\"moz-quote-pre\">Bis bald\u2026Sammy<\/p>\n<\/div>\n<div class=\"shariff shariff-align-flex-start shariff-widget-align-center\" data-url=\"https%3A%2F%2Ftierheim-moers.de%2FWordpress%2Ffindus-jetzt-sammy-ist-draussen-noch-etwas-schreckhaft%2F\" data-timestamp=\"1660745901\" data-hidezero=\"1\" data-backendurl=\"https:\/\/tierheim-moers.de\/Wordpress\/wp-json\/shariff\/v1\/share_counts?\"><ul class=\"shariff-buttons theme-round orientation-horizontal buttonsize-small\"><li class=\"shariff-button facebook shariff-nocustomcolor\" style=\"background-color:#4273c8\"><a href=\"https:\/\/www.facebook.com\/sharer\/sharer.php?u=https%3A%2F%2Ftierheim-moers.de%2FWordpress%2Ffindus-jetzt-sammy-ist-draussen-noch-etwas-schreckhaft%2F\" title=\"Bei Facebook teilen\" aria-label=\"Bei Facebook teilen\" role=\"button\" rel=\"nofollow\" class=\"shariff-link\" style=\"; background-color:#3b5998; color:#fff\" target=\"_blank\"><span class=\"shariff-icon\" style=\"\"><svg width=\"32px\" height=\"20px\" xmlns=\"http:\/\/www.w3.org\/2000\/svg\" viewBox=\"0 0 18 32\"><path fill=\"#3b5998\" d=\"M17.1 0.2v4.7h-2.8q-1.5 0-2.1 0.6t-0.5 1.9v3.4h5.2l-0.7 5.3h-4.5v13.6h-5.5v-13.6h-4.5v-5.3h4.5v-3.9q0-3.3 1.9-5.2t5-1.8q2.6 0 4.1 0.2z\"\/><\/svg><\/span><\/a><\/li><li class=\"shariff-button twitter shariff-nocustomcolor\" style=\"background-color:#595959\"><a href=\"https:\/\/twitter.com\/share?url=https%3A%2F%2Ftierheim-moers.de%2FWordpress%2Ffindus-jetzt-sammy-ist-draussen-noch-etwas-schreckhaft%2F&text=Schmusemonster%20Sammy%20%28bei%20uns%20Findus%29%20%20genie%C3%9Ft%20das%20Zuhause%20mit%20zwei%20Katzenfreunden\" title=\"Bei X teilen\" aria-label=\"Bei X teilen\" role=\"button\" rel=\"noopener nofollow\" class=\"shariff-link\" style=\"; background-color:#000; color:#fff\" target=\"_blank\"><span class=\"shariff-icon\" style=\"\"><svg width=\"32px\" height=\"20px\" xmlns=\"http:\/\/www.w3.org\/2000\/svg\" viewBox=\"0 0 24 24\"><path fill=\"#000\" d=\"M14.258 10.152L23.176 0h-2.113l-7.747 8.813L7.133 0H0l9.352 13.328L0 23.973h2.113l8.176-9.309 6.531 9.309h7.133zm-2.895 3.293l-.949-1.328L2.875 1.56h3.246l6.086 8.523.945 1.328 7.91 11.078h-3.246zm0 0\"\/><\/svg><\/span><\/a><\/li><li class=\"shariff-button whatsapp shariff-nocustomcolor\" style=\"background-color:#5cbe4a\"><a href=\"https:\/\/api.whatsapp.com\/send?text=https%3A%2F%2Ftierheim-moers.de%2FWordpress%2Ffindus-jetzt-sammy-ist-draussen-noch-etwas-schreckhaft%2F%20Schmusemonster%20Sammy%20%28bei%20uns%20Findus%29%20%20genie%C3%9Ft%20das%20Zuhause%20mit%20zwei%20Katzenfreunden\" title=\"Bei Whatsapp teilen\" aria-label=\"Bei Whatsapp teilen\" role=\"button\" rel=\"noopener nofollow\" class=\"shariff-link\" style=\"; background-color:#34af23; color:#fff\" target=\"_blank\"><span class=\"shariff-icon\" style=\"\"><svg width=\"32px\" height=\"20px\" xmlns=\"http:\/\/www.w3.org\/2000\/svg\" viewBox=\"0 0 32 32\"><path fill=\"#34af23\" d=\"M17.6 17.4q0.2 0 1.7 0.8t1.6 0.9q0 0.1 0 0.3 0 0.6-0.3 1.4-0.3 0.7-1.3 1.2t-1.8 0.5q-1 0-3.4-1.1-1.7-0.8-3-2.1t-2.6-3.3q-1.3-1.9-1.3-3.5v-0.1q0.1-1.6 1.3-2.8 0.4-0.4 0.9-0.4 0.1 0 0.3 0t0.3 0q0.3 0 0.5 0.1t0.3 0.5q0.1 0.4 0.6 1.6t0.4 1.3q0 0.4-0.6 1t-0.6 0.8q0 0.1 0.1 0.3 0.6 1.3 1.8 2.4 1 0.9 2.7 1.8 0.2 0.1 0.4 0.1 0.3 0 1-0.9t0.9-0.9zM14 26.9q2.3 0 4.3-0.9t3.6-2.4 2.4-3.6 0.9-4.3-0.9-4.3-2.4-3.6-3.6-2.4-4.3-0.9-4.3 0.9-3.6 2.4-2.4 3.6-0.9 4.3q0 3.6 2.1 6.6l-1.4 4.2 4.3-1.4q2.8 1.9 6.2 1.9zM14 2.2q2.7 0 5.2 1.1t4.3 2.9 2.9 4.3 1.1 5.2-1.1 5.2-2.9 4.3-4.3 2.9-5.2 1.1q-3.5 0-6.5-1.7l-7.4 2.4 2.4-7.2q-1.9-3.2-1.9-6.9 0-2.7 1.1-5.2t2.9-4.3 4.3-2.9 5.2-1.1z\"\/><\/svg><\/span><\/a><\/li><li class=\"shariff-button sms shariff-nocustomcolor shariff-mobile\" style=\"background-color:#d7d9d8\"><a href=\"sms:?&body=https%3A%2F%2Ftierheim-moers.de%2FWordpress%2Ffindus-jetzt-sammy-ist-draussen-noch-etwas-schreckhaft%2F\" title=\"Per SMS teilen\" aria-label=\"Per SMS teilen\" role=\"button\" rel=\"noopener nofollow\" class=\"shariff-link\" style=\"; background-color:#a1e877; color:#fff\" target=\"_blank\"><span class=\"shariff-icon\" style=\"\"><svg xmlns=\"http:\/\/www.w3.org\/2000\/svg\" width=\"510\" height=\"510\" viewBox=\"0 0 510 510\"><path fill=\"#a1e877\" d=\"M459 0H51C23 0 0 23 0 51v459l102-102h357c28.1 0 51-22.9 51-51V51C510 23 487.1 0 459 0zM178.5 229.5h-51v-51h51V229.5zM280.5 229.5h-51v-51h51V229.5zM382.5 229.5h-51v-51h51V229.5z\"\/><\/svg><\/span><\/a><\/li><\/ul><\/div>","protected":false},"excerpt":{"rendered":"<p>20.07.2022 Hallo liebes Tierheim Team, heute hatte Sammy seinen Termin zum Herzultraschall. Ich habe jetzt einen Herzpatienten bei mir zuhause. Die Herzklappe ist nicht dicht und Blut, welches eigentlich in die Aorta &#x1fac0; Flie\u00dfen soll, str\u00f6mt in den Vorhof zur\u00fcck. Auf Dauer f\u00fchrt das zu einer Vergr\u00f6\u00dferung des Vorhofs. Sammy &#8230;<\/p>\n","protected":false},"author":4,"featured_media":48732,"comment_status":"closed","ping_status":"open","sticky":false,"template":"","format":"standard","meta":{"ngg_post_thumbnail":0,"footnotes":""},"categories":[32],"tags":[],"class_list":["post-41707","post","type-post","status-publish","format-standard","has-post-thumbnail","hentry","category-erfolgsgeschichten","column","threecol","has-thumbnail"],"yoast_head":"<!-- This site is optimized with the Yoast SEO plugin v24.6 - https:\/\/yoast.com\/wordpress\/plugins\/seo\/ -->\n<title>Schmusemonster Sammy (bei uns Findus) genie\u00dft das Zuhause mit zwei Katzenfreunden | TIERHEIM MOERS<\/title>\n<meta name=\"robots\" content=\"index, follow, max-snippet:-1, max-image-preview:large, max-video-preview:-1\" \/>\n<link rel=\"canonical\" href=\"https:\/\/tierheim-moers.de\/Wordpress\/findus-jetzt-sammy-ist-draussen-noch-etwas-schreckhaft\/\" \/>\n<meta property=\"og:locale\" content=\"de_DE\" \/>\n<meta property=\"og:type\" content=\"article\" \/>\n<meta property=\"og:title\" content=\"Schmusemonster Sammy (bei uns Findus) genie\u00dft das Zuhause mit zwei Katzenfreunden | TIERHEIM MOERS\" \/>\n<meta property=\"og:description\" content=\"20.07.2022 Hallo liebes Tierheim Team, heute hatte Sammy seinen Termin zum Herzultraschall. Ich habe jetzt einen Herzpatienten bei mir zuhause. Die Herzklappe &#8230;\" \/>\n<meta property=\"og:url\" content=\"https:\/\/tierheim-moers.de\/Wordpress\/findus-jetzt-sammy-ist-draussen-noch-etwas-schreckhaft\/\" \/>\n<meta property=\"og:site_name\" content=\"TIERHEIM MOERS\" \/>\n<meta property=\"article:publisher\" content=\"https:\/\/de-de.facebook.com\/moers.tierheim\" \/>\n<meta property=\"article:published_time\" content=\"2022-07-20T08:23:04+00:00\" \/>\n<meta property=\"article:modified_time\" content=\"2022-08-17T12:18:21+00:00\" \/>\n<meta property=\"og:image\" content=\"https:\/\/tierheim-moers.de\/Wordpress\/wp-content\/uploads\/2021\/07\/findus15-rotated.jpeg\" \/>\n\t<meta property=\"og:image:width\" content=\"480\" \/>\n\t<meta property=\"og:image:height\" content=\"640\" \/>\n\t<meta property=\"og:image:type\" content=\"image\/jpeg\" \/>\n<meta name=\"author\" content=\"Gisela Kuhnen\" \/>\n<meta name=\"twitter:card\" content=\"summary_large_image\" \/>\n<meta name=\"twitter:label1\" content=\"Verfasst von\" \/>\n\t<meta name=\"twitter:data1\" content=\"Gisela Kuhnen\" \/>\n\t<meta name=\"twitter:label2\" content=\"Gesch\u00e4tzte Lesezeit\" \/>\n\t<meta name=\"twitter:data2\" content=\"1\u00a0Minute\" \/>\n<script type=\"application\/ld+json\" class=\"yoast-schema-graph\">{\"@context\":\"https:\/\/schema.org\",\"@graph\":[{\"@type\":\"Article\",\"@id\":\"https:\/\/tierheim-moers.de\/Wordpress\/findus-jetzt-sammy-ist-draussen-noch-etwas-schreckhaft\/#article\",\"isPartOf\":{\"@id\":\"https:\/\/tierheim-moers.de\/Wordpress\/findus-jetzt-sammy-ist-draussen-noch-etwas-schreckhaft\/\"},\"author\":{\"name\":\"Gisela Kuhnen\",\"@id\":\"https:\/\/tierheim-moers.de\/Wordpress\/#\/schema\/person\/35ad410ed2d8620d4f57f813585b0d8e\"},\"headline\":\"Schmusemonster Sammy (bei uns Findus) genie\u00dft das Zuhause mit zwei Katzenfreunden\",\"datePublished\":\"2022-07-20T08:23:04+00:00\",\"dateModified\":\"2022-08-17T12:18:21+00:00\",\"mainEntityOfPage\":{\"@id\":\"https:\/\/tierheim-moers.de\/Wordpress\/findus-jetzt-sammy-ist-draussen-noch-etwas-schreckhaft\/\"},\"wordCount\":438,\"publisher\":{\"@id\":\"https:\/\/tierheim-moers.de\/Wordpress\/#organization\"},\"image\":{\"@id\":\"https:\/\/tierheim-moers.de\/Wordpress\/findus-jetzt-sammy-ist-draussen-noch-etwas-schreckhaft\/#primaryimage\"},\"thumbnailUrl\":\"https:\/\/tierheim-moers.de\/Wordpress\/wp-content\/uploads\/2021\/07\/findus15-rotated.jpeg\",\"articleSection\":[\"Erfolgsgeschichten\"],\"inLanguage\":\"de\"},{\"@type\":\"WebPage\",\"@id\":\"https:\/\/tierheim-moers.de\/Wordpress\/findus-jetzt-sammy-ist-draussen-noch-etwas-schreckhaft\/\",\"url\":\"https:\/\/tierheim-moers.de\/Wordpress\/findus-jetzt-sammy-ist-draussen-noch-etwas-schreckhaft\/\",\"name\":\"Schmusemonster Sammy (bei uns Findus) genie\u00dft das Zuhause mit zwei Katzenfreunden | TIERHEIM MOERS\",\"isPartOf\":{\"@id\":\"https:\/\/tierheim-moers.de\/Wordpress\/#website\"},\"primaryImageOfPage\":{\"@id\":\"https:\/\/tierheim-moers.de\/Wordpress\/findus-jetzt-sammy-ist-draussen-noch-etwas-schreckhaft\/#primaryimage\"},\"image\":{\"@id\":\"https:\/\/tierheim-moers.de\/Wordpress\/findus-jetzt-sammy-ist-draussen-noch-etwas-schreckhaft\/#primaryimage\"},\"thumbnailUrl\":\"https:\/\/tierheim-moers.de\/Wordpress\/wp-content\/uploads\/2021\/07\/findus15-rotated.jpeg\",\"datePublished\":\"2022-07-20T08:23:04+00:00\",\"dateModified\":\"2022-08-17T12:18:21+00:00\",\"breadcrumb\":{\"@id\":\"https:\/\/tierheim-moers.de\/Wordpress\/findus-jetzt-sammy-ist-draussen-noch-etwas-schreckhaft\/#breadcrumb\"},\"inLanguage\":\"de\",\"potentialAction\":[{\"@type\":\"ReadAction\",\"target\":[\"https:\/\/tierheim-moers.de\/Wordpress\/findus-jetzt-sammy-ist-draussen-noch-etwas-schreckhaft\/\"]}]},{\"@type\":\"ImageObject\",\"inLanguage\":\"de\",\"@id\":\"https:\/\/tierheim-moers.de\/Wordpress\/findus-jetzt-sammy-ist-draussen-noch-etwas-schreckhaft\/#primaryimage\",\"url\":\"https:\/\/tierheim-moers.de\/Wordpress\/wp-content\/uploads\/2021\/07\/findus15-rotated.jpeg\",\"contentUrl\":\"https:\/\/tierheim-moers.de\/Wordpress\/wp-content\/uploads\/2021\/07\/findus15-rotated.jpeg\",\"width\":480,\"height\":640},{\"@type\":\"BreadcrumbList\",\"@id\":\"https:\/\/tierheim-moers.de\/Wordpress\/findus-jetzt-sammy-ist-draussen-noch-etwas-schreckhaft\/#breadcrumb\",\"itemListElement\":[{\"@type\":\"ListItem\",\"position\":1,\"name\":\"Startseite\",\"item\":\"https:\/\/tierheim-moers.de\/Wordpress\/\"},{\"@type\":\"ListItem\",\"position\":2,\"name\":\"Schmusemonster Sammy (bei uns Findus) genie\u00dft das Zuhause mit zwei Katzenfreunden\"}]},{\"@type\":\"WebSite\",\"@id\":\"https:\/\/tierheim-moers.de\/Wordpress\/#website\",\"url\":\"https:\/\/tierheim-moers.de\/Wordpress\/\",\"name\":\"Tierheim Moers\",\"description\":\"Tierheim | Hundepension | Tierschutz | Moers\",\"publisher\":{\"@id\":\"https:\/\/tierheim-moers.de\/Wordpress\/#organization\"},\"potentialAction\":[{\"@type\":\"SearchAction\",\"target\":{\"@type\":\"EntryPoint\",\"urlTemplate\":\"https:\/\/tierheim-moers.de\/Wordpress\/?s={search_term_string}\"},\"query-input\":{\"@type\":\"PropertyValueSpecification\",\"valueRequired\":true,\"valueName\":\"search_term_string\"}}],\"inLanguage\":\"de\"},{\"@type\":\"Organization\",\"@id\":\"https:\/\/tierheim-moers.de\/Wordpress\/#organization\",\"name\":\"Tierheim Moers\",\"url\":\"https:\/\/tierheim-moers.de\/Wordpress\/\",\"logo\":{\"@type\":\"ImageObject\",\"inLanguage\":\"de\",\"@id\":\"https:\/\/tierheim-moers.de\/Wordpress\/#\/schema\/logo\/image\/\",\"url\":\"https:\/\/tierheim-moers.de\/Wordpress\/wp-content\/uploads\/2014\/04\/Logo-TSV-Moers-V01-RGB-300.png\",\"contentUrl\":\"https:\/\/tierheim-moers.de\/Wordpress\/wp-content\/uploads\/2014\/04\/Logo-TSV-Moers-V01-RGB-300.png\",\"width\":1052,\"height\":1038,\"caption\":\"Tierheim Moers\"},\"image\":{\"@id\":\"https:\/\/tierheim-moers.de\/Wordpress\/#\/schema\/logo\/image\/\"},\"sameAs\":[\"https:\/\/de-de.facebook.com\/moers.tierheim\"]},{\"@type\":\"Person\",\"@id\":\"https:\/\/tierheim-moers.de\/Wordpress\/#\/schema\/person\/35ad410ed2d8620d4f57f813585b0d8e\",\"name\":\"Gisela Kuhnen\",\"image\":{\"@type\":\"ImageObject\",\"inLanguage\":\"de\",\"@id\":\"https:\/\/tierheim-moers.de\/Wordpress\/#\/schema\/person\/image\/\",\"url\":\"https:\/\/secure.gravatar.com\/avatar\/807ca84b4538291e2f5dc665ed240a0d4d7ab8f22360ec427a82fe926980b31a?s=96&d=mm&r=g\",\"contentUrl\":\"https:\/\/secure.gravatar.com\/avatar\/807ca84b4538291e2f5dc665ed240a0d4d7ab8f22360ec427a82fe926980b31a?s=96&d=mm&r=g\",\"caption\":\"Gisela Kuhnen\"},\"url\":\"https:\/\/tierheim-moers.de\/Wordpress\/author\/gisela-kuhnen\/\"}]}<\/script>\n<!-- \/ Yoast SEO plugin. -->","yoast_head_json":{"title":"Schmusemonster Sammy (bei uns Findus) genie\u00dft das Zuhause mit zwei Katzenfreunden | TIERHEIM MOERS","robots":{"index":"index","follow":"follow","max-snippet":"max-snippet:-1","max-image-preview":"max-image-preview:large","max-video-preview":"max-video-preview:-1"},"canonical":"https:\/\/tierheim-moers.de\/Wordpress\/findus-jetzt-sammy-ist-draussen-noch-etwas-schreckhaft\/","og_locale":"de_DE","og_type":"article","og_title":"Schmusemonster Sammy (bei uns Findus) genie\u00dft das Zuhause mit zwei Katzenfreunden | TIERHEIM MOERS","og_description":"20.07.2022 Hallo liebes Tierheim Team, heute hatte Sammy seinen Termin zum Herzultraschall. Ich habe jetzt einen Herzpatienten bei mir zuhause. Die Herzklappe &#8230;","og_url":"https:\/\/tierheim-moers.de\/Wordpress\/findus-jetzt-sammy-ist-draussen-noch-etwas-schreckhaft\/","og_site_name":"TIERHEIM MOERS","article_publisher":"https:\/\/de-de.facebook.com\/moers.tierheim","article_published_time":"2022-07-20T08:23:04+00:00","article_modified_time":"2022-08-17T12:18:21+00:00","og_image":[{"width":480,"height":640,"url":"https:\/\/tierheim-moers.de\/Wordpress\/wp-content\/uploads\/2021\/07\/findus15-rotated.jpeg","type":"image\/jpeg"}],"author":"Gisela Kuhnen","twitter_card":"summary_large_image","twitter_misc":{"Verfasst von":"Gisela Kuhnen","Gesch\u00e4tzte Lesezeit":"1\u00a0Minute"},"schema":{"@context":"https:\/\/schema.org","@graph":[{"@type":"Article","@id":"https:\/\/tierheim-moers.de\/Wordpress\/findus-jetzt-sammy-ist-draussen-noch-etwas-schreckhaft\/#article","isPartOf":{"@id":"https:\/\/tierheim-moers.de\/Wordpress\/findus-jetzt-sammy-ist-draussen-noch-etwas-schreckhaft\/"},"author":{"name":"Gisela Kuhnen","@id":"https:\/\/tierheim-moers.de\/Wordpress\/#\/schema\/person\/35ad410ed2d8620d4f57f813585b0d8e"},"headline":"Schmusemonster Sammy (bei uns Findus) genie\u00dft das Zuhause mit zwei Katzenfreunden","datePublished":"2022-07-20T08:23:04+00:00","dateModified":"2022-08-17T12:18:21+00:00","mainEntityOfPage":{"@id":"https:\/\/tierheim-moers.de\/Wordpress\/findus-jetzt-sammy-ist-draussen-noch-etwas-schreckhaft\/"},"wordCount":438,"publisher":{"@id":"https:\/\/tierheim-moers.de\/Wordpress\/#organization"},"image":{"@id":"https:\/\/tierheim-moers.de\/Wordpress\/findus-jetzt-sammy-ist-draussen-noch-etwas-schreckhaft\/#primaryimage"},"thumbnailUrl":"https:\/\/tierheim-moers.de\/Wordpress\/wp-content\/uploads\/2021\/07\/findus15-rotated.jpeg","articleSection":["Erfolgsgeschichten"],"inLanguage":"de"},{"@type":"WebPage","@id":"https:\/\/tierheim-moers.de\/Wordpress\/findus-jetzt-sammy-ist-draussen-noch-etwas-schreckhaft\/","url":"https:\/\/tierheim-moers.de\/Wordpress\/findus-jetzt-sammy-ist-draussen-noch-etwas-schreckhaft\/","name":"Schmusemonster Sammy (bei uns Findus) genie\u00dft das Zuhause mit zwei Katzenfreunden | TIERHEIM MOERS","isPartOf":{"@id":"https:\/\/tierheim-moers.de\/Wordpress\/#website"},"primaryImageOfPage":{"@id":"https:\/\/tierheim-moers.de\/Wordpress\/findus-jetzt-sammy-ist-draussen-noch-etwas-schreckhaft\/#primaryimage"},"image":{"@id":"https:\/\/tierheim-moers.de\/Wordpress\/findus-jetzt-sammy-ist-draussen-noch-etwas-schreckhaft\/#primaryimage"},"thumbnailUrl":"https:\/\/tierheim-moers.de\/Wordpress\/wp-content\/uploads\/2021\/07\/findus15-rotated.jpeg","datePublished":"2022-07-20T08:23:04+00:00","dateModified":"2022-08-17T12:18:21+00:00","breadcrumb":{"@id":"https:\/\/tierheim-moers.de\/Wordpress\/findus-jetzt-sammy-ist-draussen-noch-etwas-schreckhaft\/#breadcrumb"},"inLanguage":"de","potentialAction":[{"@type":"ReadAction","target":["https:\/\/tierheim-moers.de\/Wordpress\/findus-jetzt-sammy-ist-draussen-noch-etwas-schreckhaft\/"]}]},{"@type":"ImageObject","inLanguage":"de","@id":"https:\/\/tierheim-moers.de\/Wordpress\/findus-jetzt-sammy-ist-draussen-noch-etwas-schreckhaft\/#primaryimage","url":"https:\/\/tierheim-moers.de\/Wordpress\/wp-content\/uploads\/2021\/07\/findus15-rotated.jpeg","contentUrl":"https:\/\/tierheim-moers.de\/Wordpress\/wp-content\/uploads\/2021\/07\/findus15-rotated.jpeg","width":480,"height":640},{"@type":"BreadcrumbList","@id":"https:\/\/tierheim-moers.de\/Wordpress\/findus-jetzt-sammy-ist-draussen-noch-etwas-schreckhaft\/#breadcrumb","itemListElement":[{"@type":"ListItem","position":1,"name":"Startseite","item":"https:\/\/tierheim-moers.de\/Wordpress\/"},{"@type":"ListItem","position":2,"name":"Schmusemonster Sammy (bei uns Findus) genie\u00dft das Zuhause mit zwei Katzenfreunden"}]},{"@type":"WebSite","@id":"https:\/\/tierheim-moers.de\/Wordpress\/#website","url":"https:\/\/tierheim-moers.de\/Wordpress\/","name":"Tierheim Moers","description":"Tierheim | Hundepension | Tierschutz | Moers","publisher":{"@id":"https:\/\/tierheim-moers.de\/Wordpress\/#organization"},"potentialAction":[{"@type":"SearchAction","target":{"@type":"EntryPoint","urlTemplate":"https:\/\/tierheim-moers.de\/Wordpress\/?s={search_term_string}"},"query-input":{"@type":"PropertyValueSpecification","valueRequired":true,"valueName":"search_term_string"}}],"inLanguage":"de"},{"@type":"Organization","@id":"https:\/\/tierheim-moers.de\/Wordpress\/#organization","name":"Tierheim Moers","url":"https:\/\/tierheim-moers.de\/Wordpress\/","logo":{"@type":"ImageObject","inLanguage":"de","@id":"https:\/\/tierheim-moers.de\/Wordpress\/#\/schema\/logo\/image\/","url":"https:\/\/tierheim-moers.de\/Wordpress\/wp-content\/uploads\/2014\/04\/Logo-TSV-Moers-V01-RGB-300.png","contentUrl":"https:\/\/tierheim-moers.de\/Wordpress\/wp-content\/uploads\/2014\/04\/Logo-TSV-Moers-V01-RGB-300.png","width":1052,"height":1038,"caption":"Tierheim Moers"},"image":{"@id":"https:\/\/tierheim-moers.de\/Wordpress\/#\/schema\/logo\/image\/"},"sameAs":["https:\/\/de-de.facebook.com\/moers.tierheim"]},{"@type":"Person","@id":"https:\/\/tierheim-moers.de\/Wordpress\/#\/schema\/person\/35ad410ed2d8620d4f57f813585b0d8e","name":"Gisela Kuhnen","image":{"@type":"ImageObject","inLanguage":"de","@id":"https:\/\/tierheim-moers.de\/Wordpress\/#\/schema\/person\/image\/","url":"https:\/\/secure.gravatar.com\/avatar\/807ca84b4538291e2f5dc665ed240a0d4d7ab8f22360ec427a82fe926980b31a?s=96&d=mm&r=g","contentUrl":"https:\/\/secure.gravatar.com\/avatar\/807ca84b4538291e2f5dc665ed240a0d4d7ab8f22360ec427a82fe926980b31a?s=96&d=mm&r=g","caption":"Gisela Kuhnen"},"url":"https:\/\/tierheim-moers.de\/Wordpress\/author\/gisela-kuhnen\/"}]}},"_links":{"self":[{"href":"https:\/\/tierheim-moers.de\/Wordpress\/wp-json\/wp\/v2\/posts\/41707","targetHints":{"allow":["GET"]}}],"collection":[{"href":"https:\/\/tierheim-moers.de\/Wordpress\/wp-json\/wp\/v2\/posts"}],"about":[{"href":"https:\/\/tierheim-moers.de\/Wordpress\/wp-json\/wp\/v2\/types\/post"}],"author":[{"embeddable":true,"href":"https:\/\/tierheim-moers.de\/Wordpress\/wp-json\/wp\/v2\/users\/4"}],"replies":[{"embeddable":true,"href":"https:\/\/tierheim-moers.de\/Wordpress\/wp-json\/wp\/v2\/comments?post=41707"}],"version-history":[{"count":8,"href":"https:\/\/tierheim-moers.de\/Wordpress\/wp-json\/wp\/v2\/posts\/41707\/revisions"}],"predecessor-version":[{"id":49463,"href":"https:\/\/tierheim-moers.de\/Wordpress\/wp-json\/wp\/v2\/posts\/41707\/revisions\/49463"}],"wp:featuredmedia":[{"embeddable":true,"href":"https:\/\/tierheim-moers.de\/Wordpress\/wp-json\/wp\/v2\/media\/48732"}],"wp:attachment":[{"href":"https:\/\/tierheim-moers.de\/Wordpress\/wp-json\/wp\/v2\/media?parent=41707"}],"wp:term":[{"taxonomy":"category","embeddable":true,"href":"https:\/\/tierheim-moers.de\/Wordpress\/wp-json\/wp\/v2\/categories?post=41707"},{"taxonomy":"post_tag","embeddable":true,"href":"https:\/\/tierheim-moers.de\/Wordpress\/wp-json\/wp\/v2\/tags?post=41707"}],"curies":[{"name":"wp","href":"https:\/\/api.w.org\/{rel}","templated":true}]}}