{"id":42120,"date":"2021-08-10T14:14:43","date_gmt":"2021-08-10T12:14:43","guid":{"rendered":"https:\/\/tierheim-moers.de\/Wordpress\/?p=42120"},"modified":"2021-08-16T13:20:17","modified_gmt":"2021-08-16T11:20:17","slug":"dreierpaeckchen-yuna-yuki-und-saphira-haben-sich-super-eingelebt","status":"publish","type":"post","link":"https:\/\/tierheim-moers.de\/Wordpress\/dreierpaeckchen-yuna-yuki-und-saphira-haben-sich-super-eingelebt\/","title":{"rendered":"Dreierp\u00e4ckchen Yuna, Yuki und Saphira haben sich super eingelebt"},"content":{"rendered":"<p>10.08.2021<\/p>\n<p><a href=\"https:\/\/tierheim-moers.de\/Wordpress\/wp-content\/uploads\/2021\/08\/yuna-yuki-saphira-scaled.jpg\"><img decoding=\"async\" class=\"size-medium wp-image-42121 alignleft\" src=\"https:\/\/tierheim-moers.de\/Wordpress\/wp-content\/uploads\/2021\/08\/yuna-yuki-saphira-142x300.jpg\" alt=\"\" width=\"142\" height=\"300\" srcset=\"https:\/\/tierheim-moers.de\/Wordpress\/wp-content\/uploads\/2021\/08\/yuna-yuki-saphira-142x300.jpg 142w, https:\/\/tierheim-moers.de\/Wordpress\/wp-content\/uploads\/2021\/08\/yuna-yuki-saphira-485x1024.jpg 485w, https:\/\/tierheim-moers.de\/Wordpress\/wp-content\/uploads\/2021\/08\/yuna-yuki-saphira-768x1623.jpg 768w, https:\/\/tierheim-moers.de\/Wordpress\/wp-content\/uploads\/2021\/08\/yuna-yuki-saphira-600x1268.jpg 600w, https:\/\/tierheim-moers.de\/Wordpress\/wp-content\/uploads\/2021\/08\/yuna-yuki-saphira-727x1536.jpg 727w, https:\/\/tierheim-moers.de\/Wordpress\/wp-content\/uploads\/2021\/08\/yuna-yuki-saphira-969x2048.jpg 969w, https:\/\/tierheim-moers.de\/Wordpress\/wp-content\/uploads\/2021\/08\/yuna-yuki-saphira-700x1479.jpg 700w, https:\/\/tierheim-moers.de\/Wordpress\/wp-content\/uploads\/2021\/08\/yuna-yuki-saphira-1320x2789.jpg 1320w, https:\/\/tierheim-moers.de\/Wordpress\/wp-content\/uploads\/2021\/08\/yuna-yuki-saphira-scaled.jpg 1211w\" sizes=\"(max-width: 142px) 100vw, 142px\" \/><\/a><\/p>\n<p>Hallo liebes Tierheim Moers<\/p>\n<p>Nun ist der Auszug von Yuna,Yuki &amp; Saphira schon 4 Wochen her und die drei haben sich super gut eingelebt.<br \/>\nAm Anfang waren alle drei noch sehr \u00e4ngstlich und haben sich erstmal unter der Treppe versteckt. Aber nach einiger Zeit haben sie sich langsam heraus getraut. <a href=\"https:\/\/tierheim-moers.de\/Wordpress\/wp-content\/uploads\/2021\/08\/yuna-yuki-saphira.jpg2_-scaled.jpg\"><img decoding=\"async\" class=\"size-medium wp-image-42122 alignright\" src=\"https:\/\/tierheim-moers.de\/Wordpress\/wp-content\/uploads\/2021\/08\/yuna-yuki-saphira.jpg2_-300x142.jpg\" alt=\"\" width=\"300\" height=\"142\" srcset=\"https:\/\/tierheim-moers.de\/Wordpress\/wp-content\/uploads\/2021\/08\/yuna-yuki-saphira.jpg2_-300x142.jpg 300w, https:\/\/tierheim-moers.de\/Wordpress\/wp-content\/uploads\/2021\/08\/yuna-yuki-saphira.jpg2_-1024x485.jpg 1024w, https:\/\/tierheim-moers.de\/Wordpress\/wp-content\/uploads\/2021\/08\/yuna-yuki-saphira.jpg2_-768x363.jpg 768w, https:\/\/tierheim-moers.de\/Wordpress\/wp-content\/uploads\/2021\/08\/yuna-yuki-saphira.jpg2_-600x284.jpg 600w, https:\/\/tierheim-moers.de\/Wordpress\/wp-content\/uploads\/2021\/08\/yuna-yuki-saphira.jpg2_-1536x727.jpg 1536w, https:\/\/tierheim-moers.de\/Wordpress\/wp-content\/uploads\/2021\/08\/yuna-yuki-saphira.jpg2_-2048x969.jpg 2048w, https:\/\/tierheim-moers.de\/Wordpress\/wp-content\/uploads\/2021\/08\/yuna-yuki-saphira.jpg2_-700x331.jpg 700w, https:\/\/tierheim-moers.de\/Wordpress\/wp-content\/uploads\/2021\/08\/yuna-yuki-saphira.jpg2_-1320x625.jpg 1320w\" sizes=\"(max-width: 300px) 100vw, 300px\" \/><\/a><\/p>\n<p>Saphira war die erste, die auf Entdeckungstour ging, kurze Zeit sp\u00e4ter kam dann auch Yuna.<\/p>\n<p>Nur Yuki hat mehr Zeit gebraucht. W\u00e4hrend die zwei M\u00e4dels immer mutiger wurden , hat Yuki sich anfangs noch bei jedem Ger\u00e4usch unter dem Sofa oder unter der Treppe versteckt. Aber das sch\u00f6ne ist, dass Yuki direkt am ersten Abend von alleine auf den Scho\u00df kam und seine Streicheleinheiten mit einem zaghaften Miauen eingefordert hat.<\/p>\n<p>Yuna war schon in der ersten Nacht bei uns im Bett und hat unsere N\u00e4he gesucht. <a href=\"https:\/\/tierheim-moers.de\/Wordpress\/wp-content\/uploads\/2021\/08\/yuna-yuki-saphira.jpg3_-scaled.jpg\"><img fetchpriority=\"high\" decoding=\"async\" class=\"size-medium wp-image-42123 alignleft\" src=\"https:\/\/tierheim-moers.de\/Wordpress\/wp-content\/uploads\/2021\/08\/yuna-yuki-saphira.jpg3_-300x169.jpg\" alt=\"\" width=\"300\" height=\"169\" srcset=\"https:\/\/tierheim-moers.de\/Wordpress\/wp-content\/uploads\/2021\/08\/yuna-yuki-saphira.jpg3_-300x169.jpg 300w, https:\/\/tierheim-moers.de\/Wordpress\/wp-content\/uploads\/2021\/08\/yuna-yuki-saphira.jpg3_-1024x576.jpg 1024w, https:\/\/tierheim-moers.de\/Wordpress\/wp-content\/uploads\/2021\/08\/yuna-yuki-saphira.jpg3_-768x432.jpg 768w, https:\/\/tierheim-moers.de\/Wordpress\/wp-content\/uploads\/2021\/08\/yuna-yuki-saphira.jpg3_-600x338.jpg 600w, https:\/\/tierheim-moers.de\/Wordpress\/wp-content\/uploads\/2021\/08\/yuna-yuki-saphira.jpg3_-1536x864.jpg 1536w, https:\/\/tierheim-moers.de\/Wordpress\/wp-content\/uploads\/2021\/08\/yuna-yuki-saphira.jpg3_-2048x1152.jpg 2048w, https:\/\/tierheim-moers.de\/Wordpress\/wp-content\/uploads\/2021\/08\/yuna-yuki-saphira.jpg3_-700x393.jpg 700w, https:\/\/tierheim-moers.de\/Wordpress\/wp-content\/uploads\/2021\/08\/yuna-yuki-saphira.jpg3_-1320x743.jpg 1320w\" sizes=\"(max-width: 300px) 100vw, 300px\" \/><\/a><\/p>\n<p>Inzwischen hat sich Yuki als der gr\u00f6\u00dfte Schmusekater entwickelt, und er ist nicht mehr \u00e4ngstlich. W\u00e4hrend Yuki es liebt, sich auf den Scho\u00df zu setzten oder zu legen,sitzen die Damen lieber neben einem, aber sie genie\u00dfen die Kuscheleinheiten in vollen Z\u00fcgen.<\/p>\n<p>Alle drei d\u00fcrfen sich im ganzen Haus, bis auf die Kellerr\u00e4ume, frei bewegen,somit gibt es unz\u00e4hlige M\u00f6glichkeiten sich zu verstecken.<\/p>\n<p>Die drei sind wunderbare Tiere und wir m\u00f6chten sie nicht mehr missen.<\/p>\n<p>Einen Freigang gab es bisher nicht, aber sie machen bisher auch keine Anstalten raus zu wollen. Alle drei sitzen sehr gerne vor unserer gro\u00dfen Terrassent\u00fcr und beobachten alles , was sich so im Garten bewegt.<\/p>\n<p>Wir sind froh und gl\u00fccklich, dass wir diesen drei liebevollen, verspielten und verschmusten Katzen\/Kater ein neues zu Hause geben durften.<\/p>\n<p>Ganz viele liebe Gr\u00fc\u00dfe von der Familie F.<\/p>\n<div class=\"shariff shariff-align-flex-start shariff-widget-align-center\" data-url=\"https%3A%2F%2Ftierheim-moers.de%2FWordpress%2Fdreierpaeckchen-yuna-yuki-und-saphira-haben-sich-super-eingelebt%2F\" data-timestamp=\"1629120017\" data-hidezero=\"1\" data-backendurl=\"https:\/\/tierheim-moers.de\/Wordpress\/wp-json\/shariff\/v1\/share_counts?\"><ul class=\"shariff-buttons theme-round orientation-horizontal buttonsize-small\"><li class=\"shariff-button facebook shariff-nocustomcolor\" style=\"background-color:#4273c8\"><a href=\"https:\/\/www.facebook.com\/sharer\/sharer.php?u=https%3A%2F%2Ftierheim-moers.de%2FWordpress%2Fdreierpaeckchen-yuna-yuki-und-saphira-haben-sich-super-eingelebt%2F\" title=\"Bei Facebook teilen\" aria-label=\"Bei Facebook teilen\" role=\"button\" rel=\"nofollow\" class=\"shariff-link\" style=\"; background-color:#3b5998; color:#fff\" target=\"_blank\"><span class=\"shariff-icon\" style=\"\"><svg width=\"32px\" height=\"20px\" xmlns=\"http:\/\/www.w3.org\/2000\/svg\" viewBox=\"0 0 18 32\"><path fill=\"#3b5998\" d=\"M17.1 0.2v4.7h-2.8q-1.5 0-2.1 0.6t-0.5 1.9v3.4h5.2l-0.7 5.3h-4.5v13.6h-5.5v-13.6h-4.5v-5.3h4.5v-3.9q0-3.3 1.9-5.2t5-1.8q2.6 0 4.1 0.2z\"\/><\/svg><\/span><\/a><\/li><li class=\"shariff-button twitter shariff-nocustomcolor\" style=\"background-color:#595959\"><a href=\"https:\/\/twitter.com\/share?url=https%3A%2F%2Ftierheim-moers.de%2FWordpress%2Fdreierpaeckchen-yuna-yuki-und-saphira-haben-sich-super-eingelebt%2F&text=Dreierp%C3%A4ckchen%20Yuna%2C%20Yuki%20und%20Saphira%20haben%20sich%20super%20eingelebt\" title=\"Bei X teilen\" aria-label=\"Bei X teilen\" role=\"button\" rel=\"noopener nofollow\" class=\"shariff-link\" style=\"; background-color:#000; color:#fff\" target=\"_blank\"><span class=\"shariff-icon\" style=\"\"><svg width=\"32px\" height=\"20px\" xmlns=\"http:\/\/www.w3.org\/2000\/svg\" viewBox=\"0 0 24 24\"><path fill=\"#000\" d=\"M14.258 10.152L23.176 0h-2.113l-7.747 8.813L7.133 0H0l9.352 13.328L0 23.973h2.113l8.176-9.309 6.531 9.309h7.133zm-2.895 3.293l-.949-1.328L2.875 1.56h3.246l6.086 8.523.945 1.328 7.91 11.078h-3.246zm0 0\"\/><\/svg><\/span><\/a><\/li><li class=\"shariff-button whatsapp shariff-nocustomcolor\" style=\"background-color:#5cbe4a\"><a href=\"https:\/\/api.whatsapp.com\/send?text=https%3A%2F%2Ftierheim-moers.de%2FWordpress%2Fdreierpaeckchen-yuna-yuki-und-saphira-haben-sich-super-eingelebt%2F%20Dreierp%C3%A4ckchen%20Yuna%2C%20Yuki%20und%20Saphira%20haben%20sich%20super%20eingelebt\" title=\"Bei Whatsapp teilen\" aria-label=\"Bei Whatsapp teilen\" role=\"button\" rel=\"noopener nofollow\" class=\"shariff-link\" style=\"; background-color:#34af23; color:#fff\" target=\"_blank\"><span class=\"shariff-icon\" style=\"\"><svg width=\"32px\" height=\"20px\" xmlns=\"http:\/\/www.w3.org\/2000\/svg\" viewBox=\"0 0 32 32\"><path fill=\"#34af23\" d=\"M17.6 17.4q0.2 0 1.7 0.8t1.6 0.9q0 0.1 0 0.3 0 0.6-0.3 1.4-0.3 0.7-1.3 1.2t-1.8 0.5q-1 0-3.4-1.1-1.7-0.8-3-2.1t-2.6-3.3q-1.3-1.9-1.3-3.5v-0.1q0.1-1.6 1.3-2.8 0.4-0.4 0.9-0.4 0.1 0 0.3 0t0.3 0q0.3 0 0.5 0.1t0.3 0.5q0.1 0.4 0.6 1.6t0.4 1.3q0 0.4-0.6 1t-0.6 0.8q0 0.1 0.1 0.3 0.6 1.3 1.8 2.4 1 0.9 2.7 1.8 0.2 0.1 0.4 0.1 0.3 0 1-0.9t0.9-0.9zM14 26.9q2.3 0 4.3-0.9t3.6-2.4 2.4-3.6 0.9-4.3-0.9-4.3-2.4-3.6-3.6-2.4-4.3-0.9-4.3 0.9-3.6 2.4-2.4 3.6-0.9 4.3q0 3.6 2.1 6.6l-1.4 4.2 4.3-1.4q2.8 1.9 6.2 1.9zM14 2.2q2.7 0 5.2 1.1t4.3 2.9 2.9 4.3 1.1 5.2-1.1 5.2-2.9 4.3-4.3 2.9-5.2 1.1q-3.5 0-6.5-1.7l-7.4 2.4 2.4-7.2q-1.9-3.2-1.9-6.9 0-2.7 1.1-5.2t2.9-4.3 4.3-2.9 5.2-1.1z\"\/><\/svg><\/span><\/a><\/li><li class=\"shariff-button sms shariff-nocustomcolor shariff-mobile\" style=\"background-color:#d7d9d8\"><a href=\"sms:?&body=https%3A%2F%2Ftierheim-moers.de%2FWordpress%2Fdreierpaeckchen-yuna-yuki-und-saphira-haben-sich-super-eingelebt%2F\" title=\"Per SMS teilen\" aria-label=\"Per SMS teilen\" role=\"button\" rel=\"noopener nofollow\" class=\"shariff-link\" style=\"; background-color:#a1e877; color:#fff\" target=\"_blank\"><span class=\"shariff-icon\" style=\"\"><svg xmlns=\"http:\/\/www.w3.org\/2000\/svg\" width=\"510\" height=\"510\" viewBox=\"0 0 510 510\"><path fill=\"#a1e877\" d=\"M459 0H51C23 0 0 23 0 51v459l102-102h357c28.1 0 51-22.9 51-51V51C510 23 487.1 0 459 0zM178.5 229.5h-51v-51h51V229.5zM280.5 229.5h-51v-51h51V229.5zM382.5 229.5h-51v-51h51V229.5z\"\/><\/svg><\/span><\/a><\/li><\/ul><\/div>","protected":false},"excerpt":{"rendered":"<p>10.08.2021 Hallo liebes Tierheim Moers Nun ist der Auszug von Yuna,Yuki &amp; Saphira schon 4 Wochen her und die drei haben sich super gut eingelebt. Am Anfang waren alle drei noch sehr \u00e4ngstlich und haben sich erstmal unter der Treppe versteckt. Aber nach einiger Zeit haben sie sich langsam heraus &#8230;<\/p>\n","protected":false},"author":4,"featured_media":42124,"comment_status":"closed","ping_status":"open","sticky":false,"template":"","format":"standard","meta":{"ngg_post_thumbnail":0,"footnotes":""},"categories":[32],"tags":[],"class_list":["post-42120","post","type-post","status-publish","format-standard","has-post-thumbnail","hentry","category-erfolgsgeschichten","column","threecol","has-thumbnail"],"yoast_head":"<!-- This site is optimized with the Yoast SEO plugin v24.6 - https:\/\/yoast.com\/wordpress\/plugins\/seo\/ -->\n<title>Dreierp\u00e4ckchen Yuna, Yuki und Saphira haben sich super eingelebt | TIERHEIM MOERS<\/title>\n<meta name=\"robots\" content=\"index, follow, max-snippet:-1, max-image-preview:large, max-video-preview:-1\" \/>\n<link rel=\"canonical\" href=\"https:\/\/tierheim-moers.de\/Wordpress\/dreierpaeckchen-yuna-yuki-und-saphira-haben-sich-super-eingelebt\/\" \/>\n<meta property=\"og:locale\" content=\"de_DE\" \/>\n<meta property=\"og:type\" content=\"article\" \/>\n<meta property=\"og:title\" content=\"Dreierp\u00e4ckchen Yuna, Yuki und Saphira haben sich super eingelebt | TIERHEIM MOERS\" \/>\n<meta property=\"og:description\" content=\"10.08.2021 Hallo liebes Tierheim Moers Nun ist der Auszug von Yuna,Yuki &amp; Saphira schon 4 Wochen her und die drei haben sich &#8230;\" \/>\n<meta property=\"og:url\" content=\"https:\/\/tierheim-moers.de\/Wordpress\/dreierpaeckchen-yuna-yuki-und-saphira-haben-sich-super-eingelebt\/\" \/>\n<meta property=\"og:site_name\" content=\"TIERHEIM MOERS\" \/>\n<meta property=\"article:publisher\" content=\"https:\/\/de-de.facebook.com\/moers.tierheim\" \/>\n<meta property=\"article:published_time\" content=\"2021-08-10T12:14:43+00:00\" \/>\n<meta property=\"article:modified_time\" content=\"2021-08-16T11:20:17+00:00\" \/>\n<meta property=\"og:image\" content=\"https:\/\/tierheim-moers.de\/Wordpress\/wp-content\/uploads\/2021\/08\/yuna-yuki-saphira.jpg4_.jpg\" \/>\n\t<meta property=\"og:image:width\" content=\"469\" \/>\n\t<meta property=\"og:image:height\" content=\"322\" \/>\n\t<meta property=\"og:image:type\" content=\"image\/jpeg\" \/>\n<meta name=\"author\" content=\"Gisela Kuhnen\" \/>\n<meta name=\"twitter:card\" content=\"summary_large_image\" \/>\n<meta name=\"twitter:label1\" content=\"Verfasst von\" \/>\n\t<meta name=\"twitter:data1\" content=\"Gisela Kuhnen\" \/>\n\t<meta name=\"twitter:label2\" content=\"Gesch\u00e4tzte Lesezeit\" \/>\n\t<meta name=\"twitter:data2\" content=\"2\u00a0Minuten\" \/>\n<script type=\"application\/ld+json\" class=\"yoast-schema-graph\">{\"@context\":\"https:\/\/schema.org\",\"@graph\":[{\"@type\":\"Article\",\"@id\":\"https:\/\/tierheim-moers.de\/Wordpress\/dreierpaeckchen-yuna-yuki-und-saphira-haben-sich-super-eingelebt\/#article\",\"isPartOf\":{\"@id\":\"https:\/\/tierheim-moers.de\/Wordpress\/dreierpaeckchen-yuna-yuki-und-saphira-haben-sich-super-eingelebt\/\"},\"author\":{\"name\":\"Gisela Kuhnen\",\"@id\":\"https:\/\/tierheim-moers.de\/Wordpress\/#\/schema\/person\/35ad410ed2d8620d4f57f813585b0d8e\"},\"headline\":\"Dreierp\u00e4ckchen Yuna, Yuki und Saphira haben sich super eingelebt\",\"datePublished\":\"2021-08-10T12:14:43+00:00\",\"dateModified\":\"2021-08-16T11:20:17+00:00\",\"mainEntityOfPage\":{\"@id\":\"https:\/\/tierheim-moers.de\/Wordpress\/dreierpaeckchen-yuna-yuki-und-saphira-haben-sich-super-eingelebt\/\"},\"wordCount\":302,\"publisher\":{\"@id\":\"https:\/\/tierheim-moers.de\/Wordpress\/#organization\"},\"image\":{\"@id\":\"https:\/\/tierheim-moers.de\/Wordpress\/dreierpaeckchen-yuna-yuki-und-saphira-haben-sich-super-eingelebt\/#primaryimage\"},\"thumbnailUrl\":\"https:\/\/tierheim-moers.de\/Wordpress\/wp-content\/uploads\/2021\/08\/yuna-yuki-saphira.jpg4_.jpg\",\"articleSection\":[\"Erfolgsgeschichten\"],\"inLanguage\":\"de\"},{\"@type\":\"WebPage\",\"@id\":\"https:\/\/tierheim-moers.de\/Wordpress\/dreierpaeckchen-yuna-yuki-und-saphira-haben-sich-super-eingelebt\/\",\"url\":\"https:\/\/tierheim-moers.de\/Wordpress\/dreierpaeckchen-yuna-yuki-und-saphira-haben-sich-super-eingelebt\/\",\"name\":\"Dreierp\u00e4ckchen Yuna, Yuki und Saphira haben sich super eingelebt | TIERHEIM MOERS\",\"isPartOf\":{\"@id\":\"https:\/\/tierheim-moers.de\/Wordpress\/#website\"},\"primaryImageOfPage\":{\"@id\":\"https:\/\/tierheim-moers.de\/Wordpress\/dreierpaeckchen-yuna-yuki-und-saphira-haben-sich-super-eingelebt\/#primaryimage\"},\"image\":{\"@id\":\"https:\/\/tierheim-moers.de\/Wordpress\/dreierpaeckchen-yuna-yuki-und-saphira-haben-sich-super-eingelebt\/#primaryimage\"},\"thumbnailUrl\":\"https:\/\/tierheim-moers.de\/Wordpress\/wp-content\/uploads\/2021\/08\/yuna-yuki-saphira.jpg4_.jpg\",\"datePublished\":\"2021-08-10T12:14:43+00:00\",\"dateModified\":\"2021-08-16T11:20:17+00:00\",\"breadcrumb\":{\"@id\":\"https:\/\/tierheim-moers.de\/Wordpress\/dreierpaeckchen-yuna-yuki-und-saphira-haben-sich-super-eingelebt\/#breadcrumb\"},\"inLanguage\":\"de\",\"potentialAction\":[{\"@type\":\"ReadAction\",\"target\":[\"https:\/\/tierheim-moers.de\/Wordpress\/dreierpaeckchen-yuna-yuki-und-saphira-haben-sich-super-eingelebt\/\"]}]},{\"@type\":\"ImageObject\",\"inLanguage\":\"de\",\"@id\":\"https:\/\/tierheim-moers.de\/Wordpress\/dreierpaeckchen-yuna-yuki-und-saphira-haben-sich-super-eingelebt\/#primaryimage\",\"url\":\"https:\/\/tierheim-moers.de\/Wordpress\/wp-content\/uploads\/2021\/08\/yuna-yuki-saphira.jpg4_.jpg\",\"contentUrl\":\"https:\/\/tierheim-moers.de\/Wordpress\/wp-content\/uploads\/2021\/08\/yuna-yuki-saphira.jpg4_.jpg\",\"width\":469,\"height\":322},{\"@type\":\"BreadcrumbList\",\"@id\":\"https:\/\/tierheim-moers.de\/Wordpress\/dreierpaeckchen-yuna-yuki-und-saphira-haben-sich-super-eingelebt\/#breadcrumb\",\"itemListElement\":[{\"@type\":\"ListItem\",\"position\":1,\"name\":\"Startseite\",\"item\":\"https:\/\/tierheim-moers.de\/Wordpress\/\"},{\"@type\":\"ListItem\",\"position\":2,\"name\":\"Dreierp\u00e4ckchen Yuna, Yuki und Saphira haben sich super eingelebt\"}]},{\"@type\":\"WebSite\",\"@id\":\"https:\/\/tierheim-moers.de\/Wordpress\/#website\",\"url\":\"https:\/\/tierheim-moers.de\/Wordpress\/\",\"name\":\"Tierheim Moers\",\"description\":\"Tierheim | Hundepension | Tierschutz | Moers\",\"publisher\":{\"@id\":\"https:\/\/tierheim-moers.de\/Wordpress\/#organization\"},\"potentialAction\":[{\"@type\":\"SearchAction\",\"target\":{\"@type\":\"EntryPoint\",\"urlTemplate\":\"https:\/\/tierheim-moers.de\/Wordpress\/?s={search_term_string}\"},\"query-input\":{\"@type\":\"PropertyValueSpecification\",\"valueRequired\":true,\"valueName\":\"search_term_string\"}}],\"inLanguage\":\"de\"},{\"@type\":\"Organization\",\"@id\":\"https:\/\/tierheim-moers.de\/Wordpress\/#organization\",\"name\":\"Tierheim Moers\",\"url\":\"https:\/\/tierheim-moers.de\/Wordpress\/\",\"logo\":{\"@type\":\"ImageObject\",\"inLanguage\":\"de\",\"@id\":\"https:\/\/tierheim-moers.de\/Wordpress\/#\/schema\/logo\/image\/\",\"url\":\"https:\/\/tierheim-moers.de\/Wordpress\/wp-content\/uploads\/2014\/04\/Logo-TSV-Moers-V01-RGB-300.png\",\"contentUrl\":\"https:\/\/tierheim-moers.de\/Wordpress\/wp-content\/uploads\/2014\/04\/Logo-TSV-Moers-V01-RGB-300.png\",\"width\":1052,\"height\":1038,\"caption\":\"Tierheim Moers\"},\"image\":{\"@id\":\"https:\/\/tierheim-moers.de\/Wordpress\/#\/schema\/logo\/image\/\"},\"sameAs\":[\"https:\/\/de-de.facebook.com\/moers.tierheim\"]},{\"@type\":\"Person\",\"@id\":\"https:\/\/tierheim-moers.de\/Wordpress\/#\/schema\/person\/35ad410ed2d8620d4f57f813585b0d8e\",\"name\":\"Gisela Kuhnen\",\"image\":{\"@type\":\"ImageObject\",\"inLanguage\":\"de\",\"@id\":\"https:\/\/tierheim-moers.de\/Wordpress\/#\/schema\/person\/image\/\",\"url\":\"https:\/\/secure.gravatar.com\/avatar\/807ca84b4538291e2f5dc665ed240a0d4d7ab8f22360ec427a82fe926980b31a?s=96&d=mm&r=g\",\"contentUrl\":\"https:\/\/secure.gravatar.com\/avatar\/807ca84b4538291e2f5dc665ed240a0d4d7ab8f22360ec427a82fe926980b31a?s=96&d=mm&r=g\",\"caption\":\"Gisela Kuhnen\"},\"url\":\"https:\/\/tierheim-moers.de\/Wordpress\/author\/gisela-kuhnen\/\"}]}<\/script>\n<!-- \/ Yoast SEO plugin. -->","yoast_head_json":{"title":"Dreierp\u00e4ckchen Yuna, Yuki und Saphira haben sich super eingelebt | TIERHEIM MOERS","robots":{"index":"index","follow":"follow","max-snippet":"max-snippet:-1","max-image-preview":"max-image-preview:large","max-video-preview":"max-video-preview:-1"},"canonical":"https:\/\/tierheim-moers.de\/Wordpress\/dreierpaeckchen-yuna-yuki-und-saphira-haben-sich-super-eingelebt\/","og_locale":"de_DE","og_type":"article","og_title":"Dreierp\u00e4ckchen Yuna, Yuki und Saphira haben sich super eingelebt | TIERHEIM MOERS","og_description":"10.08.2021 Hallo liebes Tierheim Moers Nun ist der Auszug von Yuna,Yuki &amp; Saphira schon 4 Wochen her und die drei haben sich &#8230;","og_url":"https:\/\/tierheim-moers.de\/Wordpress\/dreierpaeckchen-yuna-yuki-und-saphira-haben-sich-super-eingelebt\/","og_site_name":"TIERHEIM MOERS","article_publisher":"https:\/\/de-de.facebook.com\/moers.tierheim","article_published_time":"2021-08-10T12:14:43+00:00","article_modified_time":"2021-08-16T11:20:17+00:00","og_image":[{"width":469,"height":322,"url":"https:\/\/tierheim-moers.de\/Wordpress\/wp-content\/uploads\/2021\/08\/yuna-yuki-saphira.jpg4_.jpg","type":"image\/jpeg"}],"author":"Gisela Kuhnen","twitter_card":"summary_large_image","twitter_misc":{"Verfasst von":"Gisela Kuhnen","Gesch\u00e4tzte Lesezeit":"2\u00a0Minuten"},"schema":{"@context":"https:\/\/schema.org","@graph":[{"@type":"Article","@id":"https:\/\/tierheim-moers.de\/Wordpress\/dreierpaeckchen-yuna-yuki-und-saphira-haben-sich-super-eingelebt\/#article","isPartOf":{"@id":"https:\/\/tierheim-moers.de\/Wordpress\/dreierpaeckchen-yuna-yuki-und-saphira-haben-sich-super-eingelebt\/"},"author":{"name":"Gisela Kuhnen","@id":"https:\/\/tierheim-moers.de\/Wordpress\/#\/schema\/person\/35ad410ed2d8620d4f57f813585b0d8e"},"headline":"Dreierp\u00e4ckchen Yuna, Yuki und Saphira haben sich super eingelebt","datePublished":"2021-08-10T12:14:43+00:00","dateModified":"2021-08-16T11:20:17+00:00","mainEntityOfPage":{"@id":"https:\/\/tierheim-moers.de\/Wordpress\/dreierpaeckchen-yuna-yuki-und-saphira-haben-sich-super-eingelebt\/"},"wordCount":302,"publisher":{"@id":"https:\/\/tierheim-moers.de\/Wordpress\/#organization"},"image":{"@id":"https:\/\/tierheim-moers.de\/Wordpress\/dreierpaeckchen-yuna-yuki-und-saphira-haben-sich-super-eingelebt\/#primaryimage"},"thumbnailUrl":"https:\/\/tierheim-moers.de\/Wordpress\/wp-content\/uploads\/2021\/08\/yuna-yuki-saphira.jpg4_.jpg","articleSection":["Erfolgsgeschichten"],"inLanguage":"de"},{"@type":"WebPage","@id":"https:\/\/tierheim-moers.de\/Wordpress\/dreierpaeckchen-yuna-yuki-und-saphira-haben-sich-super-eingelebt\/","url":"https:\/\/tierheim-moers.de\/Wordpress\/dreierpaeckchen-yuna-yuki-und-saphira-haben-sich-super-eingelebt\/","name":"Dreierp\u00e4ckchen Yuna, Yuki und Saphira haben sich super eingelebt | TIERHEIM MOERS","isPartOf":{"@id":"https:\/\/tierheim-moers.de\/Wordpress\/#website"},"primaryImageOfPage":{"@id":"https:\/\/tierheim-moers.de\/Wordpress\/dreierpaeckchen-yuna-yuki-und-saphira-haben-sich-super-eingelebt\/#primaryimage"},"image":{"@id":"https:\/\/tierheim-moers.de\/Wordpress\/dreierpaeckchen-yuna-yuki-und-saphira-haben-sich-super-eingelebt\/#primaryimage"},"thumbnailUrl":"https:\/\/tierheim-moers.de\/Wordpress\/wp-content\/uploads\/2021\/08\/yuna-yuki-saphira.jpg4_.jpg","datePublished":"2021-08-10T12:14:43+00:00","dateModified":"2021-08-16T11:20:17+00:00","breadcrumb":{"@id":"https:\/\/tierheim-moers.de\/Wordpress\/dreierpaeckchen-yuna-yuki-und-saphira-haben-sich-super-eingelebt\/#breadcrumb"},"inLanguage":"de","potentialAction":[{"@type":"ReadAction","target":["https:\/\/tierheim-moers.de\/Wordpress\/dreierpaeckchen-yuna-yuki-und-saphira-haben-sich-super-eingelebt\/"]}]},{"@type":"ImageObject","inLanguage":"de","@id":"https:\/\/tierheim-moers.de\/Wordpress\/dreierpaeckchen-yuna-yuki-und-saphira-haben-sich-super-eingelebt\/#primaryimage","url":"https:\/\/tierheim-moers.de\/Wordpress\/wp-content\/uploads\/2021\/08\/yuna-yuki-saphira.jpg4_.jpg","contentUrl":"https:\/\/tierheim-moers.de\/Wordpress\/wp-content\/uploads\/2021\/08\/yuna-yuki-saphira.jpg4_.jpg","width":469,"height":322},{"@type":"BreadcrumbList","@id":"https:\/\/tierheim-moers.de\/Wordpress\/dreierpaeckchen-yuna-yuki-und-saphira-haben-sich-super-eingelebt\/#breadcrumb","itemListElement":[{"@type":"ListItem","position":1,"name":"Startseite","item":"https:\/\/tierheim-moers.de\/Wordpress\/"},{"@type":"ListItem","position":2,"name":"Dreierp\u00e4ckchen Yuna, Yuki und Saphira haben sich super eingelebt"}]},{"@type":"WebSite","@id":"https:\/\/tierheim-moers.de\/Wordpress\/#website","url":"https:\/\/tierheim-moers.de\/Wordpress\/","name":"Tierheim Moers","description":"Tierheim | Hundepension | Tierschutz | Moers","publisher":{"@id":"https:\/\/tierheim-moers.de\/Wordpress\/#organization"},"potentialAction":[{"@type":"SearchAction","target":{"@type":"EntryPoint","urlTemplate":"https:\/\/tierheim-moers.de\/Wordpress\/?s={search_term_string}"},"query-input":{"@type":"PropertyValueSpecification","valueRequired":true,"valueName":"search_term_string"}}],"inLanguage":"de"},{"@type":"Organization","@id":"https:\/\/tierheim-moers.de\/Wordpress\/#organization","name":"Tierheim Moers","url":"https:\/\/tierheim-moers.de\/Wordpress\/","logo":{"@type":"ImageObject","inLanguage":"de","@id":"https:\/\/tierheim-moers.de\/Wordpress\/#\/schema\/logo\/image\/","url":"https:\/\/tierheim-moers.de\/Wordpress\/wp-content\/uploads\/2014\/04\/Logo-TSV-Moers-V01-RGB-300.png","contentUrl":"https:\/\/tierheim-moers.de\/Wordpress\/wp-content\/uploads\/2014\/04\/Logo-TSV-Moers-V01-RGB-300.png","width":1052,"height":1038,"caption":"Tierheim Moers"},"image":{"@id":"https:\/\/tierheim-moers.de\/Wordpress\/#\/schema\/logo\/image\/"},"sameAs":["https:\/\/de-de.facebook.com\/moers.tierheim"]},{"@type":"Person","@id":"https:\/\/tierheim-moers.de\/Wordpress\/#\/schema\/person\/35ad410ed2d8620d4f57f813585b0d8e","name":"Gisela Kuhnen","image":{"@type":"ImageObject","inLanguage":"de","@id":"https:\/\/tierheim-moers.de\/Wordpress\/#\/schema\/person\/image\/","url":"https:\/\/secure.gravatar.com\/avatar\/807ca84b4538291e2f5dc665ed240a0d4d7ab8f22360ec427a82fe926980b31a?s=96&d=mm&r=g","contentUrl":"https:\/\/secure.gravatar.com\/avatar\/807ca84b4538291e2f5dc665ed240a0d4d7ab8f22360ec427a82fe926980b31a?s=96&d=mm&r=g","caption":"Gisela Kuhnen"},"url":"https:\/\/tierheim-moers.de\/Wordpress\/author\/gisela-kuhnen\/"}]}},"_links":{"self":[{"href":"https:\/\/tierheim-moers.de\/Wordpress\/wp-json\/wp\/v2\/posts\/42120","targetHints":{"allow":["GET"]}}],"collection":[{"href":"https:\/\/tierheim-moers.de\/Wordpress\/wp-json\/wp\/v2\/posts"}],"about":[{"href":"https:\/\/tierheim-moers.de\/Wordpress\/wp-json\/wp\/v2\/types\/post"}],"author":[{"embeddable":true,"href":"https:\/\/tierheim-moers.de\/Wordpress\/wp-json\/wp\/v2\/users\/4"}],"replies":[{"embeddable":true,"href":"https:\/\/tierheim-moers.de\/Wordpress\/wp-json\/wp\/v2\/comments?post=42120"}],"version-history":[{"count":3,"href":"https:\/\/tierheim-moers.de\/Wordpress\/wp-json\/wp\/v2\/posts\/42120\/revisions"}],"predecessor-version":[{"id":42269,"href":"https:\/\/tierheim-moers.de\/Wordpress\/wp-json\/wp\/v2\/posts\/42120\/revisions\/42269"}],"wp:featuredmedia":[{"embeddable":true,"href":"https:\/\/tierheim-moers.de\/Wordpress\/wp-json\/wp\/v2\/media\/42124"}],"wp:attachment":[{"href":"https:\/\/tierheim-moers.de\/Wordpress\/wp-json\/wp\/v2\/media?parent=42120"}],"wp:term":[{"taxonomy":"category","embeddable":true,"href":"https:\/\/tierheim-moers.de\/Wordpress\/wp-json\/wp\/v2\/categories?post=42120"},{"taxonomy":"post_tag","embeddable":true,"href":"https:\/\/tierheim-moers.de\/Wordpress\/wp-json\/wp\/v2\/tags?post=42120"}],"curies":[{"name":"wp","href":"https:\/\/api.w.org\/{rel}","templated":true}]}}