{"id":42430,"date":"2021-08-22T10:36:39","date_gmt":"2021-08-22T08:36:39","guid":{"rendered":"https:\/\/tierheim-moers.de\/Wordpress\/?p=42430"},"modified":"2021-08-22T10:36:39","modified_gmt":"2021-08-22T08:36:39","slug":"boo-hat-kraeftig-zugenommen-und-fuehlt-sich-richtig-wohl","status":"publish","type":"post","link":"https:\/\/tierheim-moers.de\/Wordpress\/boo-hat-kraeftig-zugenommen-und-fuehlt-sich-richtig-wohl\/","title":{"rendered":"Boo hat kr\u00e4ftig zugenommen und f\u00fchlt sich richtig wohl"},"content":{"rendered":"<div class=\"\" dir=\"auto\">\n<div id=\"jsc_c_2c\" class=\"ecm0bbzt hv4rvrfc ihqw7lf3 dati1w0a\" data-ad-comet-preview=\"message\" data-ad-preview=\"message\">\n<div class=\"j83agx80 cbu4d94t ew0dbk1b irj2b8pg\">\n<div class=\"qzhwtbm6 knvmm38d\">\n<div class=\"kvgmc6g5 cxmmr5t8 oygrvhab hcukyx3x c1et5uql ii04i59q\">\n<div dir=\"auto\">22.08.2021<\/div>\n<div dir=\"auto\"><a href=\"https:\/\/tierheim-moers.de\/Wordpress\/wp-content\/uploads\/2021\/08\/boo4.jpg\"><img fetchpriority=\"high\" decoding=\"async\" class=\"size-medium wp-image-42434 alignleft\" src=\"https:\/\/tierheim-moers.de\/Wordpress\/wp-content\/uploads\/2021\/08\/boo4-300x225.jpg\" alt=\"\" width=\"300\" height=\"225\" srcset=\"https:\/\/tierheim-moers.de\/Wordpress\/wp-content\/uploads\/2021\/08\/boo4-300x225.jpg 300w, https:\/\/tierheim-moers.de\/Wordpress\/wp-content\/uploads\/2021\/08\/boo4-1024x768.jpg 1024w, https:\/\/tierheim-moers.de\/Wordpress\/wp-content\/uploads\/2021\/08\/boo4-768x576.jpg 768w, https:\/\/tierheim-moers.de\/Wordpress\/wp-content\/uploads\/2021\/08\/boo4-600x450.jpg 600w, https:\/\/tierheim-moers.de\/Wordpress\/wp-content\/uploads\/2021\/08\/boo4-1536x1152.jpg 1536w, https:\/\/tierheim-moers.de\/Wordpress\/wp-content\/uploads\/2021\/08\/boo4-700x525.jpg 700w, https:\/\/tierheim-moers.de\/Wordpress\/wp-content\/uploads\/2021\/08\/boo4-1320x990.jpg 1320w, https:\/\/tierheim-moers.de\/Wordpress\/wp-content\/uploads\/2021\/08\/boo4.jpg 1824w\" sizes=\"(max-width: 300px) 100vw, 300px\" \/><\/a><\/div>\n<div dir=\"auto\">Gr\u00fc\u00dfe von Boo <span class=\"pq6dq46d tbxw36s4 knj5qynh kvgmc6g5 ditlmg2l oygrvhab nvdbi5me sf5mxxl7 gl3lb2sf hhz5lgdu\"><img decoding=\"async\" src=\"https:\/\/www.facebook.com\/images\/emoji.php\/v9\/t6c\/1\/16\/2764.png\" alt=\"&#x2764;&#xfe0f;\" width=\"16\" height=\"16\" \/><\/span><\/div>\n<\/div>\n<div class=\"o9v6fnle cxmmr5t8 oygrvhab hcukyx3x c1et5uql ii04i59q\">\n<div dir=\"auto\">Gut zwei Wochen ist Boo nun schon in ihrem neuen Zuhause und wir freuen uns sehr, dass sie sich schon super entwickelt hat. Gute 2,5 kg hat sie in der Zeit zugenommen und sieht richtig toll aus.<\/div>\n<div dir=\"auto\">Wir sind sicher, dass Boo zum Idealgewicht findet und ihr K\u00f6rper dann auch muskul\u00e4r nachholen kann.<\/div>\n<div dir=\"auto\">Boo\u00b4s Geschichte zeigt einmal mehr, wie wichtig es ist, sein Tier medizinisch zu versorgen. Ein viel zu enger \u00dcbergang vom Magen zum Darm f\u00fchrte bei ihr dazu, dass sie ihr Futter nicht verwerten \/ weiterleiten konnte. Mit dieser Erkenntnis war die L\u00f6sung offensichtlich: p\u00fcriertes, hochwertiges Futter.<a href=\"https:\/\/tierheim-moers.de\/Wordpress\/wp-content\/uploads\/2021\/08\/boo3.jpg\"><img decoding=\"async\" class=\"size-medium wp-image-42433 alignleft\" src=\"https:\/\/tierheim-moers.de\/Wordpress\/wp-content\/uploads\/2021\/08\/boo3-229x300.jpg\" alt=\"\" width=\"229\" height=\"300\" srcset=\"https:\/\/tierheim-moers.de\/Wordpress\/wp-content\/uploads\/2021\/08\/boo3-229x300.jpg 229w, https:\/\/tierheim-moers.de\/Wordpress\/wp-content\/uploads\/2021\/08\/boo3-783x1024.jpg 783w, https:\/\/tierheim-moers.de\/Wordpress\/wp-content\/uploads\/2021\/08\/boo3-768x1004.jpg 768w, https:\/\/tierheim-moers.de\/Wordpress\/wp-content\/uploads\/2021\/08\/boo3-600x785.jpg 600w, https:\/\/tierheim-moers.de\/Wordpress\/wp-content\/uploads\/2021\/08\/boo3-1175x1536.jpg 1175w, https:\/\/tierheim-moers.de\/Wordpress\/wp-content\/uploads\/2021\/08\/boo3-700x915.jpg 700w, https:\/\/tierheim-moers.de\/Wordpress\/wp-content\/uploads\/2021\/08\/boo3-1320x1726.jpg 1320w, https:\/\/tierheim-moers.de\/Wordpress\/wp-content\/uploads\/2021\/08\/boo3.jpg 1566w\" sizes=\"(max-width: 229px) 100vw, 229px\" \/><\/a> <a href=\"https:\/\/tierheim-moers.de\/Wordpress\/wp-content\/uploads\/2021\/08\/boo-1.jpg\"><img loading=\"lazy\" decoding=\"async\" class=\"size-medium wp-image-42431 alignright\" src=\"https:\/\/tierheim-moers.de\/Wordpress\/wp-content\/uploads\/2021\/08\/boo-1-300x277.jpg\" alt=\"\" width=\"300\" height=\"277\" srcset=\"https:\/\/tierheim-moers.de\/Wordpress\/wp-content\/uploads\/2021\/08\/boo-1-300x277.jpg 300w, https:\/\/tierheim-moers.de\/Wordpress\/wp-content\/uploads\/2021\/08\/boo-1-1024x945.jpg 1024w, https:\/\/tierheim-moers.de\/Wordpress\/wp-content\/uploads\/2021\/08\/boo-1-768x709.jpg 768w, https:\/\/tierheim-moers.de\/Wordpress\/wp-content\/uploads\/2021\/08\/boo-1-600x554.jpg 600w, https:\/\/tierheim-moers.de\/Wordpress\/wp-content\/uploads\/2021\/08\/boo-1-1536x1418.jpg 1536w, https:\/\/tierheim-moers.de\/Wordpress\/wp-content\/uploads\/2021\/08\/boo-1-700x646.jpg 700w, https:\/\/tierheim-moers.de\/Wordpress\/wp-content\/uploads\/2021\/08\/boo-1-1320x1218.jpg 1320w, https:\/\/tierheim-moers.de\/Wordpress\/wp-content\/uploads\/2021\/08\/boo-1.jpg 2048w\" sizes=\"(max-width: 300px) 100vw, 300px\" \/><\/a><\/div>\n<div dir=\"auto\">Nat\u00fcrlich gibt es auch schlimme Erkrankungen im Endstadium, die zu einem solchen k\u00f6rperlichen Abbau f\u00fchren k\u00f6nnen und wo es keine M\u00f6glichkeit mehr gibt, das umzukehren.<a href=\"https:\/\/tierheim-moers.de\/Wordpress\/wp-content\/uploads\/2021\/08\/boo2-1.jpg\"><img loading=\"lazy\" decoding=\"async\" class=\"size-medium wp-image-42432 alignleft\" src=\"https:\/\/tierheim-moers.de\/Wordpress\/wp-content\/uploads\/2021\/08\/boo2-1-300x225.jpg\" alt=\"\" width=\"300\" height=\"225\" srcset=\"https:\/\/tierheim-moers.de\/Wordpress\/wp-content\/uploads\/2021\/08\/boo2-1-300x225.jpg 300w, https:\/\/tierheim-moers.de\/Wordpress\/wp-content\/uploads\/2021\/08\/boo2-1-1024x768.jpg 1024w, https:\/\/tierheim-moers.de\/Wordpress\/wp-content\/uploads\/2021\/08\/boo2-1-768x576.jpg 768w, https:\/\/tierheim-moers.de\/Wordpress\/wp-content\/uploads\/2021\/08\/boo2-1-600x450.jpg 600w, https:\/\/tierheim-moers.de\/Wordpress\/wp-content\/uploads\/2021\/08\/boo2-1-1536x1152.jpg 1536w, https:\/\/tierheim-moers.de\/Wordpress\/wp-content\/uploads\/2021\/08\/boo2-1-700x525.jpg 700w, https:\/\/tierheim-moers.de\/Wordpress\/wp-content\/uploads\/2021\/08\/boo2-1-1320x990.jpg 1320w, https:\/\/tierheim-moers.de\/Wordpress\/wp-content\/uploads\/2021\/08\/boo2-1.jpg 1824w\" sizes=\"(max-width: 300px) 100vw, 300px\" \/><\/a><\/div>\n<div dir=\"auto\">Boo aber w\u00e4re fast verhungert, weil ihren Beschwerden nicht auf den Grund gegangen wurden.<\/div>\n<div dir=\"auto\">Wir bitten noch einmal eindringlich darum, dass Ver\u00e4nderungen \/ Auff\u00e4lligkeiten an Euren vierbeinigen Freunden wahrgenommen und untersucht werden. Nicht jeder, kann Tierarztkosten aus dem \u00c4rmel sch\u00fctteln &#8230; deshalb bildet Euch daf\u00fcr R\u00fccklagen oder versichert Eure Tiere.<\/div>\n<div dir=\"auto\">Ein Tier zu haben, bedeutet auch immer, Verantwortung zu \u00fcbernehmen!<\/div>\n<\/div>\n<\/div>\n<\/div>\n<\/div>\n<\/div>\n<div class=\"shariff shariff-align-flex-start shariff-widget-align-center\" data-url=\"https%3A%2F%2Ftierheim-moers.de%2FWordpress%2Fboo-hat-kraeftig-zugenommen-und-fuehlt-sich-richtig-wohl%2F\" data-timestamp=\"1629628599\" data-hidezero=\"1\" data-backendurl=\"https:\/\/tierheim-moers.de\/Wordpress\/wp-json\/shariff\/v1\/share_counts?\"><ul class=\"shariff-buttons theme-round orientation-horizontal buttonsize-small\"><li class=\"shariff-button facebook shariff-nocustomcolor\" style=\"background-color:#4273c8\"><a href=\"https:\/\/www.facebook.com\/sharer\/sharer.php?u=https%3A%2F%2Ftierheim-moers.de%2FWordpress%2Fboo-hat-kraeftig-zugenommen-und-fuehlt-sich-richtig-wohl%2F\" title=\"Bei Facebook teilen\" aria-label=\"Bei Facebook teilen\" role=\"button\" rel=\"nofollow\" class=\"shariff-link\" style=\"; background-color:#3b5998; color:#fff\" target=\"_blank\"><span class=\"shariff-icon\" style=\"\"><svg width=\"32px\" height=\"20px\" xmlns=\"http:\/\/www.w3.org\/2000\/svg\" viewBox=\"0 0 18 32\"><path fill=\"#3b5998\" d=\"M17.1 0.2v4.7h-2.8q-1.5 0-2.1 0.6t-0.5 1.9v3.4h5.2l-0.7 5.3h-4.5v13.6h-5.5v-13.6h-4.5v-5.3h4.5v-3.9q0-3.3 1.9-5.2t5-1.8q2.6 0 4.1 0.2z\"\/><\/svg><\/span><\/a><\/li><li class=\"shariff-button twitter shariff-nocustomcolor\" style=\"background-color:#595959\"><a href=\"https:\/\/twitter.com\/share?url=https%3A%2F%2Ftierheim-moers.de%2FWordpress%2Fboo-hat-kraeftig-zugenommen-und-fuehlt-sich-richtig-wohl%2F&text=Boo%20hat%20kr%C3%A4ftig%20zugenommen%20und%20f%C3%BChlt%20sich%20richtig%20wohl\" title=\"Bei X teilen\" aria-label=\"Bei X teilen\" role=\"button\" rel=\"noopener nofollow\" class=\"shariff-link\" style=\"; background-color:#000; color:#fff\" target=\"_blank\"><span class=\"shariff-icon\" style=\"\"><svg width=\"32px\" height=\"20px\" xmlns=\"http:\/\/www.w3.org\/2000\/svg\" viewBox=\"0 0 24 24\"><path fill=\"#000\" d=\"M14.258 10.152L23.176 0h-2.113l-7.747 8.813L7.133 0H0l9.352 13.328L0 23.973h2.113l8.176-9.309 6.531 9.309h7.133zm-2.895 3.293l-.949-1.328L2.875 1.56h3.246l6.086 8.523.945 1.328 7.91 11.078h-3.246zm0 0\"\/><\/svg><\/span><\/a><\/li><li class=\"shariff-button whatsapp shariff-nocustomcolor\" style=\"background-color:#5cbe4a\"><a href=\"https:\/\/api.whatsapp.com\/send?text=https%3A%2F%2Ftierheim-moers.de%2FWordpress%2Fboo-hat-kraeftig-zugenommen-und-fuehlt-sich-richtig-wohl%2F%20Boo%20hat%20kr%C3%A4ftig%20zugenommen%20und%20f%C3%BChlt%20sich%20richtig%20wohl\" title=\"Bei Whatsapp teilen\" aria-label=\"Bei Whatsapp teilen\" role=\"button\" rel=\"noopener nofollow\" class=\"shariff-link\" style=\"; background-color:#34af23; color:#fff\" target=\"_blank\"><span class=\"shariff-icon\" style=\"\"><svg width=\"32px\" height=\"20px\" xmlns=\"http:\/\/www.w3.org\/2000\/svg\" viewBox=\"0 0 32 32\"><path fill=\"#34af23\" d=\"M17.6 17.4q0.2 0 1.7 0.8t1.6 0.9q0 0.1 0 0.3 0 0.6-0.3 1.4-0.3 0.7-1.3 1.2t-1.8 0.5q-1 0-3.4-1.1-1.7-0.8-3-2.1t-2.6-3.3q-1.3-1.9-1.3-3.5v-0.1q0.1-1.6 1.3-2.8 0.4-0.4 0.9-0.4 0.1 0 0.3 0t0.3 0q0.3 0 0.5 0.1t0.3 0.5q0.1 0.4 0.6 1.6t0.4 1.3q0 0.4-0.6 1t-0.6 0.8q0 0.1 0.1 0.3 0.6 1.3 1.8 2.4 1 0.9 2.7 1.8 0.2 0.1 0.4 0.1 0.3 0 1-0.9t0.9-0.9zM14 26.9q2.3 0 4.3-0.9t3.6-2.4 2.4-3.6 0.9-4.3-0.9-4.3-2.4-3.6-3.6-2.4-4.3-0.9-4.3 0.9-3.6 2.4-2.4 3.6-0.9 4.3q0 3.6 2.1 6.6l-1.4 4.2 4.3-1.4q2.8 1.9 6.2 1.9zM14 2.2q2.7 0 5.2 1.1t4.3 2.9 2.9 4.3 1.1 5.2-1.1 5.2-2.9 4.3-4.3 2.9-5.2 1.1q-3.5 0-6.5-1.7l-7.4 2.4 2.4-7.2q-1.9-3.2-1.9-6.9 0-2.7 1.1-5.2t2.9-4.3 4.3-2.9 5.2-1.1z\"\/><\/svg><\/span><\/a><\/li><li class=\"shariff-button sms shariff-nocustomcolor shariff-mobile\" style=\"background-color:#d7d9d8\"><a href=\"sms:?&body=https%3A%2F%2Ftierheim-moers.de%2FWordpress%2Fboo-hat-kraeftig-zugenommen-und-fuehlt-sich-richtig-wohl%2F\" title=\"Per SMS teilen\" aria-label=\"Per SMS teilen\" role=\"button\" rel=\"noopener nofollow\" class=\"shariff-link\" style=\"; background-color:#a1e877; color:#fff\" target=\"_blank\"><span class=\"shariff-icon\" style=\"\"><svg xmlns=\"http:\/\/www.w3.org\/2000\/svg\" width=\"510\" height=\"510\" viewBox=\"0 0 510 510\"><path fill=\"#a1e877\" d=\"M459 0H51C23 0 0 23 0 51v459l102-102h357c28.1 0 51-22.9 51-51V51C510 23 487.1 0 459 0zM178.5 229.5h-51v-51h51V229.5zM280.5 229.5h-51v-51h51V229.5zM382.5 229.5h-51v-51h51V229.5z\"\/><\/svg><\/span><\/a><\/li><\/ul><\/div>","protected":false},"excerpt":{"rendered":"<p>22.08.2021 Gr\u00fc\u00dfe von Boo Gut zwei Wochen ist Boo nun schon in ihrem neuen Zuhause und wir freuen uns sehr, dass sie sich schon super entwickelt hat. Gute 2,5 kg hat sie in der Zeit zugenommen und sieht richtig toll aus. Wir sind sicher, dass Boo zum Idealgewicht findet und &#8230;<\/p>\n","protected":false},"author":4,"featured_media":42431,"comment_status":"closed","ping_status":"open","sticky":false,"template":"","format":"standard","meta":{"ngg_post_thumbnail":0,"footnotes":""},"categories":[32],"tags":[],"class_list":["post-42430","post","type-post","status-publish","format-standard","has-post-thumbnail","hentry","category-erfolgsgeschichten","column","threecol","has-thumbnail"],"yoast_head":"<!-- This site is optimized with the Yoast SEO plugin v24.6 - https:\/\/yoast.com\/wordpress\/plugins\/seo\/ -->\n<title>Boo hat kr\u00e4ftig zugenommen und f\u00fchlt sich richtig wohl | TIERHEIM MOERS<\/title>\n<meta name=\"robots\" content=\"index, follow, max-snippet:-1, max-image-preview:large, max-video-preview:-1\" \/>\n<link rel=\"canonical\" href=\"https:\/\/tierheim-moers.de\/Wordpress\/boo-hat-kraeftig-zugenommen-und-fuehlt-sich-richtig-wohl\/\" \/>\n<meta property=\"og:locale\" content=\"de_DE\" \/>\n<meta property=\"og:type\" content=\"article\" \/>\n<meta property=\"og:title\" content=\"Boo hat kr\u00e4ftig zugenommen und f\u00fchlt sich richtig wohl | TIERHEIM MOERS\" \/>\n<meta property=\"og:description\" content=\"22.08.2021 Gr\u00fc\u00dfe von Boo Gut zwei Wochen ist Boo nun schon in ihrem neuen Zuhause und wir freuen uns sehr, dass sie &#8230;\" \/>\n<meta property=\"og:url\" content=\"https:\/\/tierheim-moers.de\/Wordpress\/boo-hat-kraeftig-zugenommen-und-fuehlt-sich-richtig-wohl\/\" \/>\n<meta property=\"og:site_name\" content=\"TIERHEIM MOERS\" \/>\n<meta property=\"article:publisher\" content=\"https:\/\/de-de.facebook.com\/moers.tierheim\" \/>\n<meta property=\"article:published_time\" content=\"2021-08-22T08:36:39+00:00\" \/>\n<meta property=\"og:image\" content=\"https:\/\/tierheim-moers.de\/Wordpress\/wp-content\/uploads\/2021\/08\/boo-1.jpg\" \/>\n\t<meta property=\"og:image:width\" content=\"2048\" \/>\n\t<meta property=\"og:image:height\" content=\"1890\" \/>\n\t<meta property=\"og:image:type\" content=\"image\/jpeg\" \/>\n<meta name=\"author\" content=\"Gisela Kuhnen\" \/>\n<meta name=\"twitter:card\" content=\"summary_large_image\" \/>\n<meta name=\"twitter:label1\" content=\"Verfasst von\" \/>\n\t<meta name=\"twitter:data1\" content=\"Gisela Kuhnen\" \/>\n\t<meta name=\"twitter:label2\" content=\"Gesch\u00e4tzte Lesezeit\" \/>\n\t<meta name=\"twitter:data2\" content=\"2\u00a0Minuten\" \/>\n<script type=\"application\/ld+json\" class=\"yoast-schema-graph\">{\"@context\":\"https:\/\/schema.org\",\"@graph\":[{\"@type\":\"Article\",\"@id\":\"https:\/\/tierheim-moers.de\/Wordpress\/boo-hat-kraeftig-zugenommen-und-fuehlt-sich-richtig-wohl\/#article\",\"isPartOf\":{\"@id\":\"https:\/\/tierheim-moers.de\/Wordpress\/boo-hat-kraeftig-zugenommen-und-fuehlt-sich-richtig-wohl\/\"},\"author\":{\"name\":\"Gisela Kuhnen\",\"@id\":\"https:\/\/tierheim-moers.de\/Wordpress\/#\/schema\/person\/35ad410ed2d8620d4f57f813585b0d8e\"},\"headline\":\"Boo hat kr\u00e4ftig zugenommen und f\u00fchlt sich richtig wohl\",\"datePublished\":\"2021-08-22T08:36:39+00:00\",\"mainEntityOfPage\":{\"@id\":\"https:\/\/tierheim-moers.de\/Wordpress\/boo-hat-kraeftig-zugenommen-und-fuehlt-sich-richtig-wohl\/\"},\"wordCount\":212,\"publisher\":{\"@id\":\"https:\/\/tierheim-moers.de\/Wordpress\/#organization\"},\"image\":{\"@id\":\"https:\/\/tierheim-moers.de\/Wordpress\/boo-hat-kraeftig-zugenommen-und-fuehlt-sich-richtig-wohl\/#primaryimage\"},\"thumbnailUrl\":\"https:\/\/tierheim-moers.de\/Wordpress\/wp-content\/uploads\/2021\/08\/boo-1.jpg\",\"articleSection\":[\"Erfolgsgeschichten\"],\"inLanguage\":\"de\"},{\"@type\":\"WebPage\",\"@id\":\"https:\/\/tierheim-moers.de\/Wordpress\/boo-hat-kraeftig-zugenommen-und-fuehlt-sich-richtig-wohl\/\",\"url\":\"https:\/\/tierheim-moers.de\/Wordpress\/boo-hat-kraeftig-zugenommen-und-fuehlt-sich-richtig-wohl\/\",\"name\":\"Boo hat kr\u00e4ftig zugenommen und f\u00fchlt sich richtig wohl | TIERHEIM MOERS\",\"isPartOf\":{\"@id\":\"https:\/\/tierheim-moers.de\/Wordpress\/#website\"},\"primaryImageOfPage\":{\"@id\":\"https:\/\/tierheim-moers.de\/Wordpress\/boo-hat-kraeftig-zugenommen-und-fuehlt-sich-richtig-wohl\/#primaryimage\"},\"image\":{\"@id\":\"https:\/\/tierheim-moers.de\/Wordpress\/boo-hat-kraeftig-zugenommen-und-fuehlt-sich-richtig-wohl\/#primaryimage\"},\"thumbnailUrl\":\"https:\/\/tierheim-moers.de\/Wordpress\/wp-content\/uploads\/2021\/08\/boo-1.jpg\",\"datePublished\":\"2021-08-22T08:36:39+00:00\",\"breadcrumb\":{\"@id\":\"https:\/\/tierheim-moers.de\/Wordpress\/boo-hat-kraeftig-zugenommen-und-fuehlt-sich-richtig-wohl\/#breadcrumb\"},\"inLanguage\":\"de\",\"potentialAction\":[{\"@type\":\"ReadAction\",\"target\":[\"https:\/\/tierheim-moers.de\/Wordpress\/boo-hat-kraeftig-zugenommen-und-fuehlt-sich-richtig-wohl\/\"]}]},{\"@type\":\"ImageObject\",\"inLanguage\":\"de\",\"@id\":\"https:\/\/tierheim-moers.de\/Wordpress\/boo-hat-kraeftig-zugenommen-und-fuehlt-sich-richtig-wohl\/#primaryimage\",\"url\":\"https:\/\/tierheim-moers.de\/Wordpress\/wp-content\/uploads\/2021\/08\/boo-1.jpg\",\"contentUrl\":\"https:\/\/tierheim-moers.de\/Wordpress\/wp-content\/uploads\/2021\/08\/boo-1.jpg\",\"width\":2048,\"height\":1890},{\"@type\":\"BreadcrumbList\",\"@id\":\"https:\/\/tierheim-moers.de\/Wordpress\/boo-hat-kraeftig-zugenommen-und-fuehlt-sich-richtig-wohl\/#breadcrumb\",\"itemListElement\":[{\"@type\":\"ListItem\",\"position\":1,\"name\":\"Startseite\",\"item\":\"https:\/\/tierheim-moers.de\/Wordpress\/\"},{\"@type\":\"ListItem\",\"position\":2,\"name\":\"Boo hat kr\u00e4ftig zugenommen und f\u00fchlt sich richtig wohl\"}]},{\"@type\":\"WebSite\",\"@id\":\"https:\/\/tierheim-moers.de\/Wordpress\/#website\",\"url\":\"https:\/\/tierheim-moers.de\/Wordpress\/\",\"name\":\"Tierheim Moers\",\"description\":\"Tierheim | Hundepension | Tierschutz | Moers\",\"publisher\":{\"@id\":\"https:\/\/tierheim-moers.de\/Wordpress\/#organization\"},\"potentialAction\":[{\"@type\":\"SearchAction\",\"target\":{\"@type\":\"EntryPoint\",\"urlTemplate\":\"https:\/\/tierheim-moers.de\/Wordpress\/?s={search_term_string}\"},\"query-input\":{\"@type\":\"PropertyValueSpecification\",\"valueRequired\":true,\"valueName\":\"search_term_string\"}}],\"inLanguage\":\"de\"},{\"@type\":\"Organization\",\"@id\":\"https:\/\/tierheim-moers.de\/Wordpress\/#organization\",\"name\":\"Tierheim Moers\",\"url\":\"https:\/\/tierheim-moers.de\/Wordpress\/\",\"logo\":{\"@type\":\"ImageObject\",\"inLanguage\":\"de\",\"@id\":\"https:\/\/tierheim-moers.de\/Wordpress\/#\/schema\/logo\/image\/\",\"url\":\"https:\/\/tierheim-moers.de\/Wordpress\/wp-content\/uploads\/2014\/04\/Logo-TSV-Moers-V01-RGB-300.png\",\"contentUrl\":\"https:\/\/tierheim-moers.de\/Wordpress\/wp-content\/uploads\/2014\/04\/Logo-TSV-Moers-V01-RGB-300.png\",\"width\":1052,\"height\":1038,\"caption\":\"Tierheim Moers\"},\"image\":{\"@id\":\"https:\/\/tierheim-moers.de\/Wordpress\/#\/schema\/logo\/image\/\"},\"sameAs\":[\"https:\/\/de-de.facebook.com\/moers.tierheim\"]},{\"@type\":\"Person\",\"@id\":\"https:\/\/tierheim-moers.de\/Wordpress\/#\/schema\/person\/35ad410ed2d8620d4f57f813585b0d8e\",\"name\":\"Gisela Kuhnen\",\"image\":{\"@type\":\"ImageObject\",\"inLanguage\":\"de\",\"@id\":\"https:\/\/tierheim-moers.de\/Wordpress\/#\/schema\/person\/image\/\",\"url\":\"https:\/\/secure.gravatar.com\/avatar\/807ca84b4538291e2f5dc665ed240a0d4d7ab8f22360ec427a82fe926980b31a?s=96&d=mm&r=g\",\"contentUrl\":\"https:\/\/secure.gravatar.com\/avatar\/807ca84b4538291e2f5dc665ed240a0d4d7ab8f22360ec427a82fe926980b31a?s=96&d=mm&r=g\",\"caption\":\"Gisela Kuhnen\"},\"url\":\"https:\/\/tierheim-moers.de\/Wordpress\/author\/gisela-kuhnen\/\"}]}<\/script>\n<!-- \/ Yoast SEO plugin. -->","yoast_head_json":{"title":"Boo hat kr\u00e4ftig zugenommen und f\u00fchlt sich richtig wohl | TIERHEIM MOERS","robots":{"index":"index","follow":"follow","max-snippet":"max-snippet:-1","max-image-preview":"max-image-preview:large","max-video-preview":"max-video-preview:-1"},"canonical":"https:\/\/tierheim-moers.de\/Wordpress\/boo-hat-kraeftig-zugenommen-und-fuehlt-sich-richtig-wohl\/","og_locale":"de_DE","og_type":"article","og_title":"Boo hat kr\u00e4ftig zugenommen und f\u00fchlt sich richtig wohl | TIERHEIM MOERS","og_description":"22.08.2021 Gr\u00fc\u00dfe von Boo Gut zwei Wochen ist Boo nun schon in ihrem neuen Zuhause und wir freuen uns sehr, dass sie &#8230;","og_url":"https:\/\/tierheim-moers.de\/Wordpress\/boo-hat-kraeftig-zugenommen-und-fuehlt-sich-richtig-wohl\/","og_site_name":"TIERHEIM MOERS","article_publisher":"https:\/\/de-de.facebook.com\/moers.tierheim","article_published_time":"2021-08-22T08:36:39+00:00","og_image":[{"width":2048,"height":1890,"url":"https:\/\/tierheim-moers.de\/Wordpress\/wp-content\/uploads\/2021\/08\/boo-1.jpg","type":"image\/jpeg"}],"author":"Gisela Kuhnen","twitter_card":"summary_large_image","twitter_misc":{"Verfasst von":"Gisela Kuhnen","Gesch\u00e4tzte Lesezeit":"2\u00a0Minuten"},"schema":{"@context":"https:\/\/schema.org","@graph":[{"@type":"Article","@id":"https:\/\/tierheim-moers.de\/Wordpress\/boo-hat-kraeftig-zugenommen-und-fuehlt-sich-richtig-wohl\/#article","isPartOf":{"@id":"https:\/\/tierheim-moers.de\/Wordpress\/boo-hat-kraeftig-zugenommen-und-fuehlt-sich-richtig-wohl\/"},"author":{"name":"Gisela Kuhnen","@id":"https:\/\/tierheim-moers.de\/Wordpress\/#\/schema\/person\/35ad410ed2d8620d4f57f813585b0d8e"},"headline":"Boo hat kr\u00e4ftig zugenommen und f\u00fchlt sich richtig wohl","datePublished":"2021-08-22T08:36:39+00:00","mainEntityOfPage":{"@id":"https:\/\/tierheim-moers.de\/Wordpress\/boo-hat-kraeftig-zugenommen-und-fuehlt-sich-richtig-wohl\/"},"wordCount":212,"publisher":{"@id":"https:\/\/tierheim-moers.de\/Wordpress\/#organization"},"image":{"@id":"https:\/\/tierheim-moers.de\/Wordpress\/boo-hat-kraeftig-zugenommen-und-fuehlt-sich-richtig-wohl\/#primaryimage"},"thumbnailUrl":"https:\/\/tierheim-moers.de\/Wordpress\/wp-content\/uploads\/2021\/08\/boo-1.jpg","articleSection":["Erfolgsgeschichten"],"inLanguage":"de"},{"@type":"WebPage","@id":"https:\/\/tierheim-moers.de\/Wordpress\/boo-hat-kraeftig-zugenommen-und-fuehlt-sich-richtig-wohl\/","url":"https:\/\/tierheim-moers.de\/Wordpress\/boo-hat-kraeftig-zugenommen-und-fuehlt-sich-richtig-wohl\/","name":"Boo hat kr\u00e4ftig zugenommen und f\u00fchlt sich richtig wohl | TIERHEIM MOERS","isPartOf":{"@id":"https:\/\/tierheim-moers.de\/Wordpress\/#website"},"primaryImageOfPage":{"@id":"https:\/\/tierheim-moers.de\/Wordpress\/boo-hat-kraeftig-zugenommen-und-fuehlt-sich-richtig-wohl\/#primaryimage"},"image":{"@id":"https:\/\/tierheim-moers.de\/Wordpress\/boo-hat-kraeftig-zugenommen-und-fuehlt-sich-richtig-wohl\/#primaryimage"},"thumbnailUrl":"https:\/\/tierheim-moers.de\/Wordpress\/wp-content\/uploads\/2021\/08\/boo-1.jpg","datePublished":"2021-08-22T08:36:39+00:00","breadcrumb":{"@id":"https:\/\/tierheim-moers.de\/Wordpress\/boo-hat-kraeftig-zugenommen-und-fuehlt-sich-richtig-wohl\/#breadcrumb"},"inLanguage":"de","potentialAction":[{"@type":"ReadAction","target":["https:\/\/tierheim-moers.de\/Wordpress\/boo-hat-kraeftig-zugenommen-und-fuehlt-sich-richtig-wohl\/"]}]},{"@type":"ImageObject","inLanguage":"de","@id":"https:\/\/tierheim-moers.de\/Wordpress\/boo-hat-kraeftig-zugenommen-und-fuehlt-sich-richtig-wohl\/#primaryimage","url":"https:\/\/tierheim-moers.de\/Wordpress\/wp-content\/uploads\/2021\/08\/boo-1.jpg","contentUrl":"https:\/\/tierheim-moers.de\/Wordpress\/wp-content\/uploads\/2021\/08\/boo-1.jpg","width":2048,"height":1890},{"@type":"BreadcrumbList","@id":"https:\/\/tierheim-moers.de\/Wordpress\/boo-hat-kraeftig-zugenommen-und-fuehlt-sich-richtig-wohl\/#breadcrumb","itemListElement":[{"@type":"ListItem","position":1,"name":"Startseite","item":"https:\/\/tierheim-moers.de\/Wordpress\/"},{"@type":"ListItem","position":2,"name":"Boo hat kr\u00e4ftig zugenommen und f\u00fchlt sich richtig wohl"}]},{"@type":"WebSite","@id":"https:\/\/tierheim-moers.de\/Wordpress\/#website","url":"https:\/\/tierheim-moers.de\/Wordpress\/","name":"Tierheim Moers","description":"Tierheim | Hundepension | Tierschutz | Moers","publisher":{"@id":"https:\/\/tierheim-moers.de\/Wordpress\/#organization"},"potentialAction":[{"@type":"SearchAction","target":{"@type":"EntryPoint","urlTemplate":"https:\/\/tierheim-moers.de\/Wordpress\/?s={search_term_string}"},"query-input":{"@type":"PropertyValueSpecification","valueRequired":true,"valueName":"search_term_string"}}],"inLanguage":"de"},{"@type":"Organization","@id":"https:\/\/tierheim-moers.de\/Wordpress\/#organization","name":"Tierheim Moers","url":"https:\/\/tierheim-moers.de\/Wordpress\/","logo":{"@type":"ImageObject","inLanguage":"de","@id":"https:\/\/tierheim-moers.de\/Wordpress\/#\/schema\/logo\/image\/","url":"https:\/\/tierheim-moers.de\/Wordpress\/wp-content\/uploads\/2014\/04\/Logo-TSV-Moers-V01-RGB-300.png","contentUrl":"https:\/\/tierheim-moers.de\/Wordpress\/wp-content\/uploads\/2014\/04\/Logo-TSV-Moers-V01-RGB-300.png","width":1052,"height":1038,"caption":"Tierheim Moers"},"image":{"@id":"https:\/\/tierheim-moers.de\/Wordpress\/#\/schema\/logo\/image\/"},"sameAs":["https:\/\/de-de.facebook.com\/moers.tierheim"]},{"@type":"Person","@id":"https:\/\/tierheim-moers.de\/Wordpress\/#\/schema\/person\/35ad410ed2d8620d4f57f813585b0d8e","name":"Gisela Kuhnen","image":{"@type":"ImageObject","inLanguage":"de","@id":"https:\/\/tierheim-moers.de\/Wordpress\/#\/schema\/person\/image\/","url":"https:\/\/secure.gravatar.com\/avatar\/807ca84b4538291e2f5dc665ed240a0d4d7ab8f22360ec427a82fe926980b31a?s=96&d=mm&r=g","contentUrl":"https:\/\/secure.gravatar.com\/avatar\/807ca84b4538291e2f5dc665ed240a0d4d7ab8f22360ec427a82fe926980b31a?s=96&d=mm&r=g","caption":"Gisela Kuhnen"},"url":"https:\/\/tierheim-moers.de\/Wordpress\/author\/gisela-kuhnen\/"}]}},"_links":{"self":[{"href":"https:\/\/tierheim-moers.de\/Wordpress\/wp-json\/wp\/v2\/posts\/42430","targetHints":{"allow":["GET"]}}],"collection":[{"href":"https:\/\/tierheim-moers.de\/Wordpress\/wp-json\/wp\/v2\/posts"}],"about":[{"href":"https:\/\/tierheim-moers.de\/Wordpress\/wp-json\/wp\/v2\/types\/post"}],"author":[{"embeddable":true,"href":"https:\/\/tierheim-moers.de\/Wordpress\/wp-json\/wp\/v2\/users\/4"}],"replies":[{"embeddable":true,"href":"https:\/\/tierheim-moers.de\/Wordpress\/wp-json\/wp\/v2\/comments?post=42430"}],"version-history":[{"count":2,"href":"https:\/\/tierheim-moers.de\/Wordpress\/wp-json\/wp\/v2\/posts\/42430\/revisions"}],"predecessor-version":[{"id":42436,"href":"https:\/\/tierheim-moers.de\/Wordpress\/wp-json\/wp\/v2\/posts\/42430\/revisions\/42436"}],"wp:featuredmedia":[{"embeddable":true,"href":"https:\/\/tierheim-moers.de\/Wordpress\/wp-json\/wp\/v2\/media\/42431"}],"wp:attachment":[{"href":"https:\/\/tierheim-moers.de\/Wordpress\/wp-json\/wp\/v2\/media?parent=42430"}],"wp:term":[{"taxonomy":"category","embeddable":true,"href":"https:\/\/tierheim-moers.de\/Wordpress\/wp-json\/wp\/v2\/categories?post=42430"},{"taxonomy":"post_tag","embeddable":true,"href":"https:\/\/tierheim-moers.de\/Wordpress\/wp-json\/wp\/v2\/tags?post=42430"}],"curies":[{"name":"wp","href":"https:\/\/api.w.org\/{rel}","templated":true}]}}