{"id":42704,"date":"2022-01-28T07:33:52","date_gmt":"2022-01-28T05:33:52","guid":{"rendered":"https:\/\/tierheim-moers.de\/Wordpress\/?p=42704"},"modified":"2022-01-28T09:26:21","modified_gmt":"2022-01-28T07:26:21","slug":"charlie-toni-und-elli-alle-drei-sind-auf-ihre-art-ganz-tolle-katzen","status":"publish","type":"post","link":"https:\/\/tierheim-moers.de\/Wordpress\/charlie-toni-und-elli-alle-drei-sind-auf-ihre-art-ganz-tolle-katzen\/","title":{"rendered":"Charlie, Toni und Elli &#8211; alle drei sind auf ihre Art ganz tolle Katzen, update 28.01.2022"},"content":{"rendered":"<p>28.01.2022<a href=\"https:\/\/tierheim-moers.de\/Wordpress\/wp-content\/uploads\/2021\/09\/charlie-toni-elli.jpeg8_-scaled.jpeg\"><img fetchpriority=\"high\" decoding=\"async\" class=\"size-medium wp-image-45820 alignleft\" src=\"https:\/\/tierheim-moers.de\/Wordpress\/wp-content\/uploads\/2021\/09\/charlie-toni-elli.jpeg8_-225x300.jpeg\" alt=\"\" width=\"225\" height=\"300\" srcset=\"https:\/\/tierheim-moers.de\/Wordpress\/wp-content\/uploads\/2021\/09\/charlie-toni-elli.jpeg8_-225x300.jpeg 225w, https:\/\/tierheim-moers.de\/Wordpress\/wp-content\/uploads\/2021\/09\/charlie-toni-elli.jpeg8_-768x1024.jpeg 768w, https:\/\/tierheim-moers.de\/Wordpress\/wp-content\/uploads\/2021\/09\/charlie-toni-elli.jpeg8_-600x800.jpeg 600w, https:\/\/tierheim-moers.de\/Wordpress\/wp-content\/uploads\/2021\/09\/charlie-toni-elli.jpeg8_-1152x1536.jpeg 1152w, https:\/\/tierheim-moers.de\/Wordpress\/wp-content\/uploads\/2021\/09\/charlie-toni-elli.jpeg8_-1536x2048.jpeg 1536w, https:\/\/tierheim-moers.de\/Wordpress\/wp-content\/uploads\/2021\/09\/charlie-toni-elli.jpeg8_-700x933.jpeg 700w, https:\/\/tierheim-moers.de\/Wordpress\/wp-content\/uploads\/2021\/09\/charlie-toni-elli.jpeg8_-1320x1760.jpeg 1320w, https:\/\/tierheim-moers.de\/Wordpress\/wp-content\/uploads\/2021\/09\/charlie-toni-elli.jpeg8_-scaled.jpeg 1920w\" sizes=\"(max-width: 225px) 100vw, 225px\" \/><\/a><\/p>\n<p class=\"moz-quote-pre\">Hallo Frau Kuhnen,<\/p>\n<p class=\"moz-quote-pre\">anbei noch ein Foto was ich Ihnen nicht vorenthalten m\u00f6chte.<\/p>\n<p class=\"moz-quote-pre\">Ich glaube die drei f\u00fchlen sich wohl.<\/p>\n<p>02.09.2021<\/p>\n<p><a href=\"https:\/\/tierheim-moers.de\/Wordpress\/wp-content\/uploads\/2021\/09\/charlie-toni-elli3-scaled.jpeg\"><img decoding=\"async\" class=\"size-medium wp-image-42707 alignright\" src=\"https:\/\/tierheim-moers.de\/Wordpress\/wp-content\/uploads\/2021\/09\/charlie-toni-elli3-225x300.jpeg\" alt=\"\" width=\"225\" height=\"300\" srcset=\"https:\/\/tierheim-moers.de\/Wordpress\/wp-content\/uploads\/2021\/09\/charlie-toni-elli3-225x300.jpeg 225w, https:\/\/tierheim-moers.de\/Wordpress\/wp-content\/uploads\/2021\/09\/charlie-toni-elli3-768x1024.jpeg 768w, https:\/\/tierheim-moers.de\/Wordpress\/wp-content\/uploads\/2021\/09\/charlie-toni-elli3-600x800.jpeg 600w, https:\/\/tierheim-moers.de\/Wordpress\/wp-content\/uploads\/2021\/09\/charlie-toni-elli3-1152x1536.jpeg 1152w, https:\/\/tierheim-moers.de\/Wordpress\/wp-content\/uploads\/2021\/09\/charlie-toni-elli3-1536x2048.jpeg 1536w, https:\/\/tierheim-moers.de\/Wordpress\/wp-content\/uploads\/2021\/09\/charlie-toni-elli3-700x933.jpeg 700w, https:\/\/tierheim-moers.de\/Wordpress\/wp-content\/uploads\/2021\/09\/charlie-toni-elli3-1320x1760.jpeg 1320w, https:\/\/tierheim-moers.de\/Wordpress\/wp-content\/uploads\/2021\/09\/charlie-toni-elli3-scaled.jpeg 1920w\" sizes=\"(max-width: 225px) 100vw, 225px\" \/><\/a><a href=\"https:\/\/tierheim-moers.de\/Wordpress\/wp-content\/uploads\/2021\/09\/charlie-toni-elli6-ausschnitt.jpeg\"><img decoding=\"async\" class=\"size-medium wp-image-42710 alignleft\" src=\"https:\/\/tierheim-moers.de\/Wordpress\/wp-content\/uploads\/2021\/09\/charlie-toni-elli6-ausschnitt-300x207.jpeg\" alt=\"\" width=\"300\" height=\"207\" srcset=\"https:\/\/tierheim-moers.de\/Wordpress\/wp-content\/uploads\/2021\/09\/charlie-toni-elli6-ausschnitt-300x207.jpeg 300w, https:\/\/tierheim-moers.de\/Wordpress\/wp-content\/uploads\/2021\/09\/charlie-toni-elli6-ausschnitt-1024x707.jpeg 1024w, https:\/\/tierheim-moers.de\/Wordpress\/wp-content\/uploads\/2021\/09\/charlie-toni-elli6-ausschnitt-768x531.jpeg 768w, https:\/\/tierheim-moers.de\/Wordpress\/wp-content\/uploads\/2021\/09\/charlie-toni-elli6-ausschnitt-600x415.jpeg 600w, https:\/\/tierheim-moers.de\/Wordpress\/wp-content\/uploads\/2021\/09\/charlie-toni-elli6-ausschnitt-1536x1061.jpeg 1536w, https:\/\/tierheim-moers.de\/Wordpress\/wp-content\/uploads\/2021\/09\/charlie-toni-elli6-ausschnitt-2048x1415.jpeg 2048w, https:\/\/tierheim-moers.de\/Wordpress\/wp-content\/uploads\/2021\/09\/charlie-toni-elli6-ausschnitt-700x484.jpeg 700w, https:\/\/tierheim-moers.de\/Wordpress\/wp-content\/uploads\/2021\/09\/charlie-toni-elli6-ausschnitt-1320x912.jpeg 1320w\" sizes=\"(max-width: 300px) 100vw, 300px\" \/><\/a><\/p>\n<p class=\"moz-quote-pre\">Liebes Tierheim,<\/p>\n<p class=\"moz-quote-pre\">die drei haben sich gut bei uns eingelebt.<\/p>\n<p class=\"moz-quote-pre\">Charly l\u00e4sst keine M\u00f6glichkeit aus sich Streicheleinheiten abzuholen, er springt dabei auf den Scho\u00df, auf den Arm oder legt sich auf dem Schreibtisch zwischen Mensch und Tastatur, damit er so nah wie m\u00f6glich dran ist.<\/p>\n<p class=\"moz-quote-pre\">Toni ist nicht ganz so verschmust und genie\u00dft jede Minute, die sie drau\u00dfen verbringen kann. <a href=\"https:\/\/tierheim-moers.de\/Wordpress\/wp-content\/uploads\/2021\/09\/charlie-toni-elli4-ausschnitt.jpeg\"><img loading=\"lazy\" decoding=\"async\" class=\"size-medium wp-image-42708 alignleft\" src=\"https:\/\/tierheim-moers.de\/Wordpress\/wp-content\/uploads\/2021\/09\/charlie-toni-elli4-ausschnitt-300x265.jpeg\" alt=\"\" width=\"300\" height=\"265\" srcset=\"https:\/\/tierheim-moers.de\/Wordpress\/wp-content\/uploads\/2021\/09\/charlie-toni-elli4-ausschnitt-300x265.jpeg 300w, https:\/\/tierheim-moers.de\/Wordpress\/wp-content\/uploads\/2021\/09\/charlie-toni-elli4-ausschnitt-1024x906.jpeg 1024w, https:\/\/tierheim-moers.de\/Wordpress\/wp-content\/uploads\/2021\/09\/charlie-toni-elli4-ausschnitt-768x680.jpeg 768w, https:\/\/tierheim-moers.de\/Wordpress\/wp-content\/uploads\/2021\/09\/charlie-toni-elli4-ausschnitt-600x531.jpeg 600w, https:\/\/tierheim-moers.de\/Wordpress\/wp-content\/uploads\/2021\/09\/charlie-toni-elli4-ausschnitt-700x619.jpeg 700w, https:\/\/tierheim-moers.de\/Wordpress\/wp-content\/uploads\/2021\/09\/charlie-toni-elli4-ausschnitt.jpeg 1216w\" sizes=\"(max-width: 300px) 100vw, 300px\" \/><\/a><\/p>\n<p class=\"moz-quote-pre\">Elli ist eine richtige Katze, die einen auffordert <a href=\"https:\/\/tierheim-moers.de\/Wordpress\/wp-content\/uploads\/2021\/09\/charlie-toni-elli2-scaled.jpeg\"><img loading=\"lazy\" decoding=\"async\" class=\"size-medium wp-image-42706 alignright\" src=\"https:\/\/tierheim-moers.de\/Wordpress\/wp-content\/uploads\/2021\/09\/charlie-toni-elli2-225x300.jpeg\" alt=\"\" width=\"225\" height=\"300\" srcset=\"https:\/\/tierheim-moers.de\/Wordpress\/wp-content\/uploads\/2021\/09\/charlie-toni-elli2-225x300.jpeg 225w, https:\/\/tierheim-moers.de\/Wordpress\/wp-content\/uploads\/2021\/09\/charlie-toni-elli2-768x1024.jpeg 768w, https:\/\/tierheim-moers.de\/Wordpress\/wp-content\/uploads\/2021\/09\/charlie-toni-elli2-600x800.jpeg 600w, https:\/\/tierheim-moers.de\/Wordpress\/wp-content\/uploads\/2021\/09\/charlie-toni-elli2-1152x1536.jpeg 1152w, https:\/\/tierheim-moers.de\/Wordpress\/wp-content\/uploads\/2021\/09\/charlie-toni-elli2-1536x2048.jpeg 1536w, https:\/\/tierheim-moers.de\/Wordpress\/wp-content\/uploads\/2021\/09\/charlie-toni-elli2-700x933.jpeg 700w, https:\/\/tierheim-moers.de\/Wordpress\/wp-content\/uploads\/2021\/09\/charlie-toni-elli2-1320x1760.jpeg 1320w, https:\/\/tierheim-moers.de\/Wordpress\/wp-content\/uploads\/2021\/09\/charlie-toni-elli2-scaled.jpeg 1920w\" sizes=\"(max-width: 225px) 100vw, 225px\" \/><\/a>mit ihr zu spielen, die ihr Leckerchen oder auch das St\u00fcck Fleischwurst genie\u00dft. Auch sie ist \u00e4hnlich, wie die anderen beiden nicht gerne alleine und h\u00e4lt sich immer in dem Raum auf, in dem ihre Menschen gerade sind.<\/p>\n<p class=\"moz-quote-pre\">Fazit: Die drei sind wirklich, jede auf ihre Art, ganz tolle Katzen.<\/p>\n<p class=\"moz-quote-pre\">Weder Charly noch die anderen zeigen irgendwelche Aggressionen.<\/p>\n<p><a href=\"https:\/\/tierheim-moers.de\/Wordpress\/wp-content\/uploads\/2021\/09\/charlie-toni-elli5-scaled.jpeg\"><img loading=\"lazy\" decoding=\"async\" class=\"alignnone size-medium wp-image-42709\" src=\"https:\/\/tierheim-moers.de\/Wordpress\/wp-content\/uploads\/2021\/09\/charlie-toni-elli5-225x300.jpeg\" alt=\"\" width=\"225\" height=\"300\" srcset=\"https:\/\/tierheim-moers.de\/Wordpress\/wp-content\/uploads\/2021\/09\/charlie-toni-elli5-225x300.jpeg 225w, https:\/\/tierheim-moers.de\/Wordpress\/wp-content\/uploads\/2021\/09\/charlie-toni-elli5-768x1024.jpeg 768w, https:\/\/tierheim-moers.de\/Wordpress\/wp-content\/uploads\/2021\/09\/charlie-toni-elli5-600x800.jpeg 600w, https:\/\/tierheim-moers.de\/Wordpress\/wp-content\/uploads\/2021\/09\/charlie-toni-elli5-1152x1536.jpeg 1152w, https:\/\/tierheim-moers.de\/Wordpress\/wp-content\/uploads\/2021\/09\/charlie-toni-elli5-1536x2048.jpeg 1536w, https:\/\/tierheim-moers.de\/Wordpress\/wp-content\/uploads\/2021\/09\/charlie-toni-elli5-700x933.jpeg 700w, https:\/\/tierheim-moers.de\/Wordpress\/wp-content\/uploads\/2021\/09\/charlie-toni-elli5-1320x1760.jpeg 1320w, https:\/\/tierheim-moers.de\/Wordpress\/wp-content\/uploads\/2021\/09\/charlie-toni-elli5-scaled.jpeg 1920w\" sizes=\"(max-width: 225px) 100vw, 225px\" \/><\/a>\u00a0 <a href=\"https:\/\/tierheim-moers.de\/Wordpress\/wp-content\/uploads\/2021\/09\/charlie-toni-elli-scaled.jpeg\"><img loading=\"lazy\" decoding=\"async\" class=\"alignnone size-medium wp-image-42705\" src=\"https:\/\/tierheim-moers.de\/Wordpress\/wp-content\/uploads\/2021\/09\/charlie-toni-elli-225x300.jpeg\" alt=\"\" width=\"225\" height=\"300\" srcset=\"https:\/\/tierheim-moers.de\/Wordpress\/wp-content\/uploads\/2021\/09\/charlie-toni-elli-225x300.jpeg 225w, https:\/\/tierheim-moers.de\/Wordpress\/wp-content\/uploads\/2021\/09\/charlie-toni-elli-768x1024.jpeg 768w, https:\/\/tierheim-moers.de\/Wordpress\/wp-content\/uploads\/2021\/09\/charlie-toni-elli-600x800.jpeg 600w, https:\/\/tierheim-moers.de\/Wordpress\/wp-content\/uploads\/2021\/09\/charlie-toni-elli-1152x1536.jpeg 1152w, https:\/\/tierheim-moers.de\/Wordpress\/wp-content\/uploads\/2021\/09\/charlie-toni-elli-1536x2048.jpeg 1536w, https:\/\/tierheim-moers.de\/Wordpress\/wp-content\/uploads\/2021\/09\/charlie-toni-elli-700x933.jpeg 700w, https:\/\/tierheim-moers.de\/Wordpress\/wp-content\/uploads\/2021\/09\/charlie-toni-elli-1320x1760.jpeg 1320w, https:\/\/tierheim-moers.de\/Wordpress\/wp-content\/uploads\/2021\/09\/charlie-toni-elli-scaled.jpeg 1920w\" sizes=\"(max-width: 225px) 100vw, 225px\" \/><\/a><\/p>\n<p class=\"moz-quote-pre\">Da wurde also bei der R\u00fcckgabe nicht ganz die Wahrheit gesagt. Anbei noch einige Fotos<\/p>\n<div class=\"shariff shariff-align-flex-start shariff-widget-align-center\" data-url=\"https%3A%2F%2Ftierheim-moers.de%2FWordpress%2Fcharlie-toni-und-elli-alle-drei-sind-auf-ihre-art-ganz-tolle-katzen%2F\" data-timestamp=\"1643361981\" data-hidezero=\"1\" data-backendurl=\"https:\/\/tierheim-moers.de\/Wordpress\/wp-json\/shariff\/v1\/share_counts?\"><ul class=\"shariff-buttons theme-round orientation-horizontal buttonsize-small\"><li class=\"shariff-button facebook shariff-nocustomcolor\" style=\"background-color:#4273c8\"><a href=\"https:\/\/www.facebook.com\/sharer\/sharer.php?u=https%3A%2F%2Ftierheim-moers.de%2FWordpress%2Fcharlie-toni-und-elli-alle-drei-sind-auf-ihre-art-ganz-tolle-katzen%2F\" title=\"Bei Facebook teilen\" aria-label=\"Bei Facebook teilen\" role=\"button\" rel=\"nofollow\" class=\"shariff-link\" style=\"; background-color:#3b5998; color:#fff\" target=\"_blank\"><span class=\"shariff-icon\" style=\"\"><svg width=\"32px\" height=\"20px\" xmlns=\"http:\/\/www.w3.org\/2000\/svg\" viewBox=\"0 0 18 32\"><path fill=\"#3b5998\" d=\"M17.1 0.2v4.7h-2.8q-1.5 0-2.1 0.6t-0.5 1.9v3.4h5.2l-0.7 5.3h-4.5v13.6h-5.5v-13.6h-4.5v-5.3h4.5v-3.9q0-3.3 1.9-5.2t5-1.8q2.6 0 4.1 0.2z\"\/><\/svg><\/span><\/a><\/li><li class=\"shariff-button twitter shariff-nocustomcolor\" style=\"background-color:#595959\"><a href=\"https:\/\/twitter.com\/share?url=https%3A%2F%2Ftierheim-moers.de%2FWordpress%2Fcharlie-toni-und-elli-alle-drei-sind-auf-ihre-art-ganz-tolle-katzen%2F&text=Charlie%2C%20Toni%20und%20Elli%20%E2%80%93%20alle%20drei%20sind%20auf%20ihre%20Art%20ganz%20tolle%20Katzen%2C%20update%2028.01.2022\" title=\"Bei X teilen\" aria-label=\"Bei X teilen\" role=\"button\" rel=\"noopener nofollow\" class=\"shariff-link\" style=\"; background-color:#000; color:#fff\" target=\"_blank\"><span class=\"shariff-icon\" style=\"\"><svg width=\"32px\" height=\"20px\" xmlns=\"http:\/\/www.w3.org\/2000\/svg\" viewBox=\"0 0 24 24\"><path fill=\"#000\" d=\"M14.258 10.152L23.176 0h-2.113l-7.747 8.813L7.133 0H0l9.352 13.328L0 23.973h2.113l8.176-9.309 6.531 9.309h7.133zm-2.895 3.293l-.949-1.328L2.875 1.56h3.246l6.086 8.523.945 1.328 7.91 11.078h-3.246zm0 0\"\/><\/svg><\/span><\/a><\/li><li class=\"shariff-button whatsapp shariff-nocustomcolor\" style=\"background-color:#5cbe4a\"><a href=\"https:\/\/api.whatsapp.com\/send?text=https%3A%2F%2Ftierheim-moers.de%2FWordpress%2Fcharlie-toni-und-elli-alle-drei-sind-auf-ihre-art-ganz-tolle-katzen%2F%20Charlie%2C%20Toni%20und%20Elli%20%E2%80%93%20alle%20drei%20sind%20auf%20ihre%20Art%20ganz%20tolle%20Katzen%2C%20update%2028.01.2022\" title=\"Bei Whatsapp teilen\" aria-label=\"Bei Whatsapp teilen\" role=\"button\" rel=\"noopener nofollow\" class=\"shariff-link\" style=\"; background-color:#34af23; color:#fff\" target=\"_blank\"><span class=\"shariff-icon\" style=\"\"><svg width=\"32px\" height=\"20px\" xmlns=\"http:\/\/www.w3.org\/2000\/svg\" viewBox=\"0 0 32 32\"><path fill=\"#34af23\" d=\"M17.6 17.4q0.2 0 1.7 0.8t1.6 0.9q0 0.1 0 0.3 0 0.6-0.3 1.4-0.3 0.7-1.3 1.2t-1.8 0.5q-1 0-3.4-1.1-1.7-0.8-3-2.1t-2.6-3.3q-1.3-1.9-1.3-3.5v-0.1q0.1-1.6 1.3-2.8 0.4-0.4 0.9-0.4 0.1 0 0.3 0t0.3 0q0.3 0 0.5 0.1t0.3 0.5q0.1 0.4 0.6 1.6t0.4 1.3q0 0.4-0.6 1t-0.6 0.8q0 0.1 0.1 0.3 0.6 1.3 1.8 2.4 1 0.9 2.7 1.8 0.2 0.1 0.4 0.1 0.3 0 1-0.9t0.9-0.9zM14 26.9q2.3 0 4.3-0.9t3.6-2.4 2.4-3.6 0.9-4.3-0.9-4.3-2.4-3.6-3.6-2.4-4.3-0.9-4.3 0.9-3.6 2.4-2.4 3.6-0.9 4.3q0 3.6 2.1 6.6l-1.4 4.2 4.3-1.4q2.8 1.9 6.2 1.9zM14 2.2q2.7 0 5.2 1.1t4.3 2.9 2.9 4.3 1.1 5.2-1.1 5.2-2.9 4.3-4.3 2.9-5.2 1.1q-3.5 0-6.5-1.7l-7.4 2.4 2.4-7.2q-1.9-3.2-1.9-6.9 0-2.7 1.1-5.2t2.9-4.3 4.3-2.9 5.2-1.1z\"\/><\/svg><\/span><\/a><\/li><li class=\"shariff-button sms shariff-nocustomcolor shariff-mobile\" style=\"background-color:#d7d9d8\"><a href=\"sms:?&body=https%3A%2F%2Ftierheim-moers.de%2FWordpress%2Fcharlie-toni-und-elli-alle-drei-sind-auf-ihre-art-ganz-tolle-katzen%2F\" title=\"Per SMS teilen\" aria-label=\"Per SMS teilen\" role=\"button\" rel=\"noopener nofollow\" class=\"shariff-link\" style=\"; background-color:#a1e877; color:#fff\" target=\"_blank\"><span class=\"shariff-icon\" style=\"\"><svg xmlns=\"http:\/\/www.w3.org\/2000\/svg\" width=\"510\" height=\"510\" viewBox=\"0 0 510 510\"><path fill=\"#a1e877\" d=\"M459 0H51C23 0 0 23 0 51v459l102-102h357c28.1 0 51-22.9 51-51V51C510 23 487.1 0 459 0zM178.5 229.5h-51v-51h51V229.5zM280.5 229.5h-51v-51h51V229.5zM382.5 229.5h-51v-51h51V229.5z\"\/><\/svg><\/span><\/a><\/li><\/ul><\/div>","protected":false},"excerpt":{"rendered":"<p>28.01.2022 Hallo Frau Kuhnen, anbei noch ein Foto was ich Ihnen nicht vorenthalten m\u00f6chte. Ich glaube die drei f\u00fchlen sich wohl. 02.09.2021 Liebes Tierheim, die drei haben sich gut bei uns eingelebt. Charly l\u00e4sst keine M\u00f6glichkeit aus sich Streicheleinheiten abzuholen, er springt dabei auf den Scho\u00df, auf den Arm oder &#8230;<\/p>\n","protected":false},"author":4,"featured_media":42711,"comment_status":"closed","ping_status":"open","sticky":false,"template":"","format":"standard","meta":{"ngg_post_thumbnail":0,"footnotes":""},"categories":[32],"tags":[],"class_list":["post-42704","post","type-post","status-publish","format-standard","has-post-thumbnail","hentry","category-erfolgsgeschichten","column","threecol","has-thumbnail"],"yoast_head":"<!-- This site is optimized with the Yoast SEO plugin v24.6 - https:\/\/yoast.com\/wordpress\/plugins\/seo\/ -->\n<title>Charlie, Toni und Elli - alle drei sind auf ihre Art ganz tolle Katzen, update 28.01.2022 | TIERHEIM MOERS<\/title>\n<meta name=\"robots\" content=\"index, follow, max-snippet:-1, max-image-preview:large, max-video-preview:-1\" \/>\n<link rel=\"canonical\" href=\"https:\/\/tierheim-moers.de\/Wordpress\/charlie-toni-und-elli-alle-drei-sind-auf-ihre-art-ganz-tolle-katzen\/\" \/>\n<meta property=\"og:locale\" content=\"de_DE\" \/>\n<meta property=\"og:type\" content=\"article\" \/>\n<meta property=\"og:title\" content=\"Charlie, Toni und Elli - alle drei sind auf ihre Art ganz tolle Katzen, update 28.01.2022 | TIERHEIM MOERS\" \/>\n<meta property=\"og:description\" content=\"28.01.2022 Hallo Frau Kuhnen, anbei noch ein Foto was ich Ihnen nicht vorenthalten m\u00f6chte. Ich glaube die drei f\u00fchlen sich wohl. 02.09.2021 &#8230;\" \/>\n<meta property=\"og:url\" content=\"https:\/\/tierheim-moers.de\/Wordpress\/charlie-toni-und-elli-alle-drei-sind-auf-ihre-art-ganz-tolle-katzen\/\" \/>\n<meta property=\"og:site_name\" content=\"TIERHEIM MOERS\" \/>\n<meta property=\"article:publisher\" content=\"https:\/\/de-de.facebook.com\/moers.tierheim\" \/>\n<meta property=\"article:published_time\" content=\"2022-01-28T05:33:52+00:00\" \/>\n<meta property=\"article:modified_time\" content=\"2022-01-28T07:26:21+00:00\" \/>\n<meta property=\"og:image\" content=\"https:\/\/tierheim-moers.de\/Wordpress\/wp-content\/uploads\/2021\/09\/charlie-toni-elli7.jpg\" \/>\n\t<meta property=\"og:image:width\" content=\"301\" \/>\n\t<meta property=\"og:image:height\" content=\"257\" \/>\n\t<meta property=\"og:image:type\" content=\"image\/jpeg\" \/>\n<meta name=\"author\" content=\"Gisela Kuhnen\" \/>\n<meta name=\"twitter:card\" content=\"summary_large_image\" \/>\n<meta name=\"twitter:label1\" content=\"Verfasst von\" \/>\n\t<meta name=\"twitter:data1\" content=\"Gisela Kuhnen\" \/>\n\t<meta name=\"twitter:label2\" content=\"Gesch\u00e4tzte Lesezeit\" \/>\n\t<meta name=\"twitter:data2\" content=\"3\u00a0Minuten\" \/>\n<script type=\"application\/ld+json\" class=\"yoast-schema-graph\">{\"@context\":\"https:\/\/schema.org\",\"@graph\":[{\"@type\":\"Article\",\"@id\":\"https:\/\/tierheim-moers.de\/Wordpress\/charlie-toni-und-elli-alle-drei-sind-auf-ihre-art-ganz-tolle-katzen\/#article\",\"isPartOf\":{\"@id\":\"https:\/\/tierheim-moers.de\/Wordpress\/charlie-toni-und-elli-alle-drei-sind-auf-ihre-art-ganz-tolle-katzen\/\"},\"author\":{\"name\":\"Gisela Kuhnen\",\"@id\":\"https:\/\/tierheim-moers.de\/Wordpress\/#\/schema\/person\/35ad410ed2d8620d4f57f813585b0d8e\"},\"headline\":\"Charlie, Toni und Elli &#8211; alle drei sind auf ihre Art ganz tolle Katzen, update 28.01.2022\",\"datePublished\":\"2022-01-28T05:33:52+00:00\",\"dateModified\":\"2022-01-28T07:26:21+00:00\",\"mainEntityOfPage\":{\"@id\":\"https:\/\/tierheim-moers.de\/Wordpress\/charlie-toni-und-elli-alle-drei-sind-auf-ihre-art-ganz-tolle-katzen\/\"},\"wordCount\":187,\"publisher\":{\"@id\":\"https:\/\/tierheim-moers.de\/Wordpress\/#organization\"},\"image\":{\"@id\":\"https:\/\/tierheim-moers.de\/Wordpress\/charlie-toni-und-elli-alle-drei-sind-auf-ihre-art-ganz-tolle-katzen\/#primaryimage\"},\"thumbnailUrl\":\"https:\/\/tierheim-moers.de\/Wordpress\/wp-content\/uploads\/2021\/09\/charlie-toni-elli7.jpg\",\"articleSection\":[\"Erfolgsgeschichten\"],\"inLanguage\":\"de\"},{\"@type\":\"WebPage\",\"@id\":\"https:\/\/tierheim-moers.de\/Wordpress\/charlie-toni-und-elli-alle-drei-sind-auf-ihre-art-ganz-tolle-katzen\/\",\"url\":\"https:\/\/tierheim-moers.de\/Wordpress\/charlie-toni-und-elli-alle-drei-sind-auf-ihre-art-ganz-tolle-katzen\/\",\"name\":\"Charlie, Toni und Elli - alle drei sind auf ihre Art ganz tolle Katzen, update 28.01.2022 | TIERHEIM MOERS\",\"isPartOf\":{\"@id\":\"https:\/\/tierheim-moers.de\/Wordpress\/#website\"},\"primaryImageOfPage\":{\"@id\":\"https:\/\/tierheim-moers.de\/Wordpress\/charlie-toni-und-elli-alle-drei-sind-auf-ihre-art-ganz-tolle-katzen\/#primaryimage\"},\"image\":{\"@id\":\"https:\/\/tierheim-moers.de\/Wordpress\/charlie-toni-und-elli-alle-drei-sind-auf-ihre-art-ganz-tolle-katzen\/#primaryimage\"},\"thumbnailUrl\":\"https:\/\/tierheim-moers.de\/Wordpress\/wp-content\/uploads\/2021\/09\/charlie-toni-elli7.jpg\",\"datePublished\":\"2022-01-28T05:33:52+00:00\",\"dateModified\":\"2022-01-28T07:26:21+00:00\",\"breadcrumb\":{\"@id\":\"https:\/\/tierheim-moers.de\/Wordpress\/charlie-toni-und-elli-alle-drei-sind-auf-ihre-art-ganz-tolle-katzen\/#breadcrumb\"},\"inLanguage\":\"de\",\"potentialAction\":[{\"@type\":\"ReadAction\",\"target\":[\"https:\/\/tierheim-moers.de\/Wordpress\/charlie-toni-und-elli-alle-drei-sind-auf-ihre-art-ganz-tolle-katzen\/\"]}]},{\"@type\":\"ImageObject\",\"inLanguage\":\"de\",\"@id\":\"https:\/\/tierheim-moers.de\/Wordpress\/charlie-toni-und-elli-alle-drei-sind-auf-ihre-art-ganz-tolle-katzen\/#primaryimage\",\"url\":\"https:\/\/tierheim-moers.de\/Wordpress\/wp-content\/uploads\/2021\/09\/charlie-toni-elli7.jpg\",\"contentUrl\":\"https:\/\/tierheim-moers.de\/Wordpress\/wp-content\/uploads\/2021\/09\/charlie-toni-elli7.jpg\",\"width\":301,\"height\":257},{\"@type\":\"BreadcrumbList\",\"@id\":\"https:\/\/tierheim-moers.de\/Wordpress\/charlie-toni-und-elli-alle-drei-sind-auf-ihre-art-ganz-tolle-katzen\/#breadcrumb\",\"itemListElement\":[{\"@type\":\"ListItem\",\"position\":1,\"name\":\"Startseite\",\"item\":\"https:\/\/tierheim-moers.de\/Wordpress\/\"},{\"@type\":\"ListItem\",\"position\":2,\"name\":\"Charlie, Toni und Elli &#8211; alle drei sind auf ihre Art ganz tolle Katzen, update 28.01.2022\"}]},{\"@type\":\"WebSite\",\"@id\":\"https:\/\/tierheim-moers.de\/Wordpress\/#website\",\"url\":\"https:\/\/tierheim-moers.de\/Wordpress\/\",\"name\":\"Tierheim Moers\",\"description\":\"Tierheim | Hundepension | Tierschutz | Moers\",\"publisher\":{\"@id\":\"https:\/\/tierheim-moers.de\/Wordpress\/#organization\"},\"potentialAction\":[{\"@type\":\"SearchAction\",\"target\":{\"@type\":\"EntryPoint\",\"urlTemplate\":\"https:\/\/tierheim-moers.de\/Wordpress\/?s={search_term_string}\"},\"query-input\":{\"@type\":\"PropertyValueSpecification\",\"valueRequired\":true,\"valueName\":\"search_term_string\"}}],\"inLanguage\":\"de\"},{\"@type\":\"Organization\",\"@id\":\"https:\/\/tierheim-moers.de\/Wordpress\/#organization\",\"name\":\"Tierheim Moers\",\"url\":\"https:\/\/tierheim-moers.de\/Wordpress\/\",\"logo\":{\"@type\":\"ImageObject\",\"inLanguage\":\"de\",\"@id\":\"https:\/\/tierheim-moers.de\/Wordpress\/#\/schema\/logo\/image\/\",\"url\":\"https:\/\/tierheim-moers.de\/Wordpress\/wp-content\/uploads\/2014\/04\/Logo-TSV-Moers-V01-RGB-300.png\",\"contentUrl\":\"https:\/\/tierheim-moers.de\/Wordpress\/wp-content\/uploads\/2014\/04\/Logo-TSV-Moers-V01-RGB-300.png\",\"width\":1052,\"height\":1038,\"caption\":\"Tierheim Moers\"},\"image\":{\"@id\":\"https:\/\/tierheim-moers.de\/Wordpress\/#\/schema\/logo\/image\/\"},\"sameAs\":[\"https:\/\/de-de.facebook.com\/moers.tierheim\"]},{\"@type\":\"Person\",\"@id\":\"https:\/\/tierheim-moers.de\/Wordpress\/#\/schema\/person\/35ad410ed2d8620d4f57f813585b0d8e\",\"name\":\"Gisela Kuhnen\",\"image\":{\"@type\":\"ImageObject\",\"inLanguage\":\"de\",\"@id\":\"https:\/\/tierheim-moers.de\/Wordpress\/#\/schema\/person\/image\/\",\"url\":\"https:\/\/secure.gravatar.com\/avatar\/807ca84b4538291e2f5dc665ed240a0d4d7ab8f22360ec427a82fe926980b31a?s=96&d=mm&r=g\",\"contentUrl\":\"https:\/\/secure.gravatar.com\/avatar\/807ca84b4538291e2f5dc665ed240a0d4d7ab8f22360ec427a82fe926980b31a?s=96&d=mm&r=g\",\"caption\":\"Gisela Kuhnen\"},\"url\":\"https:\/\/tierheim-moers.de\/Wordpress\/author\/gisela-kuhnen\/\"}]}<\/script>\n<!-- \/ Yoast SEO plugin. -->","yoast_head_json":{"title":"Charlie, Toni und Elli - alle drei sind auf ihre Art ganz tolle Katzen, update 28.01.2022 | TIERHEIM MOERS","robots":{"index":"index","follow":"follow","max-snippet":"max-snippet:-1","max-image-preview":"max-image-preview:large","max-video-preview":"max-video-preview:-1"},"canonical":"https:\/\/tierheim-moers.de\/Wordpress\/charlie-toni-und-elli-alle-drei-sind-auf-ihre-art-ganz-tolle-katzen\/","og_locale":"de_DE","og_type":"article","og_title":"Charlie, Toni und Elli - alle drei sind auf ihre Art ganz tolle Katzen, update 28.01.2022 | TIERHEIM MOERS","og_description":"28.01.2022 Hallo Frau Kuhnen, anbei noch ein Foto was ich Ihnen nicht vorenthalten m\u00f6chte. Ich glaube die drei f\u00fchlen sich wohl. 02.09.2021 &#8230;","og_url":"https:\/\/tierheim-moers.de\/Wordpress\/charlie-toni-und-elli-alle-drei-sind-auf-ihre-art-ganz-tolle-katzen\/","og_site_name":"TIERHEIM MOERS","article_publisher":"https:\/\/de-de.facebook.com\/moers.tierheim","article_published_time":"2022-01-28T05:33:52+00:00","article_modified_time":"2022-01-28T07:26:21+00:00","og_image":[{"width":301,"height":257,"url":"https:\/\/tierheim-moers.de\/Wordpress\/wp-content\/uploads\/2021\/09\/charlie-toni-elli7.jpg","type":"image\/jpeg"}],"author":"Gisela Kuhnen","twitter_card":"summary_large_image","twitter_misc":{"Verfasst von":"Gisela Kuhnen","Gesch\u00e4tzte Lesezeit":"3\u00a0Minuten"},"schema":{"@context":"https:\/\/schema.org","@graph":[{"@type":"Article","@id":"https:\/\/tierheim-moers.de\/Wordpress\/charlie-toni-und-elli-alle-drei-sind-auf-ihre-art-ganz-tolle-katzen\/#article","isPartOf":{"@id":"https:\/\/tierheim-moers.de\/Wordpress\/charlie-toni-und-elli-alle-drei-sind-auf-ihre-art-ganz-tolle-katzen\/"},"author":{"name":"Gisela Kuhnen","@id":"https:\/\/tierheim-moers.de\/Wordpress\/#\/schema\/person\/35ad410ed2d8620d4f57f813585b0d8e"},"headline":"Charlie, Toni und Elli &#8211; alle drei sind auf ihre Art ganz tolle Katzen, update 28.01.2022","datePublished":"2022-01-28T05:33:52+00:00","dateModified":"2022-01-28T07:26:21+00:00","mainEntityOfPage":{"@id":"https:\/\/tierheim-moers.de\/Wordpress\/charlie-toni-und-elli-alle-drei-sind-auf-ihre-art-ganz-tolle-katzen\/"},"wordCount":187,"publisher":{"@id":"https:\/\/tierheim-moers.de\/Wordpress\/#organization"},"image":{"@id":"https:\/\/tierheim-moers.de\/Wordpress\/charlie-toni-und-elli-alle-drei-sind-auf-ihre-art-ganz-tolle-katzen\/#primaryimage"},"thumbnailUrl":"https:\/\/tierheim-moers.de\/Wordpress\/wp-content\/uploads\/2021\/09\/charlie-toni-elli7.jpg","articleSection":["Erfolgsgeschichten"],"inLanguage":"de"},{"@type":"WebPage","@id":"https:\/\/tierheim-moers.de\/Wordpress\/charlie-toni-und-elli-alle-drei-sind-auf-ihre-art-ganz-tolle-katzen\/","url":"https:\/\/tierheim-moers.de\/Wordpress\/charlie-toni-und-elli-alle-drei-sind-auf-ihre-art-ganz-tolle-katzen\/","name":"Charlie, Toni und Elli - alle drei sind auf ihre Art ganz tolle Katzen, update 28.01.2022 | TIERHEIM MOERS","isPartOf":{"@id":"https:\/\/tierheim-moers.de\/Wordpress\/#website"},"primaryImageOfPage":{"@id":"https:\/\/tierheim-moers.de\/Wordpress\/charlie-toni-und-elli-alle-drei-sind-auf-ihre-art-ganz-tolle-katzen\/#primaryimage"},"image":{"@id":"https:\/\/tierheim-moers.de\/Wordpress\/charlie-toni-und-elli-alle-drei-sind-auf-ihre-art-ganz-tolle-katzen\/#primaryimage"},"thumbnailUrl":"https:\/\/tierheim-moers.de\/Wordpress\/wp-content\/uploads\/2021\/09\/charlie-toni-elli7.jpg","datePublished":"2022-01-28T05:33:52+00:00","dateModified":"2022-01-28T07:26:21+00:00","breadcrumb":{"@id":"https:\/\/tierheim-moers.de\/Wordpress\/charlie-toni-und-elli-alle-drei-sind-auf-ihre-art-ganz-tolle-katzen\/#breadcrumb"},"inLanguage":"de","potentialAction":[{"@type":"ReadAction","target":["https:\/\/tierheim-moers.de\/Wordpress\/charlie-toni-und-elli-alle-drei-sind-auf-ihre-art-ganz-tolle-katzen\/"]}]},{"@type":"ImageObject","inLanguage":"de","@id":"https:\/\/tierheim-moers.de\/Wordpress\/charlie-toni-und-elli-alle-drei-sind-auf-ihre-art-ganz-tolle-katzen\/#primaryimage","url":"https:\/\/tierheim-moers.de\/Wordpress\/wp-content\/uploads\/2021\/09\/charlie-toni-elli7.jpg","contentUrl":"https:\/\/tierheim-moers.de\/Wordpress\/wp-content\/uploads\/2021\/09\/charlie-toni-elli7.jpg","width":301,"height":257},{"@type":"BreadcrumbList","@id":"https:\/\/tierheim-moers.de\/Wordpress\/charlie-toni-und-elli-alle-drei-sind-auf-ihre-art-ganz-tolle-katzen\/#breadcrumb","itemListElement":[{"@type":"ListItem","position":1,"name":"Startseite","item":"https:\/\/tierheim-moers.de\/Wordpress\/"},{"@type":"ListItem","position":2,"name":"Charlie, Toni und Elli &#8211; alle drei sind auf ihre Art ganz tolle Katzen, update 28.01.2022"}]},{"@type":"WebSite","@id":"https:\/\/tierheim-moers.de\/Wordpress\/#website","url":"https:\/\/tierheim-moers.de\/Wordpress\/","name":"Tierheim Moers","description":"Tierheim | Hundepension | Tierschutz | Moers","publisher":{"@id":"https:\/\/tierheim-moers.de\/Wordpress\/#organization"},"potentialAction":[{"@type":"SearchAction","target":{"@type":"EntryPoint","urlTemplate":"https:\/\/tierheim-moers.de\/Wordpress\/?s={search_term_string}"},"query-input":{"@type":"PropertyValueSpecification","valueRequired":true,"valueName":"search_term_string"}}],"inLanguage":"de"},{"@type":"Organization","@id":"https:\/\/tierheim-moers.de\/Wordpress\/#organization","name":"Tierheim Moers","url":"https:\/\/tierheim-moers.de\/Wordpress\/","logo":{"@type":"ImageObject","inLanguage":"de","@id":"https:\/\/tierheim-moers.de\/Wordpress\/#\/schema\/logo\/image\/","url":"https:\/\/tierheim-moers.de\/Wordpress\/wp-content\/uploads\/2014\/04\/Logo-TSV-Moers-V01-RGB-300.png","contentUrl":"https:\/\/tierheim-moers.de\/Wordpress\/wp-content\/uploads\/2014\/04\/Logo-TSV-Moers-V01-RGB-300.png","width":1052,"height":1038,"caption":"Tierheim Moers"},"image":{"@id":"https:\/\/tierheim-moers.de\/Wordpress\/#\/schema\/logo\/image\/"},"sameAs":["https:\/\/de-de.facebook.com\/moers.tierheim"]},{"@type":"Person","@id":"https:\/\/tierheim-moers.de\/Wordpress\/#\/schema\/person\/35ad410ed2d8620d4f57f813585b0d8e","name":"Gisela Kuhnen","image":{"@type":"ImageObject","inLanguage":"de","@id":"https:\/\/tierheim-moers.de\/Wordpress\/#\/schema\/person\/image\/","url":"https:\/\/secure.gravatar.com\/avatar\/807ca84b4538291e2f5dc665ed240a0d4d7ab8f22360ec427a82fe926980b31a?s=96&d=mm&r=g","contentUrl":"https:\/\/secure.gravatar.com\/avatar\/807ca84b4538291e2f5dc665ed240a0d4d7ab8f22360ec427a82fe926980b31a?s=96&d=mm&r=g","caption":"Gisela Kuhnen"},"url":"https:\/\/tierheim-moers.de\/Wordpress\/author\/gisela-kuhnen\/"}]}},"_links":{"self":[{"href":"https:\/\/tierheim-moers.de\/Wordpress\/wp-json\/wp\/v2\/posts\/42704","targetHints":{"allow":["GET"]}}],"collection":[{"href":"https:\/\/tierheim-moers.de\/Wordpress\/wp-json\/wp\/v2\/posts"}],"about":[{"href":"https:\/\/tierheim-moers.de\/Wordpress\/wp-json\/wp\/v2\/types\/post"}],"author":[{"embeddable":true,"href":"https:\/\/tierheim-moers.de\/Wordpress\/wp-json\/wp\/v2\/users\/4"}],"replies":[{"embeddable":true,"href":"https:\/\/tierheim-moers.de\/Wordpress\/wp-json\/wp\/v2\/comments?post=42704"}],"version-history":[{"count":3,"href":"https:\/\/tierheim-moers.de\/Wordpress\/wp-json\/wp\/v2\/posts\/42704\/revisions"}],"predecessor-version":[{"id":45821,"href":"https:\/\/tierheim-moers.de\/Wordpress\/wp-json\/wp\/v2\/posts\/42704\/revisions\/45821"}],"wp:featuredmedia":[{"embeddable":true,"href":"https:\/\/tierheim-moers.de\/Wordpress\/wp-json\/wp\/v2\/media\/42711"}],"wp:attachment":[{"href":"https:\/\/tierheim-moers.de\/Wordpress\/wp-json\/wp\/v2\/media?parent=42704"}],"wp:term":[{"taxonomy":"category","embeddable":true,"href":"https:\/\/tierheim-moers.de\/Wordpress\/wp-json\/wp\/v2\/categories?post=42704"},{"taxonomy":"post_tag","embeddable":true,"href":"https:\/\/tierheim-moers.de\/Wordpress\/wp-json\/wp\/v2\/tags?post=42704"}],"curies":[{"name":"wp","href":"https:\/\/api.w.org\/{rel}","templated":true}]}}