{"id":43971,"date":"2021-11-15T10:38:00","date_gmt":"2021-11-15T08:38:00","guid":{"rendered":"https:\/\/tierheim-moers.de\/Wordpress\/?p=43971"},"modified":"2021-11-15T17:43:33","modified_gmt":"2021-11-15T15:43:33","slug":"fund-katze-aus-krefeld-vom-26-10-2021","status":"publish","type":"post","link":"https:\/\/tierheim-moers.de\/Wordpress\/fund-katze-aus-krefeld-vom-26-10-2021\/","title":{"rendered":"Mila ist eine gro\u00dfe Schmusekatze und wilde Hummel, vermittelt 15.11.2021"},"content":{"rendered":"<div><a href=\"https:\/\/tierheim-moers.de\/Wordpress\/wp-content\/uploads\/2021\/10\/fk-mila2.jpg\"><img fetchpriority=\"high\" decoding=\"async\" class=\"alignnone size-medium wp-image-44321\" src=\"https:\/\/tierheim-moers.de\/Wordpress\/wp-content\/uploads\/2021\/10\/fk-mila2-242x300.jpg\" alt=\"\" width=\"242\" height=\"300\" srcset=\"https:\/\/tierheim-moers.de\/Wordpress\/wp-content\/uploads\/2021\/10\/fk-mila2-242x300.jpg 242w, https:\/\/tierheim-moers.de\/Wordpress\/wp-content\/uploads\/2021\/10\/fk-mila2-827x1024.jpg 827w, https:\/\/tierheim-moers.de\/Wordpress\/wp-content\/uploads\/2021\/10\/fk-mila2-768x951.jpg 768w, https:\/\/tierheim-moers.de\/Wordpress\/wp-content\/uploads\/2021\/10\/fk-mila2-600x743.jpg 600w, https:\/\/tierheim-moers.de\/Wordpress\/wp-content\/uploads\/2021\/10\/fk-mila2-1241x1536.jpg 1241w, https:\/\/tierheim-moers.de\/Wordpress\/wp-content\/uploads\/2021\/10\/fk-mila2-700x866.jpg 700w, https:\/\/tierheim-moers.de\/Wordpress\/wp-content\/uploads\/2021\/10\/fk-mila2.jpg 1249w\" sizes=\"(max-width: 242px) 100vw, 242px\" \/><\/a><\/div>\n<div><\/div>\n<div>\n<table id=\"tablepress-566F21\" class=\"tablepress tablepress-id-566F21\">\n<tbody class=\"row-striping row-hover\">\n<tr class=\"row-1\">\n\t<td class=\"column-1\">Name des Tiers:<\/td><td class=\"column-2\">Mila<\/td>\n<\/tr>\n<tr class=\"row-2\">\n\t<td class=\"column-1\">Bestandsnummer:<\/td><td class=\"column-2\">566 F 21<\/td>\n<\/tr>\n<tr class=\"row-3\">\n\t<td class=\"column-1\">Aufnahmegrund:<\/td><td class=\"column-2\">Fundtier<\/td>\n<\/tr>\n<tr class=\"row-4\">\n\t<td class=\"column-1\">Im Tierheim seit:<\/td><td class=\"column-2\">27.10.2021<\/td>\n<\/tr>\n<tr class=\"row-5\">\n\t<td class=\"column-1\">Rasse:<\/td><td class=\"column-2\">EKH<\/td>\n<\/tr>\n<tr class=\"row-6\">\n\t<td class=\"column-1\">Geschlecht:<\/td><td class=\"column-2\">weiblich, kastriert im Tierheim<\/td>\n<\/tr>\n<tr class=\"row-7\">\n\t<td class=\"column-1\">Farbe\/Felll\u00e4nge:<\/td><td class=\"column-2\">grau-getigert mit wei\u00df<\/td>\n<\/tr>\n<tr class=\"row-8\">\n\t<td class=\"column-1\">Geburtsdatum:<\/td><td class=\"column-2\">ca. 09.2020<\/td>\n<\/tr>\n<tr class=\"row-9\">\n\t<td class=\"column-1\">Schulterh\u00f6he\/Gewicht:<\/td><td class=\"column-2\"><\/td>\n<\/tr>\n<tr class=\"row-10\">\n\t<td class=\"column-1\">Fundort\/Abgabegrund:<\/td><td class=\"column-2\">Krefeld<\/td>\n<\/tr>\n<tr class=\"row-11\">\n\t<td class=\"column-1\">Tierbeschreibung:<\/td><td class=\"column-2\">Freig\u00e4nger<\/td>\n<\/tr>\n<\/tbody>\n<\/table>\n<\/div>\n<div><\/div>\n<div>13.11.2021<\/div>\n<div>Hier ist noch ein Feger ins Katzenhaus umgezogen. Dieser kleine Quirl mischt Stube 3 ordentlich auf, tobt durch den Innenraum und tut desgleichen im Freigehege. Jedwege Ann\u00e4herung von Menschen empfindet sie als Aufforderung zum Schmusen und fordert dies auch vehement ein.<\/div>\n<div>Neue Menschen f\u00fcr Mila m\u00fcssen auf jeden Fall Zeit f\u00fcr sie haben, eine weitere Katze im Haushalt Geduld mit dieser wilden Hummel.<\/div>\n<div><\/div>\n<div>04.11.2021<a href=\"https:\/\/tierheim-moers.de\/Wordpress\/wp-content\/uploads\/2021\/10\/fk-vom-26.10.2021.jpg\"><img decoding=\"async\" class=\"size-medium wp-image-43972 alignleft\" src=\"https:\/\/tierheim-moers.de\/Wordpress\/wp-content\/uploads\/2021\/10\/fk-vom-26.10.2021-300x233.jpg\" alt=\"\" width=\"300\" height=\"233\" srcset=\"https:\/\/tierheim-moers.de\/Wordpress\/wp-content\/uploads\/2021\/10\/fk-vom-26.10.2021-300x233.jpg 300w, https:\/\/tierheim-moers.de\/Wordpress\/wp-content\/uploads\/2021\/10\/fk-vom-26.10.2021-1024x794.jpg 1024w, https:\/\/tierheim-moers.de\/Wordpress\/wp-content\/uploads\/2021\/10\/fk-vom-26.10.2021-768x596.jpg 768w, https:\/\/tierheim-moers.de\/Wordpress\/wp-content\/uploads\/2021\/10\/fk-vom-26.10.2021-600x465.jpg 600w, https:\/\/tierheim-moers.de\/Wordpress\/wp-content\/uploads\/2021\/10\/fk-vom-26.10.2021-700x543.jpg 700w, https:\/\/tierheim-moers.de\/Wordpress\/wp-content\/uploads\/2021\/10\/fk-vom-26.10.2021-1320x1024.jpg 1320w, https:\/\/tierheim-moers.de\/Wordpress\/wp-content\/uploads\/2021\/10\/fk-vom-26.10.2021.jpg 1440w\" sizes=\"(max-width: 300px) 100vw, 300px\" \/><\/a><\/div>\n<div>Mila wurde mittlerweile kastriert. Sie kann kaum die Zeit abwarten, um sich im Katzenhaus mit Schmuseeinheiten verw\u00f6hnen zu lassen. Schon jetzt, noch in der Qurant\u00e4ne lockt sie jeden an ihre Unterkunft, um sie dann sanft mit ihren Pfoten zu sich zu holen. Dann ist sie in ihrem Element und genie\u00dft die Zuwendung.<\/div>\n<div>Schauen wir mal, ob sie sich im Katzenhaus mit anderen Katzen versteht.<\/div>\n<div>Mila ist Freig\u00e4ngerin.<\/div>\n<div><\/div>\n<div><\/div>\n<div>\n<div>27.10.2021<\/div>\n<div><\/div>\n<div class=\"a8nywdso j7796vcc rz4wbd8a l29c1vbm\">\n<p><span class=\"d2edcug0 hpfvmrgz qv66sw1b c1et5uql lr9zc1uh a8c37x1j keod5gw0 nxhoafnm aigsh9s9 d3f4x2em fe6kdd0r mau55g9w c8b282yb iv3no6db jq4qci2q a3bd9o3v b1v8xokw oo9gr5id\" dir=\"auto\">Fundkatze aus Krefeld<\/span><\/p>\n<p>Diese weibliche Katze (kein Chip) wurde gestern Abend am Dahlerdyk in 47803 Krefeld gesichert. Wer die Katze kennt oder vermisst, kann sich bitte direkt telefonisch im Tierheim melden.<\/p>\n<\/div>\n<\/div>\n<div class=\"j83agx80\"><\/div>\n<div class=\"shariff shariff-align-flex-start shariff-widget-align-center\" data-url=\"https%3A%2F%2Ftierheim-moers.de%2FWordpress%2Ffund-katze-aus-krefeld-vom-26-10-2021%2F\" data-timestamp=\"1636998213\" data-hidezero=\"1\" data-backendurl=\"https:\/\/tierheim-moers.de\/Wordpress\/wp-json\/shariff\/v1\/share_counts?\"><ul class=\"shariff-buttons theme-round orientation-horizontal buttonsize-small\"><li class=\"shariff-button facebook shariff-nocustomcolor\" style=\"background-color:#4273c8\"><a href=\"https:\/\/www.facebook.com\/sharer\/sharer.php?u=https%3A%2F%2Ftierheim-moers.de%2FWordpress%2Ffund-katze-aus-krefeld-vom-26-10-2021%2F\" title=\"Bei Facebook teilen\" aria-label=\"Bei Facebook teilen\" role=\"button\" rel=\"nofollow\" class=\"shariff-link\" style=\"; background-color:#3b5998; color:#fff\" target=\"_blank\"><span class=\"shariff-icon\" style=\"\"><svg width=\"32px\" height=\"20px\" xmlns=\"http:\/\/www.w3.org\/2000\/svg\" viewBox=\"0 0 18 32\"><path fill=\"#3b5998\" d=\"M17.1 0.2v4.7h-2.8q-1.5 0-2.1 0.6t-0.5 1.9v3.4h5.2l-0.7 5.3h-4.5v13.6h-5.5v-13.6h-4.5v-5.3h4.5v-3.9q0-3.3 1.9-5.2t5-1.8q2.6 0 4.1 0.2z\"\/><\/svg><\/span><\/a><\/li><li class=\"shariff-button twitter shariff-nocustomcolor\" style=\"background-color:#595959\"><a href=\"https:\/\/twitter.com\/share?url=https%3A%2F%2Ftierheim-moers.de%2FWordpress%2Ffund-katze-aus-krefeld-vom-26-10-2021%2F&text=Mila%20ist%20eine%20gro%C3%9Fe%20Schmusekatze%20und%20wilde%20Hummel%2C%20vermittelt%2015.11.2021\" title=\"Bei X teilen\" aria-label=\"Bei X teilen\" role=\"button\" rel=\"noopener nofollow\" class=\"shariff-link\" style=\"; background-color:#000; color:#fff\" target=\"_blank\"><span class=\"shariff-icon\" style=\"\"><svg width=\"32px\" height=\"20px\" xmlns=\"http:\/\/www.w3.org\/2000\/svg\" viewBox=\"0 0 24 24\"><path fill=\"#000\" d=\"M14.258 10.152L23.176 0h-2.113l-7.747 8.813L7.133 0H0l9.352 13.328L0 23.973h2.113l8.176-9.309 6.531 9.309h7.133zm-2.895 3.293l-.949-1.328L2.875 1.56h3.246l6.086 8.523.945 1.328 7.91 11.078h-3.246zm0 0\"\/><\/svg><\/span><\/a><\/li><li class=\"shariff-button whatsapp shariff-nocustomcolor\" style=\"background-color:#5cbe4a\"><a href=\"https:\/\/api.whatsapp.com\/send?text=https%3A%2F%2Ftierheim-moers.de%2FWordpress%2Ffund-katze-aus-krefeld-vom-26-10-2021%2F%20Mila%20ist%20eine%20gro%C3%9Fe%20Schmusekatze%20und%20wilde%20Hummel%2C%20vermittelt%2015.11.2021\" title=\"Bei Whatsapp teilen\" aria-label=\"Bei Whatsapp teilen\" role=\"button\" rel=\"noopener nofollow\" class=\"shariff-link\" style=\"; background-color:#34af23; color:#fff\" target=\"_blank\"><span class=\"shariff-icon\" style=\"\"><svg width=\"32px\" height=\"20px\" xmlns=\"http:\/\/www.w3.org\/2000\/svg\" viewBox=\"0 0 32 32\"><path fill=\"#34af23\" d=\"M17.6 17.4q0.2 0 1.7 0.8t1.6 0.9q0 0.1 0 0.3 0 0.6-0.3 1.4-0.3 0.7-1.3 1.2t-1.8 0.5q-1 0-3.4-1.1-1.7-0.8-3-2.1t-2.6-3.3q-1.3-1.9-1.3-3.5v-0.1q0.1-1.6 1.3-2.8 0.4-0.4 0.9-0.4 0.1 0 0.3 0t0.3 0q0.3 0 0.5 0.1t0.3 0.5q0.1 0.4 0.6 1.6t0.4 1.3q0 0.4-0.6 1t-0.6 0.8q0 0.1 0.1 0.3 0.6 1.3 1.8 2.4 1 0.9 2.7 1.8 0.2 0.1 0.4 0.1 0.3 0 1-0.9t0.9-0.9zM14 26.9q2.3 0 4.3-0.9t3.6-2.4 2.4-3.6 0.9-4.3-0.9-4.3-2.4-3.6-3.6-2.4-4.3-0.9-4.3 0.9-3.6 2.4-2.4 3.6-0.9 4.3q0 3.6 2.1 6.6l-1.4 4.2 4.3-1.4q2.8 1.9 6.2 1.9zM14 2.2q2.7 0 5.2 1.1t4.3 2.9 2.9 4.3 1.1 5.2-1.1 5.2-2.9 4.3-4.3 2.9-5.2 1.1q-3.5 0-6.5-1.7l-7.4 2.4 2.4-7.2q-1.9-3.2-1.9-6.9 0-2.7 1.1-5.2t2.9-4.3 4.3-2.9 5.2-1.1z\"\/><\/svg><\/span><\/a><\/li><li class=\"shariff-button sms shariff-nocustomcolor shariff-mobile\" style=\"background-color:#d7d9d8\"><a href=\"sms:?&body=https%3A%2F%2Ftierheim-moers.de%2FWordpress%2Ffund-katze-aus-krefeld-vom-26-10-2021%2F\" title=\"Per SMS teilen\" aria-label=\"Per SMS teilen\" role=\"button\" rel=\"noopener nofollow\" class=\"shariff-link\" style=\"; background-color:#a1e877; color:#fff\" target=\"_blank\"><span class=\"shariff-icon\" style=\"\"><svg xmlns=\"http:\/\/www.w3.org\/2000\/svg\" width=\"510\" height=\"510\" viewBox=\"0 0 510 510\"><path fill=\"#a1e877\" d=\"M459 0H51C23 0 0 23 0 51v459l102-102h357c28.1 0 51-22.9 51-51V51C510 23 487.1 0 459 0zM178.5 229.5h-51v-51h51V229.5zM280.5 229.5h-51v-51h51V229.5zM382.5 229.5h-51v-51h51V229.5z\"\/><\/svg><\/span><\/a><\/li><\/ul><\/div>","protected":false},"excerpt":{"rendered":"<p>13.11.2021 Hier ist noch ein Feger ins Katzenhaus umgezogen. Dieser kleine Quirl mischt Stube 3 ordentlich auf, tobt durch den Innenraum und tut desgleichen im Freigehege. Jedwege Ann\u00e4herung von Menschen empfindet sie als Aufforderung zum Schmusen und fordert dies auch vehement ein. Neue Menschen f\u00fcr Mila m\u00fcssen auf jeden Fall &#8230;<\/p>\n","protected":false},"author":4,"featured_media":44320,"comment_status":"closed","ping_status":"open","sticky":false,"template":"","format":"standard","meta":{"ngg_post_thumbnail":0,"footnotes":""},"categories":[10],"tags":[],"class_list":["post-43971","post","type-post","status-publish","format-standard","has-post-thumbnail","hentry","category-vermittelt","column","threecol","has-thumbnail"],"yoast_head":"<!-- This site is optimized with the Yoast SEO plugin v24.6 - https:\/\/yoast.com\/wordpress\/plugins\/seo\/ -->\n<title>Mila ist eine gro\u00dfe Schmusekatze und wilde Hummel, vermittelt 15.11.2021 | TIERHEIM MOERS<\/title>\n<meta name=\"robots\" content=\"index, follow, max-snippet:-1, max-image-preview:large, max-video-preview:-1\" \/>\n<link rel=\"canonical\" href=\"https:\/\/tierheim-moers.de\/Wordpress\/fund-katze-aus-krefeld-vom-26-10-2021\/\" \/>\n<meta property=\"og:locale\" content=\"de_DE\" \/>\n<meta property=\"og:type\" content=\"article\" \/>\n<meta property=\"og:title\" content=\"Mila ist eine gro\u00dfe Schmusekatze und wilde Hummel, vermittelt 15.11.2021 | TIERHEIM MOERS\" \/>\n<meta property=\"og:description\" content=\"13.11.2021 Hier ist noch ein Feger ins Katzenhaus umgezogen. Dieser kleine Quirl mischt Stube 3 ordentlich auf, tobt durch den Innenraum und &#8230;\" \/>\n<meta property=\"og:url\" content=\"https:\/\/tierheim-moers.de\/Wordpress\/fund-katze-aus-krefeld-vom-26-10-2021\/\" \/>\n<meta property=\"og:site_name\" content=\"TIERHEIM MOERS\" \/>\n<meta property=\"article:publisher\" content=\"https:\/\/de-de.facebook.com\/moers.tierheim\" \/>\n<meta property=\"article:published_time\" content=\"2021-11-15T08:38:00+00:00\" \/>\n<meta property=\"article:modified_time\" content=\"2021-11-15T15:43:33+00:00\" \/>\n<meta property=\"og:image\" content=\"https:\/\/tierheim-moers.de\/Wordpress\/wp-content\/uploads\/2021\/10\/fk-mila2-ausschnitt.jpg\" \/>\n\t<meta property=\"og:image:width\" content=\"1237\" \/>\n\t<meta property=\"og:image:height\" content=\"879\" \/>\n\t<meta property=\"og:image:type\" content=\"image\/jpeg\" \/>\n<meta name=\"author\" content=\"Gisela Kuhnen\" \/>\n<meta name=\"twitter:card\" content=\"summary_large_image\" \/>\n<meta name=\"twitter:label1\" content=\"Verfasst von\" \/>\n\t<meta name=\"twitter:data1\" content=\"Gisela Kuhnen\" \/>\n\t<meta name=\"twitter:label2\" content=\"Gesch\u00e4tzte Lesezeit\" \/>\n\t<meta name=\"twitter:data2\" content=\"2\u00a0Minuten\" \/>\n<script type=\"application\/ld+json\" class=\"yoast-schema-graph\">{\"@context\":\"https:\/\/schema.org\",\"@graph\":[{\"@type\":\"Article\",\"@id\":\"https:\/\/tierheim-moers.de\/Wordpress\/fund-katze-aus-krefeld-vom-26-10-2021\/#article\",\"isPartOf\":{\"@id\":\"https:\/\/tierheim-moers.de\/Wordpress\/fund-katze-aus-krefeld-vom-26-10-2021\/\"},\"author\":{\"name\":\"Gisela Kuhnen\",\"@id\":\"https:\/\/tierheim-moers.de\/Wordpress\/#\/schema\/person\/35ad410ed2d8620d4f57f813585b0d8e\"},\"headline\":\"Mila ist eine gro\u00dfe Schmusekatze und wilde Hummel, vermittelt 15.11.2021\",\"datePublished\":\"2021-11-15T08:38:00+00:00\",\"dateModified\":\"2021-11-15T15:43:33+00:00\",\"mainEntityOfPage\":{\"@id\":\"https:\/\/tierheim-moers.de\/Wordpress\/fund-katze-aus-krefeld-vom-26-10-2021\/\"},\"wordCount\":180,\"publisher\":{\"@id\":\"https:\/\/tierheim-moers.de\/Wordpress\/#organization\"},\"image\":{\"@id\":\"https:\/\/tierheim-moers.de\/Wordpress\/fund-katze-aus-krefeld-vom-26-10-2021\/#primaryimage\"},\"thumbnailUrl\":\"https:\/\/tierheim-moers.de\/Wordpress\/wp-content\/uploads\/2021\/10\/fk-mila2-ausschnitt.jpg\",\"articleSection\":[\"Vermittelt\"],\"inLanguage\":\"de\"},{\"@type\":\"WebPage\",\"@id\":\"https:\/\/tierheim-moers.de\/Wordpress\/fund-katze-aus-krefeld-vom-26-10-2021\/\",\"url\":\"https:\/\/tierheim-moers.de\/Wordpress\/fund-katze-aus-krefeld-vom-26-10-2021\/\",\"name\":\"Mila ist eine gro\u00dfe Schmusekatze und wilde Hummel, vermittelt 15.11.2021 | TIERHEIM MOERS\",\"isPartOf\":{\"@id\":\"https:\/\/tierheim-moers.de\/Wordpress\/#website\"},\"primaryImageOfPage\":{\"@id\":\"https:\/\/tierheim-moers.de\/Wordpress\/fund-katze-aus-krefeld-vom-26-10-2021\/#primaryimage\"},\"image\":{\"@id\":\"https:\/\/tierheim-moers.de\/Wordpress\/fund-katze-aus-krefeld-vom-26-10-2021\/#primaryimage\"},\"thumbnailUrl\":\"https:\/\/tierheim-moers.de\/Wordpress\/wp-content\/uploads\/2021\/10\/fk-mila2-ausschnitt.jpg\",\"datePublished\":\"2021-11-15T08:38:00+00:00\",\"dateModified\":\"2021-11-15T15:43:33+00:00\",\"breadcrumb\":{\"@id\":\"https:\/\/tierheim-moers.de\/Wordpress\/fund-katze-aus-krefeld-vom-26-10-2021\/#breadcrumb\"},\"inLanguage\":\"de\",\"potentialAction\":[{\"@type\":\"ReadAction\",\"target\":[\"https:\/\/tierheim-moers.de\/Wordpress\/fund-katze-aus-krefeld-vom-26-10-2021\/\"]}]},{\"@type\":\"ImageObject\",\"inLanguage\":\"de\",\"@id\":\"https:\/\/tierheim-moers.de\/Wordpress\/fund-katze-aus-krefeld-vom-26-10-2021\/#primaryimage\",\"url\":\"https:\/\/tierheim-moers.de\/Wordpress\/wp-content\/uploads\/2021\/10\/fk-mila2-ausschnitt.jpg\",\"contentUrl\":\"https:\/\/tierheim-moers.de\/Wordpress\/wp-content\/uploads\/2021\/10\/fk-mila2-ausschnitt.jpg\",\"width\":1237,\"height\":879},{\"@type\":\"BreadcrumbList\",\"@id\":\"https:\/\/tierheim-moers.de\/Wordpress\/fund-katze-aus-krefeld-vom-26-10-2021\/#breadcrumb\",\"itemListElement\":[{\"@type\":\"ListItem\",\"position\":1,\"name\":\"Startseite\",\"item\":\"https:\/\/tierheim-moers.de\/Wordpress\/\"},{\"@type\":\"ListItem\",\"position\":2,\"name\":\"Mila ist eine gro\u00dfe Schmusekatze und wilde Hummel, vermittelt 15.11.2021\"}]},{\"@type\":\"WebSite\",\"@id\":\"https:\/\/tierheim-moers.de\/Wordpress\/#website\",\"url\":\"https:\/\/tierheim-moers.de\/Wordpress\/\",\"name\":\"Tierheim Moers\",\"description\":\"Tierheim | Hundepension | Tierschutz | Moers\",\"publisher\":{\"@id\":\"https:\/\/tierheim-moers.de\/Wordpress\/#organization\"},\"potentialAction\":[{\"@type\":\"SearchAction\",\"target\":{\"@type\":\"EntryPoint\",\"urlTemplate\":\"https:\/\/tierheim-moers.de\/Wordpress\/?s={search_term_string}\"},\"query-input\":{\"@type\":\"PropertyValueSpecification\",\"valueRequired\":true,\"valueName\":\"search_term_string\"}}],\"inLanguage\":\"de\"},{\"@type\":\"Organization\",\"@id\":\"https:\/\/tierheim-moers.de\/Wordpress\/#organization\",\"name\":\"Tierheim Moers\",\"url\":\"https:\/\/tierheim-moers.de\/Wordpress\/\",\"logo\":{\"@type\":\"ImageObject\",\"inLanguage\":\"de\",\"@id\":\"https:\/\/tierheim-moers.de\/Wordpress\/#\/schema\/logo\/image\/\",\"url\":\"https:\/\/tierheim-moers.de\/Wordpress\/wp-content\/uploads\/2014\/04\/Logo-TSV-Moers-V01-RGB-300.png\",\"contentUrl\":\"https:\/\/tierheim-moers.de\/Wordpress\/wp-content\/uploads\/2014\/04\/Logo-TSV-Moers-V01-RGB-300.png\",\"width\":1052,\"height\":1038,\"caption\":\"Tierheim Moers\"},\"image\":{\"@id\":\"https:\/\/tierheim-moers.de\/Wordpress\/#\/schema\/logo\/image\/\"},\"sameAs\":[\"https:\/\/de-de.facebook.com\/moers.tierheim\"]},{\"@type\":\"Person\",\"@id\":\"https:\/\/tierheim-moers.de\/Wordpress\/#\/schema\/person\/35ad410ed2d8620d4f57f813585b0d8e\",\"name\":\"Gisela Kuhnen\",\"image\":{\"@type\":\"ImageObject\",\"inLanguage\":\"de\",\"@id\":\"https:\/\/tierheim-moers.de\/Wordpress\/#\/schema\/person\/image\/\",\"url\":\"https:\/\/secure.gravatar.com\/avatar\/807ca84b4538291e2f5dc665ed240a0d4d7ab8f22360ec427a82fe926980b31a?s=96&d=mm&r=g\",\"contentUrl\":\"https:\/\/secure.gravatar.com\/avatar\/807ca84b4538291e2f5dc665ed240a0d4d7ab8f22360ec427a82fe926980b31a?s=96&d=mm&r=g\",\"caption\":\"Gisela Kuhnen\"},\"url\":\"https:\/\/tierheim-moers.de\/Wordpress\/author\/gisela-kuhnen\/\"}]}<\/script>\n<!-- \/ Yoast SEO plugin. -->","yoast_head_json":{"title":"Mila ist eine gro\u00dfe Schmusekatze und wilde Hummel, vermittelt 15.11.2021 | TIERHEIM MOERS","robots":{"index":"index","follow":"follow","max-snippet":"max-snippet:-1","max-image-preview":"max-image-preview:large","max-video-preview":"max-video-preview:-1"},"canonical":"https:\/\/tierheim-moers.de\/Wordpress\/fund-katze-aus-krefeld-vom-26-10-2021\/","og_locale":"de_DE","og_type":"article","og_title":"Mila ist eine gro\u00dfe Schmusekatze und wilde Hummel, vermittelt 15.11.2021 | TIERHEIM MOERS","og_description":"13.11.2021 Hier ist noch ein Feger ins Katzenhaus umgezogen. Dieser kleine Quirl mischt Stube 3 ordentlich auf, tobt durch den Innenraum und &#8230;","og_url":"https:\/\/tierheim-moers.de\/Wordpress\/fund-katze-aus-krefeld-vom-26-10-2021\/","og_site_name":"TIERHEIM MOERS","article_publisher":"https:\/\/de-de.facebook.com\/moers.tierheim","article_published_time":"2021-11-15T08:38:00+00:00","article_modified_time":"2021-11-15T15:43:33+00:00","og_image":[{"width":1237,"height":879,"url":"https:\/\/tierheim-moers.de\/Wordpress\/wp-content\/uploads\/2021\/10\/fk-mila2-ausschnitt.jpg","type":"image\/jpeg"}],"author":"Gisela Kuhnen","twitter_card":"summary_large_image","twitter_misc":{"Verfasst von":"Gisela Kuhnen","Gesch\u00e4tzte Lesezeit":"2\u00a0Minuten"},"schema":{"@context":"https:\/\/schema.org","@graph":[{"@type":"Article","@id":"https:\/\/tierheim-moers.de\/Wordpress\/fund-katze-aus-krefeld-vom-26-10-2021\/#article","isPartOf":{"@id":"https:\/\/tierheim-moers.de\/Wordpress\/fund-katze-aus-krefeld-vom-26-10-2021\/"},"author":{"name":"Gisela Kuhnen","@id":"https:\/\/tierheim-moers.de\/Wordpress\/#\/schema\/person\/35ad410ed2d8620d4f57f813585b0d8e"},"headline":"Mila ist eine gro\u00dfe Schmusekatze und wilde Hummel, vermittelt 15.11.2021","datePublished":"2021-11-15T08:38:00+00:00","dateModified":"2021-11-15T15:43:33+00:00","mainEntityOfPage":{"@id":"https:\/\/tierheim-moers.de\/Wordpress\/fund-katze-aus-krefeld-vom-26-10-2021\/"},"wordCount":180,"publisher":{"@id":"https:\/\/tierheim-moers.de\/Wordpress\/#organization"},"image":{"@id":"https:\/\/tierheim-moers.de\/Wordpress\/fund-katze-aus-krefeld-vom-26-10-2021\/#primaryimage"},"thumbnailUrl":"https:\/\/tierheim-moers.de\/Wordpress\/wp-content\/uploads\/2021\/10\/fk-mila2-ausschnitt.jpg","articleSection":["Vermittelt"],"inLanguage":"de"},{"@type":"WebPage","@id":"https:\/\/tierheim-moers.de\/Wordpress\/fund-katze-aus-krefeld-vom-26-10-2021\/","url":"https:\/\/tierheim-moers.de\/Wordpress\/fund-katze-aus-krefeld-vom-26-10-2021\/","name":"Mila ist eine gro\u00dfe Schmusekatze und wilde Hummel, vermittelt 15.11.2021 | TIERHEIM MOERS","isPartOf":{"@id":"https:\/\/tierheim-moers.de\/Wordpress\/#website"},"primaryImageOfPage":{"@id":"https:\/\/tierheim-moers.de\/Wordpress\/fund-katze-aus-krefeld-vom-26-10-2021\/#primaryimage"},"image":{"@id":"https:\/\/tierheim-moers.de\/Wordpress\/fund-katze-aus-krefeld-vom-26-10-2021\/#primaryimage"},"thumbnailUrl":"https:\/\/tierheim-moers.de\/Wordpress\/wp-content\/uploads\/2021\/10\/fk-mila2-ausschnitt.jpg","datePublished":"2021-11-15T08:38:00+00:00","dateModified":"2021-11-15T15:43:33+00:00","breadcrumb":{"@id":"https:\/\/tierheim-moers.de\/Wordpress\/fund-katze-aus-krefeld-vom-26-10-2021\/#breadcrumb"},"inLanguage":"de","potentialAction":[{"@type":"ReadAction","target":["https:\/\/tierheim-moers.de\/Wordpress\/fund-katze-aus-krefeld-vom-26-10-2021\/"]}]},{"@type":"ImageObject","inLanguage":"de","@id":"https:\/\/tierheim-moers.de\/Wordpress\/fund-katze-aus-krefeld-vom-26-10-2021\/#primaryimage","url":"https:\/\/tierheim-moers.de\/Wordpress\/wp-content\/uploads\/2021\/10\/fk-mila2-ausschnitt.jpg","contentUrl":"https:\/\/tierheim-moers.de\/Wordpress\/wp-content\/uploads\/2021\/10\/fk-mila2-ausschnitt.jpg","width":1237,"height":879},{"@type":"BreadcrumbList","@id":"https:\/\/tierheim-moers.de\/Wordpress\/fund-katze-aus-krefeld-vom-26-10-2021\/#breadcrumb","itemListElement":[{"@type":"ListItem","position":1,"name":"Startseite","item":"https:\/\/tierheim-moers.de\/Wordpress\/"},{"@type":"ListItem","position":2,"name":"Mila ist eine gro\u00dfe Schmusekatze und wilde Hummel, vermittelt 15.11.2021"}]},{"@type":"WebSite","@id":"https:\/\/tierheim-moers.de\/Wordpress\/#website","url":"https:\/\/tierheim-moers.de\/Wordpress\/","name":"Tierheim Moers","description":"Tierheim | Hundepension | Tierschutz | Moers","publisher":{"@id":"https:\/\/tierheim-moers.de\/Wordpress\/#organization"},"potentialAction":[{"@type":"SearchAction","target":{"@type":"EntryPoint","urlTemplate":"https:\/\/tierheim-moers.de\/Wordpress\/?s={search_term_string}"},"query-input":{"@type":"PropertyValueSpecification","valueRequired":true,"valueName":"search_term_string"}}],"inLanguage":"de"},{"@type":"Organization","@id":"https:\/\/tierheim-moers.de\/Wordpress\/#organization","name":"Tierheim Moers","url":"https:\/\/tierheim-moers.de\/Wordpress\/","logo":{"@type":"ImageObject","inLanguage":"de","@id":"https:\/\/tierheim-moers.de\/Wordpress\/#\/schema\/logo\/image\/","url":"https:\/\/tierheim-moers.de\/Wordpress\/wp-content\/uploads\/2014\/04\/Logo-TSV-Moers-V01-RGB-300.png","contentUrl":"https:\/\/tierheim-moers.de\/Wordpress\/wp-content\/uploads\/2014\/04\/Logo-TSV-Moers-V01-RGB-300.png","width":1052,"height":1038,"caption":"Tierheim Moers"},"image":{"@id":"https:\/\/tierheim-moers.de\/Wordpress\/#\/schema\/logo\/image\/"},"sameAs":["https:\/\/de-de.facebook.com\/moers.tierheim"]},{"@type":"Person","@id":"https:\/\/tierheim-moers.de\/Wordpress\/#\/schema\/person\/35ad410ed2d8620d4f57f813585b0d8e","name":"Gisela Kuhnen","image":{"@type":"ImageObject","inLanguage":"de","@id":"https:\/\/tierheim-moers.de\/Wordpress\/#\/schema\/person\/image\/","url":"https:\/\/secure.gravatar.com\/avatar\/807ca84b4538291e2f5dc665ed240a0d4d7ab8f22360ec427a82fe926980b31a?s=96&d=mm&r=g","contentUrl":"https:\/\/secure.gravatar.com\/avatar\/807ca84b4538291e2f5dc665ed240a0d4d7ab8f22360ec427a82fe926980b31a?s=96&d=mm&r=g","caption":"Gisela Kuhnen"},"url":"https:\/\/tierheim-moers.de\/Wordpress\/author\/gisela-kuhnen\/"}]}},"_links":{"self":[{"href":"https:\/\/tierheim-moers.de\/Wordpress\/wp-json\/wp\/v2\/posts\/43971","targetHints":{"allow":["GET"]}}],"collection":[{"href":"https:\/\/tierheim-moers.de\/Wordpress\/wp-json\/wp\/v2\/posts"}],"about":[{"href":"https:\/\/tierheim-moers.de\/Wordpress\/wp-json\/wp\/v2\/types\/post"}],"author":[{"embeddable":true,"href":"https:\/\/tierheim-moers.de\/Wordpress\/wp-json\/wp\/v2\/users\/4"}],"replies":[{"embeddable":true,"href":"https:\/\/tierheim-moers.de\/Wordpress\/wp-json\/wp\/v2\/comments?post=43971"}],"version-history":[{"count":9,"href":"https:\/\/tierheim-moers.de\/Wordpress\/wp-json\/wp\/v2\/posts\/43971\/revisions"}],"predecessor-version":[{"id":44441,"href":"https:\/\/tierheim-moers.de\/Wordpress\/wp-json\/wp\/v2\/posts\/43971\/revisions\/44441"}],"wp:featuredmedia":[{"embeddable":true,"href":"https:\/\/tierheim-moers.de\/Wordpress\/wp-json\/wp\/v2\/media\/44320"}],"wp:attachment":[{"href":"https:\/\/tierheim-moers.de\/Wordpress\/wp-json\/wp\/v2\/media?parent=43971"}],"wp:term":[{"taxonomy":"category","embeddable":true,"href":"https:\/\/tierheim-moers.de\/Wordpress\/wp-json\/wp\/v2\/categories?post=43971"},{"taxonomy":"post_tag","embeddable":true,"href":"https:\/\/tierheim-moers.de\/Wordpress\/wp-json\/wp\/v2\/tags?post=43971"}],"curies":[{"name":"wp","href":"https:\/\/api.w.org\/{rel}","templated":true}]}}