{"id":45567,"date":"2022-08-17T13:03:43","date_gmt":"2022-08-17T11:03:43","guid":{"rendered":"https:\/\/tierheim-moers.de\/Wordpress\/?p=45567"},"modified":"2022-08-17T13:29:18","modified_gmt":"2022-08-17T11:29:18","slug":"ein-lieber-gruss-von-claerchen-clara","status":"publish","type":"post","link":"https:\/\/tierheim-moers.de\/Wordpress\/ein-lieber-gruss-von-claerchen-clara\/","title":{"rendered":"Ein lieber Gru\u00df von Cl\u00e4rchen \/ Clara, diesmal aus der Regenbogenwelt"},"content":{"rendered":"<p>17.08.2022<\/p>\n<p>Am 24.07. bekamen wir noch diese wunderbaren Bilder von Cl\u00e4rchen zugeschickt. <a href=\"https:\/\/tierheim-moers.de\/Wordpress\/wp-content\/uploads\/2022\/02\/clara-scaled.jpg\"><img fetchpriority=\"high\" decoding=\"async\" class=\"alignnone size-medium wp-image-49428\" src=\"https:\/\/tierheim-moers.de\/Wordpress\/wp-content\/uploads\/2022\/02\/clara-300x225.jpg\" alt=\"\" width=\"300\" height=\"225\" srcset=\"https:\/\/tierheim-moers.de\/Wordpress\/wp-content\/uploads\/2022\/02\/clara-300x225.jpg 300w, https:\/\/tierheim-moers.de\/Wordpress\/wp-content\/uploads\/2022\/02\/clara-1024x768.jpg 1024w, https:\/\/tierheim-moers.de\/Wordpress\/wp-content\/uploads\/2022\/02\/clara-768x576.jpg 768w, https:\/\/tierheim-moers.de\/Wordpress\/wp-content\/uploads\/2022\/02\/clara-600x450.jpg 600w, https:\/\/tierheim-moers.de\/Wordpress\/wp-content\/uploads\/2022\/02\/clara-1536x1152.jpg 1536w, https:\/\/tierheim-moers.de\/Wordpress\/wp-content\/uploads\/2022\/02\/clara-2048x1536.jpg 2048w, https:\/\/tierheim-moers.de\/Wordpress\/wp-content\/uploads\/2022\/02\/clara-700x525.jpg 700w, https:\/\/tierheim-moers.de\/Wordpress\/wp-content\/uploads\/2022\/02\/clara-1320x990.jpg 1320w\" sizes=\"(max-width: 300px) 100vw, 300px\" \/><\/a> <a href=\"https:\/\/tierheim-moers.de\/Wordpress\/wp-content\/uploads\/2022\/02\/clara.png\"><img decoding=\"async\" class=\"alignnone size-medium wp-image-49429\" src=\"https:\/\/tierheim-moers.de\/Wordpress\/wp-content\/uploads\/2022\/02\/clara-169x300.png\" alt=\"\" width=\"169\" height=\"300\" srcset=\"https:\/\/tierheim-moers.de\/Wordpress\/wp-content\/uploads\/2022\/02\/clara-169x300.png 169w, https:\/\/tierheim-moers.de\/Wordpress\/wp-content\/uploads\/2022\/02\/clara-576x1024.png 576w, https:\/\/tierheim-moers.de\/Wordpress\/wp-content\/uploads\/2022\/02\/clara-600x1067.png 600w, https:\/\/tierheim-moers.de\/Wordpress\/wp-content\/uploads\/2022\/02\/clara-700x1245.png 700w, https:\/\/tierheim-moers.de\/Wordpress\/wp-content\/uploads\/2022\/02\/clara.png 750w\" sizes=\"(max-width: 169px) 100vw, 169px\" \/><\/a> <a href=\"https:\/\/tierheim-moers.de\/Wordpress\/wp-content\/uploads\/2022\/02\/clara2-scaled.jpg\"><img decoding=\"async\" class=\"alignnone size-medium wp-image-49430\" src=\"https:\/\/tierheim-moers.de\/Wordpress\/wp-content\/uploads\/2022\/02\/clara2-225x300.jpg\" alt=\"\" width=\"225\" height=\"300\" srcset=\"https:\/\/tierheim-moers.de\/Wordpress\/wp-content\/uploads\/2022\/02\/clara2-225x300.jpg 225w, https:\/\/tierheim-moers.de\/Wordpress\/wp-content\/uploads\/2022\/02\/clara2-768x1024.jpg 768w, https:\/\/tierheim-moers.de\/Wordpress\/wp-content\/uploads\/2022\/02\/clara2-600x800.jpg 600w, https:\/\/tierheim-moers.de\/Wordpress\/wp-content\/uploads\/2022\/02\/clara2-1152x1536.jpg 1152w, https:\/\/tierheim-moers.de\/Wordpress\/wp-content\/uploads\/2022\/02\/clara2-1536x2048.jpg 1536w, https:\/\/tierheim-moers.de\/Wordpress\/wp-content\/uploads\/2022\/02\/clara2-700x933.jpg 700w, https:\/\/tierheim-moers.de\/Wordpress\/wp-content\/uploads\/2022\/02\/clara2-1320x1760.jpg 1320w, https:\/\/tierheim-moers.de\/Wordpress\/wp-content\/uploads\/2022\/02\/clara2-scaled.jpg 1920w\" sizes=\"(max-width: 225px) 100vw, 225px\" \/><\/a> <a href=\"https:\/\/tierheim-moers.de\/Wordpress\/wp-content\/uploads\/2022\/02\/clara3-scaled.jpg\"><img loading=\"lazy\" decoding=\"async\" class=\"alignnone size-medium wp-image-49431\" src=\"https:\/\/tierheim-moers.de\/Wordpress\/wp-content\/uploads\/2022\/02\/clara3-300x225.jpg\" alt=\"\" width=\"300\" height=\"225\" srcset=\"https:\/\/tierheim-moers.de\/Wordpress\/wp-content\/uploads\/2022\/02\/clara3-300x225.jpg 300w, https:\/\/tierheim-moers.de\/Wordpress\/wp-content\/uploads\/2022\/02\/clara3-1024x768.jpg 1024w, https:\/\/tierheim-moers.de\/Wordpress\/wp-content\/uploads\/2022\/02\/clara3-768x576.jpg 768w, https:\/\/tierheim-moers.de\/Wordpress\/wp-content\/uploads\/2022\/02\/clara3-600x450.jpg 600w, https:\/\/tierheim-moers.de\/Wordpress\/wp-content\/uploads\/2022\/02\/clara3-1536x1152.jpg 1536w, https:\/\/tierheim-moers.de\/Wordpress\/wp-content\/uploads\/2022\/02\/clara3-2048x1536.jpg 2048w, https:\/\/tierheim-moers.de\/Wordpress\/wp-content\/uploads\/2022\/02\/clara3-700x525.jpg 700w, https:\/\/tierheim-moers.de\/Wordpress\/wp-content\/uploads\/2022\/02\/clara3-1320x990.jpg 1320w\" sizes=\"(max-width: 300px) 100vw, 300px\" \/><\/a> <a href=\"https:\/\/tierheim-moers.de\/Wordpress\/wp-content\/uploads\/2022\/02\/clara4-scaled.jpg\"><img loading=\"lazy\" decoding=\"async\" class=\"size-medium wp-image-49432 alignleft\" src=\"https:\/\/tierheim-moers.de\/Wordpress\/wp-content\/uploads\/2022\/02\/clara4-225x300.jpg\" alt=\"\" width=\"225\" height=\"300\" srcset=\"https:\/\/tierheim-moers.de\/Wordpress\/wp-content\/uploads\/2022\/02\/clara4-225x300.jpg 225w, https:\/\/tierheim-moers.de\/Wordpress\/wp-content\/uploads\/2022\/02\/clara4-768x1024.jpg 768w, https:\/\/tierheim-moers.de\/Wordpress\/wp-content\/uploads\/2022\/02\/clara4-600x800.jpg 600w, https:\/\/tierheim-moers.de\/Wordpress\/wp-content\/uploads\/2022\/02\/clara4-1152x1536.jpg 1152w, https:\/\/tierheim-moers.de\/Wordpress\/wp-content\/uploads\/2022\/02\/clara4-1536x2048.jpg 1536w, https:\/\/tierheim-moers.de\/Wordpress\/wp-content\/uploads\/2022\/02\/clara4-700x933.jpg 700w, https:\/\/tierheim-moers.de\/Wordpress\/wp-content\/uploads\/2022\/02\/clara4-1320x1760.jpg 1320w, https:\/\/tierheim-moers.de\/Wordpress\/wp-content\/uploads\/2022\/02\/clara4-scaled.jpg 1920w\" sizes=\"(max-width: 225px) 100vw, 225px\" \/><\/a>Doch nur 3 Tage sp\u00e4ter gingen alle Hoffnungen auf ein gemeinsames Leben in die Br\u00fcche.<\/p>\n<p>&#8220;Ich war Sonntag noch so optimistisch, weil die Medikamente der Maus so guttaten. Heute morgen dann musste ich sie mit unendlich schwerem Herzen einschl\u00e4fern lassen. \u00dcber Nacht hatte sich pl\u00f6tzlich ihr Zustand so extrem verschlechtert. Ich bin so traurig und gleichzeitig so dankbar, dass ich sie wenigstens ein kleines St\u00fcckchen ihres Lebens begleiten durfte.&#8221;<\/p>\n<p>Wir- das Tierheimteam-\u00a0 m\u00f6chten &#8220;Danke &#8221; sagen, dass auch dieses \u00e4ltere Sch\u00e4tzchen noch einen liebevollen Platz gefunden hat, auf dem sie ihre letzten Monate verbringen durfte. Unsere Hochachtung gilt immer wieder den Menschen, die trotz des Wissens auf eine vielleicht nicht lange Zukunft, bereit sind, einem Senioren ihre Liebe und F\u00fcrsorge zu schenken. Diejenigen, die dies bereits gemacht haben, wissen, wie dankbar gerade dieseTiere sind und wieviel sie ihren Menschen noch zur\u00fcckgeben.<\/p>\n<p>02.02.2022<\/p>\n<p>Diesmal haben wir einen kleinen Film von Clara aus dem neuen Zuhause bekommen. Ihre neuen Dosen\u00f6ffner schreiben folgendes:<\/p>\n<p class=\"moz-quote-pre\">Mal wieder etwas von Clara. Sie hat sich so prima eingelebt, die liebe Maus.<\/p>\n<p><a href=\"https:\/\/tierheim-moers.de\/Wordpress\/wp-content\/uploads\/2022\/01\/clara-film.mov\">clara film<\/a><\/p>\n<p>15.01.2022<a href=\"https:\/\/tierheim-moers.de\/Wordpress\/wp-content\/uploads\/2022\/01\/clara.png\"><img loading=\"lazy\" decoding=\"async\" class=\"size-medium wp-image-45569 alignleft\" src=\"https:\/\/tierheim-moers.de\/Wordpress\/wp-content\/uploads\/2022\/01\/clara-169x300.png\" alt=\"\" width=\"169\" height=\"300\" srcset=\"https:\/\/tierheim-moers.de\/Wordpress\/wp-content\/uploads\/2022\/01\/clara-169x300.png 169w, https:\/\/tierheim-moers.de\/Wordpress\/wp-content\/uploads\/2022\/01\/clara-576x1024.png 576w, https:\/\/tierheim-moers.de\/Wordpress\/wp-content\/uploads\/2022\/01\/clara-600x1067.png 600w, https:\/\/tierheim-moers.de\/Wordpress\/wp-content\/uploads\/2022\/01\/clara-700x1245.png 700w, https:\/\/tierheim-moers.de\/Wordpress\/wp-content\/uploads\/2022\/01\/clara.png 750w\" sizes=\"(max-width: 169px) 100vw, 169px\" \/><\/a><\/p>\n<p class=\"moz-quote-pre\">Einen lieben Gru\u00df vom Cl\u00e4rchen-\u00a0 aus dem neuen Zuhaus<\/p>\n<div class=\"shariff shariff-align-flex-start shariff-widget-align-center\" data-url=\"https%3A%2F%2Ftierheim-moers.de%2FWordpress%2Fein-lieber-gruss-von-claerchen-clara%2F\" data-timestamp=\"1660742958\" data-hidezero=\"1\" data-backendurl=\"https:\/\/tierheim-moers.de\/Wordpress\/wp-json\/shariff\/v1\/share_counts?\"><ul class=\"shariff-buttons theme-round orientation-horizontal buttonsize-small\"><li class=\"shariff-button facebook shariff-nocustomcolor\" style=\"background-color:#4273c8\"><a href=\"https:\/\/www.facebook.com\/sharer\/sharer.php?u=https%3A%2F%2Ftierheim-moers.de%2FWordpress%2Fein-lieber-gruss-von-claerchen-clara%2F\" title=\"Bei Facebook teilen\" aria-label=\"Bei Facebook teilen\" role=\"button\" rel=\"nofollow\" class=\"shariff-link\" style=\"; background-color:#3b5998; color:#fff\" target=\"_blank\"><span class=\"shariff-icon\" style=\"\"><svg width=\"32px\" height=\"20px\" xmlns=\"http:\/\/www.w3.org\/2000\/svg\" viewBox=\"0 0 18 32\"><path fill=\"#3b5998\" d=\"M17.1 0.2v4.7h-2.8q-1.5 0-2.1 0.6t-0.5 1.9v3.4h5.2l-0.7 5.3h-4.5v13.6h-5.5v-13.6h-4.5v-5.3h4.5v-3.9q0-3.3 1.9-5.2t5-1.8q2.6 0 4.1 0.2z\"\/><\/svg><\/span><\/a><\/li><li class=\"shariff-button twitter shariff-nocustomcolor\" style=\"background-color:#595959\"><a href=\"https:\/\/twitter.com\/share?url=https%3A%2F%2Ftierheim-moers.de%2FWordpress%2Fein-lieber-gruss-von-claerchen-clara%2F&text=Ein%20lieber%20Gru%C3%9F%20von%20Cl%C3%A4rchen%20%2F%20Clara%2C%20diesmal%20aus%20der%20Regenbogenwelt\" title=\"Bei X teilen\" aria-label=\"Bei X teilen\" role=\"button\" rel=\"noopener nofollow\" class=\"shariff-link\" style=\"; background-color:#000; color:#fff\" target=\"_blank\"><span class=\"shariff-icon\" style=\"\"><svg width=\"32px\" height=\"20px\" xmlns=\"http:\/\/www.w3.org\/2000\/svg\" viewBox=\"0 0 24 24\"><path fill=\"#000\" d=\"M14.258 10.152L23.176 0h-2.113l-7.747 8.813L7.133 0H0l9.352 13.328L0 23.973h2.113l8.176-9.309 6.531 9.309h7.133zm-2.895 3.293l-.949-1.328L2.875 1.56h3.246l6.086 8.523.945 1.328 7.91 11.078h-3.246zm0 0\"\/><\/svg><\/span><\/a><\/li><li class=\"shariff-button whatsapp shariff-nocustomcolor\" style=\"background-color:#5cbe4a\"><a href=\"https:\/\/api.whatsapp.com\/send?text=https%3A%2F%2Ftierheim-moers.de%2FWordpress%2Fein-lieber-gruss-von-claerchen-clara%2F%20Ein%20lieber%20Gru%C3%9F%20von%20Cl%C3%A4rchen%20%2F%20Clara%2C%20diesmal%20aus%20der%20Regenbogenwelt\" title=\"Bei Whatsapp teilen\" aria-label=\"Bei Whatsapp teilen\" role=\"button\" rel=\"noopener nofollow\" class=\"shariff-link\" style=\"; background-color:#34af23; color:#fff\" target=\"_blank\"><span class=\"shariff-icon\" style=\"\"><svg width=\"32px\" height=\"20px\" xmlns=\"http:\/\/www.w3.org\/2000\/svg\" viewBox=\"0 0 32 32\"><path fill=\"#34af23\" d=\"M17.6 17.4q0.2 0 1.7 0.8t1.6 0.9q0 0.1 0 0.3 0 0.6-0.3 1.4-0.3 0.7-1.3 1.2t-1.8 0.5q-1 0-3.4-1.1-1.7-0.8-3-2.1t-2.6-3.3q-1.3-1.9-1.3-3.5v-0.1q0.1-1.6 1.3-2.8 0.4-0.4 0.9-0.4 0.1 0 0.3 0t0.3 0q0.3 0 0.5 0.1t0.3 0.5q0.1 0.4 0.6 1.6t0.4 1.3q0 0.4-0.6 1t-0.6 0.8q0 0.1 0.1 0.3 0.6 1.3 1.8 2.4 1 0.9 2.7 1.8 0.2 0.1 0.4 0.1 0.3 0 1-0.9t0.9-0.9zM14 26.9q2.3 0 4.3-0.9t3.6-2.4 2.4-3.6 0.9-4.3-0.9-4.3-2.4-3.6-3.6-2.4-4.3-0.9-4.3 0.9-3.6 2.4-2.4 3.6-0.9 4.3q0 3.6 2.1 6.6l-1.4 4.2 4.3-1.4q2.8 1.9 6.2 1.9zM14 2.2q2.7 0 5.2 1.1t4.3 2.9 2.9 4.3 1.1 5.2-1.1 5.2-2.9 4.3-4.3 2.9-5.2 1.1q-3.5 0-6.5-1.7l-7.4 2.4 2.4-7.2q-1.9-3.2-1.9-6.9 0-2.7 1.1-5.2t2.9-4.3 4.3-2.9 5.2-1.1z\"\/><\/svg><\/span><\/a><\/li><li class=\"shariff-button sms shariff-nocustomcolor shariff-mobile\" style=\"background-color:#d7d9d8\"><a href=\"sms:?&body=https%3A%2F%2Ftierheim-moers.de%2FWordpress%2Fein-lieber-gruss-von-claerchen-clara%2F\" title=\"Per SMS teilen\" aria-label=\"Per SMS teilen\" role=\"button\" rel=\"noopener nofollow\" class=\"shariff-link\" style=\"; background-color:#a1e877; color:#fff\" target=\"_blank\"><span class=\"shariff-icon\" style=\"\"><svg xmlns=\"http:\/\/www.w3.org\/2000\/svg\" width=\"510\" height=\"510\" viewBox=\"0 0 510 510\"><path fill=\"#a1e877\" d=\"M459 0H51C23 0 0 23 0 51v459l102-102h357c28.1 0 51-22.9 51-51V51C510 23 487.1 0 459 0zM178.5 229.5h-51v-51h51V229.5zM280.5 229.5h-51v-51h51V229.5zM382.5 229.5h-51v-51h51V229.5z\"\/><\/svg><\/span><\/a><\/li><\/ul><\/div>","protected":false},"excerpt":{"rendered":"<p>17.08.2022 Am 24.07. bekamen wir noch diese wunderbaren Bilder von Cl\u00e4rchen zugeschickt. Doch nur 3 Tage sp\u00e4ter gingen alle Hoffnungen auf ein gemeinsames Leben in die Br\u00fcche. &#8220;Ich war Sonntag noch so optimistisch, weil die Medikamente der Maus so guttaten. Heute morgen dann musste ich sie mit unendlich schwerem Herzen &#8230;<\/p>\n","protected":false},"author":4,"featured_media":49429,"comment_status":"closed","ping_status":"open","sticky":false,"template":"","format":"standard","meta":{"ngg_post_thumbnail":0,"footnotes":""},"categories":[32],"tags":[],"class_list":["post-45567","post","type-post","status-publish","format-standard","has-post-thumbnail","hentry","category-erfolgsgeschichten","column","threecol","has-thumbnail"],"yoast_head":"<!-- This site is optimized with the Yoast SEO plugin v24.6 - https:\/\/yoast.com\/wordpress\/plugins\/seo\/ -->\n<title>Ein lieber Gru\u00df von Cl\u00e4rchen \/ Clara, diesmal aus der Regenbogenwelt | TIERHEIM MOERS<\/title>\n<meta name=\"robots\" content=\"index, follow, max-snippet:-1, max-image-preview:large, max-video-preview:-1\" \/>\n<link rel=\"canonical\" href=\"https:\/\/tierheim-moers.de\/Wordpress\/ein-lieber-gruss-von-claerchen-clara\/\" \/>\n<meta property=\"og:locale\" content=\"de_DE\" \/>\n<meta property=\"og:type\" content=\"article\" \/>\n<meta property=\"og:title\" content=\"Ein lieber Gru\u00df von Cl\u00e4rchen \/ Clara, diesmal aus der Regenbogenwelt | TIERHEIM MOERS\" \/>\n<meta property=\"og:description\" content=\"17.08.2022 Am 24.07. bekamen wir noch diese wunderbaren Bilder von Cl\u00e4rchen zugeschickt. Doch nur 3 Tage sp\u00e4ter gingen alle Hoffnungen auf ein &#8230;\" \/>\n<meta property=\"og:url\" content=\"https:\/\/tierheim-moers.de\/Wordpress\/ein-lieber-gruss-von-claerchen-clara\/\" \/>\n<meta property=\"og:site_name\" content=\"TIERHEIM MOERS\" \/>\n<meta property=\"article:publisher\" content=\"https:\/\/de-de.facebook.com\/moers.tierheim\" \/>\n<meta property=\"article:published_time\" content=\"2022-08-17T11:03:43+00:00\" \/>\n<meta property=\"article:modified_time\" content=\"2022-08-17T11:29:18+00:00\" \/>\n<meta property=\"og:image\" content=\"https:\/\/tierheim-moers.de\/Wordpress\/wp-content\/uploads\/2022\/02\/clara.png\" \/>\n\t<meta property=\"og:image:width\" content=\"750\" \/>\n\t<meta property=\"og:image:height\" content=\"1334\" \/>\n\t<meta property=\"og:image:type\" content=\"image\/png\" \/>\n<meta name=\"author\" content=\"Gisela Kuhnen\" \/>\n<meta name=\"twitter:card\" content=\"summary_large_image\" \/>\n<meta name=\"twitter:label1\" content=\"Verfasst von\" \/>\n\t<meta name=\"twitter:data1\" content=\"Gisela Kuhnen\" \/>\n\t<meta name=\"twitter:label2\" content=\"Gesch\u00e4tzte Lesezeit\" \/>\n\t<meta name=\"twitter:data2\" content=\"1\u00a0Minute\" \/>\n<script type=\"application\/ld+json\" class=\"yoast-schema-graph\">{\"@context\":\"https:\/\/schema.org\",\"@graph\":[{\"@type\":\"Article\",\"@id\":\"https:\/\/tierheim-moers.de\/Wordpress\/ein-lieber-gruss-von-claerchen-clara\/#article\",\"isPartOf\":{\"@id\":\"https:\/\/tierheim-moers.de\/Wordpress\/ein-lieber-gruss-von-claerchen-clara\/\"},\"author\":{\"name\":\"Gisela Kuhnen\",\"@id\":\"https:\/\/tierheim-moers.de\/Wordpress\/#\/schema\/person\/35ad410ed2d8620d4f57f813585b0d8e\"},\"headline\":\"Ein lieber Gru\u00df von Cl\u00e4rchen \/ Clara, diesmal aus der Regenbogenwelt\",\"datePublished\":\"2022-08-17T11:03:43+00:00\",\"dateModified\":\"2022-08-17T11:29:18+00:00\",\"mainEntityOfPage\":{\"@id\":\"https:\/\/tierheim-moers.de\/Wordpress\/ein-lieber-gruss-von-claerchen-clara\/\"},\"wordCount\":215,\"publisher\":{\"@id\":\"https:\/\/tierheim-moers.de\/Wordpress\/#organization\"},\"image\":{\"@id\":\"https:\/\/tierheim-moers.de\/Wordpress\/ein-lieber-gruss-von-claerchen-clara\/#primaryimage\"},\"thumbnailUrl\":\"https:\/\/tierheim-moers.de\/Wordpress\/wp-content\/uploads\/2022\/02\/clara.png\",\"articleSection\":[\"Erfolgsgeschichten\"],\"inLanguage\":\"de\"},{\"@type\":\"WebPage\",\"@id\":\"https:\/\/tierheim-moers.de\/Wordpress\/ein-lieber-gruss-von-claerchen-clara\/\",\"url\":\"https:\/\/tierheim-moers.de\/Wordpress\/ein-lieber-gruss-von-claerchen-clara\/\",\"name\":\"Ein lieber Gru\u00df von Cl\u00e4rchen \/ Clara, diesmal aus der Regenbogenwelt | TIERHEIM MOERS\",\"isPartOf\":{\"@id\":\"https:\/\/tierheim-moers.de\/Wordpress\/#website\"},\"primaryImageOfPage\":{\"@id\":\"https:\/\/tierheim-moers.de\/Wordpress\/ein-lieber-gruss-von-claerchen-clara\/#primaryimage\"},\"image\":{\"@id\":\"https:\/\/tierheim-moers.de\/Wordpress\/ein-lieber-gruss-von-claerchen-clara\/#primaryimage\"},\"thumbnailUrl\":\"https:\/\/tierheim-moers.de\/Wordpress\/wp-content\/uploads\/2022\/02\/clara.png\",\"datePublished\":\"2022-08-17T11:03:43+00:00\",\"dateModified\":\"2022-08-17T11:29:18+00:00\",\"breadcrumb\":{\"@id\":\"https:\/\/tierheim-moers.de\/Wordpress\/ein-lieber-gruss-von-claerchen-clara\/#breadcrumb\"},\"inLanguage\":\"de\",\"potentialAction\":[{\"@type\":\"ReadAction\",\"target\":[\"https:\/\/tierheim-moers.de\/Wordpress\/ein-lieber-gruss-von-claerchen-clara\/\"]}]},{\"@type\":\"ImageObject\",\"inLanguage\":\"de\",\"@id\":\"https:\/\/tierheim-moers.de\/Wordpress\/ein-lieber-gruss-von-claerchen-clara\/#primaryimage\",\"url\":\"https:\/\/tierheim-moers.de\/Wordpress\/wp-content\/uploads\/2022\/02\/clara.png\",\"contentUrl\":\"https:\/\/tierheim-moers.de\/Wordpress\/wp-content\/uploads\/2022\/02\/clara.png\",\"width\":750,\"height\":1334},{\"@type\":\"BreadcrumbList\",\"@id\":\"https:\/\/tierheim-moers.de\/Wordpress\/ein-lieber-gruss-von-claerchen-clara\/#breadcrumb\",\"itemListElement\":[{\"@type\":\"ListItem\",\"position\":1,\"name\":\"Startseite\",\"item\":\"https:\/\/tierheim-moers.de\/Wordpress\/\"},{\"@type\":\"ListItem\",\"position\":2,\"name\":\"Ein lieber Gru\u00df von Cl\u00e4rchen \/ Clara, diesmal aus der Regenbogenwelt\"}]},{\"@type\":\"WebSite\",\"@id\":\"https:\/\/tierheim-moers.de\/Wordpress\/#website\",\"url\":\"https:\/\/tierheim-moers.de\/Wordpress\/\",\"name\":\"Tierheim Moers\",\"description\":\"Tierheim | Hundepension | Tierschutz | Moers\",\"publisher\":{\"@id\":\"https:\/\/tierheim-moers.de\/Wordpress\/#organization\"},\"potentialAction\":[{\"@type\":\"SearchAction\",\"target\":{\"@type\":\"EntryPoint\",\"urlTemplate\":\"https:\/\/tierheim-moers.de\/Wordpress\/?s={search_term_string}\"},\"query-input\":{\"@type\":\"PropertyValueSpecification\",\"valueRequired\":true,\"valueName\":\"search_term_string\"}}],\"inLanguage\":\"de\"},{\"@type\":\"Organization\",\"@id\":\"https:\/\/tierheim-moers.de\/Wordpress\/#organization\",\"name\":\"Tierheim Moers\",\"url\":\"https:\/\/tierheim-moers.de\/Wordpress\/\",\"logo\":{\"@type\":\"ImageObject\",\"inLanguage\":\"de\",\"@id\":\"https:\/\/tierheim-moers.de\/Wordpress\/#\/schema\/logo\/image\/\",\"url\":\"https:\/\/tierheim-moers.de\/Wordpress\/wp-content\/uploads\/2014\/04\/Logo-TSV-Moers-V01-RGB-300.png\",\"contentUrl\":\"https:\/\/tierheim-moers.de\/Wordpress\/wp-content\/uploads\/2014\/04\/Logo-TSV-Moers-V01-RGB-300.png\",\"width\":1052,\"height\":1038,\"caption\":\"Tierheim Moers\"},\"image\":{\"@id\":\"https:\/\/tierheim-moers.de\/Wordpress\/#\/schema\/logo\/image\/\"},\"sameAs\":[\"https:\/\/de-de.facebook.com\/moers.tierheim\"]},{\"@type\":\"Person\",\"@id\":\"https:\/\/tierheim-moers.de\/Wordpress\/#\/schema\/person\/35ad410ed2d8620d4f57f813585b0d8e\",\"name\":\"Gisela Kuhnen\",\"image\":{\"@type\":\"ImageObject\",\"inLanguage\":\"de\",\"@id\":\"https:\/\/tierheim-moers.de\/Wordpress\/#\/schema\/person\/image\/\",\"url\":\"https:\/\/secure.gravatar.com\/avatar\/807ca84b4538291e2f5dc665ed240a0d4d7ab8f22360ec427a82fe926980b31a?s=96&d=mm&r=g\",\"contentUrl\":\"https:\/\/secure.gravatar.com\/avatar\/807ca84b4538291e2f5dc665ed240a0d4d7ab8f22360ec427a82fe926980b31a?s=96&d=mm&r=g\",\"caption\":\"Gisela Kuhnen\"},\"url\":\"https:\/\/tierheim-moers.de\/Wordpress\/author\/gisela-kuhnen\/\"}]}<\/script>\n<!-- \/ Yoast SEO plugin. -->","yoast_head_json":{"title":"Ein lieber Gru\u00df von Cl\u00e4rchen \/ Clara, diesmal aus der Regenbogenwelt | TIERHEIM MOERS","robots":{"index":"index","follow":"follow","max-snippet":"max-snippet:-1","max-image-preview":"max-image-preview:large","max-video-preview":"max-video-preview:-1"},"canonical":"https:\/\/tierheim-moers.de\/Wordpress\/ein-lieber-gruss-von-claerchen-clara\/","og_locale":"de_DE","og_type":"article","og_title":"Ein lieber Gru\u00df von Cl\u00e4rchen \/ Clara, diesmal aus der Regenbogenwelt | TIERHEIM MOERS","og_description":"17.08.2022 Am 24.07. bekamen wir noch diese wunderbaren Bilder von Cl\u00e4rchen zugeschickt. Doch nur 3 Tage sp\u00e4ter gingen alle Hoffnungen auf ein &#8230;","og_url":"https:\/\/tierheim-moers.de\/Wordpress\/ein-lieber-gruss-von-claerchen-clara\/","og_site_name":"TIERHEIM MOERS","article_publisher":"https:\/\/de-de.facebook.com\/moers.tierheim","article_published_time":"2022-08-17T11:03:43+00:00","article_modified_time":"2022-08-17T11:29:18+00:00","og_image":[{"width":750,"height":1334,"url":"https:\/\/tierheim-moers.de\/Wordpress\/wp-content\/uploads\/2022\/02\/clara.png","type":"image\/png"}],"author":"Gisela Kuhnen","twitter_card":"summary_large_image","twitter_misc":{"Verfasst von":"Gisela Kuhnen","Gesch\u00e4tzte Lesezeit":"1\u00a0Minute"},"schema":{"@context":"https:\/\/schema.org","@graph":[{"@type":"Article","@id":"https:\/\/tierheim-moers.de\/Wordpress\/ein-lieber-gruss-von-claerchen-clara\/#article","isPartOf":{"@id":"https:\/\/tierheim-moers.de\/Wordpress\/ein-lieber-gruss-von-claerchen-clara\/"},"author":{"name":"Gisela Kuhnen","@id":"https:\/\/tierheim-moers.de\/Wordpress\/#\/schema\/person\/35ad410ed2d8620d4f57f813585b0d8e"},"headline":"Ein lieber Gru\u00df von Cl\u00e4rchen \/ Clara, diesmal aus der Regenbogenwelt","datePublished":"2022-08-17T11:03:43+00:00","dateModified":"2022-08-17T11:29:18+00:00","mainEntityOfPage":{"@id":"https:\/\/tierheim-moers.de\/Wordpress\/ein-lieber-gruss-von-claerchen-clara\/"},"wordCount":215,"publisher":{"@id":"https:\/\/tierheim-moers.de\/Wordpress\/#organization"},"image":{"@id":"https:\/\/tierheim-moers.de\/Wordpress\/ein-lieber-gruss-von-claerchen-clara\/#primaryimage"},"thumbnailUrl":"https:\/\/tierheim-moers.de\/Wordpress\/wp-content\/uploads\/2022\/02\/clara.png","articleSection":["Erfolgsgeschichten"],"inLanguage":"de"},{"@type":"WebPage","@id":"https:\/\/tierheim-moers.de\/Wordpress\/ein-lieber-gruss-von-claerchen-clara\/","url":"https:\/\/tierheim-moers.de\/Wordpress\/ein-lieber-gruss-von-claerchen-clara\/","name":"Ein lieber Gru\u00df von Cl\u00e4rchen \/ Clara, diesmal aus der Regenbogenwelt | TIERHEIM MOERS","isPartOf":{"@id":"https:\/\/tierheim-moers.de\/Wordpress\/#website"},"primaryImageOfPage":{"@id":"https:\/\/tierheim-moers.de\/Wordpress\/ein-lieber-gruss-von-claerchen-clara\/#primaryimage"},"image":{"@id":"https:\/\/tierheim-moers.de\/Wordpress\/ein-lieber-gruss-von-claerchen-clara\/#primaryimage"},"thumbnailUrl":"https:\/\/tierheim-moers.de\/Wordpress\/wp-content\/uploads\/2022\/02\/clara.png","datePublished":"2022-08-17T11:03:43+00:00","dateModified":"2022-08-17T11:29:18+00:00","breadcrumb":{"@id":"https:\/\/tierheim-moers.de\/Wordpress\/ein-lieber-gruss-von-claerchen-clara\/#breadcrumb"},"inLanguage":"de","potentialAction":[{"@type":"ReadAction","target":["https:\/\/tierheim-moers.de\/Wordpress\/ein-lieber-gruss-von-claerchen-clara\/"]}]},{"@type":"ImageObject","inLanguage":"de","@id":"https:\/\/tierheim-moers.de\/Wordpress\/ein-lieber-gruss-von-claerchen-clara\/#primaryimage","url":"https:\/\/tierheim-moers.de\/Wordpress\/wp-content\/uploads\/2022\/02\/clara.png","contentUrl":"https:\/\/tierheim-moers.de\/Wordpress\/wp-content\/uploads\/2022\/02\/clara.png","width":750,"height":1334},{"@type":"BreadcrumbList","@id":"https:\/\/tierheim-moers.de\/Wordpress\/ein-lieber-gruss-von-claerchen-clara\/#breadcrumb","itemListElement":[{"@type":"ListItem","position":1,"name":"Startseite","item":"https:\/\/tierheim-moers.de\/Wordpress\/"},{"@type":"ListItem","position":2,"name":"Ein lieber Gru\u00df von Cl\u00e4rchen \/ Clara, diesmal aus der Regenbogenwelt"}]},{"@type":"WebSite","@id":"https:\/\/tierheim-moers.de\/Wordpress\/#website","url":"https:\/\/tierheim-moers.de\/Wordpress\/","name":"Tierheim Moers","description":"Tierheim | Hundepension | Tierschutz | Moers","publisher":{"@id":"https:\/\/tierheim-moers.de\/Wordpress\/#organization"},"potentialAction":[{"@type":"SearchAction","target":{"@type":"EntryPoint","urlTemplate":"https:\/\/tierheim-moers.de\/Wordpress\/?s={search_term_string}"},"query-input":{"@type":"PropertyValueSpecification","valueRequired":true,"valueName":"search_term_string"}}],"inLanguage":"de"},{"@type":"Organization","@id":"https:\/\/tierheim-moers.de\/Wordpress\/#organization","name":"Tierheim Moers","url":"https:\/\/tierheim-moers.de\/Wordpress\/","logo":{"@type":"ImageObject","inLanguage":"de","@id":"https:\/\/tierheim-moers.de\/Wordpress\/#\/schema\/logo\/image\/","url":"https:\/\/tierheim-moers.de\/Wordpress\/wp-content\/uploads\/2014\/04\/Logo-TSV-Moers-V01-RGB-300.png","contentUrl":"https:\/\/tierheim-moers.de\/Wordpress\/wp-content\/uploads\/2014\/04\/Logo-TSV-Moers-V01-RGB-300.png","width":1052,"height":1038,"caption":"Tierheim Moers"},"image":{"@id":"https:\/\/tierheim-moers.de\/Wordpress\/#\/schema\/logo\/image\/"},"sameAs":["https:\/\/de-de.facebook.com\/moers.tierheim"]},{"@type":"Person","@id":"https:\/\/tierheim-moers.de\/Wordpress\/#\/schema\/person\/35ad410ed2d8620d4f57f813585b0d8e","name":"Gisela Kuhnen","image":{"@type":"ImageObject","inLanguage":"de","@id":"https:\/\/tierheim-moers.de\/Wordpress\/#\/schema\/person\/image\/","url":"https:\/\/secure.gravatar.com\/avatar\/807ca84b4538291e2f5dc665ed240a0d4d7ab8f22360ec427a82fe926980b31a?s=96&d=mm&r=g","contentUrl":"https:\/\/secure.gravatar.com\/avatar\/807ca84b4538291e2f5dc665ed240a0d4d7ab8f22360ec427a82fe926980b31a?s=96&d=mm&r=g","caption":"Gisela Kuhnen"},"url":"https:\/\/tierheim-moers.de\/Wordpress\/author\/gisela-kuhnen\/"}]}},"_links":{"self":[{"href":"https:\/\/tierheim-moers.de\/Wordpress\/wp-json\/wp\/v2\/posts\/45567","targetHints":{"allow":["GET"]}}],"collection":[{"href":"https:\/\/tierheim-moers.de\/Wordpress\/wp-json\/wp\/v2\/posts"}],"about":[{"href":"https:\/\/tierheim-moers.de\/Wordpress\/wp-json\/wp\/v2\/types\/post"}],"author":[{"embeddable":true,"href":"https:\/\/tierheim-moers.de\/Wordpress\/wp-json\/wp\/v2\/users\/4"}],"replies":[{"embeddable":true,"href":"https:\/\/tierheim-moers.de\/Wordpress\/wp-json\/wp\/v2\/comments?post=45567"}],"version-history":[{"count":6,"href":"https:\/\/tierheim-moers.de\/Wordpress\/wp-json\/wp\/v2\/posts\/45567\/revisions"}],"predecessor-version":[{"id":49433,"href":"https:\/\/tierheim-moers.de\/Wordpress\/wp-json\/wp\/v2\/posts\/45567\/revisions\/49433"}],"wp:featuredmedia":[{"embeddable":true,"href":"https:\/\/tierheim-moers.de\/Wordpress\/wp-json\/wp\/v2\/media\/49429"}],"wp:attachment":[{"href":"https:\/\/tierheim-moers.de\/Wordpress\/wp-json\/wp\/v2\/media?parent=45567"}],"wp:term":[{"taxonomy":"category","embeddable":true,"href":"https:\/\/tierheim-moers.de\/Wordpress\/wp-json\/wp\/v2\/categories?post=45567"},{"taxonomy":"post_tag","embeddable":true,"href":"https:\/\/tierheim-moers.de\/Wordpress\/wp-json\/wp\/v2\/tags?post=45567"}],"curies":[{"name":"wp","href":"https:\/\/api.w.org\/{rel}","templated":true}]}}