{"id":46468,"date":"2022-03-26T10:27:07","date_gmt":"2022-03-26T08:27:07","guid":{"rendered":"https:\/\/tierheim-moers.de\/Wordpress\/?p=46468"},"modified":"2022-03-26T14:43:15","modified_gmt":"2022-03-26T12:43:15","slug":"smoky-aufgewecktes-boeckchen-auf-der-suche-nach-einem-netten-maedchen","status":"publish","type":"post","link":"https:\/\/tierheim-moers.de\/Wordpress\/smoky-aufgewecktes-boeckchen-auf-der-suche-nach-einem-netten-maedchen\/","title":{"rendered":"Smoky &#8211; aufgewecktes B\u00f6ckchen auf der Suche nach einem netten M\u00e4dchen, vermittelt am 26.03.2022"},"content":{"rendered":"<div dir=\"auto\">\n<table id=\"tablepress-1871\" class=\"tablepress tablepress-id-1871\">\n<tbody class=\"row-striping row-hover\">\n<tr class=\"row-1\">\n\t<td class=\"column-1\">Name des Tiers:<\/td><td class=\"column-2\">Smoky <\/td>\n<\/tr>\n<tr class=\"row-2\">\n\t<td class=\"column-1\">Bestandsnummer:<\/td><td class=\"column-2\"><\/td>\n<\/tr>\n<tr class=\"row-3\">\n\t<td class=\"column-1\">Aufnahmegrund:<\/td><td class=\"column-2\">\u00dcbereignung <\/td>\n<\/tr>\n<tr class=\"row-4\">\n\t<td class=\"column-1\">Im Tierheim seit:<\/td><td class=\"column-2\">10.02.2022<\/td>\n<\/tr>\n<tr class=\"row-5\">\n\t<td class=\"column-1\">Rasse:<\/td><td class=\"column-2\">Widder <\/td>\n<\/tr>\n<tr class=\"row-6\">\n\t<td class=\"column-1\">Geschlecht:<\/td><td class=\"column-2\">m\u00e4nnlich, kastriert <\/td>\n<\/tr>\n<tr class=\"row-7\">\n\t<td class=\"column-1\">Farbe\/Felll\u00e4nge:<\/td><td class=\"column-2\">schwarz <\/td>\n<\/tr>\n<tr class=\"row-8\">\n\t<td class=\"column-1\">Geburtsdatum:<\/td><td class=\"column-2\">01.07.2021 <\/td>\n<\/tr>\n<tr class=\"row-9\">\n\t<td class=\"column-1\">Schulterh\u00f6he\/Gewicht:<\/td><td class=\"column-2\"><\/td>\n<\/tr>\n<tr class=\"row-10\">\n\t<td class=\"column-1\">Fundort\/Abgabegrund:<\/td><td class=\"column-2\">Aufgabe der Haltung <\/td>\n<\/tr>\n<tr class=\"row-11\">\n\t<td class=\"column-1\">Tierbeschreibung:<\/td><td class=\"column-2\"><\/td>\n<\/tr>\n<\/tbody>\n<\/table>\n<!-- #tablepress-1871 from cache --><\/div>\n<div dir=\"auto\"><a href=\"https:\/\/tierheim-moers.de\/Wordpress\/wp-content\/uploads\/2022\/03\/D925B99C-D355-4AB9-9379-5B8D8AFFA3FB-scaled.jpeg\"><img fetchpriority=\"high\" decoding=\"async\" class=\"alignnone size-medium wp-image-46471\" src=\"https:\/\/tierheim-moers.de\/Wordpress\/wp-content\/uploads\/2022\/03\/D925B99C-D355-4AB9-9379-5B8D8AFFA3FB-225x300.jpeg\" alt=\"\" width=\"225\" height=\"300\" srcset=\"https:\/\/tierheim-moers.de\/Wordpress\/wp-content\/uploads\/2022\/03\/D925B99C-D355-4AB9-9379-5B8D8AFFA3FB-225x300.jpeg 225w, https:\/\/tierheim-moers.de\/Wordpress\/wp-content\/uploads\/2022\/03\/D925B99C-D355-4AB9-9379-5B8D8AFFA3FB-768x1024.jpeg 768w, https:\/\/tierheim-moers.de\/Wordpress\/wp-content\/uploads\/2022\/03\/D925B99C-D355-4AB9-9379-5B8D8AFFA3FB-600x800.jpeg 600w, https:\/\/tierheim-moers.de\/Wordpress\/wp-content\/uploads\/2022\/03\/D925B99C-D355-4AB9-9379-5B8D8AFFA3FB-1152x1536.jpeg 1152w, https:\/\/tierheim-moers.de\/Wordpress\/wp-content\/uploads\/2022\/03\/D925B99C-D355-4AB9-9379-5B8D8AFFA3FB-1536x2048.jpeg 1536w, https:\/\/tierheim-moers.de\/Wordpress\/wp-content\/uploads\/2022\/03\/D925B99C-D355-4AB9-9379-5B8D8AFFA3FB-700x933.jpeg 700w, https:\/\/tierheim-moers.de\/Wordpress\/wp-content\/uploads\/2022\/03\/D925B99C-D355-4AB9-9379-5B8D8AFFA3FB-1320x1760.jpeg 1320w, https:\/\/tierheim-moers.de\/Wordpress\/wp-content\/uploads\/2022\/03\/D925B99C-D355-4AB9-9379-5B8D8AFFA3FB-scaled.jpeg 1920w\" sizes=\"(max-width: 225px) 100vw, 225px\" \/><\/a> <a href=\"https:\/\/tierheim-moers.de\/Wordpress\/wp-content\/uploads\/2022\/03\/BD2F1F1F-C891-4A1F-A1F0-9C10A4F5B5EF-scaled.jpeg\"><img decoding=\"async\" class=\"alignnone size-medium wp-image-46472\" src=\"https:\/\/tierheim-moers.de\/Wordpress\/wp-content\/uploads\/2022\/03\/BD2F1F1F-C891-4A1F-A1F0-9C10A4F5B5EF-225x300.jpeg\" alt=\"\" width=\"225\" height=\"300\" srcset=\"https:\/\/tierheim-moers.de\/Wordpress\/wp-content\/uploads\/2022\/03\/BD2F1F1F-C891-4A1F-A1F0-9C10A4F5B5EF-225x300.jpeg 225w, https:\/\/tierheim-moers.de\/Wordpress\/wp-content\/uploads\/2022\/03\/BD2F1F1F-C891-4A1F-A1F0-9C10A4F5B5EF-768x1024.jpeg 768w, https:\/\/tierheim-moers.de\/Wordpress\/wp-content\/uploads\/2022\/03\/BD2F1F1F-C891-4A1F-A1F0-9C10A4F5B5EF-600x800.jpeg 600w, https:\/\/tierheim-moers.de\/Wordpress\/wp-content\/uploads\/2022\/03\/BD2F1F1F-C891-4A1F-A1F0-9C10A4F5B5EF-1152x1536.jpeg 1152w, https:\/\/tierheim-moers.de\/Wordpress\/wp-content\/uploads\/2022\/03\/BD2F1F1F-C891-4A1F-A1F0-9C10A4F5B5EF-1536x2048.jpeg 1536w, https:\/\/tierheim-moers.de\/Wordpress\/wp-content\/uploads\/2022\/03\/BD2F1F1F-C891-4A1F-A1F0-9C10A4F5B5EF-700x933.jpeg 700w, https:\/\/tierheim-moers.de\/Wordpress\/wp-content\/uploads\/2022\/03\/BD2F1F1F-C891-4A1F-A1F0-9C10A4F5B5EF-1320x1760.jpeg 1320w, https:\/\/tierheim-moers.de\/Wordpress\/wp-content\/uploads\/2022\/03\/BD2F1F1F-C891-4A1F-A1F0-9C10A4F5B5EF-scaled.jpeg 1920w\" sizes=\"(max-width: 225px) 100vw, 225px\" \/><\/a><\/div>\n<div dir=\"auto\"><\/div>\n<div dir=\"auto\">14.02.2022<\/div>\n<div dir=\"auto\">Smoky wurde bei uns abgegeben, da die Haltung aufgegeben wurde. Da das aufgeweckte B\u00f6ckchen aber nicht lange alleine bleiben soll, sucht er nach einer netten Kaninchendame mit einem art- und bed\u00fcrfnisgerechten Gehege im Freien.<\/div>\n<div dir=\"auto\">Smoky wird in den n\u00e4chsten Tagen kastriert und freut sich nach seiner Karenzzeit (ca Ende M\u00e4rz) auf ein neues Zuhause. Anfragen nimmt er nat\u00fcrlich jetzt schon gerne an.<\/div>\n<div dir=\"auto\"><\/div>\n<div dir=\"auto\">\n<p><em>Noch immer haben wir f\u00fcr Besucher geschlossen. Bei Interesse an Smoky \u00a0stehen die vermittelnden Kollegen f\u00fcr telefonische Erstgespr\u00e4che von Montag bis Freitag von 14 \u2013 17 Uhr und Samstag von 13 \u2013 16 Uhr zur Verf\u00fcgung.<\/em><\/p>\n<div class=\"entry-content\">\n<p><em>Wir bitten darum, sich an diese Zeiten zu halten, da nach den regul\u00e4ren Telefonzeiten alle Gespr\u00e4che in den\u00a0<strong>Notdienst<\/strong>\u00a0umgeleitet werden und dieser nat\u00fcrlich Notf\u00e4llen vorbehalten ist.<\/em><\/p>\n<p><em>Alternativ k\u00f6nnen Sie auch direkt Bilder von ihrem Gehege an unsere Tierpfleger schicken: tierpfleger@tierheim-moers.de<\/em><\/p>\n<\/div>\n<\/div>\n<div class=\"\" dir=\"auto\">\n<div id=\"jsc_c_41\" class=\"ecm0bbzt hv4rvrfc ihqw7lf3 dati1w0a\" data-ad-comet-preview=\"message\" data-ad-preview=\"message\">\n<div class=\"j83agx80 cbu4d94t ew0dbk1b irj2b8pg\">\n<div class=\"qzhwtbm6 knvmm38d\">\n<div dir=\"auto\"><\/div>\n<\/div>\n<div class=\"qzhwtbm6 knvmm38d\">\n<div class=\"kvgmc6g5 cxmmr5t8 oygrvhab hcukyx3x c1et5uql ii04i59q\">\n<div dir=\"auto\"><\/div>\n<div dir=\"auto\"><\/div>\n<\/div>\n<\/div>\n<\/div>\n<\/div>\n<\/div>\n<div class=\"shariff shariff-align-flex-start shariff-widget-align-center\" data-url=\"https%3A%2F%2Ftierheim-moers.de%2FWordpress%2Fsmoky-aufgewecktes-boeckchen-auf-der-suche-nach-einem-netten-maedchen%2F\" data-timestamp=\"1648305795\" data-hidezero=\"1\" data-backendurl=\"https:\/\/tierheim-moers.de\/Wordpress\/wp-json\/shariff\/v1\/share_counts?\"><ul class=\"shariff-buttons theme-round orientation-horizontal buttonsize-small\"><li class=\"shariff-button facebook shariff-nocustomcolor\" style=\"background-color:#4273c8\"><a href=\"https:\/\/www.facebook.com\/sharer\/sharer.php?u=https%3A%2F%2Ftierheim-moers.de%2FWordpress%2Fsmoky-aufgewecktes-boeckchen-auf-der-suche-nach-einem-netten-maedchen%2F\" title=\"Bei Facebook teilen\" aria-label=\"Bei Facebook teilen\" role=\"button\" rel=\"nofollow\" class=\"shariff-link\" style=\"; background-color:#3b5998; color:#fff\" target=\"_blank\"><span class=\"shariff-icon\" style=\"\"><svg width=\"32px\" height=\"20px\" xmlns=\"http:\/\/www.w3.org\/2000\/svg\" viewBox=\"0 0 18 32\"><path fill=\"#3b5998\" d=\"M17.1 0.2v4.7h-2.8q-1.5 0-2.1 0.6t-0.5 1.9v3.4h5.2l-0.7 5.3h-4.5v13.6h-5.5v-13.6h-4.5v-5.3h4.5v-3.9q0-3.3 1.9-5.2t5-1.8q2.6 0 4.1 0.2z\"\/><\/svg><\/span><\/a><\/li><li class=\"shariff-button twitter shariff-nocustomcolor\" style=\"background-color:#595959\"><a href=\"https:\/\/twitter.com\/share?url=https%3A%2F%2Ftierheim-moers.de%2FWordpress%2Fsmoky-aufgewecktes-boeckchen-auf-der-suche-nach-einem-netten-maedchen%2F&text=Smoky%20%E2%80%93%20aufgewecktes%20B%C3%B6ckchen%20auf%20der%20Suche%20nach%20einem%20netten%20M%C3%A4dchen%2C%20vermittelt%20am%2026.03.2022\" title=\"Bei X teilen\" aria-label=\"Bei X teilen\" role=\"button\" rel=\"noopener nofollow\" class=\"shariff-link\" style=\"; background-color:#000; color:#fff\" target=\"_blank\"><span class=\"shariff-icon\" style=\"\"><svg width=\"32px\" height=\"20px\" xmlns=\"http:\/\/www.w3.org\/2000\/svg\" viewBox=\"0 0 24 24\"><path fill=\"#000\" d=\"M14.258 10.152L23.176 0h-2.113l-7.747 8.813L7.133 0H0l9.352 13.328L0 23.973h2.113l8.176-9.309 6.531 9.309h7.133zm-2.895 3.293l-.949-1.328L2.875 1.56h3.246l6.086 8.523.945 1.328 7.91 11.078h-3.246zm0 0\"\/><\/svg><\/span><\/a><\/li><li class=\"shariff-button whatsapp shariff-nocustomcolor\" style=\"background-color:#5cbe4a\"><a href=\"https:\/\/api.whatsapp.com\/send?text=https%3A%2F%2Ftierheim-moers.de%2FWordpress%2Fsmoky-aufgewecktes-boeckchen-auf-der-suche-nach-einem-netten-maedchen%2F%20Smoky%20%E2%80%93%20aufgewecktes%20B%C3%B6ckchen%20auf%20der%20Suche%20nach%20einem%20netten%20M%C3%A4dchen%2C%20vermittelt%20am%2026.03.2022\" title=\"Bei Whatsapp teilen\" aria-label=\"Bei Whatsapp teilen\" role=\"button\" rel=\"noopener nofollow\" class=\"shariff-link\" style=\"; background-color:#34af23; color:#fff\" target=\"_blank\"><span class=\"shariff-icon\" style=\"\"><svg width=\"32px\" height=\"20px\" xmlns=\"http:\/\/www.w3.org\/2000\/svg\" viewBox=\"0 0 32 32\"><path fill=\"#34af23\" d=\"M17.6 17.4q0.2 0 1.7 0.8t1.6 0.9q0 0.1 0 0.3 0 0.6-0.3 1.4-0.3 0.7-1.3 1.2t-1.8 0.5q-1 0-3.4-1.1-1.7-0.8-3-2.1t-2.6-3.3q-1.3-1.9-1.3-3.5v-0.1q0.1-1.6 1.3-2.8 0.4-0.4 0.9-0.4 0.1 0 0.3 0t0.3 0q0.3 0 0.5 0.1t0.3 0.5q0.1 0.4 0.6 1.6t0.4 1.3q0 0.4-0.6 1t-0.6 0.8q0 0.1 0.1 0.3 0.6 1.3 1.8 2.4 1 0.9 2.7 1.8 0.2 0.1 0.4 0.1 0.3 0 1-0.9t0.9-0.9zM14 26.9q2.3 0 4.3-0.9t3.6-2.4 2.4-3.6 0.9-4.3-0.9-4.3-2.4-3.6-3.6-2.4-4.3-0.9-4.3 0.9-3.6 2.4-2.4 3.6-0.9 4.3q0 3.6 2.1 6.6l-1.4 4.2 4.3-1.4q2.8 1.9 6.2 1.9zM14 2.2q2.7 0 5.2 1.1t4.3 2.9 2.9 4.3 1.1 5.2-1.1 5.2-2.9 4.3-4.3 2.9-5.2 1.1q-3.5 0-6.5-1.7l-7.4 2.4 2.4-7.2q-1.9-3.2-1.9-6.9 0-2.7 1.1-5.2t2.9-4.3 4.3-2.9 5.2-1.1z\"\/><\/svg><\/span><\/a><\/li><li class=\"shariff-button sms shariff-nocustomcolor shariff-mobile\" style=\"background-color:#d7d9d8\"><a href=\"sms:?&body=https%3A%2F%2Ftierheim-moers.de%2FWordpress%2Fsmoky-aufgewecktes-boeckchen-auf-der-suche-nach-einem-netten-maedchen%2F\" title=\"Per SMS teilen\" aria-label=\"Per SMS teilen\" role=\"button\" rel=\"noopener nofollow\" class=\"shariff-link\" style=\"; background-color:#a1e877; color:#fff\" target=\"_blank\"><span class=\"shariff-icon\" style=\"\"><svg xmlns=\"http:\/\/www.w3.org\/2000\/svg\" width=\"510\" height=\"510\" viewBox=\"0 0 510 510\"><path fill=\"#a1e877\" d=\"M459 0H51C23 0 0 23 0 51v459l102-102h357c28.1 0 51-22.9 51-51V51C510 23 487.1 0 459 0zM178.5 229.5h-51v-51h51V229.5zM280.5 229.5h-51v-51h51V229.5zM382.5 229.5h-51v-51h51V229.5z\"\/><\/svg><\/span><\/a><\/li><\/ul><\/div>","protected":false},"excerpt":{"rendered":"<p>14.02.2022 Smoky wurde bei uns abgegeben, da die Haltung aufgegeben wurde. Da das aufgeweckte B\u00f6ckchen aber nicht lange alleine bleiben soll, sucht er nach einer netten Kaninchendame mit einem art- und bed\u00fcrfnisgerechten Gehege im Freien. Smoky wird in den n\u00e4chsten Tagen kastriert und freut sich nach seiner Karenzzeit (ca Ende &#8230;<\/p>\n","protected":false},"author":29,"featured_media":46472,"comment_status":"closed","ping_status":"open","sticky":false,"template":"","format":"standard","meta":{"ngg_post_thumbnail":0,"footnotes":""},"categories":[10],"tags":[],"class_list":["post-46468","post","type-post","status-publish","format-standard","has-post-thumbnail","hentry","category-vermittelt","column","threecol","has-thumbnail"],"yoast_head":"<!-- This site is optimized with the Yoast SEO plugin v24.6 - https:\/\/yoast.com\/wordpress\/plugins\/seo\/ -->\n<title>Smoky - aufgewecktes B\u00f6ckchen auf der Suche nach einem netten M\u00e4dchen, vermittelt am 26.03.2022 | TIERHEIM MOERS<\/title>\n<meta name=\"robots\" content=\"index, follow, max-snippet:-1, max-image-preview:large, max-video-preview:-1\" \/>\n<link rel=\"canonical\" href=\"https:\/\/tierheim-moers.de\/Wordpress\/smoky-aufgewecktes-boeckchen-auf-der-suche-nach-einem-netten-maedchen\/\" \/>\n<meta property=\"og:locale\" content=\"de_DE\" \/>\n<meta property=\"og:type\" content=\"article\" \/>\n<meta property=\"og:title\" content=\"Smoky - aufgewecktes B\u00f6ckchen auf der Suche nach einem netten M\u00e4dchen, vermittelt am 26.03.2022 | TIERHEIM MOERS\" \/>\n<meta property=\"og:description\" content=\"14.02.2022 Smoky wurde bei uns abgegeben, da die Haltung aufgegeben wurde. Da das aufgeweckte B\u00f6ckchen aber nicht lange alleine bleiben soll, sucht &#8230;\" \/>\n<meta property=\"og:url\" content=\"https:\/\/tierheim-moers.de\/Wordpress\/smoky-aufgewecktes-boeckchen-auf-der-suche-nach-einem-netten-maedchen\/\" \/>\n<meta property=\"og:site_name\" content=\"TIERHEIM MOERS\" \/>\n<meta property=\"article:publisher\" content=\"https:\/\/de-de.facebook.com\/moers.tierheim\" \/>\n<meta property=\"article:published_time\" content=\"2022-03-26T08:27:07+00:00\" \/>\n<meta property=\"article:modified_time\" content=\"2022-03-26T12:43:15+00:00\" \/>\n<meta property=\"og:image\" content=\"https:\/\/tierheim-moers.de\/Wordpress\/wp-content\/uploads\/2022\/03\/BD2F1F1F-C891-4A1F-A1F0-9C10A4F5B5EF-scaled.jpeg\" \/>\n\t<meta property=\"og:image:width\" content=\"1920\" \/>\n\t<meta property=\"og:image:height\" content=\"2560\" \/>\n\t<meta property=\"og:image:type\" content=\"image\/jpeg\" \/>\n<meta name=\"author\" content=\"Heller\" \/>\n<meta name=\"twitter:card\" content=\"summary_large_image\" \/>\n<meta name=\"twitter:label1\" content=\"Verfasst von\" \/>\n\t<meta name=\"twitter:data1\" content=\"Heller\" \/>\n\t<meta name=\"twitter:label2\" content=\"Gesch\u00e4tzte Lesezeit\" \/>\n\t<meta name=\"twitter:data2\" content=\"2\u00a0Minuten\" \/>\n<script type=\"application\/ld+json\" class=\"yoast-schema-graph\">{\"@context\":\"https:\/\/schema.org\",\"@graph\":[{\"@type\":\"Article\",\"@id\":\"https:\/\/tierheim-moers.de\/Wordpress\/smoky-aufgewecktes-boeckchen-auf-der-suche-nach-einem-netten-maedchen\/#article\",\"isPartOf\":{\"@id\":\"https:\/\/tierheim-moers.de\/Wordpress\/smoky-aufgewecktes-boeckchen-auf-der-suche-nach-einem-netten-maedchen\/\"},\"author\":{\"name\":\"Heller\",\"@id\":\"https:\/\/tierheim-moers.de\/Wordpress\/#\/schema\/person\/150977e5c8607f90b018c443f74a0610\"},\"headline\":\"Smoky &#8211; aufgewecktes B\u00f6ckchen auf der Suche nach einem netten M\u00e4dchen, vermittelt am 26.03.2022\",\"datePublished\":\"2022-03-26T08:27:07+00:00\",\"dateModified\":\"2022-03-26T12:43:15+00:00\",\"mainEntityOfPage\":{\"@id\":\"https:\/\/tierheim-moers.de\/Wordpress\/smoky-aufgewecktes-boeckchen-auf-der-suche-nach-einem-netten-maedchen\/\"},\"wordCount\":166,\"publisher\":{\"@id\":\"https:\/\/tierheim-moers.de\/Wordpress\/#organization\"},\"image\":{\"@id\":\"https:\/\/tierheim-moers.de\/Wordpress\/smoky-aufgewecktes-boeckchen-auf-der-suche-nach-einem-netten-maedchen\/#primaryimage\"},\"thumbnailUrl\":\"https:\/\/tierheim-moers.de\/Wordpress\/wp-content\/uploads\/2022\/03\/BD2F1F1F-C891-4A1F-A1F0-9C10A4F5B5EF-scaled.jpeg\",\"articleSection\":[\"Vermittelt\"],\"inLanguage\":\"de\"},{\"@type\":\"WebPage\",\"@id\":\"https:\/\/tierheim-moers.de\/Wordpress\/smoky-aufgewecktes-boeckchen-auf-der-suche-nach-einem-netten-maedchen\/\",\"url\":\"https:\/\/tierheim-moers.de\/Wordpress\/smoky-aufgewecktes-boeckchen-auf-der-suche-nach-einem-netten-maedchen\/\",\"name\":\"Smoky - aufgewecktes B\u00f6ckchen auf der Suche nach einem netten M\u00e4dchen, vermittelt am 26.03.2022 | TIERHEIM MOERS\",\"isPartOf\":{\"@id\":\"https:\/\/tierheim-moers.de\/Wordpress\/#website\"},\"primaryImageOfPage\":{\"@id\":\"https:\/\/tierheim-moers.de\/Wordpress\/smoky-aufgewecktes-boeckchen-auf-der-suche-nach-einem-netten-maedchen\/#primaryimage\"},\"image\":{\"@id\":\"https:\/\/tierheim-moers.de\/Wordpress\/smoky-aufgewecktes-boeckchen-auf-der-suche-nach-einem-netten-maedchen\/#primaryimage\"},\"thumbnailUrl\":\"https:\/\/tierheim-moers.de\/Wordpress\/wp-content\/uploads\/2022\/03\/BD2F1F1F-C891-4A1F-A1F0-9C10A4F5B5EF-scaled.jpeg\",\"datePublished\":\"2022-03-26T08:27:07+00:00\",\"dateModified\":\"2022-03-26T12:43:15+00:00\",\"breadcrumb\":{\"@id\":\"https:\/\/tierheim-moers.de\/Wordpress\/smoky-aufgewecktes-boeckchen-auf-der-suche-nach-einem-netten-maedchen\/#breadcrumb\"},\"inLanguage\":\"de\",\"potentialAction\":[{\"@type\":\"ReadAction\",\"target\":[\"https:\/\/tierheim-moers.de\/Wordpress\/smoky-aufgewecktes-boeckchen-auf-der-suche-nach-einem-netten-maedchen\/\"]}]},{\"@type\":\"ImageObject\",\"inLanguage\":\"de\",\"@id\":\"https:\/\/tierheim-moers.de\/Wordpress\/smoky-aufgewecktes-boeckchen-auf-der-suche-nach-einem-netten-maedchen\/#primaryimage\",\"url\":\"https:\/\/tierheim-moers.de\/Wordpress\/wp-content\/uploads\/2022\/03\/BD2F1F1F-C891-4A1F-A1F0-9C10A4F5B5EF-scaled.jpeg\",\"contentUrl\":\"https:\/\/tierheim-moers.de\/Wordpress\/wp-content\/uploads\/2022\/03\/BD2F1F1F-C891-4A1F-A1F0-9C10A4F5B5EF-scaled.jpeg\",\"width\":1920,\"height\":2560},{\"@type\":\"BreadcrumbList\",\"@id\":\"https:\/\/tierheim-moers.de\/Wordpress\/smoky-aufgewecktes-boeckchen-auf-der-suche-nach-einem-netten-maedchen\/#breadcrumb\",\"itemListElement\":[{\"@type\":\"ListItem\",\"position\":1,\"name\":\"Startseite\",\"item\":\"https:\/\/tierheim-moers.de\/Wordpress\/\"},{\"@type\":\"ListItem\",\"position\":2,\"name\":\"Smoky &#8211; aufgewecktes B\u00f6ckchen auf der Suche nach einem netten M\u00e4dchen, vermittelt am 26.03.2022\"}]},{\"@type\":\"WebSite\",\"@id\":\"https:\/\/tierheim-moers.de\/Wordpress\/#website\",\"url\":\"https:\/\/tierheim-moers.de\/Wordpress\/\",\"name\":\"Tierheim Moers\",\"description\":\"Tierheim | Hundepension | Tierschutz | Moers\",\"publisher\":{\"@id\":\"https:\/\/tierheim-moers.de\/Wordpress\/#organization\"},\"potentialAction\":[{\"@type\":\"SearchAction\",\"target\":{\"@type\":\"EntryPoint\",\"urlTemplate\":\"https:\/\/tierheim-moers.de\/Wordpress\/?s={search_term_string}\"},\"query-input\":{\"@type\":\"PropertyValueSpecification\",\"valueRequired\":true,\"valueName\":\"search_term_string\"}}],\"inLanguage\":\"de\"},{\"@type\":\"Organization\",\"@id\":\"https:\/\/tierheim-moers.de\/Wordpress\/#organization\",\"name\":\"Tierheim Moers\",\"url\":\"https:\/\/tierheim-moers.de\/Wordpress\/\",\"logo\":{\"@type\":\"ImageObject\",\"inLanguage\":\"de\",\"@id\":\"https:\/\/tierheim-moers.de\/Wordpress\/#\/schema\/logo\/image\/\",\"url\":\"https:\/\/tierheim-moers.de\/Wordpress\/wp-content\/uploads\/2014\/04\/Logo-TSV-Moers-V01-RGB-300.png\",\"contentUrl\":\"https:\/\/tierheim-moers.de\/Wordpress\/wp-content\/uploads\/2014\/04\/Logo-TSV-Moers-V01-RGB-300.png\",\"width\":1052,\"height\":1038,\"caption\":\"Tierheim Moers\"},\"image\":{\"@id\":\"https:\/\/tierheim-moers.de\/Wordpress\/#\/schema\/logo\/image\/\"},\"sameAs\":[\"https:\/\/de-de.facebook.com\/moers.tierheim\"]},{\"@type\":\"Person\",\"@id\":\"https:\/\/tierheim-moers.de\/Wordpress\/#\/schema\/person\/150977e5c8607f90b018c443f74a0610\",\"name\":\"Heller\",\"image\":{\"@type\":\"ImageObject\",\"inLanguage\":\"de\",\"@id\":\"https:\/\/tierheim-moers.de\/Wordpress\/#\/schema\/person\/image\/\",\"url\":\"https:\/\/secure.gravatar.com\/avatar\/9824ff6b01ce21fa108e69d35d418d782bb3cd554aa9049d583057cf88cd69cc?s=96&d=mm&r=g\",\"contentUrl\":\"https:\/\/secure.gravatar.com\/avatar\/9824ff6b01ce21fa108e69d35d418d782bb3cd554aa9049d583057cf88cd69cc?s=96&d=mm&r=g\",\"caption\":\"Heller\"},\"url\":\"https:\/\/tierheim-moers.de\/Wordpress\/author\/kathi-westphal\/\"}]}<\/script>\n<!-- \/ Yoast SEO plugin. -->","yoast_head_json":{"title":"Smoky - aufgewecktes B\u00f6ckchen auf der Suche nach einem netten M\u00e4dchen, vermittelt am 26.03.2022 | TIERHEIM MOERS","robots":{"index":"index","follow":"follow","max-snippet":"max-snippet:-1","max-image-preview":"max-image-preview:large","max-video-preview":"max-video-preview:-1"},"canonical":"https:\/\/tierheim-moers.de\/Wordpress\/smoky-aufgewecktes-boeckchen-auf-der-suche-nach-einem-netten-maedchen\/","og_locale":"de_DE","og_type":"article","og_title":"Smoky - aufgewecktes B\u00f6ckchen auf der Suche nach einem netten M\u00e4dchen, vermittelt am 26.03.2022 | TIERHEIM MOERS","og_description":"14.02.2022 Smoky wurde bei uns abgegeben, da die Haltung aufgegeben wurde. Da das aufgeweckte B\u00f6ckchen aber nicht lange alleine bleiben soll, sucht &#8230;","og_url":"https:\/\/tierheim-moers.de\/Wordpress\/smoky-aufgewecktes-boeckchen-auf-der-suche-nach-einem-netten-maedchen\/","og_site_name":"TIERHEIM MOERS","article_publisher":"https:\/\/de-de.facebook.com\/moers.tierheim","article_published_time":"2022-03-26T08:27:07+00:00","article_modified_time":"2022-03-26T12:43:15+00:00","og_image":[{"width":1920,"height":2560,"url":"https:\/\/tierheim-moers.de\/Wordpress\/wp-content\/uploads\/2022\/03\/BD2F1F1F-C891-4A1F-A1F0-9C10A4F5B5EF-scaled.jpeg","type":"image\/jpeg"}],"author":"Heller","twitter_card":"summary_large_image","twitter_misc":{"Verfasst von":"Heller","Gesch\u00e4tzte Lesezeit":"2\u00a0Minuten"},"schema":{"@context":"https:\/\/schema.org","@graph":[{"@type":"Article","@id":"https:\/\/tierheim-moers.de\/Wordpress\/smoky-aufgewecktes-boeckchen-auf-der-suche-nach-einem-netten-maedchen\/#article","isPartOf":{"@id":"https:\/\/tierheim-moers.de\/Wordpress\/smoky-aufgewecktes-boeckchen-auf-der-suche-nach-einem-netten-maedchen\/"},"author":{"name":"Heller","@id":"https:\/\/tierheim-moers.de\/Wordpress\/#\/schema\/person\/150977e5c8607f90b018c443f74a0610"},"headline":"Smoky &#8211; aufgewecktes B\u00f6ckchen auf der Suche nach einem netten M\u00e4dchen, vermittelt am 26.03.2022","datePublished":"2022-03-26T08:27:07+00:00","dateModified":"2022-03-26T12:43:15+00:00","mainEntityOfPage":{"@id":"https:\/\/tierheim-moers.de\/Wordpress\/smoky-aufgewecktes-boeckchen-auf-der-suche-nach-einem-netten-maedchen\/"},"wordCount":166,"publisher":{"@id":"https:\/\/tierheim-moers.de\/Wordpress\/#organization"},"image":{"@id":"https:\/\/tierheim-moers.de\/Wordpress\/smoky-aufgewecktes-boeckchen-auf-der-suche-nach-einem-netten-maedchen\/#primaryimage"},"thumbnailUrl":"https:\/\/tierheim-moers.de\/Wordpress\/wp-content\/uploads\/2022\/03\/BD2F1F1F-C891-4A1F-A1F0-9C10A4F5B5EF-scaled.jpeg","articleSection":["Vermittelt"],"inLanguage":"de"},{"@type":"WebPage","@id":"https:\/\/tierheim-moers.de\/Wordpress\/smoky-aufgewecktes-boeckchen-auf-der-suche-nach-einem-netten-maedchen\/","url":"https:\/\/tierheim-moers.de\/Wordpress\/smoky-aufgewecktes-boeckchen-auf-der-suche-nach-einem-netten-maedchen\/","name":"Smoky - aufgewecktes B\u00f6ckchen auf der Suche nach einem netten M\u00e4dchen, vermittelt am 26.03.2022 | TIERHEIM MOERS","isPartOf":{"@id":"https:\/\/tierheim-moers.de\/Wordpress\/#website"},"primaryImageOfPage":{"@id":"https:\/\/tierheim-moers.de\/Wordpress\/smoky-aufgewecktes-boeckchen-auf-der-suche-nach-einem-netten-maedchen\/#primaryimage"},"image":{"@id":"https:\/\/tierheim-moers.de\/Wordpress\/smoky-aufgewecktes-boeckchen-auf-der-suche-nach-einem-netten-maedchen\/#primaryimage"},"thumbnailUrl":"https:\/\/tierheim-moers.de\/Wordpress\/wp-content\/uploads\/2022\/03\/BD2F1F1F-C891-4A1F-A1F0-9C10A4F5B5EF-scaled.jpeg","datePublished":"2022-03-26T08:27:07+00:00","dateModified":"2022-03-26T12:43:15+00:00","breadcrumb":{"@id":"https:\/\/tierheim-moers.de\/Wordpress\/smoky-aufgewecktes-boeckchen-auf-der-suche-nach-einem-netten-maedchen\/#breadcrumb"},"inLanguage":"de","potentialAction":[{"@type":"ReadAction","target":["https:\/\/tierheim-moers.de\/Wordpress\/smoky-aufgewecktes-boeckchen-auf-der-suche-nach-einem-netten-maedchen\/"]}]},{"@type":"ImageObject","inLanguage":"de","@id":"https:\/\/tierheim-moers.de\/Wordpress\/smoky-aufgewecktes-boeckchen-auf-der-suche-nach-einem-netten-maedchen\/#primaryimage","url":"https:\/\/tierheim-moers.de\/Wordpress\/wp-content\/uploads\/2022\/03\/BD2F1F1F-C891-4A1F-A1F0-9C10A4F5B5EF-scaled.jpeg","contentUrl":"https:\/\/tierheim-moers.de\/Wordpress\/wp-content\/uploads\/2022\/03\/BD2F1F1F-C891-4A1F-A1F0-9C10A4F5B5EF-scaled.jpeg","width":1920,"height":2560},{"@type":"BreadcrumbList","@id":"https:\/\/tierheim-moers.de\/Wordpress\/smoky-aufgewecktes-boeckchen-auf-der-suche-nach-einem-netten-maedchen\/#breadcrumb","itemListElement":[{"@type":"ListItem","position":1,"name":"Startseite","item":"https:\/\/tierheim-moers.de\/Wordpress\/"},{"@type":"ListItem","position":2,"name":"Smoky &#8211; aufgewecktes B\u00f6ckchen auf der Suche nach einem netten M\u00e4dchen, vermittelt am 26.03.2022"}]},{"@type":"WebSite","@id":"https:\/\/tierheim-moers.de\/Wordpress\/#website","url":"https:\/\/tierheim-moers.de\/Wordpress\/","name":"Tierheim Moers","description":"Tierheim | Hundepension | Tierschutz | Moers","publisher":{"@id":"https:\/\/tierheim-moers.de\/Wordpress\/#organization"},"potentialAction":[{"@type":"SearchAction","target":{"@type":"EntryPoint","urlTemplate":"https:\/\/tierheim-moers.de\/Wordpress\/?s={search_term_string}"},"query-input":{"@type":"PropertyValueSpecification","valueRequired":true,"valueName":"search_term_string"}}],"inLanguage":"de"},{"@type":"Organization","@id":"https:\/\/tierheim-moers.de\/Wordpress\/#organization","name":"Tierheim Moers","url":"https:\/\/tierheim-moers.de\/Wordpress\/","logo":{"@type":"ImageObject","inLanguage":"de","@id":"https:\/\/tierheim-moers.de\/Wordpress\/#\/schema\/logo\/image\/","url":"https:\/\/tierheim-moers.de\/Wordpress\/wp-content\/uploads\/2014\/04\/Logo-TSV-Moers-V01-RGB-300.png","contentUrl":"https:\/\/tierheim-moers.de\/Wordpress\/wp-content\/uploads\/2014\/04\/Logo-TSV-Moers-V01-RGB-300.png","width":1052,"height":1038,"caption":"Tierheim Moers"},"image":{"@id":"https:\/\/tierheim-moers.de\/Wordpress\/#\/schema\/logo\/image\/"},"sameAs":["https:\/\/de-de.facebook.com\/moers.tierheim"]},{"@type":"Person","@id":"https:\/\/tierheim-moers.de\/Wordpress\/#\/schema\/person\/150977e5c8607f90b018c443f74a0610","name":"Heller","image":{"@type":"ImageObject","inLanguage":"de","@id":"https:\/\/tierheim-moers.de\/Wordpress\/#\/schema\/person\/image\/","url":"https:\/\/secure.gravatar.com\/avatar\/9824ff6b01ce21fa108e69d35d418d782bb3cd554aa9049d583057cf88cd69cc?s=96&d=mm&r=g","contentUrl":"https:\/\/secure.gravatar.com\/avatar\/9824ff6b01ce21fa108e69d35d418d782bb3cd554aa9049d583057cf88cd69cc?s=96&d=mm&r=g","caption":"Heller"},"url":"https:\/\/tierheim-moers.de\/Wordpress\/author\/kathi-westphal\/"}]}},"_links":{"self":[{"href":"https:\/\/tierheim-moers.de\/Wordpress\/wp-json\/wp\/v2\/posts\/46468","targetHints":{"allow":["GET"]}}],"collection":[{"href":"https:\/\/tierheim-moers.de\/Wordpress\/wp-json\/wp\/v2\/posts"}],"about":[{"href":"https:\/\/tierheim-moers.de\/Wordpress\/wp-json\/wp\/v2\/types\/post"}],"author":[{"embeddable":true,"href":"https:\/\/tierheim-moers.de\/Wordpress\/wp-json\/wp\/v2\/users\/29"}],"replies":[{"embeddable":true,"href":"https:\/\/tierheim-moers.de\/Wordpress\/wp-json\/wp\/v2\/comments?post=46468"}],"version-history":[{"count":4,"href":"https:\/\/tierheim-moers.de\/Wordpress\/wp-json\/wp\/v2\/posts\/46468\/revisions"}],"predecessor-version":[{"id":46742,"href":"https:\/\/tierheim-moers.de\/Wordpress\/wp-json\/wp\/v2\/posts\/46468\/revisions\/46742"}],"wp:featuredmedia":[{"embeddable":true,"href":"https:\/\/tierheim-moers.de\/Wordpress\/wp-json\/wp\/v2\/media\/46472"}],"wp:attachment":[{"href":"https:\/\/tierheim-moers.de\/Wordpress\/wp-json\/wp\/v2\/media?parent=46468"}],"wp:term":[{"taxonomy":"category","embeddable":true,"href":"https:\/\/tierheim-moers.de\/Wordpress\/wp-json\/wp\/v2\/categories?post=46468"},{"taxonomy":"post_tag","embeddable":true,"href":"https:\/\/tierheim-moers.de\/Wordpress\/wp-json\/wp\/v2\/tags?post=46468"}],"curies":[{"name":"wp","href":"https:\/\/api.w.org\/{rel}","templated":true}]}}