{"id":48267,"date":"2022-10-29T10:59:41","date_gmt":"2022-10-29T08:59:41","guid":{"rendered":"https:\/\/tierheim-moers.de\/Wordpress\/?p=48267"},"modified":"2022-10-29T16:11:11","modified_gmt":"2022-10-29T14:11:11","slug":"fund-kaninchen-aus-krefeld-vom-13-06-2022","status":"publish","type":"post","link":"https:\/\/tierheim-moers.de\/Wordpress\/fund-kaninchen-aus-krefeld-vom-13-06-2022\/","title":{"rendered":"Carlson &#8230; hat mit seinem Charme Nelly f\u00fcr sich gewonnen &#8211; vermittelt 29.10.2022 zusammen mit Nelly"},"content":{"rendered":"<div class=\"\" dir=\"auto\">\n<div id=\"jsc_c_34\" class=\"ecm0bbzt hv4rvrfc ihqw7lf3 dati1w0a\" data-ad-comet-preview=\"message\" data-ad-preview=\"message\">\n<div class=\"j83agx80 cbu4d94t ew0dbk1b irj2b8pg\">\n<div class=\"qzhwtbm6 knvmm38d\">\n<div class=\"kvgmc6g5 cxmmr5t8 oygrvhab hcukyx3x c1et5uql ii04i59q\">\n<div dir=\"auto\">\n<table id=\"tablepress-1953\" class=\"tablepress tablepress-id-1953\">\n<tbody class=\"row-striping row-hover\">\n<tr class=\"row-1\">\n\t<td class=\"column-1\">Name des Tiers:<\/td><td class=\"column-2\">Carlson<\/td>\n<\/tr>\n<tr class=\"row-2\">\n\t<td class=\"column-1\">Bestandsnummer:<\/td><td class=\"column-2\">256_F_22<\/td>\n<\/tr>\n<tr class=\"row-3\">\n\t<td class=\"column-1\">Aufnahmegrund:<\/td><td class=\"column-2\">Fundtier<\/td>\n<\/tr>\n<tr class=\"row-4\">\n\t<td class=\"column-1\">Im Tierheim seit:<\/td><td class=\"column-2\">13.06.2022<\/td>\n<\/tr>\n<tr class=\"row-5\">\n\t<td class=\"column-1\">Rasse:<\/td><td class=\"column-2\">Zwergkaninchen<\/td>\n<\/tr>\n<tr class=\"row-6\">\n\t<td class=\"column-1\">Geschlecht:<\/td><td class=\"column-2\">m\u00e4nnlich<\/td>\n<\/tr>\n<tr class=\"row-7\">\n\t<td class=\"column-1\">Farbe\/Felll\u00e4nge:<\/td><td class=\"column-2\">braun<\/td>\n<\/tr>\n<tr class=\"row-8\">\n\t<td class=\"column-1\">Geburtsdatum:<\/td><td class=\"column-2\">ca. 05\/2022<\/td>\n<\/tr>\n<tr class=\"row-9\">\n\t<td class=\"column-1\">Schulterh\u00f6he\/Gewicht:<\/td><td class=\"column-2\"><\/td>\n<\/tr>\n<tr class=\"row-10\">\n\t<td class=\"column-1\">Fundort\/Abgabegrund:<\/td><td class=\"column-2\">Fundtier<\/td>\n<\/tr>\n<tr class=\"row-11\">\n\t<td class=\"column-1\">Tierbeschreibung:<\/td><td class=\"column-2\"><\/td>\n<\/tr>\n<\/tbody>\n<\/table>\n<!-- #tablepress-1953 from cache --><\/div>\n<\/div>\n<\/div>\n<div dir=\"auto\">&nbsp;<\/div>\n<\/div>\n<\/div>\n<\/div>\n<div dir=\"auto\">Update 22.09.2022<\/div>\n<div dir=\"auto\">&nbsp;<\/div>\n<div dir=\"auto\">Aus der Handvoll Kaninchen ist ein charmanter junger Herr geworden. Aufgrund des \u00e4hnlichen Alters haben wir vor einiger Zeit Carlson und Nelly vergesellschaftet. Nach ein paar Anlaufschwierigkeiten haben die Beiden nun richtig zueinander gefunden. Der Gr\u00f6\u00dfenunterschied tritt in den Hintergrund, wenn man sie zusammen sieht &#8211; und man sieht sie auch nur zusammen.<\/div>\n<div dir=\"auto\">&nbsp;<\/div>\n<div dir=\"auto\"><a href=\"https:\/\/tierheim-moers.de\/Wordpress\/wp-content\/uploads\/2022\/09\/20220918_102624.jpg\"><img fetchpriority=\"high\" decoding=\"async\" class=\"alignnone size-medium wp-image-50071\" src=\"https:\/\/tierheim-moers.de\/Wordpress\/wp-content\/uploads\/2022\/09\/20220918_102624-300x287.jpg\" alt=\"\" width=\"300\" height=\"287\" srcset=\"https:\/\/tierheim-moers.de\/Wordpress\/wp-content\/uploads\/2022\/09\/20220918_102624-300x287.jpg 300w, https:\/\/tierheim-moers.de\/Wordpress\/wp-content\/uploads\/2022\/09\/20220918_102624-1024x980.jpg 1024w, https:\/\/tierheim-moers.de\/Wordpress\/wp-content\/uploads\/2022\/09\/20220918_102624-768x735.jpg 768w, https:\/\/tierheim-moers.de\/Wordpress\/wp-content\/uploads\/2022\/09\/20220918_102624-600x574.jpg 600w, https:\/\/tierheim-moers.de\/Wordpress\/wp-content\/uploads\/2022\/09\/20220918_102624-1536x1470.jpg 1536w, https:\/\/tierheim-moers.de\/Wordpress\/wp-content\/uploads\/2022\/09\/20220918_102624-700x670.jpg 700w, https:\/\/tierheim-moers.de\/Wordpress\/wp-content\/uploads\/2022\/09\/20220918_102624-1320x1263.jpg 1320w, https:\/\/tierheim-moers.de\/Wordpress\/wp-content\/uploads\/2022\/09\/20220918_102624.jpg 2024w\" sizes=\"(max-width: 300px) 100vw, 300px\" \/><\/a><\/div>\n<div dir=\"auto\">&nbsp;<\/div>\n<div dir=\"auto\">Wir k\u00f6nnen uns gut vorstellen, sie nun auch gemeinsam zu vermitteln. Die beiden sehr aktiven und menschenbezogenen Kaninchen w\u00fcnschen sich jedoch so richtig viel Platz, damit sie sich austoben k\u00f6nnen.<\/div>\n<div dir=\"auto\">&nbsp;<\/div>\n<div dir=\"auto\"><a href=\"https:\/\/tierheim-moers.de\/Wordpress\/wp-content\/uploads\/2022\/09\/20220918_102652.jpg\"><img decoding=\"async\" class=\"alignnone size-medium wp-image-50072\" src=\"https:\/\/tierheim-moers.de\/Wordpress\/wp-content\/uploads\/2022\/09\/20220918_102652-242x300.jpg\" alt=\"\" width=\"242\" height=\"300\" srcset=\"https:\/\/tierheim-moers.de\/Wordpress\/wp-content\/uploads\/2022\/09\/20220918_102652-242x300.jpg 242w, https:\/\/tierheim-moers.de\/Wordpress\/wp-content\/uploads\/2022\/09\/20220918_102652-827x1024.jpg 827w, https:\/\/tierheim-moers.de\/Wordpress\/wp-content\/uploads\/2022\/09\/20220918_102652-768x951.jpg 768w, https:\/\/tierheim-moers.de\/Wordpress\/wp-content\/uploads\/2022\/09\/20220918_102652-600x743.jpg 600w, https:\/\/tierheim-moers.de\/Wordpress\/wp-content\/uploads\/2022\/09\/20220918_102652-1241x1536.jpg 1241w, https:\/\/tierheim-moers.de\/Wordpress\/wp-content\/uploads\/2022\/09\/20220918_102652-1654x2048.jpg 1654w, https:\/\/tierheim-moers.de\/Wordpress\/wp-content\/uploads\/2022\/09\/20220918_102652-700x867.jpg 700w, https:\/\/tierheim-moers.de\/Wordpress\/wp-content\/uploads\/2022\/09\/20220918_102652-1320x1634.jpg 1320w, https:\/\/tierheim-moers.de\/Wordpress\/wp-content\/uploads\/2022\/09\/20220918_102652.jpg 1667w\" sizes=\"(max-width: 242px) 100vw, 242px\" \/><\/a><\/div>\n<div dir=\"auto\">&nbsp;<\/div>\n<div dir=\"auto\">\n<p><em>Noch immer haben wir f\u00fcr Besucher geschlossen. Bei Interesse an Carlson und Nelly stehen die vermittelnden Kollegen f\u00fcr telefonische Erstgespr\u00e4che von Montag bis Freitag von 14 \u2013 17 Uhr und Samstag von 13 \u2013 16 Uhr zur Verf\u00fcgung.<\/em><\/p>\n<div class=\"entry-content\">\n<p><em>Wir bitten darum, sich an diese Zeiten zu halten, da nach den regul\u00e4ren Telefonzeiten alle Gespr\u00e4che in den&nbsp;<strong>Notdienst<\/strong>&nbsp;umgeleitet werden und dieser nat\u00fcrlich Notf\u00e4llen vorbehalten ist.<\/em><\/p>\n<p><em>Alternativ k\u00f6nnen Sie auch direkt Bilder von der Unterbringung an unsere Tierpfleger schicken: tierpfleger@tierheim-moers.de \u2013 bitte immer mit Angabe einer Telefonnummer, damit wir uns bei Ihnen zur\u00fcckmelden k\u00f6nnen.<\/em><\/p>\n<\/div>\n<\/div>\n<div class=\"\" dir=\"auto\">\n<div id=\"jsc_c_34\" class=\"ecm0bbzt hv4rvrfc ihqw7lf3 dati1w0a\" data-ad-comet-preview=\"message\" data-ad-preview=\"message\">\n<div dir=\"auto\">___________________________________________________________________________________________________<\/div>\n<div class=\"j83agx80 cbu4d94t ew0dbk1b irj2b8pg\">\n<div dir=\"auto\">&nbsp;<\/div>\n<div dir=\"auto\">Update 29.07.2022<\/div>\n<div dir=\"auto\">Carlson ist nun kastriert und bereit f\u00fcr ein neues Zuhause mit einer netten Kaninchendame mit Freiluftwohneigentum.<\/div>\n<\/div>\n<\/div>\n<\/div>\n<div dir=\"auto\">__________________________________________________________________________________________________<\/div>\n<div class=\"\" dir=\"auto\">\n<div id=\"jsc_c_34\" class=\"ecm0bbzt hv4rvrfc ihqw7lf3 dati1w0a\" data-ad-comet-preview=\"message\" data-ad-preview=\"message\">\n<div class=\"j83agx80 cbu4d94t ew0dbk1b irj2b8pg\">\n<div dir=\"auto\">&nbsp;<\/div>\n<div dir=\"auto\">Carlson kam als Fundtier zu uns, wurde jedoch nicht vermisst. Er war gesch\u00e4tzte vier Wochen alt und sehr mager.<\/div>\n<div dir=\"auto\">Carlson wurde zun\u00e4chst etwas aufgep\u00e4ppelt und erhielt dann die notwendigen Impfungen. Nun wartet er noch auf seine Kastration.<\/div>\n<div dir=\"auto\"><a href=\"https:\/\/tierheim-moers.de\/Wordpress\/wp-content\/uploads\/2022\/07\/Carlson.jpg\"><img decoding=\"async\" class=\"alignnone size-medium wp-image-48769\" src=\"https:\/\/tierheim-moers.de\/Wordpress\/wp-content\/uploads\/2022\/07\/Carlson-300x300.jpg\" alt=\"\" width=\"300\" height=\"300\" srcset=\"https:\/\/tierheim-moers.de\/Wordpress\/wp-content\/uploads\/2022\/07\/Carlson-300x300.jpg 300w, https:\/\/tierheim-moers.de\/Wordpress\/wp-content\/uploads\/2022\/07\/Carlson-1024x1024.jpg 1024w, https:\/\/tierheim-moers.de\/Wordpress\/wp-content\/uploads\/2022\/07\/Carlson-150x150.jpg 150w, https:\/\/tierheim-moers.de\/Wordpress\/wp-content\/uploads\/2022\/07\/Carlson-768x768.jpg 768w, https:\/\/tierheim-moers.de\/Wordpress\/wp-content\/uploads\/2022\/07\/Carlson-600x600.jpg 600w, https:\/\/tierheim-moers.de\/Wordpress\/wp-content\/uploads\/2022\/07\/Carlson-432x432.jpg 432w, https:\/\/tierheim-moers.de\/Wordpress\/wp-content\/uploads\/2022\/07\/Carlson-268x268.jpg 268w, https:\/\/tierheim-moers.de\/Wordpress\/wp-content\/uploads\/2022\/07\/Carlson-700x700.jpg 700w, https:\/\/tierheim-moers.de\/Wordpress\/wp-content\/uploads\/2022\/07\/Carlson-45x45.jpg 45w, https:\/\/tierheim-moers.de\/Wordpress\/wp-content\/uploads\/2022\/07\/Carlson.jpg 1200w\" sizes=\"(max-width: 300px) 100vw, 300px\" \/><\/a><\/div>\n<div dir=\"auto\">Wenn er alles hinter sich gebracht hat, sucht Carlson nat\u00fcrlich ein art- und bed\u00fcrfnisgerechtes Zuhause mit passender Kaninchengesellschaft.<\/div>\n<\/div>\n<div dir=\"auto\">&nbsp;<\/div>\n<div class=\"j83agx80 cbu4d94t ew0dbk1b irj2b8pg\">\n<div class=\"qzhwtbm6 knvmm38d\">\n<div class=\"kvgmc6g5 cxmmr5t8 oygrvhab hcukyx3x c1et5uql ii04i59q\">\n<div dir=\"auto\">&nbsp;<\/div>\n<\/div>\n<\/div>\n<\/div>\n<div dir=\"auto\">&nbsp;<\/div>\n<div class=\"j83agx80 cbu4d94t ew0dbk1b irj2b8pg\">\n<div class=\"qzhwtbm6 knvmm38d\">\n<div class=\"kvgmc6g5 cxmmr5t8 oygrvhab hcukyx3x c1et5uql ii04i59q\">\n<div dir=\"auto\">&nbsp;<\/div>\n<div dir=\"auto\">13.06.2022<a href=\"https:\/\/tierheim-moers.de\/Wordpress\/wp-content\/uploads\/2022\/06\/fk-kaninchen-vom-13.06.2022.jpg\"><img loading=\"lazy\" decoding=\"async\" class=\"size-medium wp-image-48268 alignleft\" src=\"https:\/\/tierheim-moers.de\/Wordpress\/wp-content\/uploads\/2022\/06\/fk-kaninchen-vom-13.06.2022-300x272.jpg\" alt=\"\" width=\"300\" height=\"272\" srcset=\"https:\/\/tierheim-moers.de\/Wordpress\/wp-content\/uploads\/2022\/06\/fk-kaninchen-vom-13.06.2022-300x272.jpg 300w, https:\/\/tierheim-moers.de\/Wordpress\/wp-content\/uploads\/2022\/06\/fk-kaninchen-vom-13.06.2022.jpg 552w\" sizes=\"(max-width: 300px) 100vw, 300px\" \/><\/a><\/div>\n<div dir=\"auto\">Fundkaninchen aus Krefeld<\/div>\n<\/div>\n<div class=\"cxmmr5t8 oygrvhab hcukyx3x c1et5uql o9v6fnle ii04i59q\">\n<div dir=\"auto\">Dieses junge, m\u00e4nnliche Kaninchen wurde heute Vormittag in einem Waldst\u00fcck in Krefeld Linn gesichert. Wer das Kaninchen kennt oder vermisst, kann sich bitte direkt telefonisch im Tierheim melden.<\/div>\n<\/div>\n<\/div>\n<\/div>\n<\/div>\n<\/div>\n<div class=\"shariff shariff-align-flex-start shariff-widget-align-center\" data-url=\"https%3A%2F%2Ftierheim-moers.de%2FWordpress%2Ffund-kaninchen-aus-krefeld-vom-13-06-2022%2F\" data-timestamp=\"1667059871\" data-hidezero=\"1\" data-backendurl=\"https:\/\/tierheim-moers.de\/Wordpress\/wp-json\/shariff\/v1\/share_counts?\"><ul class=\"shariff-buttons theme-round orientation-horizontal buttonsize-small\"><li class=\"shariff-button facebook shariff-nocustomcolor\" style=\"background-color:#4273c8\"><a href=\"https:\/\/www.facebook.com\/sharer\/sharer.php?u=https%3A%2F%2Ftierheim-moers.de%2FWordpress%2Ffund-kaninchen-aus-krefeld-vom-13-06-2022%2F\" title=\"Bei Facebook teilen\" aria-label=\"Bei Facebook teilen\" role=\"button\" rel=\"nofollow\" class=\"shariff-link\" style=\"; background-color:#3b5998; color:#fff\" target=\"_blank\"><span class=\"shariff-icon\" style=\"\"><svg width=\"32px\" height=\"20px\" xmlns=\"http:\/\/www.w3.org\/2000\/svg\" viewBox=\"0 0 18 32\"><path fill=\"#3b5998\" d=\"M17.1 0.2v4.7h-2.8q-1.5 0-2.1 0.6t-0.5 1.9v3.4h5.2l-0.7 5.3h-4.5v13.6h-5.5v-13.6h-4.5v-5.3h4.5v-3.9q0-3.3 1.9-5.2t5-1.8q2.6 0 4.1 0.2z\"\/><\/svg><\/span><\/a><\/li><li class=\"shariff-button twitter shariff-nocustomcolor\" style=\"background-color:#595959\"><a href=\"https:\/\/twitter.com\/share?url=https%3A%2F%2Ftierheim-moers.de%2FWordpress%2Ffund-kaninchen-aus-krefeld-vom-13-06-2022%2F&text=Carlson%20%E2%80%A6%20hat%20mit%20seinem%20Charme%20Nelly%20f%C3%BCr%20sich%20gewonnen%20%E2%80%93%20vermittelt%2029.10.2022%20zusammen%20mit%20Nelly\" title=\"Bei X teilen\" aria-label=\"Bei X teilen\" role=\"button\" rel=\"noopener nofollow\" class=\"shariff-link\" style=\"; background-color:#000; color:#fff\" target=\"_blank\"><span class=\"shariff-icon\" style=\"\"><svg width=\"32px\" height=\"20px\" xmlns=\"http:\/\/www.w3.org\/2000\/svg\" viewBox=\"0 0 24 24\"><path fill=\"#000\" d=\"M14.258 10.152L23.176 0h-2.113l-7.747 8.813L7.133 0H0l9.352 13.328L0 23.973h2.113l8.176-9.309 6.531 9.309h7.133zm-2.895 3.293l-.949-1.328L2.875 1.56h3.246l6.086 8.523.945 1.328 7.91 11.078h-3.246zm0 0\"\/><\/svg><\/span><\/a><\/li><li class=\"shariff-button whatsapp shariff-nocustomcolor\" style=\"background-color:#5cbe4a\"><a href=\"https:\/\/api.whatsapp.com\/send?text=https%3A%2F%2Ftierheim-moers.de%2FWordpress%2Ffund-kaninchen-aus-krefeld-vom-13-06-2022%2F%20Carlson%20%E2%80%A6%20hat%20mit%20seinem%20Charme%20Nelly%20f%C3%BCr%20sich%20gewonnen%20%E2%80%93%20vermittelt%2029.10.2022%20zusammen%20mit%20Nelly\" title=\"Bei Whatsapp teilen\" aria-label=\"Bei Whatsapp teilen\" role=\"button\" rel=\"noopener nofollow\" class=\"shariff-link\" style=\"; background-color:#34af23; color:#fff\" target=\"_blank\"><span class=\"shariff-icon\" style=\"\"><svg width=\"32px\" height=\"20px\" xmlns=\"http:\/\/www.w3.org\/2000\/svg\" viewBox=\"0 0 32 32\"><path fill=\"#34af23\" d=\"M17.6 17.4q0.2 0 1.7 0.8t1.6 0.9q0 0.1 0 0.3 0 0.6-0.3 1.4-0.3 0.7-1.3 1.2t-1.8 0.5q-1 0-3.4-1.1-1.7-0.8-3-2.1t-2.6-3.3q-1.3-1.9-1.3-3.5v-0.1q0.1-1.6 1.3-2.8 0.4-0.4 0.9-0.4 0.1 0 0.3 0t0.3 0q0.3 0 0.5 0.1t0.3 0.5q0.1 0.4 0.6 1.6t0.4 1.3q0 0.4-0.6 1t-0.6 0.8q0 0.1 0.1 0.3 0.6 1.3 1.8 2.4 1 0.9 2.7 1.8 0.2 0.1 0.4 0.1 0.3 0 1-0.9t0.9-0.9zM14 26.9q2.3 0 4.3-0.9t3.6-2.4 2.4-3.6 0.9-4.3-0.9-4.3-2.4-3.6-3.6-2.4-4.3-0.9-4.3 0.9-3.6 2.4-2.4 3.6-0.9 4.3q0 3.6 2.1 6.6l-1.4 4.2 4.3-1.4q2.8 1.9 6.2 1.9zM14 2.2q2.7 0 5.2 1.1t4.3 2.9 2.9 4.3 1.1 5.2-1.1 5.2-2.9 4.3-4.3 2.9-5.2 1.1q-3.5 0-6.5-1.7l-7.4 2.4 2.4-7.2q-1.9-3.2-1.9-6.9 0-2.7 1.1-5.2t2.9-4.3 4.3-2.9 5.2-1.1z\"\/><\/svg><\/span><\/a><\/li><li class=\"shariff-button sms shariff-nocustomcolor shariff-mobile\" style=\"background-color:#d7d9d8\"><a href=\"sms:?&body=https%3A%2F%2Ftierheim-moers.de%2FWordpress%2Ffund-kaninchen-aus-krefeld-vom-13-06-2022%2F\" title=\"Per SMS teilen\" aria-label=\"Per SMS teilen\" role=\"button\" rel=\"noopener nofollow\" class=\"shariff-link\" style=\"; background-color:#a1e877; color:#fff\" target=\"_blank\"><span class=\"shariff-icon\" style=\"\"><svg xmlns=\"http:\/\/www.w3.org\/2000\/svg\" width=\"510\" height=\"510\" viewBox=\"0 0 510 510\"><path fill=\"#a1e877\" d=\"M459 0H51C23 0 0 23 0 51v459l102-102h357c28.1 0 51-22.9 51-51V51C510 23 487.1 0 459 0zM178.5 229.5h-51v-51h51V229.5zM280.5 229.5h-51v-51h51V229.5zM382.5 229.5h-51v-51h51V229.5z\"\/><\/svg><\/span><\/a><\/li><\/ul><\/div>","protected":false},"excerpt":{"rendered":"<p>&nbsp; Update 22.09.2022 &nbsp; Aus der Handvoll Kaninchen ist ein charmanter junger Herr geworden. Aufgrund des \u00e4hnlichen Alters haben wir vor einiger Zeit Carlson und Nelly vergesellschaftet. Nach ein paar Anlaufschwierigkeiten haben die Beiden nun richtig zueinander gefunden. Der Gr\u00f6\u00dfenunterschied tritt in den Hintergrund, wenn man sie zusammen sieht &#8211; &#8230;<\/p>\n","protected":false},"author":4,"featured_media":50069,"comment_status":"closed","ping_status":"open","sticky":false,"template":"","format":"standard","meta":{"ngg_post_thumbnail":0,"footnotes":""},"categories":[10],"tags":[],"class_list":["post-48267","post","type-post","status-publish","format-standard","has-post-thumbnail","hentry","category-vermittelt","column","threecol","has-thumbnail"],"yoast_head":"<!-- This site is optimized with the Yoast SEO plugin v24.6 - https:\/\/yoast.com\/wordpress\/plugins\/seo\/ -->\n<title>Carlson ... hat mit seinem Charme Nelly f\u00fcr sich gewonnen - vermittelt 29.10.2022 zusammen mit Nelly | TIERHEIM MOERS<\/title>\n<meta name=\"robots\" content=\"index, follow, max-snippet:-1, max-image-preview:large, max-video-preview:-1\" \/>\n<link rel=\"canonical\" href=\"https:\/\/tierheim-moers.de\/Wordpress\/fund-kaninchen-aus-krefeld-vom-13-06-2022\/\" \/>\n<meta property=\"og:locale\" content=\"de_DE\" \/>\n<meta property=\"og:type\" content=\"article\" \/>\n<meta property=\"og:title\" content=\"Carlson ... hat mit seinem Charme Nelly f\u00fcr sich gewonnen - vermittelt 29.10.2022 zusammen mit Nelly | TIERHEIM MOERS\" \/>\n<meta property=\"og:description\" content=\"&nbsp; Update 22.09.2022 &nbsp; Aus der Handvoll Kaninchen ist ein charmanter junger Herr geworden. Aufgrund des \u00e4hnlichen Alters haben wir vor einiger &#8230;\" \/>\n<meta property=\"og:url\" content=\"https:\/\/tierheim-moers.de\/Wordpress\/fund-kaninchen-aus-krefeld-vom-13-06-2022\/\" \/>\n<meta property=\"og:site_name\" content=\"TIERHEIM MOERS\" \/>\n<meta property=\"article:publisher\" content=\"https:\/\/de-de.facebook.com\/moers.tierheim\" \/>\n<meta property=\"article:published_time\" content=\"2022-10-29T08:59:41+00:00\" \/>\n<meta property=\"article:modified_time\" content=\"2022-10-29T14:11:11+00:00\" \/>\n<meta property=\"og:image\" content=\"https:\/\/tierheim-moers.de\/Wordpress\/wp-content\/uploads\/2022\/09\/20220918_102521.jpg\" \/>\n\t<meta property=\"og:image:width\" content=\"2486\" \/>\n\t<meta property=\"og:image:height\" content=\"1686\" \/>\n\t<meta property=\"og:image:type\" content=\"image\/jpeg\" \/>\n<meta name=\"author\" content=\"Gisela Kuhnen\" \/>\n<meta name=\"twitter:card\" content=\"summary_large_image\" \/>\n<meta name=\"twitter:label1\" content=\"Verfasst von\" \/>\n\t<meta name=\"twitter:data1\" content=\"Gisela Kuhnen\" \/>\n\t<meta name=\"twitter:label2\" content=\"Gesch\u00e4tzte Lesezeit\" \/>\n\t<meta name=\"twitter:data2\" content=\"3\u00a0Minuten\" \/>\n<script type=\"application\/ld+json\" class=\"yoast-schema-graph\">{\"@context\":\"https:\/\/schema.org\",\"@graph\":[{\"@type\":\"Article\",\"@id\":\"https:\/\/tierheim-moers.de\/Wordpress\/fund-kaninchen-aus-krefeld-vom-13-06-2022\/#article\",\"isPartOf\":{\"@id\":\"https:\/\/tierheim-moers.de\/Wordpress\/fund-kaninchen-aus-krefeld-vom-13-06-2022\/\"},\"author\":{\"name\":\"Gisela Kuhnen\",\"@id\":\"https:\/\/tierheim-moers.de\/Wordpress\/#\/schema\/person\/35ad410ed2d8620d4f57f813585b0d8e\"},\"headline\":\"Carlson &#8230; hat mit seinem Charme Nelly f\u00fcr sich gewonnen &#8211; vermittelt 29.10.2022 zusammen mit Nelly\",\"datePublished\":\"2022-10-29T08:59:41+00:00\",\"dateModified\":\"2022-10-29T14:11:11+00:00\",\"mainEntityOfPage\":{\"@id\":\"https:\/\/tierheim-moers.de\/Wordpress\/fund-kaninchen-aus-krefeld-vom-13-06-2022\/\"},\"wordCount\":329,\"publisher\":{\"@id\":\"https:\/\/tierheim-moers.de\/Wordpress\/#organization\"},\"image\":{\"@id\":\"https:\/\/tierheim-moers.de\/Wordpress\/fund-kaninchen-aus-krefeld-vom-13-06-2022\/#primaryimage\"},\"thumbnailUrl\":\"https:\/\/tierheim-moers.de\/Wordpress\/wp-content\/uploads\/2022\/09\/20220918_102521.jpg\",\"articleSection\":[\"Vermittelt\"],\"inLanguage\":\"de\"},{\"@type\":\"WebPage\",\"@id\":\"https:\/\/tierheim-moers.de\/Wordpress\/fund-kaninchen-aus-krefeld-vom-13-06-2022\/\",\"url\":\"https:\/\/tierheim-moers.de\/Wordpress\/fund-kaninchen-aus-krefeld-vom-13-06-2022\/\",\"name\":\"Carlson ... hat mit seinem Charme Nelly f\u00fcr sich gewonnen - vermittelt 29.10.2022 zusammen mit Nelly | TIERHEIM MOERS\",\"isPartOf\":{\"@id\":\"https:\/\/tierheim-moers.de\/Wordpress\/#website\"},\"primaryImageOfPage\":{\"@id\":\"https:\/\/tierheim-moers.de\/Wordpress\/fund-kaninchen-aus-krefeld-vom-13-06-2022\/#primaryimage\"},\"image\":{\"@id\":\"https:\/\/tierheim-moers.de\/Wordpress\/fund-kaninchen-aus-krefeld-vom-13-06-2022\/#primaryimage\"},\"thumbnailUrl\":\"https:\/\/tierheim-moers.de\/Wordpress\/wp-content\/uploads\/2022\/09\/20220918_102521.jpg\",\"datePublished\":\"2022-10-29T08:59:41+00:00\",\"dateModified\":\"2022-10-29T14:11:11+00:00\",\"breadcrumb\":{\"@id\":\"https:\/\/tierheim-moers.de\/Wordpress\/fund-kaninchen-aus-krefeld-vom-13-06-2022\/#breadcrumb\"},\"inLanguage\":\"de\",\"potentialAction\":[{\"@type\":\"ReadAction\",\"target\":[\"https:\/\/tierheim-moers.de\/Wordpress\/fund-kaninchen-aus-krefeld-vom-13-06-2022\/\"]}]},{\"@type\":\"ImageObject\",\"inLanguage\":\"de\",\"@id\":\"https:\/\/tierheim-moers.de\/Wordpress\/fund-kaninchen-aus-krefeld-vom-13-06-2022\/#primaryimage\",\"url\":\"https:\/\/tierheim-moers.de\/Wordpress\/wp-content\/uploads\/2022\/09\/20220918_102521.jpg\",\"contentUrl\":\"https:\/\/tierheim-moers.de\/Wordpress\/wp-content\/uploads\/2022\/09\/20220918_102521.jpg\",\"width\":2486,\"height\":1686},{\"@type\":\"BreadcrumbList\",\"@id\":\"https:\/\/tierheim-moers.de\/Wordpress\/fund-kaninchen-aus-krefeld-vom-13-06-2022\/#breadcrumb\",\"itemListElement\":[{\"@type\":\"ListItem\",\"position\":1,\"name\":\"Startseite\",\"item\":\"https:\/\/tierheim-moers.de\/Wordpress\/\"},{\"@type\":\"ListItem\",\"position\":2,\"name\":\"Carlson &#8230; hat mit seinem Charme Nelly f\u00fcr sich gewonnen &#8211; vermittelt 29.10.2022 zusammen mit Nelly\"}]},{\"@type\":\"WebSite\",\"@id\":\"https:\/\/tierheim-moers.de\/Wordpress\/#website\",\"url\":\"https:\/\/tierheim-moers.de\/Wordpress\/\",\"name\":\"Tierheim Moers\",\"description\":\"Tierheim | Hundepension | Tierschutz | Moers\",\"publisher\":{\"@id\":\"https:\/\/tierheim-moers.de\/Wordpress\/#organization\"},\"potentialAction\":[{\"@type\":\"SearchAction\",\"target\":{\"@type\":\"EntryPoint\",\"urlTemplate\":\"https:\/\/tierheim-moers.de\/Wordpress\/?s={search_term_string}\"},\"query-input\":{\"@type\":\"PropertyValueSpecification\",\"valueRequired\":true,\"valueName\":\"search_term_string\"}}],\"inLanguage\":\"de\"},{\"@type\":\"Organization\",\"@id\":\"https:\/\/tierheim-moers.de\/Wordpress\/#organization\",\"name\":\"Tierheim Moers\",\"url\":\"https:\/\/tierheim-moers.de\/Wordpress\/\",\"logo\":{\"@type\":\"ImageObject\",\"inLanguage\":\"de\",\"@id\":\"https:\/\/tierheim-moers.de\/Wordpress\/#\/schema\/logo\/image\/\",\"url\":\"https:\/\/tierheim-moers.de\/Wordpress\/wp-content\/uploads\/2014\/04\/Logo-TSV-Moers-V01-RGB-300.png\",\"contentUrl\":\"https:\/\/tierheim-moers.de\/Wordpress\/wp-content\/uploads\/2014\/04\/Logo-TSV-Moers-V01-RGB-300.png\",\"width\":1052,\"height\":1038,\"caption\":\"Tierheim Moers\"},\"image\":{\"@id\":\"https:\/\/tierheim-moers.de\/Wordpress\/#\/schema\/logo\/image\/\"},\"sameAs\":[\"https:\/\/de-de.facebook.com\/moers.tierheim\"]},{\"@type\":\"Person\",\"@id\":\"https:\/\/tierheim-moers.de\/Wordpress\/#\/schema\/person\/35ad410ed2d8620d4f57f813585b0d8e\",\"name\":\"Gisela Kuhnen\",\"image\":{\"@type\":\"ImageObject\",\"inLanguage\":\"de\",\"@id\":\"https:\/\/tierheim-moers.de\/Wordpress\/#\/schema\/person\/image\/\",\"url\":\"https:\/\/secure.gravatar.com\/avatar\/807ca84b4538291e2f5dc665ed240a0d4d7ab8f22360ec427a82fe926980b31a?s=96&d=mm&r=g\",\"contentUrl\":\"https:\/\/secure.gravatar.com\/avatar\/807ca84b4538291e2f5dc665ed240a0d4d7ab8f22360ec427a82fe926980b31a?s=96&d=mm&r=g\",\"caption\":\"Gisela Kuhnen\"},\"url\":\"https:\/\/tierheim-moers.de\/Wordpress\/author\/gisela-kuhnen\/\"}]}<\/script>\n<!-- \/ Yoast SEO plugin. -->","yoast_head_json":{"title":"Carlson ... hat mit seinem Charme Nelly f\u00fcr sich gewonnen - vermittelt 29.10.2022 zusammen mit Nelly | TIERHEIM MOERS","robots":{"index":"index","follow":"follow","max-snippet":"max-snippet:-1","max-image-preview":"max-image-preview:large","max-video-preview":"max-video-preview:-1"},"canonical":"https:\/\/tierheim-moers.de\/Wordpress\/fund-kaninchen-aus-krefeld-vom-13-06-2022\/","og_locale":"de_DE","og_type":"article","og_title":"Carlson ... hat mit seinem Charme Nelly f\u00fcr sich gewonnen - vermittelt 29.10.2022 zusammen mit Nelly | TIERHEIM MOERS","og_description":"&nbsp; Update 22.09.2022 &nbsp; Aus der Handvoll Kaninchen ist ein charmanter junger Herr geworden. Aufgrund des \u00e4hnlichen Alters haben wir vor einiger &#8230;","og_url":"https:\/\/tierheim-moers.de\/Wordpress\/fund-kaninchen-aus-krefeld-vom-13-06-2022\/","og_site_name":"TIERHEIM MOERS","article_publisher":"https:\/\/de-de.facebook.com\/moers.tierheim","article_published_time":"2022-10-29T08:59:41+00:00","article_modified_time":"2022-10-29T14:11:11+00:00","og_image":[{"width":2486,"height":1686,"url":"https:\/\/tierheim-moers.de\/Wordpress\/wp-content\/uploads\/2022\/09\/20220918_102521.jpg","type":"image\/jpeg"}],"author":"Gisela Kuhnen","twitter_card":"summary_large_image","twitter_misc":{"Verfasst von":"Gisela Kuhnen","Gesch\u00e4tzte Lesezeit":"3\u00a0Minuten"},"schema":{"@context":"https:\/\/schema.org","@graph":[{"@type":"Article","@id":"https:\/\/tierheim-moers.de\/Wordpress\/fund-kaninchen-aus-krefeld-vom-13-06-2022\/#article","isPartOf":{"@id":"https:\/\/tierheim-moers.de\/Wordpress\/fund-kaninchen-aus-krefeld-vom-13-06-2022\/"},"author":{"name":"Gisela Kuhnen","@id":"https:\/\/tierheim-moers.de\/Wordpress\/#\/schema\/person\/35ad410ed2d8620d4f57f813585b0d8e"},"headline":"Carlson &#8230; hat mit seinem Charme Nelly f\u00fcr sich gewonnen &#8211; vermittelt 29.10.2022 zusammen mit Nelly","datePublished":"2022-10-29T08:59:41+00:00","dateModified":"2022-10-29T14:11:11+00:00","mainEntityOfPage":{"@id":"https:\/\/tierheim-moers.de\/Wordpress\/fund-kaninchen-aus-krefeld-vom-13-06-2022\/"},"wordCount":329,"publisher":{"@id":"https:\/\/tierheim-moers.de\/Wordpress\/#organization"},"image":{"@id":"https:\/\/tierheim-moers.de\/Wordpress\/fund-kaninchen-aus-krefeld-vom-13-06-2022\/#primaryimage"},"thumbnailUrl":"https:\/\/tierheim-moers.de\/Wordpress\/wp-content\/uploads\/2022\/09\/20220918_102521.jpg","articleSection":["Vermittelt"],"inLanguage":"de"},{"@type":"WebPage","@id":"https:\/\/tierheim-moers.de\/Wordpress\/fund-kaninchen-aus-krefeld-vom-13-06-2022\/","url":"https:\/\/tierheim-moers.de\/Wordpress\/fund-kaninchen-aus-krefeld-vom-13-06-2022\/","name":"Carlson ... hat mit seinem Charme Nelly f\u00fcr sich gewonnen - vermittelt 29.10.2022 zusammen mit Nelly | TIERHEIM MOERS","isPartOf":{"@id":"https:\/\/tierheim-moers.de\/Wordpress\/#website"},"primaryImageOfPage":{"@id":"https:\/\/tierheim-moers.de\/Wordpress\/fund-kaninchen-aus-krefeld-vom-13-06-2022\/#primaryimage"},"image":{"@id":"https:\/\/tierheim-moers.de\/Wordpress\/fund-kaninchen-aus-krefeld-vom-13-06-2022\/#primaryimage"},"thumbnailUrl":"https:\/\/tierheim-moers.de\/Wordpress\/wp-content\/uploads\/2022\/09\/20220918_102521.jpg","datePublished":"2022-10-29T08:59:41+00:00","dateModified":"2022-10-29T14:11:11+00:00","breadcrumb":{"@id":"https:\/\/tierheim-moers.de\/Wordpress\/fund-kaninchen-aus-krefeld-vom-13-06-2022\/#breadcrumb"},"inLanguage":"de","potentialAction":[{"@type":"ReadAction","target":["https:\/\/tierheim-moers.de\/Wordpress\/fund-kaninchen-aus-krefeld-vom-13-06-2022\/"]}]},{"@type":"ImageObject","inLanguage":"de","@id":"https:\/\/tierheim-moers.de\/Wordpress\/fund-kaninchen-aus-krefeld-vom-13-06-2022\/#primaryimage","url":"https:\/\/tierheim-moers.de\/Wordpress\/wp-content\/uploads\/2022\/09\/20220918_102521.jpg","contentUrl":"https:\/\/tierheim-moers.de\/Wordpress\/wp-content\/uploads\/2022\/09\/20220918_102521.jpg","width":2486,"height":1686},{"@type":"BreadcrumbList","@id":"https:\/\/tierheim-moers.de\/Wordpress\/fund-kaninchen-aus-krefeld-vom-13-06-2022\/#breadcrumb","itemListElement":[{"@type":"ListItem","position":1,"name":"Startseite","item":"https:\/\/tierheim-moers.de\/Wordpress\/"},{"@type":"ListItem","position":2,"name":"Carlson &#8230; hat mit seinem Charme Nelly f\u00fcr sich gewonnen &#8211; vermittelt 29.10.2022 zusammen mit Nelly"}]},{"@type":"WebSite","@id":"https:\/\/tierheim-moers.de\/Wordpress\/#website","url":"https:\/\/tierheim-moers.de\/Wordpress\/","name":"Tierheim Moers","description":"Tierheim | Hundepension | Tierschutz | Moers","publisher":{"@id":"https:\/\/tierheim-moers.de\/Wordpress\/#organization"},"potentialAction":[{"@type":"SearchAction","target":{"@type":"EntryPoint","urlTemplate":"https:\/\/tierheim-moers.de\/Wordpress\/?s={search_term_string}"},"query-input":{"@type":"PropertyValueSpecification","valueRequired":true,"valueName":"search_term_string"}}],"inLanguage":"de"},{"@type":"Organization","@id":"https:\/\/tierheim-moers.de\/Wordpress\/#organization","name":"Tierheim Moers","url":"https:\/\/tierheim-moers.de\/Wordpress\/","logo":{"@type":"ImageObject","inLanguage":"de","@id":"https:\/\/tierheim-moers.de\/Wordpress\/#\/schema\/logo\/image\/","url":"https:\/\/tierheim-moers.de\/Wordpress\/wp-content\/uploads\/2014\/04\/Logo-TSV-Moers-V01-RGB-300.png","contentUrl":"https:\/\/tierheim-moers.de\/Wordpress\/wp-content\/uploads\/2014\/04\/Logo-TSV-Moers-V01-RGB-300.png","width":1052,"height":1038,"caption":"Tierheim Moers"},"image":{"@id":"https:\/\/tierheim-moers.de\/Wordpress\/#\/schema\/logo\/image\/"},"sameAs":["https:\/\/de-de.facebook.com\/moers.tierheim"]},{"@type":"Person","@id":"https:\/\/tierheim-moers.de\/Wordpress\/#\/schema\/person\/35ad410ed2d8620d4f57f813585b0d8e","name":"Gisela Kuhnen","image":{"@type":"ImageObject","inLanguage":"de","@id":"https:\/\/tierheim-moers.de\/Wordpress\/#\/schema\/person\/image\/","url":"https:\/\/secure.gravatar.com\/avatar\/807ca84b4538291e2f5dc665ed240a0d4d7ab8f22360ec427a82fe926980b31a?s=96&d=mm&r=g","contentUrl":"https:\/\/secure.gravatar.com\/avatar\/807ca84b4538291e2f5dc665ed240a0d4d7ab8f22360ec427a82fe926980b31a?s=96&d=mm&r=g","caption":"Gisela Kuhnen"},"url":"https:\/\/tierheim-moers.de\/Wordpress\/author\/gisela-kuhnen\/"}]}},"_links":{"self":[{"href":"https:\/\/tierheim-moers.de\/Wordpress\/wp-json\/wp\/v2\/posts\/48267","targetHints":{"allow":["GET"]}}],"collection":[{"href":"https:\/\/tierheim-moers.de\/Wordpress\/wp-json\/wp\/v2\/posts"}],"about":[{"href":"https:\/\/tierheim-moers.de\/Wordpress\/wp-json\/wp\/v2\/types\/post"}],"author":[{"embeddable":true,"href":"https:\/\/tierheim-moers.de\/Wordpress\/wp-json\/wp\/v2\/users\/4"}],"replies":[{"embeddable":true,"href":"https:\/\/tierheim-moers.de\/Wordpress\/wp-json\/wp\/v2\/comments?post=48267"}],"version-history":[{"count":10,"href":"https:\/\/tierheim-moers.de\/Wordpress\/wp-json\/wp\/v2\/posts\/48267\/revisions"}],"predecessor-version":[{"id":50755,"href":"https:\/\/tierheim-moers.de\/Wordpress\/wp-json\/wp\/v2\/posts\/48267\/revisions\/50755"}],"wp:featuredmedia":[{"embeddable":true,"href":"https:\/\/tierheim-moers.de\/Wordpress\/wp-json\/wp\/v2\/media\/50069"}],"wp:attachment":[{"href":"https:\/\/tierheim-moers.de\/Wordpress\/wp-json\/wp\/v2\/media?parent=48267"}],"wp:term":[{"taxonomy":"category","embeddable":true,"href":"https:\/\/tierheim-moers.de\/Wordpress\/wp-json\/wp\/v2\/categories?post=48267"},{"taxonomy":"post_tag","embeddable":true,"href":"https:\/\/tierheim-moers.de\/Wordpress\/wp-json\/wp\/v2\/tags?post=48267"}],"curies":[{"name":"wp","href":"https:\/\/api.w.org\/{rel}","templated":true}]}}