{"id":50155,"date":"2023-05-02T14:55:23","date_gmt":"2023-05-02T12:55:23","guid":{"rendered":"https:\/\/tierheim-moers.de\/Wordpress\/?p=50155"},"modified":"2023-05-02T15:55:24","modified_gmt":"2023-05-02T13:55:24","slug":"fundkatze-aus-krefeld-vom-24-09-2022","status":"publish","type":"post","link":"https:\/\/tierheim-moers.de\/Wordpress\/fundkatze-aus-krefeld-vom-24-09-2022\/","title":{"rendered":"Elira &#8230; Freundin gefunden &#8211; vermittelt mit Frau Mayer 02. Mai 2023"},"content":{"rendered":"<div dir=\"auto\">&nbsp;<\/div>\n<div dir=\"auto\">\n<table id=\"tablepress-2029\" class=\"tablepress tablepress-id-2029\">\n<tbody class=\"row-striping row-hover\">\n<tr class=\"row-1\">\n\t<td class=\"column-1\">Name des Tiers:<\/td><td class=\"column-2\">Elira<\/td>\n<\/tr>\n<tr class=\"row-2\">\n\t<td class=\"column-1\">Bestandsnummer:<\/td><td class=\"column-2\">10_R_23<br \/>\n(499_F_22)<\/td>\n<\/tr>\n<tr class=\"row-3\">\n\t<td class=\"column-1\">Aufnahmegrund:<\/td><td class=\"column-2\">R\u00fcckgabe aus Vermittlung<br \/>\nurspr\u00fcnglich Fundtier<\/td>\n<\/tr>\n<tr class=\"row-4\">\n\t<td class=\"column-1\">Im Tierheim seit:<\/td><td class=\"column-2\">18.01.2023<br \/>\n(23.09.2022)<\/td>\n<\/tr>\n<tr class=\"row-5\">\n\t<td class=\"column-1\">Rasse:<\/td><td class=\"column-2\">BKH<\/td>\n<\/tr>\n<tr class=\"row-6\">\n\t<td class=\"column-1\">Geschlecht:<\/td><td class=\"column-2\">weiblich<\/td>\n<\/tr>\n<tr class=\"row-7\">\n\t<td class=\"column-1\">Farbe\/Felll\u00e4nge:<\/td><td class=\"column-2\">beige grau<\/td>\n<\/tr>\n<tr class=\"row-8\">\n\t<td class=\"column-1\">Geburtsdatum:<\/td><td class=\"column-2\">ca. 05\/2021<\/td>\n<\/tr>\n<tr class=\"row-9\">\n\t<td class=\"column-1\">Schulterh\u00f6he\/Gewicht:<\/td><td class=\"column-2\"><\/td>\n<\/tr>\n<tr class=\"row-10\">\n\t<td class=\"column-1\">Fundort\/Abgabegrund:<\/td><td class=\"column-2\">Krefeld<\/td>\n<\/tr>\n<tr class=\"row-11\">\n\t<td class=\"column-1\">Tierbeschreibung:<\/td><td class=\"column-2\">Wohnung mit gesichertem Balkon<\/td>\n<\/tr>\n<\/tbody>\n<\/table>\n<\/div>\n<div dir=\"auto\">&nbsp;<\/div>\n<div dir=\"auto\">&nbsp;<\/div>\n<div dir=\"auto\">Es ist nie sch\u00f6n, wenn ein Tier aus der Vermittlung zur\u00fcckkommt, aber vielleicht war es in Elira\u00b4s Fall eine besondere Chance.<\/div>\n<div dir=\"auto\">&nbsp;<\/div>\n<div dir=\"auto\">Auch nach der R\u00fcckkehr zeigte Elira bei uns zun\u00e4chst keinerlei Interesse an den anderen Katzen. Mit neuem Mut ger\u00fcstet hat sie sich ihre Mitbewohner aber doch nochmal genauer angeschaut und hat Frau Mayer eine Freundschaftsanfrage zukommen lassen, die diese auch gerne angenommen hat.<\/div>\n<div dir=\"auto\">&nbsp;<\/div>\n<div dir=\"auto\"><a href=\"https:\/\/tierheim-moers.de\/Wordpress\/wp-content\/uploads\/2023\/02\/EliraMayer-scaled.jpg\"><img fetchpriority=\"high\" decoding=\"async\" class=\"alignnone size-medium wp-image-52358\" src=\"https:\/\/tierheim-moers.de\/Wordpress\/wp-content\/uploads\/2023\/02\/EliraMayer-300x230.jpg\" alt=\"\" width=\"300\" height=\"230\" srcset=\"https:\/\/tierheim-moers.de\/Wordpress\/wp-content\/uploads\/2023\/02\/EliraMayer-300x230.jpg 300w, https:\/\/tierheim-moers.de\/Wordpress\/wp-content\/uploads\/2023\/02\/EliraMayer-1024x786.jpg 1024w, https:\/\/tierheim-moers.de\/Wordpress\/wp-content\/uploads\/2023\/02\/EliraMayer-768x590.jpg 768w, https:\/\/tierheim-moers.de\/Wordpress\/wp-content\/uploads\/2023\/02\/EliraMayer-600x461.jpg 600w, https:\/\/tierheim-moers.de\/Wordpress\/wp-content\/uploads\/2023\/02\/EliraMayer-1536x1179.jpg 1536w, https:\/\/tierheim-moers.de\/Wordpress\/wp-content\/uploads\/2023\/02\/EliraMayer-2048x1572.jpg 2048w, https:\/\/tierheim-moers.de\/Wordpress\/wp-content\/uploads\/2023\/02\/EliraMayer-700x537.jpg 700w, https:\/\/tierheim-moers.de\/Wordpress\/wp-content\/uploads\/2023\/02\/EliraMayer-1320x1013.jpg 1320w\" sizes=\"(max-width: 300px) 100vw, 300px\" \/><\/a> <a href=\"https:\/\/tierheim-moers.de\/Wordpress\/wp-content\/uploads\/2023\/02\/EliraMayer4-scaled.jpg\"><img decoding=\"async\" class=\"alignnone size-medium wp-image-52361\" src=\"https:\/\/tierheim-moers.de\/Wordpress\/wp-content\/uploads\/2023\/02\/EliraMayer4-300x245.jpg\" alt=\"\" width=\"300\" height=\"245\" srcset=\"https:\/\/tierheim-moers.de\/Wordpress\/wp-content\/uploads\/2023\/02\/EliraMayer4-300x245.jpg 300w, https:\/\/tierheim-moers.de\/Wordpress\/wp-content\/uploads\/2023\/02\/EliraMayer4-1024x838.jpg 1024w, https:\/\/tierheim-moers.de\/Wordpress\/wp-content\/uploads\/2023\/02\/EliraMayer4-768x628.jpg 768w, https:\/\/tierheim-moers.de\/Wordpress\/wp-content\/uploads\/2023\/02\/EliraMayer4-600x491.jpg 600w, https:\/\/tierheim-moers.de\/Wordpress\/wp-content\/uploads\/2023\/02\/EliraMayer4-1536x1256.jpg 1536w, https:\/\/tierheim-moers.de\/Wordpress\/wp-content\/uploads\/2023\/02\/EliraMayer4-2048x1675.jpg 2048w, https:\/\/tierheim-moers.de\/Wordpress\/wp-content\/uploads\/2023\/02\/EliraMayer4-700x573.jpg 700w, https:\/\/tierheim-moers.de\/Wordpress\/wp-content\/uploads\/2023\/02\/EliraMayer4-1320x1080.jpg 1320w\" sizes=\"(max-width: 300px) 100vw, 300px\" \/><\/a><\/div>\n<div dir=\"auto\">&nbsp;<\/div>\n<div dir=\"auto\">Die ersten Freundschaftsbande haben wir noch im Auge behalten, ob das nicht vielleicht nur ein Strohfeuer ist, aber inzwischen sehen wir Elira und Frau Mayer t\u00e4glich kuscheln und damit ist klar, dass sie nun gemeinsam ein Zuhause suchen.&nbsp;<\/div>\n<div dir=\"auto\">&nbsp;<\/div>\n<div dir=\"auto\">Zwei Katzen, die aus der Vermittlung zur\u00fcckkamen und sich dann gefunden haben &#8230; das ist mehr als Zufall und da wollen wir keinesfalls im Weg stehen.<\/div>\n<div dir=\"auto\">&nbsp;<\/div>\n<div dir=\"auto\"><a href=\"https:\/\/tierheim-moers.de\/Wordpress\/wp-content\/uploads\/2023\/02\/EliraMayer2-scaled.jpg\"><img decoding=\"async\" class=\"alignnone size-medium wp-image-52359\" src=\"https:\/\/tierheim-moers.de\/Wordpress\/wp-content\/uploads\/2023\/02\/EliraMayer2-300x224.jpg\" alt=\"\" width=\"300\" height=\"224\" srcset=\"https:\/\/tierheim-moers.de\/Wordpress\/wp-content\/uploads\/2023\/02\/EliraMayer2-300x224.jpg 300w, https:\/\/tierheim-moers.de\/Wordpress\/wp-content\/uploads\/2023\/02\/EliraMayer2-1024x765.jpg 1024w, https:\/\/tierheim-moers.de\/Wordpress\/wp-content\/uploads\/2023\/02\/EliraMayer2-768x574.jpg 768w, https:\/\/tierheim-moers.de\/Wordpress\/wp-content\/uploads\/2023\/02\/EliraMayer2-600x448.jpg 600w, https:\/\/tierheim-moers.de\/Wordpress\/wp-content\/uploads\/2023\/02\/EliraMayer2-1536x1148.jpg 1536w, https:\/\/tierheim-moers.de\/Wordpress\/wp-content\/uploads\/2023\/02\/EliraMayer2-2048x1530.jpg 2048w, https:\/\/tierheim-moers.de\/Wordpress\/wp-content\/uploads\/2023\/02\/EliraMayer2-700x523.jpg 700w, https:\/\/tierheim-moers.de\/Wordpress\/wp-content\/uploads\/2023\/02\/EliraMayer2-1320x986.jpg 1320w\" sizes=\"(max-width: 300px) 100vw, 300px\" \/><\/a><\/div>\n<div dir=\"auto\">&nbsp;<\/div>\n<div dir=\"auto\">&nbsp;<\/div>\n<div dir=\"auto\">&nbsp;<\/div>\n<div dir=\"auto\">&nbsp;<\/div>\n<div dir=\"auto\">Leider kam unsere Elira aus der Vermittlung zur\u00fcck, da sie im neuen Zuhause unerw\u00fcnschtes Verhalten gezeigt hat.<\/div>\n<div dir=\"auto\">&nbsp;<\/div>\n<div dir=\"auto\">Wieder zur\u00fcck in ihrem alten Katzenzimmer hat sie sofort ihren Schrankplatz aufgesucht und sich zur\u00fcckgezogen.<\/div>\n<div dir=\"auto\">&nbsp;<\/div>\n<div dir=\"auto\">Manchmal entstehen jedoch Chancen, wo man zun\u00e4chst keine sieht: wegen unseres Fr\u00fchjahrsputzes musste Elira zwei R\u00e4ume weiter ziehen und hier zeigt sie sich deutlich mutiger.<\/div>\n<div dir=\"auto\">&nbsp;<\/div>\n<div dir=\"auto\"><a href=\"https:\/\/tierheim-moers.de\/Wordpress\/wp-content\/uploads\/2023\/01\/20230131_160838-scaled.jpg\"><img loading=\"lazy\" decoding=\"async\" class=\"alignnone size-medium wp-image-52177\" src=\"https:\/\/tierheim-moers.de\/Wordpress\/wp-content\/uploads\/2023\/01\/20230131_160838-262x300.jpg\" alt=\"\" width=\"262\" height=\"300\" srcset=\"https:\/\/tierheim-moers.de\/Wordpress\/wp-content\/uploads\/2023\/01\/20230131_160838-262x300.jpg 262w, https:\/\/tierheim-moers.de\/Wordpress\/wp-content\/uploads\/2023\/01\/20230131_160838-894x1024.jpg 894w, https:\/\/tierheim-moers.de\/Wordpress\/wp-content\/uploads\/2023\/01\/20230131_160838-768x880.jpg 768w, https:\/\/tierheim-moers.de\/Wordpress\/wp-content\/uploads\/2023\/01\/20230131_160838-600x688.jpg 600w, https:\/\/tierheim-moers.de\/Wordpress\/wp-content\/uploads\/2023\/01\/20230131_160838-1340x1536.jpg 1340w, https:\/\/tierheim-moers.de\/Wordpress\/wp-content\/uploads\/2023\/01\/20230131_160838-1787x2048.jpg 1787w, https:\/\/tierheim-moers.de\/Wordpress\/wp-content\/uploads\/2023\/01\/20230131_160838-700x802.jpg 700w, https:\/\/tierheim-moers.de\/Wordpress\/wp-content\/uploads\/2023\/01\/20230131_160838-1320x1513.jpg 1320w\" sizes=\"(max-width: 262px) 100vw, 262px\" \/><\/a> <a href=\"https:\/\/tierheim-moers.de\/Wordpress\/wp-content\/uploads\/2023\/01\/20230131_160943-scaled.jpg\"><img loading=\"lazy\" decoding=\"async\" class=\"alignnone size-medium wp-image-52175\" src=\"https:\/\/tierheim-moers.de\/Wordpress\/wp-content\/uploads\/2023\/01\/20230131_160943-300x218.jpg\" alt=\"\" width=\"300\" height=\"218\" srcset=\"https:\/\/tierheim-moers.de\/Wordpress\/wp-content\/uploads\/2023\/01\/20230131_160943-300x218.jpg 300w, https:\/\/tierheim-moers.de\/Wordpress\/wp-content\/uploads\/2023\/01\/20230131_160943-1024x745.jpg 1024w, https:\/\/tierheim-moers.de\/Wordpress\/wp-content\/uploads\/2023\/01\/20230131_160943-768x559.jpg 768w, https:\/\/tierheim-moers.de\/Wordpress\/wp-content\/uploads\/2023\/01\/20230131_160943-600x436.jpg 600w, https:\/\/tierheim-moers.de\/Wordpress\/wp-content\/uploads\/2023\/01\/20230131_160943-1536x1117.jpg 1536w, https:\/\/tierheim-moers.de\/Wordpress\/wp-content\/uploads\/2023\/01\/20230131_160943-2048x1490.jpg 2048w, https:\/\/tierheim-moers.de\/Wordpress\/wp-content\/uploads\/2023\/01\/20230131_160943-700x509.jpg 700w, https:\/\/tierheim-moers.de\/Wordpress\/wp-content\/uploads\/2023\/01\/20230131_160943-1320x960.jpg 1320w\" sizes=\"(max-width: 300px) 100vw, 300px\" \/><\/a><\/div>\n<div dir=\"auto\">&nbsp;<\/div>\n<div dir=\"auto\">&nbsp;Sie hat sich kein neues Dauerversteck gesucht und freut sich \u00fcber vorsichtigen und ruhigen Kontakt.<\/div>\n<div dir=\"auto\">&nbsp;<\/div>\n<div dir=\"auto\">Aktuell zeigt sie bei uns keinerlei Auff\u00e4lligkeiten, so dass wir derzeit auch keine Ursachenforschung betreiben k\u00f6nnen. Grunds\u00e4tzlich sollte man nat\u00fcrlich jeder Art von unerw\u00fcnschtem oder ver\u00e4ndertem Verhalten auf den Grund gehen und herausarbeiten, ob es physische oder psychische Gr\u00fcnde hat. Nur so ergibt sich ja auch die M\u00f6glichkeit, eine Ver\u00e4nderung herbeizuf\u00fchren.<\/div>\n<div dir=\"auto\">&nbsp;<\/div>\n<div dir=\"auto\">Elira sollte in ein eher ruhiges, katzenverst\u00e4ndiges Zuhause ziehen. Ein gesicherter Balkon ist eine Voraussetzung.<\/div>\n<div dir=\"auto\">&nbsp;<\/div>\n<div dir=\"auto\">\n<p><em>Spontane Besuche sind leider nicht m\u00f6glich. Bei Interesse an Elira stehen die vermittelnden Kollegen f\u00fcr telefonische Erstgespr\u00e4che von Montag bis Freitag von 14 \u2013 17 Uhr und Samstag von 13 \u2013 16 Uhr zur Verf\u00fcgung.<\/em><\/p>\n<p><em>Wir bitten darum, sich an diese Zeiten zu halten, da nach den regul\u00e4ren Telefonzeiten alle Gespr\u00e4che in den Notdienst umgeleitet werden und dieser nat\u00fcrlich Notf\u00e4llen vorbehalten ist.<\/em><\/p>\n<p><em>Alternativ erreichen Sie die vermittelnden Kollegen auch per Email: tierpfleger@tierheim-moers.de<\/em><\/p>\n<\/div>\n<div dir=\"auto\">&nbsp;<\/div>\n<div dir=\"auto\">&nbsp;<\/div>\n<div dir=\"auto\">____________________________________________________________________________________________________<\/div>\n<div dir=\"auto\">&nbsp;<\/div>\n<div dir=\"auto\">Elira durfte inzwischen ins Katzenhaus umziehen, zeigt sich hier jedoch sehr versch\u00fcchtert. Sie hat sich eines der beliebten Pl\u00e4tzchen im Schrank ausgesucht.<\/div>\n<div dir=\"auto\">&nbsp;<\/div>\n<div dir=\"auto\">Wenn man sich ihr mit viel Ruhe und sehr entspannt n\u00e4hert, kann man sie auch streicheln.<\/div>\n<div dir=\"auto\">&nbsp;<\/div>\n<div dir=\"auto\">Elira sucht sehr ruhige und einf\u00fchlsame Menschen, bei denen sie in ihrem Tempo auftauen darf.<\/div>\n<div dir=\"auto\">&nbsp;<\/div>\n<div dir=\"auto\">\n<p>____________________________________________________________________________________________________<\/p>\n<\/div>\n<div dir=\"auto\">&nbsp;<\/div>\n<div dir=\"auto\">Elira muss aktuell noch medizinisch versorgt werden und ist somit noch nicht in der Vermittlung.<\/div>\n<div dir=\"auto\">____________________________________________________________________________________________________<\/div>\n<div dir=\"auto\">&nbsp;<\/div>\n<div class=\"m8h3af8h l7ghb35v kjdc1dyq kmwttqpk gh25dzvf n3t5jt4f\">\n<div dir=\"auto\">23.09.2022&nbsp; Fundkatze aus Krefeld<\/div>\n<div dir=\"auto\">&nbsp;<\/div>\n<\/div>\n<div class=\"l7ghb35v kjdc1dyq kmwttqpk gh25dzvf jikcssrz n3t5jt4f\">\n<div dir=\"auto\">Diese weibliche Katze (kein Chip) wurde vergangene Nacht auf der Gladbacher Stra\u00dfe in Krefeld gesichert. Wer die Katze kennt oder vermisst, kann sich bitte direkt telefonisch im Tierheim melden.<\/div>\n<\/div>\n<div dir=\"auto\">&nbsp;<\/div>\n<div dir=\"auto\"><a href=\"https:\/\/tierheim-moers.de\/Wordpress\/wp-content\/uploads\/2022\/09\/20220924_143138-scaled.jpg\"><img loading=\"lazy\" decoding=\"async\" class=\"alignnone size-medium wp-image-50153\" src=\"https:\/\/tierheim-moers.de\/Wordpress\/wp-content\/uploads\/2022\/09\/20220924_143138-300x212.jpg\" alt=\"\" width=\"300\" height=\"212\" srcset=\"https:\/\/tierheim-moers.de\/Wordpress\/wp-content\/uploads\/2022\/09\/20220924_143138-300x212.jpg 300w, https:\/\/tierheim-moers.de\/Wordpress\/wp-content\/uploads\/2022\/09\/20220924_143138-1024x724.jpg 1024w, https:\/\/tierheim-moers.de\/Wordpress\/wp-content\/uploads\/2022\/09\/20220924_143138-768x543.jpg 768w, https:\/\/tierheim-moers.de\/Wordpress\/wp-content\/uploads\/2022\/09\/20220924_143138-600x424.jpg 600w, https:\/\/tierheim-moers.de\/Wordpress\/wp-content\/uploads\/2022\/09\/20220924_143138-1536x1086.jpg 1536w, https:\/\/tierheim-moers.de\/Wordpress\/wp-content\/uploads\/2022\/09\/20220924_143138-2048x1448.jpg 2048w, https:\/\/tierheim-moers.de\/Wordpress\/wp-content\/uploads\/2022\/09\/20220924_143138-700x495.jpg 700w, https:\/\/tierheim-moers.de\/Wordpress\/wp-content\/uploads\/2022\/09\/20220924_143138-1320x933.jpg 1320w\" sizes=\"(max-width: 300px) 100vw, 300px\" \/><\/a><\/div>\n<div class=\"shariff shariff-align-flex-start shariff-widget-align-center\" data-url=\"https%3A%2F%2Ftierheim-moers.de%2FWordpress%2Ffundkatze-aus-krefeld-vom-24-09-2022%2F\" data-timestamp=\"1683042924\" data-hidezero=\"1\" data-backendurl=\"https:\/\/tierheim-moers.de\/Wordpress\/wp-json\/shariff\/v1\/share_counts?\"><ul class=\"shariff-buttons theme-round orientation-horizontal buttonsize-small\"><li class=\"shariff-button facebook shariff-nocustomcolor\" style=\"background-color:#4273c8\"><a href=\"https:\/\/www.facebook.com\/sharer\/sharer.php?u=https%3A%2F%2Ftierheim-moers.de%2FWordpress%2Ffundkatze-aus-krefeld-vom-24-09-2022%2F\" title=\"Bei Facebook teilen\" aria-label=\"Bei Facebook teilen\" role=\"button\" rel=\"nofollow\" class=\"shariff-link\" style=\"; background-color:#3b5998; color:#fff\" target=\"_blank\"><span class=\"shariff-icon\" style=\"\"><svg width=\"32px\" height=\"20px\" xmlns=\"http:\/\/www.w3.org\/2000\/svg\" viewBox=\"0 0 18 32\"><path fill=\"#3b5998\" d=\"M17.1 0.2v4.7h-2.8q-1.5 0-2.1 0.6t-0.5 1.9v3.4h5.2l-0.7 5.3h-4.5v13.6h-5.5v-13.6h-4.5v-5.3h4.5v-3.9q0-3.3 1.9-5.2t5-1.8q2.6 0 4.1 0.2z\"\/><\/svg><\/span><\/a><\/li><li class=\"shariff-button twitter shariff-nocustomcolor\" style=\"background-color:#595959\"><a href=\"https:\/\/twitter.com\/share?url=https%3A%2F%2Ftierheim-moers.de%2FWordpress%2Ffundkatze-aus-krefeld-vom-24-09-2022%2F&text=Elira%20%E2%80%A6%20Freundin%20gefunden%20%E2%80%93%20vermittelt%20mit%20Frau%20Mayer%2002.%20Mai%202023\" title=\"Bei X teilen\" aria-label=\"Bei X teilen\" role=\"button\" rel=\"noopener nofollow\" class=\"shariff-link\" style=\"; background-color:#000; color:#fff\" target=\"_blank\"><span class=\"shariff-icon\" style=\"\"><svg width=\"32px\" height=\"20px\" xmlns=\"http:\/\/www.w3.org\/2000\/svg\" viewBox=\"0 0 24 24\"><path fill=\"#000\" d=\"M14.258 10.152L23.176 0h-2.113l-7.747 8.813L7.133 0H0l9.352 13.328L0 23.973h2.113l8.176-9.309 6.531 9.309h7.133zm-2.895 3.293l-.949-1.328L2.875 1.56h3.246l6.086 8.523.945 1.328 7.91 11.078h-3.246zm0 0\"\/><\/svg><\/span><\/a><\/li><li class=\"shariff-button whatsapp shariff-nocustomcolor\" style=\"background-color:#5cbe4a\"><a href=\"https:\/\/api.whatsapp.com\/send?text=https%3A%2F%2Ftierheim-moers.de%2FWordpress%2Ffundkatze-aus-krefeld-vom-24-09-2022%2F%20Elira%20%E2%80%A6%20Freundin%20gefunden%20%E2%80%93%20vermittelt%20mit%20Frau%20Mayer%2002.%20Mai%202023\" title=\"Bei Whatsapp teilen\" aria-label=\"Bei Whatsapp teilen\" role=\"button\" rel=\"noopener nofollow\" class=\"shariff-link\" style=\"; background-color:#34af23; color:#fff\" target=\"_blank\"><span class=\"shariff-icon\" style=\"\"><svg width=\"32px\" height=\"20px\" xmlns=\"http:\/\/www.w3.org\/2000\/svg\" viewBox=\"0 0 32 32\"><path fill=\"#34af23\" d=\"M17.6 17.4q0.2 0 1.7 0.8t1.6 0.9q0 0.1 0 0.3 0 0.6-0.3 1.4-0.3 0.7-1.3 1.2t-1.8 0.5q-1 0-3.4-1.1-1.7-0.8-3-2.1t-2.6-3.3q-1.3-1.9-1.3-3.5v-0.1q0.1-1.6 1.3-2.8 0.4-0.4 0.9-0.4 0.1 0 0.3 0t0.3 0q0.3 0 0.5 0.1t0.3 0.5q0.1 0.4 0.6 1.6t0.4 1.3q0 0.4-0.6 1t-0.6 0.8q0 0.1 0.1 0.3 0.6 1.3 1.8 2.4 1 0.9 2.7 1.8 0.2 0.1 0.4 0.1 0.3 0 1-0.9t0.9-0.9zM14 26.9q2.3 0 4.3-0.9t3.6-2.4 2.4-3.6 0.9-4.3-0.9-4.3-2.4-3.6-3.6-2.4-4.3-0.9-4.3 0.9-3.6 2.4-2.4 3.6-0.9 4.3q0 3.6 2.1 6.6l-1.4 4.2 4.3-1.4q2.8 1.9 6.2 1.9zM14 2.2q2.7 0 5.2 1.1t4.3 2.9 2.9 4.3 1.1 5.2-1.1 5.2-2.9 4.3-4.3 2.9-5.2 1.1q-3.5 0-6.5-1.7l-7.4 2.4 2.4-7.2q-1.9-3.2-1.9-6.9 0-2.7 1.1-5.2t2.9-4.3 4.3-2.9 5.2-1.1z\"\/><\/svg><\/span><\/a><\/li><li class=\"shariff-button sms shariff-nocustomcolor shariff-mobile\" style=\"background-color:#d7d9d8\"><a href=\"sms:?&body=https%3A%2F%2Ftierheim-moers.de%2FWordpress%2Ffundkatze-aus-krefeld-vom-24-09-2022%2F\" title=\"Per SMS teilen\" aria-label=\"Per SMS teilen\" role=\"button\" rel=\"noopener nofollow\" class=\"shariff-link\" style=\"; background-color:#a1e877; color:#fff\" target=\"_blank\"><span class=\"shariff-icon\" style=\"\"><svg xmlns=\"http:\/\/www.w3.org\/2000\/svg\" width=\"510\" height=\"510\" viewBox=\"0 0 510 510\"><path fill=\"#a1e877\" d=\"M459 0H51C23 0 0 23 0 51v459l102-102h357c28.1 0 51-22.9 51-51V51C510 23 487.1 0 459 0zM178.5 229.5h-51v-51h51V229.5zM280.5 229.5h-51v-51h51V229.5zM382.5 229.5h-51v-51h51V229.5z\"\/><\/svg><\/span><\/a><\/li><\/ul><\/div>","protected":false},"excerpt":{"rendered":"<p>&nbsp; &nbsp; &nbsp; Es ist nie sch\u00f6n, wenn ein Tier aus der Vermittlung zur\u00fcckkommt, aber vielleicht war es in Elira\u00b4s Fall eine besondere Chance. &nbsp; Auch nach der R\u00fcckkehr zeigte Elira bei uns zun\u00e4chst keinerlei Interesse an den anderen Katzen. Mit neuem Mut ger\u00fcstet hat sie sich ihre Mitbewohner aber &#8230;<\/p>\n","protected":false},"author":7,"featured_media":52170,"comment_status":"closed","ping_status":"open","sticky":false,"template":"","format":"standard","meta":{"ngg_post_thumbnail":0,"footnotes":""},"categories":[10],"tags":[],"class_list":["post-50155","post","type-post","status-publish","format-standard","has-post-thumbnail","hentry","category-vermittelt","column","threecol","has-thumbnail"],"yoast_head":"<!-- This site is optimized with the Yoast SEO plugin v24.6 - https:\/\/yoast.com\/wordpress\/plugins\/seo\/ -->\n<title>Elira ... Freundin gefunden - vermittelt mit Frau Mayer 02. Mai 2023 | TIERHEIM MOERS<\/title>\n<meta name=\"robots\" content=\"index, follow, max-snippet:-1, max-image-preview:large, max-video-preview:-1\" \/>\n<link rel=\"canonical\" href=\"https:\/\/tierheim-moers.de\/Wordpress\/fundkatze-aus-krefeld-vom-24-09-2022\/\" \/>\n<meta property=\"og:locale\" content=\"de_DE\" \/>\n<meta property=\"og:type\" content=\"article\" \/>\n<meta property=\"og:title\" content=\"Elira ... Freundin gefunden - vermittelt mit Frau Mayer 02. Mai 2023 | TIERHEIM MOERS\" \/>\n<meta property=\"og:description\" content=\"&nbsp; &nbsp; &nbsp; Es ist nie sch\u00f6n, wenn ein Tier aus der Vermittlung zur\u00fcckkommt, aber vielleicht war es in Elira\u00b4s Fall eine &#8230;\" \/>\n<meta property=\"og:url\" content=\"https:\/\/tierheim-moers.de\/Wordpress\/fundkatze-aus-krefeld-vom-24-09-2022\/\" \/>\n<meta property=\"og:site_name\" content=\"TIERHEIM MOERS\" \/>\n<meta property=\"article:publisher\" content=\"https:\/\/de-de.facebook.com\/moers.tierheim\" \/>\n<meta property=\"article:published_time\" content=\"2023-05-02T12:55:23+00:00\" \/>\n<meta property=\"article:modified_time\" content=\"2023-05-02T13:55:24+00:00\" \/>\n<meta property=\"og:image\" content=\"https:\/\/tierheim-moers.de\/Wordpress\/wp-content\/uploads\/2023\/01\/20230131_161143-scaled.jpg\" \/>\n\t<meta property=\"og:image:width\" content=\"2560\" \/>\n\t<meta property=\"og:image:height\" content=\"1762\" \/>\n\t<meta property=\"og:image:type\" content=\"image\/jpeg\" \/>\n<meta name=\"author\" content=\"Kathrin Novotny\" \/>\n<meta name=\"twitter:card\" content=\"summary_large_image\" \/>\n<meta name=\"twitter:label1\" content=\"Verfasst von\" \/>\n\t<meta name=\"twitter:data1\" content=\"Kathrin Novotny\" \/>\n\t<meta name=\"twitter:label2\" content=\"Gesch\u00e4tzte Lesezeit\" \/>\n\t<meta name=\"twitter:data2\" content=\"4\u00a0Minuten\" \/>\n<script type=\"application\/ld+json\" class=\"yoast-schema-graph\">{\"@context\":\"https:\/\/schema.org\",\"@graph\":[{\"@type\":\"Article\",\"@id\":\"https:\/\/tierheim-moers.de\/Wordpress\/fundkatze-aus-krefeld-vom-24-09-2022\/#article\",\"isPartOf\":{\"@id\":\"https:\/\/tierheim-moers.de\/Wordpress\/fundkatze-aus-krefeld-vom-24-09-2022\/\"},\"author\":{\"name\":\"Kathrin Novotny\",\"@id\":\"https:\/\/tierheim-moers.de\/Wordpress\/#\/schema\/person\/167de77fdd5ff85153606cdd34a5ffbc\"},\"headline\":\"Elira &#8230; Freundin gefunden &#8211; vermittelt mit Frau Mayer 02. Mai 2023\",\"datePublished\":\"2023-05-02T12:55:23+00:00\",\"dateModified\":\"2023-05-02T13:55:24+00:00\",\"mainEntityOfPage\":{\"@id\":\"https:\/\/tierheim-moers.de\/Wordpress\/fundkatze-aus-krefeld-vom-24-09-2022\/\"},\"wordCount\":515,\"publisher\":{\"@id\":\"https:\/\/tierheim-moers.de\/Wordpress\/#organization\"},\"image\":{\"@id\":\"https:\/\/tierheim-moers.de\/Wordpress\/fundkatze-aus-krefeld-vom-24-09-2022\/#primaryimage\"},\"thumbnailUrl\":\"https:\/\/tierheim-moers.de\/Wordpress\/wp-content\/uploads\/2023\/01\/20230131_161143-scaled.jpg\",\"articleSection\":[\"Vermittelt\"],\"inLanguage\":\"de\"},{\"@type\":\"WebPage\",\"@id\":\"https:\/\/tierheim-moers.de\/Wordpress\/fundkatze-aus-krefeld-vom-24-09-2022\/\",\"url\":\"https:\/\/tierheim-moers.de\/Wordpress\/fundkatze-aus-krefeld-vom-24-09-2022\/\",\"name\":\"Elira ... Freundin gefunden - vermittelt mit Frau Mayer 02. Mai 2023 | TIERHEIM MOERS\",\"isPartOf\":{\"@id\":\"https:\/\/tierheim-moers.de\/Wordpress\/#website\"},\"primaryImageOfPage\":{\"@id\":\"https:\/\/tierheim-moers.de\/Wordpress\/fundkatze-aus-krefeld-vom-24-09-2022\/#primaryimage\"},\"image\":{\"@id\":\"https:\/\/tierheim-moers.de\/Wordpress\/fundkatze-aus-krefeld-vom-24-09-2022\/#primaryimage\"},\"thumbnailUrl\":\"https:\/\/tierheim-moers.de\/Wordpress\/wp-content\/uploads\/2023\/01\/20230131_161143-scaled.jpg\",\"datePublished\":\"2023-05-02T12:55:23+00:00\",\"dateModified\":\"2023-05-02T13:55:24+00:00\",\"breadcrumb\":{\"@id\":\"https:\/\/tierheim-moers.de\/Wordpress\/fundkatze-aus-krefeld-vom-24-09-2022\/#breadcrumb\"},\"inLanguage\":\"de\",\"potentialAction\":[{\"@type\":\"ReadAction\",\"target\":[\"https:\/\/tierheim-moers.de\/Wordpress\/fundkatze-aus-krefeld-vom-24-09-2022\/\"]}]},{\"@type\":\"ImageObject\",\"inLanguage\":\"de\",\"@id\":\"https:\/\/tierheim-moers.de\/Wordpress\/fundkatze-aus-krefeld-vom-24-09-2022\/#primaryimage\",\"url\":\"https:\/\/tierheim-moers.de\/Wordpress\/wp-content\/uploads\/2023\/01\/20230131_161143-scaled.jpg\",\"contentUrl\":\"https:\/\/tierheim-moers.de\/Wordpress\/wp-content\/uploads\/2023\/01\/20230131_161143-scaled.jpg\",\"width\":2560,\"height\":1762},{\"@type\":\"BreadcrumbList\",\"@id\":\"https:\/\/tierheim-moers.de\/Wordpress\/fundkatze-aus-krefeld-vom-24-09-2022\/#breadcrumb\",\"itemListElement\":[{\"@type\":\"ListItem\",\"position\":1,\"name\":\"Startseite\",\"item\":\"https:\/\/tierheim-moers.de\/Wordpress\/\"},{\"@type\":\"ListItem\",\"position\":2,\"name\":\"Elira &#8230; Freundin gefunden &#8211; vermittelt mit Frau Mayer 02. Mai 2023\"}]},{\"@type\":\"WebSite\",\"@id\":\"https:\/\/tierheim-moers.de\/Wordpress\/#website\",\"url\":\"https:\/\/tierheim-moers.de\/Wordpress\/\",\"name\":\"Tierheim Moers\",\"description\":\"Tierheim | Hundepension | Tierschutz | Moers\",\"publisher\":{\"@id\":\"https:\/\/tierheim-moers.de\/Wordpress\/#organization\"},\"potentialAction\":[{\"@type\":\"SearchAction\",\"target\":{\"@type\":\"EntryPoint\",\"urlTemplate\":\"https:\/\/tierheim-moers.de\/Wordpress\/?s={search_term_string}\"},\"query-input\":{\"@type\":\"PropertyValueSpecification\",\"valueRequired\":true,\"valueName\":\"search_term_string\"}}],\"inLanguage\":\"de\"},{\"@type\":\"Organization\",\"@id\":\"https:\/\/tierheim-moers.de\/Wordpress\/#organization\",\"name\":\"Tierheim Moers\",\"url\":\"https:\/\/tierheim-moers.de\/Wordpress\/\",\"logo\":{\"@type\":\"ImageObject\",\"inLanguage\":\"de\",\"@id\":\"https:\/\/tierheim-moers.de\/Wordpress\/#\/schema\/logo\/image\/\",\"url\":\"https:\/\/tierheim-moers.de\/Wordpress\/wp-content\/uploads\/2014\/04\/Logo-TSV-Moers-V01-RGB-300.png\",\"contentUrl\":\"https:\/\/tierheim-moers.de\/Wordpress\/wp-content\/uploads\/2014\/04\/Logo-TSV-Moers-V01-RGB-300.png\",\"width\":1052,\"height\":1038,\"caption\":\"Tierheim Moers\"},\"image\":{\"@id\":\"https:\/\/tierheim-moers.de\/Wordpress\/#\/schema\/logo\/image\/\"},\"sameAs\":[\"https:\/\/de-de.facebook.com\/moers.tierheim\"]},{\"@type\":\"Person\",\"@id\":\"https:\/\/tierheim-moers.de\/Wordpress\/#\/schema\/person\/167de77fdd5ff85153606cdd34a5ffbc\",\"name\":\"Kathrin Novotny\",\"image\":{\"@type\":\"ImageObject\",\"inLanguage\":\"de\",\"@id\":\"https:\/\/tierheim-moers.de\/Wordpress\/#\/schema\/person\/image\/\",\"url\":\"https:\/\/secure.gravatar.com\/avatar\/8dbd3a3cd58d0e299cb5bd95a6d53c79eebe36713eda62bbb3c41a749d06346f?s=96&d=mm&r=g\",\"contentUrl\":\"https:\/\/secure.gravatar.com\/avatar\/8dbd3a3cd58d0e299cb5bd95a6d53c79eebe36713eda62bbb3c41a749d06346f?s=96&d=mm&r=g\",\"caption\":\"Kathrin Novotny\"},\"url\":\"https:\/\/tierheim-moers.de\/Wordpress\/author\/kathrin\/\"}]}<\/script>\n<!-- \/ Yoast SEO plugin. -->","yoast_head_json":{"title":"Elira ... Freundin gefunden - vermittelt mit Frau Mayer 02. Mai 2023 | TIERHEIM MOERS","robots":{"index":"index","follow":"follow","max-snippet":"max-snippet:-1","max-image-preview":"max-image-preview:large","max-video-preview":"max-video-preview:-1"},"canonical":"https:\/\/tierheim-moers.de\/Wordpress\/fundkatze-aus-krefeld-vom-24-09-2022\/","og_locale":"de_DE","og_type":"article","og_title":"Elira ... Freundin gefunden - vermittelt mit Frau Mayer 02. Mai 2023 | TIERHEIM MOERS","og_description":"&nbsp; &nbsp; &nbsp; Es ist nie sch\u00f6n, wenn ein Tier aus der Vermittlung zur\u00fcckkommt, aber vielleicht war es in Elira\u00b4s Fall eine &#8230;","og_url":"https:\/\/tierheim-moers.de\/Wordpress\/fundkatze-aus-krefeld-vom-24-09-2022\/","og_site_name":"TIERHEIM MOERS","article_publisher":"https:\/\/de-de.facebook.com\/moers.tierheim","article_published_time":"2023-05-02T12:55:23+00:00","article_modified_time":"2023-05-02T13:55:24+00:00","og_image":[{"width":2560,"height":1762,"url":"https:\/\/tierheim-moers.de\/Wordpress\/wp-content\/uploads\/2023\/01\/20230131_161143-scaled.jpg","type":"image\/jpeg"}],"author":"Kathrin Novotny","twitter_card":"summary_large_image","twitter_misc":{"Verfasst von":"Kathrin Novotny","Gesch\u00e4tzte Lesezeit":"4\u00a0Minuten"},"schema":{"@context":"https:\/\/schema.org","@graph":[{"@type":"Article","@id":"https:\/\/tierheim-moers.de\/Wordpress\/fundkatze-aus-krefeld-vom-24-09-2022\/#article","isPartOf":{"@id":"https:\/\/tierheim-moers.de\/Wordpress\/fundkatze-aus-krefeld-vom-24-09-2022\/"},"author":{"name":"Kathrin Novotny","@id":"https:\/\/tierheim-moers.de\/Wordpress\/#\/schema\/person\/167de77fdd5ff85153606cdd34a5ffbc"},"headline":"Elira &#8230; Freundin gefunden &#8211; vermittelt mit Frau Mayer 02. Mai 2023","datePublished":"2023-05-02T12:55:23+00:00","dateModified":"2023-05-02T13:55:24+00:00","mainEntityOfPage":{"@id":"https:\/\/tierheim-moers.de\/Wordpress\/fundkatze-aus-krefeld-vom-24-09-2022\/"},"wordCount":515,"publisher":{"@id":"https:\/\/tierheim-moers.de\/Wordpress\/#organization"},"image":{"@id":"https:\/\/tierheim-moers.de\/Wordpress\/fundkatze-aus-krefeld-vom-24-09-2022\/#primaryimage"},"thumbnailUrl":"https:\/\/tierheim-moers.de\/Wordpress\/wp-content\/uploads\/2023\/01\/20230131_161143-scaled.jpg","articleSection":["Vermittelt"],"inLanguage":"de"},{"@type":"WebPage","@id":"https:\/\/tierheim-moers.de\/Wordpress\/fundkatze-aus-krefeld-vom-24-09-2022\/","url":"https:\/\/tierheim-moers.de\/Wordpress\/fundkatze-aus-krefeld-vom-24-09-2022\/","name":"Elira ... Freundin gefunden - vermittelt mit Frau Mayer 02. Mai 2023 | TIERHEIM MOERS","isPartOf":{"@id":"https:\/\/tierheim-moers.de\/Wordpress\/#website"},"primaryImageOfPage":{"@id":"https:\/\/tierheim-moers.de\/Wordpress\/fundkatze-aus-krefeld-vom-24-09-2022\/#primaryimage"},"image":{"@id":"https:\/\/tierheim-moers.de\/Wordpress\/fundkatze-aus-krefeld-vom-24-09-2022\/#primaryimage"},"thumbnailUrl":"https:\/\/tierheim-moers.de\/Wordpress\/wp-content\/uploads\/2023\/01\/20230131_161143-scaled.jpg","datePublished":"2023-05-02T12:55:23+00:00","dateModified":"2023-05-02T13:55:24+00:00","breadcrumb":{"@id":"https:\/\/tierheim-moers.de\/Wordpress\/fundkatze-aus-krefeld-vom-24-09-2022\/#breadcrumb"},"inLanguage":"de","potentialAction":[{"@type":"ReadAction","target":["https:\/\/tierheim-moers.de\/Wordpress\/fundkatze-aus-krefeld-vom-24-09-2022\/"]}]},{"@type":"ImageObject","inLanguage":"de","@id":"https:\/\/tierheim-moers.de\/Wordpress\/fundkatze-aus-krefeld-vom-24-09-2022\/#primaryimage","url":"https:\/\/tierheim-moers.de\/Wordpress\/wp-content\/uploads\/2023\/01\/20230131_161143-scaled.jpg","contentUrl":"https:\/\/tierheim-moers.de\/Wordpress\/wp-content\/uploads\/2023\/01\/20230131_161143-scaled.jpg","width":2560,"height":1762},{"@type":"BreadcrumbList","@id":"https:\/\/tierheim-moers.de\/Wordpress\/fundkatze-aus-krefeld-vom-24-09-2022\/#breadcrumb","itemListElement":[{"@type":"ListItem","position":1,"name":"Startseite","item":"https:\/\/tierheim-moers.de\/Wordpress\/"},{"@type":"ListItem","position":2,"name":"Elira &#8230; Freundin gefunden &#8211; vermittelt mit Frau Mayer 02. Mai 2023"}]},{"@type":"WebSite","@id":"https:\/\/tierheim-moers.de\/Wordpress\/#website","url":"https:\/\/tierheim-moers.de\/Wordpress\/","name":"Tierheim Moers","description":"Tierheim | Hundepension | Tierschutz | Moers","publisher":{"@id":"https:\/\/tierheim-moers.de\/Wordpress\/#organization"},"potentialAction":[{"@type":"SearchAction","target":{"@type":"EntryPoint","urlTemplate":"https:\/\/tierheim-moers.de\/Wordpress\/?s={search_term_string}"},"query-input":{"@type":"PropertyValueSpecification","valueRequired":true,"valueName":"search_term_string"}}],"inLanguage":"de"},{"@type":"Organization","@id":"https:\/\/tierheim-moers.de\/Wordpress\/#organization","name":"Tierheim Moers","url":"https:\/\/tierheim-moers.de\/Wordpress\/","logo":{"@type":"ImageObject","inLanguage":"de","@id":"https:\/\/tierheim-moers.de\/Wordpress\/#\/schema\/logo\/image\/","url":"https:\/\/tierheim-moers.de\/Wordpress\/wp-content\/uploads\/2014\/04\/Logo-TSV-Moers-V01-RGB-300.png","contentUrl":"https:\/\/tierheim-moers.de\/Wordpress\/wp-content\/uploads\/2014\/04\/Logo-TSV-Moers-V01-RGB-300.png","width":1052,"height":1038,"caption":"Tierheim Moers"},"image":{"@id":"https:\/\/tierheim-moers.de\/Wordpress\/#\/schema\/logo\/image\/"},"sameAs":["https:\/\/de-de.facebook.com\/moers.tierheim"]},{"@type":"Person","@id":"https:\/\/tierheim-moers.de\/Wordpress\/#\/schema\/person\/167de77fdd5ff85153606cdd34a5ffbc","name":"Kathrin Novotny","image":{"@type":"ImageObject","inLanguage":"de","@id":"https:\/\/tierheim-moers.de\/Wordpress\/#\/schema\/person\/image\/","url":"https:\/\/secure.gravatar.com\/avatar\/8dbd3a3cd58d0e299cb5bd95a6d53c79eebe36713eda62bbb3c41a749d06346f?s=96&d=mm&r=g","contentUrl":"https:\/\/secure.gravatar.com\/avatar\/8dbd3a3cd58d0e299cb5bd95a6d53c79eebe36713eda62bbb3c41a749d06346f?s=96&d=mm&r=g","caption":"Kathrin Novotny"},"url":"https:\/\/tierheim-moers.de\/Wordpress\/author\/kathrin\/"}]}},"_links":{"self":[{"href":"https:\/\/tierheim-moers.de\/Wordpress\/wp-json\/wp\/v2\/posts\/50155","targetHints":{"allow":["GET"]}}],"collection":[{"href":"https:\/\/tierheim-moers.de\/Wordpress\/wp-json\/wp\/v2\/posts"}],"about":[{"href":"https:\/\/tierheim-moers.de\/Wordpress\/wp-json\/wp\/v2\/types\/post"}],"author":[{"embeddable":true,"href":"https:\/\/tierheim-moers.de\/Wordpress\/wp-json\/wp\/v2\/users\/7"}],"replies":[{"embeddable":true,"href":"https:\/\/tierheim-moers.de\/Wordpress\/wp-json\/wp\/v2\/comments?post=50155"}],"version-history":[{"count":12,"href":"https:\/\/tierheim-moers.de\/Wordpress\/wp-json\/wp\/v2\/posts\/50155\/revisions"}],"predecessor-version":[{"id":53242,"href":"https:\/\/tierheim-moers.de\/Wordpress\/wp-json\/wp\/v2\/posts\/50155\/revisions\/53242"}],"wp:featuredmedia":[{"embeddable":true,"href":"https:\/\/tierheim-moers.de\/Wordpress\/wp-json\/wp\/v2\/media\/52170"}],"wp:attachment":[{"href":"https:\/\/tierheim-moers.de\/Wordpress\/wp-json\/wp\/v2\/media?parent=50155"}],"wp:term":[{"taxonomy":"category","embeddable":true,"href":"https:\/\/tierheim-moers.de\/Wordpress\/wp-json\/wp\/v2\/categories?post=50155"},{"taxonomy":"post_tag","embeddable":true,"href":"https:\/\/tierheim-moers.de\/Wordpress\/wp-json\/wp\/v2\/tags?post=50155"}],"curies":[{"name":"wp","href":"https:\/\/api.w.org\/{rel}","templated":true}]}}