{"id":51552,"date":"2023-09-15T15:54:33","date_gmt":"2023-09-15T13:54:33","guid":{"rendered":"https:\/\/tierheim-moers.de\/Wordpress\/?p=51552"},"modified":"2023-09-16T13:12:26","modified_gmt":"2023-09-16T11:12:26","slug":"fundhund-aus-krefeld-vom-19-12-2022","status":"publish","type":"post","link":"https:\/\/tierheim-moers.de\/Wordpress\/fundhund-aus-krefeld-vom-19-12-2022\/","title":{"rendered":"Lenny &#8230; Malinois mit Anlehnungsbed\u00fcrfnis &#8211; vermittelt 15.09.2023"},"content":{"rendered":"<p>&nbsp;<\/p>\n\n<table id=\"tablepress-2109\" class=\"tablepress tablepress-id-2109\">\n<tbody class=\"row-striping row-hover\">\n<tr class=\"row-1\">\n\t<td class=\"column-1\">Name des Tiers:<\/td><td class=\"column-2\">Lenny<\/td>\n<\/tr>\n<tr class=\"row-2\">\n\t<td class=\"column-1\">Bestandsnummer:<\/td><td class=\"column-2\">642_F_22<\/td>\n<\/tr>\n<tr class=\"row-3\">\n\t<td class=\"column-1\">Aufnahmegrund:<\/td><td class=\"column-2\">Fundtier<\/td>\n<\/tr>\n<tr class=\"row-4\">\n\t<td class=\"column-1\">Im Tierheim seit:<\/td><td class=\"column-2\">19.12.2022<\/td>\n<\/tr>\n<tr class=\"row-5\">\n\t<td class=\"column-1\">Rasse:<\/td><td class=\"column-2\">Malinois<\/td>\n<\/tr>\n<tr class=\"row-6\">\n\t<td class=\"column-1\">Geschlecht:<\/td><td class=\"column-2\">m\u00e4nnlich<\/td>\n<\/tr>\n<tr class=\"row-7\">\n\t<td class=\"column-1\">Farbe\/Felll\u00e4nge:<\/td><td class=\"column-2\">achwarz braun<\/td>\n<\/tr>\n<tr class=\"row-8\">\n\t<td class=\"column-1\">Geburtsdatum:<\/td><td class=\"column-2\">ca. 01\/2022<\/td>\n<\/tr>\n<tr class=\"row-9\">\n\t<td class=\"column-1\">Schulterh\u00f6he\/Gewicht:<\/td><td class=\"column-2\">ca. 50 cm \/ 28,2 kg<\/td>\n<\/tr>\n<tr class=\"row-10\">\n\t<td class=\"column-1\">Fundort\/Abgabegrund:<\/td><td class=\"column-2\">Krefeld<\/td>\n<\/tr>\n<tr class=\"row-11\">\n\t<td class=\"column-1\">Tierbeschreibung:<\/td><td class=\"column-2\"><\/td>\n<\/tr>\n<\/tbody>\n<\/table>\n\n<p>&nbsp;<\/p>\n<p><strong>Update Mai 2023<\/strong><\/p>\n<div class=\"\" data-block=\"true\" data-editor=\"7tn48\" data-offset-key=\"da9o1-0-0\">\n<div class=\"_1mf _1mj\" data-offset-key=\"da9o1-0-0\"><span data-offset-key=\"da9o1-0-0\">Dass Lenny sich stark an seinen Menschen bindet haben wir bereits in seiner ersten Beschreibung erw\u00e4hnt. <\/span><\/div>\n<\/div>\n<div class=\"\" data-block=\"true\" data-editor=\"7tn48\" data-offset-key=\"dq53-0-0\">\n<div class=\"_1mf _1mj\" data-offset-key=\"dq53-0-0\"><span data-offset-key=\"dq53-0-0\">&nbsp;<\/span><\/div>\n<\/div>\n<div class=\"\" data-block=\"true\" data-editor=\"7tn48\" data-offset-key=\"fs9oo-0-0\">\n<div class=\"_1mf _1mj\" data-offset-key=\"fs9oo-0-0\"><span data-offset-key=\"fs9oo-0-0\">Was sich zun\u00e4chst sehr w\u00fcnschenswert anh\u00f6rt, f\u00fchrt jedoch durchaus zu Problemen, wenn die Bindung so stark ausgelebt wird, wie Lenny es macht. Lenny m\u00f6chte 24\/7 bei seinem Menschen sein.<\/span><\/div>\n<\/div>\n<div data-offset-key=\"fs9oo-0-0\">&nbsp;<\/div>\n<div data-offset-key=\"fs9oo-0-0\">\n<figure id=\"attachment_53547\" aria-describedby=\"caption-attachment-53547\" style=\"width: 300px\" class=\"wp-caption alignnone\"><a href=\"https:\/\/tierheim-moers.de\/Wordpress\/wp-content\/uploads\/2023\/05\/DSC02973-2-scaled.jpg\"><img fetchpriority=\"high\" decoding=\"async\" class=\"size-medium wp-image-53547\" src=\"https:\/\/tierheim-moers.de\/Wordpress\/wp-content\/uploads\/2023\/05\/DSC02973-2-300x200.jpg\" alt=\"\" width=\"300\" height=\"200\" srcset=\"https:\/\/tierheim-moers.de\/Wordpress\/wp-content\/uploads\/2023\/05\/DSC02973-2-300x200.jpg 300w, https:\/\/tierheim-moers.de\/Wordpress\/wp-content\/uploads\/2023\/05\/DSC02973-2-1024x681.jpg 1024w, https:\/\/tierheim-moers.de\/Wordpress\/wp-content\/uploads\/2023\/05\/DSC02973-2-768x511.jpg 768w, https:\/\/tierheim-moers.de\/Wordpress\/wp-content\/uploads\/2023\/05\/DSC02973-2-600x399.jpg 600w, https:\/\/tierheim-moers.de\/Wordpress\/wp-content\/uploads\/2023\/05\/DSC02973-2-1536x1022.jpg 1536w, https:\/\/tierheim-moers.de\/Wordpress\/wp-content\/uploads\/2023\/05\/DSC02973-2-2048x1363.jpg 2048w, https:\/\/tierheim-moers.de\/Wordpress\/wp-content\/uploads\/2023\/05\/DSC02973-2-700x466.jpg 700w, https:\/\/tierheim-moers.de\/Wordpress\/wp-content\/uploads\/2023\/05\/DSC02973-2-1320x878.jpg 1320w\" sizes=\"(max-width: 300px) 100vw, 300px\" \/><\/a><figcaption id=\"caption-attachment-53547\" class=\"wp-caption-text\"><a style=\"font-weight: 600;\" href=\"https:\/\/tierheim-moers.de\/Wordpress\/wp-content\/uploads\/2023\/05\/DSC02971-3-scaled.jpg\"><img decoding=\"async\" class=\"size-medium wp-image-53546\" src=\"https:\/\/tierheim-moers.de\/Wordpress\/wp-content\/uploads\/2023\/05\/DSC02971-3-300x200.jpg\" alt=\"\" width=\"300\" height=\"200\" srcset=\"https:\/\/tierheim-moers.de\/Wordpress\/wp-content\/uploads\/2023\/05\/DSC02971-3-300x200.jpg 300w, https:\/\/tierheim-moers.de\/Wordpress\/wp-content\/uploads\/2023\/05\/DSC02971-3-1024x682.jpg 1024w, https:\/\/tierheim-moers.de\/Wordpress\/wp-content\/uploads\/2023\/05\/DSC02971-3-768x511.jpg 768w, https:\/\/tierheim-moers.de\/Wordpress\/wp-content\/uploads\/2023\/05\/DSC02971-3-600x399.jpg 600w, https:\/\/tierheim-moers.de\/Wordpress\/wp-content\/uploads\/2023\/05\/DSC02971-3-1536x1022.jpg 1536w, https:\/\/tierheim-moers.de\/Wordpress\/wp-content\/uploads\/2023\/05\/DSC02971-3-2048x1363.jpg 2048w, https:\/\/tierheim-moers.de\/Wordpress\/wp-content\/uploads\/2023\/05\/DSC02971-3-700x466.jpg 700w, https:\/\/tierheim-moers.de\/Wordpress\/wp-content\/uploads\/2023\/05\/DSC02971-3-1320x879.jpg 1320w\" sizes=\"(max-width: 300px) 100vw, 300px\" \/><\/a><\/figcaption><\/figure>\n<\/div>\n<div class=\"\" data-block=\"true\" data-editor=\"7tn48\" data-offset-key=\"e9ria-0-0\">\n<div class=\"_1mf _1mj\" data-offset-key=\"e9ria-0-0\"><span data-offset-key=\"e9ria-0-0\">&nbsp;<\/span><\/div>\n<\/div>\n<div class=\"\" data-block=\"true\" data-editor=\"7tn48\" data-offset-key=\"cjq87-0-0\">\n<div class=\"_1mf _1mj\" data-offset-key=\"cjq87-0-0\"><span data-offset-key=\"cjq87-0-0\">Auch wenn vielfach gesagt wird &#8220;der Hund muss eigentlich gar nicht alleine bleiben&#8221; ist das keine Aussage, die in der Praxis bestehen kann &#8211; nicht in der Intensit\u00e4t, die Lenny einfordert.<\/span><\/div>\n<\/div>\n<div class=\"\" data-block=\"true\" data-editor=\"7tn48\" data-offset-key=\"b7hj5-0-0\">\n<div class=\"_1mf _1mj\" data-offset-key=\"b7hj5-0-0\"><span data-offset-key=\"b7hj5-0-0\">&nbsp;<\/span><\/div>\n<\/div>\n<div class=\"\" data-block=\"true\" data-editor=\"7tn48\" data-offset-key=\"au8ct-0-0\">\n<div class=\"_1mf _1mj\" data-offset-key=\"au8ct-0-0\"><span data-offset-key=\"au8ct-0-0\">Abgesehen davon, dass sich 24\/7 nicht umsetzen l\u00e4sst, bedeutet es auch Stress f\u00fcr Lenny, wenn er auch kurze Trennungen nicht aushalten kann. Und allein dieser Stress ist Grund genug, an dem Problem zu arbeiten.<\/span><\/div>\n<\/div>\n<div data-offset-key=\"au8ct-0-0\">&nbsp;<\/div>\n<div data-offset-key=\"au8ct-0-0\">\n<p><a href=\"https:\/\/tierheim-moers.de\/Wordpress\/wp-content\/uploads\/2023\/05\/Suchspiele-2-scaled.jpg\"><img decoding=\"async\" class=\"alignnone size-medium wp-image-53552\" src=\"https:\/\/tierheim-moers.de\/Wordpress\/wp-content\/uploads\/2023\/05\/Suchspiele-2-300x225.jpg\" alt=\"\" width=\"300\" height=\"225\" srcset=\"https:\/\/tierheim-moers.de\/Wordpress\/wp-content\/uploads\/2023\/05\/Suchspiele-2-300x225.jpg 300w, https:\/\/tierheim-moers.de\/Wordpress\/wp-content\/uploads\/2023\/05\/Suchspiele-2-1024x768.jpg 1024w, https:\/\/tierheim-moers.de\/Wordpress\/wp-content\/uploads\/2023\/05\/Suchspiele-2-768x576.jpg 768w, https:\/\/tierheim-moers.de\/Wordpress\/wp-content\/uploads\/2023\/05\/Suchspiele-2-600x450.jpg 600w, https:\/\/tierheim-moers.de\/Wordpress\/wp-content\/uploads\/2023\/05\/Suchspiele-2-1536x1152.jpg 1536w, https:\/\/tierheim-moers.de\/Wordpress\/wp-content\/uploads\/2023\/05\/Suchspiele-2-2048x1536.jpg 2048w, https:\/\/tierheim-moers.de\/Wordpress\/wp-content\/uploads\/2023\/05\/Suchspiele-2-700x525.jpg 700w, https:\/\/tierheim-moers.de\/Wordpress\/wp-content\/uploads\/2023\/05\/Suchspiele-2-1320x990.jpg 1320w\" sizes=\"(max-width: 300px) 100vw, 300px\" \/><\/a><a href=\"https:\/\/tierheim-moers.de\/Wordpress\/wp-content\/uploads\/2023\/05\/Suchspiele-4-scaled.jpg\"><img loading=\"lazy\" decoding=\"async\" class=\"size-medium wp-image-53553\" src=\"https:\/\/tierheim-moers.de\/Wordpress\/wp-content\/uploads\/2023\/05\/Suchspiele-4-200x300.jpg\" alt=\"\" width=\"200\" height=\"300\" srcset=\"https:\/\/tierheim-moers.de\/Wordpress\/wp-content\/uploads\/2023\/05\/Suchspiele-4-200x300.jpg 200w, https:\/\/tierheim-moers.de\/Wordpress\/wp-content\/uploads\/2023\/05\/Suchspiele-4-681x1024.jpg 681w, https:\/\/tierheim-moers.de\/Wordpress\/wp-content\/uploads\/2023\/05\/Suchspiele-4-768x1154.jpg 768w, https:\/\/tierheim-moers.de\/Wordpress\/wp-content\/uploads\/2023\/05\/Suchspiele-4-600x902.jpg 600w, https:\/\/tierheim-moers.de\/Wordpress\/wp-content\/uploads\/2023\/05\/Suchspiele-4-1022x1536.jpg 1022w, https:\/\/tierheim-moers.de\/Wordpress\/wp-content\/uploads\/2023\/05\/Suchspiele-4-1363x2048.jpg 1363w, https:\/\/tierheim-moers.de\/Wordpress\/wp-content\/uploads\/2023\/05\/Suchspiele-4-700x1052.jpg 700w, https:\/\/tierheim-moers.de\/Wordpress\/wp-content\/uploads\/2023\/05\/Suchspiele-4-1320x1983.jpg 1320w, https:\/\/tierheim-moers.de\/Wordpress\/wp-content\/uploads\/2023\/05\/Suchspiele-4-scaled.jpg 1704w\" sizes=\"(max-width: 200px) 100vw, 200px\" \/><\/a><\/p>\n<\/div>\n<div class=\"\" data-block=\"true\" data-editor=\"7tn48\" data-offset-key=\"5gp6a-0-0\">\n<div class=\"_1mf _1mj\" data-offset-key=\"5gp6a-0-0\"><span data-offset-key=\"5gp6a-0-0\">&nbsp;<\/span><\/div>\n<\/div>\n<div class=\"\" data-block=\"true\" data-editor=\"7tn48\" data-offset-key=\"c16je-0-0\">\n<div class=\"_1mf _1mj\" data-offset-key=\"c16je-0-0\"><span data-offset-key=\"c16je-0-0\">F\u00fcr die Lernphase sollte in einem Zuhause die M\u00f6glichkeit f\u00fcr eine sichere Unterbringung gegeben sein.<\/span><\/div>\n<\/div>\n<div class=\"\" data-block=\"true\" data-editor=\"7tn48\" data-offset-key=\"4hthh-0-0\">\n<div class=\"_1mf _1mj\" data-offset-key=\"4hthh-0-0\"><span data-offset-key=\"4hthh-0-0\">&nbsp;<\/span><\/div>\n<\/div>\n<div class=\"\" data-block=\"true\" data-editor=\"7tn48\" data-offset-key=\"ep8ts-0-0\">\n<div class=\"_1mf _1mj\" data-offset-key=\"ep8ts-0-0\"><span data-offset-key=\"ep8ts-0-0\">ABER &#8230; Lenny, der ohne jede Alltagserfahrungen zu uns kam, den alles und jeder verunsichert und verschreckt hat, hat in seiner Zeit bei uns schon so viel gelernt, dass wir ganz sicher sind, dass er in erfahrenen H\u00e4nden auch seine letzte gro\u00dfe H\u00fcrde meistern kann.<\/span><\/div>\n<\/div>\n<div data-offset-key=\"ep8ts-0-0\">&nbsp;<\/div>\n<div data-offset-key=\"ep8ts-0-0\"><a href=\"https:\/\/tierheim-moers.de\/Wordpress\/wp-content\/uploads\/2023\/05\/Autotraining-2-scaled.jpg\"><img loading=\"lazy\" decoding=\"async\" class=\"alignnone size-medium wp-image-53557\" src=\"https:\/\/tierheim-moers.de\/Wordpress\/wp-content\/uploads\/2023\/05\/Autotraining-2-225x300.jpg\" alt=\"\" width=\"225\" height=\"300\" srcset=\"https:\/\/tierheim-moers.de\/Wordpress\/wp-content\/uploads\/2023\/05\/Autotraining-2-225x300.jpg 225w, https:\/\/tierheim-moers.de\/Wordpress\/wp-content\/uploads\/2023\/05\/Autotraining-2-768x1024.jpg 768w, https:\/\/tierheim-moers.de\/Wordpress\/wp-content\/uploads\/2023\/05\/Autotraining-2-600x800.jpg 600w, https:\/\/tierheim-moers.de\/Wordpress\/wp-content\/uploads\/2023\/05\/Autotraining-2-1152x1536.jpg 1152w, https:\/\/tierheim-moers.de\/Wordpress\/wp-content\/uploads\/2023\/05\/Autotraining-2-1536x2048.jpg 1536w, https:\/\/tierheim-moers.de\/Wordpress\/wp-content\/uploads\/2023\/05\/Autotraining-2-700x933.jpg 700w, https:\/\/tierheim-moers.de\/Wordpress\/wp-content\/uploads\/2023\/05\/Autotraining-2-1320x1760.jpg 1320w, https:\/\/tierheim-moers.de\/Wordpress\/wp-content\/uploads\/2023\/05\/Autotraining-2-scaled.jpg 1920w\" sizes=\"(max-width: 225px) 100vw, 225px\" \/><\/a><\/div>\n<div class=\"\" data-block=\"true\" data-editor=\"7tn48\" data-offset-key=\"cg868-0-0\">\n<div class=\"_1mf _1mj\" data-offset-key=\"cg868-0-0\"><span data-offset-key=\"cg868-0-0\">&nbsp;<\/span><\/div>\n<\/div>\n<div class=\"\" data-block=\"true\" data-editor=\"7tn48\" data-offset-key=\"81tqn-0-0\">\n<div class=\"_1mf _1mj\" data-offset-key=\"81tqn-0-0\"><span data-offset-key=\"81tqn-0-0\">An der Seite seiner Menschen stellt der sensible R\u00fcde sich seinen Herausforderungen. Ob es Autofahren, viele fremde Menschen, Tierklinik oder einfach die Konzentration auf andere Aufgaben w\u00e4hrend eines Spaziergangs ist &#8230; allem stellt er sich und vor allem: alles meistert er.<\/span><\/div>\n<\/div>\n<div data-offset-key=\"81tqn-0-0\">&nbsp;<\/div>\n<div data-offset-key=\"81tqn-0-0\"><a href=\"https:\/\/tierheim-moers.de\/Wordpress\/wp-content\/uploads\/2023\/05\/Strasse-und-Umwelt-6-scaled.jpg\"><img loading=\"lazy\" decoding=\"async\" class=\"alignnone size-medium wp-image-53551\" src=\"https:\/\/tierheim-moers.de\/Wordpress\/wp-content\/uploads\/2023\/05\/Strasse-und-Umwelt-6-225x300.jpg\" alt=\"\" width=\"225\" height=\"300\" srcset=\"https:\/\/tierheim-moers.de\/Wordpress\/wp-content\/uploads\/2023\/05\/Strasse-und-Umwelt-6-225x300.jpg 225w, https:\/\/tierheim-moers.de\/Wordpress\/wp-content\/uploads\/2023\/05\/Strasse-und-Umwelt-6-768x1024.jpg 768w, https:\/\/tierheim-moers.de\/Wordpress\/wp-content\/uploads\/2023\/05\/Strasse-und-Umwelt-6-600x800.jpg 600w, https:\/\/tierheim-moers.de\/Wordpress\/wp-content\/uploads\/2023\/05\/Strasse-und-Umwelt-6-1152x1536.jpg 1152w, https:\/\/tierheim-moers.de\/Wordpress\/wp-content\/uploads\/2023\/05\/Strasse-und-Umwelt-6-1536x2048.jpg 1536w, https:\/\/tierheim-moers.de\/Wordpress\/wp-content\/uploads\/2023\/05\/Strasse-und-Umwelt-6-700x933.jpg 700w, https:\/\/tierheim-moers.de\/Wordpress\/wp-content\/uploads\/2023\/05\/Strasse-und-Umwelt-6-1320x1760.jpg 1320w, https:\/\/tierheim-moers.de\/Wordpress\/wp-content\/uploads\/2023\/05\/Strasse-und-Umwelt-6-scaled.jpg 1920w\" sizes=\"(max-width: 225px) 100vw, 225px\" \/><\/a> <a href=\"https:\/\/tierheim-moers.de\/Wordpress\/wp-content\/uploads\/2023\/05\/Tierklinik-1-scaled.jpg\"><img loading=\"lazy\" decoding=\"async\" class=\"alignnone size-medium wp-image-53554\" src=\"https:\/\/tierheim-moers.de\/Wordpress\/wp-content\/uploads\/2023\/05\/Tierklinik-1-225x300.jpg\" alt=\"\" width=\"225\" height=\"300\" srcset=\"https:\/\/tierheim-moers.de\/Wordpress\/wp-content\/uploads\/2023\/05\/Tierklinik-1-225x300.jpg 225w, https:\/\/tierheim-moers.de\/Wordpress\/wp-content\/uploads\/2023\/05\/Tierklinik-1-768x1024.jpg 768w, https:\/\/tierheim-moers.de\/Wordpress\/wp-content\/uploads\/2023\/05\/Tierklinik-1-600x800.jpg 600w, https:\/\/tierheim-moers.de\/Wordpress\/wp-content\/uploads\/2023\/05\/Tierklinik-1-1152x1536.jpg 1152w, https:\/\/tierheim-moers.de\/Wordpress\/wp-content\/uploads\/2023\/05\/Tierklinik-1-1536x2048.jpg 1536w, https:\/\/tierheim-moers.de\/Wordpress\/wp-content\/uploads\/2023\/05\/Tierklinik-1-700x933.jpg 700w, https:\/\/tierheim-moers.de\/Wordpress\/wp-content\/uploads\/2023\/05\/Tierklinik-1-1320x1760.jpg 1320w, https:\/\/tierheim-moers.de\/Wordpress\/wp-content\/uploads\/2023\/05\/Tierklinik-1-scaled.jpg 1920w\" sizes=\"(max-width: 225px) 100vw, 225px\" \/><\/a><\/div>\n<div class=\"\" data-block=\"true\" data-editor=\"7tn48\" data-offset-key=\"eh921-0-0\">\n<div class=\"_1mf _1mj\" data-offset-key=\"eh921-0-0\"><span data-offset-key=\"eh921-0-0\">&nbsp;<\/span><\/div>\n<\/div>\n<div class=\"\" data-block=\"true\" data-editor=\"7tn48\" data-offset-key=\"dvph7-0-0\">\n<div class=\"_1mf _1mj\" data-offset-key=\"dvph7-0-0\"><span data-offset-key=\"dvph7-0-0\">Es ist an der Zeit, dass Lenny in einem erfahrenen Zuhause alles Erlernte festigen und vor allem seine letzte gro\u00dfe Baustelle angehen kann.<\/span><\/div>\n<\/div>\n<div class=\"\" data-block=\"true\" data-editor=\"7tn48\" data-offset-key=\"47a78-0-0\">\n<div class=\"_1mf _1mj\" data-offset-key=\"47a78-0-0\"><span data-offset-key=\"47a78-0-0\">&nbsp;<\/span><\/div>\n<\/div>\n<div class=\"\" data-block=\"true\" data-editor=\"7tn48\" data-offset-key=\"flg30-0-0\">\n<div class=\"_1mf _1mj\" data-offset-key=\"flg30-0-0\"><span data-offset-key=\"flg30-0-0\">Seine Feinf\u00fchligkeit und sein sanftes Wesen machen ihn zu einem echten Herzenshund.<\/span><\/div>\n<\/div>\n<div class=\"\" data-block=\"true\" data-editor=\"7tn48\" data-offset-key=\"3dbq7-0-0\">&nbsp;<\/div>\n<div data-block=\"true\" data-editor=\"7tn48\" data-offset-key=\"3dbq7-0-0\">&nbsp;<\/div>\n<p>____________________________________________________________________________________________________<\/p>\n<p>Lenny kam im Dezember als Fundhund zu uns. Sein Fundhintergrund wird am besten umschrieben mit der vielfach genutzten Phrase: Es ist schwierig.<\/p>\n<p><a href=\"https:\/\/tierheim-moers.de\/Wordpress\/wp-content\/uploads\/2023\/02\/Lenny4.jpg\"><img loading=\"lazy\" decoding=\"async\" class=\"alignnone size-medium wp-image-52253\" src=\"https:\/\/tierheim-moers.de\/Wordpress\/wp-content\/uploads\/2023\/02\/Lenny4-273x300.jpg\" alt=\"\" width=\"273\" height=\"300\" srcset=\"https:\/\/tierheim-moers.de\/Wordpress\/wp-content\/uploads\/2023\/02\/Lenny4-273x300.jpg 273w, https:\/\/tierheim-moers.de\/Wordpress\/wp-content\/uploads\/2023\/02\/Lenny4-933x1024.jpg 933w, https:\/\/tierheim-moers.de\/Wordpress\/wp-content\/uploads\/2023\/02\/Lenny4-768x843.jpg 768w, https:\/\/tierheim-moers.de\/Wordpress\/wp-content\/uploads\/2023\/02\/Lenny4-600x658.jpg 600w, https:\/\/tierheim-moers.de\/Wordpress\/wp-content\/uploads\/2023\/02\/Lenny4-1400x1536.jpg 1400w, https:\/\/tierheim-moers.de\/Wordpress\/wp-content\/uploads\/2023\/02\/Lenny4-1867x2048.jpg 1867w, https:\/\/tierheim-moers.de\/Wordpress\/wp-content\/uploads\/2023\/02\/Lenny4-700x768.jpg 700w, https:\/\/tierheim-moers.de\/Wordpress\/wp-content\/uploads\/2023\/02\/Lenny4-1320x1448.jpg 1320w\" sizes=\"(max-width: 273px) 100vw, 273px\" \/><\/a> <a href=\"https:\/\/tierheim-moers.de\/Wordpress\/wp-content\/uploads\/2023\/02\/Lenny3.jpg\"><img loading=\"lazy\" decoding=\"async\" class=\"alignnone size-medium wp-image-52252\" src=\"https:\/\/tierheim-moers.de\/Wordpress\/wp-content\/uploads\/2023\/02\/Lenny3-286x300.jpg\" alt=\"\" width=\"286\" height=\"300\" srcset=\"https:\/\/tierheim-moers.de\/Wordpress\/wp-content\/uploads\/2023\/02\/Lenny3-286x300.jpg 286w, https:\/\/tierheim-moers.de\/Wordpress\/wp-content\/uploads\/2023\/02\/Lenny3-976x1024.jpg 976w, https:\/\/tierheim-moers.de\/Wordpress\/wp-content\/uploads\/2023\/02\/Lenny3-768x806.jpg 768w, https:\/\/tierheim-moers.de\/Wordpress\/wp-content\/uploads\/2023\/02\/Lenny3-600x629.jpg 600w, https:\/\/tierheim-moers.de\/Wordpress\/wp-content\/uploads\/2023\/02\/Lenny3-1464x1536.jpg 1464w, https:\/\/tierheim-moers.de\/Wordpress\/wp-content\/uploads\/2023\/02\/Lenny3-700x734.jpg 700w, https:\/\/tierheim-moers.de\/Wordpress\/wp-content\/uploads\/2023\/02\/Lenny3-1320x1384.jpg 1320w, https:\/\/tierheim-moers.de\/Wordpress\/wp-content\/uploads\/2023\/02\/Lenny3.jpg 1556w\" sizes=\"(max-width: 286px) 100vw, 286px\" \/><\/a><\/p>\n<p>Inzwischen hat er bei uns die erforderliche Tollwutquarant\u00e4ne hinter sich gebracht und sucht nun ein erfahrenes und verantwortungsvolles Zuhause.<\/p>\n<p>Es ist offensichtlich, dass Lenny in seinem ersten Lebensjahr nichts kennengelernt hat. Sein Nachholbedarf ist riesig und er lernt gerade t\u00e4glich Neues kennen.<\/p>\n<p>Er sucht viel R\u00fcckhalt bei uns. Nahezu alles verunsichert ihn anfangs und Lenny sucht zuverl\u00e4ssig Sicherheit bei seinen Vertrauenspersonen.<\/p>\n<p><a href=\"https:\/\/tierheim-moers.de\/Wordpress\/wp-content\/uploads\/2023\/02\/Lenny5-scaled.jpg\"><img loading=\"lazy\" decoding=\"async\" class=\"alignnone size-medium wp-image-52254\" src=\"https:\/\/tierheim-moers.de\/Wordpress\/wp-content\/uploads\/2023\/02\/Lenny5-265x300.jpg\" alt=\"\" width=\"265\" height=\"300\" srcset=\"https:\/\/tierheim-moers.de\/Wordpress\/wp-content\/uploads\/2023\/02\/Lenny5-265x300.jpg 265w, https:\/\/tierheim-moers.de\/Wordpress\/wp-content\/uploads\/2023\/02\/Lenny5-904x1024.jpg 904w, https:\/\/tierheim-moers.de\/Wordpress\/wp-content\/uploads\/2023\/02\/Lenny5-768x870.jpg 768w, https:\/\/tierheim-moers.de\/Wordpress\/wp-content\/uploads\/2023\/02\/Lenny5-600x679.jpg 600w, https:\/\/tierheim-moers.de\/Wordpress\/wp-content\/uploads\/2023\/02\/Lenny5-1356x1536.jpg 1356w, https:\/\/tierheim-moers.de\/Wordpress\/wp-content\/uploads\/2023\/02\/Lenny5-1809x2048.jpg 1809w, https:\/\/tierheim-moers.de\/Wordpress\/wp-content\/uploads\/2023\/02\/Lenny5-700x793.jpg 700w, https:\/\/tierheim-moers.de\/Wordpress\/wp-content\/uploads\/2023\/02\/Lenny5-1320x1495.jpg 1320w\" sizes=\"(max-width: 265px) 100vw, 265px\" \/><\/a><\/p>\n<p>Unsicherheit kann viele Verhaltensmuster zu Tage bringen &#8230; seinen Menschen nach Hilfe zu fragen, ist auf jeden Fall eine sehr gute Variante.<\/p>\n<p><a href=\"https:\/\/tierheim-moers.de\/Wordpress\/wp-content\/uploads\/2023\/02\/Lenny2.jpg\"><img loading=\"lazy\" decoding=\"async\" class=\"alignnone size-medium wp-image-52251\" src=\"https:\/\/tierheim-moers.de\/Wordpress\/wp-content\/uploads\/2023\/02\/Lenny2-300x225.jpg\" alt=\"\" width=\"300\" height=\"225\" srcset=\"https:\/\/tierheim-moers.de\/Wordpress\/wp-content\/uploads\/2023\/02\/Lenny2-300x225.jpg 300w, https:\/\/tierheim-moers.de\/Wordpress\/wp-content\/uploads\/2023\/02\/Lenny2-1024x768.jpg 1024w, https:\/\/tierheim-moers.de\/Wordpress\/wp-content\/uploads\/2023\/02\/Lenny2-768x576.jpg 768w, https:\/\/tierheim-moers.de\/Wordpress\/wp-content\/uploads\/2023\/02\/Lenny2-600x450.jpg 600w, https:\/\/tierheim-moers.de\/Wordpress\/wp-content\/uploads\/2023\/02\/Lenny2-1536x1152.jpg 1536w, https:\/\/tierheim-moers.de\/Wordpress\/wp-content\/uploads\/2023\/02\/Lenny2-700x525.jpg 700w, https:\/\/tierheim-moers.de\/Wordpress\/wp-content\/uploads\/2023\/02\/Lenny2-1320x990.jpg 1320w, https:\/\/tierheim-moers.de\/Wordpress\/wp-content\/uploads\/2023\/02\/Lenny2.jpg 1600w\" sizes=\"(max-width: 300px) 100vw, 300px\" \/><\/a><\/p>\n<p>Es braucht nun Erfahrung und Fingerspitzengef\u00fchl, auf dieser Basis aufzubauen und Lenny zu helfen, zu einem selbstbewussten Hund heranzuwachsen.<\/p>\n<p>Im Kontakt mit anderen Hunden zeigt er sich bei uns bisher freundlich und aufgeschlossen.<\/p>\n<p><em>Spontane Besuche sind leider nicht m\u00f6glich. Bei Interesse an Lenny stehen die vermittelnden Kollegen f\u00fcr telefonische Erstgespr\u00e4che von Montag bis Freitag von 14 \u2013 17 Uhr und Samstag von 13 \u2013 16 Uhr zur Verf\u00fcgung.<\/em><\/p>\n<p><em>Wir bitten darum, sich an diese Zeiten zu halten, da nach den regul\u00e4ren Telefonzeiten alle Gespr\u00e4che in den Notdienst umgeleitet werden und dieser nat\u00fcrlich Notf\u00e4llen vorbehalten ist.<\/em><\/p>\n<p><em>Alternativ erreichen Sie die vermittelnden Kollegen auch per Email: tierpfleger@tierheim-moers.de<\/em><\/p>\n<p>&nbsp;<\/p>\n<p>&nbsp;<\/p>\n<p>19.12.2022&nbsp; Fundhund aus Krefeld<\/p>\n<p>Dieser unkastrierte R\u00fcde wurde heute Morgen am Fl\u00fcnnertzdyk (H\u00f6he Langen Dyk) in 47803 Krefeld gesichert. Er ist gechipt aber nicht registriert. Wer den Hund kennt oder vermisst, kann sich bitte direkt telefonisch im Tierheim melden.<\/p>\n<p><a href=\"https:\/\/tierheim-moers.de\/Wordpress\/wp-content\/uploads\/2022\/12\/20221219_144431.jpg\"><img loading=\"lazy\" decoding=\"async\" class=\"alignnone size-medium wp-image-51550\" src=\"https:\/\/tierheim-moers.de\/Wordpress\/wp-content\/uploads\/2022\/12\/20221219_144431-300x300.jpg\" alt=\"\" width=\"300\" height=\"300\" srcset=\"https:\/\/tierheim-moers.de\/Wordpress\/wp-content\/uploads\/2022\/12\/20221219_144431-300x300.jpg 300w, https:\/\/tierheim-moers.de\/Wordpress\/wp-content\/uploads\/2022\/12\/20221219_144431-150x150.jpg 150w, https:\/\/tierheim-moers.de\/Wordpress\/wp-content\/uploads\/2022\/12\/20221219_144431-768x768.jpg 768w, https:\/\/tierheim-moers.de\/Wordpress\/wp-content\/uploads\/2022\/12\/20221219_144431-600x600.jpg 600w, https:\/\/tierheim-moers.de\/Wordpress\/wp-content\/uploads\/2022\/12\/20221219_144431-432x432.jpg 432w, https:\/\/tierheim-moers.de\/Wordpress\/wp-content\/uploads\/2022\/12\/20221219_144431-268x268.jpg 268w, https:\/\/tierheim-moers.de\/Wordpress\/wp-content\/uploads\/2022\/12\/20221219_144431-700x700.jpg 700w, https:\/\/tierheim-moers.de\/Wordpress\/wp-content\/uploads\/2022\/12\/20221219_144431-45x45.jpg 45w, https:\/\/tierheim-moers.de\/Wordpress\/wp-content\/uploads\/2022\/12\/20221219_144431.jpg 1009w\" sizes=\"(max-width: 300px) 100vw, 300px\" \/><\/a><a href=\"https:\/\/tierheim-moers.de\/Wordpress\/wp-content\/uploads\/2022\/12\/IMG-20221219-WA0010-rotated.jpg\"><img loading=\"lazy\" decoding=\"async\" class=\"alignnone size-medium wp-image-51551\" src=\"https:\/\/tierheim-moers.de\/Wordpress\/wp-content\/uploads\/2022\/12\/IMG-20221219-WA0010-300x225.jpg\" alt=\"\" width=\"300\" height=\"225\" srcset=\"https:\/\/tierheim-moers.de\/Wordpress\/wp-content\/uploads\/2022\/12\/IMG-20221219-WA0010-300x225.jpg 300w, https:\/\/tierheim-moers.de\/Wordpress\/wp-content\/uploads\/2022\/12\/IMG-20221219-WA0010-1024x768.jpg 1024w, https:\/\/tierheim-moers.de\/Wordpress\/wp-content\/uploads\/2022\/12\/IMG-20221219-WA0010-768x576.jpg 768w, https:\/\/tierheim-moers.de\/Wordpress\/wp-content\/uploads\/2022\/12\/IMG-20221219-WA0010-600x450.jpg 600w, https:\/\/tierheim-moers.de\/Wordpress\/wp-content\/uploads\/2022\/12\/IMG-20221219-WA0010-1536x1152.jpg 1536w, https:\/\/tierheim-moers.de\/Wordpress\/wp-content\/uploads\/2022\/12\/IMG-20221219-WA0010-700x525.jpg 700w, https:\/\/tierheim-moers.de\/Wordpress\/wp-content\/uploads\/2022\/12\/IMG-20221219-WA0010-1320x990.jpg 1320w, https:\/\/tierheim-moers.de\/Wordpress\/wp-content\/uploads\/2022\/12\/IMG-20221219-WA0010-rotated.jpg 2016w\" sizes=\"(max-width: 300px) 100vw, 300px\" \/><\/a><\/p>\n<div class=\"shariff shariff-align-flex-start shariff-widget-align-center\" data-url=\"https%3A%2F%2Ftierheim-moers.de%2FWordpress%2Ffundhund-aus-krefeld-vom-19-12-2022%2F\" data-timestamp=\"1694869946\" data-hidezero=\"1\" data-backendurl=\"https:\/\/tierheim-moers.de\/Wordpress\/wp-json\/shariff\/v1\/share_counts?\"><ul class=\"shariff-buttons theme-round orientation-horizontal buttonsize-small\"><li class=\"shariff-button facebook shariff-nocustomcolor\" style=\"background-color:#4273c8\"><a href=\"https:\/\/www.facebook.com\/sharer\/sharer.php?u=https%3A%2F%2Ftierheim-moers.de%2FWordpress%2Ffundhund-aus-krefeld-vom-19-12-2022%2F\" title=\"Bei Facebook teilen\" aria-label=\"Bei Facebook teilen\" role=\"button\" rel=\"nofollow\" class=\"shariff-link\" style=\"; background-color:#3b5998; color:#fff\" target=\"_blank\"><span class=\"shariff-icon\" style=\"\"><svg width=\"32px\" height=\"20px\" xmlns=\"http:\/\/www.w3.org\/2000\/svg\" viewBox=\"0 0 18 32\"><path fill=\"#3b5998\" d=\"M17.1 0.2v4.7h-2.8q-1.5 0-2.1 0.6t-0.5 1.9v3.4h5.2l-0.7 5.3h-4.5v13.6h-5.5v-13.6h-4.5v-5.3h4.5v-3.9q0-3.3 1.9-5.2t5-1.8q2.6 0 4.1 0.2z\"\/><\/svg><\/span><\/a><\/li><li class=\"shariff-button twitter shariff-nocustomcolor\" style=\"background-color:#595959\"><a href=\"https:\/\/twitter.com\/share?url=https%3A%2F%2Ftierheim-moers.de%2FWordpress%2Ffundhund-aus-krefeld-vom-19-12-2022%2F&text=Lenny%20%E2%80%A6%20Malinois%20mit%20Anlehnungsbed%C3%BCrfnis%20%E2%80%93%20vermittelt%2015.09.2023\" title=\"Bei X teilen\" aria-label=\"Bei X teilen\" role=\"button\" rel=\"noopener nofollow\" class=\"shariff-link\" style=\"; background-color:#000; color:#fff\" target=\"_blank\"><span class=\"shariff-icon\" style=\"\"><svg width=\"32px\" height=\"20px\" xmlns=\"http:\/\/www.w3.org\/2000\/svg\" viewBox=\"0 0 24 24\"><path fill=\"#000\" d=\"M14.258 10.152L23.176 0h-2.113l-7.747 8.813L7.133 0H0l9.352 13.328L0 23.973h2.113l8.176-9.309 6.531 9.309h7.133zm-2.895 3.293l-.949-1.328L2.875 1.56h3.246l6.086 8.523.945 1.328 7.91 11.078h-3.246zm0 0\"\/><\/svg><\/span><\/a><\/li><li class=\"shariff-button whatsapp shariff-nocustomcolor\" style=\"background-color:#5cbe4a\"><a href=\"https:\/\/api.whatsapp.com\/send?text=https%3A%2F%2Ftierheim-moers.de%2FWordpress%2Ffundhund-aus-krefeld-vom-19-12-2022%2F%20Lenny%20%E2%80%A6%20Malinois%20mit%20Anlehnungsbed%C3%BCrfnis%20%E2%80%93%20vermittelt%2015.09.2023\" title=\"Bei Whatsapp teilen\" aria-label=\"Bei Whatsapp teilen\" role=\"button\" rel=\"noopener nofollow\" class=\"shariff-link\" style=\"; background-color:#34af23; color:#fff\" target=\"_blank\"><span class=\"shariff-icon\" style=\"\"><svg width=\"32px\" height=\"20px\" xmlns=\"http:\/\/www.w3.org\/2000\/svg\" viewBox=\"0 0 32 32\"><path fill=\"#34af23\" d=\"M17.6 17.4q0.2 0 1.7 0.8t1.6 0.9q0 0.1 0 0.3 0 0.6-0.3 1.4-0.3 0.7-1.3 1.2t-1.8 0.5q-1 0-3.4-1.1-1.7-0.8-3-2.1t-2.6-3.3q-1.3-1.9-1.3-3.5v-0.1q0.1-1.6 1.3-2.8 0.4-0.4 0.9-0.4 0.1 0 0.3 0t0.3 0q0.3 0 0.5 0.1t0.3 0.5q0.1 0.4 0.6 1.6t0.4 1.3q0 0.4-0.6 1t-0.6 0.8q0 0.1 0.1 0.3 0.6 1.3 1.8 2.4 1 0.9 2.7 1.8 0.2 0.1 0.4 0.1 0.3 0 1-0.9t0.9-0.9zM14 26.9q2.3 0 4.3-0.9t3.6-2.4 2.4-3.6 0.9-4.3-0.9-4.3-2.4-3.6-3.6-2.4-4.3-0.9-4.3 0.9-3.6 2.4-2.4 3.6-0.9 4.3q0 3.6 2.1 6.6l-1.4 4.2 4.3-1.4q2.8 1.9 6.2 1.9zM14 2.2q2.7 0 5.2 1.1t4.3 2.9 2.9 4.3 1.1 5.2-1.1 5.2-2.9 4.3-4.3 2.9-5.2 1.1q-3.5 0-6.5-1.7l-7.4 2.4 2.4-7.2q-1.9-3.2-1.9-6.9 0-2.7 1.1-5.2t2.9-4.3 4.3-2.9 5.2-1.1z\"\/><\/svg><\/span><\/a><\/li><li class=\"shariff-button sms shariff-nocustomcolor shariff-mobile\" style=\"background-color:#d7d9d8\"><a href=\"sms:?&body=https%3A%2F%2Ftierheim-moers.de%2FWordpress%2Ffundhund-aus-krefeld-vom-19-12-2022%2F\" title=\"Per SMS teilen\" aria-label=\"Per SMS teilen\" role=\"button\" rel=\"noopener nofollow\" class=\"shariff-link\" style=\"; background-color:#a1e877; color:#fff\" target=\"_blank\"><span class=\"shariff-icon\" style=\"\"><svg xmlns=\"http:\/\/www.w3.org\/2000\/svg\" width=\"510\" height=\"510\" viewBox=\"0 0 510 510\"><path fill=\"#a1e877\" d=\"M459 0H51C23 0 0 23 0 51v459l102-102h357c28.1 0 51-22.9 51-51V51C510 23 487.1 0 459 0zM178.5 229.5h-51v-51h51V229.5zM280.5 229.5h-51v-51h51V229.5zM382.5 229.5h-51v-51h51V229.5z\"\/><\/svg><\/span><\/a><\/li><\/ul><\/div>","protected":false},"excerpt":{"rendered":"<p>&nbsp; &nbsp; Update Mai 2023 Dass Lenny sich stark an seinen Menschen bindet haben wir bereits in seiner ersten Beschreibung erw\u00e4hnt. &nbsp; Was sich zun\u00e4chst sehr w\u00fcnschenswert anh\u00f6rt, f\u00fchrt jedoch durchaus zu Problemen, wenn die Bindung so stark ausgelebt wird, wie Lenny es macht. Lenny m\u00f6chte 24\/7 bei seinem Menschen &#8230;<\/p>\n","protected":false},"author":7,"featured_media":52255,"comment_status":"closed","ping_status":"open","sticky":false,"template":"","format":"standard","meta":{"ngg_post_thumbnail":0,"footnotes":""},"categories":[10],"tags":[],"class_list":["post-51552","post","type-post","status-publish","format-standard","has-post-thumbnail","hentry","category-vermittelt","column","threecol","has-thumbnail"],"yoast_head":"<!-- This site is optimized with the Yoast SEO plugin v24.6 - https:\/\/yoast.com\/wordpress\/plugins\/seo\/ -->\n<title>Lenny ... Malinois mit Anlehnungsbed\u00fcrfnis - vermittelt 15.09.2023 | TIERHEIM MOERS<\/title>\n<meta name=\"robots\" content=\"index, follow, max-snippet:-1, max-image-preview:large, max-video-preview:-1\" \/>\n<link rel=\"canonical\" href=\"https:\/\/tierheim-moers.de\/Wordpress\/fundhund-aus-krefeld-vom-19-12-2022\/\" \/>\n<meta property=\"og:locale\" content=\"de_DE\" \/>\n<meta property=\"og:type\" content=\"article\" \/>\n<meta property=\"og:title\" content=\"Lenny ... Malinois mit Anlehnungsbed\u00fcrfnis - vermittelt 15.09.2023 | TIERHEIM MOERS\" \/>\n<meta property=\"og:description\" content=\"&nbsp; &nbsp; Update Mai 2023 Dass Lenny sich stark an seinen Menschen bindet haben wir bereits in seiner ersten Beschreibung erw\u00e4hnt. &nbsp; &#8230;\" \/>\n<meta property=\"og:url\" content=\"https:\/\/tierheim-moers.de\/Wordpress\/fundhund-aus-krefeld-vom-19-12-2022\/\" \/>\n<meta property=\"og:site_name\" content=\"TIERHEIM MOERS\" \/>\n<meta property=\"article:publisher\" content=\"https:\/\/de-de.facebook.com\/moers.tierheim\" \/>\n<meta property=\"article:published_time\" content=\"2023-09-15T13:54:33+00:00\" \/>\n<meta property=\"article:modified_time\" content=\"2023-09-16T11:12:26+00:00\" \/>\n<meta property=\"og:image\" content=\"https:\/\/tierheim-moers.de\/Wordpress\/wp-content\/uploads\/2023\/02\/Lenny6-scaled.jpg\" \/>\n\t<meta property=\"og:image:width\" content=\"2560\" \/>\n\t<meta property=\"og:image:height\" content=\"1833\" \/>\n\t<meta property=\"og:image:type\" content=\"image\/jpeg\" \/>\n<meta name=\"author\" content=\"Kathrin Novotny\" \/>\n<meta name=\"twitter:card\" content=\"summary_large_image\" \/>\n<meta name=\"twitter:label1\" content=\"Verfasst von\" \/>\n\t<meta name=\"twitter:data1\" content=\"Kathrin Novotny\" \/>\n\t<meta name=\"twitter:label2\" content=\"Gesch\u00e4tzte Lesezeit\" \/>\n\t<meta name=\"twitter:data2\" content=\"6\u00a0Minuten\" \/>\n<script type=\"application\/ld+json\" class=\"yoast-schema-graph\">{\"@context\":\"https:\/\/schema.org\",\"@graph\":[{\"@type\":\"Article\",\"@id\":\"https:\/\/tierheim-moers.de\/Wordpress\/fundhund-aus-krefeld-vom-19-12-2022\/#article\",\"isPartOf\":{\"@id\":\"https:\/\/tierheim-moers.de\/Wordpress\/fundhund-aus-krefeld-vom-19-12-2022\/\"},\"author\":{\"name\":\"Kathrin Novotny\",\"@id\":\"https:\/\/tierheim-moers.de\/Wordpress\/#\/schema\/person\/167de77fdd5ff85153606cdd34a5ffbc\"},\"headline\":\"Lenny &#8230; Malinois mit Anlehnungsbed\u00fcrfnis &#8211; vermittelt 15.09.2023\",\"datePublished\":\"2023-09-15T13:54:33+00:00\",\"dateModified\":\"2023-09-16T11:12:26+00:00\",\"mainEntityOfPage\":{\"@id\":\"https:\/\/tierheim-moers.de\/Wordpress\/fundhund-aus-krefeld-vom-19-12-2022\/\"},\"wordCount\":556,\"publisher\":{\"@id\":\"https:\/\/tierheim-moers.de\/Wordpress\/#organization\"},\"image\":{\"@id\":\"https:\/\/tierheim-moers.de\/Wordpress\/fundhund-aus-krefeld-vom-19-12-2022\/#primaryimage\"},\"thumbnailUrl\":\"https:\/\/tierheim-moers.de\/Wordpress\/wp-content\/uploads\/2023\/02\/Lenny6-scaled.jpg\",\"articleSection\":[\"Vermittelt\"],\"inLanguage\":\"de\"},{\"@type\":\"WebPage\",\"@id\":\"https:\/\/tierheim-moers.de\/Wordpress\/fundhund-aus-krefeld-vom-19-12-2022\/\",\"url\":\"https:\/\/tierheim-moers.de\/Wordpress\/fundhund-aus-krefeld-vom-19-12-2022\/\",\"name\":\"Lenny ... Malinois mit Anlehnungsbed\u00fcrfnis - vermittelt 15.09.2023 | TIERHEIM MOERS\",\"isPartOf\":{\"@id\":\"https:\/\/tierheim-moers.de\/Wordpress\/#website\"},\"primaryImageOfPage\":{\"@id\":\"https:\/\/tierheim-moers.de\/Wordpress\/fundhund-aus-krefeld-vom-19-12-2022\/#primaryimage\"},\"image\":{\"@id\":\"https:\/\/tierheim-moers.de\/Wordpress\/fundhund-aus-krefeld-vom-19-12-2022\/#primaryimage\"},\"thumbnailUrl\":\"https:\/\/tierheim-moers.de\/Wordpress\/wp-content\/uploads\/2023\/02\/Lenny6-scaled.jpg\",\"datePublished\":\"2023-09-15T13:54:33+00:00\",\"dateModified\":\"2023-09-16T11:12:26+00:00\",\"breadcrumb\":{\"@id\":\"https:\/\/tierheim-moers.de\/Wordpress\/fundhund-aus-krefeld-vom-19-12-2022\/#breadcrumb\"},\"inLanguage\":\"de\",\"potentialAction\":[{\"@type\":\"ReadAction\",\"target\":[\"https:\/\/tierheim-moers.de\/Wordpress\/fundhund-aus-krefeld-vom-19-12-2022\/\"]}]},{\"@type\":\"ImageObject\",\"inLanguage\":\"de\",\"@id\":\"https:\/\/tierheim-moers.de\/Wordpress\/fundhund-aus-krefeld-vom-19-12-2022\/#primaryimage\",\"url\":\"https:\/\/tierheim-moers.de\/Wordpress\/wp-content\/uploads\/2023\/02\/Lenny6-scaled.jpg\",\"contentUrl\":\"https:\/\/tierheim-moers.de\/Wordpress\/wp-content\/uploads\/2023\/02\/Lenny6-scaled.jpg\",\"width\":2560,\"height\":1833},{\"@type\":\"BreadcrumbList\",\"@id\":\"https:\/\/tierheim-moers.de\/Wordpress\/fundhund-aus-krefeld-vom-19-12-2022\/#breadcrumb\",\"itemListElement\":[{\"@type\":\"ListItem\",\"position\":1,\"name\":\"Startseite\",\"item\":\"https:\/\/tierheim-moers.de\/Wordpress\/\"},{\"@type\":\"ListItem\",\"position\":2,\"name\":\"Lenny &#8230; Malinois mit Anlehnungsbed\u00fcrfnis &#8211; vermittelt 15.09.2023\"}]},{\"@type\":\"WebSite\",\"@id\":\"https:\/\/tierheim-moers.de\/Wordpress\/#website\",\"url\":\"https:\/\/tierheim-moers.de\/Wordpress\/\",\"name\":\"Tierheim Moers\",\"description\":\"Tierheim | Hundepension | Tierschutz | Moers\",\"publisher\":{\"@id\":\"https:\/\/tierheim-moers.de\/Wordpress\/#organization\"},\"potentialAction\":[{\"@type\":\"SearchAction\",\"target\":{\"@type\":\"EntryPoint\",\"urlTemplate\":\"https:\/\/tierheim-moers.de\/Wordpress\/?s={search_term_string}\"},\"query-input\":{\"@type\":\"PropertyValueSpecification\",\"valueRequired\":true,\"valueName\":\"search_term_string\"}}],\"inLanguage\":\"de\"},{\"@type\":\"Organization\",\"@id\":\"https:\/\/tierheim-moers.de\/Wordpress\/#organization\",\"name\":\"Tierheim Moers\",\"url\":\"https:\/\/tierheim-moers.de\/Wordpress\/\",\"logo\":{\"@type\":\"ImageObject\",\"inLanguage\":\"de\",\"@id\":\"https:\/\/tierheim-moers.de\/Wordpress\/#\/schema\/logo\/image\/\",\"url\":\"https:\/\/tierheim-moers.de\/Wordpress\/wp-content\/uploads\/2014\/04\/Logo-TSV-Moers-V01-RGB-300.png\",\"contentUrl\":\"https:\/\/tierheim-moers.de\/Wordpress\/wp-content\/uploads\/2014\/04\/Logo-TSV-Moers-V01-RGB-300.png\",\"width\":1052,\"height\":1038,\"caption\":\"Tierheim Moers\"},\"image\":{\"@id\":\"https:\/\/tierheim-moers.de\/Wordpress\/#\/schema\/logo\/image\/\"},\"sameAs\":[\"https:\/\/de-de.facebook.com\/moers.tierheim\"]},{\"@type\":\"Person\",\"@id\":\"https:\/\/tierheim-moers.de\/Wordpress\/#\/schema\/person\/167de77fdd5ff85153606cdd34a5ffbc\",\"name\":\"Kathrin Novotny\",\"image\":{\"@type\":\"ImageObject\",\"inLanguage\":\"de\",\"@id\":\"https:\/\/tierheim-moers.de\/Wordpress\/#\/schema\/person\/image\/\",\"url\":\"https:\/\/secure.gravatar.com\/avatar\/8dbd3a3cd58d0e299cb5bd95a6d53c79eebe36713eda62bbb3c41a749d06346f?s=96&d=mm&r=g\",\"contentUrl\":\"https:\/\/secure.gravatar.com\/avatar\/8dbd3a3cd58d0e299cb5bd95a6d53c79eebe36713eda62bbb3c41a749d06346f?s=96&d=mm&r=g\",\"caption\":\"Kathrin Novotny\"},\"url\":\"https:\/\/tierheim-moers.de\/Wordpress\/author\/kathrin\/\"}]}<\/script>\n<!-- \/ Yoast SEO plugin. -->","yoast_head_json":{"title":"Lenny ... Malinois mit Anlehnungsbed\u00fcrfnis - vermittelt 15.09.2023 | TIERHEIM MOERS","robots":{"index":"index","follow":"follow","max-snippet":"max-snippet:-1","max-image-preview":"max-image-preview:large","max-video-preview":"max-video-preview:-1"},"canonical":"https:\/\/tierheim-moers.de\/Wordpress\/fundhund-aus-krefeld-vom-19-12-2022\/","og_locale":"de_DE","og_type":"article","og_title":"Lenny ... Malinois mit Anlehnungsbed\u00fcrfnis - vermittelt 15.09.2023 | TIERHEIM MOERS","og_description":"&nbsp; &nbsp; Update Mai 2023 Dass Lenny sich stark an seinen Menschen bindet haben wir bereits in seiner ersten Beschreibung erw\u00e4hnt. &nbsp; &#8230;","og_url":"https:\/\/tierheim-moers.de\/Wordpress\/fundhund-aus-krefeld-vom-19-12-2022\/","og_site_name":"TIERHEIM MOERS","article_publisher":"https:\/\/de-de.facebook.com\/moers.tierheim","article_published_time":"2023-09-15T13:54:33+00:00","article_modified_time":"2023-09-16T11:12:26+00:00","og_image":[{"width":2560,"height":1833,"url":"https:\/\/tierheim-moers.de\/Wordpress\/wp-content\/uploads\/2023\/02\/Lenny6-scaled.jpg","type":"image\/jpeg"}],"author":"Kathrin Novotny","twitter_card":"summary_large_image","twitter_misc":{"Verfasst von":"Kathrin Novotny","Gesch\u00e4tzte Lesezeit":"6\u00a0Minuten"},"schema":{"@context":"https:\/\/schema.org","@graph":[{"@type":"Article","@id":"https:\/\/tierheim-moers.de\/Wordpress\/fundhund-aus-krefeld-vom-19-12-2022\/#article","isPartOf":{"@id":"https:\/\/tierheim-moers.de\/Wordpress\/fundhund-aus-krefeld-vom-19-12-2022\/"},"author":{"name":"Kathrin Novotny","@id":"https:\/\/tierheim-moers.de\/Wordpress\/#\/schema\/person\/167de77fdd5ff85153606cdd34a5ffbc"},"headline":"Lenny &#8230; Malinois mit Anlehnungsbed\u00fcrfnis &#8211; vermittelt 15.09.2023","datePublished":"2023-09-15T13:54:33+00:00","dateModified":"2023-09-16T11:12:26+00:00","mainEntityOfPage":{"@id":"https:\/\/tierheim-moers.de\/Wordpress\/fundhund-aus-krefeld-vom-19-12-2022\/"},"wordCount":556,"publisher":{"@id":"https:\/\/tierheim-moers.de\/Wordpress\/#organization"},"image":{"@id":"https:\/\/tierheim-moers.de\/Wordpress\/fundhund-aus-krefeld-vom-19-12-2022\/#primaryimage"},"thumbnailUrl":"https:\/\/tierheim-moers.de\/Wordpress\/wp-content\/uploads\/2023\/02\/Lenny6-scaled.jpg","articleSection":["Vermittelt"],"inLanguage":"de"},{"@type":"WebPage","@id":"https:\/\/tierheim-moers.de\/Wordpress\/fundhund-aus-krefeld-vom-19-12-2022\/","url":"https:\/\/tierheim-moers.de\/Wordpress\/fundhund-aus-krefeld-vom-19-12-2022\/","name":"Lenny ... Malinois mit Anlehnungsbed\u00fcrfnis - vermittelt 15.09.2023 | TIERHEIM MOERS","isPartOf":{"@id":"https:\/\/tierheim-moers.de\/Wordpress\/#website"},"primaryImageOfPage":{"@id":"https:\/\/tierheim-moers.de\/Wordpress\/fundhund-aus-krefeld-vom-19-12-2022\/#primaryimage"},"image":{"@id":"https:\/\/tierheim-moers.de\/Wordpress\/fundhund-aus-krefeld-vom-19-12-2022\/#primaryimage"},"thumbnailUrl":"https:\/\/tierheim-moers.de\/Wordpress\/wp-content\/uploads\/2023\/02\/Lenny6-scaled.jpg","datePublished":"2023-09-15T13:54:33+00:00","dateModified":"2023-09-16T11:12:26+00:00","breadcrumb":{"@id":"https:\/\/tierheim-moers.de\/Wordpress\/fundhund-aus-krefeld-vom-19-12-2022\/#breadcrumb"},"inLanguage":"de","potentialAction":[{"@type":"ReadAction","target":["https:\/\/tierheim-moers.de\/Wordpress\/fundhund-aus-krefeld-vom-19-12-2022\/"]}]},{"@type":"ImageObject","inLanguage":"de","@id":"https:\/\/tierheim-moers.de\/Wordpress\/fundhund-aus-krefeld-vom-19-12-2022\/#primaryimage","url":"https:\/\/tierheim-moers.de\/Wordpress\/wp-content\/uploads\/2023\/02\/Lenny6-scaled.jpg","contentUrl":"https:\/\/tierheim-moers.de\/Wordpress\/wp-content\/uploads\/2023\/02\/Lenny6-scaled.jpg","width":2560,"height":1833},{"@type":"BreadcrumbList","@id":"https:\/\/tierheim-moers.de\/Wordpress\/fundhund-aus-krefeld-vom-19-12-2022\/#breadcrumb","itemListElement":[{"@type":"ListItem","position":1,"name":"Startseite","item":"https:\/\/tierheim-moers.de\/Wordpress\/"},{"@type":"ListItem","position":2,"name":"Lenny &#8230; Malinois mit Anlehnungsbed\u00fcrfnis &#8211; vermittelt 15.09.2023"}]},{"@type":"WebSite","@id":"https:\/\/tierheim-moers.de\/Wordpress\/#website","url":"https:\/\/tierheim-moers.de\/Wordpress\/","name":"Tierheim Moers","description":"Tierheim | Hundepension | Tierschutz | Moers","publisher":{"@id":"https:\/\/tierheim-moers.de\/Wordpress\/#organization"},"potentialAction":[{"@type":"SearchAction","target":{"@type":"EntryPoint","urlTemplate":"https:\/\/tierheim-moers.de\/Wordpress\/?s={search_term_string}"},"query-input":{"@type":"PropertyValueSpecification","valueRequired":true,"valueName":"search_term_string"}}],"inLanguage":"de"},{"@type":"Organization","@id":"https:\/\/tierheim-moers.de\/Wordpress\/#organization","name":"Tierheim Moers","url":"https:\/\/tierheim-moers.de\/Wordpress\/","logo":{"@type":"ImageObject","inLanguage":"de","@id":"https:\/\/tierheim-moers.de\/Wordpress\/#\/schema\/logo\/image\/","url":"https:\/\/tierheim-moers.de\/Wordpress\/wp-content\/uploads\/2014\/04\/Logo-TSV-Moers-V01-RGB-300.png","contentUrl":"https:\/\/tierheim-moers.de\/Wordpress\/wp-content\/uploads\/2014\/04\/Logo-TSV-Moers-V01-RGB-300.png","width":1052,"height":1038,"caption":"Tierheim Moers"},"image":{"@id":"https:\/\/tierheim-moers.de\/Wordpress\/#\/schema\/logo\/image\/"},"sameAs":["https:\/\/de-de.facebook.com\/moers.tierheim"]},{"@type":"Person","@id":"https:\/\/tierheim-moers.de\/Wordpress\/#\/schema\/person\/167de77fdd5ff85153606cdd34a5ffbc","name":"Kathrin Novotny","image":{"@type":"ImageObject","inLanguage":"de","@id":"https:\/\/tierheim-moers.de\/Wordpress\/#\/schema\/person\/image\/","url":"https:\/\/secure.gravatar.com\/avatar\/8dbd3a3cd58d0e299cb5bd95a6d53c79eebe36713eda62bbb3c41a749d06346f?s=96&d=mm&r=g","contentUrl":"https:\/\/secure.gravatar.com\/avatar\/8dbd3a3cd58d0e299cb5bd95a6d53c79eebe36713eda62bbb3c41a749d06346f?s=96&d=mm&r=g","caption":"Kathrin Novotny"},"url":"https:\/\/tierheim-moers.de\/Wordpress\/author\/kathrin\/"}]}},"_links":{"self":[{"href":"https:\/\/tierheim-moers.de\/Wordpress\/wp-json\/wp\/v2\/posts\/51552","targetHints":{"allow":["GET"]}}],"collection":[{"href":"https:\/\/tierheim-moers.de\/Wordpress\/wp-json\/wp\/v2\/posts"}],"about":[{"href":"https:\/\/tierheim-moers.de\/Wordpress\/wp-json\/wp\/v2\/types\/post"}],"author":[{"embeddable":true,"href":"https:\/\/tierheim-moers.de\/Wordpress\/wp-json\/wp\/v2\/users\/7"}],"replies":[{"embeddable":true,"href":"https:\/\/tierheim-moers.de\/Wordpress\/wp-json\/wp\/v2\/comments?post=51552"}],"version-history":[{"count":9,"href":"https:\/\/tierheim-moers.de\/Wordpress\/wp-json\/wp\/v2\/posts\/51552\/revisions"}],"predecessor-version":[{"id":55052,"href":"https:\/\/tierheim-moers.de\/Wordpress\/wp-json\/wp\/v2\/posts\/51552\/revisions\/55052"}],"wp:featuredmedia":[{"embeddable":true,"href":"https:\/\/tierheim-moers.de\/Wordpress\/wp-json\/wp\/v2\/media\/52255"}],"wp:attachment":[{"href":"https:\/\/tierheim-moers.de\/Wordpress\/wp-json\/wp\/v2\/media?parent=51552"}],"wp:term":[{"taxonomy":"category","embeddable":true,"href":"https:\/\/tierheim-moers.de\/Wordpress\/wp-json\/wp\/v2\/categories?post=51552"},{"taxonomy":"post_tag","embeddable":true,"href":"https:\/\/tierheim-moers.de\/Wordpress\/wp-json\/wp\/v2\/tags?post=51552"}],"curies":[{"name":"wp","href":"https:\/\/api.w.org\/{rel}","templated":true}]}}