{"id":52092,"date":"2023-03-07T16:20:21","date_gmt":"2023-03-07T14:20:21","guid":{"rendered":"https:\/\/tierheim-moers.de\/Wordpress\/?p=52092"},"modified":"2023-03-07T17:38:11","modified_gmt":"2023-03-07T15:38:11","slug":"mike-zeit-fuer-ein-neues-zuhause","status":"publish","type":"post","link":"https:\/\/tierheim-moers.de\/Wordpress\/mike-zeit-fuer-ein-neues-zuhause\/","title":{"rendered":"Mike &#8211; Zeit f\u00fcr ein neues Zuhause &#8211; Vermittelt 07.03.2023"},"content":{"rendered":"\n<table id=\"tablepress-2102\" class=\"tablepress tablepress-id-2102\">\n<tbody class=\"row-striping row-hover\">\n<tr class=\"row-1\">\n\t<td class=\"column-1\">Name des Tiers:<\/td><td class=\"column-2\">Mike<\/td>\n<\/tr>\n<tr class=\"row-2\">\n\t<td class=\"column-1\">Bestandsnummer:<\/td><td class=\"column-2\">4_\u00dc_23<\/td>\n<\/tr>\n<tr class=\"row-3\">\n\t<td class=\"column-1\">Aufnahmegrund:<\/td><td class=\"column-2\">\u00dcbereignung<\/td>\n<\/tr>\n<tr class=\"row-4\">\n\t<td class=\"column-1\">Im Tierheim seit:<\/td><td class=\"column-2\">06.01.2023<\/td>\n<\/tr>\n<tr class=\"row-5\">\n\t<td class=\"column-1\">Rasse:<\/td><td class=\"column-2\">Glatthaar<\/td>\n<\/tr>\n<tr class=\"row-6\">\n\t<td class=\"column-1\">Geschlecht:<\/td><td class=\"column-2\">m\u00e4nnlich, Kastriert<\/td>\n<\/tr>\n<tr class=\"row-7\">\n\t<td class=\"column-1\">Farbe\/Felll\u00e4nge:<\/td><td class=\"column-2\">braun\/wei\u00df<\/td>\n<\/tr>\n<tr class=\"row-8\">\n\t<td class=\"column-1\">Geburtsdatum:<\/td><td class=\"column-2\">ca. Juli 2021<\/td>\n<\/tr>\n<tr class=\"row-9\">\n\t<td class=\"column-1\">Schulterh\u00f6he\/Gewicht:<\/td><td class=\"column-2\"><\/td>\n<\/tr>\n<tr class=\"row-10\">\n\t<td class=\"column-1\">Fundort\/Abgabegrund:<\/td><td class=\"column-2\">Kein Interesse an weiterer Kleintierhaltung<\/td>\n<\/tr>\n<tr class=\"row-11\">\n\t<td class=\"column-1\">Tierbeschreibung:<\/td><td class=\"column-2\"><\/td>\n<\/tr>\n<\/tbody>\n<\/table>\n<!-- #tablepress-2102 from cache -->\n<p>&nbsp;<\/p>\n<p>Mike und Freddie wurden zusammen bei uns abgegeben, da man kein Interesse mehr an der Haltung hatte. Bei der Abgabe wurden mehrere gesundheitliche Baustellen festgestellt, die von uns behandelt wurden. Interessenten sollten sich darauf einstellen, dass bei den beiden immer wieder eine intensivere Versorgung n\u00f6tig sein wird. Alles weitere zu diesem Thema erkl\u00e4rt Ihnen gerne unsere Kleintierabteilung.<\/p>\n<p>&nbsp;<\/p>\n<p>&nbsp;<\/p>\n<p><a href=\"https:\/\/tierheim-moers.de\/Wordpress\/wp-content\/uploads\/2023\/01\/20230124_154747-scaled.jpg\"><img fetchpriority=\"high\" decoding=\"async\" class=\"alignnone size-medium wp-image-52089\" src=\"https:\/\/tierheim-moers.de\/Wordpress\/wp-content\/uploads\/2023\/01\/20230124_154747-300x221.jpg\" alt=\"\" width=\"300\" height=\"221\" srcset=\"https:\/\/tierheim-moers.de\/Wordpress\/wp-content\/uploads\/2023\/01\/20230124_154747-300x221.jpg 300w, https:\/\/tierheim-moers.de\/Wordpress\/wp-content\/uploads\/2023\/01\/20230124_154747-1024x754.jpg 1024w, https:\/\/tierheim-moers.de\/Wordpress\/wp-content\/uploads\/2023\/01\/20230124_154747-768x566.jpg 768w, https:\/\/tierheim-moers.de\/Wordpress\/wp-content\/uploads\/2023\/01\/20230124_154747-600x442.jpg 600w, https:\/\/tierheim-moers.de\/Wordpress\/wp-content\/uploads\/2023\/01\/20230124_154747-1536x1131.jpg 1536w, https:\/\/tierheim-moers.de\/Wordpress\/wp-content\/uploads\/2023\/01\/20230124_154747-2048x1508.jpg 2048w, https:\/\/tierheim-moers.de\/Wordpress\/wp-content\/uploads\/2023\/01\/20230124_154747-700x516.jpg 700w, https:\/\/tierheim-moers.de\/Wordpress\/wp-content\/uploads\/2023\/01\/20230124_154747-1320x972.jpg 1320w\" sizes=\"(max-width: 300px) 100vw, 300px\" \/><\/a><\/p>\n<p>&nbsp;<\/p>\n<p>Mike kann sowohl mit seinem Partner Freddie als P\u00e4rchen ausziehen oder alleine in eine bestehende Gruppe. Wir w\u00fcnschen uns f\u00fcr Mike ein Zuhause mit ausreichend Platz und meerschweinchengerechter Einrichtung.<\/p>\n<p>&nbsp;<\/p>\n<div class=\"entry-content\">\n<div class=\"entry-content\">\n<p><em>Noch immer haben wir f\u00fcr Besucher geschlossen. Bei Interesse an Mike stehen die vermittelnden Kollegen f\u00fcr telefonische Erstgespr\u00e4che von Montag bis Freitag von 14 \u2013 17 Uhr und Samstag von 13 \u2013 16 Uhr zur Verf\u00fcgung.<\/em><\/p>\n<div class=\"entry-content\">\n<p><em>Wir bitten darum, sich an diese Zeiten zu halten, da nach den regul\u00e4ren Telefonzeiten alle Gespr\u00e4che in den\u00a0<strong>Notdienst<\/strong>\u00a0umgeleitet werden und dieser nat\u00fcrlich Notf\u00e4llen vorbehalten ist.<\/em><\/p>\n<p><em>Alternativ k\u00f6nnen Sie auch direkt Bilder von der Unterbringung an unsere Tierpfleger schicken: tierpfleger@tierheim-moers.de (bitte immer mit Angabe einer Telefonnummer).<\/em><\/p>\n<\/div>\n<\/div>\n<\/div>\n<div class=\"shariff shariff-align-flex-start shariff-widget-align-center\" data-url=\"https%3A%2F%2Ftierheim-moers.de%2FWordpress%2Fmike-zeit-fuer-ein-neues-zuhause%2F\" data-timestamp=\"1678210691\" data-hidezero=\"1\" data-backendurl=\"https:\/\/tierheim-moers.de\/Wordpress\/wp-json\/shariff\/v1\/share_counts?\"><ul class=\"shariff-buttons theme-round orientation-horizontal buttonsize-small\"><li class=\"shariff-button facebook shariff-nocustomcolor\" style=\"background-color:#4273c8\"><a href=\"https:\/\/www.facebook.com\/sharer\/sharer.php?u=https%3A%2F%2Ftierheim-moers.de%2FWordpress%2Fmike-zeit-fuer-ein-neues-zuhause%2F\" title=\"Bei Facebook teilen\" aria-label=\"Bei Facebook teilen\" role=\"button\" rel=\"nofollow\" class=\"shariff-link\" style=\"; background-color:#3b5998; color:#fff\" target=\"_blank\"><span class=\"shariff-icon\" style=\"\"><svg width=\"32px\" height=\"20px\" xmlns=\"http:\/\/www.w3.org\/2000\/svg\" viewBox=\"0 0 18 32\"><path fill=\"#3b5998\" d=\"M17.1 0.2v4.7h-2.8q-1.5 0-2.1 0.6t-0.5 1.9v3.4h5.2l-0.7 5.3h-4.5v13.6h-5.5v-13.6h-4.5v-5.3h4.5v-3.9q0-3.3 1.9-5.2t5-1.8q2.6 0 4.1 0.2z\"\/><\/svg><\/span><\/a><\/li><li class=\"shariff-button twitter shariff-nocustomcolor\" style=\"background-color:#595959\"><a href=\"https:\/\/twitter.com\/share?url=https%3A%2F%2Ftierheim-moers.de%2FWordpress%2Fmike-zeit-fuer-ein-neues-zuhause%2F&text=Mike%20%E2%80%93%20Zeit%20f%C3%BCr%20ein%20neues%20Zuhause%20%E2%80%93%20Vermittelt%2007.03.2023\" title=\"Bei X teilen\" aria-label=\"Bei X teilen\" role=\"button\" rel=\"noopener nofollow\" class=\"shariff-link\" style=\"; background-color:#000; color:#fff\" target=\"_blank\"><span class=\"shariff-icon\" style=\"\"><svg width=\"32px\" height=\"20px\" xmlns=\"http:\/\/www.w3.org\/2000\/svg\" viewBox=\"0 0 24 24\"><path fill=\"#000\" d=\"M14.258 10.152L23.176 0h-2.113l-7.747 8.813L7.133 0H0l9.352 13.328L0 23.973h2.113l8.176-9.309 6.531 9.309h7.133zm-2.895 3.293l-.949-1.328L2.875 1.56h3.246l6.086 8.523.945 1.328 7.91 11.078h-3.246zm0 0\"\/><\/svg><\/span><\/a><\/li><li class=\"shariff-button whatsapp shariff-nocustomcolor\" style=\"background-color:#5cbe4a\"><a href=\"https:\/\/api.whatsapp.com\/send?text=https%3A%2F%2Ftierheim-moers.de%2FWordpress%2Fmike-zeit-fuer-ein-neues-zuhause%2F%20Mike%20%E2%80%93%20Zeit%20f%C3%BCr%20ein%20neues%20Zuhause%20%E2%80%93%20Vermittelt%2007.03.2023\" title=\"Bei Whatsapp teilen\" aria-label=\"Bei Whatsapp teilen\" role=\"button\" rel=\"noopener nofollow\" class=\"shariff-link\" style=\"; background-color:#34af23; color:#fff\" target=\"_blank\"><span class=\"shariff-icon\" style=\"\"><svg width=\"32px\" height=\"20px\" xmlns=\"http:\/\/www.w3.org\/2000\/svg\" viewBox=\"0 0 32 32\"><path fill=\"#34af23\" d=\"M17.6 17.4q0.2 0 1.7 0.8t1.6 0.9q0 0.1 0 0.3 0 0.6-0.3 1.4-0.3 0.7-1.3 1.2t-1.8 0.5q-1 0-3.4-1.1-1.7-0.8-3-2.1t-2.6-3.3q-1.3-1.9-1.3-3.5v-0.1q0.1-1.6 1.3-2.8 0.4-0.4 0.9-0.4 0.1 0 0.3 0t0.3 0q0.3 0 0.5 0.1t0.3 0.5q0.1 0.4 0.6 1.6t0.4 1.3q0 0.4-0.6 1t-0.6 0.8q0 0.1 0.1 0.3 0.6 1.3 1.8 2.4 1 0.9 2.7 1.8 0.2 0.1 0.4 0.1 0.3 0 1-0.9t0.9-0.9zM14 26.9q2.3 0 4.3-0.9t3.6-2.4 2.4-3.6 0.9-4.3-0.9-4.3-2.4-3.6-3.6-2.4-4.3-0.9-4.3 0.9-3.6 2.4-2.4 3.6-0.9 4.3q0 3.6 2.1 6.6l-1.4 4.2 4.3-1.4q2.8 1.9 6.2 1.9zM14 2.2q2.7 0 5.2 1.1t4.3 2.9 2.9 4.3 1.1 5.2-1.1 5.2-2.9 4.3-4.3 2.9-5.2 1.1q-3.5 0-6.5-1.7l-7.4 2.4 2.4-7.2q-1.9-3.2-1.9-6.9 0-2.7 1.1-5.2t2.9-4.3 4.3-2.9 5.2-1.1z\"\/><\/svg><\/span><\/a><\/li><li class=\"shariff-button sms shariff-nocustomcolor shariff-mobile\" style=\"background-color:#d7d9d8\"><a href=\"sms:?&body=https%3A%2F%2Ftierheim-moers.de%2FWordpress%2Fmike-zeit-fuer-ein-neues-zuhause%2F\" title=\"Per SMS teilen\" aria-label=\"Per SMS teilen\" role=\"button\" rel=\"noopener nofollow\" class=\"shariff-link\" style=\"; background-color:#a1e877; color:#fff\" target=\"_blank\"><span class=\"shariff-icon\" style=\"\"><svg xmlns=\"http:\/\/www.w3.org\/2000\/svg\" width=\"510\" height=\"510\" viewBox=\"0 0 510 510\"><path fill=\"#a1e877\" d=\"M459 0H51C23 0 0 23 0 51v459l102-102h357c28.1 0 51-22.9 51-51V51C510 23 487.1 0 459 0zM178.5 229.5h-51v-51h51V229.5zM280.5 229.5h-51v-51h51V229.5zM382.5 229.5h-51v-51h51V229.5z\"\/><\/svg><\/span><\/a><\/li><\/ul><\/div>","protected":false},"excerpt":{"rendered":"<p>&nbsp; Mike und Freddie wurden zusammen bei uns abgegeben, da man kein Interesse mehr an der Haltung hatte. Bei der Abgabe wurden mehrere gesundheitliche Baustellen festgestellt, die von uns behandelt wurden. Interessenten sollten sich darauf einstellen, dass bei den beiden immer wieder eine intensivere Versorgung n\u00f6tig sein wird. Alles weitere &#8230;<\/p>\n","protected":false},"author":36,"featured_media":52086,"comment_status":"closed","ping_status":"open","sticky":false,"template":"","format":"standard","meta":{"ngg_post_thumbnail":0,"footnotes":""},"categories":[10],"tags":[],"class_list":["post-52092","post","type-post","status-publish","format-standard","has-post-thumbnail","hentry","category-vermittelt","column","threecol","has-thumbnail"],"yoast_head":"<!-- This site is optimized with the Yoast SEO plugin v24.6 - https:\/\/yoast.com\/wordpress\/plugins\/seo\/ -->\n<title>Mike - Zeit f\u00fcr ein neues Zuhause - Vermittelt 07.03.2023 | TIERHEIM MOERS<\/title>\n<meta name=\"robots\" content=\"index, follow, max-snippet:-1, max-image-preview:large, max-video-preview:-1\" \/>\n<link rel=\"canonical\" href=\"https:\/\/tierheim-moers.de\/Wordpress\/mike-zeit-fuer-ein-neues-zuhause\/\" \/>\n<meta property=\"og:locale\" content=\"de_DE\" \/>\n<meta property=\"og:type\" content=\"article\" \/>\n<meta property=\"og:title\" content=\"Mike - Zeit f\u00fcr ein neues Zuhause - Vermittelt 07.03.2023 | TIERHEIM MOERS\" \/>\n<meta property=\"og:description\" content=\"&nbsp; Mike und Freddie wurden zusammen bei uns abgegeben, da man kein Interesse mehr an der Haltung hatte. Bei der Abgabe wurden &#8230;\" \/>\n<meta property=\"og:url\" content=\"https:\/\/tierheim-moers.de\/Wordpress\/mike-zeit-fuer-ein-neues-zuhause\/\" \/>\n<meta property=\"og:site_name\" content=\"TIERHEIM MOERS\" \/>\n<meta property=\"article:publisher\" content=\"https:\/\/de-de.facebook.com\/moers.tierheim\" \/>\n<meta property=\"article:published_time\" content=\"2023-03-07T14:20:21+00:00\" \/>\n<meta property=\"article:modified_time\" content=\"2023-03-07T15:38:11+00:00\" \/>\n<meta property=\"og:image\" content=\"https:\/\/tierheim-moers.de\/Wordpress\/wp-content\/uploads\/2023\/01\/20230124_154901-scaled.jpg\" \/>\n\t<meta property=\"og:image:width\" content=\"2560\" \/>\n\t<meta property=\"og:image:height\" content=\"2352\" \/>\n\t<meta property=\"og:image:type\" content=\"image\/jpeg\" \/>\n<meta name=\"author\" content=\"Lorena Heller\" \/>\n<meta name=\"twitter:card\" content=\"summary_large_image\" \/>\n<meta name=\"twitter:label1\" content=\"Verfasst von\" \/>\n\t<meta name=\"twitter:data1\" content=\"Lorena Heller\" \/>\n\t<meta name=\"twitter:label2\" content=\"Gesch\u00e4tzte Lesezeit\" \/>\n\t<meta name=\"twitter:data2\" content=\"2\u00a0Minuten\" \/>\n<script type=\"application\/ld+json\" class=\"yoast-schema-graph\">{\"@context\":\"https:\/\/schema.org\",\"@graph\":[{\"@type\":\"Article\",\"@id\":\"https:\/\/tierheim-moers.de\/Wordpress\/mike-zeit-fuer-ein-neues-zuhause\/#article\",\"isPartOf\":{\"@id\":\"https:\/\/tierheim-moers.de\/Wordpress\/mike-zeit-fuer-ein-neues-zuhause\/\"},\"author\":{\"name\":\"Lorena Heller\",\"@id\":\"https:\/\/tierheim-moers.de\/Wordpress\/#\/schema\/person\/a2ec1cd39bf2958aa10437b022bc3989\"},\"headline\":\"Mike &#8211; Zeit f\u00fcr ein neues Zuhause &#8211; Vermittelt 07.03.2023\",\"datePublished\":\"2023-03-07T14:20:21+00:00\",\"dateModified\":\"2023-03-07T15:38:11+00:00\",\"mainEntityOfPage\":{\"@id\":\"https:\/\/tierheim-moers.de\/Wordpress\/mike-zeit-fuer-ein-neues-zuhause\/\"},\"wordCount\":196,\"publisher\":{\"@id\":\"https:\/\/tierheim-moers.de\/Wordpress\/#organization\"},\"image\":{\"@id\":\"https:\/\/tierheim-moers.de\/Wordpress\/mike-zeit-fuer-ein-neues-zuhause\/#primaryimage\"},\"thumbnailUrl\":\"https:\/\/tierheim-moers.de\/Wordpress\/wp-content\/uploads\/2023\/01\/20230124_154901-scaled.jpg\",\"articleSection\":[\"Vermittelt\"],\"inLanguage\":\"de\"},{\"@type\":\"WebPage\",\"@id\":\"https:\/\/tierheim-moers.de\/Wordpress\/mike-zeit-fuer-ein-neues-zuhause\/\",\"url\":\"https:\/\/tierheim-moers.de\/Wordpress\/mike-zeit-fuer-ein-neues-zuhause\/\",\"name\":\"Mike - Zeit f\u00fcr ein neues Zuhause - Vermittelt 07.03.2023 | TIERHEIM MOERS\",\"isPartOf\":{\"@id\":\"https:\/\/tierheim-moers.de\/Wordpress\/#website\"},\"primaryImageOfPage\":{\"@id\":\"https:\/\/tierheim-moers.de\/Wordpress\/mike-zeit-fuer-ein-neues-zuhause\/#primaryimage\"},\"image\":{\"@id\":\"https:\/\/tierheim-moers.de\/Wordpress\/mike-zeit-fuer-ein-neues-zuhause\/#primaryimage\"},\"thumbnailUrl\":\"https:\/\/tierheim-moers.de\/Wordpress\/wp-content\/uploads\/2023\/01\/20230124_154901-scaled.jpg\",\"datePublished\":\"2023-03-07T14:20:21+00:00\",\"dateModified\":\"2023-03-07T15:38:11+00:00\",\"breadcrumb\":{\"@id\":\"https:\/\/tierheim-moers.de\/Wordpress\/mike-zeit-fuer-ein-neues-zuhause\/#breadcrumb\"},\"inLanguage\":\"de\",\"potentialAction\":[{\"@type\":\"ReadAction\",\"target\":[\"https:\/\/tierheim-moers.de\/Wordpress\/mike-zeit-fuer-ein-neues-zuhause\/\"]}]},{\"@type\":\"ImageObject\",\"inLanguage\":\"de\",\"@id\":\"https:\/\/tierheim-moers.de\/Wordpress\/mike-zeit-fuer-ein-neues-zuhause\/#primaryimage\",\"url\":\"https:\/\/tierheim-moers.de\/Wordpress\/wp-content\/uploads\/2023\/01\/20230124_154901-scaled.jpg\",\"contentUrl\":\"https:\/\/tierheim-moers.de\/Wordpress\/wp-content\/uploads\/2023\/01\/20230124_154901-scaled.jpg\",\"width\":2560,\"height\":2352},{\"@type\":\"BreadcrumbList\",\"@id\":\"https:\/\/tierheim-moers.de\/Wordpress\/mike-zeit-fuer-ein-neues-zuhause\/#breadcrumb\",\"itemListElement\":[{\"@type\":\"ListItem\",\"position\":1,\"name\":\"Startseite\",\"item\":\"https:\/\/tierheim-moers.de\/Wordpress\/\"},{\"@type\":\"ListItem\",\"position\":2,\"name\":\"Mike &#8211; Zeit f\u00fcr ein neues Zuhause &#8211; Vermittelt 07.03.2023\"}]},{\"@type\":\"WebSite\",\"@id\":\"https:\/\/tierheim-moers.de\/Wordpress\/#website\",\"url\":\"https:\/\/tierheim-moers.de\/Wordpress\/\",\"name\":\"Tierheim Moers\",\"description\":\"Tierheim | Hundepension | Tierschutz | Moers\",\"publisher\":{\"@id\":\"https:\/\/tierheim-moers.de\/Wordpress\/#organization\"},\"potentialAction\":[{\"@type\":\"SearchAction\",\"target\":{\"@type\":\"EntryPoint\",\"urlTemplate\":\"https:\/\/tierheim-moers.de\/Wordpress\/?s={search_term_string}\"},\"query-input\":{\"@type\":\"PropertyValueSpecification\",\"valueRequired\":true,\"valueName\":\"search_term_string\"}}],\"inLanguage\":\"de\"},{\"@type\":\"Organization\",\"@id\":\"https:\/\/tierheim-moers.de\/Wordpress\/#organization\",\"name\":\"Tierheim Moers\",\"url\":\"https:\/\/tierheim-moers.de\/Wordpress\/\",\"logo\":{\"@type\":\"ImageObject\",\"inLanguage\":\"de\",\"@id\":\"https:\/\/tierheim-moers.de\/Wordpress\/#\/schema\/logo\/image\/\",\"url\":\"https:\/\/tierheim-moers.de\/Wordpress\/wp-content\/uploads\/2014\/04\/Logo-TSV-Moers-V01-RGB-300.png\",\"contentUrl\":\"https:\/\/tierheim-moers.de\/Wordpress\/wp-content\/uploads\/2014\/04\/Logo-TSV-Moers-V01-RGB-300.png\",\"width\":1052,\"height\":1038,\"caption\":\"Tierheim Moers\"},\"image\":{\"@id\":\"https:\/\/tierheim-moers.de\/Wordpress\/#\/schema\/logo\/image\/\"},\"sameAs\":[\"https:\/\/de-de.facebook.com\/moers.tierheim\"]},{\"@type\":\"Person\",\"@id\":\"https:\/\/tierheim-moers.de\/Wordpress\/#\/schema\/person\/a2ec1cd39bf2958aa10437b022bc3989\",\"name\":\"Lorena Heller\",\"image\":{\"@type\":\"ImageObject\",\"inLanguage\":\"de\",\"@id\":\"https:\/\/tierheim-moers.de\/Wordpress\/#\/schema\/person\/image\/\",\"url\":\"https:\/\/secure.gravatar.com\/avatar\/e53a91d572e1c31c0ded3ef9ede22888b58914cae28b7150a9c8661cb1b5943a?s=96&d=mm&r=g\",\"contentUrl\":\"https:\/\/secure.gravatar.com\/avatar\/e53a91d572e1c31c0ded3ef9ede22888b58914cae28b7150a9c8661cb1b5943a?s=96&d=mm&r=g\",\"caption\":\"Lorena Heller\"},\"url\":\"https:\/\/tierheim-moers.de\/Wordpress\/author\/kleintiere\/\"}]}<\/script>\n<!-- \/ Yoast SEO plugin. -->","yoast_head_json":{"title":"Mike - Zeit f\u00fcr ein neues Zuhause - Vermittelt 07.03.2023 | TIERHEIM MOERS","robots":{"index":"index","follow":"follow","max-snippet":"max-snippet:-1","max-image-preview":"max-image-preview:large","max-video-preview":"max-video-preview:-1"},"canonical":"https:\/\/tierheim-moers.de\/Wordpress\/mike-zeit-fuer-ein-neues-zuhause\/","og_locale":"de_DE","og_type":"article","og_title":"Mike - Zeit f\u00fcr ein neues Zuhause - Vermittelt 07.03.2023 | TIERHEIM MOERS","og_description":"&nbsp; Mike und Freddie wurden zusammen bei uns abgegeben, da man kein Interesse mehr an der Haltung hatte. Bei der Abgabe wurden &#8230;","og_url":"https:\/\/tierheim-moers.de\/Wordpress\/mike-zeit-fuer-ein-neues-zuhause\/","og_site_name":"TIERHEIM MOERS","article_publisher":"https:\/\/de-de.facebook.com\/moers.tierheim","article_published_time":"2023-03-07T14:20:21+00:00","article_modified_time":"2023-03-07T15:38:11+00:00","og_image":[{"width":2560,"height":2352,"url":"https:\/\/tierheim-moers.de\/Wordpress\/wp-content\/uploads\/2023\/01\/20230124_154901-scaled.jpg","type":"image\/jpeg"}],"author":"Lorena Heller","twitter_card":"summary_large_image","twitter_misc":{"Verfasst von":"Lorena Heller","Gesch\u00e4tzte Lesezeit":"2\u00a0Minuten"},"schema":{"@context":"https:\/\/schema.org","@graph":[{"@type":"Article","@id":"https:\/\/tierheim-moers.de\/Wordpress\/mike-zeit-fuer-ein-neues-zuhause\/#article","isPartOf":{"@id":"https:\/\/tierheim-moers.de\/Wordpress\/mike-zeit-fuer-ein-neues-zuhause\/"},"author":{"name":"Lorena Heller","@id":"https:\/\/tierheim-moers.de\/Wordpress\/#\/schema\/person\/a2ec1cd39bf2958aa10437b022bc3989"},"headline":"Mike &#8211; Zeit f\u00fcr ein neues Zuhause &#8211; Vermittelt 07.03.2023","datePublished":"2023-03-07T14:20:21+00:00","dateModified":"2023-03-07T15:38:11+00:00","mainEntityOfPage":{"@id":"https:\/\/tierheim-moers.de\/Wordpress\/mike-zeit-fuer-ein-neues-zuhause\/"},"wordCount":196,"publisher":{"@id":"https:\/\/tierheim-moers.de\/Wordpress\/#organization"},"image":{"@id":"https:\/\/tierheim-moers.de\/Wordpress\/mike-zeit-fuer-ein-neues-zuhause\/#primaryimage"},"thumbnailUrl":"https:\/\/tierheim-moers.de\/Wordpress\/wp-content\/uploads\/2023\/01\/20230124_154901-scaled.jpg","articleSection":["Vermittelt"],"inLanguage":"de"},{"@type":"WebPage","@id":"https:\/\/tierheim-moers.de\/Wordpress\/mike-zeit-fuer-ein-neues-zuhause\/","url":"https:\/\/tierheim-moers.de\/Wordpress\/mike-zeit-fuer-ein-neues-zuhause\/","name":"Mike - Zeit f\u00fcr ein neues Zuhause - Vermittelt 07.03.2023 | TIERHEIM MOERS","isPartOf":{"@id":"https:\/\/tierheim-moers.de\/Wordpress\/#website"},"primaryImageOfPage":{"@id":"https:\/\/tierheim-moers.de\/Wordpress\/mike-zeit-fuer-ein-neues-zuhause\/#primaryimage"},"image":{"@id":"https:\/\/tierheim-moers.de\/Wordpress\/mike-zeit-fuer-ein-neues-zuhause\/#primaryimage"},"thumbnailUrl":"https:\/\/tierheim-moers.de\/Wordpress\/wp-content\/uploads\/2023\/01\/20230124_154901-scaled.jpg","datePublished":"2023-03-07T14:20:21+00:00","dateModified":"2023-03-07T15:38:11+00:00","breadcrumb":{"@id":"https:\/\/tierheim-moers.de\/Wordpress\/mike-zeit-fuer-ein-neues-zuhause\/#breadcrumb"},"inLanguage":"de","potentialAction":[{"@type":"ReadAction","target":["https:\/\/tierheim-moers.de\/Wordpress\/mike-zeit-fuer-ein-neues-zuhause\/"]}]},{"@type":"ImageObject","inLanguage":"de","@id":"https:\/\/tierheim-moers.de\/Wordpress\/mike-zeit-fuer-ein-neues-zuhause\/#primaryimage","url":"https:\/\/tierheim-moers.de\/Wordpress\/wp-content\/uploads\/2023\/01\/20230124_154901-scaled.jpg","contentUrl":"https:\/\/tierheim-moers.de\/Wordpress\/wp-content\/uploads\/2023\/01\/20230124_154901-scaled.jpg","width":2560,"height":2352},{"@type":"BreadcrumbList","@id":"https:\/\/tierheim-moers.de\/Wordpress\/mike-zeit-fuer-ein-neues-zuhause\/#breadcrumb","itemListElement":[{"@type":"ListItem","position":1,"name":"Startseite","item":"https:\/\/tierheim-moers.de\/Wordpress\/"},{"@type":"ListItem","position":2,"name":"Mike &#8211; Zeit f\u00fcr ein neues Zuhause &#8211; Vermittelt 07.03.2023"}]},{"@type":"WebSite","@id":"https:\/\/tierheim-moers.de\/Wordpress\/#website","url":"https:\/\/tierheim-moers.de\/Wordpress\/","name":"Tierheim Moers","description":"Tierheim | Hundepension | Tierschutz | Moers","publisher":{"@id":"https:\/\/tierheim-moers.de\/Wordpress\/#organization"},"potentialAction":[{"@type":"SearchAction","target":{"@type":"EntryPoint","urlTemplate":"https:\/\/tierheim-moers.de\/Wordpress\/?s={search_term_string}"},"query-input":{"@type":"PropertyValueSpecification","valueRequired":true,"valueName":"search_term_string"}}],"inLanguage":"de"},{"@type":"Organization","@id":"https:\/\/tierheim-moers.de\/Wordpress\/#organization","name":"Tierheim Moers","url":"https:\/\/tierheim-moers.de\/Wordpress\/","logo":{"@type":"ImageObject","inLanguage":"de","@id":"https:\/\/tierheim-moers.de\/Wordpress\/#\/schema\/logo\/image\/","url":"https:\/\/tierheim-moers.de\/Wordpress\/wp-content\/uploads\/2014\/04\/Logo-TSV-Moers-V01-RGB-300.png","contentUrl":"https:\/\/tierheim-moers.de\/Wordpress\/wp-content\/uploads\/2014\/04\/Logo-TSV-Moers-V01-RGB-300.png","width":1052,"height":1038,"caption":"Tierheim Moers"},"image":{"@id":"https:\/\/tierheim-moers.de\/Wordpress\/#\/schema\/logo\/image\/"},"sameAs":["https:\/\/de-de.facebook.com\/moers.tierheim"]},{"@type":"Person","@id":"https:\/\/tierheim-moers.de\/Wordpress\/#\/schema\/person\/a2ec1cd39bf2958aa10437b022bc3989","name":"Lorena Heller","image":{"@type":"ImageObject","inLanguage":"de","@id":"https:\/\/tierheim-moers.de\/Wordpress\/#\/schema\/person\/image\/","url":"https:\/\/secure.gravatar.com\/avatar\/e53a91d572e1c31c0ded3ef9ede22888b58914cae28b7150a9c8661cb1b5943a?s=96&d=mm&r=g","contentUrl":"https:\/\/secure.gravatar.com\/avatar\/e53a91d572e1c31c0ded3ef9ede22888b58914cae28b7150a9c8661cb1b5943a?s=96&d=mm&r=g","caption":"Lorena Heller"},"url":"https:\/\/tierheim-moers.de\/Wordpress\/author\/kleintiere\/"}]}},"_links":{"self":[{"href":"https:\/\/tierheim-moers.de\/Wordpress\/wp-json\/wp\/v2\/posts\/52092","targetHints":{"allow":["GET"]}}],"collection":[{"href":"https:\/\/tierheim-moers.de\/Wordpress\/wp-json\/wp\/v2\/posts"}],"about":[{"href":"https:\/\/tierheim-moers.de\/Wordpress\/wp-json\/wp\/v2\/types\/post"}],"author":[{"embeddable":true,"href":"https:\/\/tierheim-moers.de\/Wordpress\/wp-json\/wp\/v2\/users\/36"}],"replies":[{"embeddable":true,"href":"https:\/\/tierheim-moers.de\/Wordpress\/wp-json\/wp\/v2\/comments?post=52092"}],"version-history":[{"count":5,"href":"https:\/\/tierheim-moers.de\/Wordpress\/wp-json\/wp\/v2\/posts\/52092\/revisions"}],"predecessor-version":[{"id":52593,"href":"https:\/\/tierheim-moers.de\/Wordpress\/wp-json\/wp\/v2\/posts\/52092\/revisions\/52593"}],"wp:featuredmedia":[{"embeddable":true,"href":"https:\/\/tierheim-moers.de\/Wordpress\/wp-json\/wp\/v2\/media\/52086"}],"wp:attachment":[{"href":"https:\/\/tierheim-moers.de\/Wordpress\/wp-json\/wp\/v2\/media?parent=52092"}],"wp:term":[{"taxonomy":"category","embeddable":true,"href":"https:\/\/tierheim-moers.de\/Wordpress\/wp-json\/wp\/v2\/categories?post=52092"},{"taxonomy":"post_tag","embeddable":true,"href":"https:\/\/tierheim-moers.de\/Wordpress\/wp-json\/wp\/v2\/tags?post=52092"}],"curies":[{"name":"wp","href":"https:\/\/api.w.org\/{rel}","templated":true}]}}