{"id":53018,"date":"2023-06-02T16:42:16","date_gmt":"2023-06-02T14:42:16","guid":{"rendered":"https:\/\/tierheim-moers.de\/Wordpress\/?p=53018"},"modified":"2023-06-02T17:50:00","modified_gmt":"2023-06-02T15:50:00","slug":"marlon-ein-wahrer-schmusekater-noch-nicht-in-der-vermittlung","status":"publish","type":"post","link":"https:\/\/tierheim-moers.de\/Wordpress\/marlon-ein-wahrer-schmusekater-noch-nicht-in-der-vermittlung\/","title":{"rendered":"Marlon &#8230; ein wahrer Schmusekater &#8211; vermittelt mit Pirat 02.06.2023"},"content":{"rendered":"<p>&nbsp;<\/p>\n\n<table id=\"tablepress-2142\" class=\"tablepress tablepress-id-2142\">\n<tbody class=\"row-striping row-hover\">\n<tr class=\"row-1\">\n\t<td class=\"column-1\">Name des Tiers:<\/td><td class=\"column-2\">Marlon<\/td>\n<\/tr>\n<tr class=\"row-2\">\n\t<td class=\"column-1\">Bestandsnummer:<\/td><td class=\"column-2\">71_\u00dc_23<\/td>\n<\/tr>\n<tr class=\"row-3\">\n\t<td class=\"column-1\">Aufnahmegrund:<\/td><td class=\"column-2\">\u00dcbereignung<\/td>\n<\/tr>\n<tr class=\"row-4\">\n\t<td class=\"column-1\">Im Tierheim seit:<\/td><td class=\"column-2\">21.03.2023<\/td>\n<\/tr>\n<tr class=\"row-5\">\n\t<td class=\"column-1\">Rasse:<\/td><td class=\"column-2\">EKH<\/td>\n<\/tr>\n<tr class=\"row-6\">\n\t<td class=\"column-1\">Geschlecht:<\/td><td class=\"column-2\">m\u00e4nnlich<\/td>\n<\/tr>\n<tr class=\"row-7\">\n\t<td class=\"column-1\">Farbe\/Felll\u00e4nge:<\/td><td class=\"column-2\">rot getigert<\/td>\n<\/tr>\n<tr class=\"row-8\">\n\t<td class=\"column-1\">Geburtsdatum:<\/td><td class=\"column-2\">01.01.2013<\/td>\n<\/tr>\n<tr class=\"row-9\">\n\t<td class=\"column-1\">Schulterh\u00f6he\/Gewicht:<\/td><td class=\"column-2\"><\/td>\n<\/tr>\n<tr class=\"row-10\">\n\t<td class=\"column-1\">Fundort\/Abgabegrund:<\/td><td class=\"column-2\">Besitzer verstorben<\/td>\n<\/tr>\n<tr class=\"row-11\">\n\t<td class=\"column-1\">Tierbeschreibung:<\/td><td class=\"column-2\">Wohnung mit gesichertem Balkon<\/td>\n<\/tr>\n<\/tbody>\n<\/table>\n\n<p>&nbsp;<\/p>\n<p>Update Mai 2023:<\/p>\n<p>&nbsp;<\/p>\n<p>Marlon\u00b4s Behandlung ist nun weitestgehend abgeschlossen. Noch m\u00fcssen seine Ohren regelm\u00e4\u00dfig gereinigt werden, aber das kann bei dem lieben Kater auch in einem neuen Zuhause erfolgen.<\/p>\n<p>Es hat sich gezeigt, dass Marlon und Pirat richtig gute Buddies sind &#8211; deshalb suchen wir f\u00fcr sie ein gemeinsames Zuhause.<\/p>\n<p><a href=\"https:\/\/tierheim-moers.de\/Wordpress\/wp-content\/uploads\/2023\/04\/Pirat3-scaled-e1680534879548.jpg\"><img fetchpriority=\"high\" decoding=\"async\" class=\"alignnone size-medium wp-image-53011\" src=\"https:\/\/tierheim-moers.de\/Wordpress\/wp-content\/uploads\/2023\/04\/Pirat3-scaled-e1680534879548-300x177.jpg\" alt=\"\" width=\"300\" height=\"177\" srcset=\"https:\/\/tierheim-moers.de\/Wordpress\/wp-content\/uploads\/2023\/04\/Pirat3-scaled-e1680534879548-300x177.jpg 300w, https:\/\/tierheim-moers.de\/Wordpress\/wp-content\/uploads\/2023\/04\/Pirat3-scaled-e1680534879548-1024x604.jpg 1024w, https:\/\/tierheim-moers.de\/Wordpress\/wp-content\/uploads\/2023\/04\/Pirat3-scaled-e1680534879548-768x453.jpg 768w, https:\/\/tierheim-moers.de\/Wordpress\/wp-content\/uploads\/2023\/04\/Pirat3-scaled-e1680534879548-600x354.jpg 600w, https:\/\/tierheim-moers.de\/Wordpress\/wp-content\/uploads\/2023\/04\/Pirat3-scaled-e1680534879548-1536x906.jpg 1536w, https:\/\/tierheim-moers.de\/Wordpress\/wp-content\/uploads\/2023\/04\/Pirat3-scaled-e1680534879548-2048x1208.jpg 2048w, https:\/\/tierheim-moers.de\/Wordpress\/wp-content\/uploads\/2023\/04\/Pirat3-scaled-e1680534879548-700x413.jpg 700w, https:\/\/tierheim-moers.de\/Wordpress\/wp-content\/uploads\/2023\/04\/Pirat3-scaled-e1680534879548-1320x779.jpg 1320w\" sizes=\"(max-width: 300px) 100vw, 300px\" \/><\/a> <a href=\"https:\/\/tierheim-moers.de\/Wordpress\/wp-content\/uploads\/2023\/04\/Marlon5-scaled-e1680532923623.jpg\"><img decoding=\"async\" class=\"alignnone size-medium wp-image-53008\" src=\"https:\/\/tierheim-moers.de\/Wordpress\/wp-content\/uploads\/2023\/04\/Marlon5-scaled-e1680532923623-300x190.jpg\" alt=\"\" width=\"300\" height=\"190\" srcset=\"https:\/\/tierheim-moers.de\/Wordpress\/wp-content\/uploads\/2023\/04\/Marlon5-scaled-e1680532923623-300x190.jpg 300w, https:\/\/tierheim-moers.de\/Wordpress\/wp-content\/uploads\/2023\/04\/Marlon5-scaled-e1680532923623-1024x648.jpg 1024w, https:\/\/tierheim-moers.de\/Wordpress\/wp-content\/uploads\/2023\/04\/Marlon5-scaled-e1680532923623-768x486.jpg 768w, https:\/\/tierheim-moers.de\/Wordpress\/wp-content\/uploads\/2023\/04\/Marlon5-scaled-e1680532923623-600x380.jpg 600w, https:\/\/tierheim-moers.de\/Wordpress\/wp-content\/uploads\/2023\/04\/Marlon5-scaled-e1680532923623-1536x972.jpg 1536w, https:\/\/tierheim-moers.de\/Wordpress\/wp-content\/uploads\/2023\/04\/Marlon5-scaled-e1680532923623-2048x1297.jpg 2048w, https:\/\/tierheim-moers.de\/Wordpress\/wp-content\/uploads\/2023\/04\/Marlon5-scaled-e1680532923623-700x443.jpg 700w, https:\/\/tierheim-moers.de\/Wordpress\/wp-content\/uploads\/2023\/04\/Marlon5-scaled-e1680532923623-1320x836.jpg 1320w\" sizes=\"(max-width: 300px) 100vw, 300px\" \/><\/a><\/p>\n<p>Beide Kater sind aufgeschlossen, anh\u00e4nglich und verschmust und w\u00fcnschen sich ein Zuhause, in dem neben genug Zeit auch ein gesicherter Balkon f\u00fcr sie vorhanden ist.<\/p>\n<p>&nbsp;<\/p>\n<p><em>Spontane Besuche sind leider nicht m\u00f6glich. Bei Interesse an Marlon und Pirat stehen die vermittelnden Kollegen f\u00fcr telefonische Erstgespr\u00e4che von Montag bis Freitag von 14 \u2013 17 Uhr und Samstag von 13 \u2013 16 Uhr zur Verf\u00fcgung.<\/em><\/p>\n<p><em>Wir bitten darum, sich an diese Zeiten zu halten, da nach den regul\u00e4ren Telefonzeiten alle Gespr\u00e4che in den Notdienst umgeleitet werden und dieser nat\u00fcrlich Notf\u00e4llen vorbehalten ist.<\/em><\/p>\n<p><em>Alternativ erreichen Sie die vermittelnden Kollegen auch per Email: tierpfleger@tierheim-moers.de<\/em><\/p>\n<p>&nbsp;<\/p>\n<p>____________________________________________________________________________________________________<\/p>\n<p>Marlon kam zusammen mit vier weiteren Katern zu uns. Der Pflege- und Gesundheitszustand aller f\u00fcnf Tiere l\u00e4sst auf eine langj\u00e4hrige Vernachl\u00e4ssigung schlie\u00dfen.<\/p>\n<p><a href=\"https:\/\/tierheim-moers.de\/Wordpress\/wp-content\/uploads\/2023\/04\/Marlon3-scaled.jpg\"><img decoding=\"async\" class=\"alignnone size-medium wp-image-53006\" src=\"https:\/\/tierheim-moers.de\/Wordpress\/wp-content\/uploads\/2023\/04\/Marlon3-283x300.jpg\" alt=\"\" width=\"283\" height=\"300\" srcset=\"https:\/\/tierheim-moers.de\/Wordpress\/wp-content\/uploads\/2023\/04\/Marlon3-283x300.jpg 283w, https:\/\/tierheim-moers.de\/Wordpress\/wp-content\/uploads\/2023\/04\/Marlon3-965x1024.jpg 965w, https:\/\/tierheim-moers.de\/Wordpress\/wp-content\/uploads\/2023\/04\/Marlon3-768x815.jpg 768w, https:\/\/tierheim-moers.de\/Wordpress\/wp-content\/uploads\/2023\/04\/Marlon3-600x637.jpg 600w, https:\/\/tierheim-moers.de\/Wordpress\/wp-content\/uploads\/2023\/04\/Marlon3-1447x1536.jpg 1447w, https:\/\/tierheim-moers.de\/Wordpress\/wp-content\/uploads\/2023\/04\/Marlon3-1930x2048.jpg 1930w, https:\/\/tierheim-moers.de\/Wordpress\/wp-content\/uploads\/2023\/04\/Marlon3-700x743.jpg 700w, https:\/\/tierheim-moers.de\/Wordpress\/wp-content\/uploads\/2023\/04\/Marlon3-1320x1401.jpg 1320w\" sizes=\"(max-width: 283px) 100vw, 283px\" \/><\/a> <a href=\"https:\/\/tierheim-moers.de\/Wordpress\/wp-content\/uploads\/2023\/04\/Marlon2.jpg\"><img loading=\"lazy\" decoding=\"async\" class=\"alignnone size-medium wp-image-53005\" src=\"https:\/\/tierheim-moers.de\/Wordpress\/wp-content\/uploads\/2023\/04\/Marlon2-296x300.jpg\" alt=\"\" width=\"296\" height=\"300\" srcset=\"https:\/\/tierheim-moers.de\/Wordpress\/wp-content\/uploads\/2023\/04\/Marlon2-296x300.jpg 296w, https:\/\/tierheim-moers.de\/Wordpress\/wp-content\/uploads\/2023\/04\/Marlon2-1010x1024.jpg 1010w, https:\/\/tierheim-moers.de\/Wordpress\/wp-content\/uploads\/2023\/04\/Marlon2-768x779.jpg 768w, https:\/\/tierheim-moers.de\/Wordpress\/wp-content\/uploads\/2023\/04\/Marlon2-600x608.jpg 600w, https:\/\/tierheim-moers.de\/Wordpress\/wp-content\/uploads\/2023\/04\/Marlon2-1515x1536.jpg 1515w, https:\/\/tierheim-moers.de\/Wordpress\/wp-content\/uploads\/2023\/04\/Marlon2-700x710.jpg 700w, https:\/\/tierheim-moers.de\/Wordpress\/wp-content\/uploads\/2023\/04\/Marlon2-1320x1338.jpg 1320w, https:\/\/tierheim-moers.de\/Wordpress\/wp-content\/uploads\/2023\/04\/Marlon2-45x45.jpg 45w, https:\/\/tierheim-moers.de\/Wordpress\/wp-content\/uploads\/2023\/04\/Marlon2.jpg 1793w\" sizes=\"(max-width: 296px) 100vw, 296px\" \/><\/a><\/p>\n<p>Marlon hat bereits eine Zahn-OP hinter sich gebracht und bei der genauen Untersuchung der Ohren wurden verschiedene Erreger sowie eine akute Mittelohrentz\u00fcndung festgestgellt.<\/p>\n<p><a href=\"https:\/\/tierheim-moers.de\/Wordpress\/wp-content\/uploads\/2023\/04\/Marlon5-scaled.jpg\"><img loading=\"lazy\" decoding=\"async\" class=\"alignnone size-medium wp-image-53008\" src=\"https:\/\/tierheim-moers.de\/Wordpress\/wp-content\/uploads\/2023\/04\/Marlon5-276x300.jpg\" alt=\"\" width=\"276\" height=\"300\"><\/a> <a href=\"https:\/\/tierheim-moers.de\/Wordpress\/wp-content\/uploads\/2023\/04\/Marlon4.jpg\"><img loading=\"lazy\" decoding=\"async\" class=\"alignnone size-medium wp-image-53007\" src=\"https:\/\/tierheim-moers.de\/Wordpress\/wp-content\/uploads\/2023\/04\/Marlon4-281x300.jpg\" alt=\"\" width=\"281\" height=\"300\" srcset=\"https:\/\/tierheim-moers.de\/Wordpress\/wp-content\/uploads\/2023\/04\/Marlon4-281x300.jpg 281w, https:\/\/tierheim-moers.de\/Wordpress\/wp-content\/uploads\/2023\/04\/Marlon4-958x1024.jpg 958w, https:\/\/tierheim-moers.de\/Wordpress\/wp-content\/uploads\/2023\/04\/Marlon4-768x821.jpg 768w, https:\/\/tierheim-moers.de\/Wordpress\/wp-content\/uploads\/2023\/04\/Marlon4-600x641.jpg 600w, https:\/\/tierheim-moers.de\/Wordpress\/wp-content\/uploads\/2023\/04\/Marlon4-1438x1536.jpg 1438w, https:\/\/tierheim-moers.de\/Wordpress\/wp-content\/uploads\/2023\/04\/Marlon4-1917x2048.jpg 1917w, https:\/\/tierheim-moers.de\/Wordpress\/wp-content\/uploads\/2023\/04\/Marlon4-700x748.jpg 700w, https:\/\/tierheim-moers.de\/Wordpress\/wp-content\/uploads\/2023\/04\/Marlon4-1320x1410.jpg 1320w\" sizes=\"(max-width: 281px) 100vw, 281px\" \/><\/a><\/p>\n<p>Marlon ist ausgesprochen aufgeschlossen und verschmust.<\/p>\n<p>Aktuell ist er noch nicht in der Vermittlung, da er sich noch in tier\u00e4rztlicher Behandlung befindet.<\/p>\n<div class=\"shariff shariff-align-flex-start shariff-widget-align-center\" data-url=\"https%3A%2F%2Ftierheim-moers.de%2FWordpress%2Fmarlon-ein-wahrer-schmusekater-noch-nicht-in-der-vermittlung%2F\" data-timestamp=\"1685728200\" data-hidezero=\"1\" data-backendurl=\"https:\/\/tierheim-moers.de\/Wordpress\/wp-json\/shariff\/v1\/share_counts?\"><ul class=\"shariff-buttons theme-round orientation-horizontal buttonsize-small\"><li class=\"shariff-button facebook shariff-nocustomcolor\" style=\"background-color:#4273c8\"><a href=\"https:\/\/www.facebook.com\/sharer\/sharer.php?u=https%3A%2F%2Ftierheim-moers.de%2FWordpress%2Fmarlon-ein-wahrer-schmusekater-noch-nicht-in-der-vermittlung%2F\" title=\"Bei Facebook teilen\" aria-label=\"Bei Facebook teilen\" role=\"button\" rel=\"nofollow\" class=\"shariff-link\" style=\"; background-color:#3b5998; color:#fff\" target=\"_blank\"><span class=\"shariff-icon\" style=\"\"><svg width=\"32px\" height=\"20px\" xmlns=\"http:\/\/www.w3.org\/2000\/svg\" viewBox=\"0 0 18 32\"><path fill=\"#3b5998\" d=\"M17.1 0.2v4.7h-2.8q-1.5 0-2.1 0.6t-0.5 1.9v3.4h5.2l-0.7 5.3h-4.5v13.6h-5.5v-13.6h-4.5v-5.3h4.5v-3.9q0-3.3 1.9-5.2t5-1.8q2.6 0 4.1 0.2z\"\/><\/svg><\/span><\/a><\/li><li class=\"shariff-button twitter shariff-nocustomcolor\" style=\"background-color:#595959\"><a href=\"https:\/\/twitter.com\/share?url=https%3A%2F%2Ftierheim-moers.de%2FWordpress%2Fmarlon-ein-wahrer-schmusekater-noch-nicht-in-der-vermittlung%2F&text=Marlon%20%E2%80%A6%20ein%20wahrer%20Schmusekater%20%E2%80%93%20vermittelt%20mit%20Pirat%2002.06.2023\" title=\"Bei X teilen\" aria-label=\"Bei X teilen\" role=\"button\" rel=\"noopener nofollow\" class=\"shariff-link\" style=\"; background-color:#000; color:#fff\" target=\"_blank\"><span class=\"shariff-icon\" style=\"\"><svg width=\"32px\" height=\"20px\" xmlns=\"http:\/\/www.w3.org\/2000\/svg\" viewBox=\"0 0 24 24\"><path fill=\"#000\" d=\"M14.258 10.152L23.176 0h-2.113l-7.747 8.813L7.133 0H0l9.352 13.328L0 23.973h2.113l8.176-9.309 6.531 9.309h7.133zm-2.895 3.293l-.949-1.328L2.875 1.56h3.246l6.086 8.523.945 1.328 7.91 11.078h-3.246zm0 0\"\/><\/svg><\/span><\/a><\/li><li class=\"shariff-button whatsapp shariff-nocustomcolor\" style=\"background-color:#5cbe4a\"><a href=\"https:\/\/api.whatsapp.com\/send?text=https%3A%2F%2Ftierheim-moers.de%2FWordpress%2Fmarlon-ein-wahrer-schmusekater-noch-nicht-in-der-vermittlung%2F%20Marlon%20%E2%80%A6%20ein%20wahrer%20Schmusekater%20%E2%80%93%20vermittelt%20mit%20Pirat%2002.06.2023\" title=\"Bei Whatsapp teilen\" aria-label=\"Bei Whatsapp teilen\" role=\"button\" rel=\"noopener nofollow\" class=\"shariff-link\" style=\"; background-color:#34af23; color:#fff\" target=\"_blank\"><span class=\"shariff-icon\" style=\"\"><svg width=\"32px\" height=\"20px\" xmlns=\"http:\/\/www.w3.org\/2000\/svg\" viewBox=\"0 0 32 32\"><path fill=\"#34af23\" d=\"M17.6 17.4q0.2 0 1.7 0.8t1.6 0.9q0 0.1 0 0.3 0 0.6-0.3 1.4-0.3 0.7-1.3 1.2t-1.8 0.5q-1 0-3.4-1.1-1.7-0.8-3-2.1t-2.6-3.3q-1.3-1.9-1.3-3.5v-0.1q0.1-1.6 1.3-2.8 0.4-0.4 0.9-0.4 0.1 0 0.3 0t0.3 0q0.3 0 0.5 0.1t0.3 0.5q0.1 0.4 0.6 1.6t0.4 1.3q0 0.4-0.6 1t-0.6 0.8q0 0.1 0.1 0.3 0.6 1.3 1.8 2.4 1 0.9 2.7 1.8 0.2 0.1 0.4 0.1 0.3 0 1-0.9t0.9-0.9zM14 26.9q2.3 0 4.3-0.9t3.6-2.4 2.4-3.6 0.9-4.3-0.9-4.3-2.4-3.6-3.6-2.4-4.3-0.9-4.3 0.9-3.6 2.4-2.4 3.6-0.9 4.3q0 3.6 2.1 6.6l-1.4 4.2 4.3-1.4q2.8 1.9 6.2 1.9zM14 2.2q2.7 0 5.2 1.1t4.3 2.9 2.9 4.3 1.1 5.2-1.1 5.2-2.9 4.3-4.3 2.9-5.2 1.1q-3.5 0-6.5-1.7l-7.4 2.4 2.4-7.2q-1.9-3.2-1.9-6.9 0-2.7 1.1-5.2t2.9-4.3 4.3-2.9 5.2-1.1z\"\/><\/svg><\/span><\/a><\/li><li class=\"shariff-button sms shariff-nocustomcolor shariff-mobile\" style=\"background-color:#d7d9d8\"><a href=\"sms:?&body=https%3A%2F%2Ftierheim-moers.de%2FWordpress%2Fmarlon-ein-wahrer-schmusekater-noch-nicht-in-der-vermittlung%2F\" title=\"Per SMS teilen\" aria-label=\"Per SMS teilen\" role=\"button\" rel=\"noopener nofollow\" class=\"shariff-link\" style=\"; background-color:#a1e877; color:#fff\" target=\"_blank\"><span class=\"shariff-icon\" style=\"\"><svg xmlns=\"http:\/\/www.w3.org\/2000\/svg\" width=\"510\" height=\"510\" viewBox=\"0 0 510 510\"><path fill=\"#a1e877\" d=\"M459 0H51C23 0 0 23 0 51v459l102-102h357c28.1 0 51-22.9 51-51V51C510 23 487.1 0 459 0zM178.5 229.5h-51v-51h51V229.5zM280.5 229.5h-51v-51h51V229.5zM382.5 229.5h-51v-51h51V229.5z\"\/><\/svg><\/span><\/a><\/li><\/ul><\/div>","protected":false},"excerpt":{"rendered":"<p>&nbsp; &nbsp; Update Mai 2023: &nbsp; Marlon\u00b4s Behandlung ist nun weitestgehend abgeschlossen. Noch m\u00fcssen seine Ohren regelm\u00e4\u00dfig gereinigt werden, aber das kann bei dem lieben Kater auch in einem neuen Zuhause erfolgen. Es hat sich gezeigt, dass Marlon und Pirat richtig gute Buddies sind &#8211; deshalb suchen wir f\u00fcr sie &#8230;<\/p>\n","protected":false},"author":7,"featured_media":53008,"comment_status":"closed","ping_status":"open","sticky":false,"template":"","format":"standard","meta":{"ngg_post_thumbnail":0,"footnotes":""},"categories":[10],"tags":[],"class_list":["post-53018","post","type-post","status-publish","format-standard","has-post-thumbnail","hentry","category-vermittelt","column","threecol","has-thumbnail"],"yoast_head":"<!-- This site is optimized with the Yoast SEO plugin v24.6 - https:\/\/yoast.com\/wordpress\/plugins\/seo\/ -->\n<title>Marlon ... ein wahrer Schmusekater - vermittelt mit Pirat 02.06.2023 | TIERHEIM MOERS<\/title>\n<meta name=\"robots\" content=\"index, follow, max-snippet:-1, max-image-preview:large, max-video-preview:-1\" \/>\n<link rel=\"canonical\" href=\"https:\/\/tierheim-moers.de\/Wordpress\/marlon-ein-wahrer-schmusekater-noch-nicht-in-der-vermittlung\/\" \/>\n<meta property=\"og:locale\" content=\"de_DE\" \/>\n<meta property=\"og:type\" content=\"article\" \/>\n<meta property=\"og:title\" content=\"Marlon ... ein wahrer Schmusekater - vermittelt mit Pirat 02.06.2023 | TIERHEIM MOERS\" \/>\n<meta property=\"og:description\" content=\"&nbsp; &nbsp; Update Mai 2023: &nbsp; Marlon\u00b4s Behandlung ist nun weitestgehend abgeschlossen. Noch m\u00fcssen seine Ohren regelm\u00e4\u00dfig gereinigt werden, aber das kann &#8230;\" \/>\n<meta property=\"og:url\" content=\"https:\/\/tierheim-moers.de\/Wordpress\/marlon-ein-wahrer-schmusekater-noch-nicht-in-der-vermittlung\/\" \/>\n<meta property=\"og:site_name\" content=\"TIERHEIM MOERS\" \/>\n<meta property=\"article:publisher\" content=\"https:\/\/de-de.facebook.com\/moers.tierheim\" \/>\n<meta property=\"article:published_time\" content=\"2023-06-02T14:42:16+00:00\" \/>\n<meta property=\"article:modified_time\" content=\"2023-06-02T15:50:00+00:00\" \/>\n<meta property=\"og:image\" content=\"https:\/\/tierheim-moers.de\/Wordpress\/wp-content\/uploads\/2023\/04\/Marlon5-scaled-e1680532923623.jpg\" \/>\n\t<meta property=\"og:image:width\" content=\"2355\" \/>\n\t<meta property=\"og:image:height\" content=\"1491\" \/>\n\t<meta property=\"og:image:type\" content=\"image\/jpeg\" \/>\n<meta name=\"author\" content=\"Kathrin Novotny\" \/>\n<meta name=\"twitter:card\" content=\"summary_large_image\" \/>\n<meta name=\"twitter:label1\" content=\"Verfasst von\" \/>\n\t<meta name=\"twitter:data1\" content=\"Kathrin Novotny\" \/>\n\t<meta name=\"twitter:label2\" content=\"Gesch\u00e4tzte Lesezeit\" \/>\n\t<meta name=\"twitter:data2\" content=\"3\u00a0Minuten\" \/>\n<script type=\"application\/ld+json\" class=\"yoast-schema-graph\">{\"@context\":\"https:\/\/schema.org\",\"@graph\":[{\"@type\":\"Article\",\"@id\":\"https:\/\/tierheim-moers.de\/Wordpress\/marlon-ein-wahrer-schmusekater-noch-nicht-in-der-vermittlung\/#article\",\"isPartOf\":{\"@id\":\"https:\/\/tierheim-moers.de\/Wordpress\/marlon-ein-wahrer-schmusekater-noch-nicht-in-der-vermittlung\/\"},\"author\":{\"name\":\"Kathrin Novotny\",\"@id\":\"https:\/\/tierheim-moers.de\/Wordpress\/#\/schema\/person\/167de77fdd5ff85153606cdd34a5ffbc\"},\"headline\":\"Marlon &#8230; ein wahrer Schmusekater &#8211; vermittelt mit Pirat 02.06.2023\",\"datePublished\":\"2023-06-02T14:42:16+00:00\",\"dateModified\":\"2023-06-02T15:50:00+00:00\",\"mainEntityOfPage\":{\"@id\":\"https:\/\/tierheim-moers.de\/Wordpress\/marlon-ein-wahrer-schmusekater-noch-nicht-in-der-vermittlung\/\"},\"wordCount\":248,\"publisher\":{\"@id\":\"https:\/\/tierheim-moers.de\/Wordpress\/#organization\"},\"image\":{\"@id\":\"https:\/\/tierheim-moers.de\/Wordpress\/marlon-ein-wahrer-schmusekater-noch-nicht-in-der-vermittlung\/#primaryimage\"},\"thumbnailUrl\":\"https:\/\/tierheim-moers.de\/Wordpress\/wp-content\/uploads\/2023\/04\/Marlon5-scaled-e1680532923623.jpg\",\"articleSection\":[\"Vermittelt\"],\"inLanguage\":\"de\"},{\"@type\":\"WebPage\",\"@id\":\"https:\/\/tierheim-moers.de\/Wordpress\/marlon-ein-wahrer-schmusekater-noch-nicht-in-der-vermittlung\/\",\"url\":\"https:\/\/tierheim-moers.de\/Wordpress\/marlon-ein-wahrer-schmusekater-noch-nicht-in-der-vermittlung\/\",\"name\":\"Marlon ... ein wahrer Schmusekater - vermittelt mit Pirat 02.06.2023 | TIERHEIM MOERS\",\"isPartOf\":{\"@id\":\"https:\/\/tierheim-moers.de\/Wordpress\/#website\"},\"primaryImageOfPage\":{\"@id\":\"https:\/\/tierheim-moers.de\/Wordpress\/marlon-ein-wahrer-schmusekater-noch-nicht-in-der-vermittlung\/#primaryimage\"},\"image\":{\"@id\":\"https:\/\/tierheim-moers.de\/Wordpress\/marlon-ein-wahrer-schmusekater-noch-nicht-in-der-vermittlung\/#primaryimage\"},\"thumbnailUrl\":\"https:\/\/tierheim-moers.de\/Wordpress\/wp-content\/uploads\/2023\/04\/Marlon5-scaled-e1680532923623.jpg\",\"datePublished\":\"2023-06-02T14:42:16+00:00\",\"dateModified\":\"2023-06-02T15:50:00+00:00\",\"breadcrumb\":{\"@id\":\"https:\/\/tierheim-moers.de\/Wordpress\/marlon-ein-wahrer-schmusekater-noch-nicht-in-der-vermittlung\/#breadcrumb\"},\"inLanguage\":\"de\",\"potentialAction\":[{\"@type\":\"ReadAction\",\"target\":[\"https:\/\/tierheim-moers.de\/Wordpress\/marlon-ein-wahrer-schmusekater-noch-nicht-in-der-vermittlung\/\"]}]},{\"@type\":\"ImageObject\",\"inLanguage\":\"de\",\"@id\":\"https:\/\/tierheim-moers.de\/Wordpress\/marlon-ein-wahrer-schmusekater-noch-nicht-in-der-vermittlung\/#primaryimage\",\"url\":\"https:\/\/tierheim-moers.de\/Wordpress\/wp-content\/uploads\/2023\/04\/Marlon5-scaled-e1680532923623.jpg\",\"contentUrl\":\"https:\/\/tierheim-moers.de\/Wordpress\/wp-content\/uploads\/2023\/04\/Marlon5-scaled-e1680532923623.jpg\",\"width\":2355,\"height\":1491},{\"@type\":\"BreadcrumbList\",\"@id\":\"https:\/\/tierheim-moers.de\/Wordpress\/marlon-ein-wahrer-schmusekater-noch-nicht-in-der-vermittlung\/#breadcrumb\",\"itemListElement\":[{\"@type\":\"ListItem\",\"position\":1,\"name\":\"Startseite\",\"item\":\"https:\/\/tierheim-moers.de\/Wordpress\/\"},{\"@type\":\"ListItem\",\"position\":2,\"name\":\"Marlon &#8230; ein wahrer Schmusekater &#8211; vermittelt mit Pirat 02.06.2023\"}]},{\"@type\":\"WebSite\",\"@id\":\"https:\/\/tierheim-moers.de\/Wordpress\/#website\",\"url\":\"https:\/\/tierheim-moers.de\/Wordpress\/\",\"name\":\"Tierheim Moers\",\"description\":\"Tierheim | Hundepension | Tierschutz | Moers\",\"publisher\":{\"@id\":\"https:\/\/tierheim-moers.de\/Wordpress\/#organization\"},\"potentialAction\":[{\"@type\":\"SearchAction\",\"target\":{\"@type\":\"EntryPoint\",\"urlTemplate\":\"https:\/\/tierheim-moers.de\/Wordpress\/?s={search_term_string}\"},\"query-input\":{\"@type\":\"PropertyValueSpecification\",\"valueRequired\":true,\"valueName\":\"search_term_string\"}}],\"inLanguage\":\"de\"},{\"@type\":\"Organization\",\"@id\":\"https:\/\/tierheim-moers.de\/Wordpress\/#organization\",\"name\":\"Tierheim Moers\",\"url\":\"https:\/\/tierheim-moers.de\/Wordpress\/\",\"logo\":{\"@type\":\"ImageObject\",\"inLanguage\":\"de\",\"@id\":\"https:\/\/tierheim-moers.de\/Wordpress\/#\/schema\/logo\/image\/\",\"url\":\"https:\/\/tierheim-moers.de\/Wordpress\/wp-content\/uploads\/2014\/04\/Logo-TSV-Moers-V01-RGB-300.png\",\"contentUrl\":\"https:\/\/tierheim-moers.de\/Wordpress\/wp-content\/uploads\/2014\/04\/Logo-TSV-Moers-V01-RGB-300.png\",\"width\":1052,\"height\":1038,\"caption\":\"Tierheim Moers\"},\"image\":{\"@id\":\"https:\/\/tierheim-moers.de\/Wordpress\/#\/schema\/logo\/image\/\"},\"sameAs\":[\"https:\/\/de-de.facebook.com\/moers.tierheim\"]},{\"@type\":\"Person\",\"@id\":\"https:\/\/tierheim-moers.de\/Wordpress\/#\/schema\/person\/167de77fdd5ff85153606cdd34a5ffbc\",\"name\":\"Kathrin Novotny\",\"image\":{\"@type\":\"ImageObject\",\"inLanguage\":\"de\",\"@id\":\"https:\/\/tierheim-moers.de\/Wordpress\/#\/schema\/person\/image\/\",\"url\":\"https:\/\/secure.gravatar.com\/avatar\/8dbd3a3cd58d0e299cb5bd95a6d53c79eebe36713eda62bbb3c41a749d06346f?s=96&d=mm&r=g\",\"contentUrl\":\"https:\/\/secure.gravatar.com\/avatar\/8dbd3a3cd58d0e299cb5bd95a6d53c79eebe36713eda62bbb3c41a749d06346f?s=96&d=mm&r=g\",\"caption\":\"Kathrin Novotny\"},\"url\":\"https:\/\/tierheim-moers.de\/Wordpress\/author\/kathrin\/\"}]}<\/script>\n<!-- \/ Yoast SEO plugin. -->","yoast_head_json":{"title":"Marlon ... ein wahrer Schmusekater - vermittelt mit Pirat 02.06.2023 | TIERHEIM MOERS","robots":{"index":"index","follow":"follow","max-snippet":"max-snippet:-1","max-image-preview":"max-image-preview:large","max-video-preview":"max-video-preview:-1"},"canonical":"https:\/\/tierheim-moers.de\/Wordpress\/marlon-ein-wahrer-schmusekater-noch-nicht-in-der-vermittlung\/","og_locale":"de_DE","og_type":"article","og_title":"Marlon ... ein wahrer Schmusekater - vermittelt mit Pirat 02.06.2023 | TIERHEIM MOERS","og_description":"&nbsp; &nbsp; Update Mai 2023: &nbsp; Marlon\u00b4s Behandlung ist nun weitestgehend abgeschlossen. Noch m\u00fcssen seine Ohren regelm\u00e4\u00dfig gereinigt werden, aber das kann &#8230;","og_url":"https:\/\/tierheim-moers.de\/Wordpress\/marlon-ein-wahrer-schmusekater-noch-nicht-in-der-vermittlung\/","og_site_name":"TIERHEIM MOERS","article_publisher":"https:\/\/de-de.facebook.com\/moers.tierheim","article_published_time":"2023-06-02T14:42:16+00:00","article_modified_time":"2023-06-02T15:50:00+00:00","og_image":[{"width":2355,"height":1491,"url":"https:\/\/tierheim-moers.de\/Wordpress\/wp-content\/uploads\/2023\/04\/Marlon5-scaled-e1680532923623.jpg","type":"image\/jpeg"}],"author":"Kathrin Novotny","twitter_card":"summary_large_image","twitter_misc":{"Verfasst von":"Kathrin Novotny","Gesch\u00e4tzte Lesezeit":"3\u00a0Minuten"},"schema":{"@context":"https:\/\/schema.org","@graph":[{"@type":"Article","@id":"https:\/\/tierheim-moers.de\/Wordpress\/marlon-ein-wahrer-schmusekater-noch-nicht-in-der-vermittlung\/#article","isPartOf":{"@id":"https:\/\/tierheim-moers.de\/Wordpress\/marlon-ein-wahrer-schmusekater-noch-nicht-in-der-vermittlung\/"},"author":{"name":"Kathrin Novotny","@id":"https:\/\/tierheim-moers.de\/Wordpress\/#\/schema\/person\/167de77fdd5ff85153606cdd34a5ffbc"},"headline":"Marlon &#8230; ein wahrer Schmusekater &#8211; vermittelt mit Pirat 02.06.2023","datePublished":"2023-06-02T14:42:16+00:00","dateModified":"2023-06-02T15:50:00+00:00","mainEntityOfPage":{"@id":"https:\/\/tierheim-moers.de\/Wordpress\/marlon-ein-wahrer-schmusekater-noch-nicht-in-der-vermittlung\/"},"wordCount":248,"publisher":{"@id":"https:\/\/tierheim-moers.de\/Wordpress\/#organization"},"image":{"@id":"https:\/\/tierheim-moers.de\/Wordpress\/marlon-ein-wahrer-schmusekater-noch-nicht-in-der-vermittlung\/#primaryimage"},"thumbnailUrl":"https:\/\/tierheim-moers.de\/Wordpress\/wp-content\/uploads\/2023\/04\/Marlon5-scaled-e1680532923623.jpg","articleSection":["Vermittelt"],"inLanguage":"de"},{"@type":"WebPage","@id":"https:\/\/tierheim-moers.de\/Wordpress\/marlon-ein-wahrer-schmusekater-noch-nicht-in-der-vermittlung\/","url":"https:\/\/tierheim-moers.de\/Wordpress\/marlon-ein-wahrer-schmusekater-noch-nicht-in-der-vermittlung\/","name":"Marlon ... ein wahrer Schmusekater - vermittelt mit Pirat 02.06.2023 | TIERHEIM MOERS","isPartOf":{"@id":"https:\/\/tierheim-moers.de\/Wordpress\/#website"},"primaryImageOfPage":{"@id":"https:\/\/tierheim-moers.de\/Wordpress\/marlon-ein-wahrer-schmusekater-noch-nicht-in-der-vermittlung\/#primaryimage"},"image":{"@id":"https:\/\/tierheim-moers.de\/Wordpress\/marlon-ein-wahrer-schmusekater-noch-nicht-in-der-vermittlung\/#primaryimage"},"thumbnailUrl":"https:\/\/tierheim-moers.de\/Wordpress\/wp-content\/uploads\/2023\/04\/Marlon5-scaled-e1680532923623.jpg","datePublished":"2023-06-02T14:42:16+00:00","dateModified":"2023-06-02T15:50:00+00:00","breadcrumb":{"@id":"https:\/\/tierheim-moers.de\/Wordpress\/marlon-ein-wahrer-schmusekater-noch-nicht-in-der-vermittlung\/#breadcrumb"},"inLanguage":"de","potentialAction":[{"@type":"ReadAction","target":["https:\/\/tierheim-moers.de\/Wordpress\/marlon-ein-wahrer-schmusekater-noch-nicht-in-der-vermittlung\/"]}]},{"@type":"ImageObject","inLanguage":"de","@id":"https:\/\/tierheim-moers.de\/Wordpress\/marlon-ein-wahrer-schmusekater-noch-nicht-in-der-vermittlung\/#primaryimage","url":"https:\/\/tierheim-moers.de\/Wordpress\/wp-content\/uploads\/2023\/04\/Marlon5-scaled-e1680532923623.jpg","contentUrl":"https:\/\/tierheim-moers.de\/Wordpress\/wp-content\/uploads\/2023\/04\/Marlon5-scaled-e1680532923623.jpg","width":2355,"height":1491},{"@type":"BreadcrumbList","@id":"https:\/\/tierheim-moers.de\/Wordpress\/marlon-ein-wahrer-schmusekater-noch-nicht-in-der-vermittlung\/#breadcrumb","itemListElement":[{"@type":"ListItem","position":1,"name":"Startseite","item":"https:\/\/tierheim-moers.de\/Wordpress\/"},{"@type":"ListItem","position":2,"name":"Marlon &#8230; ein wahrer Schmusekater &#8211; vermittelt mit Pirat 02.06.2023"}]},{"@type":"WebSite","@id":"https:\/\/tierheim-moers.de\/Wordpress\/#website","url":"https:\/\/tierheim-moers.de\/Wordpress\/","name":"Tierheim Moers","description":"Tierheim | Hundepension | Tierschutz | Moers","publisher":{"@id":"https:\/\/tierheim-moers.de\/Wordpress\/#organization"},"potentialAction":[{"@type":"SearchAction","target":{"@type":"EntryPoint","urlTemplate":"https:\/\/tierheim-moers.de\/Wordpress\/?s={search_term_string}"},"query-input":{"@type":"PropertyValueSpecification","valueRequired":true,"valueName":"search_term_string"}}],"inLanguage":"de"},{"@type":"Organization","@id":"https:\/\/tierheim-moers.de\/Wordpress\/#organization","name":"Tierheim Moers","url":"https:\/\/tierheim-moers.de\/Wordpress\/","logo":{"@type":"ImageObject","inLanguage":"de","@id":"https:\/\/tierheim-moers.de\/Wordpress\/#\/schema\/logo\/image\/","url":"https:\/\/tierheim-moers.de\/Wordpress\/wp-content\/uploads\/2014\/04\/Logo-TSV-Moers-V01-RGB-300.png","contentUrl":"https:\/\/tierheim-moers.de\/Wordpress\/wp-content\/uploads\/2014\/04\/Logo-TSV-Moers-V01-RGB-300.png","width":1052,"height":1038,"caption":"Tierheim Moers"},"image":{"@id":"https:\/\/tierheim-moers.de\/Wordpress\/#\/schema\/logo\/image\/"},"sameAs":["https:\/\/de-de.facebook.com\/moers.tierheim"]},{"@type":"Person","@id":"https:\/\/tierheim-moers.de\/Wordpress\/#\/schema\/person\/167de77fdd5ff85153606cdd34a5ffbc","name":"Kathrin Novotny","image":{"@type":"ImageObject","inLanguage":"de","@id":"https:\/\/tierheim-moers.de\/Wordpress\/#\/schema\/person\/image\/","url":"https:\/\/secure.gravatar.com\/avatar\/8dbd3a3cd58d0e299cb5bd95a6d53c79eebe36713eda62bbb3c41a749d06346f?s=96&d=mm&r=g","contentUrl":"https:\/\/secure.gravatar.com\/avatar\/8dbd3a3cd58d0e299cb5bd95a6d53c79eebe36713eda62bbb3c41a749d06346f?s=96&d=mm&r=g","caption":"Kathrin Novotny"},"url":"https:\/\/tierheim-moers.de\/Wordpress\/author\/kathrin\/"}]}},"_links":{"self":[{"href":"https:\/\/tierheim-moers.de\/Wordpress\/wp-json\/wp\/v2\/posts\/53018","targetHints":{"allow":["GET"]}}],"collection":[{"href":"https:\/\/tierheim-moers.de\/Wordpress\/wp-json\/wp\/v2\/posts"}],"about":[{"href":"https:\/\/tierheim-moers.de\/Wordpress\/wp-json\/wp\/v2\/types\/post"}],"author":[{"embeddable":true,"href":"https:\/\/tierheim-moers.de\/Wordpress\/wp-json\/wp\/v2\/users\/7"}],"replies":[{"embeddable":true,"href":"https:\/\/tierheim-moers.de\/Wordpress\/wp-json\/wp\/v2\/comments?post=53018"}],"version-history":[{"count":4,"href":"https:\/\/tierheim-moers.de\/Wordpress\/wp-json\/wp\/v2\/posts\/53018\/revisions"}],"predecessor-version":[{"id":53736,"href":"https:\/\/tierheim-moers.de\/Wordpress\/wp-json\/wp\/v2\/posts\/53018\/revisions\/53736"}],"wp:featuredmedia":[{"embeddable":true,"href":"https:\/\/tierheim-moers.de\/Wordpress\/wp-json\/wp\/v2\/media\/53008"}],"wp:attachment":[{"href":"https:\/\/tierheim-moers.de\/Wordpress\/wp-json\/wp\/v2\/media?parent=53018"}],"wp:term":[{"taxonomy":"category","embeddable":true,"href":"https:\/\/tierheim-moers.de\/Wordpress\/wp-json\/wp\/v2\/categories?post=53018"},{"taxonomy":"post_tag","embeddable":true,"href":"https:\/\/tierheim-moers.de\/Wordpress\/wp-json\/wp\/v2\/tags?post=53018"}],"curies":[{"name":"wp","href":"https:\/\/api.w.org\/{rel}","templated":true}]}}